{"id":329,"date":"2013-04-25T09:07:42","date_gmt":"2013-04-25T07:07:42","guid":{"rendered":"https:\/\/marekkuchcinski.pl\/?p=329"},"modified":"2016-08-25T16:59:28","modified_gmt":"2016-08-25T14:59:28","slug":"spotkania-wicemarszalka-sejmu-rp-z-mieszkancami-zachodniopomorskiego","status":"publish","type":"post","link":"https:\/\/marekkuchcinski.pl\/ro\/wydarzenia\/spotkania-wicemarszalka-sejmu-rp-z-mieszkancami-zachodniopomorskiego\/","title":{"rendered":"\u00cent\u00e2lniri ale vicepre\u0219edintelui Sejm-ului cu locuitorii din Pomerania"},"content":{"rendered":"<p style=\"text-align: justify;\">\u00cen perioada 20-21 aprilie 2013, vicepre\u0219edintele Sejm-ului Republicii Polone - Marek Kuchci\u0144ski - a participat la \u00eent\u00e2lniri cu locuitorii din Voievodatele Pomerania \u0219i Pomerania de Vest, \u00een cadrul unei serii de \u00eent\u00e2lniri intitulate \"Discu\u021bii cu polonezii despre Polonia\", care au ca scop s\u0103 ajung\u0103 la un grup c\u00e2t mai mare de persoane cu informa\u021bii directe despre ce solu\u021bii propune Partidul Lege \u0219i Justi\u021bie \u00een vremuri de criz\u0103 \u00een cele mai importante domenii pentru Polonia, cum ar fi munca, impozitele, pensiile, s\u0103n\u0103tatea.<\/p>\n<p style=\"text-align: justify;\">La aceste \u00eent\u00e2lniri, organizate \u00een diferite regiuni ale Poloniei, particip\u0103 Jaros\u0142aw Kaczy\u0144ski - pre\u0219edintele Lege \u0219i Justi\u021bie - \u0219i politicieni importan\u021bi din Lege \u0219i Justi\u021bie: Beata Szyd\u0142o, Joachim Brudzi\u0144ski, Mariusz B\u0142aszczak, Mariusz Kami\u0144ski \u0219i Marek Kuchci\u0144ski.<\/p>\n<p style=\"text-align: justify;\"><a href=\"https:\/\/marekkuchcinski.pl\/index.php\/galeria\/category\/30-spotkania-z-mieszkancami-woj-pomorskiego-i-zachodniopomorskiego-20-21-kwietnia-2013-r\"><strong>Vezi fotografii.<\/strong><\/a><\/p>\n<p> <!--more--> <\/p>\n<p style=\"text-align: justify;\">\u00cen cadrul \u00eent\u00e2lnirilor dintre vicepre\u0219edintele Sejm-ului polonez \u0219i locuitorii \u0219i autorit\u0103\u021bile administra\u021biei locale din Malbork, Nowy Dw\u00f3r Gda\u0144ski, Wejherowo, S\u0142upsk, S\u0142awno, Bia\u0142ogard \u0219i Po\u0142czyn Zdr\u00f3j, au fost discutate problemele cu care se confrunt\u0103 zilnic locuitorii:<\/p>\n<p>- subven\u021bia pentru educa\u021bie - subven\u021bia alocat\u0103 \u00een prezent municipalit\u0103\u021bilor nu este suficient\u0103 (30% pentru educa\u021bie este asigurat\u0103 de municipalitate),<\/p>\n<p>- cre\u0219terea v\u00e2rstei de pensionare,<\/p>\n<p>- modific\u0103ri ale legisla\u021biei fiscale,<\/p>\n<p>- r\u0103spunderea financiar\u0103 a func\u021bionarilor pentru decizii eronate,<\/p>\n<p>- \u00eenchiderea \u0219antierelor navale din Gdansk ca o lovitur\u0103 pentru familii (pierderea locurilor de munc\u0103),<\/p>\n<p>- f\u0103r\u0103 ocolire Malbork.<\/p>\n<p style=\"text-align: justify;\">Mul\u021bi dintre cei care au participat la \u00eent\u00e2lniri \u0219i-au exprimat convingerea c\u0103 victoria Partidului Lege \u0219i Justi\u021bie depinde de astfel de \u00eent\u00e2lniri de discu\u021bii - nu doar la nivel de municipii \u0219i raioane.<\/p>","protected":false},"excerpt":{"rendered":"<p>W dniach 20-21 kwietnia 2013 roku wicemarsza\u0142ek Sejmu RP &#8211; Marek Kuchci\u0144ski bra\u0142 udzia\u0142 w spotkaniach z mieszka\u0144cami wojew\u00f3dztwa pomorskiego i zachodniopomorskiego w ramach cyklu spotka\u0144 \u201eRozmowy z Polakami o Polsce\u201d, kt\u00f3re maj\u0105 na celu dotarcie do jak najwi\u0119kszej grupy ludzi z bezpo\u015bredni\u0105 informacj\u0105, jakie rozwi\u0105zania proponuje Prawo i Sprawiedliwo\u015b\u0107 w czasie kryzysu w najwa\u017cniejszych [&hellip;]<\/p>","protected":false},"author":6,"featured_media":0,"comment_status":"open","ping_status":"open","sticky":false,"template":"","format":"standard","meta":{"ngg_post_thumbnail":0,"footnotes":""},"categories":[3],"tags":[],"class_list":["post-329","post","type-post","status-publish","format-standard","hentry","category-wydarzenia"],"yoast_head":"<!-- This site is optimized with the Yoast SEO plugin v24.7 - https:\/\/yoast.com\/wordpress\/plugins\/seo\/ -->\n<title>Spotkania wicemarsza\u0142ka Sejmu z mieszka\u0144cami Pomorza &#8211; Marek Kuchci\u0144ski<\/title>\n<meta name=\"robots\" content=\"index, follow, max-snippet:-1, max-image-preview:large, max-video-preview:-1\" \/>\n<link rel=\"canonical\" href=\"https:\/\/marekkuchcinski.pl\/ro\/wydarzenia\/spotkania-wicemarszalka-sejmu-rp-z-mieszkancami-zachodniopomorskiego\/\" \/>\n<meta property=\"og:locale\" content=\"ro_RO\" \/>\n<meta property=\"og:type\" content=\"article\" \/>\n<meta property=\"og:title\" content=\"Spotkania wicemarsza\u0142ka Sejmu z mieszka\u0144cami Pomorza &#8211; Marek Kuchci\u0144ski\" \/>\n<meta property=\"og:description\" content=\"W dniach 20-21 kwietnia 2013 roku wicemarsza\u0142ek Sejmu RP &#8211; Marek Kuchci\u0144ski bra\u0142 udzia\u0142 w spotkaniach z mieszka\u0144cami wojew\u00f3dztwa pomorskiego i zachodniopomorskiego w ramach cyklu spotka\u0144 \u201eRozmowy z Polakami o Polsce\u201d, kt\u00f3re maj\u0105 na celu dotarcie do jak najwi\u0119kszej grupy ludzi z bezpo\u015bredni\u0105 informacj\u0105, jakie rozwi\u0105zania proponuje Prawo i Sprawiedliwo\u015b\u0107 w czasie kryzysu w najwa\u017cniejszych [&hellip;]\" \/>\n<meta property=\"og:url\" content=\"https:\/\/marekkuchcinski.pl\/ro\/wydarzenia\/spotkania-wicemarszalka-sejmu-rp-z-mieszkancami-zachodniopomorskiego\/\" \/>\n<meta property=\"og:site_name\" content=\"Marek Kuchci\u0144ski\" \/>\n<meta property=\"article:published_time\" content=\"2013-04-25T07:07:42+00:00\" \/>\n<meta property=\"article:modified_time\" content=\"2016-08-25T14:59:28+00:00\" \/>\n<meta property=\"og:image\" content=\"https:\/\/marekkuchcinski.pl\/wp-content\/uploads\/2022\/09\/Marek.jpg\" \/>\n\t<meta property=\"og:image:width\" content=\"1600\" \/>\n\t<meta property=\"og:image:height\" content=\"971\" \/>\n\t<meta property=\"og:image:type\" content=\"image\/jpeg\" \/>\n<meta name=\"author\" content=\"admin\" \/>\n<meta name=\"twitter:card\" content=\"summary_large_image\" \/>\n<meta name=\"twitter:label1\" content=\"Scris de\" \/>\n\t<meta name=\"twitter:data1\" content=\"admin\" \/>\n\t<meta name=\"twitter:label2\" content=\"Timp estimat pentru citire\" \/>\n\t<meta name=\"twitter:data2\" content=\"1 minute\" \/>\n<script type=\"application\/ld+json\" class=\"yoast-schema-graph\">{\"@context\":\"https:\/\/schema.org\",\"@graph\":[{\"@type\":\"Article\",\"@id\":\"https:\/\/marekkuchcinski.pl\/uk\/wydarzenia\/spotkania-wicemarszalka-sejmu-rp-z-mieszkancami-zachodniopomorskiego\/#article\",\"isPartOf\":{\"@id\":\"https:\/\/marekkuchcinski.pl\/uk\/wydarzenia\/spotkania-wicemarszalka-sejmu-rp-z-mieszkancami-zachodniopomorskiego\/\"},\"author\":{\"name\":\"admin\",\"@id\":\"https:\/\/marekkuchcinski.pl\/#\/schema\/person\/6f62700996b4d950b6ea2d1183b6c6be\"},\"headline\":\"Spotkania wicemarsza\u0142ka Sejmu z mieszka\u0144cami Pomorza\",\"datePublished\":\"2013-04-25T07:07:42+00:00\",\"dateModified\":\"2016-08-25T14:59:28+00:00\",\"mainEntityOfPage\":{\"@id\":\"https:\/\/marekkuchcinski.pl\/uk\/wydarzenia\/spotkania-wicemarszalka-sejmu-rp-z-mieszkancami-zachodniopomorskiego\/\"},\"wordCount\":258,\"commentCount\":0,\"publisher\":{\"@id\":\"https:\/\/marekkuchcinski.pl\/#organization\"},\"articleSection\":[\"Wydarzenia\"],\"inLanguage\":\"ro-RO\",\"potentialAction\":[{\"@type\":\"CommentAction\",\"name\":\"Comment\",\"target\":[\"https:\/\/marekkuchcinski.pl\/uk\/wydarzenia\/spotkania-wicemarszalka-sejmu-rp-z-mieszkancami-zachodniopomorskiego\/#respond\"]}]},{\"@type\":\"WebPage\",\"@id\":\"https:\/\/marekkuchcinski.pl\/uk\/wydarzenia\/spotkania-wicemarszalka-sejmu-rp-z-mieszkancami-zachodniopomorskiego\/\",\"url\":\"https:\/\/marekkuchcinski.pl\/uk\/wydarzenia\/spotkania-wicemarszalka-sejmu-rp-z-mieszkancami-zachodniopomorskiego\/\",\"name\":\"Spotkania wicemarsza\u0142ka Sejmu z mieszka\u0144cami Pomorza &#8211; Marek Kuchci\u0144ski\",\"isPartOf\":{\"@id\":\"https:\/\/marekkuchcinski.pl\/#website\"},\"datePublished\":\"2013-04-25T07:07:42+00:00\",\"dateModified\":\"2016-08-25T14:59:28+00:00\",\"breadcrumb\":{\"@id\":\"https:\/\/marekkuchcinski.pl\/uk\/wydarzenia\/spotkania-wicemarszalka-sejmu-rp-z-mieszkancami-zachodniopomorskiego\/#breadcrumb\"},\"inLanguage\":\"ro-RO\",\"potentialAction\":[{\"@type\":\"ReadAction\",\"target\":[\"https:\/\/marekkuchcinski.pl\/uk\/wydarzenia\/spotkania-wicemarszalka-sejmu-rp-z-mieszkancami-zachodniopomorskiego\/\"]}]},{\"@type\":\"BreadcrumbList\",\"@id\":\"https:\/\/marekkuchcinski.pl\/uk\/wydarzenia\/spotkania-wicemarszalka-sejmu-rp-z-mieszkancami-zachodniopomorskiego\/#breadcrumb\",\"itemListElement\":[{\"@type\":\"ListItem\",\"position\":1,\"name\":\"Strona g\u0142\u00f3wna\",\"item\":\"https:\/\/marekkuchcinski.pl\/\"},{\"@type\":\"ListItem\",\"position\":2,\"name\":\"Spotkania wicemarsza\u0142ka Sejmu z mieszka\u0144cami Pomorza\"}]},{\"@type\":\"WebSite\",\"@id\":\"https:\/\/marekkuchcinski.pl\/#website\",\"url\":\"https:\/\/marekkuchcinski.pl\/\",\"name\":\"Marek Kuchci\u0144ski\",\"description\":\"Pose\u0142 na sejm RP &ndash; okr\u0119g nr 22\",\"publisher\":{\"@id\":\"https:\/\/marekkuchcinski.pl\/#organization\"},\"potentialAction\":[{\"@type\":\"SearchAction\",\"target\":{\"@type\":\"EntryPoint\",\"urlTemplate\":\"https:\/\/marekkuchcinski.pl\/?s={search_term_string}\"},\"query-input\":{\"@type\":\"PropertyValueSpecification\",\"valueRequired\":true,\"valueName\":\"search_term_string\"}}],\"inLanguage\":\"ro-RO\"},{\"@type\":\"Organization\",\"@id\":\"https:\/\/marekkuchcinski.pl\/#organization\",\"name\":\"Marek Kuchci\u0144ski\",\"url\":\"https:\/\/marekkuchcinski.pl\/\",\"logo\":{\"@type\":\"ImageObject\",\"inLanguage\":\"ro-RO\",\"@id\":\"https:\/\/marekkuchcinski.pl\/#\/schema\/logo\/image\/\",\"url\":\"https:\/\/marekkuchcinski.pl\/wp-content\/uploads\/2022\/09\/Marek.jpg\",\"contentUrl\":\"https:\/\/marekkuchcinski.pl\/wp-content\/uploads\/2022\/09\/Marek.jpg\",\"width\":1600,\"height\":971,\"caption\":\"Marek Kuchci\u0144ski\"},\"image\":{\"@id\":\"https:\/\/marekkuchcinski.pl\/#\/schema\/logo\/image\/\"}},{\"@type\":\"Person\",\"@id\":\"https:\/\/marekkuchcinski.pl\/#\/schema\/person\/6f62700996b4d950b6ea2d1183b6c6be\",\"name\":\"admin\",\"image\":{\"@type\":\"ImageObject\",\"inLanguage\":\"ro-RO\",\"@id\":\"https:\/\/marekkuchcinski.pl\/#\/schema\/person\/image\/\",\"url\":\"https:\/\/secure.gravatar.com\/avatar\/4bab693b9d55c3d6b52c0296a8765085?s=96&d=mm&r=g\",\"contentUrl\":\"https:\/\/secure.gravatar.com\/avatar\/4bab693b9d55c3d6b52c0296a8765085?s=96&d=mm&r=g\",\"caption\":\"admin\"},\"url\":\"https:\/\/marekkuchcinski.pl\/ro\/author\/marta-olejnik\/\"}]}<\/script>\n<!-- \/ Yoast SEO plugin. -->","yoast_head_json":{"title":"Spotkania wicemarsza\u0142ka Sejmu z mieszka\u0144cami Pomorza &#8211; Marek Kuchci\u0144ski","robots":{"index":"index","follow":"follow","max-snippet":"max-snippet:-1","max-image-preview":"max-image-preview:large","max-video-preview":"max-video-preview:-1"},"canonical":"https:\/\/marekkuchcinski.pl\/ro\/wydarzenia\/spotkania-wicemarszalka-sejmu-rp-z-mieszkancami-zachodniopomorskiego\/","og_locale":"ro_RO","og_type":"article","og_title":"Spotkania wicemarsza\u0142ka Sejmu z mieszka\u0144cami Pomorza &#8211; Marek Kuchci\u0144ski","og_description":"W dniach 20-21 kwietnia 2013 roku wicemarsza\u0142ek Sejmu RP &#8211; Marek Kuchci\u0144ski bra\u0142 udzia\u0142 w spotkaniach z mieszka\u0144cami wojew\u00f3dztwa pomorskiego i zachodniopomorskiego w ramach cyklu spotka\u0144 \u201eRozmowy z Polakami o Polsce\u201d, kt\u00f3re maj\u0105 na celu dotarcie do jak najwi\u0119kszej grupy ludzi z bezpo\u015bredni\u0105 informacj\u0105, jakie rozwi\u0105zania proponuje Prawo i Sprawiedliwo\u015b\u0107 w czasie kryzysu w najwa\u017cniejszych [&hellip;]","og_url":"https:\/\/marekkuchcinski.pl\/ro\/wydarzenia\/spotkania-wicemarszalka-sejmu-rp-z-mieszkancami-zachodniopomorskiego\/","og_site_name":"Marek Kuchci\u0144ski","article_published_time":"2013-04-25T07:07:42+00:00","article_modified_time":"2016-08-25T14:59:28+00:00","og_image":[{"width":1600,"height":971,"url":"https:\/\/marekkuchcinski.pl\/wp-content\/uploads\/2022\/09\/Marek.jpg","type":"image\/jpeg"}],"author":"admin","twitter_card":"summary_large_image","twitter_misc":{"Scris de":"admin","Timp estimat pentru citire":"1 minute"},"schema":{"@context":"https:\/\/schema.org","@graph":[{"@type":"Article","@id":"https:\/\/marekkuchcinski.pl\/uk\/wydarzenia\/spotkania-wicemarszalka-sejmu-rp-z-mieszkancami-zachodniopomorskiego\/#article","isPartOf":{"@id":"https:\/\/marekkuchcinski.pl\/uk\/wydarzenia\/spotkania-wicemarszalka-sejmu-rp-z-mieszkancami-zachodniopomorskiego\/"},"author":{"name":"admin","@id":"https:\/\/marekkuchcinski.pl\/#\/schema\/person\/6f62700996b4d950b6ea2d1183b6c6be"},"headline":"Spotkania wicemarsza\u0142ka Sejmu z mieszka\u0144cami Pomorza","datePublished":"2013-04-25T07:07:42+00:00","dateModified":"2016-08-25T14:59:28+00:00","mainEntityOfPage":{"@id":"https:\/\/marekkuchcinski.pl\/uk\/wydarzenia\/spotkania-wicemarszalka-sejmu-rp-z-mieszkancami-zachodniopomorskiego\/"},"wordCount":258,"commentCount":0,"publisher":{"@id":"https:\/\/marekkuchcinski.pl\/#organization"},"articleSection":["Wydarzenia"],"inLanguage":"ro-RO","potentialAction":[{"@type":"CommentAction","name":"Comment","target":["https:\/\/marekkuchcinski.pl\/uk\/wydarzenia\/spotkania-wicemarszalka-sejmu-rp-z-mieszkancami-zachodniopomorskiego\/#respond"]}]},{"@type":"WebPage","@id":"https:\/\/marekkuchcinski.pl\/uk\/wydarzenia\/spotkania-wicemarszalka-sejmu-rp-z-mieszkancami-zachodniopomorskiego\/","url":"https:\/\/marekkuchcinski.pl\/uk\/wydarzenia\/spotkania-wicemarszalka-sejmu-rp-z-mieszkancami-zachodniopomorskiego\/","name":"Spotkania wicemarsza\u0142ka Sejmu z mieszka\u0144cami Pomorza &#8211; Marek Kuchci\u0144ski","isPartOf":{"@id":"https:\/\/marekkuchcinski.pl\/#website"},"datePublished":"2013-04-25T07:07:42+00:00","dateModified":"2016-08-25T14:59:28+00:00","breadcrumb":{"@id":"https:\/\/marekkuchcinski.pl\/uk\/wydarzenia\/spotkania-wicemarszalka-sejmu-rp-z-mieszkancami-zachodniopomorskiego\/#breadcrumb"},"inLanguage":"ro-RO","potentialAction":[{"@type":"ReadAction","target":["https:\/\/marekkuchcinski.pl\/uk\/wydarzenia\/spotkania-wicemarszalka-sejmu-rp-z-mieszkancami-zachodniopomorskiego\/"]}]},{"@type":"BreadcrumbList","@id":"https:\/\/marekkuchcinski.pl\/uk\/wydarzenia\/spotkania-wicemarszalka-sejmu-rp-z-mieszkancami-zachodniopomorskiego\/#breadcrumb","itemListElement":[{"@type":"ListItem","position":1,"name":"Strona g\u0142\u00f3wna","item":"https:\/\/marekkuchcinski.pl\/"},{"@type":"ListItem","position":2,"name":"Spotkania wicemarsza\u0142ka Sejmu z mieszka\u0144cami Pomorza"}]},{"@type":"WebSite","@id":"https:\/\/marekkuchcinski.pl\/#website","url":"https:\/\/marekkuchcinski.pl\/","name":"Marek Kuchci\u0144ski","description":"Pose\u0142 na sejm RP &ndash; okr\u0119g nr 22","publisher":{"@id":"https:\/\/marekkuchcinski.pl\/#organization"},"potentialAction":[{"@type":"SearchAction","target":{"@type":"EntryPoint","urlTemplate":"https:\/\/marekkuchcinski.pl\/?s={search_term_string}"},"query-input":{"@type":"PropertyValueSpecification","valueRequired":true,"valueName":"search_term_string"}}],"inLanguage":"ro-RO"},{"@type":"Organization","@id":"https:\/\/marekkuchcinski.pl\/#organization","name":"Marek Kuchci\u0144ski","url":"https:\/\/marekkuchcinski.pl\/","logo":{"@type":"ImageObject","inLanguage":"ro-RO","@id":"https:\/\/marekkuchcinski.pl\/#\/schema\/logo\/image\/","url":"https:\/\/marekkuchcinski.pl\/wp-content\/uploads\/2022\/09\/Marek.jpg","contentUrl":"https:\/\/marekkuchcinski.pl\/wp-content\/uploads\/2022\/09\/Marek.jpg","width":1600,"height":971,"caption":"Marek Kuchci\u0144ski"},"image":{"@id":"https:\/\/marekkuchcinski.pl\/#\/schema\/logo\/image\/"}},{"@type":"Person","@id":"https:\/\/marekkuchcinski.pl\/#\/schema\/person\/6f62700996b4d950b6ea2d1183b6c6be","name":"admin","image":{"@type":"ImageObject","inLanguage":"ro-RO","@id":"https:\/\/marekkuchcinski.pl\/#\/schema\/person\/image\/","url":"https:\/\/secure.gravatar.com\/avatar\/4bab693b9d55c3d6b52c0296a8765085?s=96&d=mm&r=g","contentUrl":"https:\/\/secure.gravatar.com\/avatar\/4bab693b9d55c3d6b52c0296a8765085?s=96&d=mm&r=g","caption":"admin"},"url":"https:\/\/marekkuchcinski.pl\/ro\/author\/marta-olejnik\/"}]}},"_links":{"self":[{"href":"https:\/\/marekkuchcinski.pl\/ro\/wp-json\/wp\/v2\/posts\/329","targetHints":{"allow":["GET"]}}],"collection":[{"href":"https:\/\/marekkuchcinski.pl\/ro\/wp-json\/wp\/v2\/posts"}],"about":[{"href":"https:\/\/marekkuchcinski.pl\/ro\/wp-json\/wp\/v2\/types\/post"}],"author":[{"embeddable":true,"href":"https:\/\/marekkuchcinski.pl\/ro\/wp-json\/wp\/v2\/users\/6"}],"replies":[{"embeddable":true,"href":"https:\/\/marekkuchcinski.pl\/ro\/wp-json\/wp\/v2\/comments?post=329"}],"version-history":[{"count":1,"href":"https:\/\/marekkuchcinski.pl\/ro\/wp-json\/wp\/v2\/posts\/329\/revisions"}],"predecessor-version":[{"id":1244,"href":"https:\/\/marekkuchcinski.pl\/ro\/wp-json\/wp\/v2\/posts\/329\/revisions\/1244"}],"wp:attachment":[{"href":"https:\/\/marekkuchcinski.pl\/ro\/wp-json\/wp\/v2\/media?parent=329"}],"wp:term":[{"taxonomy":"category","embeddable":true,"href":"https:\/\/marekkuchcinski.pl\/ro\/wp-json\/wp\/v2\/categories?post=329"},{"taxonomy":"post_tag","embeddable":true,"href":"https:\/\/marekkuchcinski.pl\/ro\/wp-json\/wp\/v2\/tags?post=329"}],"curies":[{"name":"wp","href":"https:\/\/api.w.org\/{rel}","templated":true}]}}