{"id":29408,"date":"2023-10-02T22:31:23","date_gmt":"2023-10-02T20:31:23","guid":{"rendered":"https:\/\/marekkuchcinski.pl\/?p=29408"},"modified":"2023-10-02T22:55:30","modified_gmt":"2023-10-02T20:55:30","slug":"gala-sukcesu-kobiet-karpat-i-osobowosci","status":"publish","type":"post","link":"https:\/\/marekkuchcinski.pl\/ro\/bez-kategorii\/gala-sukcesu-kobiet-karpat-i-osobowosci\/","title":{"rendered":"Gala sukcesu Kobiet Karpat i Osobowo\u015bci"},"content":{"rendered":"<p class=\"has-medium-font-size\">Kobiety s\u0105 inspiracj\u0105 \u017cycia dla swoich m\u0119\u017cczyzn. Stanowi\u0105 fundament rodziny i wielkie wsparcie dla nas. Podczas konferencji \u201eKobiety  Sukcesu&#8221; wyr\u00f3\u017cniono dzisiaj 22 wspania\u0142e kobiety, pochodz\u0105ce z Karpat i z nimi zwi\u0105zane. Przede wszystkim \u017cony i matki, ale r\u00f3wnie\u017c kobiety o  wielu zdolno\u015bciach i talentach. Dzia\u0142aczki spo\u0142eczne, samorz\u0105dowe, artystki, przedsi\u0119biorczynie, gospodynie wiejskie, dziennikarki, muzyczki, nauczycielki, stra\u017cniczki graniczne i filantropki to tylko niekt\u00f3re z wielu funkcji pe\u0142nionych przez wyr\u00f3\u017cnione kobiety.<\/p>\n\n\n\n<figure class=\"wp-block-image aligncenter size-large\"><a href=\"https:\/\/marekkuchcinski.pl\/wp-content\/uploads\/2023\/10\/20231002_2009320.jpg\"><img fetchpriority=\"high\" decoding=\"async\" width=\"1024\" height=\"576\" src=\"https:\/\/marekkuchcinski.pl\/wp-content\/uploads\/2023\/10\/20231002_2009320-1024x576.jpg\" alt=\"\" class=\"wp-image-29409\" srcset=\"https:\/\/marekkuchcinski.pl\/wp-content\/uploads\/2023\/10\/20231002_2009320-1024x576.jpg 1024w, https:\/\/marekkuchcinski.pl\/wp-content\/uploads\/2023\/10\/20231002_2009320-300x169.jpg 300w, https:\/\/marekkuchcinski.pl\/wp-content\/uploads\/2023\/10\/20231002_2009320-768x432.jpg 768w, https:\/\/marekkuchcinski.pl\/wp-content\/uploads\/2023\/10\/20231002_2009320-1536x864.jpg 1536w, https:\/\/marekkuchcinski.pl\/wp-content\/uploads\/2023\/10\/20231002_2009320-18x10.jpg 18w, https:\/\/marekkuchcinski.pl\/wp-content\/uploads\/2023\/10\/20231002_2009320.jpg 1600w\" sizes=\"(max-width: 1024px) 100vw, 1024px\" \/><\/a><\/figure>\n\n\n\n<p class=\"has-medium-font-size\">Dzi\u0119kuj\u0119 Panie, \u017ce jeste\u015bcie. Za Wasz\u0105 ci\u0119\u017ck\u0105 prac\u0119 i wk\u0142ad w rozw\u00f3j Polski oraz naszych ma\u0142ych Ojczyzn. Wasz sukces stanowi inspiracj\u0119 i motywacj\u0119 do jeszcze bardziej wyt\u0119\u017conej aktywno\u015bci dla dobra nas wszystkich.W ramach konferencji odby\u0142 si\u0119 panel dyskusyjny \u201eMi\u0119dzy tradycj\u0105, a post\u0119pem. O roli kobiety we wsp\u00f3\u0142czesnym \u015bwiecie.\u201d z udzia\u0142em prezes stowarzyszenia Pani Krystyny Wr\u00f3blewskiej, pose\u0142 na Sejm RP Pani Teresy Pamu\u0142y, prezenterki telewizji polskiej Pani Ilony Ma\u0142ek oraz dyrektor szpitala psychiatrycznego w \u017burawicy Pani Bo\u017ceny Ryczan. Wydarzenie u\u015bwietni\u0142 r\u00f3wnie\u017c wyk\u0142ad dyrektor filharmonii podkarpackiej w Rzeszowie, Pani profesor dr. hab Marty Wierzbieniec \u2013 \u201eKobieta tajemnicza \u2013 jak muzyka?\u201d.\u00a0<\/p>\n\n\n\n<p class=\"has-medium-font-size\">Dzi\u0119kuj\u0119 Stowarzyszeniu za dobrze zorganizowane i inspiruj\u0105ce spotkanie oraz wk\u0142ad w rozw\u00f3j spo\u0142ecze\u0144stwa obywatelskiego.<\/p>\n\n\n\n<figure class=\"wp-block-image aligncenter size-large\"><a href=\"https:\/\/marekkuchcinski.pl\/wp-content\/uploads\/2023\/10\/20231002_191928.jpg\"><img decoding=\"async\" width=\"1024\" height=\"576\" src=\"https:\/\/marekkuchcinski.pl\/wp-content\/uploads\/2023\/10\/20231002_191928-1024x576.jpg\" alt=\"\" class=\"wp-image-29410\" srcset=\"https:\/\/marekkuchcinski.pl\/wp-content\/uploads\/2023\/10\/20231002_191928-1024x576.jpg 1024w, https:\/\/marekkuchcinski.pl\/wp-content\/uploads\/2023\/10\/20231002_191928-300x169.jpg 300w, https:\/\/marekkuchcinski.pl\/wp-content\/uploads\/2023\/10\/20231002_191928-768x432.jpg 768w, https:\/\/marekkuchcinski.pl\/wp-content\/uploads\/2023\/10\/20231002_191928-1536x864.jpg 1536w, https:\/\/marekkuchcinski.pl\/wp-content\/uploads\/2023\/10\/20231002_191928-18x10.jpg 18w, https:\/\/marekkuchcinski.pl\/wp-content\/uploads\/2023\/10\/20231002_191928.jpg 1600w\" sizes=\"(max-width: 1024px) 100vw, 1024px\" \/><\/a><\/figure>\n\n\n\n<figure class=\"wp-block-image aligncenter size-large\"><a href=\"https:\/\/marekkuchcinski.pl\/wp-content\/uploads\/2023\/10\/IMG-20231002-WA0038.jpg\"><img decoding=\"async\" width=\"1024\" height=\"768\" src=\"https:\/\/marekkuchcinski.pl\/wp-content\/uploads\/2023\/10\/IMG-20231002-WA0038-1024x768.jpg\" alt=\"\" class=\"wp-image-29412\" srcset=\"https:\/\/marekkuchcinski.pl\/wp-content\/uploads\/2023\/10\/IMG-20231002-WA0038-1024x768.jpg 1024w, https:\/\/marekkuchcinski.pl\/wp-content\/uploads\/2023\/10\/IMG-20231002-WA0038-300x225.jpg 300w, https:\/\/marekkuchcinski.pl\/wp-content\/uploads\/2023\/10\/IMG-20231002-WA0038-768x576.jpg 768w, https:\/\/marekkuchcinski.pl\/wp-content\/uploads\/2023\/10\/IMG-20231002-WA0038-1536x1152.jpg 1536w, https:\/\/marekkuchcinski.pl\/wp-content\/uploads\/2023\/10\/IMG-20231002-WA0038-16x12.jpg 16w, https:\/\/marekkuchcinski.pl\/wp-content\/uploads\/2023\/10\/IMG-20231002-WA0038.jpg 1600w\" sizes=\"(max-width: 1024px) 100vw, 1024px\" \/><\/a><\/figure>\n\n\n\n<figure class=\"wp-block-image aligncenter size-large\"><a href=\"https:\/\/marekkuchcinski.pl\/wp-content\/uploads\/2023\/10\/20231002_191140.jpg\"><img loading=\"lazy\" decoding=\"async\" width=\"1024\" height=\"576\" src=\"https:\/\/marekkuchcinski.pl\/wp-content\/uploads\/2023\/10\/20231002_191140-1024x576.jpg\" alt=\"\" class=\"wp-image-29411\" srcset=\"https:\/\/marekkuchcinski.pl\/wp-content\/uploads\/2023\/10\/20231002_191140-1024x576.jpg 1024w, https:\/\/marekkuchcinski.pl\/wp-content\/uploads\/2023\/10\/20231002_191140-300x169.jpg 300w, https:\/\/marekkuchcinski.pl\/wp-content\/uploads\/2023\/10\/20231002_191140-768x432.jpg 768w, https:\/\/marekkuchcinski.pl\/wp-content\/uploads\/2023\/10\/20231002_191140-1536x864.jpg 1536w, https:\/\/marekkuchcinski.pl\/wp-content\/uploads\/2023\/10\/20231002_191140-18x10.jpg 18w, https:\/\/marekkuchcinski.pl\/wp-content\/uploads\/2023\/10\/20231002_191140.jpg 1600w\" sizes=\"(max-width: 1024px) 100vw, 1024px\" \/><\/a><\/figure>","protected":false},"excerpt":{"rendered":"<p>Kobiety s\u0105 inspiracj\u0105 \u017cycia dla swoich m\u0119\u017cczyzn. Stanowi\u0105 fundament rodziny i wielkie wsparcie dla nas. Podczas konferencji \u201eKobiety Sukcesu&#8221; wyr\u00f3\u017cniono dzisiaj 22 wspania\u0142e kobiety, pochodz\u0105ce z Karpat i z nimi zwi\u0105zane. Przede wszystkim \u017cony i matki, ale r\u00f3wnie\u017c kobiety o wielu zdolno\u015bciach i talentach. Dzia\u0142aczki spo\u0142eczne, samorz\u0105dowe, artystki, przedsi\u0119biorczynie, gospodynie wiejskie, dziennikarki, muzyczki, nauczycielki, stra\u017cniczki [&hellip;]<\/p>","protected":false},"author":17,"featured_media":29427,"comment_status":"closed","ping_status":"open","sticky":false,"template":"","format":"standard","meta":{"ngg_post_thumbnail":0,"footnotes":""},"categories":[1,3],"tags":[],"class_list":["post-29408","post","type-post","status-publish","format-standard","has-post-thumbnail","hentry","category-bez-kategorii","category-wydarzenia"],"yoast_head":"<!-- This site is optimized with the Yoast SEO plugin v24.7 - https:\/\/yoast.com\/wordpress\/plugins\/seo\/ -->\n<title>Gala sukcesu Kobiet Karpat i Osobowo\u015bci &#8211; Marek Kuchci\u0144ski<\/title>\n<meta name=\"robots\" content=\"index, follow, max-snippet:-1, max-image-preview:large, max-video-preview:-1\" \/>\n<link rel=\"canonical\" href=\"https:\/\/marekkuchcinski.pl\/ro\/bez-kategorii\/gala-sukcesu-kobiet-karpat-i-osobowosci\/\" \/>\n<meta property=\"og:locale\" content=\"ro_RO\" \/>\n<meta property=\"og:type\" content=\"article\" \/>\n<meta property=\"og:title\" content=\"Gala sukcesu Kobiet Karpat i Osobowo\u015bci &#8211; Marek Kuchci\u0144ski\" \/>\n<meta property=\"og:description\" content=\"Kobiety s\u0105 inspiracj\u0105 \u017cycia dla swoich m\u0119\u017cczyzn. Stanowi\u0105 fundament rodziny i wielkie wsparcie dla nas. Podczas konferencji \u201eKobiety Sukcesu&#8221; wyr\u00f3\u017cniono dzisiaj 22 wspania\u0142e kobiety, pochodz\u0105ce z Karpat i z nimi zwi\u0105zane. Przede wszystkim \u017cony i matki, ale r\u00f3wnie\u017c kobiety o wielu zdolno\u015bciach i talentach. Dzia\u0142aczki spo\u0142eczne, samorz\u0105dowe, artystki, przedsi\u0119biorczynie, gospodynie wiejskie, dziennikarki, muzyczki, nauczycielki, stra\u017cniczki [&hellip;]\" \/>\n<meta property=\"og:url\" content=\"https:\/\/marekkuchcinski.pl\/ro\/bez-kategorii\/gala-sukcesu-kobiet-karpat-i-osobowosci\/\" \/>\n<meta property=\"og:site_name\" content=\"Marek Kuchci\u0144ski\" \/>\n<meta property=\"article:published_time\" content=\"2023-10-02T20:31:23+00:00\" \/>\n<meta property=\"article:modified_time\" content=\"2023-10-02T20:55:30+00:00\" \/>\n<meta property=\"og:image\" content=\"https:\/\/marekkuchcinski.pl\/wp-content\/uploads\/2023\/10\/444444.jpg\" \/>\n\t<meta property=\"og:image:width\" content=\"1113\" \/>\n\t<meta property=\"og:image:height\" content=\"663\" \/>\n\t<meta property=\"og:image:type\" content=\"image\/jpeg\" \/>\n<meta name=\"author\" content=\"Tomasz \u0141acina\" \/>\n<meta name=\"twitter:card\" content=\"summary_large_image\" \/>\n<meta name=\"twitter:label1\" content=\"Scris de\" \/>\n\t<meta name=\"twitter:data1\" content=\"Tomasz \u0141acina\" \/>\n\t<meta name=\"twitter:label2\" content=\"Timp estimat pentru citire\" \/>\n\t<meta name=\"twitter:data2\" content=\"2 minutes\" \/>\n<script type=\"application\/ld+json\" class=\"yoast-schema-graph\">{\"@context\":\"https:\/\/schema.org\",\"@graph\":[{\"@type\":\"Article\",\"@id\":\"https:\/\/marekkuchcinski.pl\/bez-kategorii\/gala-sukcesu-kobiet-karpat-i-osobowosci\/#article\",\"isPartOf\":{\"@id\":\"https:\/\/marekkuchcinski.pl\/bez-kategorii\/gala-sukcesu-kobiet-karpat-i-osobowosci\/\"},\"author\":{\"name\":\"Tomasz \u0141acina\",\"@id\":\"https:\/\/marekkuchcinski.pl\/#\/schema\/person\/b8a29fe7813098f7be78801d029910a7\"},\"headline\":\"Gala sukcesu Kobiet Karpat i Osobowo\u015bci\",\"datePublished\":\"2023-10-02T20:31:23+00:00\",\"dateModified\":\"2023-10-02T20:55:30+00:00\",\"mainEntityOfPage\":{\"@id\":\"https:\/\/marekkuchcinski.pl\/bez-kategorii\/gala-sukcesu-kobiet-karpat-i-osobowosci\/\"},\"wordCount\":225,\"publisher\":{\"@id\":\"https:\/\/marekkuchcinski.pl\/#organization\"},\"image\":{\"@id\":\"https:\/\/marekkuchcinski.pl\/bez-kategorii\/gala-sukcesu-kobiet-karpat-i-osobowosci\/#primaryimage\"},\"thumbnailUrl\":\"https:\/\/marekkuchcinski.pl\/wp-content\/uploads\/2023\/10\/444444.jpg\",\"articleSection\":[\"Bez kategorii\",\"Wydarzenia\"],\"inLanguage\":\"ro-RO\"},{\"@type\":\"WebPage\",\"@id\":\"https:\/\/marekkuchcinski.pl\/bez-kategorii\/gala-sukcesu-kobiet-karpat-i-osobowosci\/\",\"url\":\"https:\/\/marekkuchcinski.pl\/bez-kategorii\/gala-sukcesu-kobiet-karpat-i-osobowosci\/\",\"name\":\"Gala sukcesu Kobiet Karpat i Osobowo\u015bci &#8211; Marek Kuchci\u0144ski\",\"isPartOf\":{\"@id\":\"https:\/\/marekkuchcinski.pl\/#website\"},\"primaryImageOfPage\":{\"@id\":\"https:\/\/marekkuchcinski.pl\/bez-kategorii\/gala-sukcesu-kobiet-karpat-i-osobowosci\/#primaryimage\"},\"image\":{\"@id\":\"https:\/\/marekkuchcinski.pl\/bez-kategorii\/gala-sukcesu-kobiet-karpat-i-osobowosci\/#primaryimage\"},\"thumbnailUrl\":\"https:\/\/marekkuchcinski.pl\/wp-content\/uploads\/2023\/10\/444444.jpg\",\"datePublished\":\"2023-10-02T20:31:23+00:00\",\"dateModified\":\"2023-10-02T20:55:30+00:00\",\"breadcrumb\":{\"@id\":\"https:\/\/marekkuchcinski.pl\/bez-kategorii\/gala-sukcesu-kobiet-karpat-i-osobowosci\/#breadcrumb\"},\"inLanguage\":\"ro-RO\",\"potentialAction\":[{\"@type\":\"ReadAction\",\"target\":[\"https:\/\/marekkuchcinski.pl\/bez-kategorii\/gala-sukcesu-kobiet-karpat-i-osobowosci\/\"]}]},{\"@type\":\"ImageObject\",\"inLanguage\":\"ro-RO\",\"@id\":\"https:\/\/marekkuchcinski.pl\/bez-kategorii\/gala-sukcesu-kobiet-karpat-i-osobowosci\/#primaryimage\",\"url\":\"https:\/\/marekkuchcinski.pl\/wp-content\/uploads\/2023\/10\/444444.jpg\",\"contentUrl\":\"https:\/\/marekkuchcinski.pl\/wp-content\/uploads\/2023\/10\/444444.jpg\",\"width\":1113,\"height\":663},{\"@type\":\"BreadcrumbList\",\"@id\":\"https:\/\/marekkuchcinski.pl\/bez-kategorii\/gala-sukcesu-kobiet-karpat-i-osobowosci\/#breadcrumb\",\"itemListElement\":[{\"@type\":\"ListItem\",\"position\":1,\"name\":\"Strona g\u0142\u00f3wna\",\"item\":\"https:\/\/marekkuchcinski.pl\/\"},{\"@type\":\"ListItem\",\"position\":2,\"name\":\"Gala sukcesu Kobiet Karpat i Osobowo\u015bci\"}]},{\"@type\":\"WebSite\",\"@id\":\"https:\/\/marekkuchcinski.pl\/#website\",\"url\":\"https:\/\/marekkuchcinski.pl\/\",\"name\":\"Marek Kuchci\u0144ski\",\"description\":\"Pose\u0142 na sejm RP &ndash; okr\u0119g nr 22\",\"publisher\":{\"@id\":\"https:\/\/marekkuchcinski.pl\/#organization\"},\"potentialAction\":[{\"@type\":\"SearchAction\",\"target\":{\"@type\":\"EntryPoint\",\"urlTemplate\":\"https:\/\/marekkuchcinski.pl\/?s={search_term_string}\"},\"query-input\":{\"@type\":\"PropertyValueSpecification\",\"valueRequired\":true,\"valueName\":\"search_term_string\"}}],\"inLanguage\":\"ro-RO\"},{\"@type\":\"Organization\",\"@id\":\"https:\/\/marekkuchcinski.pl\/#organization\",\"name\":\"Marek Kuchci\u0144ski\",\"url\":\"https:\/\/marekkuchcinski.pl\/\",\"logo\":{\"@type\":\"ImageObject\",\"inLanguage\":\"ro-RO\",\"@id\":\"https:\/\/marekkuchcinski.pl\/#\/schema\/logo\/image\/\",\"url\":\"https:\/\/marekkuchcinski.pl\/wp-content\/uploads\/2022\/09\/Marek.jpg\",\"contentUrl\":\"https:\/\/marekkuchcinski.pl\/wp-content\/uploads\/2022\/09\/Marek.jpg\",\"width\":1600,\"height\":971,\"caption\":\"Marek Kuchci\u0144ski\"},\"image\":{\"@id\":\"https:\/\/marekkuchcinski.pl\/#\/schema\/logo\/image\/\"}},{\"@type\":\"Person\",\"@id\":\"https:\/\/marekkuchcinski.pl\/#\/schema\/person\/b8a29fe7813098f7be78801d029910a7\",\"name\":\"Tomasz \u0141acina\",\"image\":{\"@type\":\"ImageObject\",\"inLanguage\":\"ro-RO\",\"@id\":\"https:\/\/marekkuchcinski.pl\/#\/schema\/person\/image\/\",\"url\":\"https:\/\/secure.gravatar.com\/avatar\/22e75f6c51aff77a676ed77dd222f852?s=96&d=mm&r=g\",\"contentUrl\":\"https:\/\/secure.gravatar.com\/avatar\/22e75f6c51aff77a676ed77dd222f852?s=96&d=mm&r=g\",\"caption\":\"Tomasz \u0141acina\"},\"url\":\"https:\/\/marekkuchcinski.pl\/ro\/author\/tomek-lacina\/\"}]}<\/script>\n<!-- \/ Yoast SEO plugin. -->","yoast_head_json":{"title":"Gala sukcesu Kobiet Karpat i Osobowo\u015bci &#8211; Marek Kuchci\u0144ski","robots":{"index":"index","follow":"follow","max-snippet":"max-snippet:-1","max-image-preview":"max-image-preview:large","max-video-preview":"max-video-preview:-1"},"canonical":"https:\/\/marekkuchcinski.pl\/ro\/bez-kategorii\/gala-sukcesu-kobiet-karpat-i-osobowosci\/","og_locale":"ro_RO","og_type":"article","og_title":"Gala sukcesu Kobiet Karpat i Osobowo\u015bci &#8211; Marek Kuchci\u0144ski","og_description":"Kobiety s\u0105 inspiracj\u0105 \u017cycia dla swoich m\u0119\u017cczyzn. Stanowi\u0105 fundament rodziny i wielkie wsparcie dla nas. Podczas konferencji \u201eKobiety Sukcesu&#8221; wyr\u00f3\u017cniono dzisiaj 22 wspania\u0142e kobiety, pochodz\u0105ce z Karpat i z nimi zwi\u0105zane. Przede wszystkim \u017cony i matki, ale r\u00f3wnie\u017c kobiety o wielu zdolno\u015bciach i talentach. Dzia\u0142aczki spo\u0142eczne, samorz\u0105dowe, artystki, przedsi\u0119biorczynie, gospodynie wiejskie, dziennikarki, muzyczki, nauczycielki, stra\u017cniczki [&hellip;]","og_url":"https:\/\/marekkuchcinski.pl\/ro\/bez-kategorii\/gala-sukcesu-kobiet-karpat-i-osobowosci\/","og_site_name":"Marek Kuchci\u0144ski","article_published_time":"2023-10-02T20:31:23+00:00","article_modified_time":"2023-10-02T20:55:30+00:00","og_image":[{"width":1113,"height":663,"url":"https:\/\/marekkuchcinski.pl\/wp-content\/uploads\/2023\/10\/444444.jpg","type":"image\/jpeg"}],"author":"Tomasz \u0141acina","twitter_card":"summary_large_image","twitter_misc":{"Scris de":"Tomasz \u0141acina","Timp estimat pentru citire":"2 minutes"},"schema":{"@context":"https:\/\/schema.org","@graph":[{"@type":"Article","@id":"https:\/\/marekkuchcinski.pl\/bez-kategorii\/gala-sukcesu-kobiet-karpat-i-osobowosci\/#article","isPartOf":{"@id":"https:\/\/marekkuchcinski.pl\/bez-kategorii\/gala-sukcesu-kobiet-karpat-i-osobowosci\/"},"author":{"name":"Tomasz \u0141acina","@id":"https:\/\/marekkuchcinski.pl\/#\/schema\/person\/b8a29fe7813098f7be78801d029910a7"},"headline":"Gala sukcesu Kobiet Karpat i Osobowo\u015bci","datePublished":"2023-10-02T20:31:23+00:00","dateModified":"2023-10-02T20:55:30+00:00","mainEntityOfPage":{"@id":"https:\/\/marekkuchcinski.pl\/bez-kategorii\/gala-sukcesu-kobiet-karpat-i-osobowosci\/"},"wordCount":225,"publisher":{"@id":"https:\/\/marekkuchcinski.pl\/#organization"},"image":{"@id":"https:\/\/marekkuchcinski.pl\/bez-kategorii\/gala-sukcesu-kobiet-karpat-i-osobowosci\/#primaryimage"},"thumbnailUrl":"https:\/\/marekkuchcinski.pl\/wp-content\/uploads\/2023\/10\/444444.jpg","articleSection":["Bez kategorii","Wydarzenia"],"inLanguage":"ro-RO"},{"@type":"WebPage","@id":"https:\/\/marekkuchcinski.pl\/bez-kategorii\/gala-sukcesu-kobiet-karpat-i-osobowosci\/","url":"https:\/\/marekkuchcinski.pl\/bez-kategorii\/gala-sukcesu-kobiet-karpat-i-osobowosci\/","name":"Gala sukcesu Kobiet Karpat i Osobowo\u015bci &#8211; Marek Kuchci\u0144ski","isPartOf":{"@id":"https:\/\/marekkuchcinski.pl\/#website"},"primaryImageOfPage":{"@id":"https:\/\/marekkuchcinski.pl\/bez-kategorii\/gala-sukcesu-kobiet-karpat-i-osobowosci\/#primaryimage"},"image":{"@id":"https:\/\/marekkuchcinski.pl\/bez-kategorii\/gala-sukcesu-kobiet-karpat-i-osobowosci\/#primaryimage"},"thumbnailUrl":"https:\/\/marekkuchcinski.pl\/wp-content\/uploads\/2023\/10\/444444.jpg","datePublished":"2023-10-02T20:31:23+00:00","dateModified":"2023-10-02T20:55:30+00:00","breadcrumb":{"@id":"https:\/\/marekkuchcinski.pl\/bez-kategorii\/gala-sukcesu-kobiet-karpat-i-osobowosci\/#breadcrumb"},"inLanguage":"ro-RO","potentialAction":[{"@type":"ReadAction","target":["https:\/\/marekkuchcinski.pl\/bez-kategorii\/gala-sukcesu-kobiet-karpat-i-osobowosci\/"]}]},{"@type":"ImageObject","inLanguage":"ro-RO","@id":"https:\/\/marekkuchcinski.pl\/bez-kategorii\/gala-sukcesu-kobiet-karpat-i-osobowosci\/#primaryimage","url":"https:\/\/marekkuchcinski.pl\/wp-content\/uploads\/2023\/10\/444444.jpg","contentUrl":"https:\/\/marekkuchcinski.pl\/wp-content\/uploads\/2023\/10\/444444.jpg","width":1113,"height":663},{"@type":"BreadcrumbList","@id":"https:\/\/marekkuchcinski.pl\/bez-kategorii\/gala-sukcesu-kobiet-karpat-i-osobowosci\/#breadcrumb","itemListElement":[{"@type":"ListItem","position":1,"name":"Strona g\u0142\u00f3wna","item":"https:\/\/marekkuchcinski.pl\/"},{"@type":"ListItem","position":2,"name":"Gala sukcesu Kobiet Karpat i Osobowo\u015bci"}]},{"@type":"WebSite","@id":"https:\/\/marekkuchcinski.pl\/#website","url":"https:\/\/marekkuchcinski.pl\/","name":"Marek Kuchci\u0144ski","description":"Pose\u0142 na sejm RP &ndash; okr\u0119g nr 22","publisher":{"@id":"https:\/\/marekkuchcinski.pl\/#organization"},"potentialAction":[{"@type":"SearchAction","target":{"@type":"EntryPoint","urlTemplate":"https:\/\/marekkuchcinski.pl\/?s={search_term_string}"},"query-input":{"@type":"PropertyValueSpecification","valueRequired":true,"valueName":"search_term_string"}}],"inLanguage":"ro-RO"},{"@type":"Organization","@id":"https:\/\/marekkuchcinski.pl\/#organization","name":"Marek Kuchci\u0144ski","url":"https:\/\/marekkuchcinski.pl\/","logo":{"@type":"ImageObject","inLanguage":"ro-RO","@id":"https:\/\/marekkuchcinski.pl\/#\/schema\/logo\/image\/","url":"https:\/\/marekkuchcinski.pl\/wp-content\/uploads\/2022\/09\/Marek.jpg","contentUrl":"https:\/\/marekkuchcinski.pl\/wp-content\/uploads\/2022\/09\/Marek.jpg","width":1600,"height":971,"caption":"Marek Kuchci\u0144ski"},"image":{"@id":"https:\/\/marekkuchcinski.pl\/#\/schema\/logo\/image\/"}},{"@type":"Person","@id":"https:\/\/marekkuchcinski.pl\/#\/schema\/person\/b8a29fe7813098f7be78801d029910a7","name":"Tomasz \u0141acina","image":{"@type":"ImageObject","inLanguage":"ro-RO","@id":"https:\/\/marekkuchcinski.pl\/#\/schema\/person\/image\/","url":"https:\/\/secure.gravatar.com\/avatar\/22e75f6c51aff77a676ed77dd222f852?s=96&d=mm&r=g","contentUrl":"https:\/\/secure.gravatar.com\/avatar\/22e75f6c51aff77a676ed77dd222f852?s=96&d=mm&r=g","caption":"Tomasz \u0141acina"},"url":"https:\/\/marekkuchcinski.pl\/ro\/author\/tomek-lacina\/"}]}},"_links":{"self":[{"href":"https:\/\/marekkuchcinski.pl\/ro\/wp-json\/wp\/v2\/posts\/29408","targetHints":{"allow":["GET"]}}],"collection":[{"href":"https:\/\/marekkuchcinski.pl\/ro\/wp-json\/wp\/v2\/posts"}],"about":[{"href":"https:\/\/marekkuchcinski.pl\/ro\/wp-json\/wp\/v2\/types\/post"}],"author":[{"embeddable":true,"href":"https:\/\/marekkuchcinski.pl\/ro\/wp-json\/wp\/v2\/users\/17"}],"replies":[{"embeddable":true,"href":"https:\/\/marekkuchcinski.pl\/ro\/wp-json\/wp\/v2\/comments?post=29408"}],"version-history":[{"count":10,"href":"https:\/\/marekkuchcinski.pl\/ro\/wp-json\/wp\/v2\/posts\/29408\/revisions"}],"predecessor-version":[{"id":29432,"href":"https:\/\/marekkuchcinski.pl\/ro\/wp-json\/wp\/v2\/posts\/29408\/revisions\/29432"}],"wp:featuredmedia":[{"embeddable":true,"href":"https:\/\/marekkuchcinski.pl\/ro\/wp-json\/wp\/v2\/media\/29427"}],"wp:attachment":[{"href":"https:\/\/marekkuchcinski.pl\/ro\/wp-json\/wp\/v2\/media?parent=29408"}],"wp:term":[{"taxonomy":"category","embeddable":true,"href":"https:\/\/marekkuchcinski.pl\/ro\/wp-json\/wp\/v2\/categories?post=29408"},{"taxonomy":"post_tag","embeddable":true,"href":"https:\/\/marekkuchcinski.pl\/ro\/wp-json\/wp\/v2\/tags?post=29408"}],"curies":[{"name":"wp","href":"https:\/\/api.w.org\/{rel}","templated":true}]}}