{"id":28180,"date":"2023-03-17T15:36:31","date_gmt":"2023-03-17T14:36:31","guid":{"rendered":"https:\/\/marekkuchcinski.pl\/?p=28180"},"modified":"2023-03-17T15:37:28","modified_gmt":"2023-03-17T14:37:28","slug":"17-marca-1994-r-zmarl-zbigniew-kuchcinski-zalozyciel-zalozyciel-stowarzyszenia-pamieci-orlat-przemyskich-oraz-pc-w-przemyslu","status":"publish","type":"post","link":"https:\/\/marekkuchcinski.pl\/ro\/wydarzenia\/17-marca-1994-r-zmarl-zbigniew-kuchcinski-zalozyciel-zalozyciel-stowarzyszenia-pamieci-orlat-przemyskich-oraz-pc-w-przemyslu\/","title":{"rendered":"La 17 martie 1994, Zbigniew Kuchci\u0144ski, fondatorul Asocia\u021biei pentru Pomenirea Vulturului Przemy\u015bl, Societ\u0103\u021bii Iubitorilor din Lviv \u0219i PC din Przemy\u015bl, a murit."},"content":{"rendered":"<p>Tat\u0103l fostului Mare\u0219al al Sejmului \u0219i actualul \u0219ef al Cancelariei Primului Ministru, Marek Kuchci\u0144ski, s-a n\u0103scut la 25 ianuarie 1929 \u00een Nowosi\u00f3\u0142ki din provincia Lviv.<\/p>\n\n\n\n<p>Din p\u0103cate, copil\u0103ria lui a fost marcat\u0103 de tragedia r\u0103zboiului, invazia armatei sovietice, co\u0219marul ocupa\u021biei germane \u0219i apoi teroarea Armatei Insurgen\u021bilor Ucraineni. Zbigniew Kuchci\u0144ski \u0219i familia sa au fost for\u021ba\u021bi s\u0103 caute ajutor \u00een p\u0103r\u021bi mai sigure ale \u021b\u0103rii.<\/p>\n\n\n\n<p>Polonezii din voievodatele celei de-a Doua Republici Polone (Lw\u00f3w, Stanis\u0142aw\u00f3w, Tarnopol) au venit cu trenul la Przemy\u015bl, unde era o mare filial\u0103 a Oficiului de Stat pentru Repatriere. Dup\u0103 ce au primit documentele, unii au mers mai departe, al\u021bii au c\u0103utat ad\u0103post \u00een Przemy\u015bl. Familia Kuchci\u0144ski a \u00eenceput un nou capitol al vie\u021bii acolo. Datorit\u0103 documentelor falsificate, Zbigniew, cu c\u00e2\u021biva ani mai t\u00e2n\u0103r, nu a \u00eemp\u0103rt\u0103\u0219it soarta fratelui s\u0103u mai mare, Mieczys\u0142aw, care \u00een adolescen\u021b\u0103 a fost trimis s\u0103 lucreze \u00een Germania. Unchiul meu a sc\u0103pat de acolo \u00een Elve\u021bia, apoi \u00een Italia, unde s-a \u00eenrolat \u00een armata generalului Anders. A slujit acolo p\u00e2n\u0103 la sf\u00e2r\u0219itul r\u0103zboiului. Interesant este c\u0103 cel\u0103lalt frate vitreg al lui Zbigniew, Marian Milewski (AK \u201eCzarny\u201d), a sc\u0103pat \u0219i el din Oflag dup\u0103 c\u0103derea Revoltei de la Var\u0219ovia \u0219i a ajuns \u0219i la Anders prin Elve\u021bia. Ambii fra\u021bi nu \u0219tiau c\u0103 au servit \u00eempreun\u0103 \u00een Corpul II.<\/p>\n\n\n\n<p>Zbigniew Kuchci\u0144ski a fost membru fondator al Asocia\u021biei pentru Pomenirea Vulturului Przemy\u015bl, care a fost \u00eenfiin\u021bat\u0103 \u00een ianuarie 1989, din 4 martie 1989, membru fondator al Societ\u0103\u021bii Iubitorilor din Lviv \u0219i \u021a\u0103rile de Grani\u021b\u0103 de Sud-Est \u0219i de la mijlocul anului 1989. - pre\u0219edintele consiliului de administra\u021bie al TMLiKPW. A organizat ajutoare pentru polonezi din Orient, dona\u021bii de alimente, colec\u021bii pentru cump\u0103rarea de lum\u00e2n\u0103ri pentru mormintele eroilor polonezi pentru cimitirul Vulturilor, ap\u0103r\u0103torii din Lviv. El a ini\u021biat un schimb de tineri \u00eentre \u0219colile din Lvov cu limba polonez\u0103 ca limb\u0103 de predare. De asemenea, a fost fondatorul Acordului de Centru din Przemy\u015bl.<\/p>\n\n\n\n<figure class=\"wp-block-image size-large\"><a href=\"https:\/\/marekkuchcinski.pl\/wp-content\/uploads\/2023\/03\/ZKu.png\"><img fetchpriority=\"high\" decoding=\"async\" width=\"1024\" height=\"694\" src=\"https:\/\/marekkuchcinski.pl\/wp-content\/uploads\/2023\/03\/ZKu-1024x694.png\" alt=\"\" class=\"wp-image-28182\" srcset=\"https:\/\/marekkuchcinski.pl\/wp-content\/uploads\/2023\/03\/ZKu-1024x694.png 1024w, https:\/\/marekkuchcinski.pl\/wp-content\/uploads\/2023\/03\/ZKu-300x203.png 300w, https:\/\/marekkuchcinski.pl\/wp-content\/uploads\/2023\/03\/ZKu-768x521.png 768w, https:\/\/marekkuchcinski.pl\/wp-content\/uploads\/2023\/03\/ZKu-1536x1042.png 1536w, https:\/\/marekkuchcinski.pl\/wp-content\/uploads\/2023\/03\/ZKu-18x12.png 18w, https:\/\/marekkuchcinski.pl\/wp-content\/uploads\/2023\/03\/ZKu.png 1600w\" sizes=\"(max-width: 1024px) 100vw, 1024px\" \/><\/a><figcaption class=\"wp-element-caption\">Zbigniew Kuchci\u0144ski, iarna 1963. Vedere de sus la Przemy\u015bl<\/figcaption><\/figure>\n\n\n\n<figure class=\"wp-block-image size-large is-resized\"><a href=\"https:\/\/marekkuchcinski.pl\/wp-content\/uploads\/2023\/03\/ZK.jpg\"><img decoding=\"async\" src=\"https:\/\/marekkuchcinski.pl\/wp-content\/uploads\/2023\/03\/ZK-1024x710.jpg\" alt=\"\" class=\"wp-image-28184\" width=\"840\" height=\"582\" srcset=\"https:\/\/marekkuchcinski.pl\/wp-content\/uploads\/2023\/03\/ZK-1024x710.jpg 1024w, https:\/\/marekkuchcinski.pl\/wp-content\/uploads\/2023\/03\/ZK-300x208.jpg 300w, https:\/\/marekkuchcinski.pl\/wp-content\/uploads\/2023\/03\/ZK-768x533.jpg 768w, https:\/\/marekkuchcinski.pl\/wp-content\/uploads\/2023\/03\/ZK-18x12.jpg 18w, https:\/\/marekkuchcinski.pl\/wp-content\/uploads\/2023\/03\/ZK.jpg 1448w\" sizes=\"(max-width: 840px) 100vw, 840px\" \/><\/a><figcaption class=\"wp-element-caption\">Conducerea Societ\u0103\u021bii iubitorilor din Lviv \u0219i din zonele de frontier\u0103 de sud-est. Zbigniew Kuchci\u0144ski, primul din st\u00e2nga<\/figcaption><\/figure>","protected":false},"excerpt":{"rendered":"<p>Ojciec b. marsza\u0142ka Sejmu i obecnego szefa KPRM Marka Kuchci\u0144skiego urodzi\u0142 si\u0119 25 stycznia 1929 roku w Nowosi\u00f3\u0142kach w woj. lwowskim. Niestety jego dzieci\u0144stwo zosta\u0142o naznaczone przez tragedi\u0119 wojny, inwazj\u0119 armii sowieckiej, koszmar niemieckiej okupacji, a potem terror Ukrai\u0144skiej Powsta\u0144czej Armii. Zbigniew Kuchci\u0144ski wraz z rodzin\u0105 zmuszony by\u0142 do szukania ratunku w bezpieczniejszych zak\u0105tkach kraju. [&hellip;]<\/p>","protected":false},"author":21,"featured_media":28182,"comment_status":"closed","ping_status":"open","sticky":false,"template":"","format":"standard","meta":{"ngg_post_thumbnail":0,"footnotes":""},"categories":[3],"tags":[],"class_list":["post-28180","post","type-post","status-publish","format-standard","has-post-thumbnail","hentry","category-wydarzenia"],"yoast_head":"<!-- This site is optimized with the Yoast SEO plugin v24.7 - https:\/\/yoast.com\/wordpress\/plugins\/seo\/ -->\n<title>17 marca 1994 r. zmar\u0142 Zbigniew Kuchci\u0144ski, za\u0142o\u017cyciel Stowarzyszenia Pami\u0119ci Orl\u0105t Przemyskich, Towarzystwa Mi\u0142o\u015bnik\u00f3w Lwowa oraz PC w Przemy\u015blu &#8211; Marek Kuchci\u0144ski<\/title>\n<meta name=\"robots\" content=\"index, follow, max-snippet:-1, max-image-preview:large, max-video-preview:-1\" \/>\n<link rel=\"canonical\" href=\"https:\/\/marekkuchcinski.pl\/ro\/wydarzenia\/17-marca-1994-r-zmarl-zbigniew-kuchcinski-zalozyciel-zalozyciel-stowarzyszenia-pamieci-orlat-przemyskich-oraz-pc-w-przemyslu\/\" \/>\n<meta property=\"og:locale\" content=\"ro_RO\" \/>\n<meta property=\"og:type\" content=\"article\" \/>\n<meta property=\"og:title\" content=\"17 marca 1994 r. zmar\u0142 Zbigniew Kuchci\u0144ski, za\u0142o\u017cyciel Stowarzyszenia Pami\u0119ci Orl\u0105t Przemyskich, Towarzystwa Mi\u0142o\u015bnik\u00f3w Lwowa oraz PC w Przemy\u015blu &#8211; Marek Kuchci\u0144ski\" \/>\n<meta property=\"og:description\" content=\"Ojciec b. marsza\u0142ka Sejmu i obecnego szefa KPRM Marka Kuchci\u0144skiego urodzi\u0142 si\u0119 25 stycznia 1929 roku w Nowosi\u00f3\u0142kach w woj. lwowskim. Niestety jego dzieci\u0144stwo zosta\u0142o naznaczone przez tragedi\u0119 wojny, inwazj\u0119 armii sowieckiej, koszmar niemieckiej okupacji, a potem terror Ukrai\u0144skiej Powsta\u0144czej Armii. Zbigniew Kuchci\u0144ski wraz z rodzin\u0105 zmuszony by\u0142 do szukania ratunku w bezpieczniejszych zak\u0105tkach kraju. [&hellip;]\" \/>\n<meta property=\"og:url\" content=\"https:\/\/marekkuchcinski.pl\/ro\/wydarzenia\/17-marca-1994-r-zmarl-zbigniew-kuchcinski-zalozyciel-zalozyciel-stowarzyszenia-pamieci-orlat-przemyskich-oraz-pc-w-przemyslu\/\" \/>\n<meta property=\"og:site_name\" content=\"Marek Kuchci\u0144ski\" \/>\n<meta property=\"article:published_time\" content=\"2023-03-17T14:36:31+00:00\" \/>\n<meta property=\"article:modified_time\" content=\"2023-03-17T14:37:28+00:00\" \/>\n<meta property=\"og:image\" content=\"https:\/\/marekkuchcinski.pl\/wp-content\/uploads\/2023\/03\/ZKu.png\" \/>\n\t<meta property=\"og:image:width\" content=\"1600\" \/>\n\t<meta property=\"og:image:height\" content=\"1085\" \/>\n\t<meta property=\"og:image:type\" content=\"image\/png\" \/>\n<meta name=\"author\" content=\"Marta Olejnik\" \/>\n<meta name=\"twitter:card\" content=\"summary_large_image\" \/>\n<meta name=\"twitter:label1\" content=\"Scris de\" \/>\n\t<meta name=\"twitter:data1\" content=\"Marta Olejnik\" \/>\n\t<meta name=\"twitter:label2\" content=\"Timp estimat pentru citire\" \/>\n\t<meta name=\"twitter:data2\" content=\"3 minutes\" \/>\n<script type=\"application\/ld+json\" class=\"yoast-schema-graph\">{\"@context\":\"https:\/\/schema.org\",\"@graph\":[{\"@type\":\"Article\",\"@id\":\"https:\/\/marekkuchcinski.pl\/wydarzenia\/17-marca-1994-r-zmarl-zbigniew-kuchcinski-zalozyciel-zalozyciel-stowarzyszenia-pamieci-orlat-przemyskich-oraz-pc-w-przemyslu\/#article\",\"isPartOf\":{\"@id\":\"https:\/\/marekkuchcinski.pl\/wydarzenia\/17-marca-1994-r-zmarl-zbigniew-kuchcinski-zalozyciel-zalozyciel-stowarzyszenia-pamieci-orlat-przemyskich-oraz-pc-w-przemyslu\/\"},\"author\":{\"name\":\"Marta Olejnik\",\"@id\":\"https:\/\/marekkuchcinski.pl\/#\/schema\/person\/51d5d4ee3b5317b8e4dd2b48af359229\"},\"headline\":\"17 marca 1994 r. zmar\u0142 Zbigniew Kuchci\u0144ski, za\u0142o\u017cyciel Stowarzyszenia Pami\u0119ci Orl\u0105t Przemyskich, Towarzystwa Mi\u0142o\u015bnik\u00f3w Lwowa oraz PC w Przemy\u015blu\",\"datePublished\":\"2023-03-17T14:36:31+00:00\",\"dateModified\":\"2023-03-17T14:37:28+00:00\",\"mainEntityOfPage\":{\"@id\":\"https:\/\/marekkuchcinski.pl\/wydarzenia\/17-marca-1994-r-zmarl-zbigniew-kuchcinski-zalozyciel-zalozyciel-stowarzyszenia-pamieci-orlat-przemyskich-oraz-pc-w-przemyslu\/\"},\"wordCount\":372,\"publisher\":{\"@id\":\"https:\/\/marekkuchcinski.pl\/#organization\"},\"image\":{\"@id\":\"https:\/\/marekkuchcinski.pl\/wydarzenia\/17-marca-1994-r-zmarl-zbigniew-kuchcinski-zalozyciel-zalozyciel-stowarzyszenia-pamieci-orlat-przemyskich-oraz-pc-w-przemyslu\/#primaryimage\"},\"thumbnailUrl\":\"https:\/\/marekkuchcinski.pl\/wp-content\/uploads\/2023\/03\/ZKu.png\",\"articleSection\":[\"Wydarzenia\"],\"inLanguage\":\"ro-RO\"},{\"@type\":\"WebPage\",\"@id\":\"https:\/\/marekkuchcinski.pl\/wydarzenia\/17-marca-1994-r-zmarl-zbigniew-kuchcinski-zalozyciel-zalozyciel-stowarzyszenia-pamieci-orlat-przemyskich-oraz-pc-w-przemyslu\/\",\"url\":\"https:\/\/marekkuchcinski.pl\/wydarzenia\/17-marca-1994-r-zmarl-zbigniew-kuchcinski-zalozyciel-zalozyciel-stowarzyszenia-pamieci-orlat-przemyskich-oraz-pc-w-przemyslu\/\",\"name\":\"17 marca 1994 r. zmar\u0142 Zbigniew Kuchci\u0144ski, za\u0142o\u017cyciel Stowarzyszenia Pami\u0119ci Orl\u0105t Przemyskich, Towarzystwa Mi\u0142o\u015bnik\u00f3w Lwowa oraz PC w Przemy\u015blu &#8211; Marek Kuchci\u0144ski\",\"isPartOf\":{\"@id\":\"https:\/\/marekkuchcinski.pl\/#website\"},\"primaryImageOfPage\":{\"@id\":\"https:\/\/marekkuchcinski.pl\/wydarzenia\/17-marca-1994-r-zmarl-zbigniew-kuchcinski-zalozyciel-zalozyciel-stowarzyszenia-pamieci-orlat-przemyskich-oraz-pc-w-przemyslu\/#primaryimage\"},\"image\":{\"@id\":\"https:\/\/marekkuchcinski.pl\/wydarzenia\/17-marca-1994-r-zmarl-zbigniew-kuchcinski-zalozyciel-zalozyciel-stowarzyszenia-pamieci-orlat-przemyskich-oraz-pc-w-przemyslu\/#primaryimage\"},\"thumbnailUrl\":\"https:\/\/marekkuchcinski.pl\/wp-content\/uploads\/2023\/03\/ZKu.png\",\"datePublished\":\"2023-03-17T14:36:31+00:00\",\"dateModified\":\"2023-03-17T14:37:28+00:00\",\"breadcrumb\":{\"@id\":\"https:\/\/marekkuchcinski.pl\/wydarzenia\/17-marca-1994-r-zmarl-zbigniew-kuchcinski-zalozyciel-zalozyciel-stowarzyszenia-pamieci-orlat-przemyskich-oraz-pc-w-przemyslu\/#breadcrumb\"},\"inLanguage\":\"ro-RO\",\"potentialAction\":[{\"@type\":\"ReadAction\",\"target\":[\"https:\/\/marekkuchcinski.pl\/wydarzenia\/17-marca-1994-r-zmarl-zbigniew-kuchcinski-zalozyciel-zalozyciel-stowarzyszenia-pamieci-orlat-przemyskich-oraz-pc-w-przemyslu\/\"]}]},{\"@type\":\"ImageObject\",\"inLanguage\":\"ro-RO\",\"@id\":\"https:\/\/marekkuchcinski.pl\/wydarzenia\/17-marca-1994-r-zmarl-zbigniew-kuchcinski-zalozyciel-zalozyciel-stowarzyszenia-pamieci-orlat-przemyskich-oraz-pc-w-przemyslu\/#primaryimage\",\"url\":\"https:\/\/marekkuchcinski.pl\/wp-content\/uploads\/2023\/03\/ZKu.png\",\"contentUrl\":\"https:\/\/marekkuchcinski.pl\/wp-content\/uploads\/2023\/03\/ZKu.png\",\"width\":1600,\"height\":1085},{\"@type\":\"BreadcrumbList\",\"@id\":\"https:\/\/marekkuchcinski.pl\/wydarzenia\/17-marca-1994-r-zmarl-zbigniew-kuchcinski-zalozyciel-zalozyciel-stowarzyszenia-pamieci-orlat-przemyskich-oraz-pc-w-przemyslu\/#breadcrumb\",\"itemListElement\":[{\"@type\":\"ListItem\",\"position\":1,\"name\":\"Strona g\u0142\u00f3wna\",\"item\":\"https:\/\/marekkuchcinski.pl\/\"},{\"@type\":\"ListItem\",\"position\":2,\"name\":\"17 marca 1994 r. zmar\u0142 Zbigniew Kuchci\u0144ski, za\u0142o\u017cyciel Stowarzyszenia Pami\u0119ci Orl\u0105t Przemyskich, Towarzystwa Mi\u0142o\u015bnik\u00f3w Lwowa oraz PC w Przemy\u015blu\"}]},{\"@type\":\"WebSite\",\"@id\":\"https:\/\/marekkuchcinski.pl\/#website\",\"url\":\"https:\/\/marekkuchcinski.pl\/\",\"name\":\"Marek Kuchci\u0144ski\",\"description\":\"Pose\u0142 na sejm RP &ndash; okr\u0119g nr 22\",\"publisher\":{\"@id\":\"https:\/\/marekkuchcinski.pl\/#organization\"},\"potentialAction\":[{\"@type\":\"SearchAction\",\"target\":{\"@type\":\"EntryPoint\",\"urlTemplate\":\"https:\/\/marekkuchcinski.pl\/?s={search_term_string}\"},\"query-input\":{\"@type\":\"PropertyValueSpecification\",\"valueRequired\":true,\"valueName\":\"search_term_string\"}}],\"inLanguage\":\"ro-RO\"},{\"@type\":\"Organization\",\"@id\":\"https:\/\/marekkuchcinski.pl\/#organization\",\"name\":\"Marek Kuchci\u0144ski\",\"url\":\"https:\/\/marekkuchcinski.pl\/\",\"logo\":{\"@type\":\"ImageObject\",\"inLanguage\":\"ro-RO\",\"@id\":\"https:\/\/marekkuchcinski.pl\/#\/schema\/logo\/image\/\",\"url\":\"https:\/\/marekkuchcinski.pl\/wp-content\/uploads\/2022\/09\/Marek.jpg\",\"contentUrl\":\"https:\/\/marekkuchcinski.pl\/wp-content\/uploads\/2022\/09\/Marek.jpg\",\"width\":1600,\"height\":971,\"caption\":\"Marek Kuchci\u0144ski\"},\"image\":{\"@id\":\"https:\/\/marekkuchcinski.pl\/#\/schema\/logo\/image\/\"}},{\"@type\":\"Person\",\"@id\":\"https:\/\/marekkuchcinski.pl\/#\/schema\/person\/51d5d4ee3b5317b8e4dd2b48af359229\",\"name\":\"Marta Olejnik\",\"image\":{\"@type\":\"ImageObject\",\"inLanguage\":\"ro-RO\",\"@id\":\"https:\/\/marekkuchcinski.pl\/#\/schema\/person\/image\/\",\"url\":\"https:\/\/secure.gravatar.com\/avatar\/e39914b2aa6a48959e24d475b5dc9793?s=96&d=mm&r=g\",\"contentUrl\":\"https:\/\/secure.gravatar.com\/avatar\/e39914b2aa6a48959e24d475b5dc9793?s=96&d=mm&r=g\",\"caption\":\"Marta Olejnik\"},\"url\":\"https:\/\/marekkuchcinski.pl\/ro\/author\/marta\/\"}]}<\/script>\n<!-- \/ Yoast SEO plugin. -->","yoast_head_json":{"title":"17 marca 1994 r. zmar\u0142 Zbigniew Kuchci\u0144ski, za\u0142o\u017cyciel Stowarzyszenia Pami\u0119ci Orl\u0105t Przemyskich, Towarzystwa Mi\u0142o\u015bnik\u00f3w Lwowa oraz PC w Przemy\u015blu &#8211; Marek Kuchci\u0144ski","robots":{"index":"index","follow":"follow","max-snippet":"max-snippet:-1","max-image-preview":"max-image-preview:large","max-video-preview":"max-video-preview:-1"},"canonical":"https:\/\/marekkuchcinski.pl\/ro\/wydarzenia\/17-marca-1994-r-zmarl-zbigniew-kuchcinski-zalozyciel-zalozyciel-stowarzyszenia-pamieci-orlat-przemyskich-oraz-pc-w-przemyslu\/","og_locale":"ro_RO","og_type":"article","og_title":"17 marca 1994 r. zmar\u0142 Zbigniew Kuchci\u0144ski, za\u0142o\u017cyciel Stowarzyszenia Pami\u0119ci Orl\u0105t Przemyskich, Towarzystwa Mi\u0142o\u015bnik\u00f3w Lwowa oraz PC w Przemy\u015blu &#8211; Marek Kuchci\u0144ski","og_description":"Ojciec b. marsza\u0142ka Sejmu i obecnego szefa KPRM Marka Kuchci\u0144skiego urodzi\u0142 si\u0119 25 stycznia 1929 roku w Nowosi\u00f3\u0142kach w woj. lwowskim. Niestety jego dzieci\u0144stwo zosta\u0142o naznaczone przez tragedi\u0119 wojny, inwazj\u0119 armii sowieckiej, koszmar niemieckiej okupacji, a potem terror Ukrai\u0144skiej Powsta\u0144czej Armii. Zbigniew Kuchci\u0144ski wraz z rodzin\u0105 zmuszony by\u0142 do szukania ratunku w bezpieczniejszych zak\u0105tkach kraju. [&hellip;]","og_url":"https:\/\/marekkuchcinski.pl\/ro\/wydarzenia\/17-marca-1994-r-zmarl-zbigniew-kuchcinski-zalozyciel-zalozyciel-stowarzyszenia-pamieci-orlat-przemyskich-oraz-pc-w-przemyslu\/","og_site_name":"Marek Kuchci\u0144ski","article_published_time":"2023-03-17T14:36:31+00:00","article_modified_time":"2023-03-17T14:37:28+00:00","og_image":[{"width":1600,"height":1085,"url":"https:\/\/marekkuchcinski.pl\/wp-content\/uploads\/2023\/03\/ZKu.png","type":"image\/png"}],"author":"Marta Olejnik","twitter_card":"summary_large_image","twitter_misc":{"Scris de":"Marta Olejnik","Timp estimat pentru citire":"3 minutes"},"schema":{"@context":"https:\/\/schema.org","@graph":[{"@type":"Article","@id":"https:\/\/marekkuchcinski.pl\/wydarzenia\/17-marca-1994-r-zmarl-zbigniew-kuchcinski-zalozyciel-zalozyciel-stowarzyszenia-pamieci-orlat-przemyskich-oraz-pc-w-przemyslu\/#article","isPartOf":{"@id":"https:\/\/marekkuchcinski.pl\/wydarzenia\/17-marca-1994-r-zmarl-zbigniew-kuchcinski-zalozyciel-zalozyciel-stowarzyszenia-pamieci-orlat-przemyskich-oraz-pc-w-przemyslu\/"},"author":{"name":"Marta Olejnik","@id":"https:\/\/marekkuchcinski.pl\/#\/schema\/person\/51d5d4ee3b5317b8e4dd2b48af359229"},"headline":"17 marca 1994 r. zmar\u0142 Zbigniew Kuchci\u0144ski, za\u0142o\u017cyciel Stowarzyszenia Pami\u0119ci Orl\u0105t Przemyskich, Towarzystwa Mi\u0142o\u015bnik\u00f3w Lwowa oraz PC w Przemy\u015blu","datePublished":"2023-03-17T14:36:31+00:00","dateModified":"2023-03-17T14:37:28+00:00","mainEntityOfPage":{"@id":"https:\/\/marekkuchcinski.pl\/wydarzenia\/17-marca-1994-r-zmarl-zbigniew-kuchcinski-zalozyciel-zalozyciel-stowarzyszenia-pamieci-orlat-przemyskich-oraz-pc-w-przemyslu\/"},"wordCount":372,"publisher":{"@id":"https:\/\/marekkuchcinski.pl\/#organization"},"image":{"@id":"https:\/\/marekkuchcinski.pl\/wydarzenia\/17-marca-1994-r-zmarl-zbigniew-kuchcinski-zalozyciel-zalozyciel-stowarzyszenia-pamieci-orlat-przemyskich-oraz-pc-w-przemyslu\/#primaryimage"},"thumbnailUrl":"https:\/\/marekkuchcinski.pl\/wp-content\/uploads\/2023\/03\/ZKu.png","articleSection":["Wydarzenia"],"inLanguage":"ro-RO"},{"@type":"WebPage","@id":"https:\/\/marekkuchcinski.pl\/wydarzenia\/17-marca-1994-r-zmarl-zbigniew-kuchcinski-zalozyciel-zalozyciel-stowarzyszenia-pamieci-orlat-przemyskich-oraz-pc-w-przemyslu\/","url":"https:\/\/marekkuchcinski.pl\/wydarzenia\/17-marca-1994-r-zmarl-zbigniew-kuchcinski-zalozyciel-zalozyciel-stowarzyszenia-pamieci-orlat-przemyskich-oraz-pc-w-przemyslu\/","name":"17 marca 1994 r. zmar\u0142 Zbigniew Kuchci\u0144ski, za\u0142o\u017cyciel Stowarzyszenia Pami\u0119ci Orl\u0105t Przemyskich, Towarzystwa Mi\u0142o\u015bnik\u00f3w Lwowa oraz PC w Przemy\u015blu &#8211; Marek Kuchci\u0144ski","isPartOf":{"@id":"https:\/\/marekkuchcinski.pl\/#website"},"primaryImageOfPage":{"@id":"https:\/\/marekkuchcinski.pl\/wydarzenia\/17-marca-1994-r-zmarl-zbigniew-kuchcinski-zalozyciel-zalozyciel-stowarzyszenia-pamieci-orlat-przemyskich-oraz-pc-w-przemyslu\/#primaryimage"},"image":{"@id":"https:\/\/marekkuchcinski.pl\/wydarzenia\/17-marca-1994-r-zmarl-zbigniew-kuchcinski-zalozyciel-zalozyciel-stowarzyszenia-pamieci-orlat-przemyskich-oraz-pc-w-przemyslu\/#primaryimage"},"thumbnailUrl":"https:\/\/marekkuchcinski.pl\/wp-content\/uploads\/2023\/03\/ZKu.png","datePublished":"2023-03-17T14:36:31+00:00","dateModified":"2023-03-17T14:37:28+00:00","breadcrumb":{"@id":"https:\/\/marekkuchcinski.pl\/wydarzenia\/17-marca-1994-r-zmarl-zbigniew-kuchcinski-zalozyciel-zalozyciel-stowarzyszenia-pamieci-orlat-przemyskich-oraz-pc-w-przemyslu\/#breadcrumb"},"inLanguage":"ro-RO","potentialAction":[{"@type":"ReadAction","target":["https:\/\/marekkuchcinski.pl\/wydarzenia\/17-marca-1994-r-zmarl-zbigniew-kuchcinski-zalozyciel-zalozyciel-stowarzyszenia-pamieci-orlat-przemyskich-oraz-pc-w-przemyslu\/"]}]},{"@type":"ImageObject","inLanguage":"ro-RO","@id":"https:\/\/marekkuchcinski.pl\/wydarzenia\/17-marca-1994-r-zmarl-zbigniew-kuchcinski-zalozyciel-zalozyciel-stowarzyszenia-pamieci-orlat-przemyskich-oraz-pc-w-przemyslu\/#primaryimage","url":"https:\/\/marekkuchcinski.pl\/wp-content\/uploads\/2023\/03\/ZKu.png","contentUrl":"https:\/\/marekkuchcinski.pl\/wp-content\/uploads\/2023\/03\/ZKu.png","width":1600,"height":1085},{"@type":"BreadcrumbList","@id":"https:\/\/marekkuchcinski.pl\/wydarzenia\/17-marca-1994-r-zmarl-zbigniew-kuchcinski-zalozyciel-zalozyciel-stowarzyszenia-pamieci-orlat-przemyskich-oraz-pc-w-przemyslu\/#breadcrumb","itemListElement":[{"@type":"ListItem","position":1,"name":"Strona g\u0142\u00f3wna","item":"https:\/\/marekkuchcinski.pl\/"},{"@type":"ListItem","position":2,"name":"17 marca 1994 r. zmar\u0142 Zbigniew Kuchci\u0144ski, za\u0142o\u017cyciel Stowarzyszenia Pami\u0119ci Orl\u0105t Przemyskich, Towarzystwa Mi\u0142o\u015bnik\u00f3w Lwowa oraz PC w Przemy\u015blu"}]},{"@type":"WebSite","@id":"https:\/\/marekkuchcinski.pl\/#website","url":"https:\/\/marekkuchcinski.pl\/","name":"Marek Kuchci\u0144ski","description":"Pose\u0142 na sejm RP &ndash; okr\u0119g nr 22","publisher":{"@id":"https:\/\/marekkuchcinski.pl\/#organization"},"potentialAction":[{"@type":"SearchAction","target":{"@type":"EntryPoint","urlTemplate":"https:\/\/marekkuchcinski.pl\/?s={search_term_string}"},"query-input":{"@type":"PropertyValueSpecification","valueRequired":true,"valueName":"search_term_string"}}],"inLanguage":"ro-RO"},{"@type":"Organization","@id":"https:\/\/marekkuchcinski.pl\/#organization","name":"Marek Kuchci\u0144ski","url":"https:\/\/marekkuchcinski.pl\/","logo":{"@type":"ImageObject","inLanguage":"ro-RO","@id":"https:\/\/marekkuchcinski.pl\/#\/schema\/logo\/image\/","url":"https:\/\/marekkuchcinski.pl\/wp-content\/uploads\/2022\/09\/Marek.jpg","contentUrl":"https:\/\/marekkuchcinski.pl\/wp-content\/uploads\/2022\/09\/Marek.jpg","width":1600,"height":971,"caption":"Marek Kuchci\u0144ski"},"image":{"@id":"https:\/\/marekkuchcinski.pl\/#\/schema\/logo\/image\/"}},{"@type":"Person","@id":"https:\/\/marekkuchcinski.pl\/#\/schema\/person\/51d5d4ee3b5317b8e4dd2b48af359229","name":"Marta Olejnik","image":{"@type":"ImageObject","inLanguage":"ro-RO","@id":"https:\/\/marekkuchcinski.pl\/#\/schema\/person\/image\/","url":"https:\/\/secure.gravatar.com\/avatar\/e39914b2aa6a48959e24d475b5dc9793?s=96&d=mm&r=g","contentUrl":"https:\/\/secure.gravatar.com\/avatar\/e39914b2aa6a48959e24d475b5dc9793?s=96&d=mm&r=g","caption":"Marta Olejnik"},"url":"https:\/\/marekkuchcinski.pl\/ro\/author\/marta\/"}]}},"_links":{"self":[{"href":"https:\/\/marekkuchcinski.pl\/ro\/wp-json\/wp\/v2\/posts\/28180","targetHints":{"allow":["GET"]}}],"collection":[{"href":"https:\/\/marekkuchcinski.pl\/ro\/wp-json\/wp\/v2\/posts"}],"about":[{"href":"https:\/\/marekkuchcinski.pl\/ro\/wp-json\/wp\/v2\/types\/post"}],"author":[{"embeddable":true,"href":"https:\/\/marekkuchcinski.pl\/ro\/wp-json\/wp\/v2\/users\/21"}],"replies":[{"embeddable":true,"href":"https:\/\/marekkuchcinski.pl\/ro\/wp-json\/wp\/v2\/comments?post=28180"}],"version-history":[{"count":4,"href":"https:\/\/marekkuchcinski.pl\/ro\/wp-json\/wp\/v2\/posts\/28180\/revisions"}],"predecessor-version":[{"id":28186,"href":"https:\/\/marekkuchcinski.pl\/ro\/wp-json\/wp\/v2\/posts\/28180\/revisions\/28186"}],"wp:featuredmedia":[{"embeddable":true,"href":"https:\/\/marekkuchcinski.pl\/ro\/wp-json\/wp\/v2\/media\/28182"}],"wp:attachment":[{"href":"https:\/\/marekkuchcinski.pl\/ro\/wp-json\/wp\/v2\/media?parent=28180"}],"wp:term":[{"taxonomy":"category","embeddable":true,"href":"https:\/\/marekkuchcinski.pl\/ro\/wp-json\/wp\/v2\/categories?post=28180"},{"taxonomy":"post_tag","embeddable":true,"href":"https:\/\/marekkuchcinski.pl\/ro\/wp-json\/wp\/v2\/tags?post=28180"}],"curies":[{"name":"wp","href":"https:\/\/api.w.org\/{rel}","templated":true}]}}