{"id":28165,"date":"2023-03-12T12:41:49","date_gmt":"2023-03-12T11:41:49","guid":{"rendered":"https:\/\/marekkuchcinski.pl\/?p=28165"},"modified":"2023-03-14T20:34:04","modified_gmt":"2023-03-14T19:34:04","slug":"szef-rzadu-i-kancelarii-premiera-spotkali-sie-z-mieszkancami-jasla","status":"publish","type":"post","link":"https:\/\/marekkuchcinski.pl\/ro\/wydarzenia\/szef-rzadu-i-kancelarii-premiera-spotkali-sie-z-mieszkancami-jasla\/","title":{"rendered":"\u015eeful guvernului \u015fi biroul primului ministru s-au \u00eent\u00e2lnit cu locuitorii din Jas\u0142o"},"content":{"rendered":"<p>S\u00e2mb\u0103t\u0103, politicienii PiS au \u00eenceput turneul programului \u201eViitorul este Polonia\u201d, anun\u021bat de pre\u0219edintele partidului, Jaros\u0142aw Kaczy\u0144ski. Prim-ministrul Mateusz Morawiecki a vizitat Jas\u0142o (provincia Podkarpackie).\u00a0<\/p>\n\n\n\n<p>Vine prim\u0103vara \u0219i pornim pe traseul discu\u021biilor cu polonezii, a declarat prim-ministrul Mateusz Morawiecki la Jas\u0142o din Podkarpacie. \u2013 Vrem ca planul nostru pentru urm\u0103torii patru ani, sau poate pentru opt ani, s\u0103 fie f\u0103cut \u00een astfel de \u00eent\u00e2lniri \u2013 a subliniat el.<\/p>\n\n\n\n<p>Dup\u0103 cum a subliniat premierul, exist\u0103 un motiv pentru care, din nou, PiS, to\u021bi parlamentarii \u0219i membrii guvernului au pornit pe calea \u00eent\u00e2lnirilor cu polonezii.\u00a0<\/p>\n\n\n\n<p>\u201eCa \u00eentotdeauna, vrem ca planul nostru pentru urm\u0103torii patru, poate opt ani, s\u0103 fie f\u0103cut \u00een astfel de \u00eent\u00e2lniri. Aceste \u00eent\u00e2lniri au mult sens. La o astfel de \u00eent\u00e2lnire s-a \u201en\u0103scut\u201d a 13-a \u0219i a 14-a pensionare. \u00cen timpul unor astfel de \u00eent\u00e2lniri s-a n\u0103scut ideea unei laiete pentru copii, un capital de \u00eengrijire a familiei. Am discutat cu polonezii despre sc\u0103derea impozitelor pentru ca ace\u0219tia s\u0103 ob\u021bin\u0103 c\u00e2t mai mult venit net, a spus \u0219eful guvernului.&nbsp;<\/p>\n\n\n\n<p>\u0218i a f\u0103cut apel: \u2013 V\u0103 cerem ideile \u0219i propunerile voastre; programul nostru este f\u0103cut nu \u00een birouri, ci la \u00eent\u00e2lniri precum t.\u00a0<\/p>\n\n\n\n<p>Morawiecki a subliniat c\u0103 cauza principal\u0103 a tuturor succeselor noastre, cum ar fi politica social\u0103, achizi\u021bionarea de arme \u0219i investi\u021bii, este una - repararea finan\u021belor publice. \u2013 \u00cembun\u0103t\u0103\u021birea finan\u021belor publice este baza pentru atingerea obiectivelor pe care le urm\u0103rim \u2013 a men\u021bionat el.\u00a0<\/p>\n\n\n\n<p>\u2013 Dac\u0103 nu ar fi repararea finan\u021belor publice, nu ar exista cre\u0219e noi, \u0219coli renovate sau investi\u021bii rutiere. Acum trei ani, \u00een timpul unei pandemii, lumea a \u00eenghe\u021bat. \u00cen timpul crizei sub conducerea PO, nu s-a f\u0103cut nimic, iar peste dou\u0103 milioane de oameni erau \u0219omeri, a ad\u0103ugat el.&nbsp;<\/p>\n\n\n\n<p>El a ad\u0103ugat c\u0103, \u00een ultimii ani, a trebuit mai \u00eent\u00e2i s\u0103 ne confrunt\u0103m cu pandemia de coronavirus, apoi cu criza de la grani\u021ba cu Belarus, apoi cu \u201emarea criz\u0103 a infla\u021biei \u0219i a energiei\u201d \u0219i cu r\u0103zboiul din Ucraina. \u2013 \u0218i am supravie\u021buit tuturor acestor mari valuri de criz\u0103 \u0219i am dus Polonia p\u00e2n\u0103 \u00een momentul \u00een care pot vedea clar luminile speran\u021bei \u00een economie \u0219i sc\u0103derea infla\u021biei, pentru c\u0103 lupt\u0103m cu aceast\u0103 infla\u021bie \u2013 a spus Morawiecki.&nbsp;<\/p>\n\n\n\n<p>\u2013 \u00cen ciuda acestei mari crize, am redus taxa PIT la cele mai sc\u0103zute niveluri din istoria Republicii a Treilea Polone, la 12%, \u0219i suma scutit\u0103 de taxe de 30.000 PLN. PLN, adic\u0103 pensie \u0219i munc\u0103 p\u00e2n\u0103 la 2,5 mii. PLN f\u0103r\u0103 taxe - a spus Morawiecki<\/p>\n\n\n\n<p>\u00cen plus, a ad\u0103ugat el, guvernul PiS a redus TVA la produsele alimentare de baz\u0103, combustibil, c\u0103ldur\u0103, gaz \u0219i electricitate. \u2013 \u0218i \u00een ciuda tuturor acestor m\u0103suri, inclusiv aloca\u021biile de protec\u021bie (\u2026) \u0219i pre\u021burile \u00eenghe\u021bate la energie (\u2026) avem un deficit bugetar mai mic dec\u00e2t era planificat \u2013 12 miliarde PLN \u00een loc de aproape 30 miliarde PLN. Acesta este modul \u00een care PiS gestioneaz\u0103 finan\u021bele, a spus Morawiecki.&nbsp;<\/p>\n\n\n\n<p>El a spus c\u0103 \u201eguvernul PO a dat permisiunea\u201d ca banii s\u0103 fie \u00een \u201ebuzunarele mafiilor de combustibil, a diver\u0219ilor tic\u0103lo\u0219i, a tic\u0103lo\u0219ilor\u201d. Morawiecki a spus c\u0103 diverse industrii - o\u021bel, electronic\u0103, c\u0103rbune - s-au adresat f\u0103r\u0103 succes la prim-ministru \u0219i ministrul de finan\u021be \u00een timpul guvernului PO pentru a lua unele m\u0103suri.\u00a0<\/p>\n\n\n\n<p><em>foto: Adam Guz\/KPRM<\/em><\/p>\n\n\n\n<figure class=\"wp-block-image size-large\"><a href=\"https:\/\/marekkuchcinski.pl\/wp-content\/uploads\/2023\/03\/Jaslo-1.jpg\"><img fetchpriority=\"high\" decoding=\"async\" width=\"1024\" height=\"682\" src=\"https:\/\/marekkuchcinski.pl\/wp-content\/uploads\/2023\/03\/Jaslo-1-1024x682.jpg\" alt=\"\" class=\"wp-image-28166\" srcset=\"https:\/\/marekkuchcinski.pl\/wp-content\/uploads\/2023\/03\/Jaslo-1-1024x682.jpg 1024w, https:\/\/marekkuchcinski.pl\/wp-content\/uploads\/2023\/03\/Jaslo-1-300x200.jpg 300w, https:\/\/marekkuchcinski.pl\/wp-content\/uploads\/2023\/03\/Jaslo-1-768x512.jpg 768w, https:\/\/marekkuchcinski.pl\/wp-content\/uploads\/2023\/03\/Jaslo-1-1536x1023.jpg 1536w, https:\/\/marekkuchcinski.pl\/wp-content\/uploads\/2023\/03\/Jaslo-1-18x12.jpg 18w, https:\/\/marekkuchcinski.pl\/wp-content\/uploads\/2023\/03\/Jaslo-1.jpg 1600w\" sizes=\"(max-width: 1024px) 100vw, 1024px\" \/><\/a><\/figure>\n\n\n\n<figure class=\"wp-block-image size-full\"><a href=\"https:\/\/marekkuchcinski.pl\/wp-content\/uploads\/2023\/03\/J2.jpg\"><img decoding=\"async\" width=\"1024\" height=\"682\" src=\"https:\/\/marekkuchcinski.pl\/wp-content\/uploads\/2023\/03\/J2.jpg\" alt=\"\" class=\"wp-image-28167\" srcset=\"https:\/\/marekkuchcinski.pl\/wp-content\/uploads\/2023\/03\/J2.jpg 1024w, https:\/\/marekkuchcinski.pl\/wp-content\/uploads\/2023\/03\/J2-300x200.jpg 300w, https:\/\/marekkuchcinski.pl\/wp-content\/uploads\/2023\/03\/J2-768x512.jpg 768w, https:\/\/marekkuchcinski.pl\/wp-content\/uploads\/2023\/03\/J2-18x12.jpg 18w\" sizes=\"(max-width: 1024px) 100vw, 1024px\" \/><\/a><\/figure>\n\n\n\n<figure class=\"wp-block-image size-full\"><a href=\"https:\/\/marekkuchcinski.pl\/wp-content\/uploads\/2023\/03\/J3.jpg\"><img decoding=\"async\" width=\"960\" height=\"616\" src=\"https:\/\/marekkuchcinski.pl\/wp-content\/uploads\/2023\/03\/J3.jpg\" alt=\"\" class=\"wp-image-28168\" srcset=\"https:\/\/marekkuchcinski.pl\/wp-content\/uploads\/2023\/03\/J3.jpg 960w, https:\/\/marekkuchcinski.pl\/wp-content\/uploads\/2023\/03\/J3-300x193.jpg 300w, https:\/\/marekkuchcinski.pl\/wp-content\/uploads\/2023\/03\/J3-768x493.jpg 768w, https:\/\/marekkuchcinski.pl\/wp-content\/uploads\/2023\/03\/J3-18x12.jpg 18w\" sizes=\"(max-width: 960px) 100vw, 960px\" \/><\/a><\/figure>\n\n\n\n<p><\/p>","protected":false},"excerpt":{"rendered":"<p>Politycy PiS rozpocz\u0119li w sobot\u0119\u00a0zapowiedzian\u0105 przez prezesa partii Jaros\u0142awa Kaczy\u0144skiego tras\u0119 programow\u0105 \u201ePrzysz\u0142o\u015b\u0107 to Polska\u201d. Premier Mateusz Morawiecki odwiedzi\u0142\u00a0Jas\u0142o (woj. podkarpackie).\u00a0 Zbli\u017ca si\u0119 wiosna, a my ruszamy na nasz\u0105 tras\u0119 rozm\u00f3w z Polakami \u2013 powiedzia\u0142 w Ja\u015ble na Podkarpaciu premier Mateusz Morawiecki. \u2013 Chcemy, \u017ceby nasz plan na kolejne cztery lata, a mo\u017ce na osiem [&hellip;]<\/p>","protected":false},"author":21,"featured_media":28168,"comment_status":"closed","ping_status":"open","sticky":false,"template":"","format":"standard","meta":{"ngg_post_thumbnail":0,"footnotes":""},"categories":[49,3],"tags":[],"class_list":["post-28165","post","type-post","status-publish","format-standard","has-post-thumbnail","hentry","category-podkarpacie","category-wydarzenia"],"yoast_head":"<!-- This site is optimized with the Yoast SEO plugin v24.7 - https:\/\/yoast.com\/wordpress\/plugins\/seo\/ -->\n<title>Szef rz\u0105du i kancelarii premiera spotkali si\u0119 z mieszka\u0144cami Jas\u0142a &#8211; Marek Kuchci\u0144ski<\/title>\n<meta name=\"robots\" content=\"index, follow, max-snippet:-1, max-image-preview:large, max-video-preview:-1\" \/>\n<link rel=\"canonical\" href=\"https:\/\/marekkuchcinski.pl\/ro\/wydarzenia\/szef-rzadu-i-kancelarii-premiera-spotkali-sie-z-mieszkancami-jasla\/\" \/>\n<meta property=\"og:locale\" content=\"ro_RO\" \/>\n<meta property=\"og:type\" content=\"article\" \/>\n<meta property=\"og:title\" content=\"Szef rz\u0105du i kancelarii premiera spotkali si\u0119 z mieszka\u0144cami Jas\u0142a &#8211; Marek Kuchci\u0144ski\" \/>\n<meta property=\"og:description\" content=\"Politycy PiS rozpocz\u0119li w sobot\u0119\u00a0zapowiedzian\u0105 przez prezesa partii Jaros\u0142awa Kaczy\u0144skiego tras\u0119 programow\u0105 \u201ePrzysz\u0142o\u015b\u0107 to Polska\u201d. Premier Mateusz Morawiecki odwiedzi\u0142\u00a0Jas\u0142o (woj. podkarpackie).\u00a0 Zbli\u017ca si\u0119 wiosna, a my ruszamy na nasz\u0105 tras\u0119 rozm\u00f3w z Polakami \u2013 powiedzia\u0142 w Ja\u015ble na Podkarpaciu premier Mateusz Morawiecki. \u2013 Chcemy, \u017ceby nasz plan na kolejne cztery lata, a mo\u017ce na osiem [&hellip;]\" \/>\n<meta property=\"og:url\" content=\"https:\/\/marekkuchcinski.pl\/ro\/wydarzenia\/szef-rzadu-i-kancelarii-premiera-spotkali-sie-z-mieszkancami-jasla\/\" \/>\n<meta property=\"og:site_name\" content=\"Marek Kuchci\u0144ski\" \/>\n<meta property=\"article:published_time\" content=\"2023-03-12T11:41:49+00:00\" \/>\n<meta property=\"article:modified_time\" content=\"2023-03-14T19:34:04+00:00\" \/>\n<meta property=\"og:image\" content=\"https:\/\/marekkuchcinski.pl\/wp-content\/uploads\/2023\/03\/J3.jpg\" \/>\n\t<meta property=\"og:image:width\" content=\"960\" \/>\n\t<meta property=\"og:image:height\" content=\"616\" \/>\n\t<meta property=\"og:image:type\" content=\"image\/jpeg\" \/>\n<meta name=\"author\" content=\"Marta Olejnik\" \/>\n<meta name=\"twitter:card\" content=\"summary_large_image\" \/>\n<meta name=\"twitter:label1\" content=\"Scris de\" \/>\n\t<meta name=\"twitter:data1\" content=\"Marta Olejnik\" \/>\n\t<meta name=\"twitter:label2\" content=\"Timp estimat pentru citire\" \/>\n\t<meta name=\"twitter:data2\" content=\"4 minutes\" \/>\n<script type=\"application\/ld+json\" class=\"yoast-schema-graph\">{\"@context\":\"https:\/\/schema.org\",\"@graph\":[{\"@type\":\"Article\",\"@id\":\"https:\/\/marekkuchcinski.pl\/wydarzenia\/szef-rzadu-i-kancelarii-premiera-spotkali-sie-z-mieszkancami-jasla\/#article\",\"isPartOf\":{\"@id\":\"https:\/\/marekkuchcinski.pl\/wydarzenia\/szef-rzadu-i-kancelarii-premiera-spotkali-sie-z-mieszkancami-jasla\/\"},\"author\":{\"name\":\"Marta Olejnik\",\"@id\":\"https:\/\/marekkuchcinski.pl\/#\/schema\/person\/51d5d4ee3b5317b8e4dd2b48af359229\"},\"headline\":\"Szef rz\u0105du i kancelarii premiera spotkali si\u0119 z mieszka\u0144cami Jas\u0142a\",\"datePublished\":\"2023-03-12T11:41:49+00:00\",\"dateModified\":\"2023-03-14T19:34:04+00:00\",\"mainEntityOfPage\":{\"@id\":\"https:\/\/marekkuchcinski.pl\/wydarzenia\/szef-rzadu-i-kancelarii-premiera-spotkali-sie-z-mieszkancami-jasla\/\"},\"wordCount\":551,\"publisher\":{\"@id\":\"https:\/\/marekkuchcinski.pl\/#organization\"},\"image\":{\"@id\":\"https:\/\/marekkuchcinski.pl\/wydarzenia\/szef-rzadu-i-kancelarii-premiera-spotkali-sie-z-mieszkancami-jasla\/#primaryimage\"},\"thumbnailUrl\":\"https:\/\/marekkuchcinski.pl\/wp-content\/uploads\/2023\/03\/J3.jpg\",\"articleSection\":[\"Podkarpacie\",\"Wydarzenia\"],\"inLanguage\":\"ro-RO\"},{\"@type\":\"WebPage\",\"@id\":\"https:\/\/marekkuchcinski.pl\/wydarzenia\/szef-rzadu-i-kancelarii-premiera-spotkali-sie-z-mieszkancami-jasla\/\",\"url\":\"https:\/\/marekkuchcinski.pl\/wydarzenia\/szef-rzadu-i-kancelarii-premiera-spotkali-sie-z-mieszkancami-jasla\/\",\"name\":\"Szef rz\u0105du i kancelarii premiera spotkali si\u0119 z mieszka\u0144cami Jas\u0142a &#8211; Marek Kuchci\u0144ski\",\"isPartOf\":{\"@id\":\"https:\/\/marekkuchcinski.pl\/#website\"},\"primaryImageOfPage\":{\"@id\":\"https:\/\/marekkuchcinski.pl\/wydarzenia\/szef-rzadu-i-kancelarii-premiera-spotkali-sie-z-mieszkancami-jasla\/#primaryimage\"},\"image\":{\"@id\":\"https:\/\/marekkuchcinski.pl\/wydarzenia\/szef-rzadu-i-kancelarii-premiera-spotkali-sie-z-mieszkancami-jasla\/#primaryimage\"},\"thumbnailUrl\":\"https:\/\/marekkuchcinski.pl\/wp-content\/uploads\/2023\/03\/J3.jpg\",\"datePublished\":\"2023-03-12T11:41:49+00:00\",\"dateModified\":\"2023-03-14T19:34:04+00:00\",\"breadcrumb\":{\"@id\":\"https:\/\/marekkuchcinski.pl\/wydarzenia\/szef-rzadu-i-kancelarii-premiera-spotkali-sie-z-mieszkancami-jasla\/#breadcrumb\"},\"inLanguage\":\"ro-RO\",\"potentialAction\":[{\"@type\":\"ReadAction\",\"target\":[\"https:\/\/marekkuchcinski.pl\/wydarzenia\/szef-rzadu-i-kancelarii-premiera-spotkali-sie-z-mieszkancami-jasla\/\"]}]},{\"@type\":\"ImageObject\",\"inLanguage\":\"ro-RO\",\"@id\":\"https:\/\/marekkuchcinski.pl\/wydarzenia\/szef-rzadu-i-kancelarii-premiera-spotkali-sie-z-mieszkancami-jasla\/#primaryimage\",\"url\":\"https:\/\/marekkuchcinski.pl\/wp-content\/uploads\/2023\/03\/J3.jpg\",\"contentUrl\":\"https:\/\/marekkuchcinski.pl\/wp-content\/uploads\/2023\/03\/J3.jpg\",\"width\":960,\"height\":616},{\"@type\":\"BreadcrumbList\",\"@id\":\"https:\/\/marekkuchcinski.pl\/wydarzenia\/szef-rzadu-i-kancelarii-premiera-spotkali-sie-z-mieszkancami-jasla\/#breadcrumb\",\"itemListElement\":[{\"@type\":\"ListItem\",\"position\":1,\"name\":\"Strona g\u0142\u00f3wna\",\"item\":\"https:\/\/marekkuchcinski.pl\/\"},{\"@type\":\"ListItem\",\"position\":2,\"name\":\"Szef rz\u0105du i kancelarii premiera spotkali si\u0119 z mieszka\u0144cami Jas\u0142a\"}]},{\"@type\":\"WebSite\",\"@id\":\"https:\/\/marekkuchcinski.pl\/#website\",\"url\":\"https:\/\/marekkuchcinski.pl\/\",\"name\":\"Marek Kuchci\u0144ski\",\"description\":\"Pose\u0142 na sejm RP &ndash; okr\u0119g nr 22\",\"publisher\":{\"@id\":\"https:\/\/marekkuchcinski.pl\/#organization\"},\"potentialAction\":[{\"@type\":\"SearchAction\",\"target\":{\"@type\":\"EntryPoint\",\"urlTemplate\":\"https:\/\/marekkuchcinski.pl\/?s={search_term_string}\"},\"query-input\":{\"@type\":\"PropertyValueSpecification\",\"valueRequired\":true,\"valueName\":\"search_term_string\"}}],\"inLanguage\":\"ro-RO\"},{\"@type\":\"Organization\",\"@id\":\"https:\/\/marekkuchcinski.pl\/#organization\",\"name\":\"Marek Kuchci\u0144ski\",\"url\":\"https:\/\/marekkuchcinski.pl\/\",\"logo\":{\"@type\":\"ImageObject\",\"inLanguage\":\"ro-RO\",\"@id\":\"https:\/\/marekkuchcinski.pl\/#\/schema\/logo\/image\/\",\"url\":\"https:\/\/marekkuchcinski.pl\/wp-content\/uploads\/2022\/09\/Marek.jpg\",\"contentUrl\":\"https:\/\/marekkuchcinski.pl\/wp-content\/uploads\/2022\/09\/Marek.jpg\",\"width\":1600,\"height\":971,\"caption\":\"Marek Kuchci\u0144ski\"},\"image\":{\"@id\":\"https:\/\/marekkuchcinski.pl\/#\/schema\/logo\/image\/\"}},{\"@type\":\"Person\",\"@id\":\"https:\/\/marekkuchcinski.pl\/#\/schema\/person\/51d5d4ee3b5317b8e4dd2b48af359229\",\"name\":\"Marta Olejnik\",\"image\":{\"@type\":\"ImageObject\",\"inLanguage\":\"ro-RO\",\"@id\":\"https:\/\/marekkuchcinski.pl\/#\/schema\/person\/image\/\",\"url\":\"https:\/\/secure.gravatar.com\/avatar\/e39914b2aa6a48959e24d475b5dc9793?s=96&d=mm&r=g\",\"contentUrl\":\"https:\/\/secure.gravatar.com\/avatar\/e39914b2aa6a48959e24d475b5dc9793?s=96&d=mm&r=g\",\"caption\":\"Marta Olejnik\"},\"url\":\"https:\/\/marekkuchcinski.pl\/ro\/author\/marta\/\"}]}<\/script>\n<!-- \/ Yoast SEO plugin. -->","yoast_head_json":{"title":"Szef rz\u0105du i kancelarii premiera spotkali si\u0119 z mieszka\u0144cami Jas\u0142a &#8211; Marek Kuchci\u0144ski","robots":{"index":"index","follow":"follow","max-snippet":"max-snippet:-1","max-image-preview":"max-image-preview:large","max-video-preview":"max-video-preview:-1"},"canonical":"https:\/\/marekkuchcinski.pl\/ro\/wydarzenia\/szef-rzadu-i-kancelarii-premiera-spotkali-sie-z-mieszkancami-jasla\/","og_locale":"ro_RO","og_type":"article","og_title":"Szef rz\u0105du i kancelarii premiera spotkali si\u0119 z mieszka\u0144cami Jas\u0142a &#8211; Marek Kuchci\u0144ski","og_description":"Politycy PiS rozpocz\u0119li w sobot\u0119\u00a0zapowiedzian\u0105 przez prezesa partii Jaros\u0142awa Kaczy\u0144skiego tras\u0119 programow\u0105 \u201ePrzysz\u0142o\u015b\u0107 to Polska\u201d. Premier Mateusz Morawiecki odwiedzi\u0142\u00a0Jas\u0142o (woj. podkarpackie).\u00a0 Zbli\u017ca si\u0119 wiosna, a my ruszamy na nasz\u0105 tras\u0119 rozm\u00f3w z Polakami \u2013 powiedzia\u0142 w Ja\u015ble na Podkarpaciu premier Mateusz Morawiecki. \u2013 Chcemy, \u017ceby nasz plan na kolejne cztery lata, a mo\u017ce na osiem [&hellip;]","og_url":"https:\/\/marekkuchcinski.pl\/ro\/wydarzenia\/szef-rzadu-i-kancelarii-premiera-spotkali-sie-z-mieszkancami-jasla\/","og_site_name":"Marek Kuchci\u0144ski","article_published_time":"2023-03-12T11:41:49+00:00","article_modified_time":"2023-03-14T19:34:04+00:00","og_image":[{"width":960,"height":616,"url":"https:\/\/marekkuchcinski.pl\/wp-content\/uploads\/2023\/03\/J3.jpg","type":"image\/jpeg"}],"author":"Marta Olejnik","twitter_card":"summary_large_image","twitter_misc":{"Scris de":"Marta Olejnik","Timp estimat pentru citire":"4 minutes"},"schema":{"@context":"https:\/\/schema.org","@graph":[{"@type":"Article","@id":"https:\/\/marekkuchcinski.pl\/wydarzenia\/szef-rzadu-i-kancelarii-premiera-spotkali-sie-z-mieszkancami-jasla\/#article","isPartOf":{"@id":"https:\/\/marekkuchcinski.pl\/wydarzenia\/szef-rzadu-i-kancelarii-premiera-spotkali-sie-z-mieszkancami-jasla\/"},"author":{"name":"Marta Olejnik","@id":"https:\/\/marekkuchcinski.pl\/#\/schema\/person\/51d5d4ee3b5317b8e4dd2b48af359229"},"headline":"Szef rz\u0105du i kancelarii premiera spotkali si\u0119 z mieszka\u0144cami Jas\u0142a","datePublished":"2023-03-12T11:41:49+00:00","dateModified":"2023-03-14T19:34:04+00:00","mainEntityOfPage":{"@id":"https:\/\/marekkuchcinski.pl\/wydarzenia\/szef-rzadu-i-kancelarii-premiera-spotkali-sie-z-mieszkancami-jasla\/"},"wordCount":551,"publisher":{"@id":"https:\/\/marekkuchcinski.pl\/#organization"},"image":{"@id":"https:\/\/marekkuchcinski.pl\/wydarzenia\/szef-rzadu-i-kancelarii-premiera-spotkali-sie-z-mieszkancami-jasla\/#primaryimage"},"thumbnailUrl":"https:\/\/marekkuchcinski.pl\/wp-content\/uploads\/2023\/03\/J3.jpg","articleSection":["Podkarpacie","Wydarzenia"],"inLanguage":"ro-RO"},{"@type":"WebPage","@id":"https:\/\/marekkuchcinski.pl\/wydarzenia\/szef-rzadu-i-kancelarii-premiera-spotkali-sie-z-mieszkancami-jasla\/","url":"https:\/\/marekkuchcinski.pl\/wydarzenia\/szef-rzadu-i-kancelarii-premiera-spotkali-sie-z-mieszkancami-jasla\/","name":"Szef rz\u0105du i kancelarii premiera spotkali si\u0119 z mieszka\u0144cami Jas\u0142a &#8211; Marek Kuchci\u0144ski","isPartOf":{"@id":"https:\/\/marekkuchcinski.pl\/#website"},"primaryImageOfPage":{"@id":"https:\/\/marekkuchcinski.pl\/wydarzenia\/szef-rzadu-i-kancelarii-premiera-spotkali-sie-z-mieszkancami-jasla\/#primaryimage"},"image":{"@id":"https:\/\/marekkuchcinski.pl\/wydarzenia\/szef-rzadu-i-kancelarii-premiera-spotkali-sie-z-mieszkancami-jasla\/#primaryimage"},"thumbnailUrl":"https:\/\/marekkuchcinski.pl\/wp-content\/uploads\/2023\/03\/J3.jpg","datePublished":"2023-03-12T11:41:49+00:00","dateModified":"2023-03-14T19:34:04+00:00","breadcrumb":{"@id":"https:\/\/marekkuchcinski.pl\/wydarzenia\/szef-rzadu-i-kancelarii-premiera-spotkali-sie-z-mieszkancami-jasla\/#breadcrumb"},"inLanguage":"ro-RO","potentialAction":[{"@type":"ReadAction","target":["https:\/\/marekkuchcinski.pl\/wydarzenia\/szef-rzadu-i-kancelarii-premiera-spotkali-sie-z-mieszkancami-jasla\/"]}]},{"@type":"ImageObject","inLanguage":"ro-RO","@id":"https:\/\/marekkuchcinski.pl\/wydarzenia\/szef-rzadu-i-kancelarii-premiera-spotkali-sie-z-mieszkancami-jasla\/#primaryimage","url":"https:\/\/marekkuchcinski.pl\/wp-content\/uploads\/2023\/03\/J3.jpg","contentUrl":"https:\/\/marekkuchcinski.pl\/wp-content\/uploads\/2023\/03\/J3.jpg","width":960,"height":616},{"@type":"BreadcrumbList","@id":"https:\/\/marekkuchcinski.pl\/wydarzenia\/szef-rzadu-i-kancelarii-premiera-spotkali-sie-z-mieszkancami-jasla\/#breadcrumb","itemListElement":[{"@type":"ListItem","position":1,"name":"Strona g\u0142\u00f3wna","item":"https:\/\/marekkuchcinski.pl\/"},{"@type":"ListItem","position":2,"name":"Szef rz\u0105du i kancelarii premiera spotkali si\u0119 z mieszka\u0144cami Jas\u0142a"}]},{"@type":"WebSite","@id":"https:\/\/marekkuchcinski.pl\/#website","url":"https:\/\/marekkuchcinski.pl\/","name":"Marek Kuchci\u0144ski","description":"Pose\u0142 na sejm RP &ndash; okr\u0119g nr 22","publisher":{"@id":"https:\/\/marekkuchcinski.pl\/#organization"},"potentialAction":[{"@type":"SearchAction","target":{"@type":"EntryPoint","urlTemplate":"https:\/\/marekkuchcinski.pl\/?s={search_term_string}"},"query-input":{"@type":"PropertyValueSpecification","valueRequired":true,"valueName":"search_term_string"}}],"inLanguage":"ro-RO"},{"@type":"Organization","@id":"https:\/\/marekkuchcinski.pl\/#organization","name":"Marek Kuchci\u0144ski","url":"https:\/\/marekkuchcinski.pl\/","logo":{"@type":"ImageObject","inLanguage":"ro-RO","@id":"https:\/\/marekkuchcinski.pl\/#\/schema\/logo\/image\/","url":"https:\/\/marekkuchcinski.pl\/wp-content\/uploads\/2022\/09\/Marek.jpg","contentUrl":"https:\/\/marekkuchcinski.pl\/wp-content\/uploads\/2022\/09\/Marek.jpg","width":1600,"height":971,"caption":"Marek Kuchci\u0144ski"},"image":{"@id":"https:\/\/marekkuchcinski.pl\/#\/schema\/logo\/image\/"}},{"@type":"Person","@id":"https:\/\/marekkuchcinski.pl\/#\/schema\/person\/51d5d4ee3b5317b8e4dd2b48af359229","name":"Marta Olejnik","image":{"@type":"ImageObject","inLanguage":"ro-RO","@id":"https:\/\/marekkuchcinski.pl\/#\/schema\/person\/image\/","url":"https:\/\/secure.gravatar.com\/avatar\/e39914b2aa6a48959e24d475b5dc9793?s=96&d=mm&r=g","contentUrl":"https:\/\/secure.gravatar.com\/avatar\/e39914b2aa6a48959e24d475b5dc9793?s=96&d=mm&r=g","caption":"Marta Olejnik"},"url":"https:\/\/marekkuchcinski.pl\/ro\/author\/marta\/"}]}},"_links":{"self":[{"href":"https:\/\/marekkuchcinski.pl\/ro\/wp-json\/wp\/v2\/posts\/28165","targetHints":{"allow":["GET"]}}],"collection":[{"href":"https:\/\/marekkuchcinski.pl\/ro\/wp-json\/wp\/v2\/posts"}],"about":[{"href":"https:\/\/marekkuchcinski.pl\/ro\/wp-json\/wp\/v2\/types\/post"}],"author":[{"embeddable":true,"href":"https:\/\/marekkuchcinski.pl\/ro\/wp-json\/wp\/v2\/users\/21"}],"replies":[{"embeddable":true,"href":"https:\/\/marekkuchcinski.pl\/ro\/wp-json\/wp\/v2\/comments?post=28165"}],"version-history":[{"count":3,"href":"https:\/\/marekkuchcinski.pl\/ro\/wp-json\/wp\/v2\/posts\/28165\/revisions"}],"predecessor-version":[{"id":28178,"href":"https:\/\/marekkuchcinski.pl\/ro\/wp-json\/wp\/v2\/posts\/28165\/revisions\/28178"}],"wp:featuredmedia":[{"embeddable":true,"href":"https:\/\/marekkuchcinski.pl\/ro\/wp-json\/wp\/v2\/media\/28168"}],"wp:attachment":[{"href":"https:\/\/marekkuchcinski.pl\/ro\/wp-json\/wp\/v2\/media?parent=28165"}],"wp:term":[{"taxonomy":"category","embeddable":true,"href":"https:\/\/marekkuchcinski.pl\/ro\/wp-json\/wp\/v2\/categories?post=28165"},{"taxonomy":"post_tag","embeddable":true,"href":"https:\/\/marekkuchcinski.pl\/ro\/wp-json\/wp\/v2\/tags?post=28165"}],"curies":[{"name":"wp","href":"https:\/\/api.w.org\/{rel}","templated":true}]}}