{"id":27823,"date":"2023-02-21T00:47:46","date_gmt":"2023-02-20T23:47:46","guid":{"rendered":"https:\/\/marekkuchcinski.pl\/?p=27823"},"modified":"2023-02-22T15:55:40","modified_gmt":"2023-02-22T14:55:40","slug":"zapowiedz-35-konferencja-europa-karpat","status":"publish","type":"post","link":"https:\/\/marekkuchcinski.pl\/ro\/wydarzenia\/zapowiedz-35-konferencja-europa-karpat\/","title":{"rendered":"Anun\u021b: a 35-a conferin\u021b\u0103 Europa Carpa\u021bilor"},"content":{"rendered":"<p><strong>Europa Central\u0103, inclusiv Carpa\u021bii, devin un simbol al schimb\u0103rilor din lume<\/strong><\/p>\n\n\n\n<p>Proiectul Europa Carpa\u021bilor, care este implementat de ani de zile, este un exemplu al modului \u00een care ac\u021biunile locale pot afecta securitatea global\u0103. \u2013 Investi\u021biile \u00eentr-o regiune strategic\u0103 trebuie s\u0103 combine aspectele militare \u0219i economice cu educa\u021bia, cultura \u0219i rela\u021biile interpersonale. Apoi se creeaz\u0103 un \u021besut viu de cooperare s\u0103n\u0103toas\u0103 - explic\u0103 Marek Kuchci\u0144ski, fost mare\u0219al al Sejmului, \u0219eful biroului primului ministru, creatorul \u0219i animatorul evenimentului.<\/p>\n\n\n\n<p>Vineri, 24 februarie, la Krasiczyn va \u00eencepe conferin\u021ba interna\u021bional\u0103 Europa Carpa\u021bilor. Principalele teme ale celei de-a 35-a edi\u021bii sunt str\u00e2ns legate de situa\u021bia geopolitic\u0103 actual\u0103; ele privesc aspecte fundamentale ale unit\u0103\u021bii europene \u0219i ale cooper\u0103rii regiunii \u00een fa\u021ba unei crize cu mai multe fa\u021bete cauzate de r\u0103zboi.&nbsp;<\/p>\n\n\n\n<p><strong>\u00cen zece paneluri, politicieni, jurnali\u0219ti, oameni din mediul de afaceri \u0219i cultur\u0103 vor discuta:<\/strong><\/p>\n\n\n\n<ul class=\"wp-block-list\">\n<li>Europa Central\u0103 \u00een sistemul interna\u021bional de securitate&nbsp;<\/li>\n\n\n\n<li>sprijinirea \u0219i reconstruc\u021bia Ucrainei \u00een drum spre Uniunea European\u0103&nbsp;<\/li>\n\n\n\n<li>ce libertate a fost odinioar\u0103 \u0219i ce libertate este acum \u00een regiunea carpatic\u0103<\/li>\n\n\n\n<li>educa\u021bia viitorului \u0219i digitalizarea<\/li>\n\n\n\n<li>comunicare \u00een Europa Central\u0103, inclusiv noua politic\u0103 a rutelor de comunica\u021bii TEN-T<\/li>\n\n\n\n<li>diploma\u0163ia parlamentar\u0103 a Europei carpatice<\/li>\n\n\n\n<li>sistemele de valori din partea noastr\u0103 a Europei<\/li>\n\n\n\n<li>cele mai importante provoc\u0103ri cu care se confrunt\u0103 femeile din Carpa\u0163i<\/li>\n\n\n\n<li>cooperarea dintre administra\u021biile locale din Carpa\u021bi \u0219i Alpi<\/li>\n\n\n\n<li>securitatea alimentar\u0103 \u0219i autonomia strategic\u0103 a UE \u00een fa\u021ba r\u0103zboiului din Ucraina<\/li>\n<\/ul>\n\n\n\n<p><strong>Mare\u0219ali \u0219i mini\u0219tri \u00een Krasiczyn<\/strong><strong><\/strong><\/p>\n\n\n\n<p>La conferin\u021b\u0103 vor participa Vicepre\u0219edintele Sejm Ryszard Terlecki, \u0219eful biroului primului ministru Marek Kuchci\u0144ski, ministrul climei \u0219i mediului Anna Moscova, ministrul familiei Marlena Mal\u0105g, ministrul infrastructurii Andrzej Adamczyk, ministrul educa\u021biei Przemys\u0142aw Czarnek, comisarul UE pentru agricultur\u0103 Janusz Wojciechowski \u0219i numero\u0219i oaspe\u021bi str\u0103ini, inclusiv ambasadorul SUA Mark Brzezinski.<\/p>\n\n\n\n<p>\u2013 Anul trecut ne-a ar\u0103tat tuturor c\u00e2t de profitabile sunt investi\u021biile \u00een regiunea Carpa\u021bilor \u0219i c\u00e2t de importante sunt comunicarea \u0219i cooperarea bun\u0103. Un simbol special este aeroportul Rzesz\u00f3w-Jasionka sau drumul Via Carpatia. Agresiunea rus\u0103 a f\u0103cut \u021b\u0103rile din regiunea Carpatic\u0103 \u0219i mai aproape. \u00cen ceasul procesului, prietenia declarat\u0103 a societ\u0103\u021bilor din regiunea Carpatic\u0103 s-a dovedit a fi foarte real\u0103 - spune ini\u021biatorul conferin\u021bei, ministrul Marek Kuchci\u0144ski. \u2013 De ani de zile, construim o atmosfer\u0103 pozitiv\u0103 pentru cooperarea \u00eentre \u021b\u0103rile din regiunea noastr\u0103. Un adev\u0103rat succes este \u0219i apropierea de la alte niveluri - institu\u021bii, organiza\u021bii neguvernamentale, guverne locale, universit\u0103\u021bi, comunit\u0103\u021bi locale. Invit\u0103m adesea tinerii lideri ai regiunii Carpa\u021bi la discu\u021bie pentru a afla despre propunerile lor pentru viitorul regiunii noastre. Ne uit\u0103m \u00een special la revolu\u021bia civiliza\u021bional\u0103 care are loc datorit\u0103 noilor tehnologii (GovTech ne schimb\u0103 lumea \u00een fiecare zi!), discut\u0103m subiectele \u0219tiin\u021bei, dezvolt\u0103rii \u0219i ecologiei \u2013 adaug\u0103 \u0219eful biroului prim-ministrului.<\/p>\n\n\n\n<p><strong>Securitatea \u00eenseamn\u0103 \u0219i rela\u021bii interculturale<\/strong><strong><\/strong><\/p>\n\n\n\n<p>O alt\u0103 problem\u0103 c\u00e2\u0219tig\u0103, de asemenea, importan\u021b\u0103 - consolidarea comunic\u0103rii \u00een zona a trei m\u0103ri: Baltic\u0103, Neagr\u0103 \u0219i Adriatic\u0103. De exemplu: Via Carpatia, despre care a fost discutat de multe ori \u00een timpul conferin\u021bei, va fi nucleul \u00eentregii re\u021bele de filiale care duce, de exemplu, la Gda\u0144sk sau Odesa. Aceasta nu este singura modalitate de a conecta nordul cu sudul Europei. Ideea, care este deja \u00een curs de finalizare, presupune \u0219i realizarea unei c\u0103i ferate de mare vitez\u0103 Var\u0219ovia-Brno-Bratislava-Budapesta. \u00cen etapa urm\u0103toare, aceast\u0103 cale ferat\u0103 poate ajunge p\u00e2n\u0103 la Belgrad. Rolul nostru a fost s\u0103 \u00eencuraj\u0103m guvernele \u021b\u0103rilor din regiune s\u0103 lucreze \u00eempreun\u0103 la aceste ini\u021biative. Locuitorii din Carpa\u021bi sunt diver\u0219i din punct de vedere cultural \u0219i lingvistic \u0219i au obiceiuri unice. Aceasta este mo\u0219tenirea multor na\u021biuni \u0219i na\u021biuni. \u00cen ceea ce prive\u0219te biodiversitatea, mun\u021bii no\u0219tri sunt cei mai boga\u021bi din Europa. Carpa\u021bii sunt \u0219i un rezervor gigantic de ap\u0103 potabil\u0103 - \u0219i numai cooperarea interna\u021bional\u0103 poate asigura resurse suficiente din aceast\u0103 materie prim\u0103 strategic\u0103 pentru oameni. S\u0103 ne amintim \u0219i de securitatea alimentar\u0103, care este asigurat\u0103 de fermierii din Carpa\u021bi. De ani de zile activ\u0103m \u00een Europa Carpa\u021bilor pentru cooperare \u0219i pace. Aceasta este una dintre cele mai importante provoc\u0103ri ale noastre \u00een acest moment. \u0218i suntem con\u0219tien\u021bi c\u0103 securitatea noastr\u0103 este cel mai bine asigurat\u0103 de state puternice \u0219i armate puternice. Merit\u0103 s\u0103 amintim aici cuvintele rostite de pr. prof. Franjo Topi\u0107: \u201ePacea nu este totul, dar f\u0103r\u0103 pace totul este nimic\u201d. Anul trecut a ar\u0103tat c\u0103 cooperarea \u00een regiunea Carpatic\u0103 d\u0103 roade. \u0218i s\u0103 fie un pronostic bun pentru viitor.<\/p>\n\n\n\n<p class=\"has-text-align-center\"><strong>PROGRAMUL CEI A 35-A EUROPA A CONFERIN\u021aEI CARPA\u021aI<\/strong><\/p>\n\n\n\n<p class=\"has-text-align-center\"><br><strong>vineri (24 februarie)<\/strong><br><strong>Przemy\u015bl<\/strong><br>9:00-10:00 Dezvelirea pl\u0103cii de comemorare a familiei Brzezi\u0144ski \u00een \u0218coala Primar\u0103 nr. 1. Henryk Sienkiewicz la Przemy\u015bl cu participarea ambasadorului SUA \u00een Polonia Marek Brzezi\u0144ski \u0219i a participan\u021bilor la conferin\u021ba Europa Carpa\u021bilor<\/p>\n\n\n\n<p class=\"has-text-align-center\"><strong>Castelul din Krasiczyn<\/strong><\/p>\n\n\n\n<p>11:30 Deschiderea conferin\u021bei<\/p>\n\n\n\n<p>12:00-12:20 Prezentarea rezultatelor sondajului de studii est-europene al Universit\u0103\u021bii din Var\u0219ovia \u0219i al funda\u021biei EWL privind refugia\u021bii din Ucraina \u00een Polonia<\/p>\n\n\n\n<p>12:30-14:00 Panel I: Politica SUA fa\u021b\u0103 de Uniunea European\u0103, Rusia \u0219i China \u00een contextul r\u0103zboiului din Ucraina<\/p>\n\n\n\n<p>15:15-15:45 Prezentare: Rolul societ\u0103\u021bii civile \u00een ap\u0103rarea \u0219i transformarea Ucrainei<\/p>\n\n\n\n<p>15:45-16:45 Panelul II: Din ciclul de reconstruc\u021bie a Ucrainei. Sprijin \u0219i reconstruc\u021bie a Ucrainei \u00een drum spre Uniunea European\u0103<\/p>\n\n\n\n<p>17:00-18:30 Panoul III: Arhiva Libert\u0103\u021bilor Europei \u00een Carpa\u021bi<\/p>\n\n\n\n<p>18:30-19:00 Prezentarea centrului din Mikuliczyn<\/p>\n\n\n\n<p>19:15-20:45 Program Consiliul Cluburilor Carpatice Europe<\/p>\n\n\n\n<p><\/p>\n\n\n\n<p class=\"has-text-align-center\"><strong>S\u00e2mb\u0103t\u0103 (25 februarie)<\/strong><br>9:00-9:30 Prezentarea proiectului \u201eCultura polonez\u0103 \u00een \u021b\u0103rile trei m\u0103ri \u0219i \u00een \u021b\u0103rile anglo-saxone\u201d<\/p>\n\n\n\n<p>9:30-11:00 Panelul IV: din seria educa\u021biei viitorului Educa\u021bie digital\u0103. Educa\u021bia digital\u0103 a tinerilor.<\/p>\n\n\n\n<p>11:15-12:45 Panelul V: Comunicarea \u00een Europa Central\u0103 - noua politic\u0103 TEN-T<\/p>\n\n\n\n<p>13:00-14:30 Panelul VI: diploma\u021bia parlamentar\u0103 a Europei Carpatice (V4+)<\/p>\n\n\n\n<p>15:45-17:15 Panelul VII: Realism \u0219i valori \u00een Europa Central\u0103. \u00cen memoria prof. Waldemar Paruch<\/p>\n\n\n\n<p>17:30-19:00 Panelul VIII: din seria Femeile din Carpa\u021bi: cele mai importante provoc\u0103ri<\/p>\n\n\n\n<p><\/p>\n\n\n\n<p class=\"has-text-align-center\"><strong>Duminic\u0103 (26 februarie)<\/strong><\/p>\n\n\n\n<p>9:30 Prezentarea proiectelor implementate \u00een cadrul programului de cooperare transfrontalier\u0103 Polonia - Belarus - Ucraina<\/p>\n\n\n\n<p>10:00-11:30 Panelul IX: 30 de ani ai Euroregiunii Carpatice. Carpati, Alpi<\/p>\n\n\n\n<p>11:45-13:15 Panelul X: Securitatea alimentar\u0103 \u0219i autonomia strategic\u0103 a UE \u00een fa\u021ba r\u0103zboiului din Ucraina<\/p>","protected":false},"excerpt":{"rendered":"<p>Europa \u015arodkowa, w tym Karpaty staj\u0105 si\u0119 symbolem zmian na \u015bwiecie Realizowany od lat projekt Europa Karpat to przyk\u0142ad tego, jak dzia\u0142ania lokalne mog\u0105 wp\u0142ywa\u0107 na bezpiecze\u0144stwo globalne. \u2013 Inwestycje w strategiczny region musz\u0105 \u0142\u0105czy\u0107 kwestie militarne, gospodarcze z edukacj\u0105, kultur\u0105 i relacjami mi\u0119dzyludzkimi. W\u00f3wczas powstaje \u017cywa tkanka zdrowej wsp\u00f3\u0142pracy \u2013 wyja\u015bnia Marek Kuchci\u0144ski, b. [&hellip;]<\/p>","protected":false},"author":21,"featured_media":27825,"comment_status":"closed","ping_status":"open","sticky":false,"template":"","format":"standard","meta":{"ngg_post_thumbnail":0,"footnotes":""},"categories":[78,50,3],"tags":[],"class_list":["post-27823","post","type-post","status-publish","format-standard","has-post-thumbnail","hentry","category-europa-karpat","category-wspolpraca-miedzynarodowa","category-wydarzenia"],"yoast_head":"<!-- This site is optimized with the Yoast SEO plugin v24.7 - https:\/\/yoast.com\/wordpress\/plugins\/seo\/ -->\n<title>Zapowied\u017a: 35. konferencja Europa Karpat &#8211; Marek Kuchci\u0144ski<\/title>\n<meta name=\"robots\" content=\"index, follow, max-snippet:-1, max-image-preview:large, max-video-preview:-1\" \/>\n<link rel=\"canonical\" href=\"https:\/\/marekkuchcinski.pl\/ro\/wydarzenia\/zapowiedz-35-konferencja-europa-karpat\/\" \/>\n<meta property=\"og:locale\" content=\"ro_RO\" \/>\n<meta property=\"og:type\" content=\"article\" \/>\n<meta property=\"og:title\" content=\"Zapowied\u017a: 35. konferencja Europa Karpat &#8211; Marek Kuchci\u0144ski\" \/>\n<meta property=\"og:description\" content=\"Europa \u015arodkowa, w tym Karpaty staj\u0105 si\u0119 symbolem zmian na \u015bwiecie Realizowany od lat projekt Europa Karpat to przyk\u0142ad tego, jak dzia\u0142ania lokalne mog\u0105 wp\u0142ywa\u0107 na bezpiecze\u0144stwo globalne. \u2013 Inwestycje w strategiczny region musz\u0105 \u0142\u0105czy\u0107 kwestie militarne, gospodarcze z edukacj\u0105, kultur\u0105 i relacjami mi\u0119dzyludzkimi. W\u00f3wczas powstaje \u017cywa tkanka zdrowej wsp\u00f3\u0142pracy \u2013 wyja\u015bnia Marek Kuchci\u0144ski, b. [&hellip;]\" \/>\n<meta property=\"og:url\" content=\"https:\/\/marekkuchcinski.pl\/ro\/wydarzenia\/zapowiedz-35-konferencja-europa-karpat\/\" \/>\n<meta property=\"og:site_name\" content=\"Marek Kuchci\u0144ski\" \/>\n<meta property=\"article:published_time\" content=\"2023-02-20T23:47:46+00:00\" \/>\n<meta property=\"article:modified_time\" content=\"2023-02-22T14:55:40+00:00\" \/>\n<meta property=\"og:image\" content=\"https:\/\/marekkuchcinski.pl\/wp-content\/uploads\/2023\/02\/ekkra.jpg\" \/>\n\t<meta property=\"og:image:width\" content=\"1600\" \/>\n\t<meta property=\"og:image:height\" content=\"1059\" \/>\n\t<meta property=\"og:image:type\" content=\"image\/jpeg\" \/>\n<meta name=\"author\" content=\"Marta Olejnik\" \/>\n<meta name=\"twitter:card\" content=\"summary_large_image\" \/>\n<meta name=\"twitter:label1\" content=\"Scris de\" \/>\n\t<meta name=\"twitter:data1\" content=\"Marta Olejnik\" \/>\n\t<meta name=\"twitter:label2\" content=\"Timp estimat pentru citire\" \/>\n\t<meta name=\"twitter:data2\" content=\"5 minutes\" \/>\n<script type=\"application\/ld+json\" class=\"yoast-schema-graph\">{\"@context\":\"https:\/\/schema.org\",\"@graph\":[{\"@type\":\"Article\",\"@id\":\"https:\/\/marekkuchcinski.pl\/wydarzenia\/zapowiedz-35-konferencja-europa-karpat\/#article\",\"isPartOf\":{\"@id\":\"https:\/\/marekkuchcinski.pl\/wydarzenia\/zapowiedz-35-konferencja-europa-karpat\/\"},\"author\":{\"name\":\"Marta Olejnik\",\"@id\":\"https:\/\/marekkuchcinski.pl\/#\/schema\/person\/51d5d4ee3b5317b8e4dd2b48af359229\"},\"headline\":\"Zapowied\u017a: 35. konferencja Europa Karpat\",\"datePublished\":\"2023-02-20T23:47:46+00:00\",\"dateModified\":\"2023-02-22T14:55:40+00:00\",\"mainEntityOfPage\":{\"@id\":\"https:\/\/marekkuchcinski.pl\/wydarzenia\/zapowiedz-35-konferencja-europa-karpat\/\"},\"wordCount\":1024,\"publisher\":{\"@id\":\"https:\/\/marekkuchcinski.pl\/#organization\"},\"image\":{\"@id\":\"https:\/\/marekkuchcinski.pl\/wydarzenia\/zapowiedz-35-konferencja-europa-karpat\/#primaryimage\"},\"thumbnailUrl\":\"https:\/\/marekkuchcinski.pl\/wp-content\/uploads\/2023\/02\/ekkra.jpg\",\"articleSection\":[\"Europa Karpat\",\"Wsp\u00f3\u0142praca mi\u0119dzynarodowa\",\"Wydarzenia\"],\"inLanguage\":\"ro-RO\"},{\"@type\":\"WebPage\",\"@id\":\"https:\/\/marekkuchcinski.pl\/wydarzenia\/zapowiedz-35-konferencja-europa-karpat\/\",\"url\":\"https:\/\/marekkuchcinski.pl\/wydarzenia\/zapowiedz-35-konferencja-europa-karpat\/\",\"name\":\"Zapowied\u017a: 35. konferencja Europa Karpat &#8211; Marek Kuchci\u0144ski\",\"isPartOf\":{\"@id\":\"https:\/\/marekkuchcinski.pl\/#website\"},\"primaryImageOfPage\":{\"@id\":\"https:\/\/marekkuchcinski.pl\/wydarzenia\/zapowiedz-35-konferencja-europa-karpat\/#primaryimage\"},\"image\":{\"@id\":\"https:\/\/marekkuchcinski.pl\/wydarzenia\/zapowiedz-35-konferencja-europa-karpat\/#primaryimage\"},\"thumbnailUrl\":\"https:\/\/marekkuchcinski.pl\/wp-content\/uploads\/2023\/02\/ekkra.jpg\",\"datePublished\":\"2023-02-20T23:47:46+00:00\",\"dateModified\":\"2023-02-22T14:55:40+00:00\",\"breadcrumb\":{\"@id\":\"https:\/\/marekkuchcinski.pl\/wydarzenia\/zapowiedz-35-konferencja-europa-karpat\/#breadcrumb\"},\"inLanguage\":\"ro-RO\",\"potentialAction\":[{\"@type\":\"ReadAction\",\"target\":[\"https:\/\/marekkuchcinski.pl\/wydarzenia\/zapowiedz-35-konferencja-europa-karpat\/\"]}]},{\"@type\":\"ImageObject\",\"inLanguage\":\"ro-RO\",\"@id\":\"https:\/\/marekkuchcinski.pl\/wydarzenia\/zapowiedz-35-konferencja-europa-karpat\/#primaryimage\",\"url\":\"https:\/\/marekkuchcinski.pl\/wp-content\/uploads\/2023\/02\/ekkra.jpg\",\"contentUrl\":\"https:\/\/marekkuchcinski.pl\/wp-content\/uploads\/2023\/02\/ekkra.jpg\",\"width\":1600,\"height\":1059},{\"@type\":\"BreadcrumbList\",\"@id\":\"https:\/\/marekkuchcinski.pl\/wydarzenia\/zapowiedz-35-konferencja-europa-karpat\/#breadcrumb\",\"itemListElement\":[{\"@type\":\"ListItem\",\"position\":1,\"name\":\"Strona g\u0142\u00f3wna\",\"item\":\"https:\/\/marekkuchcinski.pl\/\"},{\"@type\":\"ListItem\",\"position\":2,\"name\":\"Zapowied\u017a: 35. konferencja Europa Karpat\"}]},{\"@type\":\"WebSite\",\"@id\":\"https:\/\/marekkuchcinski.pl\/#website\",\"url\":\"https:\/\/marekkuchcinski.pl\/\",\"name\":\"Marek Kuchci\u0144ski\",\"description\":\"Pose\u0142 na sejm RP &ndash; okr\u0119g nr 22\",\"publisher\":{\"@id\":\"https:\/\/marekkuchcinski.pl\/#organization\"},\"potentialAction\":[{\"@type\":\"SearchAction\",\"target\":{\"@type\":\"EntryPoint\",\"urlTemplate\":\"https:\/\/marekkuchcinski.pl\/?s={search_term_string}\"},\"query-input\":{\"@type\":\"PropertyValueSpecification\",\"valueRequired\":true,\"valueName\":\"search_term_string\"}}],\"inLanguage\":\"ro-RO\"},{\"@type\":\"Organization\",\"@id\":\"https:\/\/marekkuchcinski.pl\/#organization\",\"name\":\"Marek Kuchci\u0144ski\",\"url\":\"https:\/\/marekkuchcinski.pl\/\",\"logo\":{\"@type\":\"ImageObject\",\"inLanguage\":\"ro-RO\",\"@id\":\"https:\/\/marekkuchcinski.pl\/#\/schema\/logo\/image\/\",\"url\":\"https:\/\/marekkuchcinski.pl\/wp-content\/uploads\/2022\/09\/Marek.jpg\",\"contentUrl\":\"https:\/\/marekkuchcinski.pl\/wp-content\/uploads\/2022\/09\/Marek.jpg\",\"width\":1600,\"height\":971,\"caption\":\"Marek Kuchci\u0144ski\"},\"image\":{\"@id\":\"https:\/\/marekkuchcinski.pl\/#\/schema\/logo\/image\/\"}},{\"@type\":\"Person\",\"@id\":\"https:\/\/marekkuchcinski.pl\/#\/schema\/person\/51d5d4ee3b5317b8e4dd2b48af359229\",\"name\":\"Marta Olejnik\",\"image\":{\"@type\":\"ImageObject\",\"inLanguage\":\"ro-RO\",\"@id\":\"https:\/\/marekkuchcinski.pl\/#\/schema\/person\/image\/\",\"url\":\"https:\/\/secure.gravatar.com\/avatar\/e39914b2aa6a48959e24d475b5dc9793?s=96&d=mm&r=g\",\"contentUrl\":\"https:\/\/secure.gravatar.com\/avatar\/e39914b2aa6a48959e24d475b5dc9793?s=96&d=mm&r=g\",\"caption\":\"Marta Olejnik\"},\"url\":\"https:\/\/marekkuchcinski.pl\/ro\/author\/marta\/\"}]}<\/script>\n<!-- \/ Yoast SEO plugin. -->","yoast_head_json":{"title":"Zapowied\u017a: 35. konferencja Europa Karpat &#8211; Marek Kuchci\u0144ski","robots":{"index":"index","follow":"follow","max-snippet":"max-snippet:-1","max-image-preview":"max-image-preview:large","max-video-preview":"max-video-preview:-1"},"canonical":"https:\/\/marekkuchcinski.pl\/ro\/wydarzenia\/zapowiedz-35-konferencja-europa-karpat\/","og_locale":"ro_RO","og_type":"article","og_title":"Zapowied\u017a: 35. konferencja Europa Karpat &#8211; Marek Kuchci\u0144ski","og_description":"Europa \u015arodkowa, w tym Karpaty staj\u0105 si\u0119 symbolem zmian na \u015bwiecie Realizowany od lat projekt Europa Karpat to przyk\u0142ad tego, jak dzia\u0142ania lokalne mog\u0105 wp\u0142ywa\u0107 na bezpiecze\u0144stwo globalne. \u2013 Inwestycje w strategiczny region musz\u0105 \u0142\u0105czy\u0107 kwestie militarne, gospodarcze z edukacj\u0105, kultur\u0105 i relacjami mi\u0119dzyludzkimi. W\u00f3wczas powstaje \u017cywa tkanka zdrowej wsp\u00f3\u0142pracy \u2013 wyja\u015bnia Marek Kuchci\u0144ski, b. [&hellip;]","og_url":"https:\/\/marekkuchcinski.pl\/ro\/wydarzenia\/zapowiedz-35-konferencja-europa-karpat\/","og_site_name":"Marek Kuchci\u0144ski","article_published_time":"2023-02-20T23:47:46+00:00","article_modified_time":"2023-02-22T14:55:40+00:00","og_image":[{"width":1600,"height":1059,"url":"https:\/\/marekkuchcinski.pl\/wp-content\/uploads\/2023\/02\/ekkra.jpg","type":"image\/jpeg"}],"author":"Marta Olejnik","twitter_card":"summary_large_image","twitter_misc":{"Scris de":"Marta Olejnik","Timp estimat pentru citire":"5 minutes"},"schema":{"@context":"https:\/\/schema.org","@graph":[{"@type":"Article","@id":"https:\/\/marekkuchcinski.pl\/wydarzenia\/zapowiedz-35-konferencja-europa-karpat\/#article","isPartOf":{"@id":"https:\/\/marekkuchcinski.pl\/wydarzenia\/zapowiedz-35-konferencja-europa-karpat\/"},"author":{"name":"Marta Olejnik","@id":"https:\/\/marekkuchcinski.pl\/#\/schema\/person\/51d5d4ee3b5317b8e4dd2b48af359229"},"headline":"Zapowied\u017a: 35. konferencja Europa Karpat","datePublished":"2023-02-20T23:47:46+00:00","dateModified":"2023-02-22T14:55:40+00:00","mainEntityOfPage":{"@id":"https:\/\/marekkuchcinski.pl\/wydarzenia\/zapowiedz-35-konferencja-europa-karpat\/"},"wordCount":1024,"publisher":{"@id":"https:\/\/marekkuchcinski.pl\/#organization"},"image":{"@id":"https:\/\/marekkuchcinski.pl\/wydarzenia\/zapowiedz-35-konferencja-europa-karpat\/#primaryimage"},"thumbnailUrl":"https:\/\/marekkuchcinski.pl\/wp-content\/uploads\/2023\/02\/ekkra.jpg","articleSection":["Europa Karpat","Wsp\u00f3\u0142praca mi\u0119dzynarodowa","Wydarzenia"],"inLanguage":"ro-RO"},{"@type":"WebPage","@id":"https:\/\/marekkuchcinski.pl\/wydarzenia\/zapowiedz-35-konferencja-europa-karpat\/","url":"https:\/\/marekkuchcinski.pl\/wydarzenia\/zapowiedz-35-konferencja-europa-karpat\/","name":"Zapowied\u017a: 35. konferencja Europa Karpat &#8211; Marek Kuchci\u0144ski","isPartOf":{"@id":"https:\/\/marekkuchcinski.pl\/#website"},"primaryImageOfPage":{"@id":"https:\/\/marekkuchcinski.pl\/wydarzenia\/zapowiedz-35-konferencja-europa-karpat\/#primaryimage"},"image":{"@id":"https:\/\/marekkuchcinski.pl\/wydarzenia\/zapowiedz-35-konferencja-europa-karpat\/#primaryimage"},"thumbnailUrl":"https:\/\/marekkuchcinski.pl\/wp-content\/uploads\/2023\/02\/ekkra.jpg","datePublished":"2023-02-20T23:47:46+00:00","dateModified":"2023-02-22T14:55:40+00:00","breadcrumb":{"@id":"https:\/\/marekkuchcinski.pl\/wydarzenia\/zapowiedz-35-konferencja-europa-karpat\/#breadcrumb"},"inLanguage":"ro-RO","potentialAction":[{"@type":"ReadAction","target":["https:\/\/marekkuchcinski.pl\/wydarzenia\/zapowiedz-35-konferencja-europa-karpat\/"]}]},{"@type":"ImageObject","inLanguage":"ro-RO","@id":"https:\/\/marekkuchcinski.pl\/wydarzenia\/zapowiedz-35-konferencja-europa-karpat\/#primaryimage","url":"https:\/\/marekkuchcinski.pl\/wp-content\/uploads\/2023\/02\/ekkra.jpg","contentUrl":"https:\/\/marekkuchcinski.pl\/wp-content\/uploads\/2023\/02\/ekkra.jpg","width":1600,"height":1059},{"@type":"BreadcrumbList","@id":"https:\/\/marekkuchcinski.pl\/wydarzenia\/zapowiedz-35-konferencja-europa-karpat\/#breadcrumb","itemListElement":[{"@type":"ListItem","position":1,"name":"Strona g\u0142\u00f3wna","item":"https:\/\/marekkuchcinski.pl\/"},{"@type":"ListItem","position":2,"name":"Zapowied\u017a: 35. konferencja Europa Karpat"}]},{"@type":"WebSite","@id":"https:\/\/marekkuchcinski.pl\/#website","url":"https:\/\/marekkuchcinski.pl\/","name":"Marek Kuchci\u0144ski","description":"Pose\u0142 na sejm RP &ndash; okr\u0119g nr 22","publisher":{"@id":"https:\/\/marekkuchcinski.pl\/#organization"},"potentialAction":[{"@type":"SearchAction","target":{"@type":"EntryPoint","urlTemplate":"https:\/\/marekkuchcinski.pl\/?s={search_term_string}"},"query-input":{"@type":"PropertyValueSpecification","valueRequired":true,"valueName":"search_term_string"}}],"inLanguage":"ro-RO"},{"@type":"Organization","@id":"https:\/\/marekkuchcinski.pl\/#organization","name":"Marek Kuchci\u0144ski","url":"https:\/\/marekkuchcinski.pl\/","logo":{"@type":"ImageObject","inLanguage":"ro-RO","@id":"https:\/\/marekkuchcinski.pl\/#\/schema\/logo\/image\/","url":"https:\/\/marekkuchcinski.pl\/wp-content\/uploads\/2022\/09\/Marek.jpg","contentUrl":"https:\/\/marekkuchcinski.pl\/wp-content\/uploads\/2022\/09\/Marek.jpg","width":1600,"height":971,"caption":"Marek Kuchci\u0144ski"},"image":{"@id":"https:\/\/marekkuchcinski.pl\/#\/schema\/logo\/image\/"}},{"@type":"Person","@id":"https:\/\/marekkuchcinski.pl\/#\/schema\/person\/51d5d4ee3b5317b8e4dd2b48af359229","name":"Marta Olejnik","image":{"@type":"ImageObject","inLanguage":"ro-RO","@id":"https:\/\/marekkuchcinski.pl\/#\/schema\/person\/image\/","url":"https:\/\/secure.gravatar.com\/avatar\/e39914b2aa6a48959e24d475b5dc9793?s=96&d=mm&r=g","contentUrl":"https:\/\/secure.gravatar.com\/avatar\/e39914b2aa6a48959e24d475b5dc9793?s=96&d=mm&r=g","caption":"Marta Olejnik"},"url":"https:\/\/marekkuchcinski.pl\/ro\/author\/marta\/"}]}},"_links":{"self":[{"href":"https:\/\/marekkuchcinski.pl\/ro\/wp-json\/wp\/v2\/posts\/27823","targetHints":{"allow":["GET"]}}],"collection":[{"href":"https:\/\/marekkuchcinski.pl\/ro\/wp-json\/wp\/v2\/posts"}],"about":[{"href":"https:\/\/marekkuchcinski.pl\/ro\/wp-json\/wp\/v2\/types\/post"}],"author":[{"embeddable":true,"href":"https:\/\/marekkuchcinski.pl\/ro\/wp-json\/wp\/v2\/users\/21"}],"replies":[{"embeddable":true,"href":"https:\/\/marekkuchcinski.pl\/ro\/wp-json\/wp\/v2\/comments?post=27823"}],"version-history":[{"count":3,"href":"https:\/\/marekkuchcinski.pl\/ro\/wp-json\/wp\/v2\/posts\/27823\/revisions"}],"predecessor-version":[{"id":27828,"href":"https:\/\/marekkuchcinski.pl\/ro\/wp-json\/wp\/v2\/posts\/27823\/revisions\/27828"}],"wp:featuredmedia":[{"embeddable":true,"href":"https:\/\/marekkuchcinski.pl\/ro\/wp-json\/wp\/v2\/media\/27825"}],"wp:attachment":[{"href":"https:\/\/marekkuchcinski.pl\/ro\/wp-json\/wp\/v2\/media?parent=27823"}],"wp:term":[{"taxonomy":"category","embeddable":true,"href":"https:\/\/marekkuchcinski.pl\/ro\/wp-json\/wp\/v2\/categories?post=27823"},{"taxonomy":"post_tag","embeddable":true,"href":"https:\/\/marekkuchcinski.pl\/ro\/wp-json\/wp\/v2\/tags?post=27823"}],"curies":[{"name":"wp","href":"https:\/\/api.w.org\/{rel}","templated":true}]}}