{"id":27812,"date":"2023-02-14T23:43:57","date_gmt":"2023-02-14T22:43:57","guid":{"rendered":"https:\/\/marekkuchcinski.pl\/?p=27812"},"modified":"2023-02-14T23:43:58","modified_gmt":"2023-02-14T22:43:58","slug":"marek-kuchcinski-via-carpatia-to-impuls-dla-gospodarki-kultury-i-bezpieczenstwa","status":"publish","type":"post","link":"https:\/\/marekkuchcinski.pl\/ro\/wydarzenia\/marek-kuchcinski-via-carpatia-to-impuls-dla-gospodarki-kultury-i-bezpieczenstwa\/","title":{"rendered":"Marek Kuchci\u0144ski: Via Carpatia to impuls dla gospodarki, kultury i bezpiecze\u0144stwa"},"content":{"rendered":"<p class=\"wp-block-paragraph\">W Centrum Nauki Kopernik odby\u0142a si\u0119 organizowana przez Ministerstwo Infrastruktury konferencja dot. Transeuropejskiej Sieci Transportowej TEN-T w ramach cyklu Europa Karpat z udzia\u0142em prezydenta Andrzeja Dudy, szefa KPRM Marka Kuchci\u0144skiego i przedstawicieli resort\u00f3w ds. transportu z Polski, Szwecji, Ukrainy, Litwy, Rumunii, Czech i Cypru.<\/p>\n\n\n\n<p class=\"wp-block-paragraph\"><strong>Via Carpatia \u2013 jedna z najwa\u017cniejszych mi\u0119dzynarodowych inicjatyw ostatnich dziesi\u0119cioleci, s\u0142usznie nazwana przez ministra infrastruktury drog\u0105 \u017cycia. 30 lat temu jako cz\u0142onkowie pa\u0144stw, kt\u00f3re uwolni\u0142y si\u0119 z komunizmu, marzyli\u015bmy, by po naszej Europy w\u0119drowa\u0107 bez granic i dzi\u015b te marzenia si\u0119 spe\u0142niaj\u0105. Historia naszych zainteresowa\u0144 si\u0119ga 2006 roku i konferencji w \u0141a\u0144cucie z prezydentem Lechem Kaczy\u0144skim. Dzi\u015b wok\u00f3\u0142 Via Carpatii rozwija si\u0119 wsp\u00f3\u0142praca regionalna, mi\u0119dzy pa\u0144stwami ba\u0142tyckimi i ba\u0142ka\u0144skimi, tworzy si\u0119 Via Culturalia \u2013 inicjatywa ludzi kultury. Zapewniam, \u017ce wszyscy przedstawiciele \u015brodowisk, kt\u00f3rzy od lat spotykaj\u0105 si\u0119 na konferencji Europa Karpat, z wielkimi nadziejami oczekuj\u0105, \u017ce Via Carpatia u\u0142atwi wsp\u00f3\u0142prac\u0119 i zapewnia\u0142a bezpiecze\u0144stwo, bo, pami\u0119tajmy, \u017ce poza znaczeniem gospodarczymi posiada ona r\u00f3wnie\u017c znaczenie militarne<\/strong> \u2013 m\u00f3wi\u0142 Marek Kuchci\u0144ski, pomys\u0142odawca i wieloletni organizator konferencji Europa Karpat.<\/p>\n\n\n\n<p class=\"wp-block-paragraph\">Prezydent Andrzej Duda przekonywa\u0142, \u017ce aby zr\u00f3wnowa\u017cony rozw\u00f3j by\u0142 mo\u017cliwy, konieczna jest dobra komunikacja: drogowa i kolejowa. Dotyczy to zar\u00f3wno zr\u00f3wnowa\u017conego rozwoju kraju i mo\u017cliwo\u015bci komunikacji na szczeblu lokalnym, jak i rozwoju na szczeblu europejskim &#8211; na tym polega istota funduszy sp\u00f3jno\u015bci Unii Europejskiej. Wskaza\u0142 przy tym, \u017ce kwestie komunikacji i transportu s\u0105 fundamentalne r\u00f3wnie\u017c dla bezpiecze\u0144stwa mieszka\u0144c\u00f3w poszczeg\u00f3lnych kraj\u00f3w oraz ca\u0142ego regionu. Prezydent podkre\u015bla\u0142 tak\u017ce, \u017ce drogi szybkiego ruchu w uk\u0142adzie p\u00f3\u0142noc-po\u0142udnie wreszcie powstaj\u0105 i zosta\u0142o wykonano ju\u017c du\u017c\u0105 prac\u0119 w t\u0119 stron\u0119. Dzi\u0119kuj\u0119 za ni\u0105. Wiele pracy jednak przed nami. Wszystkie stolice i du\u017ce miasta Europy \u015arodkowej powinny by\u0107 dobrze skomunikowane: od Helsinek, przez pa\u0144stwa ba\u0142tyckie, Polsk\u0119, S\u0142owacj\u0119, W\u0119gry, a\u017c po Bu\u0142gari\u0119, Rumuni\u0119, Grecj\u0119.&nbsp;<\/p>\n\n\n\n<p class=\"wp-block-paragraph\">Minister infrastruktury Andrzej Adamczyk zaznaczy\u0142, \u017ce rola kraj\u00f3w Europy \u015arodkowej, pa\u0144stw Inicjatywy Tr\u00f3jmorza jest obecnie kluczowa. Dlatego rozwijamy infrastruktur\u0119 na osi p\u00f3\u0142noc-po\u0142udnie. To Via Carpatia i Via Baltica, ale tak\u017ce inwestycje kolejowe: Rail Baltica, a w przysz\u0142o\u015bci tak\u017ce Rail Carpatia. Jeszcze 8 lat temu instytucje unijne nie wiedzia\u0142y, czym jest planowany szlak Via Carpatia. G\u0142os naszego regionu nie by\u0142 s\u0142yszany, a stanowisko Polski szerzej znane. Dzisiaj nikt w Brukseli nie ma w\u0105tpliwo\u015bci, \u017ce jest to sprawa wa\u017cna dla ca\u0142ej wsp\u00f3lnoty.<\/p>\n\n\n\n<p class=\"wp-block-paragraph\">Przyj\u0119te przez ministr\u00f3w ds. transportu pa\u0144stw cz\u0142onkowskich UE regulacje w zakresie polityki TEN-T stanowi\u0105 wa\u017cny element wyr\u00f3wnywania historycznych dysproporcji komunikacyjnych w Europie i tworzenia sp\u00f3jnej sieci transportowej. W obecnej sytuacji wojny na Ukrainie stwarza to tak\u017ce nowe mo\u017cliwo\u015bci wzmocnienia infrastruktury transportowej, jako elementu bezpiecze\u0144stwa w regionie. Rola kraj\u00f3w Europy \u015arodkowej, pa\u0144stw Inicjatywy Tr\u00f3jmorza jest w tym kontek\u015bcie obecnie kluczowa.<\/p>\n\n\n\n<p class=\"wp-block-paragraph\"><em>fot. M. Olejnik<\/em><\/p>\n\n\n\n<figure class=\"wp-block-image size-large is-resized\"><a href=\"https:\/\/marekkuchcinski.pl\/wp-content\/uploads\/2023\/02\/SKM_C300i23021415280.jpg\"><img fetchpriority=\"high\" decoding=\"async\" src=\"https:\/\/marekkuchcinski.pl\/wp-content\/uploads\/2023\/02\/SKM_C300i23021415280-454x1024.jpg\" alt=\"\" class=\"wp-image-27819\" width=\"840\" height=\"1895\" srcset=\"https:\/\/marekkuchcinski.pl\/wp-content\/uploads\/2023\/02\/SKM_C300i23021415280-454x1024.jpg 454w, https:\/\/marekkuchcinski.pl\/wp-content\/uploads\/2023\/02\/SKM_C300i23021415280-133x300.jpg 133w, https:\/\/marekkuchcinski.pl\/wp-content\/uploads\/2023\/02\/SKM_C300i23021415280-5x12.jpg 5w\" sizes=\"(max-width: 840px) 100vw, 840px\" \/><\/a><\/figure>\n\n\n\n<figure class=\"wp-block-gallery has-nested-images columns-default is-cropped wp-block-gallery-1 is-layout-flex wp-block-gallery-is-layout-flex\">\n<figure class=\"wp-block-image size-large\"><a href=\"https:\/\/marekkuchcinski.pl\/wp-content\/uploads\/2023\/02\/t7.jpg\"><img decoding=\"async\" width=\"1024\" height=\"683\" data-id=\"27813\" src=\"https:\/\/marekkuchcinski.pl\/wp-content\/uploads\/2023\/02\/t7-1024x683.jpg\" alt=\"\" class=\"wp-image-27813\" srcset=\"https:\/\/marekkuchcinski.pl\/wp-content\/uploads\/2023\/02\/t7-1024x683.jpg 1024w, https:\/\/marekkuchcinski.pl\/wp-content\/uploads\/2023\/02\/t7-300x200.jpg 300w, https:\/\/marekkuchcinski.pl\/wp-content\/uploads\/2023\/02\/t7-768x512.jpg 768w, https:\/\/marekkuchcinski.pl\/wp-content\/uploads\/2023\/02\/t7-1536x1024.jpg 1536w, https:\/\/marekkuchcinski.pl\/wp-content\/uploads\/2023\/02\/t7-18x12.jpg 18w, https:\/\/marekkuchcinski.pl\/wp-content\/uploads\/2023\/02\/t7.jpg 1600w\" sizes=\"(max-width: 1024px) 100vw, 1024px\" \/><\/a><\/figure>\n<\/figure>\n\n\n\n<figure class=\"wp-block-image size-large\"><a href=\"https:\/\/marekkuchcinski.pl\/wp-content\/uploads\/2023\/02\/t5.jpg\"><img decoding=\"async\" width=\"1024\" height=\"683\" src=\"https:\/\/marekkuchcinski.pl\/wp-content\/uploads\/2023\/02\/t5-1024x683.jpg\" alt=\"\" class=\"wp-image-27814\" srcset=\"https:\/\/marekkuchcinski.pl\/wp-content\/uploads\/2023\/02\/t5-1024x683.jpg 1024w, https:\/\/marekkuchcinski.pl\/wp-content\/uploads\/2023\/02\/t5-300x200.jpg 300w, https:\/\/marekkuchcinski.pl\/wp-content\/uploads\/2023\/02\/t5-768x512.jpg 768w, https:\/\/marekkuchcinski.pl\/wp-content\/uploads\/2023\/02\/t5-1536x1024.jpg 1536w, https:\/\/marekkuchcinski.pl\/wp-content\/uploads\/2023\/02\/t5-18x12.jpg 18w, https:\/\/marekkuchcinski.pl\/wp-content\/uploads\/2023\/02\/t5.jpg 1600w\" sizes=\"(max-width: 1024px) 100vw, 1024px\" \/><\/a><\/figure>\n\n\n\n<figure class=\"wp-block-image size-large\"><a href=\"https:\/\/marekkuchcinski.pl\/wp-content\/uploads\/2023\/02\/t3.jpg\"><img loading=\"lazy\" decoding=\"async\" width=\"1024\" height=\"683\" src=\"https:\/\/marekkuchcinski.pl\/wp-content\/uploads\/2023\/02\/t3-1024x683.jpg\" alt=\"\" class=\"wp-image-27815\" srcset=\"https:\/\/marekkuchcinski.pl\/wp-content\/uploads\/2023\/02\/t3-1024x683.jpg 1024w, https:\/\/marekkuchcinski.pl\/wp-content\/uploads\/2023\/02\/t3-300x200.jpg 300w, https:\/\/marekkuchcinski.pl\/wp-content\/uploads\/2023\/02\/t3-768x512.jpg 768w, https:\/\/marekkuchcinski.pl\/wp-content\/uploads\/2023\/02\/t3-1536x1024.jpg 1536w, https:\/\/marekkuchcinski.pl\/wp-content\/uploads\/2023\/02\/t3-18x12.jpg 18w, https:\/\/marekkuchcinski.pl\/wp-content\/uploads\/2023\/02\/t3.jpg 1600w\" sizes=\"(max-width: 1024px) 100vw, 1024px\" \/><\/a><\/figure>\n\n\n\n<figure class=\"wp-block-image size-large\"><a href=\"https:\/\/marekkuchcinski.pl\/wp-content\/uploads\/2023\/02\/t2-1.jpg\"><img loading=\"lazy\" decoding=\"async\" width=\"1024\" height=\"683\" src=\"https:\/\/marekkuchcinski.pl\/wp-content\/uploads\/2023\/02\/t2-1-1024x683.jpg\" alt=\"\" class=\"wp-image-27816\" srcset=\"https:\/\/marekkuchcinski.pl\/wp-content\/uploads\/2023\/02\/t2-1-1024x683.jpg 1024w, https:\/\/marekkuchcinski.pl\/wp-content\/uploads\/2023\/02\/t2-1-300x200.jpg 300w, https:\/\/marekkuchcinski.pl\/wp-content\/uploads\/2023\/02\/t2-1-768x512.jpg 768w, https:\/\/marekkuchcinski.pl\/wp-content\/uploads\/2023\/02\/t2-1-1536x1024.jpg 1536w, https:\/\/marekkuchcinski.pl\/wp-content\/uploads\/2023\/02\/t2-1-18x12.jpg 18w, https:\/\/marekkuchcinski.pl\/wp-content\/uploads\/2023\/02\/t2-1.jpg 1600w\" sizes=\"(max-width: 1024px) 100vw, 1024px\" \/><\/a><\/figure>\n\n\n\n<figure class=\"wp-block-image size-large\"><a href=\"https:\/\/marekkuchcinski.pl\/wp-content\/uploads\/2023\/02\/IMG_8065.jpg\"><img loading=\"lazy\" decoding=\"async\" width=\"1024\" height=\"683\" src=\"https:\/\/marekkuchcinski.pl\/wp-content\/uploads\/2023\/02\/IMG_8065-1024x683.jpg\" alt=\"\" class=\"wp-image-27817\" srcset=\"https:\/\/marekkuchcinski.pl\/wp-content\/uploads\/2023\/02\/IMG_8065-1024x683.jpg 1024w, https:\/\/marekkuchcinski.pl\/wp-content\/uploads\/2023\/02\/IMG_8065-300x200.jpg 300w, https:\/\/marekkuchcinski.pl\/wp-content\/uploads\/2023\/02\/IMG_8065-768x512.jpg 768w, https:\/\/marekkuchcinski.pl\/wp-content\/uploads\/2023\/02\/IMG_8065-1536x1024.jpg 1536w, https:\/\/marekkuchcinski.pl\/wp-content\/uploads\/2023\/02\/IMG_8065-18x12.jpg 18w, https:\/\/marekkuchcinski.pl\/wp-content\/uploads\/2023\/02\/IMG_8065.jpg 1600w\" sizes=\"(max-width: 1024px) 100vw, 1024px\" \/><\/a><\/figure>","protected":false},"excerpt":{"rendered":"<p>W Centrum Nauki Kopernik odby\u0142a si\u0119 organizowana przez Ministerstwo Infrastruktury konferencja dot. Transeuropejskiej Sieci Transportowej TEN-T w ramach cyklu Europa Karpat z udzia\u0142em prezydenta Andrzeja Dudy, szefa KPRM Marka Kuchci\u0144skiego i przedstawicieli resort\u00f3w ds. transportu z Polski, Szwecji, Ukrainy, Litwy, Rumunii, Czech i Cypru. Via Carpatia \u2013 jedna z najwa\u017cniejszych mi\u0119dzynarodowych inicjatyw ostatnich dziesi\u0119cioleci, s\u0142usznie [&hellip;]<\/p>\n","protected":false},"author":3,"featured_media":27814,"comment_status":"closed","ping_status":"open","sticky":false,"template":"","format":"standard","meta":{"ngg_post_thumbnail":0,"footnotes":""},"categories":[78,50,3],"tags":[],"class_list":["post-27812","post","type-post","status-publish","format-standard","has-post-thumbnail","hentry","category-europa-karpat","category-wspolpraca-miedzynarodowa","category-wydarzenia"],"yoast_head":"<!-- This site is optimized with the Yoast SEO plugin v28.4 - https:\/\/yoast.com\/product\/yoast-seo-wordpress\/ -->\n<title>Marek Kuchci\u0144ski: Via Carpatia to impuls dla gospodarki, kultury i bezpiecze\u0144stwa &#8211; Marek Kuchci\u0144ski<\/title>\n<meta name=\"robots\" content=\"index, follow, max-snippet:-1, max-image-preview:large, max-video-preview:-1\" \/>\n<link rel=\"canonical\" href=\"https:\/\/marekkuchcinski.pl\/ro\/wydarzenia\/marek-kuchcinski-via-carpatia-to-impuls-dla-gospodarki-kultury-i-bezpieczenstwa\/\" \/>\n<meta property=\"og:locale\" content=\"ro_RO\" \/>\n<meta property=\"og:type\" content=\"article\" \/>\n<meta property=\"og:title\" content=\"Marek Kuchci\u0144ski: Via Carpatia to impuls dla gospodarki, kultury i bezpiecze\u0144stwa &#8211; Marek Kuchci\u0144ski\" \/>\n<meta property=\"og:description\" content=\"W Centrum Nauki Kopernik odby\u0142a si\u0119 organizowana przez Ministerstwo Infrastruktury konferencja dot. Transeuropejskiej Sieci Transportowej TEN-T w ramach cyklu Europa Karpat z udzia\u0142em prezydenta Andrzeja Dudy, szefa KPRM Marka Kuchci\u0144skiego i przedstawicieli resort\u00f3w ds. transportu z Polski, Szwecji, Ukrainy, Litwy, Rumunii, Czech i Cypru. Via Carpatia \u2013 jedna z najwa\u017cniejszych mi\u0119dzynarodowych inicjatyw ostatnich dziesi\u0119cioleci, s\u0142usznie [&hellip;]\" \/>\n<meta property=\"og:url\" content=\"https:\/\/marekkuchcinski.pl\/ro\/wydarzenia\/marek-kuchcinski-via-carpatia-to-impuls-dla-gospodarki-kultury-i-bezpieczenstwa\/\" \/>\n<meta property=\"og:site_name\" content=\"Marek Kuchci\u0144ski\" \/>\n<meta property=\"article:published_time\" content=\"2023-02-14T22:43:57+00:00\" \/>\n<meta property=\"article:modified_time\" content=\"2023-02-14T22:43:58+00:00\" \/>\n<meta property=\"og:image\" content=\"https:\/\/marekkuchcinski.pl\/wp-content\/uploads\/2023\/02\/t5.jpg\" \/>\n\t<meta property=\"og:image:width\" content=\"1600\" \/>\n\t<meta property=\"og:image:height\" content=\"1067\" \/>\n\t<meta property=\"og:image:type\" content=\"image\/jpeg\" \/>\n<meta name=\"author\" content=\"Marta Olejnik\" \/>\n<meta name=\"twitter:card\" content=\"summary_large_image\" \/>\n<meta name=\"twitter:label1\" content=\"Written by\" \/>\n\t<meta name=\"twitter:data1\" content=\"Marta Olejnik\" \/>\n\t<meta name=\"twitter:label2\" content=\"Est. reading time\" \/>\n\t<meta name=\"twitter:data2\" content=\"4 minutes\" \/>\n<script type=\"application\/ld+json\" class=\"yoast-schema-graph\">{\"@context\":\"https:\\\/\\\/schema.org\",\"@graph\":[{\"@type\":\"Article\",\"@id\":\"https:\\\/\\\/marekkuchcinski.pl\\\/wydarzenia\\\/marek-kuchcinski-via-carpatia-to-impuls-dla-gospodarki-kultury-i-bezpieczenstwa\\\/#article\",\"isPartOf\":{\"@id\":\"https:\\\/\\\/marekkuchcinski.pl\\\/wydarzenia\\\/marek-kuchcinski-via-carpatia-to-impuls-dla-gospodarki-kultury-i-bezpieczenstwa\\\/\"},\"author\":{\"name\":\"Marta Olejnik\",\"@id\":\"https:\\\/\\\/marekkuchcinski.pl\\\/#\\\/schema\\\/person\\\/bd3f15dee67fee76e83c8350d0154101\"},\"headline\":\"Marek Kuchci\u0144ski: Via Carpatia to impuls dla gospodarki, kultury i bezpiecze\u0144stwa\",\"datePublished\":\"2023-02-14T22:43:57+00:00\",\"dateModified\":\"2023-02-14T22:43:58+00:00\",\"mainEntityOfPage\":{\"@id\":\"https:\\\/\\\/marekkuchcinski.pl\\\/wydarzenia\\\/marek-kuchcinski-via-carpatia-to-impuls-dla-gospodarki-kultury-i-bezpieczenstwa\\\/\"},\"wordCount\":532,\"publisher\":{\"@id\":\"https:\\\/\\\/marekkuchcinski.pl\\\/#organization\"},\"image\":{\"@id\":\"https:\\\/\\\/marekkuchcinski.pl\\\/wydarzenia\\\/marek-kuchcinski-via-carpatia-to-impuls-dla-gospodarki-kultury-i-bezpieczenstwa\\\/#primaryimage\"},\"thumbnailUrl\":\"https:\\\/\\\/marekkuchcinski.pl\\\/wp-content\\\/uploads\\\/2023\\\/02\\\/t5.jpg\",\"articleSection\":[\"Europa Karpat\",\"Wsp\u00f3\u0142praca mi\u0119dzynarodowa\",\"Wydarzenia\"],\"inLanguage\":\"ro-RO\"},{\"@type\":\"WebPage\",\"@id\":\"https:\\\/\\\/marekkuchcinski.pl\\\/wydarzenia\\\/marek-kuchcinski-via-carpatia-to-impuls-dla-gospodarki-kultury-i-bezpieczenstwa\\\/\",\"url\":\"https:\\\/\\\/marekkuchcinski.pl\\\/wydarzenia\\\/marek-kuchcinski-via-carpatia-to-impuls-dla-gospodarki-kultury-i-bezpieczenstwa\\\/\",\"name\":\"Marek Kuchci\u0144ski: Via Carpatia to impuls dla gospodarki, kultury i bezpiecze\u0144stwa &#8211; Marek Kuchci\u0144ski\",\"isPartOf\":{\"@id\":\"https:\\\/\\\/marekkuchcinski.pl\\\/#website\"},\"primaryImageOfPage\":{\"@id\":\"https:\\\/\\\/marekkuchcinski.pl\\\/wydarzenia\\\/marek-kuchcinski-via-carpatia-to-impuls-dla-gospodarki-kultury-i-bezpieczenstwa\\\/#primaryimage\"},\"image\":{\"@id\":\"https:\\\/\\\/marekkuchcinski.pl\\\/wydarzenia\\\/marek-kuchcinski-via-carpatia-to-impuls-dla-gospodarki-kultury-i-bezpieczenstwa\\\/#primaryimage\"},\"thumbnailUrl\":\"https:\\\/\\\/marekkuchcinski.pl\\\/wp-content\\\/uploads\\\/2023\\\/02\\\/t5.jpg\",\"datePublished\":\"2023-02-14T22:43:57+00:00\",\"dateModified\":\"2023-02-14T22:43:58+00:00\",\"breadcrumb\":{\"@id\":\"https:\\\/\\\/marekkuchcinski.pl\\\/wydarzenia\\\/marek-kuchcinski-via-carpatia-to-impuls-dla-gospodarki-kultury-i-bezpieczenstwa\\\/#breadcrumb\"},\"inLanguage\":\"ro-RO\",\"potentialAction\":[{\"@type\":\"ReadAction\",\"target\":[\"https:\\\/\\\/marekkuchcinski.pl\\\/wydarzenia\\\/marek-kuchcinski-via-carpatia-to-impuls-dla-gospodarki-kultury-i-bezpieczenstwa\\\/\"]}]},{\"@type\":\"ImageObject\",\"inLanguage\":\"ro-RO\",\"@id\":\"https:\\\/\\\/marekkuchcinski.pl\\\/wydarzenia\\\/marek-kuchcinski-via-carpatia-to-impuls-dla-gospodarki-kultury-i-bezpieczenstwa\\\/#primaryimage\",\"url\":\"https:\\\/\\\/marekkuchcinski.pl\\\/wp-content\\\/uploads\\\/2023\\\/02\\\/t5.jpg\",\"contentUrl\":\"https:\\\/\\\/marekkuchcinski.pl\\\/wp-content\\\/uploads\\\/2023\\\/02\\\/t5.jpg\",\"width\":1600,\"height\":1067},{\"@type\":\"BreadcrumbList\",\"@id\":\"https:\\\/\\\/marekkuchcinski.pl\\\/wydarzenia\\\/marek-kuchcinski-via-carpatia-to-impuls-dla-gospodarki-kultury-i-bezpieczenstwa\\\/#breadcrumb\",\"itemListElement\":[{\"@type\":\"ListItem\",\"position\":1,\"name\":\"Strona g\u0142\u00f3wna\",\"item\":\"https:\\\/\\\/marekkuchcinski.pl\\\/\"},{\"@type\":\"ListItem\",\"position\":2,\"name\":\"Marek Kuchci\u0144ski: Via Carpatia to impuls dla gospodarki, kultury i bezpiecze\u0144stwa\"}]},{\"@type\":\"WebSite\",\"@id\":\"https:\\\/\\\/marekkuchcinski.pl\\\/#website\",\"url\":\"https:\\\/\\\/marekkuchcinski.pl\\\/\",\"name\":\"Marek Kuchci\u0144ski\",\"description\":\"Marek Kuchci\u0144ski \",\"publisher\":{\"@id\":\"https:\\\/\\\/marekkuchcinski.pl\\\/#organization\"},\"potentialAction\":[{\"@type\":\"SearchAction\",\"target\":{\"@type\":\"EntryPoint\",\"urlTemplate\":\"https:\\\/\\\/marekkuchcinski.pl\\\/?s={search_term_string}\"},\"query-input\":{\"@type\":\"PropertyValueSpecification\",\"valueRequired\":true,\"valueName\":\"search_term_string\"}}],\"inLanguage\":\"ro-RO\"},{\"@type\":\"Organization\",\"@id\":\"https:\\\/\\\/marekkuchcinski.pl\\\/#organization\",\"name\":\"Marek Kuchci\u0144ski\",\"url\":\"https:\\\/\\\/marekkuchcinski.pl\\\/\",\"logo\":{\"@type\":\"ImageObject\",\"inLanguage\":\"ro-RO\",\"@id\":\"https:\\\/\\\/marekkuchcinski.pl\\\/#\\\/schema\\\/logo\\\/image\\\/\",\"url\":\"https:\\\/\\\/marekkuchcinski.pl\\\/wp-content\\\/uploads\\\/2022\\\/09\\\/Marek.jpg\",\"contentUrl\":\"https:\\\/\\\/marekkuchcinski.pl\\\/wp-content\\\/uploads\\\/2022\\\/09\\\/Marek.jpg\",\"width\":1600,\"height\":971,\"caption\":\"Marek Kuchci\u0144ski\"},\"image\":{\"@id\":\"https:\\\/\\\/marekkuchcinski.pl\\\/#\\\/schema\\\/logo\\\/image\\\/\"}},{\"@type\":\"Person\",\"@id\":\"https:\\\/\\\/marekkuchcinski.pl\\\/#\\\/schema\\\/person\\\/bd3f15dee67fee76e83c8350d0154101\",\"name\":\"Marta Olejnik\",\"image\":{\"@type\":\"ImageObject\",\"inLanguage\":\"ro-RO\",\"@id\":\"https:\\\/\\\/secure.gravatar.com\\\/avatar\\\/24754edd6080383402e292374b406b553027d572e97d60e7aa89a6940e88659a?s=96&d=mm&r=g\",\"url\":\"https:\\\/\\\/secure.gravatar.com\\\/avatar\\\/24754edd6080383402e292374b406b553027d572e97d60e7aa89a6940e88659a?s=96&d=mm&r=g\",\"contentUrl\":\"https:\\\/\\\/secure.gravatar.com\\\/avatar\\\/24754edd6080383402e292374b406b553027d572e97d60e7aa89a6940e88659a?s=96&d=mm&r=g\",\"caption\":\"Marta Olejnik\"},\"url\":\"https:\\\/\\\/marekkuchcinski.pl\\\/ro\\\/author\\\/marta\\\/\"}]}<\/script>\n<!-- \/ Yoast SEO plugin. -->","yoast_head_json":{"title":"Marek Kuchci\u0144ski: Via Carpatia to impuls dla gospodarki, kultury i bezpiecze\u0144stwa &#8211; Marek Kuchci\u0144ski","robots":{"index":"index","follow":"follow","max-snippet":"max-snippet:-1","max-image-preview":"max-image-preview:large","max-video-preview":"max-video-preview:-1"},"canonical":"https:\/\/marekkuchcinski.pl\/ro\/wydarzenia\/marek-kuchcinski-via-carpatia-to-impuls-dla-gospodarki-kultury-i-bezpieczenstwa\/","og_locale":"ro_RO","og_type":"article","og_title":"Marek Kuchci\u0144ski: Via Carpatia to impuls dla gospodarki, kultury i bezpiecze\u0144stwa &#8211; Marek Kuchci\u0144ski","og_description":"W Centrum Nauki Kopernik odby\u0142a si\u0119 organizowana przez Ministerstwo Infrastruktury konferencja dot. Transeuropejskiej Sieci Transportowej TEN-T w ramach cyklu Europa Karpat z udzia\u0142em prezydenta Andrzeja Dudy, szefa KPRM Marka Kuchci\u0144skiego i przedstawicieli resort\u00f3w ds. transportu z Polski, Szwecji, Ukrainy, Litwy, Rumunii, Czech i Cypru. Via Carpatia \u2013 jedna z najwa\u017cniejszych mi\u0119dzynarodowych inicjatyw ostatnich dziesi\u0119cioleci, s\u0142usznie [&hellip;]","og_url":"https:\/\/marekkuchcinski.pl\/ro\/wydarzenia\/marek-kuchcinski-via-carpatia-to-impuls-dla-gospodarki-kultury-i-bezpieczenstwa\/","og_site_name":"Marek Kuchci\u0144ski","article_published_time":"2023-02-14T22:43:57+00:00","article_modified_time":"2023-02-14T22:43:58+00:00","og_image":[{"width":1600,"height":1067,"url":"https:\/\/marekkuchcinski.pl\/wp-content\/uploads\/2023\/02\/t5.jpg","type":"image\/jpeg"}],"author":"Marta Olejnik","twitter_card":"summary_large_image","twitter_misc":{"Written by":"Marta Olejnik","Est. reading time":"4 minutes"},"schema":{"@context":"https:\/\/schema.org","@graph":[{"@type":"Article","@id":"https:\/\/marekkuchcinski.pl\/wydarzenia\/marek-kuchcinski-via-carpatia-to-impuls-dla-gospodarki-kultury-i-bezpieczenstwa\/#article","isPartOf":{"@id":"https:\/\/marekkuchcinski.pl\/wydarzenia\/marek-kuchcinski-via-carpatia-to-impuls-dla-gospodarki-kultury-i-bezpieczenstwa\/"},"author":{"name":"Marta Olejnik","@id":"https:\/\/marekkuchcinski.pl\/#\/schema\/person\/bd3f15dee67fee76e83c8350d0154101"},"headline":"Marek Kuchci\u0144ski: Via Carpatia to impuls dla gospodarki, kultury i bezpiecze\u0144stwa","datePublished":"2023-02-14T22:43:57+00:00","dateModified":"2023-02-14T22:43:58+00:00","mainEntityOfPage":{"@id":"https:\/\/marekkuchcinski.pl\/wydarzenia\/marek-kuchcinski-via-carpatia-to-impuls-dla-gospodarki-kultury-i-bezpieczenstwa\/"},"wordCount":532,"publisher":{"@id":"https:\/\/marekkuchcinski.pl\/#organization"},"image":{"@id":"https:\/\/marekkuchcinski.pl\/wydarzenia\/marek-kuchcinski-via-carpatia-to-impuls-dla-gospodarki-kultury-i-bezpieczenstwa\/#primaryimage"},"thumbnailUrl":"https:\/\/marekkuchcinski.pl\/wp-content\/uploads\/2023\/02\/t5.jpg","articleSection":["Europa Karpat","Wsp\u00f3\u0142praca mi\u0119dzynarodowa","Wydarzenia"],"inLanguage":"ro-RO"},{"@type":"WebPage","@id":"https:\/\/marekkuchcinski.pl\/wydarzenia\/marek-kuchcinski-via-carpatia-to-impuls-dla-gospodarki-kultury-i-bezpieczenstwa\/","url":"https:\/\/marekkuchcinski.pl\/wydarzenia\/marek-kuchcinski-via-carpatia-to-impuls-dla-gospodarki-kultury-i-bezpieczenstwa\/","name":"Marek Kuchci\u0144ski: Via Carpatia to impuls dla gospodarki, kultury i bezpiecze\u0144stwa &#8211; Marek Kuchci\u0144ski","isPartOf":{"@id":"https:\/\/marekkuchcinski.pl\/#website"},"primaryImageOfPage":{"@id":"https:\/\/marekkuchcinski.pl\/wydarzenia\/marek-kuchcinski-via-carpatia-to-impuls-dla-gospodarki-kultury-i-bezpieczenstwa\/#primaryimage"},"image":{"@id":"https:\/\/marekkuchcinski.pl\/wydarzenia\/marek-kuchcinski-via-carpatia-to-impuls-dla-gospodarki-kultury-i-bezpieczenstwa\/#primaryimage"},"thumbnailUrl":"https:\/\/marekkuchcinski.pl\/wp-content\/uploads\/2023\/02\/t5.jpg","datePublished":"2023-02-14T22:43:57+00:00","dateModified":"2023-02-14T22:43:58+00:00","breadcrumb":{"@id":"https:\/\/marekkuchcinski.pl\/wydarzenia\/marek-kuchcinski-via-carpatia-to-impuls-dla-gospodarki-kultury-i-bezpieczenstwa\/#breadcrumb"},"inLanguage":"ro-RO","potentialAction":[{"@type":"ReadAction","target":["https:\/\/marekkuchcinski.pl\/wydarzenia\/marek-kuchcinski-via-carpatia-to-impuls-dla-gospodarki-kultury-i-bezpieczenstwa\/"]}]},{"@type":"ImageObject","inLanguage":"ro-RO","@id":"https:\/\/marekkuchcinski.pl\/wydarzenia\/marek-kuchcinski-via-carpatia-to-impuls-dla-gospodarki-kultury-i-bezpieczenstwa\/#primaryimage","url":"https:\/\/marekkuchcinski.pl\/wp-content\/uploads\/2023\/02\/t5.jpg","contentUrl":"https:\/\/marekkuchcinski.pl\/wp-content\/uploads\/2023\/02\/t5.jpg","width":1600,"height":1067},{"@type":"BreadcrumbList","@id":"https:\/\/marekkuchcinski.pl\/wydarzenia\/marek-kuchcinski-via-carpatia-to-impuls-dla-gospodarki-kultury-i-bezpieczenstwa\/#breadcrumb","itemListElement":[{"@type":"ListItem","position":1,"name":"Strona g\u0142\u00f3wna","item":"https:\/\/marekkuchcinski.pl\/"},{"@type":"ListItem","position":2,"name":"Marek Kuchci\u0144ski: Via Carpatia to impuls dla gospodarki, kultury i bezpiecze\u0144stwa"}]},{"@type":"WebSite","@id":"https:\/\/marekkuchcinski.pl\/#website","url":"https:\/\/marekkuchcinski.pl\/","name":"Marek Kuchci\u0144ski","description":"Marek Kuchci\u0144ski","publisher":{"@id":"https:\/\/marekkuchcinski.pl\/#organization"},"potentialAction":[{"@type":"SearchAction","target":{"@type":"EntryPoint","urlTemplate":"https:\/\/marekkuchcinski.pl\/?s={search_term_string}"},"query-input":{"@type":"PropertyValueSpecification","valueRequired":true,"valueName":"search_term_string"}}],"inLanguage":"ro-RO"},{"@type":"Organization","@id":"https:\/\/marekkuchcinski.pl\/#organization","name":"Marek Kuchci\u0144ski","url":"https:\/\/marekkuchcinski.pl\/","logo":{"@type":"ImageObject","inLanguage":"ro-RO","@id":"https:\/\/marekkuchcinski.pl\/#\/schema\/logo\/image\/","url":"https:\/\/marekkuchcinski.pl\/wp-content\/uploads\/2022\/09\/Marek.jpg","contentUrl":"https:\/\/marekkuchcinski.pl\/wp-content\/uploads\/2022\/09\/Marek.jpg","width":1600,"height":971,"caption":"Marek Kuchci\u0144ski"},"image":{"@id":"https:\/\/marekkuchcinski.pl\/#\/schema\/logo\/image\/"}},{"@type":"Person","@id":"https:\/\/marekkuchcinski.pl\/#\/schema\/person\/bd3f15dee67fee76e83c8350d0154101","name":"Marta Olejnik","image":{"@type":"ImageObject","inLanguage":"ro-RO","@id":"https:\/\/secure.gravatar.com\/avatar\/24754edd6080383402e292374b406b553027d572e97d60e7aa89a6940e88659a?s=96&d=mm&r=g","url":"https:\/\/secure.gravatar.com\/avatar\/24754edd6080383402e292374b406b553027d572e97d60e7aa89a6940e88659a?s=96&d=mm&r=g","contentUrl":"https:\/\/secure.gravatar.com\/avatar\/24754edd6080383402e292374b406b553027d572e97d60e7aa89a6940e88659a?s=96&d=mm&r=g","caption":"Marta Olejnik"},"url":"https:\/\/marekkuchcinski.pl\/ro\/author\/marta\/"}]}},"_links":{"self":[{"href":"https:\/\/marekkuchcinski.pl\/ro\/wp-json\/wp\/v2\/posts\/27812","targetHints":{"allow":["GET"]}}],"collection":[{"href":"https:\/\/marekkuchcinski.pl\/ro\/wp-json\/wp\/v2\/posts"}],"about":[{"href":"https:\/\/marekkuchcinski.pl\/ro\/wp-json\/wp\/v2\/types\/post"}],"author":[{"embeddable":true,"href":"https:\/\/marekkuchcinski.pl\/ro\/wp-json\/wp\/v2\/users\/3"}],"replies":[{"embeddable":true,"href":"https:\/\/marekkuchcinski.pl\/ro\/wp-json\/wp\/v2\/comments?post=27812"}],"version-history":[{"count":3,"href":"https:\/\/marekkuchcinski.pl\/ro\/wp-json\/wp\/v2\/posts\/27812\/revisions"}],"predecessor-version":[{"id":27822,"href":"https:\/\/marekkuchcinski.pl\/ro\/wp-json\/wp\/v2\/posts\/27812\/revisions\/27822"}],"wp:featuredmedia":[{"embeddable":true,"href":"https:\/\/marekkuchcinski.pl\/ro\/wp-json\/wp\/v2\/media\/27814"}],"wp:attachment":[{"href":"https:\/\/marekkuchcinski.pl\/ro\/wp-json\/wp\/v2\/media?parent=27812"}],"wp:term":[{"taxonomy":"category","embeddable":true,"href":"https:\/\/marekkuchcinski.pl\/ro\/wp-json\/wp\/v2\/categories?post=27812"},{"taxonomy":"post_tag","embeddable":true,"href":"https:\/\/marekkuchcinski.pl\/ro\/wp-json\/wp\/v2\/tags?post=27812"}],"curies":[{"name":"wp","href":"https:\/\/api.w.org\/{rel}","templated":true}]}}