{"id":27707,"date":"2023-02-06T18:45:47","date_gmt":"2023-02-06T17:45:47","guid":{"rendered":"https:\/\/marekkuchcinski.pl\/?p=27707"},"modified":"2023-02-06T18:45:47","modified_gmt":"2023-02-06T17:45:47","slug":"181-mln-zl-na-drogi-dla-podkarpacia","status":"publish","type":"post","link":"https:\/\/marekkuchcinski.pl\/ro\/bez-kategorii\/181-mln-zl-na-drogi-dla-podkarpacia\/","title":{"rendered":"181 de milioane de zlo\u021bi pentru drumurile din regiunea Subcarpatic\u0103"},"content":{"rendered":"<p>Voievodatul Podkarpackie va primi 181 milioane PLN pentru 185 km de drumuri \u00een cadrul Fondului guvernamental de dezvoltare a drumurilor \u00een 2023. Sprijinul va acoperi 106 investi\u021bii. Aceasta este o dezvoltare pentru Polonia local\u0103, o mai bun\u0103 comunicare, accesibilitate, modernitate.<br>Din 2019, Legea \u0219i Justi\u021bia a finalizat 12.000 de investi\u021bii!<\/p>\n\n\n\n<p>Administra\u021biile locale vor primi un alt fond de bani pentru investi\u021bii \u00een drumuri. Un total de 3 miliarde PLN vor fi alocate c\u0103tre comune, s\u0103r\u0103cie \u0219i ora\u0219e \u00een cadrul Fondului Guvernamental de Dezvoltare a Drumurilor (RFRD). Fondurile guvernamentale vor fi folosite pentru construirea \u0219i renovarea a mii de kilometri de drumuri locale. Datorit\u0103 acestor investi\u021bii, infrastructura rutier\u0103 devine modern\u0103 \u0219i sigur\u0103. RFRD completeaz\u0103 re\u021beaua na\u021bional\u0103 de autostr\u0103zi \u0219i autostr\u0103zi. \u00cen acest fel, cre\u0103m un sistem de transport coerent \u0219i integrat \u00een toat\u0103 \u021bara.<\/p>\n\n\n\n<p>Finan\u021bare nou\u0103 \u00een 2023 prin Fondul Guvernului de Dezvoltare a Drumurilor<br>\u00cen 2023, sprijinul din Fondul Guvernului de Dezvoltare a Drumurilor va acoperi drumurile municipale \u0219i districtuale. Valoarea total\u0103 a fondurilor RFRD alocate pentru cofinan\u021barea construc\u021biei, reconstruc\u021biei sau renovarii drumurilor poviat \u0219i municipale \u00een 2023 este de 2,6 miliarde PLN.<\/p>\n\n\n\n<p>\u201eVrem c\u0103 drumuri s\u0103 se conecteze, s\u0103 creeze noi perspective \u2013 perspective sociale bune\u201d, a spus prim-ministrul Mateusz Morawiecki. El a ad\u0103ugat: \u201eExcluderea comunic\u0103rii este un lucru r\u0103u. Ceva care \u00eenl\u0103tur\u0103 perspectivele unei dezvolt\u0103ri normale.\u201d<\/p>\n\n\n\n<p>Datorit\u0103 sprijinului din partea Fondului, aproape 2.800 km de drumuri vor fi construite sau modernizate. Acesta este traseul de la Gda\u0144sk la Cracovia parcurs de aproape 5 ori. Investi\u021biile vor include:<\/p>\n\n\n\n<p>1.500 km de drumuri poviat,<br>1.300 km de drumuri municipale.<br>Este vorba de 1.780 de sarcini, inclusiv 538 de sarcini poviat \u0219i p\u00e2n\u0103 la 1.242 de sarcini municipale.<\/p>\n\n\n\n<figure class=\"wp-block-image size-large\"><a href=\"https:\/\/marekkuchcinski.pl\/wp-content\/uploads\/2023\/02\/FoS19GZWYAAbRZH.jpeg\"><img fetchpriority=\"high\" decoding=\"async\" width=\"1024\" height=\"576\" src=\"https:\/\/marekkuchcinski.pl\/wp-content\/uploads\/2023\/02\/FoS19GZWYAAbRZH-1024x576.jpeg\" alt=\"\" class=\"wp-image-27710\" srcset=\"https:\/\/marekkuchcinski.pl\/wp-content\/uploads\/2023\/02\/FoS19GZWYAAbRZH-1024x576.jpeg 1024w, https:\/\/marekkuchcinski.pl\/wp-content\/uploads\/2023\/02\/FoS19GZWYAAbRZH-300x169.jpeg 300w, https:\/\/marekkuchcinski.pl\/wp-content\/uploads\/2023\/02\/FoS19GZWYAAbRZH-768x432.jpeg 768w, https:\/\/marekkuchcinski.pl\/wp-content\/uploads\/2023\/02\/FoS19GZWYAAbRZH-18x10.jpeg 18w, https:\/\/marekkuchcinski.pl\/wp-content\/uploads\/2023\/02\/FoS19GZWYAAbRZH.jpeg 1080w\" sizes=\"(max-width: 1024px) 100vw, 1024px\" \/><\/a><\/figure>\n\n\n\n<figure class=\"wp-block-image size-large\"><a href=\"https:\/\/marekkuchcinski.pl\/wp-content\/uploads\/2023\/02\/FoS7JfSXoAAElhI.jpeg\"><img decoding=\"async\" width=\"1024\" height=\"576\" src=\"https:\/\/marekkuchcinski.pl\/wp-content\/uploads\/2023\/02\/FoS7JfSXoAAElhI-1024x576.jpeg\" alt=\"\" class=\"wp-image-27711\" srcset=\"https:\/\/marekkuchcinski.pl\/wp-content\/uploads\/2023\/02\/FoS7JfSXoAAElhI-1024x576.jpeg 1024w, https:\/\/marekkuchcinski.pl\/wp-content\/uploads\/2023\/02\/FoS7JfSXoAAElhI-300x169.jpeg 300w, https:\/\/marekkuchcinski.pl\/wp-content\/uploads\/2023\/02\/FoS7JfSXoAAElhI-768x432.jpeg 768w, https:\/\/marekkuchcinski.pl\/wp-content\/uploads\/2023\/02\/FoS7JfSXoAAElhI-1536x864.jpeg 1536w, https:\/\/marekkuchcinski.pl\/wp-content\/uploads\/2023\/02\/FoS7JfSXoAAElhI-18x10.jpeg 18w, https:\/\/marekkuchcinski.pl\/wp-content\/uploads\/2023\/02\/FoS7JfSXoAAElhI.jpeg 1600w\" sizes=\"(max-width: 1024px) 100vw, 1024px\" \/><\/a><\/figure>\n\n\n\n<figure class=\"wp-block-gallery has-nested-images columns-default is-cropped wp-block-gallery-1 is-layout-flex wp-block-gallery-is-layout-flex\">\n<figure class=\"wp-block-image size-large\"><a href=\"https:\/\/marekkuchcinski.pl\/wp-content\/uploads\/2023\/02\/FoSCi5eWAAY89F0-1.jpeg\"><img decoding=\"async\" width=\"1024\" height=\"576\" data-id=\"27713\" src=\"https:\/\/marekkuchcinski.pl\/wp-content\/uploads\/2023\/02\/FoSCi5eWAAY89F0-1-1024x576.jpeg\" alt=\"\" class=\"wp-image-27713\" srcset=\"https:\/\/marekkuchcinski.pl\/wp-content\/uploads\/2023\/02\/FoSCi5eWAAY89F0-1-1024x576.jpeg 1024w, https:\/\/marekkuchcinski.pl\/wp-content\/uploads\/2023\/02\/FoSCi5eWAAY89F0-1-300x169.jpeg 300w, https:\/\/marekkuchcinski.pl\/wp-content\/uploads\/2023\/02\/FoSCi5eWAAY89F0-1-768x432.jpeg 768w, https:\/\/marekkuchcinski.pl\/wp-content\/uploads\/2023\/02\/FoSCi5eWAAY89F0-1-1536x864.jpeg 1536w, https:\/\/marekkuchcinski.pl\/wp-content\/uploads\/2023\/02\/FoSCi5eWAAY89F0-1-18x10.jpeg 18w, https:\/\/marekkuchcinski.pl\/wp-content\/uploads\/2023\/02\/FoSCi5eWAAY89F0-1.jpeg 1600w\" sizes=\"(max-width: 1024px) 100vw, 1024px\" \/><\/a><\/figure>\n\n\n\n<figure class=\"wp-block-image size-large\"><a href=\"https:\/\/marekkuchcinski.pl\/wp-content\/uploads\/2023\/02\/FoSBuszXsAIgBFo.jpeg\"><img loading=\"lazy\" decoding=\"async\" width=\"1024\" height=\"576\" data-id=\"27714\" src=\"https:\/\/marekkuchcinski.pl\/wp-content\/uploads\/2023\/02\/FoSBuszXsAIgBFo-1024x576.jpeg\" alt=\"\" class=\"wp-image-27714\" srcset=\"https:\/\/marekkuchcinski.pl\/wp-content\/uploads\/2023\/02\/FoSBuszXsAIgBFo-1024x576.jpeg 1024w, https:\/\/marekkuchcinski.pl\/wp-content\/uploads\/2023\/02\/FoSBuszXsAIgBFo-300x169.jpeg 300w, https:\/\/marekkuchcinski.pl\/wp-content\/uploads\/2023\/02\/FoSBuszXsAIgBFo-768x432.jpeg 768w, https:\/\/marekkuchcinski.pl\/wp-content\/uploads\/2023\/02\/FoSBuszXsAIgBFo-1536x864.jpeg 1536w, https:\/\/marekkuchcinski.pl\/wp-content\/uploads\/2023\/02\/FoSBuszXsAIgBFo-18x10.jpeg 18w, https:\/\/marekkuchcinski.pl\/wp-content\/uploads\/2023\/02\/FoSBuszXsAIgBFo.jpeg 1600w\" sizes=\"(max-width: 1024px) 100vw, 1024px\" \/><\/a><\/figure>\n\n\n\n<figure class=\"wp-block-image size-large\"><a href=\"https:\/\/marekkuchcinski.pl\/wp-content\/uploads\/2023\/02\/FoR_FuYWAAIf7-k.jpeg\"><img loading=\"lazy\" decoding=\"async\" width=\"1024\" height=\"576\" data-id=\"27712\" src=\"https:\/\/marekkuchcinski.pl\/wp-content\/uploads\/2023\/02\/FoR_FuYWAAIf7-k-1024x576.jpeg\" alt=\"\" class=\"wp-image-27712\" srcset=\"https:\/\/marekkuchcinski.pl\/wp-content\/uploads\/2023\/02\/FoR_FuYWAAIf7-k-1024x576.jpeg 1024w, https:\/\/marekkuchcinski.pl\/wp-content\/uploads\/2023\/02\/FoR_FuYWAAIf7-k-300x169.jpeg 300w, https:\/\/marekkuchcinski.pl\/wp-content\/uploads\/2023\/02\/FoR_FuYWAAIf7-k-768x432.jpeg 768w, https:\/\/marekkuchcinski.pl\/wp-content\/uploads\/2023\/02\/FoR_FuYWAAIf7-k-1536x864.jpeg 1536w, https:\/\/marekkuchcinski.pl\/wp-content\/uploads\/2023\/02\/FoR_FuYWAAIf7-k-18x10.jpeg 18w, https:\/\/marekkuchcinski.pl\/wp-content\/uploads\/2023\/02\/FoR_FuYWAAIf7-k.jpeg 1600w\" sizes=\"(max-width: 1024px) 100vw, 1024px\" \/><\/a><\/figure>\n<\/figure>","protected":false},"excerpt":{"rendered":"<p>Wojew\u00f3dztwo podkarpackie otrzyma 181 mln z\u0142 na 185 km dr\u00f3g w ramach Rz\u0105dowego Funduszu Rozwoju Dr\u00f3g w 2023 r. Wsparcie obejmie 106 inwestycji. To rozw\u00f3j dla Polski lokalnej, lepsza komunikacja, dost\u0119pno\u015b\u0107, nowoczesno\u015b\u0107.Od 2019 roku Prawo i Sprawiedliwo\u015b\u0107 zrealizowa\u0142o 12 tysi\u0119cy inwestycji! Samorz\u0105dy otrzymaj\u0105 kolejn\u0105 pul\u0119 pieni\u0119dzy na inwestycje drogowe. Do gmin, powiat\u00f3w i miast, w [&hellip;]<\/p>","protected":false},"author":21,"featured_media":27709,"comment_status":"closed","ping_status":"open","sticky":false,"template":"","format":"standard","meta":{"ngg_post_thumbnail":0,"footnotes":""},"categories":[1,3],"tags":[],"class_list":["post-27707","post","type-post","status-publish","format-standard","has-post-thumbnail","hentry","category-bez-kategorii","category-wydarzenia"],"yoast_head":"<!-- This site is optimized with the Yoast SEO plugin v24.7 - https:\/\/yoast.com\/wordpress\/plugins\/seo\/ -->\n<title>181 mln z\u0142 na drogi dla Podkarpacia &#8211; Marek Kuchci\u0144ski<\/title>\n<meta name=\"robots\" content=\"index, follow, max-snippet:-1, max-image-preview:large, max-video-preview:-1\" \/>\n<link rel=\"canonical\" href=\"https:\/\/marekkuchcinski.pl\/ro\/bez-kategorii\/181-mln-zl-na-drogi-dla-podkarpacia\/\" \/>\n<meta property=\"og:locale\" content=\"ro_RO\" \/>\n<meta property=\"og:type\" content=\"article\" \/>\n<meta property=\"og:title\" content=\"181 mln z\u0142 na drogi dla Podkarpacia &#8211; Marek Kuchci\u0144ski\" \/>\n<meta property=\"og:description\" content=\"Wojew\u00f3dztwo podkarpackie otrzyma 181 mln z\u0142 na 185 km dr\u00f3g w ramach Rz\u0105dowego Funduszu Rozwoju Dr\u00f3g w 2023 r. Wsparcie obejmie 106 inwestycji. To rozw\u00f3j dla Polski lokalnej, lepsza komunikacja, dost\u0119pno\u015b\u0107, nowoczesno\u015b\u0107.Od 2019 roku Prawo i Sprawiedliwo\u015b\u0107 zrealizowa\u0142o 12 tysi\u0119cy inwestycji! Samorz\u0105dy otrzymaj\u0105 kolejn\u0105 pul\u0119 pieni\u0119dzy na inwestycje drogowe. Do gmin, powiat\u00f3w i miast, w [&hellip;]\" \/>\n<meta property=\"og:url\" content=\"https:\/\/marekkuchcinski.pl\/ro\/bez-kategorii\/181-mln-zl-na-drogi-dla-podkarpacia\/\" \/>\n<meta property=\"og:site_name\" content=\"Marek Kuchci\u0144ski\" \/>\n<meta property=\"article:published_time\" content=\"2023-02-06T17:45:47+00:00\" \/>\n<meta property=\"og:image\" content=\"https:\/\/marekkuchcinski.pl\/wp-content\/uploads\/2023\/02\/FoSCi5eWAAY89F0.jpeg\" \/>\n\t<meta property=\"og:image:width\" content=\"1600\" \/>\n\t<meta property=\"og:image:height\" content=\"900\" \/>\n\t<meta property=\"og:image:type\" content=\"image\/jpeg\" \/>\n<meta name=\"author\" content=\"Marta Olejnik\" \/>\n<meta name=\"twitter:card\" content=\"summary_large_image\" \/>\n<meta name=\"twitter:label1\" content=\"Scris de\" \/>\n\t<meta name=\"twitter:data1\" content=\"Marta Olejnik\" \/>\n\t<meta name=\"twitter:label2\" content=\"Timp estimat pentru citire\" \/>\n\t<meta name=\"twitter:data2\" content=\"3 minutes\" \/>\n<script type=\"application\/ld+json\" class=\"yoast-schema-graph\">{\"@context\":\"https:\/\/schema.org\",\"@graph\":[{\"@type\":\"Article\",\"@id\":\"https:\/\/marekkuchcinski.pl\/bez-kategorii\/181-mln-zl-na-drogi-dla-podkarpacia\/#article\",\"isPartOf\":{\"@id\":\"https:\/\/marekkuchcinski.pl\/bez-kategorii\/181-mln-zl-na-drogi-dla-podkarpacia\/\"},\"author\":{\"name\":\"Marta Olejnik\",\"@id\":\"https:\/\/marekkuchcinski.pl\/#\/schema\/person\/51d5d4ee3b5317b8e4dd2b48af359229\"},\"headline\":\"181 mln z\u0142 na drogi dla Podkarpacia\",\"datePublished\":\"2023-02-06T17:45:47+00:00\",\"mainEntityOfPage\":{\"@id\":\"https:\/\/marekkuchcinski.pl\/bez-kategorii\/181-mln-zl-na-drogi-dla-podkarpacia\/\"},\"wordCount\":258,\"publisher\":{\"@id\":\"https:\/\/marekkuchcinski.pl\/#organization\"},\"image\":{\"@id\":\"https:\/\/marekkuchcinski.pl\/bez-kategorii\/181-mln-zl-na-drogi-dla-podkarpacia\/#primaryimage\"},\"thumbnailUrl\":\"https:\/\/marekkuchcinski.pl\/wp-content\/uploads\/2023\/02\/FoSCi5eWAAY89F0.jpeg\",\"articleSection\":[\"Bez kategorii\",\"Wydarzenia\"],\"inLanguage\":\"ro-RO\"},{\"@type\":\"WebPage\",\"@id\":\"https:\/\/marekkuchcinski.pl\/bez-kategorii\/181-mln-zl-na-drogi-dla-podkarpacia\/\",\"url\":\"https:\/\/marekkuchcinski.pl\/bez-kategorii\/181-mln-zl-na-drogi-dla-podkarpacia\/\",\"name\":\"181 mln z\u0142 na drogi dla Podkarpacia &#8211; Marek Kuchci\u0144ski\",\"isPartOf\":{\"@id\":\"https:\/\/marekkuchcinski.pl\/#website\"},\"primaryImageOfPage\":{\"@id\":\"https:\/\/marekkuchcinski.pl\/bez-kategorii\/181-mln-zl-na-drogi-dla-podkarpacia\/#primaryimage\"},\"image\":{\"@id\":\"https:\/\/marekkuchcinski.pl\/bez-kategorii\/181-mln-zl-na-drogi-dla-podkarpacia\/#primaryimage\"},\"thumbnailUrl\":\"https:\/\/marekkuchcinski.pl\/wp-content\/uploads\/2023\/02\/FoSCi5eWAAY89F0.jpeg\",\"datePublished\":\"2023-02-06T17:45:47+00:00\",\"breadcrumb\":{\"@id\":\"https:\/\/marekkuchcinski.pl\/bez-kategorii\/181-mln-zl-na-drogi-dla-podkarpacia\/#breadcrumb\"},\"inLanguage\":\"ro-RO\",\"potentialAction\":[{\"@type\":\"ReadAction\",\"target\":[\"https:\/\/marekkuchcinski.pl\/bez-kategorii\/181-mln-zl-na-drogi-dla-podkarpacia\/\"]}]},{\"@type\":\"ImageObject\",\"inLanguage\":\"ro-RO\",\"@id\":\"https:\/\/marekkuchcinski.pl\/bez-kategorii\/181-mln-zl-na-drogi-dla-podkarpacia\/#primaryimage\",\"url\":\"https:\/\/marekkuchcinski.pl\/wp-content\/uploads\/2023\/02\/FoSCi5eWAAY89F0.jpeg\",\"contentUrl\":\"https:\/\/marekkuchcinski.pl\/wp-content\/uploads\/2023\/02\/FoSCi5eWAAY89F0.jpeg\",\"width\":1600,\"height\":900},{\"@type\":\"BreadcrumbList\",\"@id\":\"https:\/\/marekkuchcinski.pl\/bez-kategorii\/181-mln-zl-na-drogi-dla-podkarpacia\/#breadcrumb\",\"itemListElement\":[{\"@type\":\"ListItem\",\"position\":1,\"name\":\"Strona g\u0142\u00f3wna\",\"item\":\"https:\/\/marekkuchcinski.pl\/\"},{\"@type\":\"ListItem\",\"position\":2,\"name\":\"181 mln z\u0142 na drogi dla Podkarpacia\"}]},{\"@type\":\"WebSite\",\"@id\":\"https:\/\/marekkuchcinski.pl\/#website\",\"url\":\"https:\/\/marekkuchcinski.pl\/\",\"name\":\"Marek Kuchci\u0144ski\",\"description\":\"Pose\u0142 na sejm RP &ndash; okr\u0119g nr 22\",\"publisher\":{\"@id\":\"https:\/\/marekkuchcinski.pl\/#organization\"},\"potentialAction\":[{\"@type\":\"SearchAction\",\"target\":{\"@type\":\"EntryPoint\",\"urlTemplate\":\"https:\/\/marekkuchcinski.pl\/?s={search_term_string}\"},\"query-input\":{\"@type\":\"PropertyValueSpecification\",\"valueRequired\":true,\"valueName\":\"search_term_string\"}}],\"inLanguage\":\"ro-RO\"},{\"@type\":\"Organization\",\"@id\":\"https:\/\/marekkuchcinski.pl\/#organization\",\"name\":\"Marek Kuchci\u0144ski\",\"url\":\"https:\/\/marekkuchcinski.pl\/\",\"logo\":{\"@type\":\"ImageObject\",\"inLanguage\":\"ro-RO\",\"@id\":\"https:\/\/marekkuchcinski.pl\/#\/schema\/logo\/image\/\",\"url\":\"https:\/\/marekkuchcinski.pl\/wp-content\/uploads\/2022\/09\/Marek.jpg\",\"contentUrl\":\"https:\/\/marekkuchcinski.pl\/wp-content\/uploads\/2022\/09\/Marek.jpg\",\"width\":1600,\"height\":971,\"caption\":\"Marek Kuchci\u0144ski\"},\"image\":{\"@id\":\"https:\/\/marekkuchcinski.pl\/#\/schema\/logo\/image\/\"}},{\"@type\":\"Person\",\"@id\":\"https:\/\/marekkuchcinski.pl\/#\/schema\/person\/51d5d4ee3b5317b8e4dd2b48af359229\",\"name\":\"Marta Olejnik\",\"image\":{\"@type\":\"ImageObject\",\"inLanguage\":\"ro-RO\",\"@id\":\"https:\/\/marekkuchcinski.pl\/#\/schema\/person\/image\/\",\"url\":\"https:\/\/secure.gravatar.com\/avatar\/e39914b2aa6a48959e24d475b5dc9793?s=96&d=mm&r=g\",\"contentUrl\":\"https:\/\/secure.gravatar.com\/avatar\/e39914b2aa6a48959e24d475b5dc9793?s=96&d=mm&r=g\",\"caption\":\"Marta Olejnik\"},\"url\":\"https:\/\/marekkuchcinski.pl\/ro\/author\/marta\/\"}]}<\/script>\n<!-- \/ Yoast SEO plugin. -->","yoast_head_json":{"title":"181 mln z\u0142 na drogi dla Podkarpacia &#8211; Marek Kuchci\u0144ski","robots":{"index":"index","follow":"follow","max-snippet":"max-snippet:-1","max-image-preview":"max-image-preview:large","max-video-preview":"max-video-preview:-1"},"canonical":"https:\/\/marekkuchcinski.pl\/ro\/bez-kategorii\/181-mln-zl-na-drogi-dla-podkarpacia\/","og_locale":"ro_RO","og_type":"article","og_title":"181 mln z\u0142 na drogi dla Podkarpacia &#8211; Marek Kuchci\u0144ski","og_description":"Wojew\u00f3dztwo podkarpackie otrzyma 181 mln z\u0142 na 185 km dr\u00f3g w ramach Rz\u0105dowego Funduszu Rozwoju Dr\u00f3g w 2023 r. Wsparcie obejmie 106 inwestycji. To rozw\u00f3j dla Polski lokalnej, lepsza komunikacja, dost\u0119pno\u015b\u0107, nowoczesno\u015b\u0107.Od 2019 roku Prawo i Sprawiedliwo\u015b\u0107 zrealizowa\u0142o 12 tysi\u0119cy inwestycji! Samorz\u0105dy otrzymaj\u0105 kolejn\u0105 pul\u0119 pieni\u0119dzy na inwestycje drogowe. Do gmin, powiat\u00f3w i miast, w [&hellip;]","og_url":"https:\/\/marekkuchcinski.pl\/ro\/bez-kategorii\/181-mln-zl-na-drogi-dla-podkarpacia\/","og_site_name":"Marek Kuchci\u0144ski","article_published_time":"2023-02-06T17:45:47+00:00","og_image":[{"width":1600,"height":900,"url":"https:\/\/marekkuchcinski.pl\/wp-content\/uploads\/2023\/02\/FoSCi5eWAAY89F0.jpeg","type":"image\/jpeg"}],"author":"Marta Olejnik","twitter_card":"summary_large_image","twitter_misc":{"Scris de":"Marta Olejnik","Timp estimat pentru citire":"3 minutes"},"schema":{"@context":"https:\/\/schema.org","@graph":[{"@type":"Article","@id":"https:\/\/marekkuchcinski.pl\/bez-kategorii\/181-mln-zl-na-drogi-dla-podkarpacia\/#article","isPartOf":{"@id":"https:\/\/marekkuchcinski.pl\/bez-kategorii\/181-mln-zl-na-drogi-dla-podkarpacia\/"},"author":{"name":"Marta Olejnik","@id":"https:\/\/marekkuchcinski.pl\/#\/schema\/person\/51d5d4ee3b5317b8e4dd2b48af359229"},"headline":"181 mln z\u0142 na drogi dla Podkarpacia","datePublished":"2023-02-06T17:45:47+00:00","mainEntityOfPage":{"@id":"https:\/\/marekkuchcinski.pl\/bez-kategorii\/181-mln-zl-na-drogi-dla-podkarpacia\/"},"wordCount":258,"publisher":{"@id":"https:\/\/marekkuchcinski.pl\/#organization"},"image":{"@id":"https:\/\/marekkuchcinski.pl\/bez-kategorii\/181-mln-zl-na-drogi-dla-podkarpacia\/#primaryimage"},"thumbnailUrl":"https:\/\/marekkuchcinski.pl\/wp-content\/uploads\/2023\/02\/FoSCi5eWAAY89F0.jpeg","articleSection":["Bez kategorii","Wydarzenia"],"inLanguage":"ro-RO"},{"@type":"WebPage","@id":"https:\/\/marekkuchcinski.pl\/bez-kategorii\/181-mln-zl-na-drogi-dla-podkarpacia\/","url":"https:\/\/marekkuchcinski.pl\/bez-kategorii\/181-mln-zl-na-drogi-dla-podkarpacia\/","name":"181 mln z\u0142 na drogi dla Podkarpacia &#8211; Marek Kuchci\u0144ski","isPartOf":{"@id":"https:\/\/marekkuchcinski.pl\/#website"},"primaryImageOfPage":{"@id":"https:\/\/marekkuchcinski.pl\/bez-kategorii\/181-mln-zl-na-drogi-dla-podkarpacia\/#primaryimage"},"image":{"@id":"https:\/\/marekkuchcinski.pl\/bez-kategorii\/181-mln-zl-na-drogi-dla-podkarpacia\/#primaryimage"},"thumbnailUrl":"https:\/\/marekkuchcinski.pl\/wp-content\/uploads\/2023\/02\/FoSCi5eWAAY89F0.jpeg","datePublished":"2023-02-06T17:45:47+00:00","breadcrumb":{"@id":"https:\/\/marekkuchcinski.pl\/bez-kategorii\/181-mln-zl-na-drogi-dla-podkarpacia\/#breadcrumb"},"inLanguage":"ro-RO","potentialAction":[{"@type":"ReadAction","target":["https:\/\/marekkuchcinski.pl\/bez-kategorii\/181-mln-zl-na-drogi-dla-podkarpacia\/"]}]},{"@type":"ImageObject","inLanguage":"ro-RO","@id":"https:\/\/marekkuchcinski.pl\/bez-kategorii\/181-mln-zl-na-drogi-dla-podkarpacia\/#primaryimage","url":"https:\/\/marekkuchcinski.pl\/wp-content\/uploads\/2023\/02\/FoSCi5eWAAY89F0.jpeg","contentUrl":"https:\/\/marekkuchcinski.pl\/wp-content\/uploads\/2023\/02\/FoSCi5eWAAY89F0.jpeg","width":1600,"height":900},{"@type":"BreadcrumbList","@id":"https:\/\/marekkuchcinski.pl\/bez-kategorii\/181-mln-zl-na-drogi-dla-podkarpacia\/#breadcrumb","itemListElement":[{"@type":"ListItem","position":1,"name":"Strona g\u0142\u00f3wna","item":"https:\/\/marekkuchcinski.pl\/"},{"@type":"ListItem","position":2,"name":"181 mln z\u0142 na drogi dla Podkarpacia"}]},{"@type":"WebSite","@id":"https:\/\/marekkuchcinski.pl\/#website","url":"https:\/\/marekkuchcinski.pl\/","name":"Marek Kuchci\u0144ski","description":"Pose\u0142 na sejm RP &ndash; okr\u0119g nr 22","publisher":{"@id":"https:\/\/marekkuchcinski.pl\/#organization"},"potentialAction":[{"@type":"SearchAction","target":{"@type":"EntryPoint","urlTemplate":"https:\/\/marekkuchcinski.pl\/?s={search_term_string}"},"query-input":{"@type":"PropertyValueSpecification","valueRequired":true,"valueName":"search_term_string"}}],"inLanguage":"ro-RO"},{"@type":"Organization","@id":"https:\/\/marekkuchcinski.pl\/#organization","name":"Marek Kuchci\u0144ski","url":"https:\/\/marekkuchcinski.pl\/","logo":{"@type":"ImageObject","inLanguage":"ro-RO","@id":"https:\/\/marekkuchcinski.pl\/#\/schema\/logo\/image\/","url":"https:\/\/marekkuchcinski.pl\/wp-content\/uploads\/2022\/09\/Marek.jpg","contentUrl":"https:\/\/marekkuchcinski.pl\/wp-content\/uploads\/2022\/09\/Marek.jpg","width":1600,"height":971,"caption":"Marek Kuchci\u0144ski"},"image":{"@id":"https:\/\/marekkuchcinski.pl\/#\/schema\/logo\/image\/"}},{"@type":"Person","@id":"https:\/\/marekkuchcinski.pl\/#\/schema\/person\/51d5d4ee3b5317b8e4dd2b48af359229","name":"Marta Olejnik","image":{"@type":"ImageObject","inLanguage":"ro-RO","@id":"https:\/\/marekkuchcinski.pl\/#\/schema\/person\/image\/","url":"https:\/\/secure.gravatar.com\/avatar\/e39914b2aa6a48959e24d475b5dc9793?s=96&d=mm&r=g","contentUrl":"https:\/\/secure.gravatar.com\/avatar\/e39914b2aa6a48959e24d475b5dc9793?s=96&d=mm&r=g","caption":"Marta Olejnik"},"url":"https:\/\/marekkuchcinski.pl\/ro\/author\/marta\/"}]}},"_links":{"self":[{"href":"https:\/\/marekkuchcinski.pl\/ro\/wp-json\/wp\/v2\/posts\/27707","targetHints":{"allow":["GET"]}}],"collection":[{"href":"https:\/\/marekkuchcinski.pl\/ro\/wp-json\/wp\/v2\/posts"}],"about":[{"href":"https:\/\/marekkuchcinski.pl\/ro\/wp-json\/wp\/v2\/types\/post"}],"author":[{"embeddable":true,"href":"https:\/\/marekkuchcinski.pl\/ro\/wp-json\/wp\/v2\/users\/21"}],"replies":[{"embeddable":true,"href":"https:\/\/marekkuchcinski.pl\/ro\/wp-json\/wp\/v2\/comments?post=27707"}],"version-history":[{"count":2,"href":"https:\/\/marekkuchcinski.pl\/ro\/wp-json\/wp\/v2\/posts\/27707\/revisions"}],"predecessor-version":[{"id":27715,"href":"https:\/\/marekkuchcinski.pl\/ro\/wp-json\/wp\/v2\/posts\/27707\/revisions\/27715"}],"wp:featuredmedia":[{"embeddable":true,"href":"https:\/\/marekkuchcinski.pl\/ro\/wp-json\/wp\/v2\/media\/27709"}],"wp:attachment":[{"href":"https:\/\/marekkuchcinski.pl\/ro\/wp-json\/wp\/v2\/media?parent=27707"}],"wp:term":[{"taxonomy":"category","embeddable":true,"href":"https:\/\/marekkuchcinski.pl\/ro\/wp-json\/wp\/v2\/categories?post=27707"},{"taxonomy":"post_tag","embeddable":true,"href":"https:\/\/marekkuchcinski.pl\/ro\/wp-json\/wp\/v2\/tags?post=27707"}],"curies":[{"name":"wp","href":"https:\/\/api.w.org\/{rel}","templated":true}]}}