{"id":27315,"date":"2023-01-15T10:19:00","date_gmt":"2023-01-15T09:19:00","guid":{"rendered":"https:\/\/marekkuchcinski.pl\/?p=27315"},"modified":"2023-01-16T15:19:51","modified_gmt":"2023-01-16T14:19:51","slug":"spotkanie-noworoczne-w-bieszczadach","status":"publish","type":"post","link":"https:\/\/marekkuchcinski.pl\/ro\/wydarzenia\/spotkanie-noworoczne-w-bieszczadach\/","title":{"rendered":"\u00cent\u00e2lnire de Anul Nou \u00een Bieszczady"},"content":{"rendered":"<p><strong>\u00cen Myczkowce \u0219i Ustrzyki Dolne, Marek Kuchci\u0144ski a vorbit despre viitorul Mun\u021bilor Bieszczady. \u00cen cadrul \u00eent\u00e2lnirii cu oficiali \u0219i locuitori ai administra\u021biei publice locale, \u0219eful Primului-ministru a subliniat c\u0103 aici se vede un sprijin foarte bun din partea guvernului. \u201eCel mai important lucru este \u00eenc\u0103 accesibilitatea, adic\u0103 comunicarea. Dezvoltarea turismului, agroturism, agricultur\u0103, centre sportive, drumuri bune, parc\u0103ri, c\u0103i ferate, hoteluri, noi puncte de trecere a frontierei, ca \u00een Wo\u0142osate, merit\u0103 Bieszczady - a spus Marek Kuchci\u0144ski. Toate acestea \u00eens\u0103, p\u0103str\u00e2nd \u00een acela\u0219i timp zonele s\u0103lbatice, \u00eengrijind mediul natural \u0219i puritatea apei.<\/strong><\/p>\n\n\n\n<p>Mare\u0219alul a mai atras aten\u021bia asupra foarte bun\u0103 cooperare \u0219i sprijin reciproc a autorit\u0103\u021bilor locale, comunelor, poviatelor cu autorit\u0103\u021bile voievodale \u0219i guvernului.<\/p>\n\n\n\n<p>Cele mai importante programe guvernamentale implementate \u00een comuna Solina includ:<\/p>\n\n\n\n<p><strong>Programul de investi\u021bii strategice (24.895.897 PLN),<\/strong><\/p>\n\n\n\n<p><strong>Fondul guvernamental de investi\u021bii locale (10.365.000 PLN),<\/strong><\/p>\n\n\n\n<p><strong>Fond guvernamental de dezvoltare a drumurilor (2.068.361 PLN)<\/strong><\/p>\n\n\n\n<p><strong>Programul guvernamental \u201eFamilie 500+\u201d (24.105.971 PLN).<\/strong><\/p>\n\n\n\n<p>Alte programe implementate \u00een comun\u0103 sunt: Modernizarea Poli\u021biei, Gr\u0103niceri, PSP, POS; Zone de activitate deschise; Explora\u021bi Polonia; &quot;Un bun inceput&quot;; Suplimentarea subven\u021biei generale pentru unit\u0103\u021bile administra\u021biei publice locale. Cu toate acestea, implementarea lor este \u00een sume mult mai mici.<\/p>\n\n\n\n<p>Valoarea total\u0103 a cofinan\u0163\u0103rii programelor guvernamentale \u00een comuna Solina este <strong><u>63 874 223<\/u><\/strong> PLN.<\/p>\n\n\n\n<p>Cele mai mari investi\u021bii sunt legate de protec\u021bia apelor lacului Solina\/Myczkowce \u0219i de \u00eembun\u0103t\u0103\u021birea calit\u0103\u021bii \u0219i purit\u0103\u021bii apei. \u00cen acest scop, sunt \u00een curs de implementare proiecte precum: construc\u021bia unui sistem de canalizare \u00een Matiaszowa Wola, construc\u021bia infrastructurii de ap\u0103 \u0219i canalizare \u00een municipiul Solina, reconstruc\u021bia \u0219i extinderea sta\u021biei de epurare a apelor uzate din Wo\u0142kowyja.<\/p>\n\n\n\n<p>Alte investi\u021bii mari sunt legate de infrastructura rutier\u0103. \u00cen comun\u0103 este implementat un program de \u00eembun\u0103t\u0103\u021bire a st\u0103rii infrastructurii rutiere din sta\u021biunea de s\u0103n\u0103tate Pola\u0144czyk. Proiectele privind reconstruc\u021bia sau extinderea drumurilor publice comune se refer\u0103 la urm\u0103toarele ora\u0219e: Solina, Terka, Berezka, Myczkowce, Pola\u0144czyk.<\/p>\n\n\n\n<p>Alte proiecte mai mari includ reconstruc\u021bia stadionului din Pola\u0144czyk \u0219i modernizarea unit\u0103\u021bii de poli\u021bie din Pola\u0144czyk.<\/p>\n\n\n\n<p>\u00cen plus, \u00een comun\u0103 a fost realizat\u0103 o investi\u021bie uria\u0219\u0103 - construirea unei telegondole peste barajul din Solina. Investi\u021bia \u00een valoare de 110 milioane PLN a fost realizat\u0103 de Polskie Koleje Linowe - o companie controlat\u0103 de un fond de\u021binut de trezoreria statului, care a fost repolonizat de guvernul nostru. Acesta este un impuls semnificativ pentru dezvoltarea \u0219i mai intensiv\u0103 a turismului \u00een comun\u0103, atrac\u021bia fiind foarte popular\u0103.<\/p>\n\n\n\n<p>Comuna Solina face parte din poviatul Lesko. Valoarea total\u0103 a cofinan\u021b\u0103rii programelor guvernamentale \u00een poviat este: <strong><u>296 363 512<\/u><\/strong> PLN.<\/p>\n\n\n\n<p>Cele mai importante investi\u021bii implementate \u00een poviatul Lesko includ: construirea unui nou sediu al sediului Poli\u021biei Poviat din Lesko, reconstruc\u021bia Spitalului Poviat din Lesko, construc\u021bia Centrului pentru Turism Activ \u0219i Sport \u201eBieszczad-ski\u201d, construirea unui pod peste r\u00e2u \u00een Wetlina.<\/p>\n\n\n\n<p>Numeroase proiecte r\u0103mase se refer\u0103 \u00een principal la construc\u021bia\/extinderea\/\u00eembun\u0103t\u0103\u021birea infrastructurii rutiere, sanitare \u0219i de canalizare, turistice, sportive, recreative \u0219i culturale.<\/p>\n\n\n\n<p>Programe finalizate pe exemplul districtului Bieszczady \u0219i ini\u021biative selectate<br>\u00een comunele Bieszczady:<\/p>\n\n\n\n<ol class=\"wp-block-list\" type=\"1\"><li><strong><u>Programul de investi\u021bii strategice - Acord polonez<\/u><\/strong><strong><u> <\/u><\/strong>\u2013 guvernul, cu ajutorul Bank Gospodarstwa Krajowego, ajut\u0103 la reconstruirea economiei dup\u0103 pandemie. Ordinul polonez are o perspectiv\u0103 pe termen lung<br>si pe termen lung. Implementarea investi\u021biilor strategice planificate ridic\u0103 nivelul de productivitate al \u00eentregii economii poloneze. Obiectivele Programului de investi\u021bii strategice sunt: stimularea activit\u0103\u021bii investi\u021bionale a unit\u0103\u021bilor administra\u021biei publice locale, dezvoltarea antreprenoriatului local, \u00eembun\u0103t\u0103\u021birea condi\u021biilor de via\u021b\u0103 ale cet\u0103\u021benilor, crearea de noi locuri de munc\u0103,<br>sprijin pentru dezvoltarea durabil\u0103 \u0219i implicarea efectiv\u0103 a sectorului financiar.<\/li><\/ol>\n\n\n\n<p><strong><u>Districtul Bieszczady - 17.922.000 PLN,<\/u><\/strong><strong> inclusiv:<\/strong><\/p>\n\n\n\n<ul class=\"wp-block-list\"><li>construc\u021bia infrastructurii turistice \u0219i culturale \u00een zona urban\u0103 revitalizat\u0103<br>\u00een Ustrzyki Dolne ca sprijin pentru dezvoltarea economic\u0103 a Mun\u021bilor Bieszczady (valoare de cofinan\u021bare \u2013 <strong>4.950.000,00 PLN<\/strong>);<\/li><li><a href=\"https:\/\/mapainwestycji.gov.pl\/inwestycja\/23226c61-99b4-47fd-b03a-e3dfaf0e5ce8?tercCode=1801&amp;investmentRangeTypes=DISTRICT&amp;pageIndex=0&amp;pageSize=10\">reconstruc\u021bia infrastructurii rutiere \u00een poviatul Bieszczady<\/a> (valoarea cofinan\u021b\u0103rii -<br><strong>9.975.000,00 PLN<\/strong>);<\/li><li><a href=\"https:\/\/mapainwestycji.gov.pl\/inwestycja\/7adb67cb-be7f-4d3f-ae45-f420b6d88f2c?tercCode=1801&amp;investmentRangeTypes=DISTRICT&amp;pageIndex=0&amp;pageSize=10\">reconstruc\u021bia \u0219i modernizarea infrastructurii rutiere a districtului Bieszczady pe locul fostei ferme de stat Smolnik<\/a> \u2013 (valoarea cofinan\u021b\u0103rii \u2013 <strong>2.997.000,00 PLN);<\/strong><\/li><\/ul>\n\n\n\n<p><strong><u>Comuna Czarna \u2013 41.343.680 PLN<\/u><\/strong><strong>inclusiv, printre altele:<\/strong><\/p>\n\n\n\n<ul class=\"wp-block-list\"><li>construc\u021bia cuprinz\u0103toare a unei cre\u0219e municipale la Czarna <strong>\u2013 (<\/strong>valoarea de cofinan\u021bare - <strong>6 982 500,00<\/strong> <strong>zlo\u021bi<\/strong>)<\/li><li>modernizarea termic\u0103 \u0219i reconstruc\u021bia cl\u0103dirii \u0218colii Primare din Czarna G\u00f3rna<br>destinat\u0103 unui c\u0103min \u0219colar pentru tineret - (valoare de cofinan\u021bare - <strong>4.930.000,00 PLN<\/strong>);<\/li><\/ul>\n\n\n\n<p><strong><u>Comuna Lutowiska \u2013 6.589.500 PLN,<\/u><\/strong><strong> inclusiv, printre altele:<\/strong><\/p>\n\n\n\n<ul class=\"wp-block-list\"><li>construirea unei surse alternative de c\u0103ldur\u0103 cu emisii zero pentru cl\u0103direa administrativ\u0103 a Biroului comunal din Lutowiska - (valoare de cofinan\u021bare -&nbsp; <strong>2.929.500,00 PLN<\/strong>)<\/li><li>construirea unei parc\u0103ri publice cu infrastructura necesar\u0103 deservirii turi\u0219tilor<br>\u2013 (valoarea cofinan\u021b\u0103rii \u2013 <strong>2.475.000,00 PLN<\/strong>);<\/li><\/ul>\n\n\n\n<p><strong><u>Comuna Ustrzyki Dolne \u2013 <\/u><\/strong><strong><u>5.150.000 PLN<\/u><\/strong><strong>inclusiv, printre altele:<\/strong><\/p>\n\n\n\n<ul class=\"wp-block-list\"><li>construc\u021bia \u0219i modernizarea infrastructurii rutiere \u00een Comuna Ustrzyki Dolne - (valoare de cofinan\u021bare - <strong>4.750.000,00 PLN<\/strong>);<\/li><\/ul>\n\n\n\n<ul class=\"wp-block-list\"><li><strong><u>Fondul Guvernului de Investi\u021bii Locale<\/u><\/strong> \u2013 Fondul Guvernului de Investi\u021bii Locale (RFIL)<br>este un program prin care fondurile guvernamentale au mers c\u0103tre comune, poviate \u0219i ora\u0219e din toat\u0103 Polonia<br>pentru investi\u021bii apropiate oamenilor. Sprijinul este nerambursabil \u0219i provine din Fondul de Prevenire COVID-19. Fondurile oferite de guvern au fost folosite de administra\u021biile locale pentru investi\u021bii apropiate oamenilor, de ex. construirea de cre\u0219e, gr\u0103dini\u021be sau drumuri \u2013 precum \u0219i alte activit\u0103\u021bi necesare local.<\/li><\/ul>\n\n\n\n<p><strong><u>Districtul Bieszczady - 990.000 PLN,<\/u><\/strong><strong> inclusiv:<\/strong><\/p>\n\n\n\n<ul class=\"wp-block-list\"><li>Centrul de patrimoniu Bieszczady - (valoarea finan\u021b\u0103rii - <strong>990.000 PLN<\/strong>);<\/li><\/ul>\n\n\n\n<p><strong><u>Comuna Lutowiska \u2013 1.089.203 PLN<\/u><\/strong><strong>, inclusiv:<\/strong><\/p>\n\n\n\n<ul class=\"wp-block-list\"><li>modernizarea parc\u0103rii publice \u0219i a infrastructurii rutiere existente \u00een comuna Lutowiska - (valoare de cofinan\u021bare - <strong>589.203,00 PLN<\/strong>)<\/li><li>modernizarea termic\u0103 \u0219i extinderea cl\u0103dirii administrative a Oficiului Comunei \u00eempreun\u0103 cu eliminarea barierelor arhitecturale \u0219i implementarea instala\u021biilor SRE \u00een Lutowiska - (valoare de cofinan\u021bare - <strong>500.000,00 PLN<\/strong>)<\/li><\/ul>\n\n\n\n<p><strong><u>comuna Ustrzyki Dolne \u2013 11.110.929 PLN,<\/u><\/strong><strong> inclusiv:<\/strong><\/p>\n\n\n\n<ul class=\"wp-block-list\"><li>Centrul de s\u0103n\u0103tate Bieszczady \u0219i restructurarea \u0219i modernizarea SP ZOZ din Ustrzyki Dolne - (valoare de cofinan\u021bare -<strong> 6.110.929,00 PLN)<\/strong><\/li><li>crearea unei baze turistice de sprijinire a dezvolt\u0103rii serviciilor turistice \u00een Comuna Ustrzyki Dolne - (valoare de cofinan\u021bare - <strong>5.000.000,00 PLN<\/strong>)<\/li><\/ul>\n\n\n\n<ul class=\"wp-block-list\"><li><strong><u>Fondul de dezvoltare a drumurilor (fostul Fond de drumuri ale administra\u021biei locale)<\/u><\/strong><strong> &#8211; <\/strong>Fondul Guvernamental de Dezvoltare a Drumurilor (RFRD) este un instrument cuprinz\u0103tor de sprijinire a implement\u0103rii sarcinilor pe drumurile administrate de unit\u0103\u021bile administra\u021biei publice locale. Scopul s\u0103u este de a accelera crearea unei infrastructuri rutiere moderne \u0219i sigure la nivel local, care este un element important al bunei func\u021bion\u0103ri \u0219i dezvolt\u0103rii economiei.<br>\u0219i contribuind la \u00eembun\u0103t\u0103\u021birea nivelului de trai al cet\u0103\u021benilor.<\/li><\/ul>\n\n\n\n<p><strong><u>Comuna Czarna \u2013 4.964.140,00 PLN, <\/u><\/strong><strong>inclusiv, printre altele:<\/strong><\/p>\n\n\n\n<ul class=\"wp-block-list\"><li>constructie drum municipal in msc. Medynia G\u0142ogowska \u0219i Pogwizd\u00f3w - (valoarea cofinan\u021b\u0103rii<br>&#8211; <strong>268.076,00 PLN<\/strong>)<\/li><\/ul>\n\n\n\n<p><strong><u>Comuna Ustrzyki Dolne<\/u><\/strong> <strong>\u2013 11.068.768,00 PLN,<\/strong><strong> inclusiv, printre altele<\/strong>:<\/p>\n\n\n\n<ul class=\"wp-block-list\"><li>cre\u0219terea atractivit\u0103\u021bii economice \u0219i investi\u021bionale a comunei Ustrzyki Dolne prin reconstruc\u021bia \u0219i construc\u021bia de drumuri \u00een ora\u0219ul Ustjanowa G\u00f3rna - (valoarea cofinan\u021b\u0103rii<br>&#8211; <strong>1.464.968,00 PLN)<\/strong><strong><\/strong><\/li><li>reconstruc\u021bia drumului poviat din R\u00f3wnia - (valoare de cofinan\u021bare - <strong>1.466.529,00 PLN)<\/strong><\/li><\/ul>\n\n\n\n<ul class=\"wp-block-list\"><li><strong><u>Familie <em>500 +<\/em> \u00een 2021<\/u><\/strong>:<\/li><\/ul>\n\n\n\n<p><strong><u>Comuna Czarna<\/u><\/strong><strong> \u2013 2.200.186,00 PLN<\/strong><\/p>\n\n\n\n<p><strong><u>Comuna Lutowiska<\/u><\/strong> <strong>&#8211;<\/strong> <strong>1.668.741,00 PLN<\/strong><\/p>\n\n\n\n<p><strong><u>Comuna Ustrzyki Dolne<\/u><\/strong> <strong>\u2013 15.371.973,00 PLN<\/strong><\/p>\n\n\n\n<ul class=\"wp-block-list\"><li><strong><u>beneficiu <em>Un bun inceput<\/em> \u00een 2021<\/u><\/strong> \u2013 300 PLN de sprijin unic pentru to\u021bi elevii care \u00eencep anul \u0219colar. Familiile vor primi beneficiul indiferent de venit. Acesta este sprijin pentru 4,4 milioane de studen\u021bi.<\/li><\/ul>\n\n\n\n<p><strong><u>Comuna Czarna<\/u><\/strong><strong> \u2013 87.000,00 PLN<\/strong><\/p>\n\n\n\n<p><strong><u>Comuna Lutowiska<\/u><\/strong><strong> \u2013 54.600,00 PLN<\/strong><\/p>\n\n\n\n<p><strong><u>Comuna Ustrzyki Dolne<\/u><\/strong> &#8211; <strong>537.000,00 PLN<\/strong><\/p>\n\n\n\n<ul class=\"wp-block-list\"><li><strong><u>Program pentru dezvoltarea institu\u021biilor de \u00eengrijire a copiilor p\u00e2n\u0103 la 3 ani \u201eToddler+\u201d<\/u><\/strong> &#8211; celem programu &#8222;Maluch+&#8221; jest zwi\u0119kszenie dost\u0119pno\u015bci terytorialnej i finansowej miejsc opieki w \u017c\u0142obkach, klubach dzieci\u0119cych i u dziennych opiekun\u00f3w dla wszystkich dzieci, w tym dzieci<br>&nbsp;cu dizabilit\u0103\u021bi \u0219i cei care necesit\u0103 \u00eengrijire special\u0103.<\/li><\/ul>\n\n\n\n<p><strong><u>Comuna Ustrzyki Dolne<\/u><\/strong><strong> \u2013 cofinan\u021barea func\u021bion\u0103rii locurilor de \u00eengrijire \u00een valoare de<br>124.200 PLN;<\/strong><\/p>\n\n\n\n<ul class=\"wp-block-list\"><li><strong><u>Plata pensiei a 13-a \u0219i a 14-a<\/u><\/strong> \u2013 este un alt exemplu al politicii cuprinz\u0103toare a guvernului United Right de sprijinire a seniorilor. \u00cen actuala situa\u021bie geopolitic\u0103 dificil\u0103,<br>am consolidat sprijinul guvernamental pentru pensionari. Beneficiul este dedicat ambelor<br>pentru persoanele care beneficiaz\u0103 de pensie pentru limit\u0103 de v\u00e2rst\u0103 de la ZUS, precum \u0219i de pensie de la KRUS.<\/li><\/ul>\n\n\n\n<p><strong><u>\u00cen poviatul Bieszczady \u00een 2022, a 13-a pensie a fost acordat\u0103 pentru 5.005 persoane pentru suma total\u0103 de 6.863.000 PLN. Cea de-a 14-a pensie a mers la 4.792 de persoane cu o valoare total\u0103 de 6.044.000 PLN.<\/u><\/strong><\/p>\n\n\n\n<p><strong><u>\u00cen total, sub cei treisprezece \u0219i paisprezece pensionari din 2022, ace\u0219tia au primit un total de 2.676,88 PLN brut. <\/u><\/strong>Acesta este un sprijin foarte important care a stimulat finan\u021bele seniorilor.<\/p>\n\n\n\n<ul class=\"wp-block-list\"><li><strong><u>Plata cotei de carbon<\/u><\/strong> \u2013 aloca\u021bia pentru c\u0103rbune \u00een valoare de 3.000 PLN asigur\u0103 bugetele gospod\u0103riilor gospod\u0103riilor a c\u0103ror surs\u0103 de \u00eenc\u0103lzire este c\u0103rbunele sau combustibilii deriva\u021bi din carbon.<br>Aloca\u021bia se acord\u0103 gospod\u0103riilor pentru care sursa principal\u0103 de \u00eenc\u0103lzire este un cazan cu combustibil solid, un \u0219emineu, o sob\u0103, un \u00eenc\u0103lzitor de aer, un miez de buc\u0103t\u0103rie, o sob\u0103 de buc\u0103t\u0103rie,<br>o buc\u0103t\u0103rie pe c\u0103rbune sau o sob\u0103 de teracot\u0103 pentru combustibil solid - alimentat\u0103 cu c\u0103rbune, brichete<br>sau pelete care con\u021bin cel pu\u021bin 85% de c\u0103rbune tare. In solutia propusa<br>nu exist\u0103 criterii de venit, iar aloca\u021bia este disponibil\u0103 \u0219i pentru fermele care au achizi\u021bionat deja c\u0103rbune. Condi\u021bia de primire a suplimentului este \u00eenscrierea sau notificarea sursei de \u00eenc\u0103lzire la Registrul Central al Emisiilor Cl\u0103dirilor.<\/li><\/ul>\n\n\n\n<p>La 31 decembrie 2022, gospod\u0103riile din poviatul Bieszczady au fost pl\u0103tite urm\u0103toarele fonduri:<\/p>\n\n\n\n<p><strong><u>Comuna Czarna<\/u><\/strong>&nbsp; &#8211;&nbsp; <strong>792.540,00 PLN<\/strong><\/p>\n\n\n\n<p><strong><u>Comuna Lutowiska<\/u><\/strong> &#8211;&nbsp; <strong>569 160,00<\/strong> <strong>zlo\u021bi<\/strong><\/p>\n\n\n\n<p><strong><u>Comuna Ustrzyki Dolne<\/u><\/strong> &#8211;&nbsp; <strong>4.296.240,00 PLN<\/strong><\/p>\n\n\n\n<p>Aceasta \u00eenseamn\u0103 c\u0103, \u00een poviatul Bieszczady, aloca\u021bia pentru c\u0103rbune a fost ad\u0103ugat\u0103 la bugete<br><strong><u>1886<\/u><\/strong> gospod\u0103riilor.<\/p>\n\n\n\n<ul class=\"wp-block-list\"><li><strong><u>Fondul de dezvoltare a serviciilor de autobuz <\/u><\/strong>\u2013 datorit\u0103 cofinan\u021b\u0103rii din partea FRPA, sprijinim autorit\u0103\u021bile locale \u00een implementarea propriilor sarcini legate de asigurarea func\u021bion\u0103rii transportului public colectiv \u00een domeniul transportului cu autobuzul de utilitate public\u0103. Datorit\u0103 fondului, sunt create noi linii de comunica\u021bie, iar locuitorii, \u00een primul r\u00e2nd din ora\u0219ele mai mici, au posibilitatea de a ajunge la locul de munc\u0103, \u0219coli, centre de s\u0103n\u0103tate \u0219i institu\u021bii culturale cu transportul public. Cre\u0219terea re\u021belei de leg\u0103turi cu autobuzul creeaz\u0103, de asemenea, o oportunitate de a g\u0103si un loc de munc\u0103 \u00een ora\u0219e \u00een care accesul anterior era dificil sau imposibil.<\/li><\/ul>\n\n\n\n<p><strong><u>Asocia\u021bia de transport Bieszczady<\/u><\/strong> \u2013 valoarea de cofinan\u021bare \u2013 <strong>4.020.801,74 PLN<\/strong><\/p>\n\n\n\n<p>Asocia\u021bia de Transport Bieszczady reune\u0219te \u00een structurile sale urm\u0103toarele comune: Czarna, Lutowiska, Ustrzyki Dolne, Olszanica, Solina, Lesko, Baligr\u00f3d, Cisna, Koma\u0144cza, Zag\u00f3rz \u0219i raioanele Lesko<br>\u0219i Bieszczady.<\/p>\n\n\n\n<p><strong><u>Jude\u021bul Bieszczady<\/u><\/strong> \u2013 valoarea de cofinan\u021bare \u2013 &nbsp;<strong>595.235,00 PLN<\/strong><\/p>\n\n\n\n<p><strong><u>Ustrzyki Dolne<\/u><\/strong> \u2013 valoarea de cofinan\u021bare \u2013 <strong>679.665,99 PLN<\/strong><\/p>\n\n\n\n<ol class=\"wp-block-list\" type=\"1\"><li><strong><u>Program Care 75+<\/u><\/strong> \u2013 un program adresat comunelor: urbane \u0219i rurale,<br>urban-rural p\u00e2n\u0103 la 60.000 reziden\u021bi care presteaz\u0103 servicii de \u00eengrijire pe cont propriu<br>sau prin cooperative sociale de persoane juridice \u00eenfiin\u021bate de unit\u0103\u021bile administra\u021biei publice locale. Scopul principal al serviciilor de \u00eengrijire este de a ajuta la satisfacerea nevoilor vie\u021bii de zi cu zi, de a oferi \u00eengrijire igien\u0103 sau \u00eengrijire prescris\u0103 de un medic<br>\u0219i asigurarea \u2013 pe c\u00e2t posibil centrului de asisten\u021b\u0103 social\u0103 \u2013 a contactelor cu mediul.<\/li><\/ol>\n\n\n\n<p><strong><u>Comuna Ustrzyki Dolne<\/u><\/strong> \u2013 pentru anul 2022, valoarea cofinan\u021b\u0103rii din program s-a ridicat la <strong>14.389,03 PLN.<\/strong><\/p>\n\n\n\n<ol class=\"wp-block-list\" type=\"1\"><li><strong><u>Sprijin pentru activit\u0103\u021bile statutare ale KGW<\/u><\/strong> \u2013 gospodinele rurale asociate pot aloca fondurile primite pentru activit\u0103\u021bi sociale \u0219i educa\u021bionale precum \u0219i educa\u021bionale \u0219i culturale<br>\u0219i activit\u0103\u021bi pentru dezvoltarea global\u0103 a zonelor rurale. Cofinan\u021barea poate fi, de asemenea, cheltuit\u0103 pentru dezvoltarea antreprenoriatului \u0219i ini\u021biativelor femeilor de \u00eembun\u0103t\u0103\u021bire a condi\u021biilor de via\u021b\u0103 \u0219i de munc\u0103 \u00een mediul rural \u0219i poate fi utilizat\u0103 pentru ac\u021biuni care vizeaz\u0103 dezvoltarea culturii populare sau diseminarea cooper\u0103rii \u0219i a metodelor agricole ra\u021bionale.<\/li><\/ol>\n\n\n\n<p><strong>\u00cen poviatul Bieszczady, 22 KGW au solicitat ajutor \u00een 2022, care au primit sprijin<br>prin Agen\u021bia pentru Restructurare \u0219i Modernizare a Agriculturii \u00een valoare de 114.000 PLN.<\/strong><\/p>\n\n\n\n<ol class=\"wp-block-list\" type=\"1\"><li><strong><u>Subven\u021bii pentru \u00eengr\u0103\u0219\u0103minte<\/u> - <\/strong>anul trecut, guvernul polonez a lansat un program cu valoare<br>3,9 miliarde PLN pentru sprijinirea fermierilor care au sim\u021bit efectele cre\u0219terii costurilor de produc\u021bie ca urmare a invaziei Rusiei \u00een Ucraina \u0219i a sanc\u021biunilor aferente. Remediul era disponibil<br>pentru fermierii care opereaz\u0103 \u00een Polonia care au fost afecta\u021bi de cre\u0219terea costurilor cu \u00eengr\u0103\u0219\u0103minte cauzat\u0103 de criza geopolitic\u0103 actual\u0103 \u0219i de sanc\u021biunile aferente.<br>Programul a cofinan\u021bat achizi\u021bionarea de \u00eengr\u0103\u0219\u0103minte minerale, altele dec\u00e2t \u00eengr\u0103\u0219\u0103m\u00e2ntul de var<br>\u0219i \u00eengr\u0103\u0219\u0103m\u00e2nt de var care con\u021bine magneziu, pe care produc\u0103torii agricoli l-au achizi\u021bionat \u00een perioada 1 septembrie 2021 - 15 mai 2022.<\/li><\/ol>\n\n\n\n<p><strong>\u00cen poviatul Bieszczady, 18 entit\u0103\u021bi au depus o cerere de subven\u021bie pentru \u00eengr\u0103\u0219\u0103minte, care au primit ajutor de la bugetul de stat \u00een valoare de 46.563,26 PLN.<\/strong><\/p>\n\n\n\n<figure class=\"wp-block-image size-large\"><a href=\"https:\/\/marekkuchcinski.pl\/wp-content\/uploads\/2023\/01\/017c310d-023e-4894-89d7-be1e722a5433-1.jpg\"><img fetchpriority=\"high\" decoding=\"async\" width=\"1024\" height=\"605\" src=\"https:\/\/marekkuchcinski.pl\/wp-content\/uploads\/2023\/01\/017c310d-023e-4894-89d7-be1e722a5433-1-1024x605.jpg\" alt=\"\" class=\"wp-image-27322\" srcset=\"https:\/\/marekkuchcinski.pl\/wp-content\/uploads\/2023\/01\/017c310d-023e-4894-89d7-be1e722a5433-1-1024x605.jpg 1024w, https:\/\/marekkuchcinski.pl\/wp-content\/uploads\/2023\/01\/017c310d-023e-4894-89d7-be1e722a5433-1-300x177.jpg 300w, https:\/\/marekkuchcinski.pl\/wp-content\/uploads\/2023\/01\/017c310d-023e-4894-89d7-be1e722a5433-1-768x454.jpg 768w, https:\/\/marekkuchcinski.pl\/wp-content\/uploads\/2023\/01\/017c310d-023e-4894-89d7-be1e722a5433-1-18x12.jpg 18w, https:\/\/marekkuchcinski.pl\/wp-content\/uploads\/2023\/01\/017c310d-023e-4894-89d7-be1e722a5433-1.jpg 1524w\" sizes=\"(max-width: 1024px) 100vw, 1024px\" \/><\/a><\/figure>\n\n\n\n<figure class=\"wp-block-gallery has-nested-images columns-default is-cropped wp-block-gallery-1 is-layout-flex wp-block-gallery-is-layout-flex\">\n<figure class=\"wp-block-image size-large\"><a href=\"https:\/\/marekkuchcinski.pl\/wp-content\/uploads\/2023\/01\/2bb58ced-1c97-4285-b607-92c6578e8b68.jpg\"><img decoding=\"async\" width=\"1024\" height=\"576\" data-id=\"27323\" src=\"https:\/\/marekkuchcinski.pl\/wp-content\/uploads\/2023\/01\/2bb58ced-1c97-4285-b607-92c6578e8b68-1024x576.jpg\" alt=\"\" class=\"wp-image-27323\" srcset=\"https:\/\/marekkuchcinski.pl\/wp-content\/uploads\/2023\/01\/2bb58ced-1c97-4285-b607-92c6578e8b68-1024x576.jpg 1024w, https:\/\/marekkuchcinski.pl\/wp-content\/uploads\/2023\/01\/2bb58ced-1c97-4285-b607-92c6578e8b68-300x169.jpg 300w, https:\/\/marekkuchcinski.pl\/wp-content\/uploads\/2023\/01\/2bb58ced-1c97-4285-b607-92c6578e8b68-768x432.jpg 768w, https:\/\/marekkuchcinski.pl\/wp-content\/uploads\/2023\/01\/2bb58ced-1c97-4285-b607-92c6578e8b68-1536x864.jpg 1536w, https:\/\/marekkuchcinski.pl\/wp-content\/uploads\/2023\/01\/2bb58ced-1c97-4285-b607-92c6578e8b68-18x10.jpg 18w, https:\/\/marekkuchcinski.pl\/wp-content\/uploads\/2023\/01\/2bb58ced-1c97-4285-b607-92c6578e8b68.jpg 1600w\" sizes=\"(max-width: 1024px) 100vw, 1024px\" \/><\/a><\/figure>\n\n\n\n<figure class=\"wp-block-image size-large\"><a href=\"https:\/\/marekkuchcinski.pl\/wp-content\/uploads\/2023\/01\/8a452d9c-7e73-42a7-ab36-c648701b2c0e.jpg\"><img decoding=\"async\" width=\"1024\" height=\"607\" data-id=\"27324\" src=\"https:\/\/marekkuchcinski.pl\/wp-content\/uploads\/2023\/01\/8a452d9c-7e73-42a7-ab36-c648701b2c0e-1024x607.jpg\" alt=\"\" class=\"wp-image-27324\" srcset=\"https:\/\/marekkuchcinski.pl\/wp-content\/uploads\/2023\/01\/8a452d9c-7e73-42a7-ab36-c648701b2c0e-1024x607.jpg 1024w, https:\/\/marekkuchcinski.pl\/wp-content\/uploads\/2023\/01\/8a452d9c-7e73-42a7-ab36-c648701b2c0e-300x178.jpg 300w, https:\/\/marekkuchcinski.pl\/wp-content\/uploads\/2023\/01\/8a452d9c-7e73-42a7-ab36-c648701b2c0e-768x455.jpg 768w, https:\/\/marekkuchcinski.pl\/wp-content\/uploads\/2023\/01\/8a452d9c-7e73-42a7-ab36-c648701b2c0e-18x12.jpg 18w, https:\/\/marekkuchcinski.pl\/wp-content\/uploads\/2023\/01\/8a452d9c-7e73-42a7-ab36-c648701b2c0e.jpg 1435w\" sizes=\"(max-width: 1024px) 100vw, 1024px\" \/><\/a><\/figure>\n\n\n\n<figure class=\"wp-block-image size-large\"><a href=\"https:\/\/marekkuchcinski.pl\/wp-content\/uploads\/2023\/01\/28139ae6-4186-4dc6-b1b7-bf36abec027b.jpg\"><img loading=\"lazy\" decoding=\"async\" width=\"1024\" height=\"576\" data-id=\"27325\" src=\"https:\/\/marekkuchcinski.pl\/wp-content\/uploads\/2023\/01\/28139ae6-4186-4dc6-b1b7-bf36abec027b-1024x576.jpg\" alt=\"\" class=\"wp-image-27325\" srcset=\"https:\/\/marekkuchcinski.pl\/wp-content\/uploads\/2023\/01\/28139ae6-4186-4dc6-b1b7-bf36abec027b-1024x576.jpg 1024w, https:\/\/marekkuchcinski.pl\/wp-content\/uploads\/2023\/01\/28139ae6-4186-4dc6-b1b7-bf36abec027b-300x169.jpg 300w, https:\/\/marekkuchcinski.pl\/wp-content\/uploads\/2023\/01\/28139ae6-4186-4dc6-b1b7-bf36abec027b-768x432.jpg 768w, https:\/\/marekkuchcinski.pl\/wp-content\/uploads\/2023\/01\/28139ae6-4186-4dc6-b1b7-bf36abec027b-1536x864.jpg 1536w, https:\/\/marekkuchcinski.pl\/wp-content\/uploads\/2023\/01\/28139ae6-4186-4dc6-b1b7-bf36abec027b-18x10.jpg 18w, https:\/\/marekkuchcinski.pl\/wp-content\/uploads\/2023\/01\/28139ae6-4186-4dc6-b1b7-bf36abec027b.jpg 1600w\" sizes=\"(max-width: 1024px) 100vw, 1024px\" \/><\/a><\/figure>\n<\/figure>","protected":false},"excerpt":{"rendered":"<p>W Myczkowcach i Ustrzykach Dolnych Marek Kuchci\u0144ski rozmawia\u0142 o przysz\u0142o\u015bci Bieszczad. Podczas spotkania z\u00a0samorz\u0105dowcami i mieszka\u0144cami szef kancelarii premiera podkre\u015bla\u0142, \u017ce wida\u0107 tu bardzo dobre wsparcie ze strony rz\u0105du. \u2013 Wci\u0105\u017c najwa\u017cniejsz\u0105 spraw\u0105 jest dost\u0119pno\u015b\u0107, czyli komunikacja. Bieszczady zas\u0142uguj\u0105 rozw\u00f3j turystyki, agroturystyki, rolnictwa, o\u015brodki sportowe, dobre drogi, parkingi, koleje, hotele, nowe przej\u015bcia graniczne, jak w [&hellip;]<\/p>","protected":false},"author":21,"featured_media":27321,"comment_status":"open","ping_status":"open","sticky":false,"template":"","format":"standard","meta":{"ngg_post_thumbnail":0,"footnotes":""},"categories":[3],"tags":[],"class_list":["post-27315","post","type-post","status-publish","format-standard","has-post-thumbnail","hentry","category-wydarzenia"],"yoast_head":"<!-- This site is optimized with the Yoast SEO plugin v24.7 - https:\/\/yoast.com\/wordpress\/plugins\/seo\/ -->\n<title>Spotkanie noworoczne w Bieszczadach &#8211; Marek Kuchci\u0144ski<\/title>\n<meta name=\"robots\" content=\"index, follow, max-snippet:-1, max-image-preview:large, max-video-preview:-1\" \/>\n<link rel=\"canonical\" href=\"https:\/\/marekkuchcinski.pl\/ro\/wydarzenia\/spotkanie-noworoczne-w-bieszczadach\/\" \/>\n<meta property=\"og:locale\" content=\"ro_RO\" \/>\n<meta property=\"og:type\" content=\"article\" \/>\n<meta property=\"og:title\" content=\"Spotkanie noworoczne w Bieszczadach &#8211; Marek Kuchci\u0144ski\" \/>\n<meta property=\"og:description\" content=\"W Myczkowcach i Ustrzykach Dolnych Marek Kuchci\u0144ski rozmawia\u0142 o przysz\u0142o\u015bci Bieszczad. Podczas spotkania z\u00a0samorz\u0105dowcami i mieszka\u0144cami szef kancelarii premiera podkre\u015bla\u0142, \u017ce wida\u0107 tu bardzo dobre wsparcie ze strony rz\u0105du. \u2013 Wci\u0105\u017c najwa\u017cniejsz\u0105 spraw\u0105 jest dost\u0119pno\u015b\u0107, czyli komunikacja. Bieszczady zas\u0142uguj\u0105 rozw\u00f3j turystyki, agroturystyki, rolnictwa, o\u015brodki sportowe, dobre drogi, parkingi, koleje, hotele, nowe przej\u015bcia graniczne, jak w [&hellip;]\" \/>\n<meta property=\"og:url\" content=\"https:\/\/marekkuchcinski.pl\/ro\/wydarzenia\/spotkanie-noworoczne-w-bieszczadach\/\" \/>\n<meta property=\"og:site_name\" content=\"Marek Kuchci\u0144ski\" \/>\n<meta property=\"article:published_time\" content=\"2023-01-15T09:19:00+00:00\" \/>\n<meta property=\"article:modified_time\" content=\"2023-01-16T14:19:51+00:00\" \/>\n<meta property=\"og:image\" content=\"https:\/\/marekkuchcinski.pl\/wp-content\/uploads\/2023\/01\/017c310d-023e-4894-89d7-be1e722a5433.jpg\" \/>\n\t<meta property=\"og:image:width\" content=\"1524\" \/>\n\t<meta property=\"og:image:height\" content=\"900\" \/>\n\t<meta property=\"og:image:type\" content=\"image\/jpeg\" \/>\n<meta name=\"author\" content=\"Marta Olejnik\" \/>\n<meta name=\"twitter:card\" content=\"summary_large_image\" \/>\n<meta name=\"twitter:label1\" content=\"Scris de\" \/>\n\t<meta name=\"twitter:data1\" content=\"Marta Olejnik\" \/>\n\t<meta name=\"twitter:label2\" content=\"Timp estimat pentru citire\" \/>\n\t<meta name=\"twitter:data2\" content=\"10 minutes\" \/>\n<script type=\"application\/ld+json\" class=\"yoast-schema-graph\">{\"@context\":\"https:\/\/schema.org\",\"@graph\":[{\"@type\":\"Article\",\"@id\":\"https:\/\/marekkuchcinski.pl\/wydarzenia\/spotkanie-noworoczne-w-bieszczadach\/#article\",\"isPartOf\":{\"@id\":\"https:\/\/marekkuchcinski.pl\/wydarzenia\/spotkanie-noworoczne-w-bieszczadach\/\"},\"author\":{\"name\":\"Marta Olejnik\",\"@id\":\"https:\/\/marekkuchcinski.pl\/#\/schema\/person\/51d5d4ee3b5317b8e4dd2b48af359229\"},\"headline\":\"Spotkanie noworoczne w Bieszczadach\",\"datePublished\":\"2023-01-15T09:19:00+00:00\",\"dateModified\":\"2023-01-16T14:19:51+00:00\",\"mainEntityOfPage\":{\"@id\":\"https:\/\/marekkuchcinski.pl\/wydarzenia\/spotkanie-noworoczne-w-bieszczadach\/\"},\"wordCount\":1937,\"commentCount\":0,\"publisher\":{\"@id\":\"https:\/\/marekkuchcinski.pl\/#organization\"},\"image\":{\"@id\":\"https:\/\/marekkuchcinski.pl\/wydarzenia\/spotkanie-noworoczne-w-bieszczadach\/#primaryimage\"},\"thumbnailUrl\":\"https:\/\/marekkuchcinski.pl\/wp-content\/uploads\/2023\/01\/017c310d-023e-4894-89d7-be1e722a5433.jpg\",\"articleSection\":[\"Wydarzenia\"],\"inLanguage\":\"ro-RO\",\"potentialAction\":[{\"@type\":\"CommentAction\",\"name\":\"Comment\",\"target\":[\"https:\/\/marekkuchcinski.pl\/wydarzenia\/spotkanie-noworoczne-w-bieszczadach\/#respond\"]}]},{\"@type\":\"WebPage\",\"@id\":\"https:\/\/marekkuchcinski.pl\/wydarzenia\/spotkanie-noworoczne-w-bieszczadach\/\",\"url\":\"https:\/\/marekkuchcinski.pl\/wydarzenia\/spotkanie-noworoczne-w-bieszczadach\/\",\"name\":\"Spotkanie noworoczne w Bieszczadach &#8211; Marek Kuchci\u0144ski\",\"isPartOf\":{\"@id\":\"https:\/\/marekkuchcinski.pl\/#website\"},\"primaryImageOfPage\":{\"@id\":\"https:\/\/marekkuchcinski.pl\/wydarzenia\/spotkanie-noworoczne-w-bieszczadach\/#primaryimage\"},\"image\":{\"@id\":\"https:\/\/marekkuchcinski.pl\/wydarzenia\/spotkanie-noworoczne-w-bieszczadach\/#primaryimage\"},\"thumbnailUrl\":\"https:\/\/marekkuchcinski.pl\/wp-content\/uploads\/2023\/01\/017c310d-023e-4894-89d7-be1e722a5433.jpg\",\"datePublished\":\"2023-01-15T09:19:00+00:00\",\"dateModified\":\"2023-01-16T14:19:51+00:00\",\"breadcrumb\":{\"@id\":\"https:\/\/marekkuchcinski.pl\/wydarzenia\/spotkanie-noworoczne-w-bieszczadach\/#breadcrumb\"},\"inLanguage\":\"ro-RO\",\"potentialAction\":[{\"@type\":\"ReadAction\",\"target\":[\"https:\/\/marekkuchcinski.pl\/wydarzenia\/spotkanie-noworoczne-w-bieszczadach\/\"]}]},{\"@type\":\"ImageObject\",\"inLanguage\":\"ro-RO\",\"@id\":\"https:\/\/marekkuchcinski.pl\/wydarzenia\/spotkanie-noworoczne-w-bieszczadach\/#primaryimage\",\"url\":\"https:\/\/marekkuchcinski.pl\/wp-content\/uploads\/2023\/01\/017c310d-023e-4894-89d7-be1e722a5433.jpg\",\"contentUrl\":\"https:\/\/marekkuchcinski.pl\/wp-content\/uploads\/2023\/01\/017c310d-023e-4894-89d7-be1e722a5433.jpg\",\"width\":1524,\"height\":900},{\"@type\":\"BreadcrumbList\",\"@id\":\"https:\/\/marekkuchcinski.pl\/wydarzenia\/spotkanie-noworoczne-w-bieszczadach\/#breadcrumb\",\"itemListElement\":[{\"@type\":\"ListItem\",\"position\":1,\"name\":\"Strona g\u0142\u00f3wna\",\"item\":\"https:\/\/marekkuchcinski.pl\/\"},{\"@type\":\"ListItem\",\"position\":2,\"name\":\"Spotkanie noworoczne w Bieszczadach\"}]},{\"@type\":\"WebSite\",\"@id\":\"https:\/\/marekkuchcinski.pl\/#website\",\"url\":\"https:\/\/marekkuchcinski.pl\/\",\"name\":\"Marek Kuchci\u0144ski\",\"description\":\"Pose\u0142 na sejm RP &ndash; okr\u0119g nr 22\",\"publisher\":{\"@id\":\"https:\/\/marekkuchcinski.pl\/#organization\"},\"potentialAction\":[{\"@type\":\"SearchAction\",\"target\":{\"@type\":\"EntryPoint\",\"urlTemplate\":\"https:\/\/marekkuchcinski.pl\/?s={search_term_string}\"},\"query-input\":{\"@type\":\"PropertyValueSpecification\",\"valueRequired\":true,\"valueName\":\"search_term_string\"}}],\"inLanguage\":\"ro-RO\"},{\"@type\":\"Organization\",\"@id\":\"https:\/\/marekkuchcinski.pl\/#organization\",\"name\":\"Marek Kuchci\u0144ski\",\"url\":\"https:\/\/marekkuchcinski.pl\/\",\"logo\":{\"@type\":\"ImageObject\",\"inLanguage\":\"ro-RO\",\"@id\":\"https:\/\/marekkuchcinski.pl\/#\/schema\/logo\/image\/\",\"url\":\"https:\/\/marekkuchcinski.pl\/wp-content\/uploads\/2022\/09\/Marek.jpg\",\"contentUrl\":\"https:\/\/marekkuchcinski.pl\/wp-content\/uploads\/2022\/09\/Marek.jpg\",\"width\":1600,\"height\":971,\"caption\":\"Marek Kuchci\u0144ski\"},\"image\":{\"@id\":\"https:\/\/marekkuchcinski.pl\/#\/schema\/logo\/image\/\"}},{\"@type\":\"Person\",\"@id\":\"https:\/\/marekkuchcinski.pl\/#\/schema\/person\/51d5d4ee3b5317b8e4dd2b48af359229\",\"name\":\"Marta Olejnik\",\"image\":{\"@type\":\"ImageObject\",\"inLanguage\":\"ro-RO\",\"@id\":\"https:\/\/marekkuchcinski.pl\/#\/schema\/person\/image\/\",\"url\":\"https:\/\/secure.gravatar.com\/avatar\/e39914b2aa6a48959e24d475b5dc9793?s=96&d=mm&r=g\",\"contentUrl\":\"https:\/\/secure.gravatar.com\/avatar\/e39914b2aa6a48959e24d475b5dc9793?s=96&d=mm&r=g\",\"caption\":\"Marta Olejnik\"},\"url\":\"https:\/\/marekkuchcinski.pl\/ro\/author\/marta\/\"}]}<\/script>\n<!-- \/ Yoast SEO plugin. -->","yoast_head_json":{"title":"Spotkanie noworoczne w Bieszczadach &#8211; Marek Kuchci\u0144ski","robots":{"index":"index","follow":"follow","max-snippet":"max-snippet:-1","max-image-preview":"max-image-preview:large","max-video-preview":"max-video-preview:-1"},"canonical":"https:\/\/marekkuchcinski.pl\/ro\/wydarzenia\/spotkanie-noworoczne-w-bieszczadach\/","og_locale":"ro_RO","og_type":"article","og_title":"Spotkanie noworoczne w Bieszczadach &#8211; Marek Kuchci\u0144ski","og_description":"W Myczkowcach i Ustrzykach Dolnych Marek Kuchci\u0144ski rozmawia\u0142 o przysz\u0142o\u015bci Bieszczad. Podczas spotkania z\u00a0samorz\u0105dowcami i mieszka\u0144cami szef kancelarii premiera podkre\u015bla\u0142, \u017ce wida\u0107 tu bardzo dobre wsparcie ze strony rz\u0105du. \u2013 Wci\u0105\u017c najwa\u017cniejsz\u0105 spraw\u0105 jest dost\u0119pno\u015b\u0107, czyli komunikacja. Bieszczady zas\u0142uguj\u0105 rozw\u00f3j turystyki, agroturystyki, rolnictwa, o\u015brodki sportowe, dobre drogi, parkingi, koleje, hotele, nowe przej\u015bcia graniczne, jak w [&hellip;]","og_url":"https:\/\/marekkuchcinski.pl\/ro\/wydarzenia\/spotkanie-noworoczne-w-bieszczadach\/","og_site_name":"Marek Kuchci\u0144ski","article_published_time":"2023-01-15T09:19:00+00:00","article_modified_time":"2023-01-16T14:19:51+00:00","og_image":[{"width":1524,"height":900,"url":"https:\/\/marekkuchcinski.pl\/wp-content\/uploads\/2023\/01\/017c310d-023e-4894-89d7-be1e722a5433.jpg","type":"image\/jpeg"}],"author":"Marta Olejnik","twitter_card":"summary_large_image","twitter_misc":{"Scris de":"Marta Olejnik","Timp estimat pentru citire":"10 minutes"},"schema":{"@context":"https:\/\/schema.org","@graph":[{"@type":"Article","@id":"https:\/\/marekkuchcinski.pl\/wydarzenia\/spotkanie-noworoczne-w-bieszczadach\/#article","isPartOf":{"@id":"https:\/\/marekkuchcinski.pl\/wydarzenia\/spotkanie-noworoczne-w-bieszczadach\/"},"author":{"name":"Marta Olejnik","@id":"https:\/\/marekkuchcinski.pl\/#\/schema\/person\/51d5d4ee3b5317b8e4dd2b48af359229"},"headline":"Spotkanie noworoczne w Bieszczadach","datePublished":"2023-01-15T09:19:00+00:00","dateModified":"2023-01-16T14:19:51+00:00","mainEntityOfPage":{"@id":"https:\/\/marekkuchcinski.pl\/wydarzenia\/spotkanie-noworoczne-w-bieszczadach\/"},"wordCount":1937,"commentCount":0,"publisher":{"@id":"https:\/\/marekkuchcinski.pl\/#organization"},"image":{"@id":"https:\/\/marekkuchcinski.pl\/wydarzenia\/spotkanie-noworoczne-w-bieszczadach\/#primaryimage"},"thumbnailUrl":"https:\/\/marekkuchcinski.pl\/wp-content\/uploads\/2023\/01\/017c310d-023e-4894-89d7-be1e722a5433.jpg","articleSection":["Wydarzenia"],"inLanguage":"ro-RO","potentialAction":[{"@type":"CommentAction","name":"Comment","target":["https:\/\/marekkuchcinski.pl\/wydarzenia\/spotkanie-noworoczne-w-bieszczadach\/#respond"]}]},{"@type":"WebPage","@id":"https:\/\/marekkuchcinski.pl\/wydarzenia\/spotkanie-noworoczne-w-bieszczadach\/","url":"https:\/\/marekkuchcinski.pl\/wydarzenia\/spotkanie-noworoczne-w-bieszczadach\/","name":"Spotkanie noworoczne w Bieszczadach &#8211; Marek Kuchci\u0144ski","isPartOf":{"@id":"https:\/\/marekkuchcinski.pl\/#website"},"primaryImageOfPage":{"@id":"https:\/\/marekkuchcinski.pl\/wydarzenia\/spotkanie-noworoczne-w-bieszczadach\/#primaryimage"},"image":{"@id":"https:\/\/marekkuchcinski.pl\/wydarzenia\/spotkanie-noworoczne-w-bieszczadach\/#primaryimage"},"thumbnailUrl":"https:\/\/marekkuchcinski.pl\/wp-content\/uploads\/2023\/01\/017c310d-023e-4894-89d7-be1e722a5433.jpg","datePublished":"2023-01-15T09:19:00+00:00","dateModified":"2023-01-16T14:19:51+00:00","breadcrumb":{"@id":"https:\/\/marekkuchcinski.pl\/wydarzenia\/spotkanie-noworoczne-w-bieszczadach\/#breadcrumb"},"inLanguage":"ro-RO","potentialAction":[{"@type":"ReadAction","target":["https:\/\/marekkuchcinski.pl\/wydarzenia\/spotkanie-noworoczne-w-bieszczadach\/"]}]},{"@type":"ImageObject","inLanguage":"ro-RO","@id":"https:\/\/marekkuchcinski.pl\/wydarzenia\/spotkanie-noworoczne-w-bieszczadach\/#primaryimage","url":"https:\/\/marekkuchcinski.pl\/wp-content\/uploads\/2023\/01\/017c310d-023e-4894-89d7-be1e722a5433.jpg","contentUrl":"https:\/\/marekkuchcinski.pl\/wp-content\/uploads\/2023\/01\/017c310d-023e-4894-89d7-be1e722a5433.jpg","width":1524,"height":900},{"@type":"BreadcrumbList","@id":"https:\/\/marekkuchcinski.pl\/wydarzenia\/spotkanie-noworoczne-w-bieszczadach\/#breadcrumb","itemListElement":[{"@type":"ListItem","position":1,"name":"Strona g\u0142\u00f3wna","item":"https:\/\/marekkuchcinski.pl\/"},{"@type":"ListItem","position":2,"name":"Spotkanie noworoczne w Bieszczadach"}]},{"@type":"WebSite","@id":"https:\/\/marekkuchcinski.pl\/#website","url":"https:\/\/marekkuchcinski.pl\/","name":"Marek Kuchci\u0144ski","description":"Pose\u0142 na sejm RP &ndash; okr\u0119g nr 22","publisher":{"@id":"https:\/\/marekkuchcinski.pl\/#organization"},"potentialAction":[{"@type":"SearchAction","target":{"@type":"EntryPoint","urlTemplate":"https:\/\/marekkuchcinski.pl\/?s={search_term_string}"},"query-input":{"@type":"PropertyValueSpecification","valueRequired":true,"valueName":"search_term_string"}}],"inLanguage":"ro-RO"},{"@type":"Organization","@id":"https:\/\/marekkuchcinski.pl\/#organization","name":"Marek Kuchci\u0144ski","url":"https:\/\/marekkuchcinski.pl\/","logo":{"@type":"ImageObject","inLanguage":"ro-RO","@id":"https:\/\/marekkuchcinski.pl\/#\/schema\/logo\/image\/","url":"https:\/\/marekkuchcinski.pl\/wp-content\/uploads\/2022\/09\/Marek.jpg","contentUrl":"https:\/\/marekkuchcinski.pl\/wp-content\/uploads\/2022\/09\/Marek.jpg","width":1600,"height":971,"caption":"Marek Kuchci\u0144ski"},"image":{"@id":"https:\/\/marekkuchcinski.pl\/#\/schema\/logo\/image\/"}},{"@type":"Person","@id":"https:\/\/marekkuchcinski.pl\/#\/schema\/person\/51d5d4ee3b5317b8e4dd2b48af359229","name":"Marta Olejnik","image":{"@type":"ImageObject","inLanguage":"ro-RO","@id":"https:\/\/marekkuchcinski.pl\/#\/schema\/person\/image\/","url":"https:\/\/secure.gravatar.com\/avatar\/e39914b2aa6a48959e24d475b5dc9793?s=96&d=mm&r=g","contentUrl":"https:\/\/secure.gravatar.com\/avatar\/e39914b2aa6a48959e24d475b5dc9793?s=96&d=mm&r=g","caption":"Marta Olejnik"},"url":"https:\/\/marekkuchcinski.pl\/ro\/author\/marta\/"}]}},"_links":{"self":[{"href":"https:\/\/marekkuchcinski.pl\/ro\/wp-json\/wp\/v2\/posts\/27315","targetHints":{"allow":["GET"]}}],"collection":[{"href":"https:\/\/marekkuchcinski.pl\/ro\/wp-json\/wp\/v2\/posts"}],"about":[{"href":"https:\/\/marekkuchcinski.pl\/ro\/wp-json\/wp\/v2\/types\/post"}],"author":[{"embeddable":true,"href":"https:\/\/marekkuchcinski.pl\/ro\/wp-json\/wp\/v2\/users\/21"}],"replies":[{"embeddable":true,"href":"https:\/\/marekkuchcinski.pl\/ro\/wp-json\/wp\/v2\/comments?post=27315"}],"version-history":[{"count":5,"href":"https:\/\/marekkuchcinski.pl\/ro\/wp-json\/wp\/v2\/posts\/27315\/revisions"}],"predecessor-version":[{"id":27326,"href":"https:\/\/marekkuchcinski.pl\/ro\/wp-json\/wp\/v2\/posts\/27315\/revisions\/27326"}],"wp:featuredmedia":[{"embeddable":true,"href":"https:\/\/marekkuchcinski.pl\/ro\/wp-json\/wp\/v2\/media\/27321"}],"wp:attachment":[{"href":"https:\/\/marekkuchcinski.pl\/ro\/wp-json\/wp\/v2\/media?parent=27315"}],"wp:term":[{"taxonomy":"category","embeddable":true,"href":"https:\/\/marekkuchcinski.pl\/ro\/wp-json\/wp\/v2\/categories?post=27315"},{"taxonomy":"post_tag","embeddable":true,"href":"https:\/\/marekkuchcinski.pl\/ro\/wp-json\/wp\/v2\/tags?post=27315"}],"curies":[{"name":"wp","href":"https:\/\/api.w.org\/{rel}","templated":true}]}}