{"id":27281,"date":"2023-01-13T20:19:41","date_gmt":"2023-01-13T19:19:41","guid":{"rendered":"https:\/\/marekkuchcinski.pl\/?p=27281"},"modified":"2023-01-13T20:20:02","modified_gmt":"2023-01-13T19:20:02","slug":"ponad-25-mld-euro-dla-polskich-rolnikow","status":"publish","type":"post","link":"https:\/\/marekkuchcinski.pl\/ro\/wydarzenia\/ponad-25-mld-euro-dla-polskich-rolnikow\/","title":{"rendered":"Peste 25 de miliarde de euro pentru fermierii polonezi"},"content":{"rendered":"<p>Guvernul consolideaz\u0103 competitivitatea \u0219i dezvoltarea agriculturii poloneze, a fermelor mici \u0219i a dezvolt\u0103rii rurale cu aspecte de tranzi\u021bie c\u0103tre o economie verde \u0219i digital\u0103. Noua Politic\u0103 Agricol\u0103 Comun\u0103 2023-2027 este \u00een vigoare din ianuarie, ale c\u0103rei fonduri planificate se ridic\u0103 la 25,2 miliarde EUR.<\/p>\n\n\n\n<p><strong>Planul strategic presupune, printre altele:<\/strong><\/p>\n\n\n\n<p>sprijinirea unui venit echitabil al fermei&nbsp;<\/p>\n\n\n\n<p>competitivitate, cercetare, tehnologie \u0219i digitalizare<\/p>\n\n\n\n<p>\u00eembun\u0103t\u0103\u021birea pozi\u021biei fermierilor \u00een lan\u021bul valoric<\/p>\n\n\n\n<p>atenuarea \u0219i adaptarea la schimb\u0103rile climatice, produc\u021bia durabil\u0103 de energie<\/p>\n\n\n\n<p>sprijinirea dezvolt\u0103rii durabile \u0219i a gestion\u0103rii eficiente a resurselor naturale precum apa, solul \u0219i aerul<\/p>\n\n\n\n<p>contribuind la protec\u021bia biodiversit\u0103\u021bii, la \u00eembun\u0103t\u0103\u021birea serviciilor ecosistemice \u0219i la protejarea habitatelor \u0219i a peisajelor<\/p>\n\n\n\n<p>atragerea tinerilor fermieri \u0219i facilitarea dezvolt\u0103rii afacerilor \u00een zonele rurale<\/p>\n\n\n\n<p>promovarea ocup\u0103rii for\u021bei de munc\u0103, cre\u0219terii economice, incluziunii sociale \u0219i dezvolt\u0103rii locale \u00een zonele rurale, inclusiv a bioeconomiei \u0219i a silviculturii durabile<\/p>\n\n\n\n<p>\u00eembun\u0103t\u0103\u021birea r\u0103spunsului agriculturii UE la nevoile societ\u0103\u021bii alimentare \u0219i de s\u0103n\u0103tate, inclusiv alimente sigure, bogate \u00een nutrien\u021bi \u0219i durabile, precum \u0219i bun\u0103starea animalelor.<\/p>\n\n\n\n<p><strong>\u00cen 2022, subven\u021biile pentru \u00eengr\u0103\u0219\u0103minte \u00een Podkarpackie s-a ridicat la 69.454.170.<\/strong><\/p>","protected":false},"excerpt":{"rendered":"<p>Rz\u0105d wzmacnia konkurencyjno\u015b\u0107 i rozw\u00f3j polskiego rolnictwa, ma\u0142ych gospodarstw oraz rozw\u00f3j obszar\u00f3w wiejskich z aspektami przej\u015bcia do zielonej i cyfrowej gospodarki.\u00a0Od stycznia obowi\u0105zuje nowa Wsp\u00f3lna Polityka Rolna 2023-2027, kt\u00f3rej zaplanowane \u015brodki wynosz\u0105 25,2 mld EUR. Plan Strategiczny zak\u0142ada m.in.: wspieranie&nbsp;godziwych dochod\u00f3w gospodarstw rolnych&nbsp; konkurencyjno\u015b\u0107, badania naukowe, technologia i&nbsp; cyfryzacja popraw\u0119 pozycji rolnik\u00f3w&nbsp;w&nbsp; \u0142a\u0144cuchu warto\u015bci \u0142agodzenie [&hellip;]<\/p>","protected":false},"author":21,"featured_media":27282,"comment_status":"open","ping_status":"open","sticky":false,"template":"","format":"standard","meta":{"ngg_post_thumbnail":0,"footnotes":""},"categories":[3],"tags":[],"class_list":["post-27281","post","type-post","status-publish","format-standard","has-post-thumbnail","hentry","category-wydarzenia"],"yoast_head":"<!-- This site is optimized with the Yoast SEO plugin v24.7 - https:\/\/yoast.com\/wordpress\/plugins\/seo\/ -->\n<title>Ponad 25 mld euro dla polskich rolnik\u00f3w &#8211; Marek Kuchci\u0144ski<\/title>\n<meta name=\"robots\" content=\"index, follow, max-snippet:-1, max-image-preview:large, max-video-preview:-1\" \/>\n<link rel=\"canonical\" href=\"https:\/\/marekkuchcinski.pl\/ro\/wydarzenia\/ponad-25-mld-euro-dla-polskich-rolnikow\/\" \/>\n<meta property=\"og:locale\" content=\"ro_RO\" \/>\n<meta property=\"og:type\" content=\"article\" \/>\n<meta property=\"og:title\" content=\"Ponad 25 mld euro dla polskich rolnik\u00f3w &#8211; Marek Kuchci\u0144ski\" \/>\n<meta property=\"og:description\" content=\"Rz\u0105d wzmacnia konkurencyjno\u015b\u0107 i rozw\u00f3j polskiego rolnictwa, ma\u0142ych gospodarstw oraz rozw\u00f3j obszar\u00f3w wiejskich z aspektami przej\u015bcia do zielonej i cyfrowej gospodarki.\u00a0Od stycznia obowi\u0105zuje nowa Wsp\u00f3lna Polityka Rolna 2023-2027, kt\u00f3rej zaplanowane \u015brodki wynosz\u0105 25,2 mld EUR. Plan Strategiczny zak\u0142ada m.in.: wspieranie&nbsp;godziwych dochod\u00f3w gospodarstw rolnych&nbsp; konkurencyjno\u015b\u0107, badania naukowe, technologia i&nbsp; cyfryzacja popraw\u0119 pozycji rolnik\u00f3w&nbsp;w&nbsp; \u0142a\u0144cuchu warto\u015bci \u0142agodzenie [&hellip;]\" \/>\n<meta property=\"og:url\" content=\"https:\/\/marekkuchcinski.pl\/ro\/wydarzenia\/ponad-25-mld-euro-dla-polskich-rolnikow\/\" \/>\n<meta property=\"og:site_name\" content=\"Marek Kuchci\u0144ski\" \/>\n<meta property=\"article:published_time\" content=\"2023-01-13T19:19:41+00:00\" \/>\n<meta property=\"article:modified_time\" content=\"2023-01-13T19:20:02+00:00\" \/>\n<meta property=\"og:image\" content=\"https:\/\/marekkuchcinski.pl\/wp-content\/uploads\/2023\/01\/zboze.jpg\" \/>\n\t<meta property=\"og:image:width\" content=\"960\" \/>\n\t<meta property=\"og:image:height\" content=\"668\" \/>\n\t<meta property=\"og:image:type\" content=\"image\/jpeg\" \/>\n<meta name=\"author\" content=\"Marta Olejnik\" \/>\n<meta name=\"twitter:card\" content=\"summary_large_image\" \/>\n<meta name=\"twitter:label1\" content=\"Scris de\" \/>\n\t<meta name=\"twitter:data1\" content=\"Marta Olejnik\" \/>\n\t<meta name=\"twitter:label2\" content=\"Timp estimat pentru citire\" \/>\n\t<meta name=\"twitter:data2\" content=\"1 minute\" \/>\n<script type=\"application\/ld+json\" class=\"yoast-schema-graph\">{\"@context\":\"https:\/\/schema.org\",\"@graph\":[{\"@type\":\"Article\",\"@id\":\"https:\/\/marekkuchcinski.pl\/wydarzenia\/ponad-25-mld-euro-dla-polskich-rolnikow\/#article\",\"isPartOf\":{\"@id\":\"https:\/\/marekkuchcinski.pl\/wydarzenia\/ponad-25-mld-euro-dla-polskich-rolnikow\/\"},\"author\":{\"name\":\"Marta Olejnik\",\"@id\":\"https:\/\/marekkuchcinski.pl\/#\/schema\/person\/51d5d4ee3b5317b8e4dd2b48af359229\"},\"headline\":\"Ponad 25 mld euro dla polskich rolnik\u00f3w\",\"datePublished\":\"2023-01-13T19:19:41+00:00\",\"dateModified\":\"2023-01-13T19:20:02+00:00\",\"mainEntityOfPage\":{\"@id\":\"https:\/\/marekkuchcinski.pl\/wydarzenia\/ponad-25-mld-euro-dla-polskich-rolnikow\/\"},\"wordCount\":227,\"commentCount\":0,\"publisher\":{\"@id\":\"https:\/\/marekkuchcinski.pl\/#organization\"},\"image\":{\"@id\":\"https:\/\/marekkuchcinski.pl\/wydarzenia\/ponad-25-mld-euro-dla-polskich-rolnikow\/#primaryimage\"},\"thumbnailUrl\":\"https:\/\/marekkuchcinski.pl\/wp-content\/uploads\/2023\/01\/zboze.jpg\",\"articleSection\":[\"Wydarzenia\"],\"inLanguage\":\"ro-RO\",\"potentialAction\":[{\"@type\":\"CommentAction\",\"name\":\"Comment\",\"target\":[\"https:\/\/marekkuchcinski.pl\/wydarzenia\/ponad-25-mld-euro-dla-polskich-rolnikow\/#respond\"]}]},{\"@type\":\"WebPage\",\"@id\":\"https:\/\/marekkuchcinski.pl\/wydarzenia\/ponad-25-mld-euro-dla-polskich-rolnikow\/\",\"url\":\"https:\/\/marekkuchcinski.pl\/wydarzenia\/ponad-25-mld-euro-dla-polskich-rolnikow\/\",\"name\":\"Ponad 25 mld euro dla polskich rolnik\u00f3w &#8211; Marek Kuchci\u0144ski\",\"isPartOf\":{\"@id\":\"https:\/\/marekkuchcinski.pl\/#website\"},\"primaryImageOfPage\":{\"@id\":\"https:\/\/marekkuchcinski.pl\/wydarzenia\/ponad-25-mld-euro-dla-polskich-rolnikow\/#primaryimage\"},\"image\":{\"@id\":\"https:\/\/marekkuchcinski.pl\/wydarzenia\/ponad-25-mld-euro-dla-polskich-rolnikow\/#primaryimage\"},\"thumbnailUrl\":\"https:\/\/marekkuchcinski.pl\/wp-content\/uploads\/2023\/01\/zboze.jpg\",\"datePublished\":\"2023-01-13T19:19:41+00:00\",\"dateModified\":\"2023-01-13T19:20:02+00:00\",\"breadcrumb\":{\"@id\":\"https:\/\/marekkuchcinski.pl\/wydarzenia\/ponad-25-mld-euro-dla-polskich-rolnikow\/#breadcrumb\"},\"inLanguage\":\"ro-RO\",\"potentialAction\":[{\"@type\":\"ReadAction\",\"target\":[\"https:\/\/marekkuchcinski.pl\/wydarzenia\/ponad-25-mld-euro-dla-polskich-rolnikow\/\"]}]},{\"@type\":\"ImageObject\",\"inLanguage\":\"ro-RO\",\"@id\":\"https:\/\/marekkuchcinski.pl\/wydarzenia\/ponad-25-mld-euro-dla-polskich-rolnikow\/#primaryimage\",\"url\":\"https:\/\/marekkuchcinski.pl\/wp-content\/uploads\/2023\/01\/zboze.jpg\",\"contentUrl\":\"https:\/\/marekkuchcinski.pl\/wp-content\/uploads\/2023\/01\/zboze.jpg\",\"width\":960,\"height\":668},{\"@type\":\"BreadcrumbList\",\"@id\":\"https:\/\/marekkuchcinski.pl\/wydarzenia\/ponad-25-mld-euro-dla-polskich-rolnikow\/#breadcrumb\",\"itemListElement\":[{\"@type\":\"ListItem\",\"position\":1,\"name\":\"Strona g\u0142\u00f3wna\",\"item\":\"https:\/\/marekkuchcinski.pl\/\"},{\"@type\":\"ListItem\",\"position\":2,\"name\":\"Ponad 25 mld euro dla polskich rolnik\u00f3w\"}]},{\"@type\":\"WebSite\",\"@id\":\"https:\/\/marekkuchcinski.pl\/#website\",\"url\":\"https:\/\/marekkuchcinski.pl\/\",\"name\":\"Marek Kuchci\u0144ski\",\"description\":\"Pose\u0142 na sejm RP &ndash; okr\u0119g nr 22\",\"publisher\":{\"@id\":\"https:\/\/marekkuchcinski.pl\/#organization\"},\"potentialAction\":[{\"@type\":\"SearchAction\",\"target\":{\"@type\":\"EntryPoint\",\"urlTemplate\":\"https:\/\/marekkuchcinski.pl\/?s={search_term_string}\"},\"query-input\":{\"@type\":\"PropertyValueSpecification\",\"valueRequired\":true,\"valueName\":\"search_term_string\"}}],\"inLanguage\":\"ro-RO\"},{\"@type\":\"Organization\",\"@id\":\"https:\/\/marekkuchcinski.pl\/#organization\",\"name\":\"Marek Kuchci\u0144ski\",\"url\":\"https:\/\/marekkuchcinski.pl\/\",\"logo\":{\"@type\":\"ImageObject\",\"inLanguage\":\"ro-RO\",\"@id\":\"https:\/\/marekkuchcinski.pl\/#\/schema\/logo\/image\/\",\"url\":\"https:\/\/marekkuchcinski.pl\/wp-content\/uploads\/2022\/09\/Marek.jpg\",\"contentUrl\":\"https:\/\/marekkuchcinski.pl\/wp-content\/uploads\/2022\/09\/Marek.jpg\",\"width\":1600,\"height\":971,\"caption\":\"Marek Kuchci\u0144ski\"},\"image\":{\"@id\":\"https:\/\/marekkuchcinski.pl\/#\/schema\/logo\/image\/\"}},{\"@type\":\"Person\",\"@id\":\"https:\/\/marekkuchcinski.pl\/#\/schema\/person\/51d5d4ee3b5317b8e4dd2b48af359229\",\"name\":\"Marta Olejnik\",\"image\":{\"@type\":\"ImageObject\",\"inLanguage\":\"ro-RO\",\"@id\":\"https:\/\/marekkuchcinski.pl\/#\/schema\/person\/image\/\",\"url\":\"https:\/\/secure.gravatar.com\/avatar\/e39914b2aa6a48959e24d475b5dc9793?s=96&d=mm&r=g\",\"contentUrl\":\"https:\/\/secure.gravatar.com\/avatar\/e39914b2aa6a48959e24d475b5dc9793?s=96&d=mm&r=g\",\"caption\":\"Marta Olejnik\"},\"url\":\"https:\/\/marekkuchcinski.pl\/ro\/author\/marta\/\"}]}<\/script>\n<!-- \/ Yoast SEO plugin. -->","yoast_head_json":{"title":"Ponad 25 mld euro dla polskich rolnik\u00f3w &#8211; Marek Kuchci\u0144ski","robots":{"index":"index","follow":"follow","max-snippet":"max-snippet:-1","max-image-preview":"max-image-preview:large","max-video-preview":"max-video-preview:-1"},"canonical":"https:\/\/marekkuchcinski.pl\/ro\/wydarzenia\/ponad-25-mld-euro-dla-polskich-rolnikow\/","og_locale":"ro_RO","og_type":"article","og_title":"Ponad 25 mld euro dla polskich rolnik\u00f3w &#8211; Marek Kuchci\u0144ski","og_description":"Rz\u0105d wzmacnia konkurencyjno\u015b\u0107 i rozw\u00f3j polskiego rolnictwa, ma\u0142ych gospodarstw oraz rozw\u00f3j obszar\u00f3w wiejskich z aspektami przej\u015bcia do zielonej i cyfrowej gospodarki.\u00a0Od stycznia obowi\u0105zuje nowa Wsp\u00f3lna Polityka Rolna 2023-2027, kt\u00f3rej zaplanowane \u015brodki wynosz\u0105 25,2 mld EUR. Plan Strategiczny zak\u0142ada m.in.: wspieranie&nbsp;godziwych dochod\u00f3w gospodarstw rolnych&nbsp; konkurencyjno\u015b\u0107, badania naukowe, technologia i&nbsp; cyfryzacja popraw\u0119 pozycji rolnik\u00f3w&nbsp;w&nbsp; \u0142a\u0144cuchu warto\u015bci \u0142agodzenie [&hellip;]","og_url":"https:\/\/marekkuchcinski.pl\/ro\/wydarzenia\/ponad-25-mld-euro-dla-polskich-rolnikow\/","og_site_name":"Marek Kuchci\u0144ski","article_published_time":"2023-01-13T19:19:41+00:00","article_modified_time":"2023-01-13T19:20:02+00:00","og_image":[{"width":960,"height":668,"url":"https:\/\/marekkuchcinski.pl\/wp-content\/uploads\/2023\/01\/zboze.jpg","type":"image\/jpeg"}],"author":"Marta Olejnik","twitter_card":"summary_large_image","twitter_misc":{"Scris de":"Marta Olejnik","Timp estimat pentru citire":"1 minute"},"schema":{"@context":"https:\/\/schema.org","@graph":[{"@type":"Article","@id":"https:\/\/marekkuchcinski.pl\/wydarzenia\/ponad-25-mld-euro-dla-polskich-rolnikow\/#article","isPartOf":{"@id":"https:\/\/marekkuchcinski.pl\/wydarzenia\/ponad-25-mld-euro-dla-polskich-rolnikow\/"},"author":{"name":"Marta Olejnik","@id":"https:\/\/marekkuchcinski.pl\/#\/schema\/person\/51d5d4ee3b5317b8e4dd2b48af359229"},"headline":"Ponad 25 mld euro dla polskich rolnik\u00f3w","datePublished":"2023-01-13T19:19:41+00:00","dateModified":"2023-01-13T19:20:02+00:00","mainEntityOfPage":{"@id":"https:\/\/marekkuchcinski.pl\/wydarzenia\/ponad-25-mld-euro-dla-polskich-rolnikow\/"},"wordCount":227,"commentCount":0,"publisher":{"@id":"https:\/\/marekkuchcinski.pl\/#organization"},"image":{"@id":"https:\/\/marekkuchcinski.pl\/wydarzenia\/ponad-25-mld-euro-dla-polskich-rolnikow\/#primaryimage"},"thumbnailUrl":"https:\/\/marekkuchcinski.pl\/wp-content\/uploads\/2023\/01\/zboze.jpg","articleSection":["Wydarzenia"],"inLanguage":"ro-RO","potentialAction":[{"@type":"CommentAction","name":"Comment","target":["https:\/\/marekkuchcinski.pl\/wydarzenia\/ponad-25-mld-euro-dla-polskich-rolnikow\/#respond"]}]},{"@type":"WebPage","@id":"https:\/\/marekkuchcinski.pl\/wydarzenia\/ponad-25-mld-euro-dla-polskich-rolnikow\/","url":"https:\/\/marekkuchcinski.pl\/wydarzenia\/ponad-25-mld-euro-dla-polskich-rolnikow\/","name":"Ponad 25 mld euro dla polskich rolnik\u00f3w &#8211; Marek Kuchci\u0144ski","isPartOf":{"@id":"https:\/\/marekkuchcinski.pl\/#website"},"primaryImageOfPage":{"@id":"https:\/\/marekkuchcinski.pl\/wydarzenia\/ponad-25-mld-euro-dla-polskich-rolnikow\/#primaryimage"},"image":{"@id":"https:\/\/marekkuchcinski.pl\/wydarzenia\/ponad-25-mld-euro-dla-polskich-rolnikow\/#primaryimage"},"thumbnailUrl":"https:\/\/marekkuchcinski.pl\/wp-content\/uploads\/2023\/01\/zboze.jpg","datePublished":"2023-01-13T19:19:41+00:00","dateModified":"2023-01-13T19:20:02+00:00","breadcrumb":{"@id":"https:\/\/marekkuchcinski.pl\/wydarzenia\/ponad-25-mld-euro-dla-polskich-rolnikow\/#breadcrumb"},"inLanguage":"ro-RO","potentialAction":[{"@type":"ReadAction","target":["https:\/\/marekkuchcinski.pl\/wydarzenia\/ponad-25-mld-euro-dla-polskich-rolnikow\/"]}]},{"@type":"ImageObject","inLanguage":"ro-RO","@id":"https:\/\/marekkuchcinski.pl\/wydarzenia\/ponad-25-mld-euro-dla-polskich-rolnikow\/#primaryimage","url":"https:\/\/marekkuchcinski.pl\/wp-content\/uploads\/2023\/01\/zboze.jpg","contentUrl":"https:\/\/marekkuchcinski.pl\/wp-content\/uploads\/2023\/01\/zboze.jpg","width":960,"height":668},{"@type":"BreadcrumbList","@id":"https:\/\/marekkuchcinski.pl\/wydarzenia\/ponad-25-mld-euro-dla-polskich-rolnikow\/#breadcrumb","itemListElement":[{"@type":"ListItem","position":1,"name":"Strona g\u0142\u00f3wna","item":"https:\/\/marekkuchcinski.pl\/"},{"@type":"ListItem","position":2,"name":"Ponad 25 mld euro dla polskich rolnik\u00f3w"}]},{"@type":"WebSite","@id":"https:\/\/marekkuchcinski.pl\/#website","url":"https:\/\/marekkuchcinski.pl\/","name":"Marek Kuchci\u0144ski","description":"Pose\u0142 na sejm RP &ndash; okr\u0119g nr 22","publisher":{"@id":"https:\/\/marekkuchcinski.pl\/#organization"},"potentialAction":[{"@type":"SearchAction","target":{"@type":"EntryPoint","urlTemplate":"https:\/\/marekkuchcinski.pl\/?s={search_term_string}"},"query-input":{"@type":"PropertyValueSpecification","valueRequired":true,"valueName":"search_term_string"}}],"inLanguage":"ro-RO"},{"@type":"Organization","@id":"https:\/\/marekkuchcinski.pl\/#organization","name":"Marek Kuchci\u0144ski","url":"https:\/\/marekkuchcinski.pl\/","logo":{"@type":"ImageObject","inLanguage":"ro-RO","@id":"https:\/\/marekkuchcinski.pl\/#\/schema\/logo\/image\/","url":"https:\/\/marekkuchcinski.pl\/wp-content\/uploads\/2022\/09\/Marek.jpg","contentUrl":"https:\/\/marekkuchcinski.pl\/wp-content\/uploads\/2022\/09\/Marek.jpg","width":1600,"height":971,"caption":"Marek Kuchci\u0144ski"},"image":{"@id":"https:\/\/marekkuchcinski.pl\/#\/schema\/logo\/image\/"}},{"@type":"Person","@id":"https:\/\/marekkuchcinski.pl\/#\/schema\/person\/51d5d4ee3b5317b8e4dd2b48af359229","name":"Marta Olejnik","image":{"@type":"ImageObject","inLanguage":"ro-RO","@id":"https:\/\/marekkuchcinski.pl\/#\/schema\/person\/image\/","url":"https:\/\/secure.gravatar.com\/avatar\/e39914b2aa6a48959e24d475b5dc9793?s=96&d=mm&r=g","contentUrl":"https:\/\/secure.gravatar.com\/avatar\/e39914b2aa6a48959e24d475b5dc9793?s=96&d=mm&r=g","caption":"Marta Olejnik"},"url":"https:\/\/marekkuchcinski.pl\/ro\/author\/marta\/"}]}},"_links":{"self":[{"href":"https:\/\/marekkuchcinski.pl\/ro\/wp-json\/wp\/v2\/posts\/27281","targetHints":{"allow":["GET"]}}],"collection":[{"href":"https:\/\/marekkuchcinski.pl\/ro\/wp-json\/wp\/v2\/posts"}],"about":[{"href":"https:\/\/marekkuchcinski.pl\/ro\/wp-json\/wp\/v2\/types\/post"}],"author":[{"embeddable":true,"href":"https:\/\/marekkuchcinski.pl\/ro\/wp-json\/wp\/v2\/users\/21"}],"replies":[{"embeddable":true,"href":"https:\/\/marekkuchcinski.pl\/ro\/wp-json\/wp\/v2\/comments?post=27281"}],"version-history":[{"count":2,"href":"https:\/\/marekkuchcinski.pl\/ro\/wp-json\/wp\/v2\/posts\/27281\/revisions"}],"predecessor-version":[{"id":27284,"href":"https:\/\/marekkuchcinski.pl\/ro\/wp-json\/wp\/v2\/posts\/27281\/revisions\/27284"}],"wp:featuredmedia":[{"embeddable":true,"href":"https:\/\/marekkuchcinski.pl\/ro\/wp-json\/wp\/v2\/media\/27282"}],"wp:attachment":[{"href":"https:\/\/marekkuchcinski.pl\/ro\/wp-json\/wp\/v2\/media?parent=27281"}],"wp:term":[{"taxonomy":"category","embeddable":true,"href":"https:\/\/marekkuchcinski.pl\/ro\/wp-json\/wp\/v2\/categories?post=27281"},{"taxonomy":"post_tag","embeddable":true,"href":"https:\/\/marekkuchcinski.pl\/ro\/wp-json\/wp\/v2\/tags?post=27281"}],"curies":[{"name":"wp","href":"https:\/\/api.w.org\/{rel}","templated":true}]}}