{"id":26820,"date":"2022-10-31T12:52:47","date_gmt":"2022-10-31T11:52:47","guid":{"rendered":"https:\/\/marekkuchcinski.pl\/?p=26820"},"modified":"2022-10-31T13:23:34","modified_gmt":"2022-10-31T12:23:34","slug":"przemyskie-towarzystwo-kulturalne-dzialania-na-rzecz-rozwoju-kultury-i-ochrony-przyrody","status":"publish","type":"post","link":"https:\/\/marekkuchcinski.pl\/ro\/wydarzenia\/przemyskie-towarzystwo-kulturalne-dzialania-na-rzecz-rozwoju-kultury-i-ochrony-przyrody\/","title":{"rendered":"Asocia\u021bia Cultural\u0103 Przemy\u015bl - activit\u0103\u021bi pentru dezvoltare, cultur\u0103 \u0219i conservarea naturii"},"content":{"rendered":"<p><strong>Duminic\u0103, 30 octombrie, membrii Societ\u0103\u021bii Culturale Przemy\u015bl s-au \u00eent\u00e2lnit \u00een noul sediu de pe Wybrze\u017ce Marsza\u0142ka J\u00f3zefa Pi\u0142sudskiego din Przemy\u015bl pentru a trece \u00een revist\u0103 activit\u0103\u021bile sale de p\u00e2n\u0103 acum, a schi\u021ba planurile de viitor \u0219i a alege un nou pre\u0219edinte, Dr. Jan Musia\u0142.<\/strong><\/p>\n\n\n\n<p>Originile PTK pot fi urm\u0103rite p\u00e2n\u0103 \u00een anii 1980 \u0219i \u00een activit\u0103\u021bile unei comunit\u0103\u021bi independente formate \u00een timpul Zilelor Culturii Cre\u0219tine, care a reunit oameni de cultur\u0103, \u0219tiin\u021b\u0103 \u0219i politic\u0103. Subiectele discu\u021biilor de atunci dep\u0103\u0219eau cu mult problemele mondene, ating\u00e2nd filozofia, arta, religia sau marea politic\u0103. De-a lungul a aproape 20 de ani, Societatea \u0219i-a dezvoltat activit\u0103\u021bile \u00een principal prin organizarea de expozi\u021bii, concerte, conferin\u021be na\u021bionale \u0219i interna\u021bionale, prelegeri, \u00eent\u00e2lniri cu autori \u0219i discu\u021bii cu personalit\u0103\u021bi eminente din Polonia \u0219i din str\u0103in\u0103tate. Atunci, ca \u0219i acum, sprijinim cultura, \u0219tiin\u021ba, cooperarea interna\u021bional\u0103, dezvoltarea regional\u0103, turismul, promov\u0103m specialit\u0103\u021bile locale, promov\u0103m bog\u0103\u021bia naturii \u0219i protec\u021bia acesteia.<\/p>\n\n\n\n<p>\u00cen spatele nostru se afl\u0103 cinci conferin\u021be excelente pe teme precum diversitatea biologic\u0103 \u0219i cultural\u0103 a Carpa\u021bilor, fitoterapie, personalit\u0103\u021bi ale Bisericii, comori geologice, iar \u00een fa\u021ba noastr\u0103 se afl\u0103 activit\u0103\u021bile cu Euroregiunea Carpatic\u0103, care, \u00eencep\u00e2nd cu noul an, planific\u0103 activit\u0103\u021bi legate de lansarea fondurilor europene \u0219i dezvoltarea cooper\u0103rii \u00eentre autorit\u0103\u021bile locale din zona de frontier\u0103. Zonele func\u021bionale transfrontaliere, poarta de acces la Przemysl, vor permite cooperarea \u00eentre Polonia \u0219i Ucraina \u0219i, prin urmare, realizarea de investi\u021bii care vor crea locuri de munc\u0103, cum ar fi construc\u021bia de drumuri.\u00a0<\/p>\n\n\n\n<p>Societatea colaboreaz\u0103, de asemenea, cu Cluburile interna\u021bionale ale Europei Carpatice, \u00eenfiin\u021bate la \u00eenceputul acestui an, care reune\u0219te politicieni, cercet\u0103tori, reprezentan\u021bi ai ONG-urilor din zona Europei Centrale \u0219i de Est. Domeniul tematic este divers, abord\u00e2nd nu numai probleme politice, sociale, domenii dificile precum securitatea, investi\u021biile, economia, dar \u0219i cultura \u00een sensul cel mai larg al cuv\u00e2ntului, p\u00e2n\u0103 la protec\u021bia mediului.<\/p>\n\n\n\n<p>De asemenea, este \u00een curs de preg\u0103tire un portal web, care este un fel de jurnal al oamenilor care lupt\u0103 pentru libertate \u00eempotriva regimului comunist, intitulat \"\u021aara \u0219i regiunea Przemysl 1967-1997 - activit\u0103\u021bi de opozi\u021bie \u0219i ini\u021biative civice\". \"Ziemia Przemyska i regiune 1967-1997 - activit\u0103\u021bi de opozi\u021bie \u0219i ini\u021biative civice\" (comemorarea activit\u0103\u021bilor mediului local independent din sud-estul Poloniei p\u00e2n\u0103 la sf\u00e2r\u0219itul secolului XX). Pe l\u00e2ng\u0103 memorii, cartea va con\u021bine materiale de arhiv\u0103, documente \u0219i fotografii referitoare la acei ani.<\/p>\n\n\n\n<p><strong>\u00centre lunile mai \u0219i noiembrie, PTK organizeaz\u0103 o serie de 7 sesiuni de popularizare a \u0219tiin\u021bei.<\/strong> <strong>\u00eendrept\u0103\u021bit. \"Evenimente \u0219i oameni din secolele al XIX-lea \u0219i al XX-lea - Przemy\u015bl, regiunea Przemysl \u0219i regiunea Podkarpacie \u00een perioada<\/strong> <strong>Europa Carpatic\u0103\".<\/strong><\/p>\n\n\n\n<p>La sesiuni au fost invita\u021bi s\u0103 participe profesori, istorici \u0219i personalit\u0103\u021bi - exper\u021bi \u00een domeniu at\u00e2t din Polonia, c\u00e2t \u0219i din str\u0103in\u0103tate. Conferin\u021bele sunt organizate \u00een cadrul proiectului \"Patronaj cultural\" \u0219i au fost cofinan\u021bate de Voievodatul Podkarpackie - Biroul Mare\u0219alului din Rzesz\u00f3w.<\/p>\n\n\n\n<p><strong>P\u00e2n\u0103 la 30 octombrie au avut loc cinci reuniuni:<\/strong><\/p>\n\n\n\n<p>- 13 mai 2022, Krasiczyn - Conferin\u021ba \"Europa Carpa\u021bilor\" - dou\u0103 paneluri care discut\u0103 despre diversitatea Carpa\u021bilor \u0219i despre migra\u021biile civiliza\u021bionale prin \u021b\u0103rile carpatice<\/p>\n\n\n\n<p>- 3 iulie 2022, Cisowa - dou\u0103 sesiuni dedicate patrimoniului cultural \u0219i natural \u0219i imaginilor Carpa\u021bilor \u00een operele unor personalit\u0103\u021bi eminente (co-organizator - Departamentul de fiziografie \u0219i Arboretum Bolestraszyce, director Narcyz Pi\u00f3recki).<\/p>\n\n\n\n<p>- 30 iulie 2022, Kalwaria Pac\u0142awska - o \u00eent\u00e2lnire dedicat\u0103 personalit\u0103\u021bilor marcante ale Bisericii.<\/p>\n\n\n\n<p>- 17 septembrie 2022 , Myczkowce - sesiune despre bog\u0103\u021bia geologic\u0103 a Carpa\u021bilor, medicina natural\u0103 \u0219i fitoterapie.<\/p>\n\n\n\n<p>- 23 octombrie 2022, Muczne - \u00eent\u00e2lnire privind Conven\u021bia Carpatic\u0103, turismul montan, deschiderea punctului de trecere a frontierei din Wo\u0142osat (co-organizator - Bieszczady starost Marek Andruch).<\/p>\n\n\n\n<p>Proiectul este realizat \u00een cadrul concursului \"Patriotismul de m\u00e2ine\", finan\u021bat de Muzeul de Istorie Polonez\u0103 din Var\u0219ovia.<\/p>\n\n\n\n<figure class=\"wp-block-image size-large\"><a href=\"https:\/\/marekkuchcinski.pl\/wp-content\/uploads\/2022\/10\/312394067_527703249175570_6497157673933504624_n.jpg\"><img fetchpriority=\"high\" decoding=\"async\" width=\"1024\" height=\"645\" src=\"https:\/\/marekkuchcinski.pl\/wp-content\/uploads\/2022\/10\/312394067_527703249175570_6497157673933504624_n-1024x645.jpg\" alt=\"\" class=\"wp-image-26823\" srcset=\"https:\/\/marekkuchcinski.pl\/wp-content\/uploads\/2022\/10\/312394067_527703249175570_6497157673933504624_n-1024x645.jpg 1024w, https:\/\/marekkuchcinski.pl\/wp-content\/uploads\/2022\/10\/312394067_527703249175570_6497157673933504624_n-300x189.jpg 300w, https:\/\/marekkuchcinski.pl\/wp-content\/uploads\/2022\/10\/312394067_527703249175570_6497157673933504624_n-768x484.jpg 768w, https:\/\/marekkuchcinski.pl\/wp-content\/uploads\/2022\/10\/312394067_527703249175570_6497157673933504624_n-1536x967.jpg 1536w, https:\/\/marekkuchcinski.pl\/wp-content\/uploads\/2022\/10\/312394067_527703249175570_6497157673933504624_n-18x12.jpg 18w, https:\/\/marekkuchcinski.pl\/wp-content\/uploads\/2022\/10\/312394067_527703249175570_6497157673933504624_n.jpg 1726w\" sizes=\"(max-width: 1024px) 100vw, 1024px\" \/><\/a><\/figure>\n\n\n\n<figure class=\"wp-block-image size-large\"><a href=\"https:\/\/marekkuchcinski.pl\/wp-content\/uploads\/2022\/10\/312603602_527703325842229_3213401330243488550_n.jpg\"><img decoding=\"async\" width=\"1024\" height=\"581\" src=\"https:\/\/marekkuchcinski.pl\/wp-content\/uploads\/2022\/10\/312603602_527703325842229_3213401330243488550_n-1024x581.jpg\" alt=\"\" class=\"wp-image-26824\" srcset=\"https:\/\/marekkuchcinski.pl\/wp-content\/uploads\/2022\/10\/312603602_527703325842229_3213401330243488550_n-1024x581.jpg 1024w, https:\/\/marekkuchcinski.pl\/wp-content\/uploads\/2022\/10\/312603602_527703325842229_3213401330243488550_n-300x170.jpg 300w, https:\/\/marekkuchcinski.pl\/wp-content\/uploads\/2022\/10\/312603602_527703325842229_3213401330243488550_n-768x436.jpg 768w, https:\/\/marekkuchcinski.pl\/wp-content\/uploads\/2022\/10\/312603602_527703325842229_3213401330243488550_n-1536x872.jpg 1536w, https:\/\/marekkuchcinski.pl\/wp-content\/uploads\/2022\/10\/312603602_527703325842229_3213401330243488550_n-18x10.jpg 18w, https:\/\/marekkuchcinski.pl\/wp-content\/uploads\/2022\/10\/312603602_527703325842229_3213401330243488550_n.jpg 1600w\" sizes=\"(max-width: 1024px) 100vw, 1024px\" \/><\/a><\/figure>\n\n\n\n<figure class=\"wp-block-image size-large\"><a href=\"https:\/\/marekkuchcinski.pl\/wp-content\/uploads\/2022\/10\/312896556_527703345842227_1088714149107092004_n.jpg\"><img decoding=\"async\" width=\"1024\" height=\"576\" src=\"https:\/\/marekkuchcinski.pl\/wp-content\/uploads\/2022\/10\/312896556_527703345842227_1088714149107092004_n-1024x576.jpg\" alt=\"\" class=\"wp-image-26825\" srcset=\"https:\/\/marekkuchcinski.pl\/wp-content\/uploads\/2022\/10\/312896556_527703345842227_1088714149107092004_n-1024x576.jpg 1024w, https:\/\/marekkuchcinski.pl\/wp-content\/uploads\/2022\/10\/312896556_527703345842227_1088714149107092004_n-300x169.jpg 300w, https:\/\/marekkuchcinski.pl\/wp-content\/uploads\/2022\/10\/312896556_527703345842227_1088714149107092004_n-768x432.jpg 768w, https:\/\/marekkuchcinski.pl\/wp-content\/uploads\/2022\/10\/312896556_527703345842227_1088714149107092004_n-1536x864.jpg 1536w, https:\/\/marekkuchcinski.pl\/wp-content\/uploads\/2022\/10\/312896556_527703345842227_1088714149107092004_n-18x10.jpg 18w, https:\/\/marekkuchcinski.pl\/wp-content\/uploads\/2022\/10\/312896556_527703345842227_1088714149107092004_n.jpg 1600w\" sizes=\"(max-width: 1024px) 100vw, 1024px\" \/><\/a><\/figure>\n\n\n\n<figure class=\"wp-block-image size-full\"><a href=\"https:\/\/marekkuchcinski.pl\/wp-content\/uploads\/2022\/10\/313175104_527703042508924_5127385393334048956_n.jpg\"><img loading=\"lazy\" decoding=\"async\" width=\"960\" height=\"623\" src=\"https:\/\/marekkuchcinski.pl\/wp-content\/uploads\/2022\/10\/313175104_527703042508924_5127385393334048956_n.jpg\" alt=\"\" class=\"wp-image-26826\" srcset=\"https:\/\/marekkuchcinski.pl\/wp-content\/uploads\/2022\/10\/313175104_527703042508924_5127385393334048956_n.jpg 960w, https:\/\/marekkuchcinski.pl\/wp-content\/uploads\/2022\/10\/313175104_527703042508924_5127385393334048956_n-300x195.jpg 300w, https:\/\/marekkuchcinski.pl\/wp-content\/uploads\/2022\/10\/313175104_527703042508924_5127385393334048956_n-768x498.jpg 768w, https:\/\/marekkuchcinski.pl\/wp-content\/uploads\/2022\/10\/313175104_527703042508924_5127385393334048956_n-18x12.jpg 18w\" sizes=\"(max-width: 960px) 100vw, 960px\" \/><\/a><\/figure>","protected":false},"excerpt":{"rendered":"<p>W niedziel\u0119 30 pa\u017adziernika w nowym lokalu \u00a0\u2013 przy Wybrze\u017cu Marsza\u0142ka J\u00f3zefa Pi\u0142sudskiego w Przemy\u015blu \u2013 spotkali si\u0119 cz\u0142onkowie Przemyskiego Towarzystwa Kulturalnego, by podsumowa\u0107 dotychczasow\u0105 dzia\u0142alno\u015b\u0107, nakre\u015bli\u0107 plany na przysz\u0142o\u015b\u0107 i wybra\u0107 nowego prezesa, kt\u00f3rym zosta\u0142 dr Jan Musia\u0142. Pocz\u0105tki PTK si\u0119gaj\u0105 lat 80. i dzia\u0142alno\u015bci niezale\u017cnego \u015brodowiska utworzonego podczas Dni Kultury Chrze\u015bcija\u0144skiej, skupiaj\u0105cego ludzi [&hellip;]<\/p>","protected":false},"author":21,"featured_media":26823,"comment_status":"open","ping_status":"open","sticky":false,"template":"","format":"standard","meta":{"ngg_post_thumbnail":0,"footnotes":""},"categories":[49,3],"tags":[],"class_list":["post-26820","post","type-post","status-publish","format-standard","has-post-thumbnail","hentry","category-podkarpacie","category-wydarzenia"],"yoast_head":"<!-- This site is optimized with the Yoast SEO plugin v24.7 - https:\/\/yoast.com\/wordpress\/plugins\/seo\/ -->\n<title>Przemyskie Towarzystwo Kulturalne \u2013 dzia\u0142ania na rzecz rozwoju, kultury i ochrony przyrody &#8211; Marek Kuchci\u0144ski<\/title>\n<meta name=\"robots\" content=\"index, follow, max-snippet:-1, max-image-preview:large, max-video-preview:-1\" \/>\n<link rel=\"canonical\" href=\"https:\/\/marekkuchcinski.pl\/ro\/wydarzenia\/przemyskie-towarzystwo-kulturalne-dzialania-na-rzecz-rozwoju-kultury-i-ochrony-przyrody\/\" \/>\n<meta property=\"og:locale\" content=\"ro_RO\" \/>\n<meta property=\"og:type\" content=\"article\" \/>\n<meta property=\"og:title\" content=\"Przemyskie Towarzystwo Kulturalne \u2013 dzia\u0142ania na rzecz rozwoju, kultury i ochrony przyrody &#8211; Marek Kuchci\u0144ski\" \/>\n<meta property=\"og:description\" content=\"W niedziel\u0119 30 pa\u017adziernika w nowym lokalu \u00a0\u2013 przy Wybrze\u017cu Marsza\u0142ka J\u00f3zefa Pi\u0142sudskiego w Przemy\u015blu \u2013 spotkali si\u0119 cz\u0142onkowie Przemyskiego Towarzystwa Kulturalnego, by podsumowa\u0107 dotychczasow\u0105 dzia\u0142alno\u015b\u0107, nakre\u015bli\u0107 plany na przysz\u0142o\u015b\u0107 i wybra\u0107 nowego prezesa, kt\u00f3rym zosta\u0142 dr Jan Musia\u0142. Pocz\u0105tki PTK si\u0119gaj\u0105 lat 80. i dzia\u0142alno\u015bci niezale\u017cnego \u015brodowiska utworzonego podczas Dni Kultury Chrze\u015bcija\u0144skiej, skupiaj\u0105cego ludzi [&hellip;]\" \/>\n<meta property=\"og:url\" content=\"https:\/\/marekkuchcinski.pl\/ro\/wydarzenia\/przemyskie-towarzystwo-kulturalne-dzialania-na-rzecz-rozwoju-kultury-i-ochrony-przyrody\/\" \/>\n<meta property=\"og:site_name\" content=\"Marek Kuchci\u0144ski\" \/>\n<meta property=\"article:published_time\" content=\"2022-10-31T11:52:47+00:00\" \/>\n<meta property=\"article:modified_time\" content=\"2022-10-31T12:23:34+00:00\" \/>\n<meta property=\"og:image\" content=\"https:\/\/marekkuchcinski.pl\/wp-content\/uploads\/2022\/10\/312394067_527703249175570_6497157673933504624_n.jpg\" \/>\n\t<meta property=\"og:image:width\" content=\"1726\" \/>\n\t<meta property=\"og:image:height\" content=\"1087\" \/>\n\t<meta property=\"og:image:type\" content=\"image\/jpeg\" \/>\n<meta name=\"author\" content=\"Marta Olejnik\" \/>\n<meta name=\"twitter:card\" content=\"summary_large_image\" \/>\n<meta name=\"twitter:label1\" content=\"Scris de\" \/>\n\t<meta name=\"twitter:data1\" content=\"Marta Olejnik\" \/>\n\t<meta name=\"twitter:label2\" content=\"Timp estimat pentru citire\" \/>\n\t<meta name=\"twitter:data2\" content=\"3 minutes\" \/>\n<script type=\"application\/ld+json\" class=\"yoast-schema-graph\">{\"@context\":\"https:\/\/schema.org\",\"@graph\":[{\"@type\":\"Article\",\"@id\":\"https:\/\/marekkuchcinski.pl\/wydarzenia\/przemyskie-towarzystwo-kulturalne-dzialania-na-rzecz-rozwoju-kultury-i-ochrony-przyrody\/#article\",\"isPartOf\":{\"@id\":\"https:\/\/marekkuchcinski.pl\/wydarzenia\/przemyskie-towarzystwo-kulturalne-dzialania-na-rzecz-rozwoju-kultury-i-ochrony-przyrody\/\"},\"author\":{\"name\":\"Marta Olejnik\",\"@id\":\"https:\/\/marekkuchcinski.pl\/#\/schema\/person\/51d5d4ee3b5317b8e4dd2b48af359229\"},\"headline\":\"Przemyskie Towarzystwo Kulturalne \u2013 dzia\u0142ania na rzecz rozwoju, kultury i ochrony przyrody\",\"datePublished\":\"2022-10-31T11:52:47+00:00\",\"dateModified\":\"2022-10-31T12:23:34+00:00\",\"mainEntityOfPage\":{\"@id\":\"https:\/\/marekkuchcinski.pl\/wydarzenia\/przemyskie-towarzystwo-kulturalne-dzialania-na-rzecz-rozwoju-kultury-i-ochrony-przyrody\/\"},\"wordCount\":592,\"commentCount\":0,\"publisher\":{\"@id\":\"https:\/\/marekkuchcinski.pl\/#organization\"},\"image\":{\"@id\":\"https:\/\/marekkuchcinski.pl\/wydarzenia\/przemyskie-towarzystwo-kulturalne-dzialania-na-rzecz-rozwoju-kultury-i-ochrony-przyrody\/#primaryimage\"},\"thumbnailUrl\":\"https:\/\/marekkuchcinski.pl\/wp-content\/uploads\/2022\/10\/312394067_527703249175570_6497157673933504624_n.jpg\",\"articleSection\":[\"Podkarpacie\",\"Wydarzenia\"],\"inLanguage\":\"ro-RO\",\"potentialAction\":[{\"@type\":\"CommentAction\",\"name\":\"Comment\",\"target\":[\"https:\/\/marekkuchcinski.pl\/wydarzenia\/przemyskie-towarzystwo-kulturalne-dzialania-na-rzecz-rozwoju-kultury-i-ochrony-przyrody\/#respond\"]}]},{\"@type\":\"WebPage\",\"@id\":\"https:\/\/marekkuchcinski.pl\/wydarzenia\/przemyskie-towarzystwo-kulturalne-dzialania-na-rzecz-rozwoju-kultury-i-ochrony-przyrody\/\",\"url\":\"https:\/\/marekkuchcinski.pl\/wydarzenia\/przemyskie-towarzystwo-kulturalne-dzialania-na-rzecz-rozwoju-kultury-i-ochrony-przyrody\/\",\"name\":\"Przemyskie Towarzystwo Kulturalne \u2013 dzia\u0142ania na rzecz rozwoju, kultury i ochrony przyrody &#8211; Marek Kuchci\u0144ski\",\"isPartOf\":{\"@id\":\"https:\/\/marekkuchcinski.pl\/#website\"},\"primaryImageOfPage\":{\"@id\":\"https:\/\/marekkuchcinski.pl\/wydarzenia\/przemyskie-towarzystwo-kulturalne-dzialania-na-rzecz-rozwoju-kultury-i-ochrony-przyrody\/#primaryimage\"},\"image\":{\"@id\":\"https:\/\/marekkuchcinski.pl\/wydarzenia\/przemyskie-towarzystwo-kulturalne-dzialania-na-rzecz-rozwoju-kultury-i-ochrony-przyrody\/#primaryimage\"},\"thumbnailUrl\":\"https:\/\/marekkuchcinski.pl\/wp-content\/uploads\/2022\/10\/312394067_527703249175570_6497157673933504624_n.jpg\",\"datePublished\":\"2022-10-31T11:52:47+00:00\",\"dateModified\":\"2022-10-31T12:23:34+00:00\",\"breadcrumb\":{\"@id\":\"https:\/\/marekkuchcinski.pl\/wydarzenia\/przemyskie-towarzystwo-kulturalne-dzialania-na-rzecz-rozwoju-kultury-i-ochrony-przyrody\/#breadcrumb\"},\"inLanguage\":\"ro-RO\",\"potentialAction\":[{\"@type\":\"ReadAction\",\"target\":[\"https:\/\/marekkuchcinski.pl\/wydarzenia\/przemyskie-towarzystwo-kulturalne-dzialania-na-rzecz-rozwoju-kultury-i-ochrony-przyrody\/\"]}]},{\"@type\":\"ImageObject\",\"inLanguage\":\"ro-RO\",\"@id\":\"https:\/\/marekkuchcinski.pl\/wydarzenia\/przemyskie-towarzystwo-kulturalne-dzialania-na-rzecz-rozwoju-kultury-i-ochrony-przyrody\/#primaryimage\",\"url\":\"https:\/\/marekkuchcinski.pl\/wp-content\/uploads\/2022\/10\/312394067_527703249175570_6497157673933504624_n.jpg\",\"contentUrl\":\"https:\/\/marekkuchcinski.pl\/wp-content\/uploads\/2022\/10\/312394067_527703249175570_6497157673933504624_n.jpg\",\"width\":1726,\"height\":1087},{\"@type\":\"BreadcrumbList\",\"@id\":\"https:\/\/marekkuchcinski.pl\/wydarzenia\/przemyskie-towarzystwo-kulturalne-dzialania-na-rzecz-rozwoju-kultury-i-ochrony-przyrody\/#breadcrumb\",\"itemListElement\":[{\"@type\":\"ListItem\",\"position\":1,\"name\":\"Strona g\u0142\u00f3wna\",\"item\":\"https:\/\/marekkuchcinski.pl\/\"},{\"@type\":\"ListItem\",\"position\":2,\"name\":\"Przemyskie Towarzystwo Kulturalne \u2013 dzia\u0142ania na rzecz rozwoju, kultury i ochrony przyrody\"}]},{\"@type\":\"WebSite\",\"@id\":\"https:\/\/marekkuchcinski.pl\/#website\",\"url\":\"https:\/\/marekkuchcinski.pl\/\",\"name\":\"Marek Kuchci\u0144ski\",\"description\":\"Pose\u0142 na sejm RP &ndash; okr\u0119g nr 22\",\"publisher\":{\"@id\":\"https:\/\/marekkuchcinski.pl\/#organization\"},\"potentialAction\":[{\"@type\":\"SearchAction\",\"target\":{\"@type\":\"EntryPoint\",\"urlTemplate\":\"https:\/\/marekkuchcinski.pl\/?s={search_term_string}\"},\"query-input\":{\"@type\":\"PropertyValueSpecification\",\"valueRequired\":true,\"valueName\":\"search_term_string\"}}],\"inLanguage\":\"ro-RO\"},{\"@type\":\"Organization\",\"@id\":\"https:\/\/marekkuchcinski.pl\/#organization\",\"name\":\"Marek Kuchci\u0144ski\",\"url\":\"https:\/\/marekkuchcinski.pl\/\",\"logo\":{\"@type\":\"ImageObject\",\"inLanguage\":\"ro-RO\",\"@id\":\"https:\/\/marekkuchcinski.pl\/#\/schema\/logo\/image\/\",\"url\":\"https:\/\/marekkuchcinski.pl\/wp-content\/uploads\/2022\/09\/Marek.jpg\",\"contentUrl\":\"https:\/\/marekkuchcinski.pl\/wp-content\/uploads\/2022\/09\/Marek.jpg\",\"width\":1600,\"height\":971,\"caption\":\"Marek Kuchci\u0144ski\"},\"image\":{\"@id\":\"https:\/\/marekkuchcinski.pl\/#\/schema\/logo\/image\/\"}},{\"@type\":\"Person\",\"@id\":\"https:\/\/marekkuchcinski.pl\/#\/schema\/person\/51d5d4ee3b5317b8e4dd2b48af359229\",\"name\":\"Marta Olejnik\",\"image\":{\"@type\":\"ImageObject\",\"inLanguage\":\"ro-RO\",\"@id\":\"https:\/\/marekkuchcinski.pl\/#\/schema\/person\/image\/\",\"url\":\"https:\/\/secure.gravatar.com\/avatar\/e39914b2aa6a48959e24d475b5dc9793?s=96&d=mm&r=g\",\"contentUrl\":\"https:\/\/secure.gravatar.com\/avatar\/e39914b2aa6a48959e24d475b5dc9793?s=96&d=mm&r=g\",\"caption\":\"Marta Olejnik\"},\"url\":\"https:\/\/marekkuchcinski.pl\/ro\/author\/marta\/\"}]}<\/script>\n<!-- \/ Yoast SEO plugin. -->","yoast_head_json":{"title":"Przemyskie Towarzystwo Kulturalne \u2013 dzia\u0142ania na rzecz rozwoju, kultury i ochrony przyrody &#8211; Marek Kuchci\u0144ski","robots":{"index":"index","follow":"follow","max-snippet":"max-snippet:-1","max-image-preview":"max-image-preview:large","max-video-preview":"max-video-preview:-1"},"canonical":"https:\/\/marekkuchcinski.pl\/ro\/wydarzenia\/przemyskie-towarzystwo-kulturalne-dzialania-na-rzecz-rozwoju-kultury-i-ochrony-przyrody\/","og_locale":"ro_RO","og_type":"article","og_title":"Przemyskie Towarzystwo Kulturalne \u2013 dzia\u0142ania na rzecz rozwoju, kultury i ochrony przyrody &#8211; Marek Kuchci\u0144ski","og_description":"W niedziel\u0119 30 pa\u017adziernika w nowym lokalu \u00a0\u2013 przy Wybrze\u017cu Marsza\u0142ka J\u00f3zefa Pi\u0142sudskiego w Przemy\u015blu \u2013 spotkali si\u0119 cz\u0142onkowie Przemyskiego Towarzystwa Kulturalnego, by podsumowa\u0107 dotychczasow\u0105 dzia\u0142alno\u015b\u0107, nakre\u015bli\u0107 plany na przysz\u0142o\u015b\u0107 i wybra\u0107 nowego prezesa, kt\u00f3rym zosta\u0142 dr Jan Musia\u0142. Pocz\u0105tki PTK si\u0119gaj\u0105 lat 80. i dzia\u0142alno\u015bci niezale\u017cnego \u015brodowiska utworzonego podczas Dni Kultury Chrze\u015bcija\u0144skiej, skupiaj\u0105cego ludzi [&hellip;]","og_url":"https:\/\/marekkuchcinski.pl\/ro\/wydarzenia\/przemyskie-towarzystwo-kulturalne-dzialania-na-rzecz-rozwoju-kultury-i-ochrony-przyrody\/","og_site_name":"Marek Kuchci\u0144ski","article_published_time":"2022-10-31T11:52:47+00:00","article_modified_time":"2022-10-31T12:23:34+00:00","og_image":[{"width":1726,"height":1087,"url":"https:\/\/marekkuchcinski.pl\/wp-content\/uploads\/2022\/10\/312394067_527703249175570_6497157673933504624_n.jpg","type":"image\/jpeg"}],"author":"Marta Olejnik","twitter_card":"summary_large_image","twitter_misc":{"Scris de":"Marta Olejnik","Timp estimat pentru citire":"3 minutes"},"schema":{"@context":"https:\/\/schema.org","@graph":[{"@type":"Article","@id":"https:\/\/marekkuchcinski.pl\/wydarzenia\/przemyskie-towarzystwo-kulturalne-dzialania-na-rzecz-rozwoju-kultury-i-ochrony-przyrody\/#article","isPartOf":{"@id":"https:\/\/marekkuchcinski.pl\/wydarzenia\/przemyskie-towarzystwo-kulturalne-dzialania-na-rzecz-rozwoju-kultury-i-ochrony-przyrody\/"},"author":{"name":"Marta Olejnik","@id":"https:\/\/marekkuchcinski.pl\/#\/schema\/person\/51d5d4ee3b5317b8e4dd2b48af359229"},"headline":"Przemyskie Towarzystwo Kulturalne \u2013 dzia\u0142ania na rzecz rozwoju, kultury i ochrony przyrody","datePublished":"2022-10-31T11:52:47+00:00","dateModified":"2022-10-31T12:23:34+00:00","mainEntityOfPage":{"@id":"https:\/\/marekkuchcinski.pl\/wydarzenia\/przemyskie-towarzystwo-kulturalne-dzialania-na-rzecz-rozwoju-kultury-i-ochrony-przyrody\/"},"wordCount":592,"commentCount":0,"publisher":{"@id":"https:\/\/marekkuchcinski.pl\/#organization"},"image":{"@id":"https:\/\/marekkuchcinski.pl\/wydarzenia\/przemyskie-towarzystwo-kulturalne-dzialania-na-rzecz-rozwoju-kultury-i-ochrony-przyrody\/#primaryimage"},"thumbnailUrl":"https:\/\/marekkuchcinski.pl\/wp-content\/uploads\/2022\/10\/312394067_527703249175570_6497157673933504624_n.jpg","articleSection":["Podkarpacie","Wydarzenia"],"inLanguage":"ro-RO","potentialAction":[{"@type":"CommentAction","name":"Comment","target":["https:\/\/marekkuchcinski.pl\/wydarzenia\/przemyskie-towarzystwo-kulturalne-dzialania-na-rzecz-rozwoju-kultury-i-ochrony-przyrody\/#respond"]}]},{"@type":"WebPage","@id":"https:\/\/marekkuchcinski.pl\/wydarzenia\/przemyskie-towarzystwo-kulturalne-dzialania-na-rzecz-rozwoju-kultury-i-ochrony-przyrody\/","url":"https:\/\/marekkuchcinski.pl\/wydarzenia\/przemyskie-towarzystwo-kulturalne-dzialania-na-rzecz-rozwoju-kultury-i-ochrony-przyrody\/","name":"Przemyskie Towarzystwo Kulturalne \u2013 dzia\u0142ania na rzecz rozwoju, kultury i ochrony przyrody &#8211; Marek Kuchci\u0144ski","isPartOf":{"@id":"https:\/\/marekkuchcinski.pl\/#website"},"primaryImageOfPage":{"@id":"https:\/\/marekkuchcinski.pl\/wydarzenia\/przemyskie-towarzystwo-kulturalne-dzialania-na-rzecz-rozwoju-kultury-i-ochrony-przyrody\/#primaryimage"},"image":{"@id":"https:\/\/marekkuchcinski.pl\/wydarzenia\/przemyskie-towarzystwo-kulturalne-dzialania-na-rzecz-rozwoju-kultury-i-ochrony-przyrody\/#primaryimage"},"thumbnailUrl":"https:\/\/marekkuchcinski.pl\/wp-content\/uploads\/2022\/10\/312394067_527703249175570_6497157673933504624_n.jpg","datePublished":"2022-10-31T11:52:47+00:00","dateModified":"2022-10-31T12:23:34+00:00","breadcrumb":{"@id":"https:\/\/marekkuchcinski.pl\/wydarzenia\/przemyskie-towarzystwo-kulturalne-dzialania-na-rzecz-rozwoju-kultury-i-ochrony-przyrody\/#breadcrumb"},"inLanguage":"ro-RO","potentialAction":[{"@type":"ReadAction","target":["https:\/\/marekkuchcinski.pl\/wydarzenia\/przemyskie-towarzystwo-kulturalne-dzialania-na-rzecz-rozwoju-kultury-i-ochrony-przyrody\/"]}]},{"@type":"ImageObject","inLanguage":"ro-RO","@id":"https:\/\/marekkuchcinski.pl\/wydarzenia\/przemyskie-towarzystwo-kulturalne-dzialania-na-rzecz-rozwoju-kultury-i-ochrony-przyrody\/#primaryimage","url":"https:\/\/marekkuchcinski.pl\/wp-content\/uploads\/2022\/10\/312394067_527703249175570_6497157673933504624_n.jpg","contentUrl":"https:\/\/marekkuchcinski.pl\/wp-content\/uploads\/2022\/10\/312394067_527703249175570_6497157673933504624_n.jpg","width":1726,"height":1087},{"@type":"BreadcrumbList","@id":"https:\/\/marekkuchcinski.pl\/wydarzenia\/przemyskie-towarzystwo-kulturalne-dzialania-na-rzecz-rozwoju-kultury-i-ochrony-przyrody\/#breadcrumb","itemListElement":[{"@type":"ListItem","position":1,"name":"Strona g\u0142\u00f3wna","item":"https:\/\/marekkuchcinski.pl\/"},{"@type":"ListItem","position":2,"name":"Przemyskie Towarzystwo Kulturalne \u2013 dzia\u0142ania na rzecz rozwoju, kultury i ochrony przyrody"}]},{"@type":"WebSite","@id":"https:\/\/marekkuchcinski.pl\/#website","url":"https:\/\/marekkuchcinski.pl\/","name":"Marek Kuchci\u0144ski","description":"Pose\u0142 na sejm RP &ndash; okr\u0119g nr 22","publisher":{"@id":"https:\/\/marekkuchcinski.pl\/#organization"},"potentialAction":[{"@type":"SearchAction","target":{"@type":"EntryPoint","urlTemplate":"https:\/\/marekkuchcinski.pl\/?s={search_term_string}"},"query-input":{"@type":"PropertyValueSpecification","valueRequired":true,"valueName":"search_term_string"}}],"inLanguage":"ro-RO"},{"@type":"Organization","@id":"https:\/\/marekkuchcinski.pl\/#organization","name":"Marek Kuchci\u0144ski","url":"https:\/\/marekkuchcinski.pl\/","logo":{"@type":"ImageObject","inLanguage":"ro-RO","@id":"https:\/\/marekkuchcinski.pl\/#\/schema\/logo\/image\/","url":"https:\/\/marekkuchcinski.pl\/wp-content\/uploads\/2022\/09\/Marek.jpg","contentUrl":"https:\/\/marekkuchcinski.pl\/wp-content\/uploads\/2022\/09\/Marek.jpg","width":1600,"height":971,"caption":"Marek Kuchci\u0144ski"},"image":{"@id":"https:\/\/marekkuchcinski.pl\/#\/schema\/logo\/image\/"}},{"@type":"Person","@id":"https:\/\/marekkuchcinski.pl\/#\/schema\/person\/51d5d4ee3b5317b8e4dd2b48af359229","name":"Marta Olejnik","image":{"@type":"ImageObject","inLanguage":"ro-RO","@id":"https:\/\/marekkuchcinski.pl\/#\/schema\/person\/image\/","url":"https:\/\/secure.gravatar.com\/avatar\/e39914b2aa6a48959e24d475b5dc9793?s=96&d=mm&r=g","contentUrl":"https:\/\/secure.gravatar.com\/avatar\/e39914b2aa6a48959e24d475b5dc9793?s=96&d=mm&r=g","caption":"Marta Olejnik"},"url":"https:\/\/marekkuchcinski.pl\/ro\/author\/marta\/"}]}},"_links":{"self":[{"href":"https:\/\/marekkuchcinski.pl\/ro\/wp-json\/wp\/v2\/posts\/26820","targetHints":{"allow":["GET"]}}],"collection":[{"href":"https:\/\/marekkuchcinski.pl\/ro\/wp-json\/wp\/v2\/posts"}],"about":[{"href":"https:\/\/marekkuchcinski.pl\/ro\/wp-json\/wp\/v2\/types\/post"}],"author":[{"embeddable":true,"href":"https:\/\/marekkuchcinski.pl\/ro\/wp-json\/wp\/v2\/users\/21"}],"replies":[{"embeddable":true,"href":"https:\/\/marekkuchcinski.pl\/ro\/wp-json\/wp\/v2\/comments?post=26820"}],"version-history":[{"count":8,"href":"https:\/\/marekkuchcinski.pl\/ro\/wp-json\/wp\/v2\/posts\/26820\/revisions"}],"predecessor-version":[{"id":26836,"href":"https:\/\/marekkuchcinski.pl\/ro\/wp-json\/wp\/v2\/posts\/26820\/revisions\/26836"}],"wp:featuredmedia":[{"embeddable":true,"href":"https:\/\/marekkuchcinski.pl\/ro\/wp-json\/wp\/v2\/media\/26823"}],"wp:attachment":[{"href":"https:\/\/marekkuchcinski.pl\/ro\/wp-json\/wp\/v2\/media?parent=26820"}],"wp:term":[{"taxonomy":"category","embeddable":true,"href":"https:\/\/marekkuchcinski.pl\/ro\/wp-json\/wp\/v2\/categories?post=26820"},{"taxonomy":"post_tag","embeddable":true,"href":"https:\/\/marekkuchcinski.pl\/ro\/wp-json\/wp\/v2\/tags?post=26820"}],"curies":[{"name":"wp","href":"https:\/\/api.w.org\/{rel}","templated":true}]}}