{"id":26619,"date":"2022-10-11T11:52:23","date_gmt":"2022-10-11T09:52:23","guid":{"rendered":"https:\/\/marekkuchcinski.pl\/?p=26619"},"modified":"2022-10-11T15:07:09","modified_gmt":"2022-10-11T13:07:09","slug":"oswiadczenie-posla-na-sejm-rp-marka-kuchcinskiego","status":"publish","type":"post","link":"https:\/\/marekkuchcinski.pl\/ro\/wydarzenia\/oswiadczenie-posla-na-sejm-rp-marka-kuchcinskiego\/","title":{"rendered":"Declara\u021bia lui Marek Kuchci\u0144ski, membru al Parlamentului polonez"},"content":{"rendered":"<p>\u00cen ultimii trei ani, con\u021binutul def\u0103im\u0103tor a ap\u0103rut \u00een mass-media (NIE articole s\u0103pt\u0103m\u00e2nale, tweet-uri \u0219i altele). Ei insinueaz\u0103 c\u0103 am avut un comportament extrem de reprobabil, indecent sau chiar criminal. Av\u00e2nd \u00een vedere faptul binecunoscut c\u0103 \u00een cur\u00e2nd voi fi numit \u0219ef al Cancelariei Primului Ministru, m\u0103 v\u0103d nevoit s\u0103 r\u0103spund la aceste afirma\u021bii def\u0103im\u0103toare.<\/p>\n\n\n\n<p>Afirm categoric c\u0103 insinu\u0103rile care sugereaz\u0103 orice leg\u0103tur\u0103 a mea<br>cu un comportament indecent sau cu infrac\u021biuni sunt false. Am \u00eentreprins ac\u021biunile legale civile \u0219i penale corespunz\u0103toare \u00eempotriva persoanelor sau entit\u0103\u021bilor (cum ar fi editorii de ziare) care au repetat aceste insulte. Din p\u0103cate, aceste proceduri sunt \u00eenc\u0103 neterminate p\u00e2n\u0103 \u00een prezent.<\/p>\n\n\n\n<p>\u00cen mai 2019, un grup de parlamentari PO a avut o \u00eent\u00e2lnire de profil cu caracter privat cu fostul ofi\u021ber CBA Wojciech J., care a declarat c\u0103 pe o \u00eenregistrare care i-a fost prezentat\u0103 de cineva a \"recunoscut\" persoana mea \u00eentr-o situa\u021bie indecent\u0103<br>\u0219i penal. Parlamentarii PO \u0219i presa de opozi\u021bie au numit \u00een mod \u00een\u0219el\u0103tor aceast\u0103 \u00eent\u00e2lnire \"m\u0103rturie \u00een fa\u021ba comisiei de anchet\u0103\", \u00een timp ce persoana care a dat aceast\u0103 \"m\u0103rturie\" nu a f\u0103cut-o sub sanc\u021biunea r\u0103spunderii penale pentru m\u0103rturie mincinoas\u0103.<\/p>\n\n\n\n<p>\u00cen acest caz, \u00eenc\u0103 din aprilie 2019, am depus sesiz\u0103ri la Procuratur\u0103 cu privire la posibilitatea s\u0103v\u00e2r\u0219irii infrac\u021biunilor de: def\u0103imare (art. 212 din Codul penal), insultare a unui func\u021bionar public (art. 226 din Codul penal), acuza\u021bie fals\u0103 (art. 234 din Codul penal) care implic\u0103 prezentarea de informa\u021bii false de c\u0103tre fostul ofi\u021ber CBA Wojciech J.. Am depus, de asemenea, o acuza\u021bie privat\u0103 \u00eempotriva acestui fost ofi\u021ber \u0219i un proces civil. Din p\u0103cate, aceste proceduri nu au luat \u00eenc\u0103 amploare, motivul fiind, printre altele, numeroasele concedii medicale invocate de Wojciech J.<\/p>\n\n\n\n<p>\u00cenc\u0103 o dat\u0103, afirm categoric c\u0103 dezv\u0103luirile care circul\u0103 \u00een diverse media pe aceast\u0103 tem\u0103, leg\u00e2nd orice indecen\u021b\u0103 cu mine, sunt minciuni<br>\u0219i def\u0103imare care m\u0103 afecteaz\u0103 pe mine \u0219i familia mea. Fac apel la to\u021bi cei care le r\u0103sp\u00e2ndesc s\u0103 \u00eenceteze aceste practici. Acest lucru se datoreaz\u0103 faptului c\u0103 acestea constituie infrac\u021biuni descrise \u00een Codul penal la articolele 212, 226 \u0219i 234.<\/p>\n\n\n\n<p>Nu inten\u021bionez s\u0103 mai fac alte declara\u021bii \u00een leg\u0103tur\u0103 cu aceste absurdit\u0103\u021bi.<br>\u0219i informa\u021bii \"calomnioase\". \u00cen acela\u0219i timp, a\u0219 dori s\u0103 v\u0103 reamintesc c\u0103 voi continua s\u0103 \u00eemi ap\u0103r numele \u00een instan\u021b\u0103 \u00een cazul \u00een care vor continua s\u0103 fie r\u0103sp\u00e2ndite informa\u021bii mincinoase despre mine.<\/p>","protected":false},"excerpt":{"rendered":"<p>\u00cen ultimii trei ani, con\u021binutul def\u0103im\u0103tor a ap\u0103rut \u00een mass-media (NIE articole s\u0103pt\u0103m\u00e2nale, tweet-uri \u0219i altele). Ei insinueaz\u0103 c\u0103 am avut un comportament extrem de reprobabil, indecent sau chiar criminal. Av\u00e2nd \u00een vedere faptul binecunoscut c\u0103 voi fi numit \u00een cur\u00e2nd \u00een func\u021bia de \u0219ef al Cancelariei Primului Ministru, m\u0103 v\u0103d nevoit s\u0103 m\u0103 refer la aceste [...]<\/p>","protected":false},"author":21,"featured_media":26622,"comment_status":"open","ping_status":"open","sticky":false,"template":"","format":"standard","meta":{"ngg_post_thumbnail":0,"footnotes":""},"categories":[3],"tags":[],"class_list":["post-26619","post","type-post","status-publish","format-standard","has-post-thumbnail","hentry","category-wydarzenia"],"yoast_head":"<!-- This site is optimized with the Yoast SEO plugin v24.7 - https:\/\/yoast.com\/wordpress\/plugins\/seo\/ -->\n<title>O\u015bwiadczenie pos\u0142a na Sejm RP Marka Kuchci\u0144skiego &#8211; Marek Kuchci\u0144ski<\/title>\n<meta name=\"robots\" content=\"index, follow, max-snippet:-1, max-image-preview:large, max-video-preview:-1\" \/>\n<link rel=\"canonical\" href=\"https:\/\/marekkuchcinski.pl\/ro\/wydarzenia\/oswiadczenie-posla-na-sejm-rp-marka-kuchcinskiego\/\" \/>\n<meta property=\"og:locale\" content=\"ro_RO\" \/>\n<meta property=\"og:type\" content=\"article\" \/>\n<meta property=\"og:title\" content=\"O\u015bwiadczenie pos\u0142a na Sejm RP Marka Kuchci\u0144skiego &#8211; Marek Kuchci\u0144ski\" \/>\n<meta property=\"og:description\" content=\"Od trzech lat w \u015brodkach przekazu pojawiaj\u0105 si\u0119 znies\u0142awiaj\u0105ce mnie tre\u015bci (artyku\u0142y tygodnika \u201eNIE\u201d, tweety i inne). Insynuuj\u0105 one, jakobym mia\u0142 si\u0119 dopu\u015bci\u0107 bardzo nagannego, nieobyczajnego czy wr\u0119cz przest\u0119pczego zachowania. W \u015bwietle znanego powszechnie faktu, i\u017c w najbli\u017cszym czasie mam zosta\u0107 powo\u0142any na urz\u0105d Szefa Kancelarii Prezesa Rady Ministr\u00f3w jestem zmuszony odnie\u015b\u0107 si\u0119 do tych [&hellip;]\" \/>\n<meta property=\"og:url\" content=\"https:\/\/marekkuchcinski.pl\/ro\/wydarzenia\/oswiadczenie-posla-na-sejm-rp-marka-kuchcinskiego\/\" \/>\n<meta property=\"og:site_name\" content=\"Marek Kuchci\u0144ski\" \/>\n<meta property=\"article:published_time\" content=\"2022-10-11T09:52:23+00:00\" \/>\n<meta property=\"article:modified_time\" content=\"2022-10-11T13:07:09+00:00\" \/>\n<meta property=\"og:image\" content=\"https:\/\/marekkuchcinski.pl\/wp-content\/uploads\/2022\/10\/IMG_9818_edited.jpg\" \/>\n\t<meta property=\"og:image:width\" content=\"1600\" \/>\n\t<meta property=\"og:image:height\" content=\"1067\" \/>\n\t<meta property=\"og:image:type\" content=\"image\/jpeg\" \/>\n<meta name=\"author\" content=\"Marta Olejnik\" \/>\n<meta name=\"twitter:card\" content=\"summary_large_image\" \/>\n<meta name=\"twitter:label1\" content=\"Scris de\" \/>\n\t<meta name=\"twitter:data1\" content=\"Marta Olejnik\" \/>\n\t<meta name=\"twitter:label2\" content=\"Timp estimat pentru citire\" \/>\n\t<meta name=\"twitter:data2\" content=\"2 minutes\" \/>\n<script type=\"application\/ld+json\" class=\"yoast-schema-graph\">{\"@context\":\"https:\/\/schema.org\",\"@graph\":[{\"@type\":\"Article\",\"@id\":\"https:\/\/marekkuchcinski.pl\/uk\/wydarzenia\/oswiadczenie-posla-na-sejm-rp-marka-kuchcinskiego\/#article\",\"isPartOf\":{\"@id\":\"https:\/\/marekkuchcinski.pl\/uk\/wydarzenia\/oswiadczenie-posla-na-sejm-rp-marka-kuchcinskiego\/\"},\"author\":{\"name\":\"Marta Olejnik\",\"@id\":\"https:\/\/marekkuchcinski.pl\/#\/schema\/person\/51d5d4ee3b5317b8e4dd2b48af359229\"},\"headline\":\"O\u015bwiadczenie pos\u0142a na Sejm RP Marka Kuchci\u0144skiego\",\"datePublished\":\"2022-10-11T09:52:23+00:00\",\"dateModified\":\"2022-10-11T13:07:09+00:00\",\"mainEntityOfPage\":{\"@id\":\"https:\/\/marekkuchcinski.pl\/uk\/wydarzenia\/oswiadczenie-posla-na-sejm-rp-marka-kuchcinskiego\/\"},\"wordCount\":413,\"commentCount\":0,\"publisher\":{\"@id\":\"https:\/\/marekkuchcinski.pl\/#organization\"},\"image\":{\"@id\":\"https:\/\/marekkuchcinski.pl\/uk\/wydarzenia\/oswiadczenie-posla-na-sejm-rp-marka-kuchcinskiego\/#primaryimage\"},\"thumbnailUrl\":\"https:\/\/marekkuchcinski.pl\/wp-content\/uploads\/2022\/10\/IMG_9818_edited.jpg\",\"articleSection\":[\"Wydarzenia\"],\"inLanguage\":\"ro-RO\",\"potentialAction\":[{\"@type\":\"CommentAction\",\"name\":\"Comment\",\"target\":[\"https:\/\/marekkuchcinski.pl\/uk\/wydarzenia\/oswiadczenie-posla-na-sejm-rp-marka-kuchcinskiego\/#respond\"]}]},{\"@type\":\"WebPage\",\"@id\":\"https:\/\/marekkuchcinski.pl\/uk\/wydarzenia\/oswiadczenie-posla-na-sejm-rp-marka-kuchcinskiego\/\",\"url\":\"https:\/\/marekkuchcinski.pl\/uk\/wydarzenia\/oswiadczenie-posla-na-sejm-rp-marka-kuchcinskiego\/\",\"name\":\"O\u015bwiadczenie pos\u0142a na Sejm RP Marka Kuchci\u0144skiego &#8211; Marek Kuchci\u0144ski\",\"isPartOf\":{\"@id\":\"https:\/\/marekkuchcinski.pl\/#website\"},\"primaryImageOfPage\":{\"@id\":\"https:\/\/marekkuchcinski.pl\/uk\/wydarzenia\/oswiadczenie-posla-na-sejm-rp-marka-kuchcinskiego\/#primaryimage\"},\"image\":{\"@id\":\"https:\/\/marekkuchcinski.pl\/uk\/wydarzenia\/oswiadczenie-posla-na-sejm-rp-marka-kuchcinskiego\/#primaryimage\"},\"thumbnailUrl\":\"https:\/\/marekkuchcinski.pl\/wp-content\/uploads\/2022\/10\/IMG_9818_edited.jpg\",\"datePublished\":\"2022-10-11T09:52:23+00:00\",\"dateModified\":\"2022-10-11T13:07:09+00:00\",\"breadcrumb\":{\"@id\":\"https:\/\/marekkuchcinski.pl\/uk\/wydarzenia\/oswiadczenie-posla-na-sejm-rp-marka-kuchcinskiego\/#breadcrumb\"},\"inLanguage\":\"ro-RO\",\"potentialAction\":[{\"@type\":\"ReadAction\",\"target\":[\"https:\/\/marekkuchcinski.pl\/uk\/wydarzenia\/oswiadczenie-posla-na-sejm-rp-marka-kuchcinskiego\/\"]}]},{\"@type\":\"ImageObject\",\"inLanguage\":\"ro-RO\",\"@id\":\"https:\/\/marekkuchcinski.pl\/uk\/wydarzenia\/oswiadczenie-posla-na-sejm-rp-marka-kuchcinskiego\/#primaryimage\",\"url\":\"https:\/\/marekkuchcinski.pl\/wp-content\/uploads\/2022\/10\/IMG_9818_edited.jpg\",\"contentUrl\":\"https:\/\/marekkuchcinski.pl\/wp-content\/uploads\/2022\/10\/IMG_9818_edited.jpg\",\"width\":1600,\"height\":1067},{\"@type\":\"BreadcrumbList\",\"@id\":\"https:\/\/marekkuchcinski.pl\/uk\/wydarzenia\/oswiadczenie-posla-na-sejm-rp-marka-kuchcinskiego\/#breadcrumb\",\"itemListElement\":[{\"@type\":\"ListItem\",\"position\":1,\"name\":\"Strona g\u0142\u00f3wna\",\"item\":\"https:\/\/marekkuchcinski.pl\/\"},{\"@type\":\"ListItem\",\"position\":2,\"name\":\"O\u015bwiadczenie pos\u0142a na Sejm RP Marka Kuchci\u0144skiego\"}]},{\"@type\":\"WebSite\",\"@id\":\"https:\/\/marekkuchcinski.pl\/#website\",\"url\":\"https:\/\/marekkuchcinski.pl\/\",\"name\":\"Marek Kuchci\u0144ski\",\"description\":\"Pose\u0142 na sejm RP &ndash; okr\u0119g nr 22\",\"publisher\":{\"@id\":\"https:\/\/marekkuchcinski.pl\/#organization\"},\"potentialAction\":[{\"@type\":\"SearchAction\",\"target\":{\"@type\":\"EntryPoint\",\"urlTemplate\":\"https:\/\/marekkuchcinski.pl\/?s={search_term_string}\"},\"query-input\":{\"@type\":\"PropertyValueSpecification\",\"valueRequired\":true,\"valueName\":\"search_term_string\"}}],\"inLanguage\":\"ro-RO\"},{\"@type\":\"Organization\",\"@id\":\"https:\/\/marekkuchcinski.pl\/#organization\",\"name\":\"Marek Kuchci\u0144ski\",\"url\":\"https:\/\/marekkuchcinski.pl\/\",\"logo\":{\"@type\":\"ImageObject\",\"inLanguage\":\"ro-RO\",\"@id\":\"https:\/\/marekkuchcinski.pl\/#\/schema\/logo\/image\/\",\"url\":\"https:\/\/marekkuchcinski.pl\/wp-content\/uploads\/2022\/09\/Marek.jpg\",\"contentUrl\":\"https:\/\/marekkuchcinski.pl\/wp-content\/uploads\/2022\/09\/Marek.jpg\",\"width\":1600,\"height\":971,\"caption\":\"Marek Kuchci\u0144ski\"},\"image\":{\"@id\":\"https:\/\/marekkuchcinski.pl\/#\/schema\/logo\/image\/\"}},{\"@type\":\"Person\",\"@id\":\"https:\/\/marekkuchcinski.pl\/#\/schema\/person\/51d5d4ee3b5317b8e4dd2b48af359229\",\"name\":\"Marta Olejnik\",\"image\":{\"@type\":\"ImageObject\",\"inLanguage\":\"ro-RO\",\"@id\":\"https:\/\/marekkuchcinski.pl\/#\/schema\/person\/image\/\",\"url\":\"https:\/\/secure.gravatar.com\/avatar\/e39914b2aa6a48959e24d475b5dc9793?s=96&d=mm&r=g\",\"contentUrl\":\"https:\/\/secure.gravatar.com\/avatar\/e39914b2aa6a48959e24d475b5dc9793?s=96&d=mm&r=g\",\"caption\":\"Marta Olejnik\"},\"url\":\"https:\/\/marekkuchcinski.pl\/ro\/author\/marta\/\"}]}<\/script>\n<!-- \/ Yoast SEO plugin. -->","yoast_head_json":{"title":"O\u015bwiadczenie pos\u0142a na Sejm RP Marka Kuchci\u0144skiego &#8211; Marek Kuchci\u0144ski","robots":{"index":"index","follow":"follow","max-snippet":"max-snippet:-1","max-image-preview":"max-image-preview:large","max-video-preview":"max-video-preview:-1"},"canonical":"https:\/\/marekkuchcinski.pl\/ro\/wydarzenia\/oswiadczenie-posla-na-sejm-rp-marka-kuchcinskiego\/","og_locale":"ro_RO","og_type":"article","og_title":"O\u015bwiadczenie pos\u0142a na Sejm RP Marka Kuchci\u0144skiego &#8211; Marek Kuchci\u0144ski","og_description":"Od trzech lat w \u015brodkach przekazu pojawiaj\u0105 si\u0119 znies\u0142awiaj\u0105ce mnie tre\u015bci (artyku\u0142y tygodnika \u201eNIE\u201d, tweety i inne). Insynuuj\u0105 one, jakobym mia\u0142 si\u0119 dopu\u015bci\u0107 bardzo nagannego, nieobyczajnego czy wr\u0119cz przest\u0119pczego zachowania. W \u015bwietle znanego powszechnie faktu, i\u017c w najbli\u017cszym czasie mam zosta\u0107 powo\u0142any na urz\u0105d Szefa Kancelarii Prezesa Rady Ministr\u00f3w jestem zmuszony odnie\u015b\u0107 si\u0119 do tych [&hellip;]","og_url":"https:\/\/marekkuchcinski.pl\/ro\/wydarzenia\/oswiadczenie-posla-na-sejm-rp-marka-kuchcinskiego\/","og_site_name":"Marek Kuchci\u0144ski","article_published_time":"2022-10-11T09:52:23+00:00","article_modified_time":"2022-10-11T13:07:09+00:00","og_image":[{"width":1600,"height":1067,"url":"https:\/\/marekkuchcinski.pl\/wp-content\/uploads\/2022\/10\/IMG_9818_edited.jpg","type":"image\/jpeg"}],"author":"Marta Olejnik","twitter_card":"summary_large_image","twitter_misc":{"Scris de":"Marta Olejnik","Timp estimat pentru citire":"2 minutes"},"schema":{"@context":"https:\/\/schema.org","@graph":[{"@type":"Article","@id":"https:\/\/marekkuchcinski.pl\/uk\/wydarzenia\/oswiadczenie-posla-na-sejm-rp-marka-kuchcinskiego\/#article","isPartOf":{"@id":"https:\/\/marekkuchcinski.pl\/uk\/wydarzenia\/oswiadczenie-posla-na-sejm-rp-marka-kuchcinskiego\/"},"author":{"name":"Marta Olejnik","@id":"https:\/\/marekkuchcinski.pl\/#\/schema\/person\/51d5d4ee3b5317b8e4dd2b48af359229"},"headline":"O\u015bwiadczenie pos\u0142a na Sejm RP Marka Kuchci\u0144skiego","datePublished":"2022-10-11T09:52:23+00:00","dateModified":"2022-10-11T13:07:09+00:00","mainEntityOfPage":{"@id":"https:\/\/marekkuchcinski.pl\/uk\/wydarzenia\/oswiadczenie-posla-na-sejm-rp-marka-kuchcinskiego\/"},"wordCount":413,"commentCount":0,"publisher":{"@id":"https:\/\/marekkuchcinski.pl\/#organization"},"image":{"@id":"https:\/\/marekkuchcinski.pl\/uk\/wydarzenia\/oswiadczenie-posla-na-sejm-rp-marka-kuchcinskiego\/#primaryimage"},"thumbnailUrl":"https:\/\/marekkuchcinski.pl\/wp-content\/uploads\/2022\/10\/IMG_9818_edited.jpg","articleSection":["Wydarzenia"],"inLanguage":"ro-RO","potentialAction":[{"@type":"CommentAction","name":"Comment","target":["https:\/\/marekkuchcinski.pl\/uk\/wydarzenia\/oswiadczenie-posla-na-sejm-rp-marka-kuchcinskiego\/#respond"]}]},{"@type":"WebPage","@id":"https:\/\/marekkuchcinski.pl\/uk\/wydarzenia\/oswiadczenie-posla-na-sejm-rp-marka-kuchcinskiego\/","url":"https:\/\/marekkuchcinski.pl\/uk\/wydarzenia\/oswiadczenie-posla-na-sejm-rp-marka-kuchcinskiego\/","name":"O\u015bwiadczenie pos\u0142a na Sejm RP Marka Kuchci\u0144skiego &#8211; Marek Kuchci\u0144ski","isPartOf":{"@id":"https:\/\/marekkuchcinski.pl\/#website"},"primaryImageOfPage":{"@id":"https:\/\/marekkuchcinski.pl\/uk\/wydarzenia\/oswiadczenie-posla-na-sejm-rp-marka-kuchcinskiego\/#primaryimage"},"image":{"@id":"https:\/\/marekkuchcinski.pl\/uk\/wydarzenia\/oswiadczenie-posla-na-sejm-rp-marka-kuchcinskiego\/#primaryimage"},"thumbnailUrl":"https:\/\/marekkuchcinski.pl\/wp-content\/uploads\/2022\/10\/IMG_9818_edited.jpg","datePublished":"2022-10-11T09:52:23+00:00","dateModified":"2022-10-11T13:07:09+00:00","breadcrumb":{"@id":"https:\/\/marekkuchcinski.pl\/uk\/wydarzenia\/oswiadczenie-posla-na-sejm-rp-marka-kuchcinskiego\/#breadcrumb"},"inLanguage":"ro-RO","potentialAction":[{"@type":"ReadAction","target":["https:\/\/marekkuchcinski.pl\/uk\/wydarzenia\/oswiadczenie-posla-na-sejm-rp-marka-kuchcinskiego\/"]}]},{"@type":"ImageObject","inLanguage":"ro-RO","@id":"https:\/\/marekkuchcinski.pl\/uk\/wydarzenia\/oswiadczenie-posla-na-sejm-rp-marka-kuchcinskiego\/#primaryimage","url":"https:\/\/marekkuchcinski.pl\/wp-content\/uploads\/2022\/10\/IMG_9818_edited.jpg","contentUrl":"https:\/\/marekkuchcinski.pl\/wp-content\/uploads\/2022\/10\/IMG_9818_edited.jpg","width":1600,"height":1067},{"@type":"BreadcrumbList","@id":"https:\/\/marekkuchcinski.pl\/uk\/wydarzenia\/oswiadczenie-posla-na-sejm-rp-marka-kuchcinskiego\/#breadcrumb","itemListElement":[{"@type":"ListItem","position":1,"name":"Strona g\u0142\u00f3wna","item":"https:\/\/marekkuchcinski.pl\/"},{"@type":"ListItem","position":2,"name":"O\u015bwiadczenie pos\u0142a na Sejm RP Marka Kuchci\u0144skiego"}]},{"@type":"WebSite","@id":"https:\/\/marekkuchcinski.pl\/#website","url":"https:\/\/marekkuchcinski.pl\/","name":"Marek Kuchci\u0144ski","description":"Pose\u0142 na sejm RP &ndash; okr\u0119g nr 22","publisher":{"@id":"https:\/\/marekkuchcinski.pl\/#organization"},"potentialAction":[{"@type":"SearchAction","target":{"@type":"EntryPoint","urlTemplate":"https:\/\/marekkuchcinski.pl\/?s={search_term_string}"},"query-input":{"@type":"PropertyValueSpecification","valueRequired":true,"valueName":"search_term_string"}}],"inLanguage":"ro-RO"},{"@type":"Organization","@id":"https:\/\/marekkuchcinski.pl\/#organization","name":"Marek Kuchci\u0144ski","url":"https:\/\/marekkuchcinski.pl\/","logo":{"@type":"ImageObject","inLanguage":"ro-RO","@id":"https:\/\/marekkuchcinski.pl\/#\/schema\/logo\/image\/","url":"https:\/\/marekkuchcinski.pl\/wp-content\/uploads\/2022\/09\/Marek.jpg","contentUrl":"https:\/\/marekkuchcinski.pl\/wp-content\/uploads\/2022\/09\/Marek.jpg","width":1600,"height":971,"caption":"Marek Kuchci\u0144ski"},"image":{"@id":"https:\/\/marekkuchcinski.pl\/#\/schema\/logo\/image\/"}},{"@type":"Person","@id":"https:\/\/marekkuchcinski.pl\/#\/schema\/person\/51d5d4ee3b5317b8e4dd2b48af359229","name":"Marta Olejnik","image":{"@type":"ImageObject","inLanguage":"ro-RO","@id":"https:\/\/marekkuchcinski.pl\/#\/schema\/person\/image\/","url":"https:\/\/secure.gravatar.com\/avatar\/e39914b2aa6a48959e24d475b5dc9793?s=96&d=mm&r=g","contentUrl":"https:\/\/secure.gravatar.com\/avatar\/e39914b2aa6a48959e24d475b5dc9793?s=96&d=mm&r=g","caption":"Marta Olejnik"},"url":"https:\/\/marekkuchcinski.pl\/ro\/author\/marta\/"}]}},"_links":{"self":[{"href":"https:\/\/marekkuchcinski.pl\/ro\/wp-json\/wp\/v2\/posts\/26619","targetHints":{"allow":["GET"]}}],"collection":[{"href":"https:\/\/marekkuchcinski.pl\/ro\/wp-json\/wp\/v2\/posts"}],"about":[{"href":"https:\/\/marekkuchcinski.pl\/ro\/wp-json\/wp\/v2\/types\/post"}],"author":[{"embeddable":true,"href":"https:\/\/marekkuchcinski.pl\/ro\/wp-json\/wp\/v2\/users\/21"}],"replies":[{"embeddable":true,"href":"https:\/\/marekkuchcinski.pl\/ro\/wp-json\/wp\/v2\/comments?post=26619"}],"version-history":[{"count":1,"href":"https:\/\/marekkuchcinski.pl\/ro\/wp-json\/wp\/v2\/posts\/26619\/revisions"}],"predecessor-version":[{"id":26620,"href":"https:\/\/marekkuchcinski.pl\/ro\/wp-json\/wp\/v2\/posts\/26619\/revisions\/26620"}],"wp:featuredmedia":[{"embeddable":true,"href":"https:\/\/marekkuchcinski.pl\/ro\/wp-json\/wp\/v2\/media\/26622"}],"wp:attachment":[{"href":"https:\/\/marekkuchcinski.pl\/ro\/wp-json\/wp\/v2\/media?parent=26619"}],"wp:term":[{"taxonomy":"category","embeddable":true,"href":"https:\/\/marekkuchcinski.pl\/ro\/wp-json\/wp\/v2\/categories?post=26619"},{"taxonomy":"post_tag","embeddable":true,"href":"https:\/\/marekkuchcinski.pl\/ro\/wp-json\/wp\/v2\/tags?post=26619"}],"curies":[{"name":"wp","href":"https:\/\/api.w.org\/{rel}","templated":true}]}}