{"id":26602,"date":"2022-10-09T18:12:46","date_gmt":"2022-10-09T16:12:46","guid":{"rendered":"https:\/\/marekkuchcinski.pl\/?p=26602"},"modified":"2022-10-12T10:03:15","modified_gmt":"2022-10-12T08:03:15","slug":"sejm-wspiera-gopr-wyniki-wspolpracy-z-parlamentarnym-zespolem-ds-ratownictwa-gorskiego","status":"publish","type":"post","link":"https:\/\/marekkuchcinski.pl\/ro\/wydarzenia\/sejm-wspiera-gopr-wyniki-wspolpracy-z-parlamentarnym-zespolem-ds-ratownictwa-gorskiego\/","title":{"rendered":"Sejm wspiera GOPR. Wyniki wsp\u00f3\u0142pracy z parlamentarnym zespo\u0142em ds. ratownictwa g\u00f3rskiego"},"content":{"rendered":"<p class=\"wp-block-paragraph\">Parlamentarny zesp\u00f3\u0142 ds. ratownictwa g\u00f3rskiego (z przewodnicz\u0105cym Markiem Kuchci\u0144skim) 6 pa\u017adziernika spotka\u0142 si\u0119 z przedstawicielami G\u00f3rskiego Ochotniczego Pogotowia Ratunkowego, kt\u00f3rzy przedstawili zrealizowane przez GOPR zadania, ale tak\u017ce potrzeby i problemy, z jakimi zmagaj\u0105 si\u0119 ratownicy. Efektem wsp\u00f3\u0142pracy z zespo\u0142em jest m.in.:<\/p>\n\n\n\n<p class=\"wp-block-paragraph\">obj\u0119cie przez Ministerstwo Spraw Wewn\u0119trznych i Administracji senior\u00f3w ratownictwa g\u00f3rskiego systemem dodatk\u00f3w emerytalnych jako docenienie ich wieloletniej s\u0142u\u017cby w g\u00f3rach, znaczne wsparcie finansowe naszego Pogotowia, kt\u00f3re zosta\u0142o wykorzystane na zakup sprz\u0119tu medycznego, \u015brodk\u00f3w transportu, modernizacj\u0119 \u0142\u0105czno\u015bci oraz sprz\u0119t osobisty ratownik\u00f3w,- pozyskanie \u015brodk\u00f3w na finalizowan\u0105 obecnie budow\u0119 Stacji Ratunkowej w Kro\u015bcienku nad Dunajcem,- uruchomienie programu termomodernizacji Stacji Ratunkowych GOPR. <\/p>\n\n\n\n<p class=\"wp-block-paragraph\">Dzi\u0119ki funduszom przyznanym przez Ministerstwo Funduszy i Polityki Regionalnej w przysz\u0142ym roku Pogotowie dokona termomodernizacji kilkunastu stacji ratunkowych, zgodnie z zapotrzebowaniem zg\u0142oszonym przez Grupy Regionalne.<\/p>\n\n\n\n<p class=\"wp-block-paragraph\">G\u00f3rskie Ochotnicze Pogotowie Ratunkowe to organizacja sk\u0142adaj\u0105ca si\u0119 z 7 grup regionalnych od 70 lat dzia\u0142aj\u0105ca na terenach g\u00f3rskich od Bieszczad po Karkonosze.<br>Cele GOPR:<br>\u2022 niesienie pomocy osobom, kt\u00f3rych zdrowie lub \u017cycie jest zagro\u017cone, udzielanie pomocy ofiarom kl\u0119sk<br>\u017cywio\u0142owych, katastrof, wypadk\u00f3w i innych zdarze\u0144 losowych<br>\u2022 podnoszenie kwalifikacji cz\u0142onk\u00f3w GOPR<br>\u2022 profilaktyka oraz propagowanie bezpiecznych form<br>aktywno\u015bci, uprawiania turystyki i rekreacji w szczeg\u00f3lno\u015bci w g\u00f3rach<br>\u2022 ochrona \u015brodowiska naturalnego<\/p>\n\n\n\n<p class=\"wp-block-paragraph\"><\/p>\n\n\n\n<p class=\"wp-block-paragraph\">UCZESTNICY SPOTKANIA<\/p>\n\n\n\n<p class=\"wp-block-paragraph\"><strong>Cz\u0142onkowie Zespo\u0142u<\/strong><\/p>\n\n\n\n<p class=\"wp-block-paragraph\">pos. Marek Kuchci\u0144ski \u2013 Przewodnicz\u0105cy<\/p>\n\n\n\n<p class=\"wp-block-paragraph\">pos. Anna Paluch \u2013 Wiceprzewodnicz\u0105ca<\/p>\n\n\n\n<p class=\"wp-block-paragraph\">pos. Kazimierz Matuszny \u2013 Wiceprzewodnicz\u0105cy<\/p>\n\n\n\n<p class=\"wp-block-paragraph\">pos. Tadeusz Chrzan<\/p>\n\n\n\n<p class=\"wp-block-paragraph\">pos. Zofia Czernow<\/p>\n\n\n\n<p class=\"wp-block-paragraph\">pos. Przemys\u0142aw Drabek<\/p>\n\n\n\n<p class=\"wp-block-paragraph\">pos. Teresa Pamu\u0142a<\/p>\n\n\n\n<p class=\"wp-block-paragraph\">pos. Ewa Szyma\u0144ska<\/p>\n\n\n\n<p class=\"wp-block-paragraph\"><strong>MINISTERSTWA<\/strong><\/p>\n\n\n\n<p class=\"wp-block-paragraph\">Ma\u0142gorzata Jarosi\u0144ska-Jedynak \u2013 Sekretarz Stanu w Ministerstwie Funduszy i Polityki Regionalnej<\/p>\n\n\n\n<p class=\"wp-block-paragraph\">Maciej W\u0105sik \u2013 Sekretarz Stanu w Ministerstwie Spraw Wewn\u0119trznych i Administracji;&nbsp;&nbsp;&nbsp;&nbsp;&nbsp;&nbsp;&nbsp;&nbsp;&nbsp;&nbsp;&nbsp;<\/p>\n\n\n\n<p class=\"wp-block-paragraph\">Marcin Pa\u0144tak \u2013 Naczelnik w Departamencie Ochrony Ludno\u015bci i Zarz\u0105dzania Kryzysowego w MSWiA<\/p>\n\n\n\n<p class=\"wp-block-paragraph\">Agnieszka Wargin \u2013 G\u0142. Specjalista w Departamencie Ochrony Ludno\u015bci i Zarz\u0105dzania Kryzysowego w MSWiA<\/p>\n\n\n\n<p class=\"wp-block-paragraph\"><strong>GOPR:<\/strong><\/p>\n\n\n\n<p class=\"wp-block-paragraph\">Pawe\u0142 Konieczny \u2013 Prezes Zarz\u0105du G\u0142\u00f3wnego GOPR<\/p>\n\n\n\n<p class=\"wp-block-paragraph\">Jerzy Siod\u0142ak \u2013 Naczelnik GOPR<\/p>\n\n\n\n<p class=\"wp-block-paragraph\">Krzysztof Szczurek (Naczelnik) \u2013 Grupa Bieszczadzka GOPR<\/p>\n\n\n\n<p class=\"wp-block-paragraph\">Robert Pilarczyk (Naczelnik) \u2013 Grupa Jurajska GOPR<\/p>\n\n\n\n<p class=\"wp-block-paragraph\">Piotr Zamorski (Naczelnik-elekt) \u2013 Grupa Karkonoska GOPR<\/p>\n\n\n\n<p class=\"wp-block-paragraph\">Marek Cia\u015b (Naczelnik) \u2013 Grupa Podhala\u0144ska GOPR<\/p>\n\n\n\n<p class=\"wp-block-paragraph\">\u0141ukasz Felcenloben (Cz\u0142onek Zarz\u0105du\/Sekretarz ZG GOPR) \u2013 Grupa Sudecka GOPR<\/p>\n\n\n\n<p class=\"wp-block-paragraph\"><strong>TOPR:<\/strong><\/p>\n\n\n\n<p class=\"wp-block-paragraph\">Jan Krzysztof \u2013 naczelnik TOPR<\/p>\n\n\n\n<figure class=\"wp-block-image size-large\"><a href=\"https:\/\/marekkuchcinski.pl\/wp-content\/uploads\/2022\/10\/1.jpg\"><img fetchpriority=\"high\" decoding=\"async\" width=\"1024\" height=\"563\" src=\"https:\/\/marekkuchcinski.pl\/wp-content\/uploads\/2022\/10\/1-1024x563.jpg\" alt=\"\" class=\"wp-image-26603\" srcset=\"https:\/\/marekkuchcinski.pl\/wp-content\/uploads\/2022\/10\/1-1024x563.jpg 1024w, https:\/\/marekkuchcinski.pl\/wp-content\/uploads\/2022\/10\/1-300x165.jpg 300w, https:\/\/marekkuchcinski.pl\/wp-content\/uploads\/2022\/10\/1-768x422.jpg 768w, https:\/\/marekkuchcinski.pl\/wp-content\/uploads\/2022\/10\/1-18x10.jpg 18w, https:\/\/marekkuchcinski.pl\/wp-content\/uploads\/2022\/10\/1.jpg 1338w\" sizes=\"(max-width: 1024px) 100vw, 1024px\" \/><\/a><\/figure>\n\n\n\n<figure class=\"wp-block-image size-large\"><a href=\"https:\/\/marekkuchcinski.pl\/wp-content\/uploads\/2022\/10\/2.jpg\"><img decoding=\"async\" width=\"1024\" height=\"576\" src=\"https:\/\/marekkuchcinski.pl\/wp-content\/uploads\/2022\/10\/2-1024x576.jpg\" alt=\"\" class=\"wp-image-26604\" srcset=\"https:\/\/marekkuchcinski.pl\/wp-content\/uploads\/2022\/10\/2-1024x576.jpg 1024w, https:\/\/marekkuchcinski.pl\/wp-content\/uploads\/2022\/10\/2-300x169.jpg 300w, https:\/\/marekkuchcinski.pl\/wp-content\/uploads\/2022\/10\/2-768x432.jpg 768w, https:\/\/marekkuchcinski.pl\/wp-content\/uploads\/2022\/10\/2-18x10.jpg 18w, https:\/\/marekkuchcinski.pl\/wp-content\/uploads\/2022\/10\/2.jpg 1373w\" sizes=\"(max-width: 1024px) 100vw, 1024px\" \/><\/a><\/figure>\n\n\n\n<figure class=\"wp-block-image size-large\"><a href=\"https:\/\/marekkuchcinski.pl\/wp-content\/uploads\/2022\/10\/3.jpg\"><img decoding=\"async\" width=\"1024\" height=\"577\" src=\"https:\/\/marekkuchcinski.pl\/wp-content\/uploads\/2022\/10\/3-1024x577.jpg\" alt=\"\" class=\"wp-image-26605\" srcset=\"https:\/\/marekkuchcinski.pl\/wp-content\/uploads\/2022\/10\/3-1024x577.jpg 1024w, https:\/\/marekkuchcinski.pl\/wp-content\/uploads\/2022\/10\/3-300x169.jpg 300w, https:\/\/marekkuchcinski.pl\/wp-content\/uploads\/2022\/10\/3-768x433.jpg 768w, https:\/\/marekkuchcinski.pl\/wp-content\/uploads\/2022\/10\/3-18x10.jpg 18w, https:\/\/marekkuchcinski.pl\/wp-content\/uploads\/2022\/10\/3.jpg 1384w\" sizes=\"(max-width: 1024px) 100vw, 1024px\" \/><\/a><\/figure>\n\n\n\n<figure class=\"wp-block-image size-large\"><a href=\"https:\/\/marekkuchcinski.pl\/wp-content\/uploads\/2022\/10\/4.jpg\"><img loading=\"lazy\" decoding=\"async\" width=\"1024\" height=\"567\" src=\"https:\/\/marekkuchcinski.pl\/wp-content\/uploads\/2022\/10\/4-1024x567.jpg\" alt=\"\" class=\"wp-image-26606\" srcset=\"https:\/\/marekkuchcinski.pl\/wp-content\/uploads\/2022\/10\/4-1024x567.jpg 1024w, https:\/\/marekkuchcinski.pl\/wp-content\/uploads\/2022\/10\/4-300x166.jpg 300w, https:\/\/marekkuchcinski.pl\/wp-content\/uploads\/2022\/10\/4-768x425.jpg 768w, https:\/\/marekkuchcinski.pl\/wp-content\/uploads\/2022\/10\/4-18x10.jpg 18w, https:\/\/marekkuchcinski.pl\/wp-content\/uploads\/2022\/10\/4.jpg 1379w\" sizes=\"(max-width: 1024px) 100vw, 1024px\" \/><\/a><\/figure>\n\n\n\n<figure class=\"wp-block-image size-full\"><a href=\"https:\/\/marekkuchcinski.pl\/wp-content\/uploads\/2022\/10\/Image-1.jpg\"><img loading=\"lazy\" decoding=\"async\" width=\"1024\" height=\"768\" src=\"https:\/\/marekkuchcinski.pl\/wp-content\/uploads\/2022\/10\/Image-1.jpg\" alt=\"\" class=\"wp-image-26627\" srcset=\"https:\/\/marekkuchcinski.pl\/wp-content\/uploads\/2022\/10\/Image-1.jpg 1024w, https:\/\/marekkuchcinski.pl\/wp-content\/uploads\/2022\/10\/Image-1-300x225.jpg 300w, https:\/\/marekkuchcinski.pl\/wp-content\/uploads\/2022\/10\/Image-1-768x576.jpg 768w, https:\/\/marekkuchcinski.pl\/wp-content\/uploads\/2022\/10\/Image-1-16x12.jpg 16w\" sizes=\"(max-width: 1024px) 100vw, 1024px\" \/><\/a><\/figure>\n\n\n\n<figure class=\"wp-block-image size-large\"><a href=\"https:\/\/marekkuchcinski.pl\/wp-content\/uploads\/2022\/10\/IMG_1822.jpg\"><img loading=\"lazy\" decoding=\"async\" width=\"1024\" height=\"768\" src=\"https:\/\/marekkuchcinski.pl\/wp-content\/uploads\/2022\/10\/IMG_1822-1024x768.jpg\" alt=\"\" class=\"wp-image-26615\" srcset=\"https:\/\/marekkuchcinski.pl\/wp-content\/uploads\/2022\/10\/IMG_1822-1024x768.jpg 1024w, https:\/\/marekkuchcinski.pl\/wp-content\/uploads\/2022\/10\/IMG_1822-300x225.jpg 300w, https:\/\/marekkuchcinski.pl\/wp-content\/uploads\/2022\/10\/IMG_1822-768x576.jpg 768w, https:\/\/marekkuchcinski.pl\/wp-content\/uploads\/2022\/10\/IMG_1822-1536x1152.jpg 1536w, https:\/\/marekkuchcinski.pl\/wp-content\/uploads\/2022\/10\/IMG_1822-16x12.jpg 16w, https:\/\/marekkuchcinski.pl\/wp-content\/uploads\/2022\/10\/IMG_1822.jpg 1600w\" sizes=\"(max-width: 1024px) 100vw, 1024px\" \/><\/a><\/figure>\n\n\n\n<figure class=\"wp-block-image size-full\"><a href=\"https:\/\/marekkuchcinski.pl\/wp-content\/uploads\/2022\/10\/gopr2.jpg\"><img loading=\"lazy\" decoding=\"async\" width=\"1024\" height=\"768\" src=\"https:\/\/marekkuchcinski.pl\/wp-content\/uploads\/2022\/10\/gopr2.jpg\" alt=\"\" class=\"wp-image-26607\" srcset=\"https:\/\/marekkuchcinski.pl\/wp-content\/uploads\/2022\/10\/gopr2.jpg 1024w, https:\/\/marekkuchcinski.pl\/wp-content\/uploads\/2022\/10\/gopr2-300x225.jpg 300w, https:\/\/marekkuchcinski.pl\/wp-content\/uploads\/2022\/10\/gopr2-768x576.jpg 768w, https:\/\/marekkuchcinski.pl\/wp-content\/uploads\/2022\/10\/gopr2-16x12.jpg 16w\" sizes=\"(max-width: 1024px) 100vw, 1024px\" \/><\/a><\/figure>\n\n\n\n<figure class=\"wp-block-image size-full\"><a href=\"https:\/\/marekkuchcinski.pl\/wp-content\/uploads\/2022\/10\/gopr.jpg\"><img loading=\"lazy\" decoding=\"async\" width=\"960\" height=\"720\" src=\"https:\/\/marekkuchcinski.pl\/wp-content\/uploads\/2022\/10\/gopr.jpg\" alt=\"\" class=\"wp-image-26608\" srcset=\"https:\/\/marekkuchcinski.pl\/wp-content\/uploads\/2022\/10\/gopr.jpg 960w, https:\/\/marekkuchcinski.pl\/wp-content\/uploads\/2022\/10\/gopr-300x225.jpg 300w, https:\/\/marekkuchcinski.pl\/wp-content\/uploads\/2022\/10\/gopr-768x576.jpg 768w, https:\/\/marekkuchcinski.pl\/wp-content\/uploads\/2022\/10\/gopr-16x12.jpg 16w\" sizes=\"(max-width: 960px) 100vw, 960px\" \/><\/a><\/figure>","protected":false},"excerpt":{"rendered":"<p>Parlamentarny zesp\u00f3\u0142 ds. ratownictwa g\u00f3rskiego (z przewodnicz\u0105cym Markiem Kuchci\u0144skim) 6 pa\u017adziernika spotka\u0142 si\u0119 z przedstawicielami G\u00f3rskiego Ochotniczego Pogotowia Ratunkowego, kt\u00f3rzy przedstawili zrealizowane przez GOPR zadania, ale tak\u017ce potrzeby i problemy, z jakimi zmagaj\u0105 si\u0119 ratownicy. Efektem wsp\u00f3\u0142pracy z zespo\u0142em jest m.in.: obj\u0119cie przez Ministerstwo Spraw Wewn\u0119trznych i Administracji senior\u00f3w ratownictwa g\u00f3rskiego systemem dodatk\u00f3w emerytalnych jako [&hellip;]<\/p>\n","protected":false},"author":3,"featured_media":26614,"comment_status":"open","ping_status":"open","sticky":false,"template":"","format":"standard","meta":{"ngg_post_thumbnail":0,"footnotes":""},"categories":[3],"tags":[],"class_list":["post-26602","post","type-post","status-publish","format-standard","has-post-thumbnail","hentry","category-wydarzenia"],"yoast_head":"<!-- This site is optimized with the Yoast SEO plugin v28.4 - https:\/\/yoast.com\/product\/yoast-seo-wordpress\/ -->\n<title>Sejm wspiera GOPR. Wyniki wsp\u00f3\u0142pracy z parlamentarnym zespo\u0142em ds. ratownictwa g\u00f3rskiego &#8211; Marek Kuchci\u0144ski<\/title>\n<meta name=\"robots\" content=\"index, follow, max-snippet:-1, max-image-preview:large, max-video-preview:-1\" \/>\n<link rel=\"canonical\" href=\"https:\/\/marekkuchcinski.pl\/ro\/wydarzenia\/sejm-wspiera-gopr-wyniki-wspolpracy-z-parlamentarnym-zespolem-ds-ratownictwa-gorskiego\/\" \/>\n<meta property=\"og:locale\" content=\"ro_RO\" \/>\n<meta property=\"og:type\" content=\"article\" \/>\n<meta property=\"og:title\" content=\"Sejm wspiera GOPR. Wyniki wsp\u00f3\u0142pracy z parlamentarnym zespo\u0142em ds. ratownictwa g\u00f3rskiego &#8211; Marek Kuchci\u0144ski\" \/>\n<meta property=\"og:description\" content=\"Parlamentarny zesp\u00f3\u0142 ds. ratownictwa g\u00f3rskiego (z przewodnicz\u0105cym Markiem Kuchci\u0144skim) 6 pa\u017adziernika spotka\u0142 si\u0119 z przedstawicielami G\u00f3rskiego Ochotniczego Pogotowia Ratunkowego, kt\u00f3rzy przedstawili zrealizowane przez GOPR zadania, ale tak\u017ce potrzeby i problemy, z jakimi zmagaj\u0105 si\u0119 ratownicy. Efektem wsp\u00f3\u0142pracy z zespo\u0142em jest m.in.: obj\u0119cie przez Ministerstwo Spraw Wewn\u0119trznych i Administracji senior\u00f3w ratownictwa g\u00f3rskiego systemem dodatk\u00f3w emerytalnych jako [&hellip;]\" \/>\n<meta property=\"og:url\" content=\"https:\/\/marekkuchcinski.pl\/ro\/wydarzenia\/sejm-wspiera-gopr-wyniki-wspolpracy-z-parlamentarnym-zespolem-ds-ratownictwa-gorskiego\/\" \/>\n<meta property=\"og:site_name\" content=\"Marek Kuchci\u0144ski\" \/>\n<meta property=\"article:published_time\" content=\"2022-10-09T16:12:46+00:00\" \/>\n<meta property=\"article:modified_time\" content=\"2022-10-12T08:03:15+00:00\" \/>\n<meta property=\"og:image\" content=\"https:\/\/marekkuchcinski.pl\/wp-content\/uploads\/2022\/10\/2_edited-1.jpg\" \/>\n\t<meta property=\"og:image:width\" content=\"678\" \/>\n\t<meta property=\"og:image:height\" content=\"452\" \/>\n\t<meta property=\"og:image:type\" content=\"image\/jpeg\" \/>\n<meta name=\"author\" content=\"Marta Olejnik\" \/>\n<meta name=\"twitter:card\" content=\"summary_large_image\" \/>\n<meta name=\"twitter:label1\" content=\"Written by\" \/>\n\t<meta name=\"twitter:data1\" content=\"Marta Olejnik\" \/>\n\t<meta name=\"twitter:label2\" content=\"Est. reading time\" \/>\n\t<meta name=\"twitter:data2\" content=\"4 minutes\" \/>\n<script type=\"application\/ld+json\" class=\"yoast-schema-graph\">{\"@context\":\"https:\\\/\\\/schema.org\",\"@graph\":[{\"@type\":\"Article\",\"@id\":\"https:\\\/\\\/marekkuchcinski.pl\\\/wydarzenia\\\/sejm-wspiera-gopr-wyniki-wspolpracy-z-parlamentarnym-zespolem-ds-ratownictwa-gorskiego\\\/#article\",\"isPartOf\":{\"@id\":\"https:\\\/\\\/marekkuchcinski.pl\\\/wydarzenia\\\/sejm-wspiera-gopr-wyniki-wspolpracy-z-parlamentarnym-zespolem-ds-ratownictwa-gorskiego\\\/\"},\"author\":{\"name\":\"Marta Olejnik\",\"@id\":\"https:\\\/\\\/marekkuchcinski.pl\\\/#\\\/schema\\\/person\\\/bd3f15dee67fee76e83c8350d0154101\"},\"headline\":\"Sejm wspiera GOPR. Wyniki wsp\u00f3\u0142pracy z parlamentarnym zespo\u0142em ds. ratownictwa g\u00f3rskiego\",\"datePublished\":\"2022-10-09T16:12:46+00:00\",\"dateModified\":\"2022-10-12T08:03:15+00:00\",\"mainEntityOfPage\":{\"@id\":\"https:\\\/\\\/marekkuchcinski.pl\\\/wydarzenia\\\/sejm-wspiera-gopr-wyniki-wspolpracy-z-parlamentarnym-zespolem-ds-ratownictwa-gorskiego\\\/\"},\"wordCount\":411,\"commentCount\":0,\"publisher\":{\"@id\":\"https:\\\/\\\/marekkuchcinski.pl\\\/#organization\"},\"image\":{\"@id\":\"https:\\\/\\\/marekkuchcinski.pl\\\/wydarzenia\\\/sejm-wspiera-gopr-wyniki-wspolpracy-z-parlamentarnym-zespolem-ds-ratownictwa-gorskiego\\\/#primaryimage\"},\"thumbnailUrl\":\"https:\\\/\\\/marekkuchcinski.pl\\\/wp-content\\\/uploads\\\/2022\\\/10\\\/2_edited-1.jpg\",\"articleSection\":[\"Wydarzenia\"],\"inLanguage\":\"ro-RO\",\"potentialAction\":[{\"@type\":\"CommentAction\",\"name\":\"Comment\",\"target\":[\"https:\\\/\\\/marekkuchcinski.pl\\\/wydarzenia\\\/sejm-wspiera-gopr-wyniki-wspolpracy-z-parlamentarnym-zespolem-ds-ratownictwa-gorskiego\\\/#respond\"]}]},{\"@type\":\"WebPage\",\"@id\":\"https:\\\/\\\/marekkuchcinski.pl\\\/wydarzenia\\\/sejm-wspiera-gopr-wyniki-wspolpracy-z-parlamentarnym-zespolem-ds-ratownictwa-gorskiego\\\/\",\"url\":\"https:\\\/\\\/marekkuchcinski.pl\\\/wydarzenia\\\/sejm-wspiera-gopr-wyniki-wspolpracy-z-parlamentarnym-zespolem-ds-ratownictwa-gorskiego\\\/\",\"name\":\"Sejm wspiera GOPR. Wyniki wsp\u00f3\u0142pracy z parlamentarnym zespo\u0142em ds. ratownictwa g\u00f3rskiego &#8211; Marek Kuchci\u0144ski\",\"isPartOf\":{\"@id\":\"https:\\\/\\\/marekkuchcinski.pl\\\/#website\"},\"primaryImageOfPage\":{\"@id\":\"https:\\\/\\\/marekkuchcinski.pl\\\/wydarzenia\\\/sejm-wspiera-gopr-wyniki-wspolpracy-z-parlamentarnym-zespolem-ds-ratownictwa-gorskiego\\\/#primaryimage\"},\"image\":{\"@id\":\"https:\\\/\\\/marekkuchcinski.pl\\\/wydarzenia\\\/sejm-wspiera-gopr-wyniki-wspolpracy-z-parlamentarnym-zespolem-ds-ratownictwa-gorskiego\\\/#primaryimage\"},\"thumbnailUrl\":\"https:\\\/\\\/marekkuchcinski.pl\\\/wp-content\\\/uploads\\\/2022\\\/10\\\/2_edited-1.jpg\",\"datePublished\":\"2022-10-09T16:12:46+00:00\",\"dateModified\":\"2022-10-12T08:03:15+00:00\",\"breadcrumb\":{\"@id\":\"https:\\\/\\\/marekkuchcinski.pl\\\/wydarzenia\\\/sejm-wspiera-gopr-wyniki-wspolpracy-z-parlamentarnym-zespolem-ds-ratownictwa-gorskiego\\\/#breadcrumb\"},\"inLanguage\":\"ro-RO\",\"potentialAction\":[{\"@type\":\"ReadAction\",\"target\":[\"https:\\\/\\\/marekkuchcinski.pl\\\/wydarzenia\\\/sejm-wspiera-gopr-wyniki-wspolpracy-z-parlamentarnym-zespolem-ds-ratownictwa-gorskiego\\\/\"]}]},{\"@type\":\"ImageObject\",\"inLanguage\":\"ro-RO\",\"@id\":\"https:\\\/\\\/marekkuchcinski.pl\\\/wydarzenia\\\/sejm-wspiera-gopr-wyniki-wspolpracy-z-parlamentarnym-zespolem-ds-ratownictwa-gorskiego\\\/#primaryimage\",\"url\":\"https:\\\/\\\/marekkuchcinski.pl\\\/wp-content\\\/uploads\\\/2022\\\/10\\\/2_edited-1.jpg\",\"contentUrl\":\"https:\\\/\\\/marekkuchcinski.pl\\\/wp-content\\\/uploads\\\/2022\\\/10\\\/2_edited-1.jpg\",\"width\":678,\"height\":452},{\"@type\":\"BreadcrumbList\",\"@id\":\"https:\\\/\\\/marekkuchcinski.pl\\\/wydarzenia\\\/sejm-wspiera-gopr-wyniki-wspolpracy-z-parlamentarnym-zespolem-ds-ratownictwa-gorskiego\\\/#breadcrumb\",\"itemListElement\":[{\"@type\":\"ListItem\",\"position\":1,\"name\":\"Strona g\u0142\u00f3wna\",\"item\":\"https:\\\/\\\/marekkuchcinski.pl\\\/\"},{\"@type\":\"ListItem\",\"position\":2,\"name\":\"Sejm wspiera GOPR. Wyniki wsp\u00f3\u0142pracy z parlamentarnym zespo\u0142em ds. ratownictwa g\u00f3rskiego\"}]},{\"@type\":\"WebSite\",\"@id\":\"https:\\\/\\\/marekkuchcinski.pl\\\/#website\",\"url\":\"https:\\\/\\\/marekkuchcinski.pl\\\/\",\"name\":\"Marek Kuchci\u0144ski\",\"description\":\"Marek Kuchci\u0144ski \",\"publisher\":{\"@id\":\"https:\\\/\\\/marekkuchcinski.pl\\\/#organization\"},\"potentialAction\":[{\"@type\":\"SearchAction\",\"target\":{\"@type\":\"EntryPoint\",\"urlTemplate\":\"https:\\\/\\\/marekkuchcinski.pl\\\/?s={search_term_string}\"},\"query-input\":{\"@type\":\"PropertyValueSpecification\",\"valueRequired\":true,\"valueName\":\"search_term_string\"}}],\"inLanguage\":\"ro-RO\"},{\"@type\":\"Organization\",\"@id\":\"https:\\\/\\\/marekkuchcinski.pl\\\/#organization\",\"name\":\"Marek Kuchci\u0144ski\",\"url\":\"https:\\\/\\\/marekkuchcinski.pl\\\/\",\"logo\":{\"@type\":\"ImageObject\",\"inLanguage\":\"ro-RO\",\"@id\":\"https:\\\/\\\/marekkuchcinski.pl\\\/#\\\/schema\\\/logo\\\/image\\\/\",\"url\":\"https:\\\/\\\/marekkuchcinski.pl\\\/wp-content\\\/uploads\\\/2022\\\/09\\\/Marek.jpg\",\"contentUrl\":\"https:\\\/\\\/marekkuchcinski.pl\\\/wp-content\\\/uploads\\\/2022\\\/09\\\/Marek.jpg\",\"width\":1600,\"height\":971,\"caption\":\"Marek Kuchci\u0144ski\"},\"image\":{\"@id\":\"https:\\\/\\\/marekkuchcinski.pl\\\/#\\\/schema\\\/logo\\\/image\\\/\"}},{\"@type\":\"Person\",\"@id\":\"https:\\\/\\\/marekkuchcinski.pl\\\/#\\\/schema\\\/person\\\/bd3f15dee67fee76e83c8350d0154101\",\"name\":\"Marta Olejnik\",\"image\":{\"@type\":\"ImageObject\",\"inLanguage\":\"ro-RO\",\"@id\":\"https:\\\/\\\/secure.gravatar.com\\\/avatar\\\/24754edd6080383402e292374b406b553027d572e97d60e7aa89a6940e88659a?s=96&d=mm&r=g\",\"url\":\"https:\\\/\\\/secure.gravatar.com\\\/avatar\\\/24754edd6080383402e292374b406b553027d572e97d60e7aa89a6940e88659a?s=96&d=mm&r=g\",\"contentUrl\":\"https:\\\/\\\/secure.gravatar.com\\\/avatar\\\/24754edd6080383402e292374b406b553027d572e97d60e7aa89a6940e88659a?s=96&d=mm&r=g\",\"caption\":\"Marta Olejnik\"},\"url\":\"https:\\\/\\\/marekkuchcinski.pl\\\/ro\\\/author\\\/marta\\\/\"}]}<\/script>\n<!-- \/ Yoast SEO plugin. -->","yoast_head_json":{"title":"Sejm wspiera GOPR. Wyniki wsp\u00f3\u0142pracy z parlamentarnym zespo\u0142em ds. ratownictwa g\u00f3rskiego &#8211; Marek Kuchci\u0144ski","robots":{"index":"index","follow":"follow","max-snippet":"max-snippet:-1","max-image-preview":"max-image-preview:large","max-video-preview":"max-video-preview:-1"},"canonical":"https:\/\/marekkuchcinski.pl\/ro\/wydarzenia\/sejm-wspiera-gopr-wyniki-wspolpracy-z-parlamentarnym-zespolem-ds-ratownictwa-gorskiego\/","og_locale":"ro_RO","og_type":"article","og_title":"Sejm wspiera GOPR. Wyniki wsp\u00f3\u0142pracy z parlamentarnym zespo\u0142em ds. ratownictwa g\u00f3rskiego &#8211; Marek Kuchci\u0144ski","og_description":"Parlamentarny zesp\u00f3\u0142 ds. ratownictwa g\u00f3rskiego (z przewodnicz\u0105cym Markiem Kuchci\u0144skim) 6 pa\u017adziernika spotka\u0142 si\u0119 z przedstawicielami G\u00f3rskiego Ochotniczego Pogotowia Ratunkowego, kt\u00f3rzy przedstawili zrealizowane przez GOPR zadania, ale tak\u017ce potrzeby i problemy, z jakimi zmagaj\u0105 si\u0119 ratownicy. Efektem wsp\u00f3\u0142pracy z zespo\u0142em jest m.in.: obj\u0119cie przez Ministerstwo Spraw Wewn\u0119trznych i Administracji senior\u00f3w ratownictwa g\u00f3rskiego systemem dodatk\u00f3w emerytalnych jako [&hellip;]","og_url":"https:\/\/marekkuchcinski.pl\/ro\/wydarzenia\/sejm-wspiera-gopr-wyniki-wspolpracy-z-parlamentarnym-zespolem-ds-ratownictwa-gorskiego\/","og_site_name":"Marek Kuchci\u0144ski","article_published_time":"2022-10-09T16:12:46+00:00","article_modified_time":"2022-10-12T08:03:15+00:00","og_image":[{"width":678,"height":452,"url":"https:\/\/marekkuchcinski.pl\/wp-content\/uploads\/2022\/10\/2_edited-1.jpg","type":"image\/jpeg"}],"author":"Marta Olejnik","twitter_card":"summary_large_image","twitter_misc":{"Written by":"Marta Olejnik","Est. reading time":"4 minutes"},"schema":{"@context":"https:\/\/schema.org","@graph":[{"@type":"Article","@id":"https:\/\/marekkuchcinski.pl\/wydarzenia\/sejm-wspiera-gopr-wyniki-wspolpracy-z-parlamentarnym-zespolem-ds-ratownictwa-gorskiego\/#article","isPartOf":{"@id":"https:\/\/marekkuchcinski.pl\/wydarzenia\/sejm-wspiera-gopr-wyniki-wspolpracy-z-parlamentarnym-zespolem-ds-ratownictwa-gorskiego\/"},"author":{"name":"Marta Olejnik","@id":"https:\/\/marekkuchcinski.pl\/#\/schema\/person\/bd3f15dee67fee76e83c8350d0154101"},"headline":"Sejm wspiera GOPR. Wyniki wsp\u00f3\u0142pracy z parlamentarnym zespo\u0142em ds. ratownictwa g\u00f3rskiego","datePublished":"2022-10-09T16:12:46+00:00","dateModified":"2022-10-12T08:03:15+00:00","mainEntityOfPage":{"@id":"https:\/\/marekkuchcinski.pl\/wydarzenia\/sejm-wspiera-gopr-wyniki-wspolpracy-z-parlamentarnym-zespolem-ds-ratownictwa-gorskiego\/"},"wordCount":411,"commentCount":0,"publisher":{"@id":"https:\/\/marekkuchcinski.pl\/#organization"},"image":{"@id":"https:\/\/marekkuchcinski.pl\/wydarzenia\/sejm-wspiera-gopr-wyniki-wspolpracy-z-parlamentarnym-zespolem-ds-ratownictwa-gorskiego\/#primaryimage"},"thumbnailUrl":"https:\/\/marekkuchcinski.pl\/wp-content\/uploads\/2022\/10\/2_edited-1.jpg","articleSection":["Wydarzenia"],"inLanguage":"ro-RO","potentialAction":[{"@type":"CommentAction","name":"Comment","target":["https:\/\/marekkuchcinski.pl\/wydarzenia\/sejm-wspiera-gopr-wyniki-wspolpracy-z-parlamentarnym-zespolem-ds-ratownictwa-gorskiego\/#respond"]}]},{"@type":"WebPage","@id":"https:\/\/marekkuchcinski.pl\/wydarzenia\/sejm-wspiera-gopr-wyniki-wspolpracy-z-parlamentarnym-zespolem-ds-ratownictwa-gorskiego\/","url":"https:\/\/marekkuchcinski.pl\/wydarzenia\/sejm-wspiera-gopr-wyniki-wspolpracy-z-parlamentarnym-zespolem-ds-ratownictwa-gorskiego\/","name":"Sejm wspiera GOPR. Wyniki wsp\u00f3\u0142pracy z parlamentarnym zespo\u0142em ds. ratownictwa g\u00f3rskiego &#8211; Marek Kuchci\u0144ski","isPartOf":{"@id":"https:\/\/marekkuchcinski.pl\/#website"},"primaryImageOfPage":{"@id":"https:\/\/marekkuchcinski.pl\/wydarzenia\/sejm-wspiera-gopr-wyniki-wspolpracy-z-parlamentarnym-zespolem-ds-ratownictwa-gorskiego\/#primaryimage"},"image":{"@id":"https:\/\/marekkuchcinski.pl\/wydarzenia\/sejm-wspiera-gopr-wyniki-wspolpracy-z-parlamentarnym-zespolem-ds-ratownictwa-gorskiego\/#primaryimage"},"thumbnailUrl":"https:\/\/marekkuchcinski.pl\/wp-content\/uploads\/2022\/10\/2_edited-1.jpg","datePublished":"2022-10-09T16:12:46+00:00","dateModified":"2022-10-12T08:03:15+00:00","breadcrumb":{"@id":"https:\/\/marekkuchcinski.pl\/wydarzenia\/sejm-wspiera-gopr-wyniki-wspolpracy-z-parlamentarnym-zespolem-ds-ratownictwa-gorskiego\/#breadcrumb"},"inLanguage":"ro-RO","potentialAction":[{"@type":"ReadAction","target":["https:\/\/marekkuchcinski.pl\/wydarzenia\/sejm-wspiera-gopr-wyniki-wspolpracy-z-parlamentarnym-zespolem-ds-ratownictwa-gorskiego\/"]}]},{"@type":"ImageObject","inLanguage":"ro-RO","@id":"https:\/\/marekkuchcinski.pl\/wydarzenia\/sejm-wspiera-gopr-wyniki-wspolpracy-z-parlamentarnym-zespolem-ds-ratownictwa-gorskiego\/#primaryimage","url":"https:\/\/marekkuchcinski.pl\/wp-content\/uploads\/2022\/10\/2_edited-1.jpg","contentUrl":"https:\/\/marekkuchcinski.pl\/wp-content\/uploads\/2022\/10\/2_edited-1.jpg","width":678,"height":452},{"@type":"BreadcrumbList","@id":"https:\/\/marekkuchcinski.pl\/wydarzenia\/sejm-wspiera-gopr-wyniki-wspolpracy-z-parlamentarnym-zespolem-ds-ratownictwa-gorskiego\/#breadcrumb","itemListElement":[{"@type":"ListItem","position":1,"name":"Strona g\u0142\u00f3wna","item":"https:\/\/marekkuchcinski.pl\/"},{"@type":"ListItem","position":2,"name":"Sejm wspiera GOPR. Wyniki wsp\u00f3\u0142pracy z parlamentarnym zespo\u0142em ds. ratownictwa g\u00f3rskiego"}]},{"@type":"WebSite","@id":"https:\/\/marekkuchcinski.pl\/#website","url":"https:\/\/marekkuchcinski.pl\/","name":"Marek Kuchci\u0144ski","description":"Marek Kuchci\u0144ski","publisher":{"@id":"https:\/\/marekkuchcinski.pl\/#organization"},"potentialAction":[{"@type":"SearchAction","target":{"@type":"EntryPoint","urlTemplate":"https:\/\/marekkuchcinski.pl\/?s={search_term_string}"},"query-input":{"@type":"PropertyValueSpecification","valueRequired":true,"valueName":"search_term_string"}}],"inLanguage":"ro-RO"},{"@type":"Organization","@id":"https:\/\/marekkuchcinski.pl\/#organization","name":"Marek Kuchci\u0144ski","url":"https:\/\/marekkuchcinski.pl\/","logo":{"@type":"ImageObject","inLanguage":"ro-RO","@id":"https:\/\/marekkuchcinski.pl\/#\/schema\/logo\/image\/","url":"https:\/\/marekkuchcinski.pl\/wp-content\/uploads\/2022\/09\/Marek.jpg","contentUrl":"https:\/\/marekkuchcinski.pl\/wp-content\/uploads\/2022\/09\/Marek.jpg","width":1600,"height":971,"caption":"Marek Kuchci\u0144ski"},"image":{"@id":"https:\/\/marekkuchcinski.pl\/#\/schema\/logo\/image\/"}},{"@type":"Person","@id":"https:\/\/marekkuchcinski.pl\/#\/schema\/person\/bd3f15dee67fee76e83c8350d0154101","name":"Marta Olejnik","image":{"@type":"ImageObject","inLanguage":"ro-RO","@id":"https:\/\/secure.gravatar.com\/avatar\/24754edd6080383402e292374b406b553027d572e97d60e7aa89a6940e88659a?s=96&d=mm&r=g","url":"https:\/\/secure.gravatar.com\/avatar\/24754edd6080383402e292374b406b553027d572e97d60e7aa89a6940e88659a?s=96&d=mm&r=g","contentUrl":"https:\/\/secure.gravatar.com\/avatar\/24754edd6080383402e292374b406b553027d572e97d60e7aa89a6940e88659a?s=96&d=mm&r=g","caption":"Marta Olejnik"},"url":"https:\/\/marekkuchcinski.pl\/ro\/author\/marta\/"}]}},"_links":{"self":[{"href":"https:\/\/marekkuchcinski.pl\/ro\/wp-json\/wp\/v2\/posts\/26602","targetHints":{"allow":["GET"]}}],"collection":[{"href":"https:\/\/marekkuchcinski.pl\/ro\/wp-json\/wp\/v2\/posts"}],"about":[{"href":"https:\/\/marekkuchcinski.pl\/ro\/wp-json\/wp\/v2\/types\/post"}],"author":[{"embeddable":true,"href":"https:\/\/marekkuchcinski.pl\/ro\/wp-json\/wp\/v2\/users\/3"}],"replies":[{"embeddable":true,"href":"https:\/\/marekkuchcinski.pl\/ro\/wp-json\/wp\/v2\/comments?post=26602"}],"version-history":[{"count":9,"href":"https:\/\/marekkuchcinski.pl\/ro\/wp-json\/wp\/v2\/posts\/26602\/revisions"}],"predecessor-version":[{"id":26628,"href":"https:\/\/marekkuchcinski.pl\/ro\/wp-json\/wp\/v2\/posts\/26602\/revisions\/26628"}],"wp:featuredmedia":[{"embeddable":true,"href":"https:\/\/marekkuchcinski.pl\/ro\/wp-json\/wp\/v2\/media\/26614"}],"wp:attachment":[{"href":"https:\/\/marekkuchcinski.pl\/ro\/wp-json\/wp\/v2\/media?parent=26602"}],"wp:term":[{"taxonomy":"category","embeddable":true,"href":"https:\/\/marekkuchcinski.pl\/ro\/wp-json\/wp\/v2\/categories?post=26602"},{"taxonomy":"post_tag","embeddable":true,"href":"https:\/\/marekkuchcinski.pl\/ro\/wp-json\/wp\/v2\/tags?post=26602"}],"curies":[{"name":"wp","href":"https:\/\/api.w.org\/{rel}","templated":true}]}}