{"id":26595,"date":"2022-10-01T13:18:36","date_gmt":"2022-10-01T11:18:36","guid":{"rendered":"https:\/\/marekkuchcinski.pl\/?p=26595"},"modified":"2022-10-02T00:43:02","modified_gmt":"2022-10-01T22:43:02","slug":"nowa-tarcza-solidarnosciowa-ochroni-przed-wzrostem-cen-energii","status":"publish","type":"post","link":"https:\/\/marekkuchcinski.pl\/ro\/wydarzenia\/nowa-tarcza-solidarnosciowa-ochroni-przed-wzrostem-cen-energii\/","title":{"rendered":"Nowa Tarcza Solidarno\u015bciowa ochroni przed wzrostem cen energii"},"content":{"rendered":"<p class=\"wp-block-paragraph\">Sejm przyj\u0105\u0142 Tarcz\u0119 Solidarno\u015bciow\u0105, zak\u0142adaj\u0105c\u0105 zamro\u017cenie cen energii:<\/p>\n\n\n\n<p class=\"wp-block-paragraph\">do 2 tys. kWh rocznie dla&nbsp;wszystkich gospodarstw domowych,<\/p>\n\n\n\n<p class=\"wp-block-paragraph\">do 2,6 tys. kWh rocznie dla&nbsp;gospodarstw domowych z&nbsp;osobami z&nbsp;niepe\u0142nosprawno\u015bciami,<\/p>\n\n\n\n<p class=\"wp-block-paragraph\">do 3 tys. kWh rocznie dla&nbsp;rodzin trzy plus \u2013 czyli rodzin z&nbsp;Kart\u0105 Du\u017cej Rodziny oraz&nbsp;rolnik\u00f3w.<\/p>\n\n\n\n<p class=\"wp-block-paragraph\">3000 z\u0142otych otrzymaj\u0105&nbsp;gospodarstwa domowe korzystaj\u0105ce z pelletu lub innych rodzaj\u00f3w biomasy.<\/p>\n\n\n\n<p class=\"wp-block-paragraph\">1000 z\u0142otych \u2013ogrzewaj\u0105ce drewnem kawa\u0142kowym.<\/p>\n\n\n\n<p class=\"wp-block-paragraph\">500 z\u0142otych \u2013 skroplonym gazem LPG.<\/p>\n\n\n\n<p class=\"wp-block-paragraph\">2000 z\u0142otych \u2013 olejem opa\u0142owym.\u00a0<\/p>\n\n\n\n<p class=\"wp-block-paragraph\">Dodatek b\u0119dzie przys\u0142ugiwa\u0142 gospodarstwom domowym, dla kt\u00f3rych g\u0142\u00f3wnym \u017ar\u00f3d\u0142em ogrzewania jest kocio\u0142 na paliwo sta\u0142e, kominek, \u201ekoza\u201d, ogrzewacz powietrza, trzon kuchenny, piecokuchnia albo piec kaflowy na paliwo sta\u0142e albo kocio\u0142 gazowy zasilany skroplonym gazem LPG, albo kocio\u0142 olejowy.<\/p>\n\n\n\n<p class=\"wp-block-paragraph\">Dodatek b\u0119dzie wyp\u0142acany zgodnie z zasad\u0105 jeden dodatek na jeden adres zamieszkania.<\/p>\n\n\n\n<p class=\"wp-block-paragraph\">Wsparciem zostan\u0105 obj\u0119te tak\u017ce przedsi\u0119biorstwa, w przypadku kt\u00f3rych prowadzenie dzia\u0142alno\u015bci gospodarczej jest zagro\u017cone ze wzgl\u0119du na dynamiczny wzrost koszt\u00f3w energii i gazu. Proponowane w Tarczy rozwi\u0105zania przewiduj\u0105 m.in. przy\u015bpieszenie budowy tzw. bezpo\u015brednich linii energetycznych. Mog\u0105 one \u0142\u0105czy\u0107 jednostki wytwarzania energii, w tym w szczeg\u00f3lno\u015bci ze \u017ar\u00f3de\u0142 odnawialnych (np. farm\u0119 wiatrow\u0105, zapor\u0119 wodn\u0105, farm\u0119 s\u0142oneczn\u0105) bezpo\u015brednio z odbiorc\u0105.<\/p>\n\n\n\n<p class=\"wp-block-paragraph\">Z zamro\u017cenia cen wy\u0142\u0105czeni b\u0119d\u0105 odbiorcy, kt\u00f3rzy wcze\u015bniej zawarli rynkowe umowy, gwarantuj\u0105ce im&nbsp;sta\u0142\u0105 cen\u0119 za energi\u0119 elektryczn\u0105 w&nbsp;2023 r.<\/p>\n\n\n\n<p class=\"wp-block-paragraph\"><\/p>\n\n\n\n<figure class=\"wp-block-image size-large\"><a href=\"https:\/\/marekkuchcinski.pl\/wp-content\/uploads\/2022\/10\/IMG_3821-1.jpg\"><img fetchpriority=\"high\" decoding=\"async\" width=\"1024\" height=\"682\" src=\"https:\/\/marekkuchcinski.pl\/wp-content\/uploads\/2022\/10\/IMG_3821-1-1024x682.jpg\" alt=\"\" class=\"wp-image-26597\" srcset=\"https:\/\/marekkuchcinski.pl\/wp-content\/uploads\/2022\/10\/IMG_3821-1-1024x682.jpg 1024w, https:\/\/marekkuchcinski.pl\/wp-content\/uploads\/2022\/10\/IMG_3821-1-300x200.jpg 300w, https:\/\/marekkuchcinski.pl\/wp-content\/uploads\/2022\/10\/IMG_3821-1-768x512.jpg 768w, https:\/\/marekkuchcinski.pl\/wp-content\/uploads\/2022\/10\/IMG_3821-1-1536x1023.jpg 1536w, https:\/\/marekkuchcinski.pl\/wp-content\/uploads\/2022\/10\/IMG_3821-1-18x12.jpg 18w, https:\/\/marekkuchcinski.pl\/wp-content\/uploads\/2022\/10\/IMG_3821-1.jpg 1600w\" sizes=\"(max-width: 1024px) 100vw, 1024px\" \/><\/a><figcaption><em>fot. Marta Olejnik<\/em><\/figcaption><\/figure>","protected":false},"excerpt":{"rendered":"<p>Sejm przyj\u0105\u0142 Tarcz\u0119 Solidarno\u015bciow\u0105, zak\u0142adaj\u0105c\u0105 zamro\u017cenie cen energii: do 2 tys. kWh rocznie dla&nbsp;wszystkich gospodarstw domowych, do 2,6 tys. kWh rocznie dla&nbsp;gospodarstw domowych z&nbsp;osobami z&nbsp;niepe\u0142nosprawno\u015bciami, do 3 tys. kWh rocznie dla&nbsp;rodzin trzy plus \u2013 czyli rodzin z&nbsp;Kart\u0105 Du\u017cej Rodziny oraz&nbsp;rolnik\u00f3w. 3000 z\u0142otych otrzymaj\u0105&nbsp;gospodarstwa domowe korzystaj\u0105ce z pelletu lub innych rodzaj\u00f3w biomasy. 1000 z\u0142otych \u2013ogrzewaj\u0105ce drewnem [&hellip;]<\/p>\n","protected":false},"author":3,"featured_media":26597,"comment_status":"open","ping_status":"open","sticky":false,"template":"","format":"standard","meta":{"ngg_post_thumbnail":0,"footnotes":""},"categories":[3],"tags":[],"class_list":["post-26595","post","type-post","status-publish","format-standard","has-post-thumbnail","hentry","category-wydarzenia"],"yoast_head":"<!-- This site is optimized with the Yoast SEO plugin v28.4 - https:\/\/yoast.com\/product\/yoast-seo-wordpress\/ -->\n<title>Nowa Tarcza Solidarno\u015bciowa ochroni przed wzrostem cen energii &#8211; Marek Kuchci\u0144ski<\/title>\n<meta name=\"robots\" content=\"index, follow, max-snippet:-1, max-image-preview:large, max-video-preview:-1\" \/>\n<link rel=\"canonical\" href=\"https:\/\/marekkuchcinski.pl\/ro\/wydarzenia\/nowa-tarcza-solidarnosciowa-ochroni-przed-wzrostem-cen-energii\/\" \/>\n<meta property=\"og:locale\" content=\"ro_RO\" \/>\n<meta property=\"og:type\" content=\"article\" \/>\n<meta property=\"og:title\" content=\"Nowa Tarcza Solidarno\u015bciowa ochroni przed wzrostem cen energii &#8211; Marek Kuchci\u0144ski\" \/>\n<meta property=\"og:description\" content=\"Sejm przyj\u0105\u0142 Tarcz\u0119 Solidarno\u015bciow\u0105, zak\u0142adaj\u0105c\u0105 zamro\u017cenie cen energii: do 2 tys. kWh rocznie dla&nbsp;wszystkich gospodarstw domowych, do 2,6 tys. kWh rocznie dla&nbsp;gospodarstw domowych z&nbsp;osobami z&nbsp;niepe\u0142nosprawno\u015bciami, do 3 tys. kWh rocznie dla&nbsp;rodzin trzy plus \u2013 czyli rodzin z&nbsp;Kart\u0105 Du\u017cej Rodziny oraz&nbsp;rolnik\u00f3w. 3000 z\u0142otych otrzymaj\u0105&nbsp;gospodarstwa domowe korzystaj\u0105ce z pelletu lub innych rodzaj\u00f3w biomasy. 1000 z\u0142otych \u2013ogrzewaj\u0105ce drewnem [&hellip;]\" \/>\n<meta property=\"og:url\" content=\"https:\/\/marekkuchcinski.pl\/ro\/wydarzenia\/nowa-tarcza-solidarnosciowa-ochroni-przed-wzrostem-cen-energii\/\" \/>\n<meta property=\"og:site_name\" content=\"Marek Kuchci\u0144ski\" \/>\n<meta property=\"article:published_time\" content=\"2022-10-01T11:18:36+00:00\" \/>\n<meta property=\"article:modified_time\" content=\"2022-10-01T22:43:02+00:00\" \/>\n<meta property=\"og:image\" content=\"https:\/\/marekkuchcinski.pl\/wp-content\/uploads\/2022\/10\/IMG_3821-1.jpg\" \/>\n\t<meta property=\"og:image:width\" content=\"1600\" \/>\n\t<meta property=\"og:image:height\" content=\"1066\" \/>\n\t<meta property=\"og:image:type\" content=\"image\/jpeg\" \/>\n<meta name=\"author\" content=\"Marta Olejnik\" \/>\n<meta name=\"twitter:card\" content=\"summary_large_image\" \/>\n<meta name=\"twitter:label1\" content=\"Written by\" \/>\n\t<meta name=\"twitter:data1\" content=\"Marta Olejnik\" \/>\n\t<meta name=\"twitter:label2\" content=\"Est. reading time\" \/>\n\t<meta name=\"twitter:data2\" content=\"2 minutes\" \/>\n<script type=\"application\/ld+json\" class=\"yoast-schema-graph\">{\"@context\":\"https:\\\/\\\/schema.org\",\"@graph\":[{\"@type\":\"Article\",\"@id\":\"https:\\\/\\\/marekkuchcinski.pl\\\/wydarzenia\\\/nowa-tarcza-solidarnosciowa-ochroni-przed-wzrostem-cen-energii\\\/#article\",\"isPartOf\":{\"@id\":\"https:\\\/\\\/marekkuchcinski.pl\\\/wydarzenia\\\/nowa-tarcza-solidarnosciowa-ochroni-przed-wzrostem-cen-energii\\\/\"},\"author\":{\"name\":\"Marta Olejnik\",\"@id\":\"https:\\\/\\\/marekkuchcinski.pl\\\/#\\\/schema\\\/person\\\/bd3f15dee67fee76e83c8350d0154101\"},\"headline\":\"Nowa Tarcza Solidarno\u015bciowa ochroni przed wzrostem cen energii\",\"datePublished\":\"2022-10-01T11:18:36+00:00\",\"dateModified\":\"2022-10-01T22:43:02+00:00\",\"mainEntityOfPage\":{\"@id\":\"https:\\\/\\\/marekkuchcinski.pl\\\/wydarzenia\\\/nowa-tarcza-solidarnosciowa-ochroni-przed-wzrostem-cen-energii\\\/\"},\"wordCount\":265,\"commentCount\":0,\"publisher\":{\"@id\":\"https:\\\/\\\/marekkuchcinski.pl\\\/#organization\"},\"image\":{\"@id\":\"https:\\\/\\\/marekkuchcinski.pl\\\/wydarzenia\\\/nowa-tarcza-solidarnosciowa-ochroni-przed-wzrostem-cen-energii\\\/#primaryimage\"},\"thumbnailUrl\":\"https:\\\/\\\/marekkuchcinski.pl\\\/wp-content\\\/uploads\\\/2022\\\/10\\\/IMG_3821-1.jpg\",\"articleSection\":[\"Wydarzenia\"],\"inLanguage\":\"ro-RO\",\"potentialAction\":[{\"@type\":\"CommentAction\",\"name\":\"Comment\",\"target\":[\"https:\\\/\\\/marekkuchcinski.pl\\\/wydarzenia\\\/nowa-tarcza-solidarnosciowa-ochroni-przed-wzrostem-cen-energii\\\/#respond\"]}]},{\"@type\":\"WebPage\",\"@id\":\"https:\\\/\\\/marekkuchcinski.pl\\\/wydarzenia\\\/nowa-tarcza-solidarnosciowa-ochroni-przed-wzrostem-cen-energii\\\/\",\"url\":\"https:\\\/\\\/marekkuchcinski.pl\\\/wydarzenia\\\/nowa-tarcza-solidarnosciowa-ochroni-przed-wzrostem-cen-energii\\\/\",\"name\":\"Nowa Tarcza Solidarno\u015bciowa ochroni przed wzrostem cen energii &#8211; Marek Kuchci\u0144ski\",\"isPartOf\":{\"@id\":\"https:\\\/\\\/marekkuchcinski.pl\\\/#website\"},\"primaryImageOfPage\":{\"@id\":\"https:\\\/\\\/marekkuchcinski.pl\\\/wydarzenia\\\/nowa-tarcza-solidarnosciowa-ochroni-przed-wzrostem-cen-energii\\\/#primaryimage\"},\"image\":{\"@id\":\"https:\\\/\\\/marekkuchcinski.pl\\\/wydarzenia\\\/nowa-tarcza-solidarnosciowa-ochroni-przed-wzrostem-cen-energii\\\/#primaryimage\"},\"thumbnailUrl\":\"https:\\\/\\\/marekkuchcinski.pl\\\/wp-content\\\/uploads\\\/2022\\\/10\\\/IMG_3821-1.jpg\",\"datePublished\":\"2022-10-01T11:18:36+00:00\",\"dateModified\":\"2022-10-01T22:43:02+00:00\",\"breadcrumb\":{\"@id\":\"https:\\\/\\\/marekkuchcinski.pl\\\/wydarzenia\\\/nowa-tarcza-solidarnosciowa-ochroni-przed-wzrostem-cen-energii\\\/#breadcrumb\"},\"inLanguage\":\"ro-RO\",\"potentialAction\":[{\"@type\":\"ReadAction\",\"target\":[\"https:\\\/\\\/marekkuchcinski.pl\\\/wydarzenia\\\/nowa-tarcza-solidarnosciowa-ochroni-przed-wzrostem-cen-energii\\\/\"]}]},{\"@type\":\"ImageObject\",\"inLanguage\":\"ro-RO\",\"@id\":\"https:\\\/\\\/marekkuchcinski.pl\\\/wydarzenia\\\/nowa-tarcza-solidarnosciowa-ochroni-przed-wzrostem-cen-energii\\\/#primaryimage\",\"url\":\"https:\\\/\\\/marekkuchcinski.pl\\\/wp-content\\\/uploads\\\/2022\\\/10\\\/IMG_3821-1.jpg\",\"contentUrl\":\"https:\\\/\\\/marekkuchcinski.pl\\\/wp-content\\\/uploads\\\/2022\\\/10\\\/IMG_3821-1.jpg\",\"width\":1600,\"height\":1066},{\"@type\":\"BreadcrumbList\",\"@id\":\"https:\\\/\\\/marekkuchcinski.pl\\\/wydarzenia\\\/nowa-tarcza-solidarnosciowa-ochroni-przed-wzrostem-cen-energii\\\/#breadcrumb\",\"itemListElement\":[{\"@type\":\"ListItem\",\"position\":1,\"name\":\"Strona g\u0142\u00f3wna\",\"item\":\"https:\\\/\\\/marekkuchcinski.pl\\\/\"},{\"@type\":\"ListItem\",\"position\":2,\"name\":\"Nowa Tarcza Solidarno\u015bciowa ochroni przed wzrostem cen energii\"}]},{\"@type\":\"WebSite\",\"@id\":\"https:\\\/\\\/marekkuchcinski.pl\\\/#website\",\"url\":\"https:\\\/\\\/marekkuchcinski.pl\\\/\",\"name\":\"Marek Kuchci\u0144ski\",\"description\":\"Marek Kuchci\u0144ski \",\"publisher\":{\"@id\":\"https:\\\/\\\/marekkuchcinski.pl\\\/#organization\"},\"potentialAction\":[{\"@type\":\"SearchAction\",\"target\":{\"@type\":\"EntryPoint\",\"urlTemplate\":\"https:\\\/\\\/marekkuchcinski.pl\\\/?s={search_term_string}\"},\"query-input\":{\"@type\":\"PropertyValueSpecification\",\"valueRequired\":true,\"valueName\":\"search_term_string\"}}],\"inLanguage\":\"ro-RO\"},{\"@type\":\"Organization\",\"@id\":\"https:\\\/\\\/marekkuchcinski.pl\\\/#organization\",\"name\":\"Marek Kuchci\u0144ski\",\"url\":\"https:\\\/\\\/marekkuchcinski.pl\\\/\",\"logo\":{\"@type\":\"ImageObject\",\"inLanguage\":\"ro-RO\",\"@id\":\"https:\\\/\\\/marekkuchcinski.pl\\\/#\\\/schema\\\/logo\\\/image\\\/\",\"url\":\"https:\\\/\\\/marekkuchcinski.pl\\\/wp-content\\\/uploads\\\/2022\\\/09\\\/Marek.jpg\",\"contentUrl\":\"https:\\\/\\\/marekkuchcinski.pl\\\/wp-content\\\/uploads\\\/2022\\\/09\\\/Marek.jpg\",\"width\":1600,\"height\":971,\"caption\":\"Marek Kuchci\u0144ski\"},\"image\":{\"@id\":\"https:\\\/\\\/marekkuchcinski.pl\\\/#\\\/schema\\\/logo\\\/image\\\/\"}},{\"@type\":\"Person\",\"@id\":\"https:\\\/\\\/marekkuchcinski.pl\\\/#\\\/schema\\\/person\\\/bd3f15dee67fee76e83c8350d0154101\",\"name\":\"Marta Olejnik\",\"image\":{\"@type\":\"ImageObject\",\"inLanguage\":\"ro-RO\",\"@id\":\"https:\\\/\\\/secure.gravatar.com\\\/avatar\\\/24754edd6080383402e292374b406b553027d572e97d60e7aa89a6940e88659a?s=96&d=mm&r=g\",\"url\":\"https:\\\/\\\/secure.gravatar.com\\\/avatar\\\/24754edd6080383402e292374b406b553027d572e97d60e7aa89a6940e88659a?s=96&d=mm&r=g\",\"contentUrl\":\"https:\\\/\\\/secure.gravatar.com\\\/avatar\\\/24754edd6080383402e292374b406b553027d572e97d60e7aa89a6940e88659a?s=96&d=mm&r=g\",\"caption\":\"Marta Olejnik\"},\"url\":\"https:\\\/\\\/marekkuchcinski.pl\\\/ro\\\/author\\\/marta\\\/\"}]}<\/script>\n<!-- \/ Yoast SEO plugin. -->","yoast_head_json":{"title":"Nowa Tarcza Solidarno\u015bciowa ochroni przed wzrostem cen energii &#8211; Marek Kuchci\u0144ski","robots":{"index":"index","follow":"follow","max-snippet":"max-snippet:-1","max-image-preview":"max-image-preview:large","max-video-preview":"max-video-preview:-1"},"canonical":"https:\/\/marekkuchcinski.pl\/ro\/wydarzenia\/nowa-tarcza-solidarnosciowa-ochroni-przed-wzrostem-cen-energii\/","og_locale":"ro_RO","og_type":"article","og_title":"Nowa Tarcza Solidarno\u015bciowa ochroni przed wzrostem cen energii &#8211; Marek Kuchci\u0144ski","og_description":"Sejm przyj\u0105\u0142 Tarcz\u0119 Solidarno\u015bciow\u0105, zak\u0142adaj\u0105c\u0105 zamro\u017cenie cen energii: do 2 tys. kWh rocznie dla&nbsp;wszystkich gospodarstw domowych, do 2,6 tys. kWh rocznie dla&nbsp;gospodarstw domowych z&nbsp;osobami z&nbsp;niepe\u0142nosprawno\u015bciami, do 3 tys. kWh rocznie dla&nbsp;rodzin trzy plus \u2013 czyli rodzin z&nbsp;Kart\u0105 Du\u017cej Rodziny oraz&nbsp;rolnik\u00f3w. 3000 z\u0142otych otrzymaj\u0105&nbsp;gospodarstwa domowe korzystaj\u0105ce z pelletu lub innych rodzaj\u00f3w biomasy. 1000 z\u0142otych \u2013ogrzewaj\u0105ce drewnem [&hellip;]","og_url":"https:\/\/marekkuchcinski.pl\/ro\/wydarzenia\/nowa-tarcza-solidarnosciowa-ochroni-przed-wzrostem-cen-energii\/","og_site_name":"Marek Kuchci\u0144ski","article_published_time":"2022-10-01T11:18:36+00:00","article_modified_time":"2022-10-01T22:43:02+00:00","og_image":[{"width":1600,"height":1066,"url":"https:\/\/marekkuchcinski.pl\/wp-content\/uploads\/2022\/10\/IMG_3821-1.jpg","type":"image\/jpeg"}],"author":"Marta Olejnik","twitter_card":"summary_large_image","twitter_misc":{"Written by":"Marta Olejnik","Est. reading time":"2 minutes"},"schema":{"@context":"https:\/\/schema.org","@graph":[{"@type":"Article","@id":"https:\/\/marekkuchcinski.pl\/wydarzenia\/nowa-tarcza-solidarnosciowa-ochroni-przed-wzrostem-cen-energii\/#article","isPartOf":{"@id":"https:\/\/marekkuchcinski.pl\/wydarzenia\/nowa-tarcza-solidarnosciowa-ochroni-przed-wzrostem-cen-energii\/"},"author":{"name":"Marta Olejnik","@id":"https:\/\/marekkuchcinski.pl\/#\/schema\/person\/bd3f15dee67fee76e83c8350d0154101"},"headline":"Nowa Tarcza Solidarno\u015bciowa ochroni przed wzrostem cen energii","datePublished":"2022-10-01T11:18:36+00:00","dateModified":"2022-10-01T22:43:02+00:00","mainEntityOfPage":{"@id":"https:\/\/marekkuchcinski.pl\/wydarzenia\/nowa-tarcza-solidarnosciowa-ochroni-przed-wzrostem-cen-energii\/"},"wordCount":265,"commentCount":0,"publisher":{"@id":"https:\/\/marekkuchcinski.pl\/#organization"},"image":{"@id":"https:\/\/marekkuchcinski.pl\/wydarzenia\/nowa-tarcza-solidarnosciowa-ochroni-przed-wzrostem-cen-energii\/#primaryimage"},"thumbnailUrl":"https:\/\/marekkuchcinski.pl\/wp-content\/uploads\/2022\/10\/IMG_3821-1.jpg","articleSection":["Wydarzenia"],"inLanguage":"ro-RO","potentialAction":[{"@type":"CommentAction","name":"Comment","target":["https:\/\/marekkuchcinski.pl\/wydarzenia\/nowa-tarcza-solidarnosciowa-ochroni-przed-wzrostem-cen-energii\/#respond"]}]},{"@type":"WebPage","@id":"https:\/\/marekkuchcinski.pl\/wydarzenia\/nowa-tarcza-solidarnosciowa-ochroni-przed-wzrostem-cen-energii\/","url":"https:\/\/marekkuchcinski.pl\/wydarzenia\/nowa-tarcza-solidarnosciowa-ochroni-przed-wzrostem-cen-energii\/","name":"Nowa Tarcza Solidarno\u015bciowa ochroni przed wzrostem cen energii &#8211; Marek Kuchci\u0144ski","isPartOf":{"@id":"https:\/\/marekkuchcinski.pl\/#website"},"primaryImageOfPage":{"@id":"https:\/\/marekkuchcinski.pl\/wydarzenia\/nowa-tarcza-solidarnosciowa-ochroni-przed-wzrostem-cen-energii\/#primaryimage"},"image":{"@id":"https:\/\/marekkuchcinski.pl\/wydarzenia\/nowa-tarcza-solidarnosciowa-ochroni-przed-wzrostem-cen-energii\/#primaryimage"},"thumbnailUrl":"https:\/\/marekkuchcinski.pl\/wp-content\/uploads\/2022\/10\/IMG_3821-1.jpg","datePublished":"2022-10-01T11:18:36+00:00","dateModified":"2022-10-01T22:43:02+00:00","breadcrumb":{"@id":"https:\/\/marekkuchcinski.pl\/wydarzenia\/nowa-tarcza-solidarnosciowa-ochroni-przed-wzrostem-cen-energii\/#breadcrumb"},"inLanguage":"ro-RO","potentialAction":[{"@type":"ReadAction","target":["https:\/\/marekkuchcinski.pl\/wydarzenia\/nowa-tarcza-solidarnosciowa-ochroni-przed-wzrostem-cen-energii\/"]}]},{"@type":"ImageObject","inLanguage":"ro-RO","@id":"https:\/\/marekkuchcinski.pl\/wydarzenia\/nowa-tarcza-solidarnosciowa-ochroni-przed-wzrostem-cen-energii\/#primaryimage","url":"https:\/\/marekkuchcinski.pl\/wp-content\/uploads\/2022\/10\/IMG_3821-1.jpg","contentUrl":"https:\/\/marekkuchcinski.pl\/wp-content\/uploads\/2022\/10\/IMG_3821-1.jpg","width":1600,"height":1066},{"@type":"BreadcrumbList","@id":"https:\/\/marekkuchcinski.pl\/wydarzenia\/nowa-tarcza-solidarnosciowa-ochroni-przed-wzrostem-cen-energii\/#breadcrumb","itemListElement":[{"@type":"ListItem","position":1,"name":"Strona g\u0142\u00f3wna","item":"https:\/\/marekkuchcinski.pl\/"},{"@type":"ListItem","position":2,"name":"Nowa Tarcza Solidarno\u015bciowa ochroni przed wzrostem cen energii"}]},{"@type":"WebSite","@id":"https:\/\/marekkuchcinski.pl\/#website","url":"https:\/\/marekkuchcinski.pl\/","name":"Marek Kuchci\u0144ski","description":"Marek Kuchci\u0144ski","publisher":{"@id":"https:\/\/marekkuchcinski.pl\/#organization"},"potentialAction":[{"@type":"SearchAction","target":{"@type":"EntryPoint","urlTemplate":"https:\/\/marekkuchcinski.pl\/?s={search_term_string}"},"query-input":{"@type":"PropertyValueSpecification","valueRequired":true,"valueName":"search_term_string"}}],"inLanguage":"ro-RO"},{"@type":"Organization","@id":"https:\/\/marekkuchcinski.pl\/#organization","name":"Marek Kuchci\u0144ski","url":"https:\/\/marekkuchcinski.pl\/","logo":{"@type":"ImageObject","inLanguage":"ro-RO","@id":"https:\/\/marekkuchcinski.pl\/#\/schema\/logo\/image\/","url":"https:\/\/marekkuchcinski.pl\/wp-content\/uploads\/2022\/09\/Marek.jpg","contentUrl":"https:\/\/marekkuchcinski.pl\/wp-content\/uploads\/2022\/09\/Marek.jpg","width":1600,"height":971,"caption":"Marek Kuchci\u0144ski"},"image":{"@id":"https:\/\/marekkuchcinski.pl\/#\/schema\/logo\/image\/"}},{"@type":"Person","@id":"https:\/\/marekkuchcinski.pl\/#\/schema\/person\/bd3f15dee67fee76e83c8350d0154101","name":"Marta Olejnik","image":{"@type":"ImageObject","inLanguage":"ro-RO","@id":"https:\/\/secure.gravatar.com\/avatar\/24754edd6080383402e292374b406b553027d572e97d60e7aa89a6940e88659a?s=96&d=mm&r=g","url":"https:\/\/secure.gravatar.com\/avatar\/24754edd6080383402e292374b406b553027d572e97d60e7aa89a6940e88659a?s=96&d=mm&r=g","contentUrl":"https:\/\/secure.gravatar.com\/avatar\/24754edd6080383402e292374b406b553027d572e97d60e7aa89a6940e88659a?s=96&d=mm&r=g","caption":"Marta Olejnik"},"url":"https:\/\/marekkuchcinski.pl\/ro\/author\/marta\/"}]}},"_links":{"self":[{"href":"https:\/\/marekkuchcinski.pl\/ro\/wp-json\/wp\/v2\/posts\/26595","targetHints":{"allow":["GET"]}}],"collection":[{"href":"https:\/\/marekkuchcinski.pl\/ro\/wp-json\/wp\/v2\/posts"}],"about":[{"href":"https:\/\/marekkuchcinski.pl\/ro\/wp-json\/wp\/v2\/types\/post"}],"author":[{"embeddable":true,"href":"https:\/\/marekkuchcinski.pl\/ro\/wp-json\/wp\/v2\/users\/3"}],"replies":[{"embeddable":true,"href":"https:\/\/marekkuchcinski.pl\/ro\/wp-json\/wp\/v2\/comments?post=26595"}],"version-history":[{"count":3,"href":"https:\/\/marekkuchcinski.pl\/ro\/wp-json\/wp\/v2\/posts\/26595\/revisions"}],"predecessor-version":[{"id":26601,"href":"https:\/\/marekkuchcinski.pl\/ro\/wp-json\/wp\/v2\/posts\/26595\/revisions\/26601"}],"wp:featuredmedia":[{"embeddable":true,"href":"https:\/\/marekkuchcinski.pl\/ro\/wp-json\/wp\/v2\/media\/26597"}],"wp:attachment":[{"href":"https:\/\/marekkuchcinski.pl\/ro\/wp-json\/wp\/v2\/media?parent=26595"}],"wp:term":[{"taxonomy":"category","embeddable":true,"href":"https:\/\/marekkuchcinski.pl\/ro\/wp-json\/wp\/v2\/categories?post=26595"},{"taxonomy":"post_tag","embeddable":true,"href":"https:\/\/marekkuchcinski.pl\/ro\/wp-json\/wp\/v2\/tags?post=26595"}],"curies":[{"name":"wp","href":"https:\/\/api.w.org\/{rel}","templated":true}]}}