{"id":26584,"date":"2022-09-29T20:34:03","date_gmt":"2022-09-29T18:34:03","guid":{"rendered":"https:\/\/marekkuchcinski.pl\/?p=26584"},"modified":"2022-09-29T22:42:15","modified_gmt":"2022-09-29T20:42:15","slug":"sejm-przeciwko-nielegalnym-referendom-na-ukrainie-oraz-wydawaniu-wiz-obywatelom-rosji","status":"publish","type":"post","link":"https:\/\/marekkuchcinski.pl\/ro\/wydarzenia\/sejm-przeciwko-nielegalnym-referendom-na-ukrainie-oraz-wydawaniu-wiz-obywatelom-rosji\/","title":{"rendered":"Seimas \u00eempotriva referendumurilor ilegale din Ucraina \u0219i a eliber\u0103rii de vize pentru cet\u0103\u021benii ru\u0219i"},"content":{"rendered":"<p>Comisiile reunite pentru afaceri externe \u0219i pentru afaceri europene au adoptat un proiect de rezolu\u021bie \"privind condamnarea referendumurilor ilegale organizate de autorit\u0103\u021bile ruse \u00een teritoriile ocupate ale Ucrainei \u0219i luarea de m\u0103suri pentru a opri eliberarea de vize pentru cet\u0103\u021benii Federa\u021biei Ruse\". Seimas nu recunoa\u0219te rezultatele referendumurilor ilegale organizate de administra\u021biile colabora\u021bioniste controlate de Federa\u021bia Rus\u0103 \u00een regiunile ocupate ale Ucrainei.<\/p>\n\n\n\n<p>Desf\u0103\u0219urate \u00eentr-o atmosfer\u0103 de teroare, acestea \u00eencalc\u0103 toate standardele dreptului interna\u021bional \u0219i merit\u0103 condamnarea f\u0103r\u0103 echivoc a comunit\u0103\u021bii interna\u021bionale. Sejm-ul Republicii Polone sprijin\u0103 Ucraina \u00een eforturile sale de a redob\u00e2ndi controlul deplin asupra \u00eentregului s\u0103u teritoriu, \u00een conformitate cu statutul juridic recunoscut la nivel interna\u021bional. Sejm-ul Republicii Polone condamn\u0103 cu fermitate for\u021barea locuitorilor din teritoriile ocupate de Federa\u021bia Rus\u0103 s\u0103 serveasc\u0103 \u00een for\u021bele armate, auxiliare \u0219i colabora\u021bioniste ruse\u0219ti.<\/p>\n\n\n\n<p><br>Federa\u021bia Rus\u0103 a comis o agresiune armat\u0103 \u00eempotriva Ucrainei. Statul rus \u0219i structurile sale subordonate comit crime de r\u0103zboi \u00een Ucraina, inclusiv genocid, iar marea majoritate a cet\u0103\u021benilor Federa\u021biei Ruse sprijin\u0103 acest r\u0103zboi. \u00cen acela\u0219i timp, dup\u0103 cum au raportat serviciile \u021b\u0103rilor Uniunii Europene, printre altele, Rusia desf\u0103\u0219oar\u0103 activit\u0103\u021bi intense de informa\u021bii \u0219i sabotaj \u00een \u00eentreaga Uniune European\u0103.<\/p>\n\n\n\n<p><br>Este inacceptabil din punct de vedere moral s\u0103 permitem cet\u0103\u021benilor unei \u021b\u0103ri care poart\u0103 un r\u0103zboi de agresiune brutal \u0219i comite acte de terorism de stat s\u0103 circule liber \u00een Europa. Posibilitatea de a intra \u00een Uniunea European\u0103 este folosit\u0103 de ru\u0219i pentru \"a demonstra sprijinul pentru r\u0103zboi \u0219i ac\u021biunile criminale ale Federa\u021biei Ruse \u0219i faciliteaz\u0103 opera\u021biunile de informa\u021bii \u0219i sabotaj ale serviciilor ruse\u0219ti \u00een Uniunea European\u0103\".<\/p>\n\n\n\n<p><br>Sejm-ul Republicii Polone sprijin\u0103 ac\u021biunile \u00eentreprinse de guvernul polonez pe scena interna\u021bional\u0103 pentru a opri eliberarea de vize pentru cet\u0103\u021benii Federa\u021biei Ruse. \u021a\u0103rile Uniunii Europene \u0219i institu\u021biile UE ar trebui s\u0103 fie solidare de partea celor ataca\u021bi \u0219i \u00eempotriva atacatorilor. Sejm-ul Republicii Polone face apel la prim-ministru s\u0103 ia m\u0103suri suplimentare \u00een aceast\u0103 privin\u021b\u0103 \u0219i la toate for\u021bele politice din Polonia s\u0103 sprijine eforturile guvernului polonez.<\/p>\n\n\n\n<p>Foto: Rafa\u0142 Zambrzycki\/Sejm<\/p>\n\n\n\n<figure class=\"wp-block-image size-large\"><a href=\"https:\/\/marekkuchcinski.pl\/wp-content\/uploads\/2022\/09\/kom-1.jpeg\"><img fetchpriority=\"high\" decoding=\"async\" width=\"1024\" height=\"683\" src=\"https:\/\/marekkuchcinski.pl\/wp-content\/uploads\/2022\/09\/kom-1-1024x683.jpeg\" alt=\"\" class=\"wp-image-26586\" srcset=\"https:\/\/marekkuchcinski.pl\/wp-content\/uploads\/2022\/09\/kom-1-1024x683.jpeg 1024w, https:\/\/marekkuchcinski.pl\/wp-content\/uploads\/2022\/09\/kom-1-300x200.jpeg 300w, https:\/\/marekkuchcinski.pl\/wp-content\/uploads\/2022\/09\/kom-1-768x512.jpeg 768w, https:\/\/marekkuchcinski.pl\/wp-content\/uploads\/2022\/09\/kom-1-1536x1024.jpeg 1536w, https:\/\/marekkuchcinski.pl\/wp-content\/uploads\/2022\/09\/kom-1-18x12.jpeg 18w, https:\/\/marekkuchcinski.pl\/wp-content\/uploads\/2022\/09\/kom-1.jpeg 1600w\" sizes=\"(max-width: 1024px) 100vw, 1024px\" \/><\/a><\/figure>","protected":false},"excerpt":{"rendered":"<p>Comisiile reunite pentru afaceri externe \u0219i pentru afaceri europene au adoptat un proiect de rezolu\u021bie \"privind condamnarea referendumurilor ilegale organizate de autorit\u0103\u021bile ruse \u00een teritoriile ocupate ale Ucrainei \u0219i luarea de m\u0103suri pentru a opri eliberarea de vize pentru cet\u0103\u021benii Federa\u021biei Ruse\". Seimas nu recunoa\u0219te rezultatele referendumurilor ilegale organizate de administra\u021biile colabora\u021bioniste controlate de Federa\u021bia Rus\u0103 \u00een regiunile ocupate din Ucraina. Desf\u0103\u0219urat \u00eentr-o atmosfer\u0103 de [...]<\/p>","protected":false},"author":21,"featured_media":26594,"comment_status":"open","ping_status":"open","sticky":false,"template":"","format":"standard","meta":{"ngg_post_thumbnail":0,"footnotes":""},"categories":[3],"tags":[],"class_list":["post-26584","post","type-post","status-publish","format-standard","has-post-thumbnail","hentry","category-wydarzenia"],"yoast_head":"<!-- This site is optimized with the Yoast SEO plugin v24.7 - https:\/\/yoast.com\/wordpress\/plugins\/seo\/ -->\n<title>Sejm przeciwko nielegalnym referendom na Ukrainie oraz wydawaniu wiz obywatelom Rosji &#8211; Marek Kuchci\u0144ski<\/title>\n<meta name=\"robots\" content=\"index, follow, max-snippet:-1, max-image-preview:large, max-video-preview:-1\" \/>\n<link rel=\"canonical\" href=\"https:\/\/marekkuchcinski.pl\/ro\/wydarzenia\/sejm-przeciwko-nielegalnym-referendom-na-ukrainie-oraz-wydawaniu-wiz-obywatelom-rosji\/\" \/>\n<meta property=\"og:locale\" content=\"ro_RO\" \/>\n<meta property=\"og:type\" content=\"article\" \/>\n<meta property=\"og:title\" content=\"Sejm przeciwko nielegalnym referendom na Ukrainie oraz wydawaniu wiz obywatelom Rosji &#8211; Marek Kuchci\u0144ski\" \/>\n<meta property=\"og:description\" content=\"Po\u0142\u0105czone Komisje: Spraw Zagranicznych i ds. Unii Europejskiej przyj\u0119\u0142y projekt uchwa\u0142\u0119 &#8222;w sprawie pot\u0119pienia nielegalnych referend\u00f3w przeprowadzonych przez w\u0142adze rosyjskie na okupowanych terenach Ukrainy oraz podj\u0119cia dzia\u0142a\u0144 zmierzaj\u0105cych do zaprzestania wydawania wiz obywatelom Federacji Rosyjskiej&#8221;. Sejm nie uznaje wynik\u00f3w nielegalnych referend\u00f3w dokonanych przez kontrolowane przez Federacj\u0119 Rosyjsk\u0105 kolaboracyjne administracje okupowanych obwod\u00f3w Ukrainy. Przeprowadzone w atmosferze [&hellip;]\" \/>\n<meta property=\"og:url\" content=\"https:\/\/marekkuchcinski.pl\/ro\/wydarzenia\/sejm-przeciwko-nielegalnym-referendom-na-ukrainie-oraz-wydawaniu-wiz-obywatelom-rosji\/\" \/>\n<meta property=\"og:site_name\" content=\"Marek Kuchci\u0144ski\" \/>\n<meta property=\"article:published_time\" content=\"2022-09-29T18:34:03+00:00\" \/>\n<meta property=\"article:modified_time\" content=\"2022-09-29T20:42:15+00:00\" \/>\n<meta property=\"og:image\" content=\"https:\/\/marekkuchcinski.pl\/wp-content\/uploads\/2022\/09\/kom_edited.jpg\" \/>\n\t<meta property=\"og:image:width\" content=\"1600\" \/>\n\t<meta property=\"og:image:height\" content=\"1066\" \/>\n\t<meta property=\"og:image:type\" content=\"image\/jpeg\" \/>\n<meta name=\"author\" content=\"Marta Olejnik\" \/>\n<meta name=\"twitter:card\" content=\"summary_large_image\" \/>\n<meta name=\"twitter:label1\" content=\"Scris de\" \/>\n\t<meta name=\"twitter:data1\" content=\"Marta Olejnik\" \/>\n\t<meta name=\"twitter:label2\" content=\"Timp estimat pentru citire\" \/>\n\t<meta name=\"twitter:data2\" content=\"2 minutes\" \/>\n<script type=\"application\/ld+json\" class=\"yoast-schema-graph\">{\"@context\":\"https:\/\/schema.org\",\"@graph\":[{\"@type\":\"Article\",\"@id\":\"https:\/\/marekkuchcinski.pl\/uk\/wydarzenia\/sejm-przeciwko-nielegalnym-referendom-na-ukrainie-oraz-wydawaniu-wiz-obywatelom-rosji\/#article\",\"isPartOf\":{\"@id\":\"https:\/\/marekkuchcinski.pl\/uk\/wydarzenia\/sejm-przeciwko-nielegalnym-referendom-na-ukrainie-oraz-wydawaniu-wiz-obywatelom-rosji\/\"},\"author\":{\"name\":\"Marta Olejnik\",\"@id\":\"https:\/\/marekkuchcinski.pl\/#\/schema\/person\/51d5d4ee3b5317b8e4dd2b48af359229\"},\"headline\":\"Sejm przeciwko nielegalnym referendom na Ukrainie oraz wydawaniu wiz obywatelom Rosji\",\"datePublished\":\"2022-09-29T18:34:03+00:00\",\"dateModified\":\"2022-09-29T20:42:15+00:00\",\"mainEntityOfPage\":{\"@id\":\"https:\/\/marekkuchcinski.pl\/uk\/wydarzenia\/sejm-przeciwko-nielegalnym-referendom-na-ukrainie-oraz-wydawaniu-wiz-obywatelom-rosji\/\"},\"wordCount\":355,\"commentCount\":0,\"publisher\":{\"@id\":\"https:\/\/marekkuchcinski.pl\/#organization\"},\"image\":{\"@id\":\"https:\/\/marekkuchcinski.pl\/uk\/wydarzenia\/sejm-przeciwko-nielegalnym-referendom-na-ukrainie-oraz-wydawaniu-wiz-obywatelom-rosji\/#primaryimage\"},\"thumbnailUrl\":\"https:\/\/marekkuchcinski.pl\/wp-content\/uploads\/2022\/09\/kom_edited.jpg\",\"articleSection\":[\"Wydarzenia\"],\"inLanguage\":\"ro-RO\",\"potentialAction\":[{\"@type\":\"CommentAction\",\"name\":\"Comment\",\"target\":[\"https:\/\/marekkuchcinski.pl\/uk\/wydarzenia\/sejm-przeciwko-nielegalnym-referendom-na-ukrainie-oraz-wydawaniu-wiz-obywatelom-rosji\/#respond\"]}]},{\"@type\":\"WebPage\",\"@id\":\"https:\/\/marekkuchcinski.pl\/uk\/wydarzenia\/sejm-przeciwko-nielegalnym-referendom-na-ukrainie-oraz-wydawaniu-wiz-obywatelom-rosji\/\",\"url\":\"https:\/\/marekkuchcinski.pl\/uk\/wydarzenia\/sejm-przeciwko-nielegalnym-referendom-na-ukrainie-oraz-wydawaniu-wiz-obywatelom-rosji\/\",\"name\":\"Sejm przeciwko nielegalnym referendom na Ukrainie oraz wydawaniu wiz obywatelom Rosji &#8211; Marek Kuchci\u0144ski\",\"isPartOf\":{\"@id\":\"https:\/\/marekkuchcinski.pl\/#website\"},\"primaryImageOfPage\":{\"@id\":\"https:\/\/marekkuchcinski.pl\/uk\/wydarzenia\/sejm-przeciwko-nielegalnym-referendom-na-ukrainie-oraz-wydawaniu-wiz-obywatelom-rosji\/#primaryimage\"},\"image\":{\"@id\":\"https:\/\/marekkuchcinski.pl\/uk\/wydarzenia\/sejm-przeciwko-nielegalnym-referendom-na-ukrainie-oraz-wydawaniu-wiz-obywatelom-rosji\/#primaryimage\"},\"thumbnailUrl\":\"https:\/\/marekkuchcinski.pl\/wp-content\/uploads\/2022\/09\/kom_edited.jpg\",\"datePublished\":\"2022-09-29T18:34:03+00:00\",\"dateModified\":\"2022-09-29T20:42:15+00:00\",\"breadcrumb\":{\"@id\":\"https:\/\/marekkuchcinski.pl\/uk\/wydarzenia\/sejm-przeciwko-nielegalnym-referendom-na-ukrainie-oraz-wydawaniu-wiz-obywatelom-rosji\/#breadcrumb\"},\"inLanguage\":\"ro-RO\",\"potentialAction\":[{\"@type\":\"ReadAction\",\"target\":[\"https:\/\/marekkuchcinski.pl\/uk\/wydarzenia\/sejm-przeciwko-nielegalnym-referendom-na-ukrainie-oraz-wydawaniu-wiz-obywatelom-rosji\/\"]}]},{\"@type\":\"ImageObject\",\"inLanguage\":\"ro-RO\",\"@id\":\"https:\/\/marekkuchcinski.pl\/uk\/wydarzenia\/sejm-przeciwko-nielegalnym-referendom-na-ukrainie-oraz-wydawaniu-wiz-obywatelom-rosji\/#primaryimage\",\"url\":\"https:\/\/marekkuchcinski.pl\/wp-content\/uploads\/2022\/09\/kom_edited.jpg\",\"contentUrl\":\"https:\/\/marekkuchcinski.pl\/wp-content\/uploads\/2022\/09\/kom_edited.jpg\",\"width\":1600,\"height\":1066},{\"@type\":\"BreadcrumbList\",\"@id\":\"https:\/\/marekkuchcinski.pl\/uk\/wydarzenia\/sejm-przeciwko-nielegalnym-referendom-na-ukrainie-oraz-wydawaniu-wiz-obywatelom-rosji\/#breadcrumb\",\"itemListElement\":[{\"@type\":\"ListItem\",\"position\":1,\"name\":\"Strona g\u0142\u00f3wna\",\"item\":\"https:\/\/marekkuchcinski.pl\/\"},{\"@type\":\"ListItem\",\"position\":2,\"name\":\"Sejm przeciwko nielegalnym referendom na Ukrainie oraz wydawaniu wiz obywatelom Rosji\"}]},{\"@type\":\"WebSite\",\"@id\":\"https:\/\/marekkuchcinski.pl\/#website\",\"url\":\"https:\/\/marekkuchcinski.pl\/\",\"name\":\"Marek Kuchci\u0144ski\",\"description\":\"Pose\u0142 na sejm RP &ndash; okr\u0119g nr 22\",\"publisher\":{\"@id\":\"https:\/\/marekkuchcinski.pl\/#organization\"},\"potentialAction\":[{\"@type\":\"SearchAction\",\"target\":{\"@type\":\"EntryPoint\",\"urlTemplate\":\"https:\/\/marekkuchcinski.pl\/?s={search_term_string}\"},\"query-input\":{\"@type\":\"PropertyValueSpecification\",\"valueRequired\":true,\"valueName\":\"search_term_string\"}}],\"inLanguage\":\"ro-RO\"},{\"@type\":\"Organization\",\"@id\":\"https:\/\/marekkuchcinski.pl\/#organization\",\"name\":\"Marek Kuchci\u0144ski\",\"url\":\"https:\/\/marekkuchcinski.pl\/\",\"logo\":{\"@type\":\"ImageObject\",\"inLanguage\":\"ro-RO\",\"@id\":\"https:\/\/marekkuchcinski.pl\/#\/schema\/logo\/image\/\",\"url\":\"https:\/\/marekkuchcinski.pl\/wp-content\/uploads\/2022\/09\/Marek.jpg\",\"contentUrl\":\"https:\/\/marekkuchcinski.pl\/wp-content\/uploads\/2022\/09\/Marek.jpg\",\"width\":1600,\"height\":971,\"caption\":\"Marek Kuchci\u0144ski\"},\"image\":{\"@id\":\"https:\/\/marekkuchcinski.pl\/#\/schema\/logo\/image\/\"}},{\"@type\":\"Person\",\"@id\":\"https:\/\/marekkuchcinski.pl\/#\/schema\/person\/51d5d4ee3b5317b8e4dd2b48af359229\",\"name\":\"Marta Olejnik\",\"image\":{\"@type\":\"ImageObject\",\"inLanguage\":\"ro-RO\",\"@id\":\"https:\/\/marekkuchcinski.pl\/#\/schema\/person\/image\/\",\"url\":\"https:\/\/secure.gravatar.com\/avatar\/e39914b2aa6a48959e24d475b5dc9793?s=96&d=mm&r=g\",\"contentUrl\":\"https:\/\/secure.gravatar.com\/avatar\/e39914b2aa6a48959e24d475b5dc9793?s=96&d=mm&r=g\",\"caption\":\"Marta Olejnik\"},\"url\":\"https:\/\/marekkuchcinski.pl\/ro\/author\/marta\/\"}]}<\/script>\n<!-- \/ Yoast SEO plugin. -->","yoast_head_json":{"title":"Sejm przeciwko nielegalnym referendom na Ukrainie oraz wydawaniu wiz obywatelom Rosji &#8211; Marek Kuchci\u0144ski","robots":{"index":"index","follow":"follow","max-snippet":"max-snippet:-1","max-image-preview":"max-image-preview:large","max-video-preview":"max-video-preview:-1"},"canonical":"https:\/\/marekkuchcinski.pl\/ro\/wydarzenia\/sejm-przeciwko-nielegalnym-referendom-na-ukrainie-oraz-wydawaniu-wiz-obywatelom-rosji\/","og_locale":"ro_RO","og_type":"article","og_title":"Sejm przeciwko nielegalnym referendom na Ukrainie oraz wydawaniu wiz obywatelom Rosji &#8211; Marek Kuchci\u0144ski","og_description":"Po\u0142\u0105czone Komisje: Spraw Zagranicznych i ds. Unii Europejskiej przyj\u0119\u0142y projekt uchwa\u0142\u0119 &#8222;w sprawie pot\u0119pienia nielegalnych referend\u00f3w przeprowadzonych przez w\u0142adze rosyjskie na okupowanych terenach Ukrainy oraz podj\u0119cia dzia\u0142a\u0144 zmierzaj\u0105cych do zaprzestania wydawania wiz obywatelom Federacji Rosyjskiej&#8221;. Sejm nie uznaje wynik\u00f3w nielegalnych referend\u00f3w dokonanych przez kontrolowane przez Federacj\u0119 Rosyjsk\u0105 kolaboracyjne administracje okupowanych obwod\u00f3w Ukrainy. Przeprowadzone w atmosferze [&hellip;]","og_url":"https:\/\/marekkuchcinski.pl\/ro\/wydarzenia\/sejm-przeciwko-nielegalnym-referendom-na-ukrainie-oraz-wydawaniu-wiz-obywatelom-rosji\/","og_site_name":"Marek Kuchci\u0144ski","article_published_time":"2022-09-29T18:34:03+00:00","article_modified_time":"2022-09-29T20:42:15+00:00","og_image":[{"width":1600,"height":1066,"url":"https:\/\/marekkuchcinski.pl\/wp-content\/uploads\/2022\/09\/kom_edited.jpg","type":"image\/jpeg"}],"author":"Marta Olejnik","twitter_card":"summary_large_image","twitter_misc":{"Scris de":"Marta Olejnik","Timp estimat pentru citire":"2 minutes"},"schema":{"@context":"https:\/\/schema.org","@graph":[{"@type":"Article","@id":"https:\/\/marekkuchcinski.pl\/uk\/wydarzenia\/sejm-przeciwko-nielegalnym-referendom-na-ukrainie-oraz-wydawaniu-wiz-obywatelom-rosji\/#article","isPartOf":{"@id":"https:\/\/marekkuchcinski.pl\/uk\/wydarzenia\/sejm-przeciwko-nielegalnym-referendom-na-ukrainie-oraz-wydawaniu-wiz-obywatelom-rosji\/"},"author":{"name":"Marta Olejnik","@id":"https:\/\/marekkuchcinski.pl\/#\/schema\/person\/51d5d4ee3b5317b8e4dd2b48af359229"},"headline":"Sejm przeciwko nielegalnym referendom na Ukrainie oraz wydawaniu wiz obywatelom Rosji","datePublished":"2022-09-29T18:34:03+00:00","dateModified":"2022-09-29T20:42:15+00:00","mainEntityOfPage":{"@id":"https:\/\/marekkuchcinski.pl\/uk\/wydarzenia\/sejm-przeciwko-nielegalnym-referendom-na-ukrainie-oraz-wydawaniu-wiz-obywatelom-rosji\/"},"wordCount":355,"commentCount":0,"publisher":{"@id":"https:\/\/marekkuchcinski.pl\/#organization"},"image":{"@id":"https:\/\/marekkuchcinski.pl\/uk\/wydarzenia\/sejm-przeciwko-nielegalnym-referendom-na-ukrainie-oraz-wydawaniu-wiz-obywatelom-rosji\/#primaryimage"},"thumbnailUrl":"https:\/\/marekkuchcinski.pl\/wp-content\/uploads\/2022\/09\/kom_edited.jpg","articleSection":["Wydarzenia"],"inLanguage":"ro-RO","potentialAction":[{"@type":"CommentAction","name":"Comment","target":["https:\/\/marekkuchcinski.pl\/uk\/wydarzenia\/sejm-przeciwko-nielegalnym-referendom-na-ukrainie-oraz-wydawaniu-wiz-obywatelom-rosji\/#respond"]}]},{"@type":"WebPage","@id":"https:\/\/marekkuchcinski.pl\/uk\/wydarzenia\/sejm-przeciwko-nielegalnym-referendom-na-ukrainie-oraz-wydawaniu-wiz-obywatelom-rosji\/","url":"https:\/\/marekkuchcinski.pl\/uk\/wydarzenia\/sejm-przeciwko-nielegalnym-referendom-na-ukrainie-oraz-wydawaniu-wiz-obywatelom-rosji\/","name":"Sejm przeciwko nielegalnym referendom na Ukrainie oraz wydawaniu wiz obywatelom Rosji &#8211; Marek Kuchci\u0144ski","isPartOf":{"@id":"https:\/\/marekkuchcinski.pl\/#website"},"primaryImageOfPage":{"@id":"https:\/\/marekkuchcinski.pl\/uk\/wydarzenia\/sejm-przeciwko-nielegalnym-referendom-na-ukrainie-oraz-wydawaniu-wiz-obywatelom-rosji\/#primaryimage"},"image":{"@id":"https:\/\/marekkuchcinski.pl\/uk\/wydarzenia\/sejm-przeciwko-nielegalnym-referendom-na-ukrainie-oraz-wydawaniu-wiz-obywatelom-rosji\/#primaryimage"},"thumbnailUrl":"https:\/\/marekkuchcinski.pl\/wp-content\/uploads\/2022\/09\/kom_edited.jpg","datePublished":"2022-09-29T18:34:03+00:00","dateModified":"2022-09-29T20:42:15+00:00","breadcrumb":{"@id":"https:\/\/marekkuchcinski.pl\/uk\/wydarzenia\/sejm-przeciwko-nielegalnym-referendom-na-ukrainie-oraz-wydawaniu-wiz-obywatelom-rosji\/#breadcrumb"},"inLanguage":"ro-RO","potentialAction":[{"@type":"ReadAction","target":["https:\/\/marekkuchcinski.pl\/uk\/wydarzenia\/sejm-przeciwko-nielegalnym-referendom-na-ukrainie-oraz-wydawaniu-wiz-obywatelom-rosji\/"]}]},{"@type":"ImageObject","inLanguage":"ro-RO","@id":"https:\/\/marekkuchcinski.pl\/uk\/wydarzenia\/sejm-przeciwko-nielegalnym-referendom-na-ukrainie-oraz-wydawaniu-wiz-obywatelom-rosji\/#primaryimage","url":"https:\/\/marekkuchcinski.pl\/wp-content\/uploads\/2022\/09\/kom_edited.jpg","contentUrl":"https:\/\/marekkuchcinski.pl\/wp-content\/uploads\/2022\/09\/kom_edited.jpg","width":1600,"height":1066},{"@type":"BreadcrumbList","@id":"https:\/\/marekkuchcinski.pl\/uk\/wydarzenia\/sejm-przeciwko-nielegalnym-referendom-na-ukrainie-oraz-wydawaniu-wiz-obywatelom-rosji\/#breadcrumb","itemListElement":[{"@type":"ListItem","position":1,"name":"Strona g\u0142\u00f3wna","item":"https:\/\/marekkuchcinski.pl\/"},{"@type":"ListItem","position":2,"name":"Sejm przeciwko nielegalnym referendom na Ukrainie oraz wydawaniu wiz obywatelom Rosji"}]},{"@type":"WebSite","@id":"https:\/\/marekkuchcinski.pl\/#website","url":"https:\/\/marekkuchcinski.pl\/","name":"Marek Kuchci\u0144ski","description":"Pose\u0142 na sejm RP &ndash; okr\u0119g nr 22","publisher":{"@id":"https:\/\/marekkuchcinski.pl\/#organization"},"potentialAction":[{"@type":"SearchAction","target":{"@type":"EntryPoint","urlTemplate":"https:\/\/marekkuchcinski.pl\/?s={search_term_string}"},"query-input":{"@type":"PropertyValueSpecification","valueRequired":true,"valueName":"search_term_string"}}],"inLanguage":"ro-RO"},{"@type":"Organization","@id":"https:\/\/marekkuchcinski.pl\/#organization","name":"Marek Kuchci\u0144ski","url":"https:\/\/marekkuchcinski.pl\/","logo":{"@type":"ImageObject","inLanguage":"ro-RO","@id":"https:\/\/marekkuchcinski.pl\/#\/schema\/logo\/image\/","url":"https:\/\/marekkuchcinski.pl\/wp-content\/uploads\/2022\/09\/Marek.jpg","contentUrl":"https:\/\/marekkuchcinski.pl\/wp-content\/uploads\/2022\/09\/Marek.jpg","width":1600,"height":971,"caption":"Marek Kuchci\u0144ski"},"image":{"@id":"https:\/\/marekkuchcinski.pl\/#\/schema\/logo\/image\/"}},{"@type":"Person","@id":"https:\/\/marekkuchcinski.pl\/#\/schema\/person\/51d5d4ee3b5317b8e4dd2b48af359229","name":"Marta Olejnik","image":{"@type":"ImageObject","inLanguage":"ro-RO","@id":"https:\/\/marekkuchcinski.pl\/#\/schema\/person\/image\/","url":"https:\/\/secure.gravatar.com\/avatar\/e39914b2aa6a48959e24d475b5dc9793?s=96&d=mm&r=g","contentUrl":"https:\/\/secure.gravatar.com\/avatar\/e39914b2aa6a48959e24d475b5dc9793?s=96&d=mm&r=g","caption":"Marta Olejnik"},"url":"https:\/\/marekkuchcinski.pl\/ro\/author\/marta\/"}]}},"_links":{"self":[{"href":"https:\/\/marekkuchcinski.pl\/ro\/wp-json\/wp\/v2\/posts\/26584","targetHints":{"allow":["GET"]}}],"collection":[{"href":"https:\/\/marekkuchcinski.pl\/ro\/wp-json\/wp\/v2\/posts"}],"about":[{"href":"https:\/\/marekkuchcinski.pl\/ro\/wp-json\/wp\/v2\/types\/post"}],"author":[{"embeddable":true,"href":"https:\/\/marekkuchcinski.pl\/ro\/wp-json\/wp\/v2\/users\/21"}],"replies":[{"embeddable":true,"href":"https:\/\/marekkuchcinski.pl\/ro\/wp-json\/wp\/v2\/comments?post=26584"}],"version-history":[{"count":1,"href":"https:\/\/marekkuchcinski.pl\/ro\/wp-json\/wp\/v2\/posts\/26584\/revisions"}],"predecessor-version":[{"id":26587,"href":"https:\/\/marekkuchcinski.pl\/ro\/wp-json\/wp\/v2\/posts\/26584\/revisions\/26587"}],"wp:featuredmedia":[{"embeddable":true,"href":"https:\/\/marekkuchcinski.pl\/ro\/wp-json\/wp\/v2\/media\/26594"}],"wp:attachment":[{"href":"https:\/\/marekkuchcinski.pl\/ro\/wp-json\/wp\/v2\/media?parent=26584"}],"wp:term":[{"taxonomy":"category","embeddable":true,"href":"https:\/\/marekkuchcinski.pl\/ro\/wp-json\/wp\/v2\/categories?post=26584"},{"taxonomy":"post_tag","embeddable":true,"href":"https:\/\/marekkuchcinski.pl\/ro\/wp-json\/wp\/v2\/tags?post=26584"}],"curies":[{"name":"wp","href":"https:\/\/api.w.org\/{rel}","templated":true}]}}