{"id":26519,"date":"2022-09-24T12:41:37","date_gmt":"2022-09-24T10:41:37","guid":{"rendered":"https:\/\/marekkuchcinski.pl\/?p=26519"},"modified":"2022-09-29T22:40:03","modified_gmt":"2022-09-29T20:40:03","slug":"bieszczady-maja-nowa-chatke-puchatka","status":"publish","type":"post","link":"https:\/\/marekkuchcinski.pl\/ro\/wydarzenia\/bieszczady-maja-nowa-chatke-puchatka\/","title":{"rendered":"Bieszczady maj\u0105 now\u0105 Chatk\u0119 Puchatka"},"content":{"rendered":"<p class=\"wp-block-paragraph\">Od dzi\u015b na Po\u0142oninie Wetli\u0144skiej otwarte jest nowe, najwy\u017cej po\u0142o\u017cone w Bieszczadach (1228 m. n.p.m.), schronisko, kt\u00f3re b\u0119dzie r\u00f3wnie\u017c siedzib\u0105 ratownik\u00f3w GOPR, Pa\u0144stwowego Ratownictwa Medycznego, a przy schronisku b\u0119dzie dzia\u0142a\u0142 Posterunek Meteorologiczny IMiGW.<\/p>\n\n\n\n<p class=\"wp-block-paragraph\">\u2013 To chyba jedyne tego rodzaju schronisko w Polsce. Troch\u0119 szkoda tych klimat\u00f3w. Nowoczesne schronisko to ju\u017c b\u0119dzie inna epoka&#8230; pod tym wzgl\u0119dem jestem zwolennikiem \u201ekonserwowania\u201d tego, co jest. Tradycja. legenda miejsca, ludzi, g\u00f3rskich \u201etraperskiech\u201d warunk\u00f3w&#8230; \u2013 m\u00f3wi\u0142, gdy rozpocz\u0119to prace remontowe Marek Kuchci\u0144ski, b. marsza\u0142ek Sejmu, przewodnicz\u0105cy Komisji Spraw Zagranicznych, ale tak\u017ce szef Parlamentarnego Zespo\u0142u Ratownictwa G\u00f3rskiego.<\/p>\n\n\n\n<p class=\"wp-block-paragraph\">Dzi\u015b Marek Kuchci\u0144ski r\u00f3wnie\u017c podkre\u015bla niezwyk\u0142o\u015b\u0107 miejsca:  \u2013 Jest ono kultowe dla wielu pokole\u0144 turyst\u00f3w i bieszczadzkich w\u0119drowc\u00f3w. Tak\u017ce ze wzgl\u0119du na dotychczasowego gospodarza Chatki Lutka Pi\u0144czuka. Schronisko wpisuje si\u0119 te\u017c do wielkiego i trwaj\u0105cego ju\u017c projektu rozwoju wsp\u00f3\u0142pracy turystycznej w ca\u0142ych Karpatach, od Beskidu \u017bywieckiego, a\u017c po Karpaty rumu\u0144skie. I staje si\u0119 wa\u017cnym miejscem dla w\u0119drowc\u00f3w, podobnie jak Bia\u0142y S\u0142o\u0144, czyli obserwatorium im. J\u00f3zefa Pi\u0142sudskiego na Popie Ivanie w Czarnohorze  \u2013  podsumowa\u0142 marsza\u0142ek.<\/p>\n\n\n\n<p class=\"wp-block-paragraph\">Zmiany wymuszone by\u0142y konieczno\u015bci\u0105, wymaganiami turyst\u00f3w i bezpiecze\u0144stwem. Wci\u0105\u017c unosi si\u0119 jednak klimat starej Chatki Puchatka. Buduj\u0105 go przecie\u017c ludzie. Przed nast\u0119pc\u0105 Lutka   \u2013  Julianem   \u2013  nie lada wyzwanie. \u017byczymy powodzenia!<\/p>\n\n\n\n<figure class=\"wp-block-image size-large\"><a href=\"https:\/\/marekkuchcinski.pl\/wp-content\/uploads\/2022\/09\/IMG_1797.jpg\"><img fetchpriority=\"high\" decoding=\"async\" width=\"1024\" height=\"768\" src=\"https:\/\/marekkuchcinski.pl\/wp-content\/uploads\/2022\/09\/IMG_1797-1024x768.jpg\" alt=\"\" class=\"wp-image-26529\" srcset=\"https:\/\/marekkuchcinski.pl\/wp-content\/uploads\/2022\/09\/IMG_1797-1024x768.jpg 1024w, https:\/\/marekkuchcinski.pl\/wp-content\/uploads\/2022\/09\/IMG_1797-300x225.jpg 300w, https:\/\/marekkuchcinski.pl\/wp-content\/uploads\/2022\/09\/IMG_1797-768x576.jpg 768w, https:\/\/marekkuchcinski.pl\/wp-content\/uploads\/2022\/09\/IMG_1797-1536x1152.jpg 1536w, https:\/\/marekkuchcinski.pl\/wp-content\/uploads\/2022\/09\/IMG_1797-16x12.jpg 16w, https:\/\/marekkuchcinski.pl\/wp-content\/uploads\/2022\/09\/IMG_1797.jpg 1600w\" sizes=\"(max-width: 1024px) 100vw, 1024px\" \/><\/a><\/figure>\n\n\n\n<figure class=\"wp-block-image size-full\"><a href=\"https:\/\/marekkuchcinski.pl\/wp-content\/uploads\/2022\/09\/308137364_1244714713030758_5573972521425639831_n-1.jpg\"><img decoding=\"async\" width=\"960\" height=\"582\" src=\"https:\/\/marekkuchcinski.pl\/wp-content\/uploads\/2022\/09\/308137364_1244714713030758_5573972521425639831_n-1.jpg\" alt=\"\" class=\"wp-image-26589\" srcset=\"https:\/\/marekkuchcinski.pl\/wp-content\/uploads\/2022\/09\/308137364_1244714713030758_5573972521425639831_n-1.jpg 960w, https:\/\/marekkuchcinski.pl\/wp-content\/uploads\/2022\/09\/308137364_1244714713030758_5573972521425639831_n-1-300x182.jpg 300w, https:\/\/marekkuchcinski.pl\/wp-content\/uploads\/2022\/09\/308137364_1244714713030758_5573972521425639831_n-1-768x466.jpg 768w, https:\/\/marekkuchcinski.pl\/wp-content\/uploads\/2022\/09\/308137364_1244714713030758_5573972521425639831_n-1-18x12.jpg 18w\" sizes=\"(max-width: 960px) 100vw, 960px\" \/><\/a><\/figure>\n\n\n\n<figure class=\"wp-block-image size-large\"><a href=\"https:\/\/marekkuchcinski.pl\/wp-content\/uploads\/2022\/09\/307883597_1244737909695105_2426419886636149967_n.jpg\"><img decoding=\"async\" width=\"1024\" height=\"576\" src=\"https:\/\/marekkuchcinski.pl\/wp-content\/uploads\/2022\/09\/307883597_1244737909695105_2426419886636149967_n-1024x576.jpg\" alt=\"\" class=\"wp-image-26590\" srcset=\"https:\/\/marekkuchcinski.pl\/wp-content\/uploads\/2022\/09\/307883597_1244737909695105_2426419886636149967_n-1024x576.jpg 1024w, https:\/\/marekkuchcinski.pl\/wp-content\/uploads\/2022\/09\/307883597_1244737909695105_2426419886636149967_n-300x169.jpg 300w, https:\/\/marekkuchcinski.pl\/wp-content\/uploads\/2022\/09\/307883597_1244737909695105_2426419886636149967_n-768x432.jpg 768w, https:\/\/marekkuchcinski.pl\/wp-content\/uploads\/2022\/09\/307883597_1244737909695105_2426419886636149967_n-1536x864.jpg 1536w, https:\/\/marekkuchcinski.pl\/wp-content\/uploads\/2022\/09\/307883597_1244737909695105_2426419886636149967_n-18x10.jpg 18w, https:\/\/marekkuchcinski.pl\/wp-content\/uploads\/2022\/09\/307883597_1244737909695105_2426419886636149967_n.jpg 1600w\" sizes=\"(max-width: 1024px) 100vw, 1024px\" \/><\/a><\/figure>\n\n\n\n<figure class=\"wp-block-image size-full\"><a href=\"https:\/\/marekkuchcinski.pl\/wp-content\/uploads\/2022\/09\/308420603_1244714983030731_1716992879395661138_n.jpg\"><img loading=\"lazy\" decoding=\"async\" width=\"960\" height=\"720\" src=\"https:\/\/marekkuchcinski.pl\/wp-content\/uploads\/2022\/09\/308420603_1244714983030731_1716992879395661138_n.jpg\" alt=\"\" class=\"wp-image-26591\" srcset=\"https:\/\/marekkuchcinski.pl\/wp-content\/uploads\/2022\/09\/308420603_1244714983030731_1716992879395661138_n.jpg 960w, https:\/\/marekkuchcinski.pl\/wp-content\/uploads\/2022\/09\/308420603_1244714983030731_1716992879395661138_n-300x225.jpg 300w, https:\/\/marekkuchcinski.pl\/wp-content\/uploads\/2022\/09\/308420603_1244714983030731_1716992879395661138_n-768x576.jpg 768w, https:\/\/marekkuchcinski.pl\/wp-content\/uploads\/2022\/09\/308420603_1244714983030731_1716992879395661138_n-16x12.jpg 16w\" sizes=\"(max-width: 960px) 100vw, 960px\" \/><\/a><\/figure>\n\n\n\n<figure class=\"wp-block-image size-large is-resized\"><a href=\"https:\/\/marekkuchcinski.pl\/wp-content\/uploads\/2022\/09\/IMG_1799.jpg\"><img loading=\"lazy\" decoding=\"async\" src=\"https:\/\/marekkuchcinski.pl\/wp-content\/uploads\/2022\/09\/IMG_1799-768x1024.jpg\" alt=\"\" class=\"wp-image-26522\" width=\"840\" height=\"1119\" srcset=\"https:\/\/marekkuchcinski.pl\/wp-content\/uploads\/2022\/09\/IMG_1799-768x1024.jpg 768w, https:\/\/marekkuchcinski.pl\/wp-content\/uploads\/2022\/09\/IMG_1799-225x300.jpg 225w, https:\/\/marekkuchcinski.pl\/wp-content\/uploads\/2022\/09\/IMG_1799-1152x1536.jpg 1152w, https:\/\/marekkuchcinski.pl\/wp-content\/uploads\/2022\/09\/IMG_1799-9x12.jpg 9w, https:\/\/marekkuchcinski.pl\/wp-content\/uploads\/2022\/09\/IMG_1799.jpg 1200w\" sizes=\"(max-width: 840px) 100vw, 840px\" \/><\/a><\/figure>\n\n\n\n<figure class=\"wp-block-image size-large\"><a href=\"https:\/\/marekkuchcinski.pl\/wp-content\/uploads\/2022\/09\/IMG_1808.jpg\"><img loading=\"lazy\" decoding=\"async\" width=\"1024\" height=\"768\" src=\"https:\/\/marekkuchcinski.pl\/wp-content\/uploads\/2022\/09\/IMG_1808-1024x768.jpg\" alt=\"\" class=\"wp-image-26523\" srcset=\"https:\/\/marekkuchcinski.pl\/wp-content\/uploads\/2022\/09\/IMG_1808-1024x768.jpg 1024w, https:\/\/marekkuchcinski.pl\/wp-content\/uploads\/2022\/09\/IMG_1808-300x225.jpg 300w, https:\/\/marekkuchcinski.pl\/wp-content\/uploads\/2022\/09\/IMG_1808-768x576.jpg 768w, https:\/\/marekkuchcinski.pl\/wp-content\/uploads\/2022\/09\/IMG_1808-1536x1152.jpg 1536w, https:\/\/marekkuchcinski.pl\/wp-content\/uploads\/2022\/09\/IMG_1808-16x12.jpg 16w, https:\/\/marekkuchcinski.pl\/wp-content\/uploads\/2022\/09\/IMG_1808.jpg 1600w\" sizes=\"(max-width: 1024px) 100vw, 1024px\" \/><\/a><\/figure>\n\n\n\n<figure class=\"wp-block-image size-large\"><a href=\"https:\/\/marekkuchcinski.pl\/wp-content\/uploads\/2022\/09\/IMG_1789.jpg\"><img loading=\"lazy\" decoding=\"async\" width=\"1024\" height=\"768\" src=\"https:\/\/marekkuchcinski.pl\/wp-content\/uploads\/2022\/09\/IMG_1789-1024x768.jpg\" alt=\"\" class=\"wp-image-26524\" srcset=\"https:\/\/marekkuchcinski.pl\/wp-content\/uploads\/2022\/09\/IMG_1789-1024x768.jpg 1024w, https:\/\/marekkuchcinski.pl\/wp-content\/uploads\/2022\/09\/IMG_1789-300x225.jpg 300w, https:\/\/marekkuchcinski.pl\/wp-content\/uploads\/2022\/09\/IMG_1789-768x576.jpg 768w, https:\/\/marekkuchcinski.pl\/wp-content\/uploads\/2022\/09\/IMG_1789-1536x1152.jpg 1536w, https:\/\/marekkuchcinski.pl\/wp-content\/uploads\/2022\/09\/IMG_1789-16x12.jpg 16w, https:\/\/marekkuchcinski.pl\/wp-content\/uploads\/2022\/09\/IMG_1789.jpg 1600w\" sizes=\"(max-width: 1024px) 100vw, 1024px\" \/><\/a><\/figure>\n\n\n\n<figure class=\"wp-block-image size-large\"><a href=\"https:\/\/marekkuchcinski.pl\/wp-content\/uploads\/2022\/09\/IMG_1795.jpg\"><img loading=\"lazy\" decoding=\"async\" width=\"1024\" height=\"768\" src=\"https:\/\/marekkuchcinski.pl\/wp-content\/uploads\/2022\/09\/IMG_1795-1024x768.jpg\" alt=\"\" class=\"wp-image-26525\" srcset=\"https:\/\/marekkuchcinski.pl\/wp-content\/uploads\/2022\/09\/IMG_1795-1024x768.jpg 1024w, https:\/\/marekkuchcinski.pl\/wp-content\/uploads\/2022\/09\/IMG_1795-300x225.jpg 300w, https:\/\/marekkuchcinski.pl\/wp-content\/uploads\/2022\/09\/IMG_1795-768x576.jpg 768w, https:\/\/marekkuchcinski.pl\/wp-content\/uploads\/2022\/09\/IMG_1795-1536x1152.jpg 1536w, https:\/\/marekkuchcinski.pl\/wp-content\/uploads\/2022\/09\/IMG_1795-16x12.jpg 16w, https:\/\/marekkuchcinski.pl\/wp-content\/uploads\/2022\/09\/IMG_1795.jpg 1600w\" sizes=\"(max-width: 1024px) 100vw, 1024px\" \/><\/a><\/figure>\n\n\n\n<figure class=\"wp-block-image size-large\"><a href=\"https:\/\/marekkuchcinski.pl\/wp-content\/uploads\/2022\/09\/IMG_1788.jpg\"><img loading=\"lazy\" decoding=\"async\" width=\"1024\" height=\"768\" src=\"https:\/\/marekkuchcinski.pl\/wp-content\/uploads\/2022\/09\/IMG_1788-1024x768.jpg\" alt=\"\" class=\"wp-image-26526\" srcset=\"https:\/\/marekkuchcinski.pl\/wp-content\/uploads\/2022\/09\/IMG_1788-1024x768.jpg 1024w, https:\/\/marekkuchcinski.pl\/wp-content\/uploads\/2022\/09\/IMG_1788-300x225.jpg 300w, https:\/\/marekkuchcinski.pl\/wp-content\/uploads\/2022\/09\/IMG_1788-768x576.jpg 768w, https:\/\/marekkuchcinski.pl\/wp-content\/uploads\/2022\/09\/IMG_1788-1536x1152.jpg 1536w, https:\/\/marekkuchcinski.pl\/wp-content\/uploads\/2022\/09\/IMG_1788-16x12.jpg 16w, https:\/\/marekkuchcinski.pl\/wp-content\/uploads\/2022\/09\/IMG_1788.jpg 1600w\" sizes=\"(max-width: 1024px) 100vw, 1024px\" \/><\/a><\/figure>","protected":false},"excerpt":{"rendered":"<p>Od dzi\u015b na Po\u0142oninie Wetli\u0144skiej otwarte jest nowe, najwy\u017cej po\u0142o\u017cone w Bieszczadach (1228 m. n.p.m.), schronisko, kt\u00f3re b\u0119dzie r\u00f3wnie\u017c siedzib\u0105 ratownik\u00f3w GOPR, Pa\u0144stwowego Ratownictwa Medycznego, a przy schronisku b\u0119dzie dzia\u0142a\u0142 Posterunek Meteorologiczny IMiGW. \u2013 To chyba jedyne tego rodzaju schronisko w Polsce. Troch\u0119 szkoda tych klimat\u00f3w. Nowoczesne schronisko to ju\u017c b\u0119dzie inna epoka&#8230; pod tym [&hellip;]<\/p>\n","protected":false},"author":3,"featured_media":26593,"comment_status":"open","ping_status":"open","sticky":false,"template":"","format":"standard","meta":{"ngg_post_thumbnail":0,"footnotes":""},"categories":[3],"tags":[],"class_list":["post-26519","post","type-post","status-publish","format-standard","has-post-thumbnail","hentry","category-wydarzenia"],"yoast_head":"<!-- This site is optimized with the Yoast SEO plugin v28.4 - https:\/\/yoast.com\/product\/yoast-seo-wordpress\/ -->\n<title>Bieszczady maj\u0105 now\u0105 Chatk\u0119 Puchatka &#8211; Marek Kuchci\u0144ski<\/title>\n<meta name=\"robots\" content=\"index, follow, max-snippet:-1, max-image-preview:large, max-video-preview:-1\" \/>\n<link rel=\"canonical\" href=\"https:\/\/marekkuchcinski.pl\/ro\/wydarzenia\/bieszczady-maja-nowa-chatke-puchatka\/\" \/>\n<meta property=\"og:locale\" content=\"ro_RO\" \/>\n<meta property=\"og:type\" content=\"article\" \/>\n<meta property=\"og:title\" content=\"Bieszczady maj\u0105 now\u0105 Chatk\u0119 Puchatka &#8211; Marek Kuchci\u0144ski\" \/>\n<meta property=\"og:description\" content=\"Od dzi\u015b na Po\u0142oninie Wetli\u0144skiej otwarte jest nowe, najwy\u017cej po\u0142o\u017cone w Bieszczadach (1228 m. n.p.m.), schronisko, kt\u00f3re b\u0119dzie r\u00f3wnie\u017c siedzib\u0105 ratownik\u00f3w GOPR, Pa\u0144stwowego Ratownictwa Medycznego, a przy schronisku b\u0119dzie dzia\u0142a\u0142 Posterunek Meteorologiczny IMiGW. \u2013 To chyba jedyne tego rodzaju schronisko w Polsce. Troch\u0119 szkoda tych klimat\u00f3w. Nowoczesne schronisko to ju\u017c b\u0119dzie inna epoka&#8230; pod tym [&hellip;]\" \/>\n<meta property=\"og:url\" content=\"https:\/\/marekkuchcinski.pl\/ro\/wydarzenia\/bieszczady-maja-nowa-chatke-puchatka\/\" \/>\n<meta property=\"og:site_name\" content=\"Marek Kuchci\u0144ski\" \/>\n<meta property=\"article:published_time\" content=\"2022-09-24T10:41:37+00:00\" \/>\n<meta property=\"article:modified_time\" content=\"2022-09-29T20:40:03+00:00\" \/>\n<meta property=\"og:image\" content=\"https:\/\/marekkuchcinski.pl\/wp-content\/uploads\/2022\/09\/p.jpg\" \/>\n\t<meta property=\"og:image:width\" content=\"744\" \/>\n\t<meta property=\"og:image:height\" content=\"498\" \/>\n\t<meta property=\"og:image:type\" content=\"image\/jpeg\" \/>\n<meta name=\"author\" content=\"Marta Olejnik\" \/>\n<meta name=\"twitter:card\" content=\"summary_large_image\" \/>\n<meta name=\"twitter:label1\" content=\"Written by\" \/>\n\t<meta name=\"twitter:data1\" content=\"Marta Olejnik\" \/>\n\t<meta name=\"twitter:label2\" content=\"Est. reading time\" \/>\n\t<meta name=\"twitter:data2\" content=\"3 minutes\" \/>\n<script type=\"application\/ld+json\" class=\"yoast-schema-graph\">{\"@context\":\"https:\\\/\\\/schema.org\",\"@graph\":[{\"@type\":\"Article\",\"@id\":\"https:\\\/\\\/marekkuchcinski.pl\\\/wydarzenia\\\/bieszczady-maja-nowa-chatke-puchatka\\\/#article\",\"isPartOf\":{\"@id\":\"https:\\\/\\\/marekkuchcinski.pl\\\/wydarzenia\\\/bieszczady-maja-nowa-chatke-puchatka\\\/\"},\"author\":{\"name\":\"Marta Olejnik\",\"@id\":\"https:\\\/\\\/marekkuchcinski.pl\\\/#\\\/schema\\\/person\\\/bd3f15dee67fee76e83c8350d0154101\"},\"headline\":\"Bieszczady maj\u0105 now\u0105 Chatk\u0119 Puchatka\",\"datePublished\":\"2022-09-24T10:41:37+00:00\",\"dateModified\":\"2022-09-29T20:40:03+00:00\",\"mainEntityOfPage\":{\"@id\":\"https:\\\/\\\/marekkuchcinski.pl\\\/wydarzenia\\\/bieszczady-maja-nowa-chatke-puchatka\\\/\"},\"wordCount\":248,\"commentCount\":0,\"publisher\":{\"@id\":\"https:\\\/\\\/marekkuchcinski.pl\\\/#organization\"},\"image\":{\"@id\":\"https:\\\/\\\/marekkuchcinski.pl\\\/wydarzenia\\\/bieszczady-maja-nowa-chatke-puchatka\\\/#primaryimage\"},\"thumbnailUrl\":\"https:\\\/\\\/marekkuchcinski.pl\\\/wp-content\\\/uploads\\\/2022\\\/09\\\/p.jpg\",\"articleSection\":[\"Wydarzenia\"],\"inLanguage\":\"ro-RO\",\"potentialAction\":[{\"@type\":\"CommentAction\",\"name\":\"Comment\",\"target\":[\"https:\\\/\\\/marekkuchcinski.pl\\\/wydarzenia\\\/bieszczady-maja-nowa-chatke-puchatka\\\/#respond\"]}]},{\"@type\":\"WebPage\",\"@id\":\"https:\\\/\\\/marekkuchcinski.pl\\\/wydarzenia\\\/bieszczady-maja-nowa-chatke-puchatka\\\/\",\"url\":\"https:\\\/\\\/marekkuchcinski.pl\\\/wydarzenia\\\/bieszczady-maja-nowa-chatke-puchatka\\\/\",\"name\":\"Bieszczady maj\u0105 now\u0105 Chatk\u0119 Puchatka &#8211; Marek Kuchci\u0144ski\",\"isPartOf\":{\"@id\":\"https:\\\/\\\/marekkuchcinski.pl\\\/#website\"},\"primaryImageOfPage\":{\"@id\":\"https:\\\/\\\/marekkuchcinski.pl\\\/wydarzenia\\\/bieszczady-maja-nowa-chatke-puchatka\\\/#primaryimage\"},\"image\":{\"@id\":\"https:\\\/\\\/marekkuchcinski.pl\\\/wydarzenia\\\/bieszczady-maja-nowa-chatke-puchatka\\\/#primaryimage\"},\"thumbnailUrl\":\"https:\\\/\\\/marekkuchcinski.pl\\\/wp-content\\\/uploads\\\/2022\\\/09\\\/p.jpg\",\"datePublished\":\"2022-09-24T10:41:37+00:00\",\"dateModified\":\"2022-09-29T20:40:03+00:00\",\"breadcrumb\":{\"@id\":\"https:\\\/\\\/marekkuchcinski.pl\\\/wydarzenia\\\/bieszczady-maja-nowa-chatke-puchatka\\\/#breadcrumb\"},\"inLanguage\":\"ro-RO\",\"potentialAction\":[{\"@type\":\"ReadAction\",\"target\":[\"https:\\\/\\\/marekkuchcinski.pl\\\/wydarzenia\\\/bieszczady-maja-nowa-chatke-puchatka\\\/\"]}]},{\"@type\":\"ImageObject\",\"inLanguage\":\"ro-RO\",\"@id\":\"https:\\\/\\\/marekkuchcinski.pl\\\/wydarzenia\\\/bieszczady-maja-nowa-chatke-puchatka\\\/#primaryimage\",\"url\":\"https:\\\/\\\/marekkuchcinski.pl\\\/wp-content\\\/uploads\\\/2022\\\/09\\\/p.jpg\",\"contentUrl\":\"https:\\\/\\\/marekkuchcinski.pl\\\/wp-content\\\/uploads\\\/2022\\\/09\\\/p.jpg\",\"width\":744,\"height\":498},{\"@type\":\"BreadcrumbList\",\"@id\":\"https:\\\/\\\/marekkuchcinski.pl\\\/wydarzenia\\\/bieszczady-maja-nowa-chatke-puchatka\\\/#breadcrumb\",\"itemListElement\":[{\"@type\":\"ListItem\",\"position\":1,\"name\":\"Strona g\u0142\u00f3wna\",\"item\":\"https:\\\/\\\/marekkuchcinski.pl\\\/\"},{\"@type\":\"ListItem\",\"position\":2,\"name\":\"Bieszczady maj\u0105 now\u0105 Chatk\u0119 Puchatka\"}]},{\"@type\":\"WebSite\",\"@id\":\"https:\\\/\\\/marekkuchcinski.pl\\\/#website\",\"url\":\"https:\\\/\\\/marekkuchcinski.pl\\\/\",\"name\":\"Marek Kuchci\u0144ski\",\"description\":\"Marek Kuchci\u0144ski \",\"publisher\":{\"@id\":\"https:\\\/\\\/marekkuchcinski.pl\\\/#organization\"},\"potentialAction\":[{\"@type\":\"SearchAction\",\"target\":{\"@type\":\"EntryPoint\",\"urlTemplate\":\"https:\\\/\\\/marekkuchcinski.pl\\\/?s={search_term_string}\"},\"query-input\":{\"@type\":\"PropertyValueSpecification\",\"valueRequired\":true,\"valueName\":\"search_term_string\"}}],\"inLanguage\":\"ro-RO\"},{\"@type\":\"Organization\",\"@id\":\"https:\\\/\\\/marekkuchcinski.pl\\\/#organization\",\"name\":\"Marek Kuchci\u0144ski\",\"url\":\"https:\\\/\\\/marekkuchcinski.pl\\\/\",\"logo\":{\"@type\":\"ImageObject\",\"inLanguage\":\"ro-RO\",\"@id\":\"https:\\\/\\\/marekkuchcinski.pl\\\/#\\\/schema\\\/logo\\\/image\\\/\",\"url\":\"https:\\\/\\\/marekkuchcinski.pl\\\/wp-content\\\/uploads\\\/2022\\\/09\\\/Marek.jpg\",\"contentUrl\":\"https:\\\/\\\/marekkuchcinski.pl\\\/wp-content\\\/uploads\\\/2022\\\/09\\\/Marek.jpg\",\"width\":1600,\"height\":971,\"caption\":\"Marek Kuchci\u0144ski\"},\"image\":{\"@id\":\"https:\\\/\\\/marekkuchcinski.pl\\\/#\\\/schema\\\/logo\\\/image\\\/\"}},{\"@type\":\"Person\",\"@id\":\"https:\\\/\\\/marekkuchcinski.pl\\\/#\\\/schema\\\/person\\\/bd3f15dee67fee76e83c8350d0154101\",\"name\":\"Marta Olejnik\",\"image\":{\"@type\":\"ImageObject\",\"inLanguage\":\"ro-RO\",\"@id\":\"https:\\\/\\\/secure.gravatar.com\\\/avatar\\\/24754edd6080383402e292374b406b553027d572e97d60e7aa89a6940e88659a?s=96&d=mm&r=g\",\"url\":\"https:\\\/\\\/secure.gravatar.com\\\/avatar\\\/24754edd6080383402e292374b406b553027d572e97d60e7aa89a6940e88659a?s=96&d=mm&r=g\",\"contentUrl\":\"https:\\\/\\\/secure.gravatar.com\\\/avatar\\\/24754edd6080383402e292374b406b553027d572e97d60e7aa89a6940e88659a?s=96&d=mm&r=g\",\"caption\":\"Marta Olejnik\"},\"url\":\"https:\\\/\\\/marekkuchcinski.pl\\\/ro\\\/author\\\/marta\\\/\"}]}<\/script>\n<!-- \/ Yoast SEO plugin. -->","yoast_head_json":{"title":"Bieszczady maj\u0105 now\u0105 Chatk\u0119 Puchatka &#8211; Marek Kuchci\u0144ski","robots":{"index":"index","follow":"follow","max-snippet":"max-snippet:-1","max-image-preview":"max-image-preview:large","max-video-preview":"max-video-preview:-1"},"canonical":"https:\/\/marekkuchcinski.pl\/ro\/wydarzenia\/bieszczady-maja-nowa-chatke-puchatka\/","og_locale":"ro_RO","og_type":"article","og_title":"Bieszczady maj\u0105 now\u0105 Chatk\u0119 Puchatka &#8211; Marek Kuchci\u0144ski","og_description":"Od dzi\u015b na Po\u0142oninie Wetli\u0144skiej otwarte jest nowe, najwy\u017cej po\u0142o\u017cone w Bieszczadach (1228 m. n.p.m.), schronisko, kt\u00f3re b\u0119dzie r\u00f3wnie\u017c siedzib\u0105 ratownik\u00f3w GOPR, Pa\u0144stwowego Ratownictwa Medycznego, a przy schronisku b\u0119dzie dzia\u0142a\u0142 Posterunek Meteorologiczny IMiGW. \u2013 To chyba jedyne tego rodzaju schronisko w Polsce. Troch\u0119 szkoda tych klimat\u00f3w. Nowoczesne schronisko to ju\u017c b\u0119dzie inna epoka&#8230; pod tym [&hellip;]","og_url":"https:\/\/marekkuchcinski.pl\/ro\/wydarzenia\/bieszczady-maja-nowa-chatke-puchatka\/","og_site_name":"Marek Kuchci\u0144ski","article_published_time":"2022-09-24T10:41:37+00:00","article_modified_time":"2022-09-29T20:40:03+00:00","og_image":[{"width":744,"height":498,"url":"https:\/\/marekkuchcinski.pl\/wp-content\/uploads\/2022\/09\/p.jpg","type":"image\/jpeg"}],"author":"Marta Olejnik","twitter_card":"summary_large_image","twitter_misc":{"Written by":"Marta Olejnik","Est. reading time":"3 minutes"},"schema":{"@context":"https:\/\/schema.org","@graph":[{"@type":"Article","@id":"https:\/\/marekkuchcinski.pl\/wydarzenia\/bieszczady-maja-nowa-chatke-puchatka\/#article","isPartOf":{"@id":"https:\/\/marekkuchcinski.pl\/wydarzenia\/bieszczady-maja-nowa-chatke-puchatka\/"},"author":{"name":"Marta Olejnik","@id":"https:\/\/marekkuchcinski.pl\/#\/schema\/person\/bd3f15dee67fee76e83c8350d0154101"},"headline":"Bieszczady maj\u0105 now\u0105 Chatk\u0119 Puchatka","datePublished":"2022-09-24T10:41:37+00:00","dateModified":"2022-09-29T20:40:03+00:00","mainEntityOfPage":{"@id":"https:\/\/marekkuchcinski.pl\/wydarzenia\/bieszczady-maja-nowa-chatke-puchatka\/"},"wordCount":248,"commentCount":0,"publisher":{"@id":"https:\/\/marekkuchcinski.pl\/#organization"},"image":{"@id":"https:\/\/marekkuchcinski.pl\/wydarzenia\/bieszczady-maja-nowa-chatke-puchatka\/#primaryimage"},"thumbnailUrl":"https:\/\/marekkuchcinski.pl\/wp-content\/uploads\/2022\/09\/p.jpg","articleSection":["Wydarzenia"],"inLanguage":"ro-RO","potentialAction":[{"@type":"CommentAction","name":"Comment","target":["https:\/\/marekkuchcinski.pl\/wydarzenia\/bieszczady-maja-nowa-chatke-puchatka\/#respond"]}]},{"@type":"WebPage","@id":"https:\/\/marekkuchcinski.pl\/wydarzenia\/bieszczady-maja-nowa-chatke-puchatka\/","url":"https:\/\/marekkuchcinski.pl\/wydarzenia\/bieszczady-maja-nowa-chatke-puchatka\/","name":"Bieszczady maj\u0105 now\u0105 Chatk\u0119 Puchatka &#8211; Marek Kuchci\u0144ski","isPartOf":{"@id":"https:\/\/marekkuchcinski.pl\/#website"},"primaryImageOfPage":{"@id":"https:\/\/marekkuchcinski.pl\/wydarzenia\/bieszczady-maja-nowa-chatke-puchatka\/#primaryimage"},"image":{"@id":"https:\/\/marekkuchcinski.pl\/wydarzenia\/bieszczady-maja-nowa-chatke-puchatka\/#primaryimage"},"thumbnailUrl":"https:\/\/marekkuchcinski.pl\/wp-content\/uploads\/2022\/09\/p.jpg","datePublished":"2022-09-24T10:41:37+00:00","dateModified":"2022-09-29T20:40:03+00:00","breadcrumb":{"@id":"https:\/\/marekkuchcinski.pl\/wydarzenia\/bieszczady-maja-nowa-chatke-puchatka\/#breadcrumb"},"inLanguage":"ro-RO","potentialAction":[{"@type":"ReadAction","target":["https:\/\/marekkuchcinski.pl\/wydarzenia\/bieszczady-maja-nowa-chatke-puchatka\/"]}]},{"@type":"ImageObject","inLanguage":"ro-RO","@id":"https:\/\/marekkuchcinski.pl\/wydarzenia\/bieszczady-maja-nowa-chatke-puchatka\/#primaryimage","url":"https:\/\/marekkuchcinski.pl\/wp-content\/uploads\/2022\/09\/p.jpg","contentUrl":"https:\/\/marekkuchcinski.pl\/wp-content\/uploads\/2022\/09\/p.jpg","width":744,"height":498},{"@type":"BreadcrumbList","@id":"https:\/\/marekkuchcinski.pl\/wydarzenia\/bieszczady-maja-nowa-chatke-puchatka\/#breadcrumb","itemListElement":[{"@type":"ListItem","position":1,"name":"Strona g\u0142\u00f3wna","item":"https:\/\/marekkuchcinski.pl\/"},{"@type":"ListItem","position":2,"name":"Bieszczady maj\u0105 now\u0105 Chatk\u0119 Puchatka"}]},{"@type":"WebSite","@id":"https:\/\/marekkuchcinski.pl\/#website","url":"https:\/\/marekkuchcinski.pl\/","name":"Marek Kuchci\u0144ski","description":"Marek Kuchci\u0144ski","publisher":{"@id":"https:\/\/marekkuchcinski.pl\/#organization"},"potentialAction":[{"@type":"SearchAction","target":{"@type":"EntryPoint","urlTemplate":"https:\/\/marekkuchcinski.pl\/?s={search_term_string}"},"query-input":{"@type":"PropertyValueSpecification","valueRequired":true,"valueName":"search_term_string"}}],"inLanguage":"ro-RO"},{"@type":"Organization","@id":"https:\/\/marekkuchcinski.pl\/#organization","name":"Marek Kuchci\u0144ski","url":"https:\/\/marekkuchcinski.pl\/","logo":{"@type":"ImageObject","inLanguage":"ro-RO","@id":"https:\/\/marekkuchcinski.pl\/#\/schema\/logo\/image\/","url":"https:\/\/marekkuchcinski.pl\/wp-content\/uploads\/2022\/09\/Marek.jpg","contentUrl":"https:\/\/marekkuchcinski.pl\/wp-content\/uploads\/2022\/09\/Marek.jpg","width":1600,"height":971,"caption":"Marek Kuchci\u0144ski"},"image":{"@id":"https:\/\/marekkuchcinski.pl\/#\/schema\/logo\/image\/"}},{"@type":"Person","@id":"https:\/\/marekkuchcinski.pl\/#\/schema\/person\/bd3f15dee67fee76e83c8350d0154101","name":"Marta Olejnik","image":{"@type":"ImageObject","inLanguage":"ro-RO","@id":"https:\/\/secure.gravatar.com\/avatar\/24754edd6080383402e292374b406b553027d572e97d60e7aa89a6940e88659a?s=96&d=mm&r=g","url":"https:\/\/secure.gravatar.com\/avatar\/24754edd6080383402e292374b406b553027d572e97d60e7aa89a6940e88659a?s=96&d=mm&r=g","contentUrl":"https:\/\/secure.gravatar.com\/avatar\/24754edd6080383402e292374b406b553027d572e97d60e7aa89a6940e88659a?s=96&d=mm&r=g","caption":"Marta Olejnik"},"url":"https:\/\/marekkuchcinski.pl\/ro\/author\/marta\/"}]}},"_links":{"self":[{"href":"https:\/\/marekkuchcinski.pl\/ro\/wp-json\/wp\/v2\/posts\/26519","targetHints":{"allow":["GET"]}}],"collection":[{"href":"https:\/\/marekkuchcinski.pl\/ro\/wp-json\/wp\/v2\/posts"}],"about":[{"href":"https:\/\/marekkuchcinski.pl\/ro\/wp-json\/wp\/v2\/types\/post"}],"author":[{"embeddable":true,"href":"https:\/\/marekkuchcinski.pl\/ro\/wp-json\/wp\/v2\/users\/3"}],"replies":[{"embeddable":true,"href":"https:\/\/marekkuchcinski.pl\/ro\/wp-json\/wp\/v2\/comments?post=26519"}],"version-history":[{"count":12,"href":"https:\/\/marekkuchcinski.pl\/ro\/wp-json\/wp\/v2\/posts\/26519\/revisions"}],"predecessor-version":[{"id":26592,"href":"https:\/\/marekkuchcinski.pl\/ro\/wp-json\/wp\/v2\/posts\/26519\/revisions\/26592"}],"wp:featuredmedia":[{"embeddable":true,"href":"https:\/\/marekkuchcinski.pl\/ro\/wp-json\/wp\/v2\/media\/26593"}],"wp:attachment":[{"href":"https:\/\/marekkuchcinski.pl\/ro\/wp-json\/wp\/v2\/media?parent=26519"}],"wp:term":[{"taxonomy":"category","embeddable":true,"href":"https:\/\/marekkuchcinski.pl\/ro\/wp-json\/wp\/v2\/categories?post=26519"},{"taxonomy":"post_tag","embeddable":true,"href":"https:\/\/marekkuchcinski.pl\/ro\/wp-json\/wp\/v2\/tags?post=26519"}],"curies":[{"name":"wp","href":"https:\/\/api.w.org\/{rel}","templated":true}]}}