{"id":26431,"date":"2022-09-17T09:16:15","date_gmt":"2022-09-17T07:16:15","guid":{"rendered":"https:\/\/marekkuchcinski.pl\/?p=26431"},"modified":"2022-09-17T09:16:17","modified_gmt":"2022-09-17T07:16:17","slug":"rzad-wprowadza-tarcze-energetyczna","status":"publish","type":"post","link":"https:\/\/marekkuchcinski.pl\/ro\/wydarzenia\/rzad-wprowadza-tarcze-energetyczna\/","title":{"rendered":"Guvernul introduce scutul energetic"},"content":{"rendered":"<p><strong>Guvernul propune un scut de solidaritate care \u00eenghea\u021b\u0103 pre\u021bul energiei electrice pentru consumatorii casnici \u00een 2023 la nivelul din 2022 la un consum de 2.000 kWh pe an. Administra\u021biile de stat \u0219i administra\u021biile locale sunt obligate s\u0103 \u00ee\u0219i reduc\u0103 consumul de energie electric\u0103 cu 10 %. - Premierul Mateusz Morawiecki a declarat joi<\/strong>. Scutul de solidaritate este menit s\u0103-i ajute s\u0103 treac\u0103 prin aceast\u0103 perioad\u0103 foarte dificil\u0103; este menit s\u0103-i protejeze pe polonezi de cre\u0219teri abrupte ale pre\u021burilor de 3-4 ori. \u00cen cazul gospod\u0103riilor cu persoane cu handicap, aceasta va fi de 2 600 kWh. La fel \u0219i pentru familiile cu trei sau mai mul\u021bi copii.<\/p>\n\n\n\n<div class=\"wp-block-file\"><a href=\"https:\/\/marekkuchcinski.pl\/wp-content\/uploads\/2022\/09\/Rza\u0328dowa_Tarcza_Energetyczna.pptx\">Guvern_Energia_Shield<\/a><a href=\"https:\/\/marekkuchcinski.pl\/wp-content\/uploads\/2022\/09\/Rza\u0328dowa_Tarcza_Energetyczna.pptx\" class=\"wp-block-file__button\" download>Desc\u0103rca\u021bi<\/a><\/div>","protected":false},"excerpt":{"rendered":"<p>Guvernul propune un scut de solidaritate care \u00eenghea\u021b\u0103 pre\u021bul energiei electrice pentru consumatorii casnici \u00een 2023 la nivelul din 2022 la un consum de 2.000 kWh pe an. Guvernul \u0219i administra\u021biile locale sunt obligate s\u0103 \u00ee\u0219i reduc\u0103 consumul de energie electric\u0103 cu 10 %. - Premierul Mateusz Morawiecki a declarat joi. Scutul de solidaritate este menit s\u0103 ne ajute s\u0103 trecem prin aceast\u0103 perioad\u0103 foarte dificil\u0103; este menit s\u0103 protejeze [...]<\/p>","protected":false},"author":21,"featured_media":26436,"comment_status":"open","ping_status":"open","sticky":false,"template":"","format":"standard","meta":{"ngg_post_thumbnail":0,"footnotes":""},"categories":[3],"tags":[],"class_list":["post-26431","post","type-post","status-publish","format-standard","has-post-thumbnail","hentry","category-wydarzenia"],"yoast_head":"<!-- This site is optimized with the Yoast SEO plugin v24.7 - https:\/\/yoast.com\/wordpress\/plugins\/seo\/ -->\n<title>Rz\u0105d wprowadza Tarcz\u0119 Energetyczn\u0105 &#8211; Marek Kuchci\u0144ski<\/title>\n<meta name=\"robots\" content=\"index, follow, max-snippet:-1, max-image-preview:large, max-video-preview:-1\" \/>\n<link rel=\"canonical\" href=\"https:\/\/marekkuchcinski.pl\/ro\/wydarzenia\/rzad-wprowadza-tarcze-energetyczna\/\" \/>\n<meta property=\"og:locale\" content=\"ro_RO\" \/>\n<meta property=\"og:type\" content=\"article\" \/>\n<meta property=\"og:title\" content=\"Rz\u0105d wprowadza Tarcz\u0119 Energetyczn\u0105 &#8211; Marek Kuchci\u0144ski\" \/>\n<meta property=\"og:description\" content=\"Rz\u0105d proponuje Tarcz\u0119 solidarno\u015bciow\u0105 zamra\u017caj\u0105c\u0105 w 2023 r. ceny energii elektrycznej dla gospodarstw domowych na poziomie z 2022 r. do zu\u017cycia 2000 kWh rocznie. Administracja rz\u0105dowa i samorz\u0105dowa jest zobowi\u0105zana do zmniejszenia zu\u017cycia pr\u0105du o 10 proc.\u00a0&#8211; powiedzia\u0142 w czwartek premier Mateusz Morawiecki. Tarcza solidarno\u015bciowa ma pom\u00f3c przej\u015b\u0107 przez ten bardzo trudny okres; ma chroni\u0107 [&hellip;]\" \/>\n<meta property=\"og:url\" content=\"https:\/\/marekkuchcinski.pl\/ro\/wydarzenia\/rzad-wprowadza-tarcze-energetyczna\/\" \/>\n<meta property=\"og:site_name\" content=\"Marek Kuchci\u0144ski\" \/>\n<meta property=\"article:published_time\" content=\"2022-09-17T07:16:15+00:00\" \/>\n<meta property=\"article:modified_time\" content=\"2022-09-17T07:16:17+00:00\" \/>\n<meta property=\"og:image\" content=\"https:\/\/marekkuchcinski.pl\/wp-content\/uploads\/2022\/09\/TE.jpeg\" \/>\n\t<meta property=\"og:image:width\" content=\"1600\" \/>\n\t<meta property=\"og:image:height\" content=\"900\" \/>\n\t<meta property=\"og:image:type\" content=\"image\/jpeg\" \/>\n<meta name=\"author\" content=\"Marta Olejnik\" \/>\n<meta name=\"twitter:card\" content=\"summary_large_image\" \/>\n<meta name=\"twitter:label1\" content=\"Scris de\" \/>\n\t<meta name=\"twitter:data1\" content=\"Marta Olejnik\" \/>\n\t<meta name=\"twitter:label2\" content=\"Timp estimat pentru citire\" \/>\n\t<meta name=\"twitter:data2\" content=\"1 minute\" \/>\n<script type=\"application\/ld+json\" class=\"yoast-schema-graph\">{\"@context\":\"https:\/\/schema.org\",\"@graph\":[{\"@type\":\"Article\",\"@id\":\"https:\/\/marekkuchcinski.pl\/hu\/wydarzenia\/rzad-wprowadza-tarcze-energetyczna\/#article\",\"isPartOf\":{\"@id\":\"https:\/\/marekkuchcinski.pl\/hu\/wydarzenia\/rzad-wprowadza-tarcze-energetyczna\/\"},\"author\":{\"name\":\"Marta Olejnik\",\"@id\":\"https:\/\/marekkuchcinski.pl\/#\/schema\/person\/51d5d4ee3b5317b8e4dd2b48af359229\"},\"headline\":\"Rz\u0105d wprowadza Tarcz\u0119 Energetyczn\u0105\",\"datePublished\":\"2022-09-17T07:16:15+00:00\",\"dateModified\":\"2022-09-17T07:16:17+00:00\",\"mainEntityOfPage\":{\"@id\":\"https:\/\/marekkuchcinski.pl\/hu\/wydarzenia\/rzad-wprowadza-tarcze-energetyczna\/\"},\"wordCount\":108,\"commentCount\":0,\"publisher\":{\"@id\":\"https:\/\/marekkuchcinski.pl\/#organization\"},\"image\":{\"@id\":\"https:\/\/marekkuchcinski.pl\/hu\/wydarzenia\/rzad-wprowadza-tarcze-energetyczna\/#primaryimage\"},\"thumbnailUrl\":\"https:\/\/marekkuchcinski.pl\/wp-content\/uploads\/2022\/09\/TE.jpeg\",\"articleSection\":[\"Wydarzenia\"],\"inLanguage\":\"ro-RO\",\"potentialAction\":[{\"@type\":\"CommentAction\",\"name\":\"Comment\",\"target\":[\"https:\/\/marekkuchcinski.pl\/hu\/wydarzenia\/rzad-wprowadza-tarcze-energetyczna\/#respond\"]}]},{\"@type\":\"WebPage\",\"@id\":\"https:\/\/marekkuchcinski.pl\/hu\/wydarzenia\/rzad-wprowadza-tarcze-energetyczna\/\",\"url\":\"https:\/\/marekkuchcinski.pl\/hu\/wydarzenia\/rzad-wprowadza-tarcze-energetyczna\/\",\"name\":\"Rz\u0105d wprowadza Tarcz\u0119 Energetyczn\u0105 &#8211; Marek Kuchci\u0144ski\",\"isPartOf\":{\"@id\":\"https:\/\/marekkuchcinski.pl\/#website\"},\"primaryImageOfPage\":{\"@id\":\"https:\/\/marekkuchcinski.pl\/hu\/wydarzenia\/rzad-wprowadza-tarcze-energetyczna\/#primaryimage\"},\"image\":{\"@id\":\"https:\/\/marekkuchcinski.pl\/hu\/wydarzenia\/rzad-wprowadza-tarcze-energetyczna\/#primaryimage\"},\"thumbnailUrl\":\"https:\/\/marekkuchcinski.pl\/wp-content\/uploads\/2022\/09\/TE.jpeg\",\"datePublished\":\"2022-09-17T07:16:15+00:00\",\"dateModified\":\"2022-09-17T07:16:17+00:00\",\"breadcrumb\":{\"@id\":\"https:\/\/marekkuchcinski.pl\/hu\/wydarzenia\/rzad-wprowadza-tarcze-energetyczna\/#breadcrumb\"},\"inLanguage\":\"ro-RO\",\"potentialAction\":[{\"@type\":\"ReadAction\",\"target\":[\"https:\/\/marekkuchcinski.pl\/hu\/wydarzenia\/rzad-wprowadza-tarcze-energetyczna\/\"]}]},{\"@type\":\"ImageObject\",\"inLanguage\":\"ro-RO\",\"@id\":\"https:\/\/marekkuchcinski.pl\/hu\/wydarzenia\/rzad-wprowadza-tarcze-energetyczna\/#primaryimage\",\"url\":\"https:\/\/marekkuchcinski.pl\/wp-content\/uploads\/2022\/09\/TE.jpeg\",\"contentUrl\":\"https:\/\/marekkuchcinski.pl\/wp-content\/uploads\/2022\/09\/TE.jpeg\",\"width\":1600,\"height\":900},{\"@type\":\"BreadcrumbList\",\"@id\":\"https:\/\/marekkuchcinski.pl\/hu\/wydarzenia\/rzad-wprowadza-tarcze-energetyczna\/#breadcrumb\",\"itemListElement\":[{\"@type\":\"ListItem\",\"position\":1,\"name\":\"Strona g\u0142\u00f3wna\",\"item\":\"https:\/\/marekkuchcinski.pl\/\"},{\"@type\":\"ListItem\",\"position\":2,\"name\":\"Rz\u0105d wprowadza Tarcz\u0119 Energetyczn\u0105\"}]},{\"@type\":\"WebSite\",\"@id\":\"https:\/\/marekkuchcinski.pl\/#website\",\"url\":\"https:\/\/marekkuchcinski.pl\/\",\"name\":\"Marek Kuchci\u0144ski\",\"description\":\"Pose\u0142 na sejm RP &ndash; okr\u0119g nr 22\",\"publisher\":{\"@id\":\"https:\/\/marekkuchcinski.pl\/#organization\"},\"potentialAction\":[{\"@type\":\"SearchAction\",\"target\":{\"@type\":\"EntryPoint\",\"urlTemplate\":\"https:\/\/marekkuchcinski.pl\/?s={search_term_string}\"},\"query-input\":{\"@type\":\"PropertyValueSpecification\",\"valueRequired\":true,\"valueName\":\"search_term_string\"}}],\"inLanguage\":\"ro-RO\"},{\"@type\":\"Organization\",\"@id\":\"https:\/\/marekkuchcinski.pl\/#organization\",\"name\":\"Marek Kuchci\u0144ski\",\"url\":\"https:\/\/marekkuchcinski.pl\/\",\"logo\":{\"@type\":\"ImageObject\",\"inLanguage\":\"ro-RO\",\"@id\":\"https:\/\/marekkuchcinski.pl\/#\/schema\/logo\/image\/\",\"url\":\"https:\/\/marekkuchcinski.pl\/wp-content\/uploads\/2022\/09\/Marek.jpg\",\"contentUrl\":\"https:\/\/marekkuchcinski.pl\/wp-content\/uploads\/2022\/09\/Marek.jpg\",\"width\":1600,\"height\":971,\"caption\":\"Marek Kuchci\u0144ski\"},\"image\":{\"@id\":\"https:\/\/marekkuchcinski.pl\/#\/schema\/logo\/image\/\"}},{\"@type\":\"Person\",\"@id\":\"https:\/\/marekkuchcinski.pl\/#\/schema\/person\/51d5d4ee3b5317b8e4dd2b48af359229\",\"name\":\"Marta Olejnik\",\"image\":{\"@type\":\"ImageObject\",\"inLanguage\":\"ro-RO\",\"@id\":\"https:\/\/marekkuchcinski.pl\/#\/schema\/person\/image\/\",\"url\":\"https:\/\/secure.gravatar.com\/avatar\/e39914b2aa6a48959e24d475b5dc9793?s=96&d=mm&r=g\",\"contentUrl\":\"https:\/\/secure.gravatar.com\/avatar\/e39914b2aa6a48959e24d475b5dc9793?s=96&d=mm&r=g\",\"caption\":\"Marta Olejnik\"},\"url\":\"https:\/\/marekkuchcinski.pl\/ro\/author\/marta\/\"}]}<\/script>\n<!-- \/ Yoast SEO plugin. -->","yoast_head_json":{"title":"Rz\u0105d wprowadza Tarcz\u0119 Energetyczn\u0105 &#8211; Marek Kuchci\u0144ski","robots":{"index":"index","follow":"follow","max-snippet":"max-snippet:-1","max-image-preview":"max-image-preview:large","max-video-preview":"max-video-preview:-1"},"canonical":"https:\/\/marekkuchcinski.pl\/ro\/wydarzenia\/rzad-wprowadza-tarcze-energetyczna\/","og_locale":"ro_RO","og_type":"article","og_title":"Rz\u0105d wprowadza Tarcz\u0119 Energetyczn\u0105 &#8211; Marek Kuchci\u0144ski","og_description":"Rz\u0105d proponuje Tarcz\u0119 solidarno\u015bciow\u0105 zamra\u017caj\u0105c\u0105 w 2023 r. ceny energii elektrycznej dla gospodarstw domowych na poziomie z 2022 r. do zu\u017cycia 2000 kWh rocznie. Administracja rz\u0105dowa i samorz\u0105dowa jest zobowi\u0105zana do zmniejszenia zu\u017cycia pr\u0105du o 10 proc.\u00a0&#8211; powiedzia\u0142 w czwartek premier Mateusz Morawiecki. Tarcza solidarno\u015bciowa ma pom\u00f3c przej\u015b\u0107 przez ten bardzo trudny okres; ma chroni\u0107 [&hellip;]","og_url":"https:\/\/marekkuchcinski.pl\/ro\/wydarzenia\/rzad-wprowadza-tarcze-energetyczna\/","og_site_name":"Marek Kuchci\u0144ski","article_published_time":"2022-09-17T07:16:15+00:00","article_modified_time":"2022-09-17T07:16:17+00:00","og_image":[{"width":1600,"height":900,"url":"https:\/\/marekkuchcinski.pl\/wp-content\/uploads\/2022\/09\/TE.jpeg","type":"image\/jpeg"}],"author":"Marta Olejnik","twitter_card":"summary_large_image","twitter_misc":{"Scris de":"Marta Olejnik","Timp estimat pentru citire":"1 minute"},"schema":{"@context":"https:\/\/schema.org","@graph":[{"@type":"Article","@id":"https:\/\/marekkuchcinski.pl\/hu\/wydarzenia\/rzad-wprowadza-tarcze-energetyczna\/#article","isPartOf":{"@id":"https:\/\/marekkuchcinski.pl\/hu\/wydarzenia\/rzad-wprowadza-tarcze-energetyczna\/"},"author":{"name":"Marta Olejnik","@id":"https:\/\/marekkuchcinski.pl\/#\/schema\/person\/51d5d4ee3b5317b8e4dd2b48af359229"},"headline":"Rz\u0105d wprowadza Tarcz\u0119 Energetyczn\u0105","datePublished":"2022-09-17T07:16:15+00:00","dateModified":"2022-09-17T07:16:17+00:00","mainEntityOfPage":{"@id":"https:\/\/marekkuchcinski.pl\/hu\/wydarzenia\/rzad-wprowadza-tarcze-energetyczna\/"},"wordCount":108,"commentCount":0,"publisher":{"@id":"https:\/\/marekkuchcinski.pl\/#organization"},"image":{"@id":"https:\/\/marekkuchcinski.pl\/hu\/wydarzenia\/rzad-wprowadza-tarcze-energetyczna\/#primaryimage"},"thumbnailUrl":"https:\/\/marekkuchcinski.pl\/wp-content\/uploads\/2022\/09\/TE.jpeg","articleSection":["Wydarzenia"],"inLanguage":"ro-RO","potentialAction":[{"@type":"CommentAction","name":"Comment","target":["https:\/\/marekkuchcinski.pl\/hu\/wydarzenia\/rzad-wprowadza-tarcze-energetyczna\/#respond"]}]},{"@type":"WebPage","@id":"https:\/\/marekkuchcinski.pl\/hu\/wydarzenia\/rzad-wprowadza-tarcze-energetyczna\/","url":"https:\/\/marekkuchcinski.pl\/hu\/wydarzenia\/rzad-wprowadza-tarcze-energetyczna\/","name":"Rz\u0105d wprowadza Tarcz\u0119 Energetyczn\u0105 &#8211; Marek Kuchci\u0144ski","isPartOf":{"@id":"https:\/\/marekkuchcinski.pl\/#website"},"primaryImageOfPage":{"@id":"https:\/\/marekkuchcinski.pl\/hu\/wydarzenia\/rzad-wprowadza-tarcze-energetyczna\/#primaryimage"},"image":{"@id":"https:\/\/marekkuchcinski.pl\/hu\/wydarzenia\/rzad-wprowadza-tarcze-energetyczna\/#primaryimage"},"thumbnailUrl":"https:\/\/marekkuchcinski.pl\/wp-content\/uploads\/2022\/09\/TE.jpeg","datePublished":"2022-09-17T07:16:15+00:00","dateModified":"2022-09-17T07:16:17+00:00","breadcrumb":{"@id":"https:\/\/marekkuchcinski.pl\/hu\/wydarzenia\/rzad-wprowadza-tarcze-energetyczna\/#breadcrumb"},"inLanguage":"ro-RO","potentialAction":[{"@type":"ReadAction","target":["https:\/\/marekkuchcinski.pl\/hu\/wydarzenia\/rzad-wprowadza-tarcze-energetyczna\/"]}]},{"@type":"ImageObject","inLanguage":"ro-RO","@id":"https:\/\/marekkuchcinski.pl\/hu\/wydarzenia\/rzad-wprowadza-tarcze-energetyczna\/#primaryimage","url":"https:\/\/marekkuchcinski.pl\/wp-content\/uploads\/2022\/09\/TE.jpeg","contentUrl":"https:\/\/marekkuchcinski.pl\/wp-content\/uploads\/2022\/09\/TE.jpeg","width":1600,"height":900},{"@type":"BreadcrumbList","@id":"https:\/\/marekkuchcinski.pl\/hu\/wydarzenia\/rzad-wprowadza-tarcze-energetyczna\/#breadcrumb","itemListElement":[{"@type":"ListItem","position":1,"name":"Strona g\u0142\u00f3wna","item":"https:\/\/marekkuchcinski.pl\/"},{"@type":"ListItem","position":2,"name":"Rz\u0105d wprowadza Tarcz\u0119 Energetyczn\u0105"}]},{"@type":"WebSite","@id":"https:\/\/marekkuchcinski.pl\/#website","url":"https:\/\/marekkuchcinski.pl\/","name":"Marek Kuchci\u0144ski","description":"Pose\u0142 na sejm RP &ndash; okr\u0119g nr 22","publisher":{"@id":"https:\/\/marekkuchcinski.pl\/#organization"},"potentialAction":[{"@type":"SearchAction","target":{"@type":"EntryPoint","urlTemplate":"https:\/\/marekkuchcinski.pl\/?s={search_term_string}"},"query-input":{"@type":"PropertyValueSpecification","valueRequired":true,"valueName":"search_term_string"}}],"inLanguage":"ro-RO"},{"@type":"Organization","@id":"https:\/\/marekkuchcinski.pl\/#organization","name":"Marek Kuchci\u0144ski","url":"https:\/\/marekkuchcinski.pl\/","logo":{"@type":"ImageObject","inLanguage":"ro-RO","@id":"https:\/\/marekkuchcinski.pl\/#\/schema\/logo\/image\/","url":"https:\/\/marekkuchcinski.pl\/wp-content\/uploads\/2022\/09\/Marek.jpg","contentUrl":"https:\/\/marekkuchcinski.pl\/wp-content\/uploads\/2022\/09\/Marek.jpg","width":1600,"height":971,"caption":"Marek Kuchci\u0144ski"},"image":{"@id":"https:\/\/marekkuchcinski.pl\/#\/schema\/logo\/image\/"}},{"@type":"Person","@id":"https:\/\/marekkuchcinski.pl\/#\/schema\/person\/51d5d4ee3b5317b8e4dd2b48af359229","name":"Marta Olejnik","image":{"@type":"ImageObject","inLanguage":"ro-RO","@id":"https:\/\/marekkuchcinski.pl\/#\/schema\/person\/image\/","url":"https:\/\/secure.gravatar.com\/avatar\/e39914b2aa6a48959e24d475b5dc9793?s=96&d=mm&r=g","contentUrl":"https:\/\/secure.gravatar.com\/avatar\/e39914b2aa6a48959e24d475b5dc9793?s=96&d=mm&r=g","caption":"Marta Olejnik"},"url":"https:\/\/marekkuchcinski.pl\/ro\/author\/marta\/"}]}},"_links":{"self":[{"href":"https:\/\/marekkuchcinski.pl\/ro\/wp-json\/wp\/v2\/posts\/26431","targetHints":{"allow":["GET"]}}],"collection":[{"href":"https:\/\/marekkuchcinski.pl\/ro\/wp-json\/wp\/v2\/posts"}],"about":[{"href":"https:\/\/marekkuchcinski.pl\/ro\/wp-json\/wp\/v2\/types\/post"}],"author":[{"embeddable":true,"href":"https:\/\/marekkuchcinski.pl\/ro\/wp-json\/wp\/v2\/users\/21"}],"replies":[{"embeddable":true,"href":"https:\/\/marekkuchcinski.pl\/ro\/wp-json\/wp\/v2\/comments?post=26431"}],"version-history":[{"count":4,"href":"https:\/\/marekkuchcinski.pl\/ro\/wp-json\/wp\/v2\/posts\/26431\/revisions"}],"predecessor-version":[{"id":26437,"href":"https:\/\/marekkuchcinski.pl\/ro\/wp-json\/wp\/v2\/posts\/26431\/revisions\/26437"}],"wp:featuredmedia":[{"embeddable":true,"href":"https:\/\/marekkuchcinski.pl\/ro\/wp-json\/wp\/v2\/media\/26436"}],"wp:attachment":[{"href":"https:\/\/marekkuchcinski.pl\/ro\/wp-json\/wp\/v2\/media?parent=26431"}],"wp:term":[{"taxonomy":"category","embeddable":true,"href":"https:\/\/marekkuchcinski.pl\/ro\/wp-json\/wp\/v2\/categories?post=26431"},{"taxonomy":"post_tag","embeddable":true,"href":"https:\/\/marekkuchcinski.pl\/ro\/wp-json\/wp\/v2\/tags?post=26431"}],"curies":[{"name":"wp","href":"https:\/\/api.w.org\/{rel}","templated":true}]}}