{"id":26355,"date":"2022-09-12T21:28:09","date_gmt":"2022-09-12T19:28:09","guid":{"rendered":"https:\/\/marekkuchcinski.pl\/?p=26355"},"modified":"2022-09-12T21:28:11","modified_gmt":"2022-09-12T19:28:11","slug":"cyfrowa-europa-karpat","status":"publish","type":"post","link":"https:\/\/marekkuchcinski.pl\/ro\/wydarzenia\/cyfrowa-europa-karpat\/","title":{"rendered":"Cyfrowa Europa Karpat"},"content":{"rendered":"\n<p class=\"wp-block-paragraph\">W ramach wsp\u00f3\u0142pracy mi\u0119dzynarodowej w obszarze Europy Karpat, w dniach 7 \u2013 9 wrze\u015bnia 2021 roku zaprezentowano projekt rozwoju cyfrowego regionu. S\u0105 to dzia\u0142ania na rzecz zwi\u0119kszenia rozpoznawalno\u015bci i atrakcyjno\u015bci obszar\u00f3w karpackich. Projekt Cyfrowej Europy Karpat proponowany przez polsk\u0105 administracj\u0119 z\u0142o\u017cony z inicjatyw dedykowanych lokalnym spo\u0142eczno\u015bciom. Dzia\u0142ania skierowane b\u0119d\u0105 zar\u00f3wno do indywidualnych mieszka\u0144c\u00f3w, jak i do bran\u017c funkcjonuj\u0105cych w regionie.<\/p>\n\n\n\n<p class=\"wp-block-paragraph\">\u2013 Poprzez nowoczesne technologie rozwijamy logiczne my\u015blenie, kreatywno\u015b\u0107, ale tak\u017ce budujemy \u015bwiadomo\u015b\u0107 historyczn\u0105 \u2013 m\u00f3wi Marek Kuchci\u0144ski, szef Komisji Spraw Zagranicznych, patron konferencji Europa Karpat.<\/p>\n\n\n\n<p class=\"wp-block-paragraph\">&nbsp;W 2021 roku &nbsp;samorz\u0105dy prowadz\u0105ce&nbsp;oko\u0142o 12\u202f000 szk\u00f3\u0142&nbsp;podstawowych&nbsp;w ca\u0142ej Polsce otrzyma\u0142y&nbsp;\u015brodki finansowe na&nbsp;zakup nowoczesnych narz\u0119dzi&nbsp;wspieraj\u0105cych odkrywanie talent\u00f3w i&nbsp;rozwijanie kompetencji przysz\u0142o\u015bci \u2013 takich jak wsp\u00f3\u0142praca, interdyscyplinarno\u015b\u0107, kreatywno\u015b\u0107 i rozwi\u0105zywanie problem\u00f3w.&nbsp;<\/p>\n\n\n\n<p class=\"wp-block-paragraph\">W ramach Laboratori\u00f3w Przysz\u0142o\u015bci rz\u0105d finansuje drukarki 3D, mikrokontrolery,&nbsp;roboty, sprz\u0119t do nagra\u0144 i inne nowoczesne wyposa\u017cenie [program realizuje jeden z postulat\u00f3w Polskiego \u0141adu, z Funduszu Przeciwdzia\u0142ania COVID-19.]<\/p>\n\n\n\n<p class=\"wp-block-paragraph\">Na wsparcie szk\u00f3\u0142 Rz\u0105d przeznaczy&nbsp;\u0142\u0105cznie&nbsp;ponad&nbsp;1&nbsp;miliard z\u0142otych&nbsp;\u2013 w pierwszej kolejno\u015bci dla szk\u00f3\u0142 prowadzonych przez samorz\u0105dy, a nast\u0119pnie&nbsp;tak\u017ce&nbsp;szk\u00f3\u0142 niepublicznych.&nbsp;&nbsp;<\/p>\n\n\n\n<p class=\"wp-block-paragraph\"><strong>Wsparcie dla ponad 3 mln uczni\u00f3w!&nbsp;&nbsp;<\/strong><\/p>\n\n\n\n<p class=\"wp-block-paragraph\">&nbsp;Wsparcie b\u0119dzie przyznawane w zale\u017cno\u015bci od wielko\u015bci szk\u00f3\u0142 \u2013&nbsp;ich organy prowadz\u0105ce&nbsp;mog\u0105 otrzyma\u0107&nbsp;do:&nbsp;<\/p>\n\n\n\n<p class=\"wp-block-paragraph\">a.&nbsp;&nbsp;&nbsp;&nbsp;&nbsp;&nbsp;&nbsp;30\u202f000 z\u0142otych \u2013 w przypadku szk\u00f3\u0142 do 100 uczni\u00f3w (jest ich&nbsp;5168 a uczy si\u0119 w nich 292\u202f457 uczni\u00f3w)&nbsp;<\/p>\n\n\n\n<p class=\"wp-block-paragraph\">b.&nbsp;&nbsp;&nbsp;&nbsp;&nbsp;&nbsp;&nbsp;60\u202f000 z\u0142otych \u2013 w przypadku szk\u00f3\u0142 od 101 do 200 uczni\u00f3w (jest ich 3492 a uczy si\u0119 w nich 495\u202f017 uczni\u00f3w)&nbsp;<\/p>\n\n\n\n<p class=\"wp-block-paragraph\">c.&nbsp;&nbsp;&nbsp;&nbsp;&nbsp;&nbsp;&nbsp;70\u202f000 z\u0142otych \u2013 w przypadku szk\u00f3\u0142 od 201 do 234 uczni\u00f3w (jest ich&nbsp;659 a uczy si\u0119 w nich 142\u202f467&nbsp;uczni\u00f3w)&nbsp;<\/p>\n\n\n\n<p class=\"wp-block-paragraph\">d.&nbsp;&nbsp;&nbsp;&nbsp;&nbsp;&nbsp;300 z\u0142otych na ucznia \u2013 w przypadku szk\u00f3\u0142&nbsp;od 235 uczni\u00f3w&nbsp;(jest ich 4678 a uczy si\u0119 w nich&nbsp;2\u202f131\u202f451&nbsp;uczni\u00f3w).<\/p>\n\n\n\n<p class=\"wp-block-paragraph\"><strong>Rekordowe nak\u0142ady na edukacj\u0119 w latach 2020-2021<\/strong><\/p>\n\n\n\n<p class=\"wp-block-paragraph\">Subwencja o\u015bwiatowa &#8211; 53,4 miliarda z\u0142otych (2022) czyli 32% wi\u0119cej (2023 &#8211; projektowana na ponad 61 miliard\u00f3w z\u0142)<\/p>\n\n\n\n<p class=\"wp-block-paragraph\">\u0141\u0105czne wydatki na nowoczesn\u0105 edukacj\u0119 to blisko 5 miliard\u00f3w z\u0142otych (do 11,2 miliarda je\u015bli liczy\u0107 budow\u0119 sieci szerokopasmowej):<\/p>\n\n\n\n<p class=\"wp-block-paragraph\">Laboratoria Przysz\u0142o\u015bci &#8211; 1 mld z\u0142otych<\/p>\n\n\n\n<p class=\"wp-block-paragraph\">Rz\u0105dowy Fundusz \u201cPolski \u0141ad\u201d &#8211; Program Inwestycji Strategicznych (inwestycje edukacyjne) &#8211; 1,1 miliarda z\u0142otych<\/p>\n\n\n\n<p class=\"wp-block-paragraph\">Og\u00f3lnopolsk\u0105 Sie\u0107 Edukacyjn\u0105 &#8211; 539 milion\u00f3w z\u0142otych<\/p>\n\n\n\n<p class=\"wp-block-paragraph\">Program Aktywna Tablica &#8211; 271 milion\u00f3w z\u0142otych<\/p>\n\n\n\n<p class=\"wp-block-paragraph\">Projekty \u201cZdalna Szko\u0142a\u201d &#8211; 367 milion\u00f3w z\u0142otych<\/p>\n\n\n\n<p class=\"wp-block-paragraph\">E-materia\u0142y edukacyjne &#8211; 300 milion\u00f3w z\u0142otych<\/p>\n\n\n\n<p class=\"wp-block-paragraph\">Budow\u0119 sieci szerokopasmowej &#8211; 6,665 miliarda z\u0142otych (ile w tym szko\u0142y?)<\/p>\n\n\n\n<p class=\"wp-block-paragraph\">Szkolenia nauczycieli &#8211; 100 milion\u00f3w z\u0142otych<\/p>\n\n\n\n<p class=\"wp-block-paragraph\">Program \u201cCyfrowa Gmina\u201d &#8211; 1 miliard z\u0142otych<\/p>\n\n\n\n<p class=\"wp-block-paragraph\"><\/p>\n\n\n\n<p class=\"wp-block-paragraph\">fot. Marta Olejnik<\/p>\n\n\n\n<p class=\"wp-block-paragraph\">Wizyta w SP w Karpaczu &#8211; Marek Kuchci\u0144ski i minister Justyna Or\u0142owska<\/p>\n\n\n\n<figure class=\"wp-block-image size-large\"><a href=\"https:\/\/marekkuchcinski.pl\/wp-content\/uploads\/2022\/09\/fb6.jpg\"><img fetchpriority=\"high\" decoding=\"async\" width=\"1024\" height=\"692\" src=\"https:\/\/marekkuchcinski.pl\/wp-content\/uploads\/2022\/09\/fb6-1024x692.jpg\" alt=\"\" class=\"wp-image-26357\" srcset=\"https:\/\/marekkuchcinski.pl\/wp-content\/uploads\/2022\/09\/fb6-1024x692.jpg 1024w, https:\/\/marekkuchcinski.pl\/wp-content\/uploads\/2022\/09\/fb6-300x203.jpg 300w, https:\/\/marekkuchcinski.pl\/wp-content\/uploads\/2022\/09\/fb6-768x519.jpg 768w, https:\/\/marekkuchcinski.pl\/wp-content\/uploads\/2022\/09\/fb6-1536x1038.jpg 1536w, https:\/\/marekkuchcinski.pl\/wp-content\/uploads\/2022\/09\/fb6-18x12.jpg 18w, https:\/\/marekkuchcinski.pl\/wp-content\/uploads\/2022\/09\/fb6.jpg 1600w\" sizes=\"(max-width: 1024px) 100vw, 1024px\" \/><\/a><\/figure>\n\n\n\n<figure class=\"wp-block-image size-large\"><a href=\"https:\/\/marekkuchcinski.pl\/wp-content\/uploads\/2022\/09\/tt2-2.jpg\"><img decoding=\"async\" width=\"1024\" height=\"682\" src=\"https:\/\/marekkuchcinski.pl\/wp-content\/uploads\/2022\/09\/tt2-2-1024x682.jpg\" alt=\"\" class=\"wp-image-26358\" srcset=\"https:\/\/marekkuchcinski.pl\/wp-content\/uploads\/2022\/09\/tt2-2-1024x682.jpg 1024w, https:\/\/marekkuchcinski.pl\/wp-content\/uploads\/2022\/09\/tt2-2-300x200.jpg 300w, https:\/\/marekkuchcinski.pl\/wp-content\/uploads\/2022\/09\/tt2-2-768x512.jpg 768w, https:\/\/marekkuchcinski.pl\/wp-content\/uploads\/2022\/09\/tt2-2-1536x1023.jpg 1536w, https:\/\/marekkuchcinski.pl\/wp-content\/uploads\/2022\/09\/tt2-2-18x12.jpg 18w, https:\/\/marekkuchcinski.pl\/wp-content\/uploads\/2022\/09\/tt2-2.jpg 1600w\" sizes=\"(max-width: 1024px) 100vw, 1024px\" \/><\/a><\/figure>\n\n\n\n<figure class=\"wp-block-image size-large\"><a href=\"https:\/\/marekkuchcinski.pl\/wp-content\/uploads\/2022\/09\/t1-3.jpg\"><img decoding=\"async\" width=\"1024\" height=\"683\" src=\"https:\/\/marekkuchcinski.pl\/wp-content\/uploads\/2022\/09\/t1-3-1024x683.jpg\" alt=\"\" class=\"wp-image-26359\" srcset=\"https:\/\/marekkuchcinski.pl\/wp-content\/uploads\/2022\/09\/t1-3-1024x683.jpg 1024w, https:\/\/marekkuchcinski.pl\/wp-content\/uploads\/2022\/09\/t1-3-300x200.jpg 300w, https:\/\/marekkuchcinski.pl\/wp-content\/uploads\/2022\/09\/t1-3-768x512.jpg 768w, https:\/\/marekkuchcinski.pl\/wp-content\/uploads\/2022\/09\/t1-3-1536x1024.jpg 1536w, https:\/\/marekkuchcinski.pl\/wp-content\/uploads\/2022\/09\/t1-3-18x12.jpg 18w, https:\/\/marekkuchcinski.pl\/wp-content\/uploads\/2022\/09\/t1-3.jpg 1600w\" sizes=\"(max-width: 1024px) 100vw, 1024px\" \/><\/a><\/figure>\n\n\n\n<figure class=\"wp-block-image size-large\"><a href=\"https:\/\/marekkuchcinski.pl\/wp-content\/uploads\/2022\/09\/fb2-1.jpg\"><img loading=\"lazy\" decoding=\"async\" width=\"1024\" height=\"682\" src=\"https:\/\/marekkuchcinski.pl\/wp-content\/uploads\/2022\/09\/fb2-1-1024x682.jpg\" alt=\"\" class=\"wp-image-26360\" srcset=\"https:\/\/marekkuchcinski.pl\/wp-content\/uploads\/2022\/09\/fb2-1-1024x682.jpg 1024w, https:\/\/marekkuchcinski.pl\/wp-content\/uploads\/2022\/09\/fb2-1-300x200.jpg 300w, https:\/\/marekkuchcinski.pl\/wp-content\/uploads\/2022\/09\/fb2-1-768x512.jpg 768w, https:\/\/marekkuchcinski.pl\/wp-content\/uploads\/2022\/09\/fb2-1-1536x1023.jpg 1536w, https:\/\/marekkuchcinski.pl\/wp-content\/uploads\/2022\/09\/fb2-1-18x12.jpg 18w, https:\/\/marekkuchcinski.pl\/wp-content\/uploads\/2022\/09\/fb2-1.jpg 1600w\" sizes=\"(max-width: 1024px) 100vw, 1024px\" \/><\/a><\/figure>\n\n\n\n<figure class=\"wp-block-image size-large\"><a href=\"https:\/\/marekkuchcinski.pl\/wp-content\/uploads\/2022\/09\/fb3-1.jpg\"><img loading=\"lazy\" decoding=\"async\" width=\"1024\" height=\"692\" src=\"https:\/\/marekkuchcinski.pl\/wp-content\/uploads\/2022\/09\/fb3-1-1024x692.jpg\" alt=\"\" class=\"wp-image-26361\" srcset=\"https:\/\/marekkuchcinski.pl\/wp-content\/uploads\/2022\/09\/fb3-1-1024x692.jpg 1024w, https:\/\/marekkuchcinski.pl\/wp-content\/uploads\/2022\/09\/fb3-1-300x203.jpg 300w, https:\/\/marekkuchcinski.pl\/wp-content\/uploads\/2022\/09\/fb3-1-768x519.jpg 768w, https:\/\/marekkuchcinski.pl\/wp-content\/uploads\/2022\/09\/fb3-1-1536x1039.jpg 1536w, https:\/\/marekkuchcinski.pl\/wp-content\/uploads\/2022\/09\/fb3-1-18x12.jpg 18w, https:\/\/marekkuchcinski.pl\/wp-content\/uploads\/2022\/09\/fb3-1.jpg 1600w\" sizes=\"(max-width: 1024px) 100vw, 1024px\" \/><\/a><\/figure>\n\n\n\n<figure class=\"wp-block-gallery columns-3 is-cropped wp-block-gallery-1 is-layout-flex wp-block-gallery-is-layout-flex\"><ul class=\"blocks-gallery-grid\"><li class=\"blocks-gallery-item\"><figure><a href=\"https:\/\/marekkuchcinski.pl\/wp-content\/uploads\/2022\/09\/fb4.jpg\"><img loading=\"lazy\" decoding=\"async\" width=\"1024\" height=\"682\" src=\"https:\/\/marekkuchcinski.pl\/wp-content\/uploads\/2022\/09\/fb4-1024x682.jpg\" alt=\"\" data-id=\"26362\" data-full-url=\"https:\/\/marekkuchcinski.pl\/wp-content\/uploads\/2022\/09\/fb4.jpg\" data-link=\"https:\/\/marekkuchcinski.pl\/?attachment_id=26362\" class=\"wp-image-26362\" srcset=\"https:\/\/marekkuchcinski.pl\/wp-content\/uploads\/2022\/09\/fb4-1024x682.jpg 1024w, https:\/\/marekkuchcinski.pl\/wp-content\/uploads\/2022\/09\/fb4-300x200.jpg 300w, https:\/\/marekkuchcinski.pl\/wp-content\/uploads\/2022\/09\/fb4-768x512.jpg 768w, https:\/\/marekkuchcinski.pl\/wp-content\/uploads\/2022\/09\/fb4-1536x1023.jpg 1536w, https:\/\/marekkuchcinski.pl\/wp-content\/uploads\/2022\/09\/fb4-18x12.jpg 18w, https:\/\/marekkuchcinski.pl\/wp-content\/uploads\/2022\/09\/fb4.jpg 1600w\" sizes=\"(max-width: 1024px) 100vw, 1024px\" \/><\/a><\/figure><\/li><li class=\"blocks-gallery-item\"><figure><a href=\"https:\/\/marekkuchcinski.pl\/wp-content\/uploads\/2022\/09\/fb5.jpg\"><img loading=\"lazy\" decoding=\"async\" width=\"1024\" height=\"671\" src=\"https:\/\/marekkuchcinski.pl\/wp-content\/uploads\/2022\/09\/fb5-1024x671.jpg\" alt=\"\" data-id=\"26363\" data-full-url=\"https:\/\/marekkuchcinski.pl\/wp-content\/uploads\/2022\/09\/fb5.jpg\" data-link=\"https:\/\/marekkuchcinski.pl\/?attachment_id=26363\" class=\"wp-image-26363\" srcset=\"https:\/\/marekkuchcinski.pl\/wp-content\/uploads\/2022\/09\/fb5-1024x671.jpg 1024w, https:\/\/marekkuchcinski.pl\/wp-content\/uploads\/2022\/09\/fb5-300x197.jpg 300w, https:\/\/marekkuchcinski.pl\/wp-content\/uploads\/2022\/09\/fb5-768x503.jpg 768w, https:\/\/marekkuchcinski.pl\/wp-content\/uploads\/2022\/09\/fb5-1536x1006.jpg 1536w, https:\/\/marekkuchcinski.pl\/wp-content\/uploads\/2022\/09\/fb5-18x12.jpg 18w, https:\/\/marekkuchcinski.pl\/wp-content\/uploads\/2022\/09\/fb5.jpg 1600w\" sizes=\"(max-width: 1024px) 100vw, 1024px\" \/><\/a><\/figure><\/li><li class=\"blocks-gallery-item\"><figure><a href=\"https:\/\/marekkuchcinski.pl\/wp-content\/uploads\/2022\/09\/tt3-3.jpg\"><img loading=\"lazy\" decoding=\"async\" width=\"1024\" height=\"684\" src=\"https:\/\/marekkuchcinski.pl\/wp-content\/uploads\/2022\/09\/tt3-3-1024x684.jpg\" alt=\"\" data-id=\"26364\" data-full-url=\"https:\/\/marekkuchcinski.pl\/wp-content\/uploads\/2022\/09\/tt3-3.jpg\" data-link=\"https:\/\/marekkuchcinski.pl\/?attachment_id=26364\" class=\"wp-image-26364\" srcset=\"https:\/\/marekkuchcinski.pl\/wp-content\/uploads\/2022\/09\/tt3-3-1024x684.jpg 1024w, https:\/\/marekkuchcinski.pl\/wp-content\/uploads\/2022\/09\/tt3-3-300x200.jpg 300w, https:\/\/marekkuchcinski.pl\/wp-content\/uploads\/2022\/09\/tt3-3-768x513.jpg 768w, https:\/\/marekkuchcinski.pl\/wp-content\/uploads\/2022\/09\/tt3-3-1536x1025.jpg 1536w, https:\/\/marekkuchcinski.pl\/wp-content\/uploads\/2022\/09\/tt3-3-18x12.jpg 18w, https:\/\/marekkuchcinski.pl\/wp-content\/uploads\/2022\/09\/tt3-3.jpg 1600w\" sizes=\"(max-width: 1024px) 100vw, 1024px\" \/><\/a><\/figure><\/li><li class=\"blocks-gallery-item\"><figure><a href=\"https:\/\/marekkuchcinski.pl\/wp-content\/uploads\/2022\/09\/tt5-1.jpg\"><img loading=\"lazy\" decoding=\"async\" width=\"1024\" height=\"683\" src=\"https:\/\/marekkuchcinski.pl\/wp-content\/uploads\/2022\/09\/tt5-1-1024x683.jpg\" alt=\"\" data-id=\"26365\" data-full-url=\"https:\/\/marekkuchcinski.pl\/wp-content\/uploads\/2022\/09\/tt5-1.jpg\" data-link=\"https:\/\/marekkuchcinski.pl\/?attachment_id=26365\" class=\"wp-image-26365\" srcset=\"https:\/\/marekkuchcinski.pl\/wp-content\/uploads\/2022\/09\/tt5-1-1024x683.jpg 1024w, https:\/\/marekkuchcinski.pl\/wp-content\/uploads\/2022\/09\/tt5-1-300x200.jpg 300w, https:\/\/marekkuchcinski.pl\/wp-content\/uploads\/2022\/09\/tt5-1-768x512.jpg 768w, https:\/\/marekkuchcinski.pl\/wp-content\/uploads\/2022\/09\/tt5-1-1536x1024.jpg 1536w, https:\/\/marekkuchcinski.pl\/wp-content\/uploads\/2022\/09\/tt5-1-18x12.jpg 18w, https:\/\/marekkuchcinski.pl\/wp-content\/uploads\/2022\/09\/tt5-1.jpg 1600w\" sizes=\"(max-width: 1024px) 100vw, 1024px\" \/><\/a><\/figure><\/li><\/ul><\/figure>\n","protected":false},"excerpt":{"rendered":"<p>W ramach wsp\u00f3\u0142pracy mi\u0119dzynarodowej w obszarze Europy Karpat, w dniach 7 \u2013 9 wrze\u015bnia 2021 roku zaprezentowano projekt rozwoju cyfrowego regionu. S\u0105 to dzia\u0142ania na rzecz zwi\u0119kszenia rozpoznawalno\u015bci i atrakcyjno\u015bci obszar\u00f3w karpackich. Projekt Cyfrowej Europy Karpat proponowany przez polsk\u0105 administracj\u0119 z\u0142o\u017cony z inicjatyw dedykowanych lokalnym spo\u0142eczno\u015bciom. Dzia\u0142ania skierowane b\u0119d\u0105 zar\u00f3wno do indywidualnych mieszka\u0144c\u00f3w, jak i [&hellip;]<\/p>\n","protected":false},"author":3,"featured_media":26357,"comment_status":"open","ping_status":"open","sticky":false,"template":"","format":"standard","meta":{"ngg_post_thumbnail":0,"footnotes":""},"categories":[78,50,3],"tags":[],"class_list":["post-26355","post","type-post","status-publish","format-standard","has-post-thumbnail","hentry","category-europa-karpat","category-wspolpraca-miedzynarodowa","category-wydarzenia"],"yoast_head":"<!-- This site is optimized with the Yoast SEO plugin v28.4 - https:\/\/yoast.com\/product\/yoast-seo-wordpress\/ -->\n<title>Cyfrowa Europa Karpat &#8211; Marek Kuchci\u0144ski<\/title>\n<meta name=\"robots\" content=\"index, follow, max-snippet:-1, max-image-preview:large, max-video-preview:-1\" \/>\n<link rel=\"canonical\" href=\"https:\/\/marekkuchcinski.pl\/ro\/wydarzenia\/cyfrowa-europa-karpat\/\" \/>\n<meta property=\"og:locale\" content=\"ro_RO\" \/>\n<meta property=\"og:type\" content=\"article\" \/>\n<meta property=\"og:title\" content=\"Cyfrowa Europa Karpat &#8211; Marek Kuchci\u0144ski\" \/>\n<meta property=\"og:description\" content=\"W ramach wsp\u00f3\u0142pracy mi\u0119dzynarodowej w obszarze Europy Karpat, w dniach 7 \u2013 9 wrze\u015bnia 2021 roku zaprezentowano projekt rozwoju cyfrowego regionu. S\u0105 to dzia\u0142ania na rzecz zwi\u0119kszenia rozpoznawalno\u015bci i atrakcyjno\u015bci obszar\u00f3w karpackich. Projekt Cyfrowej Europy Karpat proponowany przez polsk\u0105 administracj\u0119 z\u0142o\u017cony z inicjatyw dedykowanych lokalnym spo\u0142eczno\u015bciom. Dzia\u0142ania skierowane b\u0119d\u0105 zar\u00f3wno do indywidualnych mieszka\u0144c\u00f3w, jak i [&hellip;]\" \/>\n<meta property=\"og:url\" content=\"https:\/\/marekkuchcinski.pl\/ro\/wydarzenia\/cyfrowa-europa-karpat\/\" \/>\n<meta property=\"og:site_name\" content=\"Marek Kuchci\u0144ski\" \/>\n<meta property=\"article:published_time\" content=\"2022-09-12T19:28:09+00:00\" \/>\n<meta property=\"article:modified_time\" content=\"2022-09-12T19:28:11+00:00\" \/>\n<meta property=\"og:image\" content=\"https:\/\/marekkuchcinski.pl\/wp-content\/uploads\/2022\/09\/fb6.jpg\" \/>\n\t<meta property=\"og:image:width\" content=\"1600\" \/>\n\t<meta property=\"og:image:height\" content=\"1081\" \/>\n\t<meta property=\"og:image:type\" content=\"image\/jpeg\" \/>\n<meta name=\"author\" content=\"Marta Olejnik\" \/>\n<meta name=\"twitter:card\" content=\"summary_large_image\" \/>\n<meta name=\"twitter:label1\" content=\"Written by\" \/>\n\t<meta name=\"twitter:data1\" content=\"Marta Olejnik\" \/>\n\t<meta name=\"twitter:label2\" content=\"Est. reading time\" \/>\n\t<meta name=\"twitter:data2\" content=\"4 minutes\" \/>\n<script type=\"application\/ld+json\" class=\"yoast-schema-graph\">{\"@context\":\"https:\\\/\\\/schema.org\",\"@graph\":[{\"@type\":\"Article\",\"@id\":\"https:\\\/\\\/marekkuchcinski.pl\\\/wydarzenia\\\/cyfrowa-europa-karpat\\\/#article\",\"isPartOf\":{\"@id\":\"https:\\\/\\\/marekkuchcinski.pl\\\/wydarzenia\\\/cyfrowa-europa-karpat\\\/\"},\"author\":{\"name\":\"Marta Olejnik\",\"@id\":\"https:\\\/\\\/marekkuchcinski.pl\\\/#\\\/schema\\\/person\\\/bd3f15dee67fee76e83c8350d0154101\"},\"headline\":\"Cyfrowa Europa Karpat\",\"datePublished\":\"2022-09-12T19:28:09+00:00\",\"dateModified\":\"2022-09-12T19:28:11+00:00\",\"mainEntityOfPage\":{\"@id\":\"https:\\\/\\\/marekkuchcinski.pl\\\/wydarzenia\\\/cyfrowa-europa-karpat\\\/\"},\"wordCount\":522,\"commentCount\":0,\"publisher\":{\"@id\":\"https:\\\/\\\/marekkuchcinski.pl\\\/#organization\"},\"image\":{\"@id\":\"https:\\\/\\\/marekkuchcinski.pl\\\/wydarzenia\\\/cyfrowa-europa-karpat\\\/#primaryimage\"},\"thumbnailUrl\":\"https:\\\/\\\/marekkuchcinski.pl\\\/wp-content\\\/uploads\\\/2022\\\/09\\\/fb6.jpg\",\"articleSection\":[\"Europa Karpat\",\"Wsp\u00f3\u0142praca mi\u0119dzynarodowa\",\"Wydarzenia\"],\"inLanguage\":\"ro-RO\",\"potentialAction\":[{\"@type\":\"CommentAction\",\"name\":\"Comment\",\"target\":[\"https:\\\/\\\/marekkuchcinski.pl\\\/wydarzenia\\\/cyfrowa-europa-karpat\\\/#respond\"]}]},{\"@type\":\"WebPage\",\"@id\":\"https:\\\/\\\/marekkuchcinski.pl\\\/wydarzenia\\\/cyfrowa-europa-karpat\\\/\",\"url\":\"https:\\\/\\\/marekkuchcinski.pl\\\/wydarzenia\\\/cyfrowa-europa-karpat\\\/\",\"name\":\"Cyfrowa Europa Karpat &#8211; Marek Kuchci\u0144ski\",\"isPartOf\":{\"@id\":\"https:\\\/\\\/marekkuchcinski.pl\\\/#website\"},\"primaryImageOfPage\":{\"@id\":\"https:\\\/\\\/marekkuchcinski.pl\\\/wydarzenia\\\/cyfrowa-europa-karpat\\\/#primaryimage\"},\"image\":{\"@id\":\"https:\\\/\\\/marekkuchcinski.pl\\\/wydarzenia\\\/cyfrowa-europa-karpat\\\/#primaryimage\"},\"thumbnailUrl\":\"https:\\\/\\\/marekkuchcinski.pl\\\/wp-content\\\/uploads\\\/2022\\\/09\\\/fb6.jpg\",\"datePublished\":\"2022-09-12T19:28:09+00:00\",\"dateModified\":\"2022-09-12T19:28:11+00:00\",\"breadcrumb\":{\"@id\":\"https:\\\/\\\/marekkuchcinski.pl\\\/wydarzenia\\\/cyfrowa-europa-karpat\\\/#breadcrumb\"},\"inLanguage\":\"ro-RO\",\"potentialAction\":[{\"@type\":\"ReadAction\",\"target\":[\"https:\\\/\\\/marekkuchcinski.pl\\\/wydarzenia\\\/cyfrowa-europa-karpat\\\/\"]}]},{\"@type\":\"ImageObject\",\"inLanguage\":\"ro-RO\",\"@id\":\"https:\\\/\\\/marekkuchcinski.pl\\\/wydarzenia\\\/cyfrowa-europa-karpat\\\/#primaryimage\",\"url\":\"https:\\\/\\\/marekkuchcinski.pl\\\/wp-content\\\/uploads\\\/2022\\\/09\\\/fb6.jpg\",\"contentUrl\":\"https:\\\/\\\/marekkuchcinski.pl\\\/wp-content\\\/uploads\\\/2022\\\/09\\\/fb6.jpg\",\"width\":1600,\"height\":1081},{\"@type\":\"BreadcrumbList\",\"@id\":\"https:\\\/\\\/marekkuchcinski.pl\\\/wydarzenia\\\/cyfrowa-europa-karpat\\\/#breadcrumb\",\"itemListElement\":[{\"@type\":\"ListItem\",\"position\":1,\"name\":\"Strona g\u0142\u00f3wna\",\"item\":\"https:\\\/\\\/marekkuchcinski.pl\\\/\"},{\"@type\":\"ListItem\",\"position\":2,\"name\":\"Cyfrowa Europa Karpat\"}]},{\"@type\":\"WebSite\",\"@id\":\"https:\\\/\\\/marekkuchcinski.pl\\\/#website\",\"url\":\"https:\\\/\\\/marekkuchcinski.pl\\\/\",\"name\":\"Marek Kuchci\u0144ski\",\"description\":\"Marek Kuchci\u0144ski \",\"publisher\":{\"@id\":\"https:\\\/\\\/marekkuchcinski.pl\\\/#organization\"},\"potentialAction\":[{\"@type\":\"SearchAction\",\"target\":{\"@type\":\"EntryPoint\",\"urlTemplate\":\"https:\\\/\\\/marekkuchcinski.pl\\\/?s={search_term_string}\"},\"query-input\":{\"@type\":\"PropertyValueSpecification\",\"valueRequired\":true,\"valueName\":\"search_term_string\"}}],\"inLanguage\":\"ro-RO\"},{\"@type\":\"Organization\",\"@id\":\"https:\\\/\\\/marekkuchcinski.pl\\\/#organization\",\"name\":\"Marek Kuchci\u0144ski\",\"url\":\"https:\\\/\\\/marekkuchcinski.pl\\\/\",\"logo\":{\"@type\":\"ImageObject\",\"inLanguage\":\"ro-RO\",\"@id\":\"https:\\\/\\\/marekkuchcinski.pl\\\/#\\\/schema\\\/logo\\\/image\\\/\",\"url\":\"https:\\\/\\\/marekkuchcinski.pl\\\/wp-content\\\/uploads\\\/2022\\\/09\\\/Marek.jpg\",\"contentUrl\":\"https:\\\/\\\/marekkuchcinski.pl\\\/wp-content\\\/uploads\\\/2022\\\/09\\\/Marek.jpg\",\"width\":1600,\"height\":971,\"caption\":\"Marek Kuchci\u0144ski\"},\"image\":{\"@id\":\"https:\\\/\\\/marekkuchcinski.pl\\\/#\\\/schema\\\/logo\\\/image\\\/\"}},{\"@type\":\"Person\",\"@id\":\"https:\\\/\\\/marekkuchcinski.pl\\\/#\\\/schema\\\/person\\\/bd3f15dee67fee76e83c8350d0154101\",\"name\":\"Marta Olejnik\",\"image\":{\"@type\":\"ImageObject\",\"inLanguage\":\"ro-RO\",\"@id\":\"https:\\\/\\\/secure.gravatar.com\\\/avatar\\\/24754edd6080383402e292374b406b553027d572e97d60e7aa89a6940e88659a?s=96&d=mm&r=g\",\"url\":\"https:\\\/\\\/secure.gravatar.com\\\/avatar\\\/24754edd6080383402e292374b406b553027d572e97d60e7aa89a6940e88659a?s=96&d=mm&r=g\",\"contentUrl\":\"https:\\\/\\\/secure.gravatar.com\\\/avatar\\\/24754edd6080383402e292374b406b553027d572e97d60e7aa89a6940e88659a?s=96&d=mm&r=g\",\"caption\":\"Marta Olejnik\"},\"url\":\"https:\\\/\\\/marekkuchcinski.pl\\\/ro\\\/author\\\/marta\\\/\"}]}<\/script>\n<!-- \/ Yoast SEO plugin. -->","yoast_head_json":{"title":"Cyfrowa Europa Karpat &#8211; Marek Kuchci\u0144ski","robots":{"index":"index","follow":"follow","max-snippet":"max-snippet:-1","max-image-preview":"max-image-preview:large","max-video-preview":"max-video-preview:-1"},"canonical":"https:\/\/marekkuchcinski.pl\/ro\/wydarzenia\/cyfrowa-europa-karpat\/","og_locale":"ro_RO","og_type":"article","og_title":"Cyfrowa Europa Karpat &#8211; Marek Kuchci\u0144ski","og_description":"W ramach wsp\u00f3\u0142pracy mi\u0119dzynarodowej w obszarze Europy Karpat, w dniach 7 \u2013 9 wrze\u015bnia 2021 roku zaprezentowano projekt rozwoju cyfrowego regionu. S\u0105 to dzia\u0142ania na rzecz zwi\u0119kszenia rozpoznawalno\u015bci i atrakcyjno\u015bci obszar\u00f3w karpackich. Projekt Cyfrowej Europy Karpat proponowany przez polsk\u0105 administracj\u0119 z\u0142o\u017cony z inicjatyw dedykowanych lokalnym spo\u0142eczno\u015bciom. Dzia\u0142ania skierowane b\u0119d\u0105 zar\u00f3wno do indywidualnych mieszka\u0144c\u00f3w, jak i [&hellip;]","og_url":"https:\/\/marekkuchcinski.pl\/ro\/wydarzenia\/cyfrowa-europa-karpat\/","og_site_name":"Marek Kuchci\u0144ski","article_published_time":"2022-09-12T19:28:09+00:00","article_modified_time":"2022-09-12T19:28:11+00:00","og_image":[{"width":1600,"height":1081,"url":"https:\/\/marekkuchcinski.pl\/wp-content\/uploads\/2022\/09\/fb6.jpg","type":"image\/jpeg"}],"author":"Marta Olejnik","twitter_card":"summary_large_image","twitter_misc":{"Written by":"Marta Olejnik","Est. reading time":"4 minutes"},"schema":{"@context":"https:\/\/schema.org","@graph":[{"@type":"Article","@id":"https:\/\/marekkuchcinski.pl\/wydarzenia\/cyfrowa-europa-karpat\/#article","isPartOf":{"@id":"https:\/\/marekkuchcinski.pl\/wydarzenia\/cyfrowa-europa-karpat\/"},"author":{"name":"Marta Olejnik","@id":"https:\/\/marekkuchcinski.pl\/#\/schema\/person\/bd3f15dee67fee76e83c8350d0154101"},"headline":"Cyfrowa Europa Karpat","datePublished":"2022-09-12T19:28:09+00:00","dateModified":"2022-09-12T19:28:11+00:00","mainEntityOfPage":{"@id":"https:\/\/marekkuchcinski.pl\/wydarzenia\/cyfrowa-europa-karpat\/"},"wordCount":522,"commentCount":0,"publisher":{"@id":"https:\/\/marekkuchcinski.pl\/#organization"},"image":{"@id":"https:\/\/marekkuchcinski.pl\/wydarzenia\/cyfrowa-europa-karpat\/#primaryimage"},"thumbnailUrl":"https:\/\/marekkuchcinski.pl\/wp-content\/uploads\/2022\/09\/fb6.jpg","articleSection":["Europa Karpat","Wsp\u00f3\u0142praca mi\u0119dzynarodowa","Wydarzenia"],"inLanguage":"ro-RO","potentialAction":[{"@type":"CommentAction","name":"Comment","target":["https:\/\/marekkuchcinski.pl\/wydarzenia\/cyfrowa-europa-karpat\/#respond"]}]},{"@type":"WebPage","@id":"https:\/\/marekkuchcinski.pl\/wydarzenia\/cyfrowa-europa-karpat\/","url":"https:\/\/marekkuchcinski.pl\/wydarzenia\/cyfrowa-europa-karpat\/","name":"Cyfrowa Europa Karpat &#8211; Marek Kuchci\u0144ski","isPartOf":{"@id":"https:\/\/marekkuchcinski.pl\/#website"},"primaryImageOfPage":{"@id":"https:\/\/marekkuchcinski.pl\/wydarzenia\/cyfrowa-europa-karpat\/#primaryimage"},"image":{"@id":"https:\/\/marekkuchcinski.pl\/wydarzenia\/cyfrowa-europa-karpat\/#primaryimage"},"thumbnailUrl":"https:\/\/marekkuchcinski.pl\/wp-content\/uploads\/2022\/09\/fb6.jpg","datePublished":"2022-09-12T19:28:09+00:00","dateModified":"2022-09-12T19:28:11+00:00","breadcrumb":{"@id":"https:\/\/marekkuchcinski.pl\/wydarzenia\/cyfrowa-europa-karpat\/#breadcrumb"},"inLanguage":"ro-RO","potentialAction":[{"@type":"ReadAction","target":["https:\/\/marekkuchcinski.pl\/wydarzenia\/cyfrowa-europa-karpat\/"]}]},{"@type":"ImageObject","inLanguage":"ro-RO","@id":"https:\/\/marekkuchcinski.pl\/wydarzenia\/cyfrowa-europa-karpat\/#primaryimage","url":"https:\/\/marekkuchcinski.pl\/wp-content\/uploads\/2022\/09\/fb6.jpg","contentUrl":"https:\/\/marekkuchcinski.pl\/wp-content\/uploads\/2022\/09\/fb6.jpg","width":1600,"height":1081},{"@type":"BreadcrumbList","@id":"https:\/\/marekkuchcinski.pl\/wydarzenia\/cyfrowa-europa-karpat\/#breadcrumb","itemListElement":[{"@type":"ListItem","position":1,"name":"Strona g\u0142\u00f3wna","item":"https:\/\/marekkuchcinski.pl\/"},{"@type":"ListItem","position":2,"name":"Cyfrowa Europa Karpat"}]},{"@type":"WebSite","@id":"https:\/\/marekkuchcinski.pl\/#website","url":"https:\/\/marekkuchcinski.pl\/","name":"Marek Kuchci\u0144ski","description":"Marek Kuchci\u0144ski","publisher":{"@id":"https:\/\/marekkuchcinski.pl\/#organization"},"potentialAction":[{"@type":"SearchAction","target":{"@type":"EntryPoint","urlTemplate":"https:\/\/marekkuchcinski.pl\/?s={search_term_string}"},"query-input":{"@type":"PropertyValueSpecification","valueRequired":true,"valueName":"search_term_string"}}],"inLanguage":"ro-RO"},{"@type":"Organization","@id":"https:\/\/marekkuchcinski.pl\/#organization","name":"Marek Kuchci\u0144ski","url":"https:\/\/marekkuchcinski.pl\/","logo":{"@type":"ImageObject","inLanguage":"ro-RO","@id":"https:\/\/marekkuchcinski.pl\/#\/schema\/logo\/image\/","url":"https:\/\/marekkuchcinski.pl\/wp-content\/uploads\/2022\/09\/Marek.jpg","contentUrl":"https:\/\/marekkuchcinski.pl\/wp-content\/uploads\/2022\/09\/Marek.jpg","width":1600,"height":971,"caption":"Marek Kuchci\u0144ski"},"image":{"@id":"https:\/\/marekkuchcinski.pl\/#\/schema\/logo\/image\/"}},{"@type":"Person","@id":"https:\/\/marekkuchcinski.pl\/#\/schema\/person\/bd3f15dee67fee76e83c8350d0154101","name":"Marta Olejnik","image":{"@type":"ImageObject","inLanguage":"ro-RO","@id":"https:\/\/secure.gravatar.com\/avatar\/24754edd6080383402e292374b406b553027d572e97d60e7aa89a6940e88659a?s=96&d=mm&r=g","url":"https:\/\/secure.gravatar.com\/avatar\/24754edd6080383402e292374b406b553027d572e97d60e7aa89a6940e88659a?s=96&d=mm&r=g","contentUrl":"https:\/\/secure.gravatar.com\/avatar\/24754edd6080383402e292374b406b553027d572e97d60e7aa89a6940e88659a?s=96&d=mm&r=g","caption":"Marta Olejnik"},"url":"https:\/\/marekkuchcinski.pl\/ro\/author\/marta\/"}]}},"_links":{"self":[{"href":"https:\/\/marekkuchcinski.pl\/ro\/wp-json\/wp\/v2\/posts\/26355","targetHints":{"allow":["GET"]}}],"collection":[{"href":"https:\/\/marekkuchcinski.pl\/ro\/wp-json\/wp\/v2\/posts"}],"about":[{"href":"https:\/\/marekkuchcinski.pl\/ro\/wp-json\/wp\/v2\/types\/post"}],"author":[{"embeddable":true,"href":"https:\/\/marekkuchcinski.pl\/ro\/wp-json\/wp\/v2\/users\/3"}],"replies":[{"embeddable":true,"href":"https:\/\/marekkuchcinski.pl\/ro\/wp-json\/wp\/v2\/comments?post=26355"}],"version-history":[{"count":2,"href":"https:\/\/marekkuchcinski.pl\/ro\/wp-json\/wp\/v2\/posts\/26355\/revisions"}],"predecessor-version":[{"id":26366,"href":"https:\/\/marekkuchcinski.pl\/ro\/wp-json\/wp\/v2\/posts\/26355\/revisions\/26366"}],"wp:featuredmedia":[{"embeddable":true,"href":"https:\/\/marekkuchcinski.pl\/ro\/wp-json\/wp\/v2\/media\/26357"}],"wp:attachment":[{"href":"https:\/\/marekkuchcinski.pl\/ro\/wp-json\/wp\/v2\/media?parent=26355"}],"wp:term":[{"taxonomy":"category","embeddable":true,"href":"https:\/\/marekkuchcinski.pl\/ro\/wp-json\/wp\/v2\/categories?post=26355"},{"taxonomy":"post_tag","embeddable":true,"href":"https:\/\/marekkuchcinski.pl\/ro\/wp-json\/wp\/v2\/tags?post=26355"}],"curies":[{"name":"wp","href":"https:\/\/api.w.org\/{rel}","templated":true}]}}