{"id":25586,"date":"2022-06-28T22:06:42","date_gmt":"2022-06-28T20:06:42","guid":{"rendered":"https:\/\/marekkuchcinski.pl\/?p=25586"},"modified":"2022-06-28T22:08:27","modified_gmt":"2022-06-28T20:08:27","slug":"pis-powolal-nowych-opiekunow-i-szefow-okregow","status":"publish","type":"post","link":"https:\/\/marekkuchcinski.pl\/ro\/wydarzenia\/pis-powolal-nowych-opiekunow-i-szefow-okregow\/","title":{"rendered":"Legea \u0219i Justi\u021bia a numit noi \u00eengrijitori \u0219i \u0219efi de raioane"},"content":{"rendered":"<p>Comitetul Politic Lege \u0219i Justi\u021bie a adoptat o rezolu\u021bie care nume\u0219te 16 \u00eengrijitori provinciali care vor coordona schimb\u0103rile \u00een structurile de partid. Voievodatul Podkarpackie se va afla \u00een grija <strong>Speaker Marek Kuchci\u0144ski.<\/strong><\/p>\n\n\n\n<p>De asemenea, au fost numi\u021bi urm\u0103torii <strong>procurorii districtuali<\/strong>. \u00cen Podkarpacie, acestea sunt: Piotr Babinetz (Krosno), Piotr Pilch (Przemy\u015bl), Jan Warzecha (Mielec\/D\u0119bica), Ewa Leniart (Rzesz\u00f3w), Lucjusz Nadbere\u017cny (Tarnobrzeg\/Stalowa Wola).<\/p>\n\n\n\n<p><strong>Al\u021bi supraveghetori provinciali:<\/strong><\/p>\n\n\n\n<p>Silezia Inferioar\u0103 - El\u017cbieta Witek<\/p>\n\n\n\n<p>Kujawsko-pomorskie - Zbigniew Hoffman<\/p>\n\n\n\n<p>Lubelskie - Marek Suski<\/p>\n\n\n\n<p>Lubuskie - Marek P\u0119k<\/p>\n\n\n\n<p>\u0141\u00f3dzkie - Ryszard Terlecki<\/p>\n\n\n\n<p>Ma\u0142opolskie - Beata Szyd\u0142o<\/p>\n\n\n\n<p>Mazowieckie - Piotr Gli\u0144ski<\/p>\n\n\n\n<p>Opolskie - Przemys\u0142aw Czarnek<\/p>\n\n\n\n<p>Podkarpackie - Marek Kuchci\u0144ski<\/p>\n\n\n\n<p>Podlaskie - Jacek Sasin<\/p>\n\n\n\n<p>Pomeranian - Anita Czerwi\u0144ska<\/p>\n\n\n\n<p>Silezia - Mateusz Morawiecki<\/p>\n\n\n\n<p>\u015awi\u0119tokrzyskie - Andrzej Adamczyk<\/p>\n\n\n\n<p>Warminsko-Mazurskie - Mariusz Blaszczak<\/p>\n\n\n\n<p>Wielkopolskie - Henryk Kowalczyk<\/p>\n\n\n\n<p>Pomerania de Vest - Joachim Brudzi\u0144ski<\/p>","protected":false},"excerpt":{"rendered":"<p>Comitetul Politic pentru Lege \u0219i Justi\u021bie a adoptat o rezolu\u021bie care nume\u0219te 16 \u00eengrijitori provinciali care vor coordona schimb\u0103rile \u00een structurile de partid. Voievodatul Podkarpackie se va afla sub conducerea mare\u0219alului Marek Kuchci\u0144ski. De asemenea, au fost numi\u021bi noi plenipoten\u021biari districtuali. \u00cen Podkarpacie, acestea sunt: Piotr Babinetz (Krosno), Piotr Pilch (Przemy\u015bl), Jan Warzecha (Mielec\/D\u0119bica), Ewa Leniart (Rzesz\u00f3w), Lucjusz Nadbere\u017cny (Tarnobrzeg\/Stalowa Wola). Al\u021bi supraveghetori provinciali: [...]<\/p>","protected":false},"author":21,"featured_media":25588,"comment_status":"open","ping_status":"open","sticky":false,"template":"","format":"standard","meta":{"ngg_post_thumbnail":0,"footnotes":""},"categories":[82,3],"tags":[],"class_list":["post-25586","post","type-post","status-publish","format-standard","has-post-thumbnail","hentry","category-prawo-i-sprawiedliwosc","category-wydarzenia"],"yoast_head":"<!-- This site is optimized with the Yoast SEO plugin v24.7 - https:\/\/yoast.com\/wordpress\/plugins\/seo\/ -->\n<title>PiS powo\u0142a\u0142 nowych opiekun\u00f3w i szef\u00f3w okr\u0119g\u00f3w &#8211; Marek Kuchci\u0144ski<\/title>\n<meta name=\"robots\" content=\"index, follow, max-snippet:-1, max-image-preview:large, max-video-preview:-1\" \/>\n<link rel=\"canonical\" href=\"https:\/\/marekkuchcinski.pl\/ro\/wydarzenia\/pis-powolal-nowych-opiekunow-i-szefow-okregow\/\" \/>\n<meta property=\"og:locale\" content=\"ro_RO\" \/>\n<meta property=\"og:type\" content=\"article\" \/>\n<meta property=\"og:title\" content=\"PiS powo\u0142a\u0142 nowych opiekun\u00f3w i szef\u00f3w okr\u0119g\u00f3w &#8211; Marek Kuchci\u0144ski\" \/>\n<meta property=\"og:description\" content=\"Komitet Polityczny Prawa i Sprawiedliwo\u015bci podj\u0105\u0142 uchwa\u0142\u0119, kt\u00f3ra powo\u0142uje 16 opiekun\u00f3w wojew\u00f3dzkich, kt\u00f3rzy b\u0119d\u0105 koordynowali zmiany w strukturach partii. Wojew\u00f3dztwo podkarpackie b\u0119dzie pod opiek\u0105 marsza\u0142ka Marka Kuchci\u0144skiego. Powo\u0142ano tak\u017ce nowych pe\u0142nomocnik\u00f3w okr\u0119gowych. Na Podkarpaciu s\u0105 to: Piotr Babinetz (Krosno), Piotr Pilch (Przemy\u015bl), Jan Warzecha (Mielec\/D\u0119bica), Ewa Leniart (Rzesz\u00f3w), Lucjusz Nadbere\u017cny (Tarnobrzeg\/Stalowa Wola). Pozostali opiekunowie wojew\u00f3dzcy: [&hellip;]\" \/>\n<meta property=\"og:url\" content=\"https:\/\/marekkuchcinski.pl\/ro\/wydarzenia\/pis-powolal-nowych-opiekunow-i-szefow-okregow\/\" \/>\n<meta property=\"og:site_name\" content=\"Marek Kuchci\u0144ski\" \/>\n<meta property=\"article:published_time\" content=\"2022-06-28T20:06:42+00:00\" \/>\n<meta property=\"article:modified_time\" content=\"2022-06-28T20:08:27+00:00\" \/>\n<meta property=\"og:image\" content=\"https:\/\/marekkuchcinski.pl\/wp-content\/uploads\/2022\/06\/m2.jpg\" \/>\n\t<meta property=\"og:image:width\" content=\"1600\" \/>\n\t<meta property=\"og:image:height\" content=\"1067\" \/>\n\t<meta property=\"og:image:type\" content=\"image\/jpeg\" \/>\n<meta name=\"author\" content=\"Marta Olejnik\" \/>\n<meta name=\"twitter:card\" content=\"summary_large_image\" \/>\n<meta name=\"twitter:label1\" content=\"Scris de\" \/>\n\t<meta name=\"twitter:data1\" content=\"Marta Olejnik\" \/>\n\t<meta name=\"twitter:label2\" content=\"Timp estimat pentru citire\" \/>\n\t<meta name=\"twitter:data2\" content=\"1 minute\" \/>\n<script type=\"application\/ld+json\" class=\"yoast-schema-graph\">{\"@context\":\"https:\/\/schema.org\",\"@graph\":[{\"@type\":\"Article\",\"@id\":\"https:\/\/marekkuchcinski.pl\/wydarzenia\/pis-powolal-nowych-opiekunow-i-szefow-okregow\/#article\",\"isPartOf\":{\"@id\":\"https:\/\/marekkuchcinski.pl\/wydarzenia\/pis-powolal-nowych-opiekunow-i-szefow-okregow\/\"},\"author\":{\"name\":\"Marta Olejnik\",\"@id\":\"https:\/\/marekkuchcinski.pl\/#\/schema\/person\/51d5d4ee3b5317b8e4dd2b48af359229\"},\"headline\":\"PiS powo\u0142a\u0142 nowych opiekun\u00f3w i szef\u00f3w okr\u0119g\u00f3w\",\"datePublished\":\"2022-06-28T20:06:42+00:00\",\"dateModified\":\"2022-06-28T20:08:27+00:00\",\"mainEntityOfPage\":{\"@id\":\"https:\/\/marekkuchcinski.pl\/wydarzenia\/pis-powolal-nowych-opiekunow-i-szefow-okregow\/\"},\"wordCount\":152,\"commentCount\":0,\"publisher\":{\"@id\":\"https:\/\/marekkuchcinski.pl\/#organization\"},\"image\":{\"@id\":\"https:\/\/marekkuchcinski.pl\/wydarzenia\/pis-powolal-nowych-opiekunow-i-szefow-okregow\/#primaryimage\"},\"thumbnailUrl\":\"https:\/\/marekkuchcinski.pl\/wp-content\/uploads\/2022\/06\/m2.jpg\",\"articleSection\":[\"Prawo i Sprawiedliwo\u015b\u0107\",\"Wydarzenia\"],\"inLanguage\":\"ro-RO\",\"potentialAction\":[{\"@type\":\"CommentAction\",\"name\":\"Comment\",\"target\":[\"https:\/\/marekkuchcinski.pl\/wydarzenia\/pis-powolal-nowych-opiekunow-i-szefow-okregow\/#respond\"]}]},{\"@type\":\"WebPage\",\"@id\":\"https:\/\/marekkuchcinski.pl\/wydarzenia\/pis-powolal-nowych-opiekunow-i-szefow-okregow\/\",\"url\":\"https:\/\/marekkuchcinski.pl\/wydarzenia\/pis-powolal-nowych-opiekunow-i-szefow-okregow\/\",\"name\":\"PiS powo\u0142a\u0142 nowych opiekun\u00f3w i szef\u00f3w okr\u0119g\u00f3w &#8211; Marek Kuchci\u0144ski\",\"isPartOf\":{\"@id\":\"https:\/\/marekkuchcinski.pl\/#website\"},\"primaryImageOfPage\":{\"@id\":\"https:\/\/marekkuchcinski.pl\/wydarzenia\/pis-powolal-nowych-opiekunow-i-szefow-okregow\/#primaryimage\"},\"image\":{\"@id\":\"https:\/\/marekkuchcinski.pl\/wydarzenia\/pis-powolal-nowych-opiekunow-i-szefow-okregow\/#primaryimage\"},\"thumbnailUrl\":\"https:\/\/marekkuchcinski.pl\/wp-content\/uploads\/2022\/06\/m2.jpg\",\"datePublished\":\"2022-06-28T20:06:42+00:00\",\"dateModified\":\"2022-06-28T20:08:27+00:00\",\"breadcrumb\":{\"@id\":\"https:\/\/marekkuchcinski.pl\/wydarzenia\/pis-powolal-nowych-opiekunow-i-szefow-okregow\/#breadcrumb\"},\"inLanguage\":\"ro-RO\",\"potentialAction\":[{\"@type\":\"ReadAction\",\"target\":[\"https:\/\/marekkuchcinski.pl\/wydarzenia\/pis-powolal-nowych-opiekunow-i-szefow-okregow\/\"]}]},{\"@type\":\"ImageObject\",\"inLanguage\":\"ro-RO\",\"@id\":\"https:\/\/marekkuchcinski.pl\/wydarzenia\/pis-powolal-nowych-opiekunow-i-szefow-okregow\/#primaryimage\",\"url\":\"https:\/\/marekkuchcinski.pl\/wp-content\/uploads\/2022\/06\/m2.jpg\",\"contentUrl\":\"https:\/\/marekkuchcinski.pl\/wp-content\/uploads\/2022\/06\/m2.jpg\",\"width\":1600,\"height\":1067},{\"@type\":\"BreadcrumbList\",\"@id\":\"https:\/\/marekkuchcinski.pl\/wydarzenia\/pis-powolal-nowych-opiekunow-i-szefow-okregow\/#breadcrumb\",\"itemListElement\":[{\"@type\":\"ListItem\",\"position\":1,\"name\":\"Strona g\u0142\u00f3wna\",\"item\":\"https:\/\/marekkuchcinski.pl\/\"},{\"@type\":\"ListItem\",\"position\":2,\"name\":\"PiS powo\u0142a\u0142 nowych opiekun\u00f3w i szef\u00f3w okr\u0119g\u00f3w\"}]},{\"@type\":\"WebSite\",\"@id\":\"https:\/\/marekkuchcinski.pl\/#website\",\"url\":\"https:\/\/marekkuchcinski.pl\/\",\"name\":\"Marek Kuchci\u0144ski\",\"description\":\"Pose\u0142 na sejm RP &ndash; okr\u0119g nr 22\",\"publisher\":{\"@id\":\"https:\/\/marekkuchcinski.pl\/#organization\"},\"potentialAction\":[{\"@type\":\"SearchAction\",\"target\":{\"@type\":\"EntryPoint\",\"urlTemplate\":\"https:\/\/marekkuchcinski.pl\/?s={search_term_string}\"},\"query-input\":{\"@type\":\"PropertyValueSpecification\",\"valueRequired\":true,\"valueName\":\"search_term_string\"}}],\"inLanguage\":\"ro-RO\"},{\"@type\":\"Organization\",\"@id\":\"https:\/\/marekkuchcinski.pl\/#organization\",\"name\":\"Marek Kuchci\u0144ski\",\"url\":\"https:\/\/marekkuchcinski.pl\/\",\"logo\":{\"@type\":\"ImageObject\",\"inLanguage\":\"ro-RO\",\"@id\":\"https:\/\/marekkuchcinski.pl\/#\/schema\/logo\/image\/\",\"url\":\"https:\/\/marekkuchcinski.pl\/wp-content\/uploads\/2022\/09\/Marek.jpg\",\"contentUrl\":\"https:\/\/marekkuchcinski.pl\/wp-content\/uploads\/2022\/09\/Marek.jpg\",\"width\":1600,\"height\":971,\"caption\":\"Marek Kuchci\u0144ski\"},\"image\":{\"@id\":\"https:\/\/marekkuchcinski.pl\/#\/schema\/logo\/image\/\"}},{\"@type\":\"Person\",\"@id\":\"https:\/\/marekkuchcinski.pl\/#\/schema\/person\/51d5d4ee3b5317b8e4dd2b48af359229\",\"name\":\"Marta Olejnik\",\"image\":{\"@type\":\"ImageObject\",\"inLanguage\":\"ro-RO\",\"@id\":\"https:\/\/marekkuchcinski.pl\/#\/schema\/person\/image\/\",\"url\":\"https:\/\/secure.gravatar.com\/avatar\/e39914b2aa6a48959e24d475b5dc9793?s=96&d=mm&r=g\",\"contentUrl\":\"https:\/\/secure.gravatar.com\/avatar\/e39914b2aa6a48959e24d475b5dc9793?s=96&d=mm&r=g\",\"caption\":\"Marta Olejnik\"},\"url\":\"https:\/\/marekkuchcinski.pl\/ro\/author\/marta\/\"}]}<\/script>\n<!-- \/ Yoast SEO plugin. -->","yoast_head_json":{"title":"PiS powo\u0142a\u0142 nowych opiekun\u00f3w i szef\u00f3w okr\u0119g\u00f3w &#8211; Marek Kuchci\u0144ski","robots":{"index":"index","follow":"follow","max-snippet":"max-snippet:-1","max-image-preview":"max-image-preview:large","max-video-preview":"max-video-preview:-1"},"canonical":"https:\/\/marekkuchcinski.pl\/ro\/wydarzenia\/pis-powolal-nowych-opiekunow-i-szefow-okregow\/","og_locale":"ro_RO","og_type":"article","og_title":"PiS powo\u0142a\u0142 nowych opiekun\u00f3w i szef\u00f3w okr\u0119g\u00f3w &#8211; Marek Kuchci\u0144ski","og_description":"Komitet Polityczny Prawa i Sprawiedliwo\u015bci podj\u0105\u0142 uchwa\u0142\u0119, kt\u00f3ra powo\u0142uje 16 opiekun\u00f3w wojew\u00f3dzkich, kt\u00f3rzy b\u0119d\u0105 koordynowali zmiany w strukturach partii. Wojew\u00f3dztwo podkarpackie b\u0119dzie pod opiek\u0105 marsza\u0142ka Marka Kuchci\u0144skiego. Powo\u0142ano tak\u017ce nowych pe\u0142nomocnik\u00f3w okr\u0119gowych. Na Podkarpaciu s\u0105 to: Piotr Babinetz (Krosno), Piotr Pilch (Przemy\u015bl), Jan Warzecha (Mielec\/D\u0119bica), Ewa Leniart (Rzesz\u00f3w), Lucjusz Nadbere\u017cny (Tarnobrzeg\/Stalowa Wola). Pozostali opiekunowie wojew\u00f3dzcy: [&hellip;]","og_url":"https:\/\/marekkuchcinski.pl\/ro\/wydarzenia\/pis-powolal-nowych-opiekunow-i-szefow-okregow\/","og_site_name":"Marek Kuchci\u0144ski","article_published_time":"2022-06-28T20:06:42+00:00","article_modified_time":"2022-06-28T20:08:27+00:00","og_image":[{"width":1600,"height":1067,"url":"https:\/\/marekkuchcinski.pl\/wp-content\/uploads\/2022\/06\/m2.jpg","type":"image\/jpeg"}],"author":"Marta Olejnik","twitter_card":"summary_large_image","twitter_misc":{"Scris de":"Marta Olejnik","Timp estimat pentru citire":"1 minute"},"schema":{"@context":"https:\/\/schema.org","@graph":[{"@type":"Article","@id":"https:\/\/marekkuchcinski.pl\/wydarzenia\/pis-powolal-nowych-opiekunow-i-szefow-okregow\/#article","isPartOf":{"@id":"https:\/\/marekkuchcinski.pl\/wydarzenia\/pis-powolal-nowych-opiekunow-i-szefow-okregow\/"},"author":{"name":"Marta Olejnik","@id":"https:\/\/marekkuchcinski.pl\/#\/schema\/person\/51d5d4ee3b5317b8e4dd2b48af359229"},"headline":"PiS powo\u0142a\u0142 nowych opiekun\u00f3w i szef\u00f3w okr\u0119g\u00f3w","datePublished":"2022-06-28T20:06:42+00:00","dateModified":"2022-06-28T20:08:27+00:00","mainEntityOfPage":{"@id":"https:\/\/marekkuchcinski.pl\/wydarzenia\/pis-powolal-nowych-opiekunow-i-szefow-okregow\/"},"wordCount":152,"commentCount":0,"publisher":{"@id":"https:\/\/marekkuchcinski.pl\/#organization"},"image":{"@id":"https:\/\/marekkuchcinski.pl\/wydarzenia\/pis-powolal-nowych-opiekunow-i-szefow-okregow\/#primaryimage"},"thumbnailUrl":"https:\/\/marekkuchcinski.pl\/wp-content\/uploads\/2022\/06\/m2.jpg","articleSection":["Prawo i Sprawiedliwo\u015b\u0107","Wydarzenia"],"inLanguage":"ro-RO","potentialAction":[{"@type":"CommentAction","name":"Comment","target":["https:\/\/marekkuchcinski.pl\/wydarzenia\/pis-powolal-nowych-opiekunow-i-szefow-okregow\/#respond"]}]},{"@type":"WebPage","@id":"https:\/\/marekkuchcinski.pl\/wydarzenia\/pis-powolal-nowych-opiekunow-i-szefow-okregow\/","url":"https:\/\/marekkuchcinski.pl\/wydarzenia\/pis-powolal-nowych-opiekunow-i-szefow-okregow\/","name":"PiS powo\u0142a\u0142 nowych opiekun\u00f3w i szef\u00f3w okr\u0119g\u00f3w &#8211; Marek Kuchci\u0144ski","isPartOf":{"@id":"https:\/\/marekkuchcinski.pl\/#website"},"primaryImageOfPage":{"@id":"https:\/\/marekkuchcinski.pl\/wydarzenia\/pis-powolal-nowych-opiekunow-i-szefow-okregow\/#primaryimage"},"image":{"@id":"https:\/\/marekkuchcinski.pl\/wydarzenia\/pis-powolal-nowych-opiekunow-i-szefow-okregow\/#primaryimage"},"thumbnailUrl":"https:\/\/marekkuchcinski.pl\/wp-content\/uploads\/2022\/06\/m2.jpg","datePublished":"2022-06-28T20:06:42+00:00","dateModified":"2022-06-28T20:08:27+00:00","breadcrumb":{"@id":"https:\/\/marekkuchcinski.pl\/wydarzenia\/pis-powolal-nowych-opiekunow-i-szefow-okregow\/#breadcrumb"},"inLanguage":"ro-RO","potentialAction":[{"@type":"ReadAction","target":["https:\/\/marekkuchcinski.pl\/wydarzenia\/pis-powolal-nowych-opiekunow-i-szefow-okregow\/"]}]},{"@type":"ImageObject","inLanguage":"ro-RO","@id":"https:\/\/marekkuchcinski.pl\/wydarzenia\/pis-powolal-nowych-opiekunow-i-szefow-okregow\/#primaryimage","url":"https:\/\/marekkuchcinski.pl\/wp-content\/uploads\/2022\/06\/m2.jpg","contentUrl":"https:\/\/marekkuchcinski.pl\/wp-content\/uploads\/2022\/06\/m2.jpg","width":1600,"height":1067},{"@type":"BreadcrumbList","@id":"https:\/\/marekkuchcinski.pl\/wydarzenia\/pis-powolal-nowych-opiekunow-i-szefow-okregow\/#breadcrumb","itemListElement":[{"@type":"ListItem","position":1,"name":"Strona g\u0142\u00f3wna","item":"https:\/\/marekkuchcinski.pl\/"},{"@type":"ListItem","position":2,"name":"PiS powo\u0142a\u0142 nowych opiekun\u00f3w i szef\u00f3w okr\u0119g\u00f3w"}]},{"@type":"WebSite","@id":"https:\/\/marekkuchcinski.pl\/#website","url":"https:\/\/marekkuchcinski.pl\/","name":"Marek Kuchci\u0144ski","description":"Pose\u0142 na sejm RP &ndash; okr\u0119g nr 22","publisher":{"@id":"https:\/\/marekkuchcinski.pl\/#organization"},"potentialAction":[{"@type":"SearchAction","target":{"@type":"EntryPoint","urlTemplate":"https:\/\/marekkuchcinski.pl\/?s={search_term_string}"},"query-input":{"@type":"PropertyValueSpecification","valueRequired":true,"valueName":"search_term_string"}}],"inLanguage":"ro-RO"},{"@type":"Organization","@id":"https:\/\/marekkuchcinski.pl\/#organization","name":"Marek Kuchci\u0144ski","url":"https:\/\/marekkuchcinski.pl\/","logo":{"@type":"ImageObject","inLanguage":"ro-RO","@id":"https:\/\/marekkuchcinski.pl\/#\/schema\/logo\/image\/","url":"https:\/\/marekkuchcinski.pl\/wp-content\/uploads\/2022\/09\/Marek.jpg","contentUrl":"https:\/\/marekkuchcinski.pl\/wp-content\/uploads\/2022\/09\/Marek.jpg","width":1600,"height":971,"caption":"Marek Kuchci\u0144ski"},"image":{"@id":"https:\/\/marekkuchcinski.pl\/#\/schema\/logo\/image\/"}},{"@type":"Person","@id":"https:\/\/marekkuchcinski.pl\/#\/schema\/person\/51d5d4ee3b5317b8e4dd2b48af359229","name":"Marta Olejnik","image":{"@type":"ImageObject","inLanguage":"ro-RO","@id":"https:\/\/marekkuchcinski.pl\/#\/schema\/person\/image\/","url":"https:\/\/secure.gravatar.com\/avatar\/e39914b2aa6a48959e24d475b5dc9793?s=96&d=mm&r=g","contentUrl":"https:\/\/secure.gravatar.com\/avatar\/e39914b2aa6a48959e24d475b5dc9793?s=96&d=mm&r=g","caption":"Marta Olejnik"},"url":"https:\/\/marekkuchcinski.pl\/ro\/author\/marta\/"}]}},"_links":{"self":[{"href":"https:\/\/marekkuchcinski.pl\/ro\/wp-json\/wp\/v2\/posts\/25586","targetHints":{"allow":["GET"]}}],"collection":[{"href":"https:\/\/marekkuchcinski.pl\/ro\/wp-json\/wp\/v2\/posts"}],"about":[{"href":"https:\/\/marekkuchcinski.pl\/ro\/wp-json\/wp\/v2\/types\/post"}],"author":[{"embeddable":true,"href":"https:\/\/marekkuchcinski.pl\/ro\/wp-json\/wp\/v2\/users\/21"}],"replies":[{"embeddable":true,"href":"https:\/\/marekkuchcinski.pl\/ro\/wp-json\/wp\/v2\/comments?post=25586"}],"version-history":[{"count":1,"href":"https:\/\/marekkuchcinski.pl\/ro\/wp-json\/wp\/v2\/posts\/25586\/revisions"}],"predecessor-version":[{"id":25587,"href":"https:\/\/marekkuchcinski.pl\/ro\/wp-json\/wp\/v2\/posts\/25586\/revisions\/25587"}],"wp:featuredmedia":[{"embeddable":true,"href":"https:\/\/marekkuchcinski.pl\/ro\/wp-json\/wp\/v2\/media\/25588"}],"wp:attachment":[{"href":"https:\/\/marekkuchcinski.pl\/ro\/wp-json\/wp\/v2\/media?parent=25586"}],"wp:term":[{"taxonomy":"category","embeddable":true,"href":"https:\/\/marekkuchcinski.pl\/ro\/wp-json\/wp\/v2\/categories?post=25586"},{"taxonomy":"post_tag","embeddable":true,"href":"https:\/\/marekkuchcinski.pl\/ro\/wp-json\/wp\/v2\/tags?post=25586"}],"curies":[{"name":"wp","href":"https:\/\/api.w.org\/{rel}","templated":true}]}}