{"id":25536,"date":"2022-06-13T23:36:00","date_gmt":"2022-06-13T21:36:00","guid":{"rendered":"https:\/\/marekkuchcinski.pl\/?p=25536"},"modified":"2022-06-17T10:55:01","modified_gmt":"2022-06-17T08:55:01","slug":"budapeszt-inauguracja-klubow-europy-karpat-w-scruton-cafe","status":"publish","type":"post","link":"https:\/\/marekkuchcinski.pl\/ro\/wydarzenia\/budapeszt-inauguracja-klubow-europy-karpat-w-scruton-cafe\/","title":{"rendered":"Budapeszt: Inauguracja Klub\u00f3w Europy Karpat w Scruton Cafe"},"content":{"rendered":"<p class=\"wp-block-paragraph\">13 czerwca w Budapeszcie odby\u0142 si\u0119 panel dyskusyjny w ramach inauguracji Klub\u00f3w Europy Karpat na temat stosunk\u00f3w polsko-w\u0119gierskich i wojny na Ukrainie.<\/p>\n\n\n\n<p class=\"wp-block-paragraph\">Udzia\u0142 w nim wzi\u0119li m.in. Ryszard Terlecki &#8211; marsza\u0142ek Sejmu RP<\/p>\n\n\n\n<p class=\"wp-block-paragraph\">Marek Kuchci\u0144ski, przewodnicz\u0105cy Komisji Spraw Zagranicznych<br>Bogus\u0142aw Sonik, pose\u0142 na Sejm RP<\/p>\n\n\n\n<p class=\"wp-block-paragraph\">Zsolt N\u00e9meth, przewodnicz\u0105cy Komisji Spraw Zagranicznych Zgromadzenia Narodowego W\u0119gier<\/p>\n\n\n\n<p class=\"wp-block-paragraph\">Bal\u00e1zs Orb\u00e1n, wiceminister w kancelarii premiera W\u0119gier<\/p>\n\n\n\n<p class=\"wp-block-paragraph\">oraz go\u015bcie \u2013 opozycjoni\u015bci systemu komunistycznego.<\/p>\n\n\n\n<p class=\"wp-block-paragraph\">Moderatorem dyskusji by\u0142 dyrektor Instytutu im. Wac\u0142awa Felczaka, profesor Maciej Szymanowski.<\/p>\n\n\n\n<p class=\"wp-block-paragraph\">Miejsce spotkania: kawiarnia Scruton.<\/p>\n\n\n\n<p class=\"wp-block-paragraph\">Jako pierwszy g\u0142os zabra\u0142 Balazs Orban. Zosta\u0142 poproszony o przybli\u017cenie postaci Rogera Scrutona, konserwatywnego filozofa i pisarza oraz wyja\u015bnienie czym w\u0142a\u015bciwie jest kawiarnia \u2013 znanym miejscem spotka\u0144 i dyskusji. Jako drugi g\u0142os zabra\u0142 Zsolt N\u00e9meth, kt\u00f3ry we wst\u0119pie nawi\u0105za\u0142 do ksi\u0105\u017cki prof. Ryszarda Terleckiego &#8222;Solidarno\u015b\u0107 1980-1989. Polska droga do wolno\u015bci&#8221;, kt\u00f3ra zosta\u0142a w ostatnim czasie wydana na W\u0119grzech. Nast\u0119pnie poinformowa\u0142 o planach utworzenia kawiarni Scruton w Polsce, np. w Warszawie czy w Przemy\u015blu. W dalszej cz\u0119\u015bci, nawi\u0105zuj\u0105c do tematu panelu, stwierdzi\u0142 \u017ce w ostatnim czasie przyja\u017a\u0144 polsko-w\u0119gierska zosta\u0142a wystawiona na pr\u00f3b\u0119. Prze\u0142omowa by\u0142a wizyta w Polsce nowo wybranej Pani Prezydent W\u0119gier, a przyjazd polskiej delegacji jest odpowiedzi\u0105 na ni\u0105.<br>Wyrazi\u0142 przekonanie, \u017ce pod wzgl\u0119dem cel\u00f3w stanowisko W\u0119gier i Polski jest takie samo, lecz r\u00f3\u017cni si\u0119 pod wzgl\u0119dem \u015brodk\u00f3w i sposobu ich osi\u0105gniecia. Zadeklarowa\u0142 pe\u0142ne poparcie W\u0119gier dla wst\u0105pienia Ukrainy do Unii Europejskiej, przedstawi\u0142 swoj\u0105 wizj\u0119 konserwatywnej Europy \u2013 Europy narod\u00f3w oraz stwierdzi\u0142, \u017ce nie do przyj\u0119cia jest odbudowanie Zwi\u0105zku Radzieckiego. S\u0105 to wsp\u00f3lne stanowiska obu pa\u0144stw. Zauwa\u017cy\u0142 jednak, \u017ce Europ\u0119 czeka recesja gospodarcza, a sankcje b\u0119d\u0105 nas du\u017co kosztowa\u0107. To podej\u015bcie r\u00f3\u017cni nasze pa\u0144stwa i o tym musimy dyskutowa\u0107.&nbsp;Nast\u0119pnie znowu g\u0142os zabra\u0142 moderator panelu, profesor Szymanowski. Opowiedzia\u0142 o idei konferencji Europy Karpat i poda\u0142 konkretny przyk\u0142ad: postulat wybudowania drogi Via Carpatia zosta\u0142 sformu\u0142owany na jednej z konferencji, a dzi\u015b ju\u017c mo\u017cemy cieszy\u0107 si\u0119 pierwszymi efektami \u2013 cz\u0119\u015bciowo ju\u017c wybudowan\u0105 i budowan\u0105 drog\u0105 ekspresow\u0105.<\/p>\n\n\n\n<p class=\"wp-block-paragraph\"><br>Nast\u0119pnie g\u0142os zabra\u0142 Marek Kuchci\u0144ski, t\u0142umacz\u0105c, jaka idea przy\u015bwieca Klubom Europy Karpat. Chodzi o dyskutowanie o naszych warto\u015bciach, ideach, konserwatyzmie czy wizji Rogera Scrutona. Dzisiejsze wyzwania wymagaj\u0105 w\u0142a\u015bnie takich wsp\u00f3lnych dyskusji i w\u0142a\u015bnie po to zosta\u0142y zainaugurowane Kluby Europy Karpat. Zapowiedzia\u0142 r\u00f3wnie\u017c instytucjonalizacj\u0119 Europy Karpat. Nawi\u0105za\u0142 do tego, \u017ce wst\u0119puj\u0105c do UE, odrzucili\u015bmy bariery i granice, np. mo\u017cemy swobodnie podr\u00f3\u017cowa\u0107, lecz niekt\u00f3re bariery pozosta\u0142y. Wojna na Ukrainie jest jedn\u0105 z takich barier, czyli \u2013 nowym wyzwaniem. Podkre\u015bli\u0142, \u017ce umocnienie stosunk\u00f3w polsko-w\u0119gierskich to nasza przysz\u0142o\u015b\u0107, lecz wymaga dyskusji i wyrazi\u0142 zadowolenie, \u017ce w\u0142a\u015bnie si\u0119 to dzieje i to w takim niezwyk\u0142ym miejscu.<br>Jako kolejny g\u0142os zabra\u0142 wicemarsza\u0142ek Sejmu Ryszard Terlecki, kt\u00f3ry zacz\u0105\u0142 od tego, \u017ce wojna bardzo nas zaskoczy\u0142a, zar\u00f3wno sam jej wybuch, jak i heroiczny op\u00f3r Ukrai\u0144c\u00f3w<br>i bezradno\u015b\u0107 reszty \u015bwiata. W pierwszych dniach bali\u015bmy si\u0119 globalnego konfliktu, jednak przezwyci\u0119\u017cyli\u015bmy strach i zacz\u0119li\u015bmy realnie pomaga\u0107 Ukrainie. Dla Polski jest to oczywiste, \u017ce musimy pomaga\u0107 swojemu s\u0105siadowi, kt\u00f3ry powinien broni\u0107 swojej suwerenno\u015bci i jednocze\u015bnie os\u0142abi\u0107 Rosj\u0119. Terlecki wyrazi\u0142 jednak zaniepokojenie, \u017ce stanowiska r\u00f3\u017cnych kraj\u00f3w s\u0105 podzielone. Mi\u0119dzy innymi Polska by\u0142a zaskoczona tym, \u017ce W\u0119gry inaczej postrzegaj\u0105 t\u0119 sytuacj\u0119, jednak jeste\u015bmy w stanie to zrozumie\u0107 w kontek\u015bcie gospodarczym oraz politycznym. Wyrazi\u0142 tak\u017ce obaw\u0119, \u017ce wizyta polskich parlamentarzyst\u00f3w mo\u017ce pos\u0142u\u017cy\u0107 jako propaganda dla opozycji, kt\u00f3ra mo\u017ce zarzuci\u0107, \u017ce nasz rz\u0105d dzia\u0142aj\u0105c w ten spos\u00f3b, jest proputinowski. \u0141\u0105czy to z tym, \u017ce w Polsce zbli\u017caj\u0105 si\u0119 wybory i mo\u017ce by\u0107 to argument w kampanii. Na W\u0119grzech jest zupe\u0142nie inna sytuacja, poniewa\u017c tam ju\u017c odby\u0142y si\u0119 wybory. Nast\u0119pnie g\u0142os zabra\u0142 pose\u0142 Bogus\u0142aw Sonik, kt\u00f3ry stwierdzi\u0142, \u017ce problemy, z kt\u00f3rymi si\u0119 mierzyli\u015bmy, dotyczy\u0142y wolnych pa\u0144stw. Nowy problem jest inny \u2013 Ukraina walczy o wolno\u015b\u0107 swoj\u0105, jak i nasz\u0105. Wsparcie Ukrainy ma ogromn\u0105 cen\u0119, ale wolno\u015b\u0107 i niezale\u017cno\u015b\u0107 jest bezcenna. Dlatego W\u0119gry nie mog\u0105 kierowa\u0107 si\u0119 tylko swoim interesem, nie mog\u0105 r\u00f3wnie\u017c obawia\u0107 si\u0119 krytyki ze strony innych, poniewa\u017c nie tylko W\u0119gry s\u0105 krytykowane, ale np. Francja z Emanuelem Macronem i Niemcy z Olafem Scholzem. Na koniec doda\u0142, \u017ce brak wsparcia Ukrainy przez W\u0119gry Polska odebra\u0142a jako brak empatii.<\/p>\n\n\n\n<p class=\"wp-block-paragraph\"><br>Jako nast\u0119pny po raz drugi g\u0142os zabra\u0142 Balazs Orban, przedstawiaj\u0105c punkt widzenia W\u0119gier, \u017ce ka\u017cdy mo\u017ce by\u0107 ich wrogiem lub przyjacielem, a mimo wszystko W\u0119gry musz\u0105 si\u0119 umacnia\u0107. Uwa\u017ca jednak, \u017ce wojna to wielka tragedia i stanowi dla nich zagro\u017cenie. Por\u00f3wna\u0142 wojn\u0119 do filmu, kt\u00f3ry wszyscy ogl\u0105damy, lecz inaczej go interpretujemy. Zar\u00f3wno W\u0119gry, jak i Polska pot\u0119pi\u0142y Rosj\u0119, wspar\u0142y Ukrain\u0119, zachowa\u0142y si\u0119 humanitarnie. Jednak Europa musi wykaza\u0107 wi\u0119ksz\u0105 jedno\u015b\u0107. Dopuszcza on militarne wsparcie Ukrainy, ale sankcje gospodarcze musz\u0105 by\u0107 przekalkulowane. Jako przyk\u0142ad wskaza\u0142 sankcje z 2014 roku na\u0142o\u017cone na Rosj\u0119 po aneksji Krymu, kt\u00f3re nie przynios\u0142y skutk\u00f3w, lecz du\u017ce straty W\u0119grom, a mimo to 8 lat p\u00f3\u017aniej Rosja zn\u00f3w zaatakowa\u0142a. Wed\u0142ug niego logika W\u0119gr\u00f3w jest oparta na pokoju. Niewa\u017cne, kto wygra, wa\u017cne, \u017ceby przywr\u00f3ci\u0107 pok\u00f3j, bo jest to w interesie W\u0119gier.<\/p>\n\n\n\n<p class=\"wp-block-paragraph\"><br>Zsolt N\u00e9meth z kolei podkre\u015bli\u0142, \u017ce sankcje s\u0105 bardzo wa\u017cne, lecz zgadza si\u0119, \u017ce musz\u0105 by\u0107 przekalkulowane. Stwierdzi\u0142, \u017ce mamy do czynienia z propagandystyczn\u0105 wojn\u0105, a r\u00f3\u017cnice nie mog\u0105 zepsu\u0107, wypracowanych przez tysi\u0105c lat, bardzo dobrych stosunk\u00f3w polsko-w\u0119gierskich, podkre\u015blaj\u0105c ich si\u0142\u0119. Zaznaczy\u0142, \u017ce bardzo obawia si\u0119 recesji gospodarczej, kt\u00f3ra mo\u017ce by\u0107 tragiczna w skutkach, dlatego prosi o zrozumienie drugiej strony. Wyra\u017ca wdzi\u0119czno\u015b\u0107 dla Marka Kuchci\u0144skiego, poniewa\u017c pisz\u0105c o tym w polskich mediach, podkre\u015bla, \u017ce nie mo\u017cemy m\u00f3wi\u0107, \u017ce si\u0119 r\u00f3\u017cnimy, tylko stara\u0107 si\u0119 to zrozumie\u0107 i w\u0142a\u015bnie Marek Kuchci\u0144ski to rozumie. Uwa\u017ca, \u017ce niezale\u017cnie od wsparcia militarnego potrzebna jest dyplomacja. Rosja nadal b\u0119dzie cz\u0119\u015bci\u0105 \u015bwiata i musimy dzia\u0142a\u0107 tak, by nadal by\u0142a jego cz\u0119\u015bci\u0105, lecz nie stwarza\u0142a zagro\u017cenia w przysz\u0142o\u015bci.<\/p>\n\n\n\n<p class=\"wp-block-paragraph\">Marek Kuchci\u0144ski, dzi\u0119kuj\u0105c Zsoltowi Nemethowi za napisanie artyku\u0142u w polskich mediach, poniewa\u017c wyja\u015bnia on w\u0119gierskie stanowisko i zach\u0119ca do dyskusji. Po raz kolejny wyra\u017ca on zadowolenie z faktu, \u017ce podczas tego panelu mo\u017cemy dyskutowa\u0107 na takie powa\u017cne i interesuj\u0105ce tematy. Wolni z wolnymi, r\u00f3wni z r\u00f3wnymi. W\u0142a\u015bnie tak\u0105 musimy budowa\u0107 Europ\u0119, poniewa\u017c kiedy towarzyszy\u0142a nam taka dewiza, to nasi s\u0105siedzi nie stwarzali dla nas zagro\u017cenia. W\u0142a\u015bnie tak widzia\u0142by Uni\u0119 Europejsk\u0105 \u2013 jako Europ\u0119 Ojczyzn, a nie podporz\u0105dkowanie si\u0119 idei superpa\u0144stwa europejskiego. W\u0142a\u015bnie to nas \u0142\u0105czy i musimy to zrozumie\u0107. Marsza\u0142ek stwierdzi\u0142, \u017ce my\u015blenie, \u017ce Ukraina powinna odda\u0107 cz\u0119\u015b\u0107 swojego terytorium, jest anachroniczne. Zasada nienaruszalno\u015bci granic jest wg niego niepodwa\u017calna. Na Ukrainie w\u0142a\u015bnie powstaje nowy nar\u00f3d, skoro obywatele rosyjskoj\u0119zyczni wyst\u0119puj\u0105 przeciwko rosyjskoj\u0119zycznemu agresorowi, szanujemy to i st\u0105d tak du\u017ce nasze wsparcie dla Ukrainy.<\/p>\n\n\n\n<p class=\"wp-block-paragraph\">Nast\u0119pnie g\u0142os zabra\u0142 Ryszard Terlecki, wspominaj\u0105c o tym, \u017ce przez wiele lat by\u0142o obiecywane przyj\u0119cie Ukrainy do Unii Europejskiej. Podobnie jest z Czarnog\u00f3r\u0105 czy Macedoni\u0105, kt\u00f3re mimo tego, \u017ce spe\u0142niaj\u0105 warunki i nale\u017c\u0105 do NATO, nadal nie s\u0105 jej cz\u0142onkami. W wyniku wojny sytuacja si\u0119 zmieni\u0142a, Ukraina oraz wszystkie inne pa\u0144stwa stoj\u0105 przed szans\u0105 wej\u015bcia do Unii, poniewa\u017c stara Unia zrozumia\u0142a istot\u0119 problemu. Na naszych oczach zachodz\u0105 w\u0142a\u015bnie ogromne zmiany geopolityczne. Europa \u015arodkowa musi w ko\u0144cu si\u0119 dogada\u0107. Ograniczenie w\u0119gla i atomu w produkcji energii s\u0105 w Unii planowane od bardzo dawna, sankcje w Unii do tego r\u00f3wnie\u017c prowadz\u0105. Pomimo r\u00f3\u017cnic musimy by\u0107 silni, musimy by\u0107 razem i przekona\u0107 do tego innych. Na koniec g\u0142os zabra\u0142 moderator panelu, profesor Maciej Szymanowski, kt\u00f3ry wyrazi\u0142 zadowolenie z faktu, \u017ce w\u0142a\u015bnie taka dyskusja, bardzo powa\u017cna i konkretna zainaugurowa\u0142a w\u0142a\u015bnie Kluby Europy Karpat w Budapeszcie.<\/p>\n\n\n\n<figure class=\"wp-block-image size-large\"><a href=\"https:\/\/marekkuchcinski.pl\/wp-content\/uploads\/2022\/06\/287133530_766098791236018_3677367738293129420_n.jpg\"><img fetchpriority=\"high\" decoding=\"async\" width=\"1024\" height=\"682\" src=\"https:\/\/marekkuchcinski.pl\/wp-content\/uploads\/2022\/06\/287133530_766098791236018_3677367738293129420_n-1024x682.jpg\" alt=\"\" class=\"wp-image-25538\" srcset=\"https:\/\/marekkuchcinski.pl\/wp-content\/uploads\/2022\/06\/287133530_766098791236018_3677367738293129420_n-1024x682.jpg 1024w, https:\/\/marekkuchcinski.pl\/wp-content\/uploads\/2022\/06\/287133530_766098791236018_3677367738293129420_n-300x200.jpg 300w, https:\/\/marekkuchcinski.pl\/wp-content\/uploads\/2022\/06\/287133530_766098791236018_3677367738293129420_n-768x511.jpg 768w, https:\/\/marekkuchcinski.pl\/wp-content\/uploads\/2022\/06\/287133530_766098791236018_3677367738293129420_n-18x12.jpg 18w, https:\/\/marekkuchcinski.pl\/wp-content\/uploads\/2022\/06\/287133530_766098791236018_3677367738293129420_n.jpg 1442w\" sizes=\"(max-width: 1024px) 100vw, 1024px\" \/><\/a><\/figure>\n\n\n\n<figure class=\"wp-block-image size-large\"><a href=\"https:\/\/marekkuchcinski.pl\/wp-content\/uploads\/2022\/06\/20220613_181802-1.jpg\"><img decoding=\"async\" width=\"1024\" height=\"675\" src=\"https:\/\/marekkuchcinski.pl\/wp-content\/uploads\/2022\/06\/20220613_181802-1-1024x675.jpg\" alt=\"\" class=\"wp-image-25546\" srcset=\"https:\/\/marekkuchcinski.pl\/wp-content\/uploads\/2022\/06\/20220613_181802-1-1024x675.jpg 1024w, https:\/\/marekkuchcinski.pl\/wp-content\/uploads\/2022\/06\/20220613_181802-1-300x198.jpg 300w, https:\/\/marekkuchcinski.pl\/wp-content\/uploads\/2022\/06\/20220613_181802-1-768x506.jpg 768w, https:\/\/marekkuchcinski.pl\/wp-content\/uploads\/2022\/06\/20220613_181802-1-1536x1013.jpg 1536w, https:\/\/marekkuchcinski.pl\/wp-content\/uploads\/2022\/06\/20220613_181802-1-18x12.jpg 18w, https:\/\/marekkuchcinski.pl\/wp-content\/uploads\/2022\/06\/20220613_181802-1.jpg 1600w\" sizes=\"(max-width: 1024px) 100vw, 1024px\" \/><\/a><\/figure>\n\n\n\n<figure class=\"wp-block-image size-large\"><a href=\"https:\/\/marekkuchcinski.pl\/wp-content\/uploads\/2022\/06\/IMG_0980-1.jpg\"><img decoding=\"async\" width=\"1024\" height=\"662\" src=\"https:\/\/marekkuchcinski.pl\/wp-content\/uploads\/2022\/06\/IMG_0980-1-1024x662.jpg\" alt=\"\" class=\"wp-image-25552\" srcset=\"https:\/\/marekkuchcinski.pl\/wp-content\/uploads\/2022\/06\/IMG_0980-1-1024x662.jpg 1024w, https:\/\/marekkuchcinski.pl\/wp-content\/uploads\/2022\/06\/IMG_0980-1-300x194.jpg 300w, https:\/\/marekkuchcinski.pl\/wp-content\/uploads\/2022\/06\/IMG_0980-1-768x496.jpg 768w, https:\/\/marekkuchcinski.pl\/wp-content\/uploads\/2022\/06\/IMG_0980-1-1536x993.jpg 1536w, https:\/\/marekkuchcinski.pl\/wp-content\/uploads\/2022\/06\/IMG_0980-1-18x12.jpg 18w, https:\/\/marekkuchcinski.pl\/wp-content\/uploads\/2022\/06\/IMG_0980-1.jpg 1600w\" sizes=\"(max-width: 1024px) 100vw, 1024px\" \/><\/a><\/figure>\n\n\n\n<figure class=\"wp-block-image size-large is-resized\"><a href=\"https:\/\/marekkuchcinski.pl\/wp-content\/uploads\/2022\/06\/20220613_134707-2.jpg\"><img loading=\"lazy\" decoding=\"async\" src=\"https:\/\/marekkuchcinski.pl\/wp-content\/uploads\/2022\/06\/20220613_134707-2-777x1024.jpg\" alt=\"\" class=\"wp-image-25549\" width=\"839\" height=\"1106\" srcset=\"https:\/\/marekkuchcinski.pl\/wp-content\/uploads\/2022\/06\/20220613_134707-2-777x1024.jpg 777w, https:\/\/marekkuchcinski.pl\/wp-content\/uploads\/2022\/06\/20220613_134707-2-228x300.jpg 228w, https:\/\/marekkuchcinski.pl\/wp-content\/uploads\/2022\/06\/20220613_134707-2-768x1012.jpg 768w, https:\/\/marekkuchcinski.pl\/wp-content\/uploads\/2022\/06\/20220613_134707-2-1165x1536.jpg 1165w, https:\/\/marekkuchcinski.pl\/wp-content\/uploads\/2022\/06\/20220613_134707-2-9x12.jpg 9w, https:\/\/marekkuchcinski.pl\/wp-content\/uploads\/2022\/06\/20220613_134707-2.jpg 1214w\" sizes=\"(max-width: 839px) 100vw, 839px\" \/><\/a><\/figure>\n\n\n\n<figure class=\"wp-block-image size-large\"><a href=\"https:\/\/marekkuchcinski.pl\/wp-content\/uploads\/2022\/06\/288358205_434543048491591_8589212648238512700_n-1.jpg\"><img loading=\"lazy\" decoding=\"async\" width=\"1024\" height=\"682\" src=\"https:\/\/marekkuchcinski.pl\/wp-content\/uploads\/2022\/06\/288358205_434543048491591_8589212648238512700_n-1-1024x682.jpg\" alt=\"\" class=\"wp-image-25550\" srcset=\"https:\/\/marekkuchcinski.pl\/wp-content\/uploads\/2022\/06\/288358205_434543048491591_8589212648238512700_n-1-1024x682.jpg 1024w, https:\/\/marekkuchcinski.pl\/wp-content\/uploads\/2022\/06\/288358205_434543048491591_8589212648238512700_n-1-300x200.jpg 300w, https:\/\/marekkuchcinski.pl\/wp-content\/uploads\/2022\/06\/288358205_434543048491591_8589212648238512700_n-1-768x511.jpg 768w, https:\/\/marekkuchcinski.pl\/wp-content\/uploads\/2022\/06\/288358205_434543048491591_8589212648238512700_n-1-1536x1022.jpg 1536w, https:\/\/marekkuchcinski.pl\/wp-content\/uploads\/2022\/06\/288358205_434543048491591_8589212648238512700_n-1-18x12.jpg 18w, https:\/\/marekkuchcinski.pl\/wp-content\/uploads\/2022\/06\/288358205_434543048491591_8589212648238512700_n-1.jpg 1600w\" sizes=\"(max-width: 1024px) 100vw, 1024px\" \/><\/a><figcaption>Zsolt Nemeth i Marek Kuchci\u0144ski w parlamencie W\u0119gier<\/figcaption><\/figure>\n\n\n\n<figure class=\"wp-block-image size-large\"><a href=\"https:\/\/marekkuchcinski.pl\/wp-content\/uploads\/2022\/06\/288013030_434543221824907_4202571593048912699_n-1.jpg\"><img loading=\"lazy\" decoding=\"async\" width=\"1024\" height=\"682\" src=\"https:\/\/marekkuchcinski.pl\/wp-content\/uploads\/2022\/06\/288013030_434543221824907_4202571593048912699_n-1-1024x682.jpg\" alt=\"\" class=\"wp-image-25551\" srcset=\"https:\/\/marekkuchcinski.pl\/wp-content\/uploads\/2022\/06\/288013030_434543221824907_4202571593048912699_n-1-1024x682.jpg 1024w, https:\/\/marekkuchcinski.pl\/wp-content\/uploads\/2022\/06\/288013030_434543221824907_4202571593048912699_n-1-300x200.jpg 300w, https:\/\/marekkuchcinski.pl\/wp-content\/uploads\/2022\/06\/288013030_434543221824907_4202571593048912699_n-1-768x511.jpg 768w, https:\/\/marekkuchcinski.pl\/wp-content\/uploads\/2022\/06\/288013030_434543221824907_4202571593048912699_n-1-1536x1022.jpg 1536w, https:\/\/marekkuchcinski.pl\/wp-content\/uploads\/2022\/06\/288013030_434543221824907_4202571593048912699_n-1-18x12.jpg 18w, https:\/\/marekkuchcinski.pl\/wp-content\/uploads\/2022\/06\/288013030_434543221824907_4202571593048912699_n-1.jpg 1600w\" sizes=\"(max-width: 1024px) 100vw, 1024px\" \/><\/a><\/figure>","protected":false},"excerpt":{"rendered":"<p>13 czerwca w Budapeszcie odby\u0142 si\u0119 panel dyskusyjny w ramach inauguracji Klub\u00f3w Europy Karpat na temat stosunk\u00f3w polsko-w\u0119gierskich i wojny na Ukrainie. Udzia\u0142 w nim wzi\u0119li m.in. Ryszard Terlecki &#8211; marsza\u0142ek Sejmu RP Marek Kuchci\u0144ski, przewodnicz\u0105cy Komisji Spraw ZagranicznychBogus\u0142aw Sonik, pose\u0142 na Sejm RP Zsolt N\u00e9meth, przewodnicz\u0105cy Komisji Spraw Zagranicznych Zgromadzenia Narodowego W\u0119gier Bal\u00e1zs Orb\u00e1n, [&hellip;]<\/p>\n","protected":false},"author":3,"featured_media":25538,"comment_status":"open","ping_status":"open","sticky":false,"template":"","format":"standard","meta":{"ngg_post_thumbnail":0,"footnotes":""},"categories":[50,3],"tags":[],"class_list":["post-25536","post","type-post","status-publish","format-standard","has-post-thumbnail","hentry","category-wspolpraca-miedzynarodowa","category-wydarzenia"],"yoast_head":"<!-- This site is optimized with the Yoast SEO plugin v28.4 - https:\/\/yoast.com\/product\/yoast-seo-wordpress\/ -->\n<title>Budapeszt: Inauguracja Klub\u00f3w Europy Karpat w Scruton Cafe &#8211; Marek Kuchci\u0144ski<\/title>\n<meta name=\"robots\" content=\"index, follow, max-snippet:-1, max-image-preview:large, max-video-preview:-1\" \/>\n<link rel=\"canonical\" href=\"https:\/\/marekkuchcinski.pl\/ro\/wydarzenia\/budapeszt-inauguracja-klubow-europy-karpat-w-scruton-cafe\/\" \/>\n<meta property=\"og:locale\" content=\"ro_RO\" \/>\n<meta property=\"og:type\" content=\"article\" \/>\n<meta property=\"og:title\" content=\"Budapeszt: Inauguracja Klub\u00f3w Europy Karpat w Scruton Cafe &#8211; Marek Kuchci\u0144ski\" \/>\n<meta property=\"og:description\" content=\"13 czerwca w Budapeszcie odby\u0142 si\u0119 panel dyskusyjny w ramach inauguracji Klub\u00f3w Europy Karpat na temat stosunk\u00f3w polsko-w\u0119gierskich i wojny na Ukrainie. Udzia\u0142 w nim wzi\u0119li m.in. Ryszard Terlecki &#8211; marsza\u0142ek Sejmu RP Marek Kuchci\u0144ski, przewodnicz\u0105cy Komisji Spraw ZagranicznychBogus\u0142aw Sonik, pose\u0142 na Sejm RP Zsolt N\u00e9meth, przewodnicz\u0105cy Komisji Spraw Zagranicznych Zgromadzenia Narodowego W\u0119gier Bal\u00e1zs Orb\u00e1n, [&hellip;]\" \/>\n<meta property=\"og:url\" content=\"https:\/\/marekkuchcinski.pl\/ro\/wydarzenia\/budapeszt-inauguracja-klubow-europy-karpat-w-scruton-cafe\/\" \/>\n<meta property=\"og:site_name\" content=\"Marek Kuchci\u0144ski\" \/>\n<meta property=\"article:published_time\" content=\"2022-06-13T21:36:00+00:00\" \/>\n<meta property=\"article:modified_time\" content=\"2022-06-17T08:55:01+00:00\" \/>\n<meta property=\"og:image\" content=\"https:\/\/marekkuchcinski.pl\/wp-content\/uploads\/2022\/06\/287133530_766098791236018_3677367738293129420_n.jpg\" \/>\n\t<meta property=\"og:image:width\" content=\"1442\" \/>\n\t<meta property=\"og:image:height\" content=\"960\" \/>\n\t<meta property=\"og:image:type\" content=\"image\/jpeg\" \/>\n<meta name=\"author\" content=\"Marta Olejnik\" \/>\n<meta name=\"twitter:card\" content=\"summary_large_image\" \/>\n<meta name=\"twitter:label1\" content=\"Written by\" \/>\n\t<meta name=\"twitter:data1\" content=\"Marta Olejnik\" \/>\n\t<meta name=\"twitter:label2\" content=\"Est. reading time\" \/>\n\t<meta name=\"twitter:data2\" content=\"7 minutes\" \/>\n<script type=\"application\/ld+json\" class=\"yoast-schema-graph\">{\"@context\":\"https:\\\/\\\/schema.org\",\"@graph\":[{\"@type\":\"Article\",\"@id\":\"https:\\\/\\\/marekkuchcinski.pl\\\/wydarzenia\\\/budapeszt-inauguracja-klubow-europy-karpat-w-scruton-cafe\\\/#article\",\"isPartOf\":{\"@id\":\"https:\\\/\\\/marekkuchcinski.pl\\\/wydarzenia\\\/budapeszt-inauguracja-klubow-europy-karpat-w-scruton-cafe\\\/\"},\"author\":{\"name\":\"Marta Olejnik\",\"@id\":\"https:\\\/\\\/marekkuchcinski.pl\\\/#\\\/schema\\\/person\\\/bd3f15dee67fee76e83c8350d0154101\"},\"headline\":\"Budapeszt: Inauguracja Klub\u00f3w Europy Karpat w Scruton Cafe\",\"datePublished\":\"2022-06-13T21:36:00+00:00\",\"dateModified\":\"2022-06-17T08:55:01+00:00\",\"mainEntityOfPage\":{\"@id\":\"https:\\\/\\\/marekkuchcinski.pl\\\/wydarzenia\\\/budapeszt-inauguracja-klubow-europy-karpat-w-scruton-cafe\\\/\"},\"wordCount\":1480,\"commentCount\":0,\"publisher\":{\"@id\":\"https:\\\/\\\/marekkuchcinski.pl\\\/#organization\"},\"image\":{\"@id\":\"https:\\\/\\\/marekkuchcinski.pl\\\/wydarzenia\\\/budapeszt-inauguracja-klubow-europy-karpat-w-scruton-cafe\\\/#primaryimage\"},\"thumbnailUrl\":\"https:\\\/\\\/marekkuchcinski.pl\\\/wp-content\\\/uploads\\\/2022\\\/06\\\/287133530_766098791236018_3677367738293129420_n.jpg\",\"articleSection\":[\"Wsp\u00f3\u0142praca mi\u0119dzynarodowa\",\"Wydarzenia\"],\"inLanguage\":\"ro-RO\",\"potentialAction\":[{\"@type\":\"CommentAction\",\"name\":\"Comment\",\"target\":[\"https:\\\/\\\/marekkuchcinski.pl\\\/wydarzenia\\\/budapeszt-inauguracja-klubow-europy-karpat-w-scruton-cafe\\\/#respond\"]}]},{\"@type\":\"WebPage\",\"@id\":\"https:\\\/\\\/marekkuchcinski.pl\\\/wydarzenia\\\/budapeszt-inauguracja-klubow-europy-karpat-w-scruton-cafe\\\/\",\"url\":\"https:\\\/\\\/marekkuchcinski.pl\\\/wydarzenia\\\/budapeszt-inauguracja-klubow-europy-karpat-w-scruton-cafe\\\/\",\"name\":\"Budapeszt: Inauguracja Klub\u00f3w Europy Karpat w Scruton Cafe &#8211; Marek Kuchci\u0144ski\",\"isPartOf\":{\"@id\":\"https:\\\/\\\/marekkuchcinski.pl\\\/#website\"},\"primaryImageOfPage\":{\"@id\":\"https:\\\/\\\/marekkuchcinski.pl\\\/wydarzenia\\\/budapeszt-inauguracja-klubow-europy-karpat-w-scruton-cafe\\\/#primaryimage\"},\"image\":{\"@id\":\"https:\\\/\\\/marekkuchcinski.pl\\\/wydarzenia\\\/budapeszt-inauguracja-klubow-europy-karpat-w-scruton-cafe\\\/#primaryimage\"},\"thumbnailUrl\":\"https:\\\/\\\/marekkuchcinski.pl\\\/wp-content\\\/uploads\\\/2022\\\/06\\\/287133530_766098791236018_3677367738293129420_n.jpg\",\"datePublished\":\"2022-06-13T21:36:00+00:00\",\"dateModified\":\"2022-06-17T08:55:01+00:00\",\"breadcrumb\":{\"@id\":\"https:\\\/\\\/marekkuchcinski.pl\\\/wydarzenia\\\/budapeszt-inauguracja-klubow-europy-karpat-w-scruton-cafe\\\/#breadcrumb\"},\"inLanguage\":\"ro-RO\",\"potentialAction\":[{\"@type\":\"ReadAction\",\"target\":[\"https:\\\/\\\/marekkuchcinski.pl\\\/wydarzenia\\\/budapeszt-inauguracja-klubow-europy-karpat-w-scruton-cafe\\\/\"]}]},{\"@type\":\"ImageObject\",\"inLanguage\":\"ro-RO\",\"@id\":\"https:\\\/\\\/marekkuchcinski.pl\\\/wydarzenia\\\/budapeszt-inauguracja-klubow-europy-karpat-w-scruton-cafe\\\/#primaryimage\",\"url\":\"https:\\\/\\\/marekkuchcinski.pl\\\/wp-content\\\/uploads\\\/2022\\\/06\\\/287133530_766098791236018_3677367738293129420_n.jpg\",\"contentUrl\":\"https:\\\/\\\/marekkuchcinski.pl\\\/wp-content\\\/uploads\\\/2022\\\/06\\\/287133530_766098791236018_3677367738293129420_n.jpg\",\"width\":1442,\"height\":960},{\"@type\":\"BreadcrumbList\",\"@id\":\"https:\\\/\\\/marekkuchcinski.pl\\\/wydarzenia\\\/budapeszt-inauguracja-klubow-europy-karpat-w-scruton-cafe\\\/#breadcrumb\",\"itemListElement\":[{\"@type\":\"ListItem\",\"position\":1,\"name\":\"Strona g\u0142\u00f3wna\",\"item\":\"https:\\\/\\\/marekkuchcinski.pl\\\/\"},{\"@type\":\"ListItem\",\"position\":2,\"name\":\"Budapeszt: Inauguracja Klub\u00f3w Europy Karpat w Scruton Cafe\"}]},{\"@type\":\"WebSite\",\"@id\":\"https:\\\/\\\/marekkuchcinski.pl\\\/#website\",\"url\":\"https:\\\/\\\/marekkuchcinski.pl\\\/\",\"name\":\"Marek Kuchci\u0144ski\",\"description\":\"Marek Kuchci\u0144ski \",\"publisher\":{\"@id\":\"https:\\\/\\\/marekkuchcinski.pl\\\/#organization\"},\"potentialAction\":[{\"@type\":\"SearchAction\",\"target\":{\"@type\":\"EntryPoint\",\"urlTemplate\":\"https:\\\/\\\/marekkuchcinski.pl\\\/?s={search_term_string}\"},\"query-input\":{\"@type\":\"PropertyValueSpecification\",\"valueRequired\":true,\"valueName\":\"search_term_string\"}}],\"inLanguage\":\"ro-RO\"},{\"@type\":\"Organization\",\"@id\":\"https:\\\/\\\/marekkuchcinski.pl\\\/#organization\",\"name\":\"Marek Kuchci\u0144ski\",\"url\":\"https:\\\/\\\/marekkuchcinski.pl\\\/\",\"logo\":{\"@type\":\"ImageObject\",\"inLanguage\":\"ro-RO\",\"@id\":\"https:\\\/\\\/marekkuchcinski.pl\\\/#\\\/schema\\\/logo\\\/image\\\/\",\"url\":\"https:\\\/\\\/marekkuchcinski.pl\\\/wp-content\\\/uploads\\\/2022\\\/09\\\/Marek.jpg\",\"contentUrl\":\"https:\\\/\\\/marekkuchcinski.pl\\\/wp-content\\\/uploads\\\/2022\\\/09\\\/Marek.jpg\",\"width\":1600,\"height\":971,\"caption\":\"Marek Kuchci\u0144ski\"},\"image\":{\"@id\":\"https:\\\/\\\/marekkuchcinski.pl\\\/#\\\/schema\\\/logo\\\/image\\\/\"}},{\"@type\":\"Person\",\"@id\":\"https:\\\/\\\/marekkuchcinski.pl\\\/#\\\/schema\\\/person\\\/bd3f15dee67fee76e83c8350d0154101\",\"name\":\"Marta Olejnik\",\"image\":{\"@type\":\"ImageObject\",\"inLanguage\":\"ro-RO\",\"@id\":\"https:\\\/\\\/secure.gravatar.com\\\/avatar\\\/24754edd6080383402e292374b406b553027d572e97d60e7aa89a6940e88659a?s=96&d=mm&r=g\",\"url\":\"https:\\\/\\\/secure.gravatar.com\\\/avatar\\\/24754edd6080383402e292374b406b553027d572e97d60e7aa89a6940e88659a?s=96&d=mm&r=g\",\"contentUrl\":\"https:\\\/\\\/secure.gravatar.com\\\/avatar\\\/24754edd6080383402e292374b406b553027d572e97d60e7aa89a6940e88659a?s=96&d=mm&r=g\",\"caption\":\"Marta Olejnik\"},\"url\":\"https:\\\/\\\/marekkuchcinski.pl\\\/ro\\\/author\\\/marta\\\/\"}]}<\/script>\n<!-- \/ Yoast SEO plugin. -->","yoast_head_json":{"title":"Budapeszt: Inauguracja Klub\u00f3w Europy Karpat w Scruton Cafe &#8211; Marek Kuchci\u0144ski","robots":{"index":"index","follow":"follow","max-snippet":"max-snippet:-1","max-image-preview":"max-image-preview:large","max-video-preview":"max-video-preview:-1"},"canonical":"https:\/\/marekkuchcinski.pl\/ro\/wydarzenia\/budapeszt-inauguracja-klubow-europy-karpat-w-scruton-cafe\/","og_locale":"ro_RO","og_type":"article","og_title":"Budapeszt: Inauguracja Klub\u00f3w Europy Karpat w Scruton Cafe &#8211; Marek Kuchci\u0144ski","og_description":"13 czerwca w Budapeszcie odby\u0142 si\u0119 panel dyskusyjny w ramach inauguracji Klub\u00f3w Europy Karpat na temat stosunk\u00f3w polsko-w\u0119gierskich i wojny na Ukrainie. Udzia\u0142 w nim wzi\u0119li m.in. Ryszard Terlecki &#8211; marsza\u0142ek Sejmu RP Marek Kuchci\u0144ski, przewodnicz\u0105cy Komisji Spraw ZagranicznychBogus\u0142aw Sonik, pose\u0142 na Sejm RP Zsolt N\u00e9meth, przewodnicz\u0105cy Komisji Spraw Zagranicznych Zgromadzenia Narodowego W\u0119gier Bal\u00e1zs Orb\u00e1n, [&hellip;]","og_url":"https:\/\/marekkuchcinski.pl\/ro\/wydarzenia\/budapeszt-inauguracja-klubow-europy-karpat-w-scruton-cafe\/","og_site_name":"Marek Kuchci\u0144ski","article_published_time":"2022-06-13T21:36:00+00:00","article_modified_time":"2022-06-17T08:55:01+00:00","og_image":[{"width":1442,"height":960,"url":"https:\/\/marekkuchcinski.pl\/wp-content\/uploads\/2022\/06\/287133530_766098791236018_3677367738293129420_n.jpg","type":"image\/jpeg"}],"author":"Marta Olejnik","twitter_card":"summary_large_image","twitter_misc":{"Written by":"Marta Olejnik","Est. reading time":"7 minutes"},"schema":{"@context":"https:\/\/schema.org","@graph":[{"@type":"Article","@id":"https:\/\/marekkuchcinski.pl\/wydarzenia\/budapeszt-inauguracja-klubow-europy-karpat-w-scruton-cafe\/#article","isPartOf":{"@id":"https:\/\/marekkuchcinski.pl\/wydarzenia\/budapeszt-inauguracja-klubow-europy-karpat-w-scruton-cafe\/"},"author":{"name":"Marta Olejnik","@id":"https:\/\/marekkuchcinski.pl\/#\/schema\/person\/bd3f15dee67fee76e83c8350d0154101"},"headline":"Budapeszt: Inauguracja Klub\u00f3w Europy Karpat w Scruton Cafe","datePublished":"2022-06-13T21:36:00+00:00","dateModified":"2022-06-17T08:55:01+00:00","mainEntityOfPage":{"@id":"https:\/\/marekkuchcinski.pl\/wydarzenia\/budapeszt-inauguracja-klubow-europy-karpat-w-scruton-cafe\/"},"wordCount":1480,"commentCount":0,"publisher":{"@id":"https:\/\/marekkuchcinski.pl\/#organization"},"image":{"@id":"https:\/\/marekkuchcinski.pl\/wydarzenia\/budapeszt-inauguracja-klubow-europy-karpat-w-scruton-cafe\/#primaryimage"},"thumbnailUrl":"https:\/\/marekkuchcinski.pl\/wp-content\/uploads\/2022\/06\/287133530_766098791236018_3677367738293129420_n.jpg","articleSection":["Wsp\u00f3\u0142praca mi\u0119dzynarodowa","Wydarzenia"],"inLanguage":"ro-RO","potentialAction":[{"@type":"CommentAction","name":"Comment","target":["https:\/\/marekkuchcinski.pl\/wydarzenia\/budapeszt-inauguracja-klubow-europy-karpat-w-scruton-cafe\/#respond"]}]},{"@type":"WebPage","@id":"https:\/\/marekkuchcinski.pl\/wydarzenia\/budapeszt-inauguracja-klubow-europy-karpat-w-scruton-cafe\/","url":"https:\/\/marekkuchcinski.pl\/wydarzenia\/budapeszt-inauguracja-klubow-europy-karpat-w-scruton-cafe\/","name":"Budapeszt: Inauguracja Klub\u00f3w Europy Karpat w Scruton Cafe &#8211; Marek Kuchci\u0144ski","isPartOf":{"@id":"https:\/\/marekkuchcinski.pl\/#website"},"primaryImageOfPage":{"@id":"https:\/\/marekkuchcinski.pl\/wydarzenia\/budapeszt-inauguracja-klubow-europy-karpat-w-scruton-cafe\/#primaryimage"},"image":{"@id":"https:\/\/marekkuchcinski.pl\/wydarzenia\/budapeszt-inauguracja-klubow-europy-karpat-w-scruton-cafe\/#primaryimage"},"thumbnailUrl":"https:\/\/marekkuchcinski.pl\/wp-content\/uploads\/2022\/06\/287133530_766098791236018_3677367738293129420_n.jpg","datePublished":"2022-06-13T21:36:00+00:00","dateModified":"2022-06-17T08:55:01+00:00","breadcrumb":{"@id":"https:\/\/marekkuchcinski.pl\/wydarzenia\/budapeszt-inauguracja-klubow-europy-karpat-w-scruton-cafe\/#breadcrumb"},"inLanguage":"ro-RO","potentialAction":[{"@type":"ReadAction","target":["https:\/\/marekkuchcinski.pl\/wydarzenia\/budapeszt-inauguracja-klubow-europy-karpat-w-scruton-cafe\/"]}]},{"@type":"ImageObject","inLanguage":"ro-RO","@id":"https:\/\/marekkuchcinski.pl\/wydarzenia\/budapeszt-inauguracja-klubow-europy-karpat-w-scruton-cafe\/#primaryimage","url":"https:\/\/marekkuchcinski.pl\/wp-content\/uploads\/2022\/06\/287133530_766098791236018_3677367738293129420_n.jpg","contentUrl":"https:\/\/marekkuchcinski.pl\/wp-content\/uploads\/2022\/06\/287133530_766098791236018_3677367738293129420_n.jpg","width":1442,"height":960},{"@type":"BreadcrumbList","@id":"https:\/\/marekkuchcinski.pl\/wydarzenia\/budapeszt-inauguracja-klubow-europy-karpat-w-scruton-cafe\/#breadcrumb","itemListElement":[{"@type":"ListItem","position":1,"name":"Strona g\u0142\u00f3wna","item":"https:\/\/marekkuchcinski.pl\/"},{"@type":"ListItem","position":2,"name":"Budapeszt: Inauguracja Klub\u00f3w Europy Karpat w Scruton Cafe"}]},{"@type":"WebSite","@id":"https:\/\/marekkuchcinski.pl\/#website","url":"https:\/\/marekkuchcinski.pl\/","name":"Marek Kuchci\u0144ski","description":"Marek Kuchci\u0144ski","publisher":{"@id":"https:\/\/marekkuchcinski.pl\/#organization"},"potentialAction":[{"@type":"SearchAction","target":{"@type":"EntryPoint","urlTemplate":"https:\/\/marekkuchcinski.pl\/?s={search_term_string}"},"query-input":{"@type":"PropertyValueSpecification","valueRequired":true,"valueName":"search_term_string"}}],"inLanguage":"ro-RO"},{"@type":"Organization","@id":"https:\/\/marekkuchcinski.pl\/#organization","name":"Marek Kuchci\u0144ski","url":"https:\/\/marekkuchcinski.pl\/","logo":{"@type":"ImageObject","inLanguage":"ro-RO","@id":"https:\/\/marekkuchcinski.pl\/#\/schema\/logo\/image\/","url":"https:\/\/marekkuchcinski.pl\/wp-content\/uploads\/2022\/09\/Marek.jpg","contentUrl":"https:\/\/marekkuchcinski.pl\/wp-content\/uploads\/2022\/09\/Marek.jpg","width":1600,"height":971,"caption":"Marek Kuchci\u0144ski"},"image":{"@id":"https:\/\/marekkuchcinski.pl\/#\/schema\/logo\/image\/"}},{"@type":"Person","@id":"https:\/\/marekkuchcinski.pl\/#\/schema\/person\/bd3f15dee67fee76e83c8350d0154101","name":"Marta Olejnik","image":{"@type":"ImageObject","inLanguage":"ro-RO","@id":"https:\/\/secure.gravatar.com\/avatar\/24754edd6080383402e292374b406b553027d572e97d60e7aa89a6940e88659a?s=96&d=mm&r=g","url":"https:\/\/secure.gravatar.com\/avatar\/24754edd6080383402e292374b406b553027d572e97d60e7aa89a6940e88659a?s=96&d=mm&r=g","contentUrl":"https:\/\/secure.gravatar.com\/avatar\/24754edd6080383402e292374b406b553027d572e97d60e7aa89a6940e88659a?s=96&d=mm&r=g","caption":"Marta Olejnik"},"url":"https:\/\/marekkuchcinski.pl\/ro\/author\/marta\/"}]}},"_links":{"self":[{"href":"https:\/\/marekkuchcinski.pl\/ro\/wp-json\/wp\/v2\/posts\/25536","targetHints":{"allow":["GET"]}}],"collection":[{"href":"https:\/\/marekkuchcinski.pl\/ro\/wp-json\/wp\/v2\/posts"}],"about":[{"href":"https:\/\/marekkuchcinski.pl\/ro\/wp-json\/wp\/v2\/types\/post"}],"author":[{"embeddable":true,"href":"https:\/\/marekkuchcinski.pl\/ro\/wp-json\/wp\/v2\/users\/3"}],"replies":[{"embeddable":true,"href":"https:\/\/marekkuchcinski.pl\/ro\/wp-json\/wp\/v2\/comments?post=25536"}],"version-history":[{"count":2,"href":"https:\/\/marekkuchcinski.pl\/ro\/wp-json\/wp\/v2\/posts\/25536\/revisions"}],"predecessor-version":[{"id":25553,"href":"https:\/\/marekkuchcinski.pl\/ro\/wp-json\/wp\/v2\/posts\/25536\/revisions\/25553"}],"wp:featuredmedia":[{"embeddable":true,"href":"https:\/\/marekkuchcinski.pl\/ro\/wp-json\/wp\/v2\/media\/25538"}],"wp:attachment":[{"href":"https:\/\/marekkuchcinski.pl\/ro\/wp-json\/wp\/v2\/media?parent=25536"}],"wp:term":[{"taxonomy":"category","embeddable":true,"href":"https:\/\/marekkuchcinski.pl\/ro\/wp-json\/wp\/v2\/categories?post=25536"},{"taxonomy":"post_tag","embeddable":true,"href":"https:\/\/marekkuchcinski.pl\/ro\/wp-json\/wp\/v2\/tags?post=25536"}],"curies":[{"name":"wp","href":"https:\/\/api.w.org\/{rel}","templated":true}]}}