{"id":24862,"date":"2022-05-18T10:21:58","date_gmt":"2022-05-18T08:21:58","guid":{"rendered":"https:\/\/marekkuchcinski.pl\/?p=24862"},"modified":"2022-05-18T11:33:48","modified_gmt":"2022-05-18T09:33:48","slug":"legendy-podkarpacia-zaklete-w-komiks-europa-karpat-otwiera-sie-na-mlodych-artystow","status":"publish","type":"post","link":"https:\/\/marekkuchcinski.pl\/ro\/europa-karpat\/legendy-podkarpacia-zaklete-w-komiks-europa-karpat-otwiera-sie-na-mlodych-artystow\/","title":{"rendered":"Legendele din Podkarpacie fermecate \u00eentr-o carte de benzi desenate. Europa Carpatic\u0103 se deschide tinerilor arti\u0219ti"},"content":{"rendered":"<p>\u00cen cadrul conferin\u021bei \"Europa Carpa\u021bilor\" de la Krasiczyn (13-14 mai) au fost premia\u021bi autorii lucr\u0103rilor selectate de Sejm \u0219i KPRM. <\/p>\n\n\n\n<p>Concurs<strong>&nbsp;\"Legendele din Podkarpacie\"&nbsp;<\/strong>face parte din ini\u021biativa&nbsp;<strong>Europa Digital\u0103 Carpatic\u0103<\/strong>&nbsp;implementat de Cancelaria Sejm-ului \u00eempreun\u0103 cu Centrul GovTech din cadrul Cancelariei Primului Ministru. Scopul concursului este de a dezvolta competen\u021bele digitale \u00een r\u00e2ndul tinerilor, de a-i interesa s\u0103 ob\u021bin\u0103 calific\u0103ri \u00een domeniul graficii pe calculator \u0219i de a promova cultura regiunii Podkarpackie. \u00cen paralel cu concursul, se organizeaz\u0103 o serie de ateliere de grafic\u0103 pe calculator pentru elevi. Toate activit\u0103\u021bile se adreseaz\u0103 elevilor de liceu din toat\u0103 Polonia, care sunt peste 1,5 milioane \u00een \u021bara noastr\u0103.&nbsp;<\/p>\n\n\n\n<p><em>Digitalizarea a ajuns \u00een aproape toate domeniile vie\u021bii. \u0218i asta este un noroc! F\u0103r\u0103 ea, ar fi fost greu de imaginat ultimele luni, c\u00e2nd ne-am luptat cu o pandemie \u0219i c\u00e2nd elevii au fost nevoi\u021bi s\u0103 \u00eenve\u021be online. Dorim s\u0103 ne adapt\u0103m vremurilor \u0219i s\u0103 r\u0103spundem provoc\u0103rilor pe care lumea modern\u0103 ni le adreseaz\u0103. Am avut destul de multe concursuri de pictur\u0103 \u0219i benzi desenate \u00een regiunea Podkarpackie \u0219i a venit timpul s\u0103 intr\u0103m \u0219i \u00een domeniul digital.&nbsp;<em>Sprijinirea creativit\u0103\u021bii \u0219i \u00eencurajarea tinerilor s\u0103 \u00ee\u0219i dezvolte pasiunile artistice este deosebit de important\u0103. Ambele edi\u021bii ale concursului au fost \u00eent\u00e2mpinate cu mare interes.<\/em> - Marek Kuchci\u0144ski - Pre\u0219edintele Comisiei pentru afaceri externe a Sejm-ului<\/em><\/p>\n\n\n\n<figure class=\"wp-block-image size-large\"><a href=\"https:\/\/marekkuchcinski.pl\/wp-content\/uploads\/2022\/05\/DSCF2089-1-scaled.jpg\"><img fetchpriority=\"high\" decoding=\"async\" width=\"1024\" height=\"676\" src=\"https:\/\/marekkuchcinski.pl\/wp-content\/uploads\/2022\/05\/DSCF2089-1-1024x676.jpg\" alt=\"\" class=\"wp-image-24978\" srcset=\"https:\/\/marekkuchcinski.pl\/wp-content\/uploads\/2022\/05\/DSCF2089-1-1024x676.jpg 1024w, https:\/\/marekkuchcinski.pl\/wp-content\/uploads\/2022\/05\/DSCF2089-1-300x198.jpg 300w, https:\/\/marekkuchcinski.pl\/wp-content\/uploads\/2022\/05\/DSCF2089-1-768x507.jpg 768w, https:\/\/marekkuchcinski.pl\/wp-content\/uploads\/2022\/05\/DSCF2089-1-1536x1014.jpg 1536w, https:\/\/marekkuchcinski.pl\/wp-content\/uploads\/2022\/05\/DSCF2089-1-scaled.jpg 2048w, https:\/\/marekkuchcinski.pl\/wp-content\/uploads\/2022\/05\/DSCF2089-1-18x12.jpg 18w\" sizes=\"(max-width: 1024px) 100vw, 1024px\" \/><\/a><\/figure>\n\n\n\n<figure class=\"wp-block-image size-large\"><a href=\"https:\/\/marekkuchcinski.pl\/wp-content\/uploads\/2022\/05\/DSCF2111-1-scaled.jpg\"><img decoding=\"async\" width=\"1024\" height=\"683\" src=\"https:\/\/marekkuchcinski.pl\/wp-content\/uploads\/2022\/05\/DSCF2111-1-1024x683.jpg\" alt=\"\" class=\"wp-image-24974\" srcset=\"https:\/\/marekkuchcinski.pl\/wp-content\/uploads\/2022\/05\/DSCF2111-1-1024x683.jpg 1024w, https:\/\/marekkuchcinski.pl\/wp-content\/uploads\/2022\/05\/DSCF2111-1-300x200.jpg 300w, https:\/\/marekkuchcinski.pl\/wp-content\/uploads\/2022\/05\/DSCF2111-1-768x512.jpg 768w, https:\/\/marekkuchcinski.pl\/wp-content\/uploads\/2022\/05\/DSCF2111-1-1536x1024.jpg 1536w, https:\/\/marekkuchcinski.pl\/wp-content\/uploads\/2022\/05\/DSCF2111-1-scaled.jpg 2048w, https:\/\/marekkuchcinski.pl\/wp-content\/uploads\/2022\/05\/DSCF2111-1-18x12.jpg 18w\" sizes=\"(max-width: 1024px) 100vw, 1024px\" \/><\/a><\/figure>\n\n\n\n<figure class=\"wp-block-image size-large\"><a href=\"https:\/\/marekkuchcinski.pl\/wp-content\/uploads\/2022\/05\/DSCF2063-scaled.jpg\"><img decoding=\"async\" width=\"1024\" height=\"683\" src=\"https:\/\/marekkuchcinski.pl\/wp-content\/uploads\/2022\/05\/DSCF2063-1024x683.jpg\" alt=\"\" class=\"wp-image-24985\" srcset=\"https:\/\/marekkuchcinski.pl\/wp-content\/uploads\/2022\/05\/DSCF2063-1024x683.jpg 1024w, https:\/\/marekkuchcinski.pl\/wp-content\/uploads\/2022\/05\/DSCF2063-300x200.jpg 300w, https:\/\/marekkuchcinski.pl\/wp-content\/uploads\/2022\/05\/DSCF2063-768x512.jpg 768w, https:\/\/marekkuchcinski.pl\/wp-content\/uploads\/2022\/05\/DSCF2063-1536x1024.jpg 1536w, https:\/\/marekkuchcinski.pl\/wp-content\/uploads\/2022\/05\/DSCF2063-scaled.jpg 2048w, https:\/\/marekkuchcinski.pl\/wp-content\/uploads\/2022\/05\/DSCF2063-18x12.jpg 18w\" sizes=\"(max-width: 1024px) 100vw, 1024px\" \/><\/a><\/figure>\n\n\n\n<figure class=\"wp-block-image size-large\"><a href=\"https:\/\/marekkuchcinski.pl\/wp-content\/uploads\/2022\/05\/1.png\"><img loading=\"lazy\" decoding=\"async\" width=\"724\" height=\"1024\" src=\"https:\/\/marekkuchcinski.pl\/wp-content\/uploads\/2022\/05\/1-724x1024.png\" alt=\"\" class=\"wp-image-24946\" srcset=\"https:\/\/marekkuchcinski.pl\/wp-content\/uploads\/2022\/05\/1-724x1024.png 724w, https:\/\/marekkuchcinski.pl\/wp-content\/uploads\/2022\/05\/1-212x300.png 212w, https:\/\/marekkuchcinski.pl\/wp-content\/uploads\/2022\/05\/1-768x1086.png 768w, https:\/\/marekkuchcinski.pl\/wp-content\/uploads\/2022\/05\/1-1087x1536.png 1087w, https:\/\/marekkuchcinski.pl\/wp-content\/uploads\/2022\/05\/1-8x12.png 8w, https:\/\/marekkuchcinski.pl\/wp-content\/uploads\/2022\/05\/1.png 1228w\" sizes=\"(max-width: 724px) 100vw, 724px\" \/><\/a><\/figure>\n\n\n\n<figure class=\"wp-block-image size-large\"><a href=\"https:\/\/marekkuchcinski.pl\/wp-content\/uploads\/2022\/05\/2.png\"><img loading=\"lazy\" decoding=\"async\" width=\"724\" height=\"1024\" src=\"https:\/\/marekkuchcinski.pl\/wp-content\/uploads\/2022\/05\/2-724x1024.png\" alt=\"\" class=\"wp-image-24947\" srcset=\"https:\/\/marekkuchcinski.pl\/wp-content\/uploads\/2022\/05\/2-724x1024.png 724w, https:\/\/marekkuchcinski.pl\/wp-content\/uploads\/2022\/05\/2-212x300.png 212w, https:\/\/marekkuchcinski.pl\/wp-content\/uploads\/2022\/05\/2-768x1086.png 768w, https:\/\/marekkuchcinski.pl\/wp-content\/uploads\/2022\/05\/2-1087x1536.png 1087w, https:\/\/marekkuchcinski.pl\/wp-content\/uploads\/2022\/05\/2-8x12.png 8w, https:\/\/marekkuchcinski.pl\/wp-content\/uploads\/2022\/05\/2.png 1228w\" sizes=\"(max-width: 724px) 100vw, 724px\" \/><\/a><\/figure>\n\n\n\n<figure class=\"wp-block-image size-large\"><a href=\"https:\/\/marekkuchcinski.pl\/wp-content\/uploads\/2022\/05\/3.png\"><img loading=\"lazy\" decoding=\"async\" width=\"724\" height=\"1024\" src=\"https:\/\/marekkuchcinski.pl\/wp-content\/uploads\/2022\/05\/3-724x1024.png\" alt=\"\" class=\"wp-image-24948\" srcset=\"https:\/\/marekkuchcinski.pl\/wp-content\/uploads\/2022\/05\/3-724x1024.png 724w, https:\/\/marekkuchcinski.pl\/wp-content\/uploads\/2022\/05\/3-212x300.png 212w, https:\/\/marekkuchcinski.pl\/wp-content\/uploads\/2022\/05\/3-768x1086.png 768w, https:\/\/marekkuchcinski.pl\/wp-content\/uploads\/2022\/05\/3-1087x1536.png 1087w, https:\/\/marekkuchcinski.pl\/wp-content\/uploads\/2022\/05\/3-8x12.png 8w, https:\/\/marekkuchcinski.pl\/wp-content\/uploads\/2022\/05\/3.png 1228w\" sizes=\"(max-width: 724px) 100vw, 724px\" \/><\/a><\/figure>\n\n\n\n<figure class=\"wp-block-image size-large\"><a href=\"https:\/\/marekkuchcinski.pl\/wp-content\/uploads\/2022\/05\/4.png\"><img loading=\"lazy\" decoding=\"async\" width=\"819\" height=\"1157\" src=\"https:\/\/marekkuchcinski.pl\/wp-content\/uploads\/2022\/05\/4-725x1024.png\" alt=\"\" class=\"wp-image-24949\" srcset=\"https:\/\/marekkuchcinski.pl\/wp-content\/uploads\/2022\/05\/4-725x1024.png 725w, https:\/\/marekkuchcinski.pl\/wp-content\/uploads\/2022\/05\/4-212x300.png 212w, https:\/\/marekkuchcinski.pl\/wp-content\/uploads\/2022\/05\/4-768x1085.png 768w, https:\/\/marekkuchcinski.pl\/wp-content\/uploads\/2022\/05\/4-8x12.png 8w, https:\/\/marekkuchcinski.pl\/wp-content\/uploads\/2022\/05\/4.png 819w\" sizes=\"(max-width: 819px) 100vw, 819px\" \/><\/a><\/figure>\n\n\n\n<figure class=\"wp-block-image size-large\"><a href=\"https:\/\/marekkuchcinski.pl\/wp-content\/uploads\/2022\/05\/5.png\"><img loading=\"lazy\" decoding=\"async\" width=\"724\" height=\"1024\" src=\"https:\/\/marekkuchcinski.pl\/wp-content\/uploads\/2022\/05\/5-724x1024.png\" alt=\"\" class=\"wp-image-24950\" srcset=\"https:\/\/marekkuchcinski.pl\/wp-content\/uploads\/2022\/05\/5-724x1024.png 724w, https:\/\/marekkuchcinski.pl\/wp-content\/uploads\/2022\/05\/5-212x300.png 212w, https:\/\/marekkuchcinski.pl\/wp-content\/uploads\/2022\/05\/5-768x1086.png 768w, https:\/\/marekkuchcinski.pl\/wp-content\/uploads\/2022\/05\/5-8x12.png 8w, https:\/\/marekkuchcinski.pl\/wp-content\/uploads\/2022\/05\/5.png 982w\" sizes=\"(max-width: 724px) 100vw, 724px\" \/><\/a><\/figure>\n\n\n\n<figure class=\"wp-block-image size-large\"><a href=\"https:\/\/marekkuchcinski.pl\/wp-content\/uploads\/2022\/05\/6.png\"><img loading=\"lazy\" decoding=\"async\" width=\"724\" height=\"1024\" src=\"https:\/\/marekkuchcinski.pl\/wp-content\/uploads\/2022\/05\/6-724x1024.png\" alt=\"\" class=\"wp-image-24951\" srcset=\"https:\/\/marekkuchcinski.pl\/wp-content\/uploads\/2022\/05\/6-724x1024.png 724w, https:\/\/marekkuchcinski.pl\/wp-content\/uploads\/2022\/05\/6-212x300.png 212w, https:\/\/marekkuchcinski.pl\/wp-content\/uploads\/2022\/05\/6-768x1086.png 768w, https:\/\/marekkuchcinski.pl\/wp-content\/uploads\/2022\/05\/6-1087x1536.png 1087w, https:\/\/marekkuchcinski.pl\/wp-content\/uploads\/2022\/05\/6-8x12.png 8w, https:\/\/marekkuchcinski.pl\/wp-content\/uploads\/2022\/05\/6.png 1228w\" sizes=\"(max-width: 724px) 100vw, 724px\" \/><\/a><\/figure>\n\n\n\n<figure class=\"wp-block-image size-large is-resized\"><a href=\"https:\/\/marekkuchcinski.pl\/wp-content\/uploads\/2022\/05\/7.png\"><img loading=\"lazy\" decoding=\"async\" src=\"https:\/\/marekkuchcinski.pl\/wp-content\/uploads\/2022\/05\/7-725x1024.png\" alt=\"\" class=\"wp-image-24952\" width=\"725\" height=\"1024\" srcset=\"https:\/\/marekkuchcinski.pl\/wp-content\/uploads\/2022\/05\/7-725x1024.png 725w, https:\/\/marekkuchcinski.pl\/wp-content\/uploads\/2022\/05\/7-212x300.png 212w, https:\/\/marekkuchcinski.pl\/wp-content\/uploads\/2022\/05\/7-768x1085.png 768w, https:\/\/marekkuchcinski.pl\/wp-content\/uploads\/2022\/05\/7-8x12.png 8w, https:\/\/marekkuchcinski.pl\/wp-content\/uploads\/2022\/05\/7.png 819w\" sizes=\"(max-width: 725px) 100vw, 725px\" \/><\/a><\/figure>\n\n\n\n<figure class=\"wp-block-image size-large\"><a href=\"https:\/\/marekkuchcinski.pl\/wp-content\/uploads\/2022\/05\/213794065_morana-a-kerberus-aj-jpeg-scaled.jpg\"><img loading=\"lazy\" decoding=\"async\" width=\"1024\" height=\"724\" src=\"https:\/\/marekkuchcinski.pl\/wp-content\/uploads\/2022\/05\/213794065_morana-a-kerberus-aj-jpeg-1024x724.jpg\" alt=\"\" class=\"wp-image-24954\" srcset=\"https:\/\/marekkuchcinski.pl\/wp-content\/uploads\/2022\/05\/213794065_morana-a-kerberus-aj-jpeg-1024x724.jpg 1024w, https:\/\/marekkuchcinski.pl\/wp-content\/uploads\/2022\/05\/213794065_morana-a-kerberus-aj-jpeg-300x212.jpg 300w, https:\/\/marekkuchcinski.pl\/wp-content\/uploads\/2022\/05\/213794065_morana-a-kerberus-aj-jpeg-768x543.jpg 768w, https:\/\/marekkuchcinski.pl\/wp-content\/uploads\/2022\/05\/213794065_morana-a-kerberus-aj-jpeg-1536x1086.jpg 1536w, https:\/\/marekkuchcinski.pl\/wp-content\/uploads\/2022\/05\/213794065_morana-a-kerberus-aj-jpeg-scaled.jpg 2048w, https:\/\/marekkuchcinski.pl\/wp-content\/uploads\/2022\/05\/213794065_morana-a-kerberus-aj-jpeg-18x12.jpg 18w\" sizes=\"(max-width: 1024px) 100vw, 1024px\" \/><\/a><\/figure>\n\n\n\n<figure class=\"wp-block-image size-large\"><a href=\"https:\/\/marekkuchcinski.pl\/wp-content\/uploads\/2022\/05\/213794065_morana-a-kerberus-j-jpeg-scaled.jpg\"><img loading=\"lazy\" decoding=\"async\" width=\"1024\" height=\"724\" src=\"https:\/\/marekkuchcinski.pl\/wp-content\/uploads\/2022\/05\/213794065_morana-a-kerberus-j-jpeg-1024x724.jpg\" alt=\"\" class=\"wp-image-24955\" srcset=\"https:\/\/marekkuchcinski.pl\/wp-content\/uploads\/2022\/05\/213794065_morana-a-kerberus-j-jpeg-1024x724.jpg 1024w, https:\/\/marekkuchcinski.pl\/wp-content\/uploads\/2022\/05\/213794065_morana-a-kerberus-j-jpeg-300x212.jpg 300w, https:\/\/marekkuchcinski.pl\/wp-content\/uploads\/2022\/05\/213794065_morana-a-kerberus-j-jpeg-768x543.jpg 768w, https:\/\/marekkuchcinski.pl\/wp-content\/uploads\/2022\/05\/213794065_morana-a-kerberus-j-jpeg-1536x1086.jpg 1536w, https:\/\/marekkuchcinski.pl\/wp-content\/uploads\/2022\/05\/213794065_morana-a-kerberus-j-jpeg-scaled.jpg 2048w, https:\/\/marekkuchcinski.pl\/wp-content\/uploads\/2022\/05\/213794065_morana-a-kerberus-j-jpeg-18x12.jpg 18w\" sizes=\"(max-width: 1024px) 100vw, 1024px\" \/><\/a><\/figure>\n\n\n\n<figure class=\"wp-block-image size-full\"><a href=\"https:\/\/marekkuchcinski.pl\/wp-content\/uploads\/2022\/05\/page-1-min.jpg\"><img loading=\"lazy\" decoding=\"async\" width=\"707\" height=\"1000\" src=\"https:\/\/marekkuchcinski.pl\/wp-content\/uploads\/2022\/05\/page-1-min.jpg\" alt=\"\" class=\"wp-image-24957\" srcset=\"https:\/\/marekkuchcinski.pl\/wp-content\/uploads\/2022\/05\/page-1-min.jpg 707w, https:\/\/marekkuchcinski.pl\/wp-content\/uploads\/2022\/05\/page-1-min-212x300.jpg 212w, https:\/\/marekkuchcinski.pl\/wp-content\/uploads\/2022\/05\/page-1-min-8x12.jpg 8w\" sizes=\"(max-width: 707px) 100vw, 707px\" \/><\/a><\/figure>\n\n\n\n<figure class=\"wp-block-image size-large\"><a href=\"https:\/\/marekkuchcinski.pl\/wp-content\/uploads\/2022\/05\/page-2-min.jpg\"><img loading=\"lazy\" decoding=\"async\" width=\"724\" height=\"1024\" src=\"https:\/\/marekkuchcinski.pl\/wp-content\/uploads\/2022\/05\/page-2-min-724x1024.jpg\" alt=\"\" class=\"wp-image-24958\" srcset=\"https:\/\/marekkuchcinski.pl\/wp-content\/uploads\/2022\/05\/page-2-min-724x1024.jpg 724w, https:\/\/marekkuchcinski.pl\/wp-content\/uploads\/2022\/05\/page-2-min-212x300.jpg 212w, https:\/\/marekkuchcinski.pl\/wp-content\/uploads\/2022\/05\/page-2-min-768x1086.jpg 768w, https:\/\/marekkuchcinski.pl\/wp-content\/uploads\/2022\/05\/page-2-min-8x12.jpg 8w, https:\/\/marekkuchcinski.pl\/wp-content\/uploads\/2022\/05\/page-2-min.jpg 1061w\" sizes=\"(max-width: 724px) 100vw, 724px\" \/><\/a><\/figure>\n\n\n\n<figure class=\"wp-block-image size-full\"><a href=\"https:\/\/marekkuchcinski.pl\/wp-content\/uploads\/2022\/05\/page-3-min.jpg\"><img loading=\"lazy\" decoding=\"async\" width=\"636\" height=\"900\" src=\"https:\/\/marekkuchcinski.pl\/wp-content\/uploads\/2022\/05\/page-3-min.jpg\" alt=\"\" class=\"wp-image-24959\" srcset=\"https:\/\/marekkuchcinski.pl\/wp-content\/uploads\/2022\/05\/page-3-min.jpg 636w, https:\/\/marekkuchcinski.pl\/wp-content\/uploads\/2022\/05\/page-3-min-212x300.jpg 212w, https:\/\/marekkuchcinski.pl\/wp-content\/uploads\/2022\/05\/page-3-min-8x12.jpg 8w\" sizes=\"(max-width: 636px) 100vw, 636px\" \/><\/a><\/figure>\n\n\n\n<figure class=\"wp-block-image size-full\"><a href=\"https:\/\/marekkuchcinski.pl\/wp-content\/uploads\/2022\/05\/page-4-min.jpg\"><img loading=\"lazy\" decoding=\"async\" width=\"707\" height=\"1000\" src=\"https:\/\/marekkuchcinski.pl\/wp-content\/uploads\/2022\/05\/page-4-min.jpg\" alt=\"\" class=\"wp-image-24960\" srcset=\"https:\/\/marekkuchcinski.pl\/wp-content\/uploads\/2022\/05\/page-4-min.jpg 707w, https:\/\/marekkuchcinski.pl\/wp-content\/uploads\/2022\/05\/page-4-min-212x300.jpg 212w, https:\/\/marekkuchcinski.pl\/wp-content\/uploads\/2022\/05\/page-4-min-8x12.jpg 8w\" sizes=\"(max-width: 707px) 100vw, 707px\" \/><\/a><\/figure>\n\n\n\n<figure class=\"wp-block-image size-full\"><a href=\"https:\/\/marekkuchcinski.pl\/wp-content\/uploads\/2022\/05\/page-5-min.jpg\"><img loading=\"lazy\" decoding=\"async\" width=\"707\" height=\"1000\" src=\"https:\/\/marekkuchcinski.pl\/wp-content\/uploads\/2022\/05\/page-5-min.jpg\" alt=\"\" class=\"wp-image-24961\" srcset=\"https:\/\/marekkuchcinski.pl\/wp-content\/uploads\/2022\/05\/page-5-min.jpg 707w, https:\/\/marekkuchcinski.pl\/wp-content\/uploads\/2022\/05\/page-5-min-212x300.jpg 212w, https:\/\/marekkuchcinski.pl\/wp-content\/uploads\/2022\/05\/page-5-min-8x12.jpg 8w\" sizes=\"(max-width: 707px) 100vw, 707px\" \/><\/a><\/figure>\n\n\n\n<figure class=\"wp-block-image size-large\"><a href=\"https:\/\/marekkuchcinski.pl\/wp-content\/uploads\/2022\/05\/page-6-min.jpg\"><img loading=\"lazy\" decoding=\"async\" width=\"724\" height=\"1024\" src=\"https:\/\/marekkuchcinski.pl\/wp-content\/uploads\/2022\/05\/page-6-min-724x1024.jpg\" alt=\"\" class=\"wp-image-24963\" srcset=\"https:\/\/marekkuchcinski.pl\/wp-content\/uploads\/2022\/05\/page-6-min-724x1024.jpg 724w, https:\/\/marekkuchcinski.pl\/wp-content\/uploads\/2022\/05\/page-6-min-212x300.jpg 212w, https:\/\/marekkuchcinski.pl\/wp-content\/uploads\/2022\/05\/page-6-min-768x1086.jpg 768w, https:\/\/marekkuchcinski.pl\/wp-content\/uploads\/2022\/05\/page-6-min-8x12.jpg 8w, https:\/\/marekkuchcinski.pl\/wp-content\/uploads\/2022\/05\/page-6-min.jpg 1061w\" sizes=\"(max-width: 724px) 100vw, 724px\" \/><\/a><\/figure>\n\n\n\n<figure class=\"wp-block-image size-large\"><a href=\"https:\/\/marekkuchcinski.pl\/wp-content\/uploads\/2022\/05\/page-7-min.jpg\"><img loading=\"lazy\" decoding=\"async\" width=\"724\" height=\"1024\" src=\"https:\/\/marekkuchcinski.pl\/wp-content\/uploads\/2022\/05\/page-7-min-724x1024.jpg\" alt=\"\" class=\"wp-image-24964\" srcset=\"https:\/\/marekkuchcinski.pl\/wp-content\/uploads\/2022\/05\/page-7-min-724x1024.jpg 724w, https:\/\/marekkuchcinski.pl\/wp-content\/uploads\/2022\/05\/page-7-min-212x300.jpg 212w, https:\/\/marekkuchcinski.pl\/wp-content\/uploads\/2022\/05\/page-7-min-768x1086.jpg 768w, https:\/\/marekkuchcinski.pl\/wp-content\/uploads\/2022\/05\/page-7-min-8x12.jpg 8w, https:\/\/marekkuchcinski.pl\/wp-content\/uploads\/2022\/05\/page-7-min.jpg 1061w\" sizes=\"(max-width: 724px) 100vw, 724px\" \/><\/a><\/figure>\n\n\n\n<figure class=\"wp-block-image size-large\"><a href=\"https:\/\/marekkuchcinski.pl\/wp-content\/uploads\/2022\/05\/page-8-min.jpg\"><img loading=\"lazy\" decoding=\"async\" width=\"724\" height=\"1024\" src=\"https:\/\/marekkuchcinski.pl\/wp-content\/uploads\/2022\/05\/page-8-min-724x1024.jpg\" alt=\"\" class=\"wp-image-24965\" srcset=\"https:\/\/marekkuchcinski.pl\/wp-content\/uploads\/2022\/05\/page-8-min-724x1024.jpg 724w, https:\/\/marekkuchcinski.pl\/wp-content\/uploads\/2022\/05\/page-8-min-212x300.jpg 212w, https:\/\/marekkuchcinski.pl\/wp-content\/uploads\/2022\/05\/page-8-min-768x1086.jpg 768w, https:\/\/marekkuchcinski.pl\/wp-content\/uploads\/2022\/05\/page-8-min-8x12.jpg 8w, https:\/\/marekkuchcinski.pl\/wp-content\/uploads\/2022\/05\/page-8-min.jpg 1061w\" sizes=\"(max-width: 724px) 100vw, 724px\" \/><\/a><\/figure>\n\n\n\n<figure class=\"wp-block-image size-large\"><a href=\"https:\/\/marekkuchcinski.pl\/wp-content\/uploads\/2022\/05\/1.jpg\"><img loading=\"lazy\" decoding=\"async\" width=\"724\" height=\"1024\" src=\"https:\/\/marekkuchcinski.pl\/wp-content\/uploads\/2022\/05\/1-724x1024.jpg\" alt=\"\" class=\"wp-image-24863\" srcset=\"https:\/\/marekkuchcinski.pl\/wp-content\/uploads\/2022\/05\/1-724x1024.jpg 724w, https:\/\/marekkuchcinski.pl\/wp-content\/uploads\/2022\/05\/1-212x300.jpg 212w, https:\/\/marekkuchcinski.pl\/wp-content\/uploads\/2022\/05\/1-768x1086.jpg 768w, https:\/\/marekkuchcinski.pl\/wp-content\/uploads\/2022\/05\/1-8x12.jpg 8w, https:\/\/marekkuchcinski.pl\/wp-content\/uploads\/2022\/05\/1.jpg 905w\" sizes=\"(max-width: 724px) 100vw, 724px\" \/><\/a><\/figure>\n\n\n\n<figure class=\"wp-block-image size-full is-resized\"><a href=\"https:\/\/marekkuchcinski.pl\/wp-content\/uploads\/2022\/05\/page-9-min.jpg\"><img loading=\"lazy\" decoding=\"async\" src=\"https:\/\/marekkuchcinski.pl\/wp-content\/uploads\/2022\/05\/page-9-min.jpg\" alt=\"\" class=\"wp-image-24966\" width=\"708\" height=\"1002\" srcset=\"https:\/\/marekkuchcinski.pl\/wp-content\/uploads\/2022\/05\/page-9-min.jpg 707w, https:\/\/marekkuchcinski.pl\/wp-content\/uploads\/2022\/05\/page-9-min-212x300.jpg 212w, https:\/\/marekkuchcinski.pl\/wp-content\/uploads\/2022\/05\/page-9-min-8x12.jpg 8w\" sizes=\"(max-width: 708px) 100vw, 708px\" \/><\/a><\/figure>\n\n\n\n<figure class=\"wp-block-image size-large\"><a href=\"https:\/\/marekkuchcinski.pl\/wp-content\/uploads\/2022\/05\/pagina-1-jpeg-scaled.jpg\"><img loading=\"lazy\" decoding=\"async\" width=\"724\" height=\"1024\" src=\"https:\/\/marekkuchcinski.pl\/wp-content\/uploads\/2022\/05\/pagina-1-jpeg-724x1024.jpg\" alt=\"\" class=\"wp-image-24967\" srcset=\"https:\/\/marekkuchcinski.pl\/wp-content\/uploads\/2022\/05\/pagina-1-jpeg-724x1024.jpg 724w, https:\/\/marekkuchcinski.pl\/wp-content\/uploads\/2022\/05\/pagina-1-jpeg-212x300.jpg 212w, https:\/\/marekkuchcinski.pl\/wp-content\/uploads\/2022\/05\/pagina-1-jpeg-768x1086.jpg 768w, https:\/\/marekkuchcinski.pl\/wp-content\/uploads\/2022\/05\/pagina-1-jpeg-1086x1536.jpg 1086w, https:\/\/marekkuchcinski.pl\/wp-content\/uploads\/2022\/05\/pagina-1-jpeg-scaled.jpg 1448w, https:\/\/marekkuchcinski.pl\/wp-content\/uploads\/2022\/05\/pagina-1-jpeg-8x12.jpg 8w\" sizes=\"(max-width: 724px) 100vw, 724px\" \/><\/a><\/figure>\n\n\n\n<figure class=\"wp-block-image size-large\"><a href=\"https:\/\/marekkuchcinski.pl\/wp-content\/uploads\/2022\/05\/pagina-2-jpeg.jpg\"><img loading=\"lazy\" decoding=\"async\" width=\"724\" height=\"1024\" src=\"https:\/\/marekkuchcinski.pl\/wp-content\/uploads\/2022\/05\/pagina-2-jpeg-724x1024.jpg\" alt=\"\" class=\"wp-image-24968\" srcset=\"https:\/\/marekkuchcinski.pl\/wp-content\/uploads\/2022\/05\/pagina-2-jpeg-724x1024.jpg 724w, https:\/\/marekkuchcinski.pl\/wp-content\/uploads\/2022\/05\/pagina-2-jpeg-212x300.jpg 212w, https:\/\/marekkuchcinski.pl\/wp-content\/uploads\/2022\/05\/pagina-2-jpeg-768x1086.jpg 768w, https:\/\/marekkuchcinski.pl\/wp-content\/uploads\/2022\/05\/pagina-2-jpeg-1086x1536.jpg 1086w, https:\/\/marekkuchcinski.pl\/wp-content\/uploads\/2022\/05\/pagina-2-jpeg-8x12.jpg 8w, https:\/\/marekkuchcinski.pl\/wp-content\/uploads\/2022\/05\/pagina-2-jpeg.jpg 1170w\" sizes=\"(max-width: 724px) 100vw, 724px\" \/><\/a><\/figure>\n\n\n\n<figure class=\"wp-block-image size-large\"><a href=\"https:\/\/marekkuchcinski.pl\/wp-content\/uploads\/2022\/05\/pagina-3-jpeg.jpg\"><img loading=\"lazy\" decoding=\"async\" width=\"724\" height=\"1024\" src=\"https:\/\/marekkuchcinski.pl\/wp-content\/uploads\/2022\/05\/pagina-3-jpeg-724x1024.jpg\" alt=\"\" class=\"wp-image-24969\" srcset=\"https:\/\/marekkuchcinski.pl\/wp-content\/uploads\/2022\/05\/pagina-3-jpeg-724x1024.jpg 724w, https:\/\/marekkuchcinski.pl\/wp-content\/uploads\/2022\/05\/pagina-3-jpeg-212x300.jpg 212w, https:\/\/marekkuchcinski.pl\/wp-content\/uploads\/2022\/05\/pagina-3-jpeg-768x1086.jpg 768w, https:\/\/marekkuchcinski.pl\/wp-content\/uploads\/2022\/05\/pagina-3-jpeg-1086x1536.jpg 1086w, https:\/\/marekkuchcinski.pl\/wp-content\/uploads\/2022\/05\/pagina-3-jpeg-8x12.jpg 8w, https:\/\/marekkuchcinski.pl\/wp-content\/uploads\/2022\/05\/pagina-3-jpeg.jpg 1170w\" sizes=\"(max-width: 724px) 100vw, 724px\" \/><\/a><\/figure>\n\n\n\n<figure class=\"wp-block-image size-large\"><a href=\"https:\/\/marekkuchcinski.pl\/wp-content\/uploads\/2022\/05\/pagina-4-jpeg.jpg\"><img loading=\"lazy\" decoding=\"async\" width=\"725\" height=\"1024\" src=\"https:\/\/marekkuchcinski.pl\/wp-content\/uploads\/2022\/05\/pagina-4-jpeg-725x1024.jpg\" alt=\"\" class=\"wp-image-24970\" srcset=\"https:\/\/marekkuchcinski.pl\/wp-content\/uploads\/2022\/05\/pagina-4-jpeg-725x1024.jpg 725w, https:\/\/marekkuchcinski.pl\/wp-content\/uploads\/2022\/05\/pagina-4-jpeg-212x300.jpg 212w, https:\/\/marekkuchcinski.pl\/wp-content\/uploads\/2022\/05\/pagina-4-jpeg-768x1085.jpg 768w, https:\/\/marekkuchcinski.pl\/wp-content\/uploads\/2022\/05\/pagina-4-jpeg-1088x1536.jpg 1088w, https:\/\/marekkuchcinski.pl\/wp-content\/uploads\/2022\/05\/pagina-4-jpeg-8x12.jpg 8w, https:\/\/marekkuchcinski.pl\/wp-content\/uploads\/2022\/05\/pagina-4-jpeg.jpg 1172w\" sizes=\"(max-width: 725px) 100vw, 725px\" \/><\/a><\/figure>\n\n\n\n<figure class=\"wp-block-image size-large\"><a href=\"https:\/\/marekkuchcinski.pl\/wp-content\/uploads\/2022\/05\/pagina-5-jpeg.jpg\"><img loading=\"lazy\" decoding=\"async\" width=\"724\" height=\"1024\" src=\"https:\/\/marekkuchcinski.pl\/wp-content\/uploads\/2022\/05\/pagina-5-jpeg-724x1024.jpg\" alt=\"\" class=\"wp-image-24971\" srcset=\"https:\/\/marekkuchcinski.pl\/wp-content\/uploads\/2022\/05\/pagina-5-jpeg-724x1024.jpg 724w, https:\/\/marekkuchcinski.pl\/wp-content\/uploads\/2022\/05\/pagina-5-jpeg-212x300.jpg 212w, https:\/\/marekkuchcinski.pl\/wp-content\/uploads\/2022\/05\/pagina-5-jpeg-768x1086.jpg 768w, https:\/\/marekkuchcinski.pl\/wp-content\/uploads\/2022\/05\/pagina-5-jpeg-1086x1536.jpg 1086w, https:\/\/marekkuchcinski.pl\/wp-content\/uploads\/2022\/05\/pagina-5-jpeg-8x12.jpg 8w, https:\/\/marekkuchcinski.pl\/wp-content\/uploads\/2022\/05\/pagina-5-jpeg.jpg 1170w\" sizes=\"(max-width: 724px) 100vw, 724px\" \/><\/a><\/figure>\n\n\n\n<figure class=\"wp-block-image size-large\"><a href=\"https:\/\/marekkuchcinski.pl\/wp-content\/uploads\/2022\/05\/pagina-6-romana.jpg\"><img loading=\"lazy\" decoding=\"async\" width=\"724\" height=\"1024\" src=\"https:\/\/marekkuchcinski.pl\/wp-content\/uploads\/2022\/05\/pagina-6-romana-724x1024.jpg\" alt=\"\" class=\"wp-image-24972\" srcset=\"https:\/\/marekkuchcinski.pl\/wp-content\/uploads\/2022\/05\/pagina-6-romana-724x1024.jpg 724w, https:\/\/marekkuchcinski.pl\/wp-content\/uploads\/2022\/05\/pagina-6-romana-212x300.jpg 212w, https:\/\/marekkuchcinski.pl\/wp-content\/uploads\/2022\/05\/pagina-6-romana-768x1086.jpg 768w, https:\/\/marekkuchcinski.pl\/wp-content\/uploads\/2022\/05\/pagina-6-romana-1086x1536.jpg 1086w, https:\/\/marekkuchcinski.pl\/wp-content\/uploads\/2022\/05\/pagina-6-romana-8x12.jpg 8w, https:\/\/marekkuchcinski.pl\/wp-content\/uploads\/2022\/05\/pagina-6-romana.jpg 1170w\" sizes=\"(max-width: 724px) 100vw, 724px\" \/><\/a><\/figure>\n\n\n\n<figure class=\"wp-block-image size-large\"><a href=\"https:\/\/marekkuchcinski.pl\/wp-content\/uploads\/2022\/05\/2.jpg\"><img loading=\"lazy\" decoding=\"async\" width=\"724\" height=\"1024\" src=\"https:\/\/marekkuchcinski.pl\/wp-content\/uploads\/2022\/05\/2-724x1024.jpg\" alt=\"\" class=\"wp-image-24864\" srcset=\"https:\/\/marekkuchcinski.pl\/wp-content\/uploads\/2022\/05\/2-724x1024.jpg 724w, https:\/\/marekkuchcinski.pl\/wp-content\/uploads\/2022\/05\/2-212x300.jpg 212w, https:\/\/marekkuchcinski.pl\/wp-content\/uploads\/2022\/05\/2-768x1086.jpg 768w, https:\/\/marekkuchcinski.pl\/wp-content\/uploads\/2022\/05\/2-8x12.jpg 8w, https:\/\/marekkuchcinski.pl\/wp-content\/uploads\/2022\/05\/2.jpg 905w\" sizes=\"(max-width: 724px) 100vw, 724px\" \/><\/a><\/figure>\n\n\n\n<figure class=\"wp-block-image size-large\"><a href=\"https:\/\/marekkuchcinski.pl\/wp-content\/uploads\/2022\/05\/3.jpg\"><img loading=\"lazy\" decoding=\"async\" width=\"724\" height=\"1024\" src=\"https:\/\/marekkuchcinski.pl\/wp-content\/uploads\/2022\/05\/3-724x1024.jpg\" alt=\"\" class=\"wp-image-24865\" srcset=\"https:\/\/marekkuchcinski.pl\/wp-content\/uploads\/2022\/05\/3-724x1024.jpg 724w, https:\/\/marekkuchcinski.pl\/wp-content\/uploads\/2022\/05\/3-212x300.jpg 212w, https:\/\/marekkuchcinski.pl\/wp-content\/uploads\/2022\/05\/3-768x1086.jpg 768w, https:\/\/marekkuchcinski.pl\/wp-content\/uploads\/2022\/05\/3-8x12.jpg 8w, https:\/\/marekkuchcinski.pl\/wp-content\/uploads\/2022\/05\/3.jpg 905w\" sizes=\"(max-width: 724px) 100vw, 724px\" \/><\/a><\/figure>\n\n\n\n<figure class=\"wp-block-image size-large\"><a href=\"https:\/\/marekkuchcinski.pl\/wp-content\/uploads\/2022\/05\/4.jpg\"><img loading=\"lazy\" decoding=\"async\" width=\"905\" height=\"1280\" src=\"https:\/\/marekkuchcinski.pl\/wp-content\/uploads\/2022\/05\/4-724x1024.jpg\" alt=\"\" class=\"wp-image-24866\" srcset=\"https:\/\/marekkuchcinski.pl\/wp-content\/uploads\/2022\/05\/4-724x1024.jpg 724w, https:\/\/marekkuchcinski.pl\/wp-content\/uploads\/2022\/05\/4-212x300.jpg 212w, https:\/\/marekkuchcinski.pl\/wp-content\/uploads\/2022\/05\/4-768x1086.jpg 768w, https:\/\/marekkuchcinski.pl\/wp-content\/uploads\/2022\/05\/4-8x12.jpg 8w, https:\/\/marekkuchcinski.pl\/wp-content\/uploads\/2022\/05\/4.jpg 905w\" sizes=\"(max-width: 905px) 100vw, 905px\" \/><\/a><\/figure>","protected":false},"excerpt":{"rendered":"<p>\u00cen cadrul conferin\u021bei Europa Karpaty de la Krasiczyn (13-14 mai) au fost premia\u021bi autorii lucr\u0103rilor selectate de Sejm \u0219i de Cancelaria primului ministru. Concursul \"Legendele Podkarpaciei\" face parte din ini\u021biativa Digital Carpathian Europe, implementat\u0103 de Cancelaria Sejm-ului \u00eempreun\u0103 cu Centrul GovTech din cadrul Cancelariei Primului Ministru. Scopul concursului este de a dezvolta competen\u021bele digitale \u00een r\u00e2ndul tinerilor, de a-i interesa s\u0103 ob\u021bin\u0103 calific\u0103ri \u00een domeniul graficii pe calculator \u0219i de a promova cultura regiunii [...]<\/p>","protected":false},"author":21,"featured_media":24975,"comment_status":"open","ping_status":"open","sticky":false,"template":"","format":"standard","meta":{"ngg_post_thumbnail":0,"footnotes":""},"categories":[78,50,3],"tags":[],"class_list":["post-24862","post","type-post","status-publish","format-standard","has-post-thumbnail","hentry","category-europa-karpat","category-wspolpraca-miedzynarodowa","category-wydarzenia"],"yoast_head":"<!-- This site is optimized with the Yoast SEO plugin v24.7 - https:\/\/yoast.com\/wordpress\/plugins\/seo\/ -->\n<title>Legendy Podkarpacia zakl\u0119te w komiks. Europa Karpat otwiera si\u0119 na m\u0142odych artyst\u00f3w &#8211; Marek Kuchci\u0144ski<\/title>\n<meta name=\"robots\" content=\"index, follow, max-snippet:-1, max-image-preview:large, max-video-preview:-1\" \/>\n<link rel=\"canonical\" href=\"https:\/\/marekkuchcinski.pl\/ro\/europa-karpat\/legendy-podkarpacia-zaklete-w-komiks-europa-karpat-otwiera-sie-na-mlodych-artystow\/\" \/>\n<meta property=\"og:locale\" content=\"ro_RO\" \/>\n<meta property=\"og:type\" content=\"article\" \/>\n<meta property=\"og:title\" content=\"Legendy Podkarpacia zakl\u0119te w komiks. Europa Karpat otwiera si\u0119 na m\u0142odych artyst\u00f3w &#8211; Marek Kuchci\u0144ski\" \/>\n<meta property=\"og:description\" content=\"Podczas konferencji Europa Karpat w Krasiczynie (13-14 maja) nagrodzono autor\u00f3w wybranych przez Sejm i KPRM prac. Konkurs&nbsp;\u201cLegendy Podkarpacia\u201d&nbsp;to cz\u0119\u015b\u0107 inicjatywy&nbsp;Cyfrowa Europa Karpat&nbsp;realizowanej przez Kancelari\u0119 Sejmu razem z Centrum GovTech w Kancelarii Prezesa Rady Ministr\u00f3w. Celem konkursu jest rozwijanie w\u015br\u00f3d m\u0142odych ludzi kompetencji cyfrowych, zainteresowanie ich zdobywaniem kwalifikacji z zakresu grafiki komputerowej oraz promowanie kultury regionu [&hellip;]\" \/>\n<meta property=\"og:url\" content=\"https:\/\/marekkuchcinski.pl\/ro\/europa-karpat\/legendy-podkarpacia-zaklete-w-komiks-europa-karpat-otwiera-sie-na-mlodych-artystow\/\" \/>\n<meta property=\"og:site_name\" content=\"Marek Kuchci\u0144ski\" \/>\n<meta property=\"article:published_time\" content=\"2022-05-18T08:21:58+00:00\" \/>\n<meta property=\"article:modified_time\" content=\"2022-05-18T09:33:48+00:00\" \/>\n<meta property=\"og:image\" content=\"https:\/\/marekkuchcinski.pl\/wp-content\/uploads\/2022\/05\/kom-scaled.jpg\" \/>\n\t<meta property=\"og:image:width\" content=\"2048\" \/>\n\t<meta property=\"og:image:height\" content=\"1592\" \/>\n\t<meta property=\"og:image:type\" content=\"image\/jpeg\" \/>\n<meta name=\"author\" content=\"Marta Olejnik\" \/>\n<meta name=\"twitter:card\" content=\"summary_large_image\" \/>\n<meta name=\"twitter:label1\" content=\"Scris de\" \/>\n\t<meta name=\"twitter:data1\" content=\"Marta Olejnik\" \/>\n\t<meta name=\"twitter:label2\" content=\"Timp estimat pentru citire\" \/>\n\t<meta name=\"twitter:data2\" content=\"7 minutes\" \/>\n<script type=\"application\/ld+json\" class=\"yoast-schema-graph\">{\"@context\":\"https:\/\/schema.org\",\"@graph\":[{\"@type\":\"Article\",\"@id\":\"https:\/\/marekkuchcinski.pl\/ro\/europa-karpat\/legendy-podkarpacia-zaklete-w-komiks-europa-karpat-otwiera-sie-na-mlodych-artystow\/#article\",\"isPartOf\":{\"@id\":\"https:\/\/marekkuchcinski.pl\/ro\/europa-karpat\/legendy-podkarpacia-zaklete-w-komiks-europa-karpat-otwiera-sie-na-mlodych-artystow\/\"},\"author\":{\"name\":\"Marta Olejnik\",\"@id\":\"https:\/\/marekkuchcinski.pl\/#\/schema\/person\/51d5d4ee3b5317b8e4dd2b48af359229\"},\"headline\":\"Legendy Podkarpacia zakl\u0119te w komiks. Europa Karpat otwiera si\u0119 na m\u0142odych artyst\u00f3w\",\"datePublished\":\"2022-05-18T08:21:58+00:00\",\"dateModified\":\"2022-05-18T09:33:48+00:00\",\"mainEntityOfPage\":{\"@id\":\"https:\/\/marekkuchcinski.pl\/ro\/europa-karpat\/legendy-podkarpacia-zaklete-w-komiks-europa-karpat-otwiera-sie-na-mlodych-artystow\/\"},\"wordCount\":241,\"commentCount\":0,\"publisher\":{\"@id\":\"https:\/\/marekkuchcinski.pl\/#organization\"},\"image\":{\"@id\":\"https:\/\/marekkuchcinski.pl\/ro\/europa-karpat\/legendy-podkarpacia-zaklete-w-komiks-europa-karpat-otwiera-sie-na-mlodych-artystow\/#primaryimage\"},\"thumbnailUrl\":\"https:\/\/marekkuchcinski.pl\/wp-content\/uploads\/2022\/05\/kom-scaled.jpg\",\"articleSection\":[\"Europa Karpat\",\"Wsp\u00f3\u0142praca mi\u0119dzynarodowa\",\"Wydarzenia\"],\"inLanguage\":\"ro-RO\",\"potentialAction\":[{\"@type\":\"CommentAction\",\"name\":\"Comment\",\"target\":[\"https:\/\/marekkuchcinski.pl\/ro\/europa-karpat\/legendy-podkarpacia-zaklete-w-komiks-europa-karpat-otwiera-sie-na-mlodych-artystow\/#respond\"]}]},{\"@type\":\"WebPage\",\"@id\":\"https:\/\/marekkuchcinski.pl\/ro\/europa-karpat\/legendy-podkarpacia-zaklete-w-komiks-europa-karpat-otwiera-sie-na-mlodych-artystow\/\",\"url\":\"https:\/\/marekkuchcinski.pl\/ro\/europa-karpat\/legendy-podkarpacia-zaklete-w-komiks-europa-karpat-otwiera-sie-na-mlodych-artystow\/\",\"name\":\"Legendy Podkarpacia zakl\u0119te w komiks. Europa Karpat otwiera si\u0119 na m\u0142odych artyst\u00f3w &#8211; Marek Kuchci\u0144ski\",\"isPartOf\":{\"@id\":\"https:\/\/marekkuchcinski.pl\/#website\"},\"primaryImageOfPage\":{\"@id\":\"https:\/\/marekkuchcinski.pl\/ro\/europa-karpat\/legendy-podkarpacia-zaklete-w-komiks-europa-karpat-otwiera-sie-na-mlodych-artystow\/#primaryimage\"},\"image\":{\"@id\":\"https:\/\/marekkuchcinski.pl\/ro\/europa-karpat\/legendy-podkarpacia-zaklete-w-komiks-europa-karpat-otwiera-sie-na-mlodych-artystow\/#primaryimage\"},\"thumbnailUrl\":\"https:\/\/marekkuchcinski.pl\/wp-content\/uploads\/2022\/05\/kom-scaled.jpg\",\"datePublished\":\"2022-05-18T08:21:58+00:00\",\"dateModified\":\"2022-05-18T09:33:48+00:00\",\"breadcrumb\":{\"@id\":\"https:\/\/marekkuchcinski.pl\/ro\/europa-karpat\/legendy-podkarpacia-zaklete-w-komiks-europa-karpat-otwiera-sie-na-mlodych-artystow\/#breadcrumb\"},\"inLanguage\":\"ro-RO\",\"potentialAction\":[{\"@type\":\"ReadAction\",\"target\":[\"https:\/\/marekkuchcinski.pl\/ro\/europa-karpat\/legendy-podkarpacia-zaklete-w-komiks-europa-karpat-otwiera-sie-na-mlodych-artystow\/\"]}]},{\"@type\":\"ImageObject\",\"inLanguage\":\"ro-RO\",\"@id\":\"https:\/\/marekkuchcinski.pl\/ro\/europa-karpat\/legendy-podkarpacia-zaklete-w-komiks-europa-karpat-otwiera-sie-na-mlodych-artystow\/#primaryimage\",\"url\":\"https:\/\/marekkuchcinski.pl\/wp-content\/uploads\/2022\/05\/kom-scaled.jpg\",\"contentUrl\":\"https:\/\/marekkuchcinski.pl\/wp-content\/uploads\/2022\/05\/kom-scaled.jpg\",\"width\":2048,\"height\":1592},{\"@type\":\"BreadcrumbList\",\"@id\":\"https:\/\/marekkuchcinski.pl\/ro\/europa-karpat\/legendy-podkarpacia-zaklete-w-komiks-europa-karpat-otwiera-sie-na-mlodych-artystow\/#breadcrumb\",\"itemListElement\":[{\"@type\":\"ListItem\",\"position\":1,\"name\":\"Strona g\u0142\u00f3wna\",\"item\":\"https:\/\/marekkuchcinski.pl\/\"},{\"@type\":\"ListItem\",\"position\":2,\"name\":\"Legendy Podkarpacia zakl\u0119te w komiks. Europa Karpat otwiera si\u0119 na m\u0142odych artyst\u00f3w\"}]},{\"@type\":\"WebSite\",\"@id\":\"https:\/\/marekkuchcinski.pl\/#website\",\"url\":\"https:\/\/marekkuchcinski.pl\/\",\"name\":\"Marek Kuchci\u0144ski\",\"description\":\"Pose\u0142 na sejm RP &ndash; okr\u0119g nr 22\",\"publisher\":{\"@id\":\"https:\/\/marekkuchcinski.pl\/#organization\"},\"potentialAction\":[{\"@type\":\"SearchAction\",\"target\":{\"@type\":\"EntryPoint\",\"urlTemplate\":\"https:\/\/marekkuchcinski.pl\/?s={search_term_string}\"},\"query-input\":{\"@type\":\"PropertyValueSpecification\",\"valueRequired\":true,\"valueName\":\"search_term_string\"}}],\"inLanguage\":\"ro-RO\"},{\"@type\":\"Organization\",\"@id\":\"https:\/\/marekkuchcinski.pl\/#organization\",\"name\":\"Marek Kuchci\u0144ski\",\"url\":\"https:\/\/marekkuchcinski.pl\/\",\"logo\":{\"@type\":\"ImageObject\",\"inLanguage\":\"ro-RO\",\"@id\":\"https:\/\/marekkuchcinski.pl\/#\/schema\/logo\/image\/\",\"url\":\"https:\/\/marekkuchcinski.pl\/wp-content\/uploads\/2022\/09\/Marek.jpg\",\"contentUrl\":\"https:\/\/marekkuchcinski.pl\/wp-content\/uploads\/2022\/09\/Marek.jpg\",\"width\":1600,\"height\":971,\"caption\":\"Marek Kuchci\u0144ski\"},\"image\":{\"@id\":\"https:\/\/marekkuchcinski.pl\/#\/schema\/logo\/image\/\"}},{\"@type\":\"Person\",\"@id\":\"https:\/\/marekkuchcinski.pl\/#\/schema\/person\/51d5d4ee3b5317b8e4dd2b48af359229\",\"name\":\"Marta Olejnik\",\"image\":{\"@type\":\"ImageObject\",\"inLanguage\":\"ro-RO\",\"@id\":\"https:\/\/marekkuchcinski.pl\/#\/schema\/person\/image\/\",\"url\":\"https:\/\/secure.gravatar.com\/avatar\/e39914b2aa6a48959e24d475b5dc9793?s=96&d=mm&r=g\",\"contentUrl\":\"https:\/\/secure.gravatar.com\/avatar\/e39914b2aa6a48959e24d475b5dc9793?s=96&d=mm&r=g\",\"caption\":\"Marta Olejnik\"},\"url\":\"https:\/\/marekkuchcinski.pl\/ro\/author\/marta\/\"}]}<\/script>\n<!-- \/ Yoast SEO plugin. -->","yoast_head_json":{"title":"Legendy Podkarpacia zakl\u0119te w komiks. Europa Karpat otwiera si\u0119 na m\u0142odych artyst\u00f3w &#8211; Marek Kuchci\u0144ski","robots":{"index":"index","follow":"follow","max-snippet":"max-snippet:-1","max-image-preview":"max-image-preview:large","max-video-preview":"max-video-preview:-1"},"canonical":"https:\/\/marekkuchcinski.pl\/ro\/europa-karpat\/legendy-podkarpacia-zaklete-w-komiks-europa-karpat-otwiera-sie-na-mlodych-artystow\/","og_locale":"ro_RO","og_type":"article","og_title":"Legendy Podkarpacia zakl\u0119te w komiks. Europa Karpat otwiera si\u0119 na m\u0142odych artyst\u00f3w &#8211; Marek Kuchci\u0144ski","og_description":"Podczas konferencji Europa Karpat w Krasiczynie (13-14 maja) nagrodzono autor\u00f3w wybranych przez Sejm i KPRM prac. Konkurs&nbsp;\u201cLegendy Podkarpacia\u201d&nbsp;to cz\u0119\u015b\u0107 inicjatywy&nbsp;Cyfrowa Europa Karpat&nbsp;realizowanej przez Kancelari\u0119 Sejmu razem z Centrum GovTech w Kancelarii Prezesa Rady Ministr\u00f3w. Celem konkursu jest rozwijanie w\u015br\u00f3d m\u0142odych ludzi kompetencji cyfrowych, zainteresowanie ich zdobywaniem kwalifikacji z zakresu grafiki komputerowej oraz promowanie kultury regionu [&hellip;]","og_url":"https:\/\/marekkuchcinski.pl\/ro\/europa-karpat\/legendy-podkarpacia-zaklete-w-komiks-europa-karpat-otwiera-sie-na-mlodych-artystow\/","og_site_name":"Marek Kuchci\u0144ski","article_published_time":"2022-05-18T08:21:58+00:00","article_modified_time":"2022-05-18T09:33:48+00:00","og_image":[{"width":2048,"height":1592,"url":"https:\/\/marekkuchcinski.pl\/wp-content\/uploads\/2022\/05\/kom-scaled.jpg","type":"image\/jpeg"}],"author":"Marta Olejnik","twitter_card":"summary_large_image","twitter_misc":{"Scris de":"Marta Olejnik","Timp estimat pentru citire":"7 minutes"},"schema":{"@context":"https:\/\/schema.org","@graph":[{"@type":"Article","@id":"https:\/\/marekkuchcinski.pl\/ro\/europa-karpat\/legendy-podkarpacia-zaklete-w-komiks-europa-karpat-otwiera-sie-na-mlodych-artystow\/#article","isPartOf":{"@id":"https:\/\/marekkuchcinski.pl\/ro\/europa-karpat\/legendy-podkarpacia-zaklete-w-komiks-europa-karpat-otwiera-sie-na-mlodych-artystow\/"},"author":{"name":"Marta Olejnik","@id":"https:\/\/marekkuchcinski.pl\/#\/schema\/person\/51d5d4ee3b5317b8e4dd2b48af359229"},"headline":"Legendy Podkarpacia zakl\u0119te w komiks. Europa Karpat otwiera si\u0119 na m\u0142odych artyst\u00f3w","datePublished":"2022-05-18T08:21:58+00:00","dateModified":"2022-05-18T09:33:48+00:00","mainEntityOfPage":{"@id":"https:\/\/marekkuchcinski.pl\/ro\/europa-karpat\/legendy-podkarpacia-zaklete-w-komiks-europa-karpat-otwiera-sie-na-mlodych-artystow\/"},"wordCount":241,"commentCount":0,"publisher":{"@id":"https:\/\/marekkuchcinski.pl\/#organization"},"image":{"@id":"https:\/\/marekkuchcinski.pl\/ro\/europa-karpat\/legendy-podkarpacia-zaklete-w-komiks-europa-karpat-otwiera-sie-na-mlodych-artystow\/#primaryimage"},"thumbnailUrl":"https:\/\/marekkuchcinski.pl\/wp-content\/uploads\/2022\/05\/kom-scaled.jpg","articleSection":["Europa Karpat","Wsp\u00f3\u0142praca mi\u0119dzynarodowa","Wydarzenia"],"inLanguage":"ro-RO","potentialAction":[{"@type":"CommentAction","name":"Comment","target":["https:\/\/marekkuchcinski.pl\/ro\/europa-karpat\/legendy-podkarpacia-zaklete-w-komiks-europa-karpat-otwiera-sie-na-mlodych-artystow\/#respond"]}]},{"@type":"WebPage","@id":"https:\/\/marekkuchcinski.pl\/ro\/europa-karpat\/legendy-podkarpacia-zaklete-w-komiks-europa-karpat-otwiera-sie-na-mlodych-artystow\/","url":"https:\/\/marekkuchcinski.pl\/ro\/europa-karpat\/legendy-podkarpacia-zaklete-w-komiks-europa-karpat-otwiera-sie-na-mlodych-artystow\/","name":"Legendy Podkarpacia zakl\u0119te w komiks. Europa Karpat otwiera si\u0119 na m\u0142odych artyst\u00f3w &#8211; Marek Kuchci\u0144ski","isPartOf":{"@id":"https:\/\/marekkuchcinski.pl\/#website"},"primaryImageOfPage":{"@id":"https:\/\/marekkuchcinski.pl\/ro\/europa-karpat\/legendy-podkarpacia-zaklete-w-komiks-europa-karpat-otwiera-sie-na-mlodych-artystow\/#primaryimage"},"image":{"@id":"https:\/\/marekkuchcinski.pl\/ro\/europa-karpat\/legendy-podkarpacia-zaklete-w-komiks-europa-karpat-otwiera-sie-na-mlodych-artystow\/#primaryimage"},"thumbnailUrl":"https:\/\/marekkuchcinski.pl\/wp-content\/uploads\/2022\/05\/kom-scaled.jpg","datePublished":"2022-05-18T08:21:58+00:00","dateModified":"2022-05-18T09:33:48+00:00","breadcrumb":{"@id":"https:\/\/marekkuchcinski.pl\/ro\/europa-karpat\/legendy-podkarpacia-zaklete-w-komiks-europa-karpat-otwiera-sie-na-mlodych-artystow\/#breadcrumb"},"inLanguage":"ro-RO","potentialAction":[{"@type":"ReadAction","target":["https:\/\/marekkuchcinski.pl\/ro\/europa-karpat\/legendy-podkarpacia-zaklete-w-komiks-europa-karpat-otwiera-sie-na-mlodych-artystow\/"]}]},{"@type":"ImageObject","inLanguage":"ro-RO","@id":"https:\/\/marekkuchcinski.pl\/ro\/europa-karpat\/legendy-podkarpacia-zaklete-w-komiks-europa-karpat-otwiera-sie-na-mlodych-artystow\/#primaryimage","url":"https:\/\/marekkuchcinski.pl\/wp-content\/uploads\/2022\/05\/kom-scaled.jpg","contentUrl":"https:\/\/marekkuchcinski.pl\/wp-content\/uploads\/2022\/05\/kom-scaled.jpg","width":2048,"height":1592},{"@type":"BreadcrumbList","@id":"https:\/\/marekkuchcinski.pl\/ro\/europa-karpat\/legendy-podkarpacia-zaklete-w-komiks-europa-karpat-otwiera-sie-na-mlodych-artystow\/#breadcrumb","itemListElement":[{"@type":"ListItem","position":1,"name":"Strona g\u0142\u00f3wna","item":"https:\/\/marekkuchcinski.pl\/"},{"@type":"ListItem","position":2,"name":"Legendy Podkarpacia zakl\u0119te w komiks. Europa Karpat otwiera si\u0119 na m\u0142odych artyst\u00f3w"}]},{"@type":"WebSite","@id":"https:\/\/marekkuchcinski.pl\/#website","url":"https:\/\/marekkuchcinski.pl\/","name":"Marek Kuchci\u0144ski","description":"Pose\u0142 na sejm RP &ndash; okr\u0119g nr 22","publisher":{"@id":"https:\/\/marekkuchcinski.pl\/#organization"},"potentialAction":[{"@type":"SearchAction","target":{"@type":"EntryPoint","urlTemplate":"https:\/\/marekkuchcinski.pl\/?s={search_term_string}"},"query-input":{"@type":"PropertyValueSpecification","valueRequired":true,"valueName":"search_term_string"}}],"inLanguage":"ro-RO"},{"@type":"Organization","@id":"https:\/\/marekkuchcinski.pl\/#organization","name":"Marek Kuchci\u0144ski","url":"https:\/\/marekkuchcinski.pl\/","logo":{"@type":"ImageObject","inLanguage":"ro-RO","@id":"https:\/\/marekkuchcinski.pl\/#\/schema\/logo\/image\/","url":"https:\/\/marekkuchcinski.pl\/wp-content\/uploads\/2022\/09\/Marek.jpg","contentUrl":"https:\/\/marekkuchcinski.pl\/wp-content\/uploads\/2022\/09\/Marek.jpg","width":1600,"height":971,"caption":"Marek Kuchci\u0144ski"},"image":{"@id":"https:\/\/marekkuchcinski.pl\/#\/schema\/logo\/image\/"}},{"@type":"Person","@id":"https:\/\/marekkuchcinski.pl\/#\/schema\/person\/51d5d4ee3b5317b8e4dd2b48af359229","name":"Marta Olejnik","image":{"@type":"ImageObject","inLanguage":"ro-RO","@id":"https:\/\/marekkuchcinski.pl\/#\/schema\/person\/image\/","url":"https:\/\/secure.gravatar.com\/avatar\/e39914b2aa6a48959e24d475b5dc9793?s=96&d=mm&r=g","contentUrl":"https:\/\/secure.gravatar.com\/avatar\/e39914b2aa6a48959e24d475b5dc9793?s=96&d=mm&r=g","caption":"Marta Olejnik"},"url":"https:\/\/marekkuchcinski.pl\/ro\/author\/marta\/"}]}},"_links":{"self":[{"href":"https:\/\/marekkuchcinski.pl\/ro\/wp-json\/wp\/v2\/posts\/24862","targetHints":{"allow":["GET"]}}],"collection":[{"href":"https:\/\/marekkuchcinski.pl\/ro\/wp-json\/wp\/v2\/posts"}],"about":[{"href":"https:\/\/marekkuchcinski.pl\/ro\/wp-json\/wp\/v2\/types\/post"}],"author":[{"embeddable":true,"href":"https:\/\/marekkuchcinski.pl\/ro\/wp-json\/wp\/v2\/users\/21"}],"replies":[{"embeddable":true,"href":"https:\/\/marekkuchcinski.pl\/ro\/wp-json\/wp\/v2\/comments?post=24862"}],"version-history":[{"count":11,"href":"https:\/\/marekkuchcinski.pl\/ro\/wp-json\/wp\/v2\/posts\/24862\/revisions"}],"predecessor-version":[{"id":24986,"href":"https:\/\/marekkuchcinski.pl\/ro\/wp-json\/wp\/v2\/posts\/24862\/revisions\/24986"}],"wp:featuredmedia":[{"embeddable":true,"href":"https:\/\/marekkuchcinski.pl\/ro\/wp-json\/wp\/v2\/media\/24975"}],"wp:attachment":[{"href":"https:\/\/marekkuchcinski.pl\/ro\/wp-json\/wp\/v2\/media?parent=24862"}],"wp:term":[{"taxonomy":"category","embeddable":true,"href":"https:\/\/marekkuchcinski.pl\/ro\/wp-json\/wp\/v2\/categories?post=24862"},{"taxonomy":"post_tag","embeddable":true,"href":"https:\/\/marekkuchcinski.pl\/ro\/wp-json\/wp\/v2\/tags?post=24862"}],"curies":[{"name":"wp","href":"https:\/\/api.w.org\/{rel}","templated":true}]}}