{"id":24833,"date":"2022-05-11T16:37:18","date_gmt":"2022-05-11T14:37:18","guid":{"rendered":"https:\/\/marekkuchcinski.pl\/?p=24833"},"modified":"2022-05-11T16:37:20","modified_gmt":"2022-05-11T14:37:20","slug":"przemyskie-towarzystwo-kulturalne-zaprasza-na-dyskusje-o-roznorodnosci-i-rozwoju-karpat","status":"publish","type":"post","link":"https:\/\/marekkuchcinski.pl\/ro\/wydarzenia\/przemyskie-towarzystwo-kulturalne-zaprasza-na-dyskusje-o-roznorodnosci-i-rozwoju-karpat\/","title":{"rendered":"Przemyskie Towarzystwo Kulturalne zaprasza na dyskusje o r\u00f3\u017cnorodno\u015bci i rozwoju Karpat"},"content":{"rendered":"<p class=\"wp-block-paragraph\">W pi\u0105tek na zamku w Krasiczynie rozpocznie si\u0119 33. edycja mi\u0119dzynarodowej konferencji Europa Karpat, podczas kt\u00f3rej w gronie ekspert\u00f3w omawiamy bie\u017c\u0105ce problemy regionu.<\/p>\n\n\n\n<p class=\"wp-block-paragraph\">Europa Karpat to kraina ogromnej r\u00f3\u017cnorodno\u015bci: biologicznej \u2013 najwi\u0119ksza bior\u00f3\u017cnorodno\u015b\u0107 w Europie \u2013 i kulturowej. Kraina wsp\u00f3lnych warto\u015bci, ale i sprzeczno\u015bci, kraina, kt\u00f3ra wci\u0105\u017c jest jakby na uboczu \u015bwiata, a czas p\u0142ynie w niej wolniej i gdzie to g\u00f3ry narzuca\u0142y cz\u0142owiekowi spos\u00f3b kszta\u0142towania otoczenia. Potencja\u0142 wielowiekowego s\u0105siedztwa spo\u0142ecze\u0144stw region\u00f3w karpackich oraz bogatej kultury region\u00f3w g\u00f3rskich jest wynikiem krzy\u017cowania si\u0119 wp\u0142yw\u00f3w Wschodu i Zachodu, wsp\u00f3lnych do\u015bwiadcze\u0144 historii, a tak\u017ce tradycji pasterskich. Konferencja s\u0142u\u017cy kreowaniu pomys\u0142\u00f3w i dyskusji o tym, co zrobi\u0107, by tak niezwyk\u0142y zak\u0105tek zachowa\u0142 unikatow\u0105 przyrod\u0119, tradycje, ale te\u017c dogoni\u0142 rozwojowo inne obszary naszego kraju. Co zrobi\u0107, by Karpaty popularno\u015bci\u0105 dor\u00f3wnywa\u0142y Alpom, mieszka\u0144cy czerpali profity z turystyki, a karpackie wyroby owia\u0142a s\u0142awa jako\u015bci i oryginalno\u015bci.<\/p>\n\n\n\n<p class=\"wp-block-paragraph\">Zr\u00f3wnowa\u017cony rozw\u00f3j polega na znalezieniu punkt\u00f3w stycznych wielu potrzeb i skierowaniu ich na \u015bcie\u017ck\u0119 rozwoju opart\u0105 na szacunku dla naszego dziedzictwa. To dziedzictwo to kultura, przyroda, osi\u0105gni\u0119cia techniczne i gospodarcze. Trzeba zrozumie\u0107 \u201edusz\u0119\u201d Karpat, by tworzy\u0107 dla niej rozwi\u0105zania maj\u0105ce szans\u0119 przetrwa\u0107 pr\u00f3b\u0119 czasu. Wprowadza\u0107 zmiany, kt\u00f3re nie b\u0119d\u0105 sztucznie narzucane i w kolejnych dekadach zosta\u0142yby wch\u0142oni\u0119te przez siln\u0105 wewn\u0119trzn\u0105 to\u017csamo\u015b\u0107 regionu. Silny wewn\u0119trznie, ale nie zamkni\u0119ty. Karpaty powinny by\u0107 dobrze skomunikowane, a my\u015bli wzajemnie przenika\u0107. Dobra komunikacja to zaoszcz\u0119dzony czas, ale tak\u017ce wiedza i rozw\u00f3j. Stary Kontynent musi si\u0119 jednoczy\u0107 w obliczu wyzwa\u0144 stawianych przez zagro\u017cenia \u2013 warto na t\u0119 cz\u0119\u015b\u0107 Europy patrze\u0107 tak\u017ce przez pryzmat d\u0105\u017ce\u0144 Rosji, potrzeby stabilizacji regionu i wzmocnienia wschodniej flanki NATO. Pracujemy nad wzmocnieniem wsp\u00f3\u0142pracy karpackiej oraz strategi\u0105, kt\u00f3ra na wz\u00f3r alpejskiej czy ba\u0142tyckiej pomo\u017ce chroni\u0107 przyrod\u0119 i rozwija\u0107 ten wspania\u0142y region. To ogromna szansa, kt\u00f3rej nie mo\u017cemy zmarnowa\u0107.<\/p>\n\n\n\n<p class=\"wp-block-paragraph\">Serdecznie zapraszamy do udzia\u0142u w konferencji.<\/p>\n\n\n\n<figure class=\"wp-block-image size-large\"><a href=\"https:\/\/marekkuchcinski.pl\/wp-content\/uploads\/2022\/05\/PLAKAT-10.06.2022.png\"><img fetchpriority=\"high\" decoding=\"async\" width=\"724\" height=\"1024\" src=\"https:\/\/marekkuchcinski.pl\/wp-content\/uploads\/2022\/05\/PLAKAT-10.06.2022-724x1024.png\" alt=\"\" class=\"wp-image-24834\" srcset=\"https:\/\/marekkuchcinski.pl\/wp-content\/uploads\/2022\/05\/PLAKAT-10.06.2022-724x1024.png 724w, https:\/\/marekkuchcinski.pl\/wp-content\/uploads\/2022\/05\/PLAKAT-10.06.2022-212x300.png 212w, https:\/\/marekkuchcinski.pl\/wp-content\/uploads\/2022\/05\/PLAKAT-10.06.2022-768x1086.png 768w, https:\/\/marekkuchcinski.pl\/wp-content\/uploads\/2022\/05\/PLAKAT-10.06.2022-1087x1536.png 1087w, https:\/\/marekkuchcinski.pl\/wp-content\/uploads\/2022\/05\/PLAKAT-10.06.2022.png 1449w, https:\/\/marekkuchcinski.pl\/wp-content\/uploads\/2022\/05\/PLAKAT-10.06.2022-8x12.png 8w\" sizes=\"(max-width: 724px) 100vw, 724px\" \/><\/a><\/figure>\n\n\n\n<figure class=\"wp-block-image size-large\"><a href=\"https:\/\/marekkuchcinski.pl\/wp-content\/uploads\/2022\/05\/ULOTKA-1.png\"><img decoding=\"async\" width=\"1024\" height=\"724\" src=\"https:\/\/marekkuchcinski.pl\/wp-content\/uploads\/2022\/05\/ULOTKA-1-1024x724.png\" alt=\"\" class=\"wp-image-24835\" srcset=\"https:\/\/marekkuchcinski.pl\/wp-content\/uploads\/2022\/05\/ULOTKA-1-1024x724.png 1024w, https:\/\/marekkuchcinski.pl\/wp-content\/uploads\/2022\/05\/ULOTKA-1-300x212.png 300w, https:\/\/marekkuchcinski.pl\/wp-content\/uploads\/2022\/05\/ULOTKA-1-768x543.png 768w, https:\/\/marekkuchcinski.pl\/wp-content\/uploads\/2022\/05\/ULOTKA-1-1536x1087.png 1536w, https:\/\/marekkuchcinski.pl\/wp-content\/uploads\/2022\/05\/ULOTKA-1.png 2048w, https:\/\/marekkuchcinski.pl\/wp-content\/uploads\/2022\/05\/ULOTKA-1-18x12.png 18w\" sizes=\"(max-width: 1024px) 100vw, 1024px\" \/><\/a><\/figure>\n\n\n\n<figure class=\"wp-block-image size-large\"><a href=\"https:\/\/marekkuchcinski.pl\/wp-content\/uploads\/2022\/05\/ULOTKA2.png\"><img decoding=\"async\" width=\"1024\" height=\"724\" src=\"https:\/\/marekkuchcinski.pl\/wp-content\/uploads\/2022\/05\/ULOTKA2-1024x724.png\" alt=\"\" class=\"wp-image-24836\" srcset=\"https:\/\/marekkuchcinski.pl\/wp-content\/uploads\/2022\/05\/ULOTKA2-1024x724.png 1024w, https:\/\/marekkuchcinski.pl\/wp-content\/uploads\/2022\/05\/ULOTKA2-300x212.png 300w, https:\/\/marekkuchcinski.pl\/wp-content\/uploads\/2022\/05\/ULOTKA2-768x543.png 768w, https:\/\/marekkuchcinski.pl\/wp-content\/uploads\/2022\/05\/ULOTKA2-1536x1087.png 1536w, https:\/\/marekkuchcinski.pl\/wp-content\/uploads\/2022\/05\/ULOTKA2.png 2048w, https:\/\/marekkuchcinski.pl\/wp-content\/uploads\/2022\/05\/ULOTKA2-18x12.png 18w\" sizes=\"(max-width: 1024px) 100vw, 1024px\" \/><\/a><\/figure>","protected":false},"excerpt":{"rendered":"<p>W pi\u0105tek na zamku w Krasiczynie rozpocznie si\u0119 33. edycja mi\u0119dzynarodowej konferencji Europa Karpat, podczas kt\u00f3rej w gronie ekspert\u00f3w omawiamy bie\u017c\u0105ce problemy regionu. Europa Karpat to kraina ogromnej r\u00f3\u017cnorodno\u015bci: biologicznej \u2013 najwi\u0119ksza bior\u00f3\u017cnorodno\u015b\u0107 w Europie \u2013 i kulturowej. Kraina wsp\u00f3lnych warto\u015bci, ale i sprzeczno\u015bci, kraina, kt\u00f3ra wci\u0105\u017c jest jakby na uboczu \u015bwiata, a czas p\u0142ynie [&hellip;]<\/p>\n","protected":false},"author":3,"featured_media":24837,"comment_status":"open","ping_status":"open","sticky":false,"template":"","format":"standard","meta":{"ngg_post_thumbnail":0,"footnotes":""},"categories":[78,50,3],"tags":[],"class_list":["post-24833","post","type-post","status-publish","format-standard","has-post-thumbnail","hentry","category-europa-karpat","category-wspolpraca-miedzynarodowa","category-wydarzenia"],"yoast_head":"<!-- This site is optimized with the Yoast SEO plugin v28.4 - https:\/\/yoast.com\/product\/yoast-seo-wordpress\/ -->\n<title>Przemyskie Towarzystwo Kulturalne zaprasza na dyskusje o r\u00f3\u017cnorodno\u015bci i rozwoju Karpat &#8211; Marek Kuchci\u0144ski<\/title>\n<meta name=\"robots\" content=\"index, follow, max-snippet:-1, max-image-preview:large, max-video-preview:-1\" \/>\n<link rel=\"canonical\" href=\"https:\/\/marekkuchcinski.pl\/ro\/wydarzenia\/przemyskie-towarzystwo-kulturalne-zaprasza-na-dyskusje-o-roznorodnosci-i-rozwoju-karpat\/\" \/>\n<meta property=\"og:locale\" content=\"ro_RO\" \/>\n<meta property=\"og:type\" content=\"article\" \/>\n<meta property=\"og:title\" content=\"Przemyskie Towarzystwo Kulturalne zaprasza na dyskusje o r\u00f3\u017cnorodno\u015bci i rozwoju Karpat &#8211; Marek Kuchci\u0144ski\" \/>\n<meta property=\"og:description\" content=\"W pi\u0105tek na zamku w Krasiczynie rozpocznie si\u0119 33. edycja mi\u0119dzynarodowej konferencji Europa Karpat, podczas kt\u00f3rej w gronie ekspert\u00f3w omawiamy bie\u017c\u0105ce problemy regionu. Europa Karpat to kraina ogromnej r\u00f3\u017cnorodno\u015bci: biologicznej \u2013 najwi\u0119ksza bior\u00f3\u017cnorodno\u015b\u0107 w Europie \u2013 i kulturowej. Kraina wsp\u00f3lnych warto\u015bci, ale i sprzeczno\u015bci, kraina, kt\u00f3ra wci\u0105\u017c jest jakby na uboczu \u015bwiata, a czas p\u0142ynie [&hellip;]\" \/>\n<meta property=\"og:url\" content=\"https:\/\/marekkuchcinski.pl\/ro\/wydarzenia\/przemyskie-towarzystwo-kulturalne-zaprasza-na-dyskusje-o-roznorodnosci-i-rozwoju-karpat\/\" \/>\n<meta property=\"og:site_name\" content=\"Marek Kuchci\u0144ski\" \/>\n<meta property=\"article:published_time\" content=\"2022-05-11T14:37:18+00:00\" \/>\n<meta property=\"article:modified_time\" content=\"2022-05-11T14:37:20+00:00\" \/>\n<meta property=\"og:image\" content=\"https:\/\/marekkuchcinski.pl\/wp-content\/uploads\/2022\/05\/273970233_104299252185340_6210607652873158641_n.jpg\" \/>\n\t<meta property=\"og:image:width\" content=\"1170\" \/>\n\t<meta property=\"og:image:height\" content=\"780\" \/>\n\t<meta property=\"og:image:type\" content=\"image\/jpeg\" \/>\n<meta name=\"author\" content=\"Marta Olejnik\" \/>\n<meta name=\"twitter:card\" content=\"summary_large_image\" \/>\n<meta name=\"twitter:label1\" content=\"Written by\" \/>\n\t<meta name=\"twitter:data1\" content=\"Marta Olejnik\" \/>\n\t<meta name=\"twitter:label2\" content=\"Est. reading time\" \/>\n\t<meta name=\"twitter:data2\" content=\"2 minutes\" \/>\n<script type=\"application\/ld+json\" class=\"yoast-schema-graph\">{\"@context\":\"https:\\\/\\\/schema.org\",\"@graph\":[{\"@type\":\"Article\",\"@id\":\"https:\\\/\\\/marekkuchcinski.pl\\\/wydarzenia\\\/przemyskie-towarzystwo-kulturalne-zaprasza-na-dyskusje-o-roznorodnosci-i-rozwoju-karpat\\\/#article\",\"isPartOf\":{\"@id\":\"https:\\\/\\\/marekkuchcinski.pl\\\/wydarzenia\\\/przemyskie-towarzystwo-kulturalne-zaprasza-na-dyskusje-o-roznorodnosci-i-rozwoju-karpat\\\/\"},\"author\":{\"name\":\"Marta Olejnik\",\"@id\":\"https:\\\/\\\/marekkuchcinski.pl\\\/#\\\/schema\\\/person\\\/bd3f15dee67fee76e83c8350d0154101\"},\"headline\":\"Przemyskie Towarzystwo Kulturalne zaprasza na dyskusje o r\u00f3\u017cnorodno\u015bci i rozwoju Karpat\",\"datePublished\":\"2022-05-11T14:37:18+00:00\",\"dateModified\":\"2022-05-11T14:37:20+00:00\",\"mainEntityOfPage\":{\"@id\":\"https:\\\/\\\/marekkuchcinski.pl\\\/wydarzenia\\\/przemyskie-towarzystwo-kulturalne-zaprasza-na-dyskusje-o-roznorodnosci-i-rozwoju-karpat\\\/\"},\"wordCount\":378,\"commentCount\":0,\"publisher\":{\"@id\":\"https:\\\/\\\/marekkuchcinski.pl\\\/#organization\"},\"image\":{\"@id\":\"https:\\\/\\\/marekkuchcinski.pl\\\/wydarzenia\\\/przemyskie-towarzystwo-kulturalne-zaprasza-na-dyskusje-o-roznorodnosci-i-rozwoju-karpat\\\/#primaryimage\"},\"thumbnailUrl\":\"https:\\\/\\\/marekkuchcinski.pl\\\/wp-content\\\/uploads\\\/2022\\\/05\\\/273970233_104299252185340_6210607652873158641_n.jpg\",\"articleSection\":[\"Europa Karpat\",\"Wsp\u00f3\u0142praca mi\u0119dzynarodowa\",\"Wydarzenia\"],\"inLanguage\":\"ro-RO\",\"potentialAction\":[{\"@type\":\"CommentAction\",\"name\":\"Comment\",\"target\":[\"https:\\\/\\\/marekkuchcinski.pl\\\/wydarzenia\\\/przemyskie-towarzystwo-kulturalne-zaprasza-na-dyskusje-o-roznorodnosci-i-rozwoju-karpat\\\/#respond\"]}]},{\"@type\":\"WebPage\",\"@id\":\"https:\\\/\\\/marekkuchcinski.pl\\\/wydarzenia\\\/przemyskie-towarzystwo-kulturalne-zaprasza-na-dyskusje-o-roznorodnosci-i-rozwoju-karpat\\\/\",\"url\":\"https:\\\/\\\/marekkuchcinski.pl\\\/wydarzenia\\\/przemyskie-towarzystwo-kulturalne-zaprasza-na-dyskusje-o-roznorodnosci-i-rozwoju-karpat\\\/\",\"name\":\"Przemyskie Towarzystwo Kulturalne zaprasza na dyskusje o r\u00f3\u017cnorodno\u015bci i rozwoju Karpat &#8211; Marek Kuchci\u0144ski\",\"isPartOf\":{\"@id\":\"https:\\\/\\\/marekkuchcinski.pl\\\/#website\"},\"primaryImageOfPage\":{\"@id\":\"https:\\\/\\\/marekkuchcinski.pl\\\/wydarzenia\\\/przemyskie-towarzystwo-kulturalne-zaprasza-na-dyskusje-o-roznorodnosci-i-rozwoju-karpat\\\/#primaryimage\"},\"image\":{\"@id\":\"https:\\\/\\\/marekkuchcinski.pl\\\/wydarzenia\\\/przemyskie-towarzystwo-kulturalne-zaprasza-na-dyskusje-o-roznorodnosci-i-rozwoju-karpat\\\/#primaryimage\"},\"thumbnailUrl\":\"https:\\\/\\\/marekkuchcinski.pl\\\/wp-content\\\/uploads\\\/2022\\\/05\\\/273970233_104299252185340_6210607652873158641_n.jpg\",\"datePublished\":\"2022-05-11T14:37:18+00:00\",\"dateModified\":\"2022-05-11T14:37:20+00:00\",\"breadcrumb\":{\"@id\":\"https:\\\/\\\/marekkuchcinski.pl\\\/wydarzenia\\\/przemyskie-towarzystwo-kulturalne-zaprasza-na-dyskusje-o-roznorodnosci-i-rozwoju-karpat\\\/#breadcrumb\"},\"inLanguage\":\"ro-RO\",\"potentialAction\":[{\"@type\":\"ReadAction\",\"target\":[\"https:\\\/\\\/marekkuchcinski.pl\\\/wydarzenia\\\/przemyskie-towarzystwo-kulturalne-zaprasza-na-dyskusje-o-roznorodnosci-i-rozwoju-karpat\\\/\"]}]},{\"@type\":\"ImageObject\",\"inLanguage\":\"ro-RO\",\"@id\":\"https:\\\/\\\/marekkuchcinski.pl\\\/wydarzenia\\\/przemyskie-towarzystwo-kulturalne-zaprasza-na-dyskusje-o-roznorodnosci-i-rozwoju-karpat\\\/#primaryimage\",\"url\":\"https:\\\/\\\/marekkuchcinski.pl\\\/wp-content\\\/uploads\\\/2022\\\/05\\\/273970233_104299252185340_6210607652873158641_n.jpg\",\"contentUrl\":\"https:\\\/\\\/marekkuchcinski.pl\\\/wp-content\\\/uploads\\\/2022\\\/05\\\/273970233_104299252185340_6210607652873158641_n.jpg\",\"width\":1170,\"height\":780},{\"@type\":\"BreadcrumbList\",\"@id\":\"https:\\\/\\\/marekkuchcinski.pl\\\/wydarzenia\\\/przemyskie-towarzystwo-kulturalne-zaprasza-na-dyskusje-o-roznorodnosci-i-rozwoju-karpat\\\/#breadcrumb\",\"itemListElement\":[{\"@type\":\"ListItem\",\"position\":1,\"name\":\"Strona g\u0142\u00f3wna\",\"item\":\"https:\\\/\\\/marekkuchcinski.pl\\\/\"},{\"@type\":\"ListItem\",\"position\":2,\"name\":\"Przemyskie Towarzystwo Kulturalne zaprasza na dyskusje o r\u00f3\u017cnorodno\u015bci i rozwoju Karpat\"}]},{\"@type\":\"WebSite\",\"@id\":\"https:\\\/\\\/marekkuchcinski.pl\\\/#website\",\"url\":\"https:\\\/\\\/marekkuchcinski.pl\\\/\",\"name\":\"Marek Kuchci\u0144ski\",\"description\":\"Marek Kuchci\u0144ski \",\"publisher\":{\"@id\":\"https:\\\/\\\/marekkuchcinski.pl\\\/#organization\"},\"potentialAction\":[{\"@type\":\"SearchAction\",\"target\":{\"@type\":\"EntryPoint\",\"urlTemplate\":\"https:\\\/\\\/marekkuchcinski.pl\\\/?s={search_term_string}\"},\"query-input\":{\"@type\":\"PropertyValueSpecification\",\"valueRequired\":true,\"valueName\":\"search_term_string\"}}],\"inLanguage\":\"ro-RO\"},{\"@type\":\"Organization\",\"@id\":\"https:\\\/\\\/marekkuchcinski.pl\\\/#organization\",\"name\":\"Marek Kuchci\u0144ski\",\"url\":\"https:\\\/\\\/marekkuchcinski.pl\\\/\",\"logo\":{\"@type\":\"ImageObject\",\"inLanguage\":\"ro-RO\",\"@id\":\"https:\\\/\\\/marekkuchcinski.pl\\\/#\\\/schema\\\/logo\\\/image\\\/\",\"url\":\"https:\\\/\\\/marekkuchcinski.pl\\\/wp-content\\\/uploads\\\/2022\\\/09\\\/Marek.jpg\",\"contentUrl\":\"https:\\\/\\\/marekkuchcinski.pl\\\/wp-content\\\/uploads\\\/2022\\\/09\\\/Marek.jpg\",\"width\":1600,\"height\":971,\"caption\":\"Marek Kuchci\u0144ski\"},\"image\":{\"@id\":\"https:\\\/\\\/marekkuchcinski.pl\\\/#\\\/schema\\\/logo\\\/image\\\/\"}},{\"@type\":\"Person\",\"@id\":\"https:\\\/\\\/marekkuchcinski.pl\\\/#\\\/schema\\\/person\\\/bd3f15dee67fee76e83c8350d0154101\",\"name\":\"Marta Olejnik\",\"image\":{\"@type\":\"ImageObject\",\"inLanguage\":\"ro-RO\",\"@id\":\"https:\\\/\\\/secure.gravatar.com\\\/avatar\\\/24754edd6080383402e292374b406b553027d572e97d60e7aa89a6940e88659a?s=96&d=mm&r=g\",\"url\":\"https:\\\/\\\/secure.gravatar.com\\\/avatar\\\/24754edd6080383402e292374b406b553027d572e97d60e7aa89a6940e88659a?s=96&d=mm&r=g\",\"contentUrl\":\"https:\\\/\\\/secure.gravatar.com\\\/avatar\\\/24754edd6080383402e292374b406b553027d572e97d60e7aa89a6940e88659a?s=96&d=mm&r=g\",\"caption\":\"Marta Olejnik\"},\"url\":\"https:\\\/\\\/marekkuchcinski.pl\\\/ro\\\/author\\\/marta\\\/\"}]}<\/script>\n<!-- \/ Yoast SEO plugin. -->","yoast_head_json":{"title":"Przemyskie Towarzystwo Kulturalne zaprasza na dyskusje o r\u00f3\u017cnorodno\u015bci i rozwoju Karpat &#8211; Marek Kuchci\u0144ski","robots":{"index":"index","follow":"follow","max-snippet":"max-snippet:-1","max-image-preview":"max-image-preview:large","max-video-preview":"max-video-preview:-1"},"canonical":"https:\/\/marekkuchcinski.pl\/ro\/wydarzenia\/przemyskie-towarzystwo-kulturalne-zaprasza-na-dyskusje-o-roznorodnosci-i-rozwoju-karpat\/","og_locale":"ro_RO","og_type":"article","og_title":"Przemyskie Towarzystwo Kulturalne zaprasza na dyskusje o r\u00f3\u017cnorodno\u015bci i rozwoju Karpat &#8211; Marek Kuchci\u0144ski","og_description":"W pi\u0105tek na zamku w Krasiczynie rozpocznie si\u0119 33. edycja mi\u0119dzynarodowej konferencji Europa Karpat, podczas kt\u00f3rej w gronie ekspert\u00f3w omawiamy bie\u017c\u0105ce problemy regionu. Europa Karpat to kraina ogromnej r\u00f3\u017cnorodno\u015bci: biologicznej \u2013 najwi\u0119ksza bior\u00f3\u017cnorodno\u015b\u0107 w Europie \u2013 i kulturowej. Kraina wsp\u00f3lnych warto\u015bci, ale i sprzeczno\u015bci, kraina, kt\u00f3ra wci\u0105\u017c jest jakby na uboczu \u015bwiata, a czas p\u0142ynie [&hellip;]","og_url":"https:\/\/marekkuchcinski.pl\/ro\/wydarzenia\/przemyskie-towarzystwo-kulturalne-zaprasza-na-dyskusje-o-roznorodnosci-i-rozwoju-karpat\/","og_site_name":"Marek Kuchci\u0144ski","article_published_time":"2022-05-11T14:37:18+00:00","article_modified_time":"2022-05-11T14:37:20+00:00","og_image":[{"width":1170,"height":780,"url":"https:\/\/marekkuchcinski.pl\/wp-content\/uploads\/2022\/05\/273970233_104299252185340_6210607652873158641_n.jpg","type":"image\/jpeg"}],"author":"Marta Olejnik","twitter_card":"summary_large_image","twitter_misc":{"Written by":"Marta Olejnik","Est. reading time":"2 minutes"},"schema":{"@context":"https:\/\/schema.org","@graph":[{"@type":"Article","@id":"https:\/\/marekkuchcinski.pl\/wydarzenia\/przemyskie-towarzystwo-kulturalne-zaprasza-na-dyskusje-o-roznorodnosci-i-rozwoju-karpat\/#article","isPartOf":{"@id":"https:\/\/marekkuchcinski.pl\/wydarzenia\/przemyskie-towarzystwo-kulturalne-zaprasza-na-dyskusje-o-roznorodnosci-i-rozwoju-karpat\/"},"author":{"name":"Marta Olejnik","@id":"https:\/\/marekkuchcinski.pl\/#\/schema\/person\/bd3f15dee67fee76e83c8350d0154101"},"headline":"Przemyskie Towarzystwo Kulturalne zaprasza na dyskusje o r\u00f3\u017cnorodno\u015bci i rozwoju Karpat","datePublished":"2022-05-11T14:37:18+00:00","dateModified":"2022-05-11T14:37:20+00:00","mainEntityOfPage":{"@id":"https:\/\/marekkuchcinski.pl\/wydarzenia\/przemyskie-towarzystwo-kulturalne-zaprasza-na-dyskusje-o-roznorodnosci-i-rozwoju-karpat\/"},"wordCount":378,"commentCount":0,"publisher":{"@id":"https:\/\/marekkuchcinski.pl\/#organization"},"image":{"@id":"https:\/\/marekkuchcinski.pl\/wydarzenia\/przemyskie-towarzystwo-kulturalne-zaprasza-na-dyskusje-o-roznorodnosci-i-rozwoju-karpat\/#primaryimage"},"thumbnailUrl":"https:\/\/marekkuchcinski.pl\/wp-content\/uploads\/2022\/05\/273970233_104299252185340_6210607652873158641_n.jpg","articleSection":["Europa Karpat","Wsp\u00f3\u0142praca mi\u0119dzynarodowa","Wydarzenia"],"inLanguage":"ro-RO","potentialAction":[{"@type":"CommentAction","name":"Comment","target":["https:\/\/marekkuchcinski.pl\/wydarzenia\/przemyskie-towarzystwo-kulturalne-zaprasza-na-dyskusje-o-roznorodnosci-i-rozwoju-karpat\/#respond"]}]},{"@type":"WebPage","@id":"https:\/\/marekkuchcinski.pl\/wydarzenia\/przemyskie-towarzystwo-kulturalne-zaprasza-na-dyskusje-o-roznorodnosci-i-rozwoju-karpat\/","url":"https:\/\/marekkuchcinski.pl\/wydarzenia\/przemyskie-towarzystwo-kulturalne-zaprasza-na-dyskusje-o-roznorodnosci-i-rozwoju-karpat\/","name":"Przemyskie Towarzystwo Kulturalne zaprasza na dyskusje o r\u00f3\u017cnorodno\u015bci i rozwoju Karpat &#8211; Marek Kuchci\u0144ski","isPartOf":{"@id":"https:\/\/marekkuchcinski.pl\/#website"},"primaryImageOfPage":{"@id":"https:\/\/marekkuchcinski.pl\/wydarzenia\/przemyskie-towarzystwo-kulturalne-zaprasza-na-dyskusje-o-roznorodnosci-i-rozwoju-karpat\/#primaryimage"},"image":{"@id":"https:\/\/marekkuchcinski.pl\/wydarzenia\/przemyskie-towarzystwo-kulturalne-zaprasza-na-dyskusje-o-roznorodnosci-i-rozwoju-karpat\/#primaryimage"},"thumbnailUrl":"https:\/\/marekkuchcinski.pl\/wp-content\/uploads\/2022\/05\/273970233_104299252185340_6210607652873158641_n.jpg","datePublished":"2022-05-11T14:37:18+00:00","dateModified":"2022-05-11T14:37:20+00:00","breadcrumb":{"@id":"https:\/\/marekkuchcinski.pl\/wydarzenia\/przemyskie-towarzystwo-kulturalne-zaprasza-na-dyskusje-o-roznorodnosci-i-rozwoju-karpat\/#breadcrumb"},"inLanguage":"ro-RO","potentialAction":[{"@type":"ReadAction","target":["https:\/\/marekkuchcinski.pl\/wydarzenia\/przemyskie-towarzystwo-kulturalne-zaprasza-na-dyskusje-o-roznorodnosci-i-rozwoju-karpat\/"]}]},{"@type":"ImageObject","inLanguage":"ro-RO","@id":"https:\/\/marekkuchcinski.pl\/wydarzenia\/przemyskie-towarzystwo-kulturalne-zaprasza-na-dyskusje-o-roznorodnosci-i-rozwoju-karpat\/#primaryimage","url":"https:\/\/marekkuchcinski.pl\/wp-content\/uploads\/2022\/05\/273970233_104299252185340_6210607652873158641_n.jpg","contentUrl":"https:\/\/marekkuchcinski.pl\/wp-content\/uploads\/2022\/05\/273970233_104299252185340_6210607652873158641_n.jpg","width":1170,"height":780},{"@type":"BreadcrumbList","@id":"https:\/\/marekkuchcinski.pl\/wydarzenia\/przemyskie-towarzystwo-kulturalne-zaprasza-na-dyskusje-o-roznorodnosci-i-rozwoju-karpat\/#breadcrumb","itemListElement":[{"@type":"ListItem","position":1,"name":"Strona g\u0142\u00f3wna","item":"https:\/\/marekkuchcinski.pl\/"},{"@type":"ListItem","position":2,"name":"Przemyskie Towarzystwo Kulturalne zaprasza na dyskusje o r\u00f3\u017cnorodno\u015bci i rozwoju Karpat"}]},{"@type":"WebSite","@id":"https:\/\/marekkuchcinski.pl\/#website","url":"https:\/\/marekkuchcinski.pl\/","name":"Marek Kuchci\u0144ski","description":"Marek Kuchci\u0144ski","publisher":{"@id":"https:\/\/marekkuchcinski.pl\/#organization"},"potentialAction":[{"@type":"SearchAction","target":{"@type":"EntryPoint","urlTemplate":"https:\/\/marekkuchcinski.pl\/?s={search_term_string}"},"query-input":{"@type":"PropertyValueSpecification","valueRequired":true,"valueName":"search_term_string"}}],"inLanguage":"ro-RO"},{"@type":"Organization","@id":"https:\/\/marekkuchcinski.pl\/#organization","name":"Marek Kuchci\u0144ski","url":"https:\/\/marekkuchcinski.pl\/","logo":{"@type":"ImageObject","inLanguage":"ro-RO","@id":"https:\/\/marekkuchcinski.pl\/#\/schema\/logo\/image\/","url":"https:\/\/marekkuchcinski.pl\/wp-content\/uploads\/2022\/09\/Marek.jpg","contentUrl":"https:\/\/marekkuchcinski.pl\/wp-content\/uploads\/2022\/09\/Marek.jpg","width":1600,"height":971,"caption":"Marek Kuchci\u0144ski"},"image":{"@id":"https:\/\/marekkuchcinski.pl\/#\/schema\/logo\/image\/"}},{"@type":"Person","@id":"https:\/\/marekkuchcinski.pl\/#\/schema\/person\/bd3f15dee67fee76e83c8350d0154101","name":"Marta Olejnik","image":{"@type":"ImageObject","inLanguage":"ro-RO","@id":"https:\/\/secure.gravatar.com\/avatar\/24754edd6080383402e292374b406b553027d572e97d60e7aa89a6940e88659a?s=96&d=mm&r=g","url":"https:\/\/secure.gravatar.com\/avatar\/24754edd6080383402e292374b406b553027d572e97d60e7aa89a6940e88659a?s=96&d=mm&r=g","contentUrl":"https:\/\/secure.gravatar.com\/avatar\/24754edd6080383402e292374b406b553027d572e97d60e7aa89a6940e88659a?s=96&d=mm&r=g","caption":"Marta Olejnik"},"url":"https:\/\/marekkuchcinski.pl\/ro\/author\/marta\/"}]}},"_links":{"self":[{"href":"https:\/\/marekkuchcinski.pl\/ro\/wp-json\/wp\/v2\/posts\/24833","targetHints":{"allow":["GET"]}}],"collection":[{"href":"https:\/\/marekkuchcinski.pl\/ro\/wp-json\/wp\/v2\/posts"}],"about":[{"href":"https:\/\/marekkuchcinski.pl\/ro\/wp-json\/wp\/v2\/types\/post"}],"author":[{"embeddable":true,"href":"https:\/\/marekkuchcinski.pl\/ro\/wp-json\/wp\/v2\/users\/3"}],"replies":[{"embeddable":true,"href":"https:\/\/marekkuchcinski.pl\/ro\/wp-json\/wp\/v2\/comments?post=24833"}],"version-history":[{"count":1,"href":"https:\/\/marekkuchcinski.pl\/ro\/wp-json\/wp\/v2\/posts\/24833\/revisions"}],"predecessor-version":[{"id":24838,"href":"https:\/\/marekkuchcinski.pl\/ro\/wp-json\/wp\/v2\/posts\/24833\/revisions\/24838"}],"wp:featuredmedia":[{"embeddable":true,"href":"https:\/\/marekkuchcinski.pl\/ro\/wp-json\/wp\/v2\/media\/24837"}],"wp:attachment":[{"href":"https:\/\/marekkuchcinski.pl\/ro\/wp-json\/wp\/v2\/media?parent=24833"}],"wp:term":[{"taxonomy":"category","embeddable":true,"href":"https:\/\/marekkuchcinski.pl\/ro\/wp-json\/wp\/v2\/categories?post=24833"},{"taxonomy":"post_tag","embeddable":true,"href":"https:\/\/marekkuchcinski.pl\/ro\/wp-json\/wp\/v2\/tags?post=24833"}],"curies":[{"name":"wp","href":"https:\/\/api.w.org\/{rel}","templated":true}]}}