{"id":24673,"date":"2022-04-11T12:58:25","date_gmt":"2022-04-11T10:58:25","guid":{"rendered":"https:\/\/marekkuchcinski.pl\/?p=24673"},"modified":"2022-04-11T22:35:34","modified_gmt":"2022-04-11T20:35:34","slug":"12-rocznica-katastrofy-smolenskiej","status":"publish","type":"post","link":"https:\/\/marekkuchcinski.pl\/ro\/wydarzenia\/12-rocznica-katastrofy-smolenskiej\/","title":{"rendered":"12 ani de la catastrofa de la Smolensk"},"content":{"rendered":"<p>S\u0103rb\u0103torile care au marcat aniversarea catastrofei de la Smolensk, la 10 aprilie, s-au \u00eempletit cu teme legate de r\u0103zboiul din Ucraina. Este greu de rezistat impresiei c\u0103 Putin, calculat \u0219i capabil de cele mai mari atrocit\u0103\u021bi pentru a-\u0219i atinge obiectivele politice, nu a mers p\u00e2n\u0103 la a ordona asasinarea \u00een 2010.<\/p>\n\n\n\n<p>Pre\u0219edintele Lech Kaczy\u0144ski a dus \u00een mod constant o politic\u0103 menit\u0103 s\u0103 se opun\u0103 planurilor ruse\u0219ti. Planuri pe care a fost capabil s\u0103 le descifreze, s\u0103 le descrie \u0219i s\u0103 le prevad\u0103.&nbsp;<\/p>\n\n\n\n<p>- Nu este vorba doar de discursul s\u0103u de la Tbilisi sau, mai t\u00e2rziu, de discursul s\u0103u, care este, de asemenea, amintit adesea, de la Westerplatte. Este vorba despre politica sa consecvent\u0103, despre g\u0103sirea cheii integr\u0103rii acestei p\u0103r\u021bi a Europei, cheia energiei - a declarat Jaros\u0142aw Kaczy\u0144ski \u00een Krakowskie Przedmie\u015bcie.<\/p>\n\n\n\n<p>- Ceea ce s-a \u00eent\u00e2mplat \u00een Ucraina se poate \u00eent\u00e2mpla la Paris, Berlin \u0219i Roma. La\u0219itatea \u0219i prostia pierd \u00eentotdeauna, iar Moscova poate profita de acest lucru', a avertizat pre\u0219edintele partidului Lege \u0219i Justi\u021bie. - De aceea, din acest loc, invit \u00eentreaga Europ\u0103 liber\u0103 la o mare mobilizare \u00een ap\u0103rarea Ucrainei, a libert\u0103\u021bii. O parte a acestei ap\u0103r\u0103ri implic\u0103, de asemenea, explicarea \u00een cele din urm\u0103 a acestui caz, inclusiv \u00een termeni de responsabilitate personal\u0103, \u0219i aducerea tuturor f\u0103pta\u0219ilor \u00een fa\u021ba justi\u021biei. Acesta este obiectivul nostru, pe care trebuie s\u0103 \u00eel atingem\", a subliniat el.<\/p>\n\n\n\n<figure class=\"wp-block-embed is-type-video is-provider-youtube wp-block-embed-youtube wp-embed-aspect-16-9 wp-has-aspect-ratio\"><div class=\"wp-block-embed__wrapper\">\n<iframe title=\"Jaros\u0142aw Kaczy\u0144ski - Discursul pre\u0219edintelui Partidului Lege \u0219i Justi\u021bie la comemorarea a 12 ani de la catastrofa de la Smolensk\" width=\"800\" height=\"450\" src=\"https:\/\/www.youtube.com\/embed\/qLuJxr5PsGM?feature=oembed\" frameborder=\"0\" allow=\"accelerometer; autoplay; clipboard-write; encrypted-media; gyroscope; picture-in-picture\" allowfullscreen><\/iframe>\n<\/div><\/figure>\n\n\n\n<p>La ceremonii a participat \u0219i europarlamentarul Marek Kuchci\u0144ski, pre\u0219edinte al Comisiei pentru afaceri externe \u0219i fost pre\u0219edinte al Sejm. De asemenea, el a subliniat c\u0103 pre\u0219edintele Lech Kaczy\u0144ski a dat dovad\u0103 de o mare fermitate \u00een politica sa fa\u021b\u0103 de Rusia, care este continuat\u0103 de autorit\u0103\u021bile de ast\u0103zi. Potrivit pre\u0219edintelui, este necesar s\u0103 se fac\u0103 presiuni pentru consolidarea sanc\u021biunilor \u0219i oprirea finan\u021b\u0103rii armatei lui Putin. El a ad\u0103ugat c\u0103 Ucraina ar trebui sprijinit\u0103 din punct de vedere militar, dar \u0219i s\u0103 i se arate bazele civiliza\u021biei \u0219i valorile din care am crescut - sprijin pentru refugia\u021bi, asisten\u021b\u0103 umanitar\u0103 pentru to\u021bi oamenii care au nevoie de ea.<\/p>\n\n\n\n<figure class=\"wp-block-image size-large\"><a href=\"https:\/\/marekkuchcinski.pl\/wp-content\/uploads\/2022\/04\/mmmm-scaled.jpg\"><img fetchpriority=\"high\" decoding=\"async\" width=\"1024\" height=\"689\" src=\"https:\/\/marekkuchcinski.pl\/wp-content\/uploads\/2022\/04\/mmmm-1024x689.jpg\" alt=\"\" class=\"wp-image-24698\" srcset=\"https:\/\/marekkuchcinski.pl\/wp-content\/uploads\/2022\/04\/mmmm-1024x689.jpg 1024w, https:\/\/marekkuchcinski.pl\/wp-content\/uploads\/2022\/04\/mmmm-300x202.jpg 300w, https:\/\/marekkuchcinski.pl\/wp-content\/uploads\/2022\/04\/mmmm-768x517.jpg 768w, https:\/\/marekkuchcinski.pl\/wp-content\/uploads\/2022\/04\/mmmm-1536x1034.jpg 1536w, https:\/\/marekkuchcinski.pl\/wp-content\/uploads\/2022\/04\/mmmm-scaled.jpg 2048w, https:\/\/marekkuchcinski.pl\/wp-content\/uploads\/2022\/04\/mmmm-18x12.jpg 18w\" sizes=\"(max-width: 1024px) 100vw, 1024px\" \/><\/a><\/figure>\n\n\n\n<figure class=\"wp-block-image size-full\"><a href=\"https:\/\/marekkuchcinski.pl\/wp-content\/uploads\/2022\/04\/pom.jpg\"><img decoding=\"async\" width=\"960\" height=\"540\" src=\"https:\/\/marekkuchcinski.pl\/wp-content\/uploads\/2022\/04\/pom.jpg\" alt=\"\" class=\"wp-image-24681\" srcset=\"https:\/\/marekkuchcinski.pl\/wp-content\/uploads\/2022\/04\/pom.jpg 960w, https:\/\/marekkuchcinski.pl\/wp-content\/uploads\/2022\/04\/pom-300x169.jpg 300w, https:\/\/marekkuchcinski.pl\/wp-content\/uploads\/2022\/04\/pom-768x432.jpg 768w, https:\/\/marekkuchcinski.pl\/wp-content\/uploads\/2022\/04\/pom-18x10.jpg 18w\" sizes=\"(max-width: 960px) 100vw, 960px\" \/><\/a><\/figure>\n\n\n\n<figure class=\"wp-block-image size-full\"><a href=\"https:\/\/marekkuchcinski.pl\/wp-content\/uploads\/2022\/04\/smol.jpg\"><img decoding=\"async\" width=\"960\" height=\"540\" src=\"https:\/\/marekkuchcinski.pl\/wp-content\/uploads\/2022\/04\/smol.jpg\" alt=\"\" class=\"wp-image-24682\" srcset=\"https:\/\/marekkuchcinski.pl\/wp-content\/uploads\/2022\/04\/smol.jpg 960w, https:\/\/marekkuchcinski.pl\/wp-content\/uploads\/2022\/04\/smol-300x169.jpg 300w, https:\/\/marekkuchcinski.pl\/wp-content\/uploads\/2022\/04\/smol-768x432.jpg 768w, https:\/\/marekkuchcinski.pl\/wp-content\/uploads\/2022\/04\/smol-18x10.jpg 18w\" sizes=\"(max-width: 960px) 100vw, 960px\" \/><\/a><\/figure>\n\n\n\n<figure class=\"wp-block-image size-full\"><a href=\"https:\/\/marekkuchcinski.pl\/wp-content\/uploads\/2022\/04\/pom2.jpg\"><img loading=\"lazy\" decoding=\"async\" width=\"960\" height=\"541\" src=\"https:\/\/marekkuchcinski.pl\/wp-content\/uploads\/2022\/04\/pom2.jpg\" alt=\"\" class=\"wp-image-24683\" srcset=\"https:\/\/marekkuchcinski.pl\/wp-content\/uploads\/2022\/04\/pom2.jpg 960w, https:\/\/marekkuchcinski.pl\/wp-content\/uploads\/2022\/04\/pom2-300x169.jpg 300w, https:\/\/marekkuchcinski.pl\/wp-content\/uploads\/2022\/04\/pom2-768x433.jpg 768w, https:\/\/marekkuchcinski.pl\/wp-content\/uploads\/2022\/04\/pom2-18x10.jpg 18w\" sizes=\"(max-width: 960px) 100vw, 960px\" \/><\/a><\/figure>\n\n\n\n<figure class=\"wp-block-image size-large\"><a href=\"https:\/\/marekkuchcinski.pl\/wp-content\/uploads\/2022\/04\/IMG_4860_edited-scaled.jpg\"><img loading=\"lazy\" decoding=\"async\" width=\"1024\" height=\"682\" src=\"https:\/\/marekkuchcinski.pl\/wp-content\/uploads\/2022\/04\/IMG_4860_edited-1024x682.jpg\" alt=\"\" class=\"wp-image-24684\" srcset=\"https:\/\/marekkuchcinski.pl\/wp-content\/uploads\/2022\/04\/IMG_4860_edited-1024x682.jpg 1024w, https:\/\/marekkuchcinski.pl\/wp-content\/uploads\/2022\/04\/IMG_4860_edited-300x200.jpg 300w, https:\/\/marekkuchcinski.pl\/wp-content\/uploads\/2022\/04\/IMG_4860_edited-768x512.jpg 768w, https:\/\/marekkuchcinski.pl\/wp-content\/uploads\/2022\/04\/IMG_4860_edited-1536x1023.jpg 1536w, https:\/\/marekkuchcinski.pl\/wp-content\/uploads\/2022\/04\/IMG_4860_edited-scaled.jpg 2048w, https:\/\/marekkuchcinski.pl\/wp-content\/uploads\/2022\/04\/IMG_4860_edited-18x12.jpg 18w\" sizes=\"(max-width: 1024px) 100vw, 1024px\" \/><\/a><\/figure>\n\n\n\n<figure class=\"wp-block-image size-large\"><a href=\"https:\/\/marekkuchcinski.pl\/wp-content\/uploads\/2022\/04\/IMG_4873a-1-scaled.jpg\"><img loading=\"lazy\" decoding=\"async\" width=\"1024\" height=\"708\" src=\"https:\/\/marekkuchcinski.pl\/wp-content\/uploads\/2022\/04\/IMG_4873a-1-1024x708.jpg\" alt=\"\" class=\"wp-image-24685\" srcset=\"https:\/\/marekkuchcinski.pl\/wp-content\/uploads\/2022\/04\/IMG_4873a-1-1024x708.jpg 1024w, https:\/\/marekkuchcinski.pl\/wp-content\/uploads\/2022\/04\/IMG_4873a-1-300x207.jpg 300w, https:\/\/marekkuchcinski.pl\/wp-content\/uploads\/2022\/04\/IMG_4873a-1-768x531.jpg 768w, https:\/\/marekkuchcinski.pl\/wp-content\/uploads\/2022\/04\/IMG_4873a-1-1536x1062.jpg 1536w, https:\/\/marekkuchcinski.pl\/wp-content\/uploads\/2022\/04\/IMG_4873a-1-scaled.jpg 2048w, https:\/\/marekkuchcinski.pl\/wp-content\/uploads\/2022\/04\/IMG_4873a-1-18x12.jpg 18w\" sizes=\"(max-width: 1024px) 100vw, 1024px\" \/><\/a><\/figure>\n\n\n\n<figure class=\"wp-block-image size-large\"><a href=\"https:\/\/marekkuchcinski.pl\/wp-content\/uploads\/2022\/04\/IMG_4811_edited-scaled.jpg\"><img loading=\"lazy\" decoding=\"async\" width=\"1024\" height=\"683\" src=\"https:\/\/marekkuchcinski.pl\/wp-content\/uploads\/2022\/04\/IMG_4811_edited-1024x683.jpg\" alt=\"\" class=\"wp-image-24686\" srcset=\"https:\/\/marekkuchcinski.pl\/wp-content\/uploads\/2022\/04\/IMG_4811_edited-1024x683.jpg 1024w, https:\/\/marekkuchcinski.pl\/wp-content\/uploads\/2022\/04\/IMG_4811_edited-300x200.jpg 300w, https:\/\/marekkuchcinski.pl\/wp-content\/uploads\/2022\/04\/IMG_4811_edited-768x512.jpg 768w, https:\/\/marekkuchcinski.pl\/wp-content\/uploads\/2022\/04\/IMG_4811_edited-1536x1025.jpg 1536w, https:\/\/marekkuchcinski.pl\/wp-content\/uploads\/2022\/04\/IMG_4811_edited-scaled.jpg 2048w, https:\/\/marekkuchcinski.pl\/wp-content\/uploads\/2022\/04\/IMG_4811_edited-18x12.jpg 18w\" sizes=\"(max-width: 1024px) 100vw, 1024px\" \/><\/a><\/figure>\n\n\n\n<figure class=\"wp-block-image size-large\"><a href=\"https:\/\/marekkuchcinski.pl\/wp-content\/uploads\/2022\/04\/IMG_4858_edited-scaled.jpg\"><img loading=\"lazy\" decoding=\"async\" width=\"1024\" height=\"673\" src=\"https:\/\/marekkuchcinski.pl\/wp-content\/uploads\/2022\/04\/IMG_4858_edited-1024x673.jpg\" alt=\"\" class=\"wp-image-24687\" srcset=\"https:\/\/marekkuchcinski.pl\/wp-content\/uploads\/2022\/04\/IMG_4858_edited-1024x673.jpg 1024w, https:\/\/marekkuchcinski.pl\/wp-content\/uploads\/2022\/04\/IMG_4858_edited-300x197.jpg 300w, https:\/\/marekkuchcinski.pl\/wp-content\/uploads\/2022\/04\/IMG_4858_edited-768x505.jpg 768w, https:\/\/marekkuchcinski.pl\/wp-content\/uploads\/2022\/04\/IMG_4858_edited-1536x1010.jpg 1536w, https:\/\/marekkuchcinski.pl\/wp-content\/uploads\/2022\/04\/IMG_4858_edited-scaled.jpg 2048w, https:\/\/marekkuchcinski.pl\/wp-content\/uploads\/2022\/04\/IMG_4858_edited-18x12.jpg 18w\" sizes=\"(max-width: 1024px) 100vw, 1024px\" \/><\/a><\/figure>\n\n\n\n<figure class=\"wp-block-image size-large\"><a href=\"https:\/\/marekkuchcinski.pl\/wp-content\/uploads\/2022\/04\/IMG_4844_edited-scaled.jpg\"><img loading=\"lazy\" decoding=\"async\" width=\"1024\" height=\"683\" src=\"https:\/\/marekkuchcinski.pl\/wp-content\/uploads\/2022\/04\/IMG_4844_edited-1024x683.jpg\" alt=\"\" class=\"wp-image-24688\" srcset=\"https:\/\/marekkuchcinski.pl\/wp-content\/uploads\/2022\/04\/IMG_4844_edited-1024x683.jpg 1024w, https:\/\/marekkuchcinski.pl\/wp-content\/uploads\/2022\/04\/IMG_4844_edited-300x200.jpg 300w, https:\/\/marekkuchcinski.pl\/wp-content\/uploads\/2022\/04\/IMG_4844_edited-768x512.jpg 768w, https:\/\/marekkuchcinski.pl\/wp-content\/uploads\/2022\/04\/IMG_4844_edited-1536x1024.jpg 1536w, https:\/\/marekkuchcinski.pl\/wp-content\/uploads\/2022\/04\/IMG_4844_edited-scaled.jpg 2048w, https:\/\/marekkuchcinski.pl\/wp-content\/uploads\/2022\/04\/IMG_4844_edited-18x12.jpg 18w\" sizes=\"(max-width: 1024px) 100vw, 1024px\" \/><\/a><\/figure>\n\n\n\n<figure class=\"wp-block-image size-large\"><a href=\"https:\/\/marekkuchcinski.pl\/wp-content\/uploads\/2022\/04\/IMG_4890_edited-scaled.jpg\"><img loading=\"lazy\" decoding=\"async\" width=\"1024\" height=\"679\" src=\"https:\/\/marekkuchcinski.pl\/wp-content\/uploads\/2022\/04\/IMG_4890_edited-1024x679.jpg\" alt=\"\" class=\"wp-image-24689\" srcset=\"https:\/\/marekkuchcinski.pl\/wp-content\/uploads\/2022\/04\/IMG_4890_edited-1024x679.jpg 1024w, https:\/\/marekkuchcinski.pl\/wp-content\/uploads\/2022\/04\/IMG_4890_edited-300x199.jpg 300w, https:\/\/marekkuchcinski.pl\/wp-content\/uploads\/2022\/04\/IMG_4890_edited-768x510.jpg 768w, https:\/\/marekkuchcinski.pl\/wp-content\/uploads\/2022\/04\/IMG_4890_edited-1536x1019.jpg 1536w, https:\/\/marekkuchcinski.pl\/wp-content\/uploads\/2022\/04\/IMG_4890_edited-scaled.jpg 2048w, https:\/\/marekkuchcinski.pl\/wp-content\/uploads\/2022\/04\/IMG_4890_edited-18x12.jpg 18w\" sizes=\"(max-width: 1024px) 100vw, 1024px\" \/><\/a><\/figure>\n\n\n\n<figure class=\"wp-block-image size-large\"><a href=\"https:\/\/marekkuchcinski.pl\/wp-content\/uploads\/2022\/04\/IMG_4902_edited-scaled.jpg\"><img loading=\"lazy\" decoding=\"async\" width=\"1024\" height=\"683\" src=\"https:\/\/marekkuchcinski.pl\/wp-content\/uploads\/2022\/04\/IMG_4902_edited-1024x683.jpg\" alt=\"\" class=\"wp-image-24690\" srcset=\"https:\/\/marekkuchcinski.pl\/wp-content\/uploads\/2022\/04\/IMG_4902_edited-1024x683.jpg 1024w, https:\/\/marekkuchcinski.pl\/wp-content\/uploads\/2022\/04\/IMG_4902_edited-300x200.jpg 300w, https:\/\/marekkuchcinski.pl\/wp-content\/uploads\/2022\/04\/IMG_4902_edited-768x512.jpg 768w, https:\/\/marekkuchcinski.pl\/wp-content\/uploads\/2022\/04\/IMG_4902_edited-1536x1024.jpg 1536w, https:\/\/marekkuchcinski.pl\/wp-content\/uploads\/2022\/04\/IMG_4902_edited-scaled.jpg 2048w, https:\/\/marekkuchcinski.pl\/wp-content\/uploads\/2022\/04\/IMG_4902_edited-18x12.jpg 18w\" sizes=\"(max-width: 1024px) 100vw, 1024px\" \/><\/a><\/figure>\n\n\n\n<figure class=\"wp-block-image size-large\"><a href=\"https:\/\/marekkuchcinski.pl\/wp-content\/uploads\/2022\/04\/IMG_4912_edited-scaled.jpg\"><img loading=\"lazy\" decoding=\"async\" width=\"1024\" height=\"671\" src=\"https:\/\/marekkuchcinski.pl\/wp-content\/uploads\/2022\/04\/IMG_4912_edited-1024x671.jpg\" alt=\"\" class=\"wp-image-24691\" srcset=\"https:\/\/marekkuchcinski.pl\/wp-content\/uploads\/2022\/04\/IMG_4912_edited-1024x671.jpg 1024w, https:\/\/marekkuchcinski.pl\/wp-content\/uploads\/2022\/04\/IMG_4912_edited-300x196.jpg 300w, https:\/\/marekkuchcinski.pl\/wp-content\/uploads\/2022\/04\/IMG_4912_edited-768x503.jpg 768w, https:\/\/marekkuchcinski.pl\/wp-content\/uploads\/2022\/04\/IMG_4912_edited-1536x1006.jpg 1536w, https:\/\/marekkuchcinski.pl\/wp-content\/uploads\/2022\/04\/IMG_4912_edited-scaled.jpg 2048w, https:\/\/marekkuchcinski.pl\/wp-content\/uploads\/2022\/04\/IMG_4912_edited-18x12.jpg 18w\" sizes=\"(max-width: 1024px) 100vw, 1024px\" \/><\/a><\/figure>\n\n\n\n<figure class=\"wp-block-image size-large\"><a href=\"https:\/\/marekkuchcinski.pl\/wp-content\/uploads\/2022\/04\/IMG_4918_edited-scaled.jpg\"><img loading=\"lazy\" decoding=\"async\" width=\"1024\" height=\"683\" src=\"https:\/\/marekkuchcinski.pl\/wp-content\/uploads\/2022\/04\/IMG_4918_edited-1024x683.jpg\" alt=\"\" class=\"wp-image-24692\" srcset=\"https:\/\/marekkuchcinski.pl\/wp-content\/uploads\/2022\/04\/IMG_4918_edited-1024x683.jpg 1024w, https:\/\/marekkuchcinski.pl\/wp-content\/uploads\/2022\/04\/IMG_4918_edited-300x200.jpg 300w, https:\/\/marekkuchcinski.pl\/wp-content\/uploads\/2022\/04\/IMG_4918_edited-768x512.jpg 768w, https:\/\/marekkuchcinski.pl\/wp-content\/uploads\/2022\/04\/IMG_4918_edited-1536x1025.jpg 1536w, https:\/\/marekkuchcinski.pl\/wp-content\/uploads\/2022\/04\/IMG_4918_edited-scaled.jpg 2048w, https:\/\/marekkuchcinski.pl\/wp-content\/uploads\/2022\/04\/IMG_4918_edited-18x12.jpg 18w\" sizes=\"(max-width: 1024px) 100vw, 1024px\" \/><\/a><\/figure>\n\n\n\n<figure class=\"wp-block-image size-large\"><a href=\"https:\/\/marekkuchcinski.pl\/wp-content\/uploads\/2022\/04\/m-scaled.jpg\"><img loading=\"lazy\" decoding=\"async\" width=\"1024\" height=\"683\" src=\"https:\/\/marekkuchcinski.pl\/wp-content\/uploads\/2022\/04\/m-1024x683.jpg\" alt=\"\" class=\"wp-image-24693\" srcset=\"https:\/\/marekkuchcinski.pl\/wp-content\/uploads\/2022\/04\/m-1024x683.jpg 1024w, https:\/\/marekkuchcinski.pl\/wp-content\/uploads\/2022\/04\/m-300x200.jpg 300w, https:\/\/marekkuchcinski.pl\/wp-content\/uploads\/2022\/04\/m-768x512.jpg 768w, https:\/\/marekkuchcinski.pl\/wp-content\/uploads\/2022\/04\/m-1536x1025.jpg 1536w, https:\/\/marekkuchcinski.pl\/wp-content\/uploads\/2022\/04\/m-scaled.jpg 2048w, https:\/\/marekkuchcinski.pl\/wp-content\/uploads\/2022\/04\/m-18x12.jpg 18w\" sizes=\"(max-width: 1024px) 100vw, 1024px\" \/><\/a><\/figure>\n\n\n\n<figure class=\"wp-block-image size-large\"><a href=\"https:\/\/marekkuchcinski.pl\/wp-content\/uploads\/2022\/04\/wp.jpg\"><img loading=\"lazy\" decoding=\"async\" width=\"1024\" height=\"550\" src=\"https:\/\/marekkuchcinski.pl\/wp-content\/uploads\/2022\/04\/wp-1024x550.jpg\" alt=\"\" class=\"wp-image-24694\" srcset=\"https:\/\/marekkuchcinski.pl\/wp-content\/uploads\/2022\/04\/wp-1024x550.jpg 1024w, https:\/\/marekkuchcinski.pl\/wp-content\/uploads\/2022\/04\/wp-300x161.jpg 300w, https:\/\/marekkuchcinski.pl\/wp-content\/uploads\/2022\/04\/wp-768x412.jpg 768w, https:\/\/marekkuchcinski.pl\/wp-content\/uploads\/2022\/04\/wp-18x10.jpg 18w, https:\/\/marekkuchcinski.pl\/wp-content\/uploads\/2022\/04\/wp.jpg 1440w\" sizes=\"(max-width: 1024px) 100vw, 1024px\" \/><\/a><\/figure>","protected":false},"excerpt":{"rendered":"<p>Printre comemorarea anivers\u0103rii catastrofei de la Smolensk, la 10 aprilie, s-au intercalat teme legate de r\u0103zboiul din Ucraina. Este greu de rezistat impresiei c\u0103 Putin, calculat \u0219i capabil de cele mai mari atrocit\u0103\u021bi pentru a-\u0219i atinge obiectivele politice, nu a mers p\u00e2n\u0103 la a ordona asasinarea \u00een 2010. Pre\u0219edintele Lech Kaczy\u0144ski a dus \u00een mod constant o politic\u0103 menit\u0103 s\u0103 se opun\u0103 planurilor ruse\u0219ti. Planuri pe care a reu\u0219it s\u0103 le [...].<\/p>","protected":false},"author":21,"featured_media":24700,"comment_status":"open","ping_status":"open","sticky":false,"template":"","format":"standard","meta":{"ngg_post_thumbnail":0,"footnotes":""},"categories":[82,3],"tags":[],"class_list":["post-24673","post","type-post","status-publish","format-standard","has-post-thumbnail","hentry","category-prawo-i-sprawiedliwosc","category-wydarzenia"],"yoast_head":"<!-- This site is optimized with the Yoast SEO plugin v24.7 - https:\/\/yoast.com\/wordpress\/plugins\/seo\/ -->\n<title>12. rocznica katastrofy smole\u0144skiej &#8211; Marek Kuchci\u0144ski<\/title>\n<meta name=\"robots\" content=\"index, follow, max-snippet:-1, max-image-preview:large, max-video-preview:-1\" \/>\n<link rel=\"canonical\" href=\"https:\/\/marekkuchcinski.pl\/ro\/wydarzenia\/12-rocznica-katastrofy-smolenskiej\/\" \/>\n<meta property=\"og:locale\" content=\"ro_RO\" \/>\n<meta property=\"og:type\" content=\"article\" \/>\n<meta property=\"og:title\" content=\"12. rocznica katastrofy smole\u0144skiej &#8211; Marek Kuchci\u0144ski\" \/>\n<meta property=\"og:description\" content=\"Z obchodami rocznicy katastrofy smole\u0144skiej 10 kwietnia przeplata\u0142y si\u0119 w\u0105tki wojny na Ukrainie. Trudno oprze\u0107 si\u0119 wra\u017ceniu, \u017ce wyrachowany i zdolny do najwi\u0119kszych okrucie\u0144stw dla osi\u0105gni\u0119cia politycznych cel\u00f3w Putin nie posun\u0105\u0142 si\u0119 do zlecenia zamachu w 2010 roku. Prezydent Lech Kaczy\u0144ski w spos\u00f3b konsekwentny prowadzi\u0142 polityk\u0119 zmierzaj\u0105c\u0105 do przeciwstawienia si\u0119 rosyjskim planom. Planom, kt\u00f3re potrafi\u0142 [&hellip;]\" \/>\n<meta property=\"og:url\" content=\"https:\/\/marekkuchcinski.pl\/ro\/wydarzenia\/12-rocznica-katastrofy-smolenskiej\/\" \/>\n<meta property=\"og:site_name\" content=\"Marek Kuchci\u0144ski\" \/>\n<meta property=\"article:published_time\" content=\"2022-04-11T10:58:25+00:00\" \/>\n<meta property=\"article:modified_time\" content=\"2022-04-11T20:35:34+00:00\" \/>\n<meta property=\"og:image\" content=\"https:\/\/marekkuchcinski.pl\/wp-content\/uploads\/2022\/04\/IMG_4858_edited_edited-scaled.jpg\" \/>\n\t<meta property=\"og:image:width\" content=\"2048\" \/>\n\t<meta property=\"og:image:height\" content=\"1347\" \/>\n\t<meta property=\"og:image:type\" content=\"image\/jpeg\" \/>\n<meta name=\"author\" content=\"Marta Olejnik\" \/>\n<meta name=\"twitter:card\" content=\"summary_large_image\" \/>\n<meta name=\"twitter:label1\" content=\"Scris de\" \/>\n\t<meta name=\"twitter:data1\" content=\"Marta Olejnik\" \/>\n\t<meta name=\"twitter:label2\" content=\"Timp estimat pentru citire\" \/>\n\t<meta name=\"twitter:data2\" content=\"5 minutes\" \/>\n<script type=\"application\/ld+json\" class=\"yoast-schema-graph\">{\"@context\":\"https:\/\/schema.org\",\"@graph\":[{\"@type\":\"Article\",\"@id\":\"https:\/\/marekkuchcinski.pl\/wydarzenia\/12-rocznica-katastrofy-smolenskiej\/#article\",\"isPartOf\":{\"@id\":\"https:\/\/marekkuchcinski.pl\/wydarzenia\/12-rocznica-katastrofy-smolenskiej\/\"},\"author\":{\"name\":\"Marta Olejnik\",\"@id\":\"https:\/\/marekkuchcinski.pl\/#\/schema\/person\/51d5d4ee3b5317b8e4dd2b48af359229\"},\"headline\":\"12. rocznica katastrofy smole\u0144skiej\",\"datePublished\":\"2022-04-11T10:58:25+00:00\",\"dateModified\":\"2022-04-11T20:35:34+00:00\",\"mainEntityOfPage\":{\"@id\":\"https:\/\/marekkuchcinski.pl\/wydarzenia\/12-rocznica-katastrofy-smolenskiej\/\"},\"wordCount\":309,\"commentCount\":0,\"publisher\":{\"@id\":\"https:\/\/marekkuchcinski.pl\/#organization\"},\"image\":{\"@id\":\"https:\/\/marekkuchcinski.pl\/wydarzenia\/12-rocznica-katastrofy-smolenskiej\/#primaryimage\"},\"thumbnailUrl\":\"https:\/\/marekkuchcinski.pl\/wp-content\/uploads\/2022\/04\/IMG_4858_edited_edited-scaled.jpg\",\"articleSection\":[\"Prawo i Sprawiedliwo\u015b\u0107\",\"Wydarzenia\"],\"inLanguage\":\"ro-RO\",\"potentialAction\":[{\"@type\":\"CommentAction\",\"name\":\"Comment\",\"target\":[\"https:\/\/marekkuchcinski.pl\/wydarzenia\/12-rocznica-katastrofy-smolenskiej\/#respond\"]}]},{\"@type\":\"WebPage\",\"@id\":\"https:\/\/marekkuchcinski.pl\/wydarzenia\/12-rocznica-katastrofy-smolenskiej\/\",\"url\":\"https:\/\/marekkuchcinski.pl\/wydarzenia\/12-rocznica-katastrofy-smolenskiej\/\",\"name\":\"12. rocznica katastrofy smole\u0144skiej &#8211; Marek Kuchci\u0144ski\",\"isPartOf\":{\"@id\":\"https:\/\/marekkuchcinski.pl\/#website\"},\"primaryImageOfPage\":{\"@id\":\"https:\/\/marekkuchcinski.pl\/wydarzenia\/12-rocznica-katastrofy-smolenskiej\/#primaryimage\"},\"image\":{\"@id\":\"https:\/\/marekkuchcinski.pl\/wydarzenia\/12-rocznica-katastrofy-smolenskiej\/#primaryimage\"},\"thumbnailUrl\":\"https:\/\/marekkuchcinski.pl\/wp-content\/uploads\/2022\/04\/IMG_4858_edited_edited-scaled.jpg\",\"datePublished\":\"2022-04-11T10:58:25+00:00\",\"dateModified\":\"2022-04-11T20:35:34+00:00\",\"breadcrumb\":{\"@id\":\"https:\/\/marekkuchcinski.pl\/wydarzenia\/12-rocznica-katastrofy-smolenskiej\/#breadcrumb\"},\"inLanguage\":\"ro-RO\",\"potentialAction\":[{\"@type\":\"ReadAction\",\"target\":[\"https:\/\/marekkuchcinski.pl\/wydarzenia\/12-rocznica-katastrofy-smolenskiej\/\"]}]},{\"@type\":\"ImageObject\",\"inLanguage\":\"ro-RO\",\"@id\":\"https:\/\/marekkuchcinski.pl\/wydarzenia\/12-rocznica-katastrofy-smolenskiej\/#primaryimage\",\"url\":\"https:\/\/marekkuchcinski.pl\/wp-content\/uploads\/2022\/04\/IMG_4858_edited_edited-scaled.jpg\",\"contentUrl\":\"https:\/\/marekkuchcinski.pl\/wp-content\/uploads\/2022\/04\/IMG_4858_edited_edited-scaled.jpg\",\"width\":2048,\"height\":1347},{\"@type\":\"BreadcrumbList\",\"@id\":\"https:\/\/marekkuchcinski.pl\/wydarzenia\/12-rocznica-katastrofy-smolenskiej\/#breadcrumb\",\"itemListElement\":[{\"@type\":\"ListItem\",\"position\":1,\"name\":\"Strona g\u0142\u00f3wna\",\"item\":\"https:\/\/marekkuchcinski.pl\/\"},{\"@type\":\"ListItem\",\"position\":2,\"name\":\"12. rocznica katastrofy smole\u0144skiej\"}]},{\"@type\":\"WebSite\",\"@id\":\"https:\/\/marekkuchcinski.pl\/#website\",\"url\":\"https:\/\/marekkuchcinski.pl\/\",\"name\":\"Marek Kuchci\u0144ski\",\"description\":\"Pose\u0142 na sejm RP &ndash; okr\u0119g nr 22\",\"publisher\":{\"@id\":\"https:\/\/marekkuchcinski.pl\/#organization\"},\"potentialAction\":[{\"@type\":\"SearchAction\",\"target\":{\"@type\":\"EntryPoint\",\"urlTemplate\":\"https:\/\/marekkuchcinski.pl\/?s={search_term_string}\"},\"query-input\":{\"@type\":\"PropertyValueSpecification\",\"valueRequired\":true,\"valueName\":\"search_term_string\"}}],\"inLanguage\":\"ro-RO\"},{\"@type\":\"Organization\",\"@id\":\"https:\/\/marekkuchcinski.pl\/#organization\",\"name\":\"Marek Kuchci\u0144ski\",\"url\":\"https:\/\/marekkuchcinski.pl\/\",\"logo\":{\"@type\":\"ImageObject\",\"inLanguage\":\"ro-RO\",\"@id\":\"https:\/\/marekkuchcinski.pl\/#\/schema\/logo\/image\/\",\"url\":\"https:\/\/marekkuchcinski.pl\/wp-content\/uploads\/2022\/09\/Marek.jpg\",\"contentUrl\":\"https:\/\/marekkuchcinski.pl\/wp-content\/uploads\/2022\/09\/Marek.jpg\",\"width\":1600,\"height\":971,\"caption\":\"Marek Kuchci\u0144ski\"},\"image\":{\"@id\":\"https:\/\/marekkuchcinski.pl\/#\/schema\/logo\/image\/\"}},{\"@type\":\"Person\",\"@id\":\"https:\/\/marekkuchcinski.pl\/#\/schema\/person\/51d5d4ee3b5317b8e4dd2b48af359229\",\"name\":\"Marta Olejnik\",\"image\":{\"@type\":\"ImageObject\",\"inLanguage\":\"ro-RO\",\"@id\":\"https:\/\/marekkuchcinski.pl\/#\/schema\/person\/image\/\",\"url\":\"https:\/\/secure.gravatar.com\/avatar\/e39914b2aa6a48959e24d475b5dc9793?s=96&d=mm&r=g\",\"contentUrl\":\"https:\/\/secure.gravatar.com\/avatar\/e39914b2aa6a48959e24d475b5dc9793?s=96&d=mm&r=g\",\"caption\":\"Marta Olejnik\"},\"url\":\"https:\/\/marekkuchcinski.pl\/ro\/author\/marta\/\"}]}<\/script>\n<!-- \/ Yoast SEO plugin. -->","yoast_head_json":{"title":"12. rocznica katastrofy smole\u0144skiej &#8211; Marek Kuchci\u0144ski","robots":{"index":"index","follow":"follow","max-snippet":"max-snippet:-1","max-image-preview":"max-image-preview:large","max-video-preview":"max-video-preview:-1"},"canonical":"https:\/\/marekkuchcinski.pl\/ro\/wydarzenia\/12-rocznica-katastrofy-smolenskiej\/","og_locale":"ro_RO","og_type":"article","og_title":"12. rocznica katastrofy smole\u0144skiej &#8211; Marek Kuchci\u0144ski","og_description":"Z obchodami rocznicy katastrofy smole\u0144skiej 10 kwietnia przeplata\u0142y si\u0119 w\u0105tki wojny na Ukrainie. Trudno oprze\u0107 si\u0119 wra\u017ceniu, \u017ce wyrachowany i zdolny do najwi\u0119kszych okrucie\u0144stw dla osi\u0105gni\u0119cia politycznych cel\u00f3w Putin nie posun\u0105\u0142 si\u0119 do zlecenia zamachu w 2010 roku. Prezydent Lech Kaczy\u0144ski w spos\u00f3b konsekwentny prowadzi\u0142 polityk\u0119 zmierzaj\u0105c\u0105 do przeciwstawienia si\u0119 rosyjskim planom. Planom, kt\u00f3re potrafi\u0142 [&hellip;]","og_url":"https:\/\/marekkuchcinski.pl\/ro\/wydarzenia\/12-rocznica-katastrofy-smolenskiej\/","og_site_name":"Marek Kuchci\u0144ski","article_published_time":"2022-04-11T10:58:25+00:00","article_modified_time":"2022-04-11T20:35:34+00:00","og_image":[{"width":2048,"height":1347,"url":"https:\/\/marekkuchcinski.pl\/wp-content\/uploads\/2022\/04\/IMG_4858_edited_edited-scaled.jpg","type":"image\/jpeg"}],"author":"Marta Olejnik","twitter_card":"summary_large_image","twitter_misc":{"Scris de":"Marta Olejnik","Timp estimat pentru citire":"5 minutes"},"schema":{"@context":"https:\/\/schema.org","@graph":[{"@type":"Article","@id":"https:\/\/marekkuchcinski.pl\/wydarzenia\/12-rocznica-katastrofy-smolenskiej\/#article","isPartOf":{"@id":"https:\/\/marekkuchcinski.pl\/wydarzenia\/12-rocznica-katastrofy-smolenskiej\/"},"author":{"name":"Marta Olejnik","@id":"https:\/\/marekkuchcinski.pl\/#\/schema\/person\/51d5d4ee3b5317b8e4dd2b48af359229"},"headline":"12. rocznica katastrofy smole\u0144skiej","datePublished":"2022-04-11T10:58:25+00:00","dateModified":"2022-04-11T20:35:34+00:00","mainEntityOfPage":{"@id":"https:\/\/marekkuchcinski.pl\/wydarzenia\/12-rocznica-katastrofy-smolenskiej\/"},"wordCount":309,"commentCount":0,"publisher":{"@id":"https:\/\/marekkuchcinski.pl\/#organization"},"image":{"@id":"https:\/\/marekkuchcinski.pl\/wydarzenia\/12-rocznica-katastrofy-smolenskiej\/#primaryimage"},"thumbnailUrl":"https:\/\/marekkuchcinski.pl\/wp-content\/uploads\/2022\/04\/IMG_4858_edited_edited-scaled.jpg","articleSection":["Prawo i Sprawiedliwo\u015b\u0107","Wydarzenia"],"inLanguage":"ro-RO","potentialAction":[{"@type":"CommentAction","name":"Comment","target":["https:\/\/marekkuchcinski.pl\/wydarzenia\/12-rocznica-katastrofy-smolenskiej\/#respond"]}]},{"@type":"WebPage","@id":"https:\/\/marekkuchcinski.pl\/wydarzenia\/12-rocznica-katastrofy-smolenskiej\/","url":"https:\/\/marekkuchcinski.pl\/wydarzenia\/12-rocznica-katastrofy-smolenskiej\/","name":"12. rocznica katastrofy smole\u0144skiej &#8211; Marek Kuchci\u0144ski","isPartOf":{"@id":"https:\/\/marekkuchcinski.pl\/#website"},"primaryImageOfPage":{"@id":"https:\/\/marekkuchcinski.pl\/wydarzenia\/12-rocznica-katastrofy-smolenskiej\/#primaryimage"},"image":{"@id":"https:\/\/marekkuchcinski.pl\/wydarzenia\/12-rocznica-katastrofy-smolenskiej\/#primaryimage"},"thumbnailUrl":"https:\/\/marekkuchcinski.pl\/wp-content\/uploads\/2022\/04\/IMG_4858_edited_edited-scaled.jpg","datePublished":"2022-04-11T10:58:25+00:00","dateModified":"2022-04-11T20:35:34+00:00","breadcrumb":{"@id":"https:\/\/marekkuchcinski.pl\/wydarzenia\/12-rocznica-katastrofy-smolenskiej\/#breadcrumb"},"inLanguage":"ro-RO","potentialAction":[{"@type":"ReadAction","target":["https:\/\/marekkuchcinski.pl\/wydarzenia\/12-rocznica-katastrofy-smolenskiej\/"]}]},{"@type":"ImageObject","inLanguage":"ro-RO","@id":"https:\/\/marekkuchcinski.pl\/wydarzenia\/12-rocznica-katastrofy-smolenskiej\/#primaryimage","url":"https:\/\/marekkuchcinski.pl\/wp-content\/uploads\/2022\/04\/IMG_4858_edited_edited-scaled.jpg","contentUrl":"https:\/\/marekkuchcinski.pl\/wp-content\/uploads\/2022\/04\/IMG_4858_edited_edited-scaled.jpg","width":2048,"height":1347},{"@type":"BreadcrumbList","@id":"https:\/\/marekkuchcinski.pl\/wydarzenia\/12-rocznica-katastrofy-smolenskiej\/#breadcrumb","itemListElement":[{"@type":"ListItem","position":1,"name":"Strona g\u0142\u00f3wna","item":"https:\/\/marekkuchcinski.pl\/"},{"@type":"ListItem","position":2,"name":"12. rocznica katastrofy smole\u0144skiej"}]},{"@type":"WebSite","@id":"https:\/\/marekkuchcinski.pl\/#website","url":"https:\/\/marekkuchcinski.pl\/","name":"Marek Kuchci\u0144ski","description":"Pose\u0142 na sejm RP &ndash; okr\u0119g nr 22","publisher":{"@id":"https:\/\/marekkuchcinski.pl\/#organization"},"potentialAction":[{"@type":"SearchAction","target":{"@type":"EntryPoint","urlTemplate":"https:\/\/marekkuchcinski.pl\/?s={search_term_string}"},"query-input":{"@type":"PropertyValueSpecification","valueRequired":true,"valueName":"search_term_string"}}],"inLanguage":"ro-RO"},{"@type":"Organization","@id":"https:\/\/marekkuchcinski.pl\/#organization","name":"Marek Kuchci\u0144ski","url":"https:\/\/marekkuchcinski.pl\/","logo":{"@type":"ImageObject","inLanguage":"ro-RO","@id":"https:\/\/marekkuchcinski.pl\/#\/schema\/logo\/image\/","url":"https:\/\/marekkuchcinski.pl\/wp-content\/uploads\/2022\/09\/Marek.jpg","contentUrl":"https:\/\/marekkuchcinski.pl\/wp-content\/uploads\/2022\/09\/Marek.jpg","width":1600,"height":971,"caption":"Marek Kuchci\u0144ski"},"image":{"@id":"https:\/\/marekkuchcinski.pl\/#\/schema\/logo\/image\/"}},{"@type":"Person","@id":"https:\/\/marekkuchcinski.pl\/#\/schema\/person\/51d5d4ee3b5317b8e4dd2b48af359229","name":"Marta Olejnik","image":{"@type":"ImageObject","inLanguage":"ro-RO","@id":"https:\/\/marekkuchcinski.pl\/#\/schema\/person\/image\/","url":"https:\/\/secure.gravatar.com\/avatar\/e39914b2aa6a48959e24d475b5dc9793?s=96&d=mm&r=g","contentUrl":"https:\/\/secure.gravatar.com\/avatar\/e39914b2aa6a48959e24d475b5dc9793?s=96&d=mm&r=g","caption":"Marta Olejnik"},"url":"https:\/\/marekkuchcinski.pl\/ro\/author\/marta\/"}]}},"_links":{"self":[{"href":"https:\/\/marekkuchcinski.pl\/ro\/wp-json\/wp\/v2\/posts\/24673","targetHints":{"allow":["GET"]}}],"collection":[{"href":"https:\/\/marekkuchcinski.pl\/ro\/wp-json\/wp\/v2\/posts"}],"about":[{"href":"https:\/\/marekkuchcinski.pl\/ro\/wp-json\/wp\/v2\/types\/post"}],"author":[{"embeddable":true,"href":"https:\/\/marekkuchcinski.pl\/ro\/wp-json\/wp\/v2\/users\/21"}],"replies":[{"embeddable":true,"href":"https:\/\/marekkuchcinski.pl\/ro\/wp-json\/wp\/v2\/comments?post=24673"}],"version-history":[{"count":11,"href":"https:\/\/marekkuchcinski.pl\/ro\/wp-json\/wp\/v2\/posts\/24673\/revisions"}],"predecessor-version":[{"id":24703,"href":"https:\/\/marekkuchcinski.pl\/ro\/wp-json\/wp\/v2\/posts\/24673\/revisions\/24703"}],"wp:featuredmedia":[{"embeddable":true,"href":"https:\/\/marekkuchcinski.pl\/ro\/wp-json\/wp\/v2\/media\/24700"}],"wp:attachment":[{"href":"https:\/\/marekkuchcinski.pl\/ro\/wp-json\/wp\/v2\/media?parent=24673"}],"wp:term":[{"taxonomy":"category","embeddable":true,"href":"https:\/\/marekkuchcinski.pl\/ro\/wp-json\/wp\/v2\/categories?post=24673"},{"taxonomy":"post_tag","embeddable":true,"href":"https:\/\/marekkuchcinski.pl\/ro\/wp-json\/wp\/v2\/tags?post=24673"}],"curies":[{"name":"wp","href":"https:\/\/api.w.org\/{rel}","templated":true}]}}