{"id":24575,"date":"2022-03-21T19:13:57","date_gmt":"2022-03-21T18:13:57","guid":{"rendered":"https:\/\/marekkuchcinski.pl\/?p=24575"},"modified":"2022-03-21T19:25:36","modified_gmt":"2022-03-21T18:25:36","slug":"polska-oczami-swiatowych-mediow","status":"publish","type":"post","link":"https:\/\/marekkuchcinski.pl\/ro\/wydarzenia\/polska-oczami-swiatowych-mediow\/","title":{"rendered":"Polonia prin ochii presei mondiale"},"content":{"rendered":"<p>- Polonia este una dintre cele mai mari na\u021biuni din lume. \"Mitul \"xenofobiei\" poloneze este o fic\u021biune propagat\u0103 de birocra\u021bi europeni am\u0103r\u00e2\u021bi care ur\u0103sc guvernul conservator al Poloniei \u0219i \u00eencearc\u0103 constant s\u0103 \u00eel submineze \u00een Uniunea European\u0103\", scrie pe re\u021belele de socializare analistul britanic de politic\u0103 extern\u0103 Nile Gardiner, care citeaz\u0103 articolul de ast\u0103zi din Times. Autorul textului este impresionat de angajamentul de a ajuta ora\u0219ul Przemy\u015bl - \"g\u0103se\u0219te o na\u021biune m\u00e2ndr\u0103 care sfideaz\u0103 stereotipurile lene\u0219e \u00een taberele de refugia\u021bi de la grani\u021b\u0103\".<\/p>\n\n\n\n<p>Acesta nu este primul text al unui ziar occidental important care recunoa\u0219te rolul Poloniei \u00een ajutorarea Ucrainei. Lumea nu numai c\u0103 \u0219i-a reevaluat modul de g\u00e2ndire cu privire la Rusia, dar \u00eencepe \u00eencet-\u00eencet s\u0103 ias\u0103 de sub d\u0103r\u00e2m\u0103turile propagandei lansate de ani de zile de cei pentru care o Polonie puternic\u0103 ar fi o \u00eenfr\u00e2ngere tragic\u0103.<\/p>\n\n\n\n<p>- R\u0103zboiul Rusiei \u00eempotriva Ucrainei ar putea fi o bun\u0103 ocazie pentru a opri campania la mod\u0103 \u00een prezent \u00eempotriva Poloniei, scrie cotidianul german \"Die Welt\". Publicistul atrage aten\u021bia asupra efortului enorm pe care polonezii \u00eel suport\u0103 din cauza afluxului masiv de refugia\u021bi din Ucraina. - Acest lucru intervine \u00eentr-un moment \u00een care administra\u021bia, poli\u021bia de frontier\u0103 \u0219i serviciile de dezastre din Berlin s-au pr\u0103bu\u0219it sub greutatea zecilor de mii de migran\u021bi, scrie cotidianul. Texte m\u0103gulitoare despre Polonia au fost scrise \u0219i de The Sunday Times, Wall Street Journal \u0219i Bild, care, \u00eenc\u0103 din noiembrie anul trecut, a mul\u021bumit Poloniei pentru pozi\u021bia sa \u00eempotriva ac\u021biunilor inspirate de Kremlin la grani\u021ba dintre Polonia \u0219i Belarus.<\/p>\n\n\n\n<p>Simbolismul \u0219i dimensiunea pozitiv\u0103 a vizitei prim-mini\u0219trilor Poloniei, Republicii Cehe \u0219i Sloveniei au fost eviden\u021biate, printre altele, de Washington Post: Vizita dramatic\u0103 a unor \u00eenal\u021bi oficiali din Cehia, Polonia \u0219i Slovenia \u00eentr-un ora\u0219 care a fost zguduit mar\u021bi diminea\u021b\u0103 de mai multe explozii a avut loc pe fondul unei crize umanitare \u00een cre\u0219tere \u0219i a presiunilor pentru izolarea pre\u0219edintelui rus Vladimir Putin, BBC: Ucraina a recunoscut curajul a trei lideri europeni, Al Jazeera: Vizita a fost mai presus de toate o demonstra\u021bie public\u0103 extrem de vizibil\u0103 a sprijinului la nivel \u00eenalt pentru poporul \u0219i conducerea ucrainean\u0103\", a relatat RAI.\" Propunerea pentru for\u021bele NATO este deosebit de semnificativ\u0103, \"El Pais\": Un gest politic de sus\u021binere, \"El Mundo: O excursie demn\u0103 de laud\u0103\", \"Le Figaro\": \"O vizit\u0103 simbolic\u0103 \u0219i concret\u0103\", \"La Repubblica: Aceast\u0103 c\u0103l\u0103torie dovede\u0219te c\u0103 \u0219i Europa poate da o lovitur\u0103 puternic\u0103 \u00eempotriva oricui i se opune.<\/p>\n\n\n\n<p>S\u0103 sper\u0103m c\u0103 trezirea lumii nu va fi de scurt\u0103 durat\u0103<\/p>\n\n\n\n<p><\/p>\n\n\n\n<p>Foto: Bartek Kosi\u0144ski<\/p>","protected":false},"excerpt":{"rendered":"<p>- Polonia este una dintre cele mai mari na\u021biuni din lume. Mitul \"xenofobiei\" poloneze este o fic\u021biune propagat\u0103 de birocra\u021bi europeni am\u0103r\u00e2\u021bi care ur\u0103sc guvernul conservator al Poloniei \u0219i \u00eencearc\u0103 constant s\u0103 \u00eel submineze \u00een Uniunea European\u0103, scrie pe re\u021belele de socializare analistul britanic de politic\u0103 extern\u0103 Nile Gardiner, care citeaz\u0103 articolul de ast\u0103zi din Times. Autorul textului este impresionat de angajamentul fa\u021b\u0103 de [...]<\/p>","protected":false},"author":21,"featured_media":24576,"comment_status":"open","ping_status":"open","sticky":false,"template":"","format":"standard","meta":{"ngg_post_thumbnail":0,"footnotes":""},"categories":[50,3],"tags":[],"class_list":["post-24575","post","type-post","status-publish","format-standard","has-post-thumbnail","hentry","category-wspolpraca-miedzynarodowa","category-wydarzenia"],"yoast_head":"<!-- This site is optimized with the Yoast SEO plugin v24.7 - https:\/\/yoast.com\/wordpress\/plugins\/seo\/ -->\n<title>Polska oczami \u015bwiatowych medi\u00f3w &#8211; Marek Kuchci\u0144ski<\/title>\n<meta name=\"robots\" content=\"index, follow, max-snippet:-1, max-image-preview:large, max-video-preview:-1\" \/>\n<link rel=\"canonical\" href=\"https:\/\/marekkuchcinski.pl\/ro\/wydarzenia\/polska-oczami-swiatowych-mediow\/\" \/>\n<meta property=\"og:locale\" content=\"ro_RO\" \/>\n<meta property=\"og:type\" content=\"article\" \/>\n<meta property=\"og:title\" content=\"Polska oczami \u015bwiatowych medi\u00f3w &#8211; Marek Kuchci\u0144ski\" \/>\n<meta property=\"og:description\" content=\"\u2013 Polska jest jednym z najwi\u0119kszych narod\u00f3w na \u015bwiecie. Mit polskiej \u201eksenofobii\u201d to fikcja propagowana przez roz\u017calonych unijnych biurokrat\u00f3w, kt\u00f3rzy nienawidz\u0105 konserwatywnego rz\u0105du Polski i nieustannie pr\u00f3buj\u0105 go podwa\u017cy\u0107 w Unii Europejskiej \u2013 pisze w mediach spo\u0142eczno\u015bciowych brytyjski analityk polityki zagranicznej Nile Gardiner i przytacza dzisiejszy artyku\u0142 \u201eTimesa\u201d. Autor tekstu jest pod wra\u017ceniem zaanga\u017cowania w [&hellip;]\" \/>\n<meta property=\"og:url\" content=\"https:\/\/marekkuchcinski.pl\/ro\/wydarzenia\/polska-oczami-swiatowych-mediow\/\" \/>\n<meta property=\"og:site_name\" content=\"Marek Kuchci\u0144ski\" \/>\n<meta property=\"article:published_time\" content=\"2022-03-21T18:13:57+00:00\" \/>\n<meta property=\"article:modified_time\" content=\"2022-03-21T18:25:36+00:00\" \/>\n<meta property=\"og:image\" content=\"https:\/\/marekkuchcinski.pl\/wp-content\/uploads\/2022\/03\/274030522_777034586603941_6854438093158329463_n.jpg\" \/>\n\t<meta property=\"og:image:width\" content=\"1000\" \/>\n\t<meta property=\"og:image:height\" content=\"666\" \/>\n\t<meta property=\"og:image:type\" content=\"image\/jpeg\" \/>\n<meta name=\"author\" content=\"Marta Olejnik\" \/>\n<meta name=\"twitter:card\" content=\"summary_large_image\" \/>\n<meta name=\"twitter:label1\" content=\"Scris de\" \/>\n\t<meta name=\"twitter:data1\" content=\"Marta Olejnik\" \/>\n\t<meta name=\"twitter:label2\" content=\"Timp estimat pentru citire\" \/>\n\t<meta name=\"twitter:data2\" content=\"2 minutes\" \/>\n<script type=\"application\/ld+json\" class=\"yoast-schema-graph\">{\"@context\":\"https:\/\/schema.org\",\"@graph\":[{\"@type\":\"Article\",\"@id\":\"https:\/\/marekkuchcinski.pl\/sk\/wydarzenia\/polska-oczami-swiatowych-mediow\/#article\",\"isPartOf\":{\"@id\":\"https:\/\/marekkuchcinski.pl\/sk\/wydarzenia\/polska-oczami-swiatowych-mediow\/\"},\"author\":{\"name\":\"Marta Olejnik\",\"@id\":\"https:\/\/marekkuchcinski.pl\/#\/schema\/person\/51d5d4ee3b5317b8e4dd2b48af359229\"},\"headline\":\"Polska oczami \u015bwiatowych medi\u00f3w\",\"datePublished\":\"2022-03-21T18:13:57+00:00\",\"dateModified\":\"2022-03-21T18:25:36+00:00\",\"mainEntityOfPage\":{\"@id\":\"https:\/\/marekkuchcinski.pl\/sk\/wydarzenia\/polska-oczami-swiatowych-mediow\/\"},\"wordCount\":435,\"commentCount\":0,\"publisher\":{\"@id\":\"https:\/\/marekkuchcinski.pl\/#organization\"},\"image\":{\"@id\":\"https:\/\/marekkuchcinski.pl\/sk\/wydarzenia\/polska-oczami-swiatowych-mediow\/#primaryimage\"},\"thumbnailUrl\":\"https:\/\/marekkuchcinski.pl\/wp-content\/uploads\/2022\/03\/274030522_777034586603941_6854438093158329463_n.jpg\",\"articleSection\":[\"Wsp\u00f3\u0142praca mi\u0119dzynarodowa\",\"Wydarzenia\"],\"inLanguage\":\"ro-RO\",\"potentialAction\":[{\"@type\":\"CommentAction\",\"name\":\"Comment\",\"target\":[\"https:\/\/marekkuchcinski.pl\/sk\/wydarzenia\/polska-oczami-swiatowych-mediow\/#respond\"]}]},{\"@type\":\"WebPage\",\"@id\":\"https:\/\/marekkuchcinski.pl\/sk\/wydarzenia\/polska-oczami-swiatowych-mediow\/\",\"url\":\"https:\/\/marekkuchcinski.pl\/sk\/wydarzenia\/polska-oczami-swiatowych-mediow\/\",\"name\":\"Polska oczami \u015bwiatowych medi\u00f3w &#8211; Marek Kuchci\u0144ski\",\"isPartOf\":{\"@id\":\"https:\/\/marekkuchcinski.pl\/#website\"},\"primaryImageOfPage\":{\"@id\":\"https:\/\/marekkuchcinski.pl\/sk\/wydarzenia\/polska-oczami-swiatowych-mediow\/#primaryimage\"},\"image\":{\"@id\":\"https:\/\/marekkuchcinski.pl\/sk\/wydarzenia\/polska-oczami-swiatowych-mediow\/#primaryimage\"},\"thumbnailUrl\":\"https:\/\/marekkuchcinski.pl\/wp-content\/uploads\/2022\/03\/274030522_777034586603941_6854438093158329463_n.jpg\",\"datePublished\":\"2022-03-21T18:13:57+00:00\",\"dateModified\":\"2022-03-21T18:25:36+00:00\",\"breadcrumb\":{\"@id\":\"https:\/\/marekkuchcinski.pl\/sk\/wydarzenia\/polska-oczami-swiatowych-mediow\/#breadcrumb\"},\"inLanguage\":\"ro-RO\",\"potentialAction\":[{\"@type\":\"ReadAction\",\"target\":[\"https:\/\/marekkuchcinski.pl\/sk\/wydarzenia\/polska-oczami-swiatowych-mediow\/\"]}]},{\"@type\":\"ImageObject\",\"inLanguage\":\"ro-RO\",\"@id\":\"https:\/\/marekkuchcinski.pl\/sk\/wydarzenia\/polska-oczami-swiatowych-mediow\/#primaryimage\",\"url\":\"https:\/\/marekkuchcinski.pl\/wp-content\/uploads\/2022\/03\/274030522_777034586603941_6854438093158329463_n.jpg\",\"contentUrl\":\"https:\/\/marekkuchcinski.pl\/wp-content\/uploads\/2022\/03\/274030522_777034586603941_6854438093158329463_n.jpg\",\"width\":1000,\"height\":666},{\"@type\":\"BreadcrumbList\",\"@id\":\"https:\/\/marekkuchcinski.pl\/sk\/wydarzenia\/polska-oczami-swiatowych-mediow\/#breadcrumb\",\"itemListElement\":[{\"@type\":\"ListItem\",\"position\":1,\"name\":\"Strona g\u0142\u00f3wna\",\"item\":\"https:\/\/marekkuchcinski.pl\/\"},{\"@type\":\"ListItem\",\"position\":2,\"name\":\"Polska oczami \u015bwiatowych medi\u00f3w\"}]},{\"@type\":\"WebSite\",\"@id\":\"https:\/\/marekkuchcinski.pl\/#website\",\"url\":\"https:\/\/marekkuchcinski.pl\/\",\"name\":\"Marek Kuchci\u0144ski\",\"description\":\"Pose\u0142 na sejm RP &ndash; okr\u0119g nr 22\",\"publisher\":{\"@id\":\"https:\/\/marekkuchcinski.pl\/#organization\"},\"potentialAction\":[{\"@type\":\"SearchAction\",\"target\":{\"@type\":\"EntryPoint\",\"urlTemplate\":\"https:\/\/marekkuchcinski.pl\/?s={search_term_string}\"},\"query-input\":{\"@type\":\"PropertyValueSpecification\",\"valueRequired\":true,\"valueName\":\"search_term_string\"}}],\"inLanguage\":\"ro-RO\"},{\"@type\":\"Organization\",\"@id\":\"https:\/\/marekkuchcinski.pl\/#organization\",\"name\":\"Marek Kuchci\u0144ski\",\"url\":\"https:\/\/marekkuchcinski.pl\/\",\"logo\":{\"@type\":\"ImageObject\",\"inLanguage\":\"ro-RO\",\"@id\":\"https:\/\/marekkuchcinski.pl\/#\/schema\/logo\/image\/\",\"url\":\"https:\/\/marekkuchcinski.pl\/wp-content\/uploads\/2022\/09\/Marek.jpg\",\"contentUrl\":\"https:\/\/marekkuchcinski.pl\/wp-content\/uploads\/2022\/09\/Marek.jpg\",\"width\":1600,\"height\":971,\"caption\":\"Marek Kuchci\u0144ski\"},\"image\":{\"@id\":\"https:\/\/marekkuchcinski.pl\/#\/schema\/logo\/image\/\"}},{\"@type\":\"Person\",\"@id\":\"https:\/\/marekkuchcinski.pl\/#\/schema\/person\/51d5d4ee3b5317b8e4dd2b48af359229\",\"name\":\"Marta Olejnik\",\"image\":{\"@type\":\"ImageObject\",\"inLanguage\":\"ro-RO\",\"@id\":\"https:\/\/marekkuchcinski.pl\/#\/schema\/person\/image\/\",\"url\":\"https:\/\/secure.gravatar.com\/avatar\/e39914b2aa6a48959e24d475b5dc9793?s=96&d=mm&r=g\",\"contentUrl\":\"https:\/\/secure.gravatar.com\/avatar\/e39914b2aa6a48959e24d475b5dc9793?s=96&d=mm&r=g\",\"caption\":\"Marta Olejnik\"},\"url\":\"https:\/\/marekkuchcinski.pl\/ro\/author\/marta\/\"}]}<\/script>\n<!-- \/ Yoast SEO plugin. -->","yoast_head_json":{"title":"Polska oczami \u015bwiatowych medi\u00f3w &#8211; Marek Kuchci\u0144ski","robots":{"index":"index","follow":"follow","max-snippet":"max-snippet:-1","max-image-preview":"max-image-preview:large","max-video-preview":"max-video-preview:-1"},"canonical":"https:\/\/marekkuchcinski.pl\/ro\/wydarzenia\/polska-oczami-swiatowych-mediow\/","og_locale":"ro_RO","og_type":"article","og_title":"Polska oczami \u015bwiatowych medi\u00f3w &#8211; Marek Kuchci\u0144ski","og_description":"\u2013 Polska jest jednym z najwi\u0119kszych narod\u00f3w na \u015bwiecie. Mit polskiej \u201eksenofobii\u201d to fikcja propagowana przez roz\u017calonych unijnych biurokrat\u00f3w, kt\u00f3rzy nienawidz\u0105 konserwatywnego rz\u0105du Polski i nieustannie pr\u00f3buj\u0105 go podwa\u017cy\u0107 w Unii Europejskiej \u2013 pisze w mediach spo\u0142eczno\u015bciowych brytyjski analityk polityki zagranicznej Nile Gardiner i przytacza dzisiejszy artyku\u0142 \u201eTimesa\u201d. Autor tekstu jest pod wra\u017ceniem zaanga\u017cowania w [&hellip;]","og_url":"https:\/\/marekkuchcinski.pl\/ro\/wydarzenia\/polska-oczami-swiatowych-mediow\/","og_site_name":"Marek Kuchci\u0144ski","article_published_time":"2022-03-21T18:13:57+00:00","article_modified_time":"2022-03-21T18:25:36+00:00","og_image":[{"width":1000,"height":666,"url":"https:\/\/marekkuchcinski.pl\/wp-content\/uploads\/2022\/03\/274030522_777034586603941_6854438093158329463_n.jpg","type":"image\/jpeg"}],"author":"Marta Olejnik","twitter_card":"summary_large_image","twitter_misc":{"Scris de":"Marta Olejnik","Timp estimat pentru citire":"2 minutes"},"schema":{"@context":"https:\/\/schema.org","@graph":[{"@type":"Article","@id":"https:\/\/marekkuchcinski.pl\/sk\/wydarzenia\/polska-oczami-swiatowych-mediow\/#article","isPartOf":{"@id":"https:\/\/marekkuchcinski.pl\/sk\/wydarzenia\/polska-oczami-swiatowych-mediow\/"},"author":{"name":"Marta Olejnik","@id":"https:\/\/marekkuchcinski.pl\/#\/schema\/person\/51d5d4ee3b5317b8e4dd2b48af359229"},"headline":"Polska oczami \u015bwiatowych medi\u00f3w","datePublished":"2022-03-21T18:13:57+00:00","dateModified":"2022-03-21T18:25:36+00:00","mainEntityOfPage":{"@id":"https:\/\/marekkuchcinski.pl\/sk\/wydarzenia\/polska-oczami-swiatowych-mediow\/"},"wordCount":435,"commentCount":0,"publisher":{"@id":"https:\/\/marekkuchcinski.pl\/#organization"},"image":{"@id":"https:\/\/marekkuchcinski.pl\/sk\/wydarzenia\/polska-oczami-swiatowych-mediow\/#primaryimage"},"thumbnailUrl":"https:\/\/marekkuchcinski.pl\/wp-content\/uploads\/2022\/03\/274030522_777034586603941_6854438093158329463_n.jpg","articleSection":["Wsp\u00f3\u0142praca mi\u0119dzynarodowa","Wydarzenia"],"inLanguage":"ro-RO","potentialAction":[{"@type":"CommentAction","name":"Comment","target":["https:\/\/marekkuchcinski.pl\/sk\/wydarzenia\/polska-oczami-swiatowych-mediow\/#respond"]}]},{"@type":"WebPage","@id":"https:\/\/marekkuchcinski.pl\/sk\/wydarzenia\/polska-oczami-swiatowych-mediow\/","url":"https:\/\/marekkuchcinski.pl\/sk\/wydarzenia\/polska-oczami-swiatowych-mediow\/","name":"Polska oczami \u015bwiatowych medi\u00f3w &#8211; Marek Kuchci\u0144ski","isPartOf":{"@id":"https:\/\/marekkuchcinski.pl\/#website"},"primaryImageOfPage":{"@id":"https:\/\/marekkuchcinski.pl\/sk\/wydarzenia\/polska-oczami-swiatowych-mediow\/#primaryimage"},"image":{"@id":"https:\/\/marekkuchcinski.pl\/sk\/wydarzenia\/polska-oczami-swiatowych-mediow\/#primaryimage"},"thumbnailUrl":"https:\/\/marekkuchcinski.pl\/wp-content\/uploads\/2022\/03\/274030522_777034586603941_6854438093158329463_n.jpg","datePublished":"2022-03-21T18:13:57+00:00","dateModified":"2022-03-21T18:25:36+00:00","breadcrumb":{"@id":"https:\/\/marekkuchcinski.pl\/sk\/wydarzenia\/polska-oczami-swiatowych-mediow\/#breadcrumb"},"inLanguage":"ro-RO","potentialAction":[{"@type":"ReadAction","target":["https:\/\/marekkuchcinski.pl\/sk\/wydarzenia\/polska-oczami-swiatowych-mediow\/"]}]},{"@type":"ImageObject","inLanguage":"ro-RO","@id":"https:\/\/marekkuchcinski.pl\/sk\/wydarzenia\/polska-oczami-swiatowych-mediow\/#primaryimage","url":"https:\/\/marekkuchcinski.pl\/wp-content\/uploads\/2022\/03\/274030522_777034586603941_6854438093158329463_n.jpg","contentUrl":"https:\/\/marekkuchcinski.pl\/wp-content\/uploads\/2022\/03\/274030522_777034586603941_6854438093158329463_n.jpg","width":1000,"height":666},{"@type":"BreadcrumbList","@id":"https:\/\/marekkuchcinski.pl\/sk\/wydarzenia\/polska-oczami-swiatowych-mediow\/#breadcrumb","itemListElement":[{"@type":"ListItem","position":1,"name":"Strona g\u0142\u00f3wna","item":"https:\/\/marekkuchcinski.pl\/"},{"@type":"ListItem","position":2,"name":"Polska oczami \u015bwiatowych medi\u00f3w"}]},{"@type":"WebSite","@id":"https:\/\/marekkuchcinski.pl\/#website","url":"https:\/\/marekkuchcinski.pl\/","name":"Marek Kuchci\u0144ski","description":"Pose\u0142 na sejm RP &ndash; okr\u0119g nr 22","publisher":{"@id":"https:\/\/marekkuchcinski.pl\/#organization"},"potentialAction":[{"@type":"SearchAction","target":{"@type":"EntryPoint","urlTemplate":"https:\/\/marekkuchcinski.pl\/?s={search_term_string}"},"query-input":{"@type":"PropertyValueSpecification","valueRequired":true,"valueName":"search_term_string"}}],"inLanguage":"ro-RO"},{"@type":"Organization","@id":"https:\/\/marekkuchcinski.pl\/#organization","name":"Marek Kuchci\u0144ski","url":"https:\/\/marekkuchcinski.pl\/","logo":{"@type":"ImageObject","inLanguage":"ro-RO","@id":"https:\/\/marekkuchcinski.pl\/#\/schema\/logo\/image\/","url":"https:\/\/marekkuchcinski.pl\/wp-content\/uploads\/2022\/09\/Marek.jpg","contentUrl":"https:\/\/marekkuchcinski.pl\/wp-content\/uploads\/2022\/09\/Marek.jpg","width":1600,"height":971,"caption":"Marek Kuchci\u0144ski"},"image":{"@id":"https:\/\/marekkuchcinski.pl\/#\/schema\/logo\/image\/"}},{"@type":"Person","@id":"https:\/\/marekkuchcinski.pl\/#\/schema\/person\/51d5d4ee3b5317b8e4dd2b48af359229","name":"Marta Olejnik","image":{"@type":"ImageObject","inLanguage":"ro-RO","@id":"https:\/\/marekkuchcinski.pl\/#\/schema\/person\/image\/","url":"https:\/\/secure.gravatar.com\/avatar\/e39914b2aa6a48959e24d475b5dc9793?s=96&d=mm&r=g","contentUrl":"https:\/\/secure.gravatar.com\/avatar\/e39914b2aa6a48959e24d475b5dc9793?s=96&d=mm&r=g","caption":"Marta Olejnik"},"url":"https:\/\/marekkuchcinski.pl\/ro\/author\/marta\/"}]}},"_links":{"self":[{"href":"https:\/\/marekkuchcinski.pl\/ro\/wp-json\/wp\/v2\/posts\/24575","targetHints":{"allow":["GET"]}}],"collection":[{"href":"https:\/\/marekkuchcinski.pl\/ro\/wp-json\/wp\/v2\/posts"}],"about":[{"href":"https:\/\/marekkuchcinski.pl\/ro\/wp-json\/wp\/v2\/types\/post"}],"author":[{"embeddable":true,"href":"https:\/\/marekkuchcinski.pl\/ro\/wp-json\/wp\/v2\/users\/21"}],"replies":[{"embeddable":true,"href":"https:\/\/marekkuchcinski.pl\/ro\/wp-json\/wp\/v2\/comments?post=24575"}],"version-history":[{"count":2,"href":"https:\/\/marekkuchcinski.pl\/ro\/wp-json\/wp\/v2\/posts\/24575\/revisions"}],"predecessor-version":[{"id":24578,"href":"https:\/\/marekkuchcinski.pl\/ro\/wp-json\/wp\/v2\/posts\/24575\/revisions\/24578"}],"wp:featuredmedia":[{"embeddable":true,"href":"https:\/\/marekkuchcinski.pl\/ro\/wp-json\/wp\/v2\/media\/24576"}],"wp:attachment":[{"href":"https:\/\/marekkuchcinski.pl\/ro\/wp-json\/wp\/v2\/media?parent=24575"}],"wp:term":[{"taxonomy":"category","embeddable":true,"href":"https:\/\/marekkuchcinski.pl\/ro\/wp-json\/wp\/v2\/categories?post=24575"},{"taxonomy":"post_tag","embeddable":true,"href":"https:\/\/marekkuchcinski.pl\/ro\/wp-json\/wp\/v2\/tags?post=24575"}],"curies":[{"name":"wp","href":"https:\/\/api.w.org\/{rel}","templated":true}]}}