{"id":24570,"date":"2022-03-18T21:39:59","date_gmt":"2022-03-18T20:39:59","guid":{"rendered":"https:\/\/marekkuchcinski.pl\/?p=24570"},"modified":"2022-03-18T21:40:02","modified_gmt":"2022-03-18T20:40:02","slug":"polska-czechy-slowenia-mocniejsza-wspolpraca-na-rzecz-bezpieczenstwa","status":"publish","type":"post","link":"https:\/\/marekkuchcinski.pl\/ro\/wydarzenia\/polska-czechy-slowenia-mocniejsza-wspolpraca-na-rzecz-bezpieczenstwa\/","title":{"rendered":"Polonia, Republica Ceh\u0103, Slovenia - o cooperare mai puternic\u0103 pentru securitate"},"content":{"rendered":"<p>Pre\u0219edintele Comisiei pentru afaceri externe, Marek Kuchci\u0144ski, a discutat cu pre\u0219edin\u021bii din Republica Ceh\u0103, Marek \u017den\u00ed\u0161ek, \u0219i din Slovenia, Monika Gregor\u010di\u010d. Referindu-se la vizita prim-mini\u0219trilor no\u0219tri la Kiev, pre\u0219edin\u021bii au convenit asupra necesit\u0103\u021bii de a consolida cooperarea \u0219i la nivel parlamentar, de a continua sprijinul militar \u0219i umanitar. Ace\u0219tia au condamnat agresiunea rus\u0103 \u0219i au cerut sanc\u021biuni mai dure \u0219i mai eficiente. Ace\u0219tia au subliniat c\u0103 comunitatea interna\u021bional\u0103 trebuie s\u0103 fie solidar\u0103 \u0219i s\u0103 se opun\u0103 cu fermitate propagandei Kremlinului. <\/p>\n\n\n\n<figure class=\"wp-block-image size-large\"><a href=\"https:\/\/marekkuchcinski.pl\/wp-content\/uploads\/2022\/03\/mslow-1-scaled.jpg\"><img fetchpriority=\"high\" decoding=\"async\" width=\"1024\" height=\"678\" src=\"https:\/\/marekkuchcinski.pl\/wp-content\/uploads\/2022\/03\/mslow-1-1024x678.jpg\" alt=\"\" class=\"wp-image-24572\" srcset=\"https:\/\/marekkuchcinski.pl\/wp-content\/uploads\/2022\/03\/mslow-1-1024x678.jpg 1024w, https:\/\/marekkuchcinski.pl\/wp-content\/uploads\/2022\/03\/mslow-1-300x199.jpg 300w, https:\/\/marekkuchcinski.pl\/wp-content\/uploads\/2022\/03\/mslow-1-768x508.jpg 768w, https:\/\/marekkuchcinski.pl\/wp-content\/uploads\/2022\/03\/mslow-1-1536x1017.jpg 1536w, https:\/\/marekkuchcinski.pl\/wp-content\/uploads\/2022\/03\/mslow-1-scaled.jpg 2048w, https:\/\/marekkuchcinski.pl\/wp-content\/uploads\/2022\/03\/mslow-1-18x12.jpg 18w\" sizes=\"(max-width: 1024px) 100vw, 1024px\" \/><\/a><\/figure>","protected":false},"excerpt":{"rendered":"<p>Przewodnicz\u0105cy Komisji Spraw Zagranicznych Marek Kuchci\u0144ski rozmawia\u0142 z przewodnicz\u0105cymi z Czech Markiem \u017den\u00ed\u0161kiem i S\u0142owenii Monik\u0105 Gregor\u010di\u010d. Nawi\u0105zuj\u0105c do wizyty naszych premier\u00f3w w Kijowie, przewodnicz\u0105cy zgodzili si\u0119, \u017ce konieczne jest wzmocnienie wsp\u00f3\u0142pracy tak\u017ce na poziomie parlamentarnym, dalsze wsparcie militarne i humanitarne. Pot\u0119piono rosyjsk\u0105 agresj\u0119 i zaapelowali o dotkliwsze, skuteczniejsze sankcje. Podkre\u015blono, \u017ce mi\u0119dzynarodowa spo\u0142eczno\u015b\u0107 musi [&hellip;]<\/p>","protected":false},"author":21,"featured_media":24571,"comment_status":"open","ping_status":"open","sticky":false,"template":"","format":"standard","meta":{"ngg_post_thumbnail":0,"footnotes":""},"categories":[50,3],"tags":[],"class_list":["post-24570","post","type-post","status-publish","format-standard","has-post-thumbnail","hentry","category-wspolpraca-miedzynarodowa","category-wydarzenia"],"yoast_head":"<!-- This site is optimized with the Yoast SEO plugin v24.7 - https:\/\/yoast.com\/wordpress\/plugins\/seo\/ -->\n<title>Polska, Czechy, S\u0142owenia \u2013 mocniejsza wsp\u00f3\u0142praca na rzecz bezpiecze\u0144stwa &#8211; Marek Kuchci\u0144ski<\/title>\n<meta name=\"robots\" content=\"index, follow, max-snippet:-1, max-image-preview:large, max-video-preview:-1\" \/>\n<link rel=\"canonical\" href=\"https:\/\/marekkuchcinski.pl\/ro\/wydarzenia\/polska-czechy-slowenia-mocniejsza-wspolpraca-na-rzecz-bezpieczenstwa\/\" \/>\n<meta property=\"og:locale\" content=\"ro_RO\" \/>\n<meta property=\"og:type\" content=\"article\" \/>\n<meta property=\"og:title\" content=\"Polska, Czechy, S\u0142owenia \u2013 mocniejsza wsp\u00f3\u0142praca na rzecz bezpiecze\u0144stwa &#8211; Marek Kuchci\u0144ski\" \/>\n<meta property=\"og:description\" content=\"Przewodnicz\u0105cy Komisji Spraw Zagranicznych Marek Kuchci\u0144ski rozmawia\u0142 z przewodnicz\u0105cymi z Czech Markiem \u017den\u00ed\u0161kiem i S\u0142owenii Monik\u0105 Gregor\u010di\u010d. Nawi\u0105zuj\u0105c do wizyty naszych premier\u00f3w w Kijowie, przewodnicz\u0105cy zgodzili si\u0119, \u017ce konieczne jest wzmocnienie wsp\u00f3\u0142pracy tak\u017ce na poziomie parlamentarnym, dalsze wsparcie militarne i humanitarne. Pot\u0119piono rosyjsk\u0105 agresj\u0119 i zaapelowali o dotkliwsze, skuteczniejsze sankcje. Podkre\u015blono, \u017ce mi\u0119dzynarodowa spo\u0142eczno\u015b\u0107 musi [&hellip;]\" \/>\n<meta property=\"og:url\" content=\"https:\/\/marekkuchcinski.pl\/ro\/wydarzenia\/polska-czechy-slowenia-mocniejsza-wspolpraca-na-rzecz-bezpieczenstwa\/\" \/>\n<meta property=\"og:site_name\" content=\"Marek Kuchci\u0144ski\" \/>\n<meta property=\"article:published_time\" content=\"2022-03-18T20:39:59+00:00\" \/>\n<meta property=\"article:modified_time\" content=\"2022-03-18T20:40:02+00:00\" \/>\n<meta property=\"og:image\" content=\"https:\/\/marekkuchcinski.pl\/wp-content\/uploads\/2022\/03\/mslow-scaled.jpg\" \/>\n\t<meta property=\"og:image:width\" content=\"2048\" \/>\n\t<meta property=\"og:image:height\" content=\"1356\" \/>\n\t<meta property=\"og:image:type\" content=\"image\/jpeg\" \/>\n<meta name=\"author\" content=\"Marta Olejnik\" \/>\n<meta name=\"twitter:card\" content=\"summary_large_image\" \/>\n<meta name=\"twitter:label1\" content=\"Scris de\" \/>\n\t<meta name=\"twitter:data1\" content=\"Marta Olejnik\" \/>\n\t<meta name=\"twitter:label2\" content=\"Timp estimat pentru citire\" \/>\n\t<meta name=\"twitter:data2\" content=\"1 minute\" \/>\n<script type=\"application\/ld+json\" class=\"yoast-schema-graph\">{\"@context\":\"https:\/\/schema.org\",\"@graph\":[{\"@type\":\"Article\",\"@id\":\"https:\/\/marekkuchcinski.pl\/wydarzenia\/polska-czechy-slowenia-mocniejsza-wspolpraca-na-rzecz-bezpieczenstwa\/#article\",\"isPartOf\":{\"@id\":\"https:\/\/marekkuchcinski.pl\/wydarzenia\/polska-czechy-slowenia-mocniejsza-wspolpraca-na-rzecz-bezpieczenstwa\/\"},\"author\":{\"name\":\"Marta Olejnik\",\"@id\":\"https:\/\/marekkuchcinski.pl\/#\/schema\/person\/51d5d4ee3b5317b8e4dd2b48af359229\"},\"headline\":\"Polska, Czechy, S\u0142owenia \u2013 mocniejsza wsp\u00f3\u0142praca na rzecz bezpiecze\u0144stwa\",\"datePublished\":\"2022-03-18T20:39:59+00:00\",\"dateModified\":\"2022-03-18T20:40:02+00:00\",\"mainEntityOfPage\":{\"@id\":\"https:\/\/marekkuchcinski.pl\/wydarzenia\/polska-czechy-slowenia-mocniejsza-wspolpraca-na-rzecz-bezpieczenstwa\/\"},\"wordCount\":89,\"commentCount\":0,\"publisher\":{\"@id\":\"https:\/\/marekkuchcinski.pl\/#organization\"},\"image\":{\"@id\":\"https:\/\/marekkuchcinski.pl\/wydarzenia\/polska-czechy-slowenia-mocniejsza-wspolpraca-na-rzecz-bezpieczenstwa\/#primaryimage\"},\"thumbnailUrl\":\"https:\/\/marekkuchcinski.pl\/wp-content\/uploads\/2022\/03\/mslow-scaled.jpg\",\"articleSection\":[\"Wsp\u00f3\u0142praca mi\u0119dzynarodowa\",\"Wydarzenia\"],\"inLanguage\":\"ro-RO\",\"potentialAction\":[{\"@type\":\"CommentAction\",\"name\":\"Comment\",\"target\":[\"https:\/\/marekkuchcinski.pl\/wydarzenia\/polska-czechy-slowenia-mocniejsza-wspolpraca-na-rzecz-bezpieczenstwa\/#respond\"]}]},{\"@type\":\"WebPage\",\"@id\":\"https:\/\/marekkuchcinski.pl\/wydarzenia\/polska-czechy-slowenia-mocniejsza-wspolpraca-na-rzecz-bezpieczenstwa\/\",\"url\":\"https:\/\/marekkuchcinski.pl\/wydarzenia\/polska-czechy-slowenia-mocniejsza-wspolpraca-na-rzecz-bezpieczenstwa\/\",\"name\":\"Polska, Czechy, S\u0142owenia \u2013 mocniejsza wsp\u00f3\u0142praca na rzecz bezpiecze\u0144stwa &#8211; Marek Kuchci\u0144ski\",\"isPartOf\":{\"@id\":\"https:\/\/marekkuchcinski.pl\/#website\"},\"primaryImageOfPage\":{\"@id\":\"https:\/\/marekkuchcinski.pl\/wydarzenia\/polska-czechy-slowenia-mocniejsza-wspolpraca-na-rzecz-bezpieczenstwa\/#primaryimage\"},\"image\":{\"@id\":\"https:\/\/marekkuchcinski.pl\/wydarzenia\/polska-czechy-slowenia-mocniejsza-wspolpraca-na-rzecz-bezpieczenstwa\/#primaryimage\"},\"thumbnailUrl\":\"https:\/\/marekkuchcinski.pl\/wp-content\/uploads\/2022\/03\/mslow-scaled.jpg\",\"datePublished\":\"2022-03-18T20:39:59+00:00\",\"dateModified\":\"2022-03-18T20:40:02+00:00\",\"breadcrumb\":{\"@id\":\"https:\/\/marekkuchcinski.pl\/wydarzenia\/polska-czechy-slowenia-mocniejsza-wspolpraca-na-rzecz-bezpieczenstwa\/#breadcrumb\"},\"inLanguage\":\"ro-RO\",\"potentialAction\":[{\"@type\":\"ReadAction\",\"target\":[\"https:\/\/marekkuchcinski.pl\/wydarzenia\/polska-czechy-slowenia-mocniejsza-wspolpraca-na-rzecz-bezpieczenstwa\/\"]}]},{\"@type\":\"ImageObject\",\"inLanguage\":\"ro-RO\",\"@id\":\"https:\/\/marekkuchcinski.pl\/wydarzenia\/polska-czechy-slowenia-mocniejsza-wspolpraca-na-rzecz-bezpieczenstwa\/#primaryimage\",\"url\":\"https:\/\/marekkuchcinski.pl\/wp-content\/uploads\/2022\/03\/mslow-scaled.jpg\",\"contentUrl\":\"https:\/\/marekkuchcinski.pl\/wp-content\/uploads\/2022\/03\/mslow-scaled.jpg\",\"width\":2048,\"height\":1356},{\"@type\":\"BreadcrumbList\",\"@id\":\"https:\/\/marekkuchcinski.pl\/wydarzenia\/polska-czechy-slowenia-mocniejsza-wspolpraca-na-rzecz-bezpieczenstwa\/#breadcrumb\",\"itemListElement\":[{\"@type\":\"ListItem\",\"position\":1,\"name\":\"Strona g\u0142\u00f3wna\",\"item\":\"https:\/\/marekkuchcinski.pl\/\"},{\"@type\":\"ListItem\",\"position\":2,\"name\":\"Polska, Czechy, S\u0142owenia \u2013 mocniejsza wsp\u00f3\u0142praca na rzecz bezpiecze\u0144stwa\"}]},{\"@type\":\"WebSite\",\"@id\":\"https:\/\/marekkuchcinski.pl\/#website\",\"url\":\"https:\/\/marekkuchcinski.pl\/\",\"name\":\"Marek Kuchci\u0144ski\",\"description\":\"Pose\u0142 na sejm RP &ndash; okr\u0119g nr 22\",\"publisher\":{\"@id\":\"https:\/\/marekkuchcinski.pl\/#organization\"},\"potentialAction\":[{\"@type\":\"SearchAction\",\"target\":{\"@type\":\"EntryPoint\",\"urlTemplate\":\"https:\/\/marekkuchcinski.pl\/?s={search_term_string}\"},\"query-input\":{\"@type\":\"PropertyValueSpecification\",\"valueRequired\":true,\"valueName\":\"search_term_string\"}}],\"inLanguage\":\"ro-RO\"},{\"@type\":\"Organization\",\"@id\":\"https:\/\/marekkuchcinski.pl\/#organization\",\"name\":\"Marek Kuchci\u0144ski\",\"url\":\"https:\/\/marekkuchcinski.pl\/\",\"logo\":{\"@type\":\"ImageObject\",\"inLanguage\":\"ro-RO\",\"@id\":\"https:\/\/marekkuchcinski.pl\/#\/schema\/logo\/image\/\",\"url\":\"https:\/\/marekkuchcinski.pl\/wp-content\/uploads\/2022\/09\/Marek.jpg\",\"contentUrl\":\"https:\/\/marekkuchcinski.pl\/wp-content\/uploads\/2022\/09\/Marek.jpg\",\"width\":1600,\"height\":971,\"caption\":\"Marek Kuchci\u0144ski\"},\"image\":{\"@id\":\"https:\/\/marekkuchcinski.pl\/#\/schema\/logo\/image\/\"}},{\"@type\":\"Person\",\"@id\":\"https:\/\/marekkuchcinski.pl\/#\/schema\/person\/51d5d4ee3b5317b8e4dd2b48af359229\",\"name\":\"Marta Olejnik\",\"image\":{\"@type\":\"ImageObject\",\"inLanguage\":\"ro-RO\",\"@id\":\"https:\/\/marekkuchcinski.pl\/#\/schema\/person\/image\/\",\"url\":\"https:\/\/secure.gravatar.com\/avatar\/e39914b2aa6a48959e24d475b5dc9793?s=96&d=mm&r=g\",\"contentUrl\":\"https:\/\/secure.gravatar.com\/avatar\/e39914b2aa6a48959e24d475b5dc9793?s=96&d=mm&r=g\",\"caption\":\"Marta Olejnik\"},\"url\":\"https:\/\/marekkuchcinski.pl\/ro\/author\/marta\/\"}]}<\/script>\n<!-- \/ Yoast SEO plugin. -->","yoast_head_json":{"title":"Polska, Czechy, S\u0142owenia \u2013 mocniejsza wsp\u00f3\u0142praca na rzecz bezpiecze\u0144stwa &#8211; Marek Kuchci\u0144ski","robots":{"index":"index","follow":"follow","max-snippet":"max-snippet:-1","max-image-preview":"max-image-preview:large","max-video-preview":"max-video-preview:-1"},"canonical":"https:\/\/marekkuchcinski.pl\/ro\/wydarzenia\/polska-czechy-slowenia-mocniejsza-wspolpraca-na-rzecz-bezpieczenstwa\/","og_locale":"ro_RO","og_type":"article","og_title":"Polska, Czechy, S\u0142owenia \u2013 mocniejsza wsp\u00f3\u0142praca na rzecz bezpiecze\u0144stwa &#8211; Marek Kuchci\u0144ski","og_description":"Przewodnicz\u0105cy Komisji Spraw Zagranicznych Marek Kuchci\u0144ski rozmawia\u0142 z przewodnicz\u0105cymi z Czech Markiem \u017den\u00ed\u0161kiem i S\u0142owenii Monik\u0105 Gregor\u010di\u010d. Nawi\u0105zuj\u0105c do wizyty naszych premier\u00f3w w Kijowie, przewodnicz\u0105cy zgodzili si\u0119, \u017ce konieczne jest wzmocnienie wsp\u00f3\u0142pracy tak\u017ce na poziomie parlamentarnym, dalsze wsparcie militarne i humanitarne. Pot\u0119piono rosyjsk\u0105 agresj\u0119 i zaapelowali o dotkliwsze, skuteczniejsze sankcje. Podkre\u015blono, \u017ce mi\u0119dzynarodowa spo\u0142eczno\u015b\u0107 musi [&hellip;]","og_url":"https:\/\/marekkuchcinski.pl\/ro\/wydarzenia\/polska-czechy-slowenia-mocniejsza-wspolpraca-na-rzecz-bezpieczenstwa\/","og_site_name":"Marek Kuchci\u0144ski","article_published_time":"2022-03-18T20:39:59+00:00","article_modified_time":"2022-03-18T20:40:02+00:00","og_image":[{"width":2048,"height":1356,"url":"https:\/\/marekkuchcinski.pl\/wp-content\/uploads\/2022\/03\/mslow-scaled.jpg","type":"image\/jpeg"}],"author":"Marta Olejnik","twitter_card":"summary_large_image","twitter_misc":{"Scris de":"Marta Olejnik","Timp estimat pentru citire":"1 minute"},"schema":{"@context":"https:\/\/schema.org","@graph":[{"@type":"Article","@id":"https:\/\/marekkuchcinski.pl\/wydarzenia\/polska-czechy-slowenia-mocniejsza-wspolpraca-na-rzecz-bezpieczenstwa\/#article","isPartOf":{"@id":"https:\/\/marekkuchcinski.pl\/wydarzenia\/polska-czechy-slowenia-mocniejsza-wspolpraca-na-rzecz-bezpieczenstwa\/"},"author":{"name":"Marta Olejnik","@id":"https:\/\/marekkuchcinski.pl\/#\/schema\/person\/51d5d4ee3b5317b8e4dd2b48af359229"},"headline":"Polska, Czechy, S\u0142owenia \u2013 mocniejsza wsp\u00f3\u0142praca na rzecz bezpiecze\u0144stwa","datePublished":"2022-03-18T20:39:59+00:00","dateModified":"2022-03-18T20:40:02+00:00","mainEntityOfPage":{"@id":"https:\/\/marekkuchcinski.pl\/wydarzenia\/polska-czechy-slowenia-mocniejsza-wspolpraca-na-rzecz-bezpieczenstwa\/"},"wordCount":89,"commentCount":0,"publisher":{"@id":"https:\/\/marekkuchcinski.pl\/#organization"},"image":{"@id":"https:\/\/marekkuchcinski.pl\/wydarzenia\/polska-czechy-slowenia-mocniejsza-wspolpraca-na-rzecz-bezpieczenstwa\/#primaryimage"},"thumbnailUrl":"https:\/\/marekkuchcinski.pl\/wp-content\/uploads\/2022\/03\/mslow-scaled.jpg","articleSection":["Wsp\u00f3\u0142praca mi\u0119dzynarodowa","Wydarzenia"],"inLanguage":"ro-RO","potentialAction":[{"@type":"CommentAction","name":"Comment","target":["https:\/\/marekkuchcinski.pl\/wydarzenia\/polska-czechy-slowenia-mocniejsza-wspolpraca-na-rzecz-bezpieczenstwa\/#respond"]}]},{"@type":"WebPage","@id":"https:\/\/marekkuchcinski.pl\/wydarzenia\/polska-czechy-slowenia-mocniejsza-wspolpraca-na-rzecz-bezpieczenstwa\/","url":"https:\/\/marekkuchcinski.pl\/wydarzenia\/polska-czechy-slowenia-mocniejsza-wspolpraca-na-rzecz-bezpieczenstwa\/","name":"Polska, Czechy, S\u0142owenia \u2013 mocniejsza wsp\u00f3\u0142praca na rzecz bezpiecze\u0144stwa &#8211; Marek Kuchci\u0144ski","isPartOf":{"@id":"https:\/\/marekkuchcinski.pl\/#website"},"primaryImageOfPage":{"@id":"https:\/\/marekkuchcinski.pl\/wydarzenia\/polska-czechy-slowenia-mocniejsza-wspolpraca-na-rzecz-bezpieczenstwa\/#primaryimage"},"image":{"@id":"https:\/\/marekkuchcinski.pl\/wydarzenia\/polska-czechy-slowenia-mocniejsza-wspolpraca-na-rzecz-bezpieczenstwa\/#primaryimage"},"thumbnailUrl":"https:\/\/marekkuchcinski.pl\/wp-content\/uploads\/2022\/03\/mslow-scaled.jpg","datePublished":"2022-03-18T20:39:59+00:00","dateModified":"2022-03-18T20:40:02+00:00","breadcrumb":{"@id":"https:\/\/marekkuchcinski.pl\/wydarzenia\/polska-czechy-slowenia-mocniejsza-wspolpraca-na-rzecz-bezpieczenstwa\/#breadcrumb"},"inLanguage":"ro-RO","potentialAction":[{"@type":"ReadAction","target":["https:\/\/marekkuchcinski.pl\/wydarzenia\/polska-czechy-slowenia-mocniejsza-wspolpraca-na-rzecz-bezpieczenstwa\/"]}]},{"@type":"ImageObject","inLanguage":"ro-RO","@id":"https:\/\/marekkuchcinski.pl\/wydarzenia\/polska-czechy-slowenia-mocniejsza-wspolpraca-na-rzecz-bezpieczenstwa\/#primaryimage","url":"https:\/\/marekkuchcinski.pl\/wp-content\/uploads\/2022\/03\/mslow-scaled.jpg","contentUrl":"https:\/\/marekkuchcinski.pl\/wp-content\/uploads\/2022\/03\/mslow-scaled.jpg","width":2048,"height":1356},{"@type":"BreadcrumbList","@id":"https:\/\/marekkuchcinski.pl\/wydarzenia\/polska-czechy-slowenia-mocniejsza-wspolpraca-na-rzecz-bezpieczenstwa\/#breadcrumb","itemListElement":[{"@type":"ListItem","position":1,"name":"Strona g\u0142\u00f3wna","item":"https:\/\/marekkuchcinski.pl\/"},{"@type":"ListItem","position":2,"name":"Polska, Czechy, S\u0142owenia \u2013 mocniejsza wsp\u00f3\u0142praca na rzecz bezpiecze\u0144stwa"}]},{"@type":"WebSite","@id":"https:\/\/marekkuchcinski.pl\/#website","url":"https:\/\/marekkuchcinski.pl\/","name":"Marek Kuchci\u0144ski","description":"Pose\u0142 na sejm RP &ndash; okr\u0119g nr 22","publisher":{"@id":"https:\/\/marekkuchcinski.pl\/#organization"},"potentialAction":[{"@type":"SearchAction","target":{"@type":"EntryPoint","urlTemplate":"https:\/\/marekkuchcinski.pl\/?s={search_term_string}"},"query-input":{"@type":"PropertyValueSpecification","valueRequired":true,"valueName":"search_term_string"}}],"inLanguage":"ro-RO"},{"@type":"Organization","@id":"https:\/\/marekkuchcinski.pl\/#organization","name":"Marek Kuchci\u0144ski","url":"https:\/\/marekkuchcinski.pl\/","logo":{"@type":"ImageObject","inLanguage":"ro-RO","@id":"https:\/\/marekkuchcinski.pl\/#\/schema\/logo\/image\/","url":"https:\/\/marekkuchcinski.pl\/wp-content\/uploads\/2022\/09\/Marek.jpg","contentUrl":"https:\/\/marekkuchcinski.pl\/wp-content\/uploads\/2022\/09\/Marek.jpg","width":1600,"height":971,"caption":"Marek Kuchci\u0144ski"},"image":{"@id":"https:\/\/marekkuchcinski.pl\/#\/schema\/logo\/image\/"}},{"@type":"Person","@id":"https:\/\/marekkuchcinski.pl\/#\/schema\/person\/51d5d4ee3b5317b8e4dd2b48af359229","name":"Marta Olejnik","image":{"@type":"ImageObject","inLanguage":"ro-RO","@id":"https:\/\/marekkuchcinski.pl\/#\/schema\/person\/image\/","url":"https:\/\/secure.gravatar.com\/avatar\/e39914b2aa6a48959e24d475b5dc9793?s=96&d=mm&r=g","contentUrl":"https:\/\/secure.gravatar.com\/avatar\/e39914b2aa6a48959e24d475b5dc9793?s=96&d=mm&r=g","caption":"Marta Olejnik"},"url":"https:\/\/marekkuchcinski.pl\/ro\/author\/marta\/"}]}},"_links":{"self":[{"href":"https:\/\/marekkuchcinski.pl\/ro\/wp-json\/wp\/v2\/posts\/24570","targetHints":{"allow":["GET"]}}],"collection":[{"href":"https:\/\/marekkuchcinski.pl\/ro\/wp-json\/wp\/v2\/posts"}],"about":[{"href":"https:\/\/marekkuchcinski.pl\/ro\/wp-json\/wp\/v2\/types\/post"}],"author":[{"embeddable":true,"href":"https:\/\/marekkuchcinski.pl\/ro\/wp-json\/wp\/v2\/users\/21"}],"replies":[{"embeddable":true,"href":"https:\/\/marekkuchcinski.pl\/ro\/wp-json\/wp\/v2\/comments?post=24570"}],"version-history":[{"count":2,"href":"https:\/\/marekkuchcinski.pl\/ro\/wp-json\/wp\/v2\/posts\/24570\/revisions"}],"predecessor-version":[{"id":24574,"href":"https:\/\/marekkuchcinski.pl\/ro\/wp-json\/wp\/v2\/posts\/24570\/revisions\/24574"}],"wp:featuredmedia":[{"embeddable":true,"href":"https:\/\/marekkuchcinski.pl\/ro\/wp-json\/wp\/v2\/media\/24571"}],"wp:attachment":[{"href":"https:\/\/marekkuchcinski.pl\/ro\/wp-json\/wp\/v2\/media?parent=24570"}],"wp:term":[{"taxonomy":"category","embeddable":true,"href":"https:\/\/marekkuchcinski.pl\/ro\/wp-json\/wp\/v2\/categories?post=24570"},{"taxonomy":"post_tag","embeddable":true,"href":"https:\/\/marekkuchcinski.pl\/ro\/wp-json\/wp\/v2\/tags?post=24570"}],"curies":[{"name":"wp","href":"https:\/\/api.w.org\/{rel}","templated":true}]}}