{"id":24515,"date":"2022-03-15T14:05:57","date_gmt":"2022-03-15T13:05:57","guid":{"rendered":"https:\/\/marekkuchcinski.pl\/?p=24515"},"modified":"2022-03-15T14:06:00","modified_gmt":"2022-03-15T13:06:00","slug":"kosciol-katolicki-pomaga-ofiarom-rosyjskiej-agresji-na-ukraine","status":"publish","type":"post","link":"https:\/\/marekkuchcinski.pl\/ro\/wydarzenia\/kosciol-katolicki-pomaga-ofiarom-rosyjskiej-agresji-na-ukraine\/","title":{"rendered":"Biserica Catolic\u0103 ajut\u0103 victimele agresiunii ruse\u0219ti \u00eempotriva Ucrainei"},"content":{"rendered":"<p>Biserica Catolic\u0103 din Polonia a fost o verig\u0103 puternic\u0103 \u00een sprijinul societ\u0103\u021bii \u00een lupta \u00eempotriva comunismului. \u00cen timpul legii mar\u021biale, a oferit ad\u0103post celor reprima\u021bi \u0219i a organizat medicamente esen\u021biale, alimente \u0219i bani. Biserica nu face ostenta\u021bie de ceea ce este \u00eenscris \u00een r\u0103d\u0103cinile cre\u0219tine ale Europei - ajutorul dezinteresat. Chiar \u0219i ast\u0103zi, c\u0103lug\u0103ri\u021bele \u0219i preo\u021bii sunt eroi t\u0103cu\u021bi, aduc\u00e2nd ajutor la mii de ucraineni care fug de r\u0103zboi.<\/p>\n\n\n\n<p>\u00cen prezent, \u00een 924 de case religioase din Polonia \u0219i 98 din Ucraina, c\u0103lug\u0103ri\u021bele ofer\u0103 ajutor spiritual, psihologic, medical \u0219i material refugia\u021bilor de r\u0103zboi, a anun\u021bat Conferin\u021ba Superioarelor Majore ale Congrega\u021biilor Religioase Feminine din Polonia. Potrivit estim\u0103rilor, de la \u00eenceputul r\u0103zboiului, fiecare dintre cele 150 de congrega\u021bii religioase feminine care func\u021bioneaz\u0103 \u00een Polonia \u0219i Ucraina a oferit asisten\u021b\u0103 pentru c\u00e2teva persoane, p\u00e2n\u0103 la 18.000 de persoane.<\/p>\n\n\n\n<p>Caritas al Arhiepiscopiei de Przemy\u015bl opereaz\u0103 at\u00e2t la nivel local, c\u00e2t \u0219i \u00een Ucraina. \u00cen Przemy\u015bl, la gar\u0103, \u00een restaurantul Per\u0142a, pe strada Lwowska, \u00een Cortul Speran\u021bei, \u00een centrul pentru str\u0103ini de pe strada Mickiewicza, la punctul de trecere a frontierei din Korczowa, Chotyniec, M\u0142yny, Kro\u015bcienko, \u00een Medyka.<\/p>\n\n\n\n<p>\u00cen fiecare zi, Caritas preg\u0103te\u0219te mese pentru refugia\u021bi, precum \u0219i pentru for\u021bele de ordine (pompieri, poli\u021bi\u0219ti) \u0219i serviciile medicale. \u00cen fiecare zi oferim refugia\u021bilor c\u00e2teva mii de por\u021bii de sup\u0103 cald\u0103, sandvi\u0219uri, dulciuri, ap\u0103, p\u0103turi, paturi de campanie etc. Micul dejun, pr\u00e2nzul \u0219i cina sunt, de asemenea, servite gratuit pentru tot personalul \u00een uniform\u0103 \u0219i pentru personalul de aplicare a legii care lucreaz\u0103 \u00een sta\u021bie (peste 200 de mese sunt servite zilnic). Voluntarii ofer\u0103 sprijin emo\u021bional, ajut\u0103 la relocarea refugia\u021bilor, transport la gar\u0103, ofer\u0103 informa\u021bii, ajut\u0103 la rezolvarea unor probleme minore (asisten\u021b\u0103 personal\u0103), iar Surorile Sf\u00e2ntului Mihail \u0219i Sf\u00e2ntului Felice organizeaz\u0103 anima\u021bii pentru copii.<\/p>\n\n\n\n<p>Datorit\u0103 angajamentului multor oameni de bun\u0103voin\u021b\u0103, a generozit\u0103\u021bii \u0219i solidarit\u0103\u021bii lor, numai Caritasul Arhiepiscopiei de Przemysl a reu\u0219it deja s\u0103 livreze \u00een Ucraina 63 de camioane \u0219i 38 de autobuze cu alimente, ap\u0103, provizii uscate, produse de igien\u0103, medicamente, p\u0103turi etc. Am comandat 100 de generatoare de energie care vor fi donate spitalelor \u0219i cl\u0103dirilor publice din Ucraina.<\/p>\n\n\n\n<p>\u00cen fiecare zi, Caritas Przemysl distribuie aproximativ 30 de mii de sandvi\u0219uri refugia\u021bilor. Am predat 8 pale\u021bi de alimente, inclusiv sandvi\u0219uri, p\u0103r\u021bii ucrainene, pentru persoanele care a\u0219teapt\u0103 la cozi pentru trecerea frontierei. Am internat 28 de bolnavi \u00een Centrul de \u00eengrijire \u0219i tratament din Przemy\u015bl, 5 persoane \u00een v\u00e2rst\u0103 au fost internate \u00een Casa de odihn\u0103 Caritas din K\u0105kol\u00f3wka, iar 20 de mame cu copii au g\u0103sit ad\u0103post \u00een Casa Caritas pentru mame \u0219i copii din Przemy\u015bl. Am declarat c\u0103 am acceptat 80 de persoane cu dizabilit\u0103\u021bi \u00een Centrul Caritas din Zboiska. \u00cen fiecare zi, aproximativ 150 de voluntari sunt implica\u021bi \u00een ajutorarea refugia\u021bilor. 150 de voluntari.<\/p>\n\n\n\n<p>Papa Francisc le-a mul\u021bumit polonezilor pentru ajutorul acordat refugia\u021bilor: \"A\u021bi fost primii care a\u021bi sprijinit Ucraina, deschiz\u00e2ndu-v\u0103 grani\u021bele, inimile \u0219i u\u0219ile caselor voastre ucrainenilor care fugeau de r\u0103zboi. Le oferi\u021bi cu generozitate tot ceea ce au nevoie pentru a tr\u0103i cu demnitate, \u00een ciuda dramei momentului prezent. V\u0103 sunt profund recunosc\u0103toare \u0219i v\u0103 binecuv\u00e2ntez din inim\u0103!<\/p>\n\n\n\n<p>Foto: Radio Vatican<\/p>","protected":false},"excerpt":{"rendered":"<p>Ko\u015bci\u00f3\u0142 katolicki w Polsce by\u0142 silnym ogniwem wsparcia spo\u0142ecze\u0144stwa w walce z komunizmem. W stanie wojennym dawa\u0142 schronienie represjonowanym, organizowa\u0142 niezb\u0119dne leki, \u017cywno\u015b\u0107, pieni\u0105dze. Ko\u015bci\u00f3\u0142&nbsp;nie afiszuje si\u0119 tym, co wpisane jest w chrze\u015bcija\u0144skie korzenie Europy \u2013 bezinteresown\u0105 pomoc\u0105. R\u00f3wnie\u017c dzi\u015b siostry zakonne i ksi\u0119\u017ca s\u0105 cichymi bohaterami, nios\u0105c pomoc tysi\u0105com uciekaj\u0105cych przed wojn\u0105 Ukrai\u0144c\u00f3w. Obecnie [&hellip;]<\/p>","protected":false},"author":21,"featured_media":24516,"comment_status":"open","ping_status":"open","sticky":false,"template":"","format":"standard","meta":{"ngg_post_thumbnail":0,"footnotes":""},"categories":[3],"tags":[],"class_list":["post-24515","post","type-post","status-publish","format-standard","has-post-thumbnail","hentry","category-wydarzenia"],"yoast_head":"<!-- This site is optimized with the Yoast SEO plugin v24.7 - https:\/\/yoast.com\/wordpress\/plugins\/seo\/ -->\n<title>Ko\u015bci\u00f3\u0142 katolicki pomaga ofiarom rosyjskiej agresji na Ukrain\u0119 &#8211; Marek Kuchci\u0144ski<\/title>\n<meta name=\"robots\" content=\"index, follow, max-snippet:-1, max-image-preview:large, max-video-preview:-1\" \/>\n<link rel=\"canonical\" href=\"https:\/\/marekkuchcinski.pl\/ro\/wydarzenia\/kosciol-katolicki-pomaga-ofiarom-rosyjskiej-agresji-na-ukraine\/\" \/>\n<meta property=\"og:locale\" content=\"ro_RO\" \/>\n<meta property=\"og:type\" content=\"article\" \/>\n<meta property=\"og:title\" content=\"Ko\u015bci\u00f3\u0142 katolicki pomaga ofiarom rosyjskiej agresji na Ukrain\u0119 &#8211; Marek Kuchci\u0144ski\" \/>\n<meta property=\"og:description\" content=\"Ko\u015bci\u00f3\u0142 katolicki w Polsce by\u0142 silnym ogniwem wsparcia spo\u0142ecze\u0144stwa w walce z komunizmem. W stanie wojennym dawa\u0142 schronienie represjonowanym, organizowa\u0142 niezb\u0119dne leki, \u017cywno\u015b\u0107, pieni\u0105dze. Ko\u015bci\u00f3\u0142&nbsp;nie afiszuje si\u0119 tym, co wpisane jest w chrze\u015bcija\u0144skie korzenie Europy \u2013 bezinteresown\u0105 pomoc\u0105. R\u00f3wnie\u017c dzi\u015b siostry zakonne i ksi\u0119\u017ca s\u0105 cichymi bohaterami, nios\u0105c pomoc tysi\u0105com uciekaj\u0105cych przed wojn\u0105 Ukrai\u0144c\u00f3w. Obecnie [&hellip;]\" \/>\n<meta property=\"og:url\" content=\"https:\/\/marekkuchcinski.pl\/ro\/wydarzenia\/kosciol-katolicki-pomaga-ofiarom-rosyjskiej-agresji-na-ukraine\/\" \/>\n<meta property=\"og:site_name\" content=\"Marek Kuchci\u0144ski\" \/>\n<meta property=\"article:published_time\" content=\"2022-03-15T13:05:57+00:00\" \/>\n<meta property=\"article:modified_time\" content=\"2022-03-15T13:06:00+00:00\" \/>\n<meta property=\"og:image\" content=\"https:\/\/marekkuchcinski.pl\/wp-content\/uploads\/2022\/03\/FM1RbAxXsAINo4K-scaled.jpg\" \/>\n\t<meta property=\"og:image:width\" content=\"2048\" \/>\n\t<meta property=\"og:image:height\" content=\"1365\" \/>\n\t<meta property=\"og:image:type\" content=\"image\/jpeg\" \/>\n<meta name=\"author\" content=\"Marta Olejnik\" \/>\n<meta name=\"twitter:card\" content=\"summary_large_image\" \/>\n<meta name=\"twitter:label1\" content=\"Scris de\" \/>\n\t<meta name=\"twitter:data1\" content=\"Marta Olejnik\" \/>\n\t<meta name=\"twitter:label2\" content=\"Timp estimat pentru citire\" \/>\n\t<meta name=\"twitter:data2\" content=\"2 minutes\" \/>\n<script type=\"application\/ld+json\" class=\"yoast-schema-graph\">{\"@context\":\"https:\/\/schema.org\",\"@graph\":[{\"@type\":\"Article\",\"@id\":\"https:\/\/marekkuchcinski.pl\/cs\/wydarzenia\/kosciol-katolicki-pomaga-ofiarom-rosyjskiej-agresji-na-ukraine\/#article\",\"isPartOf\":{\"@id\":\"https:\/\/marekkuchcinski.pl\/cs\/wydarzenia\/kosciol-katolicki-pomaga-ofiarom-rosyjskiej-agresji-na-ukraine\/\"},\"author\":{\"name\":\"Marta Olejnik\",\"@id\":\"https:\/\/marekkuchcinski.pl\/#\/schema\/person\/51d5d4ee3b5317b8e4dd2b48af359229\"},\"headline\":\"Ko\u015bci\u00f3\u0142 katolicki pomaga ofiarom rosyjskiej agresji na Ukrain\u0119\",\"datePublished\":\"2022-03-15T13:05:57+00:00\",\"dateModified\":\"2022-03-15T13:06:00+00:00\",\"mainEntityOfPage\":{\"@id\":\"https:\/\/marekkuchcinski.pl\/cs\/wydarzenia\/kosciol-katolicki-pomaga-ofiarom-rosyjskiej-agresji-na-ukraine\/\"},\"wordCount\":541,\"commentCount\":0,\"publisher\":{\"@id\":\"https:\/\/marekkuchcinski.pl\/#organization\"},\"image\":{\"@id\":\"https:\/\/marekkuchcinski.pl\/cs\/wydarzenia\/kosciol-katolicki-pomaga-ofiarom-rosyjskiej-agresji-na-ukraine\/#primaryimage\"},\"thumbnailUrl\":\"https:\/\/marekkuchcinski.pl\/wp-content\/uploads\/2022\/03\/FM1RbAxXsAINo4K-scaled.jpg\",\"articleSection\":[\"Wydarzenia\"],\"inLanguage\":\"ro-RO\",\"potentialAction\":[{\"@type\":\"CommentAction\",\"name\":\"Comment\",\"target\":[\"https:\/\/marekkuchcinski.pl\/cs\/wydarzenia\/kosciol-katolicki-pomaga-ofiarom-rosyjskiej-agresji-na-ukraine\/#respond\"]}]},{\"@type\":\"WebPage\",\"@id\":\"https:\/\/marekkuchcinski.pl\/cs\/wydarzenia\/kosciol-katolicki-pomaga-ofiarom-rosyjskiej-agresji-na-ukraine\/\",\"url\":\"https:\/\/marekkuchcinski.pl\/cs\/wydarzenia\/kosciol-katolicki-pomaga-ofiarom-rosyjskiej-agresji-na-ukraine\/\",\"name\":\"Ko\u015bci\u00f3\u0142 katolicki pomaga ofiarom rosyjskiej agresji na Ukrain\u0119 &#8211; Marek Kuchci\u0144ski\",\"isPartOf\":{\"@id\":\"https:\/\/marekkuchcinski.pl\/#website\"},\"primaryImageOfPage\":{\"@id\":\"https:\/\/marekkuchcinski.pl\/cs\/wydarzenia\/kosciol-katolicki-pomaga-ofiarom-rosyjskiej-agresji-na-ukraine\/#primaryimage\"},\"image\":{\"@id\":\"https:\/\/marekkuchcinski.pl\/cs\/wydarzenia\/kosciol-katolicki-pomaga-ofiarom-rosyjskiej-agresji-na-ukraine\/#primaryimage\"},\"thumbnailUrl\":\"https:\/\/marekkuchcinski.pl\/wp-content\/uploads\/2022\/03\/FM1RbAxXsAINo4K-scaled.jpg\",\"datePublished\":\"2022-03-15T13:05:57+00:00\",\"dateModified\":\"2022-03-15T13:06:00+00:00\",\"breadcrumb\":{\"@id\":\"https:\/\/marekkuchcinski.pl\/cs\/wydarzenia\/kosciol-katolicki-pomaga-ofiarom-rosyjskiej-agresji-na-ukraine\/#breadcrumb\"},\"inLanguage\":\"ro-RO\",\"potentialAction\":[{\"@type\":\"ReadAction\",\"target\":[\"https:\/\/marekkuchcinski.pl\/cs\/wydarzenia\/kosciol-katolicki-pomaga-ofiarom-rosyjskiej-agresji-na-ukraine\/\"]}]},{\"@type\":\"ImageObject\",\"inLanguage\":\"ro-RO\",\"@id\":\"https:\/\/marekkuchcinski.pl\/cs\/wydarzenia\/kosciol-katolicki-pomaga-ofiarom-rosyjskiej-agresji-na-ukraine\/#primaryimage\",\"url\":\"https:\/\/marekkuchcinski.pl\/wp-content\/uploads\/2022\/03\/FM1RbAxXsAINo4K-scaled.jpg\",\"contentUrl\":\"https:\/\/marekkuchcinski.pl\/wp-content\/uploads\/2022\/03\/FM1RbAxXsAINo4K-scaled.jpg\",\"width\":2048,\"height\":1365},{\"@type\":\"BreadcrumbList\",\"@id\":\"https:\/\/marekkuchcinski.pl\/cs\/wydarzenia\/kosciol-katolicki-pomaga-ofiarom-rosyjskiej-agresji-na-ukraine\/#breadcrumb\",\"itemListElement\":[{\"@type\":\"ListItem\",\"position\":1,\"name\":\"Strona g\u0142\u00f3wna\",\"item\":\"https:\/\/marekkuchcinski.pl\/\"},{\"@type\":\"ListItem\",\"position\":2,\"name\":\"Ko\u015bci\u00f3\u0142 katolicki pomaga ofiarom rosyjskiej agresji na Ukrain\u0119\"}]},{\"@type\":\"WebSite\",\"@id\":\"https:\/\/marekkuchcinski.pl\/#website\",\"url\":\"https:\/\/marekkuchcinski.pl\/\",\"name\":\"Marek Kuchci\u0144ski\",\"description\":\"Pose\u0142 na sejm RP &ndash; okr\u0119g nr 22\",\"publisher\":{\"@id\":\"https:\/\/marekkuchcinski.pl\/#organization\"},\"potentialAction\":[{\"@type\":\"SearchAction\",\"target\":{\"@type\":\"EntryPoint\",\"urlTemplate\":\"https:\/\/marekkuchcinski.pl\/?s={search_term_string}\"},\"query-input\":{\"@type\":\"PropertyValueSpecification\",\"valueRequired\":true,\"valueName\":\"search_term_string\"}}],\"inLanguage\":\"ro-RO\"},{\"@type\":\"Organization\",\"@id\":\"https:\/\/marekkuchcinski.pl\/#organization\",\"name\":\"Marek Kuchci\u0144ski\",\"url\":\"https:\/\/marekkuchcinski.pl\/\",\"logo\":{\"@type\":\"ImageObject\",\"inLanguage\":\"ro-RO\",\"@id\":\"https:\/\/marekkuchcinski.pl\/#\/schema\/logo\/image\/\",\"url\":\"https:\/\/marekkuchcinski.pl\/wp-content\/uploads\/2022\/09\/Marek.jpg\",\"contentUrl\":\"https:\/\/marekkuchcinski.pl\/wp-content\/uploads\/2022\/09\/Marek.jpg\",\"width\":1600,\"height\":971,\"caption\":\"Marek Kuchci\u0144ski\"},\"image\":{\"@id\":\"https:\/\/marekkuchcinski.pl\/#\/schema\/logo\/image\/\"}},{\"@type\":\"Person\",\"@id\":\"https:\/\/marekkuchcinski.pl\/#\/schema\/person\/51d5d4ee3b5317b8e4dd2b48af359229\",\"name\":\"Marta Olejnik\",\"image\":{\"@type\":\"ImageObject\",\"inLanguage\":\"ro-RO\",\"@id\":\"https:\/\/marekkuchcinski.pl\/#\/schema\/person\/image\/\",\"url\":\"https:\/\/secure.gravatar.com\/avatar\/e39914b2aa6a48959e24d475b5dc9793?s=96&d=mm&r=g\",\"contentUrl\":\"https:\/\/secure.gravatar.com\/avatar\/e39914b2aa6a48959e24d475b5dc9793?s=96&d=mm&r=g\",\"caption\":\"Marta Olejnik\"},\"url\":\"https:\/\/marekkuchcinski.pl\/ro\/author\/marta\/\"}]}<\/script>\n<!-- \/ Yoast SEO plugin. -->","yoast_head_json":{"title":"Ko\u015bci\u00f3\u0142 katolicki pomaga ofiarom rosyjskiej agresji na Ukrain\u0119 &#8211; Marek Kuchci\u0144ski","robots":{"index":"index","follow":"follow","max-snippet":"max-snippet:-1","max-image-preview":"max-image-preview:large","max-video-preview":"max-video-preview:-1"},"canonical":"https:\/\/marekkuchcinski.pl\/ro\/wydarzenia\/kosciol-katolicki-pomaga-ofiarom-rosyjskiej-agresji-na-ukraine\/","og_locale":"ro_RO","og_type":"article","og_title":"Ko\u015bci\u00f3\u0142 katolicki pomaga ofiarom rosyjskiej agresji na Ukrain\u0119 &#8211; Marek Kuchci\u0144ski","og_description":"Ko\u015bci\u00f3\u0142 katolicki w Polsce by\u0142 silnym ogniwem wsparcia spo\u0142ecze\u0144stwa w walce z komunizmem. W stanie wojennym dawa\u0142 schronienie represjonowanym, organizowa\u0142 niezb\u0119dne leki, \u017cywno\u015b\u0107, pieni\u0105dze. Ko\u015bci\u00f3\u0142&nbsp;nie afiszuje si\u0119 tym, co wpisane jest w chrze\u015bcija\u0144skie korzenie Europy \u2013 bezinteresown\u0105 pomoc\u0105. R\u00f3wnie\u017c dzi\u015b siostry zakonne i ksi\u0119\u017ca s\u0105 cichymi bohaterami, nios\u0105c pomoc tysi\u0105com uciekaj\u0105cych przed wojn\u0105 Ukrai\u0144c\u00f3w. Obecnie [&hellip;]","og_url":"https:\/\/marekkuchcinski.pl\/ro\/wydarzenia\/kosciol-katolicki-pomaga-ofiarom-rosyjskiej-agresji-na-ukraine\/","og_site_name":"Marek Kuchci\u0144ski","article_published_time":"2022-03-15T13:05:57+00:00","article_modified_time":"2022-03-15T13:06:00+00:00","og_image":[{"width":2048,"height":1365,"url":"https:\/\/marekkuchcinski.pl\/wp-content\/uploads\/2022\/03\/FM1RbAxXsAINo4K-scaled.jpg","type":"image\/jpeg"}],"author":"Marta Olejnik","twitter_card":"summary_large_image","twitter_misc":{"Scris de":"Marta Olejnik","Timp estimat pentru citire":"2 minutes"},"schema":{"@context":"https:\/\/schema.org","@graph":[{"@type":"Article","@id":"https:\/\/marekkuchcinski.pl\/cs\/wydarzenia\/kosciol-katolicki-pomaga-ofiarom-rosyjskiej-agresji-na-ukraine\/#article","isPartOf":{"@id":"https:\/\/marekkuchcinski.pl\/cs\/wydarzenia\/kosciol-katolicki-pomaga-ofiarom-rosyjskiej-agresji-na-ukraine\/"},"author":{"name":"Marta Olejnik","@id":"https:\/\/marekkuchcinski.pl\/#\/schema\/person\/51d5d4ee3b5317b8e4dd2b48af359229"},"headline":"Ko\u015bci\u00f3\u0142 katolicki pomaga ofiarom rosyjskiej agresji na Ukrain\u0119","datePublished":"2022-03-15T13:05:57+00:00","dateModified":"2022-03-15T13:06:00+00:00","mainEntityOfPage":{"@id":"https:\/\/marekkuchcinski.pl\/cs\/wydarzenia\/kosciol-katolicki-pomaga-ofiarom-rosyjskiej-agresji-na-ukraine\/"},"wordCount":541,"commentCount":0,"publisher":{"@id":"https:\/\/marekkuchcinski.pl\/#organization"},"image":{"@id":"https:\/\/marekkuchcinski.pl\/cs\/wydarzenia\/kosciol-katolicki-pomaga-ofiarom-rosyjskiej-agresji-na-ukraine\/#primaryimage"},"thumbnailUrl":"https:\/\/marekkuchcinski.pl\/wp-content\/uploads\/2022\/03\/FM1RbAxXsAINo4K-scaled.jpg","articleSection":["Wydarzenia"],"inLanguage":"ro-RO","potentialAction":[{"@type":"CommentAction","name":"Comment","target":["https:\/\/marekkuchcinski.pl\/cs\/wydarzenia\/kosciol-katolicki-pomaga-ofiarom-rosyjskiej-agresji-na-ukraine\/#respond"]}]},{"@type":"WebPage","@id":"https:\/\/marekkuchcinski.pl\/cs\/wydarzenia\/kosciol-katolicki-pomaga-ofiarom-rosyjskiej-agresji-na-ukraine\/","url":"https:\/\/marekkuchcinski.pl\/cs\/wydarzenia\/kosciol-katolicki-pomaga-ofiarom-rosyjskiej-agresji-na-ukraine\/","name":"Ko\u015bci\u00f3\u0142 katolicki pomaga ofiarom rosyjskiej agresji na Ukrain\u0119 &#8211; Marek Kuchci\u0144ski","isPartOf":{"@id":"https:\/\/marekkuchcinski.pl\/#website"},"primaryImageOfPage":{"@id":"https:\/\/marekkuchcinski.pl\/cs\/wydarzenia\/kosciol-katolicki-pomaga-ofiarom-rosyjskiej-agresji-na-ukraine\/#primaryimage"},"image":{"@id":"https:\/\/marekkuchcinski.pl\/cs\/wydarzenia\/kosciol-katolicki-pomaga-ofiarom-rosyjskiej-agresji-na-ukraine\/#primaryimage"},"thumbnailUrl":"https:\/\/marekkuchcinski.pl\/wp-content\/uploads\/2022\/03\/FM1RbAxXsAINo4K-scaled.jpg","datePublished":"2022-03-15T13:05:57+00:00","dateModified":"2022-03-15T13:06:00+00:00","breadcrumb":{"@id":"https:\/\/marekkuchcinski.pl\/cs\/wydarzenia\/kosciol-katolicki-pomaga-ofiarom-rosyjskiej-agresji-na-ukraine\/#breadcrumb"},"inLanguage":"ro-RO","potentialAction":[{"@type":"ReadAction","target":["https:\/\/marekkuchcinski.pl\/cs\/wydarzenia\/kosciol-katolicki-pomaga-ofiarom-rosyjskiej-agresji-na-ukraine\/"]}]},{"@type":"ImageObject","inLanguage":"ro-RO","@id":"https:\/\/marekkuchcinski.pl\/cs\/wydarzenia\/kosciol-katolicki-pomaga-ofiarom-rosyjskiej-agresji-na-ukraine\/#primaryimage","url":"https:\/\/marekkuchcinski.pl\/wp-content\/uploads\/2022\/03\/FM1RbAxXsAINo4K-scaled.jpg","contentUrl":"https:\/\/marekkuchcinski.pl\/wp-content\/uploads\/2022\/03\/FM1RbAxXsAINo4K-scaled.jpg","width":2048,"height":1365},{"@type":"BreadcrumbList","@id":"https:\/\/marekkuchcinski.pl\/cs\/wydarzenia\/kosciol-katolicki-pomaga-ofiarom-rosyjskiej-agresji-na-ukraine\/#breadcrumb","itemListElement":[{"@type":"ListItem","position":1,"name":"Strona g\u0142\u00f3wna","item":"https:\/\/marekkuchcinski.pl\/"},{"@type":"ListItem","position":2,"name":"Ko\u015bci\u00f3\u0142 katolicki pomaga ofiarom rosyjskiej agresji na Ukrain\u0119"}]},{"@type":"WebSite","@id":"https:\/\/marekkuchcinski.pl\/#website","url":"https:\/\/marekkuchcinski.pl\/","name":"Marek Kuchci\u0144ski","description":"Pose\u0142 na sejm RP &ndash; okr\u0119g nr 22","publisher":{"@id":"https:\/\/marekkuchcinski.pl\/#organization"},"potentialAction":[{"@type":"SearchAction","target":{"@type":"EntryPoint","urlTemplate":"https:\/\/marekkuchcinski.pl\/?s={search_term_string}"},"query-input":{"@type":"PropertyValueSpecification","valueRequired":true,"valueName":"search_term_string"}}],"inLanguage":"ro-RO"},{"@type":"Organization","@id":"https:\/\/marekkuchcinski.pl\/#organization","name":"Marek Kuchci\u0144ski","url":"https:\/\/marekkuchcinski.pl\/","logo":{"@type":"ImageObject","inLanguage":"ro-RO","@id":"https:\/\/marekkuchcinski.pl\/#\/schema\/logo\/image\/","url":"https:\/\/marekkuchcinski.pl\/wp-content\/uploads\/2022\/09\/Marek.jpg","contentUrl":"https:\/\/marekkuchcinski.pl\/wp-content\/uploads\/2022\/09\/Marek.jpg","width":1600,"height":971,"caption":"Marek Kuchci\u0144ski"},"image":{"@id":"https:\/\/marekkuchcinski.pl\/#\/schema\/logo\/image\/"}},{"@type":"Person","@id":"https:\/\/marekkuchcinski.pl\/#\/schema\/person\/51d5d4ee3b5317b8e4dd2b48af359229","name":"Marta Olejnik","image":{"@type":"ImageObject","inLanguage":"ro-RO","@id":"https:\/\/marekkuchcinski.pl\/#\/schema\/person\/image\/","url":"https:\/\/secure.gravatar.com\/avatar\/e39914b2aa6a48959e24d475b5dc9793?s=96&d=mm&r=g","contentUrl":"https:\/\/secure.gravatar.com\/avatar\/e39914b2aa6a48959e24d475b5dc9793?s=96&d=mm&r=g","caption":"Marta Olejnik"},"url":"https:\/\/marekkuchcinski.pl\/ro\/author\/marta\/"}]}},"_links":{"self":[{"href":"https:\/\/marekkuchcinski.pl\/ro\/wp-json\/wp\/v2\/posts\/24515","targetHints":{"allow":["GET"]}}],"collection":[{"href":"https:\/\/marekkuchcinski.pl\/ro\/wp-json\/wp\/v2\/posts"}],"about":[{"href":"https:\/\/marekkuchcinski.pl\/ro\/wp-json\/wp\/v2\/types\/post"}],"author":[{"embeddable":true,"href":"https:\/\/marekkuchcinski.pl\/ro\/wp-json\/wp\/v2\/users\/21"}],"replies":[{"embeddable":true,"href":"https:\/\/marekkuchcinski.pl\/ro\/wp-json\/wp\/v2\/comments?post=24515"}],"version-history":[{"count":1,"href":"https:\/\/marekkuchcinski.pl\/ro\/wp-json\/wp\/v2\/posts\/24515\/revisions"}],"predecessor-version":[{"id":24517,"href":"https:\/\/marekkuchcinski.pl\/ro\/wp-json\/wp\/v2\/posts\/24515\/revisions\/24517"}],"wp:featuredmedia":[{"embeddable":true,"href":"https:\/\/marekkuchcinski.pl\/ro\/wp-json\/wp\/v2\/media\/24516"}],"wp:attachment":[{"href":"https:\/\/marekkuchcinski.pl\/ro\/wp-json\/wp\/v2\/media?parent=24515"}],"wp:term":[{"taxonomy":"category","embeddable":true,"href":"https:\/\/marekkuchcinski.pl\/ro\/wp-json\/wp\/v2\/categories?post=24515"},{"taxonomy":"post_tag","embeddable":true,"href":"https:\/\/marekkuchcinski.pl\/ro\/wp-json\/wp\/v2\/tags?post=24515"}],"curies":[{"name":"wp","href":"https:\/\/api.w.org\/{rel}","templated":true}]}}