{"id":24231,"date":"2022-02-08T11:29:34","date_gmt":"2022-02-08T10:29:34","guid":{"rendered":"https:\/\/marekkuchcinski.pl\/?p=24231"},"modified":"2022-02-15T08:27:21","modified_gmt":"2022-02-15T07:27:21","slug":"xxxii-konferencja-europa-karpat","status":"publish","type":"post","link":"https:\/\/marekkuchcinski.pl\/ro\/bez-kategorii\/xxxii-konferencja-europa-karpat\/","title":{"rendered":"A XXXII-a Conferin\u021b\u0103 Europa Carpa\u021bilor"},"content":{"rendered":"<p>\u00cen perioada 5-6 februarie, la Krasiczyn (Voievodatul Podkarpackie) a avut loc cea de-a 32-a edi\u021bie a conferin\u021bei interna\u021bionale \"Europa Carpa\u021bilor\". Printre participan\u021bi s-au num\u0103rat parlamentari, oficiali ai administra\u021biei locale \u0219i cadre universitare din Polonia, Ungaria, Slovacia, Republica Ceh\u0103, Lituania, Letonia, Moldova, Ucraina, Georgia \u0219i Rom\u00e2nia. Participan\u021bii la conferin\u021b\u0103 au discutat, printre altele, despre importan\u021ba diploma\u021biei parlamentare pentru securitatea european\u0103, despre Green Deal, despre cooperarea \u0219tiin\u021bific\u0103 \u0219i despre redresarea economic\u0103 a regiunii Carpa\u021bilor dup\u0103 criza provocat\u0103 de pandemia de coronavirus. Conferin\u021ba a fost organizat\u0103 de Cancelaria Sejm-ului. Din cauza situa\u021biei edpidemice, reuniunea a avut loc \u00eentr-un format hibrid.<\/p>\n\n\n\n<p>Conferin\u021ba a fost deschis\u0103 de discursurile vicepre\u0219edintelui Sejm-ului, Ryszard Terlecki, pre\u0219edintelui Comisiei pentru afaceri externe, Marek Kuchci\u0144ski, \u0219i ministrului infrastructurii, Andrzej Adamczyk.<\/p>\n\n\n\n<p>- Pe parcursul celor 32 de edi\u021bii ale Europei Carpatice au fost dezvoltate multe idei \u0219i ini\u021biative, dar mai ales oameni din \u00eentreaga Europ\u0103 Central\u0103 - politicieni, oameni de afaceri, oameni de \u0219tiin\u021b\u0103, oficiali ai administra\u021biei locale, oameni de cultur\u0103 - a spus vicepre\u0219edintele Terlecki \u00een discursul s\u0103u de la Castelul din Krasiczyn. Dup\u0103 cum a remarcat, pe l\u00e2ng\u0103 aceste \u00eent\u00e2lniri exist\u0103 o \"infrastructur\u0103 de prietenie, de cooperare, care este extrem de valoroas\u0103 \u00een regiune\". - A\u0219 dori s\u0103 atrag aten\u021bia asupra diploma\u021biei parlamentare. Acest lucru este deosebit de important ast\u0103zi. M\u0103 uit la prietenii no\u0219tri din Ucraina, care se afl\u0103 \u00eentr-un moment at\u00e2t de dificil \u0219i periculos. \u00cen timpul unei discu\u021bii cu vicepre\u0219edintele Radei Verkhovna a Ucrainei am declarat c\u0103, dac\u0103 se va \u00eent\u00e2mpla ceva, noi to\u021bi cei din Europa Central\u0103 suntem gata s\u0103 mergem la Kiev pentru a ar\u0103ta lumii c\u0103 Ucraina nu este singur\u0103 \u0219i c\u0103 vom sprijini Ucraina \u00een aceast\u0103 perioad\u0103 dificil\u0103 de tensiune\", a subliniat Terlecki.<\/p>\n\n\n\n<p>La r\u00e2ndul s\u0103u, Marek Kuchci\u0144ski, fost mare\u0219al al Sejm-ului \u0219i ini\u021biator al Conferin\u021bei Europei Carpatice, a informat \u00een discursul s\u0103u de deschidere despre \u00eenfiin\u021barea Clubului Interna\u021bional al Europei Carpatice, care va servi scopului de a defini nevoile, de a implementa solu\u021bii optime \u0219i de a crea un mecanism eficient de implementare a ini\u021biativelor comune. - Dorim s\u0103 cre\u0103m aceste cluburi \u0219i s\u0103 sprijinim \u00eenfiin\u021barea lor \u00een diferite p\u0103r\u021bi ale continentului nostru. Ideea este una singur\u0103: cooperare, profit\u00e2nd de oportunit\u0103\u021bi \u0219i av\u00e2nd grij\u0103 de patrimoniul nostru cultural \u0219i natural, care este foarte divers \u0219i care se dezvolt\u0103 datorit\u0103 oamenilor, nou\u0103, str\u0103mo\u0219ilor \u0219i urma\u0219ilor no\u0219tri, c\u0103rora vrem s\u0103 le l\u0103s\u0103m cea mai bun\u0103 semnifica\u021bie posibil\u0103 a acestei p\u0103r\u021bi a Europei\", a declarat pre\u0219edintele Comisiei pentru afaceri externe despre aceast\u0103 ini\u021biativ\u0103.<\/p>\n\n\n\n<p>- Este pentru a 11-a oar\u0103 c\u00e2nd am avut ocazia s\u0103 particip la acest eveniment. Este extrem de important \u00een sfera social\u0103 \u0219i economic\u0103, dar mai ales aduce schimb\u0103ri \u00een con\u0219tiin\u021ba noastr\u0103. Ne \u00eent\u00e2lnim pentru a ne schimba realitatea. \u0218i, \u00eentr-adev\u0103r, se schimb\u0103\", a declarat Andrzej Adamczyk, ministrul Infrastructurii. - Oricine conduce ast\u0103zi pe Via Carpatia \u00eentre Lublin \u0219i Rzesz\u00f3w poate vedea c\u0103 aceast\u0103 dezbatere are sens. Ne afl\u0103m \u00een anul \u00een care vom semna toate contractele pentru Via Carpatia p\u00e2n\u0103 la grani\u021ba cu Slovacia. \u00cen acest an finaliz\u0103m, de asemenea, toate eforturile procedurale pentru acest drum de la Lublin la Bia\u0142ystok. De asemenea, includem Via Carpatia \u00een coridorul Re\u021belei Europene de Transport. La r\u00e2ndul s\u0103u, Rail Carpatia, adic\u0103 coridorul feroviar care leag\u0103 \u021b\u0103rile din cele trei ora\u0219e, Carpa\u021bii, este o alt\u0103 \u00eentreprindere - a ad\u0103ugat el.<\/p>\n\n\n\n<p><br><strong>Diploma\u021bia parlamentar\u0103 \u00een interesul securit\u0103\u021bii europene<\/strong><\/p>\n\n\n\n<p>Primul panel de s\u00e2mb\u0103t\u0103 a discutat despre importan\u021ba diploma\u021biei parlamentare \u00een contextul securit\u0103\u021bii continentului \u0219i despre rolul diploma\u021biei parlamentare poloneze \u00een partea noastr\u0103 de lume. - Tr\u0103im \u00eentr-o perioad\u0103 \u00een care, \u00een \u021b\u0103rile \u00een care parlamentele na\u021bionale sunt foarte puternice, cet\u0103\u021benii lor pot fi siguri c\u0103 drepturile lor vor fi respectate. Acesta este, de asemenea, un moment special al \u00eencerc\u0103rilor de rescriere a istoriei, de schimbare a echilibrului de putere \u00een partea noastr\u0103 de Europ\u0103, care de obicei se termin\u0103 foarte prost - a declarat Maciej Szymanowski, directorul Institutului Wac\u0142aw Felczak pentru cooperare polono-ungar\u0103, \u00een deschiderea discu\u021biei.<\/p>\n\n\n\n<p>Lu\u00e2nd cuv\u00e2ntul \u00een cadrul dezbaterii, vicepre\u0219edintele Camerei Deputa\u021bilor, Ryszard Terlecki, a remarcat c\u0103 \"ne afl\u0103m \u00eentr-un moment important, c\u00e2nd viitorul acestei organiza\u021bii este \u00een discu\u021bie \u00een UE. - \u021a\u0103rile care doresc s\u0103 fac\u0103 parte din ea ar trebui s\u0103 participe \u0219i ele la aceast\u0103 discu\u021bie. Dac\u0103 vom reu\u0219i s\u0103 construim o cooperare puternic\u0103 \u00een regiunea noastr\u0103, aceste oportunit\u0103\u021bi se vor extinde. Ar trebui s\u0103 existe un grup pentru Europa Central\u0103 \u00een cadrul PE. Acesta ar fi un important pas \u00eenainte, care ar rezulta, de asemenea, din discu\u021biile noastre de aici - a subliniat el.<\/p>\n\n\n\n<p>La r\u00e2ndul s\u0103u, dl Bernacki a reamintit c\u0103 parlamentarii sunt reprezentan\u021bii \"suveranului na\u021biunilor suverane\". Sunt, de asemenea, reprezentan\u021bi ai unor organisme care dureaz\u0103. - Din p\u0103cate, lumea noastr\u0103 a fost afectat\u0103 de o criz\u0103 a elitelor politice, cea mai grav\u0103 din istoria parlamentarismului\", a depl\u00e2ns el.<\/p>\n\n\n\n<p>Pre\u0219edintele Comisiei pentru afaceri europene din cadrul Adun\u0103rii Na\u021bionale Maghiare a subliniat c\u0103 regiunea Carpa\u021bilor este un loc cu un poten\u021bial incredibil, care nu este exploatat corespunz\u0103tor. - C\u00e2nd m\u0103 uit la evolu\u021bia situa\u021biei de securitate, mi se pare c\u0103 ultimul deceniu a fost o succesiune de crize. 2008, criza economic\u0103, apoi criza migra\u021biei. \u00cen cea mai mare parte, UE nu a fost capabil\u0103 s\u0103 ac\u021bioneze \u00een avans, ci doar s\u0103 reac\u021bioneze. Ne confrunt\u0103m cu provoc\u0103ri tot mai mari \u00een materie de securitate. Vedem cum Rusia reprezint\u0103 o amenin\u021bare pentru Ucraina, cum aceste ac\u021biuni afecteaz\u0103 \u0219i regiunea Carpa\u021bilor. \u021a\u0103rile de la Vi\u0219egrad se afl\u0103 sub influen\u021ba direct\u0103 a amenin\u021b\u0103rilor pe care le vedem \u00een est - a apreciat Richard H\u00f6rcsik.<\/p>\n\n\n\n<p>Mykola Kniazhytski, reprezentantul Verkhovna Rada a Ucrainei, mul\u021bumind pentru sprijinul acordat Ucrainei de c\u0103tre Sejm \u0219i Senatul polonez, a declarat c\u0103 va face tot posibilul pentru a asigura func\u021bionarea eficient\u0103 a Clubului Carpa\u021bilor. - Ucraina nu poate fi o zon\u0103 tampon. Dac\u0103 Ucraina se afl\u0103 sub influen\u021ba Rusiei, urm\u0103toarea agresiune va fi \u00eempotriva statelor baltice \u0219i a Poloniei. Am avut experien\u021be triste \u0219i trebuie s\u0103 devenim con\u0219tien\u021bi de asta - a avertizat el. - Unitatea \u0219i reconcilierea \u021b\u0103rilor carpatice este extrem de important\u0103. Preg\u0103tirea ca, \u00een cazul unei agresiuni ruse\u0219ti, care este foarte real\u0103, \u021b\u0103rile din regiunea Carpa\u021bilor s\u0103 fie un loc \u00een care cei care au suferit de pe urma agresiunii vor dori s\u0103 se refugieze. Le cer reprezentan\u021bilor tuturor parlamentelor s\u0103 sprijine democra\u021bia parlamentar\u0103\", a declarat copre\u0219edintele Grupului parlamentar pentru rela\u021bii interparlamentare cu Polonia.<\/p>\n\n\n\n<p>- Este extrem de important pentru noi s\u0103 lucr\u0103m \u00eempreun\u0103 la nivel regional \u0219i \u00een PE. Uneori, fac\u021biunile noastre sunt at\u00e2t de str\u00e2ns legate \u00eenc\u00e2t este dificil s\u0103 g\u0103sim un format pentru discu\u021bii. Ar trebui s\u0103 cre\u0103m oportunit\u0103\u021bi pentru un contact permanent dincolo de diviziunile dintre fac\u021biuni. \u00cemi amintesc discursul pre\u0219edintelui Lech Kaczy\u0144ski de la Tibilisi din 2008. \u00cemi amintesc reac\u021biile la acest discurs \u00een Occident, c\u00e2nd oamenii au spus c\u0103 era un fel de fantezie politic\u0103, c\u0103 era exagerat. Ast\u0103zi, aceste cuvinte au un \u00een\u021beles complet diferit. Diploma\u021bia parlamentar\u0103 este important\u0103 din mai multe motive. Politica extern\u0103 \u0219i-a schimbat natura \u0219i nu mai este doar o politic\u0103 \u00eentre state, mini\u0219tri \u0219i pre\u0219edin\u021bi. De asemenea, are loc la nivel social \u0219i parlamentar. \u00cen acela\u0219i timp, procesele de integrare european\u0103 au \u00eensemnat c\u0103 politica noastr\u0103 european\u0103 nu este doar o politic\u0103 extern\u0103, ci \u0219i par\u021bial o politic\u0103 intern\u0103, de exemplu \u00een contextul infrastructurii. Ar trebui s\u0103 reform\u0103m UE pentru a consolida parlamentele na\u021bionale, astfel \u00eenc\u00e2t UE s\u0103 fie \u00eenr\u0103d\u0103cinat\u0103 \u00een democra\u021biile noastre la nivelul statelor na\u021bionale - a argumentat Zdzis\u0142aw Krasnod\u0119bski, deputat european.<\/p>\n\n\n\n<p><br><strong>De la Marea Baltic\u0103 la Marea Neagr\u0103 \u0219i Marea Egee, trec\u00e2nd prin Carpa\u021bi? Noile conexiuni din cadrul re\u021belei TEN-T reprezint\u0103 o oportunitate pentru regiune<\/strong><\/p>\n\n\n\n<p>Cel de-al doilea panel a discutat, printre altele, despre posibilit\u0103\u021bile de extindere a lan\u021burilor de comunicare. - Comisia European\u0103 a propus o nou\u0103 rut\u0103 de comunicare, care face parte din Via Carpatia. Acesta este rezultatul eforturilor \u0219i eforturilor depuse \u00eenc\u0103 de la \u00eenceputul anului 2016. V\u0103 mul\u021bumim pentru angajamentul \u021b\u0103rilor din regiune. Datorit\u0103 acestui fapt, putem conta pe faptul c\u0103 porturile baltice vor fi conectate la sudul Europei prin coridorul Baltic\u0103-Marea Neagr\u0103-Marea Egee. Acesta este deja un rezultat concret al activit\u0103\u021bii noastre. Noi, statele din Trilateral\u0103, suntem na\u021biuni ambi\u021bioase. Acesta nu este sf\u00e2r\u0219itul. Anul trecut, la Sofia, la summitul celor trei \u021b\u0103ri portugheze, \u00eenso\u021bindu-l pe pre\u0219edintele Andrzejuda, am f\u0103cut apel la crearea coridorului Rail Carpatia, pentru c\u0103 este absolut necesar pentru cele trei \u021b\u0103ri portugheze - a declarat ministrul Infrastructurii, Andrzej Adamczyk.<\/p>\n\n\n\n<p>Ministrul adjunct al infrastructurii, Rafa\u0142 Weber, a vorbit despre implementarea Via Carpatia. - Din cei 715 km de Via Carpatia care traverseaz\u0103 teritoriul polonez, de la grani\u021ba cu Lituania p\u00e2n\u0103 la grani\u021ba cu Slovacia, aproape 30 % sunt \u00een prezent disponibili. Avem pu\u021bin peste 50 la sut\u0103 din aceast\u0103 rut\u0103 de transport \u00een implementare, iar 20 la sut\u0103 \u00een etapa preg\u0103titoare, care se va consuma \u00een acest an sub forma unor acorduri de implementare - a descris el.<\/p>\n\n\n\n<p>- Fiecare nou coridor \u0219i fiecare posibil\u0103 ramifica\u021bie din TEN-T ne va permite s\u0103 cre\u0219tem valoarea acestei re\u021bele, s\u0103 contribuim la re\u021beaua european\u0103 comun\u0103 de transport. Este foarte important s\u0103 evalu\u0103m cu aten\u021bie noile propuneri. Dezvoltarea leg\u0103turilor de transport nu ar trebui s\u0103 se concentreze doar pe dezvoltarea infrastructurii de transport. Trebuie s\u0103 ne amintim c\u0103 se creeaz\u0103 un nou lan\u021b de conexiuni logistice \u00eentre Marea Neagr\u0103, Marea Baltic\u0103, Marea Adriatic\u0103 \u0219i Marea Egee. Toate \u021b\u0103rile din regiune pot beneficia de pe urma cre\u0103rii unor leg\u0103turi de transport integrate - a subliniat ministrul leton al transporturilor, T\u00e2lis Linkaits.<\/p>\n\n\n\n<p>- Republica Ceh\u0103 va prelua pre\u0219edin\u021bia Consiliului UE \u00een luna iulie, iar \u00een domeniul transporturilor vom finaliza actualizarea re\u021belei TEN-T, a declarat Jan Sechter, ministrul adjunct ceh al transporturilor. - De asemenea, este nevoie de discu\u021bii cu Ucraina cu privire la conexiunile la re\u021beaua TEN-T, astfel \u00eenc\u00e2t armonizarea planurilor s\u0103 constituie o leg\u0103tur\u0103 \u00een dimensiunea strategic\u0103. Parteneriatul Estic ar trebui s\u0103 se traduc\u0103 \u00een programe concrete de infrastructur\u0103 - a apreciat politicianul ceh.<\/p>\n\n\n\n<p>Moderatorul acestei p\u0103r\u021bi a sesiunii a fost europarlamentarul Bogdan Rzonca.<\/p>\n\n\n\n<p><br><strong>Green Deal \u00een Europa Carpatic\u0103 - Agricultura ecologic\u0103 ca o oportunitate pentru fermele mici \u0219i mijlocii, Agricultura cu carbon, Strategia de biodiversitate 2030, Strategia forestier\u0103<\/strong><\/p>\n\n\n\n<p>Primul vorbitor a fost Janusz Wojciechowski, comisarul european pentru agricultur\u0103. Partea agricol\u0103 a acordului este o reac\u021bie la procesele din ultimii ani, de industrializare \u0219i intensificare a produc\u021biei agricole, care au schimbat mult agricultura european\u0103. Ideea este de a face agricultura durabil\u0103 \u0219i de a oferi oportunit\u0103\u021bi c\u00e2t mai multor fermieri. Acesta este fenomenul Podkarpacie, iar experien\u021ba acestei regiuni este foarte important\u0103. De\u0219i fermele de aici sunt relativ mici, rezultatele produc\u021biei sunt foarte bune, mai mari dec\u00e2t \u00een regiunile cu terenuri mai bune. Aici se \u00eenregistreaz\u0103, de asemenea, cel mai ridicat nivel de consum de \u00eengr\u0103\u0219\u0103minte minerale. Aceast\u0103 agricultur\u0103 ecologic\u0103 reprezint\u0103 o mare oportunitate, \u00een special pentru regiunile muntoase. Este o propunere excelent\u0103 pentru acest tip de agricultur\u0103, care are pu\u021bine \u0219anse \u00een fa\u021ba agriculturii de mas\u0103, industrializate, pe care o vedem \u00een Europa. Cu ajutorul fondurilor europene \u0219i al unui sprijin specific, aceste regiuni pot beneficia de aceast\u0103 transformare - a declarat Janusz Wojciechowski.<\/p>\n\n\n\n<p>Ac\u021biunile guvernului polonez au fost prezentate de Anna G\u0119bicka, secretar de stat la Ministerul Agriculturii \u0219i Dezvolt\u0103rii Rurale. - Modific\u0103rile \u00eentr-un domeniu at\u00e2t de important ridic\u0103 \u00een mod necesar multe probleme. Prin urmare, \u00eenc\u0103 din faza de preg\u0103tire a planului strategic na\u021bional, ne-am concentrat pe consult\u0103ri foarte largi cu fermierii, sectorul agroalimentar, organiza\u021biile comerciale, sindicatele fermierilor. La organizarea acestor consult\u0103ri, ne-am concentrat pe tehnologiile moderne. Am primit multe \u00eentreb\u0103ri \u0219i comentarii, ceea ce arat\u0103 c\u00e2t de importante sunt aceste modific\u0103ri. Sper c\u0103 \u00eengrijor\u0103rile legate de Green Deal vor fi treptat risipite. Componenta de transfer de cuno\u0219tin\u021be, de aplicare a solu\u021biilor moderne \u00een agricultur\u0103 este foarte important\u0103 - a subliniat ea.<\/p>\n\n\n\n<p>Anna Paluch, vicepre\u0219edintele Comisiei pentru mediu, resurse naturale \u0219i silvicultur\u0103, s-a axat pe Strategia privind biodiversitatea. - Exist\u0103 o lips\u0103 de specificitate financiar\u0103 \u0219i de coeren\u021b\u0103 terminologic\u0103. Dac\u0103 nu vom face terminologia \u0219i reglement\u0103rile tehnice mai coerente, nu va fi posibil\u0103 punerea \u00een aplicare a acestei strategii. Toate aceste m\u0103suri trebuie s\u0103 fie interdisciplinare. Economia natural\u0103, folosind valorile naturii, este ceea ce ar trebui s\u0103 dezvolt\u0103m \u00een mod armonios, \u00een cooperare cu vecinii no\u0219tri din Arcul Carpatic\", a spus ea.<\/p>\n\n\n\n<p>Secretarul de stat \u00een Ministerul Agriculturii din Ungaria, Zsolt Feldman, a f\u0103cut referire la strategiile preg\u0103tite de Uniunea European\u0103. - Este foarte important s\u0103 c\u0103ut\u0103m r\u0103spunsuri la \u00eentrebarea cum poate fi sus\u021binut\u0103 agricultura, astfel \u00eenc\u00e2t produc\u0103torii care locuiesc \u00een provincie s\u0103 poat\u0103 continua s\u0103 tr\u0103iasc\u0103 din activit\u0103\u021bile lor. Am presupus c\u0103 putem armoniza ambi\u021biile noastre de competitivitate \u0219i de protec\u021bie a mediului. Pentru a atinge obiectivele Green Deal, trebuie s\u0103 facem progrese tehnologice, s\u0103 implement\u0103m noi tehnologii agricole. Acesta este un cost \u0219i avem nevoie de timp pentru a implementa noi tehnici agricole. Amenin\u021b\u0103rile formulate de fermieri cu privire la Green Deal pot fi rezolvate doar par\u021bial prin sprijin financiar. De asemenea, este necesar un sprijin sub forma unei baze de cuno\u0219tin\u021be - a subliniat el.<\/p>\n\n\n\n<p>Martin Kov\u00e1\u010d, secretar de stat \u00een cadrul Ministerului Agriculturii \u0219i Dezvolt\u0103rii Rurale din Republica Slovac\u0103, a declarat c\u0103 Slovacia se identific\u0103 cu punctul de vedere conform c\u0103ruia Green Deal are poten\u021bialul de a deveni un element fundamental al tranzi\u021biei c\u0103tre men\u021binerea sustenabilit\u0103\u021bii. - Trebuie s\u0103 \u021binem cont de importan\u021ba fermelor mici atunci c\u00e2nd stabilim a\u0219a-numitele obiective de mediu, a ad\u0103ugat el.<\/p>\n\n\n\n<p>Discu\u021bia a fost prezidat\u0103 de dna Teresa Pamu\u0142a, membr\u0103 a Comisiei pentru agricultur\u0103 \u0219i dezvoltare rural\u0103.<\/p>\n\n\n\n<p><br><strong>Reconstruc\u021bia economiilor carpatice dup\u0103 criza economic\u0103<\/strong><\/p>\n\n\n\n<p>Panel IV a fost o oportunitate de a discuta despre criza economic\u0103 cauzat\u0103 de pandemie, care a afectat economiile tuturor \u021b\u0103rilor din Carpa\u021bi, \u0219i despre implementarea programelor legate de redresarea economic\u0103.<\/p>\n\n\n\n<p>Waldemar Buda, secretar de stat \u00een cadrul Ministerului Fondurilor \u0219i Politicii Regionale, a remarcat c\u0103 statul polonez a trecut un fel de test. - Economia polonez\u0103 s-a confruntat cu o provocare uria\u0219\u0103. Mai presus de toate, parametrul de ocupare a for\u021bei de munc\u0103 a fost cel mai important pentru noi. Acest test a fost trecut. Din 2019 p\u00e2n\u0103 \u00een 2021, am crescut num\u0103rul de persoane angajate. Acest lucru arat\u0103 c\u0103 instrumentele pe care le-am introdus au func\u021bionat. Scutul financiar, scutirile sau \"opririle\" de asigur\u0103ri sociale au men\u021binut locurile de munc\u0103. Au fost implicate at\u00e2t m\u0103suri na\u021bionale, c\u00e2t \u0219i europene. Infla\u021bia este o consecin\u021b\u0103 evident\u0103 cu care ne confrunt\u0103m \u00een toat\u0103 Europa. Avem un \u0219omaj minim. Obiectivul pe care dorim s\u0103 \u00eel atingem este o strategie macroregional\u0103, european\u0103, carpatic\u0103. Ar trebui s\u0103 urm\u0103m ini\u021biativa CE de a preg\u0103ti, de a lucra la nivel conceptual la strategia Carpa\u021bi. \u00cen ceea ce ne prive\u0219te, purt\u0103m discu\u021bii interguvernamentale - a asigurat el.<\/p>\n\n\n\n<p>- Practic, \u00eentreaga lume se lupt\u0103 cu infla\u021bia \u00een timp ce iese dintr-o \u00eencetinire pandemic\u0103. Este un fenomen global, care afecteaz\u0103 \u0219i regiunea noastr\u0103, regiunea Carpa\u021bilor. Prin urmare, \u00eenc\u0103 din octombrie 2021, primele \u021b\u0103ri din UE au \u00eenceput s\u0103 pun\u0103 \u00een aplicare programe menite s\u0103 limiteze eventualele pierderi pe care le-ar putea suferi cei mai sensibili la cre\u0219terile de pre\u021buri, \u00een special persoanele cu cele mai mici venituri, pensionarii. Guvernul polonez nu a fost l\u0103sat \u00een urm\u0103 \u0219i a implementat, de asemenea, propriile proiecte \u00een acest domeniu. TVA \u0219i accizele la cele mai importante resurse \u0219i servicii energetice au fost reduse, iar \u00een formula de sprijin direct au fost g\u0103site solu\u021bii suplimentare - a subliniat ministrul adjunct de finan\u021be Jan Sarnowski \u00een discursul s\u0103u.<\/p>\n\n\n\n<p>Comisarul pentru coeziune \u0219i reform\u0103, Elisa Ferreira, s-a adresat conferin\u021bei prin intermediul unui mesaj video. Ea a men\u021bionat ajutorul acordat \u021b\u0103rilor UE dup\u0103 criz\u0103. Aceasta a salutat faptul c\u0103 at\u00e2t statele membre, c\u00e2t \u0219i vecinii din afara UE colaboreaz\u0103 pentru a face fa\u021b\u0103 provoc\u0103rilor comune \u0219i pentru a profita \u00eempreun\u0103 de oportunit\u0103\u021bi.<\/p>\n\n\n\n<p>Discu\u021bia a fost moderat\u0103 de Jerzy Kwieci\u0144ski, vicepre\u0219edinte al Consiliului de administra\u021bie al Bank Pekao S.A.<\/p>\n\n\n\n<p><br><strong>Tinerii campioni - creatori ai viitorului Europei Centrale: inova\u021bie, creativitate, inven\u021bii<\/strong><\/p>\n\n\n\n<p>Primul panel de duminic\u0103 al conferin\u021bei a discutat despre poten\u021bialul ascuns \u00een tinerii din Europa Central\u0103. Creativitatea, energia, curajul \u0219i spiritul lor vizionar. Inspira\u021bii din alte \u021b\u0103ri, precum \u0219i inspira\u021bii pe care tinerii din alte p\u0103r\u021bi ale lumii le pot trage de la colegii lor din Europa Central\u0103 \u0219i de Est. Tineri cercet\u0103tori, oameni de \u0219tiin\u021b\u0103 \u0219i fondatori de start-up-uri au vorbit despre pasiunile \u0219i interesele lor, despre \u00eenceputurile activit\u0103\u021bii lor profesionale, despre proiectele \u00een curs, perspectivele \u0219i provoc\u0103rile lor. Experien\u021bele \u0219i g\u00e2ndurile lor au fost \u00eemp\u0103rt\u0103\u0219ite de: Patryk Pijanowski - fondatorul Nebucode \u0219i TherapyCave (proiectul c\u00e2\u0219tig\u0103tor al Startup Mine), Micha\u0142 Styczy\u0144ski - doctorand la Departamentul de Biologie al Universit\u0103\u021bii din Var\u0219ovia, Alicja Filiacz - c\u00e2\u0219tig\u0103toarea primului loc \u00een competi\u021bia pentru o carte de benzi desenate digitale despre legendele din regiunea Podkarpacie, Maksymiliam Paczy\u0144ski - c\u00e2\u0219tig\u0103torul competi\u021biei interna\u021bionale Intel Impact Creators \u0219i Maciej Trojnar - triplu c\u00e2\u0219tig\u0103tor al Olimpiadei de Geografie, c\u0103pitan al echipei poloneze la Campionatul Mondial de Geografie Na\u021bional\u0103.<\/p>\n\n\n\n<p>Moderatorul acestei p\u0103r\u021bi a sesiunii a fost Robert G\u00f6nczi, asistent de cercetare la Institutul de Cercetare a Migra\u021biei din Budapesta.<\/p>\n\n\n\n<p><br><strong>Universit\u0103\u021bile \u0219i mediul lor social<\/strong><\/p>\n\n\n\n<p>\u00cen cea de-a doua zi a conferin\u021bei, participan\u021bii la cea de-a 32-a Conferin\u021b\u0103 Europa Carpatic\u0103 au discutat \u0219i despre cooperarea la nivel \u0219tiin\u021bific. Ace\u0219tia au discutat despre provoc\u0103rile cu care se confrunt\u0103 lumea academic\u0103, despre situa\u021bia universit\u0103\u021bilor \u0219i despre responsabilitatea social\u0103 a acestora \u00een vremuri de pandemii. Participan\u021bii au remarcat c\u0103 pandemia care a luat prin surprindere omenirea \u00een ultimii ani a adus noi provoc\u0103ri pentru universit\u0103\u021bi, iar responsabilitatea social\u0103 a universit\u0103\u021bilor a crescut de mai multe ori. G\u0103sirea unor formate adecvate pentru cooperarea cu mediul academic \u0219i necesitatea unor ini\u021biative comune ale universit\u0103\u021bilor din Europa Central\u0103 au fost men\u021bionate ca ac\u021biuni necesare. Interlocutorii \u0219i-au \u00eemp\u0103rt\u0103\u0219it experien\u021bele legate de func\u021bionarea universit\u0103\u021bilor \u00een perioadele de pandemii, care nu numai c\u0103 joac\u0103 un rol educa\u021bional, dar au \u0219i un impact asupra regiunii. Ace\u0219tia au discutat, de asemenea, despre proiecte legate de patrimoniul istoric din regiunea Carpa\u021bilor \u0219i despre cooperarea \u00een cadrul Collegium Carpathicum. S-a convenit c\u0103 Clubul Interna\u021bional Carpa\u021bi ar putea deveni un instrument excelent pentru a stimula noi proiecte, parteneriate. De asemenea, a fost ridicat\u0103 \u0219i problema renov\u0103rii Observatorului Astronomic \u0219i Meteorologic de pe v\u00e2rful Pop Ivan. La discu\u021bie au luat parte: \u0218tefan Purici, rector adjunct pentru rela\u021bii interna\u021bionale al Universit\u0103\u021bii \"\u0218tefan cel Mare\" din Suceava; Igor Tsependa, rector al Universit\u0103\u021bii Na\u021bionale Carpatice; Jan Malicki, director al Centrului de Studii Est-Europene al Universit\u0103\u021bii din Var\u0219ovia; Oleh Skrynyk, director de proiect de cercetare la Facultatea de Geografie \u0219i Studii Regionale a Universit\u0103\u021bii din Var\u0219ovia; Oleh Skrynyk, bursier la Institutul de Geografie \u0219i Planificare Spa\u021bial\u0103 al Academiei Poloneze de \u0218tiin\u021be; Piotr Pilch, vice-mare\u0219al al Voievodatului Podkarpackie; \u0219i Dawid Lasek, de la Asocia\u021bia Euroregiunea Carpatic\u0103.<\/p>\n\n\n\n<p>Discu\u021bia a fost moderat\u0103 de profesorul Jan Draus, reprezentant al Colegiului Institutului de Memorie Na\u021bional\u0103.<\/p>\n\n\n\n<p>Evenimentele care au \u00eenso\u021bit cea de-a 32-a edi\u021bie a Europei Carpa\u021bilor au fost o expozi\u021bie despre ajutorul acordat de Ungaria Poloniei \u00een r\u0103zboiul din 1920 cu bol\u0219evicii, anun\u021barea unui concurs interna\u021bional pentru \"Legendele regiunii Podkarpacie\" \u0219i o avanpremier\u0103 a expozi\u021biei Trienala Interna\u021bional\u0103 de Pictur\u0103 a Regiunii Carpatice - Cadrilaterul de Argint 2021, sub patronajul onorific al pre\u0219edintelui Andrzej Duda.<\/p>\n\n\n\n<p>\u00cen plus, \u00een cadrul celei de-a 32-a Conferin\u021be Europa Carpa\u021bilor, ministrul adjunct al Culturii \u0219i Patrimoniului Na\u021bional, Jaros\u0142aw Sellin, a \u00eenm\u00e2nat premii arti\u0219tilor \u0219i animatorilor culturali. \u00cen cadrul unor evenimente speciale, au fost prezentate, de asemenea, oportunit\u0103\u021bile de investi\u021bii ale Fondului trimarin \u0219i ale Programului strategic de investi\u021bii al guvernului polonez. La finalul conferin\u021bei, pre\u0219edintele Comisiei pentru Afaceri Externe, Marek Kuchci\u0144ski, a \u00eenm\u00e2nat premiile concursului de schi fond Winter Carpathian Five la categoria VIP.<\/p>\n\n\n\n<figure class=\"wp-block-image size-large\"><a href=\"https:\/\/marekkuchcinski.pl\/wp-content\/uploads\/2022\/02\/mk-ek-1-scaled.jpg\"><img fetchpriority=\"high\" decoding=\"async\" width=\"1024\" height=\"685\" src=\"https:\/\/marekkuchcinski.pl\/wp-content\/uploads\/2022\/02\/mk-ek-1-1024x685.jpg\" alt=\"\" class=\"wp-image-24236\" srcset=\"https:\/\/marekkuchcinski.pl\/wp-content\/uploads\/2022\/02\/mk-ek-1-1024x685.jpg 1024w, https:\/\/marekkuchcinski.pl\/wp-content\/uploads\/2022\/02\/mk-ek-1-300x201.jpg 300w, https:\/\/marekkuchcinski.pl\/wp-content\/uploads\/2022\/02\/mk-ek-1-768x514.jpg 768w, https:\/\/marekkuchcinski.pl\/wp-content\/uploads\/2022\/02\/mk-ek-1-1536x1028.jpg 1536w, https:\/\/marekkuchcinski.pl\/wp-content\/uploads\/2022\/02\/mk-ek-1-scaled.jpg 2048w, https:\/\/marekkuchcinski.pl\/wp-content\/uploads\/2022\/02\/mk-ek-1-18x12.jpg 18w\" sizes=\"(max-width: 1024px) 100vw, 1024px\" \/><\/a><\/figure>\n\n\n\n<figure class=\"wp-block-image size-large\"><a href=\"https:\/\/marekkuchcinski.pl\/wp-content\/uploads\/2022\/02\/IMG_2773-scaled.jpg\"><img decoding=\"async\" width=\"1024\" height=\"683\" src=\"https:\/\/marekkuchcinski.pl\/wp-content\/uploads\/2022\/02\/IMG_2773-1024x683.jpg\" alt=\"\" class=\"wp-image-24238\" srcset=\"https:\/\/marekkuchcinski.pl\/wp-content\/uploads\/2022\/02\/IMG_2773-1024x683.jpg 1024w, https:\/\/marekkuchcinski.pl\/wp-content\/uploads\/2022\/02\/IMG_2773-300x200.jpg 300w, https:\/\/marekkuchcinski.pl\/wp-content\/uploads\/2022\/02\/IMG_2773-768x512.jpg 768w, https:\/\/marekkuchcinski.pl\/wp-content\/uploads\/2022\/02\/IMG_2773-1536x1024.jpg 1536w, https:\/\/marekkuchcinski.pl\/wp-content\/uploads\/2022\/02\/IMG_2773-scaled.jpg 2048w, https:\/\/marekkuchcinski.pl\/wp-content\/uploads\/2022\/02\/IMG_2773-18x12.jpg 18w\" sizes=\"(max-width: 1024px) 100vw, 1024px\" \/><\/a><\/figure>\n\n\n\n<figure class=\"wp-block-image size-large\"><a href=\"https:\/\/marekkuchcinski.pl\/wp-content\/uploads\/2022\/02\/ttw4-scaled.jpg\"><img decoding=\"async\" width=\"1024\" height=\"666\" src=\"https:\/\/marekkuchcinski.pl\/wp-content\/uploads\/2022\/02\/ttw4-1024x666.jpg\" alt=\"\" class=\"wp-image-24302\" srcset=\"https:\/\/marekkuchcinski.pl\/wp-content\/uploads\/2022\/02\/ttw4-1024x666.jpg 1024w, https:\/\/marekkuchcinski.pl\/wp-content\/uploads\/2022\/02\/ttw4-300x195.jpg 300w, https:\/\/marekkuchcinski.pl\/wp-content\/uploads\/2022\/02\/ttw4-768x499.jpg 768w, https:\/\/marekkuchcinski.pl\/wp-content\/uploads\/2022\/02\/ttw4-1536x998.jpg 1536w, https:\/\/marekkuchcinski.pl\/wp-content\/uploads\/2022\/02\/ttw4-scaled.jpg 2048w, https:\/\/marekkuchcinski.pl\/wp-content\/uploads\/2022\/02\/ttw4-18x12.jpg 18w\" sizes=\"(max-width: 1024px) 100vw, 1024px\" \/><\/a><\/figure>\n\n\n\n<figure class=\"wp-block-image size-large\"><a href=\"https:\/\/marekkuchcinski.pl\/wp-content\/uploads\/2022\/02\/IMG_2756-1-scaled.jpg\"><img loading=\"lazy\" decoding=\"async\" width=\"1024\" height=\"665\" src=\"https:\/\/marekkuchcinski.pl\/wp-content\/uploads\/2022\/02\/IMG_2756-1-1024x665.jpg\" alt=\"\" class=\"wp-image-24255\" srcset=\"https:\/\/marekkuchcinski.pl\/wp-content\/uploads\/2022\/02\/IMG_2756-1-1024x665.jpg 1024w, https:\/\/marekkuchcinski.pl\/wp-content\/uploads\/2022\/02\/IMG_2756-1-300x195.jpg 300w, https:\/\/marekkuchcinski.pl\/wp-content\/uploads\/2022\/02\/IMG_2756-1-768x499.jpg 768w, https:\/\/marekkuchcinski.pl\/wp-content\/uploads\/2022\/02\/IMG_2756-1-1536x998.jpg 1536w, https:\/\/marekkuchcinski.pl\/wp-content\/uploads\/2022\/02\/IMG_2756-1-scaled.jpg 2048w, https:\/\/marekkuchcinski.pl\/wp-content\/uploads\/2022\/02\/IMG_2756-1-18x12.jpg 18w\" sizes=\"(max-width: 1024px) 100vw, 1024px\" \/><\/a><\/figure>\n\n\n\n<figure class=\"wp-block-image size-large\"><a href=\"https:\/\/marekkuchcinski.pl\/wp-content\/uploads\/2022\/02\/mir-scaled.jpg\"><img loading=\"lazy\" decoding=\"async\" width=\"1024\" height=\"683\" src=\"https:\/\/marekkuchcinski.pl\/wp-content\/uploads\/2022\/02\/mir-1024x683.jpg\" alt=\"\" class=\"wp-image-24305\" srcset=\"https:\/\/marekkuchcinski.pl\/wp-content\/uploads\/2022\/02\/mir-1024x683.jpg 1024w, https:\/\/marekkuchcinski.pl\/wp-content\/uploads\/2022\/02\/mir-300x200.jpg 300w, https:\/\/marekkuchcinski.pl\/wp-content\/uploads\/2022\/02\/mir-768x512.jpg 768w, https:\/\/marekkuchcinski.pl\/wp-content\/uploads\/2022\/02\/mir-1536x1024.jpg 1536w, https:\/\/marekkuchcinski.pl\/wp-content\/uploads\/2022\/02\/mir-scaled.jpg 2048w, https:\/\/marekkuchcinski.pl\/wp-content\/uploads\/2022\/02\/mir-18x12.jpg 18w\" sizes=\"(max-width: 1024px) 100vw, 1024px\" \/><\/a><\/figure>\n\n\n\n<figure class=\"wp-block-image size-large\"><a href=\"https:\/\/marekkuchcinski.pl\/wp-content\/uploads\/2022\/02\/ad-scaled.jpg\"><img loading=\"lazy\" decoding=\"async\" width=\"1024\" height=\"685\" src=\"https:\/\/marekkuchcinski.pl\/wp-content\/uploads\/2022\/02\/ad-1024x685.jpg\" alt=\"\" class=\"wp-image-24299\" srcset=\"https:\/\/marekkuchcinski.pl\/wp-content\/uploads\/2022\/02\/ad-1024x685.jpg 1024w, https:\/\/marekkuchcinski.pl\/wp-content\/uploads\/2022\/02\/ad-300x201.jpg 300w, https:\/\/marekkuchcinski.pl\/wp-content\/uploads\/2022\/02\/ad-768x513.jpg 768w, https:\/\/marekkuchcinski.pl\/wp-content\/uploads\/2022\/02\/ad-1536x1027.jpg 1536w, https:\/\/marekkuchcinski.pl\/wp-content\/uploads\/2022\/02\/ad-scaled.jpg 2048w, https:\/\/marekkuchcinski.pl\/wp-content\/uploads\/2022\/02\/ad-18x12.jpg 18w\" sizes=\"(max-width: 1024px) 100vw, 1024px\" \/><\/a><\/figure>\n\n\n\n<figure class=\"wp-block-image size-large\"><a href=\"https:\/\/marekkuchcinski.pl\/wp-content\/uploads\/2022\/02\/IMG_2905-scaled.jpg\"><img loading=\"lazy\" decoding=\"async\" width=\"1024\" height=\"656\" src=\"https:\/\/marekkuchcinski.pl\/wp-content\/uploads\/2022\/02\/IMG_2905-1024x656.jpg\" alt=\"\" class=\"wp-image-24259\" srcset=\"https:\/\/marekkuchcinski.pl\/wp-content\/uploads\/2022\/02\/IMG_2905-1024x656.jpg 1024w, https:\/\/marekkuchcinski.pl\/wp-content\/uploads\/2022\/02\/IMG_2905-300x192.jpg 300w, https:\/\/marekkuchcinski.pl\/wp-content\/uploads\/2022\/02\/IMG_2905-768x492.jpg 768w, https:\/\/marekkuchcinski.pl\/wp-content\/uploads\/2022\/02\/IMG_2905-1536x984.jpg 1536w, https:\/\/marekkuchcinski.pl\/wp-content\/uploads\/2022\/02\/IMG_2905-scaled.jpg 2048w, https:\/\/marekkuchcinski.pl\/wp-content\/uploads\/2022\/02\/IMG_2905-18x12.jpg 18w\" sizes=\"(max-width: 1024px) 100vw, 1024px\" \/><\/a><\/figure>\n\n\n\n<figure class=\"wp-block-image size-large\"><a href=\"https:\/\/marekkuchcinski.pl\/wp-content\/uploads\/2022\/02\/ber-scaled.jpg\"><img loading=\"lazy\" decoding=\"async\" width=\"1024\" height=\"683\" src=\"https:\/\/marekkuchcinski.pl\/wp-content\/uploads\/2022\/02\/ber-1024x683.jpg\" alt=\"\" class=\"wp-image-24260\" srcset=\"https:\/\/marekkuchcinski.pl\/wp-content\/uploads\/2022\/02\/ber-1024x683.jpg 1024w, https:\/\/marekkuchcinski.pl\/wp-content\/uploads\/2022\/02\/ber-300x200.jpg 300w, https:\/\/marekkuchcinski.pl\/wp-content\/uploads\/2022\/02\/ber-768x512.jpg 768w, https:\/\/marekkuchcinski.pl\/wp-content\/uploads\/2022\/02\/ber-1536x1024.jpg 1536w, https:\/\/marekkuchcinski.pl\/wp-content\/uploads\/2022\/02\/ber-scaled.jpg 2048w, https:\/\/marekkuchcinski.pl\/wp-content\/uploads\/2022\/02\/ber-18x12.jpg 18w\" sizes=\"(max-width: 1024px) 100vw, 1024px\" \/><\/a><\/figure>\n\n\n\n<figure class=\"wp-block-image size-large\"><a href=\"https:\/\/marekkuchcinski.pl\/wp-content\/uploads\/2022\/02\/mkjk-scaled.jpg\"><img loading=\"lazy\" decoding=\"async\" width=\"1024\" height=\"676\" src=\"https:\/\/marekkuchcinski.pl\/wp-content\/uploads\/2022\/02\/mkjk-1024x676.jpg\" alt=\"\" class=\"wp-image-24262\" srcset=\"https:\/\/marekkuchcinski.pl\/wp-content\/uploads\/2022\/02\/mkjk-1024x676.jpg 1024w, https:\/\/marekkuchcinski.pl\/wp-content\/uploads\/2022\/02\/mkjk-300x198.jpg 300w, https:\/\/marekkuchcinski.pl\/wp-content\/uploads\/2022\/02\/mkjk-768x507.jpg 768w, https:\/\/marekkuchcinski.pl\/wp-content\/uploads\/2022\/02\/mkjk-1536x1013.jpg 1536w, https:\/\/marekkuchcinski.pl\/wp-content\/uploads\/2022\/02\/mkjk-scaled.jpg 2048w, https:\/\/marekkuchcinski.pl\/wp-content\/uploads\/2022\/02\/mkjk-18x12.jpg 18w\" sizes=\"(max-width: 1024px) 100vw, 1024px\" \/><\/a><\/figure>\n\n\n\n<figure class=\"wp-block-image size-large\"><a href=\"https:\/\/marekkuchcinski.pl\/wp-content\/uploads\/2022\/02\/14-scaled.jpg\"><img loading=\"lazy\" decoding=\"async\" width=\"1024\" height=\"668\" src=\"https:\/\/marekkuchcinski.pl\/wp-content\/uploads\/2022\/02\/14-1024x668.jpg\" alt=\"\" class=\"wp-image-24319\" srcset=\"https:\/\/marekkuchcinski.pl\/wp-content\/uploads\/2022\/02\/14-1024x668.jpg 1024w, https:\/\/marekkuchcinski.pl\/wp-content\/uploads\/2022\/02\/14-300x196.jpg 300w, https:\/\/marekkuchcinski.pl\/wp-content\/uploads\/2022\/02\/14-768x501.jpg 768w, https:\/\/marekkuchcinski.pl\/wp-content\/uploads\/2022\/02\/14-1536x1002.jpg 1536w, https:\/\/marekkuchcinski.pl\/wp-content\/uploads\/2022\/02\/14-scaled.jpg 2048w, https:\/\/marekkuchcinski.pl\/wp-content\/uploads\/2022\/02\/14-18x12.jpg 18w\" sizes=\"(max-width: 1024px) 100vw, 1024px\" \/><\/a><\/figure>\n\n\n\n<figure class=\"wp-block-image size-large\"><a href=\"https:\/\/marekkuchcinski.pl\/wp-content\/uploads\/2022\/02\/pa2-scaled.jpg\"><img loading=\"lazy\" decoding=\"async\" width=\"1024\" height=\"683\" src=\"https:\/\/marekkuchcinski.pl\/wp-content\/uploads\/2022\/02\/pa2-1024x683.jpg\" alt=\"\" class=\"wp-image-24273\" srcset=\"https:\/\/marekkuchcinski.pl\/wp-content\/uploads\/2022\/02\/pa2-1024x683.jpg 1024w, https:\/\/marekkuchcinski.pl\/wp-content\/uploads\/2022\/02\/pa2-300x200.jpg 300w, https:\/\/marekkuchcinski.pl\/wp-content\/uploads\/2022\/02\/pa2-768x512.jpg 768w, https:\/\/marekkuchcinski.pl\/wp-content\/uploads\/2022\/02\/pa2-1536x1024.jpg 1536w, https:\/\/marekkuchcinski.pl\/wp-content\/uploads\/2022\/02\/pa2-scaled.jpg 2048w, https:\/\/marekkuchcinski.pl\/wp-content\/uploads\/2022\/02\/pa2-18x12.jpg 18w\" sizes=\"(max-width: 1024px) 100vw, 1024px\" \/><\/a><\/figure>\n\n\n\n<figure class=\"wp-block-image size-large\"><a href=\"https:\/\/marekkuchcinski.pl\/wp-content\/uploads\/2022\/02\/patooo-scaled.jpg\"><img loading=\"lazy\" decoding=\"async\" width=\"1024\" height=\"683\" src=\"https:\/\/marekkuchcinski.pl\/wp-content\/uploads\/2022\/02\/patooo-1024x683.jpg\" alt=\"\" class=\"wp-image-24274\" srcset=\"https:\/\/marekkuchcinski.pl\/wp-content\/uploads\/2022\/02\/patooo-1024x683.jpg 1024w, https:\/\/marekkuchcinski.pl\/wp-content\/uploads\/2022\/02\/patooo-300x200.jpg 300w, https:\/\/marekkuchcinski.pl\/wp-content\/uploads\/2022\/02\/patooo-768x512.jpg 768w, https:\/\/marekkuchcinski.pl\/wp-content\/uploads\/2022\/02\/patooo-1536x1024.jpg 1536w, https:\/\/marekkuchcinski.pl\/wp-content\/uploads\/2022\/02\/patooo-scaled.jpg 2048w, https:\/\/marekkuchcinski.pl\/wp-content\/uploads\/2022\/02\/patooo-18x12.jpg 18w\" sizes=\"(max-width: 1024px) 100vw, 1024px\" \/><\/a><\/figure>\n\n\n\n<figure class=\"wp-block-image size-large\"><a href=\"https:\/\/marekkuchcinski.pl\/wp-content\/uploads\/2022\/02\/pa4-scaled.jpg\"><img loading=\"lazy\" decoding=\"async\" width=\"1024\" height=\"683\" src=\"https:\/\/marekkuchcinski.pl\/wp-content\/uploads\/2022\/02\/pa4-1024x683.jpg\" alt=\"\" class=\"wp-image-24275\" srcset=\"https:\/\/marekkuchcinski.pl\/wp-content\/uploads\/2022\/02\/pa4-1024x683.jpg 1024w, https:\/\/marekkuchcinski.pl\/wp-content\/uploads\/2022\/02\/pa4-300x200.jpg 300w, https:\/\/marekkuchcinski.pl\/wp-content\/uploads\/2022\/02\/pa4-768x512.jpg 768w, https:\/\/marekkuchcinski.pl\/wp-content\/uploads\/2022\/02\/pa4-1536x1024.jpg 1536w, https:\/\/marekkuchcinski.pl\/wp-content\/uploads\/2022\/02\/pa4-scaled.jpg 2048w, https:\/\/marekkuchcinski.pl\/wp-content\/uploads\/2022\/02\/pa4-18x12.jpg 18w\" sizes=\"(max-width: 1024px) 100vw, 1024px\" \/><\/a><\/figure>\n\n\n\n<figure class=\"wp-block-image size-large\"><a href=\"https:\/\/marekkuchcinski.pl\/wp-content\/uploads\/2022\/02\/3-scaled.jpg\"><img loading=\"lazy\" decoding=\"async\" width=\"1024\" height=\"701\" src=\"https:\/\/marekkuchcinski.pl\/wp-content\/uploads\/2022\/02\/3-1024x701.jpg\" alt=\"\" class=\"wp-image-24309\" srcset=\"https:\/\/marekkuchcinski.pl\/wp-content\/uploads\/2022\/02\/3-1024x701.jpg 1024w, https:\/\/marekkuchcinski.pl\/wp-content\/uploads\/2022\/02\/3-300x205.jpg 300w, https:\/\/marekkuchcinski.pl\/wp-content\/uploads\/2022\/02\/3-768x526.jpg 768w, https:\/\/marekkuchcinski.pl\/wp-content\/uploads\/2022\/02\/3-1536x1051.jpg 1536w, https:\/\/marekkuchcinski.pl\/wp-content\/uploads\/2022\/02\/3-scaled.jpg 2048w, https:\/\/marekkuchcinski.pl\/wp-content\/uploads\/2022\/02\/3-18x12.jpg 18w\" sizes=\"(max-width: 1024px) 100vw, 1024px\" \/><\/a><\/figure>\n\n\n\n<figure class=\"wp-block-image size-large\"><a href=\"https:\/\/marekkuchcinski.pl\/wp-content\/uploads\/2022\/02\/t-scaled.jpg\"><img loading=\"lazy\" decoding=\"async\" width=\"1024\" height=\"683\" src=\"https:\/\/marekkuchcinski.pl\/wp-content\/uploads\/2022\/02\/t-1024x683.jpg\" alt=\"\" class=\"wp-image-24278\" srcset=\"https:\/\/marekkuchcinski.pl\/wp-content\/uploads\/2022\/02\/t-1024x683.jpg 1024w, https:\/\/marekkuchcinski.pl\/wp-content\/uploads\/2022\/02\/t-300x200.jpg 300w, https:\/\/marekkuchcinski.pl\/wp-content\/uploads\/2022\/02\/t-768x512.jpg 768w, https:\/\/marekkuchcinski.pl\/wp-content\/uploads\/2022\/02\/t-1536x1024.jpg 1536w, https:\/\/marekkuchcinski.pl\/wp-content\/uploads\/2022\/02\/t-scaled.jpg 2048w, https:\/\/marekkuchcinski.pl\/wp-content\/uploads\/2022\/02\/t-18x12.jpg 18w\" sizes=\"(max-width: 1024px) 100vw, 1024px\" \/><\/a><\/figure>\n\n\n\n<figure class=\"wp-block-image size-large\"><a href=\"https:\/\/marekkuchcinski.pl\/wp-content\/uploads\/2022\/02\/tt3-scaled.jpg\"><img loading=\"lazy\" decoding=\"async\" width=\"1024\" height=\"695\" src=\"https:\/\/marekkuchcinski.pl\/wp-content\/uploads\/2022\/02\/tt3-1024x695.jpg\" alt=\"\" class=\"wp-image-24283\" srcset=\"https:\/\/marekkuchcinski.pl\/wp-content\/uploads\/2022\/02\/tt3-1024x695.jpg 1024w, https:\/\/marekkuchcinski.pl\/wp-content\/uploads\/2022\/02\/tt3-300x204.jpg 300w, https:\/\/marekkuchcinski.pl\/wp-content\/uploads\/2022\/02\/tt3-768x521.jpg 768w, https:\/\/marekkuchcinski.pl\/wp-content\/uploads\/2022\/02\/tt3-1536x1042.jpg 1536w, https:\/\/marekkuchcinski.pl\/wp-content\/uploads\/2022\/02\/tt3-scaled.jpg 2048w, https:\/\/marekkuchcinski.pl\/wp-content\/uploads\/2022\/02\/tt3-18x12.jpg 18w\" sizes=\"(max-width: 1024px) 100vw, 1024px\" \/><\/a><\/figure>\n\n\n\n<figure class=\"wp-block-image size-large\"><a href=\"https:\/\/marekkuchcinski.pl\/wp-content\/uploads\/2022\/02\/tt5-scaled.jpg\"><img loading=\"lazy\" decoding=\"async\" width=\"1024\" height=\"683\" src=\"https:\/\/marekkuchcinski.pl\/wp-content\/uploads\/2022\/02\/tt5-1024x683.jpg\" alt=\"\" class=\"wp-image-24281\" srcset=\"https:\/\/marekkuchcinski.pl\/wp-content\/uploads\/2022\/02\/tt5-1024x683.jpg 1024w, https:\/\/marekkuchcinski.pl\/wp-content\/uploads\/2022\/02\/tt5-300x200.jpg 300w, https:\/\/marekkuchcinski.pl\/wp-content\/uploads\/2022\/02\/tt5-768x512.jpg 768w, https:\/\/marekkuchcinski.pl\/wp-content\/uploads\/2022\/02\/tt5-1536x1024.jpg 1536w, https:\/\/marekkuchcinski.pl\/wp-content\/uploads\/2022\/02\/tt5-scaled.jpg 2048w, https:\/\/marekkuchcinski.pl\/wp-content\/uploads\/2022\/02\/tt5-18x12.jpg 18w\" sizes=\"(max-width: 1024px) 100vw, 1024px\" \/><\/a><\/figure>\n\n\n\n<figure class=\"wp-block-image size-large\"><a href=\"https:\/\/marekkuchcinski.pl\/wp-content\/uploads\/2022\/02\/mf-scaled.jpg\"><img loading=\"lazy\" decoding=\"async\" width=\"1024\" height=\"712\" src=\"https:\/\/marekkuchcinski.pl\/wp-content\/uploads\/2022\/02\/mf-1024x712.jpg\" alt=\"\" class=\"wp-image-24284\" srcset=\"https:\/\/marekkuchcinski.pl\/wp-content\/uploads\/2022\/02\/mf-1024x712.jpg 1024w, https:\/\/marekkuchcinski.pl\/wp-content\/uploads\/2022\/02\/mf-300x208.jpg 300w, https:\/\/marekkuchcinski.pl\/wp-content\/uploads\/2022\/02\/mf-768x534.jpg 768w, https:\/\/marekkuchcinski.pl\/wp-content\/uploads\/2022\/02\/mf-1536x1068.jpg 1536w, https:\/\/marekkuchcinski.pl\/wp-content\/uploads\/2022\/02\/mf-scaled.jpg 2048w, https:\/\/marekkuchcinski.pl\/wp-content\/uploads\/2022\/02\/mf-18x12.jpg 18w\" sizes=\"(max-width: 1024px) 100vw, 1024px\" \/><\/a><\/figure>\n\n\n\n<figure class=\"wp-block-image size-large\"><a href=\"https:\/\/marekkuchcinski.pl\/wp-content\/uploads\/2022\/02\/drau_edited-scaled.jpg\"><img loading=\"lazy\" decoding=\"async\" width=\"1024\" height=\"627\" src=\"https:\/\/marekkuchcinski.pl\/wp-content\/uploads\/2022\/02\/drau_edited-1024x627.jpg\" alt=\"\" class=\"wp-image-24286\" srcset=\"https:\/\/marekkuchcinski.pl\/wp-content\/uploads\/2022\/02\/drau_edited-1024x627.jpg 1024w, https:\/\/marekkuchcinski.pl\/wp-content\/uploads\/2022\/02\/drau_edited-300x184.jpg 300w, https:\/\/marekkuchcinski.pl\/wp-content\/uploads\/2022\/02\/drau_edited-768x470.jpg 768w, https:\/\/marekkuchcinski.pl\/wp-content\/uploads\/2022\/02\/drau_edited-1536x941.jpg 1536w, https:\/\/marekkuchcinski.pl\/wp-content\/uploads\/2022\/02\/drau_edited-scaled.jpg 2048w, https:\/\/marekkuchcinski.pl\/wp-content\/uploads\/2022\/02\/drau_edited-18x12.jpg 18w\" sizes=\"(max-width: 1024px) 100vw, 1024px\" \/><\/a><\/figure>\n\n\n\n<figure class=\"wp-block-image size-large\"><a href=\"https:\/\/marekkuchcinski.pl\/wp-content\/uploads\/2022\/02\/7-scaled.jpg\"><img loading=\"lazy\" decoding=\"async\" width=\"1024\" height=\"685\" src=\"https:\/\/marekkuchcinski.pl\/wp-content\/uploads\/2022\/02\/7-1024x685.jpg\" alt=\"\" class=\"wp-image-24307\" srcset=\"https:\/\/marekkuchcinski.pl\/wp-content\/uploads\/2022\/02\/7-1024x685.jpg 1024w, https:\/\/marekkuchcinski.pl\/wp-content\/uploads\/2022\/02\/7-300x201.jpg 300w, https:\/\/marekkuchcinski.pl\/wp-content\/uploads\/2022\/02\/7-768x514.jpg 768w, https:\/\/marekkuchcinski.pl\/wp-content\/uploads\/2022\/02\/7-1536x1028.jpg 1536w, https:\/\/marekkuchcinski.pl\/wp-content\/uploads\/2022\/02\/7-scaled.jpg 2048w, https:\/\/marekkuchcinski.pl\/wp-content\/uploads\/2022\/02\/7-18x12.jpg 18w\" sizes=\"(max-width: 1024px) 100vw, 1024px\" \/><\/a><\/figure>\n\n\n\n<figure class=\"wp-block-image size-large\"><a href=\"https:\/\/marekkuchcinski.pl\/wp-content\/uploads\/2022\/02\/mm2-scaled.jpg\"><img loading=\"lazy\" decoding=\"async\" width=\"1024\" height=\"694\" src=\"https:\/\/marekkuchcinski.pl\/wp-content\/uploads\/2022\/02\/mm2-1024x694.jpg\" alt=\"\" class=\"wp-image-24290\" srcset=\"https:\/\/marekkuchcinski.pl\/wp-content\/uploads\/2022\/02\/mm2-1024x694.jpg 1024w, https:\/\/marekkuchcinski.pl\/wp-content\/uploads\/2022\/02\/mm2-300x203.jpg 300w, https:\/\/marekkuchcinski.pl\/wp-content\/uploads\/2022\/02\/mm2-768x520.jpg 768w, https:\/\/marekkuchcinski.pl\/wp-content\/uploads\/2022\/02\/mm2-1536x1041.jpg 1536w, https:\/\/marekkuchcinski.pl\/wp-content\/uploads\/2022\/02\/mm2-scaled.jpg 2048w, https:\/\/marekkuchcinski.pl\/wp-content\/uploads\/2022\/02\/mm2-18x12.jpg 18w\" sizes=\"(max-width: 1024px) 100vw, 1024px\" \/><\/a><\/figure>\n\n\n\n<figure class=\"wp-block-image size-large\"><a href=\"https:\/\/marekkuchcinski.pl\/wp-content\/uploads\/2022\/02\/pd2-scaled.jpg\"><img loading=\"lazy\" decoding=\"async\" width=\"1024\" height=\"646\" src=\"https:\/\/marekkuchcinski.pl\/wp-content\/uploads\/2022\/02\/pd2-1024x646.jpg\" alt=\"\" class=\"wp-image-24293\" srcset=\"https:\/\/marekkuchcinski.pl\/wp-content\/uploads\/2022\/02\/pd2-1024x646.jpg 1024w, https:\/\/marekkuchcinski.pl\/wp-content\/uploads\/2022\/02\/pd2-300x189.jpg 300w, https:\/\/marekkuchcinski.pl\/wp-content\/uploads\/2022\/02\/pd2-768x485.jpg 768w, https:\/\/marekkuchcinski.pl\/wp-content\/uploads\/2022\/02\/pd2-1536x969.jpg 1536w, https:\/\/marekkuchcinski.pl\/wp-content\/uploads\/2022\/02\/pd2-scaled.jpg 2048w, https:\/\/marekkuchcinski.pl\/wp-content\/uploads\/2022\/02\/pd2-18x12.jpg 18w\" sizes=\"(max-width: 1024px) 100vw, 1024px\" \/><\/a><\/figure>\n\n\n\n<figure class=\"wp-block-image size-large\"><a href=\"https:\/\/marekkuchcinski.pl\/wp-content\/uploads\/2022\/02\/6-scaled.jpg\"><img loading=\"lazy\" decoding=\"async\" width=\"1024\" height=\"683\" src=\"https:\/\/marekkuchcinski.pl\/wp-content\/uploads\/2022\/02\/6-1024x683.jpg\" alt=\"\" class=\"wp-image-24313\" srcset=\"https:\/\/marekkuchcinski.pl\/wp-content\/uploads\/2022\/02\/6-1024x683.jpg 1024w, https:\/\/marekkuchcinski.pl\/wp-content\/uploads\/2022\/02\/6-300x200.jpg 300w, https:\/\/marekkuchcinski.pl\/wp-content\/uploads\/2022\/02\/6-768x512.jpg 768w, https:\/\/marekkuchcinski.pl\/wp-content\/uploads\/2022\/02\/6-1536x1024.jpg 1536w, https:\/\/marekkuchcinski.pl\/wp-content\/uploads\/2022\/02\/6-scaled.jpg 2048w, https:\/\/marekkuchcinski.pl\/wp-content\/uploads\/2022\/02\/6-18x12.jpg 18w\" sizes=\"(max-width: 1024px) 100vw, 1024px\" \/><\/a><\/figure>\n\n\n\n<figure class=\"wp-block-image size-large\"><a href=\"https:\/\/marekkuchcinski.pl\/wp-content\/uploads\/2022\/02\/pd5-scaled.jpg\"><img loading=\"lazy\" decoding=\"async\" width=\"1024\" height=\"683\" src=\"https:\/\/marekkuchcinski.pl\/wp-content\/uploads\/2022\/02\/pd5-1024x683.jpg\" alt=\"\" class=\"wp-image-24295\" srcset=\"https:\/\/marekkuchcinski.pl\/wp-content\/uploads\/2022\/02\/pd5-1024x683.jpg 1024w, https:\/\/marekkuchcinski.pl\/wp-content\/uploads\/2022\/02\/pd5-300x200.jpg 300w, https:\/\/marekkuchcinski.pl\/wp-content\/uploads\/2022\/02\/pd5-768x512.jpg 768w, https:\/\/marekkuchcinski.pl\/wp-content\/uploads\/2022\/02\/pd5-1536x1024.jpg 1536w, https:\/\/marekkuchcinski.pl\/wp-content\/uploads\/2022\/02\/pd5-scaled.jpg 2048w, https:\/\/marekkuchcinski.pl\/wp-content\/uploads\/2022\/02\/pd5-18x12.jpg 18w\" sizes=\"(max-width: 1024px) 100vw, 1024px\" \/><\/a><\/figure>\n\n\n\n<figure class=\"wp-block-image size-large\"><a href=\"https:\/\/marekkuchcinski.pl\/wp-content\/uploads\/2022\/02\/r-i-j-scaled.jpg\"><img loading=\"lazy\" decoding=\"async\" width=\"1024\" height=\"688\" src=\"https:\/\/marekkuchcinski.pl\/wp-content\/uploads\/2022\/02\/r-i-j-1024x688.jpg\" alt=\"\" class=\"wp-image-24296\" srcset=\"https:\/\/marekkuchcinski.pl\/wp-content\/uploads\/2022\/02\/r-i-j-1024x688.jpg 1024w, https:\/\/marekkuchcinski.pl\/wp-content\/uploads\/2022\/02\/r-i-j-300x202.jpg 300w, https:\/\/marekkuchcinski.pl\/wp-content\/uploads\/2022\/02\/r-i-j-768x516.jpg 768w, https:\/\/marekkuchcinski.pl\/wp-content\/uploads\/2022\/02\/r-i-j-1536x1032.jpg 1536w, https:\/\/marekkuchcinski.pl\/wp-content\/uploads\/2022\/02\/r-i-j-scaled.jpg 2048w, https:\/\/marekkuchcinski.pl\/wp-content\/uploads\/2022\/02\/r-i-j-18x12.jpg 18w\" sizes=\"(max-width: 1024px) 100vw, 1024px\" \/><\/a><\/figure>\n\n\n\n<figure class=\"wp-block-image size-large\"><a href=\"https:\/\/marekkuchcinski.pl\/wp-content\/uploads\/2022\/02\/1-scaled.jpg\"><img loading=\"lazy\" decoding=\"async\" width=\"1024\" height=\"661\" src=\"https:\/\/marekkuchcinski.pl\/wp-content\/uploads\/2022\/02\/1-1024x661.jpg\" alt=\"\" class=\"wp-image-24311\" srcset=\"https:\/\/marekkuchcinski.pl\/wp-content\/uploads\/2022\/02\/1-1024x661.jpg 1024w, https:\/\/marekkuchcinski.pl\/wp-content\/uploads\/2022\/02\/1-300x194.jpg 300w, https:\/\/marekkuchcinski.pl\/wp-content\/uploads\/2022\/02\/1-768x496.jpg 768w, https:\/\/marekkuchcinski.pl\/wp-content\/uploads\/2022\/02\/1-1536x991.jpg 1536w, https:\/\/marekkuchcinski.pl\/wp-content\/uploads\/2022\/02\/1-scaled.jpg 2048w, https:\/\/marekkuchcinski.pl\/wp-content\/uploads\/2022\/02\/1-18x12.jpg 18w\" sizes=\"(max-width: 1024px) 100vw, 1024px\" \/><\/a><\/figure>\n\n\n\n<figure class=\"wp-block-image size-large\"><a href=\"https:\/\/marekkuchcinski.pl\/wp-content\/uploads\/2022\/02\/2-scaled.jpg\"><img loading=\"lazy\" decoding=\"async\" width=\"1024\" height=\"638\" src=\"https:\/\/marekkuchcinski.pl\/wp-content\/uploads\/2022\/02\/2-1024x638.jpg\" alt=\"\" class=\"wp-image-24312\" srcset=\"https:\/\/marekkuchcinski.pl\/wp-content\/uploads\/2022\/02\/2-1024x638.jpg 1024w, https:\/\/marekkuchcinski.pl\/wp-content\/uploads\/2022\/02\/2-300x187.jpg 300w, https:\/\/marekkuchcinski.pl\/wp-content\/uploads\/2022\/02\/2-768x479.jpg 768w, https:\/\/marekkuchcinski.pl\/wp-content\/uploads\/2022\/02\/2-1536x957.jpg 1536w, https:\/\/marekkuchcinski.pl\/wp-content\/uploads\/2022\/02\/2-scaled.jpg 2048w, https:\/\/marekkuchcinski.pl\/wp-content\/uploads\/2022\/02\/2-18x12.jpg 18w\" sizes=\"(max-width: 1024px) 100vw, 1024px\" \/><\/a><\/figure>\n\n\n\n<figure class=\"wp-block-image size-large\"><a href=\"https:\/\/marekkuchcinski.pl\/wp-content\/uploads\/2022\/02\/13-scaled.jpg\"><img loading=\"lazy\" decoding=\"async\" width=\"1024\" height=\"725\" src=\"https:\/\/marekkuchcinski.pl\/wp-content\/uploads\/2022\/02\/13-1024x725.jpg\" alt=\"\" class=\"wp-image-24316\" srcset=\"https:\/\/marekkuchcinski.pl\/wp-content\/uploads\/2022\/02\/13-1024x725.jpg 1024w, https:\/\/marekkuchcinski.pl\/wp-content\/uploads\/2022\/02\/13-300x212.jpg 300w, https:\/\/marekkuchcinski.pl\/wp-content\/uploads\/2022\/02\/13-768x544.jpg 768w, https:\/\/marekkuchcinski.pl\/wp-content\/uploads\/2022\/02\/13-1536x1087.jpg 1536w, https:\/\/marekkuchcinski.pl\/wp-content\/uploads\/2022\/02\/13-scaled.jpg 2048w, https:\/\/marekkuchcinski.pl\/wp-content\/uploads\/2022\/02\/13-18x12.jpg 18w\" sizes=\"(max-width: 1024px) 100vw, 1024px\" \/><\/a><\/figure>\n\n\n\n<figure class=\"wp-block-image size-large\"><a href=\"https:\/\/marekkuchcinski.pl\/wp-content\/uploads\/2022\/02\/5-scaled.jpg\"><img loading=\"lazy\" decoding=\"async\" width=\"1024\" height=\"683\" src=\"https:\/\/marekkuchcinski.pl\/wp-content\/uploads\/2022\/02\/5-1024x683.jpg\" alt=\"\" class=\"wp-image-24310\" srcset=\"https:\/\/marekkuchcinski.pl\/wp-content\/uploads\/2022\/02\/5-1024x683.jpg 1024w, https:\/\/marekkuchcinski.pl\/wp-content\/uploads\/2022\/02\/5-300x200.jpg 300w, https:\/\/marekkuchcinski.pl\/wp-content\/uploads\/2022\/02\/5-768x512.jpg 768w, https:\/\/marekkuchcinski.pl\/wp-content\/uploads\/2022\/02\/5-1536x1024.jpg 1536w, https:\/\/marekkuchcinski.pl\/wp-content\/uploads\/2022\/02\/5-scaled.jpg 2048w, https:\/\/marekkuchcinski.pl\/wp-content\/uploads\/2022\/02\/5-18x12.jpg 18w\" sizes=\"(max-width: 1024px) 100vw, 1024px\" \/><\/a><\/figure>","protected":false},"excerpt":{"rendered":"<p>W dniach 5 &#8211; 6 lutego w Krasiczynie (woj. podkarpackie) odby\u0142a si\u0119 32. edycja mi\u0119dzynarodowej konferencji Europa Karpat. Wzi\u0119li w niej udzia\u0142 parlamentarzy\u015bci, samorz\u0105dowcy, naukowcy z Polski, W\u0119gier, S\u0142owacji, Czech, Litwy, \u0141otwy, Mo\u0142dawii, Ukrainy, Gruzji i Rumunii. Uczestnicy konferencji rozmawiali m.in. o znaczeniu dyplomacji parlamentarnej dla bezpiecze\u0144stwa Europy, Zielonym \u0141adzie, wsp\u00f3\u0142pracy naukowej oraz odbudowie gospodarki [&hellip;]<\/p>","protected":false},"author":21,"featured_media":24235,"comment_status":"open","ping_status":"open","sticky":false,"template":"","format":"standard","meta":{"ngg_post_thumbnail":0,"footnotes":""},"categories":[1,78,50,3],"tags":[],"class_list":["post-24231","post","type-post","status-publish","format-standard","has-post-thumbnail","hentry","category-bez-kategorii","category-europa-karpat","category-wspolpraca-miedzynarodowa","category-wydarzenia"],"yoast_head":"<!-- This site is optimized with the Yoast SEO plugin v24.7 - https:\/\/yoast.com\/wordpress\/plugins\/seo\/ -->\n<title>XXXII konferencja Europa Karpat &#8211; Marek Kuchci\u0144ski<\/title>\n<meta name=\"robots\" content=\"index, follow, max-snippet:-1, max-image-preview:large, max-video-preview:-1\" \/>\n<link rel=\"canonical\" href=\"https:\/\/marekkuchcinski.pl\/ro\/bez-kategorii\/xxxii-konferencja-europa-karpat\/\" \/>\n<meta property=\"og:locale\" content=\"ro_RO\" \/>\n<meta property=\"og:type\" content=\"article\" \/>\n<meta property=\"og:title\" content=\"XXXII konferencja Europa Karpat &#8211; Marek Kuchci\u0144ski\" \/>\n<meta property=\"og:description\" content=\"W dniach 5 &#8211; 6 lutego w Krasiczynie (woj. podkarpackie) odby\u0142a si\u0119 32. edycja mi\u0119dzynarodowej konferencji Europa Karpat. Wzi\u0119li w niej udzia\u0142 parlamentarzy\u015bci, samorz\u0105dowcy, naukowcy z Polski, W\u0119gier, S\u0142owacji, Czech, Litwy, \u0141otwy, Mo\u0142dawii, Ukrainy, Gruzji i Rumunii. Uczestnicy konferencji rozmawiali m.in. o znaczeniu dyplomacji parlamentarnej dla bezpiecze\u0144stwa Europy, Zielonym \u0141adzie, wsp\u00f3\u0142pracy naukowej oraz odbudowie gospodarki [&hellip;]\" \/>\n<meta property=\"og:url\" content=\"https:\/\/marekkuchcinski.pl\/ro\/bez-kategorii\/xxxii-konferencja-europa-karpat\/\" \/>\n<meta property=\"og:site_name\" content=\"Marek Kuchci\u0144ski\" \/>\n<meta property=\"article:published_time\" content=\"2022-02-08T10:29:34+00:00\" \/>\n<meta property=\"article:modified_time\" content=\"2022-02-15T07:27:21+00:00\" \/>\n<meta property=\"og:image\" content=\"https:\/\/marekkuchcinski.pl\/wp-content\/uploads\/2022\/02\/mk-ek-scaled.jpg\" \/>\n\t<meta property=\"og:image:width\" content=\"2048\" \/>\n\t<meta property=\"og:image:height\" content=\"1371\" \/>\n\t<meta property=\"og:image:type\" content=\"image\/jpeg\" \/>\n<meta name=\"author\" content=\"Marta Olejnik\" \/>\n<meta name=\"twitter:card\" content=\"summary_large_image\" \/>\n<meta name=\"twitter:label1\" content=\"Scris de\" \/>\n\t<meta name=\"twitter:data1\" content=\"Marta Olejnik\" \/>\n\t<meta name=\"twitter:label2\" content=\"Timp estimat pentru citire\" \/>\n\t<meta name=\"twitter:data2\" content=\"17 minutes\" \/>\n<script type=\"application\/ld+json\" class=\"yoast-schema-graph\">{\"@context\":\"https:\/\/schema.org\",\"@graph\":[{\"@type\":\"Article\",\"@id\":\"https:\/\/marekkuchcinski.pl\/uk\/bez-kategorii\/xxxii-konferencja-europa-karpat\/#article\",\"isPartOf\":{\"@id\":\"https:\/\/marekkuchcinski.pl\/uk\/bez-kategorii\/xxxii-konferencja-europa-karpat\/\"},\"author\":{\"name\":\"Marta Olejnik\",\"@id\":\"https:\/\/marekkuchcinski.pl\/#\/schema\/person\/51d5d4ee3b5317b8e4dd2b48af359229\"},\"headline\":\"XXXII konferencja Europa Karpat\",\"datePublished\":\"2022-02-08T10:29:34+00:00\",\"dateModified\":\"2022-02-15T07:27:21+00:00\",\"mainEntityOfPage\":{\"@id\":\"https:\/\/marekkuchcinski.pl\/uk\/bez-kategorii\/xxxii-konferencja-europa-karpat\/\"},\"wordCount\":3105,\"commentCount\":0,\"publisher\":{\"@id\":\"https:\/\/marekkuchcinski.pl\/#organization\"},\"image\":{\"@id\":\"https:\/\/marekkuchcinski.pl\/uk\/bez-kategorii\/xxxii-konferencja-europa-karpat\/#primaryimage\"},\"thumbnailUrl\":\"https:\/\/marekkuchcinski.pl\/wp-content\/uploads\/2022\/02\/mk-ek-scaled.jpg\",\"articleSection\":[\"Bez kategorii\",\"Europa Karpat\",\"Wsp\u00f3\u0142praca mi\u0119dzynarodowa\",\"Wydarzenia\"],\"inLanguage\":\"ro-RO\",\"potentialAction\":[{\"@type\":\"CommentAction\",\"name\":\"Comment\",\"target\":[\"https:\/\/marekkuchcinski.pl\/uk\/bez-kategorii\/xxxii-konferencja-europa-karpat\/#respond\"]}]},{\"@type\":\"WebPage\",\"@id\":\"https:\/\/marekkuchcinski.pl\/uk\/bez-kategorii\/xxxii-konferencja-europa-karpat\/\",\"url\":\"https:\/\/marekkuchcinski.pl\/uk\/bez-kategorii\/xxxii-konferencja-europa-karpat\/\",\"name\":\"XXXII konferencja Europa Karpat &#8211; Marek Kuchci\u0144ski\",\"isPartOf\":{\"@id\":\"https:\/\/marekkuchcinski.pl\/#website\"},\"primaryImageOfPage\":{\"@id\":\"https:\/\/marekkuchcinski.pl\/uk\/bez-kategorii\/xxxii-konferencja-europa-karpat\/#primaryimage\"},\"image\":{\"@id\":\"https:\/\/marekkuchcinski.pl\/uk\/bez-kategorii\/xxxii-konferencja-europa-karpat\/#primaryimage\"},\"thumbnailUrl\":\"https:\/\/marekkuchcinski.pl\/wp-content\/uploads\/2022\/02\/mk-ek-scaled.jpg\",\"datePublished\":\"2022-02-08T10:29:34+00:00\",\"dateModified\":\"2022-02-15T07:27:21+00:00\",\"breadcrumb\":{\"@id\":\"https:\/\/marekkuchcinski.pl\/uk\/bez-kategorii\/xxxii-konferencja-europa-karpat\/#breadcrumb\"},\"inLanguage\":\"ro-RO\",\"potentialAction\":[{\"@type\":\"ReadAction\",\"target\":[\"https:\/\/marekkuchcinski.pl\/uk\/bez-kategorii\/xxxii-konferencja-europa-karpat\/\"]}]},{\"@type\":\"ImageObject\",\"inLanguage\":\"ro-RO\",\"@id\":\"https:\/\/marekkuchcinski.pl\/uk\/bez-kategorii\/xxxii-konferencja-europa-karpat\/#primaryimage\",\"url\":\"https:\/\/marekkuchcinski.pl\/wp-content\/uploads\/2022\/02\/mk-ek-scaled.jpg\",\"contentUrl\":\"https:\/\/marekkuchcinski.pl\/wp-content\/uploads\/2022\/02\/mk-ek-scaled.jpg\",\"width\":2048,\"height\":1371},{\"@type\":\"BreadcrumbList\",\"@id\":\"https:\/\/marekkuchcinski.pl\/uk\/bez-kategorii\/xxxii-konferencja-europa-karpat\/#breadcrumb\",\"itemListElement\":[{\"@type\":\"ListItem\",\"position\":1,\"name\":\"Strona g\u0142\u00f3wna\",\"item\":\"https:\/\/marekkuchcinski.pl\/\"},{\"@type\":\"ListItem\",\"position\":2,\"name\":\"XXXII konferencja Europa Karpat\"}]},{\"@type\":\"WebSite\",\"@id\":\"https:\/\/marekkuchcinski.pl\/#website\",\"url\":\"https:\/\/marekkuchcinski.pl\/\",\"name\":\"Marek Kuchci\u0144ski\",\"description\":\"Pose\u0142 na sejm RP &ndash; okr\u0119g nr 22\",\"publisher\":{\"@id\":\"https:\/\/marekkuchcinski.pl\/#organization\"},\"potentialAction\":[{\"@type\":\"SearchAction\",\"target\":{\"@type\":\"EntryPoint\",\"urlTemplate\":\"https:\/\/marekkuchcinski.pl\/?s={search_term_string}\"},\"query-input\":{\"@type\":\"PropertyValueSpecification\",\"valueRequired\":true,\"valueName\":\"search_term_string\"}}],\"inLanguage\":\"ro-RO\"},{\"@type\":\"Organization\",\"@id\":\"https:\/\/marekkuchcinski.pl\/#organization\",\"name\":\"Marek Kuchci\u0144ski\",\"url\":\"https:\/\/marekkuchcinski.pl\/\",\"logo\":{\"@type\":\"ImageObject\",\"inLanguage\":\"ro-RO\",\"@id\":\"https:\/\/marekkuchcinski.pl\/#\/schema\/logo\/image\/\",\"url\":\"https:\/\/marekkuchcinski.pl\/wp-content\/uploads\/2022\/09\/Marek.jpg\",\"contentUrl\":\"https:\/\/marekkuchcinski.pl\/wp-content\/uploads\/2022\/09\/Marek.jpg\",\"width\":1600,\"height\":971,\"caption\":\"Marek Kuchci\u0144ski\"},\"image\":{\"@id\":\"https:\/\/marekkuchcinski.pl\/#\/schema\/logo\/image\/\"}},{\"@type\":\"Person\",\"@id\":\"https:\/\/marekkuchcinski.pl\/#\/schema\/person\/51d5d4ee3b5317b8e4dd2b48af359229\",\"name\":\"Marta Olejnik\",\"image\":{\"@type\":\"ImageObject\",\"inLanguage\":\"ro-RO\",\"@id\":\"https:\/\/marekkuchcinski.pl\/#\/schema\/person\/image\/\",\"url\":\"https:\/\/secure.gravatar.com\/avatar\/e39914b2aa6a48959e24d475b5dc9793?s=96&d=mm&r=g\",\"contentUrl\":\"https:\/\/secure.gravatar.com\/avatar\/e39914b2aa6a48959e24d475b5dc9793?s=96&d=mm&r=g\",\"caption\":\"Marta Olejnik\"},\"url\":\"https:\/\/marekkuchcinski.pl\/ro\/author\/marta\/\"}]}<\/script>\n<!-- \/ Yoast SEO plugin. -->","yoast_head_json":{"title":"XXXII konferencja Europa Karpat &#8211; Marek Kuchci\u0144ski","robots":{"index":"index","follow":"follow","max-snippet":"max-snippet:-1","max-image-preview":"max-image-preview:large","max-video-preview":"max-video-preview:-1"},"canonical":"https:\/\/marekkuchcinski.pl\/ro\/bez-kategorii\/xxxii-konferencja-europa-karpat\/","og_locale":"ro_RO","og_type":"article","og_title":"XXXII konferencja Europa Karpat &#8211; Marek Kuchci\u0144ski","og_description":"W dniach 5 &#8211; 6 lutego w Krasiczynie (woj. podkarpackie) odby\u0142a si\u0119 32. edycja mi\u0119dzynarodowej konferencji Europa Karpat. Wzi\u0119li w niej udzia\u0142 parlamentarzy\u015bci, samorz\u0105dowcy, naukowcy z Polski, W\u0119gier, S\u0142owacji, Czech, Litwy, \u0141otwy, Mo\u0142dawii, Ukrainy, Gruzji i Rumunii. Uczestnicy konferencji rozmawiali m.in. o znaczeniu dyplomacji parlamentarnej dla bezpiecze\u0144stwa Europy, Zielonym \u0141adzie, wsp\u00f3\u0142pracy naukowej oraz odbudowie gospodarki [&hellip;]","og_url":"https:\/\/marekkuchcinski.pl\/ro\/bez-kategorii\/xxxii-konferencja-europa-karpat\/","og_site_name":"Marek Kuchci\u0144ski","article_published_time":"2022-02-08T10:29:34+00:00","article_modified_time":"2022-02-15T07:27:21+00:00","og_image":[{"width":2048,"height":1371,"url":"https:\/\/marekkuchcinski.pl\/wp-content\/uploads\/2022\/02\/mk-ek-scaled.jpg","type":"image\/jpeg"}],"author":"Marta Olejnik","twitter_card":"summary_large_image","twitter_misc":{"Scris de":"Marta Olejnik","Timp estimat pentru citire":"17 minutes"},"schema":{"@context":"https:\/\/schema.org","@graph":[{"@type":"Article","@id":"https:\/\/marekkuchcinski.pl\/uk\/bez-kategorii\/xxxii-konferencja-europa-karpat\/#article","isPartOf":{"@id":"https:\/\/marekkuchcinski.pl\/uk\/bez-kategorii\/xxxii-konferencja-europa-karpat\/"},"author":{"name":"Marta Olejnik","@id":"https:\/\/marekkuchcinski.pl\/#\/schema\/person\/51d5d4ee3b5317b8e4dd2b48af359229"},"headline":"XXXII konferencja Europa Karpat","datePublished":"2022-02-08T10:29:34+00:00","dateModified":"2022-02-15T07:27:21+00:00","mainEntityOfPage":{"@id":"https:\/\/marekkuchcinski.pl\/uk\/bez-kategorii\/xxxii-konferencja-europa-karpat\/"},"wordCount":3105,"commentCount":0,"publisher":{"@id":"https:\/\/marekkuchcinski.pl\/#organization"},"image":{"@id":"https:\/\/marekkuchcinski.pl\/uk\/bez-kategorii\/xxxii-konferencja-europa-karpat\/#primaryimage"},"thumbnailUrl":"https:\/\/marekkuchcinski.pl\/wp-content\/uploads\/2022\/02\/mk-ek-scaled.jpg","articleSection":["Bez kategorii","Europa Karpat","Wsp\u00f3\u0142praca mi\u0119dzynarodowa","Wydarzenia"],"inLanguage":"ro-RO","potentialAction":[{"@type":"CommentAction","name":"Comment","target":["https:\/\/marekkuchcinski.pl\/uk\/bez-kategorii\/xxxii-konferencja-europa-karpat\/#respond"]}]},{"@type":"WebPage","@id":"https:\/\/marekkuchcinski.pl\/uk\/bez-kategorii\/xxxii-konferencja-europa-karpat\/","url":"https:\/\/marekkuchcinski.pl\/uk\/bez-kategorii\/xxxii-konferencja-europa-karpat\/","name":"XXXII konferencja Europa Karpat &#8211; Marek Kuchci\u0144ski","isPartOf":{"@id":"https:\/\/marekkuchcinski.pl\/#website"},"primaryImageOfPage":{"@id":"https:\/\/marekkuchcinski.pl\/uk\/bez-kategorii\/xxxii-konferencja-europa-karpat\/#primaryimage"},"image":{"@id":"https:\/\/marekkuchcinski.pl\/uk\/bez-kategorii\/xxxii-konferencja-europa-karpat\/#primaryimage"},"thumbnailUrl":"https:\/\/marekkuchcinski.pl\/wp-content\/uploads\/2022\/02\/mk-ek-scaled.jpg","datePublished":"2022-02-08T10:29:34+00:00","dateModified":"2022-02-15T07:27:21+00:00","breadcrumb":{"@id":"https:\/\/marekkuchcinski.pl\/uk\/bez-kategorii\/xxxii-konferencja-europa-karpat\/#breadcrumb"},"inLanguage":"ro-RO","potentialAction":[{"@type":"ReadAction","target":["https:\/\/marekkuchcinski.pl\/uk\/bez-kategorii\/xxxii-konferencja-europa-karpat\/"]}]},{"@type":"ImageObject","inLanguage":"ro-RO","@id":"https:\/\/marekkuchcinski.pl\/uk\/bez-kategorii\/xxxii-konferencja-europa-karpat\/#primaryimage","url":"https:\/\/marekkuchcinski.pl\/wp-content\/uploads\/2022\/02\/mk-ek-scaled.jpg","contentUrl":"https:\/\/marekkuchcinski.pl\/wp-content\/uploads\/2022\/02\/mk-ek-scaled.jpg","width":2048,"height":1371},{"@type":"BreadcrumbList","@id":"https:\/\/marekkuchcinski.pl\/uk\/bez-kategorii\/xxxii-konferencja-europa-karpat\/#breadcrumb","itemListElement":[{"@type":"ListItem","position":1,"name":"Strona g\u0142\u00f3wna","item":"https:\/\/marekkuchcinski.pl\/"},{"@type":"ListItem","position":2,"name":"XXXII konferencja Europa Karpat"}]},{"@type":"WebSite","@id":"https:\/\/marekkuchcinski.pl\/#website","url":"https:\/\/marekkuchcinski.pl\/","name":"Marek Kuchci\u0144ski","description":"Pose\u0142 na sejm RP &ndash; okr\u0119g nr 22","publisher":{"@id":"https:\/\/marekkuchcinski.pl\/#organization"},"potentialAction":[{"@type":"SearchAction","target":{"@type":"EntryPoint","urlTemplate":"https:\/\/marekkuchcinski.pl\/?s={search_term_string}"},"query-input":{"@type":"PropertyValueSpecification","valueRequired":true,"valueName":"search_term_string"}}],"inLanguage":"ro-RO"},{"@type":"Organization","@id":"https:\/\/marekkuchcinski.pl\/#organization","name":"Marek Kuchci\u0144ski","url":"https:\/\/marekkuchcinski.pl\/","logo":{"@type":"ImageObject","inLanguage":"ro-RO","@id":"https:\/\/marekkuchcinski.pl\/#\/schema\/logo\/image\/","url":"https:\/\/marekkuchcinski.pl\/wp-content\/uploads\/2022\/09\/Marek.jpg","contentUrl":"https:\/\/marekkuchcinski.pl\/wp-content\/uploads\/2022\/09\/Marek.jpg","width":1600,"height":971,"caption":"Marek Kuchci\u0144ski"},"image":{"@id":"https:\/\/marekkuchcinski.pl\/#\/schema\/logo\/image\/"}},{"@type":"Person","@id":"https:\/\/marekkuchcinski.pl\/#\/schema\/person\/51d5d4ee3b5317b8e4dd2b48af359229","name":"Marta Olejnik","image":{"@type":"ImageObject","inLanguage":"ro-RO","@id":"https:\/\/marekkuchcinski.pl\/#\/schema\/person\/image\/","url":"https:\/\/secure.gravatar.com\/avatar\/e39914b2aa6a48959e24d475b5dc9793?s=96&d=mm&r=g","contentUrl":"https:\/\/secure.gravatar.com\/avatar\/e39914b2aa6a48959e24d475b5dc9793?s=96&d=mm&r=g","caption":"Marta Olejnik"},"url":"https:\/\/marekkuchcinski.pl\/ro\/author\/marta\/"}]}},"_links":{"self":[{"href":"https:\/\/marekkuchcinski.pl\/ro\/wp-json\/wp\/v2\/posts\/24231","targetHints":{"allow":["GET"]}}],"collection":[{"href":"https:\/\/marekkuchcinski.pl\/ro\/wp-json\/wp\/v2\/posts"}],"about":[{"href":"https:\/\/marekkuchcinski.pl\/ro\/wp-json\/wp\/v2\/types\/post"}],"author":[{"embeddable":true,"href":"https:\/\/marekkuchcinski.pl\/ro\/wp-json\/wp\/v2\/users\/21"}],"replies":[{"embeddable":true,"href":"https:\/\/marekkuchcinski.pl\/ro\/wp-json\/wp\/v2\/comments?post=24231"}],"version-history":[{"count":19,"href":"https:\/\/marekkuchcinski.pl\/ro\/wp-json\/wp\/v2\/posts\/24231\/revisions"}],"predecessor-version":[{"id":24387,"href":"https:\/\/marekkuchcinski.pl\/ro\/wp-json\/wp\/v2\/posts\/24231\/revisions\/24387"}],"wp:featuredmedia":[{"embeddable":true,"href":"https:\/\/marekkuchcinski.pl\/ro\/wp-json\/wp\/v2\/media\/24235"}],"wp:attachment":[{"href":"https:\/\/marekkuchcinski.pl\/ro\/wp-json\/wp\/v2\/media?parent=24231"}],"wp:term":[{"taxonomy":"category","embeddable":true,"href":"https:\/\/marekkuchcinski.pl\/ro\/wp-json\/wp\/v2\/categories?post=24231"},{"taxonomy":"post_tag","embeddable":true,"href":"https:\/\/marekkuchcinski.pl\/ro\/wp-json\/wp\/v2\/tags?post=24231"}],"curies":[{"name":"wp","href":"https:\/\/api.w.org\/{rel}","templated":true}]}}