{"id":24099,"date":"2021-12-17T23:29:00","date_gmt":"2021-12-17T22:29:00","guid":{"rendered":"https:\/\/marekkuchcinski.pl\/?p=24099"},"modified":"2021-12-18T12:37:44","modified_gmt":"2021-12-18T11:37:44","slug":"sejm-uchwalil-ustawe-budzetowa-na-2022-rok","status":"publish","type":"post","link":"https:\/\/marekkuchcinski.pl\/ro\/wydarzenia\/sejm-uchwalil-ustawe-budzetowa-na-2022-rok\/","title":{"rendered":"Sejm-ul a adoptat legea bugetului pentru anul 2022"},"content":{"rendered":"<p>La ultima sa sesiune din acest an, Sejm a adoptat o lege a bugetului pentru 2022. 230 de deputa\u021bi au votat \u00een favoarea bugetului, iar 222 au fost \u00eempotriv\u0103. Bugetul de stat pentru 2022 presupune venituri de 491,9 miliarde de zlo\u021bi, cheltuieli de 521,8 miliarde de zlo\u021bi \u0219i un deficit de cel mult 29,9 miliarde de zlo\u021bi.<\/p>\n\n\n\n<p>Foto: Marta Olejnik\/ KS<\/p>\n\n\n\n<figure class=\"wp-block-image size-large\"><a href=\"https:\/\/marekkuchcinski.pl\/wp-content\/uploads\/2021\/12\/2-2-scaled.jpg\"><img fetchpriority=\"high\" decoding=\"async\" width=\"1024\" height=\"711\" src=\"https:\/\/marekkuchcinski.pl\/wp-content\/uploads\/2021\/12\/2-2-1024x711.jpg\" alt=\"\" class=\"wp-image-24101\" srcset=\"https:\/\/marekkuchcinski.pl\/wp-content\/uploads\/2021\/12\/2-2-1024x711.jpg 1024w, https:\/\/marekkuchcinski.pl\/wp-content\/uploads\/2021\/12\/2-2-300x208.jpg 300w, https:\/\/marekkuchcinski.pl\/wp-content\/uploads\/2021\/12\/2-2-768x534.jpg 768w, https:\/\/marekkuchcinski.pl\/wp-content\/uploads\/2021\/12\/2-2-1536x1067.jpg 1536w, https:\/\/marekkuchcinski.pl\/wp-content\/uploads\/2021\/12\/2-2-scaled.jpg 2048w, https:\/\/marekkuchcinski.pl\/wp-content\/uploads\/2021\/12\/2-2-18x12.jpg 18w\" sizes=\"(max-width: 1024px) 100vw, 1024px\" \/><\/a><\/figure>\n\n\n\n<figure class=\"wp-block-image size-large\"><a href=\"https:\/\/marekkuchcinski.pl\/wp-content\/uploads\/2021\/12\/1-2-scaled.jpg\"><img decoding=\"async\" width=\"1024\" height=\"695\" src=\"https:\/\/marekkuchcinski.pl\/wp-content\/uploads\/2021\/12\/1-2-1024x695.jpg\" alt=\"\" class=\"wp-image-24102\" srcset=\"https:\/\/marekkuchcinski.pl\/wp-content\/uploads\/2021\/12\/1-2-1024x695.jpg 1024w, https:\/\/marekkuchcinski.pl\/wp-content\/uploads\/2021\/12\/1-2-300x204.jpg 300w, https:\/\/marekkuchcinski.pl\/wp-content\/uploads\/2021\/12\/1-2-768x521.jpg 768w, https:\/\/marekkuchcinski.pl\/wp-content\/uploads\/2021\/12\/1-2-1536x1042.jpg 1536w, https:\/\/marekkuchcinski.pl\/wp-content\/uploads\/2021\/12\/1-2-scaled.jpg 2048w, https:\/\/marekkuchcinski.pl\/wp-content\/uploads\/2021\/12\/1-2-18x12.jpg 18w\" sizes=\"(max-width: 1024px) 100vw, 1024px\" \/><\/a><\/figure>\n\n\n\n<figure class=\"wp-block-image size-large\"><a href=\"https:\/\/marekkuchcinski.pl\/wp-content\/uploads\/2021\/12\/7-1-scaled.jpg\"><img decoding=\"async\" width=\"1024\" height=\"682\" src=\"https:\/\/marekkuchcinski.pl\/wp-content\/uploads\/2021\/12\/7-1-1024x682.jpg\" alt=\"\" class=\"wp-image-24103\" srcset=\"https:\/\/marekkuchcinski.pl\/wp-content\/uploads\/2021\/12\/7-1-1024x682.jpg 1024w, https:\/\/marekkuchcinski.pl\/wp-content\/uploads\/2021\/12\/7-1-300x200.jpg 300w, https:\/\/marekkuchcinski.pl\/wp-content\/uploads\/2021\/12\/7-1-768x512.jpg 768w, https:\/\/marekkuchcinski.pl\/wp-content\/uploads\/2021\/12\/7-1-1536x1023.jpg 1536w, https:\/\/marekkuchcinski.pl\/wp-content\/uploads\/2021\/12\/7-1-scaled.jpg 2048w, https:\/\/marekkuchcinski.pl\/wp-content\/uploads\/2021\/12\/7-1-18x12.jpg 18w\" sizes=\"(max-width: 1024px) 100vw, 1024px\" \/><\/a><\/figure>\n\n\n\n<figure class=\"wp-block-image size-large\"><a href=\"https:\/\/marekkuchcinski.pl\/wp-content\/uploads\/2021\/12\/5-1-scaled.jpg\"><img loading=\"lazy\" decoding=\"async\" width=\"1024\" height=\"683\" src=\"https:\/\/marekkuchcinski.pl\/wp-content\/uploads\/2021\/12\/5-1-1024x683.jpg\" alt=\"\" class=\"wp-image-24104\" srcset=\"https:\/\/marekkuchcinski.pl\/wp-content\/uploads\/2021\/12\/5-1-1024x683.jpg 1024w, https:\/\/marekkuchcinski.pl\/wp-content\/uploads\/2021\/12\/5-1-300x200.jpg 300w, https:\/\/marekkuchcinski.pl\/wp-content\/uploads\/2021\/12\/5-1-768x512.jpg 768w, https:\/\/marekkuchcinski.pl\/wp-content\/uploads\/2021\/12\/5-1-1536x1025.jpg 1536w, https:\/\/marekkuchcinski.pl\/wp-content\/uploads\/2021\/12\/5-1-scaled.jpg 2048w, https:\/\/marekkuchcinski.pl\/wp-content\/uploads\/2021\/12\/5-1-18x12.jpg 18w\" sizes=\"(max-width: 1024px) 100vw, 1024px\" \/><\/a><\/figure>\n\n\n\n<figure class=\"wp-block-image size-large\"><a href=\"https:\/\/marekkuchcinski.pl\/wp-content\/uploads\/2021\/12\/4_edited-scaled.jpg\"><img loading=\"lazy\" decoding=\"async\" width=\"1024\" height=\"682\" src=\"https:\/\/marekkuchcinski.pl\/wp-content\/uploads\/2021\/12\/4_edited-1024x682.jpg\" alt=\"\" class=\"wp-image-24110\" srcset=\"https:\/\/marekkuchcinski.pl\/wp-content\/uploads\/2021\/12\/4_edited-1024x682.jpg 1024w, https:\/\/marekkuchcinski.pl\/wp-content\/uploads\/2021\/12\/4_edited-300x200.jpg 300w, https:\/\/marekkuchcinski.pl\/wp-content\/uploads\/2021\/12\/4_edited-768x511.jpg 768w, https:\/\/marekkuchcinski.pl\/wp-content\/uploads\/2021\/12\/4_edited-1536x1023.jpg 1536w, https:\/\/marekkuchcinski.pl\/wp-content\/uploads\/2021\/12\/4_edited-scaled.jpg 2048w, https:\/\/marekkuchcinski.pl\/wp-content\/uploads\/2021\/12\/4_edited-18x12.jpg 18w\" sizes=\"(max-width: 1024px) 100vw, 1024px\" \/><\/a><\/figure>\n\n\n\n<figure class=\"wp-block-image size-large\"><a href=\"https:\/\/marekkuchcinski.pl\/wp-content\/uploads\/2021\/12\/3-2-scaled.jpg\"><img loading=\"lazy\" decoding=\"async\" width=\"1024\" height=\"683\" src=\"https:\/\/marekkuchcinski.pl\/wp-content\/uploads\/2021\/12\/3-2-1024x683.jpg\" alt=\"\" class=\"wp-image-24106\" srcset=\"https:\/\/marekkuchcinski.pl\/wp-content\/uploads\/2021\/12\/3-2-1024x683.jpg 1024w, https:\/\/marekkuchcinski.pl\/wp-content\/uploads\/2021\/12\/3-2-300x200.jpg 300w, https:\/\/marekkuchcinski.pl\/wp-content\/uploads\/2021\/12\/3-2-768x512.jpg 768w, https:\/\/marekkuchcinski.pl\/wp-content\/uploads\/2021\/12\/3-2-1536x1025.jpg 1536w, https:\/\/marekkuchcinski.pl\/wp-content\/uploads\/2021\/12\/3-2-scaled.jpg 2048w, https:\/\/marekkuchcinski.pl\/wp-content\/uploads\/2021\/12\/3-2-18x12.jpg 18w\" sizes=\"(max-width: 1024px) 100vw, 1024px\" \/><\/a><\/figure>","protected":false},"excerpt":{"rendered":"<p>La ultima sa sesiune din acest an, Sejm a adoptat legea bugetului pentru anul 2022. 230 de deputa\u021bi au votat \u00een favoarea bugetului, iar 222 au fost \u00eempotriv\u0103. Bugetul de stat pentru 2022 presupune venituri de 491,9 miliarde de zlo\u021bi, cheltuieli de 521,8 miliarde de zlo\u021bi \u0219i un deficit de cel mult 29,9 miliarde de zlo\u021bi. Foto: Marta Olejnik\/ KS<\/p>","protected":false},"author":21,"featured_media":24110,"comment_status":"open","ping_status":"open","sticky":false,"template":"","format":"standard","meta":{"ngg_post_thumbnail":0,"footnotes":""},"categories":[81,3],"tags":[],"class_list":["post-24099","post","type-post","status-publish","format-standard","has-post-thumbnail","hentry","category-wiesci-z-sejmu","category-wydarzenia"],"yoast_head":"<!-- This site is optimized with the Yoast SEO plugin v24.7 - https:\/\/yoast.com\/wordpress\/plugins\/seo\/ -->\n<title>Sejm uchwali\u0142 ustaw\u0119 bud\u017cetow\u0105 na 2022 rok &#8211; Marek Kuchci\u0144ski<\/title>\n<meta name=\"robots\" content=\"index, follow, max-snippet:-1, max-image-preview:large, max-video-preview:-1\" \/>\n<link rel=\"canonical\" href=\"https:\/\/marekkuchcinski.pl\/ro\/wydarzenia\/sejm-uchwalil-ustawe-budzetowa-na-2022-rok\/\" \/>\n<meta property=\"og:locale\" content=\"ro_RO\" \/>\n<meta property=\"og:type\" content=\"article\" \/>\n<meta property=\"og:title\" content=\"Sejm uchwali\u0142 ustaw\u0119 bud\u017cetow\u0105 na 2022 rok &#8211; Marek Kuchci\u0144ski\" \/>\n<meta property=\"og:description\" content=\"Na ostatnim posiedzeniu w tym roku Sejm uchwali\u0142 ustaw\u0119 bud\u017cetow\u0105 na 2022 rok. Za przyj\u0119ciem bud\u017cetu opowiedzia\u0142o si\u0119 230 pos\u0142\u00f3w, przeciw by\u0142o 222. Bud\u017cet pa\u0144stwa na 2022 r. zak\u0142ada, \u017ce dochody wynios\u0105 491,9 mld z\u0142, wydatki 521,8 mld z\u0142, a deficyt nie wi\u0119cej ni\u017c 29,9 mld z\u0142. fot. Marta Olejnik\/ KS\" \/>\n<meta property=\"og:url\" content=\"https:\/\/marekkuchcinski.pl\/ro\/wydarzenia\/sejm-uchwalil-ustawe-budzetowa-na-2022-rok\/\" \/>\n<meta property=\"og:site_name\" content=\"Marek Kuchci\u0144ski\" \/>\n<meta property=\"article:published_time\" content=\"2021-12-17T22:29:00+00:00\" \/>\n<meta property=\"article:modified_time\" content=\"2021-12-18T11:37:44+00:00\" \/>\n<meta property=\"og:image\" content=\"https:\/\/marekkuchcinski.pl\/wp-content\/uploads\/2021\/12\/4_edited-scaled.jpg\" \/>\n\t<meta property=\"og:image:width\" content=\"2048\" \/>\n\t<meta property=\"og:image:height\" content=\"1364\" \/>\n\t<meta property=\"og:image:type\" content=\"image\/jpeg\" \/>\n<meta name=\"author\" content=\"Marta Olejnik\" \/>\n<meta name=\"twitter:card\" content=\"summary_large_image\" \/>\n<meta name=\"twitter:label1\" content=\"Scris de\" \/>\n\t<meta name=\"twitter:data1\" content=\"Marta Olejnik\" \/>\n\t<meta name=\"twitter:label2\" content=\"Timp estimat pentru citire\" \/>\n\t<meta name=\"twitter:data2\" content=\"2 minutes\" \/>\n<script type=\"application\/ld+json\" class=\"yoast-schema-graph\">{\"@context\":\"https:\/\/schema.org\",\"@graph\":[{\"@type\":\"Article\",\"@id\":\"https:\/\/marekkuchcinski.pl\/wydarzenia\/sejm-uchwalil-ustawe-budzetowa-na-2022-rok\/#article\",\"isPartOf\":{\"@id\":\"https:\/\/marekkuchcinski.pl\/wydarzenia\/sejm-uchwalil-ustawe-budzetowa-na-2022-rok\/\"},\"author\":{\"name\":\"Marta Olejnik\",\"@id\":\"https:\/\/marekkuchcinski.pl\/#\/schema\/person\/51d5d4ee3b5317b8e4dd2b48af359229\"},\"headline\":\"Sejm uchwali\u0142 ustaw\u0119 bud\u017cetow\u0105 na 2022 rok\",\"datePublished\":\"2021-12-17T22:29:00+00:00\",\"dateModified\":\"2021-12-18T11:37:44+00:00\",\"mainEntityOfPage\":{\"@id\":\"https:\/\/marekkuchcinski.pl\/wydarzenia\/sejm-uchwalil-ustawe-budzetowa-na-2022-rok\/\"},\"wordCount\":61,\"commentCount\":0,\"publisher\":{\"@id\":\"https:\/\/marekkuchcinski.pl\/#organization\"},\"image\":{\"@id\":\"https:\/\/marekkuchcinski.pl\/wydarzenia\/sejm-uchwalil-ustawe-budzetowa-na-2022-rok\/#primaryimage\"},\"thumbnailUrl\":\"https:\/\/marekkuchcinski.pl\/wp-content\/uploads\/2021\/12\/4_edited-scaled.jpg\",\"articleSection\":[\"Wie\u015bci z Sejmu\",\"Wydarzenia\"],\"inLanguage\":\"ro-RO\",\"potentialAction\":[{\"@type\":\"CommentAction\",\"name\":\"Comment\",\"target\":[\"https:\/\/marekkuchcinski.pl\/wydarzenia\/sejm-uchwalil-ustawe-budzetowa-na-2022-rok\/#respond\"]}]},{\"@type\":\"WebPage\",\"@id\":\"https:\/\/marekkuchcinski.pl\/wydarzenia\/sejm-uchwalil-ustawe-budzetowa-na-2022-rok\/\",\"url\":\"https:\/\/marekkuchcinski.pl\/wydarzenia\/sejm-uchwalil-ustawe-budzetowa-na-2022-rok\/\",\"name\":\"Sejm uchwali\u0142 ustaw\u0119 bud\u017cetow\u0105 na 2022 rok &#8211; Marek Kuchci\u0144ski\",\"isPartOf\":{\"@id\":\"https:\/\/marekkuchcinski.pl\/#website\"},\"primaryImageOfPage\":{\"@id\":\"https:\/\/marekkuchcinski.pl\/wydarzenia\/sejm-uchwalil-ustawe-budzetowa-na-2022-rok\/#primaryimage\"},\"image\":{\"@id\":\"https:\/\/marekkuchcinski.pl\/wydarzenia\/sejm-uchwalil-ustawe-budzetowa-na-2022-rok\/#primaryimage\"},\"thumbnailUrl\":\"https:\/\/marekkuchcinski.pl\/wp-content\/uploads\/2021\/12\/4_edited-scaled.jpg\",\"datePublished\":\"2021-12-17T22:29:00+00:00\",\"dateModified\":\"2021-12-18T11:37:44+00:00\",\"breadcrumb\":{\"@id\":\"https:\/\/marekkuchcinski.pl\/wydarzenia\/sejm-uchwalil-ustawe-budzetowa-na-2022-rok\/#breadcrumb\"},\"inLanguage\":\"ro-RO\",\"potentialAction\":[{\"@type\":\"ReadAction\",\"target\":[\"https:\/\/marekkuchcinski.pl\/wydarzenia\/sejm-uchwalil-ustawe-budzetowa-na-2022-rok\/\"]}]},{\"@type\":\"ImageObject\",\"inLanguage\":\"ro-RO\",\"@id\":\"https:\/\/marekkuchcinski.pl\/wydarzenia\/sejm-uchwalil-ustawe-budzetowa-na-2022-rok\/#primaryimage\",\"url\":\"https:\/\/marekkuchcinski.pl\/wp-content\/uploads\/2021\/12\/4_edited-scaled.jpg\",\"contentUrl\":\"https:\/\/marekkuchcinski.pl\/wp-content\/uploads\/2021\/12\/4_edited-scaled.jpg\",\"width\":2048,\"height\":1364},{\"@type\":\"BreadcrumbList\",\"@id\":\"https:\/\/marekkuchcinski.pl\/wydarzenia\/sejm-uchwalil-ustawe-budzetowa-na-2022-rok\/#breadcrumb\",\"itemListElement\":[{\"@type\":\"ListItem\",\"position\":1,\"name\":\"Strona g\u0142\u00f3wna\",\"item\":\"https:\/\/marekkuchcinski.pl\/\"},{\"@type\":\"ListItem\",\"position\":2,\"name\":\"Sejm uchwali\u0142 ustaw\u0119 bud\u017cetow\u0105 na 2022 rok\"}]},{\"@type\":\"WebSite\",\"@id\":\"https:\/\/marekkuchcinski.pl\/#website\",\"url\":\"https:\/\/marekkuchcinski.pl\/\",\"name\":\"Marek Kuchci\u0144ski\",\"description\":\"Pose\u0142 na sejm RP &ndash; okr\u0119g nr 22\",\"publisher\":{\"@id\":\"https:\/\/marekkuchcinski.pl\/#organization\"},\"potentialAction\":[{\"@type\":\"SearchAction\",\"target\":{\"@type\":\"EntryPoint\",\"urlTemplate\":\"https:\/\/marekkuchcinski.pl\/?s={search_term_string}\"},\"query-input\":{\"@type\":\"PropertyValueSpecification\",\"valueRequired\":true,\"valueName\":\"search_term_string\"}}],\"inLanguage\":\"ro-RO\"},{\"@type\":\"Organization\",\"@id\":\"https:\/\/marekkuchcinski.pl\/#organization\",\"name\":\"Marek Kuchci\u0144ski\",\"url\":\"https:\/\/marekkuchcinski.pl\/\",\"logo\":{\"@type\":\"ImageObject\",\"inLanguage\":\"ro-RO\",\"@id\":\"https:\/\/marekkuchcinski.pl\/#\/schema\/logo\/image\/\",\"url\":\"https:\/\/marekkuchcinski.pl\/wp-content\/uploads\/2022\/09\/Marek.jpg\",\"contentUrl\":\"https:\/\/marekkuchcinski.pl\/wp-content\/uploads\/2022\/09\/Marek.jpg\",\"width\":1600,\"height\":971,\"caption\":\"Marek Kuchci\u0144ski\"},\"image\":{\"@id\":\"https:\/\/marekkuchcinski.pl\/#\/schema\/logo\/image\/\"}},{\"@type\":\"Person\",\"@id\":\"https:\/\/marekkuchcinski.pl\/#\/schema\/person\/51d5d4ee3b5317b8e4dd2b48af359229\",\"name\":\"Marta Olejnik\",\"image\":{\"@type\":\"ImageObject\",\"inLanguage\":\"ro-RO\",\"@id\":\"https:\/\/marekkuchcinski.pl\/#\/schema\/person\/image\/\",\"url\":\"https:\/\/secure.gravatar.com\/avatar\/e39914b2aa6a48959e24d475b5dc9793?s=96&d=mm&r=g\",\"contentUrl\":\"https:\/\/secure.gravatar.com\/avatar\/e39914b2aa6a48959e24d475b5dc9793?s=96&d=mm&r=g\",\"caption\":\"Marta Olejnik\"},\"url\":\"https:\/\/marekkuchcinski.pl\/ro\/author\/marta\/\"}]}<\/script>\n<!-- \/ Yoast SEO plugin. -->","yoast_head_json":{"title":"Sejm uchwali\u0142 ustaw\u0119 bud\u017cetow\u0105 na 2022 rok &#8211; Marek Kuchci\u0144ski","robots":{"index":"index","follow":"follow","max-snippet":"max-snippet:-1","max-image-preview":"max-image-preview:large","max-video-preview":"max-video-preview:-1"},"canonical":"https:\/\/marekkuchcinski.pl\/ro\/wydarzenia\/sejm-uchwalil-ustawe-budzetowa-na-2022-rok\/","og_locale":"ro_RO","og_type":"article","og_title":"Sejm uchwali\u0142 ustaw\u0119 bud\u017cetow\u0105 na 2022 rok &#8211; Marek Kuchci\u0144ski","og_description":"Na ostatnim posiedzeniu w tym roku Sejm uchwali\u0142 ustaw\u0119 bud\u017cetow\u0105 na 2022 rok. Za przyj\u0119ciem bud\u017cetu opowiedzia\u0142o si\u0119 230 pos\u0142\u00f3w, przeciw by\u0142o 222. Bud\u017cet pa\u0144stwa na 2022 r. zak\u0142ada, \u017ce dochody wynios\u0105 491,9 mld z\u0142, wydatki 521,8 mld z\u0142, a deficyt nie wi\u0119cej ni\u017c 29,9 mld z\u0142. fot. Marta Olejnik\/ KS","og_url":"https:\/\/marekkuchcinski.pl\/ro\/wydarzenia\/sejm-uchwalil-ustawe-budzetowa-na-2022-rok\/","og_site_name":"Marek Kuchci\u0144ski","article_published_time":"2021-12-17T22:29:00+00:00","article_modified_time":"2021-12-18T11:37:44+00:00","og_image":[{"width":2048,"height":1364,"url":"https:\/\/marekkuchcinski.pl\/wp-content\/uploads\/2021\/12\/4_edited-scaled.jpg","type":"image\/jpeg"}],"author":"Marta Olejnik","twitter_card":"summary_large_image","twitter_misc":{"Scris de":"Marta Olejnik","Timp estimat pentru citire":"2 minutes"},"schema":{"@context":"https:\/\/schema.org","@graph":[{"@type":"Article","@id":"https:\/\/marekkuchcinski.pl\/wydarzenia\/sejm-uchwalil-ustawe-budzetowa-na-2022-rok\/#article","isPartOf":{"@id":"https:\/\/marekkuchcinski.pl\/wydarzenia\/sejm-uchwalil-ustawe-budzetowa-na-2022-rok\/"},"author":{"name":"Marta Olejnik","@id":"https:\/\/marekkuchcinski.pl\/#\/schema\/person\/51d5d4ee3b5317b8e4dd2b48af359229"},"headline":"Sejm uchwali\u0142 ustaw\u0119 bud\u017cetow\u0105 na 2022 rok","datePublished":"2021-12-17T22:29:00+00:00","dateModified":"2021-12-18T11:37:44+00:00","mainEntityOfPage":{"@id":"https:\/\/marekkuchcinski.pl\/wydarzenia\/sejm-uchwalil-ustawe-budzetowa-na-2022-rok\/"},"wordCount":61,"commentCount":0,"publisher":{"@id":"https:\/\/marekkuchcinski.pl\/#organization"},"image":{"@id":"https:\/\/marekkuchcinski.pl\/wydarzenia\/sejm-uchwalil-ustawe-budzetowa-na-2022-rok\/#primaryimage"},"thumbnailUrl":"https:\/\/marekkuchcinski.pl\/wp-content\/uploads\/2021\/12\/4_edited-scaled.jpg","articleSection":["Wie\u015bci z Sejmu","Wydarzenia"],"inLanguage":"ro-RO","potentialAction":[{"@type":"CommentAction","name":"Comment","target":["https:\/\/marekkuchcinski.pl\/wydarzenia\/sejm-uchwalil-ustawe-budzetowa-na-2022-rok\/#respond"]}]},{"@type":"WebPage","@id":"https:\/\/marekkuchcinski.pl\/wydarzenia\/sejm-uchwalil-ustawe-budzetowa-na-2022-rok\/","url":"https:\/\/marekkuchcinski.pl\/wydarzenia\/sejm-uchwalil-ustawe-budzetowa-na-2022-rok\/","name":"Sejm uchwali\u0142 ustaw\u0119 bud\u017cetow\u0105 na 2022 rok &#8211; Marek Kuchci\u0144ski","isPartOf":{"@id":"https:\/\/marekkuchcinski.pl\/#website"},"primaryImageOfPage":{"@id":"https:\/\/marekkuchcinski.pl\/wydarzenia\/sejm-uchwalil-ustawe-budzetowa-na-2022-rok\/#primaryimage"},"image":{"@id":"https:\/\/marekkuchcinski.pl\/wydarzenia\/sejm-uchwalil-ustawe-budzetowa-na-2022-rok\/#primaryimage"},"thumbnailUrl":"https:\/\/marekkuchcinski.pl\/wp-content\/uploads\/2021\/12\/4_edited-scaled.jpg","datePublished":"2021-12-17T22:29:00+00:00","dateModified":"2021-12-18T11:37:44+00:00","breadcrumb":{"@id":"https:\/\/marekkuchcinski.pl\/wydarzenia\/sejm-uchwalil-ustawe-budzetowa-na-2022-rok\/#breadcrumb"},"inLanguage":"ro-RO","potentialAction":[{"@type":"ReadAction","target":["https:\/\/marekkuchcinski.pl\/wydarzenia\/sejm-uchwalil-ustawe-budzetowa-na-2022-rok\/"]}]},{"@type":"ImageObject","inLanguage":"ro-RO","@id":"https:\/\/marekkuchcinski.pl\/wydarzenia\/sejm-uchwalil-ustawe-budzetowa-na-2022-rok\/#primaryimage","url":"https:\/\/marekkuchcinski.pl\/wp-content\/uploads\/2021\/12\/4_edited-scaled.jpg","contentUrl":"https:\/\/marekkuchcinski.pl\/wp-content\/uploads\/2021\/12\/4_edited-scaled.jpg","width":2048,"height":1364},{"@type":"BreadcrumbList","@id":"https:\/\/marekkuchcinski.pl\/wydarzenia\/sejm-uchwalil-ustawe-budzetowa-na-2022-rok\/#breadcrumb","itemListElement":[{"@type":"ListItem","position":1,"name":"Strona g\u0142\u00f3wna","item":"https:\/\/marekkuchcinski.pl\/"},{"@type":"ListItem","position":2,"name":"Sejm uchwali\u0142 ustaw\u0119 bud\u017cetow\u0105 na 2022 rok"}]},{"@type":"WebSite","@id":"https:\/\/marekkuchcinski.pl\/#website","url":"https:\/\/marekkuchcinski.pl\/","name":"Marek Kuchci\u0144ski","description":"Pose\u0142 na sejm RP &ndash; okr\u0119g nr 22","publisher":{"@id":"https:\/\/marekkuchcinski.pl\/#organization"},"potentialAction":[{"@type":"SearchAction","target":{"@type":"EntryPoint","urlTemplate":"https:\/\/marekkuchcinski.pl\/?s={search_term_string}"},"query-input":{"@type":"PropertyValueSpecification","valueRequired":true,"valueName":"search_term_string"}}],"inLanguage":"ro-RO"},{"@type":"Organization","@id":"https:\/\/marekkuchcinski.pl\/#organization","name":"Marek Kuchci\u0144ski","url":"https:\/\/marekkuchcinski.pl\/","logo":{"@type":"ImageObject","inLanguage":"ro-RO","@id":"https:\/\/marekkuchcinski.pl\/#\/schema\/logo\/image\/","url":"https:\/\/marekkuchcinski.pl\/wp-content\/uploads\/2022\/09\/Marek.jpg","contentUrl":"https:\/\/marekkuchcinski.pl\/wp-content\/uploads\/2022\/09\/Marek.jpg","width":1600,"height":971,"caption":"Marek Kuchci\u0144ski"},"image":{"@id":"https:\/\/marekkuchcinski.pl\/#\/schema\/logo\/image\/"}},{"@type":"Person","@id":"https:\/\/marekkuchcinski.pl\/#\/schema\/person\/51d5d4ee3b5317b8e4dd2b48af359229","name":"Marta Olejnik","image":{"@type":"ImageObject","inLanguage":"ro-RO","@id":"https:\/\/marekkuchcinski.pl\/#\/schema\/person\/image\/","url":"https:\/\/secure.gravatar.com\/avatar\/e39914b2aa6a48959e24d475b5dc9793?s=96&d=mm&r=g","contentUrl":"https:\/\/secure.gravatar.com\/avatar\/e39914b2aa6a48959e24d475b5dc9793?s=96&d=mm&r=g","caption":"Marta Olejnik"},"url":"https:\/\/marekkuchcinski.pl\/ro\/author\/marta\/"}]}},"_links":{"self":[{"href":"https:\/\/marekkuchcinski.pl\/ro\/wp-json\/wp\/v2\/posts\/24099","targetHints":{"allow":["GET"]}}],"collection":[{"href":"https:\/\/marekkuchcinski.pl\/ro\/wp-json\/wp\/v2\/posts"}],"about":[{"href":"https:\/\/marekkuchcinski.pl\/ro\/wp-json\/wp\/v2\/types\/post"}],"author":[{"embeddable":true,"href":"https:\/\/marekkuchcinski.pl\/ro\/wp-json\/wp\/v2\/users\/21"}],"replies":[{"embeddable":true,"href":"https:\/\/marekkuchcinski.pl\/ro\/wp-json\/wp\/v2\/comments?post=24099"}],"version-history":[{"count":3,"href":"https:\/\/marekkuchcinski.pl\/ro\/wp-json\/wp\/v2\/posts\/24099\/revisions"}],"predecessor-version":[{"id":24111,"href":"https:\/\/marekkuchcinski.pl\/ro\/wp-json\/wp\/v2\/posts\/24099\/revisions\/24111"}],"wp:featuredmedia":[{"embeddable":true,"href":"https:\/\/marekkuchcinski.pl\/ro\/wp-json\/wp\/v2\/media\/24110"}],"wp:attachment":[{"href":"https:\/\/marekkuchcinski.pl\/ro\/wp-json\/wp\/v2\/media?parent=24099"}],"wp:term":[{"taxonomy":"category","embeddable":true,"href":"https:\/\/marekkuchcinski.pl\/ro\/wp-json\/wp\/v2\/categories?post=24099"},{"taxonomy":"post_tag","embeddable":true,"href":"https:\/\/marekkuchcinski.pl\/ro\/wp-json\/wp\/v2\/tags?post=24099"}],"curies":[{"name":"wp","href":"https:\/\/api.w.org\/{rel}","templated":true}]}}