{"id":240,"date":"2012-09-04T09:52:36","date_gmt":"2012-09-04T07:52:36","guid":{"rendered":"https:\/\/marekkuchcinski.pl\/?p=240"},"modified":"2016-08-25T17:00:17","modified_gmt":"2016-08-25T15:00:17","slug":"uchwala-nr-01-65-08-2012-komitetu-politycznego-prawa-i-sprawiedliwosci-z-dnia-31-08-2012-r-w-32-rocznice-porozumien-sierpniowych","status":"publish","type":"post","link":"https:\/\/marekkuchcinski.pl\/ro\/wydarzenia\/uchwala-nr-01-65-08-2012-komitetu-politycznego-prawa-i-sprawiedliwosci-z-dnia-31-08-2012-r-w-32-rocznice-porozumien-sierpniowych\/","title":{"rendered":"Rezolu\u021bia nr. 01\/65\/08\/2012 a Comisiei politice de drept \u0219i justi\u021bie din 31 august 2012 privind cea de-a 32-a aniversare a Acordurilor din august"},"content":{"rendered":"<p style=\"text-align: right;\">Var\u0219ovia, 31 august 2012.<\/p>\n<p style=\"text-align: justify;\">\u00cen urm\u0103 cu 32 de ani, poporul polonez a sfidat un sistem bazat pe minciun\u0103, violen\u021b\u0103 \u0219i domina\u021bie str\u0103in\u0103.<\/p>\n<p style=\"text-align: justify;\">La 31 august, ace\u0219tia au for\u021bat regimul comunist s\u0103 fac\u0103 concesii care s-au dovedit a fi \u00eenceputul drumului spre libertate. Marea mi\u0219care social\u0103 care a unit marea majoritate a societ\u0103\u021bii poloneze a ar\u0103tat Europei \u0219i lumii cum binele poate triumfa asupra r\u0103ului.<\/p>\n<p style=\"text-align: justify;\">Ast\u0103zi comemor\u0103m aniversarea fond\u0103rii Solidarit\u0103\u021bii, nu doar pentru a-i onora pe to\u021bi cei c\u0103rora le dator\u0103m independen\u021ba redob\u00e2ndit\u0103. Ne amintim aceast\u0103 mare victorie pentru a spune c\u0103 se continu\u0103 construirea unei Polonii libere \u0219i democratice, prospere \u0219i solidare. Ne confrunt\u0103m cu obstacole pe acest drum, dar amintirea lunii august 1980 ne convinge c\u0103 este posibil s\u0103 le dep\u0103\u0219im.<\/p>\n<p style=\"text-align: justify;\">La aniversarea Acordurilor de la Gda\u0144sk, Szczecin \u0219i Jastrz\u0119bsk, care au readus \u00eencrederea \u00een reconstruc\u021bia unei patrii libere, dar \u0219i \u00een ajunul anivers\u0103rii izbucnirii celui de-al Doilea R\u0103zboi Mondial, care a ar\u0103tat c\u00e2t de fragil\u0103 poate fi pacea construit\u0103 pe baza accept\u0103rii nedrept\u0103\u021bii, facem apel la unitatea tuturor celor care au \u00een suflet ideile de libertate, dreptate, ata\u0219ament fa\u021b\u0103 de valorile cre\u0219tine, fa\u021b\u0103 de propria \u021bar\u0103 \u0219i comunitate na\u021bional\u0103.<\/p>\n<p style=\"text-align: right;\">Pre\u0219edintele Consiliului Legisla\u021bie \u0219i Justi\u021bie<\/p>\n<p style=\"text-align: right;\">Jaroslaw Kaczynski<\/p>","protected":false},"excerpt":{"rendered":"<p>Warszawa, dnia 31 sierpnia 2012 r. 32 lata temu Polacy przeciwstawili si\u0119 systemowi opartemu na k\u0142amstwie, przemocy i obcej dominacji. 31 sierpnia zmusili re\u017cim komunistyczny do ust\u0119pstw, kt\u00f3re okaza\u0142y si\u0119 pocz\u0105tkiem drogi do wolno\u015bci. Wielki ruch spo\u0142eczny, kt\u00f3ry zjednoczy\u0142 znacz\u0105c\u0105 wi\u0119kszo\u015b\u0107 polskiego spo\u0142ecze\u0144stwa, pokaza\u0142 Europie i \u015bwiatu, jak dobro mo\u017ce zwyci\u0119\u017cy\u0107 nad z\u0142em. Dzisiaj obchodzimy [&hellip;]<\/p>","protected":false},"author":6,"featured_media":0,"comment_status":"open","ping_status":"open","sticky":false,"template":"","format":"standard","meta":{"ngg_post_thumbnail":0,"footnotes":""},"categories":[3],"tags":[],"class_list":["post-240","post","type-post","status-publish","format-standard","hentry","category-wydarzenia"],"yoast_head":"<!-- This site is optimized with the Yoast SEO plugin v24.7 - https:\/\/yoast.com\/wordpress\/plugins\/seo\/ -->\n<title>Uchwa\u0142a nr 01\/65\/08\/2012 Komitetu Politycznego Prawa i Sprawiedliwo\u015bci z dnia 31.08.2012 r. w 32. rocznic\u0119 Porozumie\u0144 Sierpniowych &#8211; Marek Kuchci\u0144ski<\/title>\n<meta name=\"robots\" content=\"index, follow, max-snippet:-1, max-image-preview:large, max-video-preview:-1\" \/>\n<link rel=\"canonical\" href=\"https:\/\/marekkuchcinski.pl\/ro\/wydarzenia\/uchwala-nr-01-65-08-2012-komitetu-politycznego-prawa-i-sprawiedliwosci-z-dnia-31-08-2012-r-w-32-rocznice-porozumien-sierpniowych\/\" \/>\n<meta property=\"og:locale\" content=\"ro_RO\" \/>\n<meta property=\"og:type\" content=\"article\" \/>\n<meta property=\"og:title\" content=\"Uchwa\u0142a nr 01\/65\/08\/2012 Komitetu Politycznego Prawa i Sprawiedliwo\u015bci z dnia 31.08.2012 r. w 32. rocznic\u0119 Porozumie\u0144 Sierpniowych &#8211; Marek Kuchci\u0144ski\" \/>\n<meta property=\"og:description\" content=\"Warszawa, dnia 31 sierpnia 2012 r. 32 lata temu Polacy przeciwstawili si\u0119 systemowi opartemu na k\u0142amstwie, przemocy i obcej dominacji. 31 sierpnia zmusili re\u017cim komunistyczny do ust\u0119pstw, kt\u00f3re okaza\u0142y si\u0119 pocz\u0105tkiem drogi do wolno\u015bci. Wielki ruch spo\u0142eczny, kt\u00f3ry zjednoczy\u0142 znacz\u0105c\u0105 wi\u0119kszo\u015b\u0107 polskiego spo\u0142ecze\u0144stwa, pokaza\u0142 Europie i \u015bwiatu, jak dobro mo\u017ce zwyci\u0119\u017cy\u0107 nad z\u0142em. Dzisiaj obchodzimy [&hellip;]\" \/>\n<meta property=\"og:url\" content=\"https:\/\/marekkuchcinski.pl\/ro\/wydarzenia\/uchwala-nr-01-65-08-2012-komitetu-politycznego-prawa-i-sprawiedliwosci-z-dnia-31-08-2012-r-w-32-rocznice-porozumien-sierpniowych\/\" \/>\n<meta property=\"og:site_name\" content=\"Marek Kuchci\u0144ski\" \/>\n<meta property=\"article:published_time\" content=\"2012-09-04T07:52:36+00:00\" \/>\n<meta property=\"article:modified_time\" content=\"2016-08-25T15:00:17+00:00\" \/>\n<meta property=\"og:image\" content=\"https:\/\/marekkuchcinski.pl\/wp-content\/uploads\/2022\/09\/Marek.jpg\" \/>\n\t<meta property=\"og:image:width\" content=\"1600\" \/>\n\t<meta property=\"og:image:height\" content=\"971\" \/>\n\t<meta property=\"og:image:type\" content=\"image\/jpeg\" \/>\n<meta name=\"author\" content=\"admin\" \/>\n<meta name=\"twitter:card\" content=\"summary_large_image\" \/>\n<meta name=\"twitter:label1\" content=\"Scris de\" \/>\n\t<meta name=\"twitter:data1\" content=\"admin\" \/>\n\t<meta name=\"twitter:label2\" content=\"Timp estimat pentru citire\" \/>\n\t<meta name=\"twitter:data2\" content=\"1 minute\" \/>\n<script type=\"application\/ld+json\" class=\"yoast-schema-graph\">{\"@context\":\"https:\/\/schema.org\",\"@graph\":[{\"@type\":\"Article\",\"@id\":\"https:\/\/marekkuchcinski.pl\/wydarzenia\/uchwala-nr-01-65-08-2012-komitetu-politycznego-prawa-i-sprawiedliwosci-z-dnia-31-08-2012-r-w-32-rocznice-porozumien-sierpniowych\/#article\",\"isPartOf\":{\"@id\":\"https:\/\/marekkuchcinski.pl\/wydarzenia\/uchwala-nr-01-65-08-2012-komitetu-politycznego-prawa-i-sprawiedliwosci-z-dnia-31-08-2012-r-w-32-rocznice-porozumien-sierpniowych\/\"},\"author\":{\"name\":\"admin\",\"@id\":\"https:\/\/marekkuchcinski.pl\/#\/schema\/person\/6f62700996b4d950b6ea2d1183b6c6be\"},\"headline\":\"Uchwa\u0142a nr 01\/65\/08\/2012 Komitetu Politycznego Prawa i Sprawiedliwo\u015bci z dnia 31.08.2012 r. w 32. rocznic\u0119 Porozumie\u0144 Sierpniowych\",\"datePublished\":\"2012-09-04T07:52:36+00:00\",\"dateModified\":\"2016-08-25T15:00:17+00:00\",\"mainEntityOfPage\":{\"@id\":\"https:\/\/marekkuchcinski.pl\/wydarzenia\/uchwala-nr-01-65-08-2012-komitetu-politycznego-prawa-i-sprawiedliwosci-z-dnia-31-08-2012-r-w-32-rocznice-porozumien-sierpniowych\/\"},\"wordCount\":227,\"commentCount\":0,\"publisher\":{\"@id\":\"https:\/\/marekkuchcinski.pl\/#organization\"},\"articleSection\":[\"Wydarzenia\"],\"inLanguage\":\"ro-RO\",\"potentialAction\":[{\"@type\":\"CommentAction\",\"name\":\"Comment\",\"target\":[\"https:\/\/marekkuchcinski.pl\/wydarzenia\/uchwala-nr-01-65-08-2012-komitetu-politycznego-prawa-i-sprawiedliwosci-z-dnia-31-08-2012-r-w-32-rocznice-porozumien-sierpniowych\/#respond\"]}]},{\"@type\":\"WebPage\",\"@id\":\"https:\/\/marekkuchcinski.pl\/wydarzenia\/uchwala-nr-01-65-08-2012-komitetu-politycznego-prawa-i-sprawiedliwosci-z-dnia-31-08-2012-r-w-32-rocznice-porozumien-sierpniowych\/\",\"url\":\"https:\/\/marekkuchcinski.pl\/wydarzenia\/uchwala-nr-01-65-08-2012-komitetu-politycznego-prawa-i-sprawiedliwosci-z-dnia-31-08-2012-r-w-32-rocznice-porozumien-sierpniowych\/\",\"name\":\"Uchwa\u0142a nr 01\/65\/08\/2012 Komitetu Politycznego Prawa i Sprawiedliwo\u015bci z dnia 31.08.2012 r. w 32. rocznic\u0119 Porozumie\u0144 Sierpniowych &#8211; Marek Kuchci\u0144ski\",\"isPartOf\":{\"@id\":\"https:\/\/marekkuchcinski.pl\/#website\"},\"datePublished\":\"2012-09-04T07:52:36+00:00\",\"dateModified\":\"2016-08-25T15:00:17+00:00\",\"breadcrumb\":{\"@id\":\"https:\/\/marekkuchcinski.pl\/wydarzenia\/uchwala-nr-01-65-08-2012-komitetu-politycznego-prawa-i-sprawiedliwosci-z-dnia-31-08-2012-r-w-32-rocznice-porozumien-sierpniowych\/#breadcrumb\"},\"inLanguage\":\"ro-RO\",\"potentialAction\":[{\"@type\":\"ReadAction\",\"target\":[\"https:\/\/marekkuchcinski.pl\/wydarzenia\/uchwala-nr-01-65-08-2012-komitetu-politycznego-prawa-i-sprawiedliwosci-z-dnia-31-08-2012-r-w-32-rocznice-porozumien-sierpniowych\/\"]}]},{\"@type\":\"BreadcrumbList\",\"@id\":\"https:\/\/marekkuchcinski.pl\/wydarzenia\/uchwala-nr-01-65-08-2012-komitetu-politycznego-prawa-i-sprawiedliwosci-z-dnia-31-08-2012-r-w-32-rocznice-porozumien-sierpniowych\/#breadcrumb\",\"itemListElement\":[{\"@type\":\"ListItem\",\"position\":1,\"name\":\"Strona g\u0142\u00f3wna\",\"item\":\"https:\/\/marekkuchcinski.pl\/\"},{\"@type\":\"ListItem\",\"position\":2,\"name\":\"Uchwa\u0142a nr 01\/65\/08\/2012 Komitetu Politycznego Prawa i Sprawiedliwo\u015bci z dnia 31.08.2012 r. w 32. rocznic\u0119 Porozumie\u0144 Sierpniowych\"}]},{\"@type\":\"WebSite\",\"@id\":\"https:\/\/marekkuchcinski.pl\/#website\",\"url\":\"https:\/\/marekkuchcinski.pl\/\",\"name\":\"Marek Kuchci\u0144ski\",\"description\":\"Pose\u0142 na sejm RP &ndash; okr\u0119g nr 22\",\"publisher\":{\"@id\":\"https:\/\/marekkuchcinski.pl\/#organization\"},\"potentialAction\":[{\"@type\":\"SearchAction\",\"target\":{\"@type\":\"EntryPoint\",\"urlTemplate\":\"https:\/\/marekkuchcinski.pl\/?s={search_term_string}\"},\"query-input\":{\"@type\":\"PropertyValueSpecification\",\"valueRequired\":true,\"valueName\":\"search_term_string\"}}],\"inLanguage\":\"ro-RO\"},{\"@type\":\"Organization\",\"@id\":\"https:\/\/marekkuchcinski.pl\/#organization\",\"name\":\"Marek Kuchci\u0144ski\",\"url\":\"https:\/\/marekkuchcinski.pl\/\",\"logo\":{\"@type\":\"ImageObject\",\"inLanguage\":\"ro-RO\",\"@id\":\"https:\/\/marekkuchcinski.pl\/#\/schema\/logo\/image\/\",\"url\":\"https:\/\/marekkuchcinski.pl\/wp-content\/uploads\/2022\/09\/Marek.jpg\",\"contentUrl\":\"https:\/\/marekkuchcinski.pl\/wp-content\/uploads\/2022\/09\/Marek.jpg\",\"width\":1600,\"height\":971,\"caption\":\"Marek Kuchci\u0144ski\"},\"image\":{\"@id\":\"https:\/\/marekkuchcinski.pl\/#\/schema\/logo\/image\/\"}},{\"@type\":\"Person\",\"@id\":\"https:\/\/marekkuchcinski.pl\/#\/schema\/person\/6f62700996b4d950b6ea2d1183b6c6be\",\"name\":\"admin\",\"image\":{\"@type\":\"ImageObject\",\"inLanguage\":\"ro-RO\",\"@id\":\"https:\/\/marekkuchcinski.pl\/#\/schema\/person\/image\/\",\"url\":\"https:\/\/secure.gravatar.com\/avatar\/4bab693b9d55c3d6b52c0296a8765085?s=96&d=mm&r=g\",\"contentUrl\":\"https:\/\/secure.gravatar.com\/avatar\/4bab693b9d55c3d6b52c0296a8765085?s=96&d=mm&r=g\",\"caption\":\"admin\"},\"url\":\"https:\/\/marekkuchcinski.pl\/ro\/author\/marta-olejnik\/\"}]}<\/script>\n<!-- \/ Yoast SEO plugin. -->","yoast_head_json":{"title":"Uchwa\u0142a nr 01\/65\/08\/2012 Komitetu Politycznego Prawa i Sprawiedliwo\u015bci z dnia 31.08.2012 r. w 32. rocznic\u0119 Porozumie\u0144 Sierpniowych &#8211; Marek Kuchci\u0144ski","robots":{"index":"index","follow":"follow","max-snippet":"max-snippet:-1","max-image-preview":"max-image-preview:large","max-video-preview":"max-video-preview:-1"},"canonical":"https:\/\/marekkuchcinski.pl\/ro\/wydarzenia\/uchwala-nr-01-65-08-2012-komitetu-politycznego-prawa-i-sprawiedliwosci-z-dnia-31-08-2012-r-w-32-rocznice-porozumien-sierpniowych\/","og_locale":"ro_RO","og_type":"article","og_title":"Uchwa\u0142a nr 01\/65\/08\/2012 Komitetu Politycznego Prawa i Sprawiedliwo\u015bci z dnia 31.08.2012 r. w 32. rocznic\u0119 Porozumie\u0144 Sierpniowych &#8211; Marek Kuchci\u0144ski","og_description":"Warszawa, dnia 31 sierpnia 2012 r. 32 lata temu Polacy przeciwstawili si\u0119 systemowi opartemu na k\u0142amstwie, przemocy i obcej dominacji. 31 sierpnia zmusili re\u017cim komunistyczny do ust\u0119pstw, kt\u00f3re okaza\u0142y si\u0119 pocz\u0105tkiem drogi do wolno\u015bci. Wielki ruch spo\u0142eczny, kt\u00f3ry zjednoczy\u0142 znacz\u0105c\u0105 wi\u0119kszo\u015b\u0107 polskiego spo\u0142ecze\u0144stwa, pokaza\u0142 Europie i \u015bwiatu, jak dobro mo\u017ce zwyci\u0119\u017cy\u0107 nad z\u0142em. Dzisiaj obchodzimy [&hellip;]","og_url":"https:\/\/marekkuchcinski.pl\/ro\/wydarzenia\/uchwala-nr-01-65-08-2012-komitetu-politycznego-prawa-i-sprawiedliwosci-z-dnia-31-08-2012-r-w-32-rocznice-porozumien-sierpniowych\/","og_site_name":"Marek Kuchci\u0144ski","article_published_time":"2012-09-04T07:52:36+00:00","article_modified_time":"2016-08-25T15:00:17+00:00","og_image":[{"width":1600,"height":971,"url":"https:\/\/marekkuchcinski.pl\/wp-content\/uploads\/2022\/09\/Marek.jpg","type":"image\/jpeg"}],"author":"admin","twitter_card":"summary_large_image","twitter_misc":{"Scris de":"admin","Timp estimat pentru citire":"1 minute"},"schema":{"@context":"https:\/\/schema.org","@graph":[{"@type":"Article","@id":"https:\/\/marekkuchcinski.pl\/wydarzenia\/uchwala-nr-01-65-08-2012-komitetu-politycznego-prawa-i-sprawiedliwosci-z-dnia-31-08-2012-r-w-32-rocznice-porozumien-sierpniowych\/#article","isPartOf":{"@id":"https:\/\/marekkuchcinski.pl\/wydarzenia\/uchwala-nr-01-65-08-2012-komitetu-politycznego-prawa-i-sprawiedliwosci-z-dnia-31-08-2012-r-w-32-rocznice-porozumien-sierpniowych\/"},"author":{"name":"admin","@id":"https:\/\/marekkuchcinski.pl\/#\/schema\/person\/6f62700996b4d950b6ea2d1183b6c6be"},"headline":"Uchwa\u0142a nr 01\/65\/08\/2012 Komitetu Politycznego Prawa i Sprawiedliwo\u015bci z dnia 31.08.2012 r. w 32. rocznic\u0119 Porozumie\u0144 Sierpniowych","datePublished":"2012-09-04T07:52:36+00:00","dateModified":"2016-08-25T15:00:17+00:00","mainEntityOfPage":{"@id":"https:\/\/marekkuchcinski.pl\/wydarzenia\/uchwala-nr-01-65-08-2012-komitetu-politycznego-prawa-i-sprawiedliwosci-z-dnia-31-08-2012-r-w-32-rocznice-porozumien-sierpniowych\/"},"wordCount":227,"commentCount":0,"publisher":{"@id":"https:\/\/marekkuchcinski.pl\/#organization"},"articleSection":["Wydarzenia"],"inLanguage":"ro-RO","potentialAction":[{"@type":"CommentAction","name":"Comment","target":["https:\/\/marekkuchcinski.pl\/wydarzenia\/uchwala-nr-01-65-08-2012-komitetu-politycznego-prawa-i-sprawiedliwosci-z-dnia-31-08-2012-r-w-32-rocznice-porozumien-sierpniowych\/#respond"]}]},{"@type":"WebPage","@id":"https:\/\/marekkuchcinski.pl\/wydarzenia\/uchwala-nr-01-65-08-2012-komitetu-politycznego-prawa-i-sprawiedliwosci-z-dnia-31-08-2012-r-w-32-rocznice-porozumien-sierpniowych\/","url":"https:\/\/marekkuchcinski.pl\/wydarzenia\/uchwala-nr-01-65-08-2012-komitetu-politycznego-prawa-i-sprawiedliwosci-z-dnia-31-08-2012-r-w-32-rocznice-porozumien-sierpniowych\/","name":"Uchwa\u0142a nr 01\/65\/08\/2012 Komitetu Politycznego Prawa i Sprawiedliwo\u015bci z dnia 31.08.2012 r. w 32. rocznic\u0119 Porozumie\u0144 Sierpniowych &#8211; Marek Kuchci\u0144ski","isPartOf":{"@id":"https:\/\/marekkuchcinski.pl\/#website"},"datePublished":"2012-09-04T07:52:36+00:00","dateModified":"2016-08-25T15:00:17+00:00","breadcrumb":{"@id":"https:\/\/marekkuchcinski.pl\/wydarzenia\/uchwala-nr-01-65-08-2012-komitetu-politycznego-prawa-i-sprawiedliwosci-z-dnia-31-08-2012-r-w-32-rocznice-porozumien-sierpniowych\/#breadcrumb"},"inLanguage":"ro-RO","potentialAction":[{"@type":"ReadAction","target":["https:\/\/marekkuchcinski.pl\/wydarzenia\/uchwala-nr-01-65-08-2012-komitetu-politycznego-prawa-i-sprawiedliwosci-z-dnia-31-08-2012-r-w-32-rocznice-porozumien-sierpniowych\/"]}]},{"@type":"BreadcrumbList","@id":"https:\/\/marekkuchcinski.pl\/wydarzenia\/uchwala-nr-01-65-08-2012-komitetu-politycznego-prawa-i-sprawiedliwosci-z-dnia-31-08-2012-r-w-32-rocznice-porozumien-sierpniowych\/#breadcrumb","itemListElement":[{"@type":"ListItem","position":1,"name":"Strona g\u0142\u00f3wna","item":"https:\/\/marekkuchcinski.pl\/"},{"@type":"ListItem","position":2,"name":"Uchwa\u0142a nr 01\/65\/08\/2012 Komitetu Politycznego Prawa i Sprawiedliwo\u015bci z dnia 31.08.2012 r. w 32. rocznic\u0119 Porozumie\u0144 Sierpniowych"}]},{"@type":"WebSite","@id":"https:\/\/marekkuchcinski.pl\/#website","url":"https:\/\/marekkuchcinski.pl\/","name":"Marek Kuchci\u0144ski","description":"Pose\u0142 na sejm RP &ndash; okr\u0119g nr 22","publisher":{"@id":"https:\/\/marekkuchcinski.pl\/#organization"},"potentialAction":[{"@type":"SearchAction","target":{"@type":"EntryPoint","urlTemplate":"https:\/\/marekkuchcinski.pl\/?s={search_term_string}"},"query-input":{"@type":"PropertyValueSpecification","valueRequired":true,"valueName":"search_term_string"}}],"inLanguage":"ro-RO"},{"@type":"Organization","@id":"https:\/\/marekkuchcinski.pl\/#organization","name":"Marek Kuchci\u0144ski","url":"https:\/\/marekkuchcinski.pl\/","logo":{"@type":"ImageObject","inLanguage":"ro-RO","@id":"https:\/\/marekkuchcinski.pl\/#\/schema\/logo\/image\/","url":"https:\/\/marekkuchcinski.pl\/wp-content\/uploads\/2022\/09\/Marek.jpg","contentUrl":"https:\/\/marekkuchcinski.pl\/wp-content\/uploads\/2022\/09\/Marek.jpg","width":1600,"height":971,"caption":"Marek Kuchci\u0144ski"},"image":{"@id":"https:\/\/marekkuchcinski.pl\/#\/schema\/logo\/image\/"}},{"@type":"Person","@id":"https:\/\/marekkuchcinski.pl\/#\/schema\/person\/6f62700996b4d950b6ea2d1183b6c6be","name":"admin","image":{"@type":"ImageObject","inLanguage":"ro-RO","@id":"https:\/\/marekkuchcinski.pl\/#\/schema\/person\/image\/","url":"https:\/\/secure.gravatar.com\/avatar\/4bab693b9d55c3d6b52c0296a8765085?s=96&d=mm&r=g","contentUrl":"https:\/\/secure.gravatar.com\/avatar\/4bab693b9d55c3d6b52c0296a8765085?s=96&d=mm&r=g","caption":"admin"},"url":"https:\/\/marekkuchcinski.pl\/ro\/author\/marta-olejnik\/"}]}},"_links":{"self":[{"href":"https:\/\/marekkuchcinski.pl\/ro\/wp-json\/wp\/v2\/posts\/240","targetHints":{"allow":["GET"]}}],"collection":[{"href":"https:\/\/marekkuchcinski.pl\/ro\/wp-json\/wp\/v2\/posts"}],"about":[{"href":"https:\/\/marekkuchcinski.pl\/ro\/wp-json\/wp\/v2\/types\/post"}],"author":[{"embeddable":true,"href":"https:\/\/marekkuchcinski.pl\/ro\/wp-json\/wp\/v2\/users\/6"}],"replies":[{"embeddable":true,"href":"https:\/\/marekkuchcinski.pl\/ro\/wp-json\/wp\/v2\/comments?post=240"}],"version-history":[{"count":1,"href":"https:\/\/marekkuchcinski.pl\/ro\/wp-json\/wp\/v2\/posts\/240\/revisions"}],"predecessor-version":[{"id":1408,"href":"https:\/\/marekkuchcinski.pl\/ro\/wp-json\/wp\/v2\/posts\/240\/revisions\/1408"}],"wp:attachment":[{"href":"https:\/\/marekkuchcinski.pl\/ro\/wp-json\/wp\/v2\/media?parent=240"}],"wp:term":[{"taxonomy":"category","embeddable":true,"href":"https:\/\/marekkuchcinski.pl\/ro\/wp-json\/wp\/v2\/categories?post=240"},{"taxonomy":"post_tag","embeddable":true,"href":"https:\/\/marekkuchcinski.pl\/ro\/wp-json\/wp\/v2\/tags?post=240"}],"curies":[{"name":"wp","href":"https:\/\/api.w.org\/{rel}","templated":true}]}}