{"id":23978,"date":"2021-12-12T16:35:40","date_gmt":"2021-12-12T15:35:40","guid":{"rendered":"https:\/\/marekkuchcinski.pl\/?p=23978"},"modified":"2021-12-12T18:10:31","modified_gmt":"2021-12-12T17:10:31","slug":"pis-przywraca-swietnosc-polskiej-kolei","status":"publish","type":"post","link":"https:\/\/marekkuchcinski.pl\/ro\/wydarzenia\/pis-przywraca-swietnosc-polskiej-kolei\/","title":{"rendered":"Marek Kuchci\u0144ski \u00een Przemy\u015bl: Restaur\u0103m splendoarea c\u0103ii ferate poloneze"},"content":{"rendered":"<p>Duminic\u0103, 12 decembrie, a intrat \u00een vigoare noul orar PKP \u0219i trenurile au revenit \u00een 30 de ora\u0219e poloneze. Regiunea Podkarpacie este un exemplu de reconstruc\u021bie a conexiunilor nu doar locale sau interregionale, ci \u0219i interna\u021bionale. \u00cen noul orar, num\u0103rul de leg\u0103turi IC spre \u0219i dinspre Rzesz\u00f3w va cre\u0219te de la 9 la 14, iar spre \u0219i dinspre Przemy\u015bl de la 7 la 13. De asemenea, vor exista mai multe leg\u0103turi interna\u021bionale. Dou\u0103 trenuri au \u00eenceput s\u0103 circule \u00eentre Przemy\u015bl \u0219i Kiev, un tren \u00eentre Przemy\u015bl \u0219i Odesa, iar \u00een perioada s\u0103rb\u0103torilor \u0219i la sf\u00e2r\u0219it de s\u0103pt\u0103m\u00e2n\u0103, un tren de la Przemy\u015bl la Lviv \u0219i de la Lviv la Przemy\u015bl va fi operat de aceea\u0219i garnitur\u0103 care va veni de la Odesa la Przemy\u015bl. Posibilitatea de a c\u0103l\u0103tori la Berlin, adic\u0103 prelungirea trenului Wawer de la Przemy\u015bl la Berlin.<\/p>\n\n\n\n<p>- \u00cen 2016, cu ocazia conferin\u021bei \"Europa Carpa\u021bilor\", ministrul Infrastructurii, Andrzej Adamczyk, a discutat cu ministrul Infrastructurii din Ucraina. La acea vreme, s-a propus lansarea leg\u0103turilor feroviare pentru care Przemy\u015bl era renumit. C\u00e2teva luni mai t\u00e2rziu a fost lansat un tren de la Przemy\u015bl la Kiev, care a fost deja folosit de peste un milion de pasageri - a declarat Marek Kuchci\u0144ski. - De asemenea, am discutat cu reprezentan\u021bi ai autorit\u0103\u021bilor germane despre lansarea unei linii de pasageri \u00eentre Kiev \u0219i Paris via Przemy\u015bl \u0219i sper c\u0103 aceast\u0103 viziune nu va r\u0103m\u00e2ne doar un vis\", a ad\u0103ugat mare\u0219alul.<\/p>\n\n\n\n<p>La Przemy\u015bl, parlamentarii au vorbit despre oportunit\u0103\u021bile suplimentare create de noua re\u021bea feroviar\u0103 legat\u0103 de hub-ul central de transport. Printre acestea se num\u0103r\u0103 o nou\u0103 linie spre Mun\u021bii Bieszczady: Rzesz\u00f3w - Brzoz\u00f3w - Sanok, datorit\u0103 c\u0103reia c\u0103l\u0103toria din capital\u0103 p\u00e2n\u0103 la Sanok va dura p\u00e2n\u0103 la 3,5 ore. Investi\u021biile guvernamentale \u00een sectorul feroviar sunt completate de cele ale autorit\u0103\u021bilor locale. \u00cen cazul regiunii Podkarpacie, cel mai mare este Podkarpacka Kolej Aglomeracyjna.<\/p>\n\n\n\n<p>- De ani de zile am reconstruit \u0219i re\u00eennoit \u00een mod constant infrastructura feroviar\u0103. La aceasta se adaug\u0103 politica noastr\u0103 privind materialul rulant - trenuri moderne, vagoane \u0219i locomotive revizuite, trenuri de c\u0103l\u0103tori moderne, care fac posibil\u0103 realizarea comunica\u021biilor la standardele secolului XXI - a declarat Andrzej Adamczyk, ministrul Infrastructurii.<\/p>\n\n\n\n<p>Num\u0103rul de trenuri din Podkarpacie c\u0103tre Silezia Inferioar\u0103 va cre\u0219te de la 9 la 10. Un nou tren, IC Siemiradzki, va ap\u0103rea pe \u0219ine \u0219i va c\u0103l\u0103tori de la Przemy\u015bl la Wroc\u0142aw \u00een mai pu\u021bin de 6 ore.<\/p>\n\n\n\n<figure class=\"wp-block-image size-large\"><a href=\"https:\/\/marekkuchcinski.pl\/wp-content\/uploads\/2021\/12\/1-1.png\"><img fetchpriority=\"high\" decoding=\"async\" width=\"1024\" height=\"683\" src=\"https:\/\/marekkuchcinski.pl\/wp-content\/uploads\/2021\/12\/1-1-1024x683.png\" alt=\"\" class=\"wp-image-23996\" srcset=\"https:\/\/marekkuchcinski.pl\/wp-content\/uploads\/2021\/12\/1-1-1024x683.png 1024w, https:\/\/marekkuchcinski.pl\/wp-content\/uploads\/2021\/12\/1-1-300x200.png 300w, https:\/\/marekkuchcinski.pl\/wp-content\/uploads\/2021\/12\/1-1-768x512.png 768w, https:\/\/marekkuchcinski.pl\/wp-content\/uploads\/2021\/12\/1-1-18x12.png 18w, https:\/\/marekkuchcinski.pl\/wp-content\/uploads\/2021\/12\/1-1.png 1105w\" sizes=\"(max-width: 1024px) 100vw, 1024px\" \/><\/a><\/figure>\n\n\n\n<figure class=\"wp-block-image size-large\"><a href=\"https:\/\/marekkuchcinski.pl\/wp-content\/uploads\/2021\/12\/2-1.png\"><img decoding=\"async\" width=\"1024\" height=\"683\" src=\"https:\/\/marekkuchcinski.pl\/wp-content\/uploads\/2021\/12\/2-1-1024x683.png\" alt=\"\" class=\"wp-image-23997\" srcset=\"https:\/\/marekkuchcinski.pl\/wp-content\/uploads\/2021\/12\/2-1-1024x683.png 1024w, https:\/\/marekkuchcinski.pl\/wp-content\/uploads\/2021\/12\/2-1-300x200.png 300w, https:\/\/marekkuchcinski.pl\/wp-content\/uploads\/2021\/12\/2-1-768x512.png 768w, https:\/\/marekkuchcinski.pl\/wp-content\/uploads\/2021\/12\/2-1-18x12.png 18w, https:\/\/marekkuchcinski.pl\/wp-content\/uploads\/2021\/12\/2-1.png 1106w\" sizes=\"(max-width: 1024px) 100vw, 1024px\" \/><\/a><\/figure>\n\n\n\n<figure class=\"wp-block-image size-large\"><a href=\"https:\/\/marekkuchcinski.pl\/wp-content\/uploads\/2021\/12\/3-1.png\"><img decoding=\"async\" width=\"1024\" height=\"592\" src=\"https:\/\/marekkuchcinski.pl\/wp-content\/uploads\/2021\/12\/3-1-1024x592.png\" alt=\"\" class=\"wp-image-23998\" srcset=\"https:\/\/marekkuchcinski.pl\/wp-content\/uploads\/2021\/12\/3-1-1024x592.png 1024w, https:\/\/marekkuchcinski.pl\/wp-content\/uploads\/2021\/12\/3-1-300x174.png 300w, https:\/\/marekkuchcinski.pl\/wp-content\/uploads\/2021\/12\/3-1-768x444.png 768w, https:\/\/marekkuchcinski.pl\/wp-content\/uploads\/2021\/12\/3-1-18x10.png 18w, https:\/\/marekkuchcinski.pl\/wp-content\/uploads\/2021\/12\/3-1.png 1260w\" sizes=\"(max-width: 1024px) 100vw, 1024px\" \/><\/a><\/figure>\n\n\n\n<figure class=\"wp-block-image size-large\"><a href=\"https:\/\/marekkuchcinski.pl\/wp-content\/uploads\/2021\/12\/4-1.png\"><img loading=\"lazy\" decoding=\"async\" width=\"1024\" height=\"681\" src=\"https:\/\/marekkuchcinski.pl\/wp-content\/uploads\/2021\/12\/4-1-1024x681.png\" alt=\"\" class=\"wp-image-23999\" srcset=\"https:\/\/marekkuchcinski.pl\/wp-content\/uploads\/2021\/12\/4-1-1024x681.png 1024w, https:\/\/marekkuchcinski.pl\/wp-content\/uploads\/2021\/12\/4-1-300x200.png 300w, https:\/\/marekkuchcinski.pl\/wp-content\/uploads\/2021\/12\/4-1-768x511.png 768w, https:\/\/marekkuchcinski.pl\/wp-content\/uploads\/2021\/12\/4-1-18x12.png 18w, https:\/\/marekkuchcinski.pl\/wp-content\/uploads\/2021\/12\/4-1.png 1115w\" sizes=\"(max-width: 1024px) 100vw, 1024px\" \/><\/a><\/figure>\n\n\n\n<figure class=\"wp-block-image size-large\"><a href=\"https:\/\/marekkuchcinski.pl\/wp-content\/uploads\/2021\/12\/5.png\"><img loading=\"lazy\" decoding=\"async\" width=\"1024\" height=\"682\" src=\"https:\/\/marekkuchcinski.pl\/wp-content\/uploads\/2021\/12\/5-1024x682.png\" alt=\"\" class=\"wp-image-24000\" srcset=\"https:\/\/marekkuchcinski.pl\/wp-content\/uploads\/2021\/12\/5-1024x682.png 1024w, https:\/\/marekkuchcinski.pl\/wp-content\/uploads\/2021\/12\/5-300x200.png 300w, https:\/\/marekkuchcinski.pl\/wp-content\/uploads\/2021\/12\/5-768x512.png 768w, https:\/\/marekkuchcinski.pl\/wp-content\/uploads\/2021\/12\/5-18x12.png 18w, https:\/\/marekkuchcinski.pl\/wp-content\/uploads\/2021\/12\/5.png 1115w\" sizes=\"(max-width: 1024px) 100vw, 1024px\" \/><\/a><\/figure>\n\n\n\n<figure class=\"wp-block-image size-large\"><a href=\"https:\/\/marekkuchcinski.pl\/wp-content\/uploads\/2021\/12\/6.png\"><img loading=\"lazy\" decoding=\"async\" width=\"1024\" height=\"683\" src=\"https:\/\/marekkuchcinski.pl\/wp-content\/uploads\/2021\/12\/6-1024x683.png\" alt=\"\" class=\"wp-image-24001\" srcset=\"https:\/\/marekkuchcinski.pl\/wp-content\/uploads\/2021\/12\/6-1024x683.png 1024w, https:\/\/marekkuchcinski.pl\/wp-content\/uploads\/2021\/12\/6-300x200.png 300w, https:\/\/marekkuchcinski.pl\/wp-content\/uploads\/2021\/12\/6-768x512.png 768w, https:\/\/marekkuchcinski.pl\/wp-content\/uploads\/2021\/12\/6-18x12.png 18w, https:\/\/marekkuchcinski.pl\/wp-content\/uploads\/2021\/12\/6.png 1150w\" sizes=\"(max-width: 1024px) 100vw, 1024px\" \/><\/a><\/figure>\n\n\n\n<figure class=\"wp-block-image size-large\"><a href=\"https:\/\/marekkuchcinski.pl\/wp-content\/uploads\/2021\/12\/7.png\"><img loading=\"lazy\" decoding=\"async\" width=\"1024\" height=\"682\" src=\"https:\/\/marekkuchcinski.pl\/wp-content\/uploads\/2021\/12\/7-1024x682.png\" alt=\"\" class=\"wp-image-24002\" srcset=\"https:\/\/marekkuchcinski.pl\/wp-content\/uploads\/2021\/12\/7-1024x682.png 1024w, https:\/\/marekkuchcinski.pl\/wp-content\/uploads\/2021\/12\/7-300x200.png 300w, https:\/\/marekkuchcinski.pl\/wp-content\/uploads\/2021\/12\/7-768x512.png 768w, https:\/\/marekkuchcinski.pl\/wp-content\/uploads\/2021\/12\/7-18x12.png 18w, https:\/\/marekkuchcinski.pl\/wp-content\/uploads\/2021\/12\/7.png 1115w\" sizes=\"(max-width: 1024px) 100vw, 1024px\" \/><\/a><\/figure>\n\n\n\n<figure class=\"wp-block-image size-large\"><a href=\"https:\/\/marekkuchcinski.pl\/wp-content\/uploads\/2021\/12\/MI1_9010-2-scaled.jpg\"><img loading=\"lazy\" decoding=\"async\" width=\"1024\" height=\"683\" src=\"https:\/\/marekkuchcinski.pl\/wp-content\/uploads\/2021\/12\/MI1_9010-2-1024x683.jpg\" alt=\"\" class=\"wp-image-24003\" srcset=\"https:\/\/marekkuchcinski.pl\/wp-content\/uploads\/2021\/12\/MI1_9010-2-1024x683.jpg 1024w, https:\/\/marekkuchcinski.pl\/wp-content\/uploads\/2021\/12\/MI1_9010-2-300x200.jpg 300w, https:\/\/marekkuchcinski.pl\/wp-content\/uploads\/2021\/12\/MI1_9010-2-768x512.jpg 768w, https:\/\/marekkuchcinski.pl\/wp-content\/uploads\/2021\/12\/MI1_9010-2-1536x1024.jpg 1536w, https:\/\/marekkuchcinski.pl\/wp-content\/uploads\/2021\/12\/MI1_9010-2-scaled.jpg 2048w, https:\/\/marekkuchcinski.pl\/wp-content\/uploads\/2021\/12\/MI1_9010-2-18x12.jpg 18w\" sizes=\"(max-width: 1024px) 100vw, 1024px\" \/><\/a><\/figure>\n\n\n\n<figure class=\"wp-block-image size-large\"><a href=\"https:\/\/marekkuchcinski.pl\/wp-content\/uploads\/2021\/12\/MI1_8963-scaled.jpg\"><img loading=\"lazy\" decoding=\"async\" width=\"1024\" height=\"683\" src=\"https:\/\/marekkuchcinski.pl\/wp-content\/uploads\/2021\/12\/MI1_8963-1024x683.jpg\" alt=\"\" class=\"wp-image-23983\" srcset=\"https:\/\/marekkuchcinski.pl\/wp-content\/uploads\/2021\/12\/MI1_8963-1024x683.jpg 1024w, https:\/\/marekkuchcinski.pl\/wp-content\/uploads\/2021\/12\/MI1_8963-300x200.jpg 300w, https:\/\/marekkuchcinski.pl\/wp-content\/uploads\/2021\/12\/MI1_8963-768x512.jpg 768w, https:\/\/marekkuchcinski.pl\/wp-content\/uploads\/2021\/12\/MI1_8963-1536x1024.jpg 1536w, https:\/\/marekkuchcinski.pl\/wp-content\/uploads\/2021\/12\/MI1_8963-scaled.jpg 2048w, https:\/\/marekkuchcinski.pl\/wp-content\/uploads\/2021\/12\/MI1_8963-18x12.jpg 18w\" sizes=\"(max-width: 1024px) 100vw, 1024px\" \/><\/a><\/figure>\n\n\n\n<figure class=\"wp-block-image size-large\"><a href=\"https:\/\/marekkuchcinski.pl\/wp-content\/uploads\/2021\/12\/MI1_8975-scaled.jpg\"><img loading=\"lazy\" decoding=\"async\" width=\"1024\" height=\"683\" src=\"https:\/\/marekkuchcinski.pl\/wp-content\/uploads\/2021\/12\/MI1_8975-1024x683.jpg\" alt=\"\" class=\"wp-image-23984\" srcset=\"https:\/\/marekkuchcinski.pl\/wp-content\/uploads\/2021\/12\/MI1_8975-1024x683.jpg 1024w, https:\/\/marekkuchcinski.pl\/wp-content\/uploads\/2021\/12\/MI1_8975-300x200.jpg 300w, https:\/\/marekkuchcinski.pl\/wp-content\/uploads\/2021\/12\/MI1_8975-768x512.jpg 768w, https:\/\/marekkuchcinski.pl\/wp-content\/uploads\/2021\/12\/MI1_8975-1536x1024.jpg 1536w, https:\/\/marekkuchcinski.pl\/wp-content\/uploads\/2021\/12\/MI1_8975-scaled.jpg 2048w, https:\/\/marekkuchcinski.pl\/wp-content\/uploads\/2021\/12\/MI1_8975-18x12.jpg 18w\" sizes=\"(max-width: 1024px) 100vw, 1024px\" \/><\/a><\/figure>\n\n\n\n<figure class=\"wp-block-image size-full is-resized\"><a href=\"https:\/\/marekkuchcinski.pl\/wp-content\/uploads\/2021\/12\/266170813_322946352984595_1210111459480343221_n.jpg\"><img loading=\"lazy\" decoding=\"async\" src=\"https:\/\/marekkuchcinski.pl\/wp-content\/uploads\/2021\/12\/266170813_322946352984595_1210111459480343221_n.jpg\" alt=\"\" class=\"wp-image-23987\" width=\"809\" height=\"1079\" srcset=\"https:\/\/marekkuchcinski.pl\/wp-content\/uploads\/2021\/12\/266170813_322946352984595_1210111459480343221_n.jpg 720w, https:\/\/marekkuchcinski.pl\/wp-content\/uploads\/2021\/12\/266170813_322946352984595_1210111459480343221_n-225x300.jpg 225w, https:\/\/marekkuchcinski.pl\/wp-content\/uploads\/2021\/12\/266170813_322946352984595_1210111459480343221_n-9x12.jpg 9w\" sizes=\"(max-width: 809px) 100vw, 809px\" \/><\/a><\/figure>\n\n\n\n<figure class=\"wp-block-image size-full\"><a href=\"https:\/\/marekkuchcinski.pl\/wp-content\/uploads\/2021\/12\/266473348_322946292984601_3079340967254106745_n.jpg\"><img loading=\"lazy\" decoding=\"async\" width=\"904\" height=\"633\" src=\"https:\/\/marekkuchcinski.pl\/wp-content\/uploads\/2021\/12\/266473348_322946292984601_3079340967254106745_n.jpg\" alt=\"\" class=\"wp-image-23988\" srcset=\"https:\/\/marekkuchcinski.pl\/wp-content\/uploads\/2021\/12\/266473348_322946292984601_3079340967254106745_n.jpg 904w, https:\/\/marekkuchcinski.pl\/wp-content\/uploads\/2021\/12\/266473348_322946292984601_3079340967254106745_n-300x210.jpg 300w, https:\/\/marekkuchcinski.pl\/wp-content\/uploads\/2021\/12\/266473348_322946292984601_3079340967254106745_n-768x538.jpg 768w, https:\/\/marekkuchcinski.pl\/wp-content\/uploads\/2021\/12\/266473348_322946292984601_3079340967254106745_n-18x12.jpg 18w\" sizes=\"(max-width: 904px) 100vw, 904px\" \/><\/a><\/figure>\n\n\n\n<figure class=\"wp-block-image size-full\"><a href=\"https:\/\/marekkuchcinski.pl\/wp-content\/uploads\/2021\/12\/266335301_322946382984592_1836869083561155685_n.jpg\"><img loading=\"lazy\" decoding=\"async\" width=\"960\" height=\"720\" src=\"https:\/\/marekkuchcinski.pl\/wp-content\/uploads\/2021\/12\/266335301_322946382984592_1836869083561155685_n.jpg\" alt=\"\" class=\"wp-image-23989\" srcset=\"https:\/\/marekkuchcinski.pl\/wp-content\/uploads\/2021\/12\/266335301_322946382984592_1836869083561155685_n.jpg 960w, https:\/\/marekkuchcinski.pl\/wp-content\/uploads\/2021\/12\/266335301_322946382984592_1836869083561155685_n-300x225.jpg 300w, https:\/\/marekkuchcinski.pl\/wp-content\/uploads\/2021\/12\/266335301_322946382984592_1836869083561155685_n-768x576.jpg 768w, https:\/\/marekkuchcinski.pl\/wp-content\/uploads\/2021\/12\/266335301_322946382984592_1836869083561155685_n-16x12.jpg 16w\" sizes=\"(max-width: 960px) 100vw, 960px\" \/><\/a><\/figure>","protected":false},"excerpt":{"rendered":"<p>Noul orar al PKP a intrat \u00een vigoare duminic\u0103, 12 decembrie, \u0219i odat\u0103 cu el trenurile au revenit \u00een 30 de ora\u0219e poloneze. Regiunea Podkarpacie este un exemplu despre cum pot fi ref\u0103cute leg\u0103turile, nu doar locale sau interprovinciale, ci \u0219i interna\u021bionale. \u00cen noul orar, num\u0103rul de leg\u0103turi IC spre \u0219i dinspre Rzesz\u00f3w va cre\u0219te de la 9 la [...]<\/p>","protected":false},"author":21,"featured_media":24008,"comment_status":"open","ping_status":"open","sticky":false,"template":"","format":"standard","meta":{"ngg_post_thumbnail":0,"footnotes":""},"categories":[49,3],"tags":[],"class_list":["post-23978","post","type-post","status-publish","format-standard","has-post-thumbnail","hentry","category-podkarpacie","category-wydarzenia"],"yoast_head":"<!-- This site is optimized with the Yoast SEO plugin v24.7 - https:\/\/yoast.com\/wordpress\/plugins\/seo\/ -->\n<title>Marek Kuchci\u0144ski w Przemy\u015blu: Przywracamy \u015bwietno\u015b\u0107 polskiej kolei &#8211; Marek Kuchci\u0144ski<\/title>\n<meta name=\"robots\" content=\"index, follow, max-snippet:-1, max-image-preview:large, max-video-preview:-1\" \/>\n<link rel=\"canonical\" href=\"https:\/\/marekkuchcinski.pl\/ro\/wydarzenia\/pis-przywraca-swietnosc-polskiej-kolei\/\" \/>\n<meta property=\"og:locale\" content=\"ro_RO\" \/>\n<meta property=\"og:type\" content=\"article\" \/>\n<meta property=\"og:title\" content=\"Marek Kuchci\u0144ski w Przemy\u015blu: Przywracamy \u015bwietno\u015b\u0107 polskiej kolei &#8211; Marek Kuchci\u0144ski\" \/>\n<meta property=\"og:description\" content=\"W niedziel\u0119 12 grudnia wszed\u0142 w \u017cycie nowy rozk\u0142ad jazdy PKP, a w raz z nim do 30 polskich miejscowo\u015bci powr\u00f3ci\u0142y poci\u0105gi. Podkarpacie jest przyk\u0142adem tego, jak mo\u017cna odbudowa\u0107 po\u0142\u0105czenia nie tylko te lokalne czy mi\u0119dzywojew\u00f3dzkie, ale tak\u017ce mi\u0119dzynarodowe. W nowym rozk\u0142adzie jazdy liczba po\u0142\u0105cze\u0144 IC do i z Rzeszowa zwi\u0119kszy si\u0119 z 9 do [&hellip;]\" \/>\n<meta property=\"og:url\" content=\"https:\/\/marekkuchcinski.pl\/ro\/wydarzenia\/pis-przywraca-swietnosc-polskiej-kolei\/\" \/>\n<meta property=\"og:site_name\" content=\"Marek Kuchci\u0144ski\" \/>\n<meta property=\"article:published_time\" content=\"2021-12-12T15:35:40+00:00\" \/>\n<meta property=\"article:modified_time\" content=\"2021-12-12T17:10:31+00:00\" \/>\n<meta property=\"og:image\" content=\"https:\/\/marekkuchcinski.pl\/wp-content\/uploads\/2021\/12\/MI1_9001-scaled.jpg\" \/>\n\t<meta property=\"og:image:width\" content=\"2048\" \/>\n\t<meta property=\"og:image:height\" content=\"1275\" \/>\n\t<meta property=\"og:image:type\" content=\"image\/jpeg\" \/>\n<meta name=\"author\" content=\"Marta Olejnik\" \/>\n<meta name=\"twitter:card\" content=\"summary_large_image\" \/>\n<meta name=\"twitter:label1\" content=\"Scris de\" \/>\n\t<meta name=\"twitter:data1\" content=\"Marta Olejnik\" \/>\n\t<meta name=\"twitter:label2\" content=\"Timp estimat pentru citire\" \/>\n\t<meta name=\"twitter:data2\" content=\"4 minutes\" \/>\n<script type=\"application\/ld+json\" class=\"yoast-schema-graph\">{\"@context\":\"https:\/\/schema.org\",\"@graph\":[{\"@type\":\"Article\",\"@id\":\"https:\/\/marekkuchcinski.pl\/cs\/wydarzenia\/pis-przywraca-swietnosc-polskiej-kolei\/#article\",\"isPartOf\":{\"@id\":\"https:\/\/marekkuchcinski.pl\/cs\/wydarzenia\/pis-przywraca-swietnosc-polskiej-kolei\/\"},\"author\":{\"name\":\"Marta Olejnik\",\"@id\":\"https:\/\/marekkuchcinski.pl\/#\/schema\/person\/51d5d4ee3b5317b8e4dd2b48af359229\"},\"headline\":\"Marek Kuchci\u0144ski w Przemy\u015blu: Przywracamy \u015bwietno\u015b\u0107 polskiej kolei\",\"datePublished\":\"2021-12-12T15:35:40+00:00\",\"dateModified\":\"2021-12-12T17:10:31+00:00\",\"mainEntityOfPage\":{\"@id\":\"https:\/\/marekkuchcinski.pl\/cs\/wydarzenia\/pis-przywraca-swietnosc-polskiej-kolei\/\"},\"wordCount\":411,\"commentCount\":0,\"publisher\":{\"@id\":\"https:\/\/marekkuchcinski.pl\/#organization\"},\"image\":{\"@id\":\"https:\/\/marekkuchcinski.pl\/cs\/wydarzenia\/pis-przywraca-swietnosc-polskiej-kolei\/#primaryimage\"},\"thumbnailUrl\":\"https:\/\/marekkuchcinski.pl\/wp-content\/uploads\/2021\/12\/MI1_9001-scaled.jpg\",\"articleSection\":[\"Podkarpacie\",\"Wydarzenia\"],\"inLanguage\":\"ro-RO\",\"potentialAction\":[{\"@type\":\"CommentAction\",\"name\":\"Comment\",\"target\":[\"https:\/\/marekkuchcinski.pl\/cs\/wydarzenia\/pis-przywraca-swietnosc-polskiej-kolei\/#respond\"]}]},{\"@type\":\"WebPage\",\"@id\":\"https:\/\/marekkuchcinski.pl\/cs\/wydarzenia\/pis-przywraca-swietnosc-polskiej-kolei\/\",\"url\":\"https:\/\/marekkuchcinski.pl\/cs\/wydarzenia\/pis-przywraca-swietnosc-polskiej-kolei\/\",\"name\":\"Marek Kuchci\u0144ski w Przemy\u015blu: Przywracamy \u015bwietno\u015b\u0107 polskiej kolei &#8211; Marek Kuchci\u0144ski\",\"isPartOf\":{\"@id\":\"https:\/\/marekkuchcinski.pl\/#website\"},\"primaryImageOfPage\":{\"@id\":\"https:\/\/marekkuchcinski.pl\/cs\/wydarzenia\/pis-przywraca-swietnosc-polskiej-kolei\/#primaryimage\"},\"image\":{\"@id\":\"https:\/\/marekkuchcinski.pl\/cs\/wydarzenia\/pis-przywraca-swietnosc-polskiej-kolei\/#primaryimage\"},\"thumbnailUrl\":\"https:\/\/marekkuchcinski.pl\/wp-content\/uploads\/2021\/12\/MI1_9001-scaled.jpg\",\"datePublished\":\"2021-12-12T15:35:40+00:00\",\"dateModified\":\"2021-12-12T17:10:31+00:00\",\"breadcrumb\":{\"@id\":\"https:\/\/marekkuchcinski.pl\/cs\/wydarzenia\/pis-przywraca-swietnosc-polskiej-kolei\/#breadcrumb\"},\"inLanguage\":\"ro-RO\",\"potentialAction\":[{\"@type\":\"ReadAction\",\"target\":[\"https:\/\/marekkuchcinski.pl\/cs\/wydarzenia\/pis-przywraca-swietnosc-polskiej-kolei\/\"]}]},{\"@type\":\"ImageObject\",\"inLanguage\":\"ro-RO\",\"@id\":\"https:\/\/marekkuchcinski.pl\/cs\/wydarzenia\/pis-przywraca-swietnosc-polskiej-kolei\/#primaryimage\",\"url\":\"https:\/\/marekkuchcinski.pl\/wp-content\/uploads\/2021\/12\/MI1_9001-scaled.jpg\",\"contentUrl\":\"https:\/\/marekkuchcinski.pl\/wp-content\/uploads\/2021\/12\/MI1_9001-scaled.jpg\",\"width\":2048,\"height\":1275},{\"@type\":\"BreadcrumbList\",\"@id\":\"https:\/\/marekkuchcinski.pl\/cs\/wydarzenia\/pis-przywraca-swietnosc-polskiej-kolei\/#breadcrumb\",\"itemListElement\":[{\"@type\":\"ListItem\",\"position\":1,\"name\":\"Strona g\u0142\u00f3wna\",\"item\":\"https:\/\/marekkuchcinski.pl\/\"},{\"@type\":\"ListItem\",\"position\":2,\"name\":\"Marek Kuchci\u0144ski w Przemy\u015blu: Przywracamy \u015bwietno\u015b\u0107 polskiej kolei\"}]},{\"@type\":\"WebSite\",\"@id\":\"https:\/\/marekkuchcinski.pl\/#website\",\"url\":\"https:\/\/marekkuchcinski.pl\/\",\"name\":\"Marek Kuchci\u0144ski\",\"description\":\"Pose\u0142 na sejm RP &ndash; okr\u0119g nr 22\",\"publisher\":{\"@id\":\"https:\/\/marekkuchcinski.pl\/#organization\"},\"potentialAction\":[{\"@type\":\"SearchAction\",\"target\":{\"@type\":\"EntryPoint\",\"urlTemplate\":\"https:\/\/marekkuchcinski.pl\/?s={search_term_string}\"},\"query-input\":{\"@type\":\"PropertyValueSpecification\",\"valueRequired\":true,\"valueName\":\"search_term_string\"}}],\"inLanguage\":\"ro-RO\"},{\"@type\":\"Organization\",\"@id\":\"https:\/\/marekkuchcinski.pl\/#organization\",\"name\":\"Marek Kuchci\u0144ski\",\"url\":\"https:\/\/marekkuchcinski.pl\/\",\"logo\":{\"@type\":\"ImageObject\",\"inLanguage\":\"ro-RO\",\"@id\":\"https:\/\/marekkuchcinski.pl\/#\/schema\/logo\/image\/\",\"url\":\"https:\/\/marekkuchcinski.pl\/wp-content\/uploads\/2022\/09\/Marek.jpg\",\"contentUrl\":\"https:\/\/marekkuchcinski.pl\/wp-content\/uploads\/2022\/09\/Marek.jpg\",\"width\":1600,\"height\":971,\"caption\":\"Marek Kuchci\u0144ski\"},\"image\":{\"@id\":\"https:\/\/marekkuchcinski.pl\/#\/schema\/logo\/image\/\"}},{\"@type\":\"Person\",\"@id\":\"https:\/\/marekkuchcinski.pl\/#\/schema\/person\/51d5d4ee3b5317b8e4dd2b48af359229\",\"name\":\"Marta Olejnik\",\"image\":{\"@type\":\"ImageObject\",\"inLanguage\":\"ro-RO\",\"@id\":\"https:\/\/marekkuchcinski.pl\/#\/schema\/person\/image\/\",\"url\":\"https:\/\/secure.gravatar.com\/avatar\/e39914b2aa6a48959e24d475b5dc9793?s=96&d=mm&r=g\",\"contentUrl\":\"https:\/\/secure.gravatar.com\/avatar\/e39914b2aa6a48959e24d475b5dc9793?s=96&d=mm&r=g\",\"caption\":\"Marta Olejnik\"},\"url\":\"https:\/\/marekkuchcinski.pl\/ro\/author\/marta\/\"}]}<\/script>\n<!-- \/ Yoast SEO plugin. -->","yoast_head_json":{"title":"Marek Kuchci\u0144ski w Przemy\u015blu: Przywracamy \u015bwietno\u015b\u0107 polskiej kolei &#8211; Marek Kuchci\u0144ski","robots":{"index":"index","follow":"follow","max-snippet":"max-snippet:-1","max-image-preview":"max-image-preview:large","max-video-preview":"max-video-preview:-1"},"canonical":"https:\/\/marekkuchcinski.pl\/ro\/wydarzenia\/pis-przywraca-swietnosc-polskiej-kolei\/","og_locale":"ro_RO","og_type":"article","og_title":"Marek Kuchci\u0144ski w Przemy\u015blu: Przywracamy \u015bwietno\u015b\u0107 polskiej kolei &#8211; Marek Kuchci\u0144ski","og_description":"W niedziel\u0119 12 grudnia wszed\u0142 w \u017cycie nowy rozk\u0142ad jazdy PKP, a w raz z nim do 30 polskich miejscowo\u015bci powr\u00f3ci\u0142y poci\u0105gi. Podkarpacie jest przyk\u0142adem tego, jak mo\u017cna odbudowa\u0107 po\u0142\u0105czenia nie tylko te lokalne czy mi\u0119dzywojew\u00f3dzkie, ale tak\u017ce mi\u0119dzynarodowe. W nowym rozk\u0142adzie jazdy liczba po\u0142\u0105cze\u0144 IC do i z Rzeszowa zwi\u0119kszy si\u0119 z 9 do [&hellip;]","og_url":"https:\/\/marekkuchcinski.pl\/ro\/wydarzenia\/pis-przywraca-swietnosc-polskiej-kolei\/","og_site_name":"Marek Kuchci\u0144ski","article_published_time":"2021-12-12T15:35:40+00:00","article_modified_time":"2021-12-12T17:10:31+00:00","og_image":[{"width":2048,"height":1275,"url":"https:\/\/marekkuchcinski.pl\/wp-content\/uploads\/2021\/12\/MI1_9001-scaled.jpg","type":"image\/jpeg"}],"author":"Marta Olejnik","twitter_card":"summary_large_image","twitter_misc":{"Scris de":"Marta Olejnik","Timp estimat pentru citire":"4 minutes"},"schema":{"@context":"https:\/\/schema.org","@graph":[{"@type":"Article","@id":"https:\/\/marekkuchcinski.pl\/cs\/wydarzenia\/pis-przywraca-swietnosc-polskiej-kolei\/#article","isPartOf":{"@id":"https:\/\/marekkuchcinski.pl\/cs\/wydarzenia\/pis-przywraca-swietnosc-polskiej-kolei\/"},"author":{"name":"Marta Olejnik","@id":"https:\/\/marekkuchcinski.pl\/#\/schema\/person\/51d5d4ee3b5317b8e4dd2b48af359229"},"headline":"Marek Kuchci\u0144ski w Przemy\u015blu: Przywracamy \u015bwietno\u015b\u0107 polskiej kolei","datePublished":"2021-12-12T15:35:40+00:00","dateModified":"2021-12-12T17:10:31+00:00","mainEntityOfPage":{"@id":"https:\/\/marekkuchcinski.pl\/cs\/wydarzenia\/pis-przywraca-swietnosc-polskiej-kolei\/"},"wordCount":411,"commentCount":0,"publisher":{"@id":"https:\/\/marekkuchcinski.pl\/#organization"},"image":{"@id":"https:\/\/marekkuchcinski.pl\/cs\/wydarzenia\/pis-przywraca-swietnosc-polskiej-kolei\/#primaryimage"},"thumbnailUrl":"https:\/\/marekkuchcinski.pl\/wp-content\/uploads\/2021\/12\/MI1_9001-scaled.jpg","articleSection":["Podkarpacie","Wydarzenia"],"inLanguage":"ro-RO","potentialAction":[{"@type":"CommentAction","name":"Comment","target":["https:\/\/marekkuchcinski.pl\/cs\/wydarzenia\/pis-przywraca-swietnosc-polskiej-kolei\/#respond"]}]},{"@type":"WebPage","@id":"https:\/\/marekkuchcinski.pl\/cs\/wydarzenia\/pis-przywraca-swietnosc-polskiej-kolei\/","url":"https:\/\/marekkuchcinski.pl\/cs\/wydarzenia\/pis-przywraca-swietnosc-polskiej-kolei\/","name":"Marek Kuchci\u0144ski w Przemy\u015blu: Przywracamy \u015bwietno\u015b\u0107 polskiej kolei &#8211; Marek Kuchci\u0144ski","isPartOf":{"@id":"https:\/\/marekkuchcinski.pl\/#website"},"primaryImageOfPage":{"@id":"https:\/\/marekkuchcinski.pl\/cs\/wydarzenia\/pis-przywraca-swietnosc-polskiej-kolei\/#primaryimage"},"image":{"@id":"https:\/\/marekkuchcinski.pl\/cs\/wydarzenia\/pis-przywraca-swietnosc-polskiej-kolei\/#primaryimage"},"thumbnailUrl":"https:\/\/marekkuchcinski.pl\/wp-content\/uploads\/2021\/12\/MI1_9001-scaled.jpg","datePublished":"2021-12-12T15:35:40+00:00","dateModified":"2021-12-12T17:10:31+00:00","breadcrumb":{"@id":"https:\/\/marekkuchcinski.pl\/cs\/wydarzenia\/pis-przywraca-swietnosc-polskiej-kolei\/#breadcrumb"},"inLanguage":"ro-RO","potentialAction":[{"@type":"ReadAction","target":["https:\/\/marekkuchcinski.pl\/cs\/wydarzenia\/pis-przywraca-swietnosc-polskiej-kolei\/"]}]},{"@type":"ImageObject","inLanguage":"ro-RO","@id":"https:\/\/marekkuchcinski.pl\/cs\/wydarzenia\/pis-przywraca-swietnosc-polskiej-kolei\/#primaryimage","url":"https:\/\/marekkuchcinski.pl\/wp-content\/uploads\/2021\/12\/MI1_9001-scaled.jpg","contentUrl":"https:\/\/marekkuchcinski.pl\/wp-content\/uploads\/2021\/12\/MI1_9001-scaled.jpg","width":2048,"height":1275},{"@type":"BreadcrumbList","@id":"https:\/\/marekkuchcinski.pl\/cs\/wydarzenia\/pis-przywraca-swietnosc-polskiej-kolei\/#breadcrumb","itemListElement":[{"@type":"ListItem","position":1,"name":"Strona g\u0142\u00f3wna","item":"https:\/\/marekkuchcinski.pl\/"},{"@type":"ListItem","position":2,"name":"Marek Kuchci\u0144ski w Przemy\u015blu: Przywracamy \u015bwietno\u015b\u0107 polskiej kolei"}]},{"@type":"WebSite","@id":"https:\/\/marekkuchcinski.pl\/#website","url":"https:\/\/marekkuchcinski.pl\/","name":"Marek Kuchci\u0144ski","description":"Pose\u0142 na sejm RP &ndash; okr\u0119g nr 22","publisher":{"@id":"https:\/\/marekkuchcinski.pl\/#organization"},"potentialAction":[{"@type":"SearchAction","target":{"@type":"EntryPoint","urlTemplate":"https:\/\/marekkuchcinski.pl\/?s={search_term_string}"},"query-input":{"@type":"PropertyValueSpecification","valueRequired":true,"valueName":"search_term_string"}}],"inLanguage":"ro-RO"},{"@type":"Organization","@id":"https:\/\/marekkuchcinski.pl\/#organization","name":"Marek Kuchci\u0144ski","url":"https:\/\/marekkuchcinski.pl\/","logo":{"@type":"ImageObject","inLanguage":"ro-RO","@id":"https:\/\/marekkuchcinski.pl\/#\/schema\/logo\/image\/","url":"https:\/\/marekkuchcinski.pl\/wp-content\/uploads\/2022\/09\/Marek.jpg","contentUrl":"https:\/\/marekkuchcinski.pl\/wp-content\/uploads\/2022\/09\/Marek.jpg","width":1600,"height":971,"caption":"Marek Kuchci\u0144ski"},"image":{"@id":"https:\/\/marekkuchcinski.pl\/#\/schema\/logo\/image\/"}},{"@type":"Person","@id":"https:\/\/marekkuchcinski.pl\/#\/schema\/person\/51d5d4ee3b5317b8e4dd2b48af359229","name":"Marta Olejnik","image":{"@type":"ImageObject","inLanguage":"ro-RO","@id":"https:\/\/marekkuchcinski.pl\/#\/schema\/person\/image\/","url":"https:\/\/secure.gravatar.com\/avatar\/e39914b2aa6a48959e24d475b5dc9793?s=96&d=mm&r=g","contentUrl":"https:\/\/secure.gravatar.com\/avatar\/e39914b2aa6a48959e24d475b5dc9793?s=96&d=mm&r=g","caption":"Marta Olejnik"},"url":"https:\/\/marekkuchcinski.pl\/ro\/author\/marta\/"}]}},"_links":{"self":[{"href":"https:\/\/marekkuchcinski.pl\/ro\/wp-json\/wp\/v2\/posts\/23978","targetHints":{"allow":["GET"]}}],"collection":[{"href":"https:\/\/marekkuchcinski.pl\/ro\/wp-json\/wp\/v2\/posts"}],"about":[{"href":"https:\/\/marekkuchcinski.pl\/ro\/wp-json\/wp\/v2\/types\/post"}],"author":[{"embeddable":true,"href":"https:\/\/marekkuchcinski.pl\/ro\/wp-json\/wp\/v2\/users\/21"}],"replies":[{"embeddable":true,"href":"https:\/\/marekkuchcinski.pl\/ro\/wp-json\/wp\/v2\/comments?post=23978"}],"version-history":[{"count":7,"href":"https:\/\/marekkuchcinski.pl\/ro\/wp-json\/wp\/v2\/posts\/23978\/revisions"}],"predecessor-version":[{"id":24009,"href":"https:\/\/marekkuchcinski.pl\/ro\/wp-json\/wp\/v2\/posts\/23978\/revisions\/24009"}],"wp:featuredmedia":[{"embeddable":true,"href":"https:\/\/marekkuchcinski.pl\/ro\/wp-json\/wp\/v2\/media\/24008"}],"wp:attachment":[{"href":"https:\/\/marekkuchcinski.pl\/ro\/wp-json\/wp\/v2\/media?parent=23978"}],"wp:term":[{"taxonomy":"category","embeddable":true,"href":"https:\/\/marekkuchcinski.pl\/ro\/wp-json\/wp\/v2\/categories?post=23978"},{"taxonomy":"post_tag","embeddable":true,"href":"https:\/\/marekkuchcinski.pl\/ro\/wp-json\/wp\/v2\/tags?post=23978"}],"curies":[{"name":"wp","href":"https:\/\/api.w.org\/{rel}","templated":true}]}}