{"id":23930,"date":"2021-12-03T19:14:33","date_gmt":"2021-12-03T18:14:33","guid":{"rendered":"https:\/\/marekkuchcinski.pl\/?p=23930"},"modified":"2021-12-03T19:28:32","modified_gmt":"2021-12-03T18:28:32","slug":"sejm-ratownicy-gopr-topr-oraz-strazacy-osp-otrzymaja-dodatek-do-emerytury","status":"publish","type":"post","link":"https:\/\/marekkuchcinski.pl\/ro\/wydarzenia\/sejm-ratownicy-gopr-topr-oraz-strazacy-osp-otrzymaja-dodatek-do-emerytury\/","title":{"rendered":"Sejm: Pompierii de la GOPR, TOPR \u0219i TSO vor primi un supliment de pensie"},"content":{"rendered":"<p><strong>Sejm-ul a adoptat o lege privind pompierii voluntari, conform c\u0103reia pompierii din cadrul Brig\u0103zilor de Pompieri Voluntari, precum \u0219i salvatorii GOPR \u0219i TOPR care au servit cel pu\u021bin 25 de ani vor primi indemniza\u021bii de pensionare de 200 PLN.<\/strong> (b\u0103rba\u021bi) \u0219i 20 (femei).<\/p>\n\n\n\n<p>Anul viitor, Serviciul Voluntar de Salvare Montan\u0103 va s\u0103rb\u0103tori 70 de ani de la \u00eenfiin\u021bare. <em>A fost important pentru noi s\u0103 le putem mul\u021bumi \u00een acest fel \u00een anul aniversar, pentru a le recunoa\u0219te munca \u0219i angajamentul, a\u0219a c\u0103 am salutat cu mare entuziasm votul de ast\u0103zi din Sejm.<\/em> - a declarat dup\u0103 vot Pawe\u0142 Konieczny, directorul general al GOPR.<\/p>\n\n\n\n<p>\u00cen plus, parlamentarii din cadrul Grupului parlamentar pentru salvarea montan\u0103 caut\u0103 sprijin pentru GOPR \u0219i TOPR pentru a contribui la modernizarea echipamentelor, a instala\u021biilor \u0219i la dezvoltarea infrastructurii acestora: <a href=\"https:\/\/marekkuchcinski.pl\/ro\/wydarzenia\/parlamentarny-zespol-ds-ratownictwa-gorskiego-o-potrzebach-i-perspektywach-rozwoju-gopr\/\">Grupul parlamentar pentru salvare montan\u0103 cu privire la nevoile \u0219i perspectivele de dezvoltare a GOPR - Marek Kuchci\u0144ski (marekkuchcinski.pl)<\/a><\/p>\n\n\n\n<figure class=\"wp-block-image size-full is-resized\"><a href=\"https:\/\/marekkuchcinski.pl\/wp-content\/uploads\/2021\/12\/gts.jpg\"><img fetchpriority=\"high\" decoding=\"async\" src=\"https:\/\/marekkuchcinski.pl\/wp-content\/uploads\/2021\/12\/gts.jpg\" alt=\"\" class=\"wp-image-23931\" width=\"842\" height=\"500\" srcset=\"https:\/\/marekkuchcinski.pl\/wp-content\/uploads\/2021\/12\/gts.jpg 601w, https:\/\/marekkuchcinski.pl\/wp-content\/uploads\/2021\/12\/gts-300x178.jpg 300w, https:\/\/marekkuchcinski.pl\/wp-content\/uploads\/2021\/12\/gts-18x12.jpg 18w\" sizes=\"(max-width: 842px) 100vw, 842px\" \/><\/a><\/figure>\n\n\n\n<p><a href=\"https:\/\/marekkuchcinski.pl\/ro\/wydarzenia\/parlamentarny-zespol-ds-ratownictwa-gorskiego-o-potrzebach-i-perspektywach-rozwoju-gopr\/\">Grupul parlamentar pentru salvare montan\u0103 cu privire la nevoile \u0219i perspectivele de dezvoltare a GOPR - Marek Kuchci\u0144ski (marekkuchcinski.pl)<\/a><\/p>","protected":false},"excerpt":{"rendered":"<p>Sejm-ul a adoptat o lege privind serviciile de pompieri voluntari, \u00een temeiul c\u0103reia se vor acorda indemniza\u021bii de pensionare de 200 PLN pompierilor TSO \u0219i salvatorilor GOPR \u0219i TOPR care au servit cel pu\u021bin 25 de ani (b\u0103rba\u021bi) \u0219i 20 (femei). Anul viitor, Serviciul Voluntar de Salvare Montan\u0103 va s\u0103rb\u0103tori 70 de ani de la \u00eenfiin\u021bare. A fost important pentru noi s\u0103 putem [...] \u00een acest an aniversar.<\/p>","protected":false},"author":21,"featured_media":23931,"comment_status":"open","ping_status":"open","sticky":false,"template":"","format":"standard","meta":{"ngg_post_thumbnail":0,"footnotes":""},"categories":[81,3],"tags":[],"class_list":["post-23930","post","type-post","status-publish","format-standard","has-post-thumbnail","hentry","category-wiesci-z-sejmu","category-wydarzenia"],"yoast_head":"<!-- This site is optimized with the Yoast SEO plugin v24.7 - https:\/\/yoast.com\/wordpress\/plugins\/seo\/ -->\n<title>Sejm: ratownicy GOPR, TOPR oraz stra\u017cacy OSP otrzymaj\u0105 dodatek do emerytury &#8211; Marek Kuchci\u0144ski<\/title>\n<meta name=\"robots\" content=\"index, follow, max-snippet:-1, max-image-preview:large, max-video-preview:-1\" \/>\n<link rel=\"canonical\" href=\"https:\/\/marekkuchcinski.pl\/ro\/wydarzenia\/sejm-ratownicy-gopr-topr-oraz-strazacy-osp-otrzymaja-dodatek-do-emerytury\/\" \/>\n<meta property=\"og:locale\" content=\"ro_RO\" \/>\n<meta property=\"og:type\" content=\"article\" \/>\n<meta property=\"og:title\" content=\"Sejm: ratownicy GOPR, TOPR oraz stra\u017cacy OSP otrzymaj\u0105 dodatek do emerytury &#8211; Marek Kuchci\u0144ski\" \/>\n<meta property=\"og:description\" content=\"Sejm uchwali\u0142 ustaw\u0119 o ochotniczych stra\u017cach po\u017carnych, w ramach kt\u00f3rej dodatki emerytalne wysoko\u015bci 200 z\u0142 dostan\u0105 stra\u017cacy OSP oraz ratownicy GOPR i TOPR, kt\u00f3rzy pe\u0142nili s\u0142u\u017cb\u0119 co najmniej 25 lat (m\u0119\u017cczy\u017ani) oraz 20 (kobiety). W przysz\u0142ym roku G\u00f3rskie Ochotnicze Pogotowie Ratunkowe b\u0119dzie obchodzi\u0107 70-lecie dzia\u0142alno\u015bci. Zale\u017ca\u0142o nam, aby w roku jubileuszowym w taki spos\u00f3b m\u00f3c [&hellip;]\" \/>\n<meta property=\"og:url\" content=\"https:\/\/marekkuchcinski.pl\/ro\/wydarzenia\/sejm-ratownicy-gopr-topr-oraz-strazacy-osp-otrzymaja-dodatek-do-emerytury\/\" \/>\n<meta property=\"og:site_name\" content=\"Marek Kuchci\u0144ski\" \/>\n<meta property=\"article:published_time\" content=\"2021-12-03T18:14:33+00:00\" \/>\n<meta property=\"article:modified_time\" content=\"2021-12-03T18:28:32+00:00\" \/>\n<meta property=\"og:image\" content=\"https:\/\/marekkuchcinski.pl\/wp-content\/uploads\/2021\/12\/gts.jpg\" \/>\n\t<meta property=\"og:image:width\" content=\"601\" \/>\n\t<meta property=\"og:image:height\" content=\"357\" \/>\n\t<meta property=\"og:image:type\" content=\"image\/jpeg\" \/>\n<meta name=\"author\" content=\"Marta Olejnik\" \/>\n<meta name=\"twitter:card\" content=\"summary_large_image\" \/>\n<meta name=\"twitter:label1\" content=\"Scris de\" \/>\n\t<meta name=\"twitter:data1\" content=\"Marta Olejnik\" \/>\n\t<meta name=\"twitter:label2\" content=\"Timp estimat pentru citire\" \/>\n\t<meta name=\"twitter:data2\" content=\"1 minute\" \/>\n<script type=\"application\/ld+json\" class=\"yoast-schema-graph\">{\"@context\":\"https:\/\/schema.org\",\"@graph\":[{\"@type\":\"Article\",\"@id\":\"https:\/\/marekkuchcinski.pl\/wydarzenia\/sejm-ratownicy-gopr-topr-oraz-strazacy-osp-otrzymaja-dodatek-do-emerytury\/#article\",\"isPartOf\":{\"@id\":\"https:\/\/marekkuchcinski.pl\/wydarzenia\/sejm-ratownicy-gopr-topr-oraz-strazacy-osp-otrzymaja-dodatek-do-emerytury\/\"},\"author\":{\"name\":\"Marta Olejnik\",\"@id\":\"https:\/\/marekkuchcinski.pl\/#\/schema\/person\/51d5d4ee3b5317b8e4dd2b48af359229\"},\"headline\":\"Sejm: ratownicy GOPR, TOPR oraz stra\u017cacy OSP otrzymaj\u0105 dodatek do emerytury\",\"datePublished\":\"2021-12-03T18:14:33+00:00\",\"dateModified\":\"2021-12-03T18:28:32+00:00\",\"mainEntityOfPage\":{\"@id\":\"https:\/\/marekkuchcinski.pl\/wydarzenia\/sejm-ratownicy-gopr-topr-oraz-strazacy-osp-otrzymaja-dodatek-do-emerytury\/\"},\"wordCount\":184,\"commentCount\":0,\"publisher\":{\"@id\":\"https:\/\/marekkuchcinski.pl\/#organization\"},\"image\":{\"@id\":\"https:\/\/marekkuchcinski.pl\/wydarzenia\/sejm-ratownicy-gopr-topr-oraz-strazacy-osp-otrzymaja-dodatek-do-emerytury\/#primaryimage\"},\"thumbnailUrl\":\"https:\/\/marekkuchcinski.pl\/wp-content\/uploads\/2021\/12\/gts.jpg\",\"articleSection\":[\"Wie\u015bci z Sejmu\",\"Wydarzenia\"],\"inLanguage\":\"ro-RO\",\"potentialAction\":[{\"@type\":\"CommentAction\",\"name\":\"Comment\",\"target\":[\"https:\/\/marekkuchcinski.pl\/wydarzenia\/sejm-ratownicy-gopr-topr-oraz-strazacy-osp-otrzymaja-dodatek-do-emerytury\/#respond\"]}]},{\"@type\":\"WebPage\",\"@id\":\"https:\/\/marekkuchcinski.pl\/wydarzenia\/sejm-ratownicy-gopr-topr-oraz-strazacy-osp-otrzymaja-dodatek-do-emerytury\/\",\"url\":\"https:\/\/marekkuchcinski.pl\/wydarzenia\/sejm-ratownicy-gopr-topr-oraz-strazacy-osp-otrzymaja-dodatek-do-emerytury\/\",\"name\":\"Sejm: ratownicy GOPR, TOPR oraz stra\u017cacy OSP otrzymaj\u0105 dodatek do emerytury &#8211; Marek Kuchci\u0144ski\",\"isPartOf\":{\"@id\":\"https:\/\/marekkuchcinski.pl\/#website\"},\"primaryImageOfPage\":{\"@id\":\"https:\/\/marekkuchcinski.pl\/wydarzenia\/sejm-ratownicy-gopr-topr-oraz-strazacy-osp-otrzymaja-dodatek-do-emerytury\/#primaryimage\"},\"image\":{\"@id\":\"https:\/\/marekkuchcinski.pl\/wydarzenia\/sejm-ratownicy-gopr-topr-oraz-strazacy-osp-otrzymaja-dodatek-do-emerytury\/#primaryimage\"},\"thumbnailUrl\":\"https:\/\/marekkuchcinski.pl\/wp-content\/uploads\/2021\/12\/gts.jpg\",\"datePublished\":\"2021-12-03T18:14:33+00:00\",\"dateModified\":\"2021-12-03T18:28:32+00:00\",\"breadcrumb\":{\"@id\":\"https:\/\/marekkuchcinski.pl\/wydarzenia\/sejm-ratownicy-gopr-topr-oraz-strazacy-osp-otrzymaja-dodatek-do-emerytury\/#breadcrumb\"},\"inLanguage\":\"ro-RO\",\"potentialAction\":[{\"@type\":\"ReadAction\",\"target\":[\"https:\/\/marekkuchcinski.pl\/wydarzenia\/sejm-ratownicy-gopr-topr-oraz-strazacy-osp-otrzymaja-dodatek-do-emerytury\/\"]}]},{\"@type\":\"ImageObject\",\"inLanguage\":\"ro-RO\",\"@id\":\"https:\/\/marekkuchcinski.pl\/wydarzenia\/sejm-ratownicy-gopr-topr-oraz-strazacy-osp-otrzymaja-dodatek-do-emerytury\/#primaryimage\",\"url\":\"https:\/\/marekkuchcinski.pl\/wp-content\/uploads\/2021\/12\/gts.jpg\",\"contentUrl\":\"https:\/\/marekkuchcinski.pl\/wp-content\/uploads\/2021\/12\/gts.jpg\",\"width\":601,\"height\":357},{\"@type\":\"BreadcrumbList\",\"@id\":\"https:\/\/marekkuchcinski.pl\/wydarzenia\/sejm-ratownicy-gopr-topr-oraz-strazacy-osp-otrzymaja-dodatek-do-emerytury\/#breadcrumb\",\"itemListElement\":[{\"@type\":\"ListItem\",\"position\":1,\"name\":\"Strona g\u0142\u00f3wna\",\"item\":\"https:\/\/marekkuchcinski.pl\/\"},{\"@type\":\"ListItem\",\"position\":2,\"name\":\"Sejm: ratownicy GOPR, TOPR oraz stra\u017cacy OSP otrzymaj\u0105 dodatek do emerytury\"}]},{\"@type\":\"WebSite\",\"@id\":\"https:\/\/marekkuchcinski.pl\/#website\",\"url\":\"https:\/\/marekkuchcinski.pl\/\",\"name\":\"Marek Kuchci\u0144ski\",\"description\":\"Pose\u0142 na sejm RP &ndash; okr\u0119g nr 22\",\"publisher\":{\"@id\":\"https:\/\/marekkuchcinski.pl\/#organization\"},\"potentialAction\":[{\"@type\":\"SearchAction\",\"target\":{\"@type\":\"EntryPoint\",\"urlTemplate\":\"https:\/\/marekkuchcinski.pl\/?s={search_term_string}\"},\"query-input\":{\"@type\":\"PropertyValueSpecification\",\"valueRequired\":true,\"valueName\":\"search_term_string\"}}],\"inLanguage\":\"ro-RO\"},{\"@type\":\"Organization\",\"@id\":\"https:\/\/marekkuchcinski.pl\/#organization\",\"name\":\"Marek Kuchci\u0144ski\",\"url\":\"https:\/\/marekkuchcinski.pl\/\",\"logo\":{\"@type\":\"ImageObject\",\"inLanguage\":\"ro-RO\",\"@id\":\"https:\/\/marekkuchcinski.pl\/#\/schema\/logo\/image\/\",\"url\":\"https:\/\/marekkuchcinski.pl\/wp-content\/uploads\/2022\/09\/Marek.jpg\",\"contentUrl\":\"https:\/\/marekkuchcinski.pl\/wp-content\/uploads\/2022\/09\/Marek.jpg\",\"width\":1600,\"height\":971,\"caption\":\"Marek Kuchci\u0144ski\"},\"image\":{\"@id\":\"https:\/\/marekkuchcinski.pl\/#\/schema\/logo\/image\/\"}},{\"@type\":\"Person\",\"@id\":\"https:\/\/marekkuchcinski.pl\/#\/schema\/person\/51d5d4ee3b5317b8e4dd2b48af359229\",\"name\":\"Marta Olejnik\",\"image\":{\"@type\":\"ImageObject\",\"inLanguage\":\"ro-RO\",\"@id\":\"https:\/\/marekkuchcinski.pl\/#\/schema\/person\/image\/\",\"url\":\"https:\/\/secure.gravatar.com\/avatar\/e39914b2aa6a48959e24d475b5dc9793?s=96&d=mm&r=g\",\"contentUrl\":\"https:\/\/secure.gravatar.com\/avatar\/e39914b2aa6a48959e24d475b5dc9793?s=96&d=mm&r=g\",\"caption\":\"Marta Olejnik\"},\"url\":\"https:\/\/marekkuchcinski.pl\/ro\/author\/marta\/\"}]}<\/script>\n<!-- \/ Yoast SEO plugin. -->","yoast_head_json":{"title":"Sejm: ratownicy GOPR, TOPR oraz stra\u017cacy OSP otrzymaj\u0105 dodatek do emerytury &#8211; Marek Kuchci\u0144ski","robots":{"index":"index","follow":"follow","max-snippet":"max-snippet:-1","max-image-preview":"max-image-preview:large","max-video-preview":"max-video-preview:-1"},"canonical":"https:\/\/marekkuchcinski.pl\/ro\/wydarzenia\/sejm-ratownicy-gopr-topr-oraz-strazacy-osp-otrzymaja-dodatek-do-emerytury\/","og_locale":"ro_RO","og_type":"article","og_title":"Sejm: ratownicy GOPR, TOPR oraz stra\u017cacy OSP otrzymaj\u0105 dodatek do emerytury &#8211; Marek Kuchci\u0144ski","og_description":"Sejm uchwali\u0142 ustaw\u0119 o ochotniczych stra\u017cach po\u017carnych, w ramach kt\u00f3rej dodatki emerytalne wysoko\u015bci 200 z\u0142 dostan\u0105 stra\u017cacy OSP oraz ratownicy GOPR i TOPR, kt\u00f3rzy pe\u0142nili s\u0142u\u017cb\u0119 co najmniej 25 lat (m\u0119\u017cczy\u017ani) oraz 20 (kobiety). W przysz\u0142ym roku G\u00f3rskie Ochotnicze Pogotowie Ratunkowe b\u0119dzie obchodzi\u0107 70-lecie dzia\u0142alno\u015bci. Zale\u017ca\u0142o nam, aby w roku jubileuszowym w taki spos\u00f3b m\u00f3c [&hellip;]","og_url":"https:\/\/marekkuchcinski.pl\/ro\/wydarzenia\/sejm-ratownicy-gopr-topr-oraz-strazacy-osp-otrzymaja-dodatek-do-emerytury\/","og_site_name":"Marek Kuchci\u0144ski","article_published_time":"2021-12-03T18:14:33+00:00","article_modified_time":"2021-12-03T18:28:32+00:00","og_image":[{"width":601,"height":357,"url":"https:\/\/marekkuchcinski.pl\/wp-content\/uploads\/2021\/12\/gts.jpg","type":"image\/jpeg"}],"author":"Marta Olejnik","twitter_card":"summary_large_image","twitter_misc":{"Scris de":"Marta Olejnik","Timp estimat pentru citire":"1 minute"},"schema":{"@context":"https:\/\/schema.org","@graph":[{"@type":"Article","@id":"https:\/\/marekkuchcinski.pl\/wydarzenia\/sejm-ratownicy-gopr-topr-oraz-strazacy-osp-otrzymaja-dodatek-do-emerytury\/#article","isPartOf":{"@id":"https:\/\/marekkuchcinski.pl\/wydarzenia\/sejm-ratownicy-gopr-topr-oraz-strazacy-osp-otrzymaja-dodatek-do-emerytury\/"},"author":{"name":"Marta Olejnik","@id":"https:\/\/marekkuchcinski.pl\/#\/schema\/person\/51d5d4ee3b5317b8e4dd2b48af359229"},"headline":"Sejm: ratownicy GOPR, TOPR oraz stra\u017cacy OSP otrzymaj\u0105 dodatek do emerytury","datePublished":"2021-12-03T18:14:33+00:00","dateModified":"2021-12-03T18:28:32+00:00","mainEntityOfPage":{"@id":"https:\/\/marekkuchcinski.pl\/wydarzenia\/sejm-ratownicy-gopr-topr-oraz-strazacy-osp-otrzymaja-dodatek-do-emerytury\/"},"wordCount":184,"commentCount":0,"publisher":{"@id":"https:\/\/marekkuchcinski.pl\/#organization"},"image":{"@id":"https:\/\/marekkuchcinski.pl\/wydarzenia\/sejm-ratownicy-gopr-topr-oraz-strazacy-osp-otrzymaja-dodatek-do-emerytury\/#primaryimage"},"thumbnailUrl":"https:\/\/marekkuchcinski.pl\/wp-content\/uploads\/2021\/12\/gts.jpg","articleSection":["Wie\u015bci z Sejmu","Wydarzenia"],"inLanguage":"ro-RO","potentialAction":[{"@type":"CommentAction","name":"Comment","target":["https:\/\/marekkuchcinski.pl\/wydarzenia\/sejm-ratownicy-gopr-topr-oraz-strazacy-osp-otrzymaja-dodatek-do-emerytury\/#respond"]}]},{"@type":"WebPage","@id":"https:\/\/marekkuchcinski.pl\/wydarzenia\/sejm-ratownicy-gopr-topr-oraz-strazacy-osp-otrzymaja-dodatek-do-emerytury\/","url":"https:\/\/marekkuchcinski.pl\/wydarzenia\/sejm-ratownicy-gopr-topr-oraz-strazacy-osp-otrzymaja-dodatek-do-emerytury\/","name":"Sejm: ratownicy GOPR, TOPR oraz stra\u017cacy OSP otrzymaj\u0105 dodatek do emerytury &#8211; Marek Kuchci\u0144ski","isPartOf":{"@id":"https:\/\/marekkuchcinski.pl\/#website"},"primaryImageOfPage":{"@id":"https:\/\/marekkuchcinski.pl\/wydarzenia\/sejm-ratownicy-gopr-topr-oraz-strazacy-osp-otrzymaja-dodatek-do-emerytury\/#primaryimage"},"image":{"@id":"https:\/\/marekkuchcinski.pl\/wydarzenia\/sejm-ratownicy-gopr-topr-oraz-strazacy-osp-otrzymaja-dodatek-do-emerytury\/#primaryimage"},"thumbnailUrl":"https:\/\/marekkuchcinski.pl\/wp-content\/uploads\/2021\/12\/gts.jpg","datePublished":"2021-12-03T18:14:33+00:00","dateModified":"2021-12-03T18:28:32+00:00","breadcrumb":{"@id":"https:\/\/marekkuchcinski.pl\/wydarzenia\/sejm-ratownicy-gopr-topr-oraz-strazacy-osp-otrzymaja-dodatek-do-emerytury\/#breadcrumb"},"inLanguage":"ro-RO","potentialAction":[{"@type":"ReadAction","target":["https:\/\/marekkuchcinski.pl\/wydarzenia\/sejm-ratownicy-gopr-topr-oraz-strazacy-osp-otrzymaja-dodatek-do-emerytury\/"]}]},{"@type":"ImageObject","inLanguage":"ro-RO","@id":"https:\/\/marekkuchcinski.pl\/wydarzenia\/sejm-ratownicy-gopr-topr-oraz-strazacy-osp-otrzymaja-dodatek-do-emerytury\/#primaryimage","url":"https:\/\/marekkuchcinski.pl\/wp-content\/uploads\/2021\/12\/gts.jpg","contentUrl":"https:\/\/marekkuchcinski.pl\/wp-content\/uploads\/2021\/12\/gts.jpg","width":601,"height":357},{"@type":"BreadcrumbList","@id":"https:\/\/marekkuchcinski.pl\/wydarzenia\/sejm-ratownicy-gopr-topr-oraz-strazacy-osp-otrzymaja-dodatek-do-emerytury\/#breadcrumb","itemListElement":[{"@type":"ListItem","position":1,"name":"Strona g\u0142\u00f3wna","item":"https:\/\/marekkuchcinski.pl\/"},{"@type":"ListItem","position":2,"name":"Sejm: ratownicy GOPR, TOPR oraz stra\u017cacy OSP otrzymaj\u0105 dodatek do emerytury"}]},{"@type":"WebSite","@id":"https:\/\/marekkuchcinski.pl\/#website","url":"https:\/\/marekkuchcinski.pl\/","name":"Marek Kuchci\u0144ski","description":"Pose\u0142 na sejm RP &ndash; okr\u0119g nr 22","publisher":{"@id":"https:\/\/marekkuchcinski.pl\/#organization"},"potentialAction":[{"@type":"SearchAction","target":{"@type":"EntryPoint","urlTemplate":"https:\/\/marekkuchcinski.pl\/?s={search_term_string}"},"query-input":{"@type":"PropertyValueSpecification","valueRequired":true,"valueName":"search_term_string"}}],"inLanguage":"ro-RO"},{"@type":"Organization","@id":"https:\/\/marekkuchcinski.pl\/#organization","name":"Marek Kuchci\u0144ski","url":"https:\/\/marekkuchcinski.pl\/","logo":{"@type":"ImageObject","inLanguage":"ro-RO","@id":"https:\/\/marekkuchcinski.pl\/#\/schema\/logo\/image\/","url":"https:\/\/marekkuchcinski.pl\/wp-content\/uploads\/2022\/09\/Marek.jpg","contentUrl":"https:\/\/marekkuchcinski.pl\/wp-content\/uploads\/2022\/09\/Marek.jpg","width":1600,"height":971,"caption":"Marek Kuchci\u0144ski"},"image":{"@id":"https:\/\/marekkuchcinski.pl\/#\/schema\/logo\/image\/"}},{"@type":"Person","@id":"https:\/\/marekkuchcinski.pl\/#\/schema\/person\/51d5d4ee3b5317b8e4dd2b48af359229","name":"Marta Olejnik","image":{"@type":"ImageObject","inLanguage":"ro-RO","@id":"https:\/\/marekkuchcinski.pl\/#\/schema\/person\/image\/","url":"https:\/\/secure.gravatar.com\/avatar\/e39914b2aa6a48959e24d475b5dc9793?s=96&d=mm&r=g","contentUrl":"https:\/\/secure.gravatar.com\/avatar\/e39914b2aa6a48959e24d475b5dc9793?s=96&d=mm&r=g","caption":"Marta Olejnik"},"url":"https:\/\/marekkuchcinski.pl\/ro\/author\/marta\/"}]}},"_links":{"self":[{"href":"https:\/\/marekkuchcinski.pl\/ro\/wp-json\/wp\/v2\/posts\/23930","targetHints":{"allow":["GET"]}}],"collection":[{"href":"https:\/\/marekkuchcinski.pl\/ro\/wp-json\/wp\/v2\/posts"}],"about":[{"href":"https:\/\/marekkuchcinski.pl\/ro\/wp-json\/wp\/v2\/types\/post"}],"author":[{"embeddable":true,"href":"https:\/\/marekkuchcinski.pl\/ro\/wp-json\/wp\/v2\/users\/21"}],"replies":[{"embeddable":true,"href":"https:\/\/marekkuchcinski.pl\/ro\/wp-json\/wp\/v2\/comments?post=23930"}],"version-history":[{"count":4,"href":"https:\/\/marekkuchcinski.pl\/ro\/wp-json\/wp\/v2\/posts\/23930\/revisions"}],"predecessor-version":[{"id":23937,"href":"https:\/\/marekkuchcinski.pl\/ro\/wp-json\/wp\/v2\/posts\/23930\/revisions\/23937"}],"wp:featuredmedia":[{"embeddable":true,"href":"https:\/\/marekkuchcinski.pl\/ro\/wp-json\/wp\/v2\/media\/23931"}],"wp:attachment":[{"href":"https:\/\/marekkuchcinski.pl\/ro\/wp-json\/wp\/v2\/media?parent=23930"}],"wp:term":[{"taxonomy":"category","embeddable":true,"href":"https:\/\/marekkuchcinski.pl\/ro\/wp-json\/wp\/v2\/categories?post=23930"},{"taxonomy":"post_tag","embeddable":true,"href":"https:\/\/marekkuchcinski.pl\/ro\/wp-json\/wp\/v2\/tags?post=23930"}],"curies":[{"name":"wp","href":"https:\/\/api.w.org\/{rel}","templated":true}]}}