{"id":23772,"date":"2021-11-11T12:49:45","date_gmt":"2021-11-11T11:49:45","guid":{"rendered":"https:\/\/marekkuchcinski.pl\/?p=23772"},"modified":"2021-11-14T20:29:32","modified_gmt":"2021-11-14T19:29:32","slug":"cyfryzacja-europy-karpat-szansa-na-lepsza-integracje-regionu","status":"publish","type":"post","link":"https:\/\/marekkuchcinski.pl\/ro\/wydarzenia\/cyfryzacja-europy-karpat-szansa-na-lepsza-integracje-regionu\/","title":{"rendered":"Digitalizarea Europei Carpatice ca o oportunitate pentru o mai bun\u0103 integrare a regiunii"},"content":{"rendered":"<p><em>Europa carpatic\u0103 a c\u0103p\u0103tat o nou\u0103 dimensiune. Digitalizarea regiunii aduce o oportunitate pentru o integrare mai profund\u0103 a \u021b\u0103rilor din Europa Central\u0103 \u0219i de Est, implic\u00e2nd comunit\u0103\u021bile locale \u00een proiectele, jocurile \u0219i aplica\u021biile pe care le propunem. \u00cempreun\u0103 cu GovTech, am c\u0103utat solu\u021bii care au \u0219ansa de a-i interesa pe oamenii creativi \u0219i gata s\u0103 lucreze \u00eempreun\u0103 pentru a consolida brandul Europa Carpatic\u0103. Inova\u021bia a devenit o realitate!<\/em><\/p>\n\n\n\n<p><em>Ast\u0103zi se \u00eent\u00e2mpl\u0103 un lucru excep\u021bional: se lanseaz\u0103 un concurs pentru o carte de benzi desenate digital\u0103 dedicat\u0103 legendelor din regiunea Podkarpacie. Elevii de liceu din regiunea Podkarpacie, dar \u0219i din \u00eentreaga Polonie, \u00ee\u0219i vor putea trimite lucr\u0103rile, care vor fi evaluate de un juriu pentru a le premia pe cele mai bune.<\/em><\/p>\n\n\n\n<p><em>Digitalizarea a ajuns \u00een aproape toate domeniile vie\u021bii. \u0218i asta este un noroc! F\u0103r\u0103 ea, ar fi fost greu de imaginat ultimele luni, c\u00e2nd ne-am luptat cu o pandemie \u0219i c\u00e2nd elevii au fost nevoi\u021bi s\u0103 \u00eenve\u021be online. Dorim s\u0103 ne adapt\u0103m vremurilor \u0219i s\u0103 r\u0103spundem provoc\u0103rilor pe care lumea modern\u0103 ni le adreseaz\u0103. Am avut destul de multe concursuri de pictur\u0103 \u0219i benzi desenate, a venit timpul s\u0103 intr\u0103m \u0219i noi \u00een domeniul digital. Pentru a da o \u0219ans\u0103 tuturor celor care doresc s\u0103 participe la concurs, anun\u021b\u0103m recrutarea pentru cursuri virtuale gratuite de formare \u00een grafic\u0103 pe calculator. Indiferent dac\u0103 o astfel de formare se traduce sau nu \u00een prezentarea unei lucr\u0103ri, de exemplu o band\u0103 desenat\u0103 digital\u0103, important este c\u0103 le permitem studen\u021bilor s\u0103 dob\u00e2ndeasc\u0103 competen\u021be digitale - cele f\u0103r\u0103 de care este greu de imaginat lumea de ast\u0103zi \u0219i cele care sunt \u0219i vor fi cerute de viitorii dumneavoastr\u0103 angajatori.<\/em><\/p>\n\n\n\n<p><em>Concursul de benzi desenate digitale este doar una dintre numeroasele ini\u021biative care fac parte din Digital Carpathian Europe. V\u0103 \u00eencurajez s\u0103 urm\u0103ri\u021bi site-ul <\/em><a href=\"https:\/\/www.gov.pl\/web\/cyfrowaeuropakarpat\">https:\/\/www.gov.pl\/web\/cyfrowaeuropakarpat<\/a><\/p>\n\n\n\n<p>Marek Kuchci\u0144ski, pre\u0219edinte al Comisiei pentru afaceri externe din Sejm-ul polonez<\/p>","protected":false},"excerpt":{"rendered":"<p>Europa Karpat zyska\u0142a nowy wymiar. Cyfryzacja regionu przynosi szans\u0119 na g\u0142\u0119bsz\u0105 integracj\u0119 pa\u0144stw Europy \u015arodkowej i Wschodniej, anga\u017cuj\u0105c spo\u0142eczno\u015bci lokalne w proponowane przez nas projekty, gry i aplikacje. Razem z GovTech si\u0119gn\u0119li\u015bmy po rozwi\u0105zania, kt\u00f3re maj\u0105 szans\u0119 zainteresowa\u0107 ludzi kreatywnych i gotowych do podj\u0119cia wsp\u00f3\u0142pracy na rzecz wzmocnienia marki, kt\u00f3r\u0105 jest Europa Karpat. Innowacyjno\u015b\u0107 sta\u0142a [&hellip;]<\/p>","protected":false},"author":21,"featured_media":23794,"comment_status":"open","ping_status":"open","sticky":false,"template":"","format":"standard","meta":{"ngg_post_thumbnail":0,"footnotes":""},"categories":[78,49,3],"tags":[],"class_list":["post-23772","post","type-post","status-publish","format-standard","has-post-thumbnail","hentry","category-europa-karpat","category-podkarpacie","category-wydarzenia"],"yoast_head":"<!-- This site is optimized with the Yoast SEO plugin v24.7 - https:\/\/yoast.com\/wordpress\/plugins\/seo\/ -->\n<title>Cyfryzacja Europy Karpat szans\u0105 na lepsz\u0105 integracj\u0119 regionu &#8211; Marek Kuchci\u0144ski<\/title>\n<meta name=\"robots\" content=\"index, follow, max-snippet:-1, max-image-preview:large, max-video-preview:-1\" \/>\n<link rel=\"canonical\" href=\"https:\/\/marekkuchcinski.pl\/ro\/wydarzenia\/cyfryzacja-europy-karpat-szansa-na-lepsza-integracje-regionu\/\" \/>\n<meta property=\"og:locale\" content=\"ro_RO\" \/>\n<meta property=\"og:type\" content=\"article\" \/>\n<meta property=\"og:title\" content=\"Cyfryzacja Europy Karpat szans\u0105 na lepsz\u0105 integracj\u0119 regionu &#8211; Marek Kuchci\u0144ski\" \/>\n<meta property=\"og:description\" content=\"Europa Karpat zyska\u0142a nowy wymiar. Cyfryzacja regionu przynosi szans\u0119 na g\u0142\u0119bsz\u0105 integracj\u0119 pa\u0144stw Europy \u015arodkowej i Wschodniej, anga\u017cuj\u0105c spo\u0142eczno\u015bci lokalne w proponowane przez nas projekty, gry i aplikacje. Razem z GovTech si\u0119gn\u0119li\u015bmy po rozwi\u0105zania, kt\u00f3re maj\u0105 szans\u0119 zainteresowa\u0107 ludzi kreatywnych i gotowych do podj\u0119cia wsp\u00f3\u0142pracy na rzecz wzmocnienia marki, kt\u00f3r\u0105 jest Europa Karpat. Innowacyjno\u015b\u0107 sta\u0142a [&hellip;]\" \/>\n<meta property=\"og:url\" content=\"https:\/\/marekkuchcinski.pl\/ro\/wydarzenia\/cyfryzacja-europy-karpat-szansa-na-lepsza-integracje-regionu\/\" \/>\n<meta property=\"og:site_name\" content=\"Marek Kuchci\u0144ski\" \/>\n<meta property=\"article:published_time\" content=\"2021-11-11T11:49:45+00:00\" \/>\n<meta property=\"article:modified_time\" content=\"2021-11-14T19:29:32+00:00\" \/>\n<meta property=\"og:image\" content=\"https:\/\/marekkuchcinski.pl\/wp-content\/uploads\/2021\/11\/GRAFIKA-2-IG.png\" \/>\n\t<meta property=\"og:image:width\" content=\"1080\" \/>\n\t<meta property=\"og:image:height\" content=\"1080\" \/>\n\t<meta property=\"og:image:type\" content=\"image\/png\" \/>\n<meta name=\"author\" content=\"Marta Olejnik\" \/>\n<meta name=\"twitter:card\" content=\"summary_large_image\" \/>\n<meta name=\"twitter:label1\" content=\"Scris de\" \/>\n\t<meta name=\"twitter:data1\" content=\"Marta Olejnik\" \/>\n\t<meta name=\"twitter:label2\" content=\"Timp estimat pentru citire\" \/>\n\t<meta name=\"twitter:data2\" content=\"2 minutes\" \/>\n<script type=\"application\/ld+json\" class=\"yoast-schema-graph\">{\"@context\":\"https:\/\/schema.org\",\"@graph\":[{\"@type\":\"Article\",\"@id\":\"https:\/\/marekkuchcinski.pl\/sk\/wydarzenia\/cyfryzacja-europy-karpat-szansa-na-lepsza-integracje-regionu\/#article\",\"isPartOf\":{\"@id\":\"https:\/\/marekkuchcinski.pl\/sk\/wydarzenia\/cyfryzacja-europy-karpat-szansa-na-lepsza-integracje-regionu\/\"},\"author\":{\"name\":\"Marta Olejnik\",\"@id\":\"https:\/\/marekkuchcinski.pl\/#\/schema\/person\/51d5d4ee3b5317b8e4dd2b48af359229\"},\"headline\":\"Cyfryzacja Europy Karpat szans\u0105 na lepsz\u0105 integracj\u0119 regionu\",\"datePublished\":\"2021-11-11T11:49:45+00:00\",\"dateModified\":\"2021-11-14T19:29:32+00:00\",\"mainEntityOfPage\":{\"@id\":\"https:\/\/marekkuchcinski.pl\/sk\/wydarzenia\/cyfryzacja-europy-karpat-szansa-na-lepsza-integracje-regionu\/\"},\"wordCount\":320,\"commentCount\":0,\"publisher\":{\"@id\":\"https:\/\/marekkuchcinski.pl\/#organization\"},\"image\":{\"@id\":\"https:\/\/marekkuchcinski.pl\/sk\/wydarzenia\/cyfryzacja-europy-karpat-szansa-na-lepsza-integracje-regionu\/#primaryimage\"},\"thumbnailUrl\":\"https:\/\/marekkuchcinski.pl\/wp-content\/uploads\/2021\/11\/GRAFIKA-2-IG.png\",\"articleSection\":[\"Europa Karpat\",\"Podkarpacie\",\"Wydarzenia\"],\"inLanguage\":\"ro-RO\",\"potentialAction\":[{\"@type\":\"CommentAction\",\"name\":\"Comment\",\"target\":[\"https:\/\/marekkuchcinski.pl\/sk\/wydarzenia\/cyfryzacja-europy-karpat-szansa-na-lepsza-integracje-regionu\/#respond\"]}]},{\"@type\":\"WebPage\",\"@id\":\"https:\/\/marekkuchcinski.pl\/sk\/wydarzenia\/cyfryzacja-europy-karpat-szansa-na-lepsza-integracje-regionu\/\",\"url\":\"https:\/\/marekkuchcinski.pl\/sk\/wydarzenia\/cyfryzacja-europy-karpat-szansa-na-lepsza-integracje-regionu\/\",\"name\":\"Cyfryzacja Europy Karpat szans\u0105 na lepsz\u0105 integracj\u0119 regionu &#8211; Marek Kuchci\u0144ski\",\"isPartOf\":{\"@id\":\"https:\/\/marekkuchcinski.pl\/#website\"},\"primaryImageOfPage\":{\"@id\":\"https:\/\/marekkuchcinski.pl\/sk\/wydarzenia\/cyfryzacja-europy-karpat-szansa-na-lepsza-integracje-regionu\/#primaryimage\"},\"image\":{\"@id\":\"https:\/\/marekkuchcinski.pl\/sk\/wydarzenia\/cyfryzacja-europy-karpat-szansa-na-lepsza-integracje-regionu\/#primaryimage\"},\"thumbnailUrl\":\"https:\/\/marekkuchcinski.pl\/wp-content\/uploads\/2021\/11\/GRAFIKA-2-IG.png\",\"datePublished\":\"2021-11-11T11:49:45+00:00\",\"dateModified\":\"2021-11-14T19:29:32+00:00\",\"breadcrumb\":{\"@id\":\"https:\/\/marekkuchcinski.pl\/sk\/wydarzenia\/cyfryzacja-europy-karpat-szansa-na-lepsza-integracje-regionu\/#breadcrumb\"},\"inLanguage\":\"ro-RO\",\"potentialAction\":[{\"@type\":\"ReadAction\",\"target\":[\"https:\/\/marekkuchcinski.pl\/sk\/wydarzenia\/cyfryzacja-europy-karpat-szansa-na-lepsza-integracje-regionu\/\"]}]},{\"@type\":\"ImageObject\",\"inLanguage\":\"ro-RO\",\"@id\":\"https:\/\/marekkuchcinski.pl\/sk\/wydarzenia\/cyfryzacja-europy-karpat-szansa-na-lepsza-integracje-regionu\/#primaryimage\",\"url\":\"https:\/\/marekkuchcinski.pl\/wp-content\/uploads\/2021\/11\/GRAFIKA-2-IG.png\",\"contentUrl\":\"https:\/\/marekkuchcinski.pl\/wp-content\/uploads\/2021\/11\/GRAFIKA-2-IG.png\",\"width\":1080,\"height\":1080},{\"@type\":\"BreadcrumbList\",\"@id\":\"https:\/\/marekkuchcinski.pl\/sk\/wydarzenia\/cyfryzacja-europy-karpat-szansa-na-lepsza-integracje-regionu\/#breadcrumb\",\"itemListElement\":[{\"@type\":\"ListItem\",\"position\":1,\"name\":\"Strona g\u0142\u00f3wna\",\"item\":\"https:\/\/marekkuchcinski.pl\/\"},{\"@type\":\"ListItem\",\"position\":2,\"name\":\"Cyfryzacja Europy Karpat szans\u0105 na lepsz\u0105 integracj\u0119 regionu\"}]},{\"@type\":\"WebSite\",\"@id\":\"https:\/\/marekkuchcinski.pl\/#website\",\"url\":\"https:\/\/marekkuchcinski.pl\/\",\"name\":\"Marek Kuchci\u0144ski\",\"description\":\"Pose\u0142 na sejm RP &ndash; okr\u0119g nr 22\",\"publisher\":{\"@id\":\"https:\/\/marekkuchcinski.pl\/#organization\"},\"potentialAction\":[{\"@type\":\"SearchAction\",\"target\":{\"@type\":\"EntryPoint\",\"urlTemplate\":\"https:\/\/marekkuchcinski.pl\/?s={search_term_string}\"},\"query-input\":{\"@type\":\"PropertyValueSpecification\",\"valueRequired\":true,\"valueName\":\"search_term_string\"}}],\"inLanguage\":\"ro-RO\"},{\"@type\":\"Organization\",\"@id\":\"https:\/\/marekkuchcinski.pl\/#organization\",\"name\":\"Marek Kuchci\u0144ski\",\"url\":\"https:\/\/marekkuchcinski.pl\/\",\"logo\":{\"@type\":\"ImageObject\",\"inLanguage\":\"ro-RO\",\"@id\":\"https:\/\/marekkuchcinski.pl\/#\/schema\/logo\/image\/\",\"url\":\"https:\/\/marekkuchcinski.pl\/wp-content\/uploads\/2022\/09\/Marek.jpg\",\"contentUrl\":\"https:\/\/marekkuchcinski.pl\/wp-content\/uploads\/2022\/09\/Marek.jpg\",\"width\":1600,\"height\":971,\"caption\":\"Marek Kuchci\u0144ski\"},\"image\":{\"@id\":\"https:\/\/marekkuchcinski.pl\/#\/schema\/logo\/image\/\"}},{\"@type\":\"Person\",\"@id\":\"https:\/\/marekkuchcinski.pl\/#\/schema\/person\/51d5d4ee3b5317b8e4dd2b48af359229\",\"name\":\"Marta Olejnik\",\"image\":{\"@type\":\"ImageObject\",\"inLanguage\":\"ro-RO\",\"@id\":\"https:\/\/marekkuchcinski.pl\/#\/schema\/person\/image\/\",\"url\":\"https:\/\/secure.gravatar.com\/avatar\/e39914b2aa6a48959e24d475b5dc9793?s=96&d=mm&r=g\",\"contentUrl\":\"https:\/\/secure.gravatar.com\/avatar\/e39914b2aa6a48959e24d475b5dc9793?s=96&d=mm&r=g\",\"caption\":\"Marta Olejnik\"},\"url\":\"https:\/\/marekkuchcinski.pl\/ro\/author\/marta\/\"}]}<\/script>\n<!-- \/ Yoast SEO plugin. -->","yoast_head_json":{"title":"Cyfryzacja Europy Karpat szans\u0105 na lepsz\u0105 integracj\u0119 regionu &#8211; Marek Kuchci\u0144ski","robots":{"index":"index","follow":"follow","max-snippet":"max-snippet:-1","max-image-preview":"max-image-preview:large","max-video-preview":"max-video-preview:-1"},"canonical":"https:\/\/marekkuchcinski.pl\/ro\/wydarzenia\/cyfryzacja-europy-karpat-szansa-na-lepsza-integracje-regionu\/","og_locale":"ro_RO","og_type":"article","og_title":"Cyfryzacja Europy Karpat szans\u0105 na lepsz\u0105 integracj\u0119 regionu &#8211; Marek Kuchci\u0144ski","og_description":"Europa Karpat zyska\u0142a nowy wymiar. Cyfryzacja regionu przynosi szans\u0119 na g\u0142\u0119bsz\u0105 integracj\u0119 pa\u0144stw Europy \u015arodkowej i Wschodniej, anga\u017cuj\u0105c spo\u0142eczno\u015bci lokalne w proponowane przez nas projekty, gry i aplikacje. Razem z GovTech si\u0119gn\u0119li\u015bmy po rozwi\u0105zania, kt\u00f3re maj\u0105 szans\u0119 zainteresowa\u0107 ludzi kreatywnych i gotowych do podj\u0119cia wsp\u00f3\u0142pracy na rzecz wzmocnienia marki, kt\u00f3r\u0105 jest Europa Karpat. Innowacyjno\u015b\u0107 sta\u0142a [&hellip;]","og_url":"https:\/\/marekkuchcinski.pl\/ro\/wydarzenia\/cyfryzacja-europy-karpat-szansa-na-lepsza-integracje-regionu\/","og_site_name":"Marek Kuchci\u0144ski","article_published_time":"2021-11-11T11:49:45+00:00","article_modified_time":"2021-11-14T19:29:32+00:00","og_image":[{"width":1080,"height":1080,"url":"https:\/\/marekkuchcinski.pl\/wp-content\/uploads\/2021\/11\/GRAFIKA-2-IG.png","type":"image\/png"}],"author":"Marta Olejnik","twitter_card":"summary_large_image","twitter_misc":{"Scris de":"Marta Olejnik","Timp estimat pentru citire":"2 minutes"},"schema":{"@context":"https:\/\/schema.org","@graph":[{"@type":"Article","@id":"https:\/\/marekkuchcinski.pl\/sk\/wydarzenia\/cyfryzacja-europy-karpat-szansa-na-lepsza-integracje-regionu\/#article","isPartOf":{"@id":"https:\/\/marekkuchcinski.pl\/sk\/wydarzenia\/cyfryzacja-europy-karpat-szansa-na-lepsza-integracje-regionu\/"},"author":{"name":"Marta Olejnik","@id":"https:\/\/marekkuchcinski.pl\/#\/schema\/person\/51d5d4ee3b5317b8e4dd2b48af359229"},"headline":"Cyfryzacja Europy Karpat szans\u0105 na lepsz\u0105 integracj\u0119 regionu","datePublished":"2021-11-11T11:49:45+00:00","dateModified":"2021-11-14T19:29:32+00:00","mainEntityOfPage":{"@id":"https:\/\/marekkuchcinski.pl\/sk\/wydarzenia\/cyfryzacja-europy-karpat-szansa-na-lepsza-integracje-regionu\/"},"wordCount":320,"commentCount":0,"publisher":{"@id":"https:\/\/marekkuchcinski.pl\/#organization"},"image":{"@id":"https:\/\/marekkuchcinski.pl\/sk\/wydarzenia\/cyfryzacja-europy-karpat-szansa-na-lepsza-integracje-regionu\/#primaryimage"},"thumbnailUrl":"https:\/\/marekkuchcinski.pl\/wp-content\/uploads\/2021\/11\/GRAFIKA-2-IG.png","articleSection":["Europa Karpat","Podkarpacie","Wydarzenia"],"inLanguage":"ro-RO","potentialAction":[{"@type":"CommentAction","name":"Comment","target":["https:\/\/marekkuchcinski.pl\/sk\/wydarzenia\/cyfryzacja-europy-karpat-szansa-na-lepsza-integracje-regionu\/#respond"]}]},{"@type":"WebPage","@id":"https:\/\/marekkuchcinski.pl\/sk\/wydarzenia\/cyfryzacja-europy-karpat-szansa-na-lepsza-integracje-regionu\/","url":"https:\/\/marekkuchcinski.pl\/sk\/wydarzenia\/cyfryzacja-europy-karpat-szansa-na-lepsza-integracje-regionu\/","name":"Cyfryzacja Europy Karpat szans\u0105 na lepsz\u0105 integracj\u0119 regionu &#8211; Marek Kuchci\u0144ski","isPartOf":{"@id":"https:\/\/marekkuchcinski.pl\/#website"},"primaryImageOfPage":{"@id":"https:\/\/marekkuchcinski.pl\/sk\/wydarzenia\/cyfryzacja-europy-karpat-szansa-na-lepsza-integracje-regionu\/#primaryimage"},"image":{"@id":"https:\/\/marekkuchcinski.pl\/sk\/wydarzenia\/cyfryzacja-europy-karpat-szansa-na-lepsza-integracje-regionu\/#primaryimage"},"thumbnailUrl":"https:\/\/marekkuchcinski.pl\/wp-content\/uploads\/2021\/11\/GRAFIKA-2-IG.png","datePublished":"2021-11-11T11:49:45+00:00","dateModified":"2021-11-14T19:29:32+00:00","breadcrumb":{"@id":"https:\/\/marekkuchcinski.pl\/sk\/wydarzenia\/cyfryzacja-europy-karpat-szansa-na-lepsza-integracje-regionu\/#breadcrumb"},"inLanguage":"ro-RO","potentialAction":[{"@type":"ReadAction","target":["https:\/\/marekkuchcinski.pl\/sk\/wydarzenia\/cyfryzacja-europy-karpat-szansa-na-lepsza-integracje-regionu\/"]}]},{"@type":"ImageObject","inLanguage":"ro-RO","@id":"https:\/\/marekkuchcinski.pl\/sk\/wydarzenia\/cyfryzacja-europy-karpat-szansa-na-lepsza-integracje-regionu\/#primaryimage","url":"https:\/\/marekkuchcinski.pl\/wp-content\/uploads\/2021\/11\/GRAFIKA-2-IG.png","contentUrl":"https:\/\/marekkuchcinski.pl\/wp-content\/uploads\/2021\/11\/GRAFIKA-2-IG.png","width":1080,"height":1080},{"@type":"BreadcrumbList","@id":"https:\/\/marekkuchcinski.pl\/sk\/wydarzenia\/cyfryzacja-europy-karpat-szansa-na-lepsza-integracje-regionu\/#breadcrumb","itemListElement":[{"@type":"ListItem","position":1,"name":"Strona g\u0142\u00f3wna","item":"https:\/\/marekkuchcinski.pl\/"},{"@type":"ListItem","position":2,"name":"Cyfryzacja Europy Karpat szans\u0105 na lepsz\u0105 integracj\u0119 regionu"}]},{"@type":"WebSite","@id":"https:\/\/marekkuchcinski.pl\/#website","url":"https:\/\/marekkuchcinski.pl\/","name":"Marek Kuchci\u0144ski","description":"Pose\u0142 na sejm RP &ndash; okr\u0119g nr 22","publisher":{"@id":"https:\/\/marekkuchcinski.pl\/#organization"},"potentialAction":[{"@type":"SearchAction","target":{"@type":"EntryPoint","urlTemplate":"https:\/\/marekkuchcinski.pl\/?s={search_term_string}"},"query-input":{"@type":"PropertyValueSpecification","valueRequired":true,"valueName":"search_term_string"}}],"inLanguage":"ro-RO"},{"@type":"Organization","@id":"https:\/\/marekkuchcinski.pl\/#organization","name":"Marek Kuchci\u0144ski","url":"https:\/\/marekkuchcinski.pl\/","logo":{"@type":"ImageObject","inLanguage":"ro-RO","@id":"https:\/\/marekkuchcinski.pl\/#\/schema\/logo\/image\/","url":"https:\/\/marekkuchcinski.pl\/wp-content\/uploads\/2022\/09\/Marek.jpg","contentUrl":"https:\/\/marekkuchcinski.pl\/wp-content\/uploads\/2022\/09\/Marek.jpg","width":1600,"height":971,"caption":"Marek Kuchci\u0144ski"},"image":{"@id":"https:\/\/marekkuchcinski.pl\/#\/schema\/logo\/image\/"}},{"@type":"Person","@id":"https:\/\/marekkuchcinski.pl\/#\/schema\/person\/51d5d4ee3b5317b8e4dd2b48af359229","name":"Marta Olejnik","image":{"@type":"ImageObject","inLanguage":"ro-RO","@id":"https:\/\/marekkuchcinski.pl\/#\/schema\/person\/image\/","url":"https:\/\/secure.gravatar.com\/avatar\/e39914b2aa6a48959e24d475b5dc9793?s=96&d=mm&r=g","contentUrl":"https:\/\/secure.gravatar.com\/avatar\/e39914b2aa6a48959e24d475b5dc9793?s=96&d=mm&r=g","caption":"Marta Olejnik"},"url":"https:\/\/marekkuchcinski.pl\/ro\/author\/marta\/"}]}},"_links":{"self":[{"href":"https:\/\/marekkuchcinski.pl\/ro\/wp-json\/wp\/v2\/posts\/23772","targetHints":{"allow":["GET"]}}],"collection":[{"href":"https:\/\/marekkuchcinski.pl\/ro\/wp-json\/wp\/v2\/posts"}],"about":[{"href":"https:\/\/marekkuchcinski.pl\/ro\/wp-json\/wp\/v2\/types\/post"}],"author":[{"embeddable":true,"href":"https:\/\/marekkuchcinski.pl\/ro\/wp-json\/wp\/v2\/users\/21"}],"replies":[{"embeddable":true,"href":"https:\/\/marekkuchcinski.pl\/ro\/wp-json\/wp\/v2\/comments?post=23772"}],"version-history":[{"count":3,"href":"https:\/\/marekkuchcinski.pl\/ro\/wp-json\/wp\/v2\/posts\/23772\/revisions"}],"predecessor-version":[{"id":23776,"href":"https:\/\/marekkuchcinski.pl\/ro\/wp-json\/wp\/v2\/posts\/23772\/revisions\/23776"}],"wp:featuredmedia":[{"embeddable":true,"href":"https:\/\/marekkuchcinski.pl\/ro\/wp-json\/wp\/v2\/media\/23794"}],"wp:attachment":[{"href":"https:\/\/marekkuchcinski.pl\/ro\/wp-json\/wp\/v2\/media?parent=23772"}],"wp:term":[{"taxonomy":"category","embeddable":true,"href":"https:\/\/marekkuchcinski.pl\/ro\/wp-json\/wp\/v2\/categories?post=23772"},{"taxonomy":"post_tag","embeddable":true,"href":"https:\/\/marekkuchcinski.pl\/ro\/wp-json\/wp\/v2\/tags?post=23772"}],"curies":[{"name":"wp","href":"https:\/\/api.w.org\/{rel}","templated":true}]}}