{"id":23512,"date":"2021-10-08T12:08:59","date_gmt":"2021-10-08T10:08:59","guid":{"rendered":"https:\/\/marekkuchcinski.pl\/?p=23512"},"modified":"2021-10-08T13:13:59","modified_gmt":"2021-10-08T11:13:59","slug":"20-lecie-panstwowej-wyzszej-szkoly-wschodnioeuropejskiej-w-przemyslu","status":"publish","type":"post","link":"https:\/\/marekkuchcinski.pl\/ro\/wydarzenia\/20-lecie-panstwowej-wyzszej-szkoly-wschodnioeuropejskiej-w-przemyslu\/","title":{"rendered":"A 20-a aniversare a Universit\u0103\u021bii Poloneze Est-Europene din Przemy\u015bl"},"content":{"rendered":"<p><strong>Cu ocazia jubileului PWSW din Przemy\u015bl au avut loc festivit\u0103\u021bi, \u00een cadrul c\u0103rora a fost onorat deputatul Marek Kuchci\u0144ski, unul dintre ini\u021biatorii \u00eenfiin\u021b\u0103rii universit\u0103\u021bii.<\/strong> <\/p>\n\n\n\n<figure class=\"wp-block-image size-large is-resized\"><a href=\"https:\/\/marekkuchcinski.pl\/wp-content\/uploads\/2021\/10\/Dyplom-scaled.jpg\"><img fetchpriority=\"high\" decoding=\"async\" src=\"https:\/\/marekkuchcinski.pl\/wp-content\/uploads\/2021\/10\/Dyplom-726x1024.jpg\" alt=\"\" class=\"wp-image-23519\" width=\"840\" height=\"1185\" srcset=\"https:\/\/marekkuchcinski.pl\/wp-content\/uploads\/2021\/10\/Dyplom-726x1024.jpg 726w, https:\/\/marekkuchcinski.pl\/wp-content\/uploads\/2021\/10\/Dyplom-213x300.jpg 213w, https:\/\/marekkuchcinski.pl\/wp-content\/uploads\/2021\/10\/Dyplom-768x1083.jpg 768w, https:\/\/marekkuchcinski.pl\/wp-content\/uploads\/2021\/10\/Dyplom-1090x1536.jpg 1090w, https:\/\/marekkuchcinski.pl\/wp-content\/uploads\/2021\/10\/Dyplom-scaled.jpg 1453w, https:\/\/marekkuchcinski.pl\/wp-content\/uploads\/2021\/10\/Dyplom-9x12.jpg 9w\" sizes=\"(max-width: 840px) 100vw, 840px\" \/><\/a><\/figure>\n\n\n\n<p>\u00cen timpul discursului s\u0103u, mare\u0219alul a amintit \u00eenceputurile cre\u0103rii universit\u0103\u021bii: \"Ideea a fost conceput\u0103 \u00een urm\u0103 cu 30 de ani, \u00een mediul oamenilor care formau pe atunci Comitetul Civic Solidaritatea \u0219i cultura independent\u0103, numit\u0103 ulterior Cultural Strych. La acea vreme, am fost impresiona\u021bi de informa\u021biile despre func\u021bionarea societ\u0103\u021bilor din lumea occidental\u0103 liber\u0103 furnizate de diver\u0219i savan\u021bi, politicieni \u0219i intelectuali din cercul lui Roger Scruton \u0219i de la universit\u0103\u021bi precum Oxford, Nottingham, Harvard \u0219i Kansas, care vizitau adesea partea noastr\u0103 de Europ\u0103 \u0219i Przemy\u015bl. Prin urmare, planurile erau, de asemenea, central-europene.<\/p>\n\n\n\n<p>&nbsp;&nbsp;&nbsp;&nbsp;&nbsp;&nbsp;&nbsp;&nbsp;&nbsp; Primele idei de \u00eenfiin\u021bare a unei universit\u0103\u021bi au fost legate de preluarea propriet\u0103\u021bii r\u0103mase dup\u0103 PZPR. \u00cen Przemy\u015bl, era vorba de sediul Comitetului Central al PZPR de pe strada Ko\u015bciuszki. La acea vreme, prin intermediul prietenilor de la Mansarda Cultural\u0103 din Var\u0219ovia, ideea de a crea un Colegiu de Limbi Str\u0103ine \u00een acea cl\u0103dire a ajuns la Przemy\u015bl, pe care noi am tratat-o ca pe o prim\u0103 etap\u0103 a cre\u0103rii unei institu\u021bii de \u00eenv\u0103\u021b\u0103m\u00e2nt superior. \u00cen acel moment, Colegiul a fost \u00eenfiin\u021bat, dar a existat o lips\u0103 de determinare pentru a continua pe aceast\u0103 cale. Abia c\u00e2\u021biva ani mai t\u00e2rziu, \u00een 1996\/7, c\u00e2nd AWS \u0219i, mai t\u00e2rziu, premierul Jerzy Buzek lucrau la noua \u00eemp\u0103r\u021bire administrativ\u0103 a \u021b\u0103rii, aceea\u0219i comunitate cultural\u0103 Przemy\u015bl Cultural Attic, care acum func\u021biona sub numele de Asocia\u021bia Cultural\u0103 Przemy\u015bl, \u00eenregistrat\u0103 legal, a dezvoltat un concept pentru amplasarea diferitelor institu\u021bii supraregionale \u0219i provinciale care ar fi continuat s\u0103 func\u021bioneze \u00een Przemy\u015bl, un ora\u0219 care \u00ee\u0219i pierduse statutul de ora\u0219 provincial. Planurile politice ini\u021biale prevedeau mutarea tuturor institu\u021biilor provinciale la Rzesz\u00f3w.<\/p>\n\n\n\n<p>&nbsp;&nbsp;&nbsp;&nbsp;&nbsp;&nbsp;&nbsp;&nbsp;&nbsp; Printre numeroasele institu\u021bii propuse pentru Przemy\u015bl la acea vreme, a fost posibil\u0103 ob\u021binerea sediului Conservatorului Voievodal al Monumentelor, al Camerei Vamale \u0219i al G\u0103rzii de Frontier\u0103. Printre cele noi, a fost aprobat\u0103 \u00eenfiin\u021barea \u0218colii Profesionale Superioare de Stat. Din p\u0103cate, eforturile ambi\u021bioase de a \u00eenfiin\u021ba Academia Przemy\u015bl au trebuit s\u0103 fie am\u00e2nate.<\/p>\n\n\n\n<p>&nbsp;&nbsp;&nbsp;&nbsp;&nbsp;&nbsp;&nbsp;&nbsp;&nbsp; Dar eu cred c\u0103 viitorul Academiei nu este \u00eenchis. Ca exemplu, s\u0103 lu\u0103m Muzeul Na\u021bional al Regiunii Przemysl, pe care l-am propus acum 25 de ani pentru a fi inclus pe lista institu\u021biilor guvernamentale. Nu a avut succes atunci, dar de c\u00e2\u021biva ani este co-gestionat de ministrul culturii. Iar acesta este un drum neterminat.<\/p>\n\n\n\n<p>fotografie. <strong>Kamil Krukiewicz<\/strong>\u00a0<\/p>\n\n\n\n<figure class=\"wp-block-image size-large\"><a href=\"https:\/\/marekkuchcinski.pl\/wp-content\/uploads\/2021\/10\/IMG_5605_edited-scaled.jpg\"><img decoding=\"async\" width=\"1024\" height=\"683\" src=\"https:\/\/marekkuchcinski.pl\/wp-content\/uploads\/2021\/10\/IMG_5605_edited-1024x683.jpg\" alt=\"\" class=\"wp-image-23514\" srcset=\"https:\/\/marekkuchcinski.pl\/wp-content\/uploads\/2021\/10\/IMG_5605_edited-1024x683.jpg 1024w, https:\/\/marekkuchcinski.pl\/wp-content\/uploads\/2021\/10\/IMG_5605_edited-300x200.jpg 300w, https:\/\/marekkuchcinski.pl\/wp-content\/uploads\/2021\/10\/IMG_5605_edited-768x512.jpg 768w, https:\/\/marekkuchcinski.pl\/wp-content\/uploads\/2021\/10\/IMG_5605_edited-1536x1024.jpg 1536w, https:\/\/marekkuchcinski.pl\/wp-content\/uploads\/2021\/10\/IMG_5605_edited-scaled.jpg 2048w, https:\/\/marekkuchcinski.pl\/wp-content\/uploads\/2021\/10\/IMG_5605_edited-16x12.jpg 16w\" sizes=\"(max-width: 1024px) 100vw, 1024px\" \/><\/a><\/figure>\n\n\n\n<figure class=\"wp-block-image size-large\"><a href=\"https:\/\/marekkuchcinski.pl\/wp-content\/uploads\/2021\/10\/IMG_5532-scaled.jpg\"><img decoding=\"async\" width=\"1024\" height=\"683\" src=\"https:\/\/marekkuchcinski.pl\/wp-content\/uploads\/2021\/10\/IMG_5532-1024x683.jpg\" alt=\"\" class=\"wp-image-23515\" srcset=\"https:\/\/marekkuchcinski.pl\/wp-content\/uploads\/2021\/10\/IMG_5532-1024x683.jpg 1024w, https:\/\/marekkuchcinski.pl\/wp-content\/uploads\/2021\/10\/IMG_5532-300x200.jpg 300w, https:\/\/marekkuchcinski.pl\/wp-content\/uploads\/2021\/10\/IMG_5532-768x512.jpg 768w, https:\/\/marekkuchcinski.pl\/wp-content\/uploads\/2021\/10\/IMG_5532-1536x1024.jpg 1536w, https:\/\/marekkuchcinski.pl\/wp-content\/uploads\/2021\/10\/IMG_5532-scaled.jpg 2048w, https:\/\/marekkuchcinski.pl\/wp-content\/uploads\/2021\/10\/IMG_5532-16x12.jpg 16w\" sizes=\"(max-width: 1024px) 100vw, 1024px\" \/><\/a><\/figure>\n\n\n\n<figure class=\"wp-block-image size-large\"><a href=\"https:\/\/marekkuchcinski.pl\/wp-content\/uploads\/2021\/10\/IMG_5706_edited-scaled.jpg\"><img loading=\"lazy\" decoding=\"async\" width=\"1024\" height=\"683\" src=\"https:\/\/marekkuchcinski.pl\/wp-content\/uploads\/2021\/10\/IMG_5706_edited-1024x683.jpg\" alt=\"\" class=\"wp-image-23516\" srcset=\"https:\/\/marekkuchcinski.pl\/wp-content\/uploads\/2021\/10\/IMG_5706_edited-1024x683.jpg 1024w, https:\/\/marekkuchcinski.pl\/wp-content\/uploads\/2021\/10\/IMG_5706_edited-300x200.jpg 300w, https:\/\/marekkuchcinski.pl\/wp-content\/uploads\/2021\/10\/IMG_5706_edited-768x512.jpg 768w, https:\/\/marekkuchcinski.pl\/wp-content\/uploads\/2021\/10\/IMG_5706_edited-1536x1024.jpg 1536w, https:\/\/marekkuchcinski.pl\/wp-content\/uploads\/2021\/10\/IMG_5706_edited-scaled.jpg 2048w, https:\/\/marekkuchcinski.pl\/wp-content\/uploads\/2021\/10\/IMG_5706_edited-16x12.jpg 16w\" sizes=\"(max-width: 1024px) 100vw, 1024px\" \/><\/a><\/figure>\n\n\n\n<figure class=\"wp-block-image size-large is-resized\"><a href=\"https:\/\/marekkuchcinski.pl\/wp-content\/uploads\/2021\/10\/244355557_662970671256916_484239580629940028_n_edited.jpg\"><img loading=\"lazy\" decoding=\"async\" src=\"https:\/\/marekkuchcinski.pl\/wp-content\/uploads\/2021\/10\/244355557_662970671256916_484239580629940028_n_edited.jpg\" alt=\"\" class=\"wp-image-23520\" width=\"835\" height=\"854\" srcset=\"https:\/\/marekkuchcinski.pl\/wp-content\/uploads\/2021\/10\/244355557_662970671256916_484239580629940028_n_edited.jpg 720w, https:\/\/marekkuchcinski.pl\/wp-content\/uploads\/2021\/10\/244355557_662970671256916_484239580629940028_n_edited-293x300.jpg 293w, https:\/\/marekkuchcinski.pl\/wp-content\/uploads\/2021\/10\/244355557_662970671256916_484239580629940028_n_edited-12x12.jpg 12w\" sizes=\"(max-width: 835px) 100vw, 835px\" \/><\/a><\/figure>","protected":false},"excerpt":{"rendered":"<p>Cu ocazia jubileului PWSW din Przemy\u015bl au avut loc festivit\u0103\u021bi, \u00een cadrul c\u0103rora a fost omagiat Marek Kuchci\u0144ski, deputat, unul dintre ini\u021biatorii \u00eenfiin\u021b\u0103rii universit\u0103\u021bii. \u00cen timpul discursului s\u0103u, mare\u0219alul a amintit \u00eenceputurile \u00eenfiin\u021b\u0103rii universit\u0103\u021bii: Ideea a venit acum 30 de ani, \u00een mediul oamenilor care formau pe atunci Comitetul Civic Solidaritatea \u0219i cultura independent\u0103 numit\u0103 mai t\u00e2rziu Centrul Cultural. Planurile erau m\u0103re\u021be, am fost impresiona\u021bi la vremea respectiv\u0103 [...].<\/p>","protected":false},"author":21,"featured_media":23514,"comment_status":"open","ping_status":"open","sticky":false,"template":"","format":"standard","meta":{"ngg_post_thumbnail":0,"footnotes":""},"categories":[49,3],"tags":[],"class_list":["post-23512","post","type-post","status-publish","format-standard","has-post-thumbnail","hentry","category-podkarpacie","category-wydarzenia"],"yoast_head":"<!-- This site is optimized with the Yoast SEO plugin v24.7 - https:\/\/yoast.com\/wordpress\/plugins\/seo\/ -->\n<title>20-lecie Pa\u0144stwowej Wy\u017cszej Szko\u0142y Wschodnioeuropejskiej w Przemy\u015blu &#8211; Marek Kuchci\u0144ski<\/title>\n<meta name=\"robots\" content=\"index, follow, max-snippet:-1, max-image-preview:large, max-video-preview:-1\" \/>\n<link rel=\"canonical\" href=\"https:\/\/marekkuchcinski.pl\/ro\/wydarzenia\/20-lecie-panstwowej-wyzszej-szkoly-wschodnioeuropejskiej-w-przemyslu\/\" \/>\n<meta property=\"og:locale\" content=\"ro_RO\" \/>\n<meta property=\"og:type\" content=\"article\" \/>\n<meta property=\"og:title\" content=\"20-lecie Pa\u0144stwowej Wy\u017cszej Szko\u0142y Wschodnioeuropejskiej w Przemy\u015blu &#8211; Marek Kuchci\u0144ski\" \/>\n<meta property=\"og:description\" content=\"Z okazji jubileuszu PWSW w Przemy\u015blu odby\u0142y si\u0119 uroczysto\u015bci, podczas kt\u00f3rych wyr\u00f3\u017cniono pos\u0142a Marka Kuchci\u0144skiego, jednego z inicjator\u00f3w za\u0142o\u017cenia uczelni. Podczas przem\u00f3wienia marsza\u0142ek przypomnia\u0142 pocz\u0105tki utworzenia uczelni: Pomys\u0142 powsta\u0142 jeszcze 30 lat temu, w \u015brodowisku ludzi tworz\u0105cych w\u00f3wczas Komitet Obywatelski \u201eSolidarno\u015b\u0107\u201d i kultury niezale\u017cnej nazwanej p\u00f3\u017aniej Strychem Kulturalnym. Plany by\u0142y wielkie, byli\u015bmy w\u00f3wczas pod wra\u017ceniem [&hellip;]\" \/>\n<meta property=\"og:url\" content=\"https:\/\/marekkuchcinski.pl\/ro\/wydarzenia\/20-lecie-panstwowej-wyzszej-szkoly-wschodnioeuropejskiej-w-przemyslu\/\" \/>\n<meta property=\"og:site_name\" content=\"Marek Kuchci\u0144ski\" \/>\n<meta property=\"article:published_time\" content=\"2021-10-08T10:08:59+00:00\" \/>\n<meta property=\"article:modified_time\" content=\"2021-10-08T11:13:59+00:00\" \/>\n<meta property=\"og:image\" content=\"https:\/\/marekkuchcinski.pl\/wp-content\/uploads\/2021\/10\/IMG_5605_edited-scaled.jpg\" \/>\n\t<meta property=\"og:image:width\" content=\"2048\" \/>\n\t<meta property=\"og:image:height\" content=\"1365\" \/>\n\t<meta property=\"og:image:type\" content=\"image\/jpeg\" \/>\n<meta name=\"author\" content=\"Marta Olejnik\" \/>\n<meta name=\"twitter:card\" content=\"summary_large_image\" \/>\n<meta name=\"twitter:label1\" content=\"Scris de\" \/>\n\t<meta name=\"twitter:data1\" content=\"Marta Olejnik\" \/>\n\t<meta name=\"twitter:label2\" content=\"Timp estimat pentru citire\" \/>\n\t<meta name=\"twitter:data2\" content=\"3 minutes\" \/>\n<script type=\"application\/ld+json\" class=\"yoast-schema-graph\">{\"@context\":\"https:\/\/schema.org\",\"@graph\":[{\"@type\":\"Article\",\"@id\":\"https:\/\/marekkuchcinski.pl\/wydarzenia\/20-lecie-panstwowej-wyzszej-szkoly-wschodnioeuropejskiej-w-przemyslu\/#article\",\"isPartOf\":{\"@id\":\"https:\/\/marekkuchcinski.pl\/wydarzenia\/20-lecie-panstwowej-wyzszej-szkoly-wschodnioeuropejskiej-w-przemyslu\/\"},\"author\":{\"name\":\"Marta Olejnik\",\"@id\":\"https:\/\/marekkuchcinski.pl\/#\/schema\/person\/51d5d4ee3b5317b8e4dd2b48af359229\"},\"headline\":\"20-lecie Pa\u0144stwowej Wy\u017cszej Szko\u0142y Wschodnioeuropejskiej w Przemy\u015blu\",\"datePublished\":\"2021-10-08T10:08:59+00:00\",\"dateModified\":\"2021-10-08T11:13:59+00:00\",\"mainEntityOfPage\":{\"@id\":\"https:\/\/marekkuchcinski.pl\/wydarzenia\/20-lecie-panstwowej-wyzszej-szkoly-wschodnioeuropejskiej-w-przemyslu\/\"},\"wordCount\":450,\"commentCount\":0,\"publisher\":{\"@id\":\"https:\/\/marekkuchcinski.pl\/#organization\"},\"image\":{\"@id\":\"https:\/\/marekkuchcinski.pl\/wydarzenia\/20-lecie-panstwowej-wyzszej-szkoly-wschodnioeuropejskiej-w-przemyslu\/#primaryimage\"},\"thumbnailUrl\":\"https:\/\/marekkuchcinski.pl\/wp-content\/uploads\/2021\/10\/IMG_5605_edited-scaled.jpg\",\"articleSection\":[\"Podkarpacie\",\"Wydarzenia\"],\"inLanguage\":\"ro-RO\",\"potentialAction\":[{\"@type\":\"CommentAction\",\"name\":\"Comment\",\"target\":[\"https:\/\/marekkuchcinski.pl\/wydarzenia\/20-lecie-panstwowej-wyzszej-szkoly-wschodnioeuropejskiej-w-przemyslu\/#respond\"]}]},{\"@type\":\"WebPage\",\"@id\":\"https:\/\/marekkuchcinski.pl\/wydarzenia\/20-lecie-panstwowej-wyzszej-szkoly-wschodnioeuropejskiej-w-przemyslu\/\",\"url\":\"https:\/\/marekkuchcinski.pl\/wydarzenia\/20-lecie-panstwowej-wyzszej-szkoly-wschodnioeuropejskiej-w-przemyslu\/\",\"name\":\"20-lecie Pa\u0144stwowej Wy\u017cszej Szko\u0142y Wschodnioeuropejskiej w Przemy\u015blu &#8211; Marek Kuchci\u0144ski\",\"isPartOf\":{\"@id\":\"https:\/\/marekkuchcinski.pl\/#website\"},\"primaryImageOfPage\":{\"@id\":\"https:\/\/marekkuchcinski.pl\/wydarzenia\/20-lecie-panstwowej-wyzszej-szkoly-wschodnioeuropejskiej-w-przemyslu\/#primaryimage\"},\"image\":{\"@id\":\"https:\/\/marekkuchcinski.pl\/wydarzenia\/20-lecie-panstwowej-wyzszej-szkoly-wschodnioeuropejskiej-w-przemyslu\/#primaryimage\"},\"thumbnailUrl\":\"https:\/\/marekkuchcinski.pl\/wp-content\/uploads\/2021\/10\/IMG_5605_edited-scaled.jpg\",\"datePublished\":\"2021-10-08T10:08:59+00:00\",\"dateModified\":\"2021-10-08T11:13:59+00:00\",\"breadcrumb\":{\"@id\":\"https:\/\/marekkuchcinski.pl\/wydarzenia\/20-lecie-panstwowej-wyzszej-szkoly-wschodnioeuropejskiej-w-przemyslu\/#breadcrumb\"},\"inLanguage\":\"ro-RO\",\"potentialAction\":[{\"@type\":\"ReadAction\",\"target\":[\"https:\/\/marekkuchcinski.pl\/wydarzenia\/20-lecie-panstwowej-wyzszej-szkoly-wschodnioeuropejskiej-w-przemyslu\/\"]}]},{\"@type\":\"ImageObject\",\"inLanguage\":\"ro-RO\",\"@id\":\"https:\/\/marekkuchcinski.pl\/wydarzenia\/20-lecie-panstwowej-wyzszej-szkoly-wschodnioeuropejskiej-w-przemyslu\/#primaryimage\",\"url\":\"https:\/\/marekkuchcinski.pl\/wp-content\/uploads\/2021\/10\/IMG_5605_edited-scaled.jpg\",\"contentUrl\":\"https:\/\/marekkuchcinski.pl\/wp-content\/uploads\/2021\/10\/IMG_5605_edited-scaled.jpg\",\"width\":2048,\"height\":1365},{\"@type\":\"BreadcrumbList\",\"@id\":\"https:\/\/marekkuchcinski.pl\/wydarzenia\/20-lecie-panstwowej-wyzszej-szkoly-wschodnioeuropejskiej-w-przemyslu\/#breadcrumb\",\"itemListElement\":[{\"@type\":\"ListItem\",\"position\":1,\"name\":\"Strona g\u0142\u00f3wna\",\"item\":\"https:\/\/marekkuchcinski.pl\/\"},{\"@type\":\"ListItem\",\"position\":2,\"name\":\"20-lecie Pa\u0144stwowej Wy\u017cszej Szko\u0142y Wschodnioeuropejskiej w Przemy\u015blu\"}]},{\"@type\":\"WebSite\",\"@id\":\"https:\/\/marekkuchcinski.pl\/#website\",\"url\":\"https:\/\/marekkuchcinski.pl\/\",\"name\":\"Marek Kuchci\u0144ski\",\"description\":\"Pose\u0142 na sejm RP &ndash; okr\u0119g nr 22\",\"publisher\":{\"@id\":\"https:\/\/marekkuchcinski.pl\/#organization\"},\"potentialAction\":[{\"@type\":\"SearchAction\",\"target\":{\"@type\":\"EntryPoint\",\"urlTemplate\":\"https:\/\/marekkuchcinski.pl\/?s={search_term_string}\"},\"query-input\":{\"@type\":\"PropertyValueSpecification\",\"valueRequired\":true,\"valueName\":\"search_term_string\"}}],\"inLanguage\":\"ro-RO\"},{\"@type\":\"Organization\",\"@id\":\"https:\/\/marekkuchcinski.pl\/#organization\",\"name\":\"Marek Kuchci\u0144ski\",\"url\":\"https:\/\/marekkuchcinski.pl\/\",\"logo\":{\"@type\":\"ImageObject\",\"inLanguage\":\"ro-RO\",\"@id\":\"https:\/\/marekkuchcinski.pl\/#\/schema\/logo\/image\/\",\"url\":\"https:\/\/marekkuchcinski.pl\/wp-content\/uploads\/2022\/09\/Marek.jpg\",\"contentUrl\":\"https:\/\/marekkuchcinski.pl\/wp-content\/uploads\/2022\/09\/Marek.jpg\",\"width\":1600,\"height\":971,\"caption\":\"Marek Kuchci\u0144ski\"},\"image\":{\"@id\":\"https:\/\/marekkuchcinski.pl\/#\/schema\/logo\/image\/\"}},{\"@type\":\"Person\",\"@id\":\"https:\/\/marekkuchcinski.pl\/#\/schema\/person\/51d5d4ee3b5317b8e4dd2b48af359229\",\"name\":\"Marta Olejnik\",\"image\":{\"@type\":\"ImageObject\",\"inLanguage\":\"ro-RO\",\"@id\":\"https:\/\/marekkuchcinski.pl\/#\/schema\/person\/image\/\",\"url\":\"https:\/\/secure.gravatar.com\/avatar\/e39914b2aa6a48959e24d475b5dc9793?s=96&d=mm&r=g\",\"contentUrl\":\"https:\/\/secure.gravatar.com\/avatar\/e39914b2aa6a48959e24d475b5dc9793?s=96&d=mm&r=g\",\"caption\":\"Marta Olejnik\"},\"url\":\"https:\/\/marekkuchcinski.pl\/ro\/author\/marta\/\"}]}<\/script>\n<!-- \/ Yoast SEO plugin. -->","yoast_head_json":{"title":"20-lecie Pa\u0144stwowej Wy\u017cszej Szko\u0142y Wschodnioeuropejskiej w Przemy\u015blu &#8211; Marek Kuchci\u0144ski","robots":{"index":"index","follow":"follow","max-snippet":"max-snippet:-1","max-image-preview":"max-image-preview:large","max-video-preview":"max-video-preview:-1"},"canonical":"https:\/\/marekkuchcinski.pl\/ro\/wydarzenia\/20-lecie-panstwowej-wyzszej-szkoly-wschodnioeuropejskiej-w-przemyslu\/","og_locale":"ro_RO","og_type":"article","og_title":"20-lecie Pa\u0144stwowej Wy\u017cszej Szko\u0142y Wschodnioeuropejskiej w Przemy\u015blu &#8211; Marek Kuchci\u0144ski","og_description":"Z okazji jubileuszu PWSW w Przemy\u015blu odby\u0142y si\u0119 uroczysto\u015bci, podczas kt\u00f3rych wyr\u00f3\u017cniono pos\u0142a Marka Kuchci\u0144skiego, jednego z inicjator\u00f3w za\u0142o\u017cenia uczelni. Podczas przem\u00f3wienia marsza\u0142ek przypomnia\u0142 pocz\u0105tki utworzenia uczelni: Pomys\u0142 powsta\u0142 jeszcze 30 lat temu, w \u015brodowisku ludzi tworz\u0105cych w\u00f3wczas Komitet Obywatelski \u201eSolidarno\u015b\u0107\u201d i kultury niezale\u017cnej nazwanej p\u00f3\u017aniej Strychem Kulturalnym. Plany by\u0142y wielkie, byli\u015bmy w\u00f3wczas pod wra\u017ceniem [&hellip;]","og_url":"https:\/\/marekkuchcinski.pl\/ro\/wydarzenia\/20-lecie-panstwowej-wyzszej-szkoly-wschodnioeuropejskiej-w-przemyslu\/","og_site_name":"Marek Kuchci\u0144ski","article_published_time":"2021-10-08T10:08:59+00:00","article_modified_time":"2021-10-08T11:13:59+00:00","og_image":[{"width":2048,"height":1365,"url":"https:\/\/marekkuchcinski.pl\/wp-content\/uploads\/2021\/10\/IMG_5605_edited-scaled.jpg","type":"image\/jpeg"}],"author":"Marta Olejnik","twitter_card":"summary_large_image","twitter_misc":{"Scris de":"Marta Olejnik","Timp estimat pentru citire":"3 minutes"},"schema":{"@context":"https:\/\/schema.org","@graph":[{"@type":"Article","@id":"https:\/\/marekkuchcinski.pl\/wydarzenia\/20-lecie-panstwowej-wyzszej-szkoly-wschodnioeuropejskiej-w-przemyslu\/#article","isPartOf":{"@id":"https:\/\/marekkuchcinski.pl\/wydarzenia\/20-lecie-panstwowej-wyzszej-szkoly-wschodnioeuropejskiej-w-przemyslu\/"},"author":{"name":"Marta Olejnik","@id":"https:\/\/marekkuchcinski.pl\/#\/schema\/person\/51d5d4ee3b5317b8e4dd2b48af359229"},"headline":"20-lecie Pa\u0144stwowej Wy\u017cszej Szko\u0142y Wschodnioeuropejskiej w Przemy\u015blu","datePublished":"2021-10-08T10:08:59+00:00","dateModified":"2021-10-08T11:13:59+00:00","mainEntityOfPage":{"@id":"https:\/\/marekkuchcinski.pl\/wydarzenia\/20-lecie-panstwowej-wyzszej-szkoly-wschodnioeuropejskiej-w-przemyslu\/"},"wordCount":450,"commentCount":0,"publisher":{"@id":"https:\/\/marekkuchcinski.pl\/#organization"},"image":{"@id":"https:\/\/marekkuchcinski.pl\/wydarzenia\/20-lecie-panstwowej-wyzszej-szkoly-wschodnioeuropejskiej-w-przemyslu\/#primaryimage"},"thumbnailUrl":"https:\/\/marekkuchcinski.pl\/wp-content\/uploads\/2021\/10\/IMG_5605_edited-scaled.jpg","articleSection":["Podkarpacie","Wydarzenia"],"inLanguage":"ro-RO","potentialAction":[{"@type":"CommentAction","name":"Comment","target":["https:\/\/marekkuchcinski.pl\/wydarzenia\/20-lecie-panstwowej-wyzszej-szkoly-wschodnioeuropejskiej-w-przemyslu\/#respond"]}]},{"@type":"WebPage","@id":"https:\/\/marekkuchcinski.pl\/wydarzenia\/20-lecie-panstwowej-wyzszej-szkoly-wschodnioeuropejskiej-w-przemyslu\/","url":"https:\/\/marekkuchcinski.pl\/wydarzenia\/20-lecie-panstwowej-wyzszej-szkoly-wschodnioeuropejskiej-w-przemyslu\/","name":"20-lecie Pa\u0144stwowej Wy\u017cszej Szko\u0142y Wschodnioeuropejskiej w Przemy\u015blu &#8211; Marek Kuchci\u0144ski","isPartOf":{"@id":"https:\/\/marekkuchcinski.pl\/#website"},"primaryImageOfPage":{"@id":"https:\/\/marekkuchcinski.pl\/wydarzenia\/20-lecie-panstwowej-wyzszej-szkoly-wschodnioeuropejskiej-w-przemyslu\/#primaryimage"},"image":{"@id":"https:\/\/marekkuchcinski.pl\/wydarzenia\/20-lecie-panstwowej-wyzszej-szkoly-wschodnioeuropejskiej-w-przemyslu\/#primaryimage"},"thumbnailUrl":"https:\/\/marekkuchcinski.pl\/wp-content\/uploads\/2021\/10\/IMG_5605_edited-scaled.jpg","datePublished":"2021-10-08T10:08:59+00:00","dateModified":"2021-10-08T11:13:59+00:00","breadcrumb":{"@id":"https:\/\/marekkuchcinski.pl\/wydarzenia\/20-lecie-panstwowej-wyzszej-szkoly-wschodnioeuropejskiej-w-przemyslu\/#breadcrumb"},"inLanguage":"ro-RO","potentialAction":[{"@type":"ReadAction","target":["https:\/\/marekkuchcinski.pl\/wydarzenia\/20-lecie-panstwowej-wyzszej-szkoly-wschodnioeuropejskiej-w-przemyslu\/"]}]},{"@type":"ImageObject","inLanguage":"ro-RO","@id":"https:\/\/marekkuchcinski.pl\/wydarzenia\/20-lecie-panstwowej-wyzszej-szkoly-wschodnioeuropejskiej-w-przemyslu\/#primaryimage","url":"https:\/\/marekkuchcinski.pl\/wp-content\/uploads\/2021\/10\/IMG_5605_edited-scaled.jpg","contentUrl":"https:\/\/marekkuchcinski.pl\/wp-content\/uploads\/2021\/10\/IMG_5605_edited-scaled.jpg","width":2048,"height":1365},{"@type":"BreadcrumbList","@id":"https:\/\/marekkuchcinski.pl\/wydarzenia\/20-lecie-panstwowej-wyzszej-szkoly-wschodnioeuropejskiej-w-przemyslu\/#breadcrumb","itemListElement":[{"@type":"ListItem","position":1,"name":"Strona g\u0142\u00f3wna","item":"https:\/\/marekkuchcinski.pl\/"},{"@type":"ListItem","position":2,"name":"20-lecie Pa\u0144stwowej Wy\u017cszej Szko\u0142y Wschodnioeuropejskiej w Przemy\u015blu"}]},{"@type":"WebSite","@id":"https:\/\/marekkuchcinski.pl\/#website","url":"https:\/\/marekkuchcinski.pl\/","name":"Marek Kuchci\u0144ski","description":"Pose\u0142 na sejm RP &ndash; okr\u0119g nr 22","publisher":{"@id":"https:\/\/marekkuchcinski.pl\/#organization"},"potentialAction":[{"@type":"SearchAction","target":{"@type":"EntryPoint","urlTemplate":"https:\/\/marekkuchcinski.pl\/?s={search_term_string}"},"query-input":{"@type":"PropertyValueSpecification","valueRequired":true,"valueName":"search_term_string"}}],"inLanguage":"ro-RO"},{"@type":"Organization","@id":"https:\/\/marekkuchcinski.pl\/#organization","name":"Marek Kuchci\u0144ski","url":"https:\/\/marekkuchcinski.pl\/","logo":{"@type":"ImageObject","inLanguage":"ro-RO","@id":"https:\/\/marekkuchcinski.pl\/#\/schema\/logo\/image\/","url":"https:\/\/marekkuchcinski.pl\/wp-content\/uploads\/2022\/09\/Marek.jpg","contentUrl":"https:\/\/marekkuchcinski.pl\/wp-content\/uploads\/2022\/09\/Marek.jpg","width":1600,"height":971,"caption":"Marek Kuchci\u0144ski"},"image":{"@id":"https:\/\/marekkuchcinski.pl\/#\/schema\/logo\/image\/"}},{"@type":"Person","@id":"https:\/\/marekkuchcinski.pl\/#\/schema\/person\/51d5d4ee3b5317b8e4dd2b48af359229","name":"Marta Olejnik","image":{"@type":"ImageObject","inLanguage":"ro-RO","@id":"https:\/\/marekkuchcinski.pl\/#\/schema\/person\/image\/","url":"https:\/\/secure.gravatar.com\/avatar\/e39914b2aa6a48959e24d475b5dc9793?s=96&d=mm&r=g","contentUrl":"https:\/\/secure.gravatar.com\/avatar\/e39914b2aa6a48959e24d475b5dc9793?s=96&d=mm&r=g","caption":"Marta Olejnik"},"url":"https:\/\/marekkuchcinski.pl\/ro\/author\/marta\/"}]}},"_links":{"self":[{"href":"https:\/\/marekkuchcinski.pl\/ro\/wp-json\/wp\/v2\/posts\/23512","targetHints":{"allow":["GET"]}}],"collection":[{"href":"https:\/\/marekkuchcinski.pl\/ro\/wp-json\/wp\/v2\/posts"}],"about":[{"href":"https:\/\/marekkuchcinski.pl\/ro\/wp-json\/wp\/v2\/types\/post"}],"author":[{"embeddable":true,"href":"https:\/\/marekkuchcinski.pl\/ro\/wp-json\/wp\/v2\/users\/21"}],"replies":[{"embeddable":true,"href":"https:\/\/marekkuchcinski.pl\/ro\/wp-json\/wp\/v2\/comments?post=23512"}],"version-history":[{"count":7,"href":"https:\/\/marekkuchcinski.pl\/ro\/wp-json\/wp\/v2\/posts\/23512\/revisions"}],"predecessor-version":[{"id":23526,"href":"https:\/\/marekkuchcinski.pl\/ro\/wp-json\/wp\/v2\/posts\/23512\/revisions\/23526"}],"wp:featuredmedia":[{"embeddable":true,"href":"https:\/\/marekkuchcinski.pl\/ro\/wp-json\/wp\/v2\/media\/23514"}],"wp:attachment":[{"href":"https:\/\/marekkuchcinski.pl\/ro\/wp-json\/wp\/v2\/media?parent=23512"}],"wp:term":[{"taxonomy":"category","embeddable":true,"href":"https:\/\/marekkuchcinski.pl\/ro\/wp-json\/wp\/v2\/categories?post=23512"},{"taxonomy":"post_tag","embeddable":true,"href":"https:\/\/marekkuchcinski.pl\/ro\/wp-json\/wp\/v2\/tags?post=23512"}],"curies":[{"name":"wp","href":"https:\/\/api.w.org\/{rel}","templated":true}]}}