{"id":235,"date":"2012-08-29T09:44:08","date_gmt":"2012-08-29T07:44:08","guid":{"rendered":"https:\/\/marekkuchcinski.pl\/podsumowanie-turnieju-w-przemyslu\/"},"modified":"2016-08-25T17:00:18","modified_gmt":"2016-08-25T15:00:18","slug":"podsumowanie-turnieju-w-przemyslu","status":"publish","type":"post","link":"https:\/\/marekkuchcinski.pl\/ro\/bez-kategorii\/podsumowanie-turnieju-w-przemyslu\/","title":{"rendered":"Rezumatul turneului de la Przemy\u015bl"},"content":{"rendered":"<p style=\"text-align: justify;\"> \t<img decoding=\"async\" class=\"alignleft size-full wp-image-224\" alt=\"\" src=\"https:\/\/marekkuchcinski.pl\/wp-content\/uploads\/2012\/08\/pilka-65x65.jpg\" style=\"float: left; margin: 6px;\" width=\"65\" height=\"65\" \/>Treisprezece echipe au participat la recentele calific\u0103ri, care au avut loc la Przemy\u015bl \u00een cadrul turneului Podkarpackie Wild Teams Tournament, sub patronajul europarlamentarului Tomasz Por\u0119ba pentru Cupa Senatorului Andrzej Matusiewicz, cu peste 120 de echipe din \u00eentreaga provincie. Aproximativ o mie de juc\u0103tori au participat la competi\u021bia din nou\u0103 ora\u0219e din regiunea Podkarpackie. <\/p>\n<p style=\"text-align: justify;\"> \tTurneul de la Przemy\u015bl a durat trei zile. \u00cen prima \u0219i a doua zi, echipele au fost \u00eemp\u0103r\u021bite \u00een trei grupe \u0219i au disputat meciurile din primul tur, dup\u0103 care cele mai bune dou\u0103 din fiecare grup\u0103 plus cele mai bune dou\u0103 de pe locurile trei s-au calificat \u00een sferturile de final\u0103. <\/p>\n<p style=\"text-align: justify;\"> \t{galerie}Turnee{\/gallery} <\/p>\n<p>  <!--more-->  <\/p>\n<p style=\"text-align: justify;\"> \tPremiile \u00een natur\u0103, cupele, mingile \u0219i diplomele au fost \u00eenm\u00e2nate celor mai buni concuren\u021bi de c\u0103tre Andrzej Matusiewicz, senator al Republicii Polone, \u0219i W\u0142adys\u0142aw Bukowski, consilier din Przemy\u015bl. <strong>Cea mai bun\u0103 echip\u0103 a turneului s-a dovedit a fi Przemyskie Nied\u017awiadki.<\/strong> Pe 1 septembrie, ei vor merge la Rzesz\u00f3w pentru turneul final, unde se vor confrunta cu celelalte nou\u0103 finaliste. C\u00e2\u0219tig\u0103torul \u00eentregului turneu va merge \u00eentr-o excursie la Bruxelles, organizat\u0103 de europarlamentarul Tomasz Por\u0119ba. <\/p>\n<p style=\"text-align: justify;\"> \tTurneul a fost arbitrat de: arbitrul principal - Maciej Kami\u0144ski \u0219i: Wojciech Kami\u0144ski, Zbigniew Kami\u0144ski, Mateusz Kuszyk \u0219i Henryk \u0141askarzewski. <\/p>\n<p style=\"text-align: justify;\"> \tVicepre\u0219edintele Camerei Deputa\u021bilor Marek Kuchci\u0144ski a fost unul dintre fondatorii premiilor. <\/p>\n<p style=\"text-align: justify;\"> \tOrganizatorii doresc s\u0103 mul\u021bumeasc\u0103 tuturor pentru ajutorul \u0219i sprijinul financiar acordat. <\/p>\n<p style=\"text-align: center;\"> \t<strong>Cel mai bun juc\u0103tor al turneului<\/strong> - Krystian Kazek <\/p>\n<p style=\"text-align: center;\"> \t<strong>Cel mai bun portar al turneului<\/strong> - Mateusz Lorenowicz <\/p>\n<p style=\"text-align: center;\"> \t<strong>Premiul Fair Play <\/strong>- FC Eagles <\/p>\n<p style=\"text-align: center;\"> \t<strong>Premiul special al turneului<\/strong> - Denumire original\u0103 <\/p>\n<p style=\"text-align: center;\"> \t<strong>Sferturile de final\u0103 27.08.2012 <\/strong> <\/p>\n<p style=\"text-align: center;\"> \tA 9:30 FC Fica - Original Name (0:0) 0:3 <\/p>\n<p style=\"text-align: center;\"> \tB 9:45 Start Typ Sport - FC Orlikowcy (2:0) 6:2 <\/p>\n<p style=\"text-align: center;\"> \tC 10:00 Flinstonowie - Przemyskie Nied\u017awiadki (1:2) 1:4 <\/p>\n<p style=\"text-align: center;\"> \tD 10:20 Mad Kermits - Wild Kunds 3:0 <\/p>\n<p style=\"text-align: center;\"> \t<strong>Semifinale 27.08.2012 <\/strong> <\/p>\n<p style=\"text-align: center;\"> \t10:50 Nume original - Tip start Sport (0:0) 2:2 penalizare 2:0 <\/p>\n<p style=\"text-align: center;\"> \t11:10 Przemyskie Nied\u017awiadki - Szalone Kermity (0:0) 3:1 <\/p>\n<p style=\"text-align: center;\"> \t<strong>Meci pentru locul 3 <\/strong> <\/p>\n<p style=\"text-align: center;\"> \tStart Typ Sport - Mad Kermits 0:0 penalty 1:2 <\/p>\n<p style=\"text-align: center;\"> \t<strong>Final <\/strong> <\/p>\n<p style=\"text-align: center;\"> \tNumele original - Przemyskie Nied\u017awiadki (0:0) 1:3 <\/p>\n<p style=\"text-align: center;\"> \t1. Przemyskie Nied\u017awiadki <\/p>\n<p style=\"text-align: center;\"> \t2 Denumirea original\u0103 <\/p>\n<p style=\"text-align: center;\"> \t3. Kermits nebunul <\/p>\n<p style=\"text-align: center;\"> \t4 Tip de pornire Sport <\/p>","protected":false},"excerpt":{"rendered":"<p>W ostatnich eliminacjach, kt&oacute;re odby\u0142y si\u0119 w Przemy\u015blu w ramach Turnieju Dzikich Dru\u017cyn z Podkarpacia pod Patronatem Europos\u0142a Tomasza Por\u0119by o Puchar Senatora Andrzeja Matusiewicza, wzi\u0119\u0142o udzia\u0142 13 zespo\u0142&oacute;w, a w ca\u0142ym wojew&oacute;dztwie ponad 120. W dziewi\u0119ciu miastach Podkarpacia w zawodach uczestniczy\u0142o oko\u0142o tysi\u0105ca zawodnik&oacute;w. Turniej w Przemy\u015blu trwa\u0142 trzy dni. W pierwszym i drugim [&hellip;]<\/p>","protected":false},"author":6,"featured_media":224,"comment_status":"open","ping_status":"open","sticky":false,"template":"","format":"standard","meta":{"ngg_post_thumbnail":0,"footnotes":""},"categories":[1],"tags":[],"class_list":["post-235","post","type-post","status-publish","format-standard","has-post-thumbnail","hentry","category-bez-kategorii"],"yoast_head":"<!-- This site is optimized with the Yoast SEO plugin v24.7 - https:\/\/yoast.com\/wordpress\/plugins\/seo\/ -->\n<title>Podsumowanie Turnieju w Przemy\u015blu &#8211; Marek Kuchci\u0144ski<\/title>\n<meta name=\"robots\" content=\"index, follow, max-snippet:-1, max-image-preview:large, max-video-preview:-1\" \/>\n<link rel=\"canonical\" href=\"https:\/\/marekkuchcinski.pl\/ro\/bez-kategorii\/podsumowanie-turnieju-w-przemyslu\/\" \/>\n<meta property=\"og:locale\" content=\"ro_RO\" \/>\n<meta property=\"og:type\" content=\"article\" \/>\n<meta property=\"og:title\" content=\"Podsumowanie Turnieju w Przemy\u015blu &#8211; Marek Kuchci\u0144ski\" \/>\n<meta property=\"og:description\" content=\"W ostatnich eliminacjach, kt&oacute;re odby\u0142y si\u0119 w Przemy\u015blu w ramach Turnieju Dzikich Dru\u017cyn z Podkarpacia pod Patronatem Europos\u0142a Tomasza Por\u0119by o Puchar Senatora Andrzeja Matusiewicza, wzi\u0119\u0142o udzia\u0142 13 zespo\u0142&oacute;w, a w ca\u0142ym wojew&oacute;dztwie ponad 120. W dziewi\u0119ciu miastach Podkarpacia w zawodach uczestniczy\u0142o oko\u0142o tysi\u0105ca zawodnik&oacute;w. Turniej w Przemy\u015blu trwa\u0142 trzy dni. W pierwszym i drugim [&hellip;]\" \/>\n<meta property=\"og:url\" content=\"https:\/\/marekkuchcinski.pl\/ro\/bez-kategorii\/podsumowanie-turnieju-w-przemyslu\/\" \/>\n<meta property=\"og:site_name\" content=\"Marek Kuchci\u0144ski\" \/>\n<meta property=\"article:published_time\" content=\"2012-08-29T07:44:08+00:00\" \/>\n<meta property=\"article:modified_time\" content=\"2016-08-25T15:00:18+00:00\" \/>\n<meta property=\"og:image\" content=\"https:\/\/marekkuchcinski.pl\/wp-content\/uploads\/2012\/08\/pilka-65x65.jpg\" \/>\n\t<meta property=\"og:image:width\" content=\"65\" \/>\n\t<meta property=\"og:image:height\" content=\"65\" \/>\n\t<meta property=\"og:image:type\" content=\"image\/jpeg\" \/>\n<meta name=\"author\" content=\"admin\" \/>\n<meta name=\"twitter:card\" content=\"summary_large_image\" \/>\n<meta name=\"twitter:label1\" content=\"Scris de\" \/>\n\t<meta name=\"twitter:data1\" content=\"admin\" \/>\n\t<meta name=\"twitter:label2\" content=\"Timp estimat pentru citire\" \/>\n\t<meta name=\"twitter:data2\" content=\"2 minutes\" \/>\n<script type=\"application\/ld+json\" class=\"yoast-schema-graph\">{\"@context\":\"https:\/\/schema.org\",\"@graph\":[{\"@type\":\"Article\",\"@id\":\"https:\/\/marekkuchcinski.pl\/bez-kategorii\/podsumowanie-turnieju-w-przemyslu\/#article\",\"isPartOf\":{\"@id\":\"https:\/\/marekkuchcinski.pl\/bez-kategorii\/podsumowanie-turnieju-w-przemyslu\/\"},\"author\":{\"name\":\"admin\",\"@id\":\"https:\/\/marekkuchcinski.pl\/#\/schema\/person\/6f62700996b4d950b6ea2d1183b6c6be\"},\"headline\":\"Podsumowanie Turnieju w Przemy\u015blu\",\"datePublished\":\"2012-08-29T07:44:08+00:00\",\"dateModified\":\"2016-08-25T15:00:18+00:00\",\"mainEntityOfPage\":{\"@id\":\"https:\/\/marekkuchcinski.pl\/bez-kategorii\/podsumowanie-turnieju-w-przemyslu\/\"},\"wordCount\":336,\"commentCount\":0,\"publisher\":{\"@id\":\"https:\/\/marekkuchcinski.pl\/#organization\"},\"image\":{\"@id\":\"https:\/\/marekkuchcinski.pl\/bez-kategorii\/podsumowanie-turnieju-w-przemyslu\/#primaryimage\"},\"thumbnailUrl\":\"https:\/\/marekkuchcinski.pl\/wp-content\/uploads\/2012\/08\/pilka-65x65.jpg\",\"articleSection\":[\"Bez kategorii\"],\"inLanguage\":\"ro-RO\",\"potentialAction\":[{\"@type\":\"CommentAction\",\"name\":\"Comment\",\"target\":[\"https:\/\/marekkuchcinski.pl\/bez-kategorii\/podsumowanie-turnieju-w-przemyslu\/#respond\"]}]},{\"@type\":\"WebPage\",\"@id\":\"https:\/\/marekkuchcinski.pl\/bez-kategorii\/podsumowanie-turnieju-w-przemyslu\/\",\"url\":\"https:\/\/marekkuchcinski.pl\/bez-kategorii\/podsumowanie-turnieju-w-przemyslu\/\",\"name\":\"Podsumowanie Turnieju w Przemy\u015blu &#8211; Marek Kuchci\u0144ski\",\"isPartOf\":{\"@id\":\"https:\/\/marekkuchcinski.pl\/#website\"},\"primaryImageOfPage\":{\"@id\":\"https:\/\/marekkuchcinski.pl\/bez-kategorii\/podsumowanie-turnieju-w-przemyslu\/#primaryimage\"},\"image\":{\"@id\":\"https:\/\/marekkuchcinski.pl\/bez-kategorii\/podsumowanie-turnieju-w-przemyslu\/#primaryimage\"},\"thumbnailUrl\":\"https:\/\/marekkuchcinski.pl\/wp-content\/uploads\/2012\/08\/pilka-65x65.jpg\",\"datePublished\":\"2012-08-29T07:44:08+00:00\",\"dateModified\":\"2016-08-25T15:00:18+00:00\",\"breadcrumb\":{\"@id\":\"https:\/\/marekkuchcinski.pl\/bez-kategorii\/podsumowanie-turnieju-w-przemyslu\/#breadcrumb\"},\"inLanguage\":\"ro-RO\",\"potentialAction\":[{\"@type\":\"ReadAction\",\"target\":[\"https:\/\/marekkuchcinski.pl\/bez-kategorii\/podsumowanie-turnieju-w-przemyslu\/\"]}]},{\"@type\":\"ImageObject\",\"inLanguage\":\"ro-RO\",\"@id\":\"https:\/\/marekkuchcinski.pl\/bez-kategorii\/podsumowanie-turnieju-w-przemyslu\/#primaryimage\",\"url\":\"https:\/\/marekkuchcinski.pl\/wp-content\/uploads\/2012\/08\/pilka-65x65.jpg\",\"contentUrl\":\"https:\/\/marekkuchcinski.pl\/wp-content\/uploads\/2012\/08\/pilka-65x65.jpg\",\"width\":65,\"height\":65},{\"@type\":\"BreadcrumbList\",\"@id\":\"https:\/\/marekkuchcinski.pl\/bez-kategorii\/podsumowanie-turnieju-w-przemyslu\/#breadcrumb\",\"itemListElement\":[{\"@type\":\"ListItem\",\"position\":1,\"name\":\"Strona g\u0142\u00f3wna\",\"item\":\"https:\/\/marekkuchcinski.pl\/\"},{\"@type\":\"ListItem\",\"position\":2,\"name\":\"Podsumowanie Turnieju w Przemy\u015blu\"}]},{\"@type\":\"WebSite\",\"@id\":\"https:\/\/marekkuchcinski.pl\/#website\",\"url\":\"https:\/\/marekkuchcinski.pl\/\",\"name\":\"Marek Kuchci\u0144ski\",\"description\":\"Pose\u0142 na sejm RP &ndash; okr\u0119g nr 22\",\"publisher\":{\"@id\":\"https:\/\/marekkuchcinski.pl\/#organization\"},\"potentialAction\":[{\"@type\":\"SearchAction\",\"target\":{\"@type\":\"EntryPoint\",\"urlTemplate\":\"https:\/\/marekkuchcinski.pl\/?s={search_term_string}\"},\"query-input\":{\"@type\":\"PropertyValueSpecification\",\"valueRequired\":true,\"valueName\":\"search_term_string\"}}],\"inLanguage\":\"ro-RO\"},{\"@type\":\"Organization\",\"@id\":\"https:\/\/marekkuchcinski.pl\/#organization\",\"name\":\"Marek Kuchci\u0144ski\",\"url\":\"https:\/\/marekkuchcinski.pl\/\",\"logo\":{\"@type\":\"ImageObject\",\"inLanguage\":\"ro-RO\",\"@id\":\"https:\/\/marekkuchcinski.pl\/#\/schema\/logo\/image\/\",\"url\":\"https:\/\/marekkuchcinski.pl\/wp-content\/uploads\/2022\/09\/Marek.jpg\",\"contentUrl\":\"https:\/\/marekkuchcinski.pl\/wp-content\/uploads\/2022\/09\/Marek.jpg\",\"width\":1600,\"height\":971,\"caption\":\"Marek Kuchci\u0144ski\"},\"image\":{\"@id\":\"https:\/\/marekkuchcinski.pl\/#\/schema\/logo\/image\/\"}},{\"@type\":\"Person\",\"@id\":\"https:\/\/marekkuchcinski.pl\/#\/schema\/person\/6f62700996b4d950b6ea2d1183b6c6be\",\"name\":\"admin\",\"image\":{\"@type\":\"ImageObject\",\"inLanguage\":\"ro-RO\",\"@id\":\"https:\/\/marekkuchcinski.pl\/#\/schema\/person\/image\/\",\"url\":\"https:\/\/secure.gravatar.com\/avatar\/4bab693b9d55c3d6b52c0296a8765085?s=96&d=mm&r=g\",\"contentUrl\":\"https:\/\/secure.gravatar.com\/avatar\/4bab693b9d55c3d6b52c0296a8765085?s=96&d=mm&r=g\",\"caption\":\"admin\"},\"url\":\"https:\/\/marekkuchcinski.pl\/ro\/author\/marta-olejnik\/\"}]}<\/script>\n<!-- \/ Yoast SEO plugin. -->","yoast_head_json":{"title":"Podsumowanie Turnieju w Przemy\u015blu &#8211; Marek Kuchci\u0144ski","robots":{"index":"index","follow":"follow","max-snippet":"max-snippet:-1","max-image-preview":"max-image-preview:large","max-video-preview":"max-video-preview:-1"},"canonical":"https:\/\/marekkuchcinski.pl\/ro\/bez-kategorii\/podsumowanie-turnieju-w-przemyslu\/","og_locale":"ro_RO","og_type":"article","og_title":"Podsumowanie Turnieju w Przemy\u015blu &#8211; Marek Kuchci\u0144ski","og_description":"W ostatnich eliminacjach, kt&oacute;re odby\u0142y si\u0119 w Przemy\u015blu w ramach Turnieju Dzikich Dru\u017cyn z Podkarpacia pod Patronatem Europos\u0142a Tomasza Por\u0119by o Puchar Senatora Andrzeja Matusiewicza, wzi\u0119\u0142o udzia\u0142 13 zespo\u0142&oacute;w, a w ca\u0142ym wojew&oacute;dztwie ponad 120. W dziewi\u0119ciu miastach Podkarpacia w zawodach uczestniczy\u0142o oko\u0142o tysi\u0105ca zawodnik&oacute;w. Turniej w Przemy\u015blu trwa\u0142 trzy dni. W pierwszym i drugim [&hellip;]","og_url":"https:\/\/marekkuchcinski.pl\/ro\/bez-kategorii\/podsumowanie-turnieju-w-przemyslu\/","og_site_name":"Marek Kuchci\u0144ski","article_published_time":"2012-08-29T07:44:08+00:00","article_modified_time":"2016-08-25T15:00:18+00:00","og_image":[{"width":65,"height":65,"url":"https:\/\/marekkuchcinski.pl\/wp-content\/uploads\/2012\/08\/pilka-65x65.jpg","type":"image\/jpeg"}],"author":"admin","twitter_card":"summary_large_image","twitter_misc":{"Scris de":"admin","Timp estimat pentru citire":"2 minutes"},"schema":{"@context":"https:\/\/schema.org","@graph":[{"@type":"Article","@id":"https:\/\/marekkuchcinski.pl\/bez-kategorii\/podsumowanie-turnieju-w-przemyslu\/#article","isPartOf":{"@id":"https:\/\/marekkuchcinski.pl\/bez-kategorii\/podsumowanie-turnieju-w-przemyslu\/"},"author":{"name":"admin","@id":"https:\/\/marekkuchcinski.pl\/#\/schema\/person\/6f62700996b4d950b6ea2d1183b6c6be"},"headline":"Podsumowanie Turnieju w Przemy\u015blu","datePublished":"2012-08-29T07:44:08+00:00","dateModified":"2016-08-25T15:00:18+00:00","mainEntityOfPage":{"@id":"https:\/\/marekkuchcinski.pl\/bez-kategorii\/podsumowanie-turnieju-w-przemyslu\/"},"wordCount":336,"commentCount":0,"publisher":{"@id":"https:\/\/marekkuchcinski.pl\/#organization"},"image":{"@id":"https:\/\/marekkuchcinski.pl\/bez-kategorii\/podsumowanie-turnieju-w-przemyslu\/#primaryimage"},"thumbnailUrl":"https:\/\/marekkuchcinski.pl\/wp-content\/uploads\/2012\/08\/pilka-65x65.jpg","articleSection":["Bez kategorii"],"inLanguage":"ro-RO","potentialAction":[{"@type":"CommentAction","name":"Comment","target":["https:\/\/marekkuchcinski.pl\/bez-kategorii\/podsumowanie-turnieju-w-przemyslu\/#respond"]}]},{"@type":"WebPage","@id":"https:\/\/marekkuchcinski.pl\/bez-kategorii\/podsumowanie-turnieju-w-przemyslu\/","url":"https:\/\/marekkuchcinski.pl\/bez-kategorii\/podsumowanie-turnieju-w-przemyslu\/","name":"Podsumowanie Turnieju w Przemy\u015blu &#8211; Marek Kuchci\u0144ski","isPartOf":{"@id":"https:\/\/marekkuchcinski.pl\/#website"},"primaryImageOfPage":{"@id":"https:\/\/marekkuchcinski.pl\/bez-kategorii\/podsumowanie-turnieju-w-przemyslu\/#primaryimage"},"image":{"@id":"https:\/\/marekkuchcinski.pl\/bez-kategorii\/podsumowanie-turnieju-w-przemyslu\/#primaryimage"},"thumbnailUrl":"https:\/\/marekkuchcinski.pl\/wp-content\/uploads\/2012\/08\/pilka-65x65.jpg","datePublished":"2012-08-29T07:44:08+00:00","dateModified":"2016-08-25T15:00:18+00:00","breadcrumb":{"@id":"https:\/\/marekkuchcinski.pl\/bez-kategorii\/podsumowanie-turnieju-w-przemyslu\/#breadcrumb"},"inLanguage":"ro-RO","potentialAction":[{"@type":"ReadAction","target":["https:\/\/marekkuchcinski.pl\/bez-kategorii\/podsumowanie-turnieju-w-przemyslu\/"]}]},{"@type":"ImageObject","inLanguage":"ro-RO","@id":"https:\/\/marekkuchcinski.pl\/bez-kategorii\/podsumowanie-turnieju-w-przemyslu\/#primaryimage","url":"https:\/\/marekkuchcinski.pl\/wp-content\/uploads\/2012\/08\/pilka-65x65.jpg","contentUrl":"https:\/\/marekkuchcinski.pl\/wp-content\/uploads\/2012\/08\/pilka-65x65.jpg","width":65,"height":65},{"@type":"BreadcrumbList","@id":"https:\/\/marekkuchcinski.pl\/bez-kategorii\/podsumowanie-turnieju-w-przemyslu\/#breadcrumb","itemListElement":[{"@type":"ListItem","position":1,"name":"Strona g\u0142\u00f3wna","item":"https:\/\/marekkuchcinski.pl\/"},{"@type":"ListItem","position":2,"name":"Podsumowanie Turnieju w Przemy\u015blu"}]},{"@type":"WebSite","@id":"https:\/\/marekkuchcinski.pl\/#website","url":"https:\/\/marekkuchcinski.pl\/","name":"Marek Kuchci\u0144ski","description":"Pose\u0142 na sejm RP &ndash; okr\u0119g nr 22","publisher":{"@id":"https:\/\/marekkuchcinski.pl\/#organization"},"potentialAction":[{"@type":"SearchAction","target":{"@type":"EntryPoint","urlTemplate":"https:\/\/marekkuchcinski.pl\/?s={search_term_string}"},"query-input":{"@type":"PropertyValueSpecification","valueRequired":true,"valueName":"search_term_string"}}],"inLanguage":"ro-RO"},{"@type":"Organization","@id":"https:\/\/marekkuchcinski.pl\/#organization","name":"Marek Kuchci\u0144ski","url":"https:\/\/marekkuchcinski.pl\/","logo":{"@type":"ImageObject","inLanguage":"ro-RO","@id":"https:\/\/marekkuchcinski.pl\/#\/schema\/logo\/image\/","url":"https:\/\/marekkuchcinski.pl\/wp-content\/uploads\/2022\/09\/Marek.jpg","contentUrl":"https:\/\/marekkuchcinski.pl\/wp-content\/uploads\/2022\/09\/Marek.jpg","width":1600,"height":971,"caption":"Marek Kuchci\u0144ski"},"image":{"@id":"https:\/\/marekkuchcinski.pl\/#\/schema\/logo\/image\/"}},{"@type":"Person","@id":"https:\/\/marekkuchcinski.pl\/#\/schema\/person\/6f62700996b4d950b6ea2d1183b6c6be","name":"admin","image":{"@type":"ImageObject","inLanguage":"ro-RO","@id":"https:\/\/marekkuchcinski.pl\/#\/schema\/person\/image\/","url":"https:\/\/secure.gravatar.com\/avatar\/4bab693b9d55c3d6b52c0296a8765085?s=96&d=mm&r=g","contentUrl":"https:\/\/secure.gravatar.com\/avatar\/4bab693b9d55c3d6b52c0296a8765085?s=96&d=mm&r=g","caption":"admin"},"url":"https:\/\/marekkuchcinski.pl\/ro\/author\/marta-olejnik\/"}]}},"_links":{"self":[{"href":"https:\/\/marekkuchcinski.pl\/ro\/wp-json\/wp\/v2\/posts\/235","targetHints":{"allow":["GET"]}}],"collection":[{"href":"https:\/\/marekkuchcinski.pl\/ro\/wp-json\/wp\/v2\/posts"}],"about":[{"href":"https:\/\/marekkuchcinski.pl\/ro\/wp-json\/wp\/v2\/types\/post"}],"author":[{"embeddable":true,"href":"https:\/\/marekkuchcinski.pl\/ro\/wp-json\/wp\/v2\/users\/6"}],"replies":[{"embeddable":true,"href":"https:\/\/marekkuchcinski.pl\/ro\/wp-json\/wp\/v2\/comments?post=235"}],"version-history":[{"count":1,"href":"https:\/\/marekkuchcinski.pl\/ro\/wp-json\/wp\/v2\/posts\/235\/revisions"}],"predecessor-version":[{"id":3142,"href":"https:\/\/marekkuchcinski.pl\/ro\/wp-json\/wp\/v2\/posts\/235\/revisions\/3142"}],"wp:featuredmedia":[{"embeddable":true,"href":"https:\/\/marekkuchcinski.pl\/ro\/wp-json\/wp\/v2\/media\/224"}],"wp:attachment":[{"href":"https:\/\/marekkuchcinski.pl\/ro\/wp-json\/wp\/v2\/media?parent=235"}],"wp:term":[{"taxonomy":"category","embeddable":true,"href":"https:\/\/marekkuchcinski.pl\/ro\/wp-json\/wp\/v2\/categories?post=235"},{"taxonomy":"post_tag","embeddable":true,"href":"https:\/\/marekkuchcinski.pl\/ro\/wp-json\/wp\/v2\/tags?post=235"}],"curies":[{"name":"wp","href":"https:\/\/api.w.org\/{rel}","templated":true}]}}