{"id":23447,"date":"2021-09-24T09:44:23","date_gmt":"2021-09-24T07:44:23","guid":{"rendered":"https:\/\/marekkuchcinski.pl\/?p=23447"},"modified":"2021-09-24T09:44:38","modified_gmt":"2021-09-24T07:44:38","slug":"rada-doradcow-politycznych-premiera-naprzeciw-potrzebom-mieszkaniowym-polakow","status":"publish","type":"post","link":"https:\/\/marekkuchcinski.pl\/ro\/wydarzenia\/rada-doradcow-politycznych-premiera-naprzeciw-potrzebom-mieszkaniowym-polakow\/","title":{"rendered":"Rada Doradc\u00f3w Politycznych Premiera o potrzebach mieszkaniowych Polak\u00f3w"},"content":{"rendered":"<p class=\"wp-block-paragraph\"><strong>Wsparcie rz\u0105du przy finansowaniu mieszkania oraz ograniczenie formalno\u015bci przy budowie dom\u00f3w do 70 m2 \u2013 to g\u0142\u00f3wne tematy spotkania Rady Doradc\u00f3w Politycznych z udzia\u0142em premiera Mateusza Morawieckiego. Podczas spotkania om\u00f3wiono te\u017c strategiczne cele rozwoju kraju oraz bie\u017c\u0105ce tematy dotycz\u0105ce polityki wewn\u0119trznej i zewn\u0119trznej.<\/strong><\/p>\n\n\n\n<h3 class=\"wp-block-heading\"><strong>Pomoc w realizacji marzenia o w\u0142asnych czterech k\u0105tach<\/strong><\/h3>\n\n\n\n<p class=\"wp-block-paragraph\">Rz\u0105dowi zale\u017cy nam tym, aby jak najwi\u0119cej Polak\u00f3w mia\u0142o stabiln\u0105 sytuacj\u0119 mieszkaniow\u0105. Obecnie wiele rodzin sta\u0107 na zaci\u0105gni\u0119cie kredytu na mieszkanie lub budow\u0119 domu, jednak przeszkodz\u0105 jest wk\u0142ad w\u0142asny. Dlatego te\u017c jednym z g\u0142\u00f3wnych temat\u00f3w omawianych podczas ostatniego posiedzenia Rady Doradc\u00f3w Politycznych by\u0142y, przyj\u0119te ju\u017c przez Rad\u0119 Ministr\u00f3w, projekty ustaw: o gwarantowanym kredycie mieszkaniowym oraz o sp\u0142atach tego kredytu dokonywanych w zwi\u0105zku z powi\u0119kszeniem gospodarstwa domowego oraz o zmianie ustawy \u2013 Prawo budowlane oraz ustawy o planowaniu i zagospodarowaniu przestrzennym, przed\u0142o\u017cony przez ministra rozwoju i technologii. To kluczowe projekty, kt\u00f3re realizuj\u0105 za\u0142o\u017cenia Polskiego \u0141adu.<\/p>\n\n\n\n<ul class=\"wp-block-list\"><li>Mieszkanie bez wk\u0142adu w\u0142asnego<\/li><\/ul>\n\n\n\n<p class=\"wp-block-paragraph\">Polski \u0141ad wychodzi naprzeciw trudno\u015bciom \u2013 zwi\u0119ksza dost\u0119pno\u015b\u0107 finansowania w\u0142asnego mieszkania. To rozwi\u0105zanie obejmie trzy grupy os\u00f3b:<\/p>\n\n\n\n<ul class=\"wp-block-list\"><li>te, kt\u00f3re chc\u0105 mie\u0107 swoje pierwsze mieszkanie z rynku pierwotnego,<\/li><li>te, kt\u00f3re szukaj\u0105 mieszkania na rynku wt\u00f3rnym, spo\u0142ecznym,<\/li><li>te, kt\u00f3re chc\u0105 wybudowa\u0107 w\u0142asny dom.<\/li><\/ul>\n\n\n\n<p class=\"wp-block-paragraph\">Pa\u0144stwo za po\u015brednictwem Banku Gospodarstwa Krajowego b\u0119dzie gwarantowa\u0107 wk\u0142ad w\u0142asny nawet do 20&nbsp;proc. do kwoty 100 tys. z\u0142 przez okres minimum&nbsp;15 lat. Rozwi\u0105zanie b\u0119dzie skierowane do m\u0142odych \u2013 od 24 do 40 lat.<\/p>\n\n\n\n<p class=\"wp-block-paragraph\">Co wa\u017cne, po urodzeniu drugiego dziecka rodzina z gwarantowanym kredytem mog\u0142aby uzyska\u0107 do 20 tys. z\u0142 bezzwrotnego dofinansowania, po urodzeniu trzeciego dziecka do 60 tys.,&nbsp; a czwartego i kolejnego do 20 tys. z\u0142. (proporcjonalnie do udzielonej wcze\u015bniej gwarancji).<\/p>\n\n\n\n<ul class=\"wp-block-list\"><li>Dom do 70 m2 bez formalno\u015bci<\/li><\/ul>\n\n\n\n<p class=\"wp-block-paragraph\">Oszcz\u0119dno\u015b\u0107 czasu i pieni\u0119dzy \u2013 to zagwarantuje ograniczenie formalno\u015bci przy budowie dom\u00f3w do 70 m2. Po zmianach, budowa b\u0119dzie mo\u017cliwa bez pozwolenia, kierownika oraz ksi\u0105\u017cki budowy. Proces budowlany skr\u00f3ci si\u0119 nawet o kilka tygodni. W ten spos\u00f3b ograniczymy nadmiarowe formalno\u015bci. Co wa\u017cne, to tak\u017ce oszcz\u0119dno\u015b\u0107 dla inwestora \u2013 co najmniej kilka tysi\u0119cy z\u0142otych.<\/p>\n\n\n\n<h3 class=\"wp-block-heading\"><strong>Eksperci z r\u00f3\u017cnych dziedzin \u2013 Rada Doradc\u00f3w Politycznych<\/strong><\/h3>\n\n\n\n<p class=\"wp-block-paragraph\">Rada Doradc\u00f3w Politycznych to organ doradczy Prezesa Rady Ministr\u00f3w. Powo\u0142anie w sk\u0142ad Rady w marcu 2021 r. otrzyma\u0142o 21 os\u00f3b. To specjali\u015bci r\u00f3\u017cnych dziedzin, do\u015bwiadczeni zar\u00f3wno w pracy w parlamencie, jak i samorz\u0105dzie.<\/p>\n\n\n\n<p class=\"wp-block-paragraph\">Do g\u0142\u00f3wnych zada\u0144 Rady Doradc\u00f3w Politycznych nale\u017cy dokonywanie oceny sytuacji polityczno-ekonomicznej kraju \u2013 w szczeg\u00f3lno\u015bci w sytuacjach kryzysowych. Opr\u00f3cz tego cz\u0142onkowie Rady zajmuj\u0105 si\u0119 przedstawianiem propozycji, ocen i opinii dotycz\u0105cych cel\u00f3w politycznych i strategicznych rozwoju kraju oraz kierunk\u00f3w polityki wewn\u0119trznej i zewn\u0119trznej \u2013 w celu zapewnienia wzrostu pozycji mi\u0119dzynarodowej Polski oraz zamo\u017cno\u015bci jej obywateli.<\/p>\n\n\n\n<p class=\"wp-block-paragraph\"><em>\u017ar\u00f3d\u0142o: KPRM<\/em><\/p>\n\n\n\n<figure class=\"wp-block-image size-large\"><a href=\"https:\/\/marekkuchcinski.pl\/wp-content\/uploads\/2021\/09\/RDP-PRM-22.09-scaled.jpg\"><img fetchpriority=\"high\" decoding=\"async\" width=\"1024\" height=\"683\" src=\"https:\/\/marekkuchcinski.pl\/wp-content\/uploads\/2021\/09\/RDP-PRM-22.09-1024x683.jpg\" alt=\"\" class=\"wp-image-23448\" srcset=\"https:\/\/marekkuchcinski.pl\/wp-content\/uploads\/2021\/09\/RDP-PRM-22.09-1024x683.jpg 1024w, https:\/\/marekkuchcinski.pl\/wp-content\/uploads\/2021\/09\/RDP-PRM-22.09-300x200.jpg 300w, https:\/\/marekkuchcinski.pl\/wp-content\/uploads\/2021\/09\/RDP-PRM-22.09-768x512.jpg 768w, https:\/\/marekkuchcinski.pl\/wp-content\/uploads\/2021\/09\/RDP-PRM-22.09-1536x1024.jpg 1536w, https:\/\/marekkuchcinski.pl\/wp-content\/uploads\/2021\/09\/RDP-PRM-22.09-scaled.jpg 2048w, https:\/\/marekkuchcinski.pl\/wp-content\/uploads\/2021\/09\/RDP-PRM-22.09-16x12.jpg 16w\" sizes=\"(max-width: 1024px) 100vw, 1024px\" \/><\/a><\/figure>","protected":false},"excerpt":{"rendered":"<p>Wsparcie rz\u0105du przy finansowaniu mieszkania oraz ograniczenie formalno\u015bci przy budowie dom\u00f3w do 70 m2 \u2013 to g\u0142\u00f3wne tematy spotkania Rady Doradc\u00f3w Politycznych z udzia\u0142em premiera Mateusza Morawieckiego. Podczas spotkania om\u00f3wiono te\u017c strategiczne cele rozwoju kraju oraz bie\u017c\u0105ce tematy dotycz\u0105ce polityki wewn\u0119trznej i zewn\u0119trznej. Pomoc w realizacji marzenia o w\u0142asnych czterech k\u0105tach Rz\u0105dowi zale\u017cy nam tym, [&hellip;]<\/p>\n","protected":false},"author":3,"featured_media":23449,"comment_status":"open","ping_status":"open","sticky":false,"template":"","format":"standard","meta":{"ngg_post_thumbnail":0,"footnotes":""},"categories":[82,3],"tags":[],"class_list":["post-23447","post","type-post","status-publish","format-standard","has-post-thumbnail","hentry","category-prawo-i-sprawiedliwosc","category-wydarzenia"],"yoast_head":"<!-- This site is optimized with the Yoast SEO plugin v28.4 - https:\/\/yoast.com\/product\/yoast-seo-wordpress\/ -->\n<title>Rada Doradc\u00f3w Politycznych Premiera o potrzebach mieszkaniowych Polak\u00f3w &#8211; Marek Kuchci\u0144ski<\/title>\n<meta name=\"robots\" content=\"index, follow, max-snippet:-1, max-image-preview:large, max-video-preview:-1\" \/>\n<link rel=\"canonical\" href=\"https:\/\/marekkuchcinski.pl\/ro\/wydarzenia\/rada-doradcow-politycznych-premiera-naprzeciw-potrzebom-mieszkaniowym-polakow\/\" \/>\n<meta property=\"og:locale\" content=\"ro_RO\" \/>\n<meta property=\"og:type\" content=\"article\" \/>\n<meta property=\"og:title\" content=\"Rada Doradc\u00f3w Politycznych Premiera o potrzebach mieszkaniowych Polak\u00f3w &#8211; Marek Kuchci\u0144ski\" \/>\n<meta property=\"og:description\" content=\"Wsparcie rz\u0105du przy finansowaniu mieszkania oraz ograniczenie formalno\u015bci przy budowie dom\u00f3w do 70 m2 \u2013 to g\u0142\u00f3wne tematy spotkania Rady Doradc\u00f3w Politycznych z udzia\u0142em premiera Mateusza Morawieckiego. Podczas spotkania om\u00f3wiono te\u017c strategiczne cele rozwoju kraju oraz bie\u017c\u0105ce tematy dotycz\u0105ce polityki wewn\u0119trznej i zewn\u0119trznej. Pomoc w realizacji marzenia o w\u0142asnych czterech k\u0105tach Rz\u0105dowi zale\u017cy nam tym, [&hellip;]\" \/>\n<meta property=\"og:url\" content=\"https:\/\/marekkuchcinski.pl\/ro\/wydarzenia\/rada-doradcow-politycznych-premiera-naprzeciw-potrzebom-mieszkaniowym-polakow\/\" \/>\n<meta property=\"og:site_name\" content=\"Marek Kuchci\u0144ski\" \/>\n<meta property=\"article:published_time\" content=\"2021-09-24T07:44:23+00:00\" \/>\n<meta property=\"article:modified_time\" content=\"2021-09-24T07:44:38+00:00\" \/>\n<meta property=\"og:image\" content=\"https:\/\/marekkuchcinski.pl\/wp-content\/uploads\/2021\/09\/1408x594.jpeg\" \/>\n\t<meta property=\"og:image:width\" content=\"1408\" \/>\n\t<meta property=\"og:image:height\" content=\"594\" \/>\n\t<meta property=\"og:image:type\" content=\"image\/jpeg\" \/>\n<meta name=\"author\" content=\"Marta Olejnik\" \/>\n<meta name=\"twitter:card\" content=\"summary_large_image\" \/>\n<meta name=\"twitter:label1\" content=\"Written by\" \/>\n\t<meta name=\"twitter:data1\" content=\"Marta Olejnik\" \/>\n\t<meta name=\"twitter:label2\" content=\"Est. reading time\" \/>\n\t<meta name=\"twitter:data2\" content=\"2 minutes\" \/>\n<script type=\"application\/ld+json\" class=\"yoast-schema-graph\">{\"@context\":\"https:\\\/\\\/schema.org\",\"@graph\":[{\"@type\":\"Article\",\"@id\":\"https:\\\/\\\/marekkuchcinski.pl\\\/wydarzenia\\\/rada-doradcow-politycznych-premiera-naprzeciw-potrzebom-mieszkaniowym-polakow\\\/#article\",\"isPartOf\":{\"@id\":\"https:\\\/\\\/marekkuchcinski.pl\\\/wydarzenia\\\/rada-doradcow-politycznych-premiera-naprzeciw-potrzebom-mieszkaniowym-polakow\\\/\"},\"author\":{\"name\":\"Marta Olejnik\",\"@id\":\"https:\\\/\\\/marekkuchcinski.pl\\\/#\\\/schema\\\/person\\\/bd3f15dee67fee76e83c8350d0154101\"},\"headline\":\"Rada Doradc\u00f3w Politycznych Premiera o potrzebach mieszkaniowych Polak\u00f3w\",\"datePublished\":\"2021-09-24T07:44:23+00:00\",\"dateModified\":\"2021-09-24T07:44:38+00:00\",\"mainEntityOfPage\":{\"@id\":\"https:\\\/\\\/marekkuchcinski.pl\\\/wydarzenia\\\/rada-doradcow-politycznych-premiera-naprzeciw-potrzebom-mieszkaniowym-polakow\\\/\"},\"wordCount\":517,\"commentCount\":0,\"publisher\":{\"@id\":\"https:\\\/\\\/marekkuchcinski.pl\\\/#organization\"},\"image\":{\"@id\":\"https:\\\/\\\/marekkuchcinski.pl\\\/wydarzenia\\\/rada-doradcow-politycznych-premiera-naprzeciw-potrzebom-mieszkaniowym-polakow\\\/#primaryimage\"},\"thumbnailUrl\":\"https:\\\/\\\/marekkuchcinski.pl\\\/wp-content\\\/uploads\\\/2021\\\/09\\\/1408x594.jpeg\",\"articleSection\":[\"Prawo i Sprawiedliwo\u015b\u0107\",\"Wydarzenia\"],\"inLanguage\":\"ro-RO\",\"potentialAction\":[{\"@type\":\"CommentAction\",\"name\":\"Comment\",\"target\":[\"https:\\\/\\\/marekkuchcinski.pl\\\/wydarzenia\\\/rada-doradcow-politycznych-premiera-naprzeciw-potrzebom-mieszkaniowym-polakow\\\/#respond\"]}]},{\"@type\":\"WebPage\",\"@id\":\"https:\\\/\\\/marekkuchcinski.pl\\\/wydarzenia\\\/rada-doradcow-politycznych-premiera-naprzeciw-potrzebom-mieszkaniowym-polakow\\\/\",\"url\":\"https:\\\/\\\/marekkuchcinski.pl\\\/wydarzenia\\\/rada-doradcow-politycznych-premiera-naprzeciw-potrzebom-mieszkaniowym-polakow\\\/\",\"name\":\"Rada Doradc\u00f3w Politycznych Premiera o potrzebach mieszkaniowych Polak\u00f3w &#8211; Marek Kuchci\u0144ski\",\"isPartOf\":{\"@id\":\"https:\\\/\\\/marekkuchcinski.pl\\\/#website\"},\"primaryImageOfPage\":{\"@id\":\"https:\\\/\\\/marekkuchcinski.pl\\\/wydarzenia\\\/rada-doradcow-politycznych-premiera-naprzeciw-potrzebom-mieszkaniowym-polakow\\\/#primaryimage\"},\"image\":{\"@id\":\"https:\\\/\\\/marekkuchcinski.pl\\\/wydarzenia\\\/rada-doradcow-politycznych-premiera-naprzeciw-potrzebom-mieszkaniowym-polakow\\\/#primaryimage\"},\"thumbnailUrl\":\"https:\\\/\\\/marekkuchcinski.pl\\\/wp-content\\\/uploads\\\/2021\\\/09\\\/1408x594.jpeg\",\"datePublished\":\"2021-09-24T07:44:23+00:00\",\"dateModified\":\"2021-09-24T07:44:38+00:00\",\"breadcrumb\":{\"@id\":\"https:\\\/\\\/marekkuchcinski.pl\\\/wydarzenia\\\/rada-doradcow-politycznych-premiera-naprzeciw-potrzebom-mieszkaniowym-polakow\\\/#breadcrumb\"},\"inLanguage\":\"ro-RO\",\"potentialAction\":[{\"@type\":\"ReadAction\",\"target\":[\"https:\\\/\\\/marekkuchcinski.pl\\\/wydarzenia\\\/rada-doradcow-politycznych-premiera-naprzeciw-potrzebom-mieszkaniowym-polakow\\\/\"]}]},{\"@type\":\"ImageObject\",\"inLanguage\":\"ro-RO\",\"@id\":\"https:\\\/\\\/marekkuchcinski.pl\\\/wydarzenia\\\/rada-doradcow-politycznych-premiera-naprzeciw-potrzebom-mieszkaniowym-polakow\\\/#primaryimage\",\"url\":\"https:\\\/\\\/marekkuchcinski.pl\\\/wp-content\\\/uploads\\\/2021\\\/09\\\/1408x594.jpeg\",\"contentUrl\":\"https:\\\/\\\/marekkuchcinski.pl\\\/wp-content\\\/uploads\\\/2021\\\/09\\\/1408x594.jpeg\",\"width\":1408,\"height\":594},{\"@type\":\"BreadcrumbList\",\"@id\":\"https:\\\/\\\/marekkuchcinski.pl\\\/wydarzenia\\\/rada-doradcow-politycznych-premiera-naprzeciw-potrzebom-mieszkaniowym-polakow\\\/#breadcrumb\",\"itemListElement\":[{\"@type\":\"ListItem\",\"position\":1,\"name\":\"Strona g\u0142\u00f3wna\",\"item\":\"https:\\\/\\\/marekkuchcinski.pl\\\/\"},{\"@type\":\"ListItem\",\"position\":2,\"name\":\"Rada Doradc\u00f3w Politycznych Premiera o potrzebach mieszkaniowych Polak\u00f3w\"}]},{\"@type\":\"WebSite\",\"@id\":\"https:\\\/\\\/marekkuchcinski.pl\\\/#website\",\"url\":\"https:\\\/\\\/marekkuchcinski.pl\\\/\",\"name\":\"Marek Kuchci\u0144ski\",\"description\":\"Marek Kuchci\u0144ski \",\"publisher\":{\"@id\":\"https:\\\/\\\/marekkuchcinski.pl\\\/#organization\"},\"potentialAction\":[{\"@type\":\"SearchAction\",\"target\":{\"@type\":\"EntryPoint\",\"urlTemplate\":\"https:\\\/\\\/marekkuchcinski.pl\\\/?s={search_term_string}\"},\"query-input\":{\"@type\":\"PropertyValueSpecification\",\"valueRequired\":true,\"valueName\":\"search_term_string\"}}],\"inLanguage\":\"ro-RO\"},{\"@type\":\"Organization\",\"@id\":\"https:\\\/\\\/marekkuchcinski.pl\\\/#organization\",\"name\":\"Marek Kuchci\u0144ski\",\"url\":\"https:\\\/\\\/marekkuchcinski.pl\\\/\",\"logo\":{\"@type\":\"ImageObject\",\"inLanguage\":\"ro-RO\",\"@id\":\"https:\\\/\\\/marekkuchcinski.pl\\\/#\\\/schema\\\/logo\\\/image\\\/\",\"url\":\"https:\\\/\\\/marekkuchcinski.pl\\\/wp-content\\\/uploads\\\/2022\\\/09\\\/Marek.jpg\",\"contentUrl\":\"https:\\\/\\\/marekkuchcinski.pl\\\/wp-content\\\/uploads\\\/2022\\\/09\\\/Marek.jpg\",\"width\":1600,\"height\":971,\"caption\":\"Marek Kuchci\u0144ski\"},\"image\":{\"@id\":\"https:\\\/\\\/marekkuchcinski.pl\\\/#\\\/schema\\\/logo\\\/image\\\/\"}},{\"@type\":\"Person\",\"@id\":\"https:\\\/\\\/marekkuchcinski.pl\\\/#\\\/schema\\\/person\\\/bd3f15dee67fee76e83c8350d0154101\",\"name\":\"Marta Olejnik\",\"image\":{\"@type\":\"ImageObject\",\"inLanguage\":\"ro-RO\",\"@id\":\"https:\\\/\\\/secure.gravatar.com\\\/avatar\\\/24754edd6080383402e292374b406b553027d572e97d60e7aa89a6940e88659a?s=96&d=mm&r=g\",\"url\":\"https:\\\/\\\/secure.gravatar.com\\\/avatar\\\/24754edd6080383402e292374b406b553027d572e97d60e7aa89a6940e88659a?s=96&d=mm&r=g\",\"contentUrl\":\"https:\\\/\\\/secure.gravatar.com\\\/avatar\\\/24754edd6080383402e292374b406b553027d572e97d60e7aa89a6940e88659a?s=96&d=mm&r=g\",\"caption\":\"Marta Olejnik\"},\"url\":\"https:\\\/\\\/marekkuchcinski.pl\\\/ro\\\/author\\\/marta\\\/\"}]}<\/script>\n<!-- \/ Yoast SEO plugin. -->","yoast_head_json":{"title":"Rada Doradc\u00f3w Politycznych Premiera o potrzebach mieszkaniowych Polak\u00f3w &#8211; Marek Kuchci\u0144ski","robots":{"index":"index","follow":"follow","max-snippet":"max-snippet:-1","max-image-preview":"max-image-preview:large","max-video-preview":"max-video-preview:-1"},"canonical":"https:\/\/marekkuchcinski.pl\/ro\/wydarzenia\/rada-doradcow-politycznych-premiera-naprzeciw-potrzebom-mieszkaniowym-polakow\/","og_locale":"ro_RO","og_type":"article","og_title":"Rada Doradc\u00f3w Politycznych Premiera o potrzebach mieszkaniowych Polak\u00f3w &#8211; Marek Kuchci\u0144ski","og_description":"Wsparcie rz\u0105du przy finansowaniu mieszkania oraz ograniczenie formalno\u015bci przy budowie dom\u00f3w do 70 m2 \u2013 to g\u0142\u00f3wne tematy spotkania Rady Doradc\u00f3w Politycznych z udzia\u0142em premiera Mateusza Morawieckiego. Podczas spotkania om\u00f3wiono te\u017c strategiczne cele rozwoju kraju oraz bie\u017c\u0105ce tematy dotycz\u0105ce polityki wewn\u0119trznej i zewn\u0119trznej. Pomoc w realizacji marzenia o w\u0142asnych czterech k\u0105tach Rz\u0105dowi zale\u017cy nam tym, [&hellip;]","og_url":"https:\/\/marekkuchcinski.pl\/ro\/wydarzenia\/rada-doradcow-politycznych-premiera-naprzeciw-potrzebom-mieszkaniowym-polakow\/","og_site_name":"Marek Kuchci\u0144ski","article_published_time":"2021-09-24T07:44:23+00:00","article_modified_time":"2021-09-24T07:44:38+00:00","og_image":[{"width":1408,"height":594,"url":"https:\/\/marekkuchcinski.pl\/wp-content\/uploads\/2021\/09\/1408x594.jpeg","type":"image\/jpeg"}],"author":"Marta Olejnik","twitter_card":"summary_large_image","twitter_misc":{"Written by":"Marta Olejnik","Est. reading time":"2 minutes"},"schema":{"@context":"https:\/\/schema.org","@graph":[{"@type":"Article","@id":"https:\/\/marekkuchcinski.pl\/wydarzenia\/rada-doradcow-politycznych-premiera-naprzeciw-potrzebom-mieszkaniowym-polakow\/#article","isPartOf":{"@id":"https:\/\/marekkuchcinski.pl\/wydarzenia\/rada-doradcow-politycznych-premiera-naprzeciw-potrzebom-mieszkaniowym-polakow\/"},"author":{"name":"Marta Olejnik","@id":"https:\/\/marekkuchcinski.pl\/#\/schema\/person\/bd3f15dee67fee76e83c8350d0154101"},"headline":"Rada Doradc\u00f3w Politycznych Premiera o potrzebach mieszkaniowych Polak\u00f3w","datePublished":"2021-09-24T07:44:23+00:00","dateModified":"2021-09-24T07:44:38+00:00","mainEntityOfPage":{"@id":"https:\/\/marekkuchcinski.pl\/wydarzenia\/rada-doradcow-politycznych-premiera-naprzeciw-potrzebom-mieszkaniowym-polakow\/"},"wordCount":517,"commentCount":0,"publisher":{"@id":"https:\/\/marekkuchcinski.pl\/#organization"},"image":{"@id":"https:\/\/marekkuchcinski.pl\/wydarzenia\/rada-doradcow-politycznych-premiera-naprzeciw-potrzebom-mieszkaniowym-polakow\/#primaryimage"},"thumbnailUrl":"https:\/\/marekkuchcinski.pl\/wp-content\/uploads\/2021\/09\/1408x594.jpeg","articleSection":["Prawo i Sprawiedliwo\u015b\u0107","Wydarzenia"],"inLanguage":"ro-RO","potentialAction":[{"@type":"CommentAction","name":"Comment","target":["https:\/\/marekkuchcinski.pl\/wydarzenia\/rada-doradcow-politycznych-premiera-naprzeciw-potrzebom-mieszkaniowym-polakow\/#respond"]}]},{"@type":"WebPage","@id":"https:\/\/marekkuchcinski.pl\/wydarzenia\/rada-doradcow-politycznych-premiera-naprzeciw-potrzebom-mieszkaniowym-polakow\/","url":"https:\/\/marekkuchcinski.pl\/wydarzenia\/rada-doradcow-politycznych-premiera-naprzeciw-potrzebom-mieszkaniowym-polakow\/","name":"Rada Doradc\u00f3w Politycznych Premiera o potrzebach mieszkaniowych Polak\u00f3w &#8211; Marek Kuchci\u0144ski","isPartOf":{"@id":"https:\/\/marekkuchcinski.pl\/#website"},"primaryImageOfPage":{"@id":"https:\/\/marekkuchcinski.pl\/wydarzenia\/rada-doradcow-politycznych-premiera-naprzeciw-potrzebom-mieszkaniowym-polakow\/#primaryimage"},"image":{"@id":"https:\/\/marekkuchcinski.pl\/wydarzenia\/rada-doradcow-politycznych-premiera-naprzeciw-potrzebom-mieszkaniowym-polakow\/#primaryimage"},"thumbnailUrl":"https:\/\/marekkuchcinski.pl\/wp-content\/uploads\/2021\/09\/1408x594.jpeg","datePublished":"2021-09-24T07:44:23+00:00","dateModified":"2021-09-24T07:44:38+00:00","breadcrumb":{"@id":"https:\/\/marekkuchcinski.pl\/wydarzenia\/rada-doradcow-politycznych-premiera-naprzeciw-potrzebom-mieszkaniowym-polakow\/#breadcrumb"},"inLanguage":"ro-RO","potentialAction":[{"@type":"ReadAction","target":["https:\/\/marekkuchcinski.pl\/wydarzenia\/rada-doradcow-politycznych-premiera-naprzeciw-potrzebom-mieszkaniowym-polakow\/"]}]},{"@type":"ImageObject","inLanguage":"ro-RO","@id":"https:\/\/marekkuchcinski.pl\/wydarzenia\/rada-doradcow-politycznych-premiera-naprzeciw-potrzebom-mieszkaniowym-polakow\/#primaryimage","url":"https:\/\/marekkuchcinski.pl\/wp-content\/uploads\/2021\/09\/1408x594.jpeg","contentUrl":"https:\/\/marekkuchcinski.pl\/wp-content\/uploads\/2021\/09\/1408x594.jpeg","width":1408,"height":594},{"@type":"BreadcrumbList","@id":"https:\/\/marekkuchcinski.pl\/wydarzenia\/rada-doradcow-politycznych-premiera-naprzeciw-potrzebom-mieszkaniowym-polakow\/#breadcrumb","itemListElement":[{"@type":"ListItem","position":1,"name":"Strona g\u0142\u00f3wna","item":"https:\/\/marekkuchcinski.pl\/"},{"@type":"ListItem","position":2,"name":"Rada Doradc\u00f3w Politycznych Premiera o potrzebach mieszkaniowych Polak\u00f3w"}]},{"@type":"WebSite","@id":"https:\/\/marekkuchcinski.pl\/#website","url":"https:\/\/marekkuchcinski.pl\/","name":"Marek Kuchci\u0144ski","description":"Marek Kuchci\u0144ski","publisher":{"@id":"https:\/\/marekkuchcinski.pl\/#organization"},"potentialAction":[{"@type":"SearchAction","target":{"@type":"EntryPoint","urlTemplate":"https:\/\/marekkuchcinski.pl\/?s={search_term_string}"},"query-input":{"@type":"PropertyValueSpecification","valueRequired":true,"valueName":"search_term_string"}}],"inLanguage":"ro-RO"},{"@type":"Organization","@id":"https:\/\/marekkuchcinski.pl\/#organization","name":"Marek Kuchci\u0144ski","url":"https:\/\/marekkuchcinski.pl\/","logo":{"@type":"ImageObject","inLanguage":"ro-RO","@id":"https:\/\/marekkuchcinski.pl\/#\/schema\/logo\/image\/","url":"https:\/\/marekkuchcinski.pl\/wp-content\/uploads\/2022\/09\/Marek.jpg","contentUrl":"https:\/\/marekkuchcinski.pl\/wp-content\/uploads\/2022\/09\/Marek.jpg","width":1600,"height":971,"caption":"Marek Kuchci\u0144ski"},"image":{"@id":"https:\/\/marekkuchcinski.pl\/#\/schema\/logo\/image\/"}},{"@type":"Person","@id":"https:\/\/marekkuchcinski.pl\/#\/schema\/person\/bd3f15dee67fee76e83c8350d0154101","name":"Marta Olejnik","image":{"@type":"ImageObject","inLanguage":"ro-RO","@id":"https:\/\/secure.gravatar.com\/avatar\/24754edd6080383402e292374b406b553027d572e97d60e7aa89a6940e88659a?s=96&d=mm&r=g","url":"https:\/\/secure.gravatar.com\/avatar\/24754edd6080383402e292374b406b553027d572e97d60e7aa89a6940e88659a?s=96&d=mm&r=g","contentUrl":"https:\/\/secure.gravatar.com\/avatar\/24754edd6080383402e292374b406b553027d572e97d60e7aa89a6940e88659a?s=96&d=mm&r=g","caption":"Marta Olejnik"},"url":"https:\/\/marekkuchcinski.pl\/ro\/author\/marta\/"}]}},"_links":{"self":[{"href":"https:\/\/marekkuchcinski.pl\/ro\/wp-json\/wp\/v2\/posts\/23447","targetHints":{"allow":["GET"]}}],"collection":[{"href":"https:\/\/marekkuchcinski.pl\/ro\/wp-json\/wp\/v2\/posts"}],"about":[{"href":"https:\/\/marekkuchcinski.pl\/ro\/wp-json\/wp\/v2\/types\/post"}],"author":[{"embeddable":true,"href":"https:\/\/marekkuchcinski.pl\/ro\/wp-json\/wp\/v2\/users\/3"}],"replies":[{"embeddable":true,"href":"https:\/\/marekkuchcinski.pl\/ro\/wp-json\/wp\/v2\/comments?post=23447"}],"version-history":[{"count":4,"href":"https:\/\/marekkuchcinski.pl\/ro\/wp-json\/wp\/v2\/posts\/23447\/revisions"}],"predecessor-version":[{"id":23453,"href":"https:\/\/marekkuchcinski.pl\/ro\/wp-json\/wp\/v2\/posts\/23447\/revisions\/23453"}],"wp:featuredmedia":[{"embeddable":true,"href":"https:\/\/marekkuchcinski.pl\/ro\/wp-json\/wp\/v2\/media\/23449"}],"wp:attachment":[{"href":"https:\/\/marekkuchcinski.pl\/ro\/wp-json\/wp\/v2\/media?parent=23447"}],"wp:term":[{"taxonomy":"category","embeddable":true,"href":"https:\/\/marekkuchcinski.pl\/ro\/wp-json\/wp\/v2\/categories?post=23447"},{"taxonomy":"post_tag","embeddable":true,"href":"https:\/\/marekkuchcinski.pl\/ro\/wp-json\/wp\/v2\/tags?post=23447"}],"curies":[{"name":"wp","href":"https:\/\/api.w.org\/{rel}","templated":true}]}}