{"id":23447,"date":"2021-09-24T09:44:23","date_gmt":"2021-09-24T07:44:23","guid":{"rendered":"https:\/\/marekkuchcinski.pl\/?p=23447"},"modified":"2021-09-24T09:44:38","modified_gmt":"2021-09-24T07:44:38","slug":"rada-doradcow-politycznych-premiera-naprzeciw-potrzebom-mieszkaniowym-polakow","status":"publish","type":"post","link":"https:\/\/marekkuchcinski.pl\/ro\/wydarzenia\/rada-doradcow-politycznych-premiera-naprzeciw-potrzebom-mieszkaniowym-polakow\/","title":{"rendered":"Consiliul Primului Ministru al Consilierilor Politici privind nevoile de locuin\u021be ale polonezilor"},"content":{"rendered":"<p><strong>Sprijinul guvernamental pentru finan\u021barea locuin\u021belor \u0219i reducerea birocra\u021biei pentru construc\u021bia de locuin\u021be de p\u00e2n\u0103 la 70 m2 - acestea au fost principalele subiecte ale reuniunii Consiliului Consilierilor Politici, la care a participat \u0219i premierul Mateusz Morawiecki. \u00cen cadrul reuniunii au fost discutate \u0219i obiectivele strategice de dezvoltare a \u021b\u0103rii \u0219i subiecte actuale de politic\u0103 intern\u0103 \u0219i extern\u0103.<\/strong><\/p>\n\n\n\n<h3 class=\"wp-block-heading\"><strong>Ajut\u00e2ndu-v\u0103 s\u0103 v\u0103 realiza\u021bi visul de a de\u021bine propriile patru col\u021buri<\/strong><\/h3>\n\n\n\n<p>Guvernul dore\u0219te ca un num\u0103r c\u00e2t mai mare de polonezi s\u0103 aib\u0103 o locuin\u021b\u0103 stabil\u0103. \u00cen prezent, multe familii \u00ee\u0219i pot permite s\u0103 ia un credit pentru un apartament sau s\u0103 construiasc\u0103 o cas\u0103, dar obstacolul este reprezentat de contribu\u021bia proprie. Prin urmare, unul dintre principalele subiecte discutate \u00een cadrul ultimei reuniuni a Consiliului consilierilor politici au fost proiectele de lege deja adoptate de Consiliul de Mini\u0219tri: privind creditul garantat pentru locuin\u021be \u0219i ramburs\u0103rile acestui credit efectuate \u00een leg\u0103tur\u0103 cu o cre\u0219tere a dimensiunii gospod\u0103riei, precum \u0219i modific\u0103rile aduse de ministrul Dezvolt\u0103rii \u0219i Tehnologiei la Legea - Legea construc\u021biilor \u0219i la Legea privind planificarea \u0219i dezvoltarea spa\u021bial\u0103. Acestea sunt proiecte-cheie care pun \u00een aplicare ipotezele din ordinul polonez.<\/p>\n\n\n\n<ul class=\"wp-block-list\"><li>Locuin\u021be f\u0103r\u0103 contribu\u021bie proprie<\/li><\/ul>\n\n\n\n<p>Acordul polonez abordeaz\u0103 dificult\u0103\u021bile - cre\u0219te disponibilitatea finan\u021b\u0103rii pentru locuin\u021be proprii. Aceast\u0103 solu\u021bie va acoperi trei grupuri de persoane:<\/p>\n\n\n\n<ul class=\"wp-block-list\"><li>celor care doresc s\u0103 aib\u0103 primul lor apartament de pe pia\u021ba primar\u0103,<\/li><li>cei care caut\u0103 locuin\u021be pe pia\u021ba secundar\u0103, social\u0103,<\/li><li>cei care vor s\u0103-\u0219i construiasc\u0103 propria cas\u0103.<\/li><\/ul>\n\n\n\n<p>Statul, prin intermediul Bank Gospodarstwa Krajowego, va garanta o contribu\u021bie proprie de p\u00e2n\u0103 la 20 % \u00een limita sumei de 100 000 PLN pentru o perioad\u0103 de cel pu\u021bin 15 ani. Solu\u021bia se va adresa tinerilor - de la 24 la 40 de ani.<\/p>\n\n\n\n<p>Este important de men\u021bionat c\u0103, dup\u0103 na\u0219terea celui de-al doilea copil, o familie cu un \u00eemprumut garantat ar putea primi p\u00e2n\u0103 la 20.000 PLN \u00een finan\u021bare nerambursabil\u0103, dup\u0103 na\u0219terea celui de-al treilea copil p\u00e2n\u0103 la 60.000 PLN, iar dup\u0103 na\u0219terea celui de-al patrulea copil \u0219i a copiilor urm\u0103tori p\u00e2n\u0103 la 20.000 PLN. (propor\u021bional cu garan\u021bia acordat\u0103 anterior).<\/p>\n\n\n\n<ul class=\"wp-block-list\"><li>Cas\u0103 p\u00e2n\u0103 la 70 m2 f\u0103r\u0103 formalit\u0103\u021bi<\/li><\/ul>\n\n\n\n<p>Economisirea timpului \u0219i a banilor - acest lucru va garanta reducerea formalit\u0103\u021bilor pentru construc\u021bia de case de p\u00e2n\u0103 la 70 m2. Dup\u0103 modific\u0103ri, construc\u021bia va fi posibil\u0103 f\u0103r\u0103 autoriza\u021bie, f\u0103r\u0103 gestionar \u0219i f\u0103r\u0103 carte de construc\u021bii. Procesul de construc\u021bie va fi scurtat chiar \u0219i cu c\u00e2teva s\u0103pt\u0103m\u00e2ni. \u00cen acest fel, vom reduce formalit\u0103\u021bile redundante. Ceea ce este important, \u00eenseamn\u0103, de asemenea, economii pentru investitor - cel pu\u021bin c\u00e2teva mii de zlo\u021bi.<\/p>\n\n\n\n<h3 class=\"wp-block-heading\"><strong>Exper\u021bi \u00een diverse domenii - Consiliul consilierilor politici (Council of Policy Advisers)<\/strong><\/h3>\n\n\n\n<p>Consiliul consilierilor politici este un organism consultativ al prim-ministrului. 21 de persoane au fost numite \u00een Consiliu \u00een martie 2021. Ace\u0219tia sunt speciali\u0219ti \u00een diverse domenii, cu experien\u021b\u0103 at\u00e2t \u00een activitatea parlamentar\u0103, c\u00e2t \u0219i \u00een cea a autorit\u0103\u021bilor locale.<\/p>\n\n\n\n<p>Principala sarcin\u0103 a Consiliului consilierilor politici este de a evalua situa\u021bia politic\u0103 \u0219i economic\u0103 a \u021b\u0103rii, \u00een special \u00een situa\u021bii de criz\u0103. \u00cen plus, membrii Consiliului sunt implica\u021bi \u00een prezentarea de propuneri, evalu\u0103ri \u0219i avize privind obiectivele politice \u0219i strategice ale dezvolt\u0103rii \u021b\u0103rii, precum \u0219i privind direc\u021biile politicilor interne \u0219i externe - pentru a asigura cre\u0219terea pozi\u021biei interna\u021bionale a Poloniei \u0219i prosperitatea cet\u0103\u021benilor s\u0103i.<\/p>\n\n\n\n<p><em>sursa: KPRM<\/em><\/p>\n\n\n\n<figure class=\"wp-block-image size-large\"><a href=\"https:\/\/marekkuchcinski.pl\/wp-content\/uploads\/2021\/09\/RDP-PRM-22.09-scaled.jpg\"><img fetchpriority=\"high\" decoding=\"async\" width=\"1024\" height=\"683\" src=\"https:\/\/marekkuchcinski.pl\/wp-content\/uploads\/2021\/09\/RDP-PRM-22.09-1024x683.jpg\" alt=\"\" class=\"wp-image-23448\" srcset=\"https:\/\/marekkuchcinski.pl\/wp-content\/uploads\/2021\/09\/RDP-PRM-22.09-1024x683.jpg 1024w, https:\/\/marekkuchcinski.pl\/wp-content\/uploads\/2021\/09\/RDP-PRM-22.09-300x200.jpg 300w, https:\/\/marekkuchcinski.pl\/wp-content\/uploads\/2021\/09\/RDP-PRM-22.09-768x512.jpg 768w, https:\/\/marekkuchcinski.pl\/wp-content\/uploads\/2021\/09\/RDP-PRM-22.09-1536x1024.jpg 1536w, https:\/\/marekkuchcinski.pl\/wp-content\/uploads\/2021\/09\/RDP-PRM-22.09-scaled.jpg 2048w, https:\/\/marekkuchcinski.pl\/wp-content\/uploads\/2021\/09\/RDP-PRM-22.09-16x12.jpg 16w\" sizes=\"(max-width: 1024px) 100vw, 1024px\" \/><\/a><\/figure>","protected":false},"excerpt":{"rendered":"<p>Sprijinul guvernamental pentru finan\u021barea locuin\u021belor \u0219i reducerea birocra\u021biei pentru construc\u021bia de locuin\u021be de p\u00e2n\u0103 la 70 m2 - acestea au fost principalele subiecte ale \u00eent\u00e2lnirii Consiliului Consilierilor Politici cu premierul Mateusz Morawiecki. \u00cen cadrul reuniunii au fost discutate \u0219i obiectivele strategice de dezvoltare a \u021b\u0103rii \u0219i subiecte actuale de politic\u0103 intern\u0103 \u0219i extern\u0103. Ajut\u00e2ndu-i pe oameni s\u0103 \u00ee\u0219i \u00eendeplineasc\u0103 visul de a avea propriile patru col\u021buri Guvernul dore\u0219te s\u0103 [...]<\/p>","protected":false},"author":21,"featured_media":23449,"comment_status":"open","ping_status":"open","sticky":false,"template":"","format":"standard","meta":{"ngg_post_thumbnail":0,"footnotes":""},"categories":[82,3],"tags":[],"class_list":["post-23447","post","type-post","status-publish","format-standard","has-post-thumbnail","hentry","category-prawo-i-sprawiedliwosc","category-wydarzenia"],"yoast_head":"<!-- This site is optimized with the Yoast SEO plugin v24.7 - https:\/\/yoast.com\/wordpress\/plugins\/seo\/ -->\n<title>Rada Doradc\u00f3w Politycznych Premiera o potrzebach mieszkaniowych Polak\u00f3w &#8211; Marek Kuchci\u0144ski<\/title>\n<meta name=\"robots\" content=\"index, follow, max-snippet:-1, max-image-preview:large, max-video-preview:-1\" \/>\n<link rel=\"canonical\" href=\"https:\/\/marekkuchcinski.pl\/ro\/wydarzenia\/rada-doradcow-politycznych-premiera-naprzeciw-potrzebom-mieszkaniowym-polakow\/\" \/>\n<meta property=\"og:locale\" content=\"ro_RO\" \/>\n<meta property=\"og:type\" content=\"article\" \/>\n<meta property=\"og:title\" content=\"Rada Doradc\u00f3w Politycznych Premiera o potrzebach mieszkaniowych Polak\u00f3w &#8211; Marek Kuchci\u0144ski\" \/>\n<meta property=\"og:description\" content=\"Wsparcie rz\u0105du przy finansowaniu mieszkania oraz ograniczenie formalno\u015bci przy budowie dom\u00f3w do 70 m2 \u2013 to g\u0142\u00f3wne tematy spotkania Rady Doradc\u00f3w Politycznych z udzia\u0142em premiera Mateusza Morawieckiego. Podczas spotkania om\u00f3wiono te\u017c strategiczne cele rozwoju kraju oraz bie\u017c\u0105ce tematy dotycz\u0105ce polityki wewn\u0119trznej i zewn\u0119trznej. Pomoc w realizacji marzenia o w\u0142asnych czterech k\u0105tach Rz\u0105dowi zale\u017cy nam tym, [&hellip;]\" \/>\n<meta property=\"og:url\" content=\"https:\/\/marekkuchcinski.pl\/ro\/wydarzenia\/rada-doradcow-politycznych-premiera-naprzeciw-potrzebom-mieszkaniowym-polakow\/\" \/>\n<meta property=\"og:site_name\" content=\"Marek Kuchci\u0144ski\" \/>\n<meta property=\"article:published_time\" content=\"2021-09-24T07:44:23+00:00\" \/>\n<meta property=\"article:modified_time\" content=\"2021-09-24T07:44:38+00:00\" \/>\n<meta property=\"og:image\" content=\"https:\/\/marekkuchcinski.pl\/wp-content\/uploads\/2021\/09\/1408x594.jpeg\" \/>\n\t<meta property=\"og:image:width\" content=\"1408\" \/>\n\t<meta property=\"og:image:height\" content=\"594\" \/>\n\t<meta property=\"og:image:type\" content=\"image\/jpeg\" \/>\n<meta name=\"author\" content=\"Marta Olejnik\" \/>\n<meta name=\"twitter:card\" content=\"summary_large_image\" \/>\n<meta name=\"twitter:label1\" content=\"Scris de\" \/>\n\t<meta name=\"twitter:data1\" content=\"Marta Olejnik\" \/>\n\t<meta name=\"twitter:label2\" content=\"Timp estimat pentru citire\" \/>\n\t<meta name=\"twitter:data2\" content=\"2 minutes\" \/>\n<script type=\"application\/ld+json\" class=\"yoast-schema-graph\">{\"@context\":\"https:\/\/schema.org\",\"@graph\":[{\"@type\":\"Article\",\"@id\":\"https:\/\/marekkuchcinski.pl\/wydarzenia\/rada-doradcow-politycznych-premiera-naprzeciw-potrzebom-mieszkaniowym-polakow\/#article\",\"isPartOf\":{\"@id\":\"https:\/\/marekkuchcinski.pl\/wydarzenia\/rada-doradcow-politycznych-premiera-naprzeciw-potrzebom-mieszkaniowym-polakow\/\"},\"author\":{\"name\":\"Marta Olejnik\",\"@id\":\"https:\/\/marekkuchcinski.pl\/#\/schema\/person\/51d5d4ee3b5317b8e4dd2b48af359229\"},\"headline\":\"Rada Doradc\u00f3w Politycznych Premiera o potrzebach mieszkaniowych Polak\u00f3w\",\"datePublished\":\"2021-09-24T07:44:23+00:00\",\"dateModified\":\"2021-09-24T07:44:38+00:00\",\"mainEntityOfPage\":{\"@id\":\"https:\/\/marekkuchcinski.pl\/wydarzenia\/rada-doradcow-politycznych-premiera-naprzeciw-potrzebom-mieszkaniowym-polakow\/\"},\"wordCount\":517,\"commentCount\":0,\"publisher\":{\"@id\":\"https:\/\/marekkuchcinski.pl\/#organization\"},\"image\":{\"@id\":\"https:\/\/marekkuchcinski.pl\/wydarzenia\/rada-doradcow-politycznych-premiera-naprzeciw-potrzebom-mieszkaniowym-polakow\/#primaryimage\"},\"thumbnailUrl\":\"https:\/\/marekkuchcinski.pl\/wp-content\/uploads\/2021\/09\/1408x594.jpeg\",\"articleSection\":[\"Prawo i Sprawiedliwo\u015b\u0107\",\"Wydarzenia\"],\"inLanguage\":\"ro-RO\",\"potentialAction\":[{\"@type\":\"CommentAction\",\"name\":\"Comment\",\"target\":[\"https:\/\/marekkuchcinski.pl\/wydarzenia\/rada-doradcow-politycznych-premiera-naprzeciw-potrzebom-mieszkaniowym-polakow\/#respond\"]}]},{\"@type\":\"WebPage\",\"@id\":\"https:\/\/marekkuchcinski.pl\/wydarzenia\/rada-doradcow-politycznych-premiera-naprzeciw-potrzebom-mieszkaniowym-polakow\/\",\"url\":\"https:\/\/marekkuchcinski.pl\/wydarzenia\/rada-doradcow-politycznych-premiera-naprzeciw-potrzebom-mieszkaniowym-polakow\/\",\"name\":\"Rada Doradc\u00f3w Politycznych Premiera o potrzebach mieszkaniowych Polak\u00f3w &#8211; Marek Kuchci\u0144ski\",\"isPartOf\":{\"@id\":\"https:\/\/marekkuchcinski.pl\/#website\"},\"primaryImageOfPage\":{\"@id\":\"https:\/\/marekkuchcinski.pl\/wydarzenia\/rada-doradcow-politycznych-premiera-naprzeciw-potrzebom-mieszkaniowym-polakow\/#primaryimage\"},\"image\":{\"@id\":\"https:\/\/marekkuchcinski.pl\/wydarzenia\/rada-doradcow-politycznych-premiera-naprzeciw-potrzebom-mieszkaniowym-polakow\/#primaryimage\"},\"thumbnailUrl\":\"https:\/\/marekkuchcinski.pl\/wp-content\/uploads\/2021\/09\/1408x594.jpeg\",\"datePublished\":\"2021-09-24T07:44:23+00:00\",\"dateModified\":\"2021-09-24T07:44:38+00:00\",\"breadcrumb\":{\"@id\":\"https:\/\/marekkuchcinski.pl\/wydarzenia\/rada-doradcow-politycznych-premiera-naprzeciw-potrzebom-mieszkaniowym-polakow\/#breadcrumb\"},\"inLanguage\":\"ro-RO\",\"potentialAction\":[{\"@type\":\"ReadAction\",\"target\":[\"https:\/\/marekkuchcinski.pl\/wydarzenia\/rada-doradcow-politycznych-premiera-naprzeciw-potrzebom-mieszkaniowym-polakow\/\"]}]},{\"@type\":\"ImageObject\",\"inLanguage\":\"ro-RO\",\"@id\":\"https:\/\/marekkuchcinski.pl\/wydarzenia\/rada-doradcow-politycznych-premiera-naprzeciw-potrzebom-mieszkaniowym-polakow\/#primaryimage\",\"url\":\"https:\/\/marekkuchcinski.pl\/wp-content\/uploads\/2021\/09\/1408x594.jpeg\",\"contentUrl\":\"https:\/\/marekkuchcinski.pl\/wp-content\/uploads\/2021\/09\/1408x594.jpeg\",\"width\":1408,\"height\":594},{\"@type\":\"BreadcrumbList\",\"@id\":\"https:\/\/marekkuchcinski.pl\/wydarzenia\/rada-doradcow-politycznych-premiera-naprzeciw-potrzebom-mieszkaniowym-polakow\/#breadcrumb\",\"itemListElement\":[{\"@type\":\"ListItem\",\"position\":1,\"name\":\"Strona g\u0142\u00f3wna\",\"item\":\"https:\/\/marekkuchcinski.pl\/\"},{\"@type\":\"ListItem\",\"position\":2,\"name\":\"Rada Doradc\u00f3w Politycznych Premiera o potrzebach mieszkaniowych Polak\u00f3w\"}]},{\"@type\":\"WebSite\",\"@id\":\"https:\/\/marekkuchcinski.pl\/#website\",\"url\":\"https:\/\/marekkuchcinski.pl\/\",\"name\":\"Marek Kuchci\u0144ski\",\"description\":\"Pose\u0142 na sejm RP &ndash; okr\u0119g nr 22\",\"publisher\":{\"@id\":\"https:\/\/marekkuchcinski.pl\/#organization\"},\"potentialAction\":[{\"@type\":\"SearchAction\",\"target\":{\"@type\":\"EntryPoint\",\"urlTemplate\":\"https:\/\/marekkuchcinski.pl\/?s={search_term_string}\"},\"query-input\":{\"@type\":\"PropertyValueSpecification\",\"valueRequired\":true,\"valueName\":\"search_term_string\"}}],\"inLanguage\":\"ro-RO\"},{\"@type\":\"Organization\",\"@id\":\"https:\/\/marekkuchcinski.pl\/#organization\",\"name\":\"Marek Kuchci\u0144ski\",\"url\":\"https:\/\/marekkuchcinski.pl\/\",\"logo\":{\"@type\":\"ImageObject\",\"inLanguage\":\"ro-RO\",\"@id\":\"https:\/\/marekkuchcinski.pl\/#\/schema\/logo\/image\/\",\"url\":\"https:\/\/marekkuchcinski.pl\/wp-content\/uploads\/2022\/09\/Marek.jpg\",\"contentUrl\":\"https:\/\/marekkuchcinski.pl\/wp-content\/uploads\/2022\/09\/Marek.jpg\",\"width\":1600,\"height\":971,\"caption\":\"Marek Kuchci\u0144ski\"},\"image\":{\"@id\":\"https:\/\/marekkuchcinski.pl\/#\/schema\/logo\/image\/\"}},{\"@type\":\"Person\",\"@id\":\"https:\/\/marekkuchcinski.pl\/#\/schema\/person\/51d5d4ee3b5317b8e4dd2b48af359229\",\"name\":\"Marta Olejnik\",\"image\":{\"@type\":\"ImageObject\",\"inLanguage\":\"ro-RO\",\"@id\":\"https:\/\/marekkuchcinski.pl\/#\/schema\/person\/image\/\",\"url\":\"https:\/\/secure.gravatar.com\/avatar\/e39914b2aa6a48959e24d475b5dc9793?s=96&d=mm&r=g\",\"contentUrl\":\"https:\/\/secure.gravatar.com\/avatar\/e39914b2aa6a48959e24d475b5dc9793?s=96&d=mm&r=g\",\"caption\":\"Marta Olejnik\"},\"url\":\"https:\/\/marekkuchcinski.pl\/ro\/author\/marta\/\"}]}<\/script>\n<!-- \/ Yoast SEO plugin. -->","yoast_head_json":{"title":"Rada Doradc\u00f3w Politycznych Premiera o potrzebach mieszkaniowych Polak\u00f3w &#8211; Marek Kuchci\u0144ski","robots":{"index":"index","follow":"follow","max-snippet":"max-snippet:-1","max-image-preview":"max-image-preview:large","max-video-preview":"max-video-preview:-1"},"canonical":"https:\/\/marekkuchcinski.pl\/ro\/wydarzenia\/rada-doradcow-politycznych-premiera-naprzeciw-potrzebom-mieszkaniowym-polakow\/","og_locale":"ro_RO","og_type":"article","og_title":"Rada Doradc\u00f3w Politycznych Premiera o potrzebach mieszkaniowych Polak\u00f3w &#8211; Marek Kuchci\u0144ski","og_description":"Wsparcie rz\u0105du przy finansowaniu mieszkania oraz ograniczenie formalno\u015bci przy budowie dom\u00f3w do 70 m2 \u2013 to g\u0142\u00f3wne tematy spotkania Rady Doradc\u00f3w Politycznych z udzia\u0142em premiera Mateusza Morawieckiego. Podczas spotkania om\u00f3wiono te\u017c strategiczne cele rozwoju kraju oraz bie\u017c\u0105ce tematy dotycz\u0105ce polityki wewn\u0119trznej i zewn\u0119trznej. Pomoc w realizacji marzenia o w\u0142asnych czterech k\u0105tach Rz\u0105dowi zale\u017cy nam tym, [&hellip;]","og_url":"https:\/\/marekkuchcinski.pl\/ro\/wydarzenia\/rada-doradcow-politycznych-premiera-naprzeciw-potrzebom-mieszkaniowym-polakow\/","og_site_name":"Marek Kuchci\u0144ski","article_published_time":"2021-09-24T07:44:23+00:00","article_modified_time":"2021-09-24T07:44:38+00:00","og_image":[{"width":1408,"height":594,"url":"https:\/\/marekkuchcinski.pl\/wp-content\/uploads\/2021\/09\/1408x594.jpeg","type":"image\/jpeg"}],"author":"Marta Olejnik","twitter_card":"summary_large_image","twitter_misc":{"Scris de":"Marta Olejnik","Timp estimat pentru citire":"2 minutes"},"schema":{"@context":"https:\/\/schema.org","@graph":[{"@type":"Article","@id":"https:\/\/marekkuchcinski.pl\/wydarzenia\/rada-doradcow-politycznych-premiera-naprzeciw-potrzebom-mieszkaniowym-polakow\/#article","isPartOf":{"@id":"https:\/\/marekkuchcinski.pl\/wydarzenia\/rada-doradcow-politycznych-premiera-naprzeciw-potrzebom-mieszkaniowym-polakow\/"},"author":{"name":"Marta Olejnik","@id":"https:\/\/marekkuchcinski.pl\/#\/schema\/person\/51d5d4ee3b5317b8e4dd2b48af359229"},"headline":"Rada Doradc\u00f3w Politycznych Premiera o potrzebach mieszkaniowych Polak\u00f3w","datePublished":"2021-09-24T07:44:23+00:00","dateModified":"2021-09-24T07:44:38+00:00","mainEntityOfPage":{"@id":"https:\/\/marekkuchcinski.pl\/wydarzenia\/rada-doradcow-politycznych-premiera-naprzeciw-potrzebom-mieszkaniowym-polakow\/"},"wordCount":517,"commentCount":0,"publisher":{"@id":"https:\/\/marekkuchcinski.pl\/#organization"},"image":{"@id":"https:\/\/marekkuchcinski.pl\/wydarzenia\/rada-doradcow-politycznych-premiera-naprzeciw-potrzebom-mieszkaniowym-polakow\/#primaryimage"},"thumbnailUrl":"https:\/\/marekkuchcinski.pl\/wp-content\/uploads\/2021\/09\/1408x594.jpeg","articleSection":["Prawo i Sprawiedliwo\u015b\u0107","Wydarzenia"],"inLanguage":"ro-RO","potentialAction":[{"@type":"CommentAction","name":"Comment","target":["https:\/\/marekkuchcinski.pl\/wydarzenia\/rada-doradcow-politycznych-premiera-naprzeciw-potrzebom-mieszkaniowym-polakow\/#respond"]}]},{"@type":"WebPage","@id":"https:\/\/marekkuchcinski.pl\/wydarzenia\/rada-doradcow-politycznych-premiera-naprzeciw-potrzebom-mieszkaniowym-polakow\/","url":"https:\/\/marekkuchcinski.pl\/wydarzenia\/rada-doradcow-politycznych-premiera-naprzeciw-potrzebom-mieszkaniowym-polakow\/","name":"Rada Doradc\u00f3w Politycznych Premiera o potrzebach mieszkaniowych Polak\u00f3w &#8211; Marek Kuchci\u0144ski","isPartOf":{"@id":"https:\/\/marekkuchcinski.pl\/#website"},"primaryImageOfPage":{"@id":"https:\/\/marekkuchcinski.pl\/wydarzenia\/rada-doradcow-politycznych-premiera-naprzeciw-potrzebom-mieszkaniowym-polakow\/#primaryimage"},"image":{"@id":"https:\/\/marekkuchcinski.pl\/wydarzenia\/rada-doradcow-politycznych-premiera-naprzeciw-potrzebom-mieszkaniowym-polakow\/#primaryimage"},"thumbnailUrl":"https:\/\/marekkuchcinski.pl\/wp-content\/uploads\/2021\/09\/1408x594.jpeg","datePublished":"2021-09-24T07:44:23+00:00","dateModified":"2021-09-24T07:44:38+00:00","breadcrumb":{"@id":"https:\/\/marekkuchcinski.pl\/wydarzenia\/rada-doradcow-politycznych-premiera-naprzeciw-potrzebom-mieszkaniowym-polakow\/#breadcrumb"},"inLanguage":"ro-RO","potentialAction":[{"@type":"ReadAction","target":["https:\/\/marekkuchcinski.pl\/wydarzenia\/rada-doradcow-politycznych-premiera-naprzeciw-potrzebom-mieszkaniowym-polakow\/"]}]},{"@type":"ImageObject","inLanguage":"ro-RO","@id":"https:\/\/marekkuchcinski.pl\/wydarzenia\/rada-doradcow-politycznych-premiera-naprzeciw-potrzebom-mieszkaniowym-polakow\/#primaryimage","url":"https:\/\/marekkuchcinski.pl\/wp-content\/uploads\/2021\/09\/1408x594.jpeg","contentUrl":"https:\/\/marekkuchcinski.pl\/wp-content\/uploads\/2021\/09\/1408x594.jpeg","width":1408,"height":594},{"@type":"BreadcrumbList","@id":"https:\/\/marekkuchcinski.pl\/wydarzenia\/rada-doradcow-politycznych-premiera-naprzeciw-potrzebom-mieszkaniowym-polakow\/#breadcrumb","itemListElement":[{"@type":"ListItem","position":1,"name":"Strona g\u0142\u00f3wna","item":"https:\/\/marekkuchcinski.pl\/"},{"@type":"ListItem","position":2,"name":"Rada Doradc\u00f3w Politycznych Premiera o potrzebach mieszkaniowych Polak\u00f3w"}]},{"@type":"WebSite","@id":"https:\/\/marekkuchcinski.pl\/#website","url":"https:\/\/marekkuchcinski.pl\/","name":"Marek Kuchci\u0144ski","description":"Pose\u0142 na sejm RP &ndash; okr\u0119g nr 22","publisher":{"@id":"https:\/\/marekkuchcinski.pl\/#organization"},"potentialAction":[{"@type":"SearchAction","target":{"@type":"EntryPoint","urlTemplate":"https:\/\/marekkuchcinski.pl\/?s={search_term_string}"},"query-input":{"@type":"PropertyValueSpecification","valueRequired":true,"valueName":"search_term_string"}}],"inLanguage":"ro-RO"},{"@type":"Organization","@id":"https:\/\/marekkuchcinski.pl\/#organization","name":"Marek Kuchci\u0144ski","url":"https:\/\/marekkuchcinski.pl\/","logo":{"@type":"ImageObject","inLanguage":"ro-RO","@id":"https:\/\/marekkuchcinski.pl\/#\/schema\/logo\/image\/","url":"https:\/\/marekkuchcinski.pl\/wp-content\/uploads\/2022\/09\/Marek.jpg","contentUrl":"https:\/\/marekkuchcinski.pl\/wp-content\/uploads\/2022\/09\/Marek.jpg","width":1600,"height":971,"caption":"Marek Kuchci\u0144ski"},"image":{"@id":"https:\/\/marekkuchcinski.pl\/#\/schema\/logo\/image\/"}},{"@type":"Person","@id":"https:\/\/marekkuchcinski.pl\/#\/schema\/person\/51d5d4ee3b5317b8e4dd2b48af359229","name":"Marta Olejnik","image":{"@type":"ImageObject","inLanguage":"ro-RO","@id":"https:\/\/marekkuchcinski.pl\/#\/schema\/person\/image\/","url":"https:\/\/secure.gravatar.com\/avatar\/e39914b2aa6a48959e24d475b5dc9793?s=96&d=mm&r=g","contentUrl":"https:\/\/secure.gravatar.com\/avatar\/e39914b2aa6a48959e24d475b5dc9793?s=96&d=mm&r=g","caption":"Marta Olejnik"},"url":"https:\/\/marekkuchcinski.pl\/ro\/author\/marta\/"}]}},"_links":{"self":[{"href":"https:\/\/marekkuchcinski.pl\/ro\/wp-json\/wp\/v2\/posts\/23447","targetHints":{"allow":["GET"]}}],"collection":[{"href":"https:\/\/marekkuchcinski.pl\/ro\/wp-json\/wp\/v2\/posts"}],"about":[{"href":"https:\/\/marekkuchcinski.pl\/ro\/wp-json\/wp\/v2\/types\/post"}],"author":[{"embeddable":true,"href":"https:\/\/marekkuchcinski.pl\/ro\/wp-json\/wp\/v2\/users\/21"}],"replies":[{"embeddable":true,"href":"https:\/\/marekkuchcinski.pl\/ro\/wp-json\/wp\/v2\/comments?post=23447"}],"version-history":[{"count":4,"href":"https:\/\/marekkuchcinski.pl\/ro\/wp-json\/wp\/v2\/posts\/23447\/revisions"}],"predecessor-version":[{"id":23453,"href":"https:\/\/marekkuchcinski.pl\/ro\/wp-json\/wp\/v2\/posts\/23447\/revisions\/23453"}],"wp:featuredmedia":[{"embeddable":true,"href":"https:\/\/marekkuchcinski.pl\/ro\/wp-json\/wp\/v2\/media\/23449"}],"wp:attachment":[{"href":"https:\/\/marekkuchcinski.pl\/ro\/wp-json\/wp\/v2\/media?parent=23447"}],"wp:term":[{"taxonomy":"category","embeddable":true,"href":"https:\/\/marekkuchcinski.pl\/ro\/wp-json\/wp\/v2\/categories?post=23447"},{"taxonomy":"post_tag","embeddable":true,"href":"https:\/\/marekkuchcinski.pl\/ro\/wp-json\/wp\/v2\/tags?post=23447"}],"curies":[{"name":"wp","href":"https:\/\/api.w.org\/{rel}","templated":true}]}}