{"id":22779,"date":"2021-06-25T14:25:05","date_gmt":"2021-06-25T12:25:05","guid":{"rendered":"https:\/\/marekkuchcinski.pl\/?p=22779"},"modified":"2021-06-25T14:33:18","modified_gmt":"2021-06-25T12:33:18","slug":"nowa-perspektywa-bieszczad-zobaczymy-je-z-wagonika-kolejki-linowej-nad-solina","status":"publish","type":"post","link":"https:\/\/marekkuchcinski.pl\/ro\/wydarzenia\/nowa-perspektywa-bieszczad-zobaczymy-je-z-wagonika-kolejki-linowej-nad-solina\/","title":{"rendered":"O nou\u0103 perspectiv\u0103 a Bieszczady - le vom vedea din telecabina de pe Solina"},"content":{"rendered":"<p>\u00cen cur\u00e2nd vom vedea regiunea Podkarpacie dintr-o perspectiv\u0103 complet nou\u0103 - ferestrele telecabinei de peste barajul Solina ne vor ar\u0103ta panorama mun\u021bilor Bieszczady. Iar c\u00e2nd vom ajunge pe muntele Jawor, ne vom petrece timpul \u00een parcul tematic de 3 km - printre natura fenomenal\u0103, legendele locale \u0219i alte atrac\u021bii - a spus Marek Kuchci\u0144ski \u00een timpul prezent\u0103rii construc\u021biei telecabinei \u0219i a turnului de vizionare deasupra barajului de ap\u0103 din Solina.<\/p>\n\n\n\n<p>Marek Kuchci\u0144ski a subliniat c\u0103 investi\u021bia a fost un succes datorit\u0103 ingeniozit\u0103\u021bii \u0219i cooper\u0103rii multor medii, a statului, a administra\u021biei locale \u0219i a institu\u021biilor de afaceri - indiferent de diferen\u021bele politice. Bieszczady \u0219i Solina sunt un brand solid, locuri neobi\u0219nuite, care, \u00een ciuda dezvolt\u0103rii turismului, \u00ee\u0219i p\u0103streaz\u0103 misterul \u0219i s\u0103lb\u0103ticia, aduc\u00e2nd uneori amintiri din taberele copil\u0103riei.<\/p>\n\n\n\n<p>Solina este una dintre cele mai populare destina\u021bii turistice din Polonia, iar telecabina va fi probabil prima din lume care va circula de-a lungul barajului.  \u00cen fiecare an, Lacul Solina este vizitat de aproximativ 1,5 milioane de turi\u0219ti. Pentru a elibera \u0219i a expune pe deplin poten\u021bialul \u0219i valorile locului, a ap\u0103rut ideea unei investi\u021bii pro-turistice, care ar face mai atractiv\u0103 oferta turistic\u0103 a \u00eentregii regiuni Bieszczady - construirea unei telecabine \u0219i a unui turn de vizionare deasupra barajului din Solina.\u00a0<\/p>\n\n\n\n<p>Traseul planificat al telecabinei pitore\u0219ti \u00eencepe de la sta\u021bia de plecare Plasz, situat\u0103 deasupra promenadei care duce la coroana barajului din Solina, iar sta\u021bia final\u0103 \u0219i turnul de observare de 56 m \u00een\u0103l\u021bime vor fi amplasate pe muntele Jawor. Lungimea traseului de cale ferat\u0103 este de 1,64 km. Cel mai \u00eenalt suport al c\u0103ii ferate va avea o \u00een\u0103l\u021bime de 99 m. Calea ferat\u0103 va putea transporta aproximativ 1.200 de pasageri pe or\u0103.<\/p>\n\n\n\n<figure class=\"wp-block-image size-large\"><a href=\"https:\/\/marekkuchcinski.pl\/wp-content\/uploads\/2021\/06\/Solina-3.jpg\"><img fetchpriority=\"high\" decoding=\"async\" width=\"1024\" height=\"681\" src=\"https:\/\/marekkuchcinski.pl\/wp-content\/uploads\/2021\/06\/Solina-3-1024x681.jpg\" alt=\"\" class=\"wp-image-22780\" srcset=\"https:\/\/marekkuchcinski.pl\/wp-content\/uploads\/2021\/06\/Solina-3-1024x681.jpg 1024w, https:\/\/marekkuchcinski.pl\/wp-content\/uploads\/2021\/06\/Solina-3-300x200.jpg 300w, https:\/\/marekkuchcinski.pl\/wp-content\/uploads\/2021\/06\/Solina-3-768x511.jpg 768w, https:\/\/marekkuchcinski.pl\/wp-content\/uploads\/2021\/06\/Solina-3-16x12.jpg 16w, https:\/\/marekkuchcinski.pl\/wp-content\/uploads\/2021\/06\/Solina-3.jpg 1246w\" sizes=\"(max-width: 1024px) 100vw, 1024px\" \/><\/a><\/figure>\n\n\n\n<figure class=\"wp-block-image size-large\"><a href=\"https:\/\/marekkuchcinski.pl\/wp-content\/uploads\/2021\/06\/206743126_1401004690273542_7275680785192714772_n.jpg\"><img decoding=\"async\" width=\"1024\" height=\"683\" src=\"https:\/\/marekkuchcinski.pl\/wp-content\/uploads\/2021\/06\/206743126_1401004690273542_7275680785192714772_n-1024x683.jpg\" alt=\"\" class=\"wp-image-22788\" srcset=\"https:\/\/marekkuchcinski.pl\/wp-content\/uploads\/2021\/06\/206743126_1401004690273542_7275680785192714772_n-1024x683.jpg 1024w, https:\/\/marekkuchcinski.pl\/wp-content\/uploads\/2021\/06\/206743126_1401004690273542_7275680785192714772_n-300x200.jpg 300w, https:\/\/marekkuchcinski.pl\/wp-content\/uploads\/2021\/06\/206743126_1401004690273542_7275680785192714772_n-768x512.jpg 768w, https:\/\/marekkuchcinski.pl\/wp-content\/uploads\/2021\/06\/206743126_1401004690273542_7275680785192714772_n-1536x1024.jpg 1536w, https:\/\/marekkuchcinski.pl\/wp-content\/uploads\/2021\/06\/206743126_1401004690273542_7275680785192714772_n-16x12.jpg 16w, https:\/\/marekkuchcinski.pl\/wp-content\/uploads\/2021\/06\/206743126_1401004690273542_7275680785192714772_n.jpg 1620w\" sizes=\"(max-width: 1024px) 100vw, 1024px\" \/><\/a><\/figure>\n\n\n\n<figure class=\"wp-block-image size-large is-resized\"><a href=\"https:\/\/marekkuchcinski.pl\/wp-content\/uploads\/2021\/06\/sol.jpg\"><img decoding=\"async\" src=\"https:\/\/marekkuchcinski.pl\/wp-content\/uploads\/2021\/06\/sol.jpg\" alt=\"\" class=\"wp-image-22781\" width=\"843\" height=\"632\" srcset=\"https:\/\/marekkuchcinski.pl\/wp-content\/uploads\/2021\/06\/sol.jpg 780w, https:\/\/marekkuchcinski.pl\/wp-content\/uploads\/2021\/06\/sol-300x225.jpg 300w, https:\/\/marekkuchcinski.pl\/wp-content\/uploads\/2021\/06\/sol-768x576.jpg 768w, https:\/\/marekkuchcinski.pl\/wp-content\/uploads\/2021\/06\/sol-16x12.jpg 16w\" sizes=\"(max-width: 843px) 100vw, 843px\" \/><\/a><\/figure>\n\n\n\n<figure class=\"wp-block-image size-large\"><a href=\"https:\/\/marekkuchcinski.pl\/wp-content\/uploads\/2021\/06\/S1.jpg\"><img loading=\"lazy\" decoding=\"async\" width=\"1024\" height=\"682\" src=\"https:\/\/marekkuchcinski.pl\/wp-content\/uploads\/2021\/06\/S1-1024x682.jpg\" alt=\"\" class=\"wp-image-22782\" srcset=\"https:\/\/marekkuchcinski.pl\/wp-content\/uploads\/2021\/06\/S1-1024x682.jpg 1024w, https:\/\/marekkuchcinski.pl\/wp-content\/uploads\/2021\/06\/S1-300x200.jpg 300w, https:\/\/marekkuchcinski.pl\/wp-content\/uploads\/2021\/06\/S1-768x511.jpg 768w, https:\/\/marekkuchcinski.pl\/wp-content\/uploads\/2021\/06\/S1-16x12.jpg 16w, https:\/\/marekkuchcinski.pl\/wp-content\/uploads\/2021\/06\/S1.jpg 1274w\" sizes=\"(max-width: 1024px) 100vw, 1024px\" \/><\/a><\/figure>\n\n\n\n<figure class=\"wp-block-image size-large is-resized\"><a href=\"https:\/\/marekkuchcinski.pl\/wp-content\/uploads\/2021\/06\/203412643_859371408010932_4105797372224438389_n.jpg\"><img loading=\"lazy\" decoding=\"async\" src=\"https:\/\/marekkuchcinski.pl\/wp-content\/uploads\/2021\/06\/203412643_859371408010932_4105797372224438389_n.jpg\" alt=\"\" class=\"wp-image-22784\" width=\"840\" height=\"630\" srcset=\"https:\/\/marekkuchcinski.pl\/wp-content\/uploads\/2021\/06\/203412643_859371408010932_4105797372224438389_n.jpg 912w, https:\/\/marekkuchcinski.pl\/wp-content\/uploads\/2021\/06\/203412643_859371408010932_4105797372224438389_n-300x225.jpg 300w, https:\/\/marekkuchcinski.pl\/wp-content\/uploads\/2021\/06\/203412643_859371408010932_4105797372224438389_n-768x576.jpg 768w, https:\/\/marekkuchcinski.pl\/wp-content\/uploads\/2021\/06\/203412643_859371408010932_4105797372224438389_n-16x12.jpg 16w\" sizes=\"(max-width: 840px) 100vw, 840px\" \/><\/a><\/figure>","protected":false},"excerpt":{"rendered":"<p>Ju\u017c niebawem zobaczymy Podkarpacie z zupe\u0142nie nowej perspektywy \u2013 okna kolei linowej nad soli\u0144sk\u0105 zapor\u0105 uka\u017c\u0105 nam panoram\u0119 Bieszczad. A gdy dotrzemy na g\u00f3r\u0119 Jawor, sp\u0119dzimy czas w ci\u0105gn\u0105cym si\u0119 3 km parku tematycznym \u2013 w\u015br\u00f3d zjawiskowej przyrody, miejscowych legend i innych atrakcji \u2013 m\u00f3wi\u0142 Marek Kuchci\u0144ski podczas prezentacji budowy kolei gondolowej i wie\u017cy widokowej [&hellip;]<\/p>","protected":false},"author":21,"featured_media":22788,"comment_status":"open","ping_status":"open","sticky":false,"template":"","format":"standard","meta":{"ngg_post_thumbnail":0,"footnotes":""},"categories":[49,3],"tags":[],"class_list":["post-22779","post","type-post","status-publish","format-standard","has-post-thumbnail","hentry","category-podkarpacie","category-wydarzenia"],"yoast_head":"<!-- This site is optimized with the Yoast SEO plugin v24.7 - https:\/\/yoast.com\/wordpress\/plugins\/seo\/ -->\n<title>Nowa perspektywa Bieszczad \u2013 zobaczymy je z wagonika kolejki linowej nad Solin\u0105 &#8211; Marek Kuchci\u0144ski<\/title>\n<meta name=\"robots\" content=\"index, follow, max-snippet:-1, max-image-preview:large, max-video-preview:-1\" \/>\n<link rel=\"canonical\" href=\"https:\/\/marekkuchcinski.pl\/ro\/wydarzenia\/nowa-perspektywa-bieszczad-zobaczymy-je-z-wagonika-kolejki-linowej-nad-solina\/\" \/>\n<meta property=\"og:locale\" content=\"ro_RO\" \/>\n<meta property=\"og:type\" content=\"article\" \/>\n<meta property=\"og:title\" content=\"Nowa perspektywa Bieszczad \u2013 zobaczymy je z wagonika kolejki linowej nad Solin\u0105 &#8211; Marek Kuchci\u0144ski\" \/>\n<meta property=\"og:description\" content=\"Ju\u017c niebawem zobaczymy Podkarpacie z zupe\u0142nie nowej perspektywy \u2013 okna kolei linowej nad soli\u0144sk\u0105 zapor\u0105 uka\u017c\u0105 nam panoram\u0119 Bieszczad. A gdy dotrzemy na g\u00f3r\u0119 Jawor, sp\u0119dzimy czas w ci\u0105gn\u0105cym si\u0119 3 km parku tematycznym \u2013 w\u015br\u00f3d zjawiskowej przyrody, miejscowych legend i innych atrakcji \u2013 m\u00f3wi\u0142 Marek Kuchci\u0144ski podczas prezentacji budowy kolei gondolowej i wie\u017cy widokowej [&hellip;]\" \/>\n<meta property=\"og:url\" content=\"https:\/\/marekkuchcinski.pl\/ro\/wydarzenia\/nowa-perspektywa-bieszczad-zobaczymy-je-z-wagonika-kolejki-linowej-nad-solina\/\" \/>\n<meta property=\"og:site_name\" content=\"Marek Kuchci\u0144ski\" \/>\n<meta property=\"article:published_time\" content=\"2021-06-25T12:25:05+00:00\" \/>\n<meta property=\"article:modified_time\" content=\"2021-06-25T12:33:18+00:00\" \/>\n<meta property=\"og:image\" content=\"https:\/\/marekkuchcinski.pl\/wp-content\/uploads\/2021\/06\/206743126_1401004690273542_7275680785192714772_n.jpg\" \/>\n\t<meta property=\"og:image:width\" content=\"1620\" \/>\n\t<meta property=\"og:image:height\" content=\"1080\" \/>\n\t<meta property=\"og:image:type\" content=\"image\/jpeg\" \/>\n<meta name=\"author\" content=\"Marta Olejnik\" \/>\n<meta name=\"twitter:card\" content=\"summary_large_image\" \/>\n<meta name=\"twitter:label1\" content=\"Scris de\" \/>\n\t<meta name=\"twitter:data1\" content=\"Marta Olejnik\" \/>\n\t<meta name=\"twitter:label2\" content=\"Timp estimat pentru citire\" \/>\n\t<meta name=\"twitter:data2\" content=\"3 minutes\" \/>\n<script type=\"application\/ld+json\" class=\"yoast-schema-graph\">{\"@context\":\"https:\/\/schema.org\",\"@graph\":[{\"@type\":\"Article\",\"@id\":\"https:\/\/marekkuchcinski.pl\/en\/wydarzenia\/nowa-perspektywa-bieszczad-zobaczymy-je-z-wagonika-kolejki-linowej-nad-solina\/#article\",\"isPartOf\":{\"@id\":\"https:\/\/marekkuchcinski.pl\/en\/wydarzenia\/nowa-perspektywa-bieszczad-zobaczymy-je-z-wagonika-kolejki-linowej-nad-solina\/\"},\"author\":{\"name\":\"Marta Olejnik\",\"@id\":\"https:\/\/marekkuchcinski.pl\/#\/schema\/person\/51d5d4ee3b5317b8e4dd2b48af359229\"},\"headline\":\"Nowa perspektywa Bieszczad \u2013 zobaczymy je z wagonika kolejki linowej nad Solin\u0105\",\"datePublished\":\"2021-06-25T12:25:05+00:00\",\"dateModified\":\"2021-06-25T12:33:18+00:00\",\"mainEntityOfPage\":{\"@id\":\"https:\/\/marekkuchcinski.pl\/en\/wydarzenia\/nowa-perspektywa-bieszczad-zobaczymy-je-z-wagonika-kolejki-linowej-nad-solina\/\"},\"wordCount\":291,\"commentCount\":0,\"publisher\":{\"@id\":\"https:\/\/marekkuchcinski.pl\/#organization\"},\"image\":{\"@id\":\"https:\/\/marekkuchcinski.pl\/en\/wydarzenia\/nowa-perspektywa-bieszczad-zobaczymy-je-z-wagonika-kolejki-linowej-nad-solina\/#primaryimage\"},\"thumbnailUrl\":\"https:\/\/marekkuchcinski.pl\/wp-content\/uploads\/2021\/06\/206743126_1401004690273542_7275680785192714772_n.jpg\",\"articleSection\":[\"Podkarpacie\",\"Wydarzenia\"],\"inLanguage\":\"ro-RO\",\"potentialAction\":[{\"@type\":\"CommentAction\",\"name\":\"Comment\",\"target\":[\"https:\/\/marekkuchcinski.pl\/en\/wydarzenia\/nowa-perspektywa-bieszczad-zobaczymy-je-z-wagonika-kolejki-linowej-nad-solina\/#respond\"]}]},{\"@type\":\"WebPage\",\"@id\":\"https:\/\/marekkuchcinski.pl\/en\/wydarzenia\/nowa-perspektywa-bieszczad-zobaczymy-je-z-wagonika-kolejki-linowej-nad-solina\/\",\"url\":\"https:\/\/marekkuchcinski.pl\/en\/wydarzenia\/nowa-perspektywa-bieszczad-zobaczymy-je-z-wagonika-kolejki-linowej-nad-solina\/\",\"name\":\"Nowa perspektywa Bieszczad \u2013 zobaczymy je z wagonika kolejki linowej nad Solin\u0105 &#8211; Marek Kuchci\u0144ski\",\"isPartOf\":{\"@id\":\"https:\/\/marekkuchcinski.pl\/#website\"},\"primaryImageOfPage\":{\"@id\":\"https:\/\/marekkuchcinski.pl\/en\/wydarzenia\/nowa-perspektywa-bieszczad-zobaczymy-je-z-wagonika-kolejki-linowej-nad-solina\/#primaryimage\"},\"image\":{\"@id\":\"https:\/\/marekkuchcinski.pl\/en\/wydarzenia\/nowa-perspektywa-bieszczad-zobaczymy-je-z-wagonika-kolejki-linowej-nad-solina\/#primaryimage\"},\"thumbnailUrl\":\"https:\/\/marekkuchcinski.pl\/wp-content\/uploads\/2021\/06\/206743126_1401004690273542_7275680785192714772_n.jpg\",\"datePublished\":\"2021-06-25T12:25:05+00:00\",\"dateModified\":\"2021-06-25T12:33:18+00:00\",\"breadcrumb\":{\"@id\":\"https:\/\/marekkuchcinski.pl\/en\/wydarzenia\/nowa-perspektywa-bieszczad-zobaczymy-je-z-wagonika-kolejki-linowej-nad-solina\/#breadcrumb\"},\"inLanguage\":\"ro-RO\",\"potentialAction\":[{\"@type\":\"ReadAction\",\"target\":[\"https:\/\/marekkuchcinski.pl\/en\/wydarzenia\/nowa-perspektywa-bieszczad-zobaczymy-je-z-wagonika-kolejki-linowej-nad-solina\/\"]}]},{\"@type\":\"ImageObject\",\"inLanguage\":\"ro-RO\",\"@id\":\"https:\/\/marekkuchcinski.pl\/en\/wydarzenia\/nowa-perspektywa-bieszczad-zobaczymy-je-z-wagonika-kolejki-linowej-nad-solina\/#primaryimage\",\"url\":\"https:\/\/marekkuchcinski.pl\/wp-content\/uploads\/2021\/06\/206743126_1401004690273542_7275680785192714772_n.jpg\",\"contentUrl\":\"https:\/\/marekkuchcinski.pl\/wp-content\/uploads\/2021\/06\/206743126_1401004690273542_7275680785192714772_n.jpg\",\"width\":1620,\"height\":1080},{\"@type\":\"BreadcrumbList\",\"@id\":\"https:\/\/marekkuchcinski.pl\/en\/wydarzenia\/nowa-perspektywa-bieszczad-zobaczymy-je-z-wagonika-kolejki-linowej-nad-solina\/#breadcrumb\",\"itemListElement\":[{\"@type\":\"ListItem\",\"position\":1,\"name\":\"Strona g\u0142\u00f3wna\",\"item\":\"https:\/\/marekkuchcinski.pl\/\"},{\"@type\":\"ListItem\",\"position\":2,\"name\":\"Nowa perspektywa Bieszczad \u2013 zobaczymy je z wagonika kolejki linowej nad Solin\u0105\"}]},{\"@type\":\"WebSite\",\"@id\":\"https:\/\/marekkuchcinski.pl\/#website\",\"url\":\"https:\/\/marekkuchcinski.pl\/\",\"name\":\"Marek Kuchci\u0144ski\",\"description\":\"Pose\u0142 na sejm RP &ndash; okr\u0119g nr 22\",\"publisher\":{\"@id\":\"https:\/\/marekkuchcinski.pl\/#organization\"},\"potentialAction\":[{\"@type\":\"SearchAction\",\"target\":{\"@type\":\"EntryPoint\",\"urlTemplate\":\"https:\/\/marekkuchcinski.pl\/?s={search_term_string}\"},\"query-input\":{\"@type\":\"PropertyValueSpecification\",\"valueRequired\":true,\"valueName\":\"search_term_string\"}}],\"inLanguage\":\"ro-RO\"},{\"@type\":\"Organization\",\"@id\":\"https:\/\/marekkuchcinski.pl\/#organization\",\"name\":\"Marek Kuchci\u0144ski\",\"url\":\"https:\/\/marekkuchcinski.pl\/\",\"logo\":{\"@type\":\"ImageObject\",\"inLanguage\":\"ro-RO\",\"@id\":\"https:\/\/marekkuchcinski.pl\/#\/schema\/logo\/image\/\",\"url\":\"https:\/\/marekkuchcinski.pl\/wp-content\/uploads\/2022\/09\/Marek.jpg\",\"contentUrl\":\"https:\/\/marekkuchcinski.pl\/wp-content\/uploads\/2022\/09\/Marek.jpg\",\"width\":1600,\"height\":971,\"caption\":\"Marek Kuchci\u0144ski\"},\"image\":{\"@id\":\"https:\/\/marekkuchcinski.pl\/#\/schema\/logo\/image\/\"}},{\"@type\":\"Person\",\"@id\":\"https:\/\/marekkuchcinski.pl\/#\/schema\/person\/51d5d4ee3b5317b8e4dd2b48af359229\",\"name\":\"Marta Olejnik\",\"image\":{\"@type\":\"ImageObject\",\"inLanguage\":\"ro-RO\",\"@id\":\"https:\/\/marekkuchcinski.pl\/#\/schema\/person\/image\/\",\"url\":\"https:\/\/secure.gravatar.com\/avatar\/e39914b2aa6a48959e24d475b5dc9793?s=96&d=mm&r=g\",\"contentUrl\":\"https:\/\/secure.gravatar.com\/avatar\/e39914b2aa6a48959e24d475b5dc9793?s=96&d=mm&r=g\",\"caption\":\"Marta Olejnik\"},\"url\":\"https:\/\/marekkuchcinski.pl\/ro\/author\/marta\/\"}]}<\/script>\n<!-- \/ Yoast SEO plugin. -->","yoast_head_json":{"title":"Nowa perspektywa Bieszczad \u2013 zobaczymy je z wagonika kolejki linowej nad Solin\u0105 &#8211; Marek Kuchci\u0144ski","robots":{"index":"index","follow":"follow","max-snippet":"max-snippet:-1","max-image-preview":"max-image-preview:large","max-video-preview":"max-video-preview:-1"},"canonical":"https:\/\/marekkuchcinski.pl\/ro\/wydarzenia\/nowa-perspektywa-bieszczad-zobaczymy-je-z-wagonika-kolejki-linowej-nad-solina\/","og_locale":"ro_RO","og_type":"article","og_title":"Nowa perspektywa Bieszczad \u2013 zobaczymy je z wagonika kolejki linowej nad Solin\u0105 &#8211; Marek Kuchci\u0144ski","og_description":"Ju\u017c niebawem zobaczymy Podkarpacie z zupe\u0142nie nowej perspektywy \u2013 okna kolei linowej nad soli\u0144sk\u0105 zapor\u0105 uka\u017c\u0105 nam panoram\u0119 Bieszczad. A gdy dotrzemy na g\u00f3r\u0119 Jawor, sp\u0119dzimy czas w ci\u0105gn\u0105cym si\u0119 3 km parku tematycznym \u2013 w\u015br\u00f3d zjawiskowej przyrody, miejscowych legend i innych atrakcji \u2013 m\u00f3wi\u0142 Marek Kuchci\u0144ski podczas prezentacji budowy kolei gondolowej i wie\u017cy widokowej [&hellip;]","og_url":"https:\/\/marekkuchcinski.pl\/ro\/wydarzenia\/nowa-perspektywa-bieszczad-zobaczymy-je-z-wagonika-kolejki-linowej-nad-solina\/","og_site_name":"Marek Kuchci\u0144ski","article_published_time":"2021-06-25T12:25:05+00:00","article_modified_time":"2021-06-25T12:33:18+00:00","og_image":[{"width":1620,"height":1080,"url":"https:\/\/marekkuchcinski.pl\/wp-content\/uploads\/2021\/06\/206743126_1401004690273542_7275680785192714772_n.jpg","type":"image\/jpeg"}],"author":"Marta Olejnik","twitter_card":"summary_large_image","twitter_misc":{"Scris de":"Marta Olejnik","Timp estimat pentru citire":"3 minutes"},"schema":{"@context":"https:\/\/schema.org","@graph":[{"@type":"Article","@id":"https:\/\/marekkuchcinski.pl\/en\/wydarzenia\/nowa-perspektywa-bieszczad-zobaczymy-je-z-wagonika-kolejki-linowej-nad-solina\/#article","isPartOf":{"@id":"https:\/\/marekkuchcinski.pl\/en\/wydarzenia\/nowa-perspektywa-bieszczad-zobaczymy-je-z-wagonika-kolejki-linowej-nad-solina\/"},"author":{"name":"Marta Olejnik","@id":"https:\/\/marekkuchcinski.pl\/#\/schema\/person\/51d5d4ee3b5317b8e4dd2b48af359229"},"headline":"Nowa perspektywa Bieszczad \u2013 zobaczymy je z wagonika kolejki linowej nad Solin\u0105","datePublished":"2021-06-25T12:25:05+00:00","dateModified":"2021-06-25T12:33:18+00:00","mainEntityOfPage":{"@id":"https:\/\/marekkuchcinski.pl\/en\/wydarzenia\/nowa-perspektywa-bieszczad-zobaczymy-je-z-wagonika-kolejki-linowej-nad-solina\/"},"wordCount":291,"commentCount":0,"publisher":{"@id":"https:\/\/marekkuchcinski.pl\/#organization"},"image":{"@id":"https:\/\/marekkuchcinski.pl\/en\/wydarzenia\/nowa-perspektywa-bieszczad-zobaczymy-je-z-wagonika-kolejki-linowej-nad-solina\/#primaryimage"},"thumbnailUrl":"https:\/\/marekkuchcinski.pl\/wp-content\/uploads\/2021\/06\/206743126_1401004690273542_7275680785192714772_n.jpg","articleSection":["Podkarpacie","Wydarzenia"],"inLanguage":"ro-RO","potentialAction":[{"@type":"CommentAction","name":"Comment","target":["https:\/\/marekkuchcinski.pl\/en\/wydarzenia\/nowa-perspektywa-bieszczad-zobaczymy-je-z-wagonika-kolejki-linowej-nad-solina\/#respond"]}]},{"@type":"WebPage","@id":"https:\/\/marekkuchcinski.pl\/en\/wydarzenia\/nowa-perspektywa-bieszczad-zobaczymy-je-z-wagonika-kolejki-linowej-nad-solina\/","url":"https:\/\/marekkuchcinski.pl\/en\/wydarzenia\/nowa-perspektywa-bieszczad-zobaczymy-je-z-wagonika-kolejki-linowej-nad-solina\/","name":"Nowa perspektywa Bieszczad \u2013 zobaczymy je z wagonika kolejki linowej nad Solin\u0105 &#8211; Marek Kuchci\u0144ski","isPartOf":{"@id":"https:\/\/marekkuchcinski.pl\/#website"},"primaryImageOfPage":{"@id":"https:\/\/marekkuchcinski.pl\/en\/wydarzenia\/nowa-perspektywa-bieszczad-zobaczymy-je-z-wagonika-kolejki-linowej-nad-solina\/#primaryimage"},"image":{"@id":"https:\/\/marekkuchcinski.pl\/en\/wydarzenia\/nowa-perspektywa-bieszczad-zobaczymy-je-z-wagonika-kolejki-linowej-nad-solina\/#primaryimage"},"thumbnailUrl":"https:\/\/marekkuchcinski.pl\/wp-content\/uploads\/2021\/06\/206743126_1401004690273542_7275680785192714772_n.jpg","datePublished":"2021-06-25T12:25:05+00:00","dateModified":"2021-06-25T12:33:18+00:00","breadcrumb":{"@id":"https:\/\/marekkuchcinski.pl\/en\/wydarzenia\/nowa-perspektywa-bieszczad-zobaczymy-je-z-wagonika-kolejki-linowej-nad-solina\/#breadcrumb"},"inLanguage":"ro-RO","potentialAction":[{"@type":"ReadAction","target":["https:\/\/marekkuchcinski.pl\/en\/wydarzenia\/nowa-perspektywa-bieszczad-zobaczymy-je-z-wagonika-kolejki-linowej-nad-solina\/"]}]},{"@type":"ImageObject","inLanguage":"ro-RO","@id":"https:\/\/marekkuchcinski.pl\/en\/wydarzenia\/nowa-perspektywa-bieszczad-zobaczymy-je-z-wagonika-kolejki-linowej-nad-solina\/#primaryimage","url":"https:\/\/marekkuchcinski.pl\/wp-content\/uploads\/2021\/06\/206743126_1401004690273542_7275680785192714772_n.jpg","contentUrl":"https:\/\/marekkuchcinski.pl\/wp-content\/uploads\/2021\/06\/206743126_1401004690273542_7275680785192714772_n.jpg","width":1620,"height":1080},{"@type":"BreadcrumbList","@id":"https:\/\/marekkuchcinski.pl\/en\/wydarzenia\/nowa-perspektywa-bieszczad-zobaczymy-je-z-wagonika-kolejki-linowej-nad-solina\/#breadcrumb","itemListElement":[{"@type":"ListItem","position":1,"name":"Strona g\u0142\u00f3wna","item":"https:\/\/marekkuchcinski.pl\/"},{"@type":"ListItem","position":2,"name":"Nowa perspektywa Bieszczad \u2013 zobaczymy je z wagonika kolejki linowej nad Solin\u0105"}]},{"@type":"WebSite","@id":"https:\/\/marekkuchcinski.pl\/#website","url":"https:\/\/marekkuchcinski.pl\/","name":"Marek Kuchci\u0144ski","description":"Pose\u0142 na sejm RP &ndash; okr\u0119g nr 22","publisher":{"@id":"https:\/\/marekkuchcinski.pl\/#organization"},"potentialAction":[{"@type":"SearchAction","target":{"@type":"EntryPoint","urlTemplate":"https:\/\/marekkuchcinski.pl\/?s={search_term_string}"},"query-input":{"@type":"PropertyValueSpecification","valueRequired":true,"valueName":"search_term_string"}}],"inLanguage":"ro-RO"},{"@type":"Organization","@id":"https:\/\/marekkuchcinski.pl\/#organization","name":"Marek Kuchci\u0144ski","url":"https:\/\/marekkuchcinski.pl\/","logo":{"@type":"ImageObject","inLanguage":"ro-RO","@id":"https:\/\/marekkuchcinski.pl\/#\/schema\/logo\/image\/","url":"https:\/\/marekkuchcinski.pl\/wp-content\/uploads\/2022\/09\/Marek.jpg","contentUrl":"https:\/\/marekkuchcinski.pl\/wp-content\/uploads\/2022\/09\/Marek.jpg","width":1600,"height":971,"caption":"Marek Kuchci\u0144ski"},"image":{"@id":"https:\/\/marekkuchcinski.pl\/#\/schema\/logo\/image\/"}},{"@type":"Person","@id":"https:\/\/marekkuchcinski.pl\/#\/schema\/person\/51d5d4ee3b5317b8e4dd2b48af359229","name":"Marta Olejnik","image":{"@type":"ImageObject","inLanguage":"ro-RO","@id":"https:\/\/marekkuchcinski.pl\/#\/schema\/person\/image\/","url":"https:\/\/secure.gravatar.com\/avatar\/e39914b2aa6a48959e24d475b5dc9793?s=96&d=mm&r=g","contentUrl":"https:\/\/secure.gravatar.com\/avatar\/e39914b2aa6a48959e24d475b5dc9793?s=96&d=mm&r=g","caption":"Marta Olejnik"},"url":"https:\/\/marekkuchcinski.pl\/ro\/author\/marta\/"}]}},"_links":{"self":[{"href":"https:\/\/marekkuchcinski.pl\/ro\/wp-json\/wp\/v2\/posts\/22779","targetHints":{"allow":["GET"]}}],"collection":[{"href":"https:\/\/marekkuchcinski.pl\/ro\/wp-json\/wp\/v2\/posts"}],"about":[{"href":"https:\/\/marekkuchcinski.pl\/ro\/wp-json\/wp\/v2\/types\/post"}],"author":[{"embeddable":true,"href":"https:\/\/marekkuchcinski.pl\/ro\/wp-json\/wp\/v2\/users\/21"}],"replies":[{"embeddable":true,"href":"https:\/\/marekkuchcinski.pl\/ro\/wp-json\/wp\/v2\/comments?post=22779"}],"version-history":[{"count":5,"href":"https:\/\/marekkuchcinski.pl\/ro\/wp-json\/wp\/v2\/posts\/22779\/revisions"}],"predecessor-version":[{"id":22792,"href":"https:\/\/marekkuchcinski.pl\/ro\/wp-json\/wp\/v2\/posts\/22779\/revisions\/22792"}],"wp:featuredmedia":[{"embeddable":true,"href":"https:\/\/marekkuchcinski.pl\/ro\/wp-json\/wp\/v2\/media\/22788"}],"wp:attachment":[{"href":"https:\/\/marekkuchcinski.pl\/ro\/wp-json\/wp\/v2\/media?parent=22779"}],"wp:term":[{"taxonomy":"category","embeddable":true,"href":"https:\/\/marekkuchcinski.pl\/ro\/wp-json\/wp\/v2\/categories?post=22779"},{"taxonomy":"post_tag","embeddable":true,"href":"https:\/\/marekkuchcinski.pl\/ro\/wp-json\/wp\/v2\/tags?post=22779"}],"curies":[{"name":"wp","href":"https:\/\/api.w.org\/{rel}","templated":true}]}}