{"id":22482,"date":"2021-04-21T21:25:55","date_gmt":"2021-04-21T19:25:55","guid":{"rendered":"https:\/\/marekkuchcinski.pl\/?p=22482"},"modified":"2021-04-21T21:36:42","modified_gmt":"2021-04-21T19:36:42","slug":"ponad-174-mln-zl-dla-podkarpacia-w-ramach-rzadowego-funduszu-drog-samorzadowych-na-2021-rok","status":"publish","type":"post","link":"https:\/\/marekkuchcinski.pl\/ro\/wydarzenia\/ponad-174-mln-zl-dla-podkarpacia-w-ramach-rzadowego-funduszu-drog-samorzadowych-na-2021-rok\/","title":{"rendered":"Peste 174 de milioane de zlo\u021bi pentru Podkarpacie \u00een cadrul Fondului guvernamental pentru drumuri locale pentru 2021"},"content":{"rendered":"<div class=\"wp-block-image\"><figure class=\"aligncenter size-large\"><a href=\"https:\/\/marekkuchcinski.pl\/wp-content\/uploads\/2021\/04\/fundusz-rozwoju-drog-1-_podkarpackie_end.jpg\"><img fetchpriority=\"high\" decoding=\"async\" width=\"1024\" height=\"576\" src=\"https:\/\/marekkuchcinski.pl\/wp-content\/uploads\/2021\/04\/fundusz-rozwoju-drog-1-_podkarpackie_end-1024x576.jpg\" alt=\"\" class=\"wp-image-22497\" srcset=\"https:\/\/marekkuchcinski.pl\/wp-content\/uploads\/2021\/04\/fundusz-rozwoju-drog-1-_podkarpackie_end-1024x576.jpg 1024w, https:\/\/marekkuchcinski.pl\/wp-content\/uploads\/2021\/04\/fundusz-rozwoju-drog-1-_podkarpackie_end-300x169.jpg 300w, https:\/\/marekkuchcinski.pl\/wp-content\/uploads\/2021\/04\/fundusz-rozwoju-drog-1-_podkarpackie_end-768x432.jpg 768w, https:\/\/marekkuchcinski.pl\/wp-content\/uploads\/2021\/04\/fundusz-rozwoju-drog-1-_podkarpackie_end-1536x864.jpg 1536w, https:\/\/marekkuchcinski.pl\/wp-content\/uploads\/2021\/04\/fundusz-rozwoju-drog-1-_podkarpackie_end-16x9.jpg 16w, https:\/\/marekkuchcinski.pl\/wp-content\/uploads\/2021\/04\/fundusz-rozwoju-drog-1-_podkarpackie_end.jpg 1600w\" sizes=\"(max-width: 1024px) 100vw, 1024px\" \/><\/a><\/figure><\/div>\n\n\n\n<figure class=\"wp-block-table\"><table><tbody><tr><td><\/td><\/tr><\/tbody><\/table><\/figure>\n\n\n\n<p>Guvernul Lege \u0219i Justi\u021bie investe\u0219te \u00een infrastructura rutier\u0103! \u00cen ciuda \u00eembun\u0103t\u0103\u021birilor sistematice, starea drumurilor locale din Polonia este \u00eenc\u0103 una dintre principalele bariere care limiteaz\u0103 cre\u0219terea siguran\u021bei rutiere \u0219i reprezint\u0103 un factor care reduce activitatea economic\u0103, investi\u021biile \u0219i competitivitatea regiunilor \u0219i a centrelor economice individuale.<\/p>\n\n\n\n<p>Prin Legea din 23 octombrie 2018 privind Fondul de dezvoltare a drumurilor guvernamentale (Monitorul Oficial al anului 2020, pozi\u021bia 1430, cu modific\u0103rile ulterioare), a fost instituit un nou mecanism pentru a sprijini unit\u0103\u021bile administra\u021biei publice locale care implementeaz\u0103 investi\u021bii \u00een drumurile administra\u021biei publice locale. Fondul de dezvoltare a drumurilor guvernamentale (RFRD) este un instrument cuprinz\u0103tor pentru a sprijini implementarea sarcinilor pe drumurile administrate de unit\u0103\u021bile administra\u021biei locale. Scopul s\u0103u este de a accelera crearea unei infrastructuri rutiere moderne \u0219i sigure la nivel local, care reprezint\u0103 un element important pentru buna func\u021bionare \u0219i dezvoltare a economiei \u0219i contribuie la \u00eembun\u0103t\u0103\u021birea nivelului de trai al cet\u0103\u021benilor.<\/p>\n\n\n\n<p>\u00cenfiin\u021barea fondului vizeaz\u0103, de asemenea, \u00eembun\u0103t\u0103\u021birea siguran\u021bei rutiere \u0219i a parametrilor tehnici ai re\u021belei de drumuri locale, precum \u0219i \u00eembun\u0103t\u0103\u021birea \u0219i cre\u0219terea atractivit\u0103\u021bii \u0219i accesibilit\u0103\u021bii zonelor de investi\u021bii. \u00cen acela\u0219i timp, dezvoltarea infrastructurii rutiere locale constituie o m\u0103sur\u0103 complementar\u0103 ini\u021biativelor \u00eentreprinse la nivel na\u021bional \u00een ceea ce prive\u0219te construc\u021bia sistemului de autostr\u0103zi \u0219i drumuri expres, contribuind la crearea unui sistem de transport coerent \u0219i integrat.<\/p>\n\n\n\n<p>\u00cen cadrul RFRD, Voievodatul Podkarpackie va primi<strong> PLN 174 793 246, 94<\/strong>  \u00een 2021 . Mai jos sunt prezentate investi\u021biile pentru care vor fi alocate fondurile.<\/p>\n\n\n\n<div class=\"wp-block-file\"><a href=\"https:\/\/marekkuchcinski.pl\/wp-content\/uploads\/2021\/04\/1.-Powiaty-lista-podstawowa-RFRD-2021.pdf\">1.-Districts-basic-list-RFRD-2021<\/a><a href=\"https:\/\/marekkuchcinski.pl\/wp-content\/uploads\/2021\/04\/1.-Powiaty-lista-podstawowa-RFRD-2021.pdf\" class=\"wp-block-file__button\" download>Desc\u0103rca\u021bi<\/a><\/div>\n\n\n\n<div class=\"wp-block-file\"><a href=\"https:\/\/marekkuchcinski.pl\/wp-content\/uploads\/2021\/04\/2.-Gminy-lista-podstawowa-RFRD-20211.pdf\">2.-Gminy-lista-podstawowa-RFRD-20211<\/a><a href=\"https:\/\/marekkuchcinski.pl\/wp-content\/uploads\/2021\/04\/2.-Gminy-lista-podstawowa-RFRD-20211.pdf\" class=\"wp-block-file__button\" download>Desc\u0103rca\u021bi<\/a><\/div>\n\n\n\n<figure class=\"wp-block-table\"><table><tbody><tr><td><\/td><\/tr><\/tbody><\/table><\/figure>","protected":false},"excerpt":{"rendered":"<p>Rz\u0105d Prawa i Sprawiedliwo\u015bci inwestuje w infrastruktur\u0119 drogow\u0105! Pomimo systematycznej poprawy, stan polskich dr\u00f3g samorz\u0105dowych wci\u0105\u017c stanowi jedn\u0105 z podstawowych barier ograniczaj\u0105cych wzrost poziomu bezpiecze\u0144stwa ruchu drogowego, a tak\u017ce jest czynnikiem obni\u017caj\u0105cym aktywno\u015b\u0107 gospodarcz\u0105, inwestycyjn\u0105 oraz konkurencyjno\u015b\u0107 region\u00f3w i poszczeg\u00f3lnych o\u015brodk\u00f3w gospodarczych. Ustaw\u0105 z 23 pa\u017adziernika 2018 r. o Rz\u0105dowym Funduszu Rozwoju Dr\u00f3g&nbsp; (Dz. U. [&hellip;]<\/p>","protected":false},"author":21,"featured_media":22507,"comment_status":"open","ping_status":"open","sticky":false,"template":"","format":"standard","meta":{"ngg_post_thumbnail":0,"footnotes":""},"categories":[3],"tags":[],"class_list":["post-22482","post","type-post","status-publish","format-standard","has-post-thumbnail","hentry","category-wydarzenia"],"yoast_head":"<!-- This site is optimized with the Yoast SEO plugin v24.7 - https:\/\/yoast.com\/wordpress\/plugins\/seo\/ -->\n<title>Ponad 174 mln z\u0142 dla Podkarpacia w ramach Rz\u0105dowego Funduszu Dr\u00f3g Samorz\u0105dowych na 2021 rok &#8211; Marek Kuchci\u0144ski<\/title>\n<meta name=\"robots\" content=\"index, follow, max-snippet:-1, max-image-preview:large, max-video-preview:-1\" \/>\n<link rel=\"canonical\" href=\"https:\/\/marekkuchcinski.pl\/ro\/wydarzenia\/ponad-174-mln-zl-dla-podkarpacia-w-ramach-rzadowego-funduszu-drog-samorzadowych-na-2021-rok\/\" \/>\n<meta property=\"og:locale\" content=\"ro_RO\" \/>\n<meta property=\"og:type\" content=\"article\" \/>\n<meta property=\"og:title\" content=\"Ponad 174 mln z\u0142 dla Podkarpacia w ramach Rz\u0105dowego Funduszu Dr\u00f3g Samorz\u0105dowych na 2021 rok &#8211; Marek Kuchci\u0144ski\" \/>\n<meta property=\"og:description\" content=\"Rz\u0105d Prawa i Sprawiedliwo\u015bci inwestuje w infrastruktur\u0119 drogow\u0105! Pomimo systematycznej poprawy, stan polskich dr\u00f3g samorz\u0105dowych wci\u0105\u017c stanowi jedn\u0105 z podstawowych barier ograniczaj\u0105cych wzrost poziomu bezpiecze\u0144stwa ruchu drogowego, a tak\u017ce jest czynnikiem obni\u017caj\u0105cym aktywno\u015b\u0107 gospodarcz\u0105, inwestycyjn\u0105 oraz konkurencyjno\u015b\u0107 region\u00f3w i poszczeg\u00f3lnych o\u015brodk\u00f3w gospodarczych. Ustaw\u0105 z 23 pa\u017adziernika 2018 r. o Rz\u0105dowym Funduszu Rozwoju Dr\u00f3g&nbsp; (Dz. U. [&hellip;]\" \/>\n<meta property=\"og:url\" content=\"https:\/\/marekkuchcinski.pl\/ro\/wydarzenia\/ponad-174-mln-zl-dla-podkarpacia-w-ramach-rzadowego-funduszu-drog-samorzadowych-na-2021-rok\/\" \/>\n<meta property=\"og:site_name\" content=\"Marek Kuchci\u0144ski\" \/>\n<meta property=\"article:published_time\" content=\"2021-04-21T19:25:55+00:00\" \/>\n<meta property=\"article:modified_time\" content=\"2021-04-21T19:36:42+00:00\" \/>\n<meta property=\"og:image\" content=\"https:\/\/marekkuchcinski.pl\/wp-content\/uploads\/2021\/04\/1.png\" \/>\n\t<meta property=\"og:image:width\" content=\"704\" \/>\n\t<meta property=\"og:image:height\" content=\"431\" \/>\n\t<meta property=\"og:image:type\" content=\"image\/png\" \/>\n<meta name=\"author\" content=\"Marta Olejnik\" \/>\n<meta name=\"twitter:card\" content=\"summary_large_image\" \/>\n<meta name=\"twitter:label1\" content=\"Scris de\" \/>\n\t<meta name=\"twitter:data1\" content=\"Marta Olejnik\" \/>\n\t<meta name=\"twitter:label2\" content=\"Timp estimat pentru citire\" \/>\n\t<meta name=\"twitter:data2\" content=\"2 minutes\" \/>\n<script type=\"application\/ld+json\" class=\"yoast-schema-graph\">{\"@context\":\"https:\/\/schema.org\",\"@graph\":[{\"@type\":\"Article\",\"@id\":\"https:\/\/marekkuchcinski.pl\/uk\/wydarzenia\/ponad-174-mln-zl-dla-podkarpacia-w-ramach-rzadowego-funduszu-drog-samorzadowych-na-2021-rok\/#article\",\"isPartOf\":{\"@id\":\"https:\/\/marekkuchcinski.pl\/uk\/wydarzenia\/ponad-174-mln-zl-dla-podkarpacia-w-ramach-rzadowego-funduszu-drog-samorzadowych-na-2021-rok\/\"},\"author\":{\"name\":\"Marta Olejnik\",\"@id\":\"https:\/\/marekkuchcinski.pl\/#\/schema\/person\/51d5d4ee3b5317b8e4dd2b48af359229\"},\"headline\":\"Ponad 174 mln z\u0142 dla Podkarpacia w ramach Rz\u0105dowego Funduszu Dr\u00f3g Samorz\u0105dowych na 2021 rok\",\"datePublished\":\"2021-04-21T19:25:55+00:00\",\"dateModified\":\"2021-04-21T19:36:42+00:00\",\"mainEntityOfPage\":{\"@id\":\"https:\/\/marekkuchcinski.pl\/uk\/wydarzenia\/ponad-174-mln-zl-dla-podkarpacia-w-ramach-rzadowego-funduszu-drog-samorzadowych-na-2021-rok\/\"},\"wordCount\":262,\"commentCount\":0,\"publisher\":{\"@id\":\"https:\/\/marekkuchcinski.pl\/#organization\"},\"image\":{\"@id\":\"https:\/\/marekkuchcinski.pl\/uk\/wydarzenia\/ponad-174-mln-zl-dla-podkarpacia-w-ramach-rzadowego-funduszu-drog-samorzadowych-na-2021-rok\/#primaryimage\"},\"thumbnailUrl\":\"https:\/\/marekkuchcinski.pl\/wp-content\/uploads\/2021\/04\/1.png\",\"articleSection\":[\"Wydarzenia\"],\"inLanguage\":\"ro-RO\",\"potentialAction\":[{\"@type\":\"CommentAction\",\"name\":\"Comment\",\"target\":[\"https:\/\/marekkuchcinski.pl\/uk\/wydarzenia\/ponad-174-mln-zl-dla-podkarpacia-w-ramach-rzadowego-funduszu-drog-samorzadowych-na-2021-rok\/#respond\"]}]},{\"@type\":\"WebPage\",\"@id\":\"https:\/\/marekkuchcinski.pl\/uk\/wydarzenia\/ponad-174-mln-zl-dla-podkarpacia-w-ramach-rzadowego-funduszu-drog-samorzadowych-na-2021-rok\/\",\"url\":\"https:\/\/marekkuchcinski.pl\/uk\/wydarzenia\/ponad-174-mln-zl-dla-podkarpacia-w-ramach-rzadowego-funduszu-drog-samorzadowych-na-2021-rok\/\",\"name\":\"Ponad 174 mln z\u0142 dla Podkarpacia w ramach Rz\u0105dowego Funduszu Dr\u00f3g Samorz\u0105dowych na 2021 rok &#8211; Marek Kuchci\u0144ski\",\"isPartOf\":{\"@id\":\"https:\/\/marekkuchcinski.pl\/#website\"},\"primaryImageOfPage\":{\"@id\":\"https:\/\/marekkuchcinski.pl\/uk\/wydarzenia\/ponad-174-mln-zl-dla-podkarpacia-w-ramach-rzadowego-funduszu-drog-samorzadowych-na-2021-rok\/#primaryimage\"},\"image\":{\"@id\":\"https:\/\/marekkuchcinski.pl\/uk\/wydarzenia\/ponad-174-mln-zl-dla-podkarpacia-w-ramach-rzadowego-funduszu-drog-samorzadowych-na-2021-rok\/#primaryimage\"},\"thumbnailUrl\":\"https:\/\/marekkuchcinski.pl\/wp-content\/uploads\/2021\/04\/1.png\",\"datePublished\":\"2021-04-21T19:25:55+00:00\",\"dateModified\":\"2021-04-21T19:36:42+00:00\",\"breadcrumb\":{\"@id\":\"https:\/\/marekkuchcinski.pl\/uk\/wydarzenia\/ponad-174-mln-zl-dla-podkarpacia-w-ramach-rzadowego-funduszu-drog-samorzadowych-na-2021-rok\/#breadcrumb\"},\"inLanguage\":\"ro-RO\",\"potentialAction\":[{\"@type\":\"ReadAction\",\"target\":[\"https:\/\/marekkuchcinski.pl\/uk\/wydarzenia\/ponad-174-mln-zl-dla-podkarpacia-w-ramach-rzadowego-funduszu-drog-samorzadowych-na-2021-rok\/\"]}]},{\"@type\":\"ImageObject\",\"inLanguage\":\"ro-RO\",\"@id\":\"https:\/\/marekkuchcinski.pl\/uk\/wydarzenia\/ponad-174-mln-zl-dla-podkarpacia-w-ramach-rzadowego-funduszu-drog-samorzadowych-na-2021-rok\/#primaryimage\",\"url\":\"https:\/\/marekkuchcinski.pl\/wp-content\/uploads\/2021\/04\/1.png\",\"contentUrl\":\"https:\/\/marekkuchcinski.pl\/wp-content\/uploads\/2021\/04\/1.png\",\"width\":704,\"height\":431},{\"@type\":\"BreadcrumbList\",\"@id\":\"https:\/\/marekkuchcinski.pl\/uk\/wydarzenia\/ponad-174-mln-zl-dla-podkarpacia-w-ramach-rzadowego-funduszu-drog-samorzadowych-na-2021-rok\/#breadcrumb\",\"itemListElement\":[{\"@type\":\"ListItem\",\"position\":1,\"name\":\"Strona g\u0142\u00f3wna\",\"item\":\"https:\/\/marekkuchcinski.pl\/\"},{\"@type\":\"ListItem\",\"position\":2,\"name\":\"Ponad 174 mln z\u0142 dla Podkarpacia w ramach Rz\u0105dowego Funduszu Dr\u00f3g Samorz\u0105dowych na 2021 rok\"}]},{\"@type\":\"WebSite\",\"@id\":\"https:\/\/marekkuchcinski.pl\/#website\",\"url\":\"https:\/\/marekkuchcinski.pl\/\",\"name\":\"Marek Kuchci\u0144ski\",\"description\":\"Pose\u0142 na sejm RP &ndash; okr\u0119g nr 22\",\"publisher\":{\"@id\":\"https:\/\/marekkuchcinski.pl\/#organization\"},\"potentialAction\":[{\"@type\":\"SearchAction\",\"target\":{\"@type\":\"EntryPoint\",\"urlTemplate\":\"https:\/\/marekkuchcinski.pl\/?s={search_term_string}\"},\"query-input\":{\"@type\":\"PropertyValueSpecification\",\"valueRequired\":true,\"valueName\":\"search_term_string\"}}],\"inLanguage\":\"ro-RO\"},{\"@type\":\"Organization\",\"@id\":\"https:\/\/marekkuchcinski.pl\/#organization\",\"name\":\"Marek Kuchci\u0144ski\",\"url\":\"https:\/\/marekkuchcinski.pl\/\",\"logo\":{\"@type\":\"ImageObject\",\"inLanguage\":\"ro-RO\",\"@id\":\"https:\/\/marekkuchcinski.pl\/#\/schema\/logo\/image\/\",\"url\":\"https:\/\/marekkuchcinski.pl\/wp-content\/uploads\/2022\/09\/Marek.jpg\",\"contentUrl\":\"https:\/\/marekkuchcinski.pl\/wp-content\/uploads\/2022\/09\/Marek.jpg\",\"width\":1600,\"height\":971,\"caption\":\"Marek Kuchci\u0144ski\"},\"image\":{\"@id\":\"https:\/\/marekkuchcinski.pl\/#\/schema\/logo\/image\/\"}},{\"@type\":\"Person\",\"@id\":\"https:\/\/marekkuchcinski.pl\/#\/schema\/person\/51d5d4ee3b5317b8e4dd2b48af359229\",\"name\":\"Marta Olejnik\",\"image\":{\"@type\":\"ImageObject\",\"inLanguage\":\"ro-RO\",\"@id\":\"https:\/\/marekkuchcinski.pl\/#\/schema\/person\/image\/\",\"url\":\"https:\/\/secure.gravatar.com\/avatar\/e39914b2aa6a48959e24d475b5dc9793?s=96&d=mm&r=g\",\"contentUrl\":\"https:\/\/secure.gravatar.com\/avatar\/e39914b2aa6a48959e24d475b5dc9793?s=96&d=mm&r=g\",\"caption\":\"Marta Olejnik\"},\"url\":\"https:\/\/marekkuchcinski.pl\/ro\/author\/marta\/\"}]}<\/script>\n<!-- \/ Yoast SEO plugin. -->","yoast_head_json":{"title":"Ponad 174 mln z\u0142 dla Podkarpacia w ramach Rz\u0105dowego Funduszu Dr\u00f3g Samorz\u0105dowych na 2021 rok &#8211; Marek Kuchci\u0144ski","robots":{"index":"index","follow":"follow","max-snippet":"max-snippet:-1","max-image-preview":"max-image-preview:large","max-video-preview":"max-video-preview:-1"},"canonical":"https:\/\/marekkuchcinski.pl\/ro\/wydarzenia\/ponad-174-mln-zl-dla-podkarpacia-w-ramach-rzadowego-funduszu-drog-samorzadowych-na-2021-rok\/","og_locale":"ro_RO","og_type":"article","og_title":"Ponad 174 mln z\u0142 dla Podkarpacia w ramach Rz\u0105dowego Funduszu Dr\u00f3g Samorz\u0105dowych na 2021 rok &#8211; Marek Kuchci\u0144ski","og_description":"Rz\u0105d Prawa i Sprawiedliwo\u015bci inwestuje w infrastruktur\u0119 drogow\u0105! Pomimo systematycznej poprawy, stan polskich dr\u00f3g samorz\u0105dowych wci\u0105\u017c stanowi jedn\u0105 z podstawowych barier ograniczaj\u0105cych wzrost poziomu bezpiecze\u0144stwa ruchu drogowego, a tak\u017ce jest czynnikiem obni\u017caj\u0105cym aktywno\u015b\u0107 gospodarcz\u0105, inwestycyjn\u0105 oraz konkurencyjno\u015b\u0107 region\u00f3w i poszczeg\u00f3lnych o\u015brodk\u00f3w gospodarczych. Ustaw\u0105 z 23 pa\u017adziernika 2018 r. o Rz\u0105dowym Funduszu Rozwoju Dr\u00f3g&nbsp; (Dz. U. [&hellip;]","og_url":"https:\/\/marekkuchcinski.pl\/ro\/wydarzenia\/ponad-174-mln-zl-dla-podkarpacia-w-ramach-rzadowego-funduszu-drog-samorzadowych-na-2021-rok\/","og_site_name":"Marek Kuchci\u0144ski","article_published_time":"2021-04-21T19:25:55+00:00","article_modified_time":"2021-04-21T19:36:42+00:00","og_image":[{"width":704,"height":431,"url":"https:\/\/marekkuchcinski.pl\/wp-content\/uploads\/2021\/04\/1.png","type":"image\/png"}],"author":"Marta Olejnik","twitter_card":"summary_large_image","twitter_misc":{"Scris de":"Marta Olejnik","Timp estimat pentru citire":"2 minutes"},"schema":{"@context":"https:\/\/schema.org","@graph":[{"@type":"Article","@id":"https:\/\/marekkuchcinski.pl\/uk\/wydarzenia\/ponad-174-mln-zl-dla-podkarpacia-w-ramach-rzadowego-funduszu-drog-samorzadowych-na-2021-rok\/#article","isPartOf":{"@id":"https:\/\/marekkuchcinski.pl\/uk\/wydarzenia\/ponad-174-mln-zl-dla-podkarpacia-w-ramach-rzadowego-funduszu-drog-samorzadowych-na-2021-rok\/"},"author":{"name":"Marta Olejnik","@id":"https:\/\/marekkuchcinski.pl\/#\/schema\/person\/51d5d4ee3b5317b8e4dd2b48af359229"},"headline":"Ponad 174 mln z\u0142 dla Podkarpacia w ramach Rz\u0105dowego Funduszu Dr\u00f3g Samorz\u0105dowych na 2021 rok","datePublished":"2021-04-21T19:25:55+00:00","dateModified":"2021-04-21T19:36:42+00:00","mainEntityOfPage":{"@id":"https:\/\/marekkuchcinski.pl\/uk\/wydarzenia\/ponad-174-mln-zl-dla-podkarpacia-w-ramach-rzadowego-funduszu-drog-samorzadowych-na-2021-rok\/"},"wordCount":262,"commentCount":0,"publisher":{"@id":"https:\/\/marekkuchcinski.pl\/#organization"},"image":{"@id":"https:\/\/marekkuchcinski.pl\/uk\/wydarzenia\/ponad-174-mln-zl-dla-podkarpacia-w-ramach-rzadowego-funduszu-drog-samorzadowych-na-2021-rok\/#primaryimage"},"thumbnailUrl":"https:\/\/marekkuchcinski.pl\/wp-content\/uploads\/2021\/04\/1.png","articleSection":["Wydarzenia"],"inLanguage":"ro-RO","potentialAction":[{"@type":"CommentAction","name":"Comment","target":["https:\/\/marekkuchcinski.pl\/uk\/wydarzenia\/ponad-174-mln-zl-dla-podkarpacia-w-ramach-rzadowego-funduszu-drog-samorzadowych-na-2021-rok\/#respond"]}]},{"@type":"WebPage","@id":"https:\/\/marekkuchcinski.pl\/uk\/wydarzenia\/ponad-174-mln-zl-dla-podkarpacia-w-ramach-rzadowego-funduszu-drog-samorzadowych-na-2021-rok\/","url":"https:\/\/marekkuchcinski.pl\/uk\/wydarzenia\/ponad-174-mln-zl-dla-podkarpacia-w-ramach-rzadowego-funduszu-drog-samorzadowych-na-2021-rok\/","name":"Ponad 174 mln z\u0142 dla Podkarpacia w ramach Rz\u0105dowego Funduszu Dr\u00f3g Samorz\u0105dowych na 2021 rok &#8211; Marek Kuchci\u0144ski","isPartOf":{"@id":"https:\/\/marekkuchcinski.pl\/#website"},"primaryImageOfPage":{"@id":"https:\/\/marekkuchcinski.pl\/uk\/wydarzenia\/ponad-174-mln-zl-dla-podkarpacia-w-ramach-rzadowego-funduszu-drog-samorzadowych-na-2021-rok\/#primaryimage"},"image":{"@id":"https:\/\/marekkuchcinski.pl\/uk\/wydarzenia\/ponad-174-mln-zl-dla-podkarpacia-w-ramach-rzadowego-funduszu-drog-samorzadowych-na-2021-rok\/#primaryimage"},"thumbnailUrl":"https:\/\/marekkuchcinski.pl\/wp-content\/uploads\/2021\/04\/1.png","datePublished":"2021-04-21T19:25:55+00:00","dateModified":"2021-04-21T19:36:42+00:00","breadcrumb":{"@id":"https:\/\/marekkuchcinski.pl\/uk\/wydarzenia\/ponad-174-mln-zl-dla-podkarpacia-w-ramach-rzadowego-funduszu-drog-samorzadowych-na-2021-rok\/#breadcrumb"},"inLanguage":"ro-RO","potentialAction":[{"@type":"ReadAction","target":["https:\/\/marekkuchcinski.pl\/uk\/wydarzenia\/ponad-174-mln-zl-dla-podkarpacia-w-ramach-rzadowego-funduszu-drog-samorzadowych-na-2021-rok\/"]}]},{"@type":"ImageObject","inLanguage":"ro-RO","@id":"https:\/\/marekkuchcinski.pl\/uk\/wydarzenia\/ponad-174-mln-zl-dla-podkarpacia-w-ramach-rzadowego-funduszu-drog-samorzadowych-na-2021-rok\/#primaryimage","url":"https:\/\/marekkuchcinski.pl\/wp-content\/uploads\/2021\/04\/1.png","contentUrl":"https:\/\/marekkuchcinski.pl\/wp-content\/uploads\/2021\/04\/1.png","width":704,"height":431},{"@type":"BreadcrumbList","@id":"https:\/\/marekkuchcinski.pl\/uk\/wydarzenia\/ponad-174-mln-zl-dla-podkarpacia-w-ramach-rzadowego-funduszu-drog-samorzadowych-na-2021-rok\/#breadcrumb","itemListElement":[{"@type":"ListItem","position":1,"name":"Strona g\u0142\u00f3wna","item":"https:\/\/marekkuchcinski.pl\/"},{"@type":"ListItem","position":2,"name":"Ponad 174 mln z\u0142 dla Podkarpacia w ramach Rz\u0105dowego Funduszu Dr\u00f3g Samorz\u0105dowych na 2021 rok"}]},{"@type":"WebSite","@id":"https:\/\/marekkuchcinski.pl\/#website","url":"https:\/\/marekkuchcinski.pl\/","name":"Marek Kuchci\u0144ski","description":"Pose\u0142 na sejm RP &ndash; okr\u0119g nr 22","publisher":{"@id":"https:\/\/marekkuchcinski.pl\/#organization"},"potentialAction":[{"@type":"SearchAction","target":{"@type":"EntryPoint","urlTemplate":"https:\/\/marekkuchcinski.pl\/?s={search_term_string}"},"query-input":{"@type":"PropertyValueSpecification","valueRequired":true,"valueName":"search_term_string"}}],"inLanguage":"ro-RO"},{"@type":"Organization","@id":"https:\/\/marekkuchcinski.pl\/#organization","name":"Marek Kuchci\u0144ski","url":"https:\/\/marekkuchcinski.pl\/","logo":{"@type":"ImageObject","inLanguage":"ro-RO","@id":"https:\/\/marekkuchcinski.pl\/#\/schema\/logo\/image\/","url":"https:\/\/marekkuchcinski.pl\/wp-content\/uploads\/2022\/09\/Marek.jpg","contentUrl":"https:\/\/marekkuchcinski.pl\/wp-content\/uploads\/2022\/09\/Marek.jpg","width":1600,"height":971,"caption":"Marek Kuchci\u0144ski"},"image":{"@id":"https:\/\/marekkuchcinski.pl\/#\/schema\/logo\/image\/"}},{"@type":"Person","@id":"https:\/\/marekkuchcinski.pl\/#\/schema\/person\/51d5d4ee3b5317b8e4dd2b48af359229","name":"Marta Olejnik","image":{"@type":"ImageObject","inLanguage":"ro-RO","@id":"https:\/\/marekkuchcinski.pl\/#\/schema\/person\/image\/","url":"https:\/\/secure.gravatar.com\/avatar\/e39914b2aa6a48959e24d475b5dc9793?s=96&d=mm&r=g","contentUrl":"https:\/\/secure.gravatar.com\/avatar\/e39914b2aa6a48959e24d475b5dc9793?s=96&d=mm&r=g","caption":"Marta Olejnik"},"url":"https:\/\/marekkuchcinski.pl\/ro\/author\/marta\/"}]}},"_links":{"self":[{"href":"https:\/\/marekkuchcinski.pl\/ro\/wp-json\/wp\/v2\/posts\/22482","targetHints":{"allow":["GET"]}}],"collection":[{"href":"https:\/\/marekkuchcinski.pl\/ro\/wp-json\/wp\/v2\/posts"}],"about":[{"href":"https:\/\/marekkuchcinski.pl\/ro\/wp-json\/wp\/v2\/types\/post"}],"author":[{"embeddable":true,"href":"https:\/\/marekkuchcinski.pl\/ro\/wp-json\/wp\/v2\/users\/21"}],"replies":[{"embeddable":true,"href":"https:\/\/marekkuchcinski.pl\/ro\/wp-json\/wp\/v2\/comments?post=22482"}],"version-history":[{"count":15,"href":"https:\/\/marekkuchcinski.pl\/ro\/wp-json\/wp\/v2\/posts\/22482\/revisions"}],"predecessor-version":[{"id":22508,"href":"https:\/\/marekkuchcinski.pl\/ro\/wp-json\/wp\/v2\/posts\/22482\/revisions\/22508"}],"wp:featuredmedia":[{"embeddable":true,"href":"https:\/\/marekkuchcinski.pl\/ro\/wp-json\/wp\/v2\/media\/22507"}],"wp:attachment":[{"href":"https:\/\/marekkuchcinski.pl\/ro\/wp-json\/wp\/v2\/media?parent=22482"}],"wp:term":[{"taxonomy":"category","embeddable":true,"href":"https:\/\/marekkuchcinski.pl\/ro\/wp-json\/wp\/v2\/categories?post=22482"},{"taxonomy":"post_tag","embeddable":true,"href":"https:\/\/marekkuchcinski.pl\/ro\/wp-json\/wp\/v2\/tags?post=22482"}],"curies":[{"name":"wp","href":"https:\/\/api.w.org\/{rel}","templated":true}]}}