{"id":22309,"date":"2021-03-31T15:01:51","date_gmt":"2021-03-31T13:01:51","guid":{"rendered":"https:\/\/marekkuchcinski.pl\/?p=22309"},"modified":"2021-03-31T15:20:54","modified_gmt":"2021-03-31T13:20:54","slug":"prawie-140-mln-zl-dla-podkarpacia-w-ramach-rfil","status":"publish","type":"post","link":"https:\/\/marekkuchcinski.pl\/ro\/wydarzenia\/prawie-140-mln-zl-dla-podkarpacia-w-ramach-rfil\/","title":{"rendered":"Aproape 140 de milioane PLN pentru regiunea Podkarpackie \u00een cadrul RFIL"},"content":{"rendered":"<p>Guvernul Lege \u0219i Justi\u021bie sus\u021bine investi\u021biile locale, aproape de oameni!<strong><span style=\"color:#a3003a\" class=\"has-inline-color\"> Fondul de investi\u021bii locale al Guvernului<\/span><\/strong> reprezint\u0103 un sprijin nu numai pentru administra\u021biile locale, ci \u0219i pentru companiile care implementeaz\u0103 investi\u021biile \u0219i pentru locuitorii \u00een\u0219i\u0219i - utilizatorii noilor drumuri, parcuri sau persoanele care folosesc facilit\u0103\u021bile turistice \u0219i de recreere. Miliarde de zlo\u021bi au fost deja transferate c\u0103tre administra\u021biile locale din \u00eentreaga Polonie \u00een cadrul RFIL. De\u0219i Fondul este o injec\u021bie pentru investi\u021bii locale, efectele activit\u0103\u021bii sale pot fi globale. Investi\u021biile locale dau un impuls la dezvoltarea \u00eentregii \u021b\u0103ri.<\/p>\n\n\n\n<p>\u00cen cadrul RFIL, Voievodatul Podkarpackie va primi<strong> PLN 139 946 649, 80<\/strong>. Mai jos sunt prezentate investi\u021biile pentru care vor fi utilizate fondurile.<\/p>\n\n\n\n<div class=\"wp-block-file\"><a href=\"https:\/\/marekkuchcinski.pl\/wp-content\/uploads\/2021\/03\/Inwestycje.pdf\"><span style=\"color:#a91d65\" class=\"has-inline-color\"><strong>Investi\u021bii<\/strong><\/span><\/a><a href=\"https:\/\/marekkuchcinski.pl\/wp-content\/uploads\/2021\/03\/Inwestycje.pdf\" class=\"wp-block-file__button\" download>Desc\u0103rca\u021bi<\/a><\/div>\n\n\n\n<figure class=\"wp-block-image size-large\"><a href=\"https:\/\/marekkuchcinski.pl\/wp-content\/uploads\/2021\/03\/tressande-1-scaled.jpg\"><img fetchpriority=\"high\" decoding=\"async\" width=\"1024\" height=\"724\" src=\"https:\/\/marekkuchcinski.pl\/wp-content\/uploads\/2021\/03\/tressande-1-1024x724.jpg\" alt=\"\" class=\"wp-image-22320\" srcset=\"https:\/\/marekkuchcinski.pl\/wp-content\/uploads\/2021\/03\/tressande-1-1024x724.jpg 1024w, https:\/\/marekkuchcinski.pl\/wp-content\/uploads\/2021\/03\/tressande-1-300x212.jpg 300w, https:\/\/marekkuchcinski.pl\/wp-content\/uploads\/2021\/03\/tressande-1-768x543.jpg 768w, https:\/\/marekkuchcinski.pl\/wp-content\/uploads\/2021\/03\/tressande-1-1536x1086.jpg 1536w, https:\/\/marekkuchcinski.pl\/wp-content\/uploads\/2021\/03\/tressande-1-scaled.jpg 2048w, https:\/\/marekkuchcinski.pl\/wp-content\/uploads\/2021\/03\/tressande-1-16x12.jpg 16w\" sizes=\"(max-width: 1024px) 100vw, 1024px\" \/><\/a><\/figure>","protected":false},"excerpt":{"rendered":"<p>Rz\u0105d Prawa i Sprawiedliwo\u015bci wspiera lokalne, bliskie ludziom inwestycje! Rz\u0105dowy Fundusz Inwestycji Lokalnych to wsparcie nie tylko dla samorz\u0105d\u00f3w, ale te\u017c firm, kt\u00f3re realizuj\u0105 inwestycje oraz samych mieszka\u0144c\u00f3w \u2013 u\u017cytkownik\u00f3w nowych dr\u00f3g, park\u00f3w czy os\u00f3b korzystaj\u0105cych z obiekt\u00f3w turystyczno-rekreacyjnych. W ramach RFIL do samorz\u0105d\u00f3w w ca\u0142ej Polsce trafi\u0142y ju\u017c miliardy z\u0142otych. Cho\u0107 Fundusz to zastrzyk [&hellip;]<\/p>","protected":false},"author":21,"featured_media":22320,"comment_status":"open","ping_status":"open","sticky":false,"template":"","format":"standard","meta":{"ngg_post_thumbnail":0,"footnotes":""},"categories":[49,82,3],"tags":[],"class_list":["post-22309","post","type-post","status-publish","format-standard","has-post-thumbnail","hentry","category-podkarpacie","category-prawo-i-sprawiedliwosc","category-wydarzenia"],"yoast_head":"<!-- This site is optimized with the Yoast SEO plugin v24.7 - https:\/\/yoast.com\/wordpress\/plugins\/seo\/ -->\n<title>Prawie 140 mln z\u0142 dla Podkarpacia w ramach RFIL &#8211; Marek Kuchci\u0144ski<\/title>\n<meta name=\"robots\" content=\"index, follow, max-snippet:-1, max-image-preview:large, max-video-preview:-1\" \/>\n<link rel=\"canonical\" href=\"https:\/\/marekkuchcinski.pl\/ro\/wydarzenia\/prawie-140-mln-zl-dla-podkarpacia-w-ramach-rfil\/\" \/>\n<meta property=\"og:locale\" content=\"ro_RO\" \/>\n<meta property=\"og:type\" content=\"article\" \/>\n<meta property=\"og:title\" content=\"Prawie 140 mln z\u0142 dla Podkarpacia w ramach RFIL &#8211; Marek Kuchci\u0144ski\" \/>\n<meta property=\"og:description\" content=\"Rz\u0105d Prawa i Sprawiedliwo\u015bci wspiera lokalne, bliskie ludziom inwestycje! Rz\u0105dowy Fundusz Inwestycji Lokalnych to wsparcie nie tylko dla samorz\u0105d\u00f3w, ale te\u017c firm, kt\u00f3re realizuj\u0105 inwestycje oraz samych mieszka\u0144c\u00f3w \u2013 u\u017cytkownik\u00f3w nowych dr\u00f3g, park\u00f3w czy os\u00f3b korzystaj\u0105cych z obiekt\u00f3w turystyczno-rekreacyjnych. W ramach RFIL do samorz\u0105d\u00f3w w ca\u0142ej Polsce trafi\u0142y ju\u017c miliardy z\u0142otych. Cho\u0107 Fundusz to zastrzyk [&hellip;]\" \/>\n<meta property=\"og:url\" content=\"https:\/\/marekkuchcinski.pl\/ro\/wydarzenia\/prawie-140-mln-zl-dla-podkarpacia-w-ramach-rfil\/\" \/>\n<meta property=\"og:site_name\" content=\"Marek Kuchci\u0144ski\" \/>\n<meta property=\"article:published_time\" content=\"2021-03-31T13:01:51+00:00\" \/>\n<meta property=\"article:modified_time\" content=\"2021-03-31T13:20:54+00:00\" \/>\n<meta property=\"og:image\" content=\"https:\/\/marekkuchcinski.pl\/wp-content\/uploads\/2021\/03\/tressande-1-scaled.jpg\" \/>\n\t<meta property=\"og:image:width\" content=\"2048\" \/>\n\t<meta property=\"og:image:height\" content=\"1448\" \/>\n\t<meta property=\"og:image:type\" content=\"image\/jpeg\" \/>\n<meta name=\"author\" content=\"Marta Olejnik\" \/>\n<meta name=\"twitter:card\" content=\"summary_large_image\" \/>\n<meta name=\"twitter:label1\" content=\"Scris de\" \/>\n\t<meta name=\"twitter:data1\" content=\"Marta Olejnik\" \/>\n\t<meta name=\"twitter:label2\" content=\"Timp estimat pentru citire\" \/>\n\t<meta name=\"twitter:data2\" content=\"1 minute\" \/>\n<script type=\"application\/ld+json\" class=\"yoast-schema-graph\">{\"@context\":\"https:\/\/schema.org\",\"@graph\":[{\"@type\":\"Article\",\"@id\":\"https:\/\/marekkuchcinski.pl\/wydarzenia\/prawie-140-mln-zl-dla-podkarpacia-w-ramach-rfil\/#article\",\"isPartOf\":{\"@id\":\"https:\/\/marekkuchcinski.pl\/wydarzenia\/prawie-140-mln-zl-dla-podkarpacia-w-ramach-rfil\/\"},\"author\":{\"name\":\"Marta Olejnik\",\"@id\":\"https:\/\/marekkuchcinski.pl\/#\/schema\/person\/51d5d4ee3b5317b8e4dd2b48af359229\"},\"headline\":\"Prawie 140 mln z\u0142 dla Podkarpacia w ramach RFIL\",\"datePublished\":\"2021-03-31T13:01:51+00:00\",\"dateModified\":\"2021-03-31T13:20:54+00:00\",\"mainEntityOfPage\":{\"@id\":\"https:\/\/marekkuchcinski.pl\/wydarzenia\/prawie-140-mln-zl-dla-podkarpacia-w-ramach-rfil\/\"},\"wordCount\":120,\"commentCount\":0,\"publisher\":{\"@id\":\"https:\/\/marekkuchcinski.pl\/#organization\"},\"image\":{\"@id\":\"https:\/\/marekkuchcinski.pl\/wydarzenia\/prawie-140-mln-zl-dla-podkarpacia-w-ramach-rfil\/#primaryimage\"},\"thumbnailUrl\":\"https:\/\/marekkuchcinski.pl\/wp-content\/uploads\/2021\/03\/tressande-1-scaled.jpg\",\"articleSection\":[\"Podkarpacie\",\"Prawo i Sprawiedliwo\u015b\u0107\",\"Wydarzenia\"],\"inLanguage\":\"ro-RO\",\"potentialAction\":[{\"@type\":\"CommentAction\",\"name\":\"Comment\",\"target\":[\"https:\/\/marekkuchcinski.pl\/wydarzenia\/prawie-140-mln-zl-dla-podkarpacia-w-ramach-rfil\/#respond\"]}]},{\"@type\":\"WebPage\",\"@id\":\"https:\/\/marekkuchcinski.pl\/wydarzenia\/prawie-140-mln-zl-dla-podkarpacia-w-ramach-rfil\/\",\"url\":\"https:\/\/marekkuchcinski.pl\/wydarzenia\/prawie-140-mln-zl-dla-podkarpacia-w-ramach-rfil\/\",\"name\":\"Prawie 140 mln z\u0142 dla Podkarpacia w ramach RFIL &#8211; Marek Kuchci\u0144ski\",\"isPartOf\":{\"@id\":\"https:\/\/marekkuchcinski.pl\/#website\"},\"primaryImageOfPage\":{\"@id\":\"https:\/\/marekkuchcinski.pl\/wydarzenia\/prawie-140-mln-zl-dla-podkarpacia-w-ramach-rfil\/#primaryimage\"},\"image\":{\"@id\":\"https:\/\/marekkuchcinski.pl\/wydarzenia\/prawie-140-mln-zl-dla-podkarpacia-w-ramach-rfil\/#primaryimage\"},\"thumbnailUrl\":\"https:\/\/marekkuchcinski.pl\/wp-content\/uploads\/2021\/03\/tressande-1-scaled.jpg\",\"datePublished\":\"2021-03-31T13:01:51+00:00\",\"dateModified\":\"2021-03-31T13:20:54+00:00\",\"breadcrumb\":{\"@id\":\"https:\/\/marekkuchcinski.pl\/wydarzenia\/prawie-140-mln-zl-dla-podkarpacia-w-ramach-rfil\/#breadcrumb\"},\"inLanguage\":\"ro-RO\",\"potentialAction\":[{\"@type\":\"ReadAction\",\"target\":[\"https:\/\/marekkuchcinski.pl\/wydarzenia\/prawie-140-mln-zl-dla-podkarpacia-w-ramach-rfil\/\"]}]},{\"@type\":\"ImageObject\",\"inLanguage\":\"ro-RO\",\"@id\":\"https:\/\/marekkuchcinski.pl\/wydarzenia\/prawie-140-mln-zl-dla-podkarpacia-w-ramach-rfil\/#primaryimage\",\"url\":\"https:\/\/marekkuchcinski.pl\/wp-content\/uploads\/2021\/03\/tressande-1-scaled.jpg\",\"contentUrl\":\"https:\/\/marekkuchcinski.pl\/wp-content\/uploads\/2021\/03\/tressande-1-scaled.jpg\",\"width\":2048,\"height\":1448},{\"@type\":\"BreadcrumbList\",\"@id\":\"https:\/\/marekkuchcinski.pl\/wydarzenia\/prawie-140-mln-zl-dla-podkarpacia-w-ramach-rfil\/#breadcrumb\",\"itemListElement\":[{\"@type\":\"ListItem\",\"position\":1,\"name\":\"Strona g\u0142\u00f3wna\",\"item\":\"https:\/\/marekkuchcinski.pl\/\"},{\"@type\":\"ListItem\",\"position\":2,\"name\":\"Prawie 140 mln z\u0142 dla Podkarpacia w ramach RFIL\"}]},{\"@type\":\"WebSite\",\"@id\":\"https:\/\/marekkuchcinski.pl\/#website\",\"url\":\"https:\/\/marekkuchcinski.pl\/\",\"name\":\"Marek Kuchci\u0144ski\",\"description\":\"Pose\u0142 na sejm RP &ndash; okr\u0119g nr 22\",\"publisher\":{\"@id\":\"https:\/\/marekkuchcinski.pl\/#organization\"},\"potentialAction\":[{\"@type\":\"SearchAction\",\"target\":{\"@type\":\"EntryPoint\",\"urlTemplate\":\"https:\/\/marekkuchcinski.pl\/?s={search_term_string}\"},\"query-input\":{\"@type\":\"PropertyValueSpecification\",\"valueRequired\":true,\"valueName\":\"search_term_string\"}}],\"inLanguage\":\"ro-RO\"},{\"@type\":\"Organization\",\"@id\":\"https:\/\/marekkuchcinski.pl\/#organization\",\"name\":\"Marek Kuchci\u0144ski\",\"url\":\"https:\/\/marekkuchcinski.pl\/\",\"logo\":{\"@type\":\"ImageObject\",\"inLanguage\":\"ro-RO\",\"@id\":\"https:\/\/marekkuchcinski.pl\/#\/schema\/logo\/image\/\",\"url\":\"https:\/\/marekkuchcinski.pl\/wp-content\/uploads\/2022\/09\/Marek.jpg\",\"contentUrl\":\"https:\/\/marekkuchcinski.pl\/wp-content\/uploads\/2022\/09\/Marek.jpg\",\"width\":1600,\"height\":971,\"caption\":\"Marek Kuchci\u0144ski\"},\"image\":{\"@id\":\"https:\/\/marekkuchcinski.pl\/#\/schema\/logo\/image\/\"}},{\"@type\":\"Person\",\"@id\":\"https:\/\/marekkuchcinski.pl\/#\/schema\/person\/51d5d4ee3b5317b8e4dd2b48af359229\",\"name\":\"Marta Olejnik\",\"image\":{\"@type\":\"ImageObject\",\"inLanguage\":\"ro-RO\",\"@id\":\"https:\/\/marekkuchcinski.pl\/#\/schema\/person\/image\/\",\"url\":\"https:\/\/secure.gravatar.com\/avatar\/e39914b2aa6a48959e24d475b5dc9793?s=96&d=mm&r=g\",\"contentUrl\":\"https:\/\/secure.gravatar.com\/avatar\/e39914b2aa6a48959e24d475b5dc9793?s=96&d=mm&r=g\",\"caption\":\"Marta Olejnik\"},\"url\":\"https:\/\/marekkuchcinski.pl\/ro\/author\/marta\/\"}]}<\/script>\n<!-- \/ Yoast SEO plugin. -->","yoast_head_json":{"title":"Prawie 140 mln z\u0142 dla Podkarpacia w ramach RFIL &#8211; Marek Kuchci\u0144ski","robots":{"index":"index","follow":"follow","max-snippet":"max-snippet:-1","max-image-preview":"max-image-preview:large","max-video-preview":"max-video-preview:-1"},"canonical":"https:\/\/marekkuchcinski.pl\/ro\/wydarzenia\/prawie-140-mln-zl-dla-podkarpacia-w-ramach-rfil\/","og_locale":"ro_RO","og_type":"article","og_title":"Prawie 140 mln z\u0142 dla Podkarpacia w ramach RFIL &#8211; Marek Kuchci\u0144ski","og_description":"Rz\u0105d Prawa i Sprawiedliwo\u015bci wspiera lokalne, bliskie ludziom inwestycje! Rz\u0105dowy Fundusz Inwestycji Lokalnych to wsparcie nie tylko dla samorz\u0105d\u00f3w, ale te\u017c firm, kt\u00f3re realizuj\u0105 inwestycje oraz samych mieszka\u0144c\u00f3w \u2013 u\u017cytkownik\u00f3w nowych dr\u00f3g, park\u00f3w czy os\u00f3b korzystaj\u0105cych z obiekt\u00f3w turystyczno-rekreacyjnych. W ramach RFIL do samorz\u0105d\u00f3w w ca\u0142ej Polsce trafi\u0142y ju\u017c miliardy z\u0142otych. Cho\u0107 Fundusz to zastrzyk [&hellip;]","og_url":"https:\/\/marekkuchcinski.pl\/ro\/wydarzenia\/prawie-140-mln-zl-dla-podkarpacia-w-ramach-rfil\/","og_site_name":"Marek Kuchci\u0144ski","article_published_time":"2021-03-31T13:01:51+00:00","article_modified_time":"2021-03-31T13:20:54+00:00","og_image":[{"width":2048,"height":1448,"url":"https:\/\/marekkuchcinski.pl\/wp-content\/uploads\/2021\/03\/tressande-1-scaled.jpg","type":"image\/jpeg"}],"author":"Marta Olejnik","twitter_card":"summary_large_image","twitter_misc":{"Scris de":"Marta Olejnik","Timp estimat pentru citire":"1 minute"},"schema":{"@context":"https:\/\/schema.org","@graph":[{"@type":"Article","@id":"https:\/\/marekkuchcinski.pl\/wydarzenia\/prawie-140-mln-zl-dla-podkarpacia-w-ramach-rfil\/#article","isPartOf":{"@id":"https:\/\/marekkuchcinski.pl\/wydarzenia\/prawie-140-mln-zl-dla-podkarpacia-w-ramach-rfil\/"},"author":{"name":"Marta Olejnik","@id":"https:\/\/marekkuchcinski.pl\/#\/schema\/person\/51d5d4ee3b5317b8e4dd2b48af359229"},"headline":"Prawie 140 mln z\u0142 dla Podkarpacia w ramach RFIL","datePublished":"2021-03-31T13:01:51+00:00","dateModified":"2021-03-31T13:20:54+00:00","mainEntityOfPage":{"@id":"https:\/\/marekkuchcinski.pl\/wydarzenia\/prawie-140-mln-zl-dla-podkarpacia-w-ramach-rfil\/"},"wordCount":120,"commentCount":0,"publisher":{"@id":"https:\/\/marekkuchcinski.pl\/#organization"},"image":{"@id":"https:\/\/marekkuchcinski.pl\/wydarzenia\/prawie-140-mln-zl-dla-podkarpacia-w-ramach-rfil\/#primaryimage"},"thumbnailUrl":"https:\/\/marekkuchcinski.pl\/wp-content\/uploads\/2021\/03\/tressande-1-scaled.jpg","articleSection":["Podkarpacie","Prawo i Sprawiedliwo\u015b\u0107","Wydarzenia"],"inLanguage":"ro-RO","potentialAction":[{"@type":"CommentAction","name":"Comment","target":["https:\/\/marekkuchcinski.pl\/wydarzenia\/prawie-140-mln-zl-dla-podkarpacia-w-ramach-rfil\/#respond"]}]},{"@type":"WebPage","@id":"https:\/\/marekkuchcinski.pl\/wydarzenia\/prawie-140-mln-zl-dla-podkarpacia-w-ramach-rfil\/","url":"https:\/\/marekkuchcinski.pl\/wydarzenia\/prawie-140-mln-zl-dla-podkarpacia-w-ramach-rfil\/","name":"Prawie 140 mln z\u0142 dla Podkarpacia w ramach RFIL &#8211; Marek Kuchci\u0144ski","isPartOf":{"@id":"https:\/\/marekkuchcinski.pl\/#website"},"primaryImageOfPage":{"@id":"https:\/\/marekkuchcinski.pl\/wydarzenia\/prawie-140-mln-zl-dla-podkarpacia-w-ramach-rfil\/#primaryimage"},"image":{"@id":"https:\/\/marekkuchcinski.pl\/wydarzenia\/prawie-140-mln-zl-dla-podkarpacia-w-ramach-rfil\/#primaryimage"},"thumbnailUrl":"https:\/\/marekkuchcinski.pl\/wp-content\/uploads\/2021\/03\/tressande-1-scaled.jpg","datePublished":"2021-03-31T13:01:51+00:00","dateModified":"2021-03-31T13:20:54+00:00","breadcrumb":{"@id":"https:\/\/marekkuchcinski.pl\/wydarzenia\/prawie-140-mln-zl-dla-podkarpacia-w-ramach-rfil\/#breadcrumb"},"inLanguage":"ro-RO","potentialAction":[{"@type":"ReadAction","target":["https:\/\/marekkuchcinski.pl\/wydarzenia\/prawie-140-mln-zl-dla-podkarpacia-w-ramach-rfil\/"]}]},{"@type":"ImageObject","inLanguage":"ro-RO","@id":"https:\/\/marekkuchcinski.pl\/wydarzenia\/prawie-140-mln-zl-dla-podkarpacia-w-ramach-rfil\/#primaryimage","url":"https:\/\/marekkuchcinski.pl\/wp-content\/uploads\/2021\/03\/tressande-1-scaled.jpg","contentUrl":"https:\/\/marekkuchcinski.pl\/wp-content\/uploads\/2021\/03\/tressande-1-scaled.jpg","width":2048,"height":1448},{"@type":"BreadcrumbList","@id":"https:\/\/marekkuchcinski.pl\/wydarzenia\/prawie-140-mln-zl-dla-podkarpacia-w-ramach-rfil\/#breadcrumb","itemListElement":[{"@type":"ListItem","position":1,"name":"Strona g\u0142\u00f3wna","item":"https:\/\/marekkuchcinski.pl\/"},{"@type":"ListItem","position":2,"name":"Prawie 140 mln z\u0142 dla Podkarpacia w ramach RFIL"}]},{"@type":"WebSite","@id":"https:\/\/marekkuchcinski.pl\/#website","url":"https:\/\/marekkuchcinski.pl\/","name":"Marek Kuchci\u0144ski","description":"Pose\u0142 na sejm RP &ndash; okr\u0119g nr 22","publisher":{"@id":"https:\/\/marekkuchcinski.pl\/#organization"},"potentialAction":[{"@type":"SearchAction","target":{"@type":"EntryPoint","urlTemplate":"https:\/\/marekkuchcinski.pl\/?s={search_term_string}"},"query-input":{"@type":"PropertyValueSpecification","valueRequired":true,"valueName":"search_term_string"}}],"inLanguage":"ro-RO"},{"@type":"Organization","@id":"https:\/\/marekkuchcinski.pl\/#organization","name":"Marek Kuchci\u0144ski","url":"https:\/\/marekkuchcinski.pl\/","logo":{"@type":"ImageObject","inLanguage":"ro-RO","@id":"https:\/\/marekkuchcinski.pl\/#\/schema\/logo\/image\/","url":"https:\/\/marekkuchcinski.pl\/wp-content\/uploads\/2022\/09\/Marek.jpg","contentUrl":"https:\/\/marekkuchcinski.pl\/wp-content\/uploads\/2022\/09\/Marek.jpg","width":1600,"height":971,"caption":"Marek Kuchci\u0144ski"},"image":{"@id":"https:\/\/marekkuchcinski.pl\/#\/schema\/logo\/image\/"}},{"@type":"Person","@id":"https:\/\/marekkuchcinski.pl\/#\/schema\/person\/51d5d4ee3b5317b8e4dd2b48af359229","name":"Marta Olejnik","image":{"@type":"ImageObject","inLanguage":"ro-RO","@id":"https:\/\/marekkuchcinski.pl\/#\/schema\/person\/image\/","url":"https:\/\/secure.gravatar.com\/avatar\/e39914b2aa6a48959e24d475b5dc9793?s=96&d=mm&r=g","contentUrl":"https:\/\/secure.gravatar.com\/avatar\/e39914b2aa6a48959e24d475b5dc9793?s=96&d=mm&r=g","caption":"Marta Olejnik"},"url":"https:\/\/marekkuchcinski.pl\/ro\/author\/marta\/"}]}},"_links":{"self":[{"href":"https:\/\/marekkuchcinski.pl\/ro\/wp-json\/wp\/v2\/posts\/22309","targetHints":{"allow":["GET"]}}],"collection":[{"href":"https:\/\/marekkuchcinski.pl\/ro\/wp-json\/wp\/v2\/posts"}],"about":[{"href":"https:\/\/marekkuchcinski.pl\/ro\/wp-json\/wp\/v2\/types\/post"}],"author":[{"embeddable":true,"href":"https:\/\/marekkuchcinski.pl\/ro\/wp-json\/wp\/v2\/users\/21"}],"replies":[{"embeddable":true,"href":"https:\/\/marekkuchcinski.pl\/ro\/wp-json\/wp\/v2\/comments?post=22309"}],"version-history":[{"count":7,"href":"https:\/\/marekkuchcinski.pl\/ro\/wp-json\/wp\/v2\/posts\/22309\/revisions"}],"predecessor-version":[{"id":22321,"href":"https:\/\/marekkuchcinski.pl\/ro\/wp-json\/wp\/v2\/posts\/22309\/revisions\/22321"}],"wp:featuredmedia":[{"embeddable":true,"href":"https:\/\/marekkuchcinski.pl\/ro\/wp-json\/wp\/v2\/media\/22320"}],"wp:attachment":[{"href":"https:\/\/marekkuchcinski.pl\/ro\/wp-json\/wp\/v2\/media?parent=22309"}],"wp:term":[{"taxonomy":"category","embeddable":true,"href":"https:\/\/marekkuchcinski.pl\/ro\/wp-json\/wp\/v2\/categories?post=22309"},{"taxonomy":"post_tag","embeddable":true,"href":"https:\/\/marekkuchcinski.pl\/ro\/wp-json\/wp\/v2\/tags?post=22309"}],"curies":[{"name":"wp","href":"https:\/\/api.w.org\/{rel}","templated":true}]}}