{"id":22299,"date":"2021-03-31T11:03:00","date_gmt":"2021-03-31T09:03:00","guid":{"rendered":"https:\/\/marekkuchcinski.pl\/?p=22299"},"modified":"2021-03-31T15:22:48","modified_gmt":"2021-03-31T13:22:48","slug":"spotkanie-przewodniczacych-komisji-spraw-zagranicznych-panstw-grupy-wyszehradzkiej-i-baltyckiej-trojki","status":"publish","type":"post","link":"https:\/\/marekkuchcinski.pl\/ro\/wydarzenia\/spotkanie-przewodniczacych-komisji-spraw-zagranicznych-panstw-grupy-wyszehradzkiej-i-baltyckiej-trojki\/","title":{"rendered":"Reuniunea pre\u0219edin\u021bilor comisiilor pentru afaceri externe ale Grupului de la Vi\u0219egrad \u0219i ale Trioului Baltic"},"content":{"rendered":"<p>La 29 martie a avut loc o reuniune a pre\u0219edin\u021bilor comisiilor pentru afaceri externe ale parlamentelor din \u021b\u0103rile Grupului de la Vi\u0219egrad \u0219i din \u021b\u0103rile Troicii baltice pentru a discuta despre situa\u021bia epidemic\u0103 actual\u0103 din regiune, cooperarea \u00een cadrul Ini\u021biativei trilaterale \u0219i situa\u021bia socio-politic\u0103 din Belarus.<\/p>\n\n\n\n<p>\u00cen timpul sesiunii privind COVID-19, pre\u0219edintele Comisiei pentru afaceri externe, Marek Kuchcinski, a raportat c\u0103, \u00een timpul primului val al pandemiei, Polonia s-a aflat \u00eentr-o situa\u021bie relativ bun\u0103, \u00een timp ce al doilea val s-a dovedit a fi mai periculos pentru \u021bar\u0103. El a ad\u0103ugat c\u0103, din cauza ratelor record de infec\u021bie \u00eenregistrate \u00een prezent, guvernul polonez a fost obligat s\u0103 introduc\u0103 reguli stricte de securitate. Pre\u0219edintele Kuchcinski a declarat c\u0103 vaccinarea a \u00eenceput \u00een Polonia \u00een luna decembrie a anului trecut \u0219i c\u0103 exist\u0103 peste 5.000 de puncte de vaccinare active care utilizeaz\u0103 trei tipuri de vaccin: AstraZeneca, Pfizer \u0219i Moderna. De asemenea, acesta a subliniat importan\u021ba combaterii dezinform\u0103rii cu privire la vaccinuri \u0219i a consolid\u0103rii cooper\u0103rii \u00een ceea ce prive\u0219te m\u0103surile medicale de combatere a pandemiei.<\/p>\n\n\n\n<p>Pre\u0219edintele Marek Kuchci\u0144ski a atras aten\u021bia asupra a dou\u0103 elemente importante ale cooper\u0103rii regionale bazate pe solidaritate. \u00cen primul r\u00e2nd, a reamintit existen\u021ba Centrului virtual de informare al Grupului de la Vi\u0219egrad privind COVID-19. \u00cen al doilea r\u00e2nd, a subliniat importan\u021ba ac\u021biunilor comune care vizeaz\u0103 direct combaterea pandemiei - primirea pacien\u021bilor cu COVID-19 din alte \u021b\u0103ri - subliniind c\u0103, \u00een prezent, pacien\u021bi din Slovacia \u0219i Republica Ceh\u0103 sunt caza\u021bi \u00een unit\u0103\u021bi din Polonia.<\/p>\n\n\n\n<p>Pre\u0219edintele Kuchci\u0144ski \u0219i-a \u00eencurajat partenerii s\u0103 elaboreze o pozi\u021bie comun\u0103 \u00een cadrul UE cu privire la problema efectelor interdic\u021biei privind ajutoarele de stat pentru antreprenori. <em>Aceast\u0103 situa\u021bie a pus pe umerii guvernelor noastre obliga\u021bia de a ajuta companiile aflate \u00een risc de faliment \u00een fa\u021ba unei interdic\u021bii administrative a activit\u0103\u021bilor lor normale (...) \u00cen prezent, peste 50% din subven\u021biile de la bugetul de stat acordate companiilor private din \u00eentreaga UE sunt subven\u021bii germane pentru companiile germane, 18% subven\u021bii franceze pentru companiile franceze, c\u00e2teva procente pentru companiile italiene \u0219i olandeze, restul \u021b\u0103rilor clas\u00e2ndu-se sub 1%. Niciuna dintre \u021b\u0103rile V4 + B3 nu este capabil\u0103 s\u0103 concureze cu bugetele germane sau franceze \u00een materie de subven\u021bii. <\/em>- a subliniat acesta \u00een discursul s\u0103u.<\/p>\n\n\n\n<p>Pre\u0219edintele Marek Kuchci\u0144ski i-a \u00eencurajat pe partenerii s\u0103i s\u0103 colaboreze pentru a preveni ca parlamentelor na\u021bionale s\u0103 li se retrag\u0103 alte competen\u021be prin transferuri extratratate c\u0103tre institu\u021biile UE sub pretextul c\u0103 trebuie s\u0103 coordoneze lupta \u00eempotriva unei pandemii.<\/p>\n\n\n\n<p>\u00cen cadrul celei de-a doua p\u0103r\u021bi a reuniunii dedicate Ini\u021biativei celor trei Mori (IT) \u0219i situa\u021biei din Belarus, pre\u0219edintele Marek Kuchci\u0144ski a reamintit c\u0103 la 18 noiembrie 2020. Camera Reprezentan\u021bilor a Congresului SUA a adoptat \u00een unanimitate \u0219i \u00een mod transpartinic o rezolu\u021bie care sprijin\u0103 Ini\u021biativa Trilateral\u0103 \u0219i a solicitat extinderea cooper\u0103rii aferente la Ucraina, Moldova \u0219i Balcanii de Vest. Prin urmare, pre\u0219edintele SZA a propus ca parlamentele statelor din Visegrad \u0219i din statele baltice s\u0103 ini\u021bieze \u0219i s\u0103 realizeze o rezolu\u021bie unanim\u0103 a parlamentelor tuturor \u021b\u0103rilor TI la urm\u0103torul summit al ini\u021biativei, care va avea loc \u00een iunie\/iulie 2021.<\/p>\n\n\n\n<p>Pre\u0219edintele Marek Kuchci\u0144ski a men\u021bionat autostrada Via Carpatia ca fiind un exemplu de investi\u021bii \u00een cadrul celor trei ora\u0219e. <em>Parlamentele statelor de la Vi\u0219egrad \u0219i ale statelor baltice ar trebui s\u0103 inspire guvernele lor s\u0103 finalizeze proiectul (...) Este deosebit de important pentru V4 s\u0103 finalizeze sec\u021biunea din Via Carpatia care trece prin Slovacia, f\u0103r\u0103 de care va fi imposibil s\u0103 se conecteze partea nordic\u0103 polono-baltic\u0103 a traseului cu partea sudic\u0103 maghiaro-rom\u00e2n\u0103-bulgar\u0103-greac\u0103\".<\/em> - a spus el.<\/p>\n\n\n\n<p>Eficien\u021ba re\u021belei de transport \u0219i comunica\u021bii \u0219i gestionarea schimburilor de bunuri \u0219i servicii au fost, de asemenea, abordate \u00een cadrul discu\u021biilor. <em>Urm\u00e2nd ideea autostr\u0103zii digitale baltice, ar trebui s\u0103 se ia \u00een considerare construirea unei autostr\u0103zi digitale nord-sud transcarpatice. Infrastructura digital\u0103 ar trebui s\u0103 ne conecteze<\/em> - a precizat pre\u0219edintele Marek Kuchci\u0144ski.<\/p>\n\n\n\n<p>Un alt subiect discutat a fost situa\u021bia minorit\u0103\u021bii poloneze \u0219i a mediilor democratice, care sunt de mult timp victime ale persecu\u021biei din partea regimului Luka\u0219enko din Belarus. To\u021bi vorbitorii \u0219i-au reafirmat sprijinul pentru reac\u021bii mai ferme la \u00eenc\u0103lc\u0103rile drepturilor fundamentale \u0219i ale libert\u0103\u021bilor civile \u0219i disponibilitatea de a ajuta cercurile independente din Belarus. H\u0103r\u021buirea \u00eendreptat\u0103 \u00eempotriva minorit\u0103\u021bii poloneze a fost condamnat\u0103 cu fermitate. \u00cen contextul cooper\u0103rii regionale \u00een fa\u021ba for\u021belor destabilizatoare din est, a fost abordat subiectul gazoductului Nord Stream 2. Acesta a fost v\u0103zut ca un proiect care saboteaz\u0103 eforturile \u021b\u0103rilor de la Marea Tripl\u0103 de a elibera flancul estic al UE de dependen\u021ba de gazul rusesc.<\/p>\n\n\n\n<p>La finalul reuniunii, participan\u021bii au considerat oportun\u0103 trimiterea unei scrisori c\u0103tre Camera Reprezentan\u021bilor din SUA \u00een leg\u0103tur\u0103 cu rezolu\u021bia adoptat\u0103 de aceasta \u00een noiembrie anul trecut, care sus\u021bine ini\u021biativa Tri-Moor de construire a unei infrastructuri moderne \u00een Europa Central\u0103. S-a sugerat ca reprezentan\u021bii SUA s\u0103 fie invita\u021bi la urm\u0103toarea reuniune trilateral\u0103 pentru a consolida angajamentul SUA fa\u021b\u0103 de aceast\u0103 ini\u021biativ\u0103.<\/p>\n\n\n\n<p>SM <\/p>\n\n\n\n<p><em>Foto: Anna Strzy\u017cak\/ Cancelaria Sejm-ului<\/em><\/p>\n\n\n\n<div class=\"wp-block-image\"><figure class=\"aligncenter size-large\"><a href=\"https:\/\/marekkuchcinski.pl\/wp-content\/uploads\/2021\/03\/AST_3071.jpg\"><img fetchpriority=\"high\" decoding=\"async\" width=\"1024\" height=\"683\" src=\"https:\/\/marekkuchcinski.pl\/wp-content\/uploads\/2021\/03\/AST_3071-1024x683.jpg\" alt=\"\" class=\"wp-image-22302\" srcset=\"https:\/\/marekkuchcinski.pl\/wp-content\/uploads\/2021\/03\/AST_3071-1024x683.jpg 1024w, https:\/\/marekkuchcinski.pl\/wp-content\/uploads\/2021\/03\/AST_3071-300x200.jpg 300w, https:\/\/marekkuchcinski.pl\/wp-content\/uploads\/2021\/03\/AST_3071-768x512.jpg 768w, https:\/\/marekkuchcinski.pl\/wp-content\/uploads\/2021\/03\/AST_3071-1536x1024.jpg 1536w, https:\/\/marekkuchcinski.pl\/wp-content\/uploads\/2021\/03\/AST_3071-16x12.jpg 16w, https:\/\/marekkuchcinski.pl\/wp-content\/uploads\/2021\/03\/AST_3071.jpg 1620w\" sizes=\"(max-width: 1024px) 100vw, 1024px\" \/><\/a><\/figure><\/div>\n\n\n\n<div class=\"wp-block-image\"><figure class=\"aligncenter size-large\"><a href=\"https:\/\/marekkuchcinski.pl\/wp-content\/uploads\/2021\/03\/AST_3119.jpg\"><img decoding=\"async\" width=\"1024\" height=\"683\" src=\"https:\/\/marekkuchcinski.pl\/wp-content\/uploads\/2021\/03\/AST_3119-1024x683.jpg\" alt=\"\" class=\"wp-image-22303\" srcset=\"https:\/\/marekkuchcinski.pl\/wp-content\/uploads\/2021\/03\/AST_3119-1024x683.jpg 1024w, https:\/\/marekkuchcinski.pl\/wp-content\/uploads\/2021\/03\/AST_3119-300x200.jpg 300w, https:\/\/marekkuchcinski.pl\/wp-content\/uploads\/2021\/03\/AST_3119-768x512.jpg 768w, https:\/\/marekkuchcinski.pl\/wp-content\/uploads\/2021\/03\/AST_3119-1536x1024.jpg 1536w, https:\/\/marekkuchcinski.pl\/wp-content\/uploads\/2021\/03\/AST_3119-16x12.jpg 16w, https:\/\/marekkuchcinski.pl\/wp-content\/uploads\/2021\/03\/AST_3119.jpg 1620w\" sizes=\"(max-width: 1024px) 100vw, 1024px\" \/><\/a><\/figure><\/div>\n\n\n\n<div class=\"wp-block-image\"><figure class=\"aligncenter size-large\"><a href=\"https:\/\/marekkuchcinski.pl\/wp-content\/uploads\/2021\/03\/AST_3125.jpg\"><img decoding=\"async\" width=\"1024\" height=\"683\" src=\"https:\/\/marekkuchcinski.pl\/wp-content\/uploads\/2021\/03\/AST_3125-1024x683.jpg\" alt=\"\" class=\"wp-image-22304\" srcset=\"https:\/\/marekkuchcinski.pl\/wp-content\/uploads\/2021\/03\/AST_3125-1024x683.jpg 1024w, https:\/\/marekkuchcinski.pl\/wp-content\/uploads\/2021\/03\/AST_3125-300x200.jpg 300w, https:\/\/marekkuchcinski.pl\/wp-content\/uploads\/2021\/03\/AST_3125-768x512.jpg 768w, https:\/\/marekkuchcinski.pl\/wp-content\/uploads\/2021\/03\/AST_3125-1536x1024.jpg 1536w, https:\/\/marekkuchcinski.pl\/wp-content\/uploads\/2021\/03\/AST_3125-16x12.jpg 16w, https:\/\/marekkuchcinski.pl\/wp-content\/uploads\/2021\/03\/AST_3125.jpg 1620w\" sizes=\"(max-width: 1024px) 100vw, 1024px\" \/><\/a><\/figure><\/div>\n\n\n\n<div class=\"wp-block-image\"><figure class=\"aligncenter size-large\"><a href=\"https:\/\/marekkuchcinski.pl\/wp-content\/uploads\/2021\/03\/AST_3140.jpg\"><img loading=\"lazy\" decoding=\"async\" width=\"1024\" height=\"683\" src=\"https:\/\/marekkuchcinski.pl\/wp-content\/uploads\/2021\/03\/AST_3140-1024x683.jpg\" alt=\"\" class=\"wp-image-22305\" srcset=\"https:\/\/marekkuchcinski.pl\/wp-content\/uploads\/2021\/03\/AST_3140-1024x683.jpg 1024w, https:\/\/marekkuchcinski.pl\/wp-content\/uploads\/2021\/03\/AST_3140-300x200.jpg 300w, https:\/\/marekkuchcinski.pl\/wp-content\/uploads\/2021\/03\/AST_3140-768x512.jpg 768w, https:\/\/marekkuchcinski.pl\/wp-content\/uploads\/2021\/03\/AST_3140-1536x1024.jpg 1536w, https:\/\/marekkuchcinski.pl\/wp-content\/uploads\/2021\/03\/AST_3140-16x12.jpg 16w, https:\/\/marekkuchcinski.pl\/wp-content\/uploads\/2021\/03\/AST_3140.jpg 1620w\" sizes=\"(max-width: 1024px) 100vw, 1024px\" \/><\/a><\/figure><\/div>","protected":false},"excerpt":{"rendered":"<p>29 marca br. odby\u0142o si\u0119 spotkanie przewodnicz\u0105cych Komisji Spraw Zagranicznych parlament\u00f3w pa\u0144stw Grupy Wyszehradzkiej oraz Ba\u0142tyckiej Tr\u00f3jki, podczas kt\u00f3rego om\u00f3wiono aktualny stan epidemiczny w regionie, wsp\u00f3\u0142prac\u0119 w ramach Inicjatywy Tr\u00f3jmorza, a tak\u017ce sytuacj\u0119 spo\u0142eczno-polityczn\u0105 na Bia\u0142orusi. W trakcie sesji po\u015bwi\u0119conej COVID-19 Przewodnicz\u0105cy Komisji Spraw Zagranicznych Marek Kuchci\u0144ski poinformowa\u0142, \u017ce podczas pierwszej fali pandemii Polska znalaz\u0142a [&hellip;]<\/p>","protected":false},"author":21,"featured_media":22301,"comment_status":"open","ping_status":"open","sticky":false,"template":"","format":"standard","meta":{"ngg_post_thumbnail":0,"footnotes":""},"categories":[50,3],"tags":[],"class_list":["post-22299","post","type-post","status-publish","format-standard","has-post-thumbnail","hentry","category-wspolpraca-miedzynarodowa","category-wydarzenia"],"yoast_head":"<!-- This site is optimized with the Yoast SEO plugin v24.7 - https:\/\/yoast.com\/wordpress\/plugins\/seo\/ -->\n<title>Spotkanie przewodnicz\u0105cych Komisji Spraw Zagranicznych pa\u0144stw Grupy Wyszehradzkiej i Ba\u0142tyckiej Tr\u00f3jki &#8211; Marek Kuchci\u0144ski<\/title>\n<meta name=\"robots\" content=\"index, follow, max-snippet:-1, max-image-preview:large, max-video-preview:-1\" \/>\n<link rel=\"canonical\" href=\"https:\/\/marekkuchcinski.pl\/ro\/wydarzenia\/spotkanie-przewodniczacych-komisji-spraw-zagranicznych-panstw-grupy-wyszehradzkiej-i-baltyckiej-trojki\/\" \/>\n<meta property=\"og:locale\" content=\"ro_RO\" \/>\n<meta property=\"og:type\" content=\"article\" \/>\n<meta property=\"og:title\" content=\"Spotkanie przewodnicz\u0105cych Komisji Spraw Zagranicznych pa\u0144stw Grupy Wyszehradzkiej i Ba\u0142tyckiej Tr\u00f3jki &#8211; Marek Kuchci\u0144ski\" \/>\n<meta property=\"og:description\" content=\"29 marca br. odby\u0142o si\u0119 spotkanie przewodnicz\u0105cych Komisji Spraw Zagranicznych parlament\u00f3w pa\u0144stw Grupy Wyszehradzkiej oraz Ba\u0142tyckiej Tr\u00f3jki, podczas kt\u00f3rego om\u00f3wiono aktualny stan epidemiczny w regionie, wsp\u00f3\u0142prac\u0119 w ramach Inicjatywy Tr\u00f3jmorza, a tak\u017ce sytuacj\u0119 spo\u0142eczno-polityczn\u0105 na Bia\u0142orusi. W trakcie sesji po\u015bwi\u0119conej COVID-19 Przewodnicz\u0105cy Komisji Spraw Zagranicznych Marek Kuchci\u0144ski poinformowa\u0142, \u017ce podczas pierwszej fali pandemii Polska znalaz\u0142a [&hellip;]\" \/>\n<meta property=\"og:url\" content=\"https:\/\/marekkuchcinski.pl\/ro\/wydarzenia\/spotkanie-przewodniczacych-komisji-spraw-zagranicznych-panstw-grupy-wyszehradzkiej-i-baltyckiej-trojki\/\" \/>\n<meta property=\"og:site_name\" content=\"Marek Kuchci\u0144ski\" \/>\n<meta property=\"article:published_time\" content=\"2021-03-31T09:03:00+00:00\" \/>\n<meta property=\"article:modified_time\" content=\"2021-03-31T13:22:48+00:00\" \/>\n<meta property=\"og:image\" content=\"https:\/\/marekkuchcinski.pl\/wp-content\/uploads\/2021\/03\/AST_3151.jpg\" \/>\n\t<meta property=\"og:image:width\" content=\"1620\" \/>\n\t<meta property=\"og:image:height\" content=\"1080\" \/>\n\t<meta property=\"og:image:type\" content=\"image\/jpeg\" \/>\n<meta name=\"author\" content=\"Marta Olejnik\" \/>\n<meta name=\"twitter:card\" content=\"summary_large_image\" \/>\n<meta name=\"twitter:label1\" content=\"Scris de\" \/>\n\t<meta name=\"twitter:data1\" content=\"Marta Olejnik\" \/>\n\t<meta name=\"twitter:label2\" content=\"Timp estimat pentru citire\" \/>\n\t<meta name=\"twitter:data2\" content=\"4 minutes\" \/>\n<script type=\"application\/ld+json\" class=\"yoast-schema-graph\">{\"@context\":\"https:\/\/schema.org\",\"@graph\":[{\"@type\":\"Article\",\"@id\":\"https:\/\/marekkuchcinski.pl\/ro\/wydarzenia\/spotkanie-przewodniczacych-komisji-spraw-zagranicznych-panstw-grupy-wyszehradzkiej-i-baltyckiej-trojki\/#article\",\"isPartOf\":{\"@id\":\"https:\/\/marekkuchcinski.pl\/ro\/wydarzenia\/spotkanie-przewodniczacych-komisji-spraw-zagranicznych-panstw-grupy-wyszehradzkiej-i-baltyckiej-trojki\/\"},\"author\":{\"name\":\"Marta Olejnik\",\"@id\":\"https:\/\/marekkuchcinski.pl\/#\/schema\/person\/51d5d4ee3b5317b8e4dd2b48af359229\"},\"headline\":\"Spotkanie przewodnicz\u0105cych Komisji Spraw Zagranicznych pa\u0144stw Grupy Wyszehradzkiej i Ba\u0142tyckiej Tr\u00f3jki\",\"datePublished\":\"2021-03-31T09:03:00+00:00\",\"dateModified\":\"2021-03-31T13:22:48+00:00\",\"mainEntityOfPage\":{\"@id\":\"https:\/\/marekkuchcinski.pl\/ro\/wydarzenia\/spotkanie-przewodniczacych-komisji-spraw-zagranicznych-panstw-grupy-wyszehradzkiej-i-baltyckiej-trojki\/\"},\"wordCount\":864,\"commentCount\":0,\"publisher\":{\"@id\":\"https:\/\/marekkuchcinski.pl\/#organization\"},\"image\":{\"@id\":\"https:\/\/marekkuchcinski.pl\/ro\/wydarzenia\/spotkanie-przewodniczacych-komisji-spraw-zagranicznych-panstw-grupy-wyszehradzkiej-i-baltyckiej-trojki\/#primaryimage\"},\"thumbnailUrl\":\"https:\/\/marekkuchcinski.pl\/wp-content\/uploads\/2021\/03\/AST_3151.jpg\",\"articleSection\":[\"Wsp\u00f3\u0142praca mi\u0119dzynarodowa\",\"Wydarzenia\"],\"inLanguage\":\"ro-RO\",\"potentialAction\":[{\"@type\":\"CommentAction\",\"name\":\"Comment\",\"target\":[\"https:\/\/marekkuchcinski.pl\/ro\/wydarzenia\/spotkanie-przewodniczacych-komisji-spraw-zagranicznych-panstw-grupy-wyszehradzkiej-i-baltyckiej-trojki\/#respond\"]}]},{\"@type\":\"WebPage\",\"@id\":\"https:\/\/marekkuchcinski.pl\/ro\/wydarzenia\/spotkanie-przewodniczacych-komisji-spraw-zagranicznych-panstw-grupy-wyszehradzkiej-i-baltyckiej-trojki\/\",\"url\":\"https:\/\/marekkuchcinski.pl\/ro\/wydarzenia\/spotkanie-przewodniczacych-komisji-spraw-zagranicznych-panstw-grupy-wyszehradzkiej-i-baltyckiej-trojki\/\",\"name\":\"Spotkanie przewodnicz\u0105cych Komisji Spraw Zagranicznych pa\u0144stw Grupy Wyszehradzkiej i Ba\u0142tyckiej Tr\u00f3jki &#8211; Marek Kuchci\u0144ski\",\"isPartOf\":{\"@id\":\"https:\/\/marekkuchcinski.pl\/#website\"},\"primaryImageOfPage\":{\"@id\":\"https:\/\/marekkuchcinski.pl\/ro\/wydarzenia\/spotkanie-przewodniczacych-komisji-spraw-zagranicznych-panstw-grupy-wyszehradzkiej-i-baltyckiej-trojki\/#primaryimage\"},\"image\":{\"@id\":\"https:\/\/marekkuchcinski.pl\/ro\/wydarzenia\/spotkanie-przewodniczacych-komisji-spraw-zagranicznych-panstw-grupy-wyszehradzkiej-i-baltyckiej-trojki\/#primaryimage\"},\"thumbnailUrl\":\"https:\/\/marekkuchcinski.pl\/wp-content\/uploads\/2021\/03\/AST_3151.jpg\",\"datePublished\":\"2021-03-31T09:03:00+00:00\",\"dateModified\":\"2021-03-31T13:22:48+00:00\",\"breadcrumb\":{\"@id\":\"https:\/\/marekkuchcinski.pl\/ro\/wydarzenia\/spotkanie-przewodniczacych-komisji-spraw-zagranicznych-panstw-grupy-wyszehradzkiej-i-baltyckiej-trojki\/#breadcrumb\"},\"inLanguage\":\"ro-RO\",\"potentialAction\":[{\"@type\":\"ReadAction\",\"target\":[\"https:\/\/marekkuchcinski.pl\/ro\/wydarzenia\/spotkanie-przewodniczacych-komisji-spraw-zagranicznych-panstw-grupy-wyszehradzkiej-i-baltyckiej-trojki\/\"]}]},{\"@type\":\"ImageObject\",\"inLanguage\":\"ro-RO\",\"@id\":\"https:\/\/marekkuchcinski.pl\/ro\/wydarzenia\/spotkanie-przewodniczacych-komisji-spraw-zagranicznych-panstw-grupy-wyszehradzkiej-i-baltyckiej-trojki\/#primaryimage\",\"url\":\"https:\/\/marekkuchcinski.pl\/wp-content\/uploads\/2021\/03\/AST_3151.jpg\",\"contentUrl\":\"https:\/\/marekkuchcinski.pl\/wp-content\/uploads\/2021\/03\/AST_3151.jpg\",\"width\":1620,\"height\":1080},{\"@type\":\"BreadcrumbList\",\"@id\":\"https:\/\/marekkuchcinski.pl\/ro\/wydarzenia\/spotkanie-przewodniczacych-komisji-spraw-zagranicznych-panstw-grupy-wyszehradzkiej-i-baltyckiej-trojki\/#breadcrumb\",\"itemListElement\":[{\"@type\":\"ListItem\",\"position\":1,\"name\":\"Strona g\u0142\u00f3wna\",\"item\":\"https:\/\/marekkuchcinski.pl\/\"},{\"@type\":\"ListItem\",\"position\":2,\"name\":\"Spotkanie przewodnicz\u0105cych Komisji Spraw Zagranicznych pa\u0144stw Grupy Wyszehradzkiej i Ba\u0142tyckiej Tr\u00f3jki\"}]},{\"@type\":\"WebSite\",\"@id\":\"https:\/\/marekkuchcinski.pl\/#website\",\"url\":\"https:\/\/marekkuchcinski.pl\/\",\"name\":\"Marek Kuchci\u0144ski\",\"description\":\"Pose\u0142 na sejm RP &ndash; okr\u0119g nr 22\",\"publisher\":{\"@id\":\"https:\/\/marekkuchcinski.pl\/#organization\"},\"potentialAction\":[{\"@type\":\"SearchAction\",\"target\":{\"@type\":\"EntryPoint\",\"urlTemplate\":\"https:\/\/marekkuchcinski.pl\/?s={search_term_string}\"},\"query-input\":{\"@type\":\"PropertyValueSpecification\",\"valueRequired\":true,\"valueName\":\"search_term_string\"}}],\"inLanguage\":\"ro-RO\"},{\"@type\":\"Organization\",\"@id\":\"https:\/\/marekkuchcinski.pl\/#organization\",\"name\":\"Marek Kuchci\u0144ski\",\"url\":\"https:\/\/marekkuchcinski.pl\/\",\"logo\":{\"@type\":\"ImageObject\",\"inLanguage\":\"ro-RO\",\"@id\":\"https:\/\/marekkuchcinski.pl\/#\/schema\/logo\/image\/\",\"url\":\"https:\/\/marekkuchcinski.pl\/wp-content\/uploads\/2022\/09\/Marek.jpg\",\"contentUrl\":\"https:\/\/marekkuchcinski.pl\/wp-content\/uploads\/2022\/09\/Marek.jpg\",\"width\":1600,\"height\":971,\"caption\":\"Marek Kuchci\u0144ski\"},\"image\":{\"@id\":\"https:\/\/marekkuchcinski.pl\/#\/schema\/logo\/image\/\"}},{\"@type\":\"Person\",\"@id\":\"https:\/\/marekkuchcinski.pl\/#\/schema\/person\/51d5d4ee3b5317b8e4dd2b48af359229\",\"name\":\"Marta Olejnik\",\"image\":{\"@type\":\"ImageObject\",\"inLanguage\":\"ro-RO\",\"@id\":\"https:\/\/marekkuchcinski.pl\/#\/schema\/person\/image\/\",\"url\":\"https:\/\/secure.gravatar.com\/avatar\/e39914b2aa6a48959e24d475b5dc9793?s=96&d=mm&r=g\",\"contentUrl\":\"https:\/\/secure.gravatar.com\/avatar\/e39914b2aa6a48959e24d475b5dc9793?s=96&d=mm&r=g\",\"caption\":\"Marta Olejnik\"},\"url\":\"https:\/\/marekkuchcinski.pl\/ro\/author\/marta\/\"}]}<\/script>\n<!-- \/ Yoast SEO plugin. -->","yoast_head_json":{"title":"Spotkanie przewodnicz\u0105cych Komisji Spraw Zagranicznych pa\u0144stw Grupy Wyszehradzkiej i Ba\u0142tyckiej Tr\u00f3jki &#8211; Marek Kuchci\u0144ski","robots":{"index":"index","follow":"follow","max-snippet":"max-snippet:-1","max-image-preview":"max-image-preview:large","max-video-preview":"max-video-preview:-1"},"canonical":"https:\/\/marekkuchcinski.pl\/ro\/wydarzenia\/spotkanie-przewodniczacych-komisji-spraw-zagranicznych-panstw-grupy-wyszehradzkiej-i-baltyckiej-trojki\/","og_locale":"ro_RO","og_type":"article","og_title":"Spotkanie przewodnicz\u0105cych Komisji Spraw Zagranicznych pa\u0144stw Grupy Wyszehradzkiej i Ba\u0142tyckiej Tr\u00f3jki &#8211; Marek Kuchci\u0144ski","og_description":"29 marca br. odby\u0142o si\u0119 spotkanie przewodnicz\u0105cych Komisji Spraw Zagranicznych parlament\u00f3w pa\u0144stw Grupy Wyszehradzkiej oraz Ba\u0142tyckiej Tr\u00f3jki, podczas kt\u00f3rego om\u00f3wiono aktualny stan epidemiczny w regionie, wsp\u00f3\u0142prac\u0119 w ramach Inicjatywy Tr\u00f3jmorza, a tak\u017ce sytuacj\u0119 spo\u0142eczno-polityczn\u0105 na Bia\u0142orusi. W trakcie sesji po\u015bwi\u0119conej COVID-19 Przewodnicz\u0105cy Komisji Spraw Zagranicznych Marek Kuchci\u0144ski poinformowa\u0142, \u017ce podczas pierwszej fali pandemii Polska znalaz\u0142a [&hellip;]","og_url":"https:\/\/marekkuchcinski.pl\/ro\/wydarzenia\/spotkanie-przewodniczacych-komisji-spraw-zagranicznych-panstw-grupy-wyszehradzkiej-i-baltyckiej-trojki\/","og_site_name":"Marek Kuchci\u0144ski","article_published_time":"2021-03-31T09:03:00+00:00","article_modified_time":"2021-03-31T13:22:48+00:00","og_image":[{"width":1620,"height":1080,"url":"https:\/\/marekkuchcinski.pl\/wp-content\/uploads\/2021\/03\/AST_3151.jpg","type":"image\/jpeg"}],"author":"Marta Olejnik","twitter_card":"summary_large_image","twitter_misc":{"Scris de":"Marta Olejnik","Timp estimat pentru citire":"4 minutes"},"schema":{"@context":"https:\/\/schema.org","@graph":[{"@type":"Article","@id":"https:\/\/marekkuchcinski.pl\/ro\/wydarzenia\/spotkanie-przewodniczacych-komisji-spraw-zagranicznych-panstw-grupy-wyszehradzkiej-i-baltyckiej-trojki\/#article","isPartOf":{"@id":"https:\/\/marekkuchcinski.pl\/ro\/wydarzenia\/spotkanie-przewodniczacych-komisji-spraw-zagranicznych-panstw-grupy-wyszehradzkiej-i-baltyckiej-trojki\/"},"author":{"name":"Marta Olejnik","@id":"https:\/\/marekkuchcinski.pl\/#\/schema\/person\/51d5d4ee3b5317b8e4dd2b48af359229"},"headline":"Spotkanie przewodnicz\u0105cych Komisji Spraw Zagranicznych pa\u0144stw Grupy Wyszehradzkiej i Ba\u0142tyckiej Tr\u00f3jki","datePublished":"2021-03-31T09:03:00+00:00","dateModified":"2021-03-31T13:22:48+00:00","mainEntityOfPage":{"@id":"https:\/\/marekkuchcinski.pl\/ro\/wydarzenia\/spotkanie-przewodniczacych-komisji-spraw-zagranicznych-panstw-grupy-wyszehradzkiej-i-baltyckiej-trojki\/"},"wordCount":864,"commentCount":0,"publisher":{"@id":"https:\/\/marekkuchcinski.pl\/#organization"},"image":{"@id":"https:\/\/marekkuchcinski.pl\/ro\/wydarzenia\/spotkanie-przewodniczacych-komisji-spraw-zagranicznych-panstw-grupy-wyszehradzkiej-i-baltyckiej-trojki\/#primaryimage"},"thumbnailUrl":"https:\/\/marekkuchcinski.pl\/wp-content\/uploads\/2021\/03\/AST_3151.jpg","articleSection":["Wsp\u00f3\u0142praca mi\u0119dzynarodowa","Wydarzenia"],"inLanguage":"ro-RO","potentialAction":[{"@type":"CommentAction","name":"Comment","target":["https:\/\/marekkuchcinski.pl\/ro\/wydarzenia\/spotkanie-przewodniczacych-komisji-spraw-zagranicznych-panstw-grupy-wyszehradzkiej-i-baltyckiej-trojki\/#respond"]}]},{"@type":"WebPage","@id":"https:\/\/marekkuchcinski.pl\/ro\/wydarzenia\/spotkanie-przewodniczacych-komisji-spraw-zagranicznych-panstw-grupy-wyszehradzkiej-i-baltyckiej-trojki\/","url":"https:\/\/marekkuchcinski.pl\/ro\/wydarzenia\/spotkanie-przewodniczacych-komisji-spraw-zagranicznych-panstw-grupy-wyszehradzkiej-i-baltyckiej-trojki\/","name":"Spotkanie przewodnicz\u0105cych Komisji Spraw Zagranicznych pa\u0144stw Grupy Wyszehradzkiej i Ba\u0142tyckiej Tr\u00f3jki &#8211; Marek Kuchci\u0144ski","isPartOf":{"@id":"https:\/\/marekkuchcinski.pl\/#website"},"primaryImageOfPage":{"@id":"https:\/\/marekkuchcinski.pl\/ro\/wydarzenia\/spotkanie-przewodniczacych-komisji-spraw-zagranicznych-panstw-grupy-wyszehradzkiej-i-baltyckiej-trojki\/#primaryimage"},"image":{"@id":"https:\/\/marekkuchcinski.pl\/ro\/wydarzenia\/spotkanie-przewodniczacych-komisji-spraw-zagranicznych-panstw-grupy-wyszehradzkiej-i-baltyckiej-trojki\/#primaryimage"},"thumbnailUrl":"https:\/\/marekkuchcinski.pl\/wp-content\/uploads\/2021\/03\/AST_3151.jpg","datePublished":"2021-03-31T09:03:00+00:00","dateModified":"2021-03-31T13:22:48+00:00","breadcrumb":{"@id":"https:\/\/marekkuchcinski.pl\/ro\/wydarzenia\/spotkanie-przewodniczacych-komisji-spraw-zagranicznych-panstw-grupy-wyszehradzkiej-i-baltyckiej-trojki\/#breadcrumb"},"inLanguage":"ro-RO","potentialAction":[{"@type":"ReadAction","target":["https:\/\/marekkuchcinski.pl\/ro\/wydarzenia\/spotkanie-przewodniczacych-komisji-spraw-zagranicznych-panstw-grupy-wyszehradzkiej-i-baltyckiej-trojki\/"]}]},{"@type":"ImageObject","inLanguage":"ro-RO","@id":"https:\/\/marekkuchcinski.pl\/ro\/wydarzenia\/spotkanie-przewodniczacych-komisji-spraw-zagranicznych-panstw-grupy-wyszehradzkiej-i-baltyckiej-trojki\/#primaryimage","url":"https:\/\/marekkuchcinski.pl\/wp-content\/uploads\/2021\/03\/AST_3151.jpg","contentUrl":"https:\/\/marekkuchcinski.pl\/wp-content\/uploads\/2021\/03\/AST_3151.jpg","width":1620,"height":1080},{"@type":"BreadcrumbList","@id":"https:\/\/marekkuchcinski.pl\/ro\/wydarzenia\/spotkanie-przewodniczacych-komisji-spraw-zagranicznych-panstw-grupy-wyszehradzkiej-i-baltyckiej-trojki\/#breadcrumb","itemListElement":[{"@type":"ListItem","position":1,"name":"Strona g\u0142\u00f3wna","item":"https:\/\/marekkuchcinski.pl\/"},{"@type":"ListItem","position":2,"name":"Spotkanie przewodnicz\u0105cych Komisji Spraw Zagranicznych pa\u0144stw Grupy Wyszehradzkiej i Ba\u0142tyckiej Tr\u00f3jki"}]},{"@type":"WebSite","@id":"https:\/\/marekkuchcinski.pl\/#website","url":"https:\/\/marekkuchcinski.pl\/","name":"Marek Kuchci\u0144ski","description":"Pose\u0142 na sejm RP &ndash; okr\u0119g nr 22","publisher":{"@id":"https:\/\/marekkuchcinski.pl\/#organization"},"potentialAction":[{"@type":"SearchAction","target":{"@type":"EntryPoint","urlTemplate":"https:\/\/marekkuchcinski.pl\/?s={search_term_string}"},"query-input":{"@type":"PropertyValueSpecification","valueRequired":true,"valueName":"search_term_string"}}],"inLanguage":"ro-RO"},{"@type":"Organization","@id":"https:\/\/marekkuchcinski.pl\/#organization","name":"Marek Kuchci\u0144ski","url":"https:\/\/marekkuchcinski.pl\/","logo":{"@type":"ImageObject","inLanguage":"ro-RO","@id":"https:\/\/marekkuchcinski.pl\/#\/schema\/logo\/image\/","url":"https:\/\/marekkuchcinski.pl\/wp-content\/uploads\/2022\/09\/Marek.jpg","contentUrl":"https:\/\/marekkuchcinski.pl\/wp-content\/uploads\/2022\/09\/Marek.jpg","width":1600,"height":971,"caption":"Marek Kuchci\u0144ski"},"image":{"@id":"https:\/\/marekkuchcinski.pl\/#\/schema\/logo\/image\/"}},{"@type":"Person","@id":"https:\/\/marekkuchcinski.pl\/#\/schema\/person\/51d5d4ee3b5317b8e4dd2b48af359229","name":"Marta Olejnik","image":{"@type":"ImageObject","inLanguage":"ro-RO","@id":"https:\/\/marekkuchcinski.pl\/#\/schema\/person\/image\/","url":"https:\/\/secure.gravatar.com\/avatar\/e39914b2aa6a48959e24d475b5dc9793?s=96&d=mm&r=g","contentUrl":"https:\/\/secure.gravatar.com\/avatar\/e39914b2aa6a48959e24d475b5dc9793?s=96&d=mm&r=g","caption":"Marta Olejnik"},"url":"https:\/\/marekkuchcinski.pl\/ro\/author\/marta\/"}]}},"_links":{"self":[{"href":"https:\/\/marekkuchcinski.pl\/ro\/wp-json\/wp\/v2\/posts\/22299","targetHints":{"allow":["GET"]}}],"collection":[{"href":"https:\/\/marekkuchcinski.pl\/ro\/wp-json\/wp\/v2\/posts"}],"about":[{"href":"https:\/\/marekkuchcinski.pl\/ro\/wp-json\/wp\/v2\/types\/post"}],"author":[{"embeddable":true,"href":"https:\/\/marekkuchcinski.pl\/ro\/wp-json\/wp\/v2\/users\/21"}],"replies":[{"embeddable":true,"href":"https:\/\/marekkuchcinski.pl\/ro\/wp-json\/wp\/v2\/comments?post=22299"}],"version-history":[{"count":4,"href":"https:\/\/marekkuchcinski.pl\/ro\/wp-json\/wp\/v2\/posts\/22299\/revisions"}],"predecessor-version":[{"id":22308,"href":"https:\/\/marekkuchcinski.pl\/ro\/wp-json\/wp\/v2\/posts\/22299\/revisions\/22308"}],"wp:featuredmedia":[{"embeddable":true,"href":"https:\/\/marekkuchcinski.pl\/ro\/wp-json\/wp\/v2\/media\/22301"}],"wp:attachment":[{"href":"https:\/\/marekkuchcinski.pl\/ro\/wp-json\/wp\/v2\/media?parent=22299"}],"wp:term":[{"taxonomy":"category","embeddable":true,"href":"https:\/\/marekkuchcinski.pl\/ro\/wp-json\/wp\/v2\/categories?post=22299"},{"taxonomy":"post_tag","embeddable":true,"href":"https:\/\/marekkuchcinski.pl\/ro\/wp-json\/wp\/v2\/tags?post=22299"}],"curies":[{"name":"wp","href":"https:\/\/api.w.org\/{rel}","templated":true}]}}