{"id":22253,"date":"2021-03-24T14:28:00","date_gmt":"2021-03-24T13:28:00","guid":{"rendered":"https:\/\/marekkuchcinski.pl\/?p=22253"},"modified":"2021-03-25T14:29:04","modified_gmt":"2021-03-25T13:29:04","slug":"debata-nad-przyszloscia-bialorusi-jako-czesci-europejskiej-rodziny-forum-im-kalinowskiego","status":"publish","type":"post","link":"https:\/\/marekkuchcinski.pl\/ro\/bez-kategorii\/debata-nad-przyszloscia-bialorusi-jako-czesci-europejskiej-rodziny-forum-im-kalinowskiego\/","title":{"rendered":"Dezbatere privind viitorul Belarusului ca parte a familiei europene - Forumul Kalinowski."},"content":{"rendered":"<p>La 22 martie anul acesta, a avut loc cel de-al doilea Forum Kalinowski - o ini\u021biativ\u0103 format\u0103 din lideri \u0219i exper\u021bi mondiali de top care au dezb\u0103tut viitorul Belarusului ca parte a familiei europene. Forumul este o platform\u0103 cheie pentru disiden\u021bii \u0219i liderii politici ai comunit\u0103\u021bii democratice interna\u021bionale pentru a-\u0219i exprima opiniile, pentru a dezvolta strategii de combatere a agresiunii ruse\u0219ti \u00een regiune \u0219i pentru a restabili democra\u021bia \u00een Belarus.<\/p>\n\n\n\n<p>Evenimentul a fost g\u0103zduit de pre\u0219edintele Seimas-ului Republicii Lituania, Viktorija \u010cmilyt\u0117.<strong>&#8211;<\/strong>Nielsen, a reunit distin\u0219i vorbitori pentru a-l omagia pe eroul Vincenc Konstantin Kalinovsky - scriitor \u0219i revolu\u021bionar din secolul al XIX-lea \u00een Comunitatea Polono-Lituanian\u0103 ocupat\u0103, erou al rena\u0219terii \u00een Belarus, \u0219i pentru a-i continua cu curaj misiunea \u00een contextul actual, \u00een conformitate cu obiectivele stabilite de liderul democratic al Belarusului, Svitlana Tikhanouska. Printre acestea se num\u0103r\u0103 lansarea unui dialog na\u021bional democratic, asigurarea unui transfer sigur al puterii \u0219i organizarea de alegeri libere.<\/p>\n\n\n\n<p>\u00cen cadrul dezbaterii din acest an, dedicat\u0103 reflec\u021biilor privind promovarea libert\u0103\u021bii \u00een Belarus, vorbitorii au r\u0103spuns la \u00eentrebarea care sunt obiectivele de libertate care au fost atinse \u0219i care sunt provoc\u0103rile cu care se confrunt\u0103 \u00een prezent societatea civil\u0103 belarus\u0103 \u00eenc\u0103 \u00een formare.<\/p>\n\n\n\n<p>Pre\u0219edintele Comisiei pentru afaceri externe a Sejm-ului polonez, Marek Kuchci\u0144ski, a rezumat realiz\u0103rile poporului belarus, remarc\u00e2nd curajul \u0219i maturitatea politic\u0103 a opozi\u021biei \u0219i hot\u0103r\u00e2rea acesteia de a-\u0219i institu\u021bionaliza activit\u0103\u021bile. Pre\u0219edintele a eviden\u021biat eforturile depuse p\u00e2n\u0103 \u00een prezent de Polonia \u0219i de \u021b\u0103rile vecine pentru a sprijini Belarus: asisten\u021b\u0103 \u0219i ad\u0103post pentru mii de persoane persecutate, mobilizarea Uniunii Europene sub form\u0103 de granturi \u00een valoare de 24 de milioane de euro \u0219i adoptarea unui pachet de sanc\u021biuni care acoper\u0103 aproape 100 de persoane \u0219i companii - acestea \u0219i multe alte ac\u021biuni arat\u0103 \u00een mod clar sprijinul nostru \u00een lupta pentru un Belarus liber \u0219i democratic.<\/p>\n\n\n\n<p><em>Trezirea patriotismului belarus, \u00eenfiin\u021barea Consiliului de coordonare a opozi\u021biei \u0219i a Consiliului na\u021bional anticriz\u0103, precum \u0219i dep\u0103\u0219irea neputin\u021bei \u0219i a fricii societ\u0103\u021bii fa\u021b\u0103 de aparatul nemilos al puterii sunt realiz\u0103ri importante ale belaru\u0219ilor.<\/em> - a subliniat pre\u0219edintele Marek Kuchci\u0144ski.<\/p>\n\n\n\n<p><em>Ar trebui s\u0103 intensific\u0103m presiunea asupra autorit\u0103\u021bilor belaruse, Polonia \u0219i Lituania ar trebui s\u0103 <em>\u00een timp ce<\/em><\/em> <em>Trebuie s\u0103 lucr\u0103m \u00eempreun\u0103 pentru a ne asigura c\u0103 partenerii no\u0219tri din Uniunea European\u0103 nu \u00ee\u0219i pierd interesul fa\u021b\u0103 de Belarus. Este important ca, \u00een discu\u021biile noastre cu Moscova, s\u0103 declar\u0103m f\u0103r\u0103 echivoc c\u0103 nu accept\u0103m amestecul Rusiei \u00een afacerile interne ale Belarusului.<\/em> - a ad\u0103ugat pre\u0219edintele Marek Kuchci\u0144ski. <em>De asemenea, s\u0103 continu\u0103m s\u0103 sprijinim opozi\u021bia democratic\u0103. Dna Tikhanouska \u0219i dl Latushka au devenit reprezentan\u021bi recunoscu\u021bi \u0219i respecta\u021bi ai Belarusului \u00een Occident. Puterea opozi\u021biei belaruse const\u0103 \u00een unitatea sa. S\u0103 sus\u021binem aceast\u0103 unitate \u0219i s\u0103 cre\u0219tem presiunea asupra autorit\u0103\u021bilor statului. \u00cemp\u0103rt\u0103\u0219im un obiectiv comun - repetarea alegerilor preziden\u021biale \u00een conformitate cu standardele interna\u021bionale \u0219i monitorizate de OSCE.<\/em> - a ad\u0103ugat pre\u0219edintele Kuchci\u0144ski.<\/p>\n\n\n\n<p>RK<\/p>\n\n\n\n<div class=\"wp-block-image\"><figure class=\"aligncenter size-large\"><a href=\"https:\/\/marekkuchcinski.pl\/wp-content\/uploads\/2021\/03\/20210322_113721-scaled.jpg\"><img fetchpriority=\"high\" decoding=\"async\" width=\"1024\" height=\"768\" src=\"https:\/\/marekkuchcinski.pl\/wp-content\/uploads\/2021\/03\/20210322_113721-1024x768.jpg\" alt=\"\" class=\"wp-image-22256\" srcset=\"https:\/\/marekkuchcinski.pl\/wp-content\/uploads\/2021\/03\/20210322_113721-1024x768.jpg 1024w, https:\/\/marekkuchcinski.pl\/wp-content\/uploads\/2021\/03\/20210322_113721-300x225.jpg 300w, https:\/\/marekkuchcinski.pl\/wp-content\/uploads\/2021\/03\/20210322_113721-768x576.jpg 768w, https:\/\/marekkuchcinski.pl\/wp-content\/uploads\/2021\/03\/20210322_113721-1536x1152.jpg 1536w, https:\/\/marekkuchcinski.pl\/wp-content\/uploads\/2021\/03\/20210322_113721-scaled.jpg 2048w, https:\/\/marekkuchcinski.pl\/wp-content\/uploads\/2021\/03\/20210322_113721-16x12.jpg 16w\" sizes=\"(max-width: 1024px) 100vw, 1024px\" \/><\/a><\/figure><\/div>\n\n\n\n<div class=\"wp-block-image\"><figure class=\"aligncenter size-large\"><a href=\"https:\/\/marekkuchcinski.pl\/wp-content\/uploads\/2021\/03\/20210322_113758-scaled.jpg\"><img decoding=\"async\" width=\"1024\" height=\"768\" src=\"https:\/\/marekkuchcinski.pl\/wp-content\/uploads\/2021\/03\/20210322_113758-1024x768.jpg\" alt=\"\" class=\"wp-image-22255\" srcset=\"https:\/\/marekkuchcinski.pl\/wp-content\/uploads\/2021\/03\/20210322_113758-1024x768.jpg 1024w, https:\/\/marekkuchcinski.pl\/wp-content\/uploads\/2021\/03\/20210322_113758-300x225.jpg 300w, https:\/\/marekkuchcinski.pl\/wp-content\/uploads\/2021\/03\/20210322_113758-768x576.jpg 768w, https:\/\/marekkuchcinski.pl\/wp-content\/uploads\/2021\/03\/20210322_113758-1536x1152.jpg 1536w, https:\/\/marekkuchcinski.pl\/wp-content\/uploads\/2021\/03\/20210322_113758-scaled.jpg 2048w, https:\/\/marekkuchcinski.pl\/wp-content\/uploads\/2021\/03\/20210322_113758-16x12.jpg 16w\" sizes=\"(max-width: 1024px) 100vw, 1024px\" \/><\/a><\/figure><\/div>","protected":false},"excerpt":{"rendered":"<p>22 marca br. odby\u0142o si\u0119 drugie Forum im. Kalinowskiego \u2013 inicjatywa sk\u0142adaj\u0105ca si\u0119 z najlepszych \u015bwiatowych lider\u00f3w i ekspert\u00f3w debatuj\u0105cych nad przysz\u0142o\u015bci\u0105 Bia\u0142orusi jako cz\u0119\u015bci europejskiej rodziny. Forum jest kluczow\u0105 platform\u0105 dla dysydent\u00f3w oraz przyw\u00f3dc\u00f3w politycznych mi\u0119dzynarodowej wsp\u00f3lnoty demokratycznej do wyra\u017cania opinii, opracowywania strategii walki z rosyjsk\u0105 agresj\u0105 w regionie oraz przywracania demokracji na Bia\u0142orusi. [&hellip;]<\/p>","protected":false},"author":21,"featured_media":22255,"comment_status":"open","ping_status":"open","sticky":false,"template":"","format":"standard","meta":{"ngg_post_thumbnail":0,"footnotes":""},"categories":[1,50,3],"tags":[],"class_list":["post-22253","post","type-post","status-publish","format-standard","has-post-thumbnail","hentry","category-bez-kategorii","category-wspolpraca-miedzynarodowa","category-wydarzenia"],"yoast_head":"<!-- This site is optimized with the Yoast SEO plugin v24.7 - https:\/\/yoast.com\/wordpress\/plugins\/seo\/ -->\n<title>Debata nad przysz\u0142o\u015bci\u0105 Bia\u0142orusi jako cz\u0119\u015bci europejskiej rodziny - forum im. Kalinowskiego. &#8211; Marek Kuchci\u0144ski<\/title>\n<meta name=\"robots\" content=\"index, follow, max-snippet:-1, max-image-preview:large, max-video-preview:-1\" \/>\n<link rel=\"canonical\" href=\"https:\/\/marekkuchcinski.pl\/ro\/bez-kategorii\/debata-nad-przyszloscia-bialorusi-jako-czesci-europejskiej-rodziny-forum-im-kalinowskiego\/\" \/>\n<meta property=\"og:locale\" content=\"ro_RO\" \/>\n<meta property=\"og:type\" content=\"article\" \/>\n<meta property=\"og:title\" content=\"Debata nad przysz\u0142o\u015bci\u0105 Bia\u0142orusi jako cz\u0119\u015bci europejskiej rodziny - forum im. Kalinowskiego. &#8211; Marek Kuchci\u0144ski\" \/>\n<meta property=\"og:description\" content=\"22 marca br. odby\u0142o si\u0119 drugie Forum im. Kalinowskiego \u2013 inicjatywa sk\u0142adaj\u0105ca si\u0119 z najlepszych \u015bwiatowych lider\u00f3w i ekspert\u00f3w debatuj\u0105cych nad przysz\u0142o\u015bci\u0105 Bia\u0142orusi jako cz\u0119\u015bci europejskiej rodziny. Forum jest kluczow\u0105 platform\u0105 dla dysydent\u00f3w oraz przyw\u00f3dc\u00f3w politycznych mi\u0119dzynarodowej wsp\u00f3lnoty demokratycznej do wyra\u017cania opinii, opracowywania strategii walki z rosyjsk\u0105 agresj\u0105 w regionie oraz przywracania demokracji na Bia\u0142orusi. [&hellip;]\" \/>\n<meta property=\"og:url\" content=\"https:\/\/marekkuchcinski.pl\/ro\/bez-kategorii\/debata-nad-przyszloscia-bialorusi-jako-czesci-europejskiej-rodziny-forum-im-kalinowskiego\/\" \/>\n<meta property=\"og:site_name\" content=\"Marek Kuchci\u0144ski\" \/>\n<meta property=\"article:published_time\" content=\"2021-03-24T13:28:00+00:00\" \/>\n<meta property=\"article:modified_time\" content=\"2021-03-25T13:29:04+00:00\" \/>\n<meta property=\"og:image\" content=\"https:\/\/marekkuchcinski.pl\/wp-content\/uploads\/2021\/03\/20210322_113758-scaled.jpg\" \/>\n\t<meta property=\"og:image:width\" content=\"2048\" \/>\n\t<meta property=\"og:image:height\" content=\"1536\" \/>\n\t<meta property=\"og:image:type\" content=\"image\/jpeg\" \/>\n<meta name=\"author\" content=\"Marta Olejnik\" \/>\n<meta name=\"twitter:card\" content=\"summary_large_image\" \/>\n<meta name=\"twitter:label1\" content=\"Scris de\" \/>\n\t<meta name=\"twitter:data1\" content=\"Marta Olejnik\" \/>\n\t<meta name=\"twitter:label2\" content=\"Timp estimat pentru citire\" \/>\n\t<meta name=\"twitter:data2\" content=\"3 minutes\" \/>\n<script type=\"application\/ld+json\" class=\"yoast-schema-graph\">{\"@context\":\"https:\/\/schema.org\",\"@graph\":[{\"@type\":\"Article\",\"@id\":\"https:\/\/marekkuchcinski.pl\/en\/bez-kategorii\/debata-nad-przyszloscia-bialorusi-jako-czesci-europejskiej-rodziny-forum-im-kalinowskiego\/#article\",\"isPartOf\":{\"@id\":\"https:\/\/marekkuchcinski.pl\/en\/bez-kategorii\/debata-nad-przyszloscia-bialorusi-jako-czesci-europejskiej-rodziny-forum-im-kalinowskiego\/\"},\"author\":{\"name\":\"Marta Olejnik\",\"@id\":\"https:\/\/marekkuchcinski.pl\/#\/schema\/person\/51d5d4ee3b5317b8e4dd2b48af359229\"},\"headline\":\"Debata nad przysz\u0142o\u015bci\u0105 Bia\u0142orusi jako cz\u0119\u015bci europejskiej rodziny &#8211; forum im. Kalinowskiego.\",\"datePublished\":\"2021-03-24T13:28:00+00:00\",\"dateModified\":\"2021-03-25T13:29:04+00:00\",\"mainEntityOfPage\":{\"@id\":\"https:\/\/marekkuchcinski.pl\/en\/bez-kategorii\/debata-nad-przyszloscia-bialorusi-jako-czesci-europejskiej-rodziny-forum-im-kalinowskiego\/\"},\"wordCount\":503,\"commentCount\":0,\"publisher\":{\"@id\":\"https:\/\/marekkuchcinski.pl\/#organization\"},\"image\":{\"@id\":\"https:\/\/marekkuchcinski.pl\/en\/bez-kategorii\/debata-nad-przyszloscia-bialorusi-jako-czesci-europejskiej-rodziny-forum-im-kalinowskiego\/#primaryimage\"},\"thumbnailUrl\":\"https:\/\/marekkuchcinski.pl\/wp-content\/uploads\/2021\/03\/20210322_113758-scaled.jpg\",\"articleSection\":[\"Bez kategorii\",\"Wsp\u00f3\u0142praca mi\u0119dzynarodowa\",\"Wydarzenia\"],\"inLanguage\":\"ro-RO\",\"potentialAction\":[{\"@type\":\"CommentAction\",\"name\":\"Comment\",\"target\":[\"https:\/\/marekkuchcinski.pl\/en\/bez-kategorii\/debata-nad-przyszloscia-bialorusi-jako-czesci-europejskiej-rodziny-forum-im-kalinowskiego\/#respond\"]}]},{\"@type\":\"WebPage\",\"@id\":\"https:\/\/marekkuchcinski.pl\/en\/bez-kategorii\/debata-nad-przyszloscia-bialorusi-jako-czesci-europejskiej-rodziny-forum-im-kalinowskiego\/\",\"url\":\"https:\/\/marekkuchcinski.pl\/en\/bez-kategorii\/debata-nad-przyszloscia-bialorusi-jako-czesci-europejskiej-rodziny-forum-im-kalinowskiego\/\",\"name\":\"Debata nad przysz\u0142o\u015bci\u0105 Bia\u0142orusi jako cz\u0119\u015bci europejskiej rodziny - forum im. Kalinowskiego. &#8211; Marek Kuchci\u0144ski\",\"isPartOf\":{\"@id\":\"https:\/\/marekkuchcinski.pl\/#website\"},\"primaryImageOfPage\":{\"@id\":\"https:\/\/marekkuchcinski.pl\/en\/bez-kategorii\/debata-nad-przyszloscia-bialorusi-jako-czesci-europejskiej-rodziny-forum-im-kalinowskiego\/#primaryimage\"},\"image\":{\"@id\":\"https:\/\/marekkuchcinski.pl\/en\/bez-kategorii\/debata-nad-przyszloscia-bialorusi-jako-czesci-europejskiej-rodziny-forum-im-kalinowskiego\/#primaryimage\"},\"thumbnailUrl\":\"https:\/\/marekkuchcinski.pl\/wp-content\/uploads\/2021\/03\/20210322_113758-scaled.jpg\",\"datePublished\":\"2021-03-24T13:28:00+00:00\",\"dateModified\":\"2021-03-25T13:29:04+00:00\",\"breadcrumb\":{\"@id\":\"https:\/\/marekkuchcinski.pl\/en\/bez-kategorii\/debata-nad-przyszloscia-bialorusi-jako-czesci-europejskiej-rodziny-forum-im-kalinowskiego\/#breadcrumb\"},\"inLanguage\":\"ro-RO\",\"potentialAction\":[{\"@type\":\"ReadAction\",\"target\":[\"https:\/\/marekkuchcinski.pl\/en\/bez-kategorii\/debata-nad-przyszloscia-bialorusi-jako-czesci-europejskiej-rodziny-forum-im-kalinowskiego\/\"]}]},{\"@type\":\"ImageObject\",\"inLanguage\":\"ro-RO\",\"@id\":\"https:\/\/marekkuchcinski.pl\/en\/bez-kategorii\/debata-nad-przyszloscia-bialorusi-jako-czesci-europejskiej-rodziny-forum-im-kalinowskiego\/#primaryimage\",\"url\":\"https:\/\/marekkuchcinski.pl\/wp-content\/uploads\/2021\/03\/20210322_113758-scaled.jpg\",\"contentUrl\":\"https:\/\/marekkuchcinski.pl\/wp-content\/uploads\/2021\/03\/20210322_113758-scaled.jpg\",\"width\":2048,\"height\":1536},{\"@type\":\"BreadcrumbList\",\"@id\":\"https:\/\/marekkuchcinski.pl\/en\/bez-kategorii\/debata-nad-przyszloscia-bialorusi-jako-czesci-europejskiej-rodziny-forum-im-kalinowskiego\/#breadcrumb\",\"itemListElement\":[{\"@type\":\"ListItem\",\"position\":1,\"name\":\"Strona g\u0142\u00f3wna\",\"item\":\"https:\/\/marekkuchcinski.pl\/\"},{\"@type\":\"ListItem\",\"position\":2,\"name\":\"Debata nad przysz\u0142o\u015bci\u0105 Bia\u0142orusi jako cz\u0119\u015bci europejskiej rodziny &#8211; forum im. Kalinowskiego.\"}]},{\"@type\":\"WebSite\",\"@id\":\"https:\/\/marekkuchcinski.pl\/#website\",\"url\":\"https:\/\/marekkuchcinski.pl\/\",\"name\":\"Marek Kuchci\u0144ski\",\"description\":\"Pose\u0142 na sejm RP &ndash; okr\u0119g nr 22\",\"publisher\":{\"@id\":\"https:\/\/marekkuchcinski.pl\/#organization\"},\"potentialAction\":[{\"@type\":\"SearchAction\",\"target\":{\"@type\":\"EntryPoint\",\"urlTemplate\":\"https:\/\/marekkuchcinski.pl\/?s={search_term_string}\"},\"query-input\":{\"@type\":\"PropertyValueSpecification\",\"valueRequired\":true,\"valueName\":\"search_term_string\"}}],\"inLanguage\":\"ro-RO\"},{\"@type\":\"Organization\",\"@id\":\"https:\/\/marekkuchcinski.pl\/#organization\",\"name\":\"Marek Kuchci\u0144ski\",\"url\":\"https:\/\/marekkuchcinski.pl\/\",\"logo\":{\"@type\":\"ImageObject\",\"inLanguage\":\"ro-RO\",\"@id\":\"https:\/\/marekkuchcinski.pl\/#\/schema\/logo\/image\/\",\"url\":\"https:\/\/marekkuchcinski.pl\/wp-content\/uploads\/2022\/09\/Marek.jpg\",\"contentUrl\":\"https:\/\/marekkuchcinski.pl\/wp-content\/uploads\/2022\/09\/Marek.jpg\",\"width\":1600,\"height\":971,\"caption\":\"Marek Kuchci\u0144ski\"},\"image\":{\"@id\":\"https:\/\/marekkuchcinski.pl\/#\/schema\/logo\/image\/\"}},{\"@type\":\"Person\",\"@id\":\"https:\/\/marekkuchcinski.pl\/#\/schema\/person\/51d5d4ee3b5317b8e4dd2b48af359229\",\"name\":\"Marta Olejnik\",\"image\":{\"@type\":\"ImageObject\",\"inLanguage\":\"ro-RO\",\"@id\":\"https:\/\/marekkuchcinski.pl\/#\/schema\/person\/image\/\",\"url\":\"https:\/\/secure.gravatar.com\/avatar\/e39914b2aa6a48959e24d475b5dc9793?s=96&d=mm&r=g\",\"contentUrl\":\"https:\/\/secure.gravatar.com\/avatar\/e39914b2aa6a48959e24d475b5dc9793?s=96&d=mm&r=g\",\"caption\":\"Marta Olejnik\"},\"url\":\"https:\/\/marekkuchcinski.pl\/ro\/author\/marta\/\"}]}<\/script>\n<!-- \/ Yoast SEO plugin. -->","yoast_head_json":{"title":"Debata nad przysz\u0142o\u015bci\u0105 Bia\u0142orusi jako cz\u0119\u015bci europejskiej rodziny - forum im. Kalinowskiego. &#8211; Marek Kuchci\u0144ski","robots":{"index":"index","follow":"follow","max-snippet":"max-snippet:-1","max-image-preview":"max-image-preview:large","max-video-preview":"max-video-preview:-1"},"canonical":"https:\/\/marekkuchcinski.pl\/ro\/bez-kategorii\/debata-nad-przyszloscia-bialorusi-jako-czesci-europejskiej-rodziny-forum-im-kalinowskiego\/","og_locale":"ro_RO","og_type":"article","og_title":"Debata nad przysz\u0142o\u015bci\u0105 Bia\u0142orusi jako cz\u0119\u015bci europejskiej rodziny - forum im. Kalinowskiego. &#8211; Marek Kuchci\u0144ski","og_description":"22 marca br. odby\u0142o si\u0119 drugie Forum im. Kalinowskiego \u2013 inicjatywa sk\u0142adaj\u0105ca si\u0119 z najlepszych \u015bwiatowych lider\u00f3w i ekspert\u00f3w debatuj\u0105cych nad przysz\u0142o\u015bci\u0105 Bia\u0142orusi jako cz\u0119\u015bci europejskiej rodziny. Forum jest kluczow\u0105 platform\u0105 dla dysydent\u00f3w oraz przyw\u00f3dc\u00f3w politycznych mi\u0119dzynarodowej wsp\u00f3lnoty demokratycznej do wyra\u017cania opinii, opracowywania strategii walki z rosyjsk\u0105 agresj\u0105 w regionie oraz przywracania demokracji na Bia\u0142orusi. [&hellip;]","og_url":"https:\/\/marekkuchcinski.pl\/ro\/bez-kategorii\/debata-nad-przyszloscia-bialorusi-jako-czesci-europejskiej-rodziny-forum-im-kalinowskiego\/","og_site_name":"Marek Kuchci\u0144ski","article_published_time":"2021-03-24T13:28:00+00:00","article_modified_time":"2021-03-25T13:29:04+00:00","og_image":[{"width":2048,"height":1536,"url":"https:\/\/marekkuchcinski.pl\/wp-content\/uploads\/2021\/03\/20210322_113758-scaled.jpg","type":"image\/jpeg"}],"author":"Marta Olejnik","twitter_card":"summary_large_image","twitter_misc":{"Scris de":"Marta Olejnik","Timp estimat pentru citire":"3 minutes"},"schema":{"@context":"https:\/\/schema.org","@graph":[{"@type":"Article","@id":"https:\/\/marekkuchcinski.pl\/en\/bez-kategorii\/debata-nad-przyszloscia-bialorusi-jako-czesci-europejskiej-rodziny-forum-im-kalinowskiego\/#article","isPartOf":{"@id":"https:\/\/marekkuchcinski.pl\/en\/bez-kategorii\/debata-nad-przyszloscia-bialorusi-jako-czesci-europejskiej-rodziny-forum-im-kalinowskiego\/"},"author":{"name":"Marta Olejnik","@id":"https:\/\/marekkuchcinski.pl\/#\/schema\/person\/51d5d4ee3b5317b8e4dd2b48af359229"},"headline":"Debata nad przysz\u0142o\u015bci\u0105 Bia\u0142orusi jako cz\u0119\u015bci europejskiej rodziny &#8211; forum im. Kalinowskiego.","datePublished":"2021-03-24T13:28:00+00:00","dateModified":"2021-03-25T13:29:04+00:00","mainEntityOfPage":{"@id":"https:\/\/marekkuchcinski.pl\/en\/bez-kategorii\/debata-nad-przyszloscia-bialorusi-jako-czesci-europejskiej-rodziny-forum-im-kalinowskiego\/"},"wordCount":503,"commentCount":0,"publisher":{"@id":"https:\/\/marekkuchcinski.pl\/#organization"},"image":{"@id":"https:\/\/marekkuchcinski.pl\/en\/bez-kategorii\/debata-nad-przyszloscia-bialorusi-jako-czesci-europejskiej-rodziny-forum-im-kalinowskiego\/#primaryimage"},"thumbnailUrl":"https:\/\/marekkuchcinski.pl\/wp-content\/uploads\/2021\/03\/20210322_113758-scaled.jpg","articleSection":["Bez kategorii","Wsp\u00f3\u0142praca mi\u0119dzynarodowa","Wydarzenia"],"inLanguage":"ro-RO","potentialAction":[{"@type":"CommentAction","name":"Comment","target":["https:\/\/marekkuchcinski.pl\/en\/bez-kategorii\/debata-nad-przyszloscia-bialorusi-jako-czesci-europejskiej-rodziny-forum-im-kalinowskiego\/#respond"]}]},{"@type":"WebPage","@id":"https:\/\/marekkuchcinski.pl\/en\/bez-kategorii\/debata-nad-przyszloscia-bialorusi-jako-czesci-europejskiej-rodziny-forum-im-kalinowskiego\/","url":"https:\/\/marekkuchcinski.pl\/en\/bez-kategorii\/debata-nad-przyszloscia-bialorusi-jako-czesci-europejskiej-rodziny-forum-im-kalinowskiego\/","name":"Debata nad przysz\u0142o\u015bci\u0105 Bia\u0142orusi jako cz\u0119\u015bci europejskiej rodziny - forum im. Kalinowskiego. &#8211; Marek Kuchci\u0144ski","isPartOf":{"@id":"https:\/\/marekkuchcinski.pl\/#website"},"primaryImageOfPage":{"@id":"https:\/\/marekkuchcinski.pl\/en\/bez-kategorii\/debata-nad-przyszloscia-bialorusi-jako-czesci-europejskiej-rodziny-forum-im-kalinowskiego\/#primaryimage"},"image":{"@id":"https:\/\/marekkuchcinski.pl\/en\/bez-kategorii\/debata-nad-przyszloscia-bialorusi-jako-czesci-europejskiej-rodziny-forum-im-kalinowskiego\/#primaryimage"},"thumbnailUrl":"https:\/\/marekkuchcinski.pl\/wp-content\/uploads\/2021\/03\/20210322_113758-scaled.jpg","datePublished":"2021-03-24T13:28:00+00:00","dateModified":"2021-03-25T13:29:04+00:00","breadcrumb":{"@id":"https:\/\/marekkuchcinski.pl\/en\/bez-kategorii\/debata-nad-przyszloscia-bialorusi-jako-czesci-europejskiej-rodziny-forum-im-kalinowskiego\/#breadcrumb"},"inLanguage":"ro-RO","potentialAction":[{"@type":"ReadAction","target":["https:\/\/marekkuchcinski.pl\/en\/bez-kategorii\/debata-nad-przyszloscia-bialorusi-jako-czesci-europejskiej-rodziny-forum-im-kalinowskiego\/"]}]},{"@type":"ImageObject","inLanguage":"ro-RO","@id":"https:\/\/marekkuchcinski.pl\/en\/bez-kategorii\/debata-nad-przyszloscia-bialorusi-jako-czesci-europejskiej-rodziny-forum-im-kalinowskiego\/#primaryimage","url":"https:\/\/marekkuchcinski.pl\/wp-content\/uploads\/2021\/03\/20210322_113758-scaled.jpg","contentUrl":"https:\/\/marekkuchcinski.pl\/wp-content\/uploads\/2021\/03\/20210322_113758-scaled.jpg","width":2048,"height":1536},{"@type":"BreadcrumbList","@id":"https:\/\/marekkuchcinski.pl\/en\/bez-kategorii\/debata-nad-przyszloscia-bialorusi-jako-czesci-europejskiej-rodziny-forum-im-kalinowskiego\/#breadcrumb","itemListElement":[{"@type":"ListItem","position":1,"name":"Strona g\u0142\u00f3wna","item":"https:\/\/marekkuchcinski.pl\/"},{"@type":"ListItem","position":2,"name":"Debata nad przysz\u0142o\u015bci\u0105 Bia\u0142orusi jako cz\u0119\u015bci europejskiej rodziny &#8211; forum im. Kalinowskiego."}]},{"@type":"WebSite","@id":"https:\/\/marekkuchcinski.pl\/#website","url":"https:\/\/marekkuchcinski.pl\/","name":"Marek Kuchci\u0144ski","description":"Pose\u0142 na sejm RP &ndash; okr\u0119g nr 22","publisher":{"@id":"https:\/\/marekkuchcinski.pl\/#organization"},"potentialAction":[{"@type":"SearchAction","target":{"@type":"EntryPoint","urlTemplate":"https:\/\/marekkuchcinski.pl\/?s={search_term_string}"},"query-input":{"@type":"PropertyValueSpecification","valueRequired":true,"valueName":"search_term_string"}}],"inLanguage":"ro-RO"},{"@type":"Organization","@id":"https:\/\/marekkuchcinski.pl\/#organization","name":"Marek Kuchci\u0144ski","url":"https:\/\/marekkuchcinski.pl\/","logo":{"@type":"ImageObject","inLanguage":"ro-RO","@id":"https:\/\/marekkuchcinski.pl\/#\/schema\/logo\/image\/","url":"https:\/\/marekkuchcinski.pl\/wp-content\/uploads\/2022\/09\/Marek.jpg","contentUrl":"https:\/\/marekkuchcinski.pl\/wp-content\/uploads\/2022\/09\/Marek.jpg","width":1600,"height":971,"caption":"Marek Kuchci\u0144ski"},"image":{"@id":"https:\/\/marekkuchcinski.pl\/#\/schema\/logo\/image\/"}},{"@type":"Person","@id":"https:\/\/marekkuchcinski.pl\/#\/schema\/person\/51d5d4ee3b5317b8e4dd2b48af359229","name":"Marta Olejnik","image":{"@type":"ImageObject","inLanguage":"ro-RO","@id":"https:\/\/marekkuchcinski.pl\/#\/schema\/person\/image\/","url":"https:\/\/secure.gravatar.com\/avatar\/e39914b2aa6a48959e24d475b5dc9793?s=96&d=mm&r=g","contentUrl":"https:\/\/secure.gravatar.com\/avatar\/e39914b2aa6a48959e24d475b5dc9793?s=96&d=mm&r=g","caption":"Marta Olejnik"},"url":"https:\/\/marekkuchcinski.pl\/ro\/author\/marta\/"}]}},"_links":{"self":[{"href":"https:\/\/marekkuchcinski.pl\/ro\/wp-json\/wp\/v2\/posts\/22253","targetHints":{"allow":["GET"]}}],"collection":[{"href":"https:\/\/marekkuchcinski.pl\/ro\/wp-json\/wp\/v2\/posts"}],"about":[{"href":"https:\/\/marekkuchcinski.pl\/ro\/wp-json\/wp\/v2\/types\/post"}],"author":[{"embeddable":true,"href":"https:\/\/marekkuchcinski.pl\/ro\/wp-json\/wp\/v2\/users\/21"}],"replies":[{"embeddable":true,"href":"https:\/\/marekkuchcinski.pl\/ro\/wp-json\/wp\/v2\/comments?post=22253"}],"version-history":[{"count":5,"href":"https:\/\/marekkuchcinski.pl\/ro\/wp-json\/wp\/v2\/posts\/22253\/revisions"}],"predecessor-version":[{"id":22262,"href":"https:\/\/marekkuchcinski.pl\/ro\/wp-json\/wp\/v2\/posts\/22253\/revisions\/22262"}],"wp:featuredmedia":[{"embeddable":true,"href":"https:\/\/marekkuchcinski.pl\/ro\/wp-json\/wp\/v2\/media\/22255"}],"wp:attachment":[{"href":"https:\/\/marekkuchcinski.pl\/ro\/wp-json\/wp\/v2\/media?parent=22253"}],"wp:term":[{"taxonomy":"category","embeddable":true,"href":"https:\/\/marekkuchcinski.pl\/ro\/wp-json\/wp\/v2\/categories?post=22253"},{"taxonomy":"post_tag","embeddable":true,"href":"https:\/\/marekkuchcinski.pl\/ro\/wp-json\/wp\/v2\/tags?post=22253"}],"curies":[{"name":"wp","href":"https:\/\/api.w.org\/{rel}","templated":true}]}}