{"id":22202,"date":"2021-03-17T19:39:41","date_gmt":"2021-03-17T18:39:41","guid":{"rendered":"https:\/\/marekkuchcinski.pl\/?p=22202"},"modified":"2021-03-18T15:06:03","modified_gmt":"2021-03-18T14:06:03","slug":"spotkanie-przewodniczacego-komisji-spraw-zagranicznych-sejmu-marka-kuchcinskiego-z-wiceministrem-spraw-zagranicznych-uzbekistanu","status":"publish","type":"post","link":"https:\/\/marekkuchcinski.pl\/ro\/wydarzenia\/spotkanie-przewodniczacego-komisji-spraw-zagranicznych-sejmu-marka-kuchcinskiego-z-wiceministrem-spraw-zagranicznych-uzbekistanu\/","title":{"rendered":"\u00centrevederea pre\u0219edintelui Comisiei pentru afaceri externe a Sejm-ului, Marek Kuchcinski, cu ministrul adjunct de externe al Uzbekistanului"},"content":{"rendered":"<p>Ast\u0103zi a avut loc o \u00eentrevedere \u00eentre pre\u0219edintele Comisiei pentru afaceri externe din Sejm, Marek Kuchcinski, \u0219i ministrul adjunct de externe al Uzbekistanului, Sherzod Asadov. Ministrul Asadow a venit \u00een Polonia \u00een cadrul consult\u0103rilor politice \u00eentre ministerele de externe. Marek Kuchci\u0144ski a mul\u021bumit pentru ini\u021biativa de a extinde programul vizitei pentru a include \u00eent\u00e2lniri parlamentare \u0219i \u0219i-a exprimat speran\u021ba c\u0103 acestea vor contribui la aprofundarea rela\u021biilor reciproce, inclusiv la acest nivel. Cooperarea interparlamentar\u0103 este eviden\u021biat\u0103 de faptul c\u0103, la 25 februarie anul acesta, a fost \u00eenfiin\u021bat un grup parlamentar polono-uzbekistanez \u00een Sejm, iar un grup de prietenie similar exist\u0103 deja \u00een Parlamentul Uzbekistanului din iunie 2020. Odat\u0103 cu lansarea programului de reform\u0103 al Uzbekistanului \u00een 2016, au ap\u0103rut noi oportunit\u0103\u021bi de dezvoltare a contactelor bilaterale, iar un program eficient de redresare este crucial nu numai pentru dezvoltarea ulterioar\u0103 a Uzbekistanului, ci \u0219i pentru procesele care au loc \u00een \u00eentreaga regiune a Asiei Centrale. Polonia poate sprijini Uzbekistanul \u00een realizarea reformelor \u0219i poate \u00eemp\u0103rt\u0103\u0219i experien\u021ba noastr\u0103 \u00een ceea ce prive\u0219te procesul de tranzi\u021bie politic\u0103 \u0219i economic\u0103. Pre\u0219edintele \u0219i-a exprimat satisfac\u021bia fa\u021b\u0103 de cre\u0219terea schimburilor comerciale \u0219i speran\u021ba de a men\u021bine aceast\u0103 tendin\u021b\u0103 \u00een viitor, dup\u0103 dep\u0103\u0219irea efectelor pandemiei COVID-19. Ministrul Asadov a declarat c\u0103 \u021bara sa r\u0103m\u00e2ne hot\u0103r\u00e2t\u0103 s\u0103 continue reformele \u00een curs de implementare \u0219i \u0219i-a declarat dorin\u021ba de a dezvolta cooperarea cu Polonia \u00een toate aspectele cooper\u0103rii bilaterale. El a declarat c\u0103 Polonia este unul dintre cei mai importan\u021bi parteneri ai Uzbekistanului \u00een Europa Central\u0103, nu doar din punct de vedere politic, ci \u0219i economic.  Ministrul a mul\u021bumit Poloniei pentru solidaritatea sa cu Uzbekistanul \u00een perioada pandemiei COVID-19, care s-a manifestat, printre altele, prin transferul de ajutor umanitar c\u0103tre Uzbekistan \u00een noiembrie 2020 de medicamente, echipament de protec\u021bie personal\u0103 \u0219i materiale de dezinfec\u021bie. Oportunit\u0103\u021bile \u0219i posibilit\u0103\u021bile de aprofundare a cooper\u0103rii multilaterale \u00eentre Grupul de la Vi\u0219egrad \u0219i \u021b\u0103rile din Asia Central\u0103 au fost, de asemenea, un subiect al reuniunii. &nbsp;<\/p>\n\n\n\n<div class=\"wp-block-image\"><figure class=\"aligncenter size-large\"><a href=\"https:\/\/marekkuchcinski.pl\/wp-content\/uploads\/2021\/03\/IMG_1019_edited-scaled.jpg\"><img fetchpriority=\"high\" decoding=\"async\" width=\"1024\" height=\"719\" src=\"https:\/\/marekkuchcinski.pl\/wp-content\/uploads\/2021\/03\/IMG_1019_edited-1024x719.jpg\" alt=\"\" class=\"wp-image-22208\" srcset=\"https:\/\/marekkuchcinski.pl\/wp-content\/uploads\/2021\/03\/IMG_1019_edited-1024x719.jpg 1024w, https:\/\/marekkuchcinski.pl\/wp-content\/uploads\/2021\/03\/IMG_1019_edited-300x211.jpg 300w, https:\/\/marekkuchcinski.pl\/wp-content\/uploads\/2021\/03\/IMG_1019_edited-768x539.jpg 768w, https:\/\/marekkuchcinski.pl\/wp-content\/uploads\/2021\/03\/IMG_1019_edited-1536x1079.jpg 1536w, https:\/\/marekkuchcinski.pl\/wp-content\/uploads\/2021\/03\/IMG_1019_edited-scaled.jpg 2048w, https:\/\/marekkuchcinski.pl\/wp-content\/uploads\/2021\/03\/IMG_1019_edited-16x12.jpg 16w\" sizes=\"(max-width: 1024px) 100vw, 1024px\" \/><\/a><\/figure><\/div>\n\n\n\n<div class=\"wp-block-image\"><figure class=\"aligncenter size-large\"><a href=\"https:\/\/marekkuchcinski.pl\/wp-content\/uploads\/2021\/03\/IMG_1013_edited-scaled.jpg\"><img decoding=\"async\" width=\"1024\" height=\"684\" src=\"https:\/\/marekkuchcinski.pl\/wp-content\/uploads\/2021\/03\/IMG_1013_edited-1024x684.jpg\" alt=\"\" class=\"wp-image-22209\" srcset=\"https:\/\/marekkuchcinski.pl\/wp-content\/uploads\/2021\/03\/IMG_1013_edited-1024x684.jpg 1024w, https:\/\/marekkuchcinski.pl\/wp-content\/uploads\/2021\/03\/IMG_1013_edited-300x201.jpg 300w, https:\/\/marekkuchcinski.pl\/wp-content\/uploads\/2021\/03\/IMG_1013_edited-768x513.jpg 768w, https:\/\/marekkuchcinski.pl\/wp-content\/uploads\/2021\/03\/IMG_1013_edited-1536x1027.jpg 1536w, https:\/\/marekkuchcinski.pl\/wp-content\/uploads\/2021\/03\/IMG_1013_edited-scaled.jpg 2048w, https:\/\/marekkuchcinski.pl\/wp-content\/uploads\/2021\/03\/IMG_1013_edited-16x12.jpg 16w\" sizes=\"(max-width: 1024px) 100vw, 1024px\" \/><\/a><\/figure><\/div>","protected":false},"excerpt":{"rendered":"<p>Dzi\u015b odby\u0142o si\u0119 spotkanie Przewodnicz\u0105cego Komisji Spraw Zagranicznych Sejmu Marka Kuchci\u0144skiego z Wiceministrem Spraw Zagranicznych Uzbekistanu Szerzodem Asadowem. Minister Asadow przyjecha\u0142 do Polski w ramach konsultacji politycznych mi\u0119dzy ministerstwami spraw zagranicznych. Marek Kuchci\u0144ski podzi\u0119kowa\u0142 za inicjatyw\u0119 rozszerzenia programu wizyty o spotkania parlamentarne i wyrazi\u0142 nadziej\u0119, \u017ce przyczyni\u0105 si\u0119 do pog\u0142\u0119bienia wzajemnych relacji, r\u00f3wnie\u017c na tym [&hellip;]<\/p>","protected":false},"author":21,"featured_media":22209,"comment_status":"open","ping_status":"open","sticky":false,"template":"","format":"standard","meta":{"ngg_post_thumbnail":0,"footnotes":""},"categories":[50,3],"tags":[],"class_list":["post-22202","post","type-post","status-publish","format-standard","has-post-thumbnail","hentry","category-wspolpraca-miedzynarodowa","category-wydarzenia"],"yoast_head":"<!-- This site is optimized with the Yoast SEO plugin v24.7 - https:\/\/yoast.com\/wordpress\/plugins\/seo\/ -->\n<title>Spotkanie Przewodnicz\u0105cego Komisji Spraw Zagranicznych Sejmu Marka Kuchci\u0144skiego z Wiceministrem Spraw Zagranicznych Uzbekistanu &#8211; Marek Kuchci\u0144ski<\/title>\n<meta name=\"robots\" content=\"index, follow, max-snippet:-1, max-image-preview:large, max-video-preview:-1\" \/>\n<link rel=\"canonical\" href=\"https:\/\/marekkuchcinski.pl\/ro\/wydarzenia\/spotkanie-przewodniczacego-komisji-spraw-zagranicznych-sejmu-marka-kuchcinskiego-z-wiceministrem-spraw-zagranicznych-uzbekistanu\/\" \/>\n<meta property=\"og:locale\" content=\"ro_RO\" \/>\n<meta property=\"og:type\" content=\"article\" \/>\n<meta property=\"og:title\" content=\"Spotkanie Przewodnicz\u0105cego Komisji Spraw Zagranicznych Sejmu Marka Kuchci\u0144skiego z Wiceministrem Spraw Zagranicznych Uzbekistanu &#8211; Marek Kuchci\u0144ski\" \/>\n<meta property=\"og:description\" content=\"Dzi\u015b odby\u0142o si\u0119 spotkanie Przewodnicz\u0105cego Komisji Spraw Zagranicznych Sejmu Marka Kuchci\u0144skiego z Wiceministrem Spraw Zagranicznych Uzbekistanu Szerzodem Asadowem. Minister Asadow przyjecha\u0142 do Polski w ramach konsultacji politycznych mi\u0119dzy ministerstwami spraw zagranicznych. Marek Kuchci\u0144ski podzi\u0119kowa\u0142 za inicjatyw\u0119 rozszerzenia programu wizyty o spotkania parlamentarne i wyrazi\u0142 nadziej\u0119, \u017ce przyczyni\u0105 si\u0119 do pog\u0142\u0119bienia wzajemnych relacji, r\u00f3wnie\u017c na tym [&hellip;]\" \/>\n<meta property=\"og:url\" content=\"https:\/\/marekkuchcinski.pl\/ro\/wydarzenia\/spotkanie-przewodniczacego-komisji-spraw-zagranicznych-sejmu-marka-kuchcinskiego-z-wiceministrem-spraw-zagranicznych-uzbekistanu\/\" \/>\n<meta property=\"og:site_name\" content=\"Marek Kuchci\u0144ski\" \/>\n<meta property=\"article:published_time\" content=\"2021-03-17T18:39:41+00:00\" \/>\n<meta property=\"article:modified_time\" content=\"2021-03-18T14:06:03+00:00\" \/>\n<meta property=\"og:image\" content=\"https:\/\/marekkuchcinski.pl\/wp-content\/uploads\/2021\/03\/IMG_1013_edited-scaled.jpg\" \/>\n\t<meta property=\"og:image:width\" content=\"2048\" \/>\n\t<meta property=\"og:image:height\" content=\"1369\" \/>\n\t<meta property=\"og:image:type\" content=\"image\/jpeg\" \/>\n<meta name=\"author\" content=\"Marta Olejnik\" \/>\n<meta name=\"twitter:card\" content=\"summary_large_image\" \/>\n<meta name=\"twitter:label1\" content=\"Scris de\" \/>\n\t<meta name=\"twitter:data1\" content=\"Marta Olejnik\" \/>\n\t<meta name=\"twitter:label2\" content=\"Timp estimat pentru citire\" \/>\n\t<meta name=\"twitter:data2\" content=\"2 minutes\" \/>\n<script type=\"application\/ld+json\" class=\"yoast-schema-graph\">{\"@context\":\"https:\/\/schema.org\",\"@graph\":[{\"@type\":\"Article\",\"@id\":\"https:\/\/marekkuchcinski.pl\/en\/wydarzenia\/spotkanie-przewodniczacego-komisji-spraw-zagranicznych-sejmu-marka-kuchcinskiego-z-wiceministrem-spraw-zagranicznych-uzbekistanu\/#article\",\"isPartOf\":{\"@id\":\"https:\/\/marekkuchcinski.pl\/en\/wydarzenia\/spotkanie-przewodniczacego-komisji-spraw-zagranicznych-sejmu-marka-kuchcinskiego-z-wiceministrem-spraw-zagranicznych-uzbekistanu\/\"},\"author\":{\"name\":\"Marta Olejnik\",\"@id\":\"https:\/\/marekkuchcinski.pl\/#\/schema\/person\/51d5d4ee3b5317b8e4dd2b48af359229\"},\"headline\":\"Spotkanie Przewodnicz\u0105cego Komisji Spraw Zagranicznych Sejmu Marka Kuchci\u0144skiego z Wiceministrem Spraw Zagranicznych Uzbekistanu\",\"datePublished\":\"2021-03-17T18:39:41+00:00\",\"dateModified\":\"2021-03-18T14:06:03+00:00\",\"mainEntityOfPage\":{\"@id\":\"https:\/\/marekkuchcinski.pl\/en\/wydarzenia\/spotkanie-przewodniczacego-komisji-spraw-zagranicznych-sejmu-marka-kuchcinskiego-z-wiceministrem-spraw-zagranicznych-uzbekistanu\/\"},\"wordCount\":319,\"commentCount\":0,\"publisher\":{\"@id\":\"https:\/\/marekkuchcinski.pl\/#organization\"},\"image\":{\"@id\":\"https:\/\/marekkuchcinski.pl\/en\/wydarzenia\/spotkanie-przewodniczacego-komisji-spraw-zagranicznych-sejmu-marka-kuchcinskiego-z-wiceministrem-spraw-zagranicznych-uzbekistanu\/#primaryimage\"},\"thumbnailUrl\":\"https:\/\/marekkuchcinski.pl\/wp-content\/uploads\/2021\/03\/IMG_1013_edited-scaled.jpg\",\"articleSection\":[\"Wsp\u00f3\u0142praca mi\u0119dzynarodowa\",\"Wydarzenia\"],\"inLanguage\":\"ro-RO\",\"potentialAction\":[{\"@type\":\"CommentAction\",\"name\":\"Comment\",\"target\":[\"https:\/\/marekkuchcinski.pl\/en\/wydarzenia\/spotkanie-przewodniczacego-komisji-spraw-zagranicznych-sejmu-marka-kuchcinskiego-z-wiceministrem-spraw-zagranicznych-uzbekistanu\/#respond\"]}]},{\"@type\":\"WebPage\",\"@id\":\"https:\/\/marekkuchcinski.pl\/en\/wydarzenia\/spotkanie-przewodniczacego-komisji-spraw-zagranicznych-sejmu-marka-kuchcinskiego-z-wiceministrem-spraw-zagranicznych-uzbekistanu\/\",\"url\":\"https:\/\/marekkuchcinski.pl\/en\/wydarzenia\/spotkanie-przewodniczacego-komisji-spraw-zagranicznych-sejmu-marka-kuchcinskiego-z-wiceministrem-spraw-zagranicznych-uzbekistanu\/\",\"name\":\"Spotkanie Przewodnicz\u0105cego Komisji Spraw Zagranicznych Sejmu Marka Kuchci\u0144skiego z Wiceministrem Spraw Zagranicznych Uzbekistanu &#8211; Marek Kuchci\u0144ski\",\"isPartOf\":{\"@id\":\"https:\/\/marekkuchcinski.pl\/#website\"},\"primaryImageOfPage\":{\"@id\":\"https:\/\/marekkuchcinski.pl\/en\/wydarzenia\/spotkanie-przewodniczacego-komisji-spraw-zagranicznych-sejmu-marka-kuchcinskiego-z-wiceministrem-spraw-zagranicznych-uzbekistanu\/#primaryimage\"},\"image\":{\"@id\":\"https:\/\/marekkuchcinski.pl\/en\/wydarzenia\/spotkanie-przewodniczacego-komisji-spraw-zagranicznych-sejmu-marka-kuchcinskiego-z-wiceministrem-spraw-zagranicznych-uzbekistanu\/#primaryimage\"},\"thumbnailUrl\":\"https:\/\/marekkuchcinski.pl\/wp-content\/uploads\/2021\/03\/IMG_1013_edited-scaled.jpg\",\"datePublished\":\"2021-03-17T18:39:41+00:00\",\"dateModified\":\"2021-03-18T14:06:03+00:00\",\"breadcrumb\":{\"@id\":\"https:\/\/marekkuchcinski.pl\/en\/wydarzenia\/spotkanie-przewodniczacego-komisji-spraw-zagranicznych-sejmu-marka-kuchcinskiego-z-wiceministrem-spraw-zagranicznych-uzbekistanu\/#breadcrumb\"},\"inLanguage\":\"ro-RO\",\"potentialAction\":[{\"@type\":\"ReadAction\",\"target\":[\"https:\/\/marekkuchcinski.pl\/en\/wydarzenia\/spotkanie-przewodniczacego-komisji-spraw-zagranicznych-sejmu-marka-kuchcinskiego-z-wiceministrem-spraw-zagranicznych-uzbekistanu\/\"]}]},{\"@type\":\"ImageObject\",\"inLanguage\":\"ro-RO\",\"@id\":\"https:\/\/marekkuchcinski.pl\/en\/wydarzenia\/spotkanie-przewodniczacego-komisji-spraw-zagranicznych-sejmu-marka-kuchcinskiego-z-wiceministrem-spraw-zagranicznych-uzbekistanu\/#primaryimage\",\"url\":\"https:\/\/marekkuchcinski.pl\/wp-content\/uploads\/2021\/03\/IMG_1013_edited-scaled.jpg\",\"contentUrl\":\"https:\/\/marekkuchcinski.pl\/wp-content\/uploads\/2021\/03\/IMG_1013_edited-scaled.jpg\",\"width\":2048,\"height\":1369},{\"@type\":\"BreadcrumbList\",\"@id\":\"https:\/\/marekkuchcinski.pl\/en\/wydarzenia\/spotkanie-przewodniczacego-komisji-spraw-zagranicznych-sejmu-marka-kuchcinskiego-z-wiceministrem-spraw-zagranicznych-uzbekistanu\/#breadcrumb\",\"itemListElement\":[{\"@type\":\"ListItem\",\"position\":1,\"name\":\"Strona g\u0142\u00f3wna\",\"item\":\"https:\/\/marekkuchcinski.pl\/\"},{\"@type\":\"ListItem\",\"position\":2,\"name\":\"Spotkanie Przewodnicz\u0105cego Komisji Spraw Zagranicznych Sejmu Marka Kuchci\u0144skiego z Wiceministrem Spraw Zagranicznych Uzbekistanu\"}]},{\"@type\":\"WebSite\",\"@id\":\"https:\/\/marekkuchcinski.pl\/#website\",\"url\":\"https:\/\/marekkuchcinski.pl\/\",\"name\":\"Marek Kuchci\u0144ski\",\"description\":\"Pose\u0142 na sejm RP &ndash; okr\u0119g nr 22\",\"publisher\":{\"@id\":\"https:\/\/marekkuchcinski.pl\/#organization\"},\"potentialAction\":[{\"@type\":\"SearchAction\",\"target\":{\"@type\":\"EntryPoint\",\"urlTemplate\":\"https:\/\/marekkuchcinski.pl\/?s={search_term_string}\"},\"query-input\":{\"@type\":\"PropertyValueSpecification\",\"valueRequired\":true,\"valueName\":\"search_term_string\"}}],\"inLanguage\":\"ro-RO\"},{\"@type\":\"Organization\",\"@id\":\"https:\/\/marekkuchcinski.pl\/#organization\",\"name\":\"Marek Kuchci\u0144ski\",\"url\":\"https:\/\/marekkuchcinski.pl\/\",\"logo\":{\"@type\":\"ImageObject\",\"inLanguage\":\"ro-RO\",\"@id\":\"https:\/\/marekkuchcinski.pl\/#\/schema\/logo\/image\/\",\"url\":\"https:\/\/marekkuchcinski.pl\/wp-content\/uploads\/2022\/09\/Marek.jpg\",\"contentUrl\":\"https:\/\/marekkuchcinski.pl\/wp-content\/uploads\/2022\/09\/Marek.jpg\",\"width\":1600,\"height\":971,\"caption\":\"Marek Kuchci\u0144ski\"},\"image\":{\"@id\":\"https:\/\/marekkuchcinski.pl\/#\/schema\/logo\/image\/\"}},{\"@type\":\"Person\",\"@id\":\"https:\/\/marekkuchcinski.pl\/#\/schema\/person\/51d5d4ee3b5317b8e4dd2b48af359229\",\"name\":\"Marta Olejnik\",\"image\":{\"@type\":\"ImageObject\",\"inLanguage\":\"ro-RO\",\"@id\":\"https:\/\/marekkuchcinski.pl\/#\/schema\/person\/image\/\",\"url\":\"https:\/\/secure.gravatar.com\/avatar\/e39914b2aa6a48959e24d475b5dc9793?s=96&d=mm&r=g\",\"contentUrl\":\"https:\/\/secure.gravatar.com\/avatar\/e39914b2aa6a48959e24d475b5dc9793?s=96&d=mm&r=g\",\"caption\":\"Marta Olejnik\"},\"url\":\"https:\/\/marekkuchcinski.pl\/ro\/author\/marta\/\"}]}<\/script>\n<!-- \/ Yoast SEO plugin. -->","yoast_head_json":{"title":"Spotkanie Przewodnicz\u0105cego Komisji Spraw Zagranicznych Sejmu Marka Kuchci\u0144skiego z Wiceministrem Spraw Zagranicznych Uzbekistanu &#8211; Marek Kuchci\u0144ski","robots":{"index":"index","follow":"follow","max-snippet":"max-snippet:-1","max-image-preview":"max-image-preview:large","max-video-preview":"max-video-preview:-1"},"canonical":"https:\/\/marekkuchcinski.pl\/ro\/wydarzenia\/spotkanie-przewodniczacego-komisji-spraw-zagranicznych-sejmu-marka-kuchcinskiego-z-wiceministrem-spraw-zagranicznych-uzbekistanu\/","og_locale":"ro_RO","og_type":"article","og_title":"Spotkanie Przewodnicz\u0105cego Komisji Spraw Zagranicznych Sejmu Marka Kuchci\u0144skiego z Wiceministrem Spraw Zagranicznych Uzbekistanu &#8211; Marek Kuchci\u0144ski","og_description":"Dzi\u015b odby\u0142o si\u0119 spotkanie Przewodnicz\u0105cego Komisji Spraw Zagranicznych Sejmu Marka Kuchci\u0144skiego z Wiceministrem Spraw Zagranicznych Uzbekistanu Szerzodem Asadowem. Minister Asadow przyjecha\u0142 do Polski w ramach konsultacji politycznych mi\u0119dzy ministerstwami spraw zagranicznych. Marek Kuchci\u0144ski podzi\u0119kowa\u0142 za inicjatyw\u0119 rozszerzenia programu wizyty o spotkania parlamentarne i wyrazi\u0142 nadziej\u0119, \u017ce przyczyni\u0105 si\u0119 do pog\u0142\u0119bienia wzajemnych relacji, r\u00f3wnie\u017c na tym [&hellip;]","og_url":"https:\/\/marekkuchcinski.pl\/ro\/wydarzenia\/spotkanie-przewodniczacego-komisji-spraw-zagranicznych-sejmu-marka-kuchcinskiego-z-wiceministrem-spraw-zagranicznych-uzbekistanu\/","og_site_name":"Marek Kuchci\u0144ski","article_published_time":"2021-03-17T18:39:41+00:00","article_modified_time":"2021-03-18T14:06:03+00:00","og_image":[{"width":2048,"height":1369,"url":"https:\/\/marekkuchcinski.pl\/wp-content\/uploads\/2021\/03\/IMG_1013_edited-scaled.jpg","type":"image\/jpeg"}],"author":"Marta Olejnik","twitter_card":"summary_large_image","twitter_misc":{"Scris de":"Marta Olejnik","Timp estimat pentru citire":"2 minutes"},"schema":{"@context":"https:\/\/schema.org","@graph":[{"@type":"Article","@id":"https:\/\/marekkuchcinski.pl\/en\/wydarzenia\/spotkanie-przewodniczacego-komisji-spraw-zagranicznych-sejmu-marka-kuchcinskiego-z-wiceministrem-spraw-zagranicznych-uzbekistanu\/#article","isPartOf":{"@id":"https:\/\/marekkuchcinski.pl\/en\/wydarzenia\/spotkanie-przewodniczacego-komisji-spraw-zagranicznych-sejmu-marka-kuchcinskiego-z-wiceministrem-spraw-zagranicznych-uzbekistanu\/"},"author":{"name":"Marta Olejnik","@id":"https:\/\/marekkuchcinski.pl\/#\/schema\/person\/51d5d4ee3b5317b8e4dd2b48af359229"},"headline":"Spotkanie Przewodnicz\u0105cego Komisji Spraw Zagranicznych Sejmu Marka Kuchci\u0144skiego z Wiceministrem Spraw Zagranicznych Uzbekistanu","datePublished":"2021-03-17T18:39:41+00:00","dateModified":"2021-03-18T14:06:03+00:00","mainEntityOfPage":{"@id":"https:\/\/marekkuchcinski.pl\/en\/wydarzenia\/spotkanie-przewodniczacego-komisji-spraw-zagranicznych-sejmu-marka-kuchcinskiego-z-wiceministrem-spraw-zagranicznych-uzbekistanu\/"},"wordCount":319,"commentCount":0,"publisher":{"@id":"https:\/\/marekkuchcinski.pl\/#organization"},"image":{"@id":"https:\/\/marekkuchcinski.pl\/en\/wydarzenia\/spotkanie-przewodniczacego-komisji-spraw-zagranicznych-sejmu-marka-kuchcinskiego-z-wiceministrem-spraw-zagranicznych-uzbekistanu\/#primaryimage"},"thumbnailUrl":"https:\/\/marekkuchcinski.pl\/wp-content\/uploads\/2021\/03\/IMG_1013_edited-scaled.jpg","articleSection":["Wsp\u00f3\u0142praca mi\u0119dzynarodowa","Wydarzenia"],"inLanguage":"ro-RO","potentialAction":[{"@type":"CommentAction","name":"Comment","target":["https:\/\/marekkuchcinski.pl\/en\/wydarzenia\/spotkanie-przewodniczacego-komisji-spraw-zagranicznych-sejmu-marka-kuchcinskiego-z-wiceministrem-spraw-zagranicznych-uzbekistanu\/#respond"]}]},{"@type":"WebPage","@id":"https:\/\/marekkuchcinski.pl\/en\/wydarzenia\/spotkanie-przewodniczacego-komisji-spraw-zagranicznych-sejmu-marka-kuchcinskiego-z-wiceministrem-spraw-zagranicznych-uzbekistanu\/","url":"https:\/\/marekkuchcinski.pl\/en\/wydarzenia\/spotkanie-przewodniczacego-komisji-spraw-zagranicznych-sejmu-marka-kuchcinskiego-z-wiceministrem-spraw-zagranicznych-uzbekistanu\/","name":"Spotkanie Przewodnicz\u0105cego Komisji Spraw Zagranicznych Sejmu Marka Kuchci\u0144skiego z Wiceministrem Spraw Zagranicznych Uzbekistanu &#8211; Marek Kuchci\u0144ski","isPartOf":{"@id":"https:\/\/marekkuchcinski.pl\/#website"},"primaryImageOfPage":{"@id":"https:\/\/marekkuchcinski.pl\/en\/wydarzenia\/spotkanie-przewodniczacego-komisji-spraw-zagranicznych-sejmu-marka-kuchcinskiego-z-wiceministrem-spraw-zagranicznych-uzbekistanu\/#primaryimage"},"image":{"@id":"https:\/\/marekkuchcinski.pl\/en\/wydarzenia\/spotkanie-przewodniczacego-komisji-spraw-zagranicznych-sejmu-marka-kuchcinskiego-z-wiceministrem-spraw-zagranicznych-uzbekistanu\/#primaryimage"},"thumbnailUrl":"https:\/\/marekkuchcinski.pl\/wp-content\/uploads\/2021\/03\/IMG_1013_edited-scaled.jpg","datePublished":"2021-03-17T18:39:41+00:00","dateModified":"2021-03-18T14:06:03+00:00","breadcrumb":{"@id":"https:\/\/marekkuchcinski.pl\/en\/wydarzenia\/spotkanie-przewodniczacego-komisji-spraw-zagranicznych-sejmu-marka-kuchcinskiego-z-wiceministrem-spraw-zagranicznych-uzbekistanu\/#breadcrumb"},"inLanguage":"ro-RO","potentialAction":[{"@type":"ReadAction","target":["https:\/\/marekkuchcinski.pl\/en\/wydarzenia\/spotkanie-przewodniczacego-komisji-spraw-zagranicznych-sejmu-marka-kuchcinskiego-z-wiceministrem-spraw-zagranicznych-uzbekistanu\/"]}]},{"@type":"ImageObject","inLanguage":"ro-RO","@id":"https:\/\/marekkuchcinski.pl\/en\/wydarzenia\/spotkanie-przewodniczacego-komisji-spraw-zagranicznych-sejmu-marka-kuchcinskiego-z-wiceministrem-spraw-zagranicznych-uzbekistanu\/#primaryimage","url":"https:\/\/marekkuchcinski.pl\/wp-content\/uploads\/2021\/03\/IMG_1013_edited-scaled.jpg","contentUrl":"https:\/\/marekkuchcinski.pl\/wp-content\/uploads\/2021\/03\/IMG_1013_edited-scaled.jpg","width":2048,"height":1369},{"@type":"BreadcrumbList","@id":"https:\/\/marekkuchcinski.pl\/en\/wydarzenia\/spotkanie-przewodniczacego-komisji-spraw-zagranicznych-sejmu-marka-kuchcinskiego-z-wiceministrem-spraw-zagranicznych-uzbekistanu\/#breadcrumb","itemListElement":[{"@type":"ListItem","position":1,"name":"Strona g\u0142\u00f3wna","item":"https:\/\/marekkuchcinski.pl\/"},{"@type":"ListItem","position":2,"name":"Spotkanie Przewodnicz\u0105cego Komisji Spraw Zagranicznych Sejmu Marka Kuchci\u0144skiego z Wiceministrem Spraw Zagranicznych Uzbekistanu"}]},{"@type":"WebSite","@id":"https:\/\/marekkuchcinski.pl\/#website","url":"https:\/\/marekkuchcinski.pl\/","name":"Marek Kuchci\u0144ski","description":"Pose\u0142 na sejm RP &ndash; okr\u0119g nr 22","publisher":{"@id":"https:\/\/marekkuchcinski.pl\/#organization"},"potentialAction":[{"@type":"SearchAction","target":{"@type":"EntryPoint","urlTemplate":"https:\/\/marekkuchcinski.pl\/?s={search_term_string}"},"query-input":{"@type":"PropertyValueSpecification","valueRequired":true,"valueName":"search_term_string"}}],"inLanguage":"ro-RO"},{"@type":"Organization","@id":"https:\/\/marekkuchcinski.pl\/#organization","name":"Marek Kuchci\u0144ski","url":"https:\/\/marekkuchcinski.pl\/","logo":{"@type":"ImageObject","inLanguage":"ro-RO","@id":"https:\/\/marekkuchcinski.pl\/#\/schema\/logo\/image\/","url":"https:\/\/marekkuchcinski.pl\/wp-content\/uploads\/2022\/09\/Marek.jpg","contentUrl":"https:\/\/marekkuchcinski.pl\/wp-content\/uploads\/2022\/09\/Marek.jpg","width":1600,"height":971,"caption":"Marek Kuchci\u0144ski"},"image":{"@id":"https:\/\/marekkuchcinski.pl\/#\/schema\/logo\/image\/"}},{"@type":"Person","@id":"https:\/\/marekkuchcinski.pl\/#\/schema\/person\/51d5d4ee3b5317b8e4dd2b48af359229","name":"Marta Olejnik","image":{"@type":"ImageObject","inLanguage":"ro-RO","@id":"https:\/\/marekkuchcinski.pl\/#\/schema\/person\/image\/","url":"https:\/\/secure.gravatar.com\/avatar\/e39914b2aa6a48959e24d475b5dc9793?s=96&d=mm&r=g","contentUrl":"https:\/\/secure.gravatar.com\/avatar\/e39914b2aa6a48959e24d475b5dc9793?s=96&d=mm&r=g","caption":"Marta Olejnik"},"url":"https:\/\/marekkuchcinski.pl\/ro\/author\/marta\/"}]}},"_links":{"self":[{"href":"https:\/\/marekkuchcinski.pl\/ro\/wp-json\/wp\/v2\/posts\/22202","targetHints":{"allow":["GET"]}}],"collection":[{"href":"https:\/\/marekkuchcinski.pl\/ro\/wp-json\/wp\/v2\/posts"}],"about":[{"href":"https:\/\/marekkuchcinski.pl\/ro\/wp-json\/wp\/v2\/types\/post"}],"author":[{"embeddable":true,"href":"https:\/\/marekkuchcinski.pl\/ro\/wp-json\/wp\/v2\/users\/21"}],"replies":[{"embeddable":true,"href":"https:\/\/marekkuchcinski.pl\/ro\/wp-json\/wp\/v2\/comments?post=22202"}],"version-history":[{"count":6,"href":"https:\/\/marekkuchcinski.pl\/ro\/wp-json\/wp\/v2\/posts\/22202\/revisions"}],"predecessor-version":[{"id":22220,"href":"https:\/\/marekkuchcinski.pl\/ro\/wp-json\/wp\/v2\/posts\/22202\/revisions\/22220"}],"wp:featuredmedia":[{"embeddable":true,"href":"https:\/\/marekkuchcinski.pl\/ro\/wp-json\/wp\/v2\/media\/22209"}],"wp:attachment":[{"href":"https:\/\/marekkuchcinski.pl\/ro\/wp-json\/wp\/v2\/media?parent=22202"}],"wp:term":[{"taxonomy":"category","embeddable":true,"href":"https:\/\/marekkuchcinski.pl\/ro\/wp-json\/wp\/v2\/categories?post=22202"},{"taxonomy":"post_tag","embeddable":true,"href":"https:\/\/marekkuchcinski.pl\/ro\/wp-json\/wp\/v2\/tags?post=22202"}],"curies":[{"name":"wp","href":"https:\/\/api.w.org\/{rel}","templated":true}]}}