{"id":21933,"date":"2021-02-11T13:52:41","date_gmt":"2021-02-11T12:52:41","guid":{"rendered":"https:\/\/marekkuchcinski.pl\/?p=21933"},"modified":"2021-02-12T13:21:23","modified_gmt":"2021-02-12T12:21:23","slug":"marek-kuchcinski-przewodniczacy-sejmowej-komisji-spraw-zagranicznych","status":"publish","type":"post","link":"https:\/\/marekkuchcinski.pl\/ro\/wydarzenia\/marek-kuchcinski-przewodniczacy-sejmowej-komisji-spraw-zagranicznych\/","title":{"rendered":"Marek Kuchci\u0144ski: Solidaritatea este punctul forte al Grupului de la Visegrad. Ne dorim ca aceast\u0103 bun\u0103 cooperare s\u0103 uneasc\u0103 toate \u021b\u0103rile carpatice."},"content":{"rendered":"<p><strong>\u00cen cadrul emisiunii \"Go\u015b\u0107 Telewizji Rzesz\u00f3w\", pre\u0219edintele Comisiei pentru afaceri externe, Marek Kuchci\u0144ski, a subliniat importan\u021ba cooper\u0103rii \u00een cadrul Grupului de la Visegrad. El a descris cei 30 de ani de existen\u021b\u0103 ca fiind o perioad\u0103 extrem de important\u0103 pentru toate \u021b\u0103rile noastre (Polonia, Republica Ceh\u0103, Slovacia, Ungaria), precum \u0219i pentru \u00eentreaga Europ\u0103 Central\u0103. - Consecin\u021bele \u00eenfiin\u021b\u0103rii V4 se v\u0103d foarte clar. Este important s\u0103 ne amintim c\u0103 acordul a fost semnat la o lun\u0103 dup\u0103 atacul rusesc asupra televiziunii lituaniene \u0219i dup\u0103 \u00eencercarea de a ataca Lituania, adic\u0103 de a lua independen\u021ba Lituaniei, pe atunci foarte t\u00e2n\u0103r\u0103. Cred c\u0103 acest lucru a accelerat formarea Grupului de la Visegrad\", a declarat pre\u0219edintele.<\/strong><\/p>\n\n\n\n<p><strong>Marcin Pawlak: Exist\u0103, de asemenea, multe alte forme \u0219i platforme benefice pentru cooperare, idei \u0219i proiecte. Care sunt cele care au ie\u0219it din acest Visegrad 4?<\/strong><\/p>\n\n\n\n<p>Marek Kuchci\u0144ski: Ultimii ani au ar\u0103tat c\u0103 solidaritatea comun\u0103 are ca rezultat ceea ce se poate numi principiul \"nimic despre noi f\u0103r\u0103 noi\", adic\u0103, dac\u0103 Uniunea European\u0103 ia vreo decizie, trebuie s\u0103 \u021bin\u0103 cont de Grupul de la Visegrad, cel mai bun exemplu fiind problema imigran\u021bilor. Sprijinul comun pentru cel mai bun buget al Uniunii Europene pentru urm\u0103torii \u0219apte ani este, de asemenea, un rezultat al acestui lucru. Cooperarea foarte bun\u0103 dintre pre\u0219edin\u021bi \u0219i prim-mini\u0219tri, mini\u0219tri \u0219i cooperarea parlamentar\u0103 lansat\u0103 \u00een 2007 a dat rezultate \u00een acest domeniu. Suntem puternici pentru c\u0103 suntem solidari \u0219i merit\u0103 s\u0103 \u00eencuraj\u0103m aprofundarea acestei cooper\u0103ri.<\/p>\n\n\n\n<p>Aspira\u021bia \u021b\u0103rilor V4 este de a dep\u0103\u0219i grani\u021ba UE, cre\u00e2nd astfel \"Tri-Cities plus\". Cooperarea \u00een materie de securitate este important\u0103, inclusiv \u00een domeniul securit\u0103\u021bii militare, de exemplu, cele Nou\u0103 de la Bucure\u0219ti, care este mai str\u00e2ns legat\u0103 de Alian\u021ba Nord-Atlantic\u0103, include \u0219i \u021b\u0103rile din Visegrad. Parlamentele sunt cele mai importante institu\u021bii alese de cet\u0103\u021benii fiec\u0103rei \u021b\u0103ri. Cooperarea noastr\u0103 \u00eencepe s\u0103 semene oarecum cu vremurile pe care le numim Epoca de Aur. Secolele 16, 15 \u0219i 17 \u00een Europa Central\u0103 au fost ani frumo\u0219i de democra\u021bie parlamentar\u0103, c\u00e2nd am avut guverne absolutiste \u00een estul \u0219i vestul p\u0103r\u021bii noastre de Europ\u0103 \u0219i democra\u021bia a \u00eenflorit aici.<\/p>\n\n\n\n<p><strong>Ideea celor Patru de la Vi\u0219egrad se refer\u0103, de asemenea, la Carpa\u021bi, la cooperarea pe aceast\u0103 platform\u0103. Urmeaz\u0103 urm\u0103toarea conferin\u021b\u0103 \"Europa Carpa\u021bilor\", care va avea loc la Przemy\u015bl, unde vor fi abordate \u0219i subiecte legate de securitate, aprovizionarea cu ap\u0103 \u0219i materii prime.<\/strong><\/p>\n\n\n\n<p>Conferin\u021ba \"Europa Carpa\u021bilor\" are loc de mai mul\u021bi ani, ideea fiind aceea a Carpa\u021bilor verzi, care a \u00eenceput la \u00eenceputul secolului. Unul dintre ini\u021biatorii s\u0103i a fost regretatul profesor Wnuk. Conferin\u021ba are \u00een plan s\u0103 permit\u0103 discu\u021bii \u0219i \u00eent\u00e2lniri \u00eentre reprezentan\u021bii statelor, parlamentelor, organiza\u021biilor interna\u021bionale, administra\u021biilor locale \u0219i to\u021bi cei interesa\u021bi de cooperare \u0219i de c\u0103utarea de solu\u021bii pentru viitor. Nu vorbim doar de securitatea esen\u021bial\u0103, ci \u0219i de securitatea educa\u021bional\u0103, a s\u0103n\u0103t\u0103\u021bii \u0219i a mediului. Mun\u021bii Carpa\u021bi produc \u00een cea mai mare m\u0103sur\u0103 ap\u0103 potabil\u0103 pentru Polonia \u0219i pentru toate \u021b\u0103rile din Europa Central\u0103. \u00cen cadrul Trilateralei, ne \u00eendrept\u0103m, de asemenea, activit\u0103\u021bile spre dezvoltarea economiei \u0219i a infrastructurii nord-sud. Guvernele \u0219i parlamentele noastre pun un accent foarte puternic pe dezvoltarea Europei digitale, iar la aceasta dorim s\u0103 includem \u0219i consolidarea cooper\u0103rii \u00een domeniul culturii \u00een sensul cel mai larg al cuv\u00e2ntului. \u00cen Europa Carpa\u021bilor va exista un slogan pentru a include \u00eentregul patrimoniu cultural \u0219i natural al Carpa\u021bilor, din Serbia p\u00e2n\u0103 la Mun\u021bii Carpa\u021bi de la grani\u021ba dintre Slovacia \u0219i Cehia, pe lista mondial\u0103 UNESCO. Acesta este un plan ambi\u021bios, pe termen lung. Mun\u021bii Carpa\u021bi sunt o zon\u0103 foarte valoroas\u0103 din punct de vedere istoric \u0219i cultural, dep\u0103\u0219ind alte macroregiuni din Europa.<\/p>\n\n\n\n<p>Vom discuta efectele comerciale ale companiilor, precum \u0219i ale institu\u021biilor de stat, inclusiv \u00een domenii precum serviciile \u0219i asisten\u021ba medical\u0103. Vom \u00eenv\u0103\u021ba de la vecinii no\u0219tri \u0219i vom \u00eemp\u0103rt\u0103\u0219i experien\u021be cu ace\u0219tia. Ac\u021biunile comune de solidaritate vor da rezultate mai bune dec\u00e2t ac\u021biunile separate ale statelor. Experien\u021ba polonez\u0103 este foarte important\u0103, iar cooperarea dintre administra\u021biile locale \u0219i regiunea de frontier\u0103 ar trebui s\u0103 dea rezultate. Vrem s\u0103 g\u0103sim un r\u0103spuns la modul \u00een care s\u0103 rezolv\u0103m situa\u021bia pocovid\u0103 \u00een sprijinul economiei poloneze \u0219i interna\u021bionale, pentru afacerile din turism care deservesc \u0219i ofer\u0103 locuri de munc\u0103.<\/p>\n\n\n\n<p><strong>Conferin\u021ba Europa Carpatic\u0103 de la Przemy\u015bl \u0219i problemele locale, inclusiv strategia Bieszczady<\/strong>.<\/p>\n\n\n\n<p>Bieszczady sunt un slogan bine cunoscut \u00een Europa, de aceea sus\u021binerea lor abil\u0103 este principalul obiectiv al autorit\u0103\u021bilor de stat, inclusiv al celor voievodale. Voi sus\u021bine posibilitatea dezvolt\u0103rii cooper\u0103rii transfrontaliere, propunerile care apar pentru a\u0219a-numitele zone func\u021bionale transfrontaliere, adic\u0103 dezvoltarea infrastructurii la grani\u021ba polono-slovac\u0103 \u0219i polono-ucrainean\u0103 este foarte important\u0103. Oportunit\u0103\u021bile oferite de comer\u021bul \u0219i contactele transfrontaliere dintre Polonia \u0219i Ucraina sunt, de asemenea, subutilizate. Un bun exemplu este faptul c\u0103 cet\u0103\u021benii care vin \u00een Podkarpacie de la grani\u021ba de est au cheltuit 4,5 miliarde de zlo\u021bi numai \u00een 2019. Haide\u021bi s\u0103 transform\u0103m acest lucru \u00een locuri de munc\u0103! \u00cen marea lor majoritate au fost cheltuieli cu am\u0103nuntul, a\u0219a c\u0103 au venit, au cheltuit banii \u0219i s-au \u00eentors \u00een aceea\u0219i zi. Aceasta este o surs\u0103 de venit pentru cet\u0103\u021benii polonezi care locuiesc \u00een zona de la Rzesz\u00f3w la Krosno, Jas\u0142o. Cred c\u0103 acest lucru merit\u0103 s\u0103 fie analizat \u00een viitor.<\/p>\n\n\n\n<figure class=\"wp-block-video aligncenter\"><video controls src=\"https:\/\/marekkuchcinski.pl\/wp-content\/uploads\/2021\/02\/gosc_TVP3-Rzeszow.mp4.mp4\"><\/video><\/figure>\n\n\n\n<p><em>Foto: Aleksander Zieli\u0144ski\/Sejm<\/em><\/p>\n\n\n\n<figure class=\"wp-block-video\"><video src=\"https:\/\/marekkuchcinski.pl\/wp-content\/uploads\/2021\/02\/Go-TVP3-Rzeszw-Marek-Kuchciski-przewodniczcy-Sejmowej.avi\"><\/video><\/figure>\n\n\n\n<p><\/p>","protected":false},"excerpt":{"rendered":"<p>W programie \u201eGo\u015b\u0107 Telewizji Rzesz\u00f3w\u201d przewodnicz\u0105cy komisji spraw zagranicznych Marek Kuchci\u0144ski podkre\u015bla\u0142 wag\u0119 wsp\u00f3\u0142pracy w ramach Grupy Wyszehradzkiej. 30 lat jej istnienia okre\u015bli\u0142 jako czas niezwykle wa\u017cny dla wszystkich naszych pa\u0144stw (Polska, Czechy, S\u0142owacja, W\u0119gry), a tak\u017ce dla ca\u0142ej Europy \u015arodkowej. \u2013 Konsekwencje powo\u0142ania V4 widzimy bardzo wyra\u017ane. Wa\u017cne, aby pami\u0119ta\u0107 o tym, \u017ce podpisano [&hellip;]<\/p>","protected":false},"author":21,"featured_media":21940,"comment_status":"open","ping_status":"open","sticky":false,"template":"","format":"standard","meta":{"ngg_post_thumbnail":0,"footnotes":""},"categories":[3],"tags":[],"class_list":["post-21933","post","type-post","status-publish","format-standard","has-post-thumbnail","hentry","category-wydarzenia"],"yoast_head":"<!-- This site is optimized with the Yoast SEO plugin v24.7 - https:\/\/yoast.com\/wordpress\/plugins\/seo\/ -->\n<title>Marek Kuchci\u0144ski: Si\u0142\u0105 Grupy Wyszehradzkiej jest solidarno\u015b\u0107. Chcemy, by tak dobra wsp\u00f3\u0142praca \u0142\u0105czy\u0142a wszystkie kraje karpackie &#8211; Marek Kuchci\u0144ski<\/title>\n<meta name=\"robots\" content=\"index, follow, max-snippet:-1, max-image-preview:large, max-video-preview:-1\" \/>\n<link rel=\"canonical\" href=\"https:\/\/marekkuchcinski.pl\/ro\/wydarzenia\/marek-kuchcinski-przewodniczacy-sejmowej-komisji-spraw-zagranicznych\/\" \/>\n<meta property=\"og:locale\" content=\"ro_RO\" \/>\n<meta property=\"og:type\" content=\"article\" \/>\n<meta property=\"og:title\" content=\"Marek Kuchci\u0144ski: Si\u0142\u0105 Grupy Wyszehradzkiej jest solidarno\u015b\u0107. Chcemy, by tak dobra wsp\u00f3\u0142praca \u0142\u0105czy\u0142a wszystkie kraje karpackie &#8211; Marek Kuchci\u0144ski\" \/>\n<meta property=\"og:description\" content=\"W programie \u201eGo\u015b\u0107 Telewizji Rzesz\u00f3w\u201d przewodnicz\u0105cy komisji spraw zagranicznych Marek Kuchci\u0144ski podkre\u015bla\u0142 wag\u0119 wsp\u00f3\u0142pracy w ramach Grupy Wyszehradzkiej. 30 lat jej istnienia okre\u015bli\u0142 jako czas niezwykle wa\u017cny dla wszystkich naszych pa\u0144stw (Polska, Czechy, S\u0142owacja, W\u0119gry), a tak\u017ce dla ca\u0142ej Europy \u015arodkowej. \u2013 Konsekwencje powo\u0142ania V4 widzimy bardzo wyra\u017ane. Wa\u017cne, aby pami\u0119ta\u0107 o tym, \u017ce podpisano [&hellip;]\" \/>\n<meta property=\"og:url\" content=\"https:\/\/marekkuchcinski.pl\/ro\/wydarzenia\/marek-kuchcinski-przewodniczacy-sejmowej-komisji-spraw-zagranicznych\/\" \/>\n<meta property=\"og:site_name\" content=\"Marek Kuchci\u0144ski\" \/>\n<meta property=\"article:published_time\" content=\"2021-02-11T12:52:41+00:00\" \/>\n<meta property=\"article:modified_time\" content=\"2021-02-12T12:21:23+00:00\" \/>\n<meta property=\"og:image\" content=\"https:\/\/marekkuchcinski.pl\/wp-content\/uploads\/2021\/02\/Wywiad-M-scaled.jpg\" \/>\n\t<meta property=\"og:image:width\" content=\"2048\" \/>\n\t<meta property=\"og:image:height\" content=\"1363\" \/>\n\t<meta property=\"og:image:type\" content=\"image\/jpeg\" \/>\n<meta name=\"author\" content=\"Marta Olejnik\" \/>\n<meta name=\"twitter:card\" content=\"summary_large_image\" \/>\n<meta name=\"twitter:label1\" content=\"Scris de\" \/>\n\t<meta name=\"twitter:data1\" content=\"Marta Olejnik\" \/>\n\t<meta name=\"twitter:label2\" content=\"Timp estimat pentru citire\" \/>\n\t<meta name=\"twitter:data2\" content=\"4 minutes\" \/>\n<script type=\"application\/ld+json\" class=\"yoast-schema-graph\">{\"@context\":\"https:\/\/schema.org\",\"@graph\":[{\"@type\":\"Article\",\"@id\":\"https:\/\/marekkuchcinski.pl\/wydarzenia\/marek-kuchcinski-przewodniczacy-sejmowej-komisji-spraw-zagranicznych\/#article\",\"isPartOf\":{\"@id\":\"https:\/\/marekkuchcinski.pl\/wydarzenia\/marek-kuchcinski-przewodniczacy-sejmowej-komisji-spraw-zagranicznych\/\"},\"author\":{\"name\":\"Marta Olejnik\",\"@id\":\"https:\/\/marekkuchcinski.pl\/#\/schema\/person\/51d5d4ee3b5317b8e4dd2b48af359229\"},\"headline\":\"Marek Kuchci\u0144ski: Si\u0142\u0105 Grupy Wyszehradzkiej jest solidarno\u015b\u0107. Chcemy, by tak dobra wsp\u00f3\u0142praca \u0142\u0105czy\u0142a wszystkie kraje karpackie\",\"datePublished\":\"2021-02-11T12:52:41+00:00\",\"dateModified\":\"2021-02-12T12:21:23+00:00\",\"mainEntityOfPage\":{\"@id\":\"https:\/\/marekkuchcinski.pl\/wydarzenia\/marek-kuchcinski-przewodniczacy-sejmowej-komisji-spraw-zagranicznych\/\"},\"wordCount\":908,\"commentCount\":0,\"publisher\":{\"@id\":\"https:\/\/marekkuchcinski.pl\/#organization\"},\"image\":{\"@id\":\"https:\/\/marekkuchcinski.pl\/wydarzenia\/marek-kuchcinski-przewodniczacy-sejmowej-komisji-spraw-zagranicznych\/#primaryimage\"},\"thumbnailUrl\":\"https:\/\/marekkuchcinski.pl\/wp-content\/uploads\/2021\/02\/Wywiad-M-scaled.jpg\",\"articleSection\":[\"Wydarzenia\"],\"inLanguage\":\"ro-RO\",\"potentialAction\":[{\"@type\":\"CommentAction\",\"name\":\"Comment\",\"target\":[\"https:\/\/marekkuchcinski.pl\/wydarzenia\/marek-kuchcinski-przewodniczacy-sejmowej-komisji-spraw-zagranicznych\/#respond\"]}]},{\"@type\":\"WebPage\",\"@id\":\"https:\/\/marekkuchcinski.pl\/wydarzenia\/marek-kuchcinski-przewodniczacy-sejmowej-komisji-spraw-zagranicznych\/\",\"url\":\"https:\/\/marekkuchcinski.pl\/wydarzenia\/marek-kuchcinski-przewodniczacy-sejmowej-komisji-spraw-zagranicznych\/\",\"name\":\"Marek Kuchci\u0144ski: Si\u0142\u0105 Grupy Wyszehradzkiej jest solidarno\u015b\u0107. Chcemy, by tak dobra wsp\u00f3\u0142praca \u0142\u0105czy\u0142a wszystkie kraje karpackie &#8211; Marek Kuchci\u0144ski\",\"isPartOf\":{\"@id\":\"https:\/\/marekkuchcinski.pl\/#website\"},\"primaryImageOfPage\":{\"@id\":\"https:\/\/marekkuchcinski.pl\/wydarzenia\/marek-kuchcinski-przewodniczacy-sejmowej-komisji-spraw-zagranicznych\/#primaryimage\"},\"image\":{\"@id\":\"https:\/\/marekkuchcinski.pl\/wydarzenia\/marek-kuchcinski-przewodniczacy-sejmowej-komisji-spraw-zagranicznych\/#primaryimage\"},\"thumbnailUrl\":\"https:\/\/marekkuchcinski.pl\/wp-content\/uploads\/2021\/02\/Wywiad-M-scaled.jpg\",\"datePublished\":\"2021-02-11T12:52:41+00:00\",\"dateModified\":\"2021-02-12T12:21:23+00:00\",\"breadcrumb\":{\"@id\":\"https:\/\/marekkuchcinski.pl\/wydarzenia\/marek-kuchcinski-przewodniczacy-sejmowej-komisji-spraw-zagranicznych\/#breadcrumb\"},\"inLanguage\":\"ro-RO\",\"potentialAction\":[{\"@type\":\"ReadAction\",\"target\":[\"https:\/\/marekkuchcinski.pl\/wydarzenia\/marek-kuchcinski-przewodniczacy-sejmowej-komisji-spraw-zagranicznych\/\"]}]},{\"@type\":\"ImageObject\",\"inLanguage\":\"ro-RO\",\"@id\":\"https:\/\/marekkuchcinski.pl\/wydarzenia\/marek-kuchcinski-przewodniczacy-sejmowej-komisji-spraw-zagranicznych\/#primaryimage\",\"url\":\"https:\/\/marekkuchcinski.pl\/wp-content\/uploads\/2021\/02\/Wywiad-M-scaled.jpg\",\"contentUrl\":\"https:\/\/marekkuchcinski.pl\/wp-content\/uploads\/2021\/02\/Wywiad-M-scaled.jpg\",\"width\":2048,\"height\":1363},{\"@type\":\"BreadcrumbList\",\"@id\":\"https:\/\/marekkuchcinski.pl\/wydarzenia\/marek-kuchcinski-przewodniczacy-sejmowej-komisji-spraw-zagranicznych\/#breadcrumb\",\"itemListElement\":[{\"@type\":\"ListItem\",\"position\":1,\"name\":\"Strona g\u0142\u00f3wna\",\"item\":\"https:\/\/marekkuchcinski.pl\/\"},{\"@type\":\"ListItem\",\"position\":2,\"name\":\"Marek Kuchci\u0144ski: Si\u0142\u0105 Grupy Wyszehradzkiej jest solidarno\u015b\u0107. Chcemy, by tak dobra wsp\u00f3\u0142praca \u0142\u0105czy\u0142a wszystkie kraje karpackie\"}]},{\"@type\":\"WebSite\",\"@id\":\"https:\/\/marekkuchcinski.pl\/#website\",\"url\":\"https:\/\/marekkuchcinski.pl\/\",\"name\":\"Marek Kuchci\u0144ski\",\"description\":\"Pose\u0142 na sejm RP &ndash; okr\u0119g nr 22\",\"publisher\":{\"@id\":\"https:\/\/marekkuchcinski.pl\/#organization\"},\"potentialAction\":[{\"@type\":\"SearchAction\",\"target\":{\"@type\":\"EntryPoint\",\"urlTemplate\":\"https:\/\/marekkuchcinski.pl\/?s={search_term_string}\"},\"query-input\":{\"@type\":\"PropertyValueSpecification\",\"valueRequired\":true,\"valueName\":\"search_term_string\"}}],\"inLanguage\":\"ro-RO\"},{\"@type\":\"Organization\",\"@id\":\"https:\/\/marekkuchcinski.pl\/#organization\",\"name\":\"Marek Kuchci\u0144ski\",\"url\":\"https:\/\/marekkuchcinski.pl\/\",\"logo\":{\"@type\":\"ImageObject\",\"inLanguage\":\"ro-RO\",\"@id\":\"https:\/\/marekkuchcinski.pl\/#\/schema\/logo\/image\/\",\"url\":\"https:\/\/marekkuchcinski.pl\/wp-content\/uploads\/2022\/09\/Marek.jpg\",\"contentUrl\":\"https:\/\/marekkuchcinski.pl\/wp-content\/uploads\/2022\/09\/Marek.jpg\",\"width\":1600,\"height\":971,\"caption\":\"Marek Kuchci\u0144ski\"},\"image\":{\"@id\":\"https:\/\/marekkuchcinski.pl\/#\/schema\/logo\/image\/\"}},{\"@type\":\"Person\",\"@id\":\"https:\/\/marekkuchcinski.pl\/#\/schema\/person\/51d5d4ee3b5317b8e4dd2b48af359229\",\"name\":\"Marta Olejnik\",\"image\":{\"@type\":\"ImageObject\",\"inLanguage\":\"ro-RO\",\"@id\":\"https:\/\/marekkuchcinski.pl\/#\/schema\/person\/image\/\",\"url\":\"https:\/\/secure.gravatar.com\/avatar\/e39914b2aa6a48959e24d475b5dc9793?s=96&d=mm&r=g\",\"contentUrl\":\"https:\/\/secure.gravatar.com\/avatar\/e39914b2aa6a48959e24d475b5dc9793?s=96&d=mm&r=g\",\"caption\":\"Marta Olejnik\"},\"url\":\"https:\/\/marekkuchcinski.pl\/ro\/author\/marta\/\"}]}<\/script>\n<!-- \/ Yoast SEO plugin. -->","yoast_head_json":{"title":"Marek Kuchci\u0144ski: Si\u0142\u0105 Grupy Wyszehradzkiej jest solidarno\u015b\u0107. Chcemy, by tak dobra wsp\u00f3\u0142praca \u0142\u0105czy\u0142a wszystkie kraje karpackie &#8211; Marek Kuchci\u0144ski","robots":{"index":"index","follow":"follow","max-snippet":"max-snippet:-1","max-image-preview":"max-image-preview:large","max-video-preview":"max-video-preview:-1"},"canonical":"https:\/\/marekkuchcinski.pl\/ro\/wydarzenia\/marek-kuchcinski-przewodniczacy-sejmowej-komisji-spraw-zagranicznych\/","og_locale":"ro_RO","og_type":"article","og_title":"Marek Kuchci\u0144ski: Si\u0142\u0105 Grupy Wyszehradzkiej jest solidarno\u015b\u0107. Chcemy, by tak dobra wsp\u00f3\u0142praca \u0142\u0105czy\u0142a wszystkie kraje karpackie &#8211; Marek Kuchci\u0144ski","og_description":"W programie \u201eGo\u015b\u0107 Telewizji Rzesz\u00f3w\u201d przewodnicz\u0105cy komisji spraw zagranicznych Marek Kuchci\u0144ski podkre\u015bla\u0142 wag\u0119 wsp\u00f3\u0142pracy w ramach Grupy Wyszehradzkiej. 30 lat jej istnienia okre\u015bli\u0142 jako czas niezwykle wa\u017cny dla wszystkich naszych pa\u0144stw (Polska, Czechy, S\u0142owacja, W\u0119gry), a tak\u017ce dla ca\u0142ej Europy \u015arodkowej. \u2013 Konsekwencje powo\u0142ania V4 widzimy bardzo wyra\u017ane. Wa\u017cne, aby pami\u0119ta\u0107 o tym, \u017ce podpisano [&hellip;]","og_url":"https:\/\/marekkuchcinski.pl\/ro\/wydarzenia\/marek-kuchcinski-przewodniczacy-sejmowej-komisji-spraw-zagranicznych\/","og_site_name":"Marek Kuchci\u0144ski","article_published_time":"2021-02-11T12:52:41+00:00","article_modified_time":"2021-02-12T12:21:23+00:00","og_image":[{"width":2048,"height":1363,"url":"https:\/\/marekkuchcinski.pl\/wp-content\/uploads\/2021\/02\/Wywiad-M-scaled.jpg","type":"image\/jpeg"}],"author":"Marta Olejnik","twitter_card":"summary_large_image","twitter_misc":{"Scris de":"Marta Olejnik","Timp estimat pentru citire":"4 minutes"},"schema":{"@context":"https:\/\/schema.org","@graph":[{"@type":"Article","@id":"https:\/\/marekkuchcinski.pl\/wydarzenia\/marek-kuchcinski-przewodniczacy-sejmowej-komisji-spraw-zagranicznych\/#article","isPartOf":{"@id":"https:\/\/marekkuchcinski.pl\/wydarzenia\/marek-kuchcinski-przewodniczacy-sejmowej-komisji-spraw-zagranicznych\/"},"author":{"name":"Marta Olejnik","@id":"https:\/\/marekkuchcinski.pl\/#\/schema\/person\/51d5d4ee3b5317b8e4dd2b48af359229"},"headline":"Marek Kuchci\u0144ski: Si\u0142\u0105 Grupy Wyszehradzkiej jest solidarno\u015b\u0107. Chcemy, by tak dobra wsp\u00f3\u0142praca \u0142\u0105czy\u0142a wszystkie kraje karpackie","datePublished":"2021-02-11T12:52:41+00:00","dateModified":"2021-02-12T12:21:23+00:00","mainEntityOfPage":{"@id":"https:\/\/marekkuchcinski.pl\/wydarzenia\/marek-kuchcinski-przewodniczacy-sejmowej-komisji-spraw-zagranicznych\/"},"wordCount":908,"commentCount":0,"publisher":{"@id":"https:\/\/marekkuchcinski.pl\/#organization"},"image":{"@id":"https:\/\/marekkuchcinski.pl\/wydarzenia\/marek-kuchcinski-przewodniczacy-sejmowej-komisji-spraw-zagranicznych\/#primaryimage"},"thumbnailUrl":"https:\/\/marekkuchcinski.pl\/wp-content\/uploads\/2021\/02\/Wywiad-M-scaled.jpg","articleSection":["Wydarzenia"],"inLanguage":"ro-RO","potentialAction":[{"@type":"CommentAction","name":"Comment","target":["https:\/\/marekkuchcinski.pl\/wydarzenia\/marek-kuchcinski-przewodniczacy-sejmowej-komisji-spraw-zagranicznych\/#respond"]}]},{"@type":"WebPage","@id":"https:\/\/marekkuchcinski.pl\/wydarzenia\/marek-kuchcinski-przewodniczacy-sejmowej-komisji-spraw-zagranicznych\/","url":"https:\/\/marekkuchcinski.pl\/wydarzenia\/marek-kuchcinski-przewodniczacy-sejmowej-komisji-spraw-zagranicznych\/","name":"Marek Kuchci\u0144ski: Si\u0142\u0105 Grupy Wyszehradzkiej jest solidarno\u015b\u0107. Chcemy, by tak dobra wsp\u00f3\u0142praca \u0142\u0105czy\u0142a wszystkie kraje karpackie &#8211; Marek Kuchci\u0144ski","isPartOf":{"@id":"https:\/\/marekkuchcinski.pl\/#website"},"primaryImageOfPage":{"@id":"https:\/\/marekkuchcinski.pl\/wydarzenia\/marek-kuchcinski-przewodniczacy-sejmowej-komisji-spraw-zagranicznych\/#primaryimage"},"image":{"@id":"https:\/\/marekkuchcinski.pl\/wydarzenia\/marek-kuchcinski-przewodniczacy-sejmowej-komisji-spraw-zagranicznych\/#primaryimage"},"thumbnailUrl":"https:\/\/marekkuchcinski.pl\/wp-content\/uploads\/2021\/02\/Wywiad-M-scaled.jpg","datePublished":"2021-02-11T12:52:41+00:00","dateModified":"2021-02-12T12:21:23+00:00","breadcrumb":{"@id":"https:\/\/marekkuchcinski.pl\/wydarzenia\/marek-kuchcinski-przewodniczacy-sejmowej-komisji-spraw-zagranicznych\/#breadcrumb"},"inLanguage":"ro-RO","potentialAction":[{"@type":"ReadAction","target":["https:\/\/marekkuchcinski.pl\/wydarzenia\/marek-kuchcinski-przewodniczacy-sejmowej-komisji-spraw-zagranicznych\/"]}]},{"@type":"ImageObject","inLanguage":"ro-RO","@id":"https:\/\/marekkuchcinski.pl\/wydarzenia\/marek-kuchcinski-przewodniczacy-sejmowej-komisji-spraw-zagranicznych\/#primaryimage","url":"https:\/\/marekkuchcinski.pl\/wp-content\/uploads\/2021\/02\/Wywiad-M-scaled.jpg","contentUrl":"https:\/\/marekkuchcinski.pl\/wp-content\/uploads\/2021\/02\/Wywiad-M-scaled.jpg","width":2048,"height":1363},{"@type":"BreadcrumbList","@id":"https:\/\/marekkuchcinski.pl\/wydarzenia\/marek-kuchcinski-przewodniczacy-sejmowej-komisji-spraw-zagranicznych\/#breadcrumb","itemListElement":[{"@type":"ListItem","position":1,"name":"Strona g\u0142\u00f3wna","item":"https:\/\/marekkuchcinski.pl\/"},{"@type":"ListItem","position":2,"name":"Marek Kuchci\u0144ski: Si\u0142\u0105 Grupy Wyszehradzkiej jest solidarno\u015b\u0107. Chcemy, by tak dobra wsp\u00f3\u0142praca \u0142\u0105czy\u0142a wszystkie kraje karpackie"}]},{"@type":"WebSite","@id":"https:\/\/marekkuchcinski.pl\/#website","url":"https:\/\/marekkuchcinski.pl\/","name":"Marek Kuchci\u0144ski","description":"Pose\u0142 na sejm RP &ndash; okr\u0119g nr 22","publisher":{"@id":"https:\/\/marekkuchcinski.pl\/#organization"},"potentialAction":[{"@type":"SearchAction","target":{"@type":"EntryPoint","urlTemplate":"https:\/\/marekkuchcinski.pl\/?s={search_term_string}"},"query-input":{"@type":"PropertyValueSpecification","valueRequired":true,"valueName":"search_term_string"}}],"inLanguage":"ro-RO"},{"@type":"Organization","@id":"https:\/\/marekkuchcinski.pl\/#organization","name":"Marek Kuchci\u0144ski","url":"https:\/\/marekkuchcinski.pl\/","logo":{"@type":"ImageObject","inLanguage":"ro-RO","@id":"https:\/\/marekkuchcinski.pl\/#\/schema\/logo\/image\/","url":"https:\/\/marekkuchcinski.pl\/wp-content\/uploads\/2022\/09\/Marek.jpg","contentUrl":"https:\/\/marekkuchcinski.pl\/wp-content\/uploads\/2022\/09\/Marek.jpg","width":1600,"height":971,"caption":"Marek Kuchci\u0144ski"},"image":{"@id":"https:\/\/marekkuchcinski.pl\/#\/schema\/logo\/image\/"}},{"@type":"Person","@id":"https:\/\/marekkuchcinski.pl\/#\/schema\/person\/51d5d4ee3b5317b8e4dd2b48af359229","name":"Marta Olejnik","image":{"@type":"ImageObject","inLanguage":"ro-RO","@id":"https:\/\/marekkuchcinski.pl\/#\/schema\/person\/image\/","url":"https:\/\/secure.gravatar.com\/avatar\/e39914b2aa6a48959e24d475b5dc9793?s=96&d=mm&r=g","contentUrl":"https:\/\/secure.gravatar.com\/avatar\/e39914b2aa6a48959e24d475b5dc9793?s=96&d=mm&r=g","caption":"Marta Olejnik"},"url":"https:\/\/marekkuchcinski.pl\/ro\/author\/marta\/"}]}},"_links":{"self":[{"href":"https:\/\/marekkuchcinski.pl\/ro\/wp-json\/wp\/v2\/posts\/21933","targetHints":{"allow":["GET"]}}],"collection":[{"href":"https:\/\/marekkuchcinski.pl\/ro\/wp-json\/wp\/v2\/posts"}],"about":[{"href":"https:\/\/marekkuchcinski.pl\/ro\/wp-json\/wp\/v2\/types\/post"}],"author":[{"embeddable":true,"href":"https:\/\/marekkuchcinski.pl\/ro\/wp-json\/wp\/v2\/users\/21"}],"replies":[{"embeddable":true,"href":"https:\/\/marekkuchcinski.pl\/ro\/wp-json\/wp\/v2\/comments?post=21933"}],"version-history":[{"count":21,"href":"https:\/\/marekkuchcinski.pl\/ro\/wp-json\/wp\/v2\/posts\/21933\/revisions"}],"predecessor-version":[{"id":21970,"href":"https:\/\/marekkuchcinski.pl\/ro\/wp-json\/wp\/v2\/posts\/21933\/revisions\/21970"}],"wp:featuredmedia":[{"embeddable":true,"href":"https:\/\/marekkuchcinski.pl\/ro\/wp-json\/wp\/v2\/media\/21940"}],"wp:attachment":[{"href":"https:\/\/marekkuchcinski.pl\/ro\/wp-json\/wp\/v2\/media?parent=21933"}],"wp:term":[{"taxonomy":"category","embeddable":true,"href":"https:\/\/marekkuchcinski.pl\/ro\/wp-json\/wp\/v2\/categories?post=21933"},{"taxonomy":"post_tag","embeddable":true,"href":"https:\/\/marekkuchcinski.pl\/ro\/wp-json\/wp\/v2\/tags?post=21933"}],"curies":[{"name":"wp","href":"https:\/\/api.w.org\/{rel}","templated":true}]}}