{"id":21867,"date":"2021-02-04T13:20:14","date_gmt":"2021-02-04T12:20:14","guid":{"rendered":"https:\/\/marekkuchcinski.pl\/?p=21867"},"modified":"2021-02-04T13:39:36","modified_gmt":"2021-02-04T12:39:36","slug":"wspolna-deklaracja-komisji-spraw-zagranicznych-sejmu-rzeczypospolitej-polskiej-i-seimasu-republiki-litewskiej-w-275-rocznice-urodzin-tadeusza-kosciuszki","status":"publish","type":"post","link":"https:\/\/marekkuchcinski.pl\/ro\/bez-kategorii\/wspolna-deklaracja-komisji-spraw-zagranicznych-sejmu-rzeczypospolitej-polskiej-i-seimasu-republiki-litewskiej-w-275-rocznice-urodzin-tadeusza-kosciuszki\/","title":{"rendered":"Wsp\u00f3lna deklaracja Komisji Spraw Zagranicznych Sejmu Rzeczypospolitej Polskiej i Seimasu Republiki Litewskiej w 275. rocznic\u0119 urodzin Tadeusza Ko\u015bciuszki"},"content":{"rendered":"<p class=\"wp-block-paragraph\">4 lutego mija 275. rocznica urodzin Tadeusza Ko\u015bciuszki. Komisje Spraw Zagranicznych Sejmu Rzeczypospolitej Polskiej i Seimasu Republiki Litewskiej przyj\u0119\u0142y wsp\u00f3lnie uchwa\u0142\u0119 upami\u0119tniaj\u0105c\u0105 t\u0119 wybitn\u0105 posta\u0107.<\/p>\n\n\n\n<div class=\"wp-block-image\"><figure class=\"aligncenter size-large\"><a href=\"https:\/\/marekkuchcinski.pl\/wp-content\/uploads\/2021\/02\/Tadeusz_Kosciuszko-1.png\"><img fetchpriority=\"high\" decoding=\"async\" width=\"500\" height=\"667\" src=\"https:\/\/marekkuchcinski.pl\/wp-content\/uploads\/2021\/02\/Tadeusz_Kosciuszko-1.png\" alt=\"\" class=\"wp-image-21874\" srcset=\"https:\/\/marekkuchcinski.pl\/wp-content\/uploads\/2021\/02\/Tadeusz_Kosciuszko-1.png 500w, https:\/\/marekkuchcinski.pl\/wp-content\/uploads\/2021\/02\/Tadeusz_Kosciuszko-1-225x300.png 225w, https:\/\/marekkuchcinski.pl\/wp-content\/uploads\/2021\/02\/Tadeusz_Kosciuszko-1-9x12.png 9w\" sizes=\"(max-width: 500px) 100vw, 500px\" \/><\/a><\/figure><\/div>\n\n\n\n<p class=\"has-text-align-center wp-block-paragraph\"><strong>STANOWISKO<\/strong><\/p>\n\n\n\n<p class=\"has-text-align-center wp-block-paragraph\"><strong>Komisji Spraw Zagranicznych Sejmu Rzeczypospolitej Polskiej<\/strong><\/p>\n\n\n\n<p class=\"has-text-align-center wp-block-paragraph\"><strong>z dnia 4 lutego 2021 r.<\/strong><\/p>\n\n\n\n<p class=\"wp-block-paragraph\"><\/p>\n\n\n\n<p class=\"wp-block-paragraph\"><\/p>\n\n\n\n<p class=\"has-text-align-center wp-block-paragraph\"><strong>Wsp\u00f3lna deklaracja<br>Komisji Spraw Zagranicznych Sejmu Rzeczypospolitej Polskiej i Seimasu Republiki Litewskiej w 275. rocznic\u0119 urodzin Tadeusza Ko\u015bciuszki<\/strong><\/p>\n\n\n\n<p class=\"wp-block-paragraph\">My, parlamentarzy\u015bci Rzeczypospolitej Polskiej i Republiki Litewskiej przywo\u0142ujemy wsp\u00f3lnie pami\u0119\u0107 o Tadeuszu Ko\u015bciuszce w 275. rocznic\u0119 jego urodzin.<\/p>\n\n\n\n<p class=\"wp-block-paragraph\">Tadeusz Ko\u015bciuszko urodzi\u0142 si\u0119 4 lutego 1746 roku na Polesiu, w historycznym Wielkim Ksi\u0119stwie Litewskim, obecnie w granicach pa\u0144stwa bia\u0142oruskiego, kt\u00f3rego niepodleg\u0142o\u015b\u0107 jest dla nas wyj\u0105tkowo wa\u017cna. Ko\u015bciuszko by\u0142 wybitnym synem Rzeczypospolitej Obojga Narod\u00f3w, dzielnym obro\u0144c\u0105 jej wolno\u015bci i praw oraz bohaterem wojny o niepodleg\u0142o\u015b\u0107 Stan\u00f3w Zjednoczonych. By\u0142y mu bliskie idea\u0142y wolno\u015bci i braterstwa oraz sprawiedliwo\u015bci spo\u0142ecznej, a tak\u017ce r\u00f3wno\u015bci wobec prawa. Dawa\u0142 temu wyraz wykupuj\u0105c niewolnik\u00f3w w Ameryce oraz uw\u0142aszczaj\u0105c ch\u0142op\u00f3w w swoim maj\u0105tku.<\/p>\n\n\n\n<p class=\"wp-block-paragraph\">Tadeusz Ko\u015bciuszko jest cz\u0119\u015bci\u0105 wsp\u00f3lnej spu\u015bcizny wszystkich narod\u00f3w historycznej Rzeczypospolitej Obojga Narod\u00f3w i demokratycznych tradycji Stan\u00f3w Zjednoczonych, naszych wsp\u00f3lnych idea\u0142\u00f3w wolno\u015bci i niepodleg\u0142o\u015bci oraz niezbywalnych praw naszych obywateli do godnego i wolnego \u017cycia.<\/p>\n\n\n\n<p class=\"wp-block-paragraph\">My, przedstawiciele naszych narod\u00f3w, wybrani w spos\u00f3b wolny<br>i demokratyczny, zwracamy si\u0119 ze s\u0142owami solidarno\u015bci do narodu bia\u0142oruskiego, kt\u00f3ry domaga si\u0119 demokratycznych przemian w kraju po kolejnych sfa\u0142szowanych wyborach 9 sierpnia, zorganizowanych przez nielegalny re\u017cim \u0141ukaszenki. Solidaryzujemy si\u0119 z Bia\u0142orusinami, kt\u00f3rzy byli i s\u0105 prze\u015bladowani za upominanie si\u0119 o prawo do podstawowych wolno\u015bci obywatelskich, w tym przede wszystkim do wolnych i uczciwych wybor\u00f3w, najszybciej jak to mo\u017cliwe w tym roku. Szczeg\u00f3lne s\u0142owa kierujemy do wszystkich, kt\u00f3rzy za swoj\u0105 odwa\u017cn\u0105 postaw\u0119 zostali wtr\u0105ceni do wi\u0119zie\u0144 i s\u0105 aresztowani lub zatrzymani. Wspieramy tak\u017ce ich rodziny i najbli\u017cszych. Pami\u0119tamy o zamordowanych w walce o godne \u017cycie.<\/p>\n\n\n\n<p class=\"wp-block-paragraph\">Wspominamy Tadeusza Ko\u015bciuszk\u0119, kt\u00f3ry symbolizuje ide\u0119 jednoczenia narod\u00f3w wok\u00f3\u0142 wa\u017cnych spraw takich jak wolno\u015b\u0107 i niepodleg\u0142o\u015b\u0107 oraz szacunek dla narodowej to\u017csamo\u015bci. Wspominamy go, gdy\u017c czujemy si\u0119 spadkobiercami jego dziedzictwa i wiemy, \u017ce jest niezwykle wa\u017cny dla wielu Bia\u0142orusin\u00f3w.<\/p>\n\n\n\n<p class=\"wp-block-paragraph\">Uznajemy za s\u0142uszne wysi\u0142ki naszych rz\u0105d\u00f3w ukierunkowane na niesienie pomocy prze\u015bladowanym Bia\u0142orusiom, kt\u00f3rzy zmuszeni zostali porzuci\u0107 sw\u0105 w\u0142asn\u0105 ojczyzn\u0119 oraz zach\u0119camy do poszukiwania nowych i coraz bardziej skutecznych form wsparcia narodu bia\u0142oruskiego w jego zmaganiach &nbsp;o demokratyczny kszta\u0142t w\u0142asnego pa\u0144stwa, kt\u00f3rego wolno\u015b\u0107 i niepodleg\u0142o\u015b\u0107 uwa\u017camy za fundamentalnie wa\u017cne nie tylko dla naszej regionalnej stabilno\u015bci &nbsp;i rozwoju, ale r\u00f3wnie\u017c dla bezpiecze\u0144stwa Europy i \u015bwiata transatlantyckiego.<\/p>\n\n\n\n<p class=\"wp-block-paragraph\">Dzie\u0144 ten niech zawsze przypomina nam o naszej wsp\u00f3lnej przesz\u0142o\u015bci, kt\u00f3ra zobowi\u0105zuje do wzajemnej solidarno\u015bci, do wspierania d\u0105\u017ce\u0144 do niepodleg\u0142o\u015bci pa\u0144stw i wolno\u015bci narod\u00f3w oraz poszanowania praw cz\u0142owieka i obywatela.<\/p>\n\n\n\n<p class=\"wp-block-paragraph\">Jeste\u015bmy i pozostaniemy solidarni z Bia\u0142orusi\u0105.<\/p>","protected":false},"excerpt":{"rendered":"<p>4 lutego mija 275. rocznica urodzin Tadeusza Ko\u015bciuszki. Komisje Spraw Zagranicznych Sejmu Rzeczypospolitej Polskiej i Seimasu Republiki Litewskiej przyj\u0119\u0142y wsp\u00f3lnie uchwa\u0142\u0119 upami\u0119tniaj\u0105c\u0105 t\u0119 wybitn\u0105 posta\u0107. STANOWISKO Komisji Spraw Zagranicznych Sejmu Rzeczypospolitej Polskiej z dnia 4 lutego 2021 r. Wsp\u00f3lna deklaracjaKomisji Spraw Zagranicznych Sejmu Rzeczypospolitej Polskiej i Seimasu Republiki Litewskiej w 275. rocznic\u0119 urodzin Tadeusza Ko\u015bciuszki [&hellip;]<\/p>\n","protected":false},"author":2,"featured_media":21880,"comment_status":"open","ping_status":"open","sticky":false,"template":"","format":"standard","meta":{"ngg_post_thumbnail":0,"footnotes":""},"categories":[1,3],"tags":[],"class_list":["post-21867","post","type-post","status-publish","format-standard","has-post-thumbnail","hentry","category-bez-kategorii","category-wydarzenia"],"yoast_head":"<!-- This site is optimized with the Yoast SEO plugin v28.4 - https:\/\/yoast.com\/product\/yoast-seo-wordpress\/ -->\n<title>Wsp\u00f3lna deklaracja Komisji Spraw Zagranicznych Sejmu Rzeczypospolitej Polskiej i Seimasu Republiki Litewskiej w 275. rocznic\u0119 urodzin Tadeusza Ko\u015bciuszki &#8211; Marek Kuchci\u0144ski<\/title>\n<meta name=\"robots\" content=\"index, follow, max-snippet:-1, max-image-preview:large, max-video-preview:-1\" \/>\n<link rel=\"canonical\" href=\"https:\/\/marekkuchcinski.pl\/ro\/bez-kategorii\/wspolna-deklaracja-komisji-spraw-zagranicznych-sejmu-rzeczypospolitej-polskiej-i-seimasu-republiki-litewskiej-w-275-rocznice-urodzin-tadeusza-kosciuszki\/\" \/>\n<meta property=\"og:locale\" content=\"ro_RO\" \/>\n<meta property=\"og:type\" content=\"article\" \/>\n<meta property=\"og:title\" content=\"Wsp\u00f3lna deklaracja Komisji Spraw Zagranicznych Sejmu Rzeczypospolitej Polskiej i Seimasu Republiki Litewskiej w 275. rocznic\u0119 urodzin Tadeusza Ko\u015bciuszki &#8211; Marek Kuchci\u0144ski\" \/>\n<meta property=\"og:description\" content=\"4 lutego mija 275. rocznica urodzin Tadeusza Ko\u015bciuszki. Komisje Spraw Zagranicznych Sejmu Rzeczypospolitej Polskiej i Seimasu Republiki Litewskiej przyj\u0119\u0142y wsp\u00f3lnie uchwa\u0142\u0119 upami\u0119tniaj\u0105c\u0105 t\u0119 wybitn\u0105 posta\u0107. STANOWISKO Komisji Spraw Zagranicznych Sejmu Rzeczypospolitej Polskiej z dnia 4 lutego 2021 r. Wsp\u00f3lna deklaracjaKomisji Spraw Zagranicznych Sejmu Rzeczypospolitej Polskiej i Seimasu Republiki Litewskiej w 275. rocznic\u0119 urodzin Tadeusza Ko\u015bciuszki [&hellip;]\" \/>\n<meta property=\"og:url\" content=\"https:\/\/marekkuchcinski.pl\/ro\/bez-kategorii\/wspolna-deklaracja-komisji-spraw-zagranicznych-sejmu-rzeczypospolitej-polskiej-i-seimasu-republiki-litewskiej-w-275-rocznice-urodzin-tadeusza-kosciuszki\/\" \/>\n<meta property=\"og:site_name\" content=\"Marek Kuchci\u0144ski\" \/>\n<meta property=\"article:published_time\" content=\"2021-02-04T12:20:14+00:00\" \/>\n<meta property=\"article:modified_time\" content=\"2021-02-04T12:39:36+00:00\" \/>\n<meta property=\"og:image\" content=\"https:\/\/marekkuchcinski.pl\/wp-content\/uploads\/2021\/02\/Tadeusz_Kosciuszko-1.jpg\" \/>\n\t<meta property=\"og:image:width\" content=\"500\" \/>\n\t<meta property=\"og:image:height\" content=\"385\" \/>\n\t<meta property=\"og:image:type\" content=\"image\/jpeg\" \/>\n<meta name=\"author\" content=\"Tomasz \u0141acina\" \/>\n<meta name=\"twitter:card\" content=\"summary_large_image\" \/>\n<meta name=\"twitter:label1\" content=\"Written by\" \/>\n\t<meta name=\"twitter:data1\" content=\"Tomasz \u0141acina\" \/>\n\t<meta name=\"twitter:label2\" content=\"Est. reading time\" \/>\n\t<meta name=\"twitter:data2\" content=\"3 minutes\" \/>\n<script type=\"application\/ld+json\" class=\"yoast-schema-graph\">{\"@context\":\"https:\\\/\\\/schema.org\",\"@graph\":[{\"@type\":\"Article\",\"@id\":\"https:\\\/\\\/marekkuchcinski.pl\\\/bez-kategorii\\\/wspolna-deklaracja-komisji-spraw-zagranicznych-sejmu-rzeczypospolitej-polskiej-i-seimasu-republiki-litewskiej-w-275-rocznice-urodzin-tadeusza-kosciuszki\\\/#article\",\"isPartOf\":{\"@id\":\"https:\\\/\\\/marekkuchcinski.pl\\\/bez-kategorii\\\/wspolna-deklaracja-komisji-spraw-zagranicznych-sejmu-rzeczypospolitej-polskiej-i-seimasu-republiki-litewskiej-w-275-rocznice-urodzin-tadeusza-kosciuszki\\\/\"},\"author\":{\"name\":\"Tomasz \u0141acina\",\"@id\":\"https:\\\/\\\/marekkuchcinski.pl\\\/#\\\/schema\\\/person\\\/aba1fe8aef473b9a6959c5931c34a69d\"},\"headline\":\"Wsp\u00f3lna deklaracja Komisji Spraw Zagranicznych Sejmu Rzeczypospolitej Polskiej i Seimasu Republiki Litewskiej w 275. rocznic\u0119 urodzin Tadeusza Ko\u015bciuszki\",\"datePublished\":\"2021-02-04T12:20:14+00:00\",\"dateModified\":\"2021-02-04T12:39:36+00:00\",\"mainEntityOfPage\":{\"@id\":\"https:\\\/\\\/marekkuchcinski.pl\\\/bez-kategorii\\\/wspolna-deklaracja-komisji-spraw-zagranicznych-sejmu-rzeczypospolitej-polskiej-i-seimasu-republiki-litewskiej-w-275-rocznice-urodzin-tadeusza-kosciuszki\\\/\"},\"wordCount\":553,\"commentCount\":0,\"publisher\":{\"@id\":\"https:\\\/\\\/marekkuchcinski.pl\\\/#organization\"},\"image\":{\"@id\":\"https:\\\/\\\/marekkuchcinski.pl\\\/bez-kategorii\\\/wspolna-deklaracja-komisji-spraw-zagranicznych-sejmu-rzeczypospolitej-polskiej-i-seimasu-republiki-litewskiej-w-275-rocznice-urodzin-tadeusza-kosciuszki\\\/#primaryimage\"},\"thumbnailUrl\":\"https:\\\/\\\/marekkuchcinski.pl\\\/wp-content\\\/uploads\\\/2021\\\/02\\\/Tadeusz_Kosciuszko-1.jpg\",\"articleSection\":[\"Bez kategorii\",\"Wydarzenia\"],\"inLanguage\":\"ro-RO\",\"potentialAction\":[{\"@type\":\"CommentAction\",\"name\":\"Comment\",\"target\":[\"https:\\\/\\\/marekkuchcinski.pl\\\/bez-kategorii\\\/wspolna-deklaracja-komisji-spraw-zagranicznych-sejmu-rzeczypospolitej-polskiej-i-seimasu-republiki-litewskiej-w-275-rocznice-urodzin-tadeusza-kosciuszki\\\/#respond\"]}]},{\"@type\":\"WebPage\",\"@id\":\"https:\\\/\\\/marekkuchcinski.pl\\\/bez-kategorii\\\/wspolna-deklaracja-komisji-spraw-zagranicznych-sejmu-rzeczypospolitej-polskiej-i-seimasu-republiki-litewskiej-w-275-rocznice-urodzin-tadeusza-kosciuszki\\\/\",\"url\":\"https:\\\/\\\/marekkuchcinski.pl\\\/bez-kategorii\\\/wspolna-deklaracja-komisji-spraw-zagranicznych-sejmu-rzeczypospolitej-polskiej-i-seimasu-republiki-litewskiej-w-275-rocznice-urodzin-tadeusza-kosciuszki\\\/\",\"name\":\"Wsp\u00f3lna deklaracja Komisji Spraw Zagranicznych Sejmu Rzeczypospolitej Polskiej i Seimasu Republiki Litewskiej w 275. rocznic\u0119 urodzin Tadeusza Ko\u015bciuszki &#8211; Marek Kuchci\u0144ski\",\"isPartOf\":{\"@id\":\"https:\\\/\\\/marekkuchcinski.pl\\\/#website\"},\"primaryImageOfPage\":{\"@id\":\"https:\\\/\\\/marekkuchcinski.pl\\\/bez-kategorii\\\/wspolna-deklaracja-komisji-spraw-zagranicznych-sejmu-rzeczypospolitej-polskiej-i-seimasu-republiki-litewskiej-w-275-rocznice-urodzin-tadeusza-kosciuszki\\\/#primaryimage\"},\"image\":{\"@id\":\"https:\\\/\\\/marekkuchcinski.pl\\\/bez-kategorii\\\/wspolna-deklaracja-komisji-spraw-zagranicznych-sejmu-rzeczypospolitej-polskiej-i-seimasu-republiki-litewskiej-w-275-rocznice-urodzin-tadeusza-kosciuszki\\\/#primaryimage\"},\"thumbnailUrl\":\"https:\\\/\\\/marekkuchcinski.pl\\\/wp-content\\\/uploads\\\/2021\\\/02\\\/Tadeusz_Kosciuszko-1.jpg\",\"datePublished\":\"2021-02-04T12:20:14+00:00\",\"dateModified\":\"2021-02-04T12:39:36+00:00\",\"breadcrumb\":{\"@id\":\"https:\\\/\\\/marekkuchcinski.pl\\\/bez-kategorii\\\/wspolna-deklaracja-komisji-spraw-zagranicznych-sejmu-rzeczypospolitej-polskiej-i-seimasu-republiki-litewskiej-w-275-rocznice-urodzin-tadeusza-kosciuszki\\\/#breadcrumb\"},\"inLanguage\":\"ro-RO\",\"potentialAction\":[{\"@type\":\"ReadAction\",\"target\":[\"https:\\\/\\\/marekkuchcinski.pl\\\/bez-kategorii\\\/wspolna-deklaracja-komisji-spraw-zagranicznych-sejmu-rzeczypospolitej-polskiej-i-seimasu-republiki-litewskiej-w-275-rocznice-urodzin-tadeusza-kosciuszki\\\/\"]}]},{\"@type\":\"ImageObject\",\"inLanguage\":\"ro-RO\",\"@id\":\"https:\\\/\\\/marekkuchcinski.pl\\\/bez-kategorii\\\/wspolna-deklaracja-komisji-spraw-zagranicznych-sejmu-rzeczypospolitej-polskiej-i-seimasu-republiki-litewskiej-w-275-rocznice-urodzin-tadeusza-kosciuszki\\\/#primaryimage\",\"url\":\"https:\\\/\\\/marekkuchcinski.pl\\\/wp-content\\\/uploads\\\/2021\\\/02\\\/Tadeusz_Kosciuszko-1.jpg\",\"contentUrl\":\"https:\\\/\\\/marekkuchcinski.pl\\\/wp-content\\\/uploads\\\/2021\\\/02\\\/Tadeusz_Kosciuszko-1.jpg\",\"width\":500,\"height\":385},{\"@type\":\"BreadcrumbList\",\"@id\":\"https:\\\/\\\/marekkuchcinski.pl\\\/bez-kategorii\\\/wspolna-deklaracja-komisji-spraw-zagranicznych-sejmu-rzeczypospolitej-polskiej-i-seimasu-republiki-litewskiej-w-275-rocznice-urodzin-tadeusza-kosciuszki\\\/#breadcrumb\",\"itemListElement\":[{\"@type\":\"ListItem\",\"position\":1,\"name\":\"Strona g\u0142\u00f3wna\",\"item\":\"https:\\\/\\\/marekkuchcinski.pl\\\/\"},{\"@type\":\"ListItem\",\"position\":2,\"name\":\"Wsp\u00f3lna deklaracja Komisji Spraw Zagranicznych Sejmu Rzeczypospolitej Polskiej i Seimasu Republiki Litewskiej w 275. rocznic\u0119 urodzin Tadeusza Ko\u015bciuszki\"}]},{\"@type\":\"WebSite\",\"@id\":\"https:\\\/\\\/marekkuchcinski.pl\\\/#website\",\"url\":\"https:\\\/\\\/marekkuchcinski.pl\\\/\",\"name\":\"Marek Kuchci\u0144ski\",\"description\":\"Marek Kuchci\u0144ski \",\"publisher\":{\"@id\":\"https:\\\/\\\/marekkuchcinski.pl\\\/#organization\"},\"potentialAction\":[{\"@type\":\"SearchAction\",\"target\":{\"@type\":\"EntryPoint\",\"urlTemplate\":\"https:\\\/\\\/marekkuchcinski.pl\\\/?s={search_term_string}\"},\"query-input\":{\"@type\":\"PropertyValueSpecification\",\"valueRequired\":true,\"valueName\":\"search_term_string\"}}],\"inLanguage\":\"ro-RO\"},{\"@type\":\"Organization\",\"@id\":\"https:\\\/\\\/marekkuchcinski.pl\\\/#organization\",\"name\":\"Marek Kuchci\u0144ski\",\"url\":\"https:\\\/\\\/marekkuchcinski.pl\\\/\",\"logo\":{\"@type\":\"ImageObject\",\"inLanguage\":\"ro-RO\",\"@id\":\"https:\\\/\\\/marekkuchcinski.pl\\\/#\\\/schema\\\/logo\\\/image\\\/\",\"url\":\"https:\\\/\\\/marekkuchcinski.pl\\\/wp-content\\\/uploads\\\/2022\\\/09\\\/Marek.jpg\",\"contentUrl\":\"https:\\\/\\\/marekkuchcinski.pl\\\/wp-content\\\/uploads\\\/2022\\\/09\\\/Marek.jpg\",\"width\":1600,\"height\":971,\"caption\":\"Marek Kuchci\u0144ski\"},\"image\":{\"@id\":\"https:\\\/\\\/marekkuchcinski.pl\\\/#\\\/schema\\\/logo\\\/image\\\/\"}},{\"@type\":\"Person\",\"@id\":\"https:\\\/\\\/marekkuchcinski.pl\\\/#\\\/schema\\\/person\\\/aba1fe8aef473b9a6959c5931c34a69d\",\"name\":\"Tomasz \u0141acina\",\"image\":{\"@type\":\"ImageObject\",\"inLanguage\":\"ro-RO\",\"@id\":\"https:\\\/\\\/secure.gravatar.com\\\/avatar\\\/fd39e6ddb0386ca8ff9cf0a0732afdeb33a6c2f19978b6d60dfd33e5c2258908?s=96&d=mm&r=g\",\"url\":\"https:\\\/\\\/secure.gravatar.com\\\/avatar\\\/fd39e6ddb0386ca8ff9cf0a0732afdeb33a6c2f19978b6d60dfd33e5c2258908?s=96&d=mm&r=g\",\"contentUrl\":\"https:\\\/\\\/secure.gravatar.com\\\/avatar\\\/fd39e6ddb0386ca8ff9cf0a0732afdeb33a6c2f19978b6d60dfd33e5c2258908?s=96&d=mm&r=g\",\"caption\":\"Tomasz \u0141acina\"},\"url\":\"https:\\\/\\\/marekkuchcinski.pl\\\/ro\\\/author\\\/tomek-lacina\\\/\"}]}<\/script>\n<!-- \/ Yoast SEO plugin. -->","yoast_head_json":{"title":"Wsp\u00f3lna deklaracja Komisji Spraw Zagranicznych Sejmu Rzeczypospolitej Polskiej i Seimasu Republiki Litewskiej w 275. rocznic\u0119 urodzin Tadeusza Ko\u015bciuszki &#8211; Marek Kuchci\u0144ski","robots":{"index":"index","follow":"follow","max-snippet":"max-snippet:-1","max-image-preview":"max-image-preview:large","max-video-preview":"max-video-preview:-1"},"canonical":"https:\/\/marekkuchcinski.pl\/ro\/bez-kategorii\/wspolna-deklaracja-komisji-spraw-zagranicznych-sejmu-rzeczypospolitej-polskiej-i-seimasu-republiki-litewskiej-w-275-rocznice-urodzin-tadeusza-kosciuszki\/","og_locale":"ro_RO","og_type":"article","og_title":"Wsp\u00f3lna deklaracja Komisji Spraw Zagranicznych Sejmu Rzeczypospolitej Polskiej i Seimasu Republiki Litewskiej w 275. rocznic\u0119 urodzin Tadeusza Ko\u015bciuszki &#8211; Marek Kuchci\u0144ski","og_description":"4 lutego mija 275. rocznica urodzin Tadeusza Ko\u015bciuszki. Komisje Spraw Zagranicznych Sejmu Rzeczypospolitej Polskiej i Seimasu Republiki Litewskiej przyj\u0119\u0142y wsp\u00f3lnie uchwa\u0142\u0119 upami\u0119tniaj\u0105c\u0105 t\u0119 wybitn\u0105 posta\u0107. STANOWISKO Komisji Spraw Zagranicznych Sejmu Rzeczypospolitej Polskiej z dnia 4 lutego 2021 r. Wsp\u00f3lna deklaracjaKomisji Spraw Zagranicznych Sejmu Rzeczypospolitej Polskiej i Seimasu Republiki Litewskiej w 275. rocznic\u0119 urodzin Tadeusza Ko\u015bciuszki [&hellip;]","og_url":"https:\/\/marekkuchcinski.pl\/ro\/bez-kategorii\/wspolna-deklaracja-komisji-spraw-zagranicznych-sejmu-rzeczypospolitej-polskiej-i-seimasu-republiki-litewskiej-w-275-rocznice-urodzin-tadeusza-kosciuszki\/","og_site_name":"Marek Kuchci\u0144ski","article_published_time":"2021-02-04T12:20:14+00:00","article_modified_time":"2021-02-04T12:39:36+00:00","og_image":[{"width":500,"height":385,"url":"https:\/\/marekkuchcinski.pl\/wp-content\/uploads\/2021\/02\/Tadeusz_Kosciuszko-1.jpg","type":"image\/jpeg"}],"author":"Tomasz \u0141acina","twitter_card":"summary_large_image","twitter_misc":{"Written by":"Tomasz \u0141acina","Est. reading time":"3 minutes"},"schema":{"@context":"https:\/\/schema.org","@graph":[{"@type":"Article","@id":"https:\/\/marekkuchcinski.pl\/bez-kategorii\/wspolna-deklaracja-komisji-spraw-zagranicznych-sejmu-rzeczypospolitej-polskiej-i-seimasu-republiki-litewskiej-w-275-rocznice-urodzin-tadeusza-kosciuszki\/#article","isPartOf":{"@id":"https:\/\/marekkuchcinski.pl\/bez-kategorii\/wspolna-deklaracja-komisji-spraw-zagranicznych-sejmu-rzeczypospolitej-polskiej-i-seimasu-republiki-litewskiej-w-275-rocznice-urodzin-tadeusza-kosciuszki\/"},"author":{"name":"Tomasz \u0141acina","@id":"https:\/\/marekkuchcinski.pl\/#\/schema\/person\/aba1fe8aef473b9a6959c5931c34a69d"},"headline":"Wsp\u00f3lna deklaracja Komisji Spraw Zagranicznych Sejmu Rzeczypospolitej Polskiej i Seimasu Republiki Litewskiej w 275. rocznic\u0119 urodzin Tadeusza Ko\u015bciuszki","datePublished":"2021-02-04T12:20:14+00:00","dateModified":"2021-02-04T12:39:36+00:00","mainEntityOfPage":{"@id":"https:\/\/marekkuchcinski.pl\/bez-kategorii\/wspolna-deklaracja-komisji-spraw-zagranicznych-sejmu-rzeczypospolitej-polskiej-i-seimasu-republiki-litewskiej-w-275-rocznice-urodzin-tadeusza-kosciuszki\/"},"wordCount":553,"commentCount":0,"publisher":{"@id":"https:\/\/marekkuchcinski.pl\/#organization"},"image":{"@id":"https:\/\/marekkuchcinski.pl\/bez-kategorii\/wspolna-deklaracja-komisji-spraw-zagranicznych-sejmu-rzeczypospolitej-polskiej-i-seimasu-republiki-litewskiej-w-275-rocznice-urodzin-tadeusza-kosciuszki\/#primaryimage"},"thumbnailUrl":"https:\/\/marekkuchcinski.pl\/wp-content\/uploads\/2021\/02\/Tadeusz_Kosciuszko-1.jpg","articleSection":["Bez kategorii","Wydarzenia"],"inLanguage":"ro-RO","potentialAction":[{"@type":"CommentAction","name":"Comment","target":["https:\/\/marekkuchcinski.pl\/bez-kategorii\/wspolna-deklaracja-komisji-spraw-zagranicznych-sejmu-rzeczypospolitej-polskiej-i-seimasu-republiki-litewskiej-w-275-rocznice-urodzin-tadeusza-kosciuszki\/#respond"]}]},{"@type":"WebPage","@id":"https:\/\/marekkuchcinski.pl\/bez-kategorii\/wspolna-deklaracja-komisji-spraw-zagranicznych-sejmu-rzeczypospolitej-polskiej-i-seimasu-republiki-litewskiej-w-275-rocznice-urodzin-tadeusza-kosciuszki\/","url":"https:\/\/marekkuchcinski.pl\/bez-kategorii\/wspolna-deklaracja-komisji-spraw-zagranicznych-sejmu-rzeczypospolitej-polskiej-i-seimasu-republiki-litewskiej-w-275-rocznice-urodzin-tadeusza-kosciuszki\/","name":"Wsp\u00f3lna deklaracja Komisji Spraw Zagranicznych Sejmu Rzeczypospolitej Polskiej i Seimasu Republiki Litewskiej w 275. rocznic\u0119 urodzin Tadeusza Ko\u015bciuszki &#8211; Marek Kuchci\u0144ski","isPartOf":{"@id":"https:\/\/marekkuchcinski.pl\/#website"},"primaryImageOfPage":{"@id":"https:\/\/marekkuchcinski.pl\/bez-kategorii\/wspolna-deklaracja-komisji-spraw-zagranicznych-sejmu-rzeczypospolitej-polskiej-i-seimasu-republiki-litewskiej-w-275-rocznice-urodzin-tadeusza-kosciuszki\/#primaryimage"},"image":{"@id":"https:\/\/marekkuchcinski.pl\/bez-kategorii\/wspolna-deklaracja-komisji-spraw-zagranicznych-sejmu-rzeczypospolitej-polskiej-i-seimasu-republiki-litewskiej-w-275-rocznice-urodzin-tadeusza-kosciuszki\/#primaryimage"},"thumbnailUrl":"https:\/\/marekkuchcinski.pl\/wp-content\/uploads\/2021\/02\/Tadeusz_Kosciuszko-1.jpg","datePublished":"2021-02-04T12:20:14+00:00","dateModified":"2021-02-04T12:39:36+00:00","breadcrumb":{"@id":"https:\/\/marekkuchcinski.pl\/bez-kategorii\/wspolna-deklaracja-komisji-spraw-zagranicznych-sejmu-rzeczypospolitej-polskiej-i-seimasu-republiki-litewskiej-w-275-rocznice-urodzin-tadeusza-kosciuszki\/#breadcrumb"},"inLanguage":"ro-RO","potentialAction":[{"@type":"ReadAction","target":["https:\/\/marekkuchcinski.pl\/bez-kategorii\/wspolna-deklaracja-komisji-spraw-zagranicznych-sejmu-rzeczypospolitej-polskiej-i-seimasu-republiki-litewskiej-w-275-rocznice-urodzin-tadeusza-kosciuszki\/"]}]},{"@type":"ImageObject","inLanguage":"ro-RO","@id":"https:\/\/marekkuchcinski.pl\/bez-kategorii\/wspolna-deklaracja-komisji-spraw-zagranicznych-sejmu-rzeczypospolitej-polskiej-i-seimasu-republiki-litewskiej-w-275-rocznice-urodzin-tadeusza-kosciuszki\/#primaryimage","url":"https:\/\/marekkuchcinski.pl\/wp-content\/uploads\/2021\/02\/Tadeusz_Kosciuszko-1.jpg","contentUrl":"https:\/\/marekkuchcinski.pl\/wp-content\/uploads\/2021\/02\/Tadeusz_Kosciuszko-1.jpg","width":500,"height":385},{"@type":"BreadcrumbList","@id":"https:\/\/marekkuchcinski.pl\/bez-kategorii\/wspolna-deklaracja-komisji-spraw-zagranicznych-sejmu-rzeczypospolitej-polskiej-i-seimasu-republiki-litewskiej-w-275-rocznice-urodzin-tadeusza-kosciuszki\/#breadcrumb","itemListElement":[{"@type":"ListItem","position":1,"name":"Strona g\u0142\u00f3wna","item":"https:\/\/marekkuchcinski.pl\/"},{"@type":"ListItem","position":2,"name":"Wsp\u00f3lna deklaracja Komisji Spraw Zagranicznych Sejmu Rzeczypospolitej Polskiej i Seimasu Republiki Litewskiej w 275. rocznic\u0119 urodzin Tadeusza Ko\u015bciuszki"}]},{"@type":"WebSite","@id":"https:\/\/marekkuchcinski.pl\/#website","url":"https:\/\/marekkuchcinski.pl\/","name":"Marek Kuchci\u0144ski","description":"Marek Kuchci\u0144ski","publisher":{"@id":"https:\/\/marekkuchcinski.pl\/#organization"},"potentialAction":[{"@type":"SearchAction","target":{"@type":"EntryPoint","urlTemplate":"https:\/\/marekkuchcinski.pl\/?s={search_term_string}"},"query-input":{"@type":"PropertyValueSpecification","valueRequired":true,"valueName":"search_term_string"}}],"inLanguage":"ro-RO"},{"@type":"Organization","@id":"https:\/\/marekkuchcinski.pl\/#organization","name":"Marek Kuchci\u0144ski","url":"https:\/\/marekkuchcinski.pl\/","logo":{"@type":"ImageObject","inLanguage":"ro-RO","@id":"https:\/\/marekkuchcinski.pl\/#\/schema\/logo\/image\/","url":"https:\/\/marekkuchcinski.pl\/wp-content\/uploads\/2022\/09\/Marek.jpg","contentUrl":"https:\/\/marekkuchcinski.pl\/wp-content\/uploads\/2022\/09\/Marek.jpg","width":1600,"height":971,"caption":"Marek Kuchci\u0144ski"},"image":{"@id":"https:\/\/marekkuchcinski.pl\/#\/schema\/logo\/image\/"}},{"@type":"Person","@id":"https:\/\/marekkuchcinski.pl\/#\/schema\/person\/aba1fe8aef473b9a6959c5931c34a69d","name":"Tomasz \u0141acina","image":{"@type":"ImageObject","inLanguage":"ro-RO","@id":"https:\/\/secure.gravatar.com\/avatar\/fd39e6ddb0386ca8ff9cf0a0732afdeb33a6c2f19978b6d60dfd33e5c2258908?s=96&d=mm&r=g","url":"https:\/\/secure.gravatar.com\/avatar\/fd39e6ddb0386ca8ff9cf0a0732afdeb33a6c2f19978b6d60dfd33e5c2258908?s=96&d=mm&r=g","contentUrl":"https:\/\/secure.gravatar.com\/avatar\/fd39e6ddb0386ca8ff9cf0a0732afdeb33a6c2f19978b6d60dfd33e5c2258908?s=96&d=mm&r=g","caption":"Tomasz \u0141acina"},"url":"https:\/\/marekkuchcinski.pl\/ro\/author\/tomek-lacina\/"}]}},"_links":{"self":[{"href":"https:\/\/marekkuchcinski.pl\/ro\/wp-json\/wp\/v2\/posts\/21867","targetHints":{"allow":["GET"]}}],"collection":[{"href":"https:\/\/marekkuchcinski.pl\/ro\/wp-json\/wp\/v2\/posts"}],"about":[{"href":"https:\/\/marekkuchcinski.pl\/ro\/wp-json\/wp\/v2\/types\/post"}],"author":[{"embeddable":true,"href":"https:\/\/marekkuchcinski.pl\/ro\/wp-json\/wp\/v2\/users\/2"}],"replies":[{"embeddable":true,"href":"https:\/\/marekkuchcinski.pl\/ro\/wp-json\/wp\/v2\/comments?post=21867"}],"version-history":[{"count":9,"href":"https:\/\/marekkuchcinski.pl\/ro\/wp-json\/wp\/v2\/posts\/21867\/revisions"}],"predecessor-version":[{"id":21884,"href":"https:\/\/marekkuchcinski.pl\/ro\/wp-json\/wp\/v2\/posts\/21867\/revisions\/21884"}],"wp:featuredmedia":[{"embeddable":true,"href":"https:\/\/marekkuchcinski.pl\/ro\/wp-json\/wp\/v2\/media\/21880"}],"wp:attachment":[{"href":"https:\/\/marekkuchcinski.pl\/ro\/wp-json\/wp\/v2\/media?parent=21867"}],"wp:term":[{"taxonomy":"category","embeddable":true,"href":"https:\/\/marekkuchcinski.pl\/ro\/wp-json\/wp\/v2\/categories?post=21867"},{"taxonomy":"post_tag","embeddable":true,"href":"https:\/\/marekkuchcinski.pl\/ro\/wp-json\/wp\/v2\/tags?post=21867"}],"curies":[{"name":"wp","href":"https:\/\/api.w.org\/{rel}","templated":true}]}}