{"id":21857,"date":"2021-02-02T09:44:00","date_gmt":"2021-02-02T08:44:00","guid":{"rendered":"https:\/\/marekkuchcinski.pl\/?p=21857"},"modified":"2021-02-02T10:22:23","modified_gmt":"2021-02-02T09:22:23","slug":"jak-rozwijac-bieszczady-zachowujac-ich-dziedzictwo-i-dzika-przyrode","status":"publish","type":"post","link":"https:\/\/marekkuchcinski.pl\/ro\/wydarzenia\/jak-rozwijac-bieszczady-zachowujac-ich-dziedzictwo-i-dzika-przyrode\/","title":{"rendered":"Jak rozwija\u0107 Bieszczady, zachowuj\u0105c ich dziedzictwo i dzik\u0105 przyrod\u0119?"},"content":{"rendered":"<div class=\"wp-block-image\"><figure class=\"aligncenter size-large\"><a href=\"https:\/\/marekkuchcinski.pl\/wp-content\/uploads\/2021\/02\/145372987_482649986263480_3025212634758848190_n.jpg\"><img fetchpriority=\"high\" decoding=\"async\" width=\"563\" height=\"375\" src=\"https:\/\/marekkuchcinski.pl\/wp-content\/uploads\/2021\/02\/145372987_482649986263480_3025212634758848190_n.jpg\" alt=\"\" class=\"wp-image-21863\" srcset=\"https:\/\/marekkuchcinski.pl\/wp-content\/uploads\/2021\/02\/145372987_482649986263480_3025212634758848190_n.jpg 563w, https:\/\/marekkuchcinski.pl\/wp-content\/uploads\/2021\/02\/145372987_482649986263480_3025212634758848190_n-300x200.jpg 300w, https:\/\/marekkuchcinski.pl\/wp-content\/uploads\/2021\/02\/145372987_482649986263480_3025212634758848190_n-16x12.jpg 16w\" sizes=\"(max-width: 563px) 100vw, 563px\" \/><\/a><\/figure><\/div>\n\n\n\n<p class=\"wp-block-paragraph\">Bieszczady daj\u0105 nam tak wiele, ale r\u00f3wnocze\u015bnie potrzebuj\u0105 inwestycji; r\u00f3wnomiernego rozwoju i wzmocnienia potencja\u0142u, jakim jest dziedzictwo przyrodnicze i kulturowe.<\/p>\n\n\n\n<p class=\"wp-block-paragraph\">Spotkanie Zarz\u0105du Powiatu Bieszczadzkiego by\u0142o pretekstem, \u017ceby poruszy\u0107 te\u017c kwesti\u0119 intensyfikacji wsp\u00f3\u0142pracy transgranicznej, bo handel przygraniczny to wzrost PKB, wykorzystanie teren\u00f3w pogranicza to wi\u0119ksza atrakcyjno\u015b\u0107, a rozproszenie ruchu turystycznego to korzy\u015bci dla przyrody. To tak\u017ce wsp\u00f3lne przedsi\u0119wzi\u0119cia inwestycyjne i wsp\u00f3lna przestrze\u0144 gospodarcza, lepsza oferta przynosz\u0105ca korzy\u015bci obu stronom.<\/p>\n\n\n\n<p class=\"wp-block-paragraph\">Kluczowym projektem regionu ma by\u0107 Bieszczadzkie Centrum Dziedzictwa, gdzie zabytkowe, zrewitalizowane obiekty i obszary ponaftowe przeistocz\u0105 si\u0119 w przestrze\u0144 dla koncert\u00f3w, wystaw czy konferencji. Pozyskana od Orlenu dzia\u0142ka daje za\u015b mo\u017cliwo\u015bci na powstanie miejsc relaksu czy centrum handlowego, sk\u0105d b\u0119dzie mo\u017cna zabra\u0107 cz\u0105stk\u0119 lokalnego artyzmu w postaci wyrob\u00f3w rzemie\u015blniczych czy kulinarnych.<\/p>\n\n\n\n<p class=\"wp-block-paragraph\">Zadbamy o ducha, ale i o zdrowie, bo&nbsp;zrewitalizowany szpital w Ustrzykach Dolnych staje si\u0119 miejscem nastawionym na diagnostyk\u0119 z ma\u0142\u0105 zabiegowo\u015bci\u0105, zabezpieczaj\u0105cym podstawowe potrzeby zdrowotne (interna z pediatri\u0105 i poradnie) z rozwini\u0119t\u0105&nbsp; opiek\u0105 d\u0142ugoterminow\u0105 (ZO i rehabilitacja) oraz opieka pozaszpitalana nad osobami starszymi i przewlekle chorymi.<\/p>\n\n\n\n<p class=\"wp-block-paragraph\">Ogromn\u0105 szans\u0105 dla regionu jest tak\u017ce Centralny O\u015brodek Sportu. COS-y s\u0105 miejscami, w kt\u00f3rych trenuj\u0105 reprezentacje narodowe na r\u00f3\u017cnych szczeblach. Polskie zwi\u0105zki sportowe szkol\u0105 tam m\u0142odzie\u017c i zawodnik\u00f3w o \u015bwiatowej renomie. O\u015brodki takie s\u0105 wi\u0119c oblegane przez zawodnik\u00f3w z ca\u0142ego kraju. Je\u015bli jednak s\u0105 dobrze wyposa\u017cone i maj\u0105 nowoczesn\u0105 infrastruktur\u0119, generuj\u0105 tak\u017ce zainteresowanie zagranicznych go\u015bci. To jednak nie koniec. Cz\u0119sto COS jest sercem \u017cycia sportowego dla ca\u0142ego regionu. W nim odbywaj\u0105 si\u0119 treningi specjalistyczne, konsultacje trenerskie, sympozja naukowe. Kolejne setki sportowc\u00f3w szukaj\u0105 miejsc w pobli\u017cu COS. To przynosi kolejne szanse na rozw\u00f3j bazy hotelowej, medycznej, rehabilitacyjnej.<\/p>\n\n\n\n<p class=\"wp-block-paragraph\">Dobrym przyk\u0142adem s\u0105 cho\u0107by COS-y w Zakopanem i Cetniewie, gdzie najlepsi na stale mieszkaj\u0105 w O\u015brodku, a dziesi\u0105tki zgrupowa\u0144 organizowanych jest jednocze\u015bnie wok\u00f3\u0142 tych obiekt\u00f3w. Nie inaczej mo\u017ce by\u0107 w przypadku Ustrzyk Dolnych. Wok\u00f3\u0142 s\u0105 bowiem skocznie narciarskie, trasy zjazdowe, biegowe, miejsca dla sport\u00f3w wodnych.<\/p>\n\n\n\n<p class=\"wp-block-paragraph\">Budowa COS to nie tylko rozw\u00f3j sportu, ale i infrastruktury hotelowej, medycznej i komunikacyjnej. Wi\u0119kszy ruch sportowc\u00f3w i turyst\u00f3w to szansa na rozw\u00f3j lotniska w Ar\u0142amowie, w planach jest tak\u017ce budowa szerokiej drogi. Jednocze\u015bnie w ca\u0142ym wojew\u00f3dztwie podkarpackim trwaj\u0105 inwestycje w baz\u0119 zwi\u0105zan\u0105 ze sportem (cho\u0107by nowoczesne Centrum Rehabilitacji i Sportu w Sanoku).<\/p>\n\n\n\n<p class=\"wp-block-paragraph\">Szacuje si\u0119, \u017ce sam O\u015brodek mo\u017ce wygenerowa\u0107 oko\u0142o 100 miejsc pracy. Drugie tyle mo\u017ce powsta\u0107 ze wsp\u00f3\u0142prac\u0105 w kategoriach komercyjnych, stoki narciarskie i skocznie \u2013 to daje mo\u017cliwo\u015bci rozwoju, jakich \u017caden inny o\u015brodek sportowy w Polsce nie ma.<\/p>\n\n\n\n<p class=\"wp-block-paragraph\"><em>mo<\/em><\/p>\n\n\n\n<div class=\"wp-block-image\"><figure class=\"aligncenter size-large\"><a href=\"https:\/\/marekkuchcinski.pl\/wp-content\/uploads\/2021\/02\/144960735_3544663902322538_8252923308094185891_n.jpg\"><img decoding=\"async\" width=\"800\" height=\"533\" src=\"https:\/\/marekkuchcinski.pl\/wp-content\/uploads\/2021\/02\/144960735_3544663902322538_8252923308094185891_n.jpg\" alt=\"\" class=\"wp-image-21858\" srcset=\"https:\/\/marekkuchcinski.pl\/wp-content\/uploads\/2021\/02\/144960735_3544663902322538_8252923308094185891_n.jpg 800w, https:\/\/marekkuchcinski.pl\/wp-content\/uploads\/2021\/02\/144960735_3544663902322538_8252923308094185891_n-300x200.jpg 300w, https:\/\/marekkuchcinski.pl\/wp-content\/uploads\/2021\/02\/144960735_3544663902322538_8252923308094185891_n-768x512.jpg 768w, https:\/\/marekkuchcinski.pl\/wp-content\/uploads\/2021\/02\/144960735_3544663902322538_8252923308094185891_n-16x12.jpg 16w\" sizes=\"(max-width: 800px) 100vw, 800px\" \/><\/a><\/figure><\/div>\n\n\n\n<div class=\"wp-block-image\"><figure class=\"aligncenter size-large\"><a href=\"https:\/\/marekkuchcinski.pl\/wp-content\/uploads\/2021\/02\/145279457_3776355025781240_4694169955119603688_n.jpg\"><img decoding=\"async\" width=\"800\" height=\"533\" src=\"https:\/\/marekkuchcinski.pl\/wp-content\/uploads\/2021\/02\/145279457_3776355025781240_4694169955119603688_n.jpg\" alt=\"\" class=\"wp-image-21859\" srcset=\"https:\/\/marekkuchcinski.pl\/wp-content\/uploads\/2021\/02\/145279457_3776355025781240_4694169955119603688_n.jpg 800w, https:\/\/marekkuchcinski.pl\/wp-content\/uploads\/2021\/02\/145279457_3776355025781240_4694169955119603688_n-300x200.jpg 300w, https:\/\/marekkuchcinski.pl\/wp-content\/uploads\/2021\/02\/145279457_3776355025781240_4694169955119603688_n-768x512.jpg 768w, https:\/\/marekkuchcinski.pl\/wp-content\/uploads\/2021\/02\/145279457_3776355025781240_4694169955119603688_n-16x12.jpg 16w\" sizes=\"(max-width: 800px) 100vw, 800px\" \/><\/a><\/figure><\/div>\n\n\n\n<p class=\"wp-block-paragraph\"><\/p>","protected":false},"excerpt":{"rendered":"<p>Bieszczady daj\u0105 nam tak wiele, ale r\u00f3wnocze\u015bnie potrzebuj\u0105 inwestycji; r\u00f3wnomiernego rozwoju i wzmocnienia potencja\u0142u, jakim jest dziedzictwo przyrodnicze i kulturowe. Spotkanie Zarz\u0105du Powiatu Bieszczadzkiego by\u0142o pretekstem, \u017ceby poruszy\u0107 te\u017c kwesti\u0119 intensyfikacji wsp\u00f3\u0142pracy transgranicznej, bo handel przygraniczny to wzrost PKB, wykorzystanie teren\u00f3w pogranicza to wi\u0119ksza atrakcyjno\u015b\u0107, a rozproszenie ruchu turystycznego to korzy\u015bci dla przyrody. To tak\u017ce [&hellip;]<\/p>\n","protected":false},"author":2,"featured_media":21863,"comment_status":"open","ping_status":"open","sticky":false,"template":"","format":"standard","meta":{"ngg_post_thumbnail":0,"footnotes":""},"categories":[49,3],"tags":[],"class_list":["post-21857","post","type-post","status-publish","format-standard","has-post-thumbnail","hentry","category-podkarpacie","category-wydarzenia"],"yoast_head":"<!-- This site is optimized with the Yoast SEO plugin v28.4 - https:\/\/yoast.com\/product\/yoast-seo-wordpress\/ -->\n<title>Jak rozwija\u0107 Bieszczady, zachowuj\u0105c ich dziedzictwo i dzik\u0105 przyrod\u0119? &#8211; Marek Kuchci\u0144ski<\/title>\n<meta name=\"robots\" content=\"index, follow, max-snippet:-1, max-image-preview:large, max-video-preview:-1\" \/>\n<link rel=\"canonical\" href=\"https:\/\/marekkuchcinski.pl\/ro\/wydarzenia\/jak-rozwijac-bieszczady-zachowujac-ich-dziedzictwo-i-dzika-przyrode\/\" \/>\n<meta property=\"og:locale\" content=\"ro_RO\" \/>\n<meta property=\"og:type\" content=\"article\" \/>\n<meta property=\"og:title\" content=\"Jak rozwija\u0107 Bieszczady, zachowuj\u0105c ich dziedzictwo i dzik\u0105 przyrod\u0119? &#8211; Marek Kuchci\u0144ski\" \/>\n<meta property=\"og:description\" content=\"Bieszczady daj\u0105 nam tak wiele, ale r\u00f3wnocze\u015bnie potrzebuj\u0105 inwestycji; r\u00f3wnomiernego rozwoju i wzmocnienia potencja\u0142u, jakim jest dziedzictwo przyrodnicze i kulturowe. Spotkanie Zarz\u0105du Powiatu Bieszczadzkiego by\u0142o pretekstem, \u017ceby poruszy\u0107 te\u017c kwesti\u0119 intensyfikacji wsp\u00f3\u0142pracy transgranicznej, bo handel przygraniczny to wzrost PKB, wykorzystanie teren\u00f3w pogranicza to wi\u0119ksza atrakcyjno\u015b\u0107, a rozproszenie ruchu turystycznego to korzy\u015bci dla przyrody. To tak\u017ce [&hellip;]\" \/>\n<meta property=\"og:url\" content=\"https:\/\/marekkuchcinski.pl\/ro\/wydarzenia\/jak-rozwijac-bieszczady-zachowujac-ich-dziedzictwo-i-dzika-przyrode\/\" \/>\n<meta property=\"og:site_name\" content=\"Marek Kuchci\u0144ski\" \/>\n<meta property=\"article:published_time\" content=\"2021-02-02T08:44:00+00:00\" \/>\n<meta property=\"article:modified_time\" content=\"2021-02-02T09:22:23+00:00\" \/>\n<meta property=\"og:image\" content=\"https:\/\/marekkuchcinski.pl\/wp-content\/uploads\/2021\/02\/145372987_482649986263480_3025212634758848190_n.jpg\" \/>\n\t<meta property=\"og:image:width\" content=\"563\" \/>\n\t<meta property=\"og:image:height\" content=\"375\" \/>\n\t<meta property=\"og:image:type\" content=\"image\/jpeg\" \/>\n<meta name=\"author\" content=\"Tomasz \u0141acina\" \/>\n<meta name=\"twitter:card\" content=\"summary_large_image\" \/>\n<meta name=\"twitter:label1\" content=\"Written by\" \/>\n\t<meta name=\"twitter:data1\" content=\"Tomasz \u0141acina\" \/>\n\t<meta name=\"twitter:label2\" content=\"Est. reading time\" \/>\n\t<meta name=\"twitter:data2\" content=\"3 minutes\" \/>\n<script type=\"application\/ld+json\" class=\"yoast-schema-graph\">{\"@context\":\"https:\\\/\\\/schema.org\",\"@graph\":[{\"@type\":\"Article\",\"@id\":\"https:\\\/\\\/marekkuchcinski.pl\\\/wydarzenia\\\/jak-rozwijac-bieszczady-zachowujac-ich-dziedzictwo-i-dzika-przyrode\\\/#article\",\"isPartOf\":{\"@id\":\"https:\\\/\\\/marekkuchcinski.pl\\\/wydarzenia\\\/jak-rozwijac-bieszczady-zachowujac-ich-dziedzictwo-i-dzika-przyrode\\\/\"},\"author\":{\"name\":\"Tomasz \u0141acina\",\"@id\":\"https:\\\/\\\/marekkuchcinski.pl\\\/#\\\/schema\\\/person\\\/aba1fe8aef473b9a6959c5931c34a69d\"},\"headline\":\"Jak rozwija\u0107 Bieszczady, zachowuj\u0105c ich dziedzictwo i dzik\u0105 przyrod\u0119?\",\"datePublished\":\"2021-02-02T08:44:00+00:00\",\"dateModified\":\"2021-02-02T09:22:23+00:00\",\"mainEntityOfPage\":{\"@id\":\"https:\\\/\\\/marekkuchcinski.pl\\\/wydarzenia\\\/jak-rozwijac-bieszczady-zachowujac-ich-dziedzictwo-i-dzika-przyrode\\\/\"},\"wordCount\":488,\"commentCount\":0,\"publisher\":{\"@id\":\"https:\\\/\\\/marekkuchcinski.pl\\\/#organization\"},\"image\":{\"@id\":\"https:\\\/\\\/marekkuchcinski.pl\\\/wydarzenia\\\/jak-rozwijac-bieszczady-zachowujac-ich-dziedzictwo-i-dzika-przyrode\\\/#primaryimage\"},\"thumbnailUrl\":\"https:\\\/\\\/marekkuchcinski.pl\\\/wp-content\\\/uploads\\\/2021\\\/02\\\/145372987_482649986263480_3025212634758848190_n.jpg\",\"articleSection\":[\"Podkarpacie\",\"Wydarzenia\"],\"inLanguage\":\"ro-RO\",\"potentialAction\":[{\"@type\":\"CommentAction\",\"name\":\"Comment\",\"target\":[\"https:\\\/\\\/marekkuchcinski.pl\\\/wydarzenia\\\/jak-rozwijac-bieszczady-zachowujac-ich-dziedzictwo-i-dzika-przyrode\\\/#respond\"]}]},{\"@type\":\"WebPage\",\"@id\":\"https:\\\/\\\/marekkuchcinski.pl\\\/wydarzenia\\\/jak-rozwijac-bieszczady-zachowujac-ich-dziedzictwo-i-dzika-przyrode\\\/\",\"url\":\"https:\\\/\\\/marekkuchcinski.pl\\\/wydarzenia\\\/jak-rozwijac-bieszczady-zachowujac-ich-dziedzictwo-i-dzika-przyrode\\\/\",\"name\":\"Jak rozwija\u0107 Bieszczady, zachowuj\u0105c ich dziedzictwo i dzik\u0105 przyrod\u0119? &#8211; Marek Kuchci\u0144ski\",\"isPartOf\":{\"@id\":\"https:\\\/\\\/marekkuchcinski.pl\\\/#website\"},\"primaryImageOfPage\":{\"@id\":\"https:\\\/\\\/marekkuchcinski.pl\\\/wydarzenia\\\/jak-rozwijac-bieszczady-zachowujac-ich-dziedzictwo-i-dzika-przyrode\\\/#primaryimage\"},\"image\":{\"@id\":\"https:\\\/\\\/marekkuchcinski.pl\\\/wydarzenia\\\/jak-rozwijac-bieszczady-zachowujac-ich-dziedzictwo-i-dzika-przyrode\\\/#primaryimage\"},\"thumbnailUrl\":\"https:\\\/\\\/marekkuchcinski.pl\\\/wp-content\\\/uploads\\\/2021\\\/02\\\/145372987_482649986263480_3025212634758848190_n.jpg\",\"datePublished\":\"2021-02-02T08:44:00+00:00\",\"dateModified\":\"2021-02-02T09:22:23+00:00\",\"breadcrumb\":{\"@id\":\"https:\\\/\\\/marekkuchcinski.pl\\\/wydarzenia\\\/jak-rozwijac-bieszczady-zachowujac-ich-dziedzictwo-i-dzika-przyrode\\\/#breadcrumb\"},\"inLanguage\":\"ro-RO\",\"potentialAction\":[{\"@type\":\"ReadAction\",\"target\":[\"https:\\\/\\\/marekkuchcinski.pl\\\/wydarzenia\\\/jak-rozwijac-bieszczady-zachowujac-ich-dziedzictwo-i-dzika-przyrode\\\/\"]}]},{\"@type\":\"ImageObject\",\"inLanguage\":\"ro-RO\",\"@id\":\"https:\\\/\\\/marekkuchcinski.pl\\\/wydarzenia\\\/jak-rozwijac-bieszczady-zachowujac-ich-dziedzictwo-i-dzika-przyrode\\\/#primaryimage\",\"url\":\"https:\\\/\\\/marekkuchcinski.pl\\\/wp-content\\\/uploads\\\/2021\\\/02\\\/145372987_482649986263480_3025212634758848190_n.jpg\",\"contentUrl\":\"https:\\\/\\\/marekkuchcinski.pl\\\/wp-content\\\/uploads\\\/2021\\\/02\\\/145372987_482649986263480_3025212634758848190_n.jpg\",\"width\":563,\"height\":375},{\"@type\":\"BreadcrumbList\",\"@id\":\"https:\\\/\\\/marekkuchcinski.pl\\\/wydarzenia\\\/jak-rozwijac-bieszczady-zachowujac-ich-dziedzictwo-i-dzika-przyrode\\\/#breadcrumb\",\"itemListElement\":[{\"@type\":\"ListItem\",\"position\":1,\"name\":\"Strona g\u0142\u00f3wna\",\"item\":\"https:\\\/\\\/marekkuchcinski.pl\\\/\"},{\"@type\":\"ListItem\",\"position\":2,\"name\":\"Jak rozwija\u0107 Bieszczady, zachowuj\u0105c ich dziedzictwo i dzik\u0105 przyrod\u0119?\"}]},{\"@type\":\"WebSite\",\"@id\":\"https:\\\/\\\/marekkuchcinski.pl\\\/#website\",\"url\":\"https:\\\/\\\/marekkuchcinski.pl\\\/\",\"name\":\"Marek Kuchci\u0144ski\",\"description\":\"Marek Kuchci\u0144ski \",\"publisher\":{\"@id\":\"https:\\\/\\\/marekkuchcinski.pl\\\/#organization\"},\"potentialAction\":[{\"@type\":\"SearchAction\",\"target\":{\"@type\":\"EntryPoint\",\"urlTemplate\":\"https:\\\/\\\/marekkuchcinski.pl\\\/?s={search_term_string}\"},\"query-input\":{\"@type\":\"PropertyValueSpecification\",\"valueRequired\":true,\"valueName\":\"search_term_string\"}}],\"inLanguage\":\"ro-RO\"},{\"@type\":\"Organization\",\"@id\":\"https:\\\/\\\/marekkuchcinski.pl\\\/#organization\",\"name\":\"Marek Kuchci\u0144ski\",\"url\":\"https:\\\/\\\/marekkuchcinski.pl\\\/\",\"logo\":{\"@type\":\"ImageObject\",\"inLanguage\":\"ro-RO\",\"@id\":\"https:\\\/\\\/marekkuchcinski.pl\\\/#\\\/schema\\\/logo\\\/image\\\/\",\"url\":\"https:\\\/\\\/marekkuchcinski.pl\\\/wp-content\\\/uploads\\\/2022\\\/09\\\/Marek.jpg\",\"contentUrl\":\"https:\\\/\\\/marekkuchcinski.pl\\\/wp-content\\\/uploads\\\/2022\\\/09\\\/Marek.jpg\",\"width\":1600,\"height\":971,\"caption\":\"Marek Kuchci\u0144ski\"},\"image\":{\"@id\":\"https:\\\/\\\/marekkuchcinski.pl\\\/#\\\/schema\\\/logo\\\/image\\\/\"}},{\"@type\":\"Person\",\"@id\":\"https:\\\/\\\/marekkuchcinski.pl\\\/#\\\/schema\\\/person\\\/aba1fe8aef473b9a6959c5931c34a69d\",\"name\":\"Tomasz \u0141acina\",\"image\":{\"@type\":\"ImageObject\",\"inLanguage\":\"ro-RO\",\"@id\":\"https:\\\/\\\/secure.gravatar.com\\\/avatar\\\/fd39e6ddb0386ca8ff9cf0a0732afdeb33a6c2f19978b6d60dfd33e5c2258908?s=96&d=mm&r=g\",\"url\":\"https:\\\/\\\/secure.gravatar.com\\\/avatar\\\/fd39e6ddb0386ca8ff9cf0a0732afdeb33a6c2f19978b6d60dfd33e5c2258908?s=96&d=mm&r=g\",\"contentUrl\":\"https:\\\/\\\/secure.gravatar.com\\\/avatar\\\/fd39e6ddb0386ca8ff9cf0a0732afdeb33a6c2f19978b6d60dfd33e5c2258908?s=96&d=mm&r=g\",\"caption\":\"Tomasz \u0141acina\"},\"url\":\"https:\\\/\\\/marekkuchcinski.pl\\\/ro\\\/author\\\/tomek-lacina\\\/\"}]}<\/script>\n<!-- \/ Yoast SEO plugin. -->","yoast_head_json":{"title":"Jak rozwija\u0107 Bieszczady, zachowuj\u0105c ich dziedzictwo i dzik\u0105 przyrod\u0119? &#8211; Marek Kuchci\u0144ski","robots":{"index":"index","follow":"follow","max-snippet":"max-snippet:-1","max-image-preview":"max-image-preview:large","max-video-preview":"max-video-preview:-1"},"canonical":"https:\/\/marekkuchcinski.pl\/ro\/wydarzenia\/jak-rozwijac-bieszczady-zachowujac-ich-dziedzictwo-i-dzika-przyrode\/","og_locale":"ro_RO","og_type":"article","og_title":"Jak rozwija\u0107 Bieszczady, zachowuj\u0105c ich dziedzictwo i dzik\u0105 przyrod\u0119? &#8211; Marek Kuchci\u0144ski","og_description":"Bieszczady daj\u0105 nam tak wiele, ale r\u00f3wnocze\u015bnie potrzebuj\u0105 inwestycji; r\u00f3wnomiernego rozwoju i wzmocnienia potencja\u0142u, jakim jest dziedzictwo przyrodnicze i kulturowe. Spotkanie Zarz\u0105du Powiatu Bieszczadzkiego by\u0142o pretekstem, \u017ceby poruszy\u0107 te\u017c kwesti\u0119 intensyfikacji wsp\u00f3\u0142pracy transgranicznej, bo handel przygraniczny to wzrost PKB, wykorzystanie teren\u00f3w pogranicza to wi\u0119ksza atrakcyjno\u015b\u0107, a rozproszenie ruchu turystycznego to korzy\u015bci dla przyrody. To tak\u017ce [&hellip;]","og_url":"https:\/\/marekkuchcinski.pl\/ro\/wydarzenia\/jak-rozwijac-bieszczady-zachowujac-ich-dziedzictwo-i-dzika-przyrode\/","og_site_name":"Marek Kuchci\u0144ski","article_published_time":"2021-02-02T08:44:00+00:00","article_modified_time":"2021-02-02T09:22:23+00:00","og_image":[{"width":563,"height":375,"url":"https:\/\/marekkuchcinski.pl\/wp-content\/uploads\/2021\/02\/145372987_482649986263480_3025212634758848190_n.jpg","type":"image\/jpeg"}],"author":"Tomasz \u0141acina","twitter_card":"summary_large_image","twitter_misc":{"Written by":"Tomasz \u0141acina","Est. reading time":"3 minutes"},"schema":{"@context":"https:\/\/schema.org","@graph":[{"@type":"Article","@id":"https:\/\/marekkuchcinski.pl\/wydarzenia\/jak-rozwijac-bieszczady-zachowujac-ich-dziedzictwo-i-dzika-przyrode\/#article","isPartOf":{"@id":"https:\/\/marekkuchcinski.pl\/wydarzenia\/jak-rozwijac-bieszczady-zachowujac-ich-dziedzictwo-i-dzika-przyrode\/"},"author":{"name":"Tomasz \u0141acina","@id":"https:\/\/marekkuchcinski.pl\/#\/schema\/person\/aba1fe8aef473b9a6959c5931c34a69d"},"headline":"Jak rozwija\u0107 Bieszczady, zachowuj\u0105c ich dziedzictwo i dzik\u0105 przyrod\u0119?","datePublished":"2021-02-02T08:44:00+00:00","dateModified":"2021-02-02T09:22:23+00:00","mainEntityOfPage":{"@id":"https:\/\/marekkuchcinski.pl\/wydarzenia\/jak-rozwijac-bieszczady-zachowujac-ich-dziedzictwo-i-dzika-przyrode\/"},"wordCount":488,"commentCount":0,"publisher":{"@id":"https:\/\/marekkuchcinski.pl\/#organization"},"image":{"@id":"https:\/\/marekkuchcinski.pl\/wydarzenia\/jak-rozwijac-bieszczady-zachowujac-ich-dziedzictwo-i-dzika-przyrode\/#primaryimage"},"thumbnailUrl":"https:\/\/marekkuchcinski.pl\/wp-content\/uploads\/2021\/02\/145372987_482649986263480_3025212634758848190_n.jpg","articleSection":["Podkarpacie","Wydarzenia"],"inLanguage":"ro-RO","potentialAction":[{"@type":"CommentAction","name":"Comment","target":["https:\/\/marekkuchcinski.pl\/wydarzenia\/jak-rozwijac-bieszczady-zachowujac-ich-dziedzictwo-i-dzika-przyrode\/#respond"]}]},{"@type":"WebPage","@id":"https:\/\/marekkuchcinski.pl\/wydarzenia\/jak-rozwijac-bieszczady-zachowujac-ich-dziedzictwo-i-dzika-przyrode\/","url":"https:\/\/marekkuchcinski.pl\/wydarzenia\/jak-rozwijac-bieszczady-zachowujac-ich-dziedzictwo-i-dzika-przyrode\/","name":"Jak rozwija\u0107 Bieszczady, zachowuj\u0105c ich dziedzictwo i dzik\u0105 przyrod\u0119? &#8211; Marek Kuchci\u0144ski","isPartOf":{"@id":"https:\/\/marekkuchcinski.pl\/#website"},"primaryImageOfPage":{"@id":"https:\/\/marekkuchcinski.pl\/wydarzenia\/jak-rozwijac-bieszczady-zachowujac-ich-dziedzictwo-i-dzika-przyrode\/#primaryimage"},"image":{"@id":"https:\/\/marekkuchcinski.pl\/wydarzenia\/jak-rozwijac-bieszczady-zachowujac-ich-dziedzictwo-i-dzika-przyrode\/#primaryimage"},"thumbnailUrl":"https:\/\/marekkuchcinski.pl\/wp-content\/uploads\/2021\/02\/145372987_482649986263480_3025212634758848190_n.jpg","datePublished":"2021-02-02T08:44:00+00:00","dateModified":"2021-02-02T09:22:23+00:00","breadcrumb":{"@id":"https:\/\/marekkuchcinski.pl\/wydarzenia\/jak-rozwijac-bieszczady-zachowujac-ich-dziedzictwo-i-dzika-przyrode\/#breadcrumb"},"inLanguage":"ro-RO","potentialAction":[{"@type":"ReadAction","target":["https:\/\/marekkuchcinski.pl\/wydarzenia\/jak-rozwijac-bieszczady-zachowujac-ich-dziedzictwo-i-dzika-przyrode\/"]}]},{"@type":"ImageObject","inLanguage":"ro-RO","@id":"https:\/\/marekkuchcinski.pl\/wydarzenia\/jak-rozwijac-bieszczady-zachowujac-ich-dziedzictwo-i-dzika-przyrode\/#primaryimage","url":"https:\/\/marekkuchcinski.pl\/wp-content\/uploads\/2021\/02\/145372987_482649986263480_3025212634758848190_n.jpg","contentUrl":"https:\/\/marekkuchcinski.pl\/wp-content\/uploads\/2021\/02\/145372987_482649986263480_3025212634758848190_n.jpg","width":563,"height":375},{"@type":"BreadcrumbList","@id":"https:\/\/marekkuchcinski.pl\/wydarzenia\/jak-rozwijac-bieszczady-zachowujac-ich-dziedzictwo-i-dzika-przyrode\/#breadcrumb","itemListElement":[{"@type":"ListItem","position":1,"name":"Strona g\u0142\u00f3wna","item":"https:\/\/marekkuchcinski.pl\/"},{"@type":"ListItem","position":2,"name":"Jak rozwija\u0107 Bieszczady, zachowuj\u0105c ich dziedzictwo i dzik\u0105 przyrod\u0119?"}]},{"@type":"WebSite","@id":"https:\/\/marekkuchcinski.pl\/#website","url":"https:\/\/marekkuchcinski.pl\/","name":"Marek Kuchci\u0144ski","description":"Marek Kuchci\u0144ski","publisher":{"@id":"https:\/\/marekkuchcinski.pl\/#organization"},"potentialAction":[{"@type":"SearchAction","target":{"@type":"EntryPoint","urlTemplate":"https:\/\/marekkuchcinski.pl\/?s={search_term_string}"},"query-input":{"@type":"PropertyValueSpecification","valueRequired":true,"valueName":"search_term_string"}}],"inLanguage":"ro-RO"},{"@type":"Organization","@id":"https:\/\/marekkuchcinski.pl\/#organization","name":"Marek Kuchci\u0144ski","url":"https:\/\/marekkuchcinski.pl\/","logo":{"@type":"ImageObject","inLanguage":"ro-RO","@id":"https:\/\/marekkuchcinski.pl\/#\/schema\/logo\/image\/","url":"https:\/\/marekkuchcinski.pl\/wp-content\/uploads\/2022\/09\/Marek.jpg","contentUrl":"https:\/\/marekkuchcinski.pl\/wp-content\/uploads\/2022\/09\/Marek.jpg","width":1600,"height":971,"caption":"Marek Kuchci\u0144ski"},"image":{"@id":"https:\/\/marekkuchcinski.pl\/#\/schema\/logo\/image\/"}},{"@type":"Person","@id":"https:\/\/marekkuchcinski.pl\/#\/schema\/person\/aba1fe8aef473b9a6959c5931c34a69d","name":"Tomasz \u0141acina","image":{"@type":"ImageObject","inLanguage":"ro-RO","@id":"https:\/\/secure.gravatar.com\/avatar\/fd39e6ddb0386ca8ff9cf0a0732afdeb33a6c2f19978b6d60dfd33e5c2258908?s=96&d=mm&r=g","url":"https:\/\/secure.gravatar.com\/avatar\/fd39e6ddb0386ca8ff9cf0a0732afdeb33a6c2f19978b6d60dfd33e5c2258908?s=96&d=mm&r=g","contentUrl":"https:\/\/secure.gravatar.com\/avatar\/fd39e6ddb0386ca8ff9cf0a0732afdeb33a6c2f19978b6d60dfd33e5c2258908?s=96&d=mm&r=g","caption":"Tomasz \u0141acina"},"url":"https:\/\/marekkuchcinski.pl\/ro\/author\/tomek-lacina\/"}]}},"_links":{"self":[{"href":"https:\/\/marekkuchcinski.pl\/ro\/wp-json\/wp\/v2\/posts\/21857","targetHints":{"allow":["GET"]}}],"collection":[{"href":"https:\/\/marekkuchcinski.pl\/ro\/wp-json\/wp\/v2\/posts"}],"about":[{"href":"https:\/\/marekkuchcinski.pl\/ro\/wp-json\/wp\/v2\/types\/post"}],"author":[{"embeddable":true,"href":"https:\/\/marekkuchcinski.pl\/ro\/wp-json\/wp\/v2\/users\/2"}],"replies":[{"embeddable":true,"href":"https:\/\/marekkuchcinski.pl\/ro\/wp-json\/wp\/v2\/comments?post=21857"}],"version-history":[{"count":6,"href":"https:\/\/marekkuchcinski.pl\/ro\/wp-json\/wp\/v2\/posts\/21857\/revisions"}],"predecessor-version":[{"id":21866,"href":"https:\/\/marekkuchcinski.pl\/ro\/wp-json\/wp\/v2\/posts\/21857\/revisions\/21866"}],"wp:featuredmedia":[{"embeddable":true,"href":"https:\/\/marekkuchcinski.pl\/ro\/wp-json\/wp\/v2\/media\/21863"}],"wp:attachment":[{"href":"https:\/\/marekkuchcinski.pl\/ro\/wp-json\/wp\/v2\/media?parent=21857"}],"wp:term":[{"taxonomy":"category","embeddable":true,"href":"https:\/\/marekkuchcinski.pl\/ro\/wp-json\/wp\/v2\/categories?post=21857"},{"taxonomy":"post_tag","embeddable":true,"href":"https:\/\/marekkuchcinski.pl\/ro\/wp-json\/wp\/v2\/tags?post=21857"}],"curies":[{"name":"wp","href":"https:\/\/api.w.org\/{rel}","templated":true}]}}