{"id":21308,"date":"2021-01-11T17:50:41","date_gmt":"2021-01-11T16:50:41","guid":{"rendered":"https:\/\/marekkuchcinski.pl\/?p=21308"},"modified":"2021-01-16T15:43:13","modified_gmt":"2021-01-16T14:43:13","slug":"wiadomosci-z-europy-i-swiata-11-stycznia-2021","status":"publish","type":"post","link":"https:\/\/marekkuchcinski.pl\/ro\/europa\/wiadomosci-z-europy-i-swiata-11-stycznia-2021\/","title":{"rendered":"\u0218tiri din Europa \u0219i din lume, 11 ianuarie 2021"},"content":{"rendered":"<div class=\"wp-block-image\"><figure class=\"aligncenter size-large is-resized\"><a href=\"https:\/\/marekkuchcinski.pl\/wp-content\/uploads\/2021\/01\/cf1f077a911c3f077bef2e6ad1677e47.jpg\"><img fetchpriority=\"high\" decoding=\"async\" src=\"https:\/\/marekkuchcinski.pl\/wp-content\/uploads\/2021\/01\/cf1f077a911c3f077bef2e6ad1677e47.jpg\" alt=\"\" class=\"wp-image-21337\" width=\"787\" height=\"425\" srcset=\"https:\/\/marekkuchcinski.pl\/wp-content\/uploads\/2021\/01\/cf1f077a911c3f077bef2e6ad1677e47.jpg 726w, https:\/\/marekkuchcinski.pl\/wp-content\/uploads\/2021\/01\/cf1f077a911c3f077bef2e6ad1677e47-300x162.jpg 300w, https:\/\/marekkuchcinski.pl\/wp-content\/uploads\/2021\/01\/cf1f077a911c3f077bef2e6ad1677e47-16x9.jpg 16w\" sizes=\"(max-width: 787px) 100vw, 787px\" \/><\/a><\/figure><\/div>\n\n\n\n<p class=\"has-large-font-size\"><strong>Europa de Vest<\/strong><\/p>\n\n\n\n<p><strong>Austria: <\/strong>Ministrul austriac al Muncii \u0219i Familiei, Christine Aschbacher (\u00d6VP), \u0219i-a anun\u021bat decizia de a p\u0103r\u0103si guvernul, afirm\u00e2nd c\u0103 \"mass-media \u0219i tovar\u0103\u0219ii politici\" au judecat-o prematur. Fostul ministru al Muncii s-a confruntat cu acuza\u021bii de plagiat \u00een leg\u0103tur\u0103 cu teza sa de masterat.<\/p>\n\n\n\n<p><strong>Belgia:<\/strong> \"Belgia va solicita zece milioane de vaccinuri suplimentare Pfizer-BioNTech \u00eempotriva coronavirusului\", a anun\u021bat \u00een weekend ministrul S\u0103n\u0103t\u0103\u021bii, Frank Vandenbroucke. \u00cen acela\u0219i timp, nu exist\u0103 \u00eenc\u0103 o baz\u0103 de date oficial\u0103 privind eforturile de vaccinare. \"Cerem o parte echitabil\u0103. Dac\u0103 Pfizer livreaz\u0103 un total de 600 de milioane de doze \u00een Europa, belgienii au dreptul la 15 milioane\", a declarat Vandenbroucke \u00een cadrul emisiunii televizate flamande De Zevende Dag.<\/p>\n\n\n\n<p><strong>Fran\u021ba:<\/strong> \u00cen ceea ce prive\u0219te noua variant\u0103 de coronavirus ap\u0103rut\u0103 recent \u00een Marea Britanie, ministrul s\u0103n\u0103t\u0103\u021bii, Olivier V\u00e9ran, a declarat c\u0103 \"facem tot ce ne st\u0103 \u00een putin\u021b\u0103 pentru a preveni r\u0103sp\u00e2ndirea acestei muta\u021bii\". Alte opt departamente din estul Fran\u021bei au decis duminic\u0103 s\u0103 prelungeasc\u0103 starea de asediu \u00eencep\u00e2nd cu ora 18:00. P\u00e2n\u0103 \u00een prezent, aceasta a fost \u00een vigoare \u00een cincisprezece departamente.<\/p>\n\n\n\n<p><strong>Irlanda:<\/strong> \"Focarul de \u00eemboln\u0103vire cu varianta COVID-19 recent descoperit\u0103 \u00een Africa de Sud a fost izolat\", au anun\u021bat autorit\u0103\u021bile sanitare irlandeze. Cu toate acestea, muta\u021bia COVID-19, identificat\u0103 pentru prima dat\u0103 \u00een Marea Britanie, provoac\u0103 \u00eengrijorare autorit\u0103\u021bilor.<\/p>\n\n\n\n<p><strong>Germania:<\/strong> Pre\u0219edintele Bundestagului, Wolfgang Sch\u00e4uble, a decis s\u0103 sporeasc\u0103 securitatea \u00een cl\u0103direa parlamentului german. Decizia vine dup\u0103 ce, la sf\u00e2r\u0219itul s\u0103pt\u0103m\u00e2nii trecute, legislatorii au cerut o securitate sporit\u0103 \u00een jurul Bundestagului, ca r\u0103spuns la revoltele de la Capitoliu.<\/p>\n\n\n\n<p class=\"has-large-font-size\"><strong>Grupul de la Vi\u0219egrad<\/strong><\/p>\n\n\n\n<p><strong>Republica Ceh\u0103: \"<\/strong>Republica Ceh\u0103 ar trebui s\u0103 primeasc\u0103 luni primele 20.000 de doze de vaccin Moderna\", a declarat premierul Andrej Babi\u0161 la televiziunea ceh\u0103. Agen\u021bia Medical\u0103 European\u0103 (EMA) \u0219i Comisia European\u0103 au aprobat vaccinul Moderna la 6 ianuarie, f\u0103r\u0103 a preciza exact c\u00e2nd ar trebui s\u0103 \u00eenceap\u0103 distribuirea.<\/p>\n\n\n\n<p><strong>Slovacia: <\/strong>Fostul \u0219ef al poli\u021biei Milan Lu\u010dansk\u00fd, acuzat la \u00eenceputul lunii decembrie, printre altele, de corup\u021bie \u00een cadrul opera\u021biunii poli\u021biene\u0219ti cu numele de cod \"Iuda\", a \u00eencercat s\u0103 se sinucid\u0103 pe 29 decembrie, \u00een timp ce se afla \u00een arest preventiv. A murit la spital o zi mai t\u00e2rziu. Milan Lu\u010dansk\u00fd a preluat func\u021bia de conducere \u00een cadrul poli\u021biei slovace \u00een timpul reconstruc\u021biei guvernului condus de Smer-SD, dup\u0103 asasinarea jurnali\u0219tilor J\u00e1n Kuciak \u0219i Martina Ku\u0161n\u00edrova.<\/p>\n\n\n\n<p><\/p>\n\n\n\n<p class=\"has-large-font-size\"><strong>Balcani<\/strong><\/p>\n\n\n\n<p><strong>Bosnia \u0219i Her\u021begovina: <\/strong>Eurodeputatul german Stefan Kaufmann (CDU) a felicitat controversata zi a Republicii Srpska (RS), pe care s\u00e2rbii bosniaci o s\u0103rb\u0103toresc pe 9 ianuarie, ca fiind ziua \u00een care a fost \u00eenfiin\u021bat\u0103 republica s\u00e2rb\u0103 din Bosnia, \u00een 1992. - \u00een ciuda faptului c\u0103 Curtea Constitu\u021bional\u0103 a Bosniei \u0219i Her\u021begovinei a declarat-o neconstitu\u021bional\u0103. \u00cen urma unor reac\u021bii dure \u00een Bosnia, Kaufmann \u0219i-a cerut scuze pe Twitter, explic\u00e2nd c\u0103 \"nu a fost con\u0219tient de conota\u021biile negative asociate cu aceast\u0103 zi\".<\/p>\n\n\n\n<p class=\"has-large-font-size\"><strong>Europa de Nord<\/strong><\/p>\n\n\n\n<p><strong>Suedia: <\/strong>Parlamentul suedez a adoptat o lege care confer\u0103 guvernului dreptul de a \u00een\u0103spri m\u0103surile de combatere a actualei pandemii. Legea, care a intrat \u00een vigoare duminic\u0103, permite guvernului s\u0103 limiteze orele de deschidere a afacerilor \u0219i num\u0103rul de vizitatori \u00een magazine, restaurante \u0219i baruri, \u00een transportul public \u0219i \u00een locurile de sport \u0219i cultur\u0103.<\/p>\n\n\n\n<p>SM<\/p>","protected":false},"excerpt":{"rendered":"<p>Europa de Vest Austria: Ministrul austriac al Muncii \u0219i Familiei, Christine Aschbacher (\u00d6VP), \u0219i-a anun\u021bat decizia de a p\u0103r\u0103si guvernul, afirm\u00e2nd c\u0103 \"mass-media \u0219i camarazii politici\" au judecat-o prematur. Fostul ministru al Muncii s-a confruntat cu acuza\u021bii de plagiat \u00een leg\u0103tur\u0103 cu teza sa de masterat. Belgia: \"Belgia va solicita zece milioane de vaccinuri suplimentare Pfizer-BioNTech \u00eempotriva coronavirusului\", a anun\u021bat \u00een [...]<\/p>","protected":false},"author":17,"featured_media":21337,"comment_status":"open","ping_status":"open","sticky":false,"template":"","format":"standard","meta":{"ngg_post_thumbnail":0,"footnotes":""},"categories":[185,3],"tags":[],"class_list":["post-21308","post","type-post","status-publish","format-standard","has-post-thumbnail","hentry","category-europa","category-wydarzenia"],"yoast_head":"<!-- This site is optimized with the Yoast SEO plugin v24.7 - https:\/\/yoast.com\/wordpress\/plugins\/seo\/ -->\n<title>Wiadomo\u015bci z Europy i \u015bwiata, 11 stycznia 2021 &#8211; Marek Kuchci\u0144ski<\/title>\n<meta name=\"robots\" content=\"index, follow, max-snippet:-1, max-image-preview:large, max-video-preview:-1\" \/>\n<link rel=\"canonical\" href=\"https:\/\/marekkuchcinski.pl\/ro\/europa\/wiadomosci-z-europy-i-swiata-11-stycznia-2021\/\" \/>\n<meta property=\"og:locale\" content=\"ro_RO\" \/>\n<meta property=\"og:type\" content=\"article\" \/>\n<meta property=\"og:title\" content=\"Wiadomo\u015bci z Europy i \u015bwiata, 11 stycznia 2021 &#8211; Marek Kuchci\u0144ski\" \/>\n<meta property=\"og:description\" content=\"Europa Zachodnia Austria: Austriacka minister pracy i rodziny Christine Aschbacher (\u00d6VP) og\u0142osi\u0142a swoj\u0105 decyzj\u0119 o odej\u015bciu z rz\u0105du m\u00f3wi\u0105c, \u017ce \u201emedia i polityczni towarzysze\u201d os\u0105dzili j\u0105 przedwcze\u015bnie. By\u0142a minister pracy spotka\u0142a si\u0119 z zarzutami plagiatu w zwi\u0105zku ze swoj\u0105 prac\u0105 magistersk\u0105. Belgia: \u201eBelgia wyst\u0105pi o dziesi\u0119\u0107 milion\u00f3w dodatkowych szczepionek przeciwko koronawirusowi Pfizer-BioNTech\u201d &#8211; og\u0142osi\u0142 w [&hellip;]\" \/>\n<meta property=\"og:url\" content=\"https:\/\/marekkuchcinski.pl\/ro\/europa\/wiadomosci-z-europy-i-swiata-11-stycznia-2021\/\" \/>\n<meta property=\"og:site_name\" content=\"Marek Kuchci\u0144ski\" \/>\n<meta property=\"article:published_time\" content=\"2021-01-11T16:50:41+00:00\" \/>\n<meta property=\"article:modified_time\" content=\"2021-01-16T14:43:13+00:00\" \/>\n<meta property=\"og:image\" content=\"https:\/\/marekkuchcinski.pl\/wp-content\/uploads\/2021\/01\/cf1f077a911c3f077bef2e6ad1677e47.jpg\" \/>\n\t<meta property=\"og:image:width\" content=\"726\" \/>\n\t<meta property=\"og:image:height\" content=\"393\" \/>\n\t<meta property=\"og:image:type\" content=\"image\/jpeg\" \/>\n<meta name=\"author\" content=\"Tomasz \u0141acina\" \/>\n<meta name=\"twitter:card\" content=\"summary_large_image\" \/>\n<meta name=\"twitter:label1\" content=\"Scris de\" \/>\n\t<meta name=\"twitter:data1\" content=\"Tomasz \u0141acina\" \/>\n\t<meta name=\"twitter:label2\" content=\"Timp estimat pentru citire\" \/>\n\t<meta name=\"twitter:data2\" content=\"3 minutes\" \/>\n<script type=\"application\/ld+json\" class=\"yoast-schema-graph\">{\"@context\":\"https:\/\/schema.org\",\"@graph\":[{\"@type\":\"Article\",\"@id\":\"https:\/\/marekkuchcinski.pl\/europa\/wiadomosci-z-europy-i-swiata-11-stycznia-2021\/#article\",\"isPartOf\":{\"@id\":\"https:\/\/marekkuchcinski.pl\/europa\/wiadomosci-z-europy-i-swiata-11-stycznia-2021\/\"},\"author\":{\"name\":\"Tomasz \u0141acina\",\"@id\":\"https:\/\/marekkuchcinski.pl\/#\/schema\/person\/b8a29fe7813098f7be78801d029910a7\"},\"headline\":\"Wiadomo\u015bci z Europy i \u015bwiata, 11 stycznia 2021\",\"datePublished\":\"2021-01-11T16:50:41+00:00\",\"dateModified\":\"2021-01-16T14:43:13+00:00\",\"mainEntityOfPage\":{\"@id\":\"https:\/\/marekkuchcinski.pl\/europa\/wiadomosci-z-europy-i-swiata-11-stycznia-2021\/\"},\"wordCount\":517,\"commentCount\":0,\"publisher\":{\"@id\":\"https:\/\/marekkuchcinski.pl\/#organization\"},\"image\":{\"@id\":\"https:\/\/marekkuchcinski.pl\/europa\/wiadomosci-z-europy-i-swiata-11-stycznia-2021\/#primaryimage\"},\"thumbnailUrl\":\"https:\/\/marekkuchcinski.pl\/wp-content\/uploads\/2021\/01\/cf1f077a911c3f077bef2e6ad1677e47.jpg\",\"articleSection\":[\"Wie\u015bci z Europy i \u015awiata\",\"Wydarzenia\"],\"inLanguage\":\"ro-RO\",\"potentialAction\":[{\"@type\":\"CommentAction\",\"name\":\"Comment\",\"target\":[\"https:\/\/marekkuchcinski.pl\/europa\/wiadomosci-z-europy-i-swiata-11-stycznia-2021\/#respond\"]}]},{\"@type\":\"WebPage\",\"@id\":\"https:\/\/marekkuchcinski.pl\/europa\/wiadomosci-z-europy-i-swiata-11-stycznia-2021\/\",\"url\":\"https:\/\/marekkuchcinski.pl\/europa\/wiadomosci-z-europy-i-swiata-11-stycznia-2021\/\",\"name\":\"Wiadomo\u015bci z Europy i \u015bwiata, 11 stycznia 2021 &#8211; Marek Kuchci\u0144ski\",\"isPartOf\":{\"@id\":\"https:\/\/marekkuchcinski.pl\/#website\"},\"primaryImageOfPage\":{\"@id\":\"https:\/\/marekkuchcinski.pl\/europa\/wiadomosci-z-europy-i-swiata-11-stycznia-2021\/#primaryimage\"},\"image\":{\"@id\":\"https:\/\/marekkuchcinski.pl\/europa\/wiadomosci-z-europy-i-swiata-11-stycznia-2021\/#primaryimage\"},\"thumbnailUrl\":\"https:\/\/marekkuchcinski.pl\/wp-content\/uploads\/2021\/01\/cf1f077a911c3f077bef2e6ad1677e47.jpg\",\"datePublished\":\"2021-01-11T16:50:41+00:00\",\"dateModified\":\"2021-01-16T14:43:13+00:00\",\"breadcrumb\":{\"@id\":\"https:\/\/marekkuchcinski.pl\/europa\/wiadomosci-z-europy-i-swiata-11-stycznia-2021\/#breadcrumb\"},\"inLanguage\":\"ro-RO\",\"potentialAction\":[{\"@type\":\"ReadAction\",\"target\":[\"https:\/\/marekkuchcinski.pl\/europa\/wiadomosci-z-europy-i-swiata-11-stycznia-2021\/\"]}]},{\"@type\":\"ImageObject\",\"inLanguage\":\"ro-RO\",\"@id\":\"https:\/\/marekkuchcinski.pl\/europa\/wiadomosci-z-europy-i-swiata-11-stycznia-2021\/#primaryimage\",\"url\":\"https:\/\/marekkuchcinski.pl\/wp-content\/uploads\/2021\/01\/cf1f077a911c3f077bef2e6ad1677e47.jpg\",\"contentUrl\":\"https:\/\/marekkuchcinski.pl\/wp-content\/uploads\/2021\/01\/cf1f077a911c3f077bef2e6ad1677e47.jpg\",\"width\":726,\"height\":393},{\"@type\":\"BreadcrumbList\",\"@id\":\"https:\/\/marekkuchcinski.pl\/europa\/wiadomosci-z-europy-i-swiata-11-stycznia-2021\/#breadcrumb\",\"itemListElement\":[{\"@type\":\"ListItem\",\"position\":1,\"name\":\"Strona g\u0142\u00f3wna\",\"item\":\"https:\/\/marekkuchcinski.pl\/\"},{\"@type\":\"ListItem\",\"position\":2,\"name\":\"Wiadomo\u015bci z Europy i \u015bwiata, 11 stycznia 2021\"}]},{\"@type\":\"WebSite\",\"@id\":\"https:\/\/marekkuchcinski.pl\/#website\",\"url\":\"https:\/\/marekkuchcinski.pl\/\",\"name\":\"Marek Kuchci\u0144ski\",\"description\":\"Pose\u0142 na sejm RP &ndash; okr\u0119g nr 22\",\"publisher\":{\"@id\":\"https:\/\/marekkuchcinski.pl\/#organization\"},\"potentialAction\":[{\"@type\":\"SearchAction\",\"target\":{\"@type\":\"EntryPoint\",\"urlTemplate\":\"https:\/\/marekkuchcinski.pl\/?s={search_term_string}\"},\"query-input\":{\"@type\":\"PropertyValueSpecification\",\"valueRequired\":true,\"valueName\":\"search_term_string\"}}],\"inLanguage\":\"ro-RO\"},{\"@type\":\"Organization\",\"@id\":\"https:\/\/marekkuchcinski.pl\/#organization\",\"name\":\"Marek Kuchci\u0144ski\",\"url\":\"https:\/\/marekkuchcinski.pl\/\",\"logo\":{\"@type\":\"ImageObject\",\"inLanguage\":\"ro-RO\",\"@id\":\"https:\/\/marekkuchcinski.pl\/#\/schema\/logo\/image\/\",\"url\":\"https:\/\/marekkuchcinski.pl\/wp-content\/uploads\/2022\/09\/Marek.jpg\",\"contentUrl\":\"https:\/\/marekkuchcinski.pl\/wp-content\/uploads\/2022\/09\/Marek.jpg\",\"width\":1600,\"height\":971,\"caption\":\"Marek Kuchci\u0144ski\"},\"image\":{\"@id\":\"https:\/\/marekkuchcinski.pl\/#\/schema\/logo\/image\/\"}},{\"@type\":\"Person\",\"@id\":\"https:\/\/marekkuchcinski.pl\/#\/schema\/person\/b8a29fe7813098f7be78801d029910a7\",\"name\":\"Tomasz \u0141acina\",\"image\":{\"@type\":\"ImageObject\",\"inLanguage\":\"ro-RO\",\"@id\":\"https:\/\/marekkuchcinski.pl\/#\/schema\/person\/image\/\",\"url\":\"https:\/\/secure.gravatar.com\/avatar\/22e75f6c51aff77a676ed77dd222f852?s=96&d=mm&r=g\",\"contentUrl\":\"https:\/\/secure.gravatar.com\/avatar\/22e75f6c51aff77a676ed77dd222f852?s=96&d=mm&r=g\",\"caption\":\"Tomasz \u0141acina\"},\"url\":\"https:\/\/marekkuchcinski.pl\/ro\/author\/tomek-lacina\/\"}]}<\/script>\n<!-- \/ Yoast SEO plugin. -->","yoast_head_json":{"title":"Wiadomo\u015bci z Europy i \u015bwiata, 11 stycznia 2021 &#8211; Marek Kuchci\u0144ski","robots":{"index":"index","follow":"follow","max-snippet":"max-snippet:-1","max-image-preview":"max-image-preview:large","max-video-preview":"max-video-preview:-1"},"canonical":"https:\/\/marekkuchcinski.pl\/ro\/europa\/wiadomosci-z-europy-i-swiata-11-stycznia-2021\/","og_locale":"ro_RO","og_type":"article","og_title":"Wiadomo\u015bci z Europy i \u015bwiata, 11 stycznia 2021 &#8211; Marek Kuchci\u0144ski","og_description":"Europa Zachodnia Austria: Austriacka minister pracy i rodziny Christine Aschbacher (\u00d6VP) og\u0142osi\u0142a swoj\u0105 decyzj\u0119 o odej\u015bciu z rz\u0105du m\u00f3wi\u0105c, \u017ce \u201emedia i polityczni towarzysze\u201d os\u0105dzili j\u0105 przedwcze\u015bnie. By\u0142a minister pracy spotka\u0142a si\u0119 z zarzutami plagiatu w zwi\u0105zku ze swoj\u0105 prac\u0105 magistersk\u0105. Belgia: \u201eBelgia wyst\u0105pi o dziesi\u0119\u0107 milion\u00f3w dodatkowych szczepionek przeciwko koronawirusowi Pfizer-BioNTech\u201d &#8211; og\u0142osi\u0142 w [&hellip;]","og_url":"https:\/\/marekkuchcinski.pl\/ro\/europa\/wiadomosci-z-europy-i-swiata-11-stycznia-2021\/","og_site_name":"Marek Kuchci\u0144ski","article_published_time":"2021-01-11T16:50:41+00:00","article_modified_time":"2021-01-16T14:43:13+00:00","og_image":[{"width":726,"height":393,"url":"https:\/\/marekkuchcinski.pl\/wp-content\/uploads\/2021\/01\/cf1f077a911c3f077bef2e6ad1677e47.jpg","type":"image\/jpeg"}],"author":"Tomasz \u0141acina","twitter_card":"summary_large_image","twitter_misc":{"Scris de":"Tomasz \u0141acina","Timp estimat pentru citire":"3 minutes"},"schema":{"@context":"https:\/\/schema.org","@graph":[{"@type":"Article","@id":"https:\/\/marekkuchcinski.pl\/europa\/wiadomosci-z-europy-i-swiata-11-stycznia-2021\/#article","isPartOf":{"@id":"https:\/\/marekkuchcinski.pl\/europa\/wiadomosci-z-europy-i-swiata-11-stycznia-2021\/"},"author":{"name":"Tomasz \u0141acina","@id":"https:\/\/marekkuchcinski.pl\/#\/schema\/person\/b8a29fe7813098f7be78801d029910a7"},"headline":"Wiadomo\u015bci z Europy i \u015bwiata, 11 stycznia 2021","datePublished":"2021-01-11T16:50:41+00:00","dateModified":"2021-01-16T14:43:13+00:00","mainEntityOfPage":{"@id":"https:\/\/marekkuchcinski.pl\/europa\/wiadomosci-z-europy-i-swiata-11-stycznia-2021\/"},"wordCount":517,"commentCount":0,"publisher":{"@id":"https:\/\/marekkuchcinski.pl\/#organization"},"image":{"@id":"https:\/\/marekkuchcinski.pl\/europa\/wiadomosci-z-europy-i-swiata-11-stycznia-2021\/#primaryimage"},"thumbnailUrl":"https:\/\/marekkuchcinski.pl\/wp-content\/uploads\/2021\/01\/cf1f077a911c3f077bef2e6ad1677e47.jpg","articleSection":["Wie\u015bci z Europy i \u015awiata","Wydarzenia"],"inLanguage":"ro-RO","potentialAction":[{"@type":"CommentAction","name":"Comment","target":["https:\/\/marekkuchcinski.pl\/europa\/wiadomosci-z-europy-i-swiata-11-stycznia-2021\/#respond"]}]},{"@type":"WebPage","@id":"https:\/\/marekkuchcinski.pl\/europa\/wiadomosci-z-europy-i-swiata-11-stycznia-2021\/","url":"https:\/\/marekkuchcinski.pl\/europa\/wiadomosci-z-europy-i-swiata-11-stycznia-2021\/","name":"Wiadomo\u015bci z Europy i \u015bwiata, 11 stycznia 2021 &#8211; Marek Kuchci\u0144ski","isPartOf":{"@id":"https:\/\/marekkuchcinski.pl\/#website"},"primaryImageOfPage":{"@id":"https:\/\/marekkuchcinski.pl\/europa\/wiadomosci-z-europy-i-swiata-11-stycznia-2021\/#primaryimage"},"image":{"@id":"https:\/\/marekkuchcinski.pl\/europa\/wiadomosci-z-europy-i-swiata-11-stycznia-2021\/#primaryimage"},"thumbnailUrl":"https:\/\/marekkuchcinski.pl\/wp-content\/uploads\/2021\/01\/cf1f077a911c3f077bef2e6ad1677e47.jpg","datePublished":"2021-01-11T16:50:41+00:00","dateModified":"2021-01-16T14:43:13+00:00","breadcrumb":{"@id":"https:\/\/marekkuchcinski.pl\/europa\/wiadomosci-z-europy-i-swiata-11-stycznia-2021\/#breadcrumb"},"inLanguage":"ro-RO","potentialAction":[{"@type":"ReadAction","target":["https:\/\/marekkuchcinski.pl\/europa\/wiadomosci-z-europy-i-swiata-11-stycznia-2021\/"]}]},{"@type":"ImageObject","inLanguage":"ro-RO","@id":"https:\/\/marekkuchcinski.pl\/europa\/wiadomosci-z-europy-i-swiata-11-stycznia-2021\/#primaryimage","url":"https:\/\/marekkuchcinski.pl\/wp-content\/uploads\/2021\/01\/cf1f077a911c3f077bef2e6ad1677e47.jpg","contentUrl":"https:\/\/marekkuchcinski.pl\/wp-content\/uploads\/2021\/01\/cf1f077a911c3f077bef2e6ad1677e47.jpg","width":726,"height":393},{"@type":"BreadcrumbList","@id":"https:\/\/marekkuchcinski.pl\/europa\/wiadomosci-z-europy-i-swiata-11-stycznia-2021\/#breadcrumb","itemListElement":[{"@type":"ListItem","position":1,"name":"Strona g\u0142\u00f3wna","item":"https:\/\/marekkuchcinski.pl\/"},{"@type":"ListItem","position":2,"name":"Wiadomo\u015bci z Europy i \u015bwiata, 11 stycznia 2021"}]},{"@type":"WebSite","@id":"https:\/\/marekkuchcinski.pl\/#website","url":"https:\/\/marekkuchcinski.pl\/","name":"Marek Kuchci\u0144ski","description":"Pose\u0142 na sejm RP &ndash; okr\u0119g nr 22","publisher":{"@id":"https:\/\/marekkuchcinski.pl\/#organization"},"potentialAction":[{"@type":"SearchAction","target":{"@type":"EntryPoint","urlTemplate":"https:\/\/marekkuchcinski.pl\/?s={search_term_string}"},"query-input":{"@type":"PropertyValueSpecification","valueRequired":true,"valueName":"search_term_string"}}],"inLanguage":"ro-RO"},{"@type":"Organization","@id":"https:\/\/marekkuchcinski.pl\/#organization","name":"Marek Kuchci\u0144ski","url":"https:\/\/marekkuchcinski.pl\/","logo":{"@type":"ImageObject","inLanguage":"ro-RO","@id":"https:\/\/marekkuchcinski.pl\/#\/schema\/logo\/image\/","url":"https:\/\/marekkuchcinski.pl\/wp-content\/uploads\/2022\/09\/Marek.jpg","contentUrl":"https:\/\/marekkuchcinski.pl\/wp-content\/uploads\/2022\/09\/Marek.jpg","width":1600,"height":971,"caption":"Marek Kuchci\u0144ski"},"image":{"@id":"https:\/\/marekkuchcinski.pl\/#\/schema\/logo\/image\/"}},{"@type":"Person","@id":"https:\/\/marekkuchcinski.pl\/#\/schema\/person\/b8a29fe7813098f7be78801d029910a7","name":"Tomasz \u0141acina","image":{"@type":"ImageObject","inLanguage":"ro-RO","@id":"https:\/\/marekkuchcinski.pl\/#\/schema\/person\/image\/","url":"https:\/\/secure.gravatar.com\/avatar\/22e75f6c51aff77a676ed77dd222f852?s=96&d=mm&r=g","contentUrl":"https:\/\/secure.gravatar.com\/avatar\/22e75f6c51aff77a676ed77dd222f852?s=96&d=mm&r=g","caption":"Tomasz \u0141acina"},"url":"https:\/\/marekkuchcinski.pl\/ro\/author\/tomek-lacina\/"}]}},"_links":{"self":[{"href":"https:\/\/marekkuchcinski.pl\/ro\/wp-json\/wp\/v2\/posts\/21308","targetHints":{"allow":["GET"]}}],"collection":[{"href":"https:\/\/marekkuchcinski.pl\/ro\/wp-json\/wp\/v2\/posts"}],"about":[{"href":"https:\/\/marekkuchcinski.pl\/ro\/wp-json\/wp\/v2\/types\/post"}],"author":[{"embeddable":true,"href":"https:\/\/marekkuchcinski.pl\/ro\/wp-json\/wp\/v2\/users\/17"}],"replies":[{"embeddable":true,"href":"https:\/\/marekkuchcinski.pl\/ro\/wp-json\/wp\/v2\/comments?post=21308"}],"version-history":[{"count":14,"href":"https:\/\/marekkuchcinski.pl\/ro\/wp-json\/wp\/v2\/posts\/21308\/revisions"}],"predecessor-version":[{"id":21396,"href":"https:\/\/marekkuchcinski.pl\/ro\/wp-json\/wp\/v2\/posts\/21308\/revisions\/21396"}],"wp:featuredmedia":[{"embeddable":true,"href":"https:\/\/marekkuchcinski.pl\/ro\/wp-json\/wp\/v2\/media\/21337"}],"wp:attachment":[{"href":"https:\/\/marekkuchcinski.pl\/ro\/wp-json\/wp\/v2\/media?parent=21308"}],"wp:term":[{"taxonomy":"category","embeddable":true,"href":"https:\/\/marekkuchcinski.pl\/ro\/wp-json\/wp\/v2\/categories?post=21308"},{"taxonomy":"post_tag","embeddable":true,"href":"https:\/\/marekkuchcinski.pl\/ro\/wp-json\/wp\/v2\/tags?post=21308"}],"curies":[{"name":"wp","href":"https:\/\/api.w.org\/{rel}","templated":true}]}}