{"id":21014,"date":"2020-12-14T23:52:58","date_gmt":"2020-12-14T22:52:58","guid":{"rendered":"https:\/\/marekkuchcinski.pl\/?p=21014"},"modified":"2020-12-18T16:18:33","modified_gmt":"2020-12-18T15:18:33","slug":"potrzeba-wiekszego-wsparcia-dla-parkow-narodowych-jako-najwazniejszych-form-ochrony-przyrody","status":"publish","type":"post","link":"https:\/\/marekkuchcinski.pl\/ro\/wydarzenia\/potrzeba-wiekszego-wsparcia-dla-parkow-narodowych-jako-najwazniejszych-form-ochrony-przyrody\/","title":{"rendered":"Necesitatea unui sprijin mai mare pentru parcurile na\u021bionale ca fiind cele mai valoroase forme de conservare a naturii."},"content":{"rendered":"<p>\u00cen cadrul reuniunii <strong>Comisia pentru mediu, resurse naturale \u0219i silvicultur\u0103 <\/strong>A fost luat\u0103 \u00een considerare informa\u021bia ministrului pentru clim\u0103 \u0219i mediu privind parcurile na\u021bionale \u0219i rezerva\u021biile naturale ca fiind cele mai valoroase forme na\u021bionale de protec\u021bie a naturii - pe exemplul Parcului Na\u021bional Bieszczady.<\/p>\n\n\n\n<p>\u00cen timpul deliber\u0103rilor, Marek Kuchci\u0144ski a exprimat necesitatea unui sprijin mai mare de la bugetul de stat pentru parcurile na\u021bionale, care reprezint\u0103 cea mai important\u0103 form\u0103 de conservare a naturii. El a subliniat necesitatea de a spori eficien\u021ba m\u0103surilor de protec\u021bie a naturii, care a fost exprimat\u0103 cu ocazia adopt\u0103rii unei strategii de dezvoltare pe termen lung <em>Green Deal european<\/em> - care permite o utilizare mai eficient\u0103 a resurselor prin tranzi\u021bia c\u0103tre o economie curat\u0103, \u00een circuit \u00eenchis, precum \u0219i combaterea pierderii biodiversit\u0103\u021bii \u0219i reducerea nivelului de poluare.<\/p>\n\n\n\n<p>Marek Kuchci\u0144ski a subliniat rolul important al Parcului Na\u021bional Bieszczady, care este singurul din Europa care este o Rezerva\u021bie Interna\u021bional\u0103 Tripartit\u0103 a Biosferei ( <em>Carpa\u021bii Orientali<\/em> ) \u0219i, \u00een acela\u0219i timp, un pas spre protec\u021bia interna\u021bional\u0103 a biodiversit\u0103\u021bii. \u00cenfiin\u021bat \u00een 1973, parcul a fost creat pentru a proteja principalele forme de peisaj caracteristice Mun\u021bilor Bieszczady - etaje caracteristice de vegeta\u021bie cu ecosisteme tipice, cele mai importante zone de apari\u021bie a elementelor de flor\u0103 \u0219i faun\u0103 din Carpa\u021bii Orientali \u0219i din mun\u021bii \u00eenal\u021bi, precum \u0219i p\u0103duri naturale vechi cu o bogat\u0103 faun\u0103 de mamifere mari \u0219i p\u0103s\u0103ri.<\/p>\n\n\n\n<div class=\"wp-block-image\"><figure class=\"aligncenter size-large\"><a href=\"https:\/\/marekkuchcinski.pl\/wp-content\/uploads\/2020\/12\/776px-East_Carpathian_Biosphere_Reserve_map_en.png\"><img fetchpriority=\"high\" decoding=\"async\" width=\"776\" height=\"600\" src=\"https:\/\/marekkuchcinski.pl\/wp-content\/uploads\/2020\/12\/776px-East_Carpathian_Biosphere_Reserve_map_en.png\" alt=\"\" class=\"wp-image-21017\" srcset=\"https:\/\/marekkuchcinski.pl\/wp-content\/uploads\/2020\/12\/776px-East_Carpathian_Biosphere_Reserve_map_en.png 776w, https:\/\/marekkuchcinski.pl\/wp-content\/uploads\/2020\/12\/776px-East_Carpathian_Biosphere_Reserve_map_en-300x232.png 300w, https:\/\/marekkuchcinski.pl\/wp-content\/uploads\/2020\/12\/776px-East_Carpathian_Biosphere_Reserve_map_en-768x594.png 768w, https:\/\/marekkuchcinski.pl\/wp-content\/uploads\/2020\/12\/776px-East_Carpathian_Biosphere_Reserve_map_en-16x12.png 16w\" sizes=\"(max-width: 776px) 100vw, 776px\" \/><\/a><\/figure><\/div>\n\n\n\n<p>Parcurile na\u021bionale primesc peste 15 milioane de vizitatori pe an, ceea ce spore\u0219te impactul publicului asupra naturii. Marek Kuchci\u0144ski \u0219i-a exprimat cererea de a ac\u021biona \u00een direc\u021bia degrev\u0103rii parcurilor na\u021bionale de interesul turi\u0219tilor prin dezvoltarea zonelor din jurul parcurilor. Un exemplu este districtul forestier Stuposiany din municipalitatea Lutowiska (Voievodatul Subcarpatic), unde au fost amenajate zone \u00een care au fost construite \u00eengr\u0103diri pentru bizoni, turnuri de observa\u021bie \u0219i p\u00e2rtii de schi fond. Ca un aspect important, a subliniat cre\u0219terea ponderii fondului forestier \u00een lucr\u0103rile de renovare \u0219i investi\u021bii \u0219i necesitatea de a sprijini administra\u021biile locale situate \u00een vecin\u0103tatea parcurilor na\u021bionale \u0219i a ariilor protejate.<\/p>\n\n\n\n<p>Marek Kuchci\u0144ski a eviden\u021biat disparitatea salarial\u0103 dintre angaja\u021bii p\u0103durilor de stat \u0219i angaja\u021bii parcurilor na\u021bionale, semnal\u00e2nd necesitatea de a cre\u0219te remunera\u021bia angaja\u021bilor din parcuri - sau cel pu\u021bin de a o egaliza.<\/p>\n\n\n\n<div class=\"wp-block-image\"><figure class=\"aligncenter size-large\"><a href=\"https:\/\/marekkuchcinski.pl\/wp-content\/uploads\/2020\/12\/EpMIHsrW4AEgyOI-scaled.jpg\"><img decoding=\"async\" width=\"1024\" height=\"682\" src=\"https:\/\/marekkuchcinski.pl\/wp-content\/uploads\/2020\/12\/EpMIHsrW4AEgyOI-1024x682.jpg\" alt=\"\" class=\"wp-image-21021\" srcset=\"https:\/\/marekkuchcinski.pl\/wp-content\/uploads\/2020\/12\/EpMIHsrW4AEgyOI-1024x682.jpg 1024w, https:\/\/marekkuchcinski.pl\/wp-content\/uploads\/2020\/12\/EpMIHsrW4AEgyOI-300x200.jpg 300w, https:\/\/marekkuchcinski.pl\/wp-content\/uploads\/2020\/12\/EpMIHsrW4AEgyOI-768x512.jpg 768w, https:\/\/marekkuchcinski.pl\/wp-content\/uploads\/2020\/12\/EpMIHsrW4AEgyOI-1536x1023.jpg 1536w, https:\/\/marekkuchcinski.pl\/wp-content\/uploads\/2020\/12\/EpMIHsrW4AEgyOI-scaled.jpg 2048w, https:\/\/marekkuchcinski.pl\/wp-content\/uploads\/2020\/12\/EpMIHsrW4AEgyOI-16x12.jpg 16w\" sizes=\"(max-width: 1024px) 100vw, 1024px\" \/><\/a><\/figure><\/div>\n\n\n\n<p>fotografie: Cancelaria Sejm-ului\/Alexander Zieli\u0144ski.<\/p>","protected":false},"excerpt":{"rendered":"<p>\u00cen cadrul unei \u0219edin\u021be a Comisiei pentru protec\u021bia mediului, resurse naturale \u0219i silvicultur\u0103, a fost analizat\u0103 informarea ministrului climei \u0219i mediului cu privire la parcurile na\u021bionale \u0219i rezerva\u021biile naturale ca fiind cele mai valoroase forme na\u021bionale de protec\u021bie a naturii - pe exemplul Parcului Na\u021bional Bieszczady. \u00cen timpul deliber\u0103rilor, Marek Kuchci\u0144ski a exprimat necesitatea unui sprijin mai mare de la bugetul de stat pentru parcurile na\u021bionale ca fiind cea mai important\u0103 form\u0103 de protec\u021bie a naturii. [...]<\/p>","protected":false},"author":17,"featured_media":21019,"comment_status":"open","ping_status":"open","sticky":false,"template":"","format":"standard","meta":{"ngg_post_thumbnail":0,"footnotes":""},"categories":[164,3],"tags":[],"class_list":["post-21014","post","type-post","status-publish","format-standard","has-post-thumbnail","hentry","category-komisje-sejmowe","category-wydarzenia"],"yoast_head":"<!-- This site is optimized with the Yoast SEO plugin v24.7 - https:\/\/yoast.com\/wordpress\/plugins\/seo\/ -->\n<title>Potrzeba wi\u0119kszego wsparcia dla park\u00f3w narodowych jako najcenniejszych form ochrony przyrody. &#8211; Marek Kuchci\u0144ski<\/title>\n<meta name=\"robots\" content=\"index, follow, max-snippet:-1, max-image-preview:large, max-video-preview:-1\" \/>\n<link rel=\"canonical\" href=\"https:\/\/marekkuchcinski.pl\/ro\/wydarzenia\/potrzeba-wiekszego-wsparcia-dla-parkow-narodowych-jako-najwazniejszych-form-ochrony-przyrody\/\" \/>\n<meta property=\"og:locale\" content=\"ro_RO\" \/>\n<meta property=\"og:type\" content=\"article\" \/>\n<meta property=\"og:title\" content=\"Potrzeba wi\u0119kszego wsparcia dla park\u00f3w narodowych jako najcenniejszych form ochrony przyrody. &#8211; Marek Kuchci\u0144ski\" \/>\n<meta property=\"og:description\" content=\"Na posiedzeniu Komisji Ochrony \u015arodowiska, Zasob\u00f3w Naturalnych i Le\u015bnictwa rozpatrzona zosta\u0142a informacja Ministra Klimatu i \u015arodowiska na temat park\u00f3w narodowych i rezerwat\u00f3w przyrody jako najcenniejszych narodowych form ochrony przyrody \u2013 na przyk\u0142adzie Bieszczadzkiego Parku Narodowego. Podczas obrad Marek Kuchci\u0144ski wyrazi\u0142 potrzeb\u0119 wi\u0119kszego wsparcia ze strony bud\u017cetu pa\u0144stwa dla park\u00f3w narodowych stanowi\u0105cych najwa\u017cniejsz\u0105 form\u0119 ochrony przyrody. [&hellip;]\" \/>\n<meta property=\"og:url\" content=\"https:\/\/marekkuchcinski.pl\/ro\/wydarzenia\/potrzeba-wiekszego-wsparcia-dla-parkow-narodowych-jako-najwazniejszych-form-ochrony-przyrody\/\" \/>\n<meta property=\"og:site_name\" content=\"Marek Kuchci\u0144ski\" \/>\n<meta property=\"article:published_time\" content=\"2020-12-14T22:52:58+00:00\" \/>\n<meta property=\"article:modified_time\" content=\"2020-12-18T15:18:33+00:00\" \/>\n<meta property=\"og:image\" content=\"https:\/\/marekkuchcinski.pl\/wp-content\/uploads\/2020\/12\/EpMH_qsWEAEDsLO-scaled.jpg\" \/>\n\t<meta property=\"og:image:width\" content=\"2048\" \/>\n\t<meta property=\"og:image:height\" content=\"1364\" \/>\n\t<meta property=\"og:image:type\" content=\"image\/jpeg\" \/>\n<meta name=\"author\" content=\"Tomasz \u0141acina\" \/>\n<meta name=\"twitter:card\" content=\"summary_large_image\" \/>\n<meta name=\"twitter:label1\" content=\"Scris de\" \/>\n\t<meta name=\"twitter:data1\" content=\"Tomasz \u0141acina\" \/>\n\t<meta name=\"twitter:label2\" content=\"Timp estimat pentru citire\" \/>\n\t<meta name=\"twitter:data2\" content=\"2 minutes\" \/>\n<script type=\"application\/ld+json\" class=\"yoast-schema-graph\">{\"@context\":\"https:\/\/schema.org\",\"@graph\":[{\"@type\":\"Article\",\"@id\":\"https:\/\/marekkuchcinski.pl\/wydarzenia\/potrzeba-wiekszego-wsparcia-dla-parkow-narodowych-jako-najwazniejszych-form-ochrony-przyrody\/#article\",\"isPartOf\":{\"@id\":\"https:\/\/marekkuchcinski.pl\/wydarzenia\/potrzeba-wiekszego-wsparcia-dla-parkow-narodowych-jako-najwazniejszych-form-ochrony-przyrody\/\"},\"author\":{\"name\":\"Tomasz \u0141acina\",\"@id\":\"https:\/\/marekkuchcinski.pl\/#\/schema\/person\/b8a29fe7813098f7be78801d029910a7\"},\"headline\":\"Potrzeba wi\u0119kszego wsparcia dla park\u00f3w narodowych jako najcenniejszych form ochrony przyrody.\",\"datePublished\":\"2020-12-14T22:52:58+00:00\",\"dateModified\":\"2020-12-18T15:18:33+00:00\",\"mainEntityOfPage\":{\"@id\":\"https:\/\/marekkuchcinski.pl\/wydarzenia\/potrzeba-wiekszego-wsparcia-dla-parkow-narodowych-jako-najwazniejszych-form-ochrony-przyrody\/\"},\"wordCount\":383,\"commentCount\":0,\"publisher\":{\"@id\":\"https:\/\/marekkuchcinski.pl\/#organization\"},\"image\":{\"@id\":\"https:\/\/marekkuchcinski.pl\/wydarzenia\/potrzeba-wiekszego-wsparcia-dla-parkow-narodowych-jako-najwazniejszych-form-ochrony-przyrody\/#primaryimage\"},\"thumbnailUrl\":\"https:\/\/marekkuchcinski.pl\/wp-content\/uploads\/2020\/12\/EpMH_qsWEAEDsLO-scaled.jpg\",\"articleSection\":[\"Komisje Sejmowe\",\"Wydarzenia\"],\"inLanguage\":\"ro-RO\",\"potentialAction\":[{\"@type\":\"CommentAction\",\"name\":\"Comment\",\"target\":[\"https:\/\/marekkuchcinski.pl\/wydarzenia\/potrzeba-wiekszego-wsparcia-dla-parkow-narodowych-jako-najwazniejszych-form-ochrony-przyrody\/#respond\"]}]},{\"@type\":\"WebPage\",\"@id\":\"https:\/\/marekkuchcinski.pl\/wydarzenia\/potrzeba-wiekszego-wsparcia-dla-parkow-narodowych-jako-najwazniejszych-form-ochrony-przyrody\/\",\"url\":\"https:\/\/marekkuchcinski.pl\/wydarzenia\/potrzeba-wiekszego-wsparcia-dla-parkow-narodowych-jako-najwazniejszych-form-ochrony-przyrody\/\",\"name\":\"Potrzeba wi\u0119kszego wsparcia dla park\u00f3w narodowych jako najcenniejszych form ochrony przyrody. &#8211; Marek Kuchci\u0144ski\",\"isPartOf\":{\"@id\":\"https:\/\/marekkuchcinski.pl\/#website\"},\"primaryImageOfPage\":{\"@id\":\"https:\/\/marekkuchcinski.pl\/wydarzenia\/potrzeba-wiekszego-wsparcia-dla-parkow-narodowych-jako-najwazniejszych-form-ochrony-przyrody\/#primaryimage\"},\"image\":{\"@id\":\"https:\/\/marekkuchcinski.pl\/wydarzenia\/potrzeba-wiekszego-wsparcia-dla-parkow-narodowych-jako-najwazniejszych-form-ochrony-przyrody\/#primaryimage\"},\"thumbnailUrl\":\"https:\/\/marekkuchcinski.pl\/wp-content\/uploads\/2020\/12\/EpMH_qsWEAEDsLO-scaled.jpg\",\"datePublished\":\"2020-12-14T22:52:58+00:00\",\"dateModified\":\"2020-12-18T15:18:33+00:00\",\"breadcrumb\":{\"@id\":\"https:\/\/marekkuchcinski.pl\/wydarzenia\/potrzeba-wiekszego-wsparcia-dla-parkow-narodowych-jako-najwazniejszych-form-ochrony-przyrody\/#breadcrumb\"},\"inLanguage\":\"ro-RO\",\"potentialAction\":[{\"@type\":\"ReadAction\",\"target\":[\"https:\/\/marekkuchcinski.pl\/wydarzenia\/potrzeba-wiekszego-wsparcia-dla-parkow-narodowych-jako-najwazniejszych-form-ochrony-przyrody\/\"]}]},{\"@type\":\"ImageObject\",\"inLanguage\":\"ro-RO\",\"@id\":\"https:\/\/marekkuchcinski.pl\/wydarzenia\/potrzeba-wiekszego-wsparcia-dla-parkow-narodowych-jako-najwazniejszych-form-ochrony-przyrody\/#primaryimage\",\"url\":\"https:\/\/marekkuchcinski.pl\/wp-content\/uploads\/2020\/12\/EpMH_qsWEAEDsLO-scaled.jpg\",\"contentUrl\":\"https:\/\/marekkuchcinski.pl\/wp-content\/uploads\/2020\/12\/EpMH_qsWEAEDsLO-scaled.jpg\",\"width\":2048,\"height\":1364},{\"@type\":\"BreadcrumbList\",\"@id\":\"https:\/\/marekkuchcinski.pl\/wydarzenia\/potrzeba-wiekszego-wsparcia-dla-parkow-narodowych-jako-najwazniejszych-form-ochrony-przyrody\/#breadcrumb\",\"itemListElement\":[{\"@type\":\"ListItem\",\"position\":1,\"name\":\"Strona g\u0142\u00f3wna\",\"item\":\"https:\/\/marekkuchcinski.pl\/\"},{\"@type\":\"ListItem\",\"position\":2,\"name\":\"Potrzeba wi\u0119kszego wsparcia dla park\u00f3w narodowych jako najcenniejszych form ochrony przyrody.\"}]},{\"@type\":\"WebSite\",\"@id\":\"https:\/\/marekkuchcinski.pl\/#website\",\"url\":\"https:\/\/marekkuchcinski.pl\/\",\"name\":\"Marek Kuchci\u0144ski\",\"description\":\"Pose\u0142 na sejm RP &ndash; okr\u0119g nr 22\",\"publisher\":{\"@id\":\"https:\/\/marekkuchcinski.pl\/#organization\"},\"potentialAction\":[{\"@type\":\"SearchAction\",\"target\":{\"@type\":\"EntryPoint\",\"urlTemplate\":\"https:\/\/marekkuchcinski.pl\/?s={search_term_string}\"},\"query-input\":{\"@type\":\"PropertyValueSpecification\",\"valueRequired\":true,\"valueName\":\"search_term_string\"}}],\"inLanguage\":\"ro-RO\"},{\"@type\":\"Organization\",\"@id\":\"https:\/\/marekkuchcinski.pl\/#organization\",\"name\":\"Marek Kuchci\u0144ski\",\"url\":\"https:\/\/marekkuchcinski.pl\/\",\"logo\":{\"@type\":\"ImageObject\",\"inLanguage\":\"ro-RO\",\"@id\":\"https:\/\/marekkuchcinski.pl\/#\/schema\/logo\/image\/\",\"url\":\"https:\/\/marekkuchcinski.pl\/wp-content\/uploads\/2022\/09\/Marek.jpg\",\"contentUrl\":\"https:\/\/marekkuchcinski.pl\/wp-content\/uploads\/2022\/09\/Marek.jpg\",\"width\":1600,\"height\":971,\"caption\":\"Marek Kuchci\u0144ski\"},\"image\":{\"@id\":\"https:\/\/marekkuchcinski.pl\/#\/schema\/logo\/image\/\"}},{\"@type\":\"Person\",\"@id\":\"https:\/\/marekkuchcinski.pl\/#\/schema\/person\/b8a29fe7813098f7be78801d029910a7\",\"name\":\"Tomasz \u0141acina\",\"image\":{\"@type\":\"ImageObject\",\"inLanguage\":\"ro-RO\",\"@id\":\"https:\/\/marekkuchcinski.pl\/#\/schema\/person\/image\/\",\"url\":\"https:\/\/secure.gravatar.com\/avatar\/22e75f6c51aff77a676ed77dd222f852?s=96&d=mm&r=g\",\"contentUrl\":\"https:\/\/secure.gravatar.com\/avatar\/22e75f6c51aff77a676ed77dd222f852?s=96&d=mm&r=g\",\"caption\":\"Tomasz \u0141acina\"},\"url\":\"https:\/\/marekkuchcinski.pl\/ro\/author\/tomek-lacina\/\"}]}<\/script>\n<!-- \/ Yoast SEO plugin. -->","yoast_head_json":{"title":"Potrzeba wi\u0119kszego wsparcia dla park\u00f3w narodowych jako najcenniejszych form ochrony przyrody. &#8211; Marek Kuchci\u0144ski","robots":{"index":"index","follow":"follow","max-snippet":"max-snippet:-1","max-image-preview":"max-image-preview:large","max-video-preview":"max-video-preview:-1"},"canonical":"https:\/\/marekkuchcinski.pl\/ro\/wydarzenia\/potrzeba-wiekszego-wsparcia-dla-parkow-narodowych-jako-najwazniejszych-form-ochrony-przyrody\/","og_locale":"ro_RO","og_type":"article","og_title":"Potrzeba wi\u0119kszego wsparcia dla park\u00f3w narodowych jako najcenniejszych form ochrony przyrody. &#8211; Marek Kuchci\u0144ski","og_description":"Na posiedzeniu Komisji Ochrony \u015arodowiska, Zasob\u00f3w Naturalnych i Le\u015bnictwa rozpatrzona zosta\u0142a informacja Ministra Klimatu i \u015arodowiska na temat park\u00f3w narodowych i rezerwat\u00f3w przyrody jako najcenniejszych narodowych form ochrony przyrody \u2013 na przyk\u0142adzie Bieszczadzkiego Parku Narodowego. Podczas obrad Marek Kuchci\u0144ski wyrazi\u0142 potrzeb\u0119 wi\u0119kszego wsparcia ze strony bud\u017cetu pa\u0144stwa dla park\u00f3w narodowych stanowi\u0105cych najwa\u017cniejsz\u0105 form\u0119 ochrony przyrody. [&hellip;]","og_url":"https:\/\/marekkuchcinski.pl\/ro\/wydarzenia\/potrzeba-wiekszego-wsparcia-dla-parkow-narodowych-jako-najwazniejszych-form-ochrony-przyrody\/","og_site_name":"Marek Kuchci\u0144ski","article_published_time":"2020-12-14T22:52:58+00:00","article_modified_time":"2020-12-18T15:18:33+00:00","og_image":[{"width":2048,"height":1364,"url":"https:\/\/marekkuchcinski.pl\/wp-content\/uploads\/2020\/12\/EpMH_qsWEAEDsLO-scaled.jpg","type":"image\/jpeg"}],"author":"Tomasz \u0141acina","twitter_card":"summary_large_image","twitter_misc":{"Scris de":"Tomasz \u0141acina","Timp estimat pentru citire":"2 minutes"},"schema":{"@context":"https:\/\/schema.org","@graph":[{"@type":"Article","@id":"https:\/\/marekkuchcinski.pl\/wydarzenia\/potrzeba-wiekszego-wsparcia-dla-parkow-narodowych-jako-najwazniejszych-form-ochrony-przyrody\/#article","isPartOf":{"@id":"https:\/\/marekkuchcinski.pl\/wydarzenia\/potrzeba-wiekszego-wsparcia-dla-parkow-narodowych-jako-najwazniejszych-form-ochrony-przyrody\/"},"author":{"name":"Tomasz \u0141acina","@id":"https:\/\/marekkuchcinski.pl\/#\/schema\/person\/b8a29fe7813098f7be78801d029910a7"},"headline":"Potrzeba wi\u0119kszego wsparcia dla park\u00f3w narodowych jako najcenniejszych form ochrony przyrody.","datePublished":"2020-12-14T22:52:58+00:00","dateModified":"2020-12-18T15:18:33+00:00","mainEntityOfPage":{"@id":"https:\/\/marekkuchcinski.pl\/wydarzenia\/potrzeba-wiekszego-wsparcia-dla-parkow-narodowych-jako-najwazniejszych-form-ochrony-przyrody\/"},"wordCount":383,"commentCount":0,"publisher":{"@id":"https:\/\/marekkuchcinski.pl\/#organization"},"image":{"@id":"https:\/\/marekkuchcinski.pl\/wydarzenia\/potrzeba-wiekszego-wsparcia-dla-parkow-narodowych-jako-najwazniejszych-form-ochrony-przyrody\/#primaryimage"},"thumbnailUrl":"https:\/\/marekkuchcinski.pl\/wp-content\/uploads\/2020\/12\/EpMH_qsWEAEDsLO-scaled.jpg","articleSection":["Komisje Sejmowe","Wydarzenia"],"inLanguage":"ro-RO","potentialAction":[{"@type":"CommentAction","name":"Comment","target":["https:\/\/marekkuchcinski.pl\/wydarzenia\/potrzeba-wiekszego-wsparcia-dla-parkow-narodowych-jako-najwazniejszych-form-ochrony-przyrody\/#respond"]}]},{"@type":"WebPage","@id":"https:\/\/marekkuchcinski.pl\/wydarzenia\/potrzeba-wiekszego-wsparcia-dla-parkow-narodowych-jako-najwazniejszych-form-ochrony-przyrody\/","url":"https:\/\/marekkuchcinski.pl\/wydarzenia\/potrzeba-wiekszego-wsparcia-dla-parkow-narodowych-jako-najwazniejszych-form-ochrony-przyrody\/","name":"Potrzeba wi\u0119kszego wsparcia dla park\u00f3w narodowych jako najcenniejszych form ochrony przyrody. &#8211; Marek Kuchci\u0144ski","isPartOf":{"@id":"https:\/\/marekkuchcinski.pl\/#website"},"primaryImageOfPage":{"@id":"https:\/\/marekkuchcinski.pl\/wydarzenia\/potrzeba-wiekszego-wsparcia-dla-parkow-narodowych-jako-najwazniejszych-form-ochrony-przyrody\/#primaryimage"},"image":{"@id":"https:\/\/marekkuchcinski.pl\/wydarzenia\/potrzeba-wiekszego-wsparcia-dla-parkow-narodowych-jako-najwazniejszych-form-ochrony-przyrody\/#primaryimage"},"thumbnailUrl":"https:\/\/marekkuchcinski.pl\/wp-content\/uploads\/2020\/12\/EpMH_qsWEAEDsLO-scaled.jpg","datePublished":"2020-12-14T22:52:58+00:00","dateModified":"2020-12-18T15:18:33+00:00","breadcrumb":{"@id":"https:\/\/marekkuchcinski.pl\/wydarzenia\/potrzeba-wiekszego-wsparcia-dla-parkow-narodowych-jako-najwazniejszych-form-ochrony-przyrody\/#breadcrumb"},"inLanguage":"ro-RO","potentialAction":[{"@type":"ReadAction","target":["https:\/\/marekkuchcinski.pl\/wydarzenia\/potrzeba-wiekszego-wsparcia-dla-parkow-narodowych-jako-najwazniejszych-form-ochrony-przyrody\/"]}]},{"@type":"ImageObject","inLanguage":"ro-RO","@id":"https:\/\/marekkuchcinski.pl\/wydarzenia\/potrzeba-wiekszego-wsparcia-dla-parkow-narodowych-jako-najwazniejszych-form-ochrony-przyrody\/#primaryimage","url":"https:\/\/marekkuchcinski.pl\/wp-content\/uploads\/2020\/12\/EpMH_qsWEAEDsLO-scaled.jpg","contentUrl":"https:\/\/marekkuchcinski.pl\/wp-content\/uploads\/2020\/12\/EpMH_qsWEAEDsLO-scaled.jpg","width":2048,"height":1364},{"@type":"BreadcrumbList","@id":"https:\/\/marekkuchcinski.pl\/wydarzenia\/potrzeba-wiekszego-wsparcia-dla-parkow-narodowych-jako-najwazniejszych-form-ochrony-przyrody\/#breadcrumb","itemListElement":[{"@type":"ListItem","position":1,"name":"Strona g\u0142\u00f3wna","item":"https:\/\/marekkuchcinski.pl\/"},{"@type":"ListItem","position":2,"name":"Potrzeba wi\u0119kszego wsparcia dla park\u00f3w narodowych jako najcenniejszych form ochrony przyrody."}]},{"@type":"WebSite","@id":"https:\/\/marekkuchcinski.pl\/#website","url":"https:\/\/marekkuchcinski.pl\/","name":"Marek Kuchci\u0144ski","description":"Pose\u0142 na sejm RP &ndash; okr\u0119g nr 22","publisher":{"@id":"https:\/\/marekkuchcinski.pl\/#organization"},"potentialAction":[{"@type":"SearchAction","target":{"@type":"EntryPoint","urlTemplate":"https:\/\/marekkuchcinski.pl\/?s={search_term_string}"},"query-input":{"@type":"PropertyValueSpecification","valueRequired":true,"valueName":"search_term_string"}}],"inLanguage":"ro-RO"},{"@type":"Organization","@id":"https:\/\/marekkuchcinski.pl\/#organization","name":"Marek Kuchci\u0144ski","url":"https:\/\/marekkuchcinski.pl\/","logo":{"@type":"ImageObject","inLanguage":"ro-RO","@id":"https:\/\/marekkuchcinski.pl\/#\/schema\/logo\/image\/","url":"https:\/\/marekkuchcinski.pl\/wp-content\/uploads\/2022\/09\/Marek.jpg","contentUrl":"https:\/\/marekkuchcinski.pl\/wp-content\/uploads\/2022\/09\/Marek.jpg","width":1600,"height":971,"caption":"Marek Kuchci\u0144ski"},"image":{"@id":"https:\/\/marekkuchcinski.pl\/#\/schema\/logo\/image\/"}},{"@type":"Person","@id":"https:\/\/marekkuchcinski.pl\/#\/schema\/person\/b8a29fe7813098f7be78801d029910a7","name":"Tomasz \u0141acina","image":{"@type":"ImageObject","inLanguage":"ro-RO","@id":"https:\/\/marekkuchcinski.pl\/#\/schema\/person\/image\/","url":"https:\/\/secure.gravatar.com\/avatar\/22e75f6c51aff77a676ed77dd222f852?s=96&d=mm&r=g","contentUrl":"https:\/\/secure.gravatar.com\/avatar\/22e75f6c51aff77a676ed77dd222f852?s=96&d=mm&r=g","caption":"Tomasz \u0141acina"},"url":"https:\/\/marekkuchcinski.pl\/ro\/author\/tomek-lacina\/"}]}},"_links":{"self":[{"href":"https:\/\/marekkuchcinski.pl\/ro\/wp-json\/wp\/v2\/posts\/21014","targetHints":{"allow":["GET"]}}],"collection":[{"href":"https:\/\/marekkuchcinski.pl\/ro\/wp-json\/wp\/v2\/posts"}],"about":[{"href":"https:\/\/marekkuchcinski.pl\/ro\/wp-json\/wp\/v2\/types\/post"}],"author":[{"embeddable":true,"href":"https:\/\/marekkuchcinski.pl\/ro\/wp-json\/wp\/v2\/users\/17"}],"replies":[{"embeddable":true,"href":"https:\/\/marekkuchcinski.pl\/ro\/wp-json\/wp\/v2\/comments?post=21014"}],"version-history":[{"count":13,"href":"https:\/\/marekkuchcinski.pl\/ro\/wp-json\/wp\/v2\/posts\/21014\/revisions"}],"predecessor-version":[{"id":21035,"href":"https:\/\/marekkuchcinski.pl\/ro\/wp-json\/wp\/v2\/posts\/21014\/revisions\/21035"}],"wp:featuredmedia":[{"embeddable":true,"href":"https:\/\/marekkuchcinski.pl\/ro\/wp-json\/wp\/v2\/media\/21019"}],"wp:attachment":[{"href":"https:\/\/marekkuchcinski.pl\/ro\/wp-json\/wp\/v2\/media?parent=21014"}],"wp:term":[{"taxonomy":"category","embeddable":true,"href":"https:\/\/marekkuchcinski.pl\/ro\/wp-json\/wp\/v2\/categories?post=21014"},{"taxonomy":"post_tag","embeddable":true,"href":"https:\/\/marekkuchcinski.pl\/ro\/wp-json\/wp\/v2\/tags?post=21014"}],"curies":[{"name":"wp","href":"https:\/\/api.w.org\/{rel}","templated":true}]}}