{"id":20297,"date":"2020-12-04T14:25:22","date_gmt":"2020-12-04T13:25:22","guid":{"rendered":"https:\/\/marekkuchcinski.pl\/?p=20297"},"modified":"2021-01-16T15:55:17","modified_gmt":"2021-01-16T14:55:17","slug":"wiadomosci-z-europy-2","status":"publish","type":"post","link":"https:\/\/marekkuchcinski.pl\/ro\/europa\/wiadomosci-z-europy-2\/","title":{"rendered":"\u0218tiri din Europa \u0219i din lume"},"content":{"rendered":"<div class=\"wp-block-image\"><figure class=\"aligncenter size-large is-resized\"><a href=\"https:\/\/marekkuchcinski.pl\/wp-content\/uploads\/2020\/12\/AdobeStock_284128523_Editorial_Use_Only-scaled.jpeg\"><img fetchpriority=\"high\" decoding=\"async\" src=\"https:\/\/marekkuchcinski.pl\/wp-content\/uploads\/2020\/12\/AdobeStock_284128523_Editorial_Use_Only-1024x656.jpeg\" alt=\"\" class=\"wp-image-20787\" width=\"668\" height=\"427\" srcset=\"https:\/\/marekkuchcinski.pl\/wp-content\/uploads\/2020\/12\/AdobeStock_284128523_Editorial_Use_Only-1024x656.jpeg 1024w, https:\/\/marekkuchcinski.pl\/wp-content\/uploads\/2020\/12\/AdobeStock_284128523_Editorial_Use_Only-300x192.jpeg 300w, https:\/\/marekkuchcinski.pl\/wp-content\/uploads\/2020\/12\/AdobeStock_284128523_Editorial_Use_Only-768x492.jpeg 768w, https:\/\/marekkuchcinski.pl\/wp-content\/uploads\/2020\/12\/AdobeStock_284128523_Editorial_Use_Only-1536x984.jpeg 1536w, https:\/\/marekkuchcinski.pl\/wp-content\/uploads\/2020\/12\/AdobeStock_284128523_Editorial_Use_Only-scaled.jpeg 2048w, https:\/\/marekkuchcinski.pl\/wp-content\/uploads\/2020\/12\/AdobeStock_284128523_Editorial_Use_Only-16x10.jpeg 16w\" sizes=\"(max-width: 668px) 100vw, 668px\" \/><\/a><\/figure><\/div>\n\n\n\n<p><strong>UE<\/strong><\/p>\n\n\n\n<p><strong>Bruxelles:<\/strong> Eurodeputatul austriac Othmar Karas (PPE) a trimis o scrisoare conducerii grupului, semnat\u0103 de 30 dintre cei 187 de membri ai partidului s\u0103u, \u00een care cere excluderea eurodeputatului maghiar Tamas Deutsch pentru comentariile pe care acesta le-a f\u0103cut la adresa pre\u0219edintelui grupului PPE privind pozi\u021bia sa referitoare la legarea fondurilor europene de a\u0219a-numitul stat de drept.&nbsp;<\/p>\n\n\n\n<p><strong>Europa de Vest<\/strong><\/p>\n\n\n\n<p><strong>Fran\u021ba:<\/strong> Fostul pre\u0219edinte francez Valery Giscard d'Estaing a \u00eencetat din via\u021b\u0103 la COVID-19 la v\u00e2rsta de 94 de ani.<\/p>\n\n\n\n<p>Fran\u021ba a anun\u021bat pierderea a peste 35.000 de locuri de munc\u0103 din septembrie, \u00een ciuda pachetelor de stimulare ale guvernului, a anun\u021bat miercuri ziarul Le Monde.<\/p>\n\n\n\n<p><strong>Germania:<\/strong>&nbsp; Restric\u021biile actuale de prevenire a r\u0103sp\u00e2ndirii pandemiei au fost prelungite p\u00e2n\u0103 la 10 ianuarie.<\/p>\n\n\n\n<p>Portugalia: \"Portugalia refuz\u0103 s\u0103 redeschid\u0103 negocierile privind bugetul UE \u0219i fondul de reconstruc\u021bie convenit de liderii UE \u00een iulie\", a declarat miercuri premierul Antonio Costa.<\/p>\n\n\n\n<p><strong>Grupul de la Vi\u0219egrad<\/strong><\/p>\n\n\n\n<p><strong>Ungaria:<\/strong> Premierul Viktor Orban a condamnat cu fermitate comportamentul fostului europarlamentar Fidesz Jozsef Szajer, care a fost surprins particip\u00e2nd la o orgie homosexual\u0103 \u00een centrul Bruxelles-ului.<\/p>\n\n\n\n<p><strong>Slovacia:<\/strong>&nbsp; Petra Vargova, diplomat care lucreaz\u0103 \u00een prezent la Ministerul slovac al Afacerilor Externe \u0219i care a fost anterior ambasador adjunct al Slovaciei la UE, va deveni noul pre\u0219edinte al Reprezentan\u021bei Permanente a UE \u00eencep\u00e2nd cu ianuarie 2021.<\/p>\n\n\n\n<p><strong>Balcani<\/strong><\/p>\n\n\n\n<p><strong>Slovenia:<\/strong> Ministrul de externe Anze Logar a anun\u021bat o vizit\u0103 \u00een Statele Unite, \u00een cadrul c\u0103reia inten\u021bioneaz\u0103 s\u0103 se \u00eent\u00e2lneasc\u0103 cu secretarul de stat Mike Pompeo. Guvernul sloven nu l-a felicitat \u00eenc\u0103 pe Joe Biden pentru victoria sa \u00een alegerile preziden\u021biale.<\/p>\n\n\n\n<p><strong>Serbia:<\/strong> UE nu va deschide un nou capitol \u00een negocierile de aderare cu Serbia \u00een acest an. Observatorii interna\u021bionali consider\u0103 c\u0103 Belgradul nu a realizat reformele necesare \u00een domeniul statului de drept \u00een ceea ce prive\u0219te independen\u021ba sistemului judiciar \u0219i libertatea de exprimare.<\/p>\n\n\n\n<p><strong>Europa de Nord<\/strong><\/p>\n\n\n\n<p><strong>Finlanda:<\/strong> Partidul Populist din Finlanda \u0219i-a crescut sprijinul \u00een r\u00e2ndul aleg\u0103torilor cu 1,4% de la \u00eenceputul lunii noiembrie. \u00cen prezent, este cel mai popular partid din Finlanda, cu sprijinul a 20,9% dintre responden\u021bi.<\/p>","protected":false},"excerpt":{"rendered":"<p>UE Bruxelles: Eurodeputatul austriac Othmar Karas (PPE) a trimis o scrisoare conducerii grupului, semnat\u0103 de 30 dintre cei 187 de membri ai partidului s\u0103u, \u00een care cere excluderea eurodeputatului maghiar Tamas Deutsch pentru comentariile pe care acesta le-a f\u0103cut la adresa pre\u0219edintelui grupului PPE privind pozi\u021bia sa referitoare la legarea fondurilor europene de a\u0219a-numitul stat de drept.  Europa Occidental\u0103 Fran\u021ba: Fostul pre\u0219edinte francez Valery Giscard d'Estaing a murit de [...]<\/p>","protected":false},"author":17,"featured_media":20787,"comment_status":"open","ping_status":"open","sticky":false,"template":"","format":"standard","meta":{"ngg_post_thumbnail":0,"footnotes":""},"categories":[185],"tags":[],"class_list":["post-20297","post","type-post","status-publish","format-standard","has-post-thumbnail","hentry","category-europa"],"yoast_head":"<!-- This site is optimized with the Yoast SEO plugin v24.7 - https:\/\/yoast.com\/wordpress\/plugins\/seo\/ -->\n<title>Wiadomo\u015bci z Europy i \u015bwiata &#8211; Marek Kuchci\u0144ski<\/title>\n<meta name=\"robots\" content=\"index, follow, max-snippet:-1, max-image-preview:large, max-video-preview:-1\" \/>\n<link rel=\"canonical\" href=\"https:\/\/marekkuchcinski.pl\/ro\/europa\/wiadomosci-z-europy-2\/\" \/>\n<meta property=\"og:locale\" content=\"ro_RO\" \/>\n<meta property=\"og:type\" content=\"article\" \/>\n<meta property=\"og:title\" content=\"Wiadomo\u015bci z Europy i \u015bwiata &#8211; Marek Kuchci\u0144ski\" \/>\n<meta property=\"og:description\" content=\"UE Bruksela: Austriacki europose\u0142 Othmar Karas (EPP) wys\u0142a\u0142 list do kierownictwa grupy, podpisany przez 30 z 187 cz\u0142onk\u00f3w jego partii, prosz\u0105c o wykluczenie w\u0119gierskiego pos\u0142a Tamasa Deutscha za komentarze nt. przewodnicz\u0105cego grupy EPP w sprawie jego stanowiska o wi\u0105zania funduszy UE z tzw. praworz\u0105dno\u015bci\u0105.&nbsp; Europa Zachodnia Francja: By\u0142y prezydent Francji Valery Giscard d\u2019Estaing zmar\u0142 na [&hellip;]\" \/>\n<meta property=\"og:url\" content=\"https:\/\/marekkuchcinski.pl\/ro\/europa\/wiadomosci-z-europy-2\/\" \/>\n<meta property=\"og:site_name\" content=\"Marek Kuchci\u0144ski\" \/>\n<meta property=\"article:published_time\" content=\"2020-12-04T13:25:22+00:00\" \/>\n<meta property=\"article:modified_time\" content=\"2021-01-16T14:55:17+00:00\" \/>\n<meta property=\"og:image\" content=\"https:\/\/marekkuchcinski.pl\/wp-content\/uploads\/2020\/12\/AdobeStock_284128523_Editorial_Use_Only-scaled.jpeg\" \/>\n\t<meta property=\"og:image:width\" content=\"2048\" \/>\n\t<meta property=\"og:image:height\" content=\"1312\" \/>\n\t<meta property=\"og:image:type\" content=\"image\/jpeg\" \/>\n<meta name=\"author\" content=\"Tomasz \u0141acina\" \/>\n<meta name=\"twitter:card\" content=\"summary_large_image\" \/>\n<meta name=\"twitter:label1\" content=\"Scris de\" \/>\n\t<meta name=\"twitter:data1\" content=\"Tomasz \u0141acina\" \/>\n\t<meta name=\"twitter:label2\" content=\"Timp estimat pentru citire\" \/>\n\t<meta name=\"twitter:data2\" content=\"2 minutes\" \/>\n<script type=\"application\/ld+json\" class=\"yoast-schema-graph\">{\"@context\":\"https:\/\/schema.org\",\"@graph\":[{\"@type\":\"Article\",\"@id\":\"https:\/\/marekkuchcinski.pl\/sk\/europa\/wiadomosci-z-europy-2\/#article\",\"isPartOf\":{\"@id\":\"https:\/\/marekkuchcinski.pl\/sk\/europa\/wiadomosci-z-europy-2\/\"},\"author\":{\"name\":\"Tomasz \u0141acina\",\"@id\":\"https:\/\/marekkuchcinski.pl\/#\/schema\/person\/b8a29fe7813098f7be78801d029910a7\"},\"headline\":\"Wiadomo\u015bci z Europy i \u015bwiata\",\"datePublished\":\"2020-12-04T13:25:22+00:00\",\"dateModified\":\"2021-01-16T14:55:17+00:00\",\"mainEntityOfPage\":{\"@id\":\"https:\/\/marekkuchcinski.pl\/sk\/europa\/wiadomosci-z-europy-2\/\"},\"wordCount\":330,\"commentCount\":0,\"publisher\":{\"@id\":\"https:\/\/marekkuchcinski.pl\/#organization\"},\"image\":{\"@id\":\"https:\/\/marekkuchcinski.pl\/sk\/europa\/wiadomosci-z-europy-2\/#primaryimage\"},\"thumbnailUrl\":\"https:\/\/marekkuchcinski.pl\/wp-content\/uploads\/2020\/12\/AdobeStock_284128523_Editorial_Use_Only-scaled.jpeg\",\"articleSection\":[\"Wie\u015bci z Europy i \u015awiata\"],\"inLanguage\":\"ro-RO\",\"potentialAction\":[{\"@type\":\"CommentAction\",\"name\":\"Comment\",\"target\":[\"https:\/\/marekkuchcinski.pl\/sk\/europa\/wiadomosci-z-europy-2\/#respond\"]}]},{\"@type\":\"WebPage\",\"@id\":\"https:\/\/marekkuchcinski.pl\/sk\/europa\/wiadomosci-z-europy-2\/\",\"url\":\"https:\/\/marekkuchcinski.pl\/sk\/europa\/wiadomosci-z-europy-2\/\",\"name\":\"Wiadomo\u015bci z Europy i \u015bwiata &#8211; Marek Kuchci\u0144ski\",\"isPartOf\":{\"@id\":\"https:\/\/marekkuchcinski.pl\/#website\"},\"primaryImageOfPage\":{\"@id\":\"https:\/\/marekkuchcinski.pl\/sk\/europa\/wiadomosci-z-europy-2\/#primaryimage\"},\"image\":{\"@id\":\"https:\/\/marekkuchcinski.pl\/sk\/europa\/wiadomosci-z-europy-2\/#primaryimage\"},\"thumbnailUrl\":\"https:\/\/marekkuchcinski.pl\/wp-content\/uploads\/2020\/12\/AdobeStock_284128523_Editorial_Use_Only-scaled.jpeg\",\"datePublished\":\"2020-12-04T13:25:22+00:00\",\"dateModified\":\"2021-01-16T14:55:17+00:00\",\"breadcrumb\":{\"@id\":\"https:\/\/marekkuchcinski.pl\/sk\/europa\/wiadomosci-z-europy-2\/#breadcrumb\"},\"inLanguage\":\"ro-RO\",\"potentialAction\":[{\"@type\":\"ReadAction\",\"target\":[\"https:\/\/marekkuchcinski.pl\/sk\/europa\/wiadomosci-z-europy-2\/\"]}]},{\"@type\":\"ImageObject\",\"inLanguage\":\"ro-RO\",\"@id\":\"https:\/\/marekkuchcinski.pl\/sk\/europa\/wiadomosci-z-europy-2\/#primaryimage\",\"url\":\"https:\/\/marekkuchcinski.pl\/wp-content\/uploads\/2020\/12\/AdobeStock_284128523_Editorial_Use_Only-scaled.jpeg\",\"contentUrl\":\"https:\/\/marekkuchcinski.pl\/wp-content\/uploads\/2020\/12\/AdobeStock_284128523_Editorial_Use_Only-scaled.jpeg\",\"width\":2048,\"height\":1312},{\"@type\":\"BreadcrumbList\",\"@id\":\"https:\/\/marekkuchcinski.pl\/sk\/europa\/wiadomosci-z-europy-2\/#breadcrumb\",\"itemListElement\":[{\"@type\":\"ListItem\",\"position\":1,\"name\":\"Strona g\u0142\u00f3wna\",\"item\":\"https:\/\/marekkuchcinski.pl\/\"},{\"@type\":\"ListItem\",\"position\":2,\"name\":\"Wiadomo\u015bci z Europy i \u015bwiata\"}]},{\"@type\":\"WebSite\",\"@id\":\"https:\/\/marekkuchcinski.pl\/#website\",\"url\":\"https:\/\/marekkuchcinski.pl\/\",\"name\":\"Marek Kuchci\u0144ski\",\"description\":\"Pose\u0142 na sejm RP &ndash; okr\u0119g nr 22\",\"publisher\":{\"@id\":\"https:\/\/marekkuchcinski.pl\/#organization\"},\"potentialAction\":[{\"@type\":\"SearchAction\",\"target\":{\"@type\":\"EntryPoint\",\"urlTemplate\":\"https:\/\/marekkuchcinski.pl\/?s={search_term_string}\"},\"query-input\":{\"@type\":\"PropertyValueSpecification\",\"valueRequired\":true,\"valueName\":\"search_term_string\"}}],\"inLanguage\":\"ro-RO\"},{\"@type\":\"Organization\",\"@id\":\"https:\/\/marekkuchcinski.pl\/#organization\",\"name\":\"Marek Kuchci\u0144ski\",\"url\":\"https:\/\/marekkuchcinski.pl\/\",\"logo\":{\"@type\":\"ImageObject\",\"inLanguage\":\"ro-RO\",\"@id\":\"https:\/\/marekkuchcinski.pl\/#\/schema\/logo\/image\/\",\"url\":\"https:\/\/marekkuchcinski.pl\/wp-content\/uploads\/2022\/09\/Marek.jpg\",\"contentUrl\":\"https:\/\/marekkuchcinski.pl\/wp-content\/uploads\/2022\/09\/Marek.jpg\",\"width\":1600,\"height\":971,\"caption\":\"Marek Kuchci\u0144ski\"},\"image\":{\"@id\":\"https:\/\/marekkuchcinski.pl\/#\/schema\/logo\/image\/\"}},{\"@type\":\"Person\",\"@id\":\"https:\/\/marekkuchcinski.pl\/#\/schema\/person\/b8a29fe7813098f7be78801d029910a7\",\"name\":\"Tomasz \u0141acina\",\"image\":{\"@type\":\"ImageObject\",\"inLanguage\":\"ro-RO\",\"@id\":\"https:\/\/marekkuchcinski.pl\/#\/schema\/person\/image\/\",\"url\":\"https:\/\/secure.gravatar.com\/avatar\/22e75f6c51aff77a676ed77dd222f852?s=96&d=mm&r=g\",\"contentUrl\":\"https:\/\/secure.gravatar.com\/avatar\/22e75f6c51aff77a676ed77dd222f852?s=96&d=mm&r=g\",\"caption\":\"Tomasz \u0141acina\"},\"url\":\"https:\/\/marekkuchcinski.pl\/ro\/author\/tomek-lacina\/\"}]}<\/script>\n<!-- \/ Yoast SEO plugin. -->","yoast_head_json":{"title":"Wiadomo\u015bci z Europy i \u015bwiata &#8211; Marek Kuchci\u0144ski","robots":{"index":"index","follow":"follow","max-snippet":"max-snippet:-1","max-image-preview":"max-image-preview:large","max-video-preview":"max-video-preview:-1"},"canonical":"https:\/\/marekkuchcinski.pl\/ro\/europa\/wiadomosci-z-europy-2\/","og_locale":"ro_RO","og_type":"article","og_title":"Wiadomo\u015bci z Europy i \u015bwiata &#8211; Marek Kuchci\u0144ski","og_description":"UE Bruksela: Austriacki europose\u0142 Othmar Karas (EPP) wys\u0142a\u0142 list do kierownictwa grupy, podpisany przez 30 z 187 cz\u0142onk\u00f3w jego partii, prosz\u0105c o wykluczenie w\u0119gierskiego pos\u0142a Tamasa Deutscha za komentarze nt. przewodnicz\u0105cego grupy EPP w sprawie jego stanowiska o wi\u0105zania funduszy UE z tzw. praworz\u0105dno\u015bci\u0105.&nbsp; Europa Zachodnia Francja: By\u0142y prezydent Francji Valery Giscard d\u2019Estaing zmar\u0142 na [&hellip;]","og_url":"https:\/\/marekkuchcinski.pl\/ro\/europa\/wiadomosci-z-europy-2\/","og_site_name":"Marek Kuchci\u0144ski","article_published_time":"2020-12-04T13:25:22+00:00","article_modified_time":"2021-01-16T14:55:17+00:00","og_image":[{"width":2048,"height":1312,"url":"https:\/\/marekkuchcinski.pl\/wp-content\/uploads\/2020\/12\/AdobeStock_284128523_Editorial_Use_Only-scaled.jpeg","type":"image\/jpeg"}],"author":"Tomasz \u0141acina","twitter_card":"summary_large_image","twitter_misc":{"Scris de":"Tomasz \u0141acina","Timp estimat pentru citire":"2 minutes"},"schema":{"@context":"https:\/\/schema.org","@graph":[{"@type":"Article","@id":"https:\/\/marekkuchcinski.pl\/sk\/europa\/wiadomosci-z-europy-2\/#article","isPartOf":{"@id":"https:\/\/marekkuchcinski.pl\/sk\/europa\/wiadomosci-z-europy-2\/"},"author":{"name":"Tomasz \u0141acina","@id":"https:\/\/marekkuchcinski.pl\/#\/schema\/person\/b8a29fe7813098f7be78801d029910a7"},"headline":"Wiadomo\u015bci z Europy i \u015bwiata","datePublished":"2020-12-04T13:25:22+00:00","dateModified":"2021-01-16T14:55:17+00:00","mainEntityOfPage":{"@id":"https:\/\/marekkuchcinski.pl\/sk\/europa\/wiadomosci-z-europy-2\/"},"wordCount":330,"commentCount":0,"publisher":{"@id":"https:\/\/marekkuchcinski.pl\/#organization"},"image":{"@id":"https:\/\/marekkuchcinski.pl\/sk\/europa\/wiadomosci-z-europy-2\/#primaryimage"},"thumbnailUrl":"https:\/\/marekkuchcinski.pl\/wp-content\/uploads\/2020\/12\/AdobeStock_284128523_Editorial_Use_Only-scaled.jpeg","articleSection":["Wie\u015bci z Europy i \u015awiata"],"inLanguage":"ro-RO","potentialAction":[{"@type":"CommentAction","name":"Comment","target":["https:\/\/marekkuchcinski.pl\/sk\/europa\/wiadomosci-z-europy-2\/#respond"]}]},{"@type":"WebPage","@id":"https:\/\/marekkuchcinski.pl\/sk\/europa\/wiadomosci-z-europy-2\/","url":"https:\/\/marekkuchcinski.pl\/sk\/europa\/wiadomosci-z-europy-2\/","name":"Wiadomo\u015bci z Europy i \u015bwiata &#8211; Marek Kuchci\u0144ski","isPartOf":{"@id":"https:\/\/marekkuchcinski.pl\/#website"},"primaryImageOfPage":{"@id":"https:\/\/marekkuchcinski.pl\/sk\/europa\/wiadomosci-z-europy-2\/#primaryimage"},"image":{"@id":"https:\/\/marekkuchcinski.pl\/sk\/europa\/wiadomosci-z-europy-2\/#primaryimage"},"thumbnailUrl":"https:\/\/marekkuchcinski.pl\/wp-content\/uploads\/2020\/12\/AdobeStock_284128523_Editorial_Use_Only-scaled.jpeg","datePublished":"2020-12-04T13:25:22+00:00","dateModified":"2021-01-16T14:55:17+00:00","breadcrumb":{"@id":"https:\/\/marekkuchcinski.pl\/sk\/europa\/wiadomosci-z-europy-2\/#breadcrumb"},"inLanguage":"ro-RO","potentialAction":[{"@type":"ReadAction","target":["https:\/\/marekkuchcinski.pl\/sk\/europa\/wiadomosci-z-europy-2\/"]}]},{"@type":"ImageObject","inLanguage":"ro-RO","@id":"https:\/\/marekkuchcinski.pl\/sk\/europa\/wiadomosci-z-europy-2\/#primaryimage","url":"https:\/\/marekkuchcinski.pl\/wp-content\/uploads\/2020\/12\/AdobeStock_284128523_Editorial_Use_Only-scaled.jpeg","contentUrl":"https:\/\/marekkuchcinski.pl\/wp-content\/uploads\/2020\/12\/AdobeStock_284128523_Editorial_Use_Only-scaled.jpeg","width":2048,"height":1312},{"@type":"BreadcrumbList","@id":"https:\/\/marekkuchcinski.pl\/sk\/europa\/wiadomosci-z-europy-2\/#breadcrumb","itemListElement":[{"@type":"ListItem","position":1,"name":"Strona g\u0142\u00f3wna","item":"https:\/\/marekkuchcinski.pl\/"},{"@type":"ListItem","position":2,"name":"Wiadomo\u015bci z Europy i \u015bwiata"}]},{"@type":"WebSite","@id":"https:\/\/marekkuchcinski.pl\/#website","url":"https:\/\/marekkuchcinski.pl\/","name":"Marek Kuchci\u0144ski","description":"Pose\u0142 na sejm RP &ndash; okr\u0119g nr 22","publisher":{"@id":"https:\/\/marekkuchcinski.pl\/#organization"},"potentialAction":[{"@type":"SearchAction","target":{"@type":"EntryPoint","urlTemplate":"https:\/\/marekkuchcinski.pl\/?s={search_term_string}"},"query-input":{"@type":"PropertyValueSpecification","valueRequired":true,"valueName":"search_term_string"}}],"inLanguage":"ro-RO"},{"@type":"Organization","@id":"https:\/\/marekkuchcinski.pl\/#organization","name":"Marek Kuchci\u0144ski","url":"https:\/\/marekkuchcinski.pl\/","logo":{"@type":"ImageObject","inLanguage":"ro-RO","@id":"https:\/\/marekkuchcinski.pl\/#\/schema\/logo\/image\/","url":"https:\/\/marekkuchcinski.pl\/wp-content\/uploads\/2022\/09\/Marek.jpg","contentUrl":"https:\/\/marekkuchcinski.pl\/wp-content\/uploads\/2022\/09\/Marek.jpg","width":1600,"height":971,"caption":"Marek Kuchci\u0144ski"},"image":{"@id":"https:\/\/marekkuchcinski.pl\/#\/schema\/logo\/image\/"}},{"@type":"Person","@id":"https:\/\/marekkuchcinski.pl\/#\/schema\/person\/b8a29fe7813098f7be78801d029910a7","name":"Tomasz \u0141acina","image":{"@type":"ImageObject","inLanguage":"ro-RO","@id":"https:\/\/marekkuchcinski.pl\/#\/schema\/person\/image\/","url":"https:\/\/secure.gravatar.com\/avatar\/22e75f6c51aff77a676ed77dd222f852?s=96&d=mm&r=g","contentUrl":"https:\/\/secure.gravatar.com\/avatar\/22e75f6c51aff77a676ed77dd222f852?s=96&d=mm&r=g","caption":"Tomasz \u0141acina"},"url":"https:\/\/marekkuchcinski.pl\/ro\/author\/tomek-lacina\/"}]}},"_links":{"self":[{"href":"https:\/\/marekkuchcinski.pl\/ro\/wp-json\/wp\/v2\/posts\/20297","targetHints":{"allow":["GET"]}}],"collection":[{"href":"https:\/\/marekkuchcinski.pl\/ro\/wp-json\/wp\/v2\/posts"}],"about":[{"href":"https:\/\/marekkuchcinski.pl\/ro\/wp-json\/wp\/v2\/types\/post"}],"author":[{"embeddable":true,"href":"https:\/\/marekkuchcinski.pl\/ro\/wp-json\/wp\/v2\/users\/17"}],"replies":[{"embeddable":true,"href":"https:\/\/marekkuchcinski.pl\/ro\/wp-json\/wp\/v2\/comments?post=20297"}],"version-history":[{"count":3,"href":"https:\/\/marekkuchcinski.pl\/ro\/wp-json\/wp\/v2\/posts\/20297\/revisions"}],"predecessor-version":[{"id":21422,"href":"https:\/\/marekkuchcinski.pl\/ro\/wp-json\/wp\/v2\/posts\/20297\/revisions\/21422"}],"wp:featuredmedia":[{"embeddable":true,"href":"https:\/\/marekkuchcinski.pl\/ro\/wp-json\/wp\/v2\/media\/20787"}],"wp:attachment":[{"href":"https:\/\/marekkuchcinski.pl\/ro\/wp-json\/wp\/v2\/media?parent=20297"}],"wp:term":[{"taxonomy":"category","embeddable":true,"href":"https:\/\/marekkuchcinski.pl\/ro\/wp-json\/wp\/v2\/categories?post=20297"},{"taxonomy":"post_tag","embeddable":true,"href":"https:\/\/marekkuchcinski.pl\/ro\/wp-json\/wp\/v2\/tags?post=20297"}],"curies":[{"name":"wp","href":"https:\/\/api.w.org\/{rel}","templated":true}]}}