{"id":20234,"date":"2020-11-19T10:15:41","date_gmt":"2020-11-19T09:15:41","guid":{"rendered":"https:\/\/marekkuchcinski.pl\/?p=20234"},"modified":"2020-11-19T10:15:42","modified_gmt":"2020-11-19T09:15:42","slug":"marek-kuchcinski-unia-europejska-nigdy-nie-byla-tak-podzielona-jak-teraz-wywiad-dla-wegierskiego-portalu-mandiner","status":"publish","type":"post","link":"https:\/\/marekkuchcinski.pl\/ro\/wydarzenia\/marek-kuchcinski-unia-europejska-nigdy-nie-byla-tak-podzielona-jak-teraz-wywiad-dla-wegierskiego-portalu-mandiner\/","title":{"rendered":"Marek Kuchci\u0144ski: Uniunea European\u0103 nu a fost niciodat\u0103 at\u00e2t de divizat\u0103 ca acum. Interviu cu portalul maghiar Mandiner"},"content":{"rendered":"<p>Am discutat cu \u0219eful Comisiei parlamentare poloneze pentru afaceri externe despre afacerile europene, despre retorica antipolonez\u0103 \u0219i antiungar\u0103 a lui Joe Biden, precum \u0219i despre marasmul UE. V\u0103 \u00eencuraj\u0103m s\u0103 citi\u021bi interviul!<\/p>\n\n\n\n<p><strong>Pe l\u00e2ng\u0103 Ungaria, a\u0219a-numitul mecanism al statului de drept s-a extins \u0219i \u00een Polonia. Luni, ambasadorii statelor membre ale Uniunii Europene au aprobat, cu majoritate calificat\u0103, un proiect de regulament privind introducerea unui sistem de condi\u021bionalitate pentru protejarea bugetului UE, care poate fi astfel aprobat de Parlamentul European. Este <\/strong><strong>\u00een conformitate cu<\/strong><strong> Vre\u021bi s\u0103 spune\u021bi c\u0103 acest mecanism este o amenin\u021bare serioas\u0103?<\/strong><\/p>\n\n\n\n<p>S\u0103 clarific\u0103m poate c\u00e2teva aspecte. \u00cen primul r\u00e2nd, Uniunea European\u0103 nu a fost niciodat\u0103 at\u00e2t de divizat\u0103 ca \u00een prezent. \u00cen al doilea r\u00e2nd, \u00een ceea ce prive\u0219te aceste diviziuni, este important s\u0103 subliniem c\u0103 nu este vorba doar de o diferen\u021b\u0103 serioas\u0103 de opinie cu privire la subven\u021biile UE sau la buget. Statele membre ale UE nu se pot pune de acord nici m\u0103car asupra problemelor politice; la urma urmei, condamnarea autorit\u0103\u021bilor belaruse a fost aproape z\u0103d\u0103rnicit\u0103 de opozi\u021bia Ciprului \u0219i abia am ajuns la un acord \u00een privin\u021ba lui Navalny. S\u0103 ne amintim, de exemplu, diferen\u021ba de opinie cu privire la gazoductul Nord Stream 2. De\u0219i, datorit\u0103 Grupului de la Visegrad, a fost posibil s\u0103 se ajung\u0103 la un fel de compromis \u00een problema migra\u021biei, acest lucru nu a afectat \u00een mod semnificativ aceste diviziuni, iar ast\u0103zi cea mai important\u0103 problem\u0103 a acestora este bugetul UE. Grupul de \u021b\u0103ri occidentale, condus de Olanda, ar dori s\u0103 lege plata fondurilor UE de propriul concept de stat de drept, \u00een timp ce noi suntem de p\u0103rere c\u0103 aceste aspecte nu sunt deloc acoperite de Tratatul privind func\u021bionarea Uniunii Europene.<\/p>\n\n\n\n<p>Nu pute\u021bi, invoc\u00e2nd statul de drept, s\u0103 interveni\u021bi \u00een afacerile interne ale statelor,<\/p>\n\n\n\n<p>Punctul de vedere privind justi\u021bia \u0219i sistemul judiciar la nivelul UE nu ar trebui s\u0103 fie confundat cu punctele de vedere ale statelor membre. \u00cen disputa privind statul de drept, Mateusz Morawiecki \u0219i Viktor Orb\u00e1n \u00eemp\u0103rt\u0103\u0219esc aceea\u0219i pozi\u021bie \u0219i, prin fermitate, poate c\u0103 se poate ajunge la un compromis la nivelul UE.<\/p>\n\n\n\n<p><strong>\u00cen ultima vreme, nici presa interna\u021bional\u0103 \u0219i nici cea maghiar\u0103 nu au men\u021bionat posibilitatea unui compromis, \u00een timp ce Jaroslaw Kaczynski \u0219i Viktor Orb<\/strong><strong>\u00e1n <\/strong><strong>\u0219i-au anun\u021bat dreptul de veto asupra bugetului UE. \u00cen cele din urm\u0103, aceast\u0103 amenin\u021bare a devenit realitate. \u00cen ce m\u0103sur\u0103 am putea aprofunda conflictul cu acest veto? \u021a\u0103rile din sud sunt foarte insistente \u00een ceea ce prive\u0219te \u00eenceperea pl\u0103\u021bilor, deci cum g\u0103sim un compromis \u00eentre sudul, estul \u0219i vestul UE?<\/strong><\/p>\n\n\n\n<p>Cu toate acestea, sunt totu\u0219i de bun\u0103 dispozi\u021bie. De la reprezentan\u021bii polonezi \u00een UE ne-a parvenit deja vestea c\u0103<\/p>\n\n\n\n<p>exist\u0103 posibilitatea unei solu\u021bii de compromis \u00een ceea ce prive\u0219te problema statului de drept.<\/p>\n\n\n\n<p>Dup\u0103 cum a\u021bi men\u021bionat, situa\u021bia este grav\u0103, deoarece economiile statelor membre din sud au fost puternic afectate de pandemia de coronavirus. De aici rezult\u0103 o pozi\u021bie puternic\u0103, care ne pune sub presiune \u0219i care duce, de asemenea, la un acord. Veto-ul bugetar este o arm\u0103 puternic\u0103 \u00een m\u00e2inile Poloniei \u0219i Ungariei, dar sper\u0103m totu\u0219i c\u0103 se poate ajunge la un acord.<\/p>\n\n\n\n<p><strong>Polonia \u0219i Statele Unite au semnat recent un nou acord militar, iar acum Joe Biden va ocupa, f\u0103r\u0103 \u00eendoial\u0103, Biroul Oval pentru \u00eenc\u0103 patru ani. Ce impact va avea pre\u0219edin\u021bia sa asupra rela\u021biei polono-americane foarte str\u00e2nse \u0219i cu multiple fa\u021bete?<\/strong><\/p>\n\n\n\n<p>L\u0103s\u00e2nd la o parte emo\u021biile care au fost puternice \u00een timpul alegerilor preziden\u021biale, exist\u0103 doi factori foarte importan\u021bi care trebuie lua\u021bi \u00een considerare \u00een rela\u021biile polono-americane. Prima este chestiunea politicii de securitate, unde suntem deja lega\u021bi de acorduri \u0219i \u00een\u021belegeri semnate de pre\u0219edin\u021bii anteriori. NATO \u00ee\u0219i spore\u0219te prezen\u021ba \u00een Polonia, ceea ce este \u00een avantajul nu numai al nostru, ci \u0219i al Organiza\u021biei Tratatului Atlanticului de Nord, care \u00ee\u0219i consolideaz\u0103 astfel pozi\u021bia \u00een regiune. Al doilea factor este reprezentat de rela\u021biile economice dintre cele dou\u0103 \u021b\u0103ri, deoarece stabilitatea politic\u0103 este favorabil\u0103 dezvolt\u0103rii economice, care, la r\u00e2ndul ei, poate fi o modalitate de a atrage c\u00e2t mai mul\u021bi investitori americani mari \u00een Polonia sau \u00een alte \u021b\u0103ri din Europa Central\u0103. Rela\u021biile polono-americane depind \u00een \u00eentregime de puterea \u0219i rela\u021bia dintre ace\u0219ti doi factori. \u00cen ceea ce-l prive\u0219te pe Biden, este important pentru noi c\u0103 a f\u0103cut o evaluare negativ\u0103 a Nord Stream 2.<\/p>\n\n\n\n<p><em>Stanis\u0142aw Karczewski \u0219i Marek Kuchci\u0144ski (Artur Widak \/ NurPhoto via AFP)<\/em><\/p>\n\n\n\n<p><strong>Economia \u0219i problemele de securitate nu au fost abordate \u00een timpul campaniei electorale, contrar stereotipurilor politice. Biden a prezentat Ungaria \u0219i Polonia \u00eentr-o lumin\u0103 negativ\u0103, iar \u00een ultimele zile de campanie a promis c\u0103 \u00een primul s\u0103u an de mandat va organiza o conferin\u021b\u0103 interna\u021bional\u0103 major\u0103 \u00een care guvernele care promoveaz\u0103 democra\u021bia liberal\u0103 vor discuta despre cum s\u0103 protejeze lumea de regimurile care profeseaz\u0103 principii autocratice, corupte \u0219i iliberale - aici ar fi necesar s\u0103 preciz\u0103m la ce se refer\u0103. Este acolo<a> Domnul<\/a> convin\u0219i c\u0103 problemele economice \u0219i politica de securitate vor domina agenda politic\u0103 \u0219i rela\u021biile dintre state?<\/strong><\/p>\n\n\n\n<p>Nimeni nu poate garanta 100% c\u0103, dup\u0103 alegerile preziden\u021biale, aceste critici nu vor afecta rela\u021biile noastre \u0219i punerea \u00een aplicare a intereselor noastre, dar trebuie remarcat c\u0103<\/p>\n\n\n\n<p>Nu este prima dat\u0103 c\u00e2nd deciden\u021bii americani fac astfel de declara\u021bii despre Europa Central\u0103 f\u0103r\u0103 a avea cuno\u0219tin\u021be sigure.<\/p>\n\n\n\n<p>Dac\u0103 Joe Biden ar fi c\u0103l\u0103torit jum\u0103tate de drum prin Polonia \u0219i ar fi v\u0103zut c\u0103 poli\u021bia nu blocheaz\u0103 sau desfiin\u021beaz\u0103 protestele, indiferent dac\u0103 sunt de dreapta sau de st\u00e2nga, ci \u00eei asigur\u0103 \u0219i \u00eei protejeaz\u0103 pe participan\u021bi, ar putea avea o alt\u0103 opinie. Cred c\u0103, dup\u0103 ce se va familiariza mai bine cu situa\u021bia, va evalua altfel, deoarece \u00een Polonia nu este amenin\u021bat\u0103 nici libertatea de exprimare, nici libertatea de \u00eentrunire.<\/p>\n\n\n\n<p><strong>Vorbind de politica de securitate, Moscova a pus cap\u0103t recent r\u0103zboiului dintre Azerbaidjan \u0219i Armenia. Erevan se afl\u0103 la trei ore de avion de Budapesta, la aceea\u0219i distan\u021b\u0103 ca Londra \u0219i Nagorno-Karabah, la grani\u021ba continentului, iar Uniunea European\u0103 nu a reu\u0219it s\u0103 abordeze cu adev\u0103rat conflictul. Care este pericolul unui astfel de blocaj pentru politica de securitate?<\/strong><\/p>\n\n\n\n<p>R\u0103spunsul este de fapt con\u021binut \u00een aceast\u0103 \u00eentrebare, deoarece astfel de evenimente au lovit Europa. F\u0103r\u0103 \u00eendoial\u0103, Uniunea European\u0103 trebuie s\u0103 fie consolidat\u0103, astfel \u00eenc\u00e2t s\u0103 poat\u0103 fi at\u00e2t un actor important pe scena mondial\u0103, c\u00e2t \u0219i un partener de dialog. \u00cen cazul specific al Armeniei \u0219i al Azerbaidjanului, UE trebuie s\u0103 se implice acum \u00een procesul de pace, astfel \u00eenc\u00e2t acesta s\u0103 nu se mai afle sub controlul exclusiv al Rusiei \u0219i al Turciei. \u00cen acela\u0219i mod, ar trebui consolidate rela\u021biile economice cu regiunea Caucazului, asigur\u00e2ndu-ne c\u0103 suntem \u00eentr-o pozi\u021bie economic\u0103 care s\u0103 ne permit\u0103 s\u0103 juc\u0103m un rol decisiv \u00een lumea politic\u0103. Este \u00een interesul vital al Uniunii, sl\u0103bit\u0103 dup\u0103 Brexit, s\u0103 acorde aten\u021bie regiunilor din estul spa\u021biului Schengen \u0219i trebuie s\u0103 d\u0103m dovad\u0103 de for\u021b\u0103 \u0219i determinare, pentru c\u0103 orice sl\u0103biciune \u0219i indecizie - inclusiv \u00een cazul Armeniei - duce la o sc\u0103dere a importan\u021bei UE.<\/p>\n\n\n\n<p>Marek Kuchci\u0144ski este un politician polonez, membru al Sejm-ului pentru Lege \u0219i Justi\u021bie. A fost pre\u0219edinte al Sejm \u00een perioada 2015-2019 \u0219i este \u00een prezent pre\u0219edinte al Comisiei pentru afaceri externe a Sejm-ului.<\/p>\n\n\n\n<p><em>Autorul colaboreaz\u0103 cu portalul Mandiner, iar \u00een cadrul programului de burse MCC este bursier la Institutul Wac\u0142aw Felczak de Cooperare Polono-Ungar\u0103 din Var\u0219ovia.<\/em><\/p>\n\n\n\n<figure class=\"wp-block-image size-large\"><img fetchpriority=\"high\" decoding=\"async\" width=\"1024\" height=\"683\" src=\"https:\/\/marekkuchcinski.pl\/wp-content\/uploads\/2020\/11\/kuchcinsky-1-1024x683.jpg\" alt=\"\" class=\"wp-image-20237\" srcset=\"https:\/\/marekkuchcinski.pl\/wp-content\/uploads\/2020\/11\/kuchcinsky-1-1024x683.jpg 1024w, https:\/\/marekkuchcinski.pl\/wp-content\/uploads\/2020\/11\/kuchcinsky-1-300x200.jpg 300w, https:\/\/marekkuchcinski.pl\/wp-content\/uploads\/2020\/11\/kuchcinsky-1-768x512.jpg 768w, https:\/\/marekkuchcinski.pl\/wp-content\/uploads\/2020\/11\/kuchcinsky-1-1536x1024.jpg 1536w, https:\/\/marekkuchcinski.pl\/wp-content\/uploads\/2020\/11\/kuchcinsky-1-scaled.jpg 2048w\" sizes=\"(max-width: 1024px) 100vw, 1024px\" \/><figcaption>(St\u00e2nga-dreapta) Stanislaw Karczewski, Mare\u0219alul Senatului, \u0219i Marek Kuchcinski, Mare\u0219alul Sejm-ului, \u00een timpul festivit\u0103\u021bilor oficiale de la Cracovia de la 11 noiembrie - Ziua Independen\u021bei Poloniei \u0219i cea de-a 99-a aniversare a restabilirii suveranit\u0103\u021bii Poloniei ca a doua Republic\u0103 Polonez\u0103 \u00een 1918.\r\nS\u00e2mb\u0103t\u0103, 11 noiembrie 2017, la Cracovia, Polonia. (Foto: Artur Widak\/NurPhoto)<\/figcaption><\/figure>","protected":false},"excerpt":{"rendered":"<p>Z szefem polskiej sejmowej Komisji Spraw Zagranicznych rozmawiali\u015bmy o&nbsp;sprawach unijnych, o antypolskiej i antyw\u0119gierskiej retoryce Joego Bidena, a tak\u017ce o marazmie Unii Europejskiej. Zach\u0119camy do przeczytania wywiadu! Poza W\u0119grami tak zwany mechanizm praworz\u0105dno\u015bci obj\u0105\u0142 te\u017c Polsk\u0119. W&nbsp;poniedzia\u0142ek ambasadorowie pa\u0144stw cz\u0142onkowskich Unii Europejskiej kwalifikowan\u0105 wi\u0119kszo\u015bci\u0105 g\u0142os\u00f3w zaakceptowali projekt rozporz\u0105dzenia dotycz\u0105cego wprowadzenia systemu warunkowo\u015bci w celu ochrony [&hellip;]<\/p>","protected":false},"author":21,"featured_media":20237,"comment_status":"open","ping_status":"open","sticky":false,"template":"","format":"standard","meta":{"ngg_post_thumbnail":0,"footnotes":""},"categories":[50,3],"tags":[],"class_list":["post-20234","post","type-post","status-publish","format-standard","has-post-thumbnail","hentry","category-wspolpraca-miedzynarodowa","category-wydarzenia"],"yoast_head":"<!-- This site is optimized with the Yoast SEO plugin v24.7 - https:\/\/yoast.com\/wordpress\/plugins\/seo\/ -->\n<title>Marek Kuchci\u0144ski: Unia Europejska nigdy nie by\u0142a tak podzielona jak teraz. Wywiad dla w\u0119gierskiego portalu Mandiner &#8211; Marek Kuchci\u0144ski<\/title>\n<meta name=\"robots\" content=\"index, follow, max-snippet:-1, max-image-preview:large, max-video-preview:-1\" \/>\n<link rel=\"canonical\" href=\"https:\/\/marekkuchcinski.pl\/ro\/wydarzenia\/marek-kuchcinski-unia-europejska-nigdy-nie-byla-tak-podzielona-jak-teraz-wywiad-dla-wegierskiego-portalu-mandiner\/\" \/>\n<meta property=\"og:locale\" content=\"ro_RO\" \/>\n<meta property=\"og:type\" content=\"article\" \/>\n<meta property=\"og:title\" content=\"Marek Kuchci\u0144ski: Unia Europejska nigdy nie by\u0142a tak podzielona jak teraz. Wywiad dla w\u0119gierskiego portalu Mandiner &#8211; Marek Kuchci\u0144ski\" \/>\n<meta property=\"og:description\" content=\"Z szefem polskiej sejmowej Komisji Spraw Zagranicznych rozmawiali\u015bmy o&nbsp;sprawach unijnych, o antypolskiej i antyw\u0119gierskiej retoryce Joego Bidena, a tak\u017ce o marazmie Unii Europejskiej. Zach\u0119camy do przeczytania wywiadu! Poza W\u0119grami tak zwany mechanizm praworz\u0105dno\u015bci obj\u0105\u0142 te\u017c Polsk\u0119. W&nbsp;poniedzia\u0142ek ambasadorowie pa\u0144stw cz\u0142onkowskich Unii Europejskiej kwalifikowan\u0105 wi\u0119kszo\u015bci\u0105 g\u0142os\u00f3w zaakceptowali projekt rozporz\u0105dzenia dotycz\u0105cego wprowadzenia systemu warunkowo\u015bci w celu ochrony [&hellip;]\" \/>\n<meta property=\"og:url\" content=\"https:\/\/marekkuchcinski.pl\/ro\/wydarzenia\/marek-kuchcinski-unia-europejska-nigdy-nie-byla-tak-podzielona-jak-teraz-wywiad-dla-wegierskiego-portalu-mandiner\/\" \/>\n<meta property=\"og:site_name\" content=\"Marek Kuchci\u0144ski\" \/>\n<meta property=\"article:published_time\" content=\"2020-11-19T09:15:41+00:00\" \/>\n<meta property=\"article:modified_time\" content=\"2020-11-19T09:15:42+00:00\" \/>\n<meta property=\"og:image\" content=\"https:\/\/marekkuchcinski.pl\/wp-content\/uploads\/2020\/11\/kuchcinsky-1-scaled.jpg\" \/>\n\t<meta property=\"og:image:width\" content=\"2048\" \/>\n\t<meta property=\"og:image:height\" content=\"1365\" \/>\n\t<meta property=\"og:image:type\" content=\"image\/jpeg\" \/>\n<meta name=\"author\" content=\"Marta Olejnik\" \/>\n<meta name=\"twitter:card\" content=\"summary_large_image\" \/>\n<meta name=\"twitter:label1\" content=\"Scris de\" \/>\n\t<meta name=\"twitter:data1\" content=\"Marta Olejnik\" \/>\n\t<meta name=\"twitter:label2\" content=\"Timp estimat pentru citire\" \/>\n\t<meta name=\"twitter:data2\" content=\"7 minutes\" \/>\n<script type=\"application\/ld+json\" class=\"yoast-schema-graph\">{\"@context\":\"https:\/\/schema.org\",\"@graph\":[{\"@type\":\"Article\",\"@id\":\"https:\/\/marekkuchcinski.pl\/uk\/wydarzenia\/marek-kuchcinski-unia-europejska-nigdy-nie-byla-tak-podzielona-jak-teraz-wywiad-dla-wegierskiego-portalu-mandiner\/#article\",\"isPartOf\":{\"@id\":\"https:\/\/marekkuchcinski.pl\/uk\/wydarzenia\/marek-kuchcinski-unia-europejska-nigdy-nie-byla-tak-podzielona-jak-teraz-wywiad-dla-wegierskiego-portalu-mandiner\/\"},\"author\":{\"name\":\"Marta Olejnik\",\"@id\":\"https:\/\/marekkuchcinski.pl\/#\/schema\/person\/51d5d4ee3b5317b8e4dd2b48af359229\"},\"headline\":\"Marek Kuchci\u0144ski: Unia Europejska nigdy nie by\u0142a tak podzielona jak teraz. Wywiad dla w\u0119gierskiego portalu Mandiner\",\"datePublished\":\"2020-11-19T09:15:41+00:00\",\"dateModified\":\"2020-11-19T09:15:42+00:00\",\"mainEntityOfPage\":{\"@id\":\"https:\/\/marekkuchcinski.pl\/uk\/wydarzenia\/marek-kuchcinski-unia-europejska-nigdy-nie-byla-tak-podzielona-jak-teraz-wywiad-dla-wegierskiego-portalu-mandiner\/\"},\"wordCount\":1329,\"commentCount\":0,\"publisher\":{\"@id\":\"https:\/\/marekkuchcinski.pl\/#organization\"},\"image\":{\"@id\":\"https:\/\/marekkuchcinski.pl\/uk\/wydarzenia\/marek-kuchcinski-unia-europejska-nigdy-nie-byla-tak-podzielona-jak-teraz-wywiad-dla-wegierskiego-portalu-mandiner\/#primaryimage\"},\"thumbnailUrl\":\"https:\/\/marekkuchcinski.pl\/wp-content\/uploads\/2020\/11\/kuchcinsky-1-scaled.jpg\",\"articleSection\":[\"Wsp\u00f3\u0142praca mi\u0119dzynarodowa\",\"Wydarzenia\"],\"inLanguage\":\"ro-RO\",\"potentialAction\":[{\"@type\":\"CommentAction\",\"name\":\"Comment\",\"target\":[\"https:\/\/marekkuchcinski.pl\/uk\/wydarzenia\/marek-kuchcinski-unia-europejska-nigdy-nie-byla-tak-podzielona-jak-teraz-wywiad-dla-wegierskiego-portalu-mandiner\/#respond\"]}]},{\"@type\":\"WebPage\",\"@id\":\"https:\/\/marekkuchcinski.pl\/uk\/wydarzenia\/marek-kuchcinski-unia-europejska-nigdy-nie-byla-tak-podzielona-jak-teraz-wywiad-dla-wegierskiego-portalu-mandiner\/\",\"url\":\"https:\/\/marekkuchcinski.pl\/uk\/wydarzenia\/marek-kuchcinski-unia-europejska-nigdy-nie-byla-tak-podzielona-jak-teraz-wywiad-dla-wegierskiego-portalu-mandiner\/\",\"name\":\"Marek Kuchci\u0144ski: Unia Europejska nigdy nie by\u0142a tak podzielona jak teraz. Wywiad dla w\u0119gierskiego portalu Mandiner &#8211; Marek Kuchci\u0144ski\",\"isPartOf\":{\"@id\":\"https:\/\/marekkuchcinski.pl\/#website\"},\"primaryImageOfPage\":{\"@id\":\"https:\/\/marekkuchcinski.pl\/uk\/wydarzenia\/marek-kuchcinski-unia-europejska-nigdy-nie-byla-tak-podzielona-jak-teraz-wywiad-dla-wegierskiego-portalu-mandiner\/#primaryimage\"},\"image\":{\"@id\":\"https:\/\/marekkuchcinski.pl\/uk\/wydarzenia\/marek-kuchcinski-unia-europejska-nigdy-nie-byla-tak-podzielona-jak-teraz-wywiad-dla-wegierskiego-portalu-mandiner\/#primaryimage\"},\"thumbnailUrl\":\"https:\/\/marekkuchcinski.pl\/wp-content\/uploads\/2020\/11\/kuchcinsky-1-scaled.jpg\",\"datePublished\":\"2020-11-19T09:15:41+00:00\",\"dateModified\":\"2020-11-19T09:15:42+00:00\",\"breadcrumb\":{\"@id\":\"https:\/\/marekkuchcinski.pl\/uk\/wydarzenia\/marek-kuchcinski-unia-europejska-nigdy-nie-byla-tak-podzielona-jak-teraz-wywiad-dla-wegierskiego-portalu-mandiner\/#breadcrumb\"},\"inLanguage\":\"ro-RO\",\"potentialAction\":[{\"@type\":\"ReadAction\",\"target\":[\"https:\/\/marekkuchcinski.pl\/uk\/wydarzenia\/marek-kuchcinski-unia-europejska-nigdy-nie-byla-tak-podzielona-jak-teraz-wywiad-dla-wegierskiego-portalu-mandiner\/\"]}]},{\"@type\":\"ImageObject\",\"inLanguage\":\"ro-RO\",\"@id\":\"https:\/\/marekkuchcinski.pl\/uk\/wydarzenia\/marek-kuchcinski-unia-europejska-nigdy-nie-byla-tak-podzielona-jak-teraz-wywiad-dla-wegierskiego-portalu-mandiner\/#primaryimage\",\"url\":\"https:\/\/marekkuchcinski.pl\/wp-content\/uploads\/2020\/11\/kuchcinsky-1-scaled.jpg\",\"contentUrl\":\"https:\/\/marekkuchcinski.pl\/wp-content\/uploads\/2020\/11\/kuchcinsky-1-scaled.jpg\",\"width\":2048,\"height\":1365,\"caption\":\"(Left-Right) Stanislaw Karczewski, Marshal of the Senate, and Marek Kuchcinski, Marshal of the Sejm, during Krakow's official celebrations of the 11th November - Polish Independence Day, and the 99th anniversary of the restoration of Poland's sovereignty as the Second Polish Republic in 1918. On Saturday, 11 November 2017, in Krakow, Poland. (Photo by Artur Widak\/NurPhoto)\"},{\"@type\":\"BreadcrumbList\",\"@id\":\"https:\/\/marekkuchcinski.pl\/uk\/wydarzenia\/marek-kuchcinski-unia-europejska-nigdy-nie-byla-tak-podzielona-jak-teraz-wywiad-dla-wegierskiego-portalu-mandiner\/#breadcrumb\",\"itemListElement\":[{\"@type\":\"ListItem\",\"position\":1,\"name\":\"Strona g\u0142\u00f3wna\",\"item\":\"https:\/\/marekkuchcinski.pl\/\"},{\"@type\":\"ListItem\",\"position\":2,\"name\":\"Marek Kuchci\u0144ski: Unia Europejska nigdy nie by\u0142a tak podzielona jak teraz. Wywiad dla w\u0119gierskiego portalu Mandiner\"}]},{\"@type\":\"WebSite\",\"@id\":\"https:\/\/marekkuchcinski.pl\/#website\",\"url\":\"https:\/\/marekkuchcinski.pl\/\",\"name\":\"Marek Kuchci\u0144ski\",\"description\":\"Pose\u0142 na sejm RP &ndash; okr\u0119g nr 22\",\"publisher\":{\"@id\":\"https:\/\/marekkuchcinski.pl\/#organization\"},\"potentialAction\":[{\"@type\":\"SearchAction\",\"target\":{\"@type\":\"EntryPoint\",\"urlTemplate\":\"https:\/\/marekkuchcinski.pl\/?s={search_term_string}\"},\"query-input\":{\"@type\":\"PropertyValueSpecification\",\"valueRequired\":true,\"valueName\":\"search_term_string\"}}],\"inLanguage\":\"ro-RO\"},{\"@type\":\"Organization\",\"@id\":\"https:\/\/marekkuchcinski.pl\/#organization\",\"name\":\"Marek Kuchci\u0144ski\",\"url\":\"https:\/\/marekkuchcinski.pl\/\",\"logo\":{\"@type\":\"ImageObject\",\"inLanguage\":\"ro-RO\",\"@id\":\"https:\/\/marekkuchcinski.pl\/#\/schema\/logo\/image\/\",\"url\":\"https:\/\/marekkuchcinski.pl\/wp-content\/uploads\/2022\/09\/Marek.jpg\",\"contentUrl\":\"https:\/\/marekkuchcinski.pl\/wp-content\/uploads\/2022\/09\/Marek.jpg\",\"width\":1600,\"height\":971,\"caption\":\"Marek Kuchci\u0144ski\"},\"image\":{\"@id\":\"https:\/\/marekkuchcinski.pl\/#\/schema\/logo\/image\/\"}},{\"@type\":\"Person\",\"@id\":\"https:\/\/marekkuchcinski.pl\/#\/schema\/person\/51d5d4ee3b5317b8e4dd2b48af359229\",\"name\":\"Marta Olejnik\",\"image\":{\"@type\":\"ImageObject\",\"inLanguage\":\"ro-RO\",\"@id\":\"https:\/\/marekkuchcinski.pl\/#\/schema\/person\/image\/\",\"url\":\"https:\/\/secure.gravatar.com\/avatar\/e39914b2aa6a48959e24d475b5dc9793?s=96&d=mm&r=g\",\"contentUrl\":\"https:\/\/secure.gravatar.com\/avatar\/e39914b2aa6a48959e24d475b5dc9793?s=96&d=mm&r=g\",\"caption\":\"Marta Olejnik\"},\"url\":\"https:\/\/marekkuchcinski.pl\/ro\/author\/marta\/\"}]}<\/script>\n<!-- \/ Yoast SEO plugin. -->","yoast_head_json":{"title":"Marek Kuchci\u0144ski: Unia Europejska nigdy nie by\u0142a tak podzielona jak teraz. Wywiad dla w\u0119gierskiego portalu Mandiner &#8211; Marek Kuchci\u0144ski","robots":{"index":"index","follow":"follow","max-snippet":"max-snippet:-1","max-image-preview":"max-image-preview:large","max-video-preview":"max-video-preview:-1"},"canonical":"https:\/\/marekkuchcinski.pl\/ro\/wydarzenia\/marek-kuchcinski-unia-europejska-nigdy-nie-byla-tak-podzielona-jak-teraz-wywiad-dla-wegierskiego-portalu-mandiner\/","og_locale":"ro_RO","og_type":"article","og_title":"Marek Kuchci\u0144ski: Unia Europejska nigdy nie by\u0142a tak podzielona jak teraz. Wywiad dla w\u0119gierskiego portalu Mandiner &#8211; Marek Kuchci\u0144ski","og_description":"Z szefem polskiej sejmowej Komisji Spraw Zagranicznych rozmawiali\u015bmy o&nbsp;sprawach unijnych, o antypolskiej i antyw\u0119gierskiej retoryce Joego Bidena, a tak\u017ce o marazmie Unii Europejskiej. Zach\u0119camy do przeczytania wywiadu! Poza W\u0119grami tak zwany mechanizm praworz\u0105dno\u015bci obj\u0105\u0142 te\u017c Polsk\u0119. W&nbsp;poniedzia\u0142ek ambasadorowie pa\u0144stw cz\u0142onkowskich Unii Europejskiej kwalifikowan\u0105 wi\u0119kszo\u015bci\u0105 g\u0142os\u00f3w zaakceptowali projekt rozporz\u0105dzenia dotycz\u0105cego wprowadzenia systemu warunkowo\u015bci w celu ochrony [&hellip;]","og_url":"https:\/\/marekkuchcinski.pl\/ro\/wydarzenia\/marek-kuchcinski-unia-europejska-nigdy-nie-byla-tak-podzielona-jak-teraz-wywiad-dla-wegierskiego-portalu-mandiner\/","og_site_name":"Marek Kuchci\u0144ski","article_published_time":"2020-11-19T09:15:41+00:00","article_modified_time":"2020-11-19T09:15:42+00:00","og_image":[{"width":2048,"height":1365,"url":"https:\/\/marekkuchcinski.pl\/wp-content\/uploads\/2020\/11\/kuchcinsky-1-scaled.jpg","type":"image\/jpeg"}],"author":"Marta Olejnik","twitter_card":"summary_large_image","twitter_misc":{"Scris de":"Marta Olejnik","Timp estimat pentru citire":"7 minutes"},"schema":{"@context":"https:\/\/schema.org","@graph":[{"@type":"Article","@id":"https:\/\/marekkuchcinski.pl\/uk\/wydarzenia\/marek-kuchcinski-unia-europejska-nigdy-nie-byla-tak-podzielona-jak-teraz-wywiad-dla-wegierskiego-portalu-mandiner\/#article","isPartOf":{"@id":"https:\/\/marekkuchcinski.pl\/uk\/wydarzenia\/marek-kuchcinski-unia-europejska-nigdy-nie-byla-tak-podzielona-jak-teraz-wywiad-dla-wegierskiego-portalu-mandiner\/"},"author":{"name":"Marta Olejnik","@id":"https:\/\/marekkuchcinski.pl\/#\/schema\/person\/51d5d4ee3b5317b8e4dd2b48af359229"},"headline":"Marek Kuchci\u0144ski: Unia Europejska nigdy nie by\u0142a tak podzielona jak teraz. Wywiad dla w\u0119gierskiego portalu Mandiner","datePublished":"2020-11-19T09:15:41+00:00","dateModified":"2020-11-19T09:15:42+00:00","mainEntityOfPage":{"@id":"https:\/\/marekkuchcinski.pl\/uk\/wydarzenia\/marek-kuchcinski-unia-europejska-nigdy-nie-byla-tak-podzielona-jak-teraz-wywiad-dla-wegierskiego-portalu-mandiner\/"},"wordCount":1329,"commentCount":0,"publisher":{"@id":"https:\/\/marekkuchcinski.pl\/#organization"},"image":{"@id":"https:\/\/marekkuchcinski.pl\/uk\/wydarzenia\/marek-kuchcinski-unia-europejska-nigdy-nie-byla-tak-podzielona-jak-teraz-wywiad-dla-wegierskiego-portalu-mandiner\/#primaryimage"},"thumbnailUrl":"https:\/\/marekkuchcinski.pl\/wp-content\/uploads\/2020\/11\/kuchcinsky-1-scaled.jpg","articleSection":["Wsp\u00f3\u0142praca mi\u0119dzynarodowa","Wydarzenia"],"inLanguage":"ro-RO","potentialAction":[{"@type":"CommentAction","name":"Comment","target":["https:\/\/marekkuchcinski.pl\/uk\/wydarzenia\/marek-kuchcinski-unia-europejska-nigdy-nie-byla-tak-podzielona-jak-teraz-wywiad-dla-wegierskiego-portalu-mandiner\/#respond"]}]},{"@type":"WebPage","@id":"https:\/\/marekkuchcinski.pl\/uk\/wydarzenia\/marek-kuchcinski-unia-europejska-nigdy-nie-byla-tak-podzielona-jak-teraz-wywiad-dla-wegierskiego-portalu-mandiner\/","url":"https:\/\/marekkuchcinski.pl\/uk\/wydarzenia\/marek-kuchcinski-unia-europejska-nigdy-nie-byla-tak-podzielona-jak-teraz-wywiad-dla-wegierskiego-portalu-mandiner\/","name":"Marek Kuchci\u0144ski: Unia Europejska nigdy nie by\u0142a tak podzielona jak teraz. Wywiad dla w\u0119gierskiego portalu Mandiner &#8211; Marek Kuchci\u0144ski","isPartOf":{"@id":"https:\/\/marekkuchcinski.pl\/#website"},"primaryImageOfPage":{"@id":"https:\/\/marekkuchcinski.pl\/uk\/wydarzenia\/marek-kuchcinski-unia-europejska-nigdy-nie-byla-tak-podzielona-jak-teraz-wywiad-dla-wegierskiego-portalu-mandiner\/#primaryimage"},"image":{"@id":"https:\/\/marekkuchcinski.pl\/uk\/wydarzenia\/marek-kuchcinski-unia-europejska-nigdy-nie-byla-tak-podzielona-jak-teraz-wywiad-dla-wegierskiego-portalu-mandiner\/#primaryimage"},"thumbnailUrl":"https:\/\/marekkuchcinski.pl\/wp-content\/uploads\/2020\/11\/kuchcinsky-1-scaled.jpg","datePublished":"2020-11-19T09:15:41+00:00","dateModified":"2020-11-19T09:15:42+00:00","breadcrumb":{"@id":"https:\/\/marekkuchcinski.pl\/uk\/wydarzenia\/marek-kuchcinski-unia-europejska-nigdy-nie-byla-tak-podzielona-jak-teraz-wywiad-dla-wegierskiego-portalu-mandiner\/#breadcrumb"},"inLanguage":"ro-RO","potentialAction":[{"@type":"ReadAction","target":["https:\/\/marekkuchcinski.pl\/uk\/wydarzenia\/marek-kuchcinski-unia-europejska-nigdy-nie-byla-tak-podzielona-jak-teraz-wywiad-dla-wegierskiego-portalu-mandiner\/"]}]},{"@type":"ImageObject","inLanguage":"ro-RO","@id":"https:\/\/marekkuchcinski.pl\/uk\/wydarzenia\/marek-kuchcinski-unia-europejska-nigdy-nie-byla-tak-podzielona-jak-teraz-wywiad-dla-wegierskiego-portalu-mandiner\/#primaryimage","url":"https:\/\/marekkuchcinski.pl\/wp-content\/uploads\/2020\/11\/kuchcinsky-1-scaled.jpg","contentUrl":"https:\/\/marekkuchcinski.pl\/wp-content\/uploads\/2020\/11\/kuchcinsky-1-scaled.jpg","width":2048,"height":1365,"caption":"(Left-Right) Stanislaw Karczewski, Marshal of the Senate, and Marek Kuchcinski, Marshal of the Sejm, during Krakow's official celebrations of the 11th November - Polish Independence Day, and the 99th anniversary of the restoration of Poland's sovereignty as the Second Polish Republic in 1918. On Saturday, 11 November 2017, in Krakow, Poland. (Photo by Artur Widak\/NurPhoto)"},{"@type":"BreadcrumbList","@id":"https:\/\/marekkuchcinski.pl\/uk\/wydarzenia\/marek-kuchcinski-unia-europejska-nigdy-nie-byla-tak-podzielona-jak-teraz-wywiad-dla-wegierskiego-portalu-mandiner\/#breadcrumb","itemListElement":[{"@type":"ListItem","position":1,"name":"Strona g\u0142\u00f3wna","item":"https:\/\/marekkuchcinski.pl\/"},{"@type":"ListItem","position":2,"name":"Marek Kuchci\u0144ski: Unia Europejska nigdy nie by\u0142a tak podzielona jak teraz. Wywiad dla w\u0119gierskiego portalu Mandiner"}]},{"@type":"WebSite","@id":"https:\/\/marekkuchcinski.pl\/#website","url":"https:\/\/marekkuchcinski.pl\/","name":"Marek Kuchci\u0144ski","description":"Pose\u0142 na sejm RP &ndash; okr\u0119g nr 22","publisher":{"@id":"https:\/\/marekkuchcinski.pl\/#organization"},"potentialAction":[{"@type":"SearchAction","target":{"@type":"EntryPoint","urlTemplate":"https:\/\/marekkuchcinski.pl\/?s={search_term_string}"},"query-input":{"@type":"PropertyValueSpecification","valueRequired":true,"valueName":"search_term_string"}}],"inLanguage":"ro-RO"},{"@type":"Organization","@id":"https:\/\/marekkuchcinski.pl\/#organization","name":"Marek Kuchci\u0144ski","url":"https:\/\/marekkuchcinski.pl\/","logo":{"@type":"ImageObject","inLanguage":"ro-RO","@id":"https:\/\/marekkuchcinski.pl\/#\/schema\/logo\/image\/","url":"https:\/\/marekkuchcinski.pl\/wp-content\/uploads\/2022\/09\/Marek.jpg","contentUrl":"https:\/\/marekkuchcinski.pl\/wp-content\/uploads\/2022\/09\/Marek.jpg","width":1600,"height":971,"caption":"Marek Kuchci\u0144ski"},"image":{"@id":"https:\/\/marekkuchcinski.pl\/#\/schema\/logo\/image\/"}},{"@type":"Person","@id":"https:\/\/marekkuchcinski.pl\/#\/schema\/person\/51d5d4ee3b5317b8e4dd2b48af359229","name":"Marta Olejnik","image":{"@type":"ImageObject","inLanguage":"ro-RO","@id":"https:\/\/marekkuchcinski.pl\/#\/schema\/person\/image\/","url":"https:\/\/secure.gravatar.com\/avatar\/e39914b2aa6a48959e24d475b5dc9793?s=96&d=mm&r=g","contentUrl":"https:\/\/secure.gravatar.com\/avatar\/e39914b2aa6a48959e24d475b5dc9793?s=96&d=mm&r=g","caption":"Marta Olejnik"},"url":"https:\/\/marekkuchcinski.pl\/ro\/author\/marta\/"}]}},"_links":{"self":[{"href":"https:\/\/marekkuchcinski.pl\/ro\/wp-json\/wp\/v2\/posts\/20234","targetHints":{"allow":["GET"]}}],"collection":[{"href":"https:\/\/marekkuchcinski.pl\/ro\/wp-json\/wp\/v2\/posts"}],"about":[{"href":"https:\/\/marekkuchcinski.pl\/ro\/wp-json\/wp\/v2\/types\/post"}],"author":[{"embeddable":true,"href":"https:\/\/marekkuchcinski.pl\/ro\/wp-json\/wp\/v2\/users\/21"}],"replies":[{"embeddable":true,"href":"https:\/\/marekkuchcinski.pl\/ro\/wp-json\/wp\/v2\/comments?post=20234"}],"version-history":[{"count":2,"href":"https:\/\/marekkuchcinski.pl\/ro\/wp-json\/wp\/v2\/posts\/20234\/revisions"}],"predecessor-version":[{"id":20238,"href":"https:\/\/marekkuchcinski.pl\/ro\/wp-json\/wp\/v2\/posts\/20234\/revisions\/20238"}],"wp:featuredmedia":[{"embeddable":true,"href":"https:\/\/marekkuchcinski.pl\/ro\/wp-json\/wp\/v2\/media\/20237"}],"wp:attachment":[{"href":"https:\/\/marekkuchcinski.pl\/ro\/wp-json\/wp\/v2\/media?parent=20234"}],"wp:term":[{"taxonomy":"category","embeddable":true,"href":"https:\/\/marekkuchcinski.pl\/ro\/wp-json\/wp\/v2\/categories?post=20234"},{"taxonomy":"post_tag","embeddable":true,"href":"https:\/\/marekkuchcinski.pl\/ro\/wp-json\/wp\/v2\/tags?post=20234"}],"curies":[{"name":"wp","href":"https:\/\/api.w.org\/{rel}","templated":true}]}}