{"id":19968,"date":"2020-10-07T21:32:06","date_gmt":"2020-10-07T19:32:06","guid":{"rendered":"https:\/\/marekkuchcinski.pl\/?p=19968"},"modified":"2020-10-07T21:36:04","modified_gmt":"2020-10-07T19:36:04","slug":"telekonferencja-przewodniczacych-komisji-spraw-zagranicznych-grupy-wyszehradzkiej-oraz-panstw-baltyckich","status":"publish","type":"post","link":"https:\/\/marekkuchcinski.pl\/ro\/wydarzenia\/telekonferencja-przewodniczacych-komisji-spraw-zagranicznych-grupy-wyszehradzkiej-oraz-panstw-baltyckich\/","title":{"rendered":"Teleconferin\u021ba pre\u0219edin\u021bilor comisiilor pentru afaceri externe ale Grupului de la Vi\u0219egrad \u0219i ale statelor baltice"},"content":{"rendered":"<p>Stabilirea unui nou format de cooperare \u00eentre pre\u0219edin\u021bii comisiilor pentru afaceri externe ale \u021b\u0103rilor din Triunghiul Baltic (B3) \u0219i din Grupul de la Visegrad (V4) a fost tema principal\u0103 a reuniunii, care a avut loc la 6 octombrie \u00een format online. Participan\u021bii au subliniat leg\u0103turile culturale, istorice, economice \u0219i politice comune, care constituie fundamentul natural al cooper\u0103rii \u00een aceast\u0103 parte a Europei.<\/p>\n\n\n\n<p>Sesiunea a fost deschis\u0103 de: Rihard Kols, pre\u0219edintele Comisiei pentru afaceri externe a Saeima din Republica Letonia \u0219i Marek Kuchcinski, pre\u0219edintele Comisiei pentru afaceri externe a Sejm-ului polonez. De asemenea, participan\u021bii au fost \u00eent\u00e2mpina\u021bi de In\u00e2ra M\u0171rniece, pre\u0219edinta Saeima din Republica Letonia, \u0219i de Henn P\u0151lluaas, pre\u0219edintele Riigikogu (Parlamentul Estoniei).<\/p>\n\n\n\n<p>Prima parte a reuniunii a fost dedicat\u0103 definirii unui nou format de cooperare, identific\u0103rii celor mai relevante domenii tematice comune \u0219i discut\u0103rii situa\u021biei actuale din regiune. Participan\u021bii au fost de acord c\u0103 aspectele legate de securitatea regional\u0103, cooperarea transatlantic\u0103, dezvoltarea infrastructurii \u0219i eforturile de cre\u0219tere a investi\u021biilor \u00een aceast\u0103 parte a continentului ar trebui s\u0103 constituie axa de cooperare. Printre provoc\u0103rile majore care necesit\u0103 un r\u0103spuns comun, au fost identificate urm\u0103toarele&nbsp;<a href=\"http:\/\/m.in\/\">inter alia<\/a>. politica agresiv\u0103 a Federa\u021biei Ruse \u0219i conflictele care o \u00eenso\u021besc, situa\u021bia din Belarus \u0219i m\u0103surile luate pentru a sprijini libert\u0103\u021bile \u0219i libert\u0103\u021bile civile din aceast\u0103 \u021bar\u0103, politica european\u0103 \u00een materie de migra\u021bie sau implicarea Chinei \u00een regiune \u00een ceea ce prive\u0219te infrastructura critic\u0103. Pandemia COVID 19 \u0219i impactul acesteia asupra economiei este, de asemenea, inclus\u0103 pe lista subiectelor de actualitate.<\/p>\n\n\n\n<p>Cea de-a doua parte a discu\u021biei s-a axat pe viitorul Europei. Participan\u021bii au subliniat leg\u0103turile care \u00eei unesc \u0219i valorile pe care le \u00eemp\u0103rt\u0103\u0219esc \u0219i le profeseaz\u0103 ca baz\u0103 pentru cooperare \u0219i \u00eencredere. Principalele aspecte au inclus&nbsp;<a href=\"http:\/\/m.in\/\">inter alia<\/a>.: o pozi\u021bie comun\u0103 \u00eempotriva agresiunii ruse\u0219ti \u0219i a unor proiecte precum Nord Stream II, stabilirea unei pozi\u021bii privind politica climatic\u0103, eforturi pentru men\u021binerea unor leg\u0103turi transatlantice puternice \u0219i dezvoltarea leg\u0103turilor \u00een domeniul infrastructurii, al energiei \u0219i al tehnologiei digitale. Stabilitatea \u0219i dezvoltarea economic\u0103 \u00een regiune, adic\u0103 investi\u021biile \u00een proiecte de afaceri inovatoare, au fost, de asemenea, identificate ca fiind una dintre priorit\u0103\u021bi.<\/p>\n\n\n\n<p>O tem\u0103 care a ocupat un loc aparte \u00een discu\u021bie a fost cea a diploma\u021biei parlamentare \u0219i a capacit\u0103\u021bii \u0219i importan\u021bei acesteia \u00een construirea rela\u021biilor interna\u021bionale. S-a remarcat faptul c\u0103 rolul s\u0103u \u00een regiune a crescut constant \u00een ultimii ani, ajung\u00e2nd la un nivel acceptat \u00een \u00eentreaga lume democratic\u0103. Teza care atribuie un rol special instrumentului diploma\u021biei parlamentare \u00een crearea \u0219i influen\u021barea opiniei publice a fost de asemenea r\u0103sun\u0103toare. De asemenea, a fost subliniat\u0103 posibilitatea unor ini\u021biative comune la nivel parlamentar.<\/p>\n\n\n\n<p>\u00cen \u00eencheierea dezbaterii, participan\u021bii au eviden\u021biat o evaluare foarte asem\u0103n\u0103toare a situa\u021biei interna\u021bionale, identificarea unor provoc\u0103ri \u0219i amenin\u021b\u0103ri similare \u0219i o multitudine de subiecte pentru \u00eent\u00e2lnirile viitoare. Ace\u0219tia au acceptat, de asemenea, ideea introducerii unor reuniuni ciclice \u00een formatul propus, care s\u0103 aib\u0103 loc de dou\u0103 ori pe an. S-a convenit ca urm\u0103toarea reuniune s\u0103 fie organizat\u0103 de partea polonez\u0103 \u00een februarie 2021, cu ocazia celei de-a 30-a anivers\u0103ri a Grupului de la Vi\u0219egrad.<\/p>\n\n\n\n<p>Participan\u021bii la prima reuniune a pre\u0219edin\u021bilor comisiilor pentru afaceri externe \u00een formatul B3 + V4 au fost Ond\u0159ej Vesel\u00fd \u0219i Pavel Fischer - Republica Ceh\u0103, Enn Eesmaa - Estonia, Zsolt N\u00e9meth - Ungaria, Rihards Kols - Letonia, Marek Kuchci\u0144ski \u0219i Bogdan Klich - Polonia, Juraj Blan\u00e1r - Slovacia, precum \u0219i Zbigniew Rau - ministrul afacerilor externe al Poloniei \u0219i Edgars Rink\u0113vi\u010ds - ministrul afacerilor externe al Letoniei.<\/p>\n\n\n\n<p><em>Text CIS<\/em><\/p>\n\n\n\n<p><em>Foto: Aleksander Zielinski<\/em><\/p>\n\n\n\n<figure class=\"wp-block-image size-large\"><img fetchpriority=\"high\" decoding=\"async\" width=\"800\" height=\"533\" src=\"https:\/\/marekkuchcinski.pl\/wp-content\/uploads\/2020\/10\/AZZ_0686.view_-1.jpg\" alt=\"\" class=\"wp-image-19971\" srcset=\"https:\/\/marekkuchcinski.pl\/wp-content\/uploads\/2020\/10\/AZZ_0686.view_-1.jpg 800w, https:\/\/marekkuchcinski.pl\/wp-content\/uploads\/2020\/10\/AZZ_0686.view_-1-300x200.jpg 300w, https:\/\/marekkuchcinski.pl\/wp-content\/uploads\/2020\/10\/AZZ_0686.view_-1-768x512.jpg 768w\" sizes=\"(max-width: 800px) 100vw, 800px\" \/><\/figure>\n\n\n\n<figure class=\"wp-block-image size-large\"><img decoding=\"async\" width=\"1024\" height=\"683\" src=\"https:\/\/marekkuchcinski.pl\/wp-content\/uploads\/2020\/10\/AZZ_0695-1024x683.jpg\" alt=\"\" class=\"wp-image-19972\" srcset=\"https:\/\/marekkuchcinski.pl\/wp-content\/uploads\/2020\/10\/AZZ_0695-1024x683.jpg 1024w, https:\/\/marekkuchcinski.pl\/wp-content\/uploads\/2020\/10\/AZZ_0695-300x200.jpg 300w, https:\/\/marekkuchcinski.pl\/wp-content\/uploads\/2020\/10\/AZZ_0695-768x512.jpg 768w, https:\/\/marekkuchcinski.pl\/wp-content\/uploads\/2020\/10\/AZZ_0695-1536x1024.jpg 1536w, https:\/\/marekkuchcinski.pl\/wp-content\/uploads\/2020\/10\/AZZ_0695-scaled.jpg 2048w\" sizes=\"(max-width: 1024px) 100vw, 1024px\" \/><\/figure>","protected":false},"excerpt":{"rendered":"<p>Ustanowienie nowego formatu wsp\u00f3\u0142pracy Przewodnicz\u0105cych Komisji Spraw Zagranicznych kraj\u00f3w Tr\u00f3jki Ba\u0142tyckiej (B3) oraz Grupy Wyszehradzkiej (V4) stanowi\u0142o g\u0142\u00f3wne zagadnienie spotkania, kt\u00f3re odby\u0142o si\u0119 6 pa\u017adziernika w formule on-line. Jego uczestnicy podkre\u015blali wsp\u00f3lne wi\u0119zi kulturowe, historyczne, gospodarcze i polityczne, stanowi\u0105ce naturalny fundament wsp\u00f3\u0142pracy w tej cz\u0119\u015bci Europy. Sesj\u0119 otworzyli: Rihard Kols, przewodnicz\u0105cy Komisji Spraw Zagranicznych Saeima [&hellip;]<\/p>","protected":false},"author":21,"featured_media":19970,"comment_status":"closed","ping_status":"open","sticky":false,"template":"","format":"standard","meta":{"ngg_post_thumbnail":0,"footnotes":""},"categories":[81,50,3],"tags":[],"class_list":["post-19968","post","type-post","status-publish","format-standard","has-post-thumbnail","hentry","category-wiesci-z-sejmu","category-wspolpraca-miedzynarodowa","category-wydarzenia"],"yoast_head":"<!-- This site is optimized with the Yoast SEO plugin v24.7 - https:\/\/yoast.com\/wordpress\/plugins\/seo\/ -->\n<title>Telekonferencja Przewodnicz\u0105cych Komisji Spraw Zagranicznych Grupy Wyszehradzkiej oraz pa\u0144stw ba\u0142tyckich &#8211; Marek Kuchci\u0144ski<\/title>\n<meta name=\"robots\" content=\"index, follow, max-snippet:-1, max-image-preview:large, max-video-preview:-1\" \/>\n<link rel=\"canonical\" href=\"https:\/\/marekkuchcinski.pl\/ro\/wydarzenia\/telekonferencja-przewodniczacych-komisji-spraw-zagranicznych-grupy-wyszehradzkiej-oraz-panstw-baltyckich\/\" \/>\n<meta property=\"og:locale\" content=\"ro_RO\" \/>\n<meta property=\"og:type\" content=\"article\" \/>\n<meta property=\"og:title\" content=\"Telekonferencja Przewodnicz\u0105cych Komisji Spraw Zagranicznych Grupy Wyszehradzkiej oraz pa\u0144stw ba\u0142tyckich &#8211; Marek Kuchci\u0144ski\" \/>\n<meta property=\"og:description\" content=\"Ustanowienie nowego formatu wsp\u00f3\u0142pracy Przewodnicz\u0105cych Komisji Spraw Zagranicznych kraj\u00f3w Tr\u00f3jki Ba\u0142tyckiej (B3) oraz Grupy Wyszehradzkiej (V4) stanowi\u0142o g\u0142\u00f3wne zagadnienie spotkania, kt\u00f3re odby\u0142o si\u0119 6 pa\u017adziernika w formule on-line. Jego uczestnicy podkre\u015blali wsp\u00f3lne wi\u0119zi kulturowe, historyczne, gospodarcze i polityczne, stanowi\u0105ce naturalny fundament wsp\u00f3\u0142pracy w tej cz\u0119\u015bci Europy. Sesj\u0119 otworzyli: Rihard Kols, przewodnicz\u0105cy Komisji Spraw Zagranicznych Saeima [&hellip;]\" \/>\n<meta property=\"og:url\" content=\"https:\/\/marekkuchcinski.pl\/ro\/wydarzenia\/telekonferencja-przewodniczacych-komisji-spraw-zagranicznych-grupy-wyszehradzkiej-oraz-panstw-baltyckich\/\" \/>\n<meta property=\"og:site_name\" content=\"Marek Kuchci\u0144ski\" \/>\n<meta property=\"article:published_time\" content=\"2020-10-07T19:32:06+00:00\" \/>\n<meta property=\"article:modified_time\" content=\"2020-10-07T19:36:04+00:00\" \/>\n<meta property=\"og:image\" content=\"https:\/\/marekkuchcinski.pl\/wp-content\/uploads\/2020\/10\/AZZ_0686.view_.jpg\" \/>\n\t<meta property=\"og:image:width\" content=\"800\" \/>\n\t<meta property=\"og:image:height\" content=\"533\" \/>\n\t<meta property=\"og:image:type\" content=\"image\/jpeg\" \/>\n<meta name=\"author\" content=\"Marta Olejnik\" \/>\n<meta name=\"twitter:card\" content=\"summary_large_image\" \/>\n<meta name=\"twitter:label1\" content=\"Scris de\" \/>\n\t<meta name=\"twitter:data1\" content=\"Marta Olejnik\" \/>\n\t<meta name=\"twitter:label2\" content=\"Timp estimat pentru citire\" \/>\n\t<meta name=\"twitter:data2\" content=\"3 minutes\" \/>\n<script type=\"application\/ld+json\" class=\"yoast-schema-graph\">{\"@context\":\"https:\/\/schema.org\",\"@graph\":[{\"@type\":\"Article\",\"@id\":\"https:\/\/marekkuchcinski.pl\/en\/wydarzenia\/telekonferencja-przewodniczacych-komisji-spraw-zagranicznych-grupy-wyszehradzkiej-oraz-panstw-baltyckich\/#article\",\"isPartOf\":{\"@id\":\"https:\/\/marekkuchcinski.pl\/en\/wydarzenia\/telekonferencja-przewodniczacych-komisji-spraw-zagranicznych-grupy-wyszehradzkiej-oraz-panstw-baltyckich\/\"},\"author\":{\"name\":\"Marta Olejnik\",\"@id\":\"https:\/\/marekkuchcinski.pl\/#\/schema\/person\/51d5d4ee3b5317b8e4dd2b48af359229\"},\"headline\":\"Telekonferencja Przewodnicz\u0105cych Komisji Spraw Zagranicznych Grupy Wyszehradzkiej oraz pa\u0144stw ba\u0142tyckich\",\"datePublished\":\"2020-10-07T19:32:06+00:00\",\"dateModified\":\"2020-10-07T19:36:04+00:00\",\"mainEntityOfPage\":{\"@id\":\"https:\/\/marekkuchcinski.pl\/en\/wydarzenia\/telekonferencja-przewodniczacych-komisji-spraw-zagranicznych-grupy-wyszehradzkiej-oraz-panstw-baltyckich\/\"},\"wordCount\":569,\"publisher\":{\"@id\":\"https:\/\/marekkuchcinski.pl\/#organization\"},\"image\":{\"@id\":\"https:\/\/marekkuchcinski.pl\/en\/wydarzenia\/telekonferencja-przewodniczacych-komisji-spraw-zagranicznych-grupy-wyszehradzkiej-oraz-panstw-baltyckich\/#primaryimage\"},\"thumbnailUrl\":\"https:\/\/marekkuchcinski.pl\/wp-content\/uploads\/2020\/10\/AZZ_0686.view_.jpg\",\"articleSection\":[\"Wie\u015bci z Sejmu\",\"Wsp\u00f3\u0142praca mi\u0119dzynarodowa\",\"Wydarzenia\"],\"inLanguage\":\"ro-RO\"},{\"@type\":\"WebPage\",\"@id\":\"https:\/\/marekkuchcinski.pl\/en\/wydarzenia\/telekonferencja-przewodniczacych-komisji-spraw-zagranicznych-grupy-wyszehradzkiej-oraz-panstw-baltyckich\/\",\"url\":\"https:\/\/marekkuchcinski.pl\/en\/wydarzenia\/telekonferencja-przewodniczacych-komisji-spraw-zagranicznych-grupy-wyszehradzkiej-oraz-panstw-baltyckich\/\",\"name\":\"Telekonferencja Przewodnicz\u0105cych Komisji Spraw Zagranicznych Grupy Wyszehradzkiej oraz pa\u0144stw ba\u0142tyckich &#8211; Marek Kuchci\u0144ski\",\"isPartOf\":{\"@id\":\"https:\/\/marekkuchcinski.pl\/#website\"},\"primaryImageOfPage\":{\"@id\":\"https:\/\/marekkuchcinski.pl\/en\/wydarzenia\/telekonferencja-przewodniczacych-komisji-spraw-zagranicznych-grupy-wyszehradzkiej-oraz-panstw-baltyckich\/#primaryimage\"},\"image\":{\"@id\":\"https:\/\/marekkuchcinski.pl\/en\/wydarzenia\/telekonferencja-przewodniczacych-komisji-spraw-zagranicznych-grupy-wyszehradzkiej-oraz-panstw-baltyckich\/#primaryimage\"},\"thumbnailUrl\":\"https:\/\/marekkuchcinski.pl\/wp-content\/uploads\/2020\/10\/AZZ_0686.view_.jpg\",\"datePublished\":\"2020-10-07T19:32:06+00:00\",\"dateModified\":\"2020-10-07T19:36:04+00:00\",\"breadcrumb\":{\"@id\":\"https:\/\/marekkuchcinski.pl\/en\/wydarzenia\/telekonferencja-przewodniczacych-komisji-spraw-zagranicznych-grupy-wyszehradzkiej-oraz-panstw-baltyckich\/#breadcrumb\"},\"inLanguage\":\"ro-RO\",\"potentialAction\":[{\"@type\":\"ReadAction\",\"target\":[\"https:\/\/marekkuchcinski.pl\/en\/wydarzenia\/telekonferencja-przewodniczacych-komisji-spraw-zagranicznych-grupy-wyszehradzkiej-oraz-panstw-baltyckich\/\"]}]},{\"@type\":\"ImageObject\",\"inLanguage\":\"ro-RO\",\"@id\":\"https:\/\/marekkuchcinski.pl\/en\/wydarzenia\/telekonferencja-przewodniczacych-komisji-spraw-zagranicznych-grupy-wyszehradzkiej-oraz-panstw-baltyckich\/#primaryimage\",\"url\":\"https:\/\/marekkuchcinski.pl\/wp-content\/uploads\/2020\/10\/AZZ_0686.view_.jpg\",\"contentUrl\":\"https:\/\/marekkuchcinski.pl\/wp-content\/uploads\/2020\/10\/AZZ_0686.view_.jpg\",\"width\":800,\"height\":533},{\"@type\":\"BreadcrumbList\",\"@id\":\"https:\/\/marekkuchcinski.pl\/en\/wydarzenia\/telekonferencja-przewodniczacych-komisji-spraw-zagranicznych-grupy-wyszehradzkiej-oraz-panstw-baltyckich\/#breadcrumb\",\"itemListElement\":[{\"@type\":\"ListItem\",\"position\":1,\"name\":\"Strona g\u0142\u00f3wna\",\"item\":\"https:\/\/marekkuchcinski.pl\/\"},{\"@type\":\"ListItem\",\"position\":2,\"name\":\"Telekonferencja Przewodnicz\u0105cych Komisji Spraw Zagranicznych Grupy Wyszehradzkiej oraz pa\u0144stw ba\u0142tyckich\"}]},{\"@type\":\"WebSite\",\"@id\":\"https:\/\/marekkuchcinski.pl\/#website\",\"url\":\"https:\/\/marekkuchcinski.pl\/\",\"name\":\"Marek Kuchci\u0144ski\",\"description\":\"Pose\u0142 na sejm RP &ndash; okr\u0119g nr 22\",\"publisher\":{\"@id\":\"https:\/\/marekkuchcinski.pl\/#organization\"},\"potentialAction\":[{\"@type\":\"SearchAction\",\"target\":{\"@type\":\"EntryPoint\",\"urlTemplate\":\"https:\/\/marekkuchcinski.pl\/?s={search_term_string}\"},\"query-input\":{\"@type\":\"PropertyValueSpecification\",\"valueRequired\":true,\"valueName\":\"search_term_string\"}}],\"inLanguage\":\"ro-RO\"},{\"@type\":\"Organization\",\"@id\":\"https:\/\/marekkuchcinski.pl\/#organization\",\"name\":\"Marek Kuchci\u0144ski\",\"url\":\"https:\/\/marekkuchcinski.pl\/\",\"logo\":{\"@type\":\"ImageObject\",\"inLanguage\":\"ro-RO\",\"@id\":\"https:\/\/marekkuchcinski.pl\/#\/schema\/logo\/image\/\",\"url\":\"https:\/\/marekkuchcinski.pl\/wp-content\/uploads\/2022\/09\/Marek.jpg\",\"contentUrl\":\"https:\/\/marekkuchcinski.pl\/wp-content\/uploads\/2022\/09\/Marek.jpg\",\"width\":1600,\"height\":971,\"caption\":\"Marek Kuchci\u0144ski\"},\"image\":{\"@id\":\"https:\/\/marekkuchcinski.pl\/#\/schema\/logo\/image\/\"}},{\"@type\":\"Person\",\"@id\":\"https:\/\/marekkuchcinski.pl\/#\/schema\/person\/51d5d4ee3b5317b8e4dd2b48af359229\",\"name\":\"Marta Olejnik\",\"image\":{\"@type\":\"ImageObject\",\"inLanguage\":\"ro-RO\",\"@id\":\"https:\/\/marekkuchcinski.pl\/#\/schema\/person\/image\/\",\"url\":\"https:\/\/secure.gravatar.com\/avatar\/e39914b2aa6a48959e24d475b5dc9793?s=96&d=mm&r=g\",\"contentUrl\":\"https:\/\/secure.gravatar.com\/avatar\/e39914b2aa6a48959e24d475b5dc9793?s=96&d=mm&r=g\",\"caption\":\"Marta Olejnik\"},\"url\":\"https:\/\/marekkuchcinski.pl\/ro\/author\/marta\/\"}]}<\/script>\n<!-- \/ Yoast SEO plugin. -->","yoast_head_json":{"title":"Telekonferencja Przewodnicz\u0105cych Komisji Spraw Zagranicznych Grupy Wyszehradzkiej oraz pa\u0144stw ba\u0142tyckich &#8211; Marek Kuchci\u0144ski","robots":{"index":"index","follow":"follow","max-snippet":"max-snippet:-1","max-image-preview":"max-image-preview:large","max-video-preview":"max-video-preview:-1"},"canonical":"https:\/\/marekkuchcinski.pl\/ro\/wydarzenia\/telekonferencja-przewodniczacych-komisji-spraw-zagranicznych-grupy-wyszehradzkiej-oraz-panstw-baltyckich\/","og_locale":"ro_RO","og_type":"article","og_title":"Telekonferencja Przewodnicz\u0105cych Komisji Spraw Zagranicznych Grupy Wyszehradzkiej oraz pa\u0144stw ba\u0142tyckich &#8211; Marek Kuchci\u0144ski","og_description":"Ustanowienie nowego formatu wsp\u00f3\u0142pracy Przewodnicz\u0105cych Komisji Spraw Zagranicznych kraj\u00f3w Tr\u00f3jki Ba\u0142tyckiej (B3) oraz Grupy Wyszehradzkiej (V4) stanowi\u0142o g\u0142\u00f3wne zagadnienie spotkania, kt\u00f3re odby\u0142o si\u0119 6 pa\u017adziernika w formule on-line. Jego uczestnicy podkre\u015blali wsp\u00f3lne wi\u0119zi kulturowe, historyczne, gospodarcze i polityczne, stanowi\u0105ce naturalny fundament wsp\u00f3\u0142pracy w tej cz\u0119\u015bci Europy. Sesj\u0119 otworzyli: Rihard Kols, przewodnicz\u0105cy Komisji Spraw Zagranicznych Saeima [&hellip;]","og_url":"https:\/\/marekkuchcinski.pl\/ro\/wydarzenia\/telekonferencja-przewodniczacych-komisji-spraw-zagranicznych-grupy-wyszehradzkiej-oraz-panstw-baltyckich\/","og_site_name":"Marek Kuchci\u0144ski","article_published_time":"2020-10-07T19:32:06+00:00","article_modified_time":"2020-10-07T19:36:04+00:00","og_image":[{"width":800,"height":533,"url":"https:\/\/marekkuchcinski.pl\/wp-content\/uploads\/2020\/10\/AZZ_0686.view_.jpg","type":"image\/jpeg"}],"author":"Marta Olejnik","twitter_card":"summary_large_image","twitter_misc":{"Scris de":"Marta Olejnik","Timp estimat pentru citire":"3 minutes"},"schema":{"@context":"https:\/\/schema.org","@graph":[{"@type":"Article","@id":"https:\/\/marekkuchcinski.pl\/en\/wydarzenia\/telekonferencja-przewodniczacych-komisji-spraw-zagranicznych-grupy-wyszehradzkiej-oraz-panstw-baltyckich\/#article","isPartOf":{"@id":"https:\/\/marekkuchcinski.pl\/en\/wydarzenia\/telekonferencja-przewodniczacych-komisji-spraw-zagranicznych-grupy-wyszehradzkiej-oraz-panstw-baltyckich\/"},"author":{"name":"Marta Olejnik","@id":"https:\/\/marekkuchcinski.pl\/#\/schema\/person\/51d5d4ee3b5317b8e4dd2b48af359229"},"headline":"Telekonferencja Przewodnicz\u0105cych Komisji Spraw Zagranicznych Grupy Wyszehradzkiej oraz pa\u0144stw ba\u0142tyckich","datePublished":"2020-10-07T19:32:06+00:00","dateModified":"2020-10-07T19:36:04+00:00","mainEntityOfPage":{"@id":"https:\/\/marekkuchcinski.pl\/en\/wydarzenia\/telekonferencja-przewodniczacych-komisji-spraw-zagranicznych-grupy-wyszehradzkiej-oraz-panstw-baltyckich\/"},"wordCount":569,"publisher":{"@id":"https:\/\/marekkuchcinski.pl\/#organization"},"image":{"@id":"https:\/\/marekkuchcinski.pl\/en\/wydarzenia\/telekonferencja-przewodniczacych-komisji-spraw-zagranicznych-grupy-wyszehradzkiej-oraz-panstw-baltyckich\/#primaryimage"},"thumbnailUrl":"https:\/\/marekkuchcinski.pl\/wp-content\/uploads\/2020\/10\/AZZ_0686.view_.jpg","articleSection":["Wie\u015bci z Sejmu","Wsp\u00f3\u0142praca mi\u0119dzynarodowa","Wydarzenia"],"inLanguage":"ro-RO"},{"@type":"WebPage","@id":"https:\/\/marekkuchcinski.pl\/en\/wydarzenia\/telekonferencja-przewodniczacych-komisji-spraw-zagranicznych-grupy-wyszehradzkiej-oraz-panstw-baltyckich\/","url":"https:\/\/marekkuchcinski.pl\/en\/wydarzenia\/telekonferencja-przewodniczacych-komisji-spraw-zagranicznych-grupy-wyszehradzkiej-oraz-panstw-baltyckich\/","name":"Telekonferencja Przewodnicz\u0105cych Komisji Spraw Zagranicznych Grupy Wyszehradzkiej oraz pa\u0144stw ba\u0142tyckich &#8211; Marek Kuchci\u0144ski","isPartOf":{"@id":"https:\/\/marekkuchcinski.pl\/#website"},"primaryImageOfPage":{"@id":"https:\/\/marekkuchcinski.pl\/en\/wydarzenia\/telekonferencja-przewodniczacych-komisji-spraw-zagranicznych-grupy-wyszehradzkiej-oraz-panstw-baltyckich\/#primaryimage"},"image":{"@id":"https:\/\/marekkuchcinski.pl\/en\/wydarzenia\/telekonferencja-przewodniczacych-komisji-spraw-zagranicznych-grupy-wyszehradzkiej-oraz-panstw-baltyckich\/#primaryimage"},"thumbnailUrl":"https:\/\/marekkuchcinski.pl\/wp-content\/uploads\/2020\/10\/AZZ_0686.view_.jpg","datePublished":"2020-10-07T19:32:06+00:00","dateModified":"2020-10-07T19:36:04+00:00","breadcrumb":{"@id":"https:\/\/marekkuchcinski.pl\/en\/wydarzenia\/telekonferencja-przewodniczacych-komisji-spraw-zagranicznych-grupy-wyszehradzkiej-oraz-panstw-baltyckich\/#breadcrumb"},"inLanguage":"ro-RO","potentialAction":[{"@type":"ReadAction","target":["https:\/\/marekkuchcinski.pl\/en\/wydarzenia\/telekonferencja-przewodniczacych-komisji-spraw-zagranicznych-grupy-wyszehradzkiej-oraz-panstw-baltyckich\/"]}]},{"@type":"ImageObject","inLanguage":"ro-RO","@id":"https:\/\/marekkuchcinski.pl\/en\/wydarzenia\/telekonferencja-przewodniczacych-komisji-spraw-zagranicznych-grupy-wyszehradzkiej-oraz-panstw-baltyckich\/#primaryimage","url":"https:\/\/marekkuchcinski.pl\/wp-content\/uploads\/2020\/10\/AZZ_0686.view_.jpg","contentUrl":"https:\/\/marekkuchcinski.pl\/wp-content\/uploads\/2020\/10\/AZZ_0686.view_.jpg","width":800,"height":533},{"@type":"BreadcrumbList","@id":"https:\/\/marekkuchcinski.pl\/en\/wydarzenia\/telekonferencja-przewodniczacych-komisji-spraw-zagranicznych-grupy-wyszehradzkiej-oraz-panstw-baltyckich\/#breadcrumb","itemListElement":[{"@type":"ListItem","position":1,"name":"Strona g\u0142\u00f3wna","item":"https:\/\/marekkuchcinski.pl\/"},{"@type":"ListItem","position":2,"name":"Telekonferencja Przewodnicz\u0105cych Komisji Spraw Zagranicznych Grupy Wyszehradzkiej oraz pa\u0144stw ba\u0142tyckich"}]},{"@type":"WebSite","@id":"https:\/\/marekkuchcinski.pl\/#website","url":"https:\/\/marekkuchcinski.pl\/","name":"Marek Kuchci\u0144ski","description":"Pose\u0142 na sejm RP &ndash; okr\u0119g nr 22","publisher":{"@id":"https:\/\/marekkuchcinski.pl\/#organization"},"potentialAction":[{"@type":"SearchAction","target":{"@type":"EntryPoint","urlTemplate":"https:\/\/marekkuchcinski.pl\/?s={search_term_string}"},"query-input":{"@type":"PropertyValueSpecification","valueRequired":true,"valueName":"search_term_string"}}],"inLanguage":"ro-RO"},{"@type":"Organization","@id":"https:\/\/marekkuchcinski.pl\/#organization","name":"Marek Kuchci\u0144ski","url":"https:\/\/marekkuchcinski.pl\/","logo":{"@type":"ImageObject","inLanguage":"ro-RO","@id":"https:\/\/marekkuchcinski.pl\/#\/schema\/logo\/image\/","url":"https:\/\/marekkuchcinski.pl\/wp-content\/uploads\/2022\/09\/Marek.jpg","contentUrl":"https:\/\/marekkuchcinski.pl\/wp-content\/uploads\/2022\/09\/Marek.jpg","width":1600,"height":971,"caption":"Marek Kuchci\u0144ski"},"image":{"@id":"https:\/\/marekkuchcinski.pl\/#\/schema\/logo\/image\/"}},{"@type":"Person","@id":"https:\/\/marekkuchcinski.pl\/#\/schema\/person\/51d5d4ee3b5317b8e4dd2b48af359229","name":"Marta Olejnik","image":{"@type":"ImageObject","inLanguage":"ro-RO","@id":"https:\/\/marekkuchcinski.pl\/#\/schema\/person\/image\/","url":"https:\/\/secure.gravatar.com\/avatar\/e39914b2aa6a48959e24d475b5dc9793?s=96&d=mm&r=g","contentUrl":"https:\/\/secure.gravatar.com\/avatar\/e39914b2aa6a48959e24d475b5dc9793?s=96&d=mm&r=g","caption":"Marta Olejnik"},"url":"https:\/\/marekkuchcinski.pl\/ro\/author\/marta\/"}]}},"_links":{"self":[{"href":"https:\/\/marekkuchcinski.pl\/ro\/wp-json\/wp\/v2\/posts\/19968","targetHints":{"allow":["GET"]}}],"collection":[{"href":"https:\/\/marekkuchcinski.pl\/ro\/wp-json\/wp\/v2\/posts"}],"about":[{"href":"https:\/\/marekkuchcinski.pl\/ro\/wp-json\/wp\/v2\/types\/post"}],"author":[{"embeddable":true,"href":"https:\/\/marekkuchcinski.pl\/ro\/wp-json\/wp\/v2\/users\/21"}],"replies":[{"embeddable":true,"href":"https:\/\/marekkuchcinski.pl\/ro\/wp-json\/wp\/v2\/comments?post=19968"}],"version-history":[{"count":3,"href":"https:\/\/marekkuchcinski.pl\/ro\/wp-json\/wp\/v2\/posts\/19968\/revisions"}],"predecessor-version":[{"id":19974,"href":"https:\/\/marekkuchcinski.pl\/ro\/wp-json\/wp\/v2\/posts\/19968\/revisions\/19974"}],"wp:featuredmedia":[{"embeddable":true,"href":"https:\/\/marekkuchcinski.pl\/ro\/wp-json\/wp\/v2\/media\/19970"}],"wp:attachment":[{"href":"https:\/\/marekkuchcinski.pl\/ro\/wp-json\/wp\/v2\/media?parent=19968"}],"wp:term":[{"taxonomy":"category","embeddable":true,"href":"https:\/\/marekkuchcinski.pl\/ro\/wp-json\/wp\/v2\/categories?post=19968"},{"taxonomy":"post_tag","embeddable":true,"href":"https:\/\/marekkuchcinski.pl\/ro\/wp-json\/wp\/v2\/tags?post=19968"}],"curies":[{"name":"wp","href":"https:\/\/api.w.org\/{rel}","templated":true}]}}