{"id":19805,"date":"2020-09-15T20:44:01","date_gmt":"2020-09-15T18:44:01","guid":{"rendered":"https:\/\/marekkuchcinski.pl\/?p=19805"},"modified":"2020-09-15T20:59:19","modified_gmt":"2020-09-15T18:59:19","slug":"komisja-spraw-zagranicznych-sza-2","status":"publish","type":"post","link":"https:\/\/marekkuchcinski.pl\/ro\/bez-kategorii\/komisja-spraw-zagranicznych-sza-2\/","title":{"rendered":"\u0218edin\u021bele programate ale comisiilor \u0219i subcomisiilor parlamentare - Comisia pentru afaceri externe (CAE)"},"content":{"rendered":"<p>Programarea \u0219edin\u021belor comisiilor \u0219i subcomisiilor parlamentare<\/p>\n\n\n\n<p><strong>15 septembrie 2020 (mar\u021bi), ora 14:00<\/strong>Reuniunea comun\u0103 a comisiilor:&nbsp;<a href=\"https:\/\/www.sejm.gov.pl\/Sejm9.nsf\/agent.xsp?symbol=KOMISJA&amp;NrKadencji=9&amp;KodKom=OBN\">NSA<\/a> i <a href=\"https:\/\/www.sejm.gov.pl\/Sejm9.nsf\/agent.xsp?symbol=KOMISJA&amp;NrKadencji=9&amp;KodKom=SZA\">SZA<\/a><\/p>\n\n\n\n<p>camera 211, cl\u0103direa. U<\/p>\n\n\n\n<p>Reuniunea se va desf\u0103\u0219ura prin intermediul mijloacelor electronice de comunicare la distan\u021b\u0103.<\/p>\n\n\n\n<ul class=\"wp-block-list\"><li>Prima lectur\u0103 a proiectului de lege al Guvernului privind ratificarea Acordului \u00eentre Guvernul Republicii Polone \u0219i Guvernul Statelor Unite ale Americii privind cooperarea consolidat\u0103 \u00een domeniul ap\u0103r\u0103rii, semnat la Var\u0219ovia la 15 august 2020. (Tipar nr. 573).<\/li><li>Ei justific\u0103:<\/li><li>- Ministrul Ap\u0103r\u0103rii,<\/li><li>- Ministrul Afacerilor Externe.<\/li><\/ul>\n\n\n\n<p><strong>15 septembrie 2020 (mar\u021bi), 15:30<\/strong><\/p>\n\n\n\n<p>camera 211, cl\u0103direa. U<\/p>\n\n\n\n<p>Ordinea de zi a fost modificat\u0103 dup\u0103 cum urmeaz\u0103<\/p>\n\n\n\n<p>Reuniunea se va desf\u0103\u0219ura prin intermediul mijloacelor electronice de comunicare la distan\u021b\u0103.<\/p>\n\n\n\n<ul class=\"wp-block-list\"><li>Alegerea pre\u0219edintelui Comisiei.<\/li><li>Prima lectur\u0103 a Proiectului de lege al Guvernului pentru ratificarea Acordului de parteneriat strategic \u00eentre Uniunea European\u0103 \u0219i statele membre ale acesteia, pe de o parte, \u0219i Canada, pe de alt\u0103 parte, f\u0103cut\u0103 la Bruxelles la 30 octombrie 2016. (Text tip\u0103rit 460)<\/li><li>- justific\u0103 ministrul Afacerilor Externe.<\/li><li>Examinarea \u0219i avizarea de c\u0103tre Comisia pentru controlul de stat a Raportului privind activitatea Camerei Supreme de Control \u00een anul 2019. (nr. de tipar 522) \u00een cadrul activit\u0103\u021bilor Comisiei.<\/li><\/ul>\n\n\n\n<p><strong>15 septembrie 2020 (mar\u021bi), 16:30<\/strong>Reuniunea comun\u0103 a comisiilor:&nbsp;<a href=\"https:\/\/www.sejm.gov.pl\/Sejm9.nsf\/agent.xsp?symbol=KOMISJA&amp;NrKadencji=9&amp;KodKom=ASW\">ASW<\/a> i <a href=\"https:\/\/www.sejm.gov.pl\/Sejm9.nsf\/agent.xsp?symbol=KOMISJA&amp;NrKadencji=9&amp;KodKom=SZA\">SZA<\/a><\/p>\n\n\n\n<p>camera 211, cl\u0103direa. U<\/p>\n\n\n\n<p>Reuniunea se va desf\u0103\u0219ura prin intermediul mijloacelor electronice de comunicare la distan\u021b\u0103.<\/p>\n\n\n\n<ul class=\"wp-block-list\"><li>Prima lectur\u0103 a proiectului de lege al guvernului privind ratificarea Acordului dintre Republica Polon\u0103 \u0219i Regatul Unit al Marii Britanii \u0219i Irlandei de Nord privind participarea la anumite alegeri a cet\u0103\u021benilor unui stat care \u00ee\u0219i au re\u0219edin\u021ba pe teritoriul altui stat, semnat la Var\u0219ovia la 29 mai 2020. (487)<\/li><li>- justific\u0103: Ministrul Afacerilor Externe \u0219i Ministrul Internelor \u0219i Administra\u021biei.<\/li><\/ul>\n\n\n\n<p><strong>15 septembrie 2020 (mar\u021bi), 17:30<\/strong>Reuniunea comun\u0103 a comisiilor:&nbsp;<a href=\"https:\/\/www.sejm.gov.pl\/Sejm9.nsf\/agent.xsp?symbol=KOMISJA&amp;NrKadencji=9&amp;KodKom=KSP\">KSP<\/a> i <a href=\"https:\/\/www.sejm.gov.pl\/Sejm9.nsf\/agent.xsp?symbol=KOMISJA&amp;NrKadencji=9&amp;KodKom=SZA\">SZA<\/a><\/p>\n\n\n\n<p>camera 211, cl\u0103direa. U<\/p>\n\n\n\n<p>A avut loc o modificare a orei \u0219edin\u021bei<\/p>\n\n\n\n<p>Reuniunea se va desf\u0103\u0219ura prin intermediul mijloacelor electronice de comunicare la distan\u021b\u0103.<\/p>\n\n\n\n<ul class=\"wp-block-list\"><li>Prima lectur\u0103 a proiectului de lege al Guvernului pentru ratificarea Conven\u021biei privind protec\u021bia patrimoniului cultural subacvatic, adoptat\u0103 la Paris la 2 noiembrie 2001. (se tip\u0103re\u0219te nr. 520)<\/li><li>- justific\u0103: Ministrul Afacerilor Externe \u0219i Ministrul Culturii \u0219i Patrimoniului Na\u021bional.<\/li><\/ul>\n\n\n\n<p><strong>16 septembrie 2020 (miercuri), 08:15<\/strong>Reuniunea comun\u0103 a comisiilor:&nbsp;<a href=\"https:\/\/www.sejm.gov.pl\/Sejm9.nsf\/agent.xsp?symbol=KOMISJA&amp;NrKadencji=9&amp;KodKom=GMZ\">GMZ<\/a>, <a href=\"https:\/\/www.sejm.gov.pl\/Sejm9.nsf\/agent.xsp?symbol=KOMISJA&amp;NrKadencji=9&amp;KodKom=PSR\">PSR<\/a> i <a href=\"https:\/\/www.sejm.gov.pl\/Sejm9.nsf\/agent.xsp?symbol=KOMISJA&amp;NrKadencji=9&amp;KodKom=SZA\">SZA<\/a><\/p>\n\n\n\n<p>camera nr. 111, cl\u0103direa U<\/p>\n\n\n\n<p>Reuniunea se va desf\u0103\u0219ura prin intermediul mijloacelor electronice de comunicare la distan\u021b\u0103.<\/p>\n\n\n\n<ul class=\"wp-block-list\"><li>Prima lectur\u0103 a proiectului de lege al Guvernului privind ratificarea Amendamentelor la Conven\u021bia privind munca \u00een domeniul maritim, adoptate la Geneva la 23 februarie 2006, aprobate de Conferin\u021ba Interna\u021bional\u0103 a Muncii de la Geneva la 5 iunie 2018. (Tipar nr. 459).<\/li><li>Ei justific\u0103:<\/li><li>- Ministrul Afacerilor Externe,<\/li><li>- Ministrul Familiei, Muncii \u0219i Politicii Sociale,<\/li><li>- Ministrul afacerilor maritime \u0219i al naviga\u021biei interioare.<\/li><\/ul>","protected":false},"excerpt":{"rendered":"<p>Reuniunile programate ale comisiilor \u0219i subcomisiilor parlamentare 15 septembrie 2020 (mar\u021bi), ora 14:00Reuniunea comisiei: NSA \u0219i SZA Camera 211, Bud. U \u0218edin\u021ba se va desf\u0103\u0219ura prin intermediul mijloacelor electronice de comunicare la distan\u021b\u0103 Prima lectur\u0103 a proiectului de lege al Guvernului privind ratificarea Acordului \u00eentre Guvernul Republicii Polone \u0219i Guvernul Statelor Unite ale Americii privind cooperarea consolidat\u0103 \u00een domeniul ap\u0103r\u0103rii, semnat [...].<\/p>","protected":false},"author":17,"featured_media":17277,"comment_status":"open","ping_status":"open","sticky":false,"template":"","format":"standard","meta":{"ngg_post_thumbnail":0,"footnotes":""},"categories":[1,180],"tags":[],"class_list":["post-19805","post","type-post","status-publish","format-standard","has-post-thumbnail","hentry","category-bez-kategorii","category-komisja-spraw-zagranicznych"],"yoast_head":"<!-- This site is optimized with the Yoast SEO plugin v24.7 - https:\/\/yoast.com\/wordpress\/plugins\/seo\/ -->\n<title>Planowane posiedzenia komisji i podkomisji sejmowych - Komisja Spraw Zagranicznych (SZA) &#8211; Marek Kuchci\u0144ski<\/title>\n<meta name=\"robots\" content=\"index, follow, max-snippet:-1, max-image-preview:large, max-video-preview:-1\" \/>\n<link rel=\"canonical\" href=\"https:\/\/marekkuchcinski.pl\/ro\/bez-kategorii\/komisja-spraw-zagranicznych-sza-2\/\" \/>\n<meta property=\"og:locale\" content=\"ro_RO\" \/>\n<meta property=\"og:type\" content=\"article\" \/>\n<meta property=\"og:title\" content=\"Planowane posiedzenia komisji i podkomisji sejmowych - Komisja Spraw Zagranicznych (SZA) &#8211; Marek Kuchci\u0144ski\" \/>\n<meta property=\"og:description\" content=\"Planowane posiedzenia komisji i podkomisji sejmowych 15 wrze\u015bnia 2020 (wtorek), godz.&nbsp;14:00Wsp\u00f3lne posiedzenie komisji:&nbsp;OBN i SZA sala nr 211, bud. U Posiedzenie b\u0119dzie prowadzone z wykorzystaniem \u015brodk\u00f3w komunikacji elektronicznej umo\u017cliwiaj\u0105cych porozumiewanie si\u0119 na odleg\u0142o\u015b\u0107 Pierwsze czytanie rz\u0105dowego projektu ustawy o ratyfikacji Umowy mi\u0119dzy Rz\u0105dem Rzeczypospolitej Polskiej a Rz\u0105dem Stan\u00f3w Zjednoczonych Ameryki o wzmocnionej wsp\u00f3\u0142pracy obronnej, podpisanej [&hellip;]\" \/>\n<meta property=\"og:url\" content=\"https:\/\/marekkuchcinski.pl\/ro\/bez-kategorii\/komisja-spraw-zagranicznych-sza-2\/\" \/>\n<meta property=\"og:site_name\" content=\"Marek Kuchci\u0144ski\" \/>\n<meta property=\"article:published_time\" content=\"2020-09-15T18:44:01+00:00\" \/>\n<meta property=\"article:modified_time\" content=\"2020-09-15T18:59:19+00:00\" \/>\n<meta property=\"og:image\" content=\"https:\/\/marekkuchcinski.pl\/wp-content\/uploads\/2019\/07\/sejm-kwiecien-4.jpg\" \/>\n\t<meta property=\"og:image:width\" content=\"2048\" \/>\n\t<meta property=\"og:image:height\" content=\"1454\" \/>\n\t<meta property=\"og:image:type\" content=\"image\/jpeg\" \/>\n<meta name=\"author\" content=\"Tomasz \u0141acina\" \/>\n<meta name=\"twitter:card\" content=\"summary_large_image\" \/>\n<meta name=\"twitter:label1\" content=\"Scris de\" \/>\n\t<meta name=\"twitter:data1\" content=\"Tomasz \u0141acina\" \/>\n\t<meta name=\"twitter:label2\" content=\"Timp estimat pentru citire\" \/>\n\t<meta name=\"twitter:data2\" content=\"2 minutes\" \/>\n<script type=\"application\/ld+json\" class=\"yoast-schema-graph\">{\"@context\":\"https:\/\/schema.org\",\"@graph\":[{\"@type\":\"Article\",\"@id\":\"https:\/\/marekkuchcinski.pl\/bez-kategorii\/komisja-spraw-zagranicznych-sza-2\/#article\",\"isPartOf\":{\"@id\":\"https:\/\/marekkuchcinski.pl\/bez-kategorii\/komisja-spraw-zagranicznych-sza-2\/\"},\"author\":{\"name\":\"Tomasz \u0141acina\",\"@id\":\"https:\/\/marekkuchcinski.pl\/#\/schema\/person\/b8a29fe7813098f7be78801d029910a7\"},\"headline\":\"Planowane posiedzenia komisji i podkomisji sejmowych &#8211; Komisja Spraw Zagranicznych (SZA)\",\"datePublished\":\"2020-09-15T18:44:01+00:00\",\"dateModified\":\"2020-09-15T18:59:19+00:00\",\"mainEntityOfPage\":{\"@id\":\"https:\/\/marekkuchcinski.pl\/bez-kategorii\/komisja-spraw-zagranicznych-sza-2\/\"},\"wordCount\":469,\"commentCount\":0,\"publisher\":{\"@id\":\"https:\/\/marekkuchcinski.pl\/#organization\"},\"image\":{\"@id\":\"https:\/\/marekkuchcinski.pl\/bez-kategorii\/komisja-spraw-zagranicznych-sza-2\/#primaryimage\"},\"thumbnailUrl\":\"https:\/\/marekkuchcinski.pl\/wp-content\/uploads\/2019\/07\/sejm-kwiecien-4.jpg\",\"articleSection\":[\"Bez kategorii\",\"Komisja Spraw Zagranicznych\"],\"inLanguage\":\"ro-RO\",\"potentialAction\":[{\"@type\":\"CommentAction\",\"name\":\"Comment\",\"target\":[\"https:\/\/marekkuchcinski.pl\/bez-kategorii\/komisja-spraw-zagranicznych-sza-2\/#respond\"]}]},{\"@type\":\"WebPage\",\"@id\":\"https:\/\/marekkuchcinski.pl\/bez-kategorii\/komisja-spraw-zagranicznych-sza-2\/\",\"url\":\"https:\/\/marekkuchcinski.pl\/bez-kategorii\/komisja-spraw-zagranicznych-sza-2\/\",\"name\":\"Planowane posiedzenia komisji i podkomisji sejmowych - Komisja Spraw Zagranicznych (SZA) &#8211; Marek Kuchci\u0144ski\",\"isPartOf\":{\"@id\":\"https:\/\/marekkuchcinski.pl\/#website\"},\"primaryImageOfPage\":{\"@id\":\"https:\/\/marekkuchcinski.pl\/bez-kategorii\/komisja-spraw-zagranicznych-sza-2\/#primaryimage\"},\"image\":{\"@id\":\"https:\/\/marekkuchcinski.pl\/bez-kategorii\/komisja-spraw-zagranicznych-sza-2\/#primaryimage\"},\"thumbnailUrl\":\"https:\/\/marekkuchcinski.pl\/wp-content\/uploads\/2019\/07\/sejm-kwiecien-4.jpg\",\"datePublished\":\"2020-09-15T18:44:01+00:00\",\"dateModified\":\"2020-09-15T18:59:19+00:00\",\"breadcrumb\":{\"@id\":\"https:\/\/marekkuchcinski.pl\/bez-kategorii\/komisja-spraw-zagranicznych-sza-2\/#breadcrumb\"},\"inLanguage\":\"ro-RO\",\"potentialAction\":[{\"@type\":\"ReadAction\",\"target\":[\"https:\/\/marekkuchcinski.pl\/bez-kategorii\/komisja-spraw-zagranicznych-sza-2\/\"]}]},{\"@type\":\"ImageObject\",\"inLanguage\":\"ro-RO\",\"@id\":\"https:\/\/marekkuchcinski.pl\/bez-kategorii\/komisja-spraw-zagranicznych-sza-2\/#primaryimage\",\"url\":\"https:\/\/marekkuchcinski.pl\/wp-content\/uploads\/2019\/07\/sejm-kwiecien-4.jpg\",\"contentUrl\":\"https:\/\/marekkuchcinski.pl\/wp-content\/uploads\/2019\/07\/sejm-kwiecien-4.jpg\",\"width\":2048,\"height\":1454},{\"@type\":\"BreadcrumbList\",\"@id\":\"https:\/\/marekkuchcinski.pl\/bez-kategorii\/komisja-spraw-zagranicznych-sza-2\/#breadcrumb\",\"itemListElement\":[{\"@type\":\"ListItem\",\"position\":1,\"name\":\"Strona g\u0142\u00f3wna\",\"item\":\"https:\/\/marekkuchcinski.pl\/\"},{\"@type\":\"ListItem\",\"position\":2,\"name\":\"Planowane posiedzenia komisji i podkomisji sejmowych &#8211; Komisja Spraw Zagranicznych (SZA)\"}]},{\"@type\":\"WebSite\",\"@id\":\"https:\/\/marekkuchcinski.pl\/#website\",\"url\":\"https:\/\/marekkuchcinski.pl\/\",\"name\":\"Marek Kuchci\u0144ski\",\"description\":\"Pose\u0142 na sejm RP &ndash; okr\u0119g nr 22\",\"publisher\":{\"@id\":\"https:\/\/marekkuchcinski.pl\/#organization\"},\"potentialAction\":[{\"@type\":\"SearchAction\",\"target\":{\"@type\":\"EntryPoint\",\"urlTemplate\":\"https:\/\/marekkuchcinski.pl\/?s={search_term_string}\"},\"query-input\":{\"@type\":\"PropertyValueSpecification\",\"valueRequired\":true,\"valueName\":\"search_term_string\"}}],\"inLanguage\":\"ro-RO\"},{\"@type\":\"Organization\",\"@id\":\"https:\/\/marekkuchcinski.pl\/#organization\",\"name\":\"Marek Kuchci\u0144ski\",\"url\":\"https:\/\/marekkuchcinski.pl\/\",\"logo\":{\"@type\":\"ImageObject\",\"inLanguage\":\"ro-RO\",\"@id\":\"https:\/\/marekkuchcinski.pl\/#\/schema\/logo\/image\/\",\"url\":\"https:\/\/marekkuchcinski.pl\/wp-content\/uploads\/2022\/09\/Marek.jpg\",\"contentUrl\":\"https:\/\/marekkuchcinski.pl\/wp-content\/uploads\/2022\/09\/Marek.jpg\",\"width\":1600,\"height\":971,\"caption\":\"Marek Kuchci\u0144ski\"},\"image\":{\"@id\":\"https:\/\/marekkuchcinski.pl\/#\/schema\/logo\/image\/\"}},{\"@type\":\"Person\",\"@id\":\"https:\/\/marekkuchcinski.pl\/#\/schema\/person\/b8a29fe7813098f7be78801d029910a7\",\"name\":\"Tomasz \u0141acina\",\"image\":{\"@type\":\"ImageObject\",\"inLanguage\":\"ro-RO\",\"@id\":\"https:\/\/marekkuchcinski.pl\/#\/schema\/person\/image\/\",\"url\":\"https:\/\/secure.gravatar.com\/avatar\/22e75f6c51aff77a676ed77dd222f852?s=96&d=mm&r=g\",\"contentUrl\":\"https:\/\/secure.gravatar.com\/avatar\/22e75f6c51aff77a676ed77dd222f852?s=96&d=mm&r=g\",\"caption\":\"Tomasz \u0141acina\"},\"url\":\"https:\/\/marekkuchcinski.pl\/ro\/author\/tomek-lacina\/\"}]}<\/script>\n<!-- \/ Yoast SEO plugin. -->","yoast_head_json":{"title":"Planowane posiedzenia komisji i podkomisji sejmowych - Komisja Spraw Zagranicznych (SZA) &#8211; Marek Kuchci\u0144ski","robots":{"index":"index","follow":"follow","max-snippet":"max-snippet:-1","max-image-preview":"max-image-preview:large","max-video-preview":"max-video-preview:-1"},"canonical":"https:\/\/marekkuchcinski.pl\/ro\/bez-kategorii\/komisja-spraw-zagranicznych-sza-2\/","og_locale":"ro_RO","og_type":"article","og_title":"Planowane posiedzenia komisji i podkomisji sejmowych - Komisja Spraw Zagranicznych (SZA) &#8211; Marek Kuchci\u0144ski","og_description":"Planowane posiedzenia komisji i podkomisji sejmowych 15 wrze\u015bnia 2020 (wtorek), godz.&nbsp;14:00Wsp\u00f3lne posiedzenie komisji:&nbsp;OBN i SZA sala nr 211, bud. U Posiedzenie b\u0119dzie prowadzone z wykorzystaniem \u015brodk\u00f3w komunikacji elektronicznej umo\u017cliwiaj\u0105cych porozumiewanie si\u0119 na odleg\u0142o\u015b\u0107 Pierwsze czytanie rz\u0105dowego projektu ustawy o ratyfikacji Umowy mi\u0119dzy Rz\u0105dem Rzeczypospolitej Polskiej a Rz\u0105dem Stan\u00f3w Zjednoczonych Ameryki o wzmocnionej wsp\u00f3\u0142pracy obronnej, podpisanej [&hellip;]","og_url":"https:\/\/marekkuchcinski.pl\/ro\/bez-kategorii\/komisja-spraw-zagranicznych-sza-2\/","og_site_name":"Marek Kuchci\u0144ski","article_published_time":"2020-09-15T18:44:01+00:00","article_modified_time":"2020-09-15T18:59:19+00:00","og_image":[{"width":2048,"height":1454,"url":"https:\/\/marekkuchcinski.pl\/wp-content\/uploads\/2019\/07\/sejm-kwiecien-4.jpg","type":"image\/jpeg"}],"author":"Tomasz \u0141acina","twitter_card":"summary_large_image","twitter_misc":{"Scris de":"Tomasz \u0141acina","Timp estimat pentru citire":"2 minutes"},"schema":{"@context":"https:\/\/schema.org","@graph":[{"@type":"Article","@id":"https:\/\/marekkuchcinski.pl\/bez-kategorii\/komisja-spraw-zagranicznych-sza-2\/#article","isPartOf":{"@id":"https:\/\/marekkuchcinski.pl\/bez-kategorii\/komisja-spraw-zagranicznych-sza-2\/"},"author":{"name":"Tomasz \u0141acina","@id":"https:\/\/marekkuchcinski.pl\/#\/schema\/person\/b8a29fe7813098f7be78801d029910a7"},"headline":"Planowane posiedzenia komisji i podkomisji sejmowych &#8211; Komisja Spraw Zagranicznych (SZA)","datePublished":"2020-09-15T18:44:01+00:00","dateModified":"2020-09-15T18:59:19+00:00","mainEntityOfPage":{"@id":"https:\/\/marekkuchcinski.pl\/bez-kategorii\/komisja-spraw-zagranicznych-sza-2\/"},"wordCount":469,"commentCount":0,"publisher":{"@id":"https:\/\/marekkuchcinski.pl\/#organization"},"image":{"@id":"https:\/\/marekkuchcinski.pl\/bez-kategorii\/komisja-spraw-zagranicznych-sza-2\/#primaryimage"},"thumbnailUrl":"https:\/\/marekkuchcinski.pl\/wp-content\/uploads\/2019\/07\/sejm-kwiecien-4.jpg","articleSection":["Bez kategorii","Komisja Spraw Zagranicznych"],"inLanguage":"ro-RO","potentialAction":[{"@type":"CommentAction","name":"Comment","target":["https:\/\/marekkuchcinski.pl\/bez-kategorii\/komisja-spraw-zagranicznych-sza-2\/#respond"]}]},{"@type":"WebPage","@id":"https:\/\/marekkuchcinski.pl\/bez-kategorii\/komisja-spraw-zagranicznych-sza-2\/","url":"https:\/\/marekkuchcinski.pl\/bez-kategorii\/komisja-spraw-zagranicznych-sza-2\/","name":"Planowane posiedzenia komisji i podkomisji sejmowych - Komisja Spraw Zagranicznych (SZA) &#8211; Marek Kuchci\u0144ski","isPartOf":{"@id":"https:\/\/marekkuchcinski.pl\/#website"},"primaryImageOfPage":{"@id":"https:\/\/marekkuchcinski.pl\/bez-kategorii\/komisja-spraw-zagranicznych-sza-2\/#primaryimage"},"image":{"@id":"https:\/\/marekkuchcinski.pl\/bez-kategorii\/komisja-spraw-zagranicznych-sza-2\/#primaryimage"},"thumbnailUrl":"https:\/\/marekkuchcinski.pl\/wp-content\/uploads\/2019\/07\/sejm-kwiecien-4.jpg","datePublished":"2020-09-15T18:44:01+00:00","dateModified":"2020-09-15T18:59:19+00:00","breadcrumb":{"@id":"https:\/\/marekkuchcinski.pl\/bez-kategorii\/komisja-spraw-zagranicznych-sza-2\/#breadcrumb"},"inLanguage":"ro-RO","potentialAction":[{"@type":"ReadAction","target":["https:\/\/marekkuchcinski.pl\/bez-kategorii\/komisja-spraw-zagranicznych-sza-2\/"]}]},{"@type":"ImageObject","inLanguage":"ro-RO","@id":"https:\/\/marekkuchcinski.pl\/bez-kategorii\/komisja-spraw-zagranicznych-sza-2\/#primaryimage","url":"https:\/\/marekkuchcinski.pl\/wp-content\/uploads\/2019\/07\/sejm-kwiecien-4.jpg","contentUrl":"https:\/\/marekkuchcinski.pl\/wp-content\/uploads\/2019\/07\/sejm-kwiecien-4.jpg","width":2048,"height":1454},{"@type":"BreadcrumbList","@id":"https:\/\/marekkuchcinski.pl\/bez-kategorii\/komisja-spraw-zagranicznych-sza-2\/#breadcrumb","itemListElement":[{"@type":"ListItem","position":1,"name":"Strona g\u0142\u00f3wna","item":"https:\/\/marekkuchcinski.pl\/"},{"@type":"ListItem","position":2,"name":"Planowane posiedzenia komisji i podkomisji sejmowych &#8211; Komisja Spraw Zagranicznych (SZA)"}]},{"@type":"WebSite","@id":"https:\/\/marekkuchcinski.pl\/#website","url":"https:\/\/marekkuchcinski.pl\/","name":"Marek Kuchci\u0144ski","description":"Pose\u0142 na sejm RP &ndash; okr\u0119g nr 22","publisher":{"@id":"https:\/\/marekkuchcinski.pl\/#organization"},"potentialAction":[{"@type":"SearchAction","target":{"@type":"EntryPoint","urlTemplate":"https:\/\/marekkuchcinski.pl\/?s={search_term_string}"},"query-input":{"@type":"PropertyValueSpecification","valueRequired":true,"valueName":"search_term_string"}}],"inLanguage":"ro-RO"},{"@type":"Organization","@id":"https:\/\/marekkuchcinski.pl\/#organization","name":"Marek Kuchci\u0144ski","url":"https:\/\/marekkuchcinski.pl\/","logo":{"@type":"ImageObject","inLanguage":"ro-RO","@id":"https:\/\/marekkuchcinski.pl\/#\/schema\/logo\/image\/","url":"https:\/\/marekkuchcinski.pl\/wp-content\/uploads\/2022\/09\/Marek.jpg","contentUrl":"https:\/\/marekkuchcinski.pl\/wp-content\/uploads\/2022\/09\/Marek.jpg","width":1600,"height":971,"caption":"Marek Kuchci\u0144ski"},"image":{"@id":"https:\/\/marekkuchcinski.pl\/#\/schema\/logo\/image\/"}},{"@type":"Person","@id":"https:\/\/marekkuchcinski.pl\/#\/schema\/person\/b8a29fe7813098f7be78801d029910a7","name":"Tomasz \u0141acina","image":{"@type":"ImageObject","inLanguage":"ro-RO","@id":"https:\/\/marekkuchcinski.pl\/#\/schema\/person\/image\/","url":"https:\/\/secure.gravatar.com\/avatar\/22e75f6c51aff77a676ed77dd222f852?s=96&d=mm&r=g","contentUrl":"https:\/\/secure.gravatar.com\/avatar\/22e75f6c51aff77a676ed77dd222f852?s=96&d=mm&r=g","caption":"Tomasz \u0141acina"},"url":"https:\/\/marekkuchcinski.pl\/ro\/author\/tomek-lacina\/"}]}},"_links":{"self":[{"href":"https:\/\/marekkuchcinski.pl\/ro\/wp-json\/wp\/v2\/posts\/19805","targetHints":{"allow":["GET"]}}],"collection":[{"href":"https:\/\/marekkuchcinski.pl\/ro\/wp-json\/wp\/v2\/posts"}],"about":[{"href":"https:\/\/marekkuchcinski.pl\/ro\/wp-json\/wp\/v2\/types\/post"}],"author":[{"embeddable":true,"href":"https:\/\/marekkuchcinski.pl\/ro\/wp-json\/wp\/v2\/users\/17"}],"replies":[{"embeddable":true,"href":"https:\/\/marekkuchcinski.pl\/ro\/wp-json\/wp\/v2\/comments?post=19805"}],"version-history":[{"count":2,"href":"https:\/\/marekkuchcinski.pl\/ro\/wp-json\/wp\/v2\/posts\/19805\/revisions"}],"predecessor-version":[{"id":19814,"href":"https:\/\/marekkuchcinski.pl\/ro\/wp-json\/wp\/v2\/posts\/19805\/revisions\/19814"}],"wp:featuredmedia":[{"embeddable":true,"href":"https:\/\/marekkuchcinski.pl\/ro\/wp-json\/wp\/v2\/media\/17277"}],"wp:attachment":[{"href":"https:\/\/marekkuchcinski.pl\/ro\/wp-json\/wp\/v2\/media?parent=19805"}],"wp:term":[{"taxonomy":"category","embeddable":true,"href":"https:\/\/marekkuchcinski.pl\/ro\/wp-json\/wp\/v2\/categories?post=19805"},{"taxonomy":"post_tag","embeddable":true,"href":"https:\/\/marekkuchcinski.pl\/ro\/wp-json\/wp\/v2\/tags?post=19805"}],"curies":[{"name":"wp","href":"https:\/\/api.w.org\/{rel}","templated":true}]}}