{"id":19354,"date":"2020-06-29T16:47:00","date_gmt":"2020-06-29T14:47:00","guid":{"rendered":"https:\/\/marek2.rkartist.pl\/?p=19354"},"modified":"2020-07-17T16:51:01","modified_gmt":"2020-07-17T14:51:01","slug":"mimo-ogromnych-przeszkod-podkarpacie-zawsze-wierne-duda-zdobywa-tu-ponad-60-proc-glosow","status":"publish","type":"post","link":"https:\/\/marekkuchcinski.pl\/ro\/wydarzenia\/mimo-ogromnych-przeszkod-podkarpacie-zawsze-wierne-duda-zdobywa-tu-ponad-60-proc-glosow\/","title":{"rendered":"\u00cen ciuda obstacolelor uria\u0219e Podkarpacie \u00eenc\u0103 credincios! Duda ob\u021bine aici peste 60 la sut\u0103 din voturi"},"content":{"rendered":"<p>Andrzej Duda a c\u00e2\u0219tigat primul tur al alegerilor preziden\u021biale, ob\u021bin\u00e2nd\u00a0 <strong>43,5<\/strong> la sut\u0103 din voturi. Un alt rezultat - <strong>30,46<\/strong> apar\u021bine lui Rafa\u0142 Trzaskowski.  Dac\u0103 alegerile ar fi avut loc doar \u00een Podkarpacie, nu ar fi fost necesar un al doilea tur de scrutin - pre\u0219edintele a c\u00e2\u0219tigat aici <strong>61,69<\/strong> la sut\u0103 din voturi (cu 10 la sut\u0103 mai mult dec\u00e2t \u00een primul tur din 2015), iar \u00een turul doi <strong>71,39<\/strong> la sut\u0103.<\/p>\n\n\n\n<figure class=\"wp-block-image size-large\"><img fetchpriority=\"high\" decoding=\"async\" width=\"1024\" height=\"588\" src=\"https:\/\/marekkuchcinski.pl\/wp-content\/uploads\/2020\/07\/download_20200629_234159-1024x588.png\" alt=\"\" class=\"wp-image-19355\" srcset=\"https:\/\/marekkuchcinski.pl\/wp-content\/uploads\/2020\/07\/download_20200629_234159-1024x588.png 1024w, https:\/\/marekkuchcinski.pl\/wp-content\/uploads\/2020\/07\/download_20200629_234159-300x172.png 300w, https:\/\/marekkuchcinski.pl\/wp-content\/uploads\/2020\/07\/download_20200629_234159-768x441.png 768w, https:\/\/marekkuchcinski.pl\/wp-content\/uploads\/2020\/07\/download_20200629_234159.png 1312w\" sizes=\"(max-width: 1024px) 100vw, 1024px\" \/><\/figure>\n\n\n\n<p>- Podkarpacie a dovedit c\u0103 apreciaz\u0103 ceea ce face Lege \u0219i Justi\u021bie pentru regiune. Apreciaz\u0103 toate programele sociale, care au intrat \u00een vigoare \u0219i datorit\u0103 semn\u0103turilor lui Andrzej Duda. Ar dura mult timp s\u0103 le enum\u0103r, dar le voi men\u021biona doar pe cele mai importante, cum ar fi sc\u0103derea v\u00e2rstei de pensionare, 500 plus \u0219i 300 plus, precum \u0219i reforma educa\u021bional\u0103, \"f\u0103r\u0103 pensie\" pentru tineri, restaurarea \u0219colilor cu opt clase. O bun\u0103 cooperare \u00eentre guvern, parlament \u0219i pre\u0219edinte a f\u0103cut posibil\u0103 \u0219i o asisten\u021b\u0103 rapid\u0103 a antreprenorilor \u00een timpul crizei pandemice - a sus\u021binut Marek Kuchci\u0144ski, pre\u0219edintele Consiliului Regional Podkarpackie al partidului Lege \u0219i Justi\u021bie. - Se poate spune c\u0103, \u00een acest fel, ei \u0219i-au exprimat recuno\u0219tin\u021ba c\u0103 \u00een timpul pre\u0219edin\u021biei lui Andrzej Duda via\u021ba lor a devenit pur \u0219i simplu mai bun\u0103 - a ad\u0103ugat el.<\/p>\n\n\n\n<figure class=\"wp-block-image size-large\"><img decoding=\"async\" width=\"1024\" height=\"514\" src=\"https:\/\/marekkuchcinski.pl\/wp-content\/uploads\/2020\/07\/download_20200629_232553-1024x514.png\" alt=\"\" class=\"wp-image-19356\" srcset=\"https:\/\/marekkuchcinski.pl\/wp-content\/uploads\/2020\/07\/download_20200629_232553-1024x514.png 1024w, https:\/\/marekkuchcinski.pl\/wp-content\/uploads\/2020\/07\/download_20200629_232553-300x150.png 300w, https:\/\/marekkuchcinski.pl\/wp-content\/uploads\/2020\/07\/download_20200629_232553-768x385.png 768w, https:\/\/marekkuchcinski.pl\/wp-content\/uploads\/2020\/07\/download_20200629_232553-1536x770.png 1536w, https:\/\/marekkuchcinski.pl\/wp-content\/uploads\/2020\/07\/download_20200629_232553.png 1555w\" sizes=\"(max-width: 1024px) 100vw, 1024px\" \/><\/figure>\n\n\n\n<p>La nivel na\u021bional, Andrzej Duda a ob\u021binut cu 3 milioane de voturi mai mult dec\u00e2t la precedentele alegeri preziden\u021biale. Potrivit mare\u0219alului, succesul electoral din Podkarpacie a fost posibil \u0219i datorit\u0103 implic\u0103rii \u0219i sus\u021binerii uria\u0219e a oamenilor obi\u0219nui\u021bi. - \u00cen ciuda obstacolelor, a inunda\u021biilor, a atacurilor trollilor \u0219i a minciunilor, Podkarpacie semper fideelis\", a conchis Marek Kuchci\u0144ski.<\/p>\n\n\n\n<div class=\"wp-block-image\"><figure class=\"aligncenter size-large is-resized\"><img decoding=\"async\" src=\"https:\/\/marekkuchcinski.pl\/wp-content\/uploads\/2020\/07\/ad-w2-1024x682.jpg\" alt=\"\" class=\"wp-image-19357\" width=\"581\" height=\"387\" srcset=\"https:\/\/marekkuchcinski.pl\/wp-content\/uploads\/2020\/07\/ad-w2-1024x682.jpg 1024w, https:\/\/marekkuchcinski.pl\/wp-content\/uploads\/2020\/07\/ad-w2-300x200.jpg 300w, https:\/\/marekkuchcinski.pl\/wp-content\/uploads\/2020\/07\/ad-w2-768x512.jpg 768w, https:\/\/marekkuchcinski.pl\/wp-content\/uploads\/2020\/07\/ad-w2-1536x1024.jpg 1536w, https:\/\/marekkuchcinski.pl\/wp-content\/uploads\/2020\/07\/ad-w2.jpg 2000w\" sizes=\"(max-width: 581px) 100vw, 581px\" \/><figcaption>Foto: flickr Andrzej Duda<\/figcaption><\/figure><\/div>\n\n\n\n<figure class=\"wp-block-image size-large\"><img loading=\"lazy\" decoding=\"async\" width=\"780\" height=\"520\" src=\"https:\/\/marekkuchcinski.pl\/wp-content\/uploads\/2020\/07\/p2.jpg\" alt=\"\" class=\"wp-image-19358\" srcset=\"https:\/\/marekkuchcinski.pl\/wp-content\/uploads\/2020\/07\/p2.jpg 780w, https:\/\/marekkuchcinski.pl\/wp-content\/uploads\/2020\/07\/p2-300x200.jpg 300w, https:\/\/marekkuchcinski.pl\/wp-content\/uploads\/2020\/07\/p2-768x512.jpg 768w\" sizes=\"(max-width: 780px) 100vw, 780px\" \/><\/figure>\n\n\n\n<figure class=\"wp-block-gallery columns-1 is-cropped wp-block-gallery-1 is-layout-flex wp-block-gallery-is-layout-flex\"><ul class=\"blocks-gallery-grid\"><li class=\"blocks-gallery-item\"><figure><img loading=\"lazy\" decoding=\"async\" width=\"960\" height=\"720\" src=\"https:\/\/marekkuchcinski.pl\/wp-content\/uploads\/2020\/07\/p3.jpg\" alt=\"\" data-id=\"19359\" class=\"wp-image-19359\" srcset=\"https:\/\/marekkuchcinski.pl\/wp-content\/uploads\/2020\/07\/p3.jpg 960w, https:\/\/marekkuchcinski.pl\/wp-content\/uploads\/2020\/07\/p3-300x225.jpg 300w, https:\/\/marekkuchcinski.pl\/wp-content\/uploads\/2020\/07\/p3-768x576.jpg 768w\" sizes=\"(max-width: 960px) 100vw, 960px\" \/><\/figure><\/li><\/ul><\/figure>\n\n\n\n<p><\/p>\n\n\n\n<h2 class=\"wp-block-heading\">Rezultatele alegerilor preziden\u021biale \u00een Przemy\u015bl \u0219i \u00een districtul Przemysl<\/h2>\n\n\n\n<p><strong>- Przemy\u015bl<\/strong><br>Andrzej Duda - 47,22 la sut\u0103 (13 261 voturi)<br>Rafa\u0142 Trzaskowski - 29,34% (8.240 voturi)<br>Szymon Ho\u0142ownia - 11,56% (3 245 voturi)<br>Krzysztof Bosak - 7,26% (2.040 voturi)<\/p>\n\n\n\n<p><strong>- Municipalitatea din Przemysl<\/strong><br>Andrzej Duda - 58,54% (3.019 voturi)<br>Rafa\u0142 Trzaskowski - 18,09 la sut\u0103 (933 voturi)<br>Szymon Ho\u0142ownia - 10.20% (526 voturi)<br>Krzysztof Bosak - 8.47% (437 voturi)<\/p>\n\n\n\n<p><strong>Bircza<\/strong><br>Andrzej Duda - 73,90 la sut\u0103 (2.047 voturi)<br>Rafa\u0142 Trzaskowski - 10.07% (279 voturi)<br>Krzysztof Bosak - 7,04% (195 voturi)<br>Szymon Ho\u0142ownia - 5,88% (163 voturi)<\/p>\n\n\n\n<p><strong>- Dubiecko<\/strong><br>Andrzej Duda - 71,16 la sut\u0103 (2.980 voturi)<br>Rafa\u0142 Trzaskowski - 10.48% (439 voturi)<br>Krzysztof Bosak - 7,12 la sut\u0103 (298 voturi)<br>Szymon Ho\u0142ownia - 6,76 la sut\u0103 (283 voturi)<\/p>\n\n\n\n<p><strong>Fredropol<\/strong><br>Andrzej Duda - 67,12 la sut\u0103 (1738 voturi)<br>Rafa\u0142 Trzaskowski - 13,38% (346 voturi)<br>Szymon Ho\u0142ownia - 8,47% (219 voturi)<br>Krzysztof Bosak - 7.12% (184 voturi)<\/p>\n\n\n\n<p><strong>Krasiczyn<\/strong><br>Andrzej Duda - 58,44% (1.420 voturi)<br>Rafa\u0142 Trzaskowski - 19.51% (474 voturi)<br>Szymon Ho\u0142ownia - 10.86% (264 voturi)<br>Krzysztof Bosak - 7,00 la sut\u0103 (170 voturi)<\/p>\n\n\n\n<p><strong>Krzywcza<\/strong><br>Andrzej Duda - 77,38% (1.762 voturi)<br>Krzysztof Bosak - 7.20%, (164 voturi)<br>Rafa\u0142 Trzaskowski - 6,24 la sut\u0103 (142 voturi)<br>Szymon Ho\u0142ownia - 5,71 la sut\u0103 (130 voturi)<\/p>\n\n\n\n<p><strong>- Medica<\/strong><br>Andrzej Duda - 67,64% (2.099 voturi)<br>Rafa\u0142 Trzaskowski - 11.96% (371 voturi)<br>Szymon Ho\u0142ownia - 10,28% (319 voturi)<br>Krzysztof Bosak - 6,64% (206 voturi)<\/p>\n\n\n\n<p><strong>- Vulturii<\/strong><br>Andrzej Duda - 64,49% (2.902 voturi)<br>Rafa\u0142 Trzaskowski - 10.82% (487 voturi)<br>Krzysztof Bosak - 10.58% (476 voturi)<br>Szymon Ho\u0142ownia - 8,44% (380 voturi)<\/p>\n\n\n\n<p><strong>- Stubno<\/strong><br>Andrzej Duda - 65,66% (1.083 voturi)<br>Rafa\u0142 Trzaskowski - 12,17 la sut\u0103 (201 voturi)<br>Szymon Ho\u0142ownia - 9,56 la sut\u0103 (158 voturi)<br>Krzysztof Bosak - 6,42% (106 voturi)<\/p>\n\n\n\n<p><strong>- \u017burawica<\/strong><br>Andrzej Duda - 63,63% (4.190 voturi)<br>Rafa\u0142 Trzaskowski - 14,23 la sut\u0103 (937 voturi)<br>Szymon Ho\u0142ownia - 9,02% (594 voturi)<br>Krzysztof Bosak - 8,75% (576 voturi)<\/p>","protected":false},"excerpt":{"rendered":"<p>Andrzej Duda wygra\u0142 pierwsz\u0105 tur\u0119 wybor\u00f3w prezydenckich, zdobywaj\u0105c\u00a0 43,5 proc. g\u0142os\u00f3w. Kolejny wynik \u2013 30,46 nale\u017cy do Rafa\u0142a Trzaskowskiego. \u00a0Gdyby wybory odbywa\u0142y si\u0119 tylko na Podkarpaciu, druga tura nie by\u0142aby konieczna \u2013 prezydent zdoby\u0142 tu 61,69 proc. g\u0142os\u00f3w (o 10 proc. wi\u0119cej ni\u017c w pierwszej turze 2015 roku), a w drugiej turze \u2013 71,39 proc. [&hellip;]<\/p>","protected":false},"author":17,"featured_media":19361,"comment_status":"open","ping_status":"open","sticky":false,"template":"","format":"standard","meta":{"ngg_post_thumbnail":0,"footnotes":""},"categories":[49,82,3],"tags":[],"class_list":["post-19354","post","type-post","status-publish","format-standard","has-post-thumbnail","hentry","category-podkarpacie","category-prawo-i-sprawiedliwosc","category-wydarzenia"],"yoast_head":"<!-- This site is optimized with the Yoast SEO plugin v24.7 - https:\/\/yoast.com\/wordpress\/plugins\/seo\/ -->\n<title>Mimo ogromnych przeszk\u00f3d Podkarpacie wci\u0105\u017c wierne! Duda zdobywa tu ponad 60 proc. g\u0142os\u00f3w &#8211; Marek Kuchci\u0144ski<\/title>\n<meta name=\"robots\" content=\"index, follow, max-snippet:-1, max-image-preview:large, max-video-preview:-1\" \/>\n<link rel=\"canonical\" href=\"https:\/\/marekkuchcinski.pl\/ro\/wydarzenia\/mimo-ogromnych-przeszkod-podkarpacie-zawsze-wierne-duda-zdobywa-tu-ponad-60-proc-glosow\/\" \/>\n<meta property=\"og:locale\" content=\"ro_RO\" \/>\n<meta property=\"og:type\" content=\"article\" \/>\n<meta property=\"og:title\" content=\"Mimo ogromnych przeszk\u00f3d Podkarpacie wci\u0105\u017c wierne! Duda zdobywa tu ponad 60 proc. g\u0142os\u00f3w &#8211; Marek Kuchci\u0144ski\" \/>\n<meta property=\"og:description\" content=\"Andrzej Duda wygra\u0142 pierwsz\u0105 tur\u0119 wybor\u00f3w prezydenckich, zdobywaj\u0105c\u00a0 43,5 proc. g\u0142os\u00f3w. Kolejny wynik \u2013 30,46 nale\u017cy do Rafa\u0142a Trzaskowskiego. \u00a0Gdyby wybory odbywa\u0142y si\u0119 tylko na Podkarpaciu, druga tura nie by\u0142aby konieczna \u2013 prezydent zdoby\u0142 tu 61,69 proc. g\u0142os\u00f3w (o 10 proc. wi\u0119cej ni\u017c w pierwszej turze 2015 roku), a w drugiej turze \u2013 71,39 proc. [&hellip;]\" \/>\n<meta property=\"og:url\" content=\"https:\/\/marekkuchcinski.pl\/ro\/wydarzenia\/mimo-ogromnych-przeszkod-podkarpacie-zawsze-wierne-duda-zdobywa-tu-ponad-60-proc-glosow\/\" \/>\n<meta property=\"og:site_name\" content=\"Marek Kuchci\u0144ski\" \/>\n<meta property=\"article:published_time\" content=\"2020-06-29T14:47:00+00:00\" \/>\n<meta property=\"article:modified_time\" content=\"2020-07-17T14:51:01+00:00\" \/>\n<meta property=\"og:image\" content=\"https:\/\/marekkuchcinski.pl\/wp-content\/uploads\/2020\/07\/ad-w2-1536x10242-1.jpg\" \/>\n\t<meta property=\"og:image:width\" content=\"1533\" \/>\n\t<meta property=\"og:image:height\" content=\"797\" \/>\n\t<meta property=\"og:image:type\" content=\"image\/jpeg\" \/>\n<meta name=\"author\" content=\"Tomasz \u0141acina\" \/>\n<meta name=\"twitter:card\" content=\"summary_large_image\" \/>\n<meta name=\"twitter:label1\" content=\"Scris de\" \/>\n\t<meta name=\"twitter:data1\" content=\"Tomasz \u0141acina\" \/>\n\t<meta name=\"twitter:label2\" content=\"Timp estimat pentru citire\" \/>\n\t<meta name=\"twitter:data2\" content=\"3 minutes\" \/>\n<script type=\"application\/ld+json\" class=\"yoast-schema-graph\">{\"@context\":\"https:\/\/schema.org\",\"@graph\":[{\"@type\":\"Article\",\"@id\":\"https:\/\/marekkuchcinski.pl\/wydarzenia\/mimo-ogromnych-przeszkod-podkarpacie-zawsze-wierne-duda-zdobywa-tu-ponad-60-proc-glosow\/#article\",\"isPartOf\":{\"@id\":\"https:\/\/marekkuchcinski.pl\/wydarzenia\/mimo-ogromnych-przeszkod-podkarpacie-zawsze-wierne-duda-zdobywa-tu-ponad-60-proc-glosow\/\"},\"author\":{\"name\":\"Tomasz \u0141acina\",\"@id\":\"https:\/\/marekkuchcinski.pl\/#\/schema\/person\/b8a29fe7813098f7be78801d029910a7\"},\"headline\":\"Mimo ogromnych przeszk\u00f3d Podkarpacie wci\u0105\u017c wierne! Duda zdobywa tu ponad 60 proc. g\u0142os\u00f3w\",\"datePublished\":\"2020-06-29T14:47:00+00:00\",\"dateModified\":\"2020-07-17T14:51:01+00:00\",\"mainEntityOfPage\":{\"@id\":\"https:\/\/marekkuchcinski.pl\/wydarzenia\/mimo-ogromnych-przeszkod-podkarpacie-zawsze-wierne-duda-zdobywa-tu-ponad-60-proc-glosow\/\"},\"wordCount\":591,\"commentCount\":0,\"publisher\":{\"@id\":\"https:\/\/marekkuchcinski.pl\/#organization\"},\"image\":{\"@id\":\"https:\/\/marekkuchcinski.pl\/wydarzenia\/mimo-ogromnych-przeszkod-podkarpacie-zawsze-wierne-duda-zdobywa-tu-ponad-60-proc-glosow\/#primaryimage\"},\"thumbnailUrl\":\"https:\/\/marekkuchcinski.pl\/wp-content\/uploads\/2020\/07\/ad-w2-1536x10242-1.jpg\",\"articleSection\":[\"Podkarpacie\",\"Prawo i Sprawiedliwo\u015b\u0107\",\"Wydarzenia\"],\"inLanguage\":\"ro-RO\",\"potentialAction\":[{\"@type\":\"CommentAction\",\"name\":\"Comment\",\"target\":[\"https:\/\/marekkuchcinski.pl\/wydarzenia\/mimo-ogromnych-przeszkod-podkarpacie-zawsze-wierne-duda-zdobywa-tu-ponad-60-proc-glosow\/#respond\"]}]},{\"@type\":\"WebPage\",\"@id\":\"https:\/\/marekkuchcinski.pl\/wydarzenia\/mimo-ogromnych-przeszkod-podkarpacie-zawsze-wierne-duda-zdobywa-tu-ponad-60-proc-glosow\/\",\"url\":\"https:\/\/marekkuchcinski.pl\/wydarzenia\/mimo-ogromnych-przeszkod-podkarpacie-zawsze-wierne-duda-zdobywa-tu-ponad-60-proc-glosow\/\",\"name\":\"Mimo ogromnych przeszk\u00f3d Podkarpacie wci\u0105\u017c wierne! Duda zdobywa tu ponad 60 proc. g\u0142os\u00f3w &#8211; Marek Kuchci\u0144ski\",\"isPartOf\":{\"@id\":\"https:\/\/marekkuchcinski.pl\/#website\"},\"primaryImageOfPage\":{\"@id\":\"https:\/\/marekkuchcinski.pl\/wydarzenia\/mimo-ogromnych-przeszkod-podkarpacie-zawsze-wierne-duda-zdobywa-tu-ponad-60-proc-glosow\/#primaryimage\"},\"image\":{\"@id\":\"https:\/\/marekkuchcinski.pl\/wydarzenia\/mimo-ogromnych-przeszkod-podkarpacie-zawsze-wierne-duda-zdobywa-tu-ponad-60-proc-glosow\/#primaryimage\"},\"thumbnailUrl\":\"https:\/\/marekkuchcinski.pl\/wp-content\/uploads\/2020\/07\/ad-w2-1536x10242-1.jpg\",\"datePublished\":\"2020-06-29T14:47:00+00:00\",\"dateModified\":\"2020-07-17T14:51:01+00:00\",\"breadcrumb\":{\"@id\":\"https:\/\/marekkuchcinski.pl\/wydarzenia\/mimo-ogromnych-przeszkod-podkarpacie-zawsze-wierne-duda-zdobywa-tu-ponad-60-proc-glosow\/#breadcrumb\"},\"inLanguage\":\"ro-RO\",\"potentialAction\":[{\"@type\":\"ReadAction\",\"target\":[\"https:\/\/marekkuchcinski.pl\/wydarzenia\/mimo-ogromnych-przeszkod-podkarpacie-zawsze-wierne-duda-zdobywa-tu-ponad-60-proc-glosow\/\"]}]},{\"@type\":\"ImageObject\",\"inLanguage\":\"ro-RO\",\"@id\":\"https:\/\/marekkuchcinski.pl\/wydarzenia\/mimo-ogromnych-przeszkod-podkarpacie-zawsze-wierne-duda-zdobywa-tu-ponad-60-proc-glosow\/#primaryimage\",\"url\":\"https:\/\/marekkuchcinski.pl\/wp-content\/uploads\/2020\/07\/ad-w2-1536x10242-1.jpg\",\"contentUrl\":\"https:\/\/marekkuchcinski.pl\/wp-content\/uploads\/2020\/07\/ad-w2-1536x10242-1.jpg\",\"width\":1533,\"height\":797},{\"@type\":\"BreadcrumbList\",\"@id\":\"https:\/\/marekkuchcinski.pl\/wydarzenia\/mimo-ogromnych-przeszkod-podkarpacie-zawsze-wierne-duda-zdobywa-tu-ponad-60-proc-glosow\/#breadcrumb\",\"itemListElement\":[{\"@type\":\"ListItem\",\"position\":1,\"name\":\"Strona g\u0142\u00f3wna\",\"item\":\"https:\/\/marekkuchcinski.pl\/\"},{\"@type\":\"ListItem\",\"position\":2,\"name\":\"Mimo ogromnych przeszk\u00f3d Podkarpacie wci\u0105\u017c wierne! Duda zdobywa tu ponad 60 proc. g\u0142os\u00f3w\"}]},{\"@type\":\"WebSite\",\"@id\":\"https:\/\/marekkuchcinski.pl\/#website\",\"url\":\"https:\/\/marekkuchcinski.pl\/\",\"name\":\"Marek Kuchci\u0144ski\",\"description\":\"Pose\u0142 na sejm RP &ndash; okr\u0119g nr 22\",\"publisher\":{\"@id\":\"https:\/\/marekkuchcinski.pl\/#organization\"},\"potentialAction\":[{\"@type\":\"SearchAction\",\"target\":{\"@type\":\"EntryPoint\",\"urlTemplate\":\"https:\/\/marekkuchcinski.pl\/?s={search_term_string}\"},\"query-input\":{\"@type\":\"PropertyValueSpecification\",\"valueRequired\":true,\"valueName\":\"search_term_string\"}}],\"inLanguage\":\"ro-RO\"},{\"@type\":\"Organization\",\"@id\":\"https:\/\/marekkuchcinski.pl\/#organization\",\"name\":\"Marek Kuchci\u0144ski\",\"url\":\"https:\/\/marekkuchcinski.pl\/\",\"logo\":{\"@type\":\"ImageObject\",\"inLanguage\":\"ro-RO\",\"@id\":\"https:\/\/marekkuchcinski.pl\/#\/schema\/logo\/image\/\",\"url\":\"https:\/\/marekkuchcinski.pl\/wp-content\/uploads\/2022\/09\/Marek.jpg\",\"contentUrl\":\"https:\/\/marekkuchcinski.pl\/wp-content\/uploads\/2022\/09\/Marek.jpg\",\"width\":1600,\"height\":971,\"caption\":\"Marek Kuchci\u0144ski\"},\"image\":{\"@id\":\"https:\/\/marekkuchcinski.pl\/#\/schema\/logo\/image\/\"}},{\"@type\":\"Person\",\"@id\":\"https:\/\/marekkuchcinski.pl\/#\/schema\/person\/b8a29fe7813098f7be78801d029910a7\",\"name\":\"Tomasz \u0141acina\",\"image\":{\"@type\":\"ImageObject\",\"inLanguage\":\"ro-RO\",\"@id\":\"https:\/\/marekkuchcinski.pl\/#\/schema\/person\/image\/\",\"url\":\"https:\/\/secure.gravatar.com\/avatar\/22e75f6c51aff77a676ed77dd222f852?s=96&d=mm&r=g\",\"contentUrl\":\"https:\/\/secure.gravatar.com\/avatar\/22e75f6c51aff77a676ed77dd222f852?s=96&d=mm&r=g\",\"caption\":\"Tomasz \u0141acina\"},\"url\":\"https:\/\/marekkuchcinski.pl\/ro\/author\/tomek-lacina\/\"}]}<\/script>\n<!-- \/ Yoast SEO plugin. -->","yoast_head_json":{"title":"Mimo ogromnych przeszk\u00f3d Podkarpacie wci\u0105\u017c wierne! Duda zdobywa tu ponad 60 proc. g\u0142os\u00f3w &#8211; Marek Kuchci\u0144ski","robots":{"index":"index","follow":"follow","max-snippet":"max-snippet:-1","max-image-preview":"max-image-preview:large","max-video-preview":"max-video-preview:-1"},"canonical":"https:\/\/marekkuchcinski.pl\/ro\/wydarzenia\/mimo-ogromnych-przeszkod-podkarpacie-zawsze-wierne-duda-zdobywa-tu-ponad-60-proc-glosow\/","og_locale":"ro_RO","og_type":"article","og_title":"Mimo ogromnych przeszk\u00f3d Podkarpacie wci\u0105\u017c wierne! Duda zdobywa tu ponad 60 proc. g\u0142os\u00f3w &#8211; Marek Kuchci\u0144ski","og_description":"Andrzej Duda wygra\u0142 pierwsz\u0105 tur\u0119 wybor\u00f3w prezydenckich, zdobywaj\u0105c\u00a0 43,5 proc. g\u0142os\u00f3w. Kolejny wynik \u2013 30,46 nale\u017cy do Rafa\u0142a Trzaskowskiego. \u00a0Gdyby wybory odbywa\u0142y si\u0119 tylko na Podkarpaciu, druga tura nie by\u0142aby konieczna \u2013 prezydent zdoby\u0142 tu 61,69 proc. g\u0142os\u00f3w (o 10 proc. wi\u0119cej ni\u017c w pierwszej turze 2015 roku), a w drugiej turze \u2013 71,39 proc. [&hellip;]","og_url":"https:\/\/marekkuchcinski.pl\/ro\/wydarzenia\/mimo-ogromnych-przeszkod-podkarpacie-zawsze-wierne-duda-zdobywa-tu-ponad-60-proc-glosow\/","og_site_name":"Marek Kuchci\u0144ski","article_published_time":"2020-06-29T14:47:00+00:00","article_modified_time":"2020-07-17T14:51:01+00:00","og_image":[{"width":1533,"height":797,"url":"https:\/\/marekkuchcinski.pl\/wp-content\/uploads\/2020\/07\/ad-w2-1536x10242-1.jpg","type":"image\/jpeg"}],"author":"Tomasz \u0141acina","twitter_card":"summary_large_image","twitter_misc":{"Scris de":"Tomasz \u0141acina","Timp estimat pentru citire":"3 minutes"},"schema":{"@context":"https:\/\/schema.org","@graph":[{"@type":"Article","@id":"https:\/\/marekkuchcinski.pl\/wydarzenia\/mimo-ogromnych-przeszkod-podkarpacie-zawsze-wierne-duda-zdobywa-tu-ponad-60-proc-glosow\/#article","isPartOf":{"@id":"https:\/\/marekkuchcinski.pl\/wydarzenia\/mimo-ogromnych-przeszkod-podkarpacie-zawsze-wierne-duda-zdobywa-tu-ponad-60-proc-glosow\/"},"author":{"name":"Tomasz \u0141acina","@id":"https:\/\/marekkuchcinski.pl\/#\/schema\/person\/b8a29fe7813098f7be78801d029910a7"},"headline":"Mimo ogromnych przeszk\u00f3d Podkarpacie wci\u0105\u017c wierne! Duda zdobywa tu ponad 60 proc. g\u0142os\u00f3w","datePublished":"2020-06-29T14:47:00+00:00","dateModified":"2020-07-17T14:51:01+00:00","mainEntityOfPage":{"@id":"https:\/\/marekkuchcinski.pl\/wydarzenia\/mimo-ogromnych-przeszkod-podkarpacie-zawsze-wierne-duda-zdobywa-tu-ponad-60-proc-glosow\/"},"wordCount":591,"commentCount":0,"publisher":{"@id":"https:\/\/marekkuchcinski.pl\/#organization"},"image":{"@id":"https:\/\/marekkuchcinski.pl\/wydarzenia\/mimo-ogromnych-przeszkod-podkarpacie-zawsze-wierne-duda-zdobywa-tu-ponad-60-proc-glosow\/#primaryimage"},"thumbnailUrl":"https:\/\/marekkuchcinski.pl\/wp-content\/uploads\/2020\/07\/ad-w2-1536x10242-1.jpg","articleSection":["Podkarpacie","Prawo i Sprawiedliwo\u015b\u0107","Wydarzenia"],"inLanguage":"ro-RO","potentialAction":[{"@type":"CommentAction","name":"Comment","target":["https:\/\/marekkuchcinski.pl\/wydarzenia\/mimo-ogromnych-przeszkod-podkarpacie-zawsze-wierne-duda-zdobywa-tu-ponad-60-proc-glosow\/#respond"]}]},{"@type":"WebPage","@id":"https:\/\/marekkuchcinski.pl\/wydarzenia\/mimo-ogromnych-przeszkod-podkarpacie-zawsze-wierne-duda-zdobywa-tu-ponad-60-proc-glosow\/","url":"https:\/\/marekkuchcinski.pl\/wydarzenia\/mimo-ogromnych-przeszkod-podkarpacie-zawsze-wierne-duda-zdobywa-tu-ponad-60-proc-glosow\/","name":"Mimo ogromnych przeszk\u00f3d Podkarpacie wci\u0105\u017c wierne! Duda zdobywa tu ponad 60 proc. g\u0142os\u00f3w &#8211; Marek Kuchci\u0144ski","isPartOf":{"@id":"https:\/\/marekkuchcinski.pl\/#website"},"primaryImageOfPage":{"@id":"https:\/\/marekkuchcinski.pl\/wydarzenia\/mimo-ogromnych-przeszkod-podkarpacie-zawsze-wierne-duda-zdobywa-tu-ponad-60-proc-glosow\/#primaryimage"},"image":{"@id":"https:\/\/marekkuchcinski.pl\/wydarzenia\/mimo-ogromnych-przeszkod-podkarpacie-zawsze-wierne-duda-zdobywa-tu-ponad-60-proc-glosow\/#primaryimage"},"thumbnailUrl":"https:\/\/marekkuchcinski.pl\/wp-content\/uploads\/2020\/07\/ad-w2-1536x10242-1.jpg","datePublished":"2020-06-29T14:47:00+00:00","dateModified":"2020-07-17T14:51:01+00:00","breadcrumb":{"@id":"https:\/\/marekkuchcinski.pl\/wydarzenia\/mimo-ogromnych-przeszkod-podkarpacie-zawsze-wierne-duda-zdobywa-tu-ponad-60-proc-glosow\/#breadcrumb"},"inLanguage":"ro-RO","potentialAction":[{"@type":"ReadAction","target":["https:\/\/marekkuchcinski.pl\/wydarzenia\/mimo-ogromnych-przeszkod-podkarpacie-zawsze-wierne-duda-zdobywa-tu-ponad-60-proc-glosow\/"]}]},{"@type":"ImageObject","inLanguage":"ro-RO","@id":"https:\/\/marekkuchcinski.pl\/wydarzenia\/mimo-ogromnych-przeszkod-podkarpacie-zawsze-wierne-duda-zdobywa-tu-ponad-60-proc-glosow\/#primaryimage","url":"https:\/\/marekkuchcinski.pl\/wp-content\/uploads\/2020\/07\/ad-w2-1536x10242-1.jpg","contentUrl":"https:\/\/marekkuchcinski.pl\/wp-content\/uploads\/2020\/07\/ad-w2-1536x10242-1.jpg","width":1533,"height":797},{"@type":"BreadcrumbList","@id":"https:\/\/marekkuchcinski.pl\/wydarzenia\/mimo-ogromnych-przeszkod-podkarpacie-zawsze-wierne-duda-zdobywa-tu-ponad-60-proc-glosow\/#breadcrumb","itemListElement":[{"@type":"ListItem","position":1,"name":"Strona g\u0142\u00f3wna","item":"https:\/\/marekkuchcinski.pl\/"},{"@type":"ListItem","position":2,"name":"Mimo ogromnych przeszk\u00f3d Podkarpacie wci\u0105\u017c wierne! Duda zdobywa tu ponad 60 proc. g\u0142os\u00f3w"}]},{"@type":"WebSite","@id":"https:\/\/marekkuchcinski.pl\/#website","url":"https:\/\/marekkuchcinski.pl\/","name":"Marek Kuchci\u0144ski","description":"Pose\u0142 na sejm RP &ndash; okr\u0119g nr 22","publisher":{"@id":"https:\/\/marekkuchcinski.pl\/#organization"},"potentialAction":[{"@type":"SearchAction","target":{"@type":"EntryPoint","urlTemplate":"https:\/\/marekkuchcinski.pl\/?s={search_term_string}"},"query-input":{"@type":"PropertyValueSpecification","valueRequired":true,"valueName":"search_term_string"}}],"inLanguage":"ro-RO"},{"@type":"Organization","@id":"https:\/\/marekkuchcinski.pl\/#organization","name":"Marek Kuchci\u0144ski","url":"https:\/\/marekkuchcinski.pl\/","logo":{"@type":"ImageObject","inLanguage":"ro-RO","@id":"https:\/\/marekkuchcinski.pl\/#\/schema\/logo\/image\/","url":"https:\/\/marekkuchcinski.pl\/wp-content\/uploads\/2022\/09\/Marek.jpg","contentUrl":"https:\/\/marekkuchcinski.pl\/wp-content\/uploads\/2022\/09\/Marek.jpg","width":1600,"height":971,"caption":"Marek Kuchci\u0144ski"},"image":{"@id":"https:\/\/marekkuchcinski.pl\/#\/schema\/logo\/image\/"}},{"@type":"Person","@id":"https:\/\/marekkuchcinski.pl\/#\/schema\/person\/b8a29fe7813098f7be78801d029910a7","name":"Tomasz \u0141acina","image":{"@type":"ImageObject","inLanguage":"ro-RO","@id":"https:\/\/marekkuchcinski.pl\/#\/schema\/person\/image\/","url":"https:\/\/secure.gravatar.com\/avatar\/22e75f6c51aff77a676ed77dd222f852?s=96&d=mm&r=g","contentUrl":"https:\/\/secure.gravatar.com\/avatar\/22e75f6c51aff77a676ed77dd222f852?s=96&d=mm&r=g","caption":"Tomasz \u0141acina"},"url":"https:\/\/marekkuchcinski.pl\/ro\/author\/tomek-lacina\/"}]}},"_links":{"self":[{"href":"https:\/\/marekkuchcinski.pl\/ro\/wp-json\/wp\/v2\/posts\/19354","targetHints":{"allow":["GET"]}}],"collection":[{"href":"https:\/\/marekkuchcinski.pl\/ro\/wp-json\/wp\/v2\/posts"}],"about":[{"href":"https:\/\/marekkuchcinski.pl\/ro\/wp-json\/wp\/v2\/types\/post"}],"author":[{"embeddable":true,"href":"https:\/\/marekkuchcinski.pl\/ro\/wp-json\/wp\/v2\/users\/17"}],"replies":[{"embeddable":true,"href":"https:\/\/marekkuchcinski.pl\/ro\/wp-json\/wp\/v2\/comments?post=19354"}],"version-history":[{"count":2,"href":"https:\/\/marekkuchcinski.pl\/ro\/wp-json\/wp\/v2\/posts\/19354\/revisions"}],"predecessor-version":[{"id":19362,"href":"https:\/\/marekkuchcinski.pl\/ro\/wp-json\/wp\/v2\/posts\/19354\/revisions\/19362"}],"wp:featuredmedia":[{"embeddable":true,"href":"https:\/\/marekkuchcinski.pl\/ro\/wp-json\/wp\/v2\/media\/19361"}],"wp:attachment":[{"href":"https:\/\/marekkuchcinski.pl\/ro\/wp-json\/wp\/v2\/media?parent=19354"}],"wp:term":[{"taxonomy":"category","embeddable":true,"href":"https:\/\/marekkuchcinski.pl\/ro\/wp-json\/wp\/v2\/categories?post=19354"},{"taxonomy":"post_tag","embeddable":true,"href":"https:\/\/marekkuchcinski.pl\/ro\/wp-json\/wp\/v2\/tags?post=19354"}],"curies":[{"name":"wp","href":"https:\/\/api.w.org\/{rel}","templated":true}]}}